{"id":103013,"date":"2019-10-18T23:57:58","date_gmt":"2019-10-18T21:57:58","guid":{"rendered":"http:\/\/www.radiopiu.net\/wordpress\/?p=103013"},"modified":"2019-10-19T06:02:19","modified_gmt":"2019-10-19T04:02:19","slug":"calvario-di-sappada-nel-ricordo-di-un-soldato-e-di-una-battaglia-di-renato-bona","status":"publish","type":"post","link":"https:\/\/www.radiopiu.net\/wordpress\/calvario-di-sappada-nel-ricordo-di-un-soldato-e-di-una-battaglia-di-renato-bona\/","title":{"rendered":"CALVARIO DI SAPPADA NEL RICORDO DI UN SOLDATO E DI UNA BATTAGLIA di RENATO BONA"},"content":{"rendered":"<p>Lo storico bellunese Giuseppe Fontana ha stampato nel settembre 1960, per i tipi della feltrina \u201cPanfilo Castaldi, il sussidio per lo studio dell\u2019ambiente nelle scuole elementari, intitolato \u201cLa provincia di Belluno\u201d in cui ha trattato di\u2026 quasi tutto! In appendice, il capitolo \u201cSantuari e conventi\u201d dedica poche righe per illustrare \u201cIl monte Calvario di Sappada\u201d (con un sentiero spirituale che si snoda dalla Borgata M\u00fchlbach percorre le vie del comune e incontra 14 cappelline delle stazioni che conducono alla chiesetta del Calvario dove si elevano le tre croci del Golgotha) e si pu\u00f2 leggere: \u201cSi racconta che al tempo delle guerre napoleoniche un cacciatore di Sappada, Pietro Kratter, fosse causa involontaria di una sanguinosa battaglia combattuta fra due reparti degli eserciti contrapposti. Il dolore provato per quella strage lo spinse fino all\u2019Arcivescovo che lo prosciolse da ogni colpa e solo alle insistenti offerte del Kratter lo consigli\u00f2 di erigere una cappella. Il cacciatore non si dette pace: costru\u00ec una chiesetta su un\u2019altura e sulle pendici apr\u00ec una stradicciola erta e sassosa ponendo ai lati tante cappelline. La Via Crucis era fatta ed il monte con la chiesetta di chiam\u00f2 Calvario\u201d. Proprio come la collina, famosa nel mondo intero, che la libera enciclopedia Wikipedia ricorda che, secondo tradizione, \u201c \u00e8 appena fuori dalle mura di Gerusalemme del tempo di Ges\u00f9, a nord-ovest, ma all&#8217;interno dell&#8217;attuale citt\u00e0 vecchia (in epoche pi\u00f9 recenti le mura vennero spostate verso nord). Consiste in un rilievo roccioso di pochi metri, che attualmente \u00e8 inglobato all&#8217;interno della basilica del Santo Sepolcro, in particolare la Cappella della Crocifissione, gestita dai Frati Minori della Custodia di Terra Santa, e la Cappella della Morte, dei greci ortodossi. Esse furono costruite rialzando di alcuni metri, in modo da ricoprire e racchiudere la roccia, che \u00e8 visibile in parte attraverso un vetro e si pu\u00f2 toccare infilando la mano in un foro nel pavimento sotto l&#8217;altare eretto sulla sua sommit\u00e0, in quello che si ritiene il punto esatto dove Ges\u00f9 fu crocifisso. Nella parte sinistra della chiesa invece, a poche decine di metri, si trova il sepolcro dove Ges\u00f9 fu deposto\u201d. Wikipedia si sofferma poi su un secondo luogo, pi\u00f9 settentrionale, che \u201cFu suggerito dai protestanti nell&#8217;Ottocento, perch\u00e9 le rocce assomigliano ad un teschio. Anche questo luogo \u00e8 vicino ad un&#8217;antica tomba, nota come Tomba del Giardino. A sostegno dell&#8217;ipotesi che questo possa essere il G\u00f2lgota o luogo del Cranio viene portato il fatto che questa montagnola \u00e8 situata immediatamente fuori delle mura di Gerusalemme, sul lato e la cima di questo luogo, dove sarebbe stata posta la croce, \u00e8 ben visibile dall&#8217;interno della citt\u00e0. I Romani infatti, (ricordiamo infatti che Gerusalemme e tutta la Giudea era all&#8217;epoca parte dell&#8217;Impero romano e che Ges\u00f9 fu condannato e giustiziato dai romani) usavano crocifiggere in luoghi alti e ben visibili a tutti\u201d.<\/p>\n<p><a class=\"dt-pswp-item\" href=\"http:\/\/www.radiopiu.net\/wordpress\/wp-content\/uploads\/2019\/10\/74601168_490633838188402_5343274641500667904_n.jpg\" data-dt-img-description=\"\" data-large_image_width=\"318\" data-large_image_height=\"346\"><img loading=\"lazy\" decoding=\"async\" class=\"alignnone  wp-image-103015\" src=\"http:\/\/www.radiopiu.net\/wordpress\/wp-content\/uploads\/2019\/10\/74601168_490633838188402_5343274641500667904_n-276x300.jpg\" alt=\"\" width=\"191\" height=\"208\" srcset=\"https:\/\/www.radiopiu.net\/wordpress\/wp-content\/uploads\/2019\/10\/74601168_490633838188402_5343274641500667904_n-276x300.jpg 276w, https:\/\/www.radiopiu.net\/wordpress\/wp-content\/uploads\/2019\/10\/74601168_490633838188402_5343274641500667904_n.jpg 318w\" sizes=\"auto, (max-width: 191px) 100vw, 191px\" \/><\/a><a class=\"dt-pswp-item\" href=\"http:\/\/www.radiopiu.net\/wordpress\/wp-content\/uploads\/2019\/10\/72481682_460361317912403_4805785563447689216_n.jpg\" data-dt-img-description=\"\" data-large_image_width=\"750\" data-large_image_height=\"563\"><img loading=\"lazy\" decoding=\"async\" class=\"alignnone  wp-image-103016\" src=\"http:\/\/www.radiopiu.net\/wordpress\/wp-content\/uploads\/2019\/10\/72481682_460361317912403_4805785563447689216_n-300x225.jpg\" alt=\"\" width=\"283\" height=\"212\" srcset=\"https:\/\/www.radiopiu.net\/wordpress\/wp-content\/uploads\/2019\/10\/72481682_460361317912403_4805785563447689216_n-300x225.jpg 300w, https:\/\/www.radiopiu.net\/wordpress\/wp-content\/uploads\/2019\/10\/72481682_460361317912403_4805785563447689216_n.jpg 750w\" sizes=\"auto, (max-width: 283px) 100vw, 283px\" \/><\/a><a class=\"dt-pswp-item\" href=\"http:\/\/www.radiopiu.net\/wordpress\/wp-content\/uploads\/2019\/10\/73323844_531742227371148_2173998289299439616_n.jpg\" data-dt-img-description=\"\" data-large_image_width=\"260\" data-large_image_height=\"195\"><img loading=\"lazy\" decoding=\"async\" class=\"alignnone  wp-image-103018\" src=\"http:\/\/www.radiopiu.net\/wordpress\/wp-content\/uploads\/2019\/10\/73323844_531742227371148_2173998289299439616_n.jpg\" alt=\"\" width=\"283\" height=\"212\" \/><\/a><a class=\"dt-pswp-item\" href=\"http:\/\/www.radiopiu.net\/wordpress\/wp-content\/uploads\/2019\/10\/72970670_2343970079048717_3837359472871735296_n.jpg\" data-dt-img-description=\"\" data-large_image_width=\"2048\" data-large_image_height=\"1370\"><img loading=\"lazy\" decoding=\"async\" class=\"alignnone  wp-image-103017\" src=\"http:\/\/www.radiopiu.net\/wordpress\/wp-content\/uploads\/2019\/10\/72970670_2343970079048717_3837359472871735296_n-300x201.jpg\" alt=\"\" width=\"385\" height=\"258\" srcset=\"https:\/\/www.radiopiu.net\/wordpress\/wp-content\/uploads\/2019\/10\/72970670_2343970079048717_3837359472871735296_n-300x201.jpg 300w, https:\/\/www.radiopiu.net\/wordpress\/wp-content\/uploads\/2019\/10\/72970670_2343970079048717_3837359472871735296_n-768x514.jpg 768w, https:\/\/www.radiopiu.net\/wordpress\/wp-content\/uploads\/2019\/10\/72970670_2343970079048717_3837359472871735296_n-1024x685.jpg 1024w, https:\/\/www.radiopiu.net\/wordpress\/wp-content\/uploads\/2019\/10\/72970670_2343970079048717_3837359472871735296_n.jpg 2048w\" sizes=\"auto, (max-width: 385px) 100vw, 385px\" \/><\/a><a class=\"dt-pswp-item\" href=\"http:\/\/www.radiopiu.net\/wordpress\/wp-content\/uploads\/2019\/10\/72861419_2357085217885869_4873972275260424192_n.jpg\" data-dt-img-description=\"\" data-large_image_width=\"750\" data-large_image_height=\"647\"><img loading=\"lazy\" decoding=\"async\" class=\"alignnone size-medium wp-image-103014\" src=\"http:\/\/www.radiopiu.net\/wordpress\/wp-content\/uploads\/2019\/10\/72861419_2357085217885869_4873972275260424192_n-300x259.jpg\" alt=\"\" width=\"300\" height=\"259\" srcset=\"https:\/\/www.radiopiu.net\/wordpress\/wp-content\/uploads\/2019\/10\/72861419_2357085217885869_4873972275260424192_n-300x259.jpg 300w, https:\/\/www.radiopiu.net\/wordpress\/wp-content\/uploads\/2019\/10\/72861419_2357085217885869_4873972275260424192_n.jpg 750w\" sizes=\"auto, (max-width: 300px) 100vw, 300px\" \/><\/a><\/p>\n<p>&nbsp;<\/p>\n<p>NELLE FOTO (Wikipedia; Altedolomiti; riproduzione dal libro di Fontana): la Chiesetta e la via Crucis del Calvario di Sappada; l\u2019immagine datata della Via Crucis pubblicata da Fontana; Sommit\u00e0 del Calvario all\u2019interno della basilica del Santo Sepolcro a Gerusalemme; il Golgotha.<\/p>\n","protected":false},"excerpt":{"rendered":"<p>Lo storico bellunese Giuseppe Fontana ha stampato nel settembre 1960, per i tipi della feltrina \u201cPanfilo Castaldi, il sussidio per lo studio dell\u2019ambiente nelle scuole elementari, intitolato \u201cLa provincia di Belluno\u201d in cui ha trattato di\u2026 quasi tutto! In appendice, il capitolo \u201cSantuari e conventi\u201d dedica poche righe per illustrare \u201cIl monte Calvario di Sappada\u201d&hellip;<\/p>\n","protected":false},"author":1,"featured_media":103015,"comment_status":"closed","ping_status":"closed","sticky":false,"template":"","format":"standard","meta":{"_monsterinsights_skip_tracking":false,"_monsterinsights_sitenote_active":false,"_monsterinsights_sitenote_note":"","_monsterinsights_sitenote_category":0,"footnotes":""},"categories":[1,103,49],"tags":[],"class_list":["post-103013","post","type-post","status-publish","format-standard","has-post-thumbnail","hentry","category-senza-categoria","category-evidenza_2","category-news-18","category-1","category-103","category-49","description-off"],"img_url":"https:\/\/www.radiopiu.net\/wordpress\/wp-content\/uploads\/2019\/10\/74601168_490633838188402_5343274641500667904_n.jpg","_links":{"self":[{"href":"https:\/\/www.radiopiu.net\/wordpress\/wp-json\/wp\/v2\/posts\/103013","targetHints":{"allow":["GET"]}}],"collection":[{"href":"https:\/\/www.radiopiu.net\/wordpress\/wp-json\/wp\/v2\/posts"}],"about":[{"href":"https:\/\/www.radiopiu.net\/wordpress\/wp-json\/wp\/v2\/types\/post"}],"author":[{"embeddable":true,"href":"https:\/\/www.radiopiu.net\/wordpress\/wp-json\/wp\/v2\/users\/1"}],"replies":[{"embeddable":true,"href":"https:\/\/www.radiopiu.net\/wordpress\/wp-json\/wp\/v2\/comments?post=103013"}],"version-history":[{"count":0,"href":"https:\/\/www.radiopiu.net\/wordpress\/wp-json\/wp\/v2\/posts\/103013\/revisions"}],"wp:featuredmedia":[{"embeddable":true,"href":"https:\/\/www.radiopiu.net\/wordpress\/wp-json\/wp\/v2\/media\/103015"}],"wp:attachment":[{"href":"https:\/\/www.radiopiu.net\/wordpress\/wp-json\/wp\/v2\/media?parent=103013"}],"wp:term":[{"taxonomy":"category","embeddable":true,"href":"https:\/\/www.radiopiu.net\/wordpress\/wp-json\/wp\/v2\/categories?post=103013"},{"taxonomy":"post_tag","embeddable":true,"href":"https:\/\/www.radiopiu.net\/wordpress\/wp-json\/wp\/v2\/tags?post=103013"}],"curies":[{"name":"wp","href":"https:\/\/api.w.org\/{rel}","templated":true}]}}