{"id":103023,"date":"2019-10-19T05:15:38","date_gmt":"2019-10-19T03:15:38","guid":{"rendered":"http:\/\/www.radiopiu.net\/wordpress\/?p=103023"},"modified":"2019-10-19T05:15:38","modified_gmt":"2019-10-19T03:15:38","slug":"musla-moviment-de-union-e-standardisazion-linguistica-del-agordin","status":"publish","type":"post","link":"https:\/\/www.radiopiu.net\/wordpress\/musla-moviment-de-union-e-standardisazion-linguistica-del-agordin\/","title":{"rendered":"MUSLA &#8211; Moviment de Union e Standardisazion Linguistica del Agordin"},"content":{"rendered":"<h2><\/h2>\n<blockquote><p><em> Il MUSLA \u00e8 un movimento di sensibilizzazione linguistica rivolto agli abitanti dell&#8217;Agordino, un luogo dove portare dati e conoscenze e dove si auspica possano nascere discussioni e progetti concreti per salvaguardare le lingue del nostro territorio. Ci poniamo con spirito curioso e volenterosi di includere e promuovere tutte le varianti dei vari paesi, nonch\u00e9 di porre le basi per una futura standardizzazione in tre varianti (alto, centro e basso agordino), che riteniamo sia fondamentale per un&#8217;adeguata politica linguistica.<\/em><\/p><\/blockquote>\n<p><strong><a class=\"dt-pswp-item\" href=\"http:\/\/www.radiopiu.net\/wordpress\/wp-content\/uploads\/2019\/10\/69353602_2684389524928545_4678702124018696192_n.jpg\" data-dt-img-description=\"\" data-large_image_width=\"480\" data-large_image_height=\"480\"><img loading=\"lazy\" decoding=\"async\" class=\"wp-image-103022 alignleft\" src=\"http:\/\/www.radiopiu.net\/wordpress\/wp-content\/uploads\/2019\/10\/69353602_2684389524928545_4678702124018696192_n-300x300.jpg\" alt=\"\" width=\"172\" height=\"172\" srcset=\"https:\/\/www.radiopiu.net\/wordpress\/wp-content\/uploads\/2019\/10\/69353602_2684389524928545_4678702124018696192_n-300x300.jpg 300w, https:\/\/www.radiopiu.net\/wordpress\/wp-content\/uploads\/2019\/10\/69353602_2684389524928545_4678702124018696192_n-150x150.jpg 150w, https:\/\/www.radiopiu.net\/wordpress\/wp-content\/uploads\/2019\/10\/69353602_2684389524928545_4678702124018696192_n.jpg 480w\" sizes=\"auto, (max-width: 172px) 100vw, 172px\" \/><\/a>NICOLA CASSISI <\/strong>Su Facebook ha preso vita in questi giorni il progetto MUSLA &#8220;Moviment de Union e Standardisazion Linguistica del Agordin&#8221;, pensato e organizzato da tre giovani che hanno unito le proprie passioni allo studio accademico, messo insieme esperienze di vita in loco e fuori. Siamo noi, ma siete anche e soprattutto VOI. Un movimento di sensibilizzazione linguistica rivolto agli abitanti dell&#8217;agordino, un luogo dove portare dati e conoscenze su quello che chiamiamo ladino-agordino, la nostra lingua, e dove si auspica possano nascere discussioni e progetti concreti.Verranno in particolare esposte nozioni di linguistica sui dialetti ladini della nostra vallata, con le loro similarit\u00e0 e differenze, in un&#8217;ottica inclusiva, oltre che a portare sul web l&#8217;uso della grafia unificata ladina anche per l&#8217;Agordino<\/p>\n<p><strong><a class=\"dt-pswp-item\" href=\"http:\/\/www.radiopiu.net\/wordpress\/wp-content\/uploads\/2019\/10\/72246002_137149094349217_5719088677947179008_n.jpg\" data-dt-img-description=\"\" data-large_image_width=\"458\" data-large_image_height=\"459\"><img loading=\"lazy\" decoding=\"async\" class=\"wp-image-103020 alignleft\" src=\"http:\/\/www.radiopiu.net\/wordpress\/wp-content\/uploads\/2019\/10\/72246002_137149094349217_5719088677947179008_n-300x300.jpg\" alt=\"\" width=\"159\" height=\"159\" srcset=\"https:\/\/www.radiopiu.net\/wordpress\/wp-content\/uploads\/2019\/10\/72246002_137149094349217_5719088677947179008_n-300x300.jpg 300w, https:\/\/www.radiopiu.net\/wordpress\/wp-content\/uploads\/2019\/10\/72246002_137149094349217_5719088677947179008_n-150x150.jpg 150w, https:\/\/www.radiopiu.net\/wordpress\/wp-content\/uploads\/2019\/10\/72246002_137149094349217_5719088677947179008_n.jpg 458w\" sizes=\"auto, (max-width: 159px) 100vw, 159px\" \/><\/a>DAVIDE CONEDERA<\/strong> Ma l&#8217;obbiettivo pi\u00f9 importante del gruppo \u00e8 quello di, mano a mano porre le basi per una futura standardizzazione di tre varianti (ladin agordin aut, zenter e bas). Riteniamo ci\u00f2 fondamentale per un&#8217;adeguata politica linguistica, come \u00e8 stato portata a termine in moltissime altre parti del mondo, in previsione di una concreta attuazione e messa in pratica della legge 482\/99 in tutela delle minoranze linguistiche, compresa quella ladina in provincia di Belluno comprendente Agordino con Livinallongo, Zoldo, Cadore con Comelico e Ampezzo. Reale ed efficace salvaguardia di una minoranza linguistica significa infatti soprattutto utilizzo ed incentivo della lingua nell&#8217;amministrazione pubblica e nell&#8217;insegnamento a scuola, ossia nel presente e nel futuro della lingua, e ci\u00f2 \u00e8 proprio quello che prevede la legge ma, purtroppo, a 20 anni dalla sua approvazione, in Agordino la sua applicazione \u00e8 ancora quasi inesistente. Cercate quindi &#8220;MUSLA&#8221; e con spirito curioso, critico e propositivo<br \/>\nsiete tutti invitati ad iscrivervi e a spargere la voce! Questa \u00e8 la nostra occasione di rendere la nostra lingua viva!<\/p>\n<p><strong>LA NUOVA PAGINA FACEBOOK<\/strong>, <a href=\"https:\/\/www.facebook.com\/groups\/395316224475304\/\">CLICCA QUI\u00a0<\/a><\/p>\n<p>&nbsp;<\/p>\n","protected":false},"excerpt":{"rendered":"<p>Il MUSLA \u00e8 un movimento di sensibilizzazione linguistica rivolto agli abitanti dell&#8217;Agordino, un luogo dove portare dati e conoscenze e dove si auspica possano nascere discussioni e progetti concreti per salvaguardare le lingue del nostro territorio. Ci poniamo con spirito curioso e volenterosi di includere e promuovere tutte le varianti dei vari paesi, nonch\u00e9 di&hellip;<\/p>\n","protected":false},"author":1,"featured_media":103024,"comment_status":"closed","ping_status":"closed","sticky":false,"template":"","format":"standard","meta":{"_monsterinsights_skip_tracking":false,"_monsterinsights_sitenote_active":false,"_monsterinsights_sitenote_note":"","_monsterinsights_sitenote_category":0,"footnotes":""},"categories":[104,49],"tags":[],"class_list":["post-103023","post","type-post","status-publish","format-standard","has-post-thumbnail","hentry","category-evidenza_3","category-news-18","category-104","category-49","description-off"],"img_url":"https:\/\/www.radiopiu.net\/wordpress\/wp-content\/uploads\/2019\/10\/72941019_2778413005526196_4951055779898589184_n.jpg","_links":{"self":[{"href":"https:\/\/www.radiopiu.net\/wordpress\/wp-json\/wp\/v2\/posts\/103023","targetHints":{"allow":["GET"]}}],"collection":[{"href":"https:\/\/www.radiopiu.net\/wordpress\/wp-json\/wp\/v2\/posts"}],"about":[{"href":"https:\/\/www.radiopiu.net\/wordpress\/wp-json\/wp\/v2\/types\/post"}],"author":[{"embeddable":true,"href":"https:\/\/www.radiopiu.net\/wordpress\/wp-json\/wp\/v2\/users\/1"}],"replies":[{"embeddable":true,"href":"https:\/\/www.radiopiu.net\/wordpress\/wp-json\/wp\/v2\/comments?post=103023"}],"version-history":[{"count":0,"href":"https:\/\/www.radiopiu.net\/wordpress\/wp-json\/wp\/v2\/posts\/103023\/revisions"}],"wp:featuredmedia":[{"embeddable":true,"href":"https:\/\/www.radiopiu.net\/wordpress\/wp-json\/wp\/v2\/media\/103024"}],"wp:attachment":[{"href":"https:\/\/www.radiopiu.net\/wordpress\/wp-json\/wp\/v2\/media?parent=103023"}],"wp:term":[{"taxonomy":"category","embeddable":true,"href":"https:\/\/www.radiopiu.net\/wordpress\/wp-json\/wp\/v2\/categories?post=103023"},{"taxonomy":"post_tag","embeddable":true,"href":"https:\/\/www.radiopiu.net\/wordpress\/wp-json\/wp\/v2\/tags?post=103023"}],"curies":[{"name":"wp","href":"https:\/\/api.w.org\/{rel}","templated":true}]}}