{"id":103082,"date":"2019-10-20T11:43:47","date_gmt":"2019-10-20T09:43:47","guid":{"rendered":"http:\/\/www.radiopiu.net\/wordpress\/?p=103082"},"modified":"2019-10-20T11:44:19","modified_gmt":"2019-10-20T09:44:19","slug":"lennesimo-incidente-nel-punto-nero-di-anzu","status":"publish","type":"post","link":"https:\/\/www.radiopiu.net\/wordpress\/lennesimo-incidente-nel-punto-nero-di-anzu\/","title":{"rendered":"L&#8217;ENNESIMO INCIDENTE NEL PUNTO NERO DI ANZU&#8217;"},"content":{"rendered":"<p><a class=\"dt-pswp-item\" href=\"http:\/\/www.radiopiu.net\/wordpress\/wp-content\/uploads\/2019\/10\/photo.jpg\" data-dt-img-description=\"\" data-large_image_width=\"1280\" data-large_image_height=\"720\"><img loading=\"lazy\" decoding=\"async\" class=\"alignleft size-medium wp-image-103083\" src=\"http:\/\/www.radiopiu.net\/wordpress\/wp-content\/uploads\/2019\/10\/photo-300x169.jpg\" alt=\"\" width=\"300\" height=\"169\" srcset=\"https:\/\/www.radiopiu.net\/wordpress\/wp-content\/uploads\/2019\/10\/photo-300x169.jpg 300w, https:\/\/www.radiopiu.net\/wordpress\/wp-content\/uploads\/2019\/10\/photo-768x432.jpg 768w, https:\/\/www.radiopiu.net\/wordpress\/wp-content\/uploads\/2019\/10\/photo-1024x576.jpg 1024w, https:\/\/www.radiopiu.net\/wordpress\/wp-content\/uploads\/2019\/10\/photo.jpg 1280w\" sizes=\"auto, (max-width: 300px) 100vw, 300px\" \/><\/a><strong>FELTRE<\/strong> Un altro incidente e il luogo \u00e8 purtroppo tristemente noto, \u00e8 uno dei peggiori punti neri della viabilit\u00e0 della provincia. Sabato pomeriggio due auto si sono scontrate all&#8217;altezza della curva della Chiusa. L&#8217;allarme ha allertato i vigili del fuoco di Feltre che hanno inviato sul posto due squadre. Sul posto sono arrivati anche i sanitari inviati dal 118 e le forze dell&#8217;ordine.Un ferito \u00e8 stato trasporto all&#8217;ospedale di Feltre, non \u00e8 in pericolo di vita e traffico in tilt, poi deviato per Busche<\/p>\n","protected":false},"excerpt":{"rendered":"<p>FELTRE Un altro incidente e il luogo \u00e8 purtroppo tristemente noto, \u00e8 uno dei peggiori punti neri della viabilit\u00e0 della provincia. Sabato pomeriggio due auto si sono scontrate all&#8217;altezza della curva della Chiusa. L&#8217;allarme ha allertato i vigili del fuoco di Feltre che hanno inviato sul posto due squadre. Sul posto sono arrivati anche i&hellip;<\/p>\n","protected":false},"author":1,"featured_media":103083,"comment_status":"closed","ping_status":"closed","sticky":false,"template":"","format":"standard","meta":{"_monsterinsights_skip_tracking":false,"_monsterinsights_sitenote_active":false,"_monsterinsights_sitenote_note":"","_monsterinsights_sitenote_category":0,"footnotes":""},"categories":[103,49],"tags":[],"class_list":["post-103082","post","type-post","status-publish","format-standard","has-post-thumbnail","hentry","category-evidenza_2","category-news-18","category-103","category-49","description-off"],"img_url":"https:\/\/www.radiopiu.net\/wordpress\/wp-content\/uploads\/2019\/10\/photo.jpg","_links":{"self":[{"href":"https:\/\/www.radiopiu.net\/wordpress\/wp-json\/wp\/v2\/posts\/103082","targetHints":{"allow":["GET"]}}],"collection":[{"href":"https:\/\/www.radiopiu.net\/wordpress\/wp-json\/wp\/v2\/posts"}],"about":[{"href":"https:\/\/www.radiopiu.net\/wordpress\/wp-json\/wp\/v2\/types\/post"}],"author":[{"embeddable":true,"href":"https:\/\/www.radiopiu.net\/wordpress\/wp-json\/wp\/v2\/users\/1"}],"replies":[{"embeddable":true,"href":"https:\/\/www.radiopiu.net\/wordpress\/wp-json\/wp\/v2\/comments?post=103082"}],"version-history":[{"count":0,"href":"https:\/\/www.radiopiu.net\/wordpress\/wp-json\/wp\/v2\/posts\/103082\/revisions"}],"wp:featuredmedia":[{"embeddable":true,"href":"https:\/\/www.radiopiu.net\/wordpress\/wp-json\/wp\/v2\/media\/103083"}],"wp:attachment":[{"href":"https:\/\/www.radiopiu.net\/wordpress\/wp-json\/wp\/v2\/media?parent=103082"}],"wp:term":[{"taxonomy":"category","embeddable":true,"href":"https:\/\/www.radiopiu.net\/wordpress\/wp-json\/wp\/v2\/categories?post=103082"},{"taxonomy":"post_tag","embeddable":true,"href":"https:\/\/www.radiopiu.net\/wordpress\/wp-json\/wp\/v2\/tags?post=103082"}],"curies":[{"name":"wp","href":"https:\/\/api.w.org\/{rel}","templated":true}]}}