{"id":103091,"date":"2019-10-21T05:40:26","date_gmt":"2019-10-21T03:40:26","guid":{"rendered":"http:\/\/www.radiopiu.net\/wordpress\/?p=103091"},"modified":"2019-10-21T17:05:26","modified_gmt":"2019-10-21T15:05:26","slug":"gosaldo-dimenticato-dalle-istituzioni-un-invito-a-salire-ai-piedi-della-croda-granda-agli-amministratori-che-contano","status":"publish","type":"post","link":"https:\/\/www.radiopiu.net\/wordpress\/gosaldo-dimenticato-dalle-istituzioni-un-invito-a-salire-ai-piedi-della-croda-granda-agli-amministratori-che-contano\/","title":{"rendered":"GOSALDO DIMENTICATO DALLE ISTITUZIONI? UN INVITO A SALIRE AI PIEDI DELLA CRODA GRANDA AGLI AMMINISTRATORI CHE CONTANO"},"content":{"rendered":"<h2><a class=\"dt-pswp-item\" href=\"http:\/\/www.radiopiu.net\/wordpress\/wp-content\/uploads\/2019\/10\/59ace2e5-4a58-40f4-8e58-9e63fdda360e.jpg\" data-dt-img-description=\"\" data-large_image_width=\"777\" data-large_image_height=\"1600\"><img loading=\"lazy\" decoding=\"async\" class=\"alignleft size-medium wp-image-103090\" src=\"http:\/\/www.radiopiu.net\/wordpress\/wp-content\/uploads\/2019\/10\/59ace2e5-4a58-40f4-8e58-9e63fdda360e-146x300.jpg\" alt=\"\" width=\"146\" height=\"300\" srcset=\"https:\/\/www.radiopiu.net\/wordpress\/wp-content\/uploads\/2019\/10\/59ace2e5-4a58-40f4-8e58-9e63fdda360e-146x300.jpg 146w, https:\/\/www.radiopiu.net\/wordpress\/wp-content\/uploads\/2019\/10\/59ace2e5-4a58-40f4-8e58-9e63fdda360e-768x1581.jpg 768w, https:\/\/www.radiopiu.net\/wordpress\/wp-content\/uploads\/2019\/10\/59ace2e5-4a58-40f4-8e58-9e63fdda360e-497x1024.jpg 497w, https:\/\/www.radiopiu.net\/wordpress\/wp-content\/uploads\/2019\/10\/59ace2e5-4a58-40f4-8e58-9e63fdda360e.jpg 777w\" sizes=\"auto, (max-width: 146px) 100vw, 146px\" \/><\/a><\/h2>\n<h2><\/h2>\n<h2><\/h2>\n<blockquote><p><strong>GOSALDO<\/strong> Consigliere provinciale Massimo Bortoluzzi con delega alla difesa del terrritorio,\u00a0 perch\u00e8 non viene a\u00a0 fare un giro a Gosaldo come abbiamo fatto noi nel fine settimana? Siamo stati a Mori di Renon tra i faggi schiantati e abbiamo documentato che a distanza di un anno sulla frana che minaccia un&#8217;abitazione non \u00e8 stato fatto nulla. La strada per arrivarci \u00e8 un percorso di guerra, mancano le protezioni a lato strada e i sassi minacciano di rotolare a valle.<\/p>\n<p><em>GIOCONDO DALLE FESTE sindaco di Gosaldo mi informa che la lamiera e&#8217; stata appositamente fissata all&#8217;albero perche&#8217; diventi il simbolo dell&#8217;uragano Vaia, sar\u00e0 aggiunta inoltre una targa a ricordo<\/em><\/p>\n<p>Oggi documentiamo un altro problema irrisolto da un anno: abitato di Ren, una strada se cos\u00ec si pu\u00f2 definire, due frane di\u00a0 cui una che \u00e8 sotto ad una casa e poi una foto, una lamiera che abbraccia un albero, spostata dalla forza del vento, qui \u00e8 diventata il simbolo di un territorio poco considerato per non dire abbandonato al suo destino che rischia di fare la fine di &#8220;California&#8221; e dove i politici non si sono mai visti o fose di passaggio ma non si sono fatti notare, forse perch\u00e9 mancavano le telecamere presenti in altre zone della provincia&#8230; La gente chiede almeno di essere considerata. L&#8217;amministrazione comunale fa quello che pu\u00f2 ma non \u00e8 certo un sindaco che pu\u00f2 risolvere certe situazioni che documentiamo con i due video realizzato con la collaborazione di Alfredo<\/p><\/blockquote>\n<p>&nbsp;<\/p>\n<p>&nbsp;<\/p>\n<p>&nbsp;<\/p>\n<div style=\"width: 640px;\" class=\"wp-video\"><video class=\"wp-video-shortcode\" id=\"video-103091-1\" width=\"640\" height=\"352\" preload=\"metadata\" controls=\"controls\"><source type=\"video\/mp4\" src=\"http:\/\/www.radiopiu.net\/wordpress\/wp-content\/uploads\/2019\/10\/WhatsApp-Video-2019-10-19-at-13.59.50.mp4?_=1\" \/><a href=\"http:\/\/www.radiopiu.net\/wordpress\/wp-content\/uploads\/2019\/10\/WhatsApp-Video-2019-10-19-at-13.59.50.mp4\">http:\/\/www.radiopiu.net\/wordpress\/wp-content\/uploads\/2019\/10\/WhatsApp-Video-2019-10-19-at-13.59.50.mp4<\/a><\/video><\/div>\n<div style=\"width: 640px;\" class=\"wp-video\"><video class=\"wp-video-shortcode\" id=\"video-103091-2\" width=\"640\" height=\"352\" preload=\"metadata\" controls=\"controls\"><source type=\"video\/mp4\" src=\"http:\/\/www.radiopiu.net\/wordpress\/wp-content\/uploads\/2019\/10\/WhatsApp-Video-2019-10-20-at-12.06.35.mp4?_=2\" \/><a href=\"http:\/\/www.radiopiu.net\/wordpress\/wp-content\/uploads\/2019\/10\/WhatsApp-Video-2019-10-20-at-12.06.35.mp4\">http:\/\/www.radiopiu.net\/wordpress\/wp-content\/uploads\/2019\/10\/WhatsApp-Video-2019-10-20-at-12.06.35.mp4<\/a><\/video><\/div>\n<p>&nbsp;<\/p>\n<p>&nbsp;<\/p>\n<blockquote class=\"wp-embedded-content\" data-secret=\"xG2qZoZAey\"><p><a href=\"http:\/\/www.radiopiu.net\/wordpress\/mori-a-renon-di-gosaldo-un-anno-dopo-vaia-dove-sventola-il-tricolore\/\">MORI A RENON DI GOSALDO, UN ANNO DOPO VAIA DOVE SVENTOLA IL TRICOLORE<\/a><\/p><\/blockquote>\n<p><iframe loading=\"lazy\" title=\"&#8220;MORI A RENON DI GOSALDO, UN ANNO DOPO VAIA DOVE SVENTOLA IL TRICOLORE&#8221; &#8212; Radio Pi\u00f9\" class=\"wp-embedded-content\" sandbox=\"allow-scripts\" security=\"restricted\" style=\"position: absolute; clip: rect(1px, 1px, 1px, 1px);\" src=\"http:\/\/www.radiopiu.net\/wordpress\/mori-a-renon-di-gosaldo-un-anno-dopo-vaia-dove-sventola-il-tricolore\/embed\/#?secret=xG2qZoZAey\" data-secret=\"xG2qZoZAey\" width=\"600\" height=\"338\" frameborder=\"0\" marginwidth=\"0\" marginheight=\"0\" scrolling=\"no\"><\/iframe><\/p>\n<p>,<\/p>\n<p>&nbsp;<\/p>\n<p>&nbsp;<\/p>\n","protected":false},"excerpt":{"rendered":"<p>GOSALDO Consigliere provinciale Massimo Bortoluzzi con delega alla difesa del terrritorio,\u00a0 perch\u00e8 non viene a\u00a0 fare un giro a Gosaldo come abbiamo fatto noi nel fine settimana? Siamo stati a Mori di Renon tra i faggi schiantati e abbiamo documentato che a distanza di un anno sulla frana che minaccia un&#8217;abitazione non \u00e8 stato fatto&hellip;<\/p>\n","protected":false},"author":1,"featured_media":103090,"comment_status":"closed","ping_status":"closed","sticky":false,"template":"","format":"standard","meta":{"_monsterinsights_skip_tracking":false,"_monsterinsights_sitenote_active":false,"_monsterinsights_sitenote_note":"","_monsterinsights_sitenote_category":0,"footnotes":""},"categories":[51,49],"tags":[],"class_list":["post-103091","post","type-post","status-publish","format-standard","has-post-thumbnail","hentry","category-evidenza-top","category-news-18","category-51","category-49","description-off"],"img_url":"https:\/\/www.radiopiu.net\/wordpress\/wp-content\/uploads\/2019\/10\/59ace2e5-4a58-40f4-8e58-9e63fdda360e.jpg","_links":{"self":[{"href":"https:\/\/www.radiopiu.net\/wordpress\/wp-json\/wp\/v2\/posts\/103091","targetHints":{"allow":["GET"]}}],"collection":[{"href":"https:\/\/www.radiopiu.net\/wordpress\/wp-json\/wp\/v2\/posts"}],"about":[{"href":"https:\/\/www.radiopiu.net\/wordpress\/wp-json\/wp\/v2\/types\/post"}],"author":[{"embeddable":true,"href":"https:\/\/www.radiopiu.net\/wordpress\/wp-json\/wp\/v2\/users\/1"}],"replies":[{"embeddable":true,"href":"https:\/\/www.radiopiu.net\/wordpress\/wp-json\/wp\/v2\/comments?post=103091"}],"version-history":[{"count":0,"href":"https:\/\/www.radiopiu.net\/wordpress\/wp-json\/wp\/v2\/posts\/103091\/revisions"}],"wp:featuredmedia":[{"embeddable":true,"href":"https:\/\/www.radiopiu.net\/wordpress\/wp-json\/wp\/v2\/media\/103090"}],"wp:attachment":[{"href":"https:\/\/www.radiopiu.net\/wordpress\/wp-json\/wp\/v2\/media?parent=103091"}],"wp:term":[{"taxonomy":"category","embeddable":true,"href":"https:\/\/www.radiopiu.net\/wordpress\/wp-json\/wp\/v2\/categories?post=103091"},{"taxonomy":"post_tag","embeddable":true,"href":"https:\/\/www.radiopiu.net\/wordpress\/wp-json\/wp\/v2\/tags?post=103091"}],"curies":[{"name":"wp","href":"https:\/\/api.w.org\/{rel}","templated":true}]}}