{"id":103107,"date":"2019-10-20T13:21:34","date_gmt":"2019-10-20T11:21:34","guid":{"rendered":"http:\/\/www.radiopiu.net\/wordpress\/?p=103107"},"modified":"2019-10-20T13:21:34","modified_gmt":"2019-10-20T11:21:34","slug":"arrivato-il-secondo-straniero-ad-alleghe","status":"publish","type":"post","link":"https:\/\/www.radiopiu.net\/wordpress\/arrivato-il-secondo-straniero-ad-alleghe\/","title":{"rendered":"ARRIVATO IL SECONDO STRANIERO AD ALLEGHE"},"content":{"rendered":"<p><a class=\"dt-pswp-item\" href=\"http:\/\/www.radiopiu.net\/wordpress\/wp-content\/uploads\/2019\/10\/ARRIVO-NUOVO-CANADESE-ALLEGHE.jpeg\" data-dt-img-description=\"\" data-large_image_width=\"1599\" data-large_image_height=\"899\"><img loading=\"lazy\" decoding=\"async\" class=\"size-medium wp-image-103110 alignleft\" src=\"http:\/\/www.radiopiu.net\/wordpress\/wp-content\/uploads\/2019\/10\/ARRIVO-NUOVO-CANADESE-ALLEGHE-300x169.jpeg\" alt=\"\" width=\"300\" height=\"169\" srcset=\"https:\/\/www.radiopiu.net\/wordpress\/wp-content\/uploads\/2019\/10\/ARRIVO-NUOVO-CANADESE-ALLEGHE-300x169.jpeg 300w, https:\/\/www.radiopiu.net\/wordpress\/wp-content\/uploads\/2019\/10\/ARRIVO-NUOVO-CANADESE-ALLEGHE-768x432.jpeg 768w, https:\/\/www.radiopiu.net\/wordpress\/wp-content\/uploads\/2019\/10\/ARRIVO-NUOVO-CANADESE-ALLEGHE-1024x576.jpeg 1024w, https:\/\/www.radiopiu.net\/wordpress\/wp-content\/uploads\/2019\/10\/ARRIVO-NUOVO-CANADESE-ALLEGHE.jpeg 1599w\" sizes=\"auto, (max-width: 300px) 100vw, 300px\" \/><\/a>Questa volta \u00e8 ufficiale. L&#8217;Alleghe Hockey ha il secondo straniero in squadra. \u00c8 arrivato oggi all&#8217;aeroporto di Venezia direttamente dal Canada. Si chiama Luke Burghardt, 21 anni, stecca sinistra. Per lui la prima esperienza fuori dal territorio canadese dopo aver militato in squadre universitarie e di lega negli ultimi 6 anni. Alto 180 cm per 77 chilogrammi, il canadese \u00e8 un attaccante con dei buoni risultati in passato. Non sar\u00e0 in prova ma entrer\u00e0 a far parte della squadra fin da subito dopo l&#8217;approvazione nei giorni scorsi del Presidente Renato Rossi che si \u00e8 affidato a Mike Kelly per approfondire il nuovo giocatore delle civette.<\/p>\n<p>&nbsp;<\/p>\n<p><strong>ADRIANO LEVIS AMMINISTRATORE DELEGATO DELL&#8217;ALLEGHE HOCKEY<\/strong><\/p>\n<audio class=\"wp-audio-shortcode\" id=\"audio-103107-1\" preload=\"none\" style=\"width: 100%;\" controls=\"controls\"><source type=\"audio\/mpeg\" src=\"http:\/\/www.radiopiu.net\/wordpress\/wp-content\/uploads\/2019\/10\/ADRIANO-LEVIS-NUOVO-CANADESE.mp3?_=1\" \/><a href=\"http:\/\/www.radiopiu.net\/wordpress\/wp-content\/uploads\/2019\/10\/ADRIANO-LEVIS-NUOVO-CANADESE.mp3\">http:\/\/www.radiopiu.net\/wordpress\/wp-content\/uploads\/2019\/10\/ADRIANO-LEVIS-NUOVO-CANADESE.mp3<\/a><\/audio>\n","protected":false},"excerpt":{"rendered":"<p>Questa volta \u00e8 ufficiale. L&#8217;Alleghe Hockey ha il secondo straniero in squadra. \u00c8 arrivato oggi all&#8217;aeroporto di Venezia direttamente dal Canada. Si chiama Luke Burghardt, 21 anni, stecca sinistra. Per lui la prima esperienza fuori dal territorio canadese dopo aver militato in squadre universitarie e di lega negli ultimi 6 anni. Alto 180 cm per&hellip;<\/p>\n","protected":false},"author":4,"featured_media":103110,"comment_status":"closed","ping_status":"closed","sticky":false,"template":"","format":"standard","meta":{"_monsterinsights_skip_tracking":false,"_monsterinsights_sitenote_active":false,"_monsterinsights_sitenote_note":"","_monsterinsights_sitenote_category":0,"footnotes":""},"categories":[103,49,72],"tags":[],"class_list":["post-103107","post","type-post","status-publish","format-standard","has-post-thumbnail","hentry","category-evidenza_2","category-news-18","category-sport","category-103","category-49","category-72","description-off"],"img_url":"https:\/\/www.radiopiu.net\/wordpress\/wp-content\/uploads\/2019\/10\/ARRIVO-NUOVO-CANADESE-ALLEGHE.jpeg","_links":{"self":[{"href":"https:\/\/www.radiopiu.net\/wordpress\/wp-json\/wp\/v2\/posts\/103107","targetHints":{"allow":["GET"]}}],"collection":[{"href":"https:\/\/www.radiopiu.net\/wordpress\/wp-json\/wp\/v2\/posts"}],"about":[{"href":"https:\/\/www.radiopiu.net\/wordpress\/wp-json\/wp\/v2\/types\/post"}],"author":[{"embeddable":true,"href":"https:\/\/www.radiopiu.net\/wordpress\/wp-json\/wp\/v2\/users\/4"}],"replies":[{"embeddable":true,"href":"https:\/\/www.radiopiu.net\/wordpress\/wp-json\/wp\/v2\/comments?post=103107"}],"version-history":[{"count":0,"href":"https:\/\/www.radiopiu.net\/wordpress\/wp-json\/wp\/v2\/posts\/103107\/revisions"}],"wp:featuredmedia":[{"embeddable":true,"href":"https:\/\/www.radiopiu.net\/wordpress\/wp-json\/wp\/v2\/media\/103110"}],"wp:attachment":[{"href":"https:\/\/www.radiopiu.net\/wordpress\/wp-json\/wp\/v2\/media?parent=103107"}],"wp:term":[{"taxonomy":"category","embeddable":true,"href":"https:\/\/www.radiopiu.net\/wordpress\/wp-json\/wp\/v2\/categories?post=103107"},{"taxonomy":"post_tag","embeddable":true,"href":"https:\/\/www.radiopiu.net\/wordpress\/wp-json\/wp\/v2\/tags?post=103107"}],"curies":[{"name":"wp","href":"https:\/\/api.w.org\/{rel}","templated":true}]}}