{"id":103150,"date":"2019-10-20T23:59:40","date_gmt":"2019-10-20T21:59:40","guid":{"rendered":"http:\/\/www.radiopiu.net\/wordpress\/?p=103150"},"modified":"2019-10-20T19:56:22","modified_gmt":"2019-10-20T17:56:22","slug":"vecchi-arnesi-e-mestieri-patrimonio-che-scompare-di-renato-bona","status":"publish","type":"post","link":"https:\/\/www.radiopiu.net\/wordpress\/vecchi-arnesi-e-mestieri-patrimonio-che-scompare-di-renato-bona\/","title":{"rendered":"\u201d VECCHI ARNESI (E MESTIERI): PATRIMONIO CHE SCOMPARE di RENATO BONA\u00a0"},"content":{"rendered":"<h2><\/h2>\n<p><strong><a class=\"dt-pswp-item\" href=\"http:\/\/www.radiopiu.net\/wordpress\/wp-content\/uploads\/2019\/10\/73103813_799677493785078_8447976890550976512_n.jpg\" data-dt-img-description=\"\" data-large_image_width=\"650\" data-large_image_height=\"960\"><img loading=\"lazy\" decoding=\"async\" class=\" wp-image-103148 alignright\" src=\"http:\/\/www.radiopiu.net\/wordpress\/wp-content\/uploads\/2019\/10\/73103813_799677493785078_8447976890550976512_n-203x300.jpg\" alt=\"\" width=\"165\" height=\"244\" srcset=\"https:\/\/www.radiopiu.net\/wordpress\/wp-content\/uploads\/2019\/10\/73103813_799677493785078_8447976890550976512_n-203x300.jpg 203w, https:\/\/www.radiopiu.net\/wordpress\/wp-content\/uploads\/2019\/10\/73103813_799677493785078_8447976890550976512_n.jpg 650w\" sizes=\"auto, (max-width: 165px) 100vw, 165px\" \/><\/a>BELLUNO<\/strong> Allo scomparso (nel 1983) Piero Rossi si deve il pregevole volume \u201cBelluno\u201d, stampato nel dicembre 1977 dalla tipografia Piave a cura di Tarantola editore. La sua figura in sintesi: nato a Roma il 4 febbraio 1930 da madre bellunese a padre friulano, all&#8217;et\u00e0 di 13 anni la famiglia si trasferisce a Belluno a seguito della morte del padre. Laureato in giurisprudenza a Padova, esperto in materia sindacale ed economica, \u00e8 stato a lungo direttore dell&#8217;Ascom l\u2019associazione provinciale commercianti di Belluno. Appassionato promotore del territorio montano ed in particolare di quello bellunese ed alpinista di buon livello, \u00e8 stato attivo nella &#8220;Rivista Mensile&#8221; del Cai, del quale \u00e8 stato presidente della sezione bellunese, e di &#8220;Le Alpi Venete&#8221;; fu tra i primi nel 1963 a teorizzare la creazione di un parco a tutela della specificit\u00e0 delle Dolomiti bellunesi, per il quale si impegn\u00f2 per quattro lustri. L&#8217;istituzione ufficiale del Parco nazionale delle Dolomiti Bellunesi verr\u00e0 concretizzata solo nel 1990 dopo la sua morte. Riconducibili a lui anche l&#8217;ideazione di itinerari escursionistici a tappe lungo le dolomiti quali l&#8217;Alta via numero 1 e 2. Ha realizzato la guida Cai-Tci dedicata al gruppo della Schiara nell&#8217;ambito della collana &#8220;Guida dei Monti d&#8217;Italia&#8221; che raccoglie, classifica e descrive itinerari escursionistici, vie di roccia, toponomastica, aspetti storici e morfologici del gruppo in modo sistematico e meticoloso rappresentando ancora oggi un riferimento prezioso e per certi aspetti unico). Nel capitolo intitolato \u201cOltrardo e Pedemonte\u201d Piero Rossi si \u00e8 occupato anche di attrezzi ed utensili da lavoro del tempo andato, ricordando che a Bolzano Bellunese per la popolare \u201cSagra de San Piero\u201d viene organizzata una interessante esposizione di tradizionali attrezzi rustici, ed aveva inserito alle pagine 262 e 263 alcune interessanti immagini di oggetti proposti da Genio Pol: la \u201cbr\u00e9nzia\u201d per il trasporto del fieno, lo \u201csgarnapan\u00f2ce\u201d per sgranare le pannocchie, il \u201clamb\u00ecch per la nin\u00e9ta nota anche come \u201csgnapa da tr\u00f2i\u201d cio\u00e8 l\u2019alambicco per la grappa casalinga, nella prima; la \u201cd\u00e8rla\u201d, gerla, le \u201cd\u00e0lmede\u201d: zoccoli o grosse scarpe da lavoro; ancora: la \u201ccaldi\u00e9ra\u201d cio\u00e9 il paiolo ed altri caratteristici utensili e strumenti di lavoro,nella seconda. La rassegna \u2013 si pu\u00f2 leggere \u2013 offre preziose testimoniane sulla vita e l\u2019ingegnosit\u00e0 dei nostri contadini e montanari, in un recente passato ed anche su di una terminologia dialettale, quindi patrimonio culturale che tende scomparire\u201d.<\/p>\n<p><a class=\"dt-pswp-item\" href=\"http:\/\/www.radiopiu.net\/wordpress\/wp-content\/uploads\/2019\/10\/75105720_2534548523248769_4658668605548789760_n.jpg\" data-dt-img-description=\"\" data-large_image_width=\"744\" data-large_image_height=\"960\"><img loading=\"lazy\" decoding=\"async\" class=\"alignleft  wp-image-103145\" src=\"http:\/\/www.radiopiu.net\/wordpress\/wp-content\/uploads\/2019\/10\/75105720_2534548523248769_4658668605548789760_n-233x300.jpg\" alt=\"\" width=\"162\" height=\"208\" srcset=\"https:\/\/www.radiopiu.net\/wordpress\/wp-content\/uploads\/2019\/10\/75105720_2534548523248769_4658668605548789760_n-233x300.jpg 233w, https:\/\/www.radiopiu.net\/wordpress\/wp-content\/uploads\/2019\/10\/75105720_2534548523248769_4658668605548789760_n.jpg 744w\" sizes=\"auto, (max-width: 162px) 100vw, 162px\" \/><\/a><a class=\"dt-pswp-item\" href=\"http:\/\/www.radiopiu.net\/wordpress\/wp-content\/uploads\/2019\/10\/74214567_2502225396770447_784346364954804224_n.jpg\" data-dt-img-description=\"\" data-large_image_width=\"907\" data-large_image_height=\"960\"><img loading=\"lazy\" decoding=\"async\" class=\"alignleft  wp-image-103149\" src=\"http:\/\/www.radiopiu.net\/wordpress\/wp-content\/uploads\/2019\/10\/74214567_2502225396770447_784346364954804224_n-283x300.jpg\" alt=\"\" width=\"192\" height=\"203\" srcset=\"https:\/\/www.radiopiu.net\/wordpress\/wp-content\/uploads\/2019\/10\/74214567_2502225396770447_784346364954804224_n-283x300.jpg 283w, https:\/\/www.radiopiu.net\/wordpress\/wp-content\/uploads\/2019\/10\/74214567_2502225396770447_784346364954804224_n-768x813.jpg 768w, https:\/\/www.radiopiu.net\/wordpress\/wp-content\/uploads\/2019\/10\/74214567_2502225396770447_784346364954804224_n.jpg 907w\" sizes=\"auto, (max-width: 192px) 100vw, 192px\" \/><\/a><a class=\"dt-pswp-item\" href=\"http:\/\/www.radiopiu.net\/wordpress\/wp-content\/uploads\/2019\/10\/73024011_841433436258117_3165750467519053824_n.jpg\" data-dt-img-description=\"\" data-large_image_width=\"1134\" data-large_image_height=\"756\"><img loading=\"lazy\" decoding=\"async\" class=\"alignleft size-medium wp-image-103147\" src=\"http:\/\/www.radiopiu.net\/wordpress\/wp-content\/uploads\/2019\/10\/73024011_841433436258117_3165750467519053824_n-300x200.jpg\" alt=\"\" width=\"300\" height=\"200\" srcset=\"https:\/\/www.radiopiu.net\/wordpress\/wp-content\/uploads\/2019\/10\/73024011_841433436258117_3165750467519053824_n-300x200.jpg 300w, https:\/\/www.radiopiu.net\/wordpress\/wp-content\/uploads\/2019\/10\/73024011_841433436258117_3165750467519053824_n-768x512.jpg 768w, https:\/\/www.radiopiu.net\/wordpress\/wp-content\/uploads\/2019\/10\/73024011_841433436258117_3165750467519053824_n-1024x683.jpg 1024w, https:\/\/www.radiopiu.net\/wordpress\/wp-content\/uploads\/2019\/10\/73024011_841433436258117_3165750467519053824_n.jpg 1134w\" sizes=\"auto, (max-width: 300px) 100vw, 300px\" \/><\/a><a class=\"dt-pswp-item\" href=\"http:\/\/www.radiopiu.net\/wordpress\/wp-content\/uploads\/2019\/10\/72842293_1343936625768287_7954298742364962816_n.jpg\" data-dt-img-description=\"\" data-large_image_width=\"681\" data-large_image_height=\"960\"><img loading=\"lazy\" decoding=\"async\" class=\"alignleft  wp-image-103146\" src=\"http:\/\/www.radiopiu.net\/wordpress\/wp-content\/uploads\/2019\/10\/72842293_1343936625768287_7954298742364962816_n-213x300.jpg\" alt=\"\" width=\"142\" height=\"200\" srcset=\"https:\/\/www.radiopiu.net\/wordpress\/wp-content\/uploads\/2019\/10\/72842293_1343936625768287_7954298742364962816_n-213x300.jpg 213w, https:\/\/www.radiopiu.net\/wordpress\/wp-content\/uploads\/2019\/10\/72842293_1343936625768287_7954298742364962816_n.jpg 681w\" sizes=\"auto, (max-width: 142px) 100vw, 142px\" \/><\/a><\/p>\n<p>&nbsp;<\/p>\n<p>&nbsp;<\/p>\n<p>&nbsp;<\/p>\n<p>&nbsp;<\/p>\n<p>&nbsp;<\/p>\n<p>&nbsp;<\/p>\n<p>&nbsp;<\/p>\n<p>NELLE FOTO (riproduzioni dal libro \u201cBelluno\u201d, edito da Tarantola e Google): la \u201cbr\u00e9nzia\u201d, la \u201csgarnapan\u00f2ce\u201d, il \u201clamb\u00ecch\u201d, la \u201cd\u00e9rla\u201d, le \u201cd\u00e0lmede\u201d, la \u201ccaldi\u00e9ra\u201d; lo scomparso Piero Rossi alla cui memoria \u00e8 intitolato il Centro culturale di Piazzale Piloni a Belluno.<\/p>\n<p>&nbsp;<\/p>\n<p>&nbsp;<\/p>\n<p>&nbsp;<\/p>\n","protected":false},"excerpt":{"rendered":"<p>BELLUNO Allo scomparso (nel 1983) Piero Rossi si deve il pregevole volume \u201cBelluno\u201d, stampato nel dicembre 1977 dalla tipografia Piave a cura di Tarantola editore. La sua figura in sintesi: nato a Roma il 4 febbraio 1930 da madre bellunese a padre friulano, all&#8217;et\u00e0 di 13 anni la famiglia si trasferisce a Belluno a seguito&hellip;<\/p>\n","protected":false},"author":1,"featured_media":103145,"comment_status":"closed","ping_status":"closed","sticky":false,"template":"","format":"standard","meta":{"_monsterinsights_skip_tracking":false,"_monsterinsights_sitenote_active":false,"_monsterinsights_sitenote_note":"","_monsterinsights_sitenote_category":0,"footnotes":""},"categories":[103,49],"tags":[],"class_list":["post-103150","post","type-post","status-publish","format-standard","has-post-thumbnail","hentry","category-evidenza_2","category-news-18","category-103","category-49","description-off"],"img_url":"https:\/\/www.radiopiu.net\/wordpress\/wp-content\/uploads\/2019\/10\/75105720_2534548523248769_4658668605548789760_n.jpg","_links":{"self":[{"href":"https:\/\/www.radiopiu.net\/wordpress\/wp-json\/wp\/v2\/posts\/103150","targetHints":{"allow":["GET"]}}],"collection":[{"href":"https:\/\/www.radiopiu.net\/wordpress\/wp-json\/wp\/v2\/posts"}],"about":[{"href":"https:\/\/www.radiopiu.net\/wordpress\/wp-json\/wp\/v2\/types\/post"}],"author":[{"embeddable":true,"href":"https:\/\/www.radiopiu.net\/wordpress\/wp-json\/wp\/v2\/users\/1"}],"replies":[{"embeddable":true,"href":"https:\/\/www.radiopiu.net\/wordpress\/wp-json\/wp\/v2\/comments?post=103150"}],"version-history":[{"count":0,"href":"https:\/\/www.radiopiu.net\/wordpress\/wp-json\/wp\/v2\/posts\/103150\/revisions"}],"wp:featuredmedia":[{"embeddable":true,"href":"https:\/\/www.radiopiu.net\/wordpress\/wp-json\/wp\/v2\/media\/103145"}],"wp:attachment":[{"href":"https:\/\/www.radiopiu.net\/wordpress\/wp-json\/wp\/v2\/media?parent=103150"}],"wp:term":[{"taxonomy":"category","embeddable":true,"href":"https:\/\/www.radiopiu.net\/wordpress\/wp-json\/wp\/v2\/categories?post=103150"},{"taxonomy":"post_tag","embeddable":true,"href":"https:\/\/www.radiopiu.net\/wordpress\/wp-json\/wp\/v2\/tags?post=103150"}],"curies":[{"name":"wp","href":"https:\/\/api.w.org\/{rel}","templated":true}]}}