{"id":103214,"date":"2019-10-22T06:07:50","date_gmt":"2019-10-22T04:07:50","guid":{"rendered":"http:\/\/www.radiopiu.net\/wordpress\/?p=103214"},"modified":"2019-10-22T06:07:36","modified_gmt":"2019-10-22T04:07:36","slug":"zunaia-un-anno-dopo-vaia-dal-ponte-sulla-203-agordina","status":"publish","type":"post","link":"https:\/\/www.radiopiu.net\/wordpress\/zunaia-un-anno-dopo-vaia-dal-ponte-sulla-203-agordina\/","title":{"rendered":"ZUNAIA, UN ANNO DOPO\u00a0VAIA. DAL PONTE SULLA 203 AGORDINA"},"content":{"rendered":"<p>&nbsp;<\/p>\n<p><strong><a class=\"dt-pswp-item\" href=\"http:\/\/www.radiopiu.net\/wordpress\/wp-content\/uploads\/2019\/10\/ca79bb03-90b2-4c87-89d2-0d65f6009f56.jpg\" data-dt-img-description=\"\" data-large_image_width=\"1599\" data-large_image_height=\"799\"><img loading=\"lazy\" decoding=\"async\" class=\" wp-image-103210 alignleft\" src=\"http:\/\/www.radiopiu.net\/wordpress\/wp-content\/uploads\/2019\/10\/ca79bb03-90b2-4c87-89d2-0d65f6009f56-300x150.jpg\" alt=\"\" width=\"236\" height=\"118\" srcset=\"https:\/\/www.radiopiu.net\/wordpress\/wp-content\/uploads\/2019\/10\/ca79bb03-90b2-4c87-89d2-0d65f6009f56-300x150.jpg 300w, https:\/\/www.radiopiu.net\/wordpress\/wp-content\/uploads\/2019\/10\/ca79bb03-90b2-4c87-89d2-0d65f6009f56-768x384.jpg 768w, https:\/\/www.radiopiu.net\/wordpress\/wp-content\/uploads\/2019\/10\/ca79bb03-90b2-4c87-89d2-0d65f6009f56-1024x512.jpg 1024w, https:\/\/www.radiopiu.net\/wordpress\/wp-content\/uploads\/2019\/10\/ca79bb03-90b2-4c87-89d2-0d65f6009f56.jpg 1599w\" sizes=\"auto, (max-width: 236px) 100vw, 236px\" \/><\/a>ALLEGHE<\/strong> Quando lo scorso anno siamo arrivati ad Alleghe il panorama era desolante. Sulla destra verso il Civetta, un bosco intero raso al suolo, tralicci piegati e protezioni messe a rischio, su quel versante non \u00e8 cambiato molto perch\u00e9 il piano &#8220;anti valanghe&#8221; probabilmente non permette di spostare gli alberi almeno fino a quando non saranno realizzate le protezioni a difesa della viabilit\u00e0 e abitazione sottostanti, intanto \u00e8 passato un anno e la porta d&#8217;ingresso al paese rivierasco \u00e8 sempre spettrale. Quando invece lo scorso anno <a class=\"dt-pswp-item\" href=\"http:\/\/www.radiopiu.net\/wordpress\/wp-content\/uploads\/2019\/10\/ed9113df-ecda-4d86-8559-c6cd94657d4c.jpg\" data-dt-img-description=\"\" data-large_image_width=\"799\" data-large_image_height=\"1599\"><img loading=\"lazy\" decoding=\"async\" class=\"size-medium wp-image-103211 alignright\" src=\"http:\/\/www.radiopiu.net\/wordpress\/wp-content\/uploads\/2019\/10\/ed9113df-ecda-4d86-8559-c6cd94657d4c-150x300.jpg\" alt=\"\" width=\"150\" height=\"300\" srcset=\"https:\/\/www.radiopiu.net\/wordpress\/wp-content\/uploads\/2019\/10\/ed9113df-ecda-4d86-8559-c6cd94657d4c-150x300.jpg 150w, https:\/\/www.radiopiu.net\/wordpress\/wp-content\/uploads\/2019\/10\/ed9113df-ecda-4d86-8559-c6cd94657d4c-768x1537.jpg 768w, https:\/\/www.radiopiu.net\/wordpress\/wp-content\/uploads\/2019\/10\/ed9113df-ecda-4d86-8559-c6cd94657d4c-512x1024.jpg 512w, https:\/\/www.radiopiu.net\/wordpress\/wp-content\/uploads\/2019\/10\/ed9113df-ecda-4d86-8559-c6cd94657d4c.jpg 799w\" sizes=\"auto, (max-width: 150px) 100vw, 150px\" \/><\/a>siamo arrivati sul ponte del Zunaia ci siamo messi le mani nei capelli per quel cumulo di ghiaia e sassi che il torrente aveva tirato gi\u00f9 dal Civetta. Tanti camion di materiale da portare via per restituire il greto al torrente ma anche il parcheggio utilissimo nel periodo invernale. Accanto allo stadio c&#8217;era solo devastazione, davanti alla partenza dell&#8217;Alleghe Funivie stessa situazione con la passerella pedonale spazzata via, ma questo era solo un particolare.<br \/>\nUn anno dopo la situazione \u00e8 ben diversa. Lavori eccellenti, arginature rifatte, il torrente che scorre placido sulla sinistra dello stadio Alvise De Toni e il parcheggio ripristinato come lo era il 28 ottobre di un anno fa. I lavori portano la firma del Commissario Delegato &#8220;Primi interventi urgenti di protezione civile in conseguenza degli eccezionali eventi meteorologici che hanno interessato il territorio. Lavori di somma urgenza ordinati lo scorso aprile per un importo di 300 mila euro. Previsto e realizzato l&#8217;adeguamento de nuova realizzazione di opere di sottomurazione argini del torrente Zunaia. Soggetto attuatore Gianmaria Sommavilla; direttore lavori Antonio Palma; impresa esecutrice Fontana Srl Belluno.<\/p>\n<blockquote><p><em>Ecco il video realizzato dal ponte lungo la regionale 203 agordina, fronte stazione di partenza Alleghe Funivie<\/em><\/p><\/blockquote>\n<p>&nbsp;<\/p>\n<p><iframe loading=\"lazy\" title=\"ZUNAIA DI ALLEGHE 2019\" width=\"1200\" height=\"675\" src=\"https:\/\/www.youtube.com\/embed\/wd5T9UmXJ7Q?feature=oembed\" frameborder=\"0\" allow=\"accelerometer; autoplay; encrypted-media; gyroscope; picture-in-picture\" allowfullscreen><\/iframe><\/p>\n<p>&nbsp;<\/p>\n<p><strong>UN ANNO FA<\/strong><\/p>\n<p><strong>foto corriere delle alpi<\/strong><\/p>\n<p><a class=\"dt-pswp-item\" href=\"http:\/\/www.radiopiu.net\/wordpress\/wp-content\/uploads\/2019\/10\/download-21.jpg\" data-dt-img-description=\"\" data-large_image_width=\"303\" data-large_image_height=\"166\"><img loading=\"lazy\" decoding=\"async\" class=\"wp-image-103209  alignleft\" src=\"http:\/\/www.radiopiu.net\/wordpress\/wp-content\/uploads\/2019\/10\/download-21.jpg\" alt=\"\" width=\"413\" height=\"226\" srcset=\"https:\/\/www.radiopiu.net\/wordpress\/wp-content\/uploads\/2019\/10\/download-21.jpg 303w, https:\/\/www.radiopiu.net\/wordpress\/wp-content\/uploads\/2019\/10\/download-21-300x164.jpg 300w\" sizes=\"auto, (max-width: 413px) 100vw, 413px\" \/><\/a><\/p>\n<p>&nbsp;<\/p>\n<p>&nbsp;<\/p>\n<p>&nbsp;<\/p>\n<div class=\"page-title title-left solid-bg breadcrumbs-mobile-off page-title-responsive-enabled\">\n<div class=\"wf-wrap\">\n<div class=\"page-title-head hgroup\"><\/div>\n<\/div>\n<\/div>\n<p>&nbsp;<\/p>\n<p>&nbsp;<\/p>\n<p>&nbsp;<\/p>\n<p>&nbsp;<\/p>\n<p><strong>foto local team<\/strong><\/p>\n<p><a class=\"dt-pswp-item\" href=\"http:\/\/www.radiopiu.net\/wordpress\/wp-content\/uploads\/2019\/10\/donload.jpg\" data-dt-img-description=\"\" data-large_image_width=\"300\" data-large_image_height=\"168\"><img loading=\"lazy\" decoding=\"async\" class=\"alignleft  wp-image-103208\" src=\"http:\/\/www.radiopiu.net\/wordpress\/wp-content\/uploads\/2019\/10\/donload-300x168.jpg\" alt=\"\" width=\"416\" height=\"233\" \/><\/a><\/p>\n<p>&nbsp;<\/p>\n<p>&nbsp;<\/p>\n<p>&nbsp;<\/p>\n<h3><\/h3>\n<div class=\"page-title title-left solid-bg breadcrumbs-mobile-off page-title-responsive-enabled\">\n<div class=\"wf-wrap\">\n<div class=\"page-title-head hgroup\">\n<h3><\/h3>\n<h3><\/h3>\n<h3><\/h3>\n<h4 class=\"entry-title\">ALLEGHE PRIMA E DOPO IL DISASTRO DI CLAUDIO PRA,\u00a0 <strong>Il disastro Vaia, le foto da Col Davagnin, sotto il monte Fertazza (ARCHIVIO RADIOPIU)<\/strong><\/h4>\n<\/div>\n<\/div>\n<\/div>\n<blockquote class=\"wp-embedded-content\" data-secret=\"u8MGTlpSXn\"><p><a href=\"http:\/\/www.radiopiu.net\/wordpress\/alleghe-prima-e-dopo-il-disastro-di-claudio-pra\/\">ALLEGHE PRIMA E DOPO IL DISASTRO DI CLAUDIO PRA<\/a><\/p><\/blockquote>\n<p><iframe loading=\"lazy\" title=\"&#8220;ALLEGHE PRIMA E DOPO IL DISASTRO DI CLAUDIO PRA&#8221; &#8212; Radio Pi\u00f9\" class=\"wp-embedded-content\" sandbox=\"allow-scripts\" security=\"restricted\" style=\"position: absolute; clip: rect(1px, 1px, 1px, 1px);\" src=\"http:\/\/www.radiopiu.net\/wordpress\/alleghe-prima-e-dopo-il-disastro-di-claudio-pra\/embed\/#?secret=u8MGTlpSXn\" data-secret=\"u8MGTlpSXn\" width=\"600\" height=\"338\" frameborder=\"0\" marginwidth=\"0\" marginheight=\"0\" scrolling=\"no\"><\/iframe><\/p>\n<p>&nbsp;<\/p>\n<p>&nbsp;<\/p>\n","protected":false},"excerpt":{"rendered":"<p>&nbsp; ALLEGHE Quando lo scorso anno siamo arrivati ad Alleghe il panorama era desolante. Sulla destra verso il Civetta, un bosco intero raso al suolo, tralicci piegati e protezioni messe a rischio, su quel versante non \u00e8 cambiato molto perch\u00e9 il piano &#8220;anti valanghe&#8221; probabilmente non permette di spostare gli alberi almeno fino a quando&hellip;<\/p>\n","protected":false},"author":1,"featured_media":103210,"comment_status":"closed","ping_status":"closed","sticky":false,"template":"","format":"standard","meta":{"_monsterinsights_skip_tracking":false,"_monsterinsights_sitenote_active":false,"_monsterinsights_sitenote_note":"","_monsterinsights_sitenote_category":0,"footnotes":""},"categories":[1,103,49],"tags":[],"class_list":["post-103214","post","type-post","status-publish","format-standard","has-post-thumbnail","hentry","category-senza-categoria","category-evidenza_2","category-news-18","category-1","category-103","category-49","description-off"],"img_url":"https:\/\/www.radiopiu.net\/wordpress\/wp-content\/uploads\/2019\/10\/ca79bb03-90b2-4c87-89d2-0d65f6009f56.jpg","_links":{"self":[{"href":"https:\/\/www.radiopiu.net\/wordpress\/wp-json\/wp\/v2\/posts\/103214","targetHints":{"allow":["GET"]}}],"collection":[{"href":"https:\/\/www.radiopiu.net\/wordpress\/wp-json\/wp\/v2\/posts"}],"about":[{"href":"https:\/\/www.radiopiu.net\/wordpress\/wp-json\/wp\/v2\/types\/post"}],"author":[{"embeddable":true,"href":"https:\/\/www.radiopiu.net\/wordpress\/wp-json\/wp\/v2\/users\/1"}],"replies":[{"embeddable":true,"href":"https:\/\/www.radiopiu.net\/wordpress\/wp-json\/wp\/v2\/comments?post=103214"}],"version-history":[{"count":0,"href":"https:\/\/www.radiopiu.net\/wordpress\/wp-json\/wp\/v2\/posts\/103214\/revisions"}],"wp:featuredmedia":[{"embeddable":true,"href":"https:\/\/www.radiopiu.net\/wordpress\/wp-json\/wp\/v2\/media\/103210"}],"wp:attachment":[{"href":"https:\/\/www.radiopiu.net\/wordpress\/wp-json\/wp\/v2\/media?parent=103214"}],"wp:term":[{"taxonomy":"category","embeddable":true,"href":"https:\/\/www.radiopiu.net\/wordpress\/wp-json\/wp\/v2\/categories?post=103214"},{"taxonomy":"post_tag","embeddable":true,"href":"https:\/\/www.radiopiu.net\/wordpress\/wp-json\/wp\/v2\/tags?post=103214"}],"curies":[{"name":"wp","href":"https:\/\/api.w.org\/{rel}","templated":true}]}}