{"id":103339,"date":"2019-10-22T07:05:18","date_gmt":"2019-10-22T05:05:18","guid":{"rendered":"http:\/\/www.radiopiu.net\/wordpress\/?p=103339"},"modified":"2019-10-31T05:42:50","modified_gmt":"2019-10-31T04:42:50","slug":"gosaldo-parte-terza-lezione-di-competenze","status":"publish","type":"post","link":"https:\/\/www.radiopiu.net\/wordpress\/gosaldo-parte-terza-lezione-di-competenze\/","title":{"rendered":"GOSALDO, PARTE TERZA. LEZIONE DI COMPETENZE."},"content":{"rendered":"<blockquote><p><strong><a class=\"dt-pswp-item\" href=\"http:\/\/www.radiopiu.net\/wordpress\/wp-content\/uploads\/2019\/10\/60892067_1573677279430103_1544348971239997440_n-300x225.jpg\" data-dt-img-description=\"\" data-large_image_width=\"300\" data-large_image_height=\"225\"><img loading=\"lazy\" decoding=\"async\" class=\"alignleft size-medium wp-image-102989\" src=\"http:\/\/www.radiopiu.net\/wordpress\/wp-content\/uploads\/2019\/10\/60892067_1573677279430103_1544348971239997440_n-300x225-300x225.jpg\" alt=\"\" width=\"300\" height=\"225\" \/><\/a>GOSALDO<\/strong><em> Le frane che riguardano le abitazioni e la viabilit\u00e0 sono di competenza della Provincia in base alla specificit\u00e0 e non della Regione che quindi non &#8220;va attaccata&#8221;. L&#8217;assessore Gianpaolo Bottacin ieri \u00e8 salito in cattedra e mi ha &#8220;richiamato&#8221; per aver osato tirare in ballo la Regione sulle problematiche di Gosaldo. Per la verit\u00e0 avevo solo chiesto ai nostri rappresentanti regionali e provinciali eletti anche dagli agordini di farsi un giro a Gosaldo come avevamo fatto noi. L&#8217;assessore bellunese mi ha fatto notare che sotto la Croda Granda con il sindaco Giocondo Dalle Feste \u00e8 venuto 4 volte per\u00a0 definire anche le priorit\u00e0. Rimane il fatto che a Mori ed a Ren di Gosaldo (i due episodi citati, almeno per il momento) se non \u00e8 stato fatto nulla non e&#8217; stato fatto molto, ma su consiglio dell&#8217;assessore, imparata la lezione,\u00a0 \u00a0mi sono rivolto alla Provincia e al consigliere con delega per la difesa del territorio Massimo Bortoluzzi che come sempre ha risposto con grande cortesia e dal quale attendo notizie.<\/em><\/p><\/blockquote>\n<p><strong>DA GOSALDO DA UN EX AMMINISTRATORE RICEVIAMO E PUBBLICHIAMO:<\/strong><em> &#8220;Prova chiedere alla Regione quali siano gli elementi che distinguono la frana di Gosaldo da quella dell&#8217; Alpago dove pare vi sia stato interesse anche della Regione. Altrimenti sarebbe opportuno che sugli eventi calamitosi della provincia, ancora in Veneto, si provvedesse ad apporre subito delle bandierine per indicare chi \u00e8 di competenza. Caso per caso&#8221;.<\/em><\/p>\n<h2><\/h2>\n<h2>DAI NOTIZIARI PRECEDENTI<\/h2>\n<p>&nbsp;<\/p>\n<p>&nbsp;<\/p>\n<p>&nbsp;<\/p>\n<h2><a class=\"dt-pswp-item\" href=\"http:\/\/www.radiopiu.net\/wordpress\/wp-content\/uploads\/2019\/10\/59ace2e5-4a58-40f4-8e58-9e63fdda360e.jpg\" data-dt-img-description=\"\" data-large_image_width=\"777\" data-large_image_height=\"1600\"><img loading=\"lazy\" decoding=\"async\" class=\"alignleft size-medium wp-image-103090\" src=\"http:\/\/www.radiopiu.net\/wordpress\/wp-content\/uploads\/2019\/10\/59ace2e5-4a58-40f4-8e58-9e63fdda360e-146x300.jpg\" alt=\"\" width=\"146\" height=\"300\" srcset=\"https:\/\/www.radiopiu.net\/wordpress\/wp-content\/uploads\/2019\/10\/59ace2e5-4a58-40f4-8e58-9e63fdda360e-146x300.jpg 146w, https:\/\/www.radiopiu.net\/wordpress\/wp-content\/uploads\/2019\/10\/59ace2e5-4a58-40f4-8e58-9e63fdda360e-768x1581.jpg 768w, https:\/\/www.radiopiu.net\/wordpress\/wp-content\/uploads\/2019\/10\/59ace2e5-4a58-40f4-8e58-9e63fdda360e-497x1024.jpg 497w, https:\/\/www.radiopiu.net\/wordpress\/wp-content\/uploads\/2019\/10\/59ace2e5-4a58-40f4-8e58-9e63fdda360e.jpg 777w\" sizes=\"auto, (max-width: 146px) 100vw, 146px\" \/><\/a><\/h2>\n<h2><\/h2>\n<h2>GOSALDO DIMENTICATO DALLE ISTITUZIONI?<\/h2>\n<blockquote><p><strong>GOSALDO<\/strong> Consigliere provinciale Massimo Bortoluzzi con delega alla difesa del terrritorio,\u00a0 perch\u00e8 non\u00a0 viene a fare\u00a0 un giro a Gosaldo come abbiamo fatto noi nel fine settimana? Siamo stati a Mori di Renon tra i faggi schiantati e abbiamo documentato che a distanza di un anno sulla frana che minaccia un&#8217;abitazione non \u00e8 stato fatto nulla. La strada per arrivarci \u00e8 un percorso di guerra, mancano le protezioni a lato strada e i sassi minacciano di rotolare a valle.<\/p><\/blockquote>\n<p><em>GIOCONDO DALLE FESTE sindaco di Gosaldo mi informa che la lamiera e&#8217; stata appositamente fissata all&#8217;albero perche&#8217; diventi il simbolo dell&#8217;uragano Vaia, sar\u00e0 aggiunta inoltre una targa a ricordo<\/em><\/p>\n<p>&nbsp;<\/p>\n<blockquote><p>Oggi documentiamo un altro problema irrisolto da un anno: abitato di Ren, una strada se cos\u00ec si pu\u00f2 definire, due frane di\u00a0 cui una che \u00e8 sotto ad una casa e poi una foto, una lamiera che abbraccia un albero, spostata dalla forza del vento, qui \u00e8 diventata il simbolo di un territorio poco considerato per non dire abbandonato al suo destino che rischia di fare la fine di &#8220;California&#8221; e dove i politici non si sono mai visti o forse di passaggio ma non si sono fatti notare, forse perch\u00e9 mancavano le telecamere presenti in altre zone della provincia&#8230; La gente chiede almeno di essere considerata. L&#8217;amministrazione comunale fa quello che pu\u00f2 ma non \u00e8 certo un sindaco che pu\u00f2 risolvere certe situazioni che documentiamo con i due video realizzato con la collaborazione di Alfredo<\/p><\/blockquote>\n<div style=\"width: 640px;\" class=\"wp-video\"><video class=\"wp-video-shortcode\" id=\"video-103339-1\" width=\"640\" height=\"352\" preload=\"metadata\" controls=\"controls\"><source type=\"video\/mp4\" src=\"http:\/\/www.radiopiu.net\/wordpress\/wp-content\/uploads\/2019\/10\/WhatsApp-Video-2019-10-19-at-13.59.50.mp4?_=1\" \/><a href=\"http:\/\/www.radiopiu.net\/wordpress\/wp-content\/uploads\/2019\/10\/WhatsApp-Video-2019-10-19-at-13.59.50.mp4\">http:\/\/www.radiopiu.net\/wordpress\/wp-content\/uploads\/2019\/10\/WhatsApp-Video-2019-10-19-at-13.59.50.mp4<\/a><\/video><\/div>\n<div style=\"width: 640px;\" class=\"wp-video\"><video class=\"wp-video-shortcode\" id=\"video-103339-2\" width=\"640\" height=\"352\" preload=\"metadata\" controls=\"controls\"><source type=\"video\/mp4\" src=\"http:\/\/www.radiopiu.net\/wordpress\/wp-content\/uploads\/2019\/10\/WhatsApp-Video-2019-10-20-at-12.06.35.mp4?_=2\" \/><a href=\"http:\/\/www.radiopiu.net\/wordpress\/wp-content\/uploads\/2019\/10\/WhatsApp-Video-2019-10-20-at-12.06.35.mp4\">http:\/\/www.radiopiu.net\/wordpress\/wp-content\/uploads\/2019\/10\/WhatsApp-Video-2019-10-20-at-12.06.35.mp4<\/a><\/video><\/div>\n<p>&nbsp;<\/p>\n<h3>DAI NOTIZIARI DI SABATO, PER NON DIMENTICARE<\/h3>\n<p>&nbsp;<\/p>\n<blockquote class=\"wp-embedded-content\" data-secret=\"fCl3Uqxgq3\"><p><a href=\"http:\/\/www.radiopiu.net\/wordpress\/mori-a-renon-di-gosaldo-un-anno-dopo-vaia-dove-sventola-il-tricolore\/\">MORI A RENON DI GOSALDO, UN ANNO DOPO VAIA DOVE SVENTOLA IL TRICOLORE<\/a><\/p><\/blockquote>\n<p><iframe loading=\"lazy\" title=\"&#8220;MORI A RENON DI GOSALDO, UN ANNO DOPO VAIA DOVE SVENTOLA IL TRICOLORE&#8221; &#8212; Radio Pi\u00f9\" class=\"wp-embedded-content\" sandbox=\"allow-scripts\" security=\"restricted\" style=\"position: absolute; clip: rect(1px, 1px, 1px, 1px);\" src=\"http:\/\/www.radiopiu.net\/wordpress\/mori-a-renon-di-gosaldo-un-anno-dopo-vaia-dove-sventola-il-tricolore\/embed\/#?secret=fCl3Uqxgq3\" data-secret=\"fCl3Uqxgq3\" width=\"600\" height=\"338\" frameborder=\"0\" marginwidth=\"0\" marginheight=\"0\" scrolling=\"no\"><\/iframe><\/p>\n<p>&nbsp;<\/p>\n<h2><\/h2>\n<p>&nbsp;<\/p>\n","protected":false},"excerpt":{"rendered":"<p>GOSALDO Le frane che riguardano le abitazioni e la viabilit\u00e0 sono di competenza della Provincia in base alla specificit\u00e0 e non della Regione che quindi non &#8220;va attaccata&#8221;. L&#8217;assessore Gianpaolo Bottacin ieri \u00e8 salito in cattedra e mi ha &#8220;richiamato&#8221; per aver osato tirare in ballo la Regione sulle problematiche di Gosaldo. Per la verit\u00e0&hellip;<\/p>\n","protected":false},"author":1,"featured_media":103090,"comment_status":"closed","ping_status":"closed","sticky":false,"template":"","format":"standard","meta":{"_monsterinsights_skip_tracking":false,"_monsterinsights_sitenote_active":false,"_monsterinsights_sitenote_note":"","_monsterinsights_sitenote_category":0,"footnotes":""},"categories":[1,104,49],"tags":[],"class_list":["post-103339","post","type-post","status-publish","format-standard","has-post-thumbnail","hentry","category-senza-categoria","category-evidenza_3","category-news-18","category-1","category-104","category-49","description-off"],"img_url":"https:\/\/www.radiopiu.net\/wordpress\/wp-content\/uploads\/2019\/10\/59ace2e5-4a58-40f4-8e58-9e63fdda360e.jpg","_links":{"self":[{"href":"https:\/\/www.radiopiu.net\/wordpress\/wp-json\/wp\/v2\/posts\/103339","targetHints":{"allow":["GET"]}}],"collection":[{"href":"https:\/\/www.radiopiu.net\/wordpress\/wp-json\/wp\/v2\/posts"}],"about":[{"href":"https:\/\/www.radiopiu.net\/wordpress\/wp-json\/wp\/v2\/types\/post"}],"author":[{"embeddable":true,"href":"https:\/\/www.radiopiu.net\/wordpress\/wp-json\/wp\/v2\/users\/1"}],"replies":[{"embeddable":true,"href":"https:\/\/www.radiopiu.net\/wordpress\/wp-json\/wp\/v2\/comments?post=103339"}],"version-history":[{"count":0,"href":"https:\/\/www.radiopiu.net\/wordpress\/wp-json\/wp\/v2\/posts\/103339\/revisions"}],"wp:featuredmedia":[{"embeddable":true,"href":"https:\/\/www.radiopiu.net\/wordpress\/wp-json\/wp\/v2\/media\/103090"}],"wp:attachment":[{"href":"https:\/\/www.radiopiu.net\/wordpress\/wp-json\/wp\/v2\/media?parent=103339"}],"wp:term":[{"taxonomy":"category","embeddable":true,"href":"https:\/\/www.radiopiu.net\/wordpress\/wp-json\/wp\/v2\/categories?post=103339"},{"taxonomy":"post_tag","embeddable":true,"href":"https:\/\/www.radiopiu.net\/wordpress\/wp-json\/wp\/v2\/tags?post=103339"}],"curies":[{"name":"wp","href":"https:\/\/api.w.org\/{rel}","templated":true}]}}