{"id":103358,"date":"2019-10-23T05:43:28","date_gmt":"2019-10-23T03:43:28","guid":{"rendered":"http:\/\/www.radiopiu.net\/wordpress\/?p=103358"},"modified":"2019-10-23T09:43:18","modified_gmt":"2019-10-23T07:43:18","slug":"giornale-radiopiu-23-ottobre-2019-direttore-mirko-me","status":"publish","type":"post","link":"https:\/\/www.radiopiu.net\/wordpress\/giornale-radiopiu-23-ottobre-2019-direttore-mirko-me\/","title":{"rendered":"GIORNALE RADIOPIU 23 OTTOBRE 2019 DIRETTORE MIRKO ME"},"content":{"rendered":"<p>&nbsp;<\/p>\n<h2>Ultim&#8217;ora notizie&#8230;. LUXOTTICA RINNOVA IL CONTRATTO CON CHANEL<\/h2>\n<p>Teleborsa ha battuto la notizia: Chanel e Luxottica hanno rinnovato in anticipo l&#8217;accordo di licenza esclusivo per la produzione e distribuzione di occhiali a marchio Chanel. Accordo quinquiennale in vigore dal 1 gennaio 2020, valido <a class=\"dt-pswp-item\" href=\"http:\/\/www.radiopiu.net\/wordpress\/wp-content\/uploads\/2015\/09\/Leonardo-Del-Vecchio-con-Massimo-Vian.jpg\" data-dt-img-description=\"\" data-large_image_width=\"1000\" data-large_image_height=\"667\"><img loading=\"lazy\" decoding=\"async\" class=\" wp-image-10668 alignleft\" src=\"http:\/\/www.radiopiu.net\/wordpress\/wp-content\/uploads\/2015\/09\/Leonardo-Del-Vecchio-con-Massimo-Vian-300x200.jpg\" alt=\"\" width=\"246\" height=\"164\" \/><\/a>fino al 31 dicembre 2024 con possibilit\u00e0 di rinnovo per ulteriori 3 anni.<\/p>\n<p>Soddisfatto\u00a0<strong>Leonardo Del Vecchio<\/strong>, Presidente Esecutivo di Luxottica che al <strong>messaggero.it<\/strong> ha dichiarato : &#8220;<em>In questi vent&#8217;anni insieme, Luxottica e CHANEL hanno dato forma all&#8217;idea stessa di occhiale di lusso, con prodotti altamente esclusivi e iconici, sin dal lancio della prima collezione Eyewear CHANEL nel 1999. Siamo orgogliosi e grati per questa collaborazione che ha portato successo e soddisfazione reciproca&#8221;.<\/em><\/p>\n<p>&nbsp;<\/p>\n<p>&nbsp;<\/p>\n<p>&nbsp;<\/p>\n<h2>FELTRE &#8211; 16ENNE SCOMPARSO<\/h2>\n<h3>REVOCATE\u00a0 LE RICERCHE DEL MINORE, IN QUANTO LO STESSO E\u2019 RIENTRATO A CASA DELLA MADRE A CONEGLIANO<\/h3>\n<p>DALLA PREFETTURA: Si comunica che il minore KHALLOUKI Badreddine nato a Conegliano (TV) il 5 marzo 2003 e domiciliato a Feltre (BL)\u00a0\u00e8 stato rintracciato in buona salute.<\/p>\n<p>&nbsp;<\/p>\n<p>&nbsp;<\/p>\n<h3>DA LUNEDI TRAFFICO A SINGHIOZZO IN LOCALITA&#8217; GHISEL ALL&#8217;ALTEZZA DELLA GALLERIA<\/h3>\n<p><strong>REGIONALE 203 AGORDINA<\/strong> Dalle 8 alle 12 e dalle 13.30 alle 17.30, dal 28 ottobre al 15 novembre senso unico alternato con possibili interruzioni della durata massima di 20 minuti per i lavori di rimozione piante, pulizia del versante e posa di rete di protezione.<\/p>\n<p>&nbsp;<\/p>\n<blockquote><p><strong>SAN TOMASO <\/strong><em>Gestione Servizi Pubblici informa che a SAN TOMASO AGORDINO nelle LOCALITA&#8217; PECOL E PIAIA, ed a\u00a0 <\/em><em>CENCENIGHE AGORDINO nelle vie CAMPO, TORINO, PENNSYLVANIA, M. DE BIASIO e XX SETTEMBRE l&#8217;acqua erogata dall&#8217;acquedotto non \u00e8 potabile e pu\u00f2 essere usata per scopi alimentari SOLO PREVIA bollitura.<\/em><em>\u00a0GSP ha, comunque, gi\u00e0 adottato le necessarie misure per la disinfezione dell&#8217;acqua presente nei serbatoi e nella rete idrica con l&#8217;aggiunta di cloro. Ulteriori informazioni saranno fornite nei prossimi giorni.<\/em><\/p>\n<p>&nbsp;<\/p><\/blockquote>\n<p><strong>Per lavori alla rete idrica comunale DOMANI dalle 8.30 a FINE LAVORI, verr\u00e0 sospesa l\u2019erogazione dell\u2019acqua a ROCCA PIETORE, nelle LOCALITA&#8217; MALGA CIAPELA, SOTTOGUDA, PIAN, BOSCO VERDE, CONDIO, COL DI ROCCA, CAPOLUOGO, SORARU, PEZZEI, DIGONERA e SAS NEGHER. <\/strong><\/p>\n<p>&nbsp;<\/p>\n<p><strong>AGORDO<\/strong> Proroga dell&#8217;ordinanza di chiusura della strada comunale per Malga Framont fino al 15 novembre, rimane aperta nei fine settimana.<\/p>\n<p><strong>PROVINCIALE 8 DI SAN TOMASO.<\/strong> Dal 28 ottobre al 15 novembre interdizione totale al traffico dalle 8 alle 12.30 e dalel 14.20 alle 17.30, nelle altre ore senso unico con semaforo per realizzazione opere idrauliche.<\/p>\n<p><strong>TAIBON<\/strong> Istituzione di un divieto di transito a tutti i veicoli lungo la strada comunale della Valle di San Lucano in localit\u00e0 Scalette nel tratto interessato dal cantiere,fino\u00a0 a venerd\u00ec 25 ottobre 2019 chiusura a\u00a0 fasce orarie<\/p>\n<p>&nbsp;<\/p>\n<p>&nbsp;<\/p>\n<p>&nbsp;<\/p>\n<h3>SCIVOLA E SI INFORTUNA<\/h3>\n<p><strong>VALLE DI CADORE\u00a0<\/strong> Ieri mattina\u00a0 il Soccorso alpino di Pieve di Cadore \u00e8 stato allertato per una donna che era scivolata e si era procurata la sospetta frattura di una gamba, mentre con il marito si trovava in localit\u00e0 Vallesina. Una volta geolocalizzata, una squadra la ha raggiunta e prestato le prime cure. L&#8217;elicottero del Suem di Pieve di Cadore, sopraggiunto nel frattempo, ha poi sbarcato medico ed equipe medica. Imbarellata, A.F., 64 anni, di Valle di Cadore (BL), \u00e8 stata poi recuperata con il verricello e trasportata all&#8217;ospedale di Belluno.<\/p>\n<p>&nbsp;<\/p>\n<p>&nbsp;<\/p>\n<p>&nbsp;<\/p>\n<p>&nbsp;<\/p>\n<h3><span style=\"color: #ff0000;\">IL VIDEO DEL GIORNO<\/span><br \/>\nLa volpe e l&#8217;uva&#8230; di Jolanda all&#8217;Hotel Aurora di Saviner_Rocca Pietore<\/h3>\n<div style=\"width: 640px;\" class=\"wp-video\"><video class=\"wp-video-shortcode\" id=\"video-103358-1\" width=\"640\" height=\"352\" preload=\"metadata\" controls=\"controls\"><source type=\"video\/mp4\" src=\"http:\/\/www.radiopiu.net\/wordpress\/wp-content\/uploads\/2019\/10\/WhatsApp-Video-2019-10-22-at-17.19.20-1.mp4?_=1\" \/><a href=\"http:\/\/www.radiopiu.net\/wordpress\/wp-content\/uploads\/2019\/10\/WhatsApp-Video-2019-10-22-at-17.19.20-1.mp4\">http:\/\/www.radiopiu.net\/wordpress\/wp-content\/uploads\/2019\/10\/WhatsApp-Video-2019-10-22-at-17.19.20-1.mp4<\/a><\/video><\/div>\n<p>&nbsp;<\/p>\n<p>&nbsp;<\/p>\n<p>&nbsp;<\/p>\n<h3><a class=\"dt-pswp-item\" href=\"http:\/\/www.radiopiu.net\/wordpress\/wp-content\/uploads\/2019\/10\/73044599_2495711487180515_4952199207566966784_n.jpg\" data-dt-img-description=\"\" data-large_image_width=\"960\" data-large_image_height=\"683\"><img loading=\"lazy\" decoding=\"async\" class=\"alignleft wp-image-103466\" src=\"http:\/\/www.radiopiu.net\/wordpress\/wp-content\/uploads\/2019\/10\/73044599_2495711487180515_4952199207566966784_n-300x213.jpg\" alt=\"\" width=\"372\" height=\"264\" srcset=\"https:\/\/www.radiopiu.net\/wordpress\/wp-content\/uploads\/2019\/10\/73044599_2495711487180515_4952199207566966784_n-300x213.jpg 300w, https:\/\/www.radiopiu.net\/wordpress\/wp-content\/uploads\/2019\/10\/73044599_2495711487180515_4952199207566966784_n-768x546.jpg 768w, https:\/\/www.radiopiu.net\/wordpress\/wp-content\/uploads\/2019\/10\/73044599_2495711487180515_4952199207566966784_n.jpg 960w\" sizes=\"auto, (max-width: 372px) 100vw, 372px\" \/><\/a>LA FOTO DEL GIORNO, DI DUILIO DA CAMPO<\/h3>\n<p><strong>VOLTAGO\u00a0 Giorno di festa dedicato agli anziani del paese con la messa e il pranzo \u00a0alla Casa Alpina di Piandison con musica, lotteria e regali.<\/strong><\/p>\n<p><strong>Il tutto \u00e8 stato reso possibile ancora una volta grazie alla grande forza del volontariato locale<\/strong><\/p>\n<p>&nbsp;<\/p>\n<p>&nbsp;<\/p>\n<p>&nbsp;<\/p>\n<h3><\/h3>\n<h3><\/h3>\n<h3><\/h3>\n<h3><\/h3>\n<blockquote>\n<h3><\/h3>\n<\/blockquote>\n<h3><\/h3>\n<p>&nbsp;<\/p>\n<p>&nbsp;<\/p>\n<blockquote>\n<h1>SAN TOMASO E LE SUE FRAZIONI, UN ANNO DOPO VAIA<\/h1>\n<\/blockquote>\n<p><strong><a class=\"dt-pswp-item\" href=\"http:\/\/www.radiopiu.net\/wordpress\/wp-content\/uploads\/2019\/10\/ca1defb1-af19-44ed-a092-855d5fefdbab.jpg\" data-dt-img-description=\"\" data-large_image_width=\"1440\" data-large_image_height=\"720\"><img loading=\"lazy\" decoding=\"async\" class=\"alignleft wp-image-103398\" src=\"http:\/\/www.radiopiu.net\/wordpress\/wp-content\/uploads\/2019\/10\/ca1defb1-af19-44ed-a092-855d5fefdbab-300x150.jpg\" alt=\"\" width=\"270\" height=\"135\" srcset=\"https:\/\/www.radiopiu.net\/wordpress\/wp-content\/uploads\/2019\/10\/ca1defb1-af19-44ed-a092-855d5fefdbab-300x150.jpg 300w, https:\/\/www.radiopiu.net\/wordpress\/wp-content\/uploads\/2019\/10\/ca1defb1-af19-44ed-a092-855d5fefdbab-768x384.jpg 768w, https:\/\/www.radiopiu.net\/wordpress\/wp-content\/uploads\/2019\/10\/ca1defb1-af19-44ed-a092-855d5fefdbab-1024x512.jpg 1024w, https:\/\/www.radiopiu.net\/wordpress\/wp-content\/uploads\/2019\/10\/ca1defb1-af19-44ed-a092-855d5fefdbab.jpg 1440w\" sizes=\"auto, (max-width: 270px) 100vw, 270px\" \/><\/a>SAN TOMASO<\/strong> In localit\u00e0 Pianezze, una delle 24 frazioni a 1200 metri sul mare arrampicata sulla roccia, abbiamo incontrato il sindaco Moreno De Val, gli abbiamo rubato una mezz&#8217;oretta del suo tempo mentre stava spostando mattoni da un camion, che \u00e8 il suo lavoro. Il tempo di sbattersi la polvere di dosso e poi via con una lunga chiacchierata. Le strade messe in sicurezza dopo l&#8217;uragano di un anno fa (1 milione 600 mila euro di lavori appaltati),\u00a0 gli alberi da rialzare,\u00a0 operazioni tutt&#8217;altro che semplici perch\u00e9 San Tomaso si sviluppa tutto in verticale e le ditte, anche quelle che gi\u00e0 hanno versato il pattuito fanno fatica ad avviare i cantieri. L&#8217;Enel che non ha perso tempo a ripristinare linee, tirare su tralicci, interrare\u00a0 cavi e dall&#8217;altra la Telecom anche in questo caso &#8220;latitante&#8221; nel dopo emergenza, le linee telefoniche sono a rischio come il primo novembre di un anno fa, cavi a terra <em>&#8220;gli passano sopra con le ruote delle macchine&#8221;<\/em> dir\u00e0 il primo cittadino, deluso e rattristato per il comportamento della compagnia telefonica. Molto \u00e8 stato fatto a San Tomaso, lo si vede osservando le ripe messe in sicurezza, le strade rese transitabili anche se ancora mancano le protezioni, i corsi d&#8217;acqua regimati e pronti ad accogliere le prossime piene.<em> &#8220;Pi\u00f9 di cos\u00ec non potevamo fare, se qualcuno ha la bacchetta magica venga al mio posto&#8221;,<\/em> taglia corto il primo cittadino che non nega come molto sia ancora da fare, soprattutto nei boschi (30 mila metri cubi di legname da avviare alle segherie) <em>&#8220;perch\u00e9 qui viviamo in pendenza&#8221;, <\/em>\u00a0ma\u00a0 le difficolt\u00e0 erano prevedibili fin da quel 29 ottobre di un anno fa. Nel primo video con Moreno De Val raccontiamo questo, nel secondo partendo da Canacede scendiamo fino a Pian, dal luogo di partenza della Zip Line al cantiere dove \u00e8 in costruzione la parete verticale, un&#8217;altra attrazione turistica per una San Tomaso che crede nel turismo, nell&#8217;ospitalit\u00e0 turistica, negli importanti investimenti d&#8217;area vasta dei fondi di confine. Perch\u00e9 l&#8217;uragano ha scosso ma non ha fermato n\u00e8 idee n\u00e8 progetti.<\/p>\n<h2>PRIMO VIDEO, L&#8217;INTERVISTA A MORENO DE VAL<\/h2>\n<p><iframe loading=\"lazy\" title=\"VID 20191022 104632\" width=\"1200\" height=\"675\" src=\"https:\/\/www.youtube.com\/embed\/wzv8pgSrnpI?feature=oembed\" frameborder=\"0\" allow=\"accelerometer; autoplay; encrypted-media; gyroscope; picture-in-picture\" allowfullscreen><\/iframe><\/p>\n<h2>SECONDO VIDEO, DA CANACEDE AL NUOVO CANTIERE DI PIAN DOVE PROPRIO IERI SONO ARRIVATE DALL&#8217;AUSTRIA LE TRAVATURE PER LA MODERNA STRUTTURA CHE VERRA&#8217; REALIZZATA<\/h2>\n<p><iframe loading=\"lazy\" title=\"CANACEDE-PIAN\" width=\"1200\" height=\"675\" src=\"https:\/\/www.youtube.com\/embed\/4vczUyuR_1g?feature=oembed\" frameborder=\"0\" allow=\"accelerometer; autoplay; encrypted-media; gyroscope; picture-in-picture\" allowfullscreen><\/iframe><\/p>\n<h3>GALLERIA FOTO, WORK IN PROGRESS&#8230;<\/h3>\n<p><a class=\"dt-pswp-item\" href=\"http:\/\/www.radiopiu.net\/wordpress\/wp-content\/uploads\/2019\/10\/IMG_20191022_112402.jpg\" data-dt-img-description=\"\" data-large_image_width=\"4608\" data-large_image_height=\"3456\"><img loading=\"lazy\" decoding=\"async\" class=\"alignleft wp-image-103362\" src=\"http:\/\/www.radiopiu.net\/wordpress\/wp-content\/uploads\/2019\/10\/IMG_20191022_112402-300x225.jpg\" alt=\"\" width=\"292\" height=\"219\" srcset=\"https:\/\/www.radiopiu.net\/wordpress\/wp-content\/uploads\/2019\/10\/IMG_20191022_112402-300x225.jpg 300w, https:\/\/www.radiopiu.net\/wordpress\/wp-content\/uploads\/2019\/10\/IMG_20191022_112402-768x576.jpg 768w, https:\/\/www.radiopiu.net\/wordpress\/wp-content\/uploads\/2019\/10\/IMG_20191022_112402-1024x768.jpg 1024w\" sizes=\"auto, (max-width: 292px) 100vw, 292px\" \/><\/a><\/p>\n<p><a class=\"dt-pswp-item\" href=\"http:\/\/www.radiopiu.net\/wordpress\/wp-content\/uploads\/2019\/10\/IMG_20191022_112355.jpg\" data-dt-img-description=\"\" data-large_image_width=\"4608\" data-large_image_height=\"3456\"><img loading=\"lazy\" decoding=\"async\" class=\"size-medium wp-image-103361 alignnone\" src=\"http:\/\/www.radiopiu.net\/wordpress\/wp-content\/uploads\/2019\/10\/IMG_20191022_112355-300x225.jpg\" alt=\"\" width=\"300\" height=\"225\" srcset=\"https:\/\/www.radiopiu.net\/wordpress\/wp-content\/uploads\/2019\/10\/IMG_20191022_112355-300x225.jpg 300w, https:\/\/www.radiopiu.net\/wordpress\/wp-content\/uploads\/2019\/10\/IMG_20191022_112355-768x576.jpg 768w, https:\/\/www.radiopiu.net\/wordpress\/wp-content\/uploads\/2019\/10\/IMG_20191022_112355-1024x768.jpg 1024w\" sizes=\"auto, (max-width: 300px) 100vw, 300px\" \/><\/a><\/p>\n<p><a class=\"dt-pswp-item\" href=\"http:\/\/www.radiopiu.net\/wordpress\/wp-content\/uploads\/2019\/10\/IMG_20191022_112252.jpg\" data-dt-img-description=\"\" data-large_image_width=\"3456\" data-large_image_height=\"4608\"><img loading=\"lazy\" decoding=\"async\" class=\"alignleft wp-image-103364\" src=\"http:\/\/www.radiopiu.net\/wordpress\/wp-content\/uploads\/2019\/10\/IMG_20191022_112252-225x300.jpg\" alt=\"\" width=\"191\" height=\"255\" srcset=\"https:\/\/www.radiopiu.net\/wordpress\/wp-content\/uploads\/2019\/10\/IMG_20191022_112252-225x300.jpg 225w, https:\/\/www.radiopiu.net\/wordpress\/wp-content\/uploads\/2019\/10\/IMG_20191022_112252-768x1024.jpg 768w\" sizes=\"auto, (max-width: 191px) 100vw, 191px\" \/><\/a><a class=\"dt-pswp-item\" href=\"http:\/\/www.radiopiu.net\/wordpress\/wp-content\/uploads\/2019\/10\/IMG_20191022_112150.jpg\" data-dt-img-description=\"\" data-large_image_width=\"3456\" data-large_image_height=\"4608\">\u00a0<\/a><a class=\"dt-pswp-item\" href=\"http:\/\/www.radiopiu.net\/wordpress\/wp-content\/uploads\/2019\/10\/IMG_20191022_112348.jpg\" data-dt-img-description=\"\" data-large_image_width=\"3456\" data-large_image_height=\"4608\"><img loading=\"lazy\" decoding=\"async\" class=\"alignleft wp-image-103359\" src=\"http:\/\/www.radiopiu.net\/wordpress\/wp-content\/uploads\/2019\/10\/IMG_20191022_112348-225x300.jpg\" alt=\"\" width=\"193\" height=\"257\" srcset=\"https:\/\/www.radiopiu.net\/wordpress\/wp-content\/uploads\/2019\/10\/IMG_20191022_112348-225x300.jpg 225w, https:\/\/www.radiopiu.net\/wordpress\/wp-content\/uploads\/2019\/10\/IMG_20191022_112348-768x1024.jpg 768w\" sizes=\"auto, (max-width: 193px) 100vw, 193px\" \/><\/a><a class=\"dt-pswp-item\" href=\"http:\/\/www.radiopiu.net\/wordpress\/wp-content\/uploads\/2019\/10\/IMG_20191022_112150.jpg\" data-dt-img-description=\"\" data-large_image_width=\"3456\" data-large_image_height=\"4608\"><img loading=\"lazy\" decoding=\"async\" class=\"alignleft wp-image-103363\" src=\"http:\/\/www.radiopiu.net\/wordpress\/wp-content\/uploads\/2019\/10\/IMG_20191022_112150-225x300.jpg\" alt=\"\" width=\"194\" height=\"259\" srcset=\"https:\/\/www.radiopiu.net\/wordpress\/wp-content\/uploads\/2019\/10\/IMG_20191022_112150-225x300.jpg 225w, https:\/\/www.radiopiu.net\/wordpress\/wp-content\/uploads\/2019\/10\/IMG_20191022_112150-768x1024.jpg 768w\" sizes=\"auto, (max-width: 194px) 100vw, 194px\" \/><\/a><\/p>\n<p>&nbsp;<\/p>\n<p>&nbsp;<\/p>\n<h3><\/h3>\n<h3><\/h3>\n<h3><\/h3>\n<h3><\/h3>\n<h3><\/h3>\n<h3><\/h3>\n<h3><\/h3>\n<p>&nbsp;<\/p>\n<p>&nbsp;<\/p>\n<p>&nbsp;<\/p>\n<p>&nbsp;<\/p>\n<p>&nbsp;<\/p>\n<p>&nbsp;<\/p>\n<p>&nbsp;<\/p>\n<p>&nbsp;<\/p>\n<p>&nbsp;<\/p>\n<h3>LIVINALLONGO L&#8217; ESBOSCO CONTINUA<\/h3>\n<h3><a class=\"dt-pswp-item\" href=\"http:\/\/www.radiopiu.net\/wordpress\/wp-content\/uploads\/2019\/10\/098b6d8f-5a8e-4e3d-a331-ac8768c83c18.jpg\" data-dt-img-description=\"\" data-large_image_width=\"1024\" data-large_image_height=\"766\"><img loading=\"lazy\" decoding=\"async\" class=\"alignleft wp-image-103341\" src=\"http:\/\/www.radiopiu.net\/wordpress\/wp-content\/uploads\/2019\/10\/098b6d8f-5a8e-4e3d-a331-ac8768c83c18-300x224.jpg\" alt=\"\" width=\"216\" height=\"161\" srcset=\"https:\/\/www.radiopiu.net\/wordpress\/wp-content\/uploads\/2019\/10\/098b6d8f-5a8e-4e3d-a331-ac8768c83c18-300x224.jpg 300w, https:\/\/www.radiopiu.net\/wordpress\/wp-content\/uploads\/2019\/10\/098b6d8f-5a8e-4e3d-a331-ac8768c83c18-768x575.jpg 768w, https:\/\/www.radiopiu.net\/wordpress\/wp-content\/uploads\/2019\/10\/098b6d8f-5a8e-4e3d-a331-ac8768c83c18.jpg 1024w\" sizes=\"auto, (max-width: 216px) 100vw, 216px\" \/><\/a><\/h3>\n<p><strong>LIVINALLONGO<\/strong> Terza asta a buon fine, altri 77 mila euro per il Comune dai quattro lotti di 4800 metri cubi di bosco schiantato da Vaia. dAI 13 ai 19 euro a metro cubo tra Salesei e Federa. 45 mila sono i metri cubi di legname venduto, il 22 per cento della massa complessiva pubblica e privata a terra\u00a0 su una superficie di oltre 700 ettari, il 15 per cento del bosco. Un danno incalcolabile per uno dei Comuni pi\u00f9 colpiti del bellunese. Rimane il problema dei siti valanghivi, delle segherie intasate e della Cina che non acquister\u00e0 all&#8217;infinito. L&#8217;altro problema \u00e8 il bostrico.<\/p>\n<p><strong>AI MICROFONI DI RADIO PIU&#8217; IL SINDACO LEANDRO GRONES<\/strong><\/p>\n<audio class=\"wp-audio-shortcode\" id=\"audio-103358-1\" preload=\"none\" style=\"width: 100%;\" controls=\"controls\"><source type=\"audio\/mpeg\" src=\"http:\/\/www.radiopiu.net\/wordpress\/wp-content\/uploads\/2019\/10\/leandro-1.mp3?_=1\" \/><a href=\"http:\/\/www.radiopiu.net\/wordpress\/wp-content\/uploads\/2019\/10\/leandro-1.mp3\">http:\/\/www.radiopiu.net\/wordpress\/wp-content\/uploads\/2019\/10\/leandro-1.mp3<\/a><\/audio>\n<p>&nbsp;<\/p>\n<h3><a class=\"dt-pswp-item\" href=\"http:\/\/www.radiopiu.net\/wordpress\/wp-content\/uploads\/2019\/10\/e1712878-2613-4030-842f-980f01d5ceca.jpg\" data-dt-img-description=\"\" data-large_image_width=\"1024\" data-large_image_height=\"768\"><img loading=\"lazy\" decoding=\"async\" class=\"alignleft wp-image-103344\" src=\"http:\/\/www.radiopiu.net\/wordpress\/wp-content\/uploads\/2019\/10\/e1712878-2613-4030-842f-980f01d5ceca-300x225.jpg\" alt=\"\" width=\"176\" height=\"132\" srcset=\"https:\/\/www.radiopiu.net\/wordpress\/wp-content\/uploads\/2019\/10\/e1712878-2613-4030-842f-980f01d5ceca-300x225.jpg 300w, https:\/\/www.radiopiu.net\/wordpress\/wp-content\/uploads\/2019\/10\/e1712878-2613-4030-842f-980f01d5ceca-768x576.jpg 768w, https:\/\/www.radiopiu.net\/wordpress\/wp-content\/uploads\/2019\/10\/e1712878-2613-4030-842f-980f01d5ceca.jpg 1024w\" sizes=\"auto, (max-width: 176px) 100vw, 176px\" \/><\/a><a class=\"dt-pswp-item\" href=\"http:\/\/www.radiopiu.net\/wordpress\/wp-content\/uploads\/2019\/10\/390fee7e-76b1-4ca4-9de7-7fcd4258007f.jpg\" data-dt-img-description=\"\" data-large_image_width=\"1024\" data-large_image_height=\"575\"><img loading=\"lazy\" decoding=\"async\" class=\"alignleft wp-image-103343\" src=\"http:\/\/www.radiopiu.net\/wordpress\/wp-content\/uploads\/2019\/10\/390fee7e-76b1-4ca4-9de7-7fcd4258007f-300x168.jpg\" alt=\"\" width=\"233\" height=\"131\" srcset=\"https:\/\/www.radiopiu.net\/wordpress\/wp-content\/uploads\/2019\/10\/390fee7e-76b1-4ca4-9de7-7fcd4258007f-300x168.jpg 300w, https:\/\/www.radiopiu.net\/wordpress\/wp-content\/uploads\/2019\/10\/390fee7e-76b1-4ca4-9de7-7fcd4258007f-768x431.jpg 768w, https:\/\/www.radiopiu.net\/wordpress\/wp-content\/uploads\/2019\/10\/390fee7e-76b1-4ca4-9de7-7fcd4258007f.jpg 1024w\" sizes=\"auto, (max-width: 233px) 100vw, 233px\" \/><\/a><a class=\"dt-pswp-item\" href=\"http:\/\/www.radiopiu.net\/wordpress\/wp-content\/uploads\/2019\/10\/beca59dc-b147-4cb5-8f4d-e1f62705567a.jpg\" data-dt-img-description=\"\" data-large_image_width=\"1024\" data-large_image_height=\"602\"><img loading=\"lazy\" decoding=\"async\" class=\"alignleft wp-image-103342\" src=\"http:\/\/www.radiopiu.net\/wordpress\/wp-content\/uploads\/2019\/10\/beca59dc-b147-4cb5-8f4d-e1f62705567a-300x176.jpg\" alt=\"\" width=\"216\" height=\"127\" srcset=\"https:\/\/www.radiopiu.net\/wordpress\/wp-content\/uploads\/2019\/10\/beca59dc-b147-4cb5-8f4d-e1f62705567a-300x176.jpg 300w, https:\/\/www.radiopiu.net\/wordpress\/wp-content\/uploads\/2019\/10\/beca59dc-b147-4cb5-8f4d-e1f62705567a-768x452.jpg 768w, https:\/\/www.radiopiu.net\/wordpress\/wp-content\/uploads\/2019\/10\/beca59dc-b147-4cb5-8f4d-e1f62705567a.jpg 1024w\" sizes=\"auto, (max-width: 216px) 100vw, 216px\" \/><\/a><\/h3>\n<p>&nbsp;<\/p>\n<p>&nbsp;<\/p>\n<p>&nbsp;<\/p>\n<h3><\/h3>\n<h3><\/h3>\n<p>&nbsp;<\/p>\n<p>&nbsp;<\/p>\n<h3>ESORDIO A MERANO PER DENNI DORIGO IN RAPPRESENTANZA DELLA COMUNITA&#8217; LADINA DI LIVINALLONGO-COLLE E AMPEZZO<\/h3>\n<p><strong><a class=\"dt-pswp-item\" href=\"http:\/\/www.radiopiu.net\/wordpress\/wp-content\/uploads\/2017\/10\/DORIGO.jpg\" data-dt-img-description=\"\" data-large_image_width=\"960\" data-large_image_height=\"959\"><img loading=\"lazy\" decoding=\"async\" class=\"wp-image-37147 alignleft\" src=\"http:\/\/www.radiopiu.net\/wordpress\/wp-content\/uploads\/2017\/10\/DORIGO-300x300.jpg\" alt=\"\" width=\"119\" height=\"119\" \/><\/a>LIVINALLONGO<\/strong> Le amministrazioni comunali di Livinallongo, Colle Santa Lucia e Ampezzo hanno scelto il rappresentante all&#8217;interno di Europa Regione (Euregio). Si tratta di Denni Dorigo, gi\u00e0 direttore dell&#8217;Istitut Culturale Ladin Cesa De Jan di Colle Santa Lucia, lo abbiamo sentito ai nostri microfoni. Dorigo ha gi\u00e0 partecipato alla seduta di Merano della commissione interregionale prendendo in esame varie proposte di mozioni riguardanti il sostegno della lingua e cultura ladina.<\/p>\n<p><strong>DENNI DORIGO<\/strong><\/p>\n<audio class=\"wp-audio-shortcode\" id=\"audio-103358-2\" preload=\"none\" style=\"width: 100%;\" controls=\"controls\"><source type=\"audio\/mpeg\" src=\"http:\/\/www.radiopiu.net\/wordpress\/wp-content\/uploads\/2019\/10\/denni.mp3?_=2\" \/><a href=\"http:\/\/www.radiopiu.net\/wordpress\/wp-content\/uploads\/2019\/10\/denni.mp3\">http:\/\/www.radiopiu.net\/wordpress\/wp-content\/uploads\/2019\/10\/denni.mp3<\/a><\/audio>\n<blockquote><p><strong>L&#8217;ESORDIO A MERANO<\/strong> Alla \u00a0Draier Lantag (seduta congiunta delle assemblee legislative delle Euregio) che si \u00e8 svolta nel bellissimo teatro Kursaal, <em>&#8220;Dove\u00a0 dice Dorigo &#8211; ho avuto la possibilit\u00e0 di prendere la parola davanti ai tre governatori del Tirolo, Sud Tirolo e Trentino, rivolgendomi all&#8217;intera dieta tirolese&#8221;.<\/em><\/p><\/blockquote>\n<p><a class=\"dt-pswp-item\" href=\"http:\/\/www.radiopiu.net\/wordpress\/wp-content\/uploads\/2019\/10\/eb6b90ae-756c-4056-9287-2184a938e354.jpg\" data-dt-img-description=\"\" data-large_image_width=\"1600\" data-large_image_height=\"1200\"><img loading=\"lazy\" decoding=\"async\" class=\"size-medium wp-image-103488 alignleft\" src=\"http:\/\/www.radiopiu.net\/wordpress\/wp-content\/uploads\/2019\/10\/eb6b90ae-756c-4056-9287-2184a938e354-300x225.jpg\" alt=\"\" width=\"300\" height=\"225\" srcset=\"https:\/\/www.radiopiu.net\/wordpress\/wp-content\/uploads\/2019\/10\/eb6b90ae-756c-4056-9287-2184a938e354-300x225.jpg 300w, https:\/\/www.radiopiu.net\/wordpress\/wp-content\/uploads\/2019\/10\/eb6b90ae-756c-4056-9287-2184a938e354-768x576.jpg 768w, https:\/\/www.radiopiu.net\/wordpress\/wp-content\/uploads\/2019\/10\/eb6b90ae-756c-4056-9287-2184a938e354-1024x768.jpg 1024w, https:\/\/www.radiopiu.net\/wordpress\/wp-content\/uploads\/2019\/10\/eb6b90ae-756c-4056-9287-2184a938e354.jpg 1600w\" sizes=\"auto, (max-width: 300px) 100vw, 300px\" \/><\/a>L&#8217;<b>Euregio Tirolo-Alto Adige-Trentino<\/b>\u00a0(<i>Europaregion Tirol-S\u00fcdtirol-Trentino<\/i>\u00a0in\u00a0<a title=\"Lingua tedesca\" href=\"https:\/\/it.wikipedia.org\/wiki\/Lingua_tedesca\">tedesco<\/a>,\u00a0<i>Europaregion Tirol-S\u00fcdtirol-Trentin<\/i>\u00a0in\u00a0<a title=\"Lingua ladina\" href=\"https:\/\/it.wikipedia.org\/wiki\/Lingua_ladina\">ladino<\/a>,\u00a0<i>European Region Tyrol-South Tyrol-Trentino<\/i>\u00a0in\u00a0<a title=\"Lingua inglese\" href=\"https:\/\/it.wikipedia.org\/wiki\/Lingua_inglese\">inglese<\/a><sup id=\"cite_ref-1\" class=\"reference\"><\/sup>) \u00e8 un progetto comune di collaborazione transfrontaliera composto dallo stato federato\u00a0<a title=\"Austria\" href=\"https:\/\/it.wikipedia.org\/wiki\/Austria\">austriaco<\/a>\u00a0del\u00a0<a title=\"Tirolo (Austria)\" href=\"https:\/\/it.wikipedia.org\/wiki\/Tirolo_(Austria)\">Tirolo<\/a>\u00a0e dalla regione\u00a0<a title=\"Italia\" href=\"https:\/\/it.wikipedia.org\/wiki\/Italia\">italiana<\/a>\u00a0del\u00a0<a title=\"Trentino-Alto Adige\" href=\"https:\/\/it.wikipedia.org\/wiki\/Trentino-Alto_Adige\">Trentino-Alto Adige<\/a>; queste aree formano l&#8217;<a title=\"Euroregione\" href=\"https:\/\/it.wikipedia.org\/wiki\/Euroregione\">euroregione<\/a>. L&#8217;ente di\u00a0<a title=\"Diritto dell'Unione europea\" href=\"https:\/\/it.wikipedia.org\/wiki\/Diritto_dell%27Unione_europea\">diritto comunitario<\/a>\u00a0corrisponde con buona approssimazione al territorio della regione storica del\u00a0<a title=\"Tirolo\" href=\"https:\/\/it.wikipedia.org\/wiki\/Tirolo\">Tirolo<\/a> ex asburgico dal 1815 al 1918. Il 27 gennaio 1993 l&#8217;Italia e l&#8217;Austria conclusero un accordo sulla collaborazione transfrontaliera. Nell&#8217;ottobre 1995 venne aperto un ufficio di rappresentanza comune alle tre province a Bruxelles che fu inizialmente fortemente osteggiato dalla <a title=\"Italia\" href=\"https:\/\/it.wikipedia.org\/wiki\/Italia\">Repubblica Italiana<\/a>\u00a0che apr\u00ec un contenzioso dinnanzi la\u00a0<a title=\"Corte costituzionale\" href=\"https:\/\/it.wikipedia.org\/wiki\/Corte_costituzionale\">Corte costituzionale<\/a>.<sup id=\"cite_ref-Euregio_2-0\" class=\"reference\"><\/sup>\u00a0Nel 1998 le tre giunte locali sottoscrissero una propria convenzione sulla collaborazione transfrontaliera che coincise temporalmente all&#8217;apertura delle frontiere in base al\u00a0<a class=\"mw-redirect\" title=\"Trattato di Schengen\" href=\"https:\/\/it.wikipedia.org\/wiki\/Trattato_di_Schengen\">Trattato di Schengen<\/a> del 1985. <sup id=\"cite_ref-Euregio_2-1\" class=\"reference\"><\/sup>Si pu\u00f2 affermare che tale regione ha le sue radici storiche ben fondate nel\u00a0<i><a title=\"Landlibell\" href=\"https:\/\/it.wikipedia.org\/wiki\/Landlibell\">Landlibell<\/a><\/i> del 1511. (Wikipedia)<sup id=\"cite_ref-3\" class=\"reference\"><\/sup><\/p>\n<p>&nbsp;<\/p>\n<p>&nbsp;<\/p>\n<p>&nbsp;<\/p>\n<p>&nbsp;<\/p>\n<h3>CONSEGNATO A GIOVANNI MINOLI (GIORNALISTA), ELEONORA MAZZONI (ATTRICE), GIOVANNI ANDREA ZANON (VIOLINISTA) E ALL\u2019ASSOCIAZIONE CARABINIERI DI SANTA GIUSTINA (BELLUNO) IL PREMIO \u201cGIOVANNI PAOLO I\u201d.<\/h3>\n<p><strong><a class=\"dt-pswp-item\" href=\"http:\/\/www.radiopiu.net\/wordpress\/wp-content\/uploads\/2019\/10\/foto-anc-santa-giustina.jpg\" data-dt-img-description=\"\" data-large_image_width=\"640\" data-large_image_height=\"640\"><img loading=\"lazy\" decoding=\"async\" class=\"alignleft wp-image-103381\" src=\"http:\/\/www.radiopiu.net\/wordpress\/wp-content\/uploads\/2019\/10\/foto-anc-santa-giustina-300x300.jpg\" alt=\"\" width=\"260\" height=\"260\" srcset=\"https:\/\/www.radiopiu.net\/wordpress\/wp-content\/uploads\/2019\/10\/foto-anc-santa-giustina-300x300.jpg 300w, https:\/\/www.radiopiu.net\/wordpress\/wp-content\/uploads\/2019\/10\/foto-anc-santa-giustina-150x150.jpg 150w, https:\/\/www.radiopiu.net\/wordpress\/wp-content\/uploads\/2019\/10\/foto-anc-santa-giustina.jpg 640w\" sizes=\"auto, (max-width: 260px) 100vw, 260px\" \/><\/a>SANTA GIUSTINA\u00a0\u00a0<\/strong>Si terr\u00e0 sabato alle 18 presso la sala parrocchiale di Santa Giustina (Belluno) la cerimonia di consegna del premio \u201cGiovanni Paolo I\u201d ideato dal giornalista Michelangelo De Don\u00e0.\u00a0 <strong>Giovanni Minoli<\/strong> \u00e8 giornalista, autore e conduttore televisivo e radiofonico, ha creato alcuni dei programmi storici di approfondimento e intrattenimento della Rai.\u00a0<strong> Giovanni Andrea Zanon<\/strong> suona il violino da quando aveva due anni e viene ammesso al conservatorio di Padova all\u2019et\u00e0 di quattro anni, risultando essere il pi\u00f9 giovane ammesso nella storia delle istituzioni musicali statali italiane. <strong>Eleonora Mazzoni<\/strong> inizia la sua formazione di attrice alla Scuola di Teatro di Bologna diretta da Galante Garrone nel 1990-1993. Al cinema debutta con Maselli in \u201cCronache del terzo millennio\u201d che partecipa al Festival di Venezia nel1996, nel cast di \u201cTre uomini e una gamba\u201d e \u201cVolevo solo dormirle addosso\u201d.\u00a0 <strong>Associazione Carabinieri di S. Giustina<\/strong> per l\u2019impegno e i servizi svolti a favore della comunit\u00e0 locale (assistenza alle manifestazioni, controllo all\u2019uscita da scuola degli studenti, sistemazione e recupero dell\u2019area stazione ferroviaria, realizzazione delle stele ai caduti di Nassiriya). Questi nominativi sono stati individuati da un apposito comitato d\u2019onore del premio.\u00a0 Diverse le novit\u00e0 annunciate dall\u2019organizzatore De Don\u00e0 sia per il premio \u201cGiovanni Paolo I\u201d sia per la rassegna culturale \u201cIllustrissimi\u201d che nel 2020 festegger\u00e0 il venticinquesimo anno di attivit\u00e0: tra le altre un comitato organizzatore di alto livello scientifico e la forma itinerante delle due iniziative con tappe anche fuori provincia (Roma, Milano e Assisi).<\/p>\n<p>&nbsp;<\/p>\n<p>&nbsp;<\/p>\n<p>&nbsp;<\/p>\n<p>&nbsp;<\/p>\n<p>&nbsp;<\/p>\n<h3>STRADA E PEDONI PIU&#8217; SICURI IN VIA DEL FAVERO CON IL SENSO UNICO E LE TRANSENNE<\/h3>\n<p><strong>BELLUNO<\/strong>\u00a0 \u00c8 stata firmata l&#8217;ordinanza del Comandante della Polizia\u00a0 Locale Gustavo Dalla C\u00e0 che istituisce il senso unico alternato in Via Del Favero, a Castion. La modifica alla viabilit\u00e0 si \u00e8 resa necessaria dall&#8217;installazione di alcune transenne para-pedoni, posa che porta a un restringimento della carreggiata. Novit\u00e0 nata dall&#8217;incontro con i residenti di Castion e l&#8217;amministrazione comunale. Inizialmente Il Comune aveva pensato all&#8217;istituzione del senso unico sull&#8217;intera via, ma poi le possibili ricadute sulle strade limitrofe e l&#8217;avvio del cantiere per la costruzione della nuova farmacia di Via Moro, che ha comportato nuove modifiche alla viabilit\u00e0, hanno fatto propendere per una soluzione\u00a0 con transenne para-pedoni sulla carreggiata, lungo il lato destro andando in salita.\u00a0 Le transenne saranno infatti posizionate dall&#8217;altezza del civico 36\/A fino all&#8217;incrocio con Via Pian delle Feste; per ovviare al restringimento della carreggiata, una volta ultimati i lavori di installazione, nella strettoia sar\u00e0 istituito il senso unico alternato, con precedenza per i veicoli che procedono in salita da Via De Amicis verso Via Pian delle Feste.<em> &#8220;Con questo intervento &#8211; dice l&#8217;assessore Stefania Ganz &#8211;\u00a0 vogliamo dare una risposta alle richieste che ci sono arrivate dai residenti, garantendo maggior sicurezza agli scolari, ai pedoni e alle auto che transitano in Via Del Favero per raggiungere le scuole o le attivit\u00e0 del Castionese&#8221;\u00a0<\/em><\/p>\n<p>&nbsp;<\/p>\n<p>&nbsp;<\/p>\n<p>&nbsp;<\/p>\n<h3><strong><span style=\"color: #ff0000;\">NONOSTANTE<\/span><\/strong><\/h3>\n<h2><a class=\"dt-pswp-item\" href=\"http:\/\/www.radiopiu.net\/wordpress\/wp-content\/uploads\/2019\/09\/nevegal-visentin-nogherazza.jpg\" data-dt-img-description=\"\" data-large_image_width=\"957\" data-large_image_height=\"714\"><img loading=\"lazy\" decoding=\"async\" class=\"alignleft size-medium wp-image-100022\" src=\"http:\/\/www.radiopiu.net\/wordpress\/wp-content\/uploads\/2019\/09\/nevegal-visentin-nogherazza-300x224.jpg\" alt=\"\" width=\"300\" height=\"224\" srcset=\"https:\/\/www.radiopiu.net\/wordpress\/wp-content\/uploads\/2019\/09\/nevegal-visentin-nogherazza-300x224.jpg 300w, https:\/\/www.radiopiu.net\/wordpress\/wp-content\/uploads\/2019\/09\/nevegal-visentin-nogherazza-768x573.jpg 768w, https:\/\/www.radiopiu.net\/wordpress\/wp-content\/uploads\/2019\/09\/nevegal-visentin-nogherazza.jpg 957w\" sizes=\"auto, (max-width: 300px) 100vw, 300px\" \/><\/a>CHI GESTIRA&#8217; GLI IMPIANTI DEL NEVEGAL&#8230; SE CI SARA&#8217; UNA STAGIONE PER IL COLLE BELLUNESE<\/h2>\n<p><strong>BELLUNO<\/strong><\/p>\n<p><strong>di DAMIANO TORMEN<\/strong><\/p>\n<audio class=\"wp-audio-shortcode\" id=\"audio-103358-3\" preload=\"none\" style=\"width: 100%;\" controls=\"controls\"><source type=\"audio\/mpeg\" src=\"http:\/\/www.radiopiu.net\/wordpress\/wp-content\/uploads\/2019\/10\/damiano-neveval.mp3?_=3\" \/><a href=\"http:\/\/www.radiopiu.net\/wordpress\/wp-content\/uploads\/2019\/10\/damiano-neveval.mp3\">http:\/\/www.radiopiu.net\/wordpress\/wp-content\/uploads\/2019\/10\/damiano-neveval.mp3<\/a><\/audio>\n<p>&nbsp;<\/p>\n<p>&nbsp;<\/p>\n<p>&nbsp;<\/p>\n<h3>SUI CAMBIAMENTI CLIMATICI CONFRONTO SINDACALE A ST. MORITZ<\/h3>\n<p><strong>BELLUNO<\/strong> Sar\u00e0 il segretario generale aggiunto della Cisl Belluno Treviso Rudy Roffar\u00e8 ad aprire, gioved\u00ec 24 ottobre a St Moritz, in Svizzera, il convegno annuale del Consiglio Sindacale Interregionale delle Alpi Centrali che riunisce le Organizzazioni sindacali di Trentino, Alto Adige &#8211; S\u00fcdtirol, provincia di Belluno, Tirolo (Austria) e Cantone dei Grigioni (Svizzera). Una delegazione delle Organizzazioni sindacali bellunesi composta da Mauro De Carli, Cinzia Bonan (Cgil) e Rudy Roffar\u00e8 (Cisl), parteciper\u00e0 al convegno.\u00a0 Roffar\u00e8, eletto due anni fa vicepresidente del CSI-AC interverr\u00e0\u00a0 sul tema\u00a0 \u201cLe conseguenze del cambiamento climatico sul lavoro nell\u2019arco alpino\u201d. A un anno dalla tempesta Vaia Roffar\u00e8 incentrer\u00e0 il suo intervento sull\u2019impatto ambientale, paesaggistico, <a class=\"dt-pswp-item\" href=\"http:\/\/www.radiopiu.net\/wordpress\/wp-content\/uploads\/2019\/10\/ROFFARE.jpg\" data-dt-img-description=\"\" data-large_image_width=\"225\" data-large_image_height=\"225\"><img loading=\"lazy\" decoding=\"async\" class=\"wp-image-101754 alignright\" src=\"http:\/\/www.radiopiu.net\/wordpress\/wp-content\/uploads\/2019\/10\/ROFFARE.jpg\" alt=\"\" width=\"146\" height=\"146\" srcset=\"https:\/\/www.radiopiu.net\/wordpress\/wp-content\/uploads\/2019\/10\/ROFFARE.jpg 225w, https:\/\/www.radiopiu.net\/wordpress\/wp-content\/uploads\/2019\/10\/ROFFARE-150x150.jpg 150w\" sizes=\"auto, (max-width: 146px) 100vw, 146px\" \/><\/a>economico e sociale di fenomeni atmosferici come quello che si \u00e8 abbattuto sulla provincia di Belluno un anno fa.\u00a0<em> \u201cCondividere esperienze con realt\u00e0 simili a quella bellunese &#8211; spiegano i rappresentanti di Cgil, Cisl e Uil territoriale &#8211; \u00e8 fondamentale per valorizzare le buone pratiche dei diversi territori e migliorarsi in un contesto di confronto con zone che devono affrontare i medesimi problemi demografici, infrastrutturali e climatici&#8221;.<\/em><\/p>\n<p><strong>AI MICROFONI DI RADIO PIU&#8217; RUDY ROFFARE&#8217;<\/strong><\/p>\n<audio class=\"wp-audio-shortcode\" id=\"audio-103358-4\" preload=\"none\" style=\"width: 100%;\" controls=\"controls\"><source type=\"audio\/mpeg\" src=\"http:\/\/www.radiopiu.net\/wordpress\/wp-content\/uploads\/2019\/10\/ROFFARE-1.mp3?_=4\" \/><a href=\"http:\/\/www.radiopiu.net\/wordpress\/wp-content\/uploads\/2019\/10\/ROFFARE-1.mp3\">http:\/\/www.radiopiu.net\/wordpress\/wp-content\/uploads\/2019\/10\/ROFFARE-1.mp3<\/a><\/audio>\n<p>&nbsp;<\/p>\n<p>&nbsp;<\/p>\n<p>&nbsp;<\/p>\n<p>&nbsp;<\/p>\n<h3>ACC, IL GOVERNO AFFRONTA LA CRISI AZIENDALE<\/h3>\n<p>DALLA RASSEGNA STAMPA, ROGER DE MENECH<\/p>\n<blockquote><audio class=\"wp-audio-shortcode\" id=\"audio-103358-5\" preload=\"none\" style=\"width: 100%;\" controls=\"controls\"><source type=\"audio\/mpeg\" src=\"http:\/\/www.radiopiu.net\/wordpress\/wp-content\/uploads\/2019\/10\/roger-3.mp3?_=5\" \/><a href=\"http:\/\/www.radiopiu.net\/wordpress\/wp-content\/uploads\/2019\/10\/roger-3.mp3\">http:\/\/www.radiopiu.net\/wordpress\/wp-content\/uploads\/2019\/10\/roger-3.mp3<\/a><\/audio>\n<p><em>Oggi la risposta all\u2019interrogazione di De Menech. Gioved\u00ec il tavolo al Mise<\/em><\/p><\/blockquote>\n<p><strong><a class=\"dt-pswp-item\" href=\"http:\/\/www.radiopiu.net\/wordpress\/wp-content\/uploads\/2019\/09\/Belluno-il-salvataggio-ACC-e-made-in-China-RP_medium.jpg\" data-dt-img-description=\"\" data-large_image_width=\"200\" data-large_image_height=\"161\"><img loading=\"lazy\" decoding=\"async\" class=\"alignleft wp-image-99273\" src=\"http:\/\/www.radiopiu.net\/wordpress\/wp-content\/uploads\/2019\/09\/Belluno-il-salvataggio-ACC-e-made-in-China-RP_medium.jpg\" alt=\"\" width=\"92\" height=\"74\" \/><\/a>ROMA\u00a0<\/strong> La crisi Acc-Wanbao dello stabilimento di Mel arriva in commissione attivit\u00e0 produttive della Camera. Oggi il governo risponder\u00e0 all\u2019interrogazione presentata a maggio scorso dal deputato bellunese Roger De Menech dopo un confronto con le Rsu aziendali e i rappresentanti dei lavoratori. \u00abCinque mesi fa, quando ancora la crisi non era all\u2019attenzione pubblica\u00bb, ricorda il deputato, \u00abgrazie al sindacato, abbiamo sollecitato il governo a intervenire e farsi carico delle problematiche dell\u2019azienda e del territorio, come avevano fatto in precedenza gli esecutivi di centrosinistra\u00bb.\u00a0 Finalmente il ministero inizier\u00e0 concretamente ad occuparsene, infatti \u00abDomani la Commissione discute quell\u2019interrogazione\u00bb, dice De Menech, \u00abma la notizia pi\u00f9 importante \u00e8 che gioved\u00ec, finalmente, il ministro dello Sviluppo Economico Stefano Patuanelli apre il tavolo al ministero per affrontare la crisi Acc, come chiedevamo da tempo\u00bb.<\/p>\n<p><strong><span style=\"color: #ff0000;\">LA LETTERA DI ROBERTO PADRIN<\/span><\/strong><\/p>\n<p><em>la lettera che il presidente della Provincia ha appena inviato al ministro dello sviluppo economico, al ministro per i rapporti col Parlamento, ai parlamentari bellunesi e alla Regione Veneto, relativamente alla crisi aziendale ACC Wanbao<\/em><\/p>\n<blockquote><p><a class=\"dt-pswp-item\" href=\"http:\/\/www.radiopiu.net\/wordpress\/wp-content\/uploads\/2019\/07\/roberto_padrin.jpg\" data-dt-img-description=\"\" data-large_image_width=\"1400\" data-large_image_height=\"788\"><img loading=\"lazy\" decoding=\"async\" class=\"wp-image-92774 alignright\" src=\"http:\/\/www.radiopiu.net\/wordpress\/wp-content\/uploads\/2019\/07\/roberto_padrin-300x169.jpg\" alt=\"\" width=\"193\" height=\"109\" \/><\/a>La crisi che da anni ha colpito l\u2019azienda ACC ora propriet\u00e0 di Wanbao e che sembra non trovare soluzione, \u00e8 fonte di grande preoccupazione per questa Amministrazione provinciale in quanto, ancora una volta, viene colpito un territorio che ha dovuto affrontare importanti e continui momenti di difficolt\u00e0: dalla crisi economica del 2008 che ha creato seri problemi a molte aziende bellunesi, alla grave distruzione del territorio dovuta al passaggio della tempesta Vaia. La conseguenza di tutto ci\u00f2 \u00e8 un impoverimento di tutto il tessuto socio-economico e un allarmante fenomeno di spopolamento del nostro territorio.\u00a0 La crisi di questa grande azienda \u00e8, quindi, fonte di grande apprensione in quanto non interessa soltanto le 290 famiglie dei lavoratori dell\u2019ACC Wanbao che rischiano di perdere il lavoro, ma riguarda e colpisce ulteriormente un territorio gi\u00e0 in difficolt\u00e0. Pur non avendo alcuna competenza in materia di lavoro, a sostegno dei lavoratori con la presente il Consiglio provinciale di Belluno d\u00e0 totale disponibilit\u00e0 a portare avanti le azioni che il tavolo in oggetto decider\u00e0 di avviare al fine di scongiurare definitivamente la crisi aziendale. Auspicando che anche la propriet\u00e0 si renda completamente e definitivamente disponibile a trovare una soluzione onorando l\u2019impegno preso di rilancio dello stabilimento di Mel, confidiamo che da questo incontro esca la soluzione per ridare fiducia nel futuro alle maestranze aziendali.<br \/>\nCordiali saluti.<\/p><\/blockquote>\n<p>&nbsp;<\/p>\n<p>&nbsp;<\/p>\n<p>&nbsp;<\/p>\n<p>&nbsp;<\/p>\n<h3>CONCLUSI I LAVORI A RIZZIOS, BORTOLUZZI: \u00abABBIAMO RISOLTO DEFINITIVAMENTE UNA PROBLEMATICA ANNOSA\u00bb<\/h3>\n<p><strong>CALALZO DI CADORE<\/strong> Si \u00e8 chiuso il cantiere di Rizzios, a Calalzo di Cadore. La Provincia \u00e8 intervenuta in somma urgenza per mettere in sicurezza e ripristinare la viabilit\u00e0 di accesso alla frazione, lungo via A. De Bon. L\u2019operazione \u00e8 cominciata il 26 giugno e prevedeva 90 giorni di lavori, a cui si sono aggiunti 30 giorni di proroga.\u00a0 \u00a0L\u2019operazione, coordinata dai tecnici del Servizio Difesa del Suolo, ha comportato la realizzazione di opere costituite da un cordolo in cemento armato, ancorato a micropali, per una lunghezza di 125 metri, proprio in corrispondenza del ciglio in frana, con tanto di barriera stradale; e la ricostruzione completa della sede stradale con tutte le opere accessorie per circa 200 metri. L\u2019ultima asfaltatura \u00e8 stato congegnata per agevolare il sicuro allontanamento delle acque di ruscellamento dall\u2019area in frana (che \u00e8 stato identificato come causa amplificatrice del fenomeno di crollo nell\u2019area). Il costo complessivo dei lavori si aggira sui 400.000 euro.<\/p>\n<p><strong>IL CONSIGLIERE PROVINCIALE MASSIMO BORTOLUZZI<\/strong><\/p>\n<audio class=\"wp-audio-shortcode\" id=\"audio-103358-6\" preload=\"none\" style=\"width: 100%;\" controls=\"controls\"><source type=\"audio\/mpeg\" src=\"http:\/\/www.radiopiu.net\/wordpress\/wp-content\/uploads\/2019\/10\/Rizzios_Bortoluzzi.mp3?_=6\" \/><a href=\"http:\/\/www.radiopiu.net\/wordpress\/wp-content\/uploads\/2019\/10\/Rizzios_Bortoluzzi.mp3\">http:\/\/www.radiopiu.net\/wordpress\/wp-content\/uploads\/2019\/10\/Rizzios_Bortoluzzi.mp3<\/a><\/audio>\n<p><strong>GALLERIA FOTO<\/strong><\/p>\n\n\t\t\t<style type='text\/css'>\n\t\t\t\t#gallery-1 {\n\t\t\t\t\tmargin: auto;\n\t\t\t\t}\n\t\t\t\t#gallery-1 .gallery-item {\n\t\t\t\t\tfloat: left;\n\t\t\t\t\tmargin-top: 10px;\n\t\t\t\t\ttext-align: center;\n\t\t\t\t\twidth: 33%;\n\t\t\t\t}\n\t\t\t\t#gallery-1 img {\n\t\t\t\t\tborder: 2px solid #cfcfcf;\n\t\t\t\t}\n\t\t\t\t#gallery-1 .gallery-caption {\n\t\t\t\t\tmargin-left: 0;\n\t\t\t\t}\n\t\t\t\t\/* see gallery_shortcode() in wp-includes\/media.php *\/\n\t\t\t<\/style>\n\t\t<div id='gallery-1' class='dt-gallery-container gallery galleryid-103358 gallery-columns-3 gallery-size-thumbnail'><dl class='gallery-item'>\n\t\t\t\t<dt class='gallery-icon landscape'>\n\t\t\t\t\t<a class=\"rollover\" href='https:\/\/www.radiopiu.net\/wordpress\/giornale-radiopiu-23-ottobre-2019-direttore-mirko-me\/rizzios-5\/'><img loading=\"lazy\" decoding=\"async\" width=\"150\" height=\"150\" src=\"https:\/\/www.radiopiu.net\/wordpress\/wp-content\/uploads\/2019\/10\/Rizzios-5-150x150.jpg\" class=\"attachment-thumbnail size-thumbnail\" alt=\"\" \/><\/a>\n\t\t\t\t<\/dt><\/dl><dl class='gallery-item'>\n\t\t\t\t<dt class='gallery-icon portrait'>\n\t\t\t\t\t<a class=\"rollover\" href='https:\/\/www.radiopiu.net\/wordpress\/giornale-radiopiu-23-ottobre-2019-direttore-mirko-me\/rizzios-10\/'><img loading=\"lazy\" decoding=\"async\" width=\"150\" height=\"150\" src=\"https:\/\/www.radiopiu.net\/wordpress\/wp-content\/uploads\/2019\/10\/Rizzios-10-150x150.jpg\" class=\"attachment-thumbnail size-thumbnail\" alt=\"\" \/><\/a>\n\t\t\t\t<\/dt><\/dl><dl class='gallery-item'>\n\t\t\t\t<dt class='gallery-icon landscape'>\n\t\t\t\t\t<a class=\"rollover\" href='https:\/\/www.radiopiu.net\/wordpress\/giornale-radiopiu-23-ottobre-2019-direttore-mirko-me\/rizzios-4\/'><img loading=\"lazy\" decoding=\"async\" width=\"150\" height=\"150\" src=\"https:\/\/www.radiopiu.net\/wordpress\/wp-content\/uploads\/2019\/10\/Rizzios-4-150x150.jpg\" class=\"attachment-thumbnail size-thumbnail\" alt=\"\" \/><\/a>\n\t\t\t\t<\/dt><\/dl><br style=\"clear: both\" \/><dl class='gallery-item'>\n\t\t\t\t<dt class='gallery-icon landscape'>\n\t\t\t\t\t<a class=\"rollover\" href='https:\/\/www.radiopiu.net\/wordpress\/giornale-radiopiu-23-ottobre-2019-direttore-mirko-me\/rizzios-9\/'><img loading=\"lazy\" decoding=\"async\" width=\"150\" height=\"150\" src=\"https:\/\/www.radiopiu.net\/wordpress\/wp-content\/uploads\/2019\/10\/Rizzios-9-150x150.jpg\" class=\"attachment-thumbnail size-thumbnail\" alt=\"\" \/><\/a>\n\t\t\t\t<\/dt><\/dl><dl class='gallery-item'>\n\t\t\t\t<dt class='gallery-icon landscape'>\n\t\t\t\t\t<a class=\"rollover\" href='https:\/\/www.radiopiu.net\/wordpress\/giornale-radiopiu-23-ottobre-2019-direttore-mirko-me\/rizzios-3\/'><img loading=\"lazy\" decoding=\"async\" width=\"150\" height=\"150\" src=\"https:\/\/www.radiopiu.net\/wordpress\/wp-content\/uploads\/2019\/10\/Rizzios-3-150x150.jpg\" class=\"attachment-thumbnail size-thumbnail\" alt=\"\" \/><\/a>\n\t\t\t\t<\/dt><\/dl><dl class='gallery-item'>\n\t\t\t\t<dt class='gallery-icon landscape'>\n\t\t\t\t\t<a class=\"rollover\" href='https:\/\/www.radiopiu.net\/wordpress\/giornale-radiopiu-23-ottobre-2019-direttore-mirko-me\/rizzios-2\/'><img loading=\"lazy\" decoding=\"async\" width=\"150\" height=\"150\" src=\"https:\/\/www.radiopiu.net\/wordpress\/wp-content\/uploads\/2019\/10\/Rizzios-2-150x150.jpg\" class=\"attachment-thumbnail size-thumbnail\" alt=\"\" \/><\/a>\n\t\t\t\t<\/dt><\/dl><br style=\"clear: both\" \/><dl class='gallery-item'>\n\t\t\t\t<dt class='gallery-icon portrait'>\n\t\t\t\t\t<a class=\"rollover\" href='https:\/\/www.radiopiu.net\/wordpress\/giornale-radiopiu-23-ottobre-2019-direttore-mirko-me\/rizzios-7\/'><img loading=\"lazy\" decoding=\"async\" width=\"150\" height=\"150\" src=\"https:\/\/www.radiopiu.net\/wordpress\/wp-content\/uploads\/2019\/10\/Rizzios-7-150x150.jpg\" class=\"attachment-thumbnail size-thumbnail\" alt=\"\" \/><\/a>\n\t\t\t\t<\/dt><\/dl><dl class='gallery-item'>\n\t\t\t\t<dt class='gallery-icon landscape'>\n\t\t\t\t\t<a class=\"rollover\" href='https:\/\/www.radiopiu.net\/wordpress\/giornale-radiopiu-23-ottobre-2019-direttore-mirko-me\/rizzios-1\/'><img loading=\"lazy\" decoding=\"async\" width=\"150\" height=\"150\" src=\"https:\/\/www.radiopiu.net\/wordpress\/wp-content\/uploads\/2019\/10\/Rizzios-1-150x150.jpg\" class=\"attachment-thumbnail size-thumbnail\" alt=\"\" \/><\/a>\n\t\t\t\t<\/dt><\/dl><dl class='gallery-item'>\n\t\t\t\t<dt class='gallery-icon landscape'>\n\t\t\t\t\t<a class=\"rollover\" href='https:\/\/www.radiopiu.net\/wordpress\/giornale-radiopiu-23-ottobre-2019-direttore-mirko-me\/rizzios-6\/'><img loading=\"lazy\" decoding=\"async\" width=\"150\" height=\"150\" src=\"https:\/\/www.radiopiu.net\/wordpress\/wp-content\/uploads\/2019\/10\/Rizzios-6-150x150.jpg\" class=\"attachment-thumbnail size-thumbnail\" alt=\"\" \/><\/a>\n\t\t\t\t<\/dt><\/dl><br style=\"clear: both\" \/>\n\t\t\t<\/div>\n\n<p>&nbsp;<\/p>\n<p>&nbsp;<\/p>\n<p>&nbsp;<\/p>\n<h3>PRIMI RISULTATI DEL TAVOLO VERDE. &#8220;PER AVERE UNA POPOLAZIONE DI UNGULATI CORRETTAMENTE STRUTTURATA&#8221;<\/h3>\n<p><strong><a class=\"dt-pswp-item\" href=\"http:\/\/www.radiopiu.net\/wordpress\/wp-content\/uploads\/2018\/08\/cervo.jpg\" data-dt-img-description=\"\" data-large_image_width=\"1280\" data-large_image_height=\"853\"><img loading=\"lazy\" decoding=\"async\" class=\"alignleft wp-image-59274\" src=\"http:\/\/www.radiopiu.net\/wordpress\/wp-content\/uploads\/2018\/08\/cervo-300x200.jpg\" alt=\"\" width=\"183\" height=\"122\" srcset=\"https:\/\/www.radiopiu.net\/wordpress\/wp-content\/uploads\/2018\/08\/cervo-300x200.jpg 300w, https:\/\/www.radiopiu.net\/wordpress\/wp-content\/uploads\/2018\/08\/cervo-768x512.jpg 768w, https:\/\/www.radiopiu.net\/wordpress\/wp-content\/uploads\/2018\/08\/cervo-1024x682.jpg 1024w, https:\/\/www.radiopiu.net\/wordpress\/wp-content\/uploads\/2018\/08\/cervo.jpg 1280w\" sizes=\"auto, (max-width: 183px) 100vw, 183px\" \/><\/a>BELLUNO<\/strong> Arrivano i primi risultati della stagione venatoria: sono oltre 300 i cervi prelevati tra il 18 agosto e il 15 settembre, prima della finestra di chiusura per il periodo degli accoppiamenti. Numeri in linea con quanto previsto all\u2019interno del piano di prelievo predisposto per il 2019-2020, che presenta alcune novit\u00e0 importanti, concertate con le associazioni di categoria del settore agricolo. La Provincia di Belluno, infatti, ha istituito nel maggio scorso un \u201cTavolo verde\u201d per far incontrare le esigenze delle aziende agricole e le disponibilit\u00e0 del mondo venatorio.\u00a0 <em>&#8220;I dati sono in linea con quanto ci si attendeva &#8211; commenta il consigliere provinciale delegato, Franco De Bon &#8211; la pre-apertura della caccia in periodo estivo non \u00e8 un\u2019abitudine del territorio bellunese, anzi \u00e8 un sistema sperimentale concesso da Ispra esclusivamente alla Provincia di Belluno sulla base delle istanze da noi proposte&#8221;<\/em><\/p>\n<p><strong>IL CONSIGLIERE DELEGATO FRANCO DE BON<\/strong><\/p>\n<audio class=\"wp-audio-shortcode\" id=\"audio-103358-7\" preload=\"none\" style=\"width: 100%;\" controls=\"controls\"><source type=\"audio\/mpeg\" src=\"http:\/\/www.radiopiu.net\/wordpress\/wp-content\/uploads\/2019\/10\/Tavolo-Verde_De-Bon.mp3?_=7\" \/><a href=\"http:\/\/www.radiopiu.net\/wordpress\/wp-content\/uploads\/2019\/10\/Tavolo-Verde_De-Bon.mp3\">http:\/\/www.radiopiu.net\/wordpress\/wp-content\/uploads\/2019\/10\/Tavolo-Verde_De-Bon.mp3<\/a><\/audio>\n<p>I dati storici dicono che nell\u2019ultimo quinquennio i piani sono stati completati con percentuali variabili tra il 75 e il 94 per cento (non fa testo il 2018, per gli effetti di Vaia sui territori occupati dalla fauna selvatica e per i lunghi periodi di chiusura dell\u2019attivit\u00e0 venatoria). Il piano dell\u2019anno in corso (che si chiuder\u00e0 a fine gennaio 2020) prevede un prelievo totale di 2.943 cervi ripartiti in 842 maschi, 1.118 femmine e 983 piccoli.<\/p>\n<p>&nbsp;<\/p>\n<p>&nbsp;<\/p>\n<p>&nbsp;<\/p>\n<h3>RETROMARCIA DEL BOLZANO CHE TORNA IN ALTO ADIGE<\/h3>\n<p>dalla rassegna stampa delle 8, Luca De Carlo<\/p>\n<blockquote><audio class=\"wp-audio-shortcode\" id=\"audio-103358-8\" preload=\"none\" style=\"width: 100%;\" controls=\"controls\"><source type=\"audio\/mpeg\" src=\"http:\/\/www.radiopiu.net\/wordpress\/wp-content\/uploads\/2019\/10\/DE-CARLO-1.mp3?_=8\" \/><a href=\"http:\/\/www.radiopiu.net\/wordpress\/wp-content\/uploads\/2019\/10\/DE-CARLO-1.mp3\">http:\/\/www.radiopiu.net\/wordpress\/wp-content\/uploads\/2019\/10\/DE-CARLO-1.mp3<\/a><\/audio>\n<p><em><a class=\"dt-pswp-item\" href=\"http:\/\/www.radiopiu.net\/wordpress\/wp-content\/uploads\/2019\/10\/De-Carlo_Urzi.jpeg\" data-dt-img-description=\"\" data-large_image_width=\"1600\" data-large_image_height=\"1200\"><img loading=\"lazy\" decoding=\"async\" class=\"alignleft wp-image-103377\" src=\"http:\/\/www.radiopiu.net\/wordpress\/wp-content\/uploads\/2019\/10\/De-Carlo_Urzi-300x225.jpeg\" alt=\"\" width=\"207\" height=\"155\" srcset=\"https:\/\/www.radiopiu.net\/wordpress\/wp-content\/uploads\/2019\/10\/De-Carlo_Urzi-300x225.jpeg 300w, https:\/\/www.radiopiu.net\/wordpress\/wp-content\/uploads\/2019\/10\/De-Carlo_Urzi-768x576.jpeg 768w, https:\/\/www.radiopiu.net\/wordpress\/wp-content\/uploads\/2019\/10\/De-Carlo_Urzi-1024x768.jpeg 1024w, https:\/\/www.radiopiu.net\/wordpress\/wp-content\/uploads\/2019\/10\/De-Carlo_Urzi.jpeg 1600w\" sizes=\"auto, (max-width: 207px) 100vw, 207px\" \/><\/a>Bolzano \u201ctorna\u201d Alto Adige. De Carlo: \u201cSolo FdI coerente e impegnata nella difesa degli italiani\u201d<\/em><\/p><\/blockquote>\n<p><strong>ROMA<\/strong> Retromarcia della Provincia di Bolzano sulla cancellazione del termine Alto Adige: il presidente Kompatscher ha infatti annunciato oggi l&#8217;approvazione, da parte della giunta provinciale, di un disegno di legge ad hoc per modificare il contestatissimo articolo 1 della legge europea. Il ddl, che arriver\u00e0 in consiglio a fine novembre, prevede la sostituzione deI termine &#8220;Provincia di Bolzano&#8221; con &#8220;Alto Adige&#8221;. Soddisfatto uno dei principali contestatori della norma originaria, il deputato di Fratelli d&#8217;Italia, Luca De Carlo:<em> \u201cBolzano torna Alto Adige: qualcuno alla fine si \u00e8 ricordato che anche l\u00ec sono in Italia. Ma cosa sarebbe successo se noi, e solamente noi, non ci fossimo opposti con convinzione e durezza alla prima norma?\u201d<\/em>. Chiaro il riferimento all&#8217;esito della votazione del consiglio provinciale che una decina di giorni fa aveva cancellato il termine Alto Adige: 24 voti favorevoli su 30, con 5 astensioni (tra le quali Partito Democratico e Lega) e l&#8217;unico voto contrario del consigliere FdI Alessandro Urz\u00ec.<\/p>\n<p>&nbsp;<\/p>\n<p>&nbsp;<\/p>\n<p>&nbsp;<\/p>\n<h3><\/h3>\n<h3><\/h3>\n<h3><\/h3>\n<h3><\/h3>\n<h3>SABATO APRE L&#8217;ARREDAMONT:\u00a0 LA CASA IN MONTAGNA E&#8217; UN ANGOLO DI PARADISO<\/h3>\n<p><a class=\"dt-pswp-item\" href=\"http:\/\/www.radiopiu.net\/wordpress\/wp-content\/uploads\/2019\/10\/20191021-Presentazione-42a-Arredamont-Palazzo-Piloni.jpg\" data-dt-img-description=\"\" data-large_image_width=\"2500\" data-large_image_height=\"1494\"><img loading=\"lazy\" decoding=\"async\" class=\"alignleft wp-image-103253\" src=\"http:\/\/www.radiopiu.net\/wordpress\/wp-content\/uploads\/2019\/10\/20191021-Presentazione-42a-Arredamont-Palazzo-Piloni-300x179.jpg\" alt=\"\" width=\"265\" height=\"158\" srcset=\"https:\/\/www.radiopiu.net\/wordpress\/wp-content\/uploads\/2019\/10\/20191021-Presentazione-42a-Arredamont-Palazzo-Piloni-300x179.jpg 300w, https:\/\/www.radiopiu.net\/wordpress\/wp-content\/uploads\/2019\/10\/20191021-Presentazione-42a-Arredamont-Palazzo-Piloni-768x459.jpg 768w, https:\/\/www.radiopiu.net\/wordpress\/wp-content\/uploads\/2019\/10\/20191021-Presentazione-42a-Arredamont-Palazzo-Piloni-1024x612.jpg 1024w\" sizes=\"auto, (max-width: 265px) 100vw, 265px\" \/><\/a><strong>LONGARONE<\/strong> Da sabato prossimo 26 ottobre fino alla domenica successiva, 3 novembre, ritorna a Longarone Fiere Arredamont, la Mostra dell\u2019arredare in montagna, giunta quest\u2019anno alla 42esima edizione. La cerimonia d\u2019inaugurazione \u00e8 in programma sabato alle 11. La manifestazione \u00e8 stata presentata a Palazzo Piloni, sede dell\u2019Amministrazione provinciale di Belluno, dal presidente della Provincia e sindaco di Longarone Roberto Padrin, dal presidente di Longarone Fiere Gian Angelo Bellati e da Ernesto Contessa,<\/p>\n<h2><strong>ERNESTO CONTESSA PRESIDENTE CONSOCIAZIONE ITALIANA DEI TAPPEZZIERI E ARREDATORI<\/strong><\/h2>\n<p><iframe loading=\"lazy\" title=\"Intervento   Ernesto Contessa Presidente CITA\" width=\"1200\" height=\"675\" src=\"https:\/\/www.youtube.com\/embed\/5XpCbpLE6Gg?feature=oembed\" frameborder=\"0\" allow=\"accelerometer; autoplay; encrypted-media; gyroscope; picture-in-picture\" allowfullscreen><\/iframe><\/p>\n<h2><strong>ITALO D&#8217;INCA&#8217; CONFRAGRICOLTURA BELLUNO\u00a0<\/strong><\/h2>\n<p><iframe loading=\"lazy\" title=\"Intervento   Italo D Inc\u00e0 per Confagricoltura BL\" width=\"1200\" height=\"675\" src=\"https:\/\/www.youtube.com\/embed\/xBPSrMD9Y8Y?feature=oembed\" frameborder=\"0\" allow=\"accelerometer; autoplay; encrypted-media; gyroscope; picture-in-picture\" allowfullscreen><\/iframe><\/p>\n<p>&nbsp;<\/p>\n<p>&nbsp;<\/p>\n<p>&nbsp;<\/p>\n<p>&nbsp;<\/p>\n<h3>CONFINDUSTRIA: AL VIA IL GRUPPO TECNICO SPORT E GRANDI EVENTI<\/h3>\n<blockquote><p><em>&#8220;Grandi eventi, sport e Olimpiadi rappresentano un punto di svolta non solo per il turismo e i comparti collegati, ma anche per riaffermare il Made in Italy e dare ossigeno al manifatturiero&#8221;<\/em><\/p><\/blockquote>\n<p><strong>ROMA<\/strong>\u00a0 Un intervento solido guidato da una visione chiara quello di \u00a0Maria Lorraine Berton, Presidente di Confindustria Belluno Dolomiti, alla prima riunione del Tavolo Tecnico sport e grandi eventi a lei affidato. Nell&#8217;incontro di insediamento, in Confindustria, la coordinatrice del Gruppo evidenzia il ruolo strategico di Confindustria nell&#8217;accompagnamento e la preparazione dei grandi appuntamenti in programma &#8211; in primis i Campionati Mondiali di sci alpino del 2021 (Cortina) \u00a0e i Giochi Olimpici invernali del 2026, assegnati all&#8217;Italia &#8211; e nell&#8217;accompagnamento al loro successo grazie alla capacit\u00e0 progettuale e il network che il sistema imprenditoriale pu\u00f2 garantire. Il Gruppo Tecnico di Confindustria sar\u00e0 \u00a0regista nel coordinamento di analisi e proposte per ottimizzare ogni potenziale occasione di crescita, con un\u2019attenzione particolare ai Territori e ai Settori pi\u00f9 coinvolti.<em> &#8220;Grandi eventi, sport e Olimpiadi rappresentano un punto di svolta &#8211; evidenzia Berton &#8211; \u00a0non solo per il turismo e tutti i comparti e i servizi collegati, ma anche per riaffermare il Made in Italy e dare ossigeno alle esigenze del manifatturiero&#8221;.<\/em> Il ruolo del Tavolo \u00e8 chiaro, e ha le fondamenta nella capacit\u00e0 di Confindustria di incidere e di mettere in connessione.<\/p>\n<p>&nbsp;<\/p>\n<p>&nbsp;<\/p>\n<p>&nbsp;<\/p>\n<h3>PUNTO STAMPA CON IL GOVERNATORE LUCA ZAIA A DUE ANNI DAL PROGETTO &#8220;AUTONOMIA&#8221;<\/h3>\n<p><iframe loading=\"lazy\" title=\"Zaia su autonomia dich  unica\" width=\"1200\" height=\"900\" src=\"https:\/\/www.youtube.com\/embed\/FmMD-QWZWsA?feature=oembed\" frameborder=\"0\" allow=\"accelerometer; autoplay; encrypted-media; gyroscope; picture-in-picture\" allowfullscreen><\/iframe><\/p>\n<p>&nbsp;<\/p>\n<p>&nbsp;<\/p>\n<p>&nbsp;<\/p>\n<p>&nbsp;<\/p>\n<h3>TARI 2019 BOLLETTE INVARIATE DA UN ANNO ALL&#8217;ALTRO<\/h3>\n<p><strong><a class=\"dt-pswp-item\" href=\"http:\/\/www.radiopiu.net\/wordpress\/wp-content\/uploads\/2019\/10\/1a269b32-aca1-4467-a693-9bd1fdb91ac9.jpg\" data-dt-img-description=\"\" data-large_image_width=\"1600\" data-large_image_height=\"1200\"><img loading=\"lazy\" decoding=\"async\" class=\"alignleft size-medium wp-image-103382\" src=\"http:\/\/www.radiopiu.net\/wordpress\/wp-content\/uploads\/2019\/10\/1a269b32-aca1-4467-a693-9bd1fdb91ac9-300x225.jpg\" alt=\"\" width=\"300\" height=\"225\" srcset=\"https:\/\/www.radiopiu.net\/wordpress\/wp-content\/uploads\/2019\/10\/1a269b32-aca1-4467-a693-9bd1fdb91ac9-300x225.jpg 300w, https:\/\/www.radiopiu.net\/wordpress\/wp-content\/uploads\/2019\/10\/1a269b32-aca1-4467-a693-9bd1fdb91ac9-768x576.jpg 768w, https:\/\/www.radiopiu.net\/wordpress\/wp-content\/uploads\/2019\/10\/1a269b32-aca1-4467-a693-9bd1fdb91ac9-1024x768.jpg 1024w, https:\/\/www.radiopiu.net\/wordpress\/wp-content\/uploads\/2019\/10\/1a269b32-aca1-4467-a693-9bd1fdb91ac9.jpg 1600w\" sizes=\"auto, (max-width: 300px) 100vw, 300px\" \/><\/a>FELTRE<\/strong>\u00a0 Nonostante gli effetti di Vaia, che anche sul piano della raccolta e dello smaltimento dei rifiuti ha rappresentato un vero e proprio tsunami per la citt\u00e0, e il crollo dei prezzi sul mercato dei materiali riciclabili, le tariffe della TARI per il 2019 rimarranno sostanzialmente invariate rispetto a quelle dello scorso anno (con scostamenti medi nell&#8217;ordine del + o &#8211; 1% per quanto riguarda le utenze domestiche). Il totale delle somme iscritte a ruolo \u00e8 pari a 1.830.000 euro, ovvero identico a quello del 2018. Nonostante una lieve riduzione negli introiti dai materiali venduti rispetto al preventivato, e grazie ad alcune economie interne che hanno consentito una riduzione delle spese per 140 mila euro, le tariffe applicate ai cittadini resteranno dunque quelle Le bollette relative alla TARI 2019 verranno recapitate entro la met\u00e0 del mese di novembre e prevedono le consuete tre possibili rateazioni: fine novembre, fine dicembre e fine febbraio 2020.<\/p>\n<p><strong>L&#8217;ASSESSORE ALLA GESTIONE DEL TERRITORIO ADIS ZATTA<\/strong><\/p>\n<audio class=\"wp-audio-shortcode\" id=\"audio-103358-9\" preload=\"none\" style=\"width: 100%;\" controls=\"controls\"><source type=\"audio\/mpeg\" src=\"http:\/\/www.radiopiu.net\/wordpress\/wp-content\/uploads\/2019\/10\/zatta.mp3?_=9\" \/><a href=\"http:\/\/www.radiopiu.net\/wordpress\/wp-content\/uploads\/2019\/10\/zatta.mp3\">http:\/\/www.radiopiu.net\/wordpress\/wp-content\/uploads\/2019\/10\/zatta.mp3<\/a><\/audio>\n<p>&nbsp;<\/p>\n<p>&nbsp;<\/p>\n<p>&nbsp;<\/p>\n<p>&nbsp;<\/p>\n<p>&nbsp;<\/p>\n<h3><a class=\"dt-pswp-item\" href=\"http:\/\/www.radiopiu.net\/wordpress\/wp-content\/uploads\/2017\/10\/silvia-cestaro.jpg\" data-dt-img-description=\"\" data-large_image_width=\"558\" data-large_image_height=\"417\"><img loading=\"lazy\" decoding=\"async\" class=\"wp-image-37384 alignleft\" src=\"http:\/\/www.radiopiu.net\/wordpress\/wp-content\/uploads\/2017\/10\/silvia-cestaro-300x224.jpg\" alt=\"\" width=\"179\" height=\"134\" \/><\/a>STREET ARTIST E LA RIQUALIFICAZIONE DELLE TORRETTE DELL&#8217;ENEL A SELVA DI CADORE<\/h3>\n<p>Inaugurata la prima opera a Pescul di Selva di Cadore, poi toccher\u00e0 ad Alleghe, Rocca Pietore e Sappada. Cinque installazione d&#8217;arte su altrettante cabine elettriche dell&#8217;Enel. Questo il progetto di E Distribuzione per la montagna. I bambini della scuola dell&#8217;infanzia e della primaria ieri in festa con l&#8217;artista Serena Giribuola di Brescia. A Pescul realizzata l&#8217;opera Ofelia ispirata al mondo delle favole. Le altre opere verranno realizzate la prossima settimana.<\/p>\n<p><strong>DALLA RASSEGNA STAMPA IL SINDACO SILVIA CESTARO.<\/strong><\/p>\n<blockquote><audio class=\"wp-audio-shortcode\" id=\"audio-103358-10\" preload=\"none\" style=\"width: 100%;\" controls=\"controls\"><source type=\"audio\/mpeg\" src=\"http:\/\/www.radiopiu.net\/wordpress\/wp-content\/uploads\/2019\/10\/silvia-cestaro-1.mp3?_=10\" \/><a href=\"http:\/\/www.radiopiu.net\/wordpress\/wp-content\/uploads\/2019\/10\/silvia-cestaro-1.mp3\">http:\/\/www.radiopiu.net\/wordpress\/wp-content\/uploads\/2019\/10\/silvia-cestaro-1.mp3<\/a><\/audio>\n<p>&nbsp;<\/p>\n<p><em><strong>L&#8217;AUSPICIO:<\/strong> \u00a0che anche ad Agordo venga dato questo tocco artistico ad una delle torrette Enel, questo tipo di riqualificazione \u00e8 sempre gradito perch\u00e8 porta un tocco di poesia e novit\u00e0 sul territorio.<\/em><\/p><\/blockquote>\n<p><a class=\"dt-pswp-item\" href=\"http:\/\/www.radiopiu.net\/wordpress\/wp-content\/uploads\/2019\/10\/IMG-20191020-WA0049.jpg\" data-dt-img-description=\"\" data-large_image_width=\"1080\" data-large_image_height=\"1080\"><img loading=\"lazy\" decoding=\"async\" class=\"alignleft wp-image-103405\" src=\"http:\/\/www.radiopiu.net\/wordpress\/wp-content\/uploads\/2019\/10\/IMG-20191020-WA0049-300x300.jpg\" alt=\"\" width=\"211\" height=\"211\" srcset=\"https:\/\/www.radiopiu.net\/wordpress\/wp-content\/uploads\/2019\/10\/IMG-20191020-WA0049-300x300.jpg 300w, https:\/\/www.radiopiu.net\/wordpress\/wp-content\/uploads\/2019\/10\/IMG-20191020-WA0049-150x150.jpg 150w, https:\/\/www.radiopiu.net\/wordpress\/wp-content\/uploads\/2019\/10\/IMG-20191020-WA0049-768x768.jpg 768w, https:\/\/www.radiopiu.net\/wordpress\/wp-content\/uploads\/2019\/10\/IMG-20191020-WA0049-1024x1024.jpg 1024w, https:\/\/www.radiopiu.net\/wordpress\/wp-content\/uploads\/2019\/10\/IMG-20191020-WA0049.jpg 1080w\" sizes=\"auto, (max-width: 211px) 100vw, 211px\" \/><\/a>E &#8211; distribuzione ha chiesto la collaborazione di Manuel Giacometti, artista\u00a0 che svolge la sua attivit\u00e0 tra Treviso e Venezia per la scelta degli Artisti che dipingeranno 5 torrette elettriche di cemento dell&#8217;Enel da riqualificare nel tessuto urbano. Cinque giovani artisti : Manuel Giacometti Art di Treviso, Diego Montagner Art di Montebelluna, Serena Ofelia Giribuola,\u00a0 Octofly di Brescia, e Vittorio Valiante di Napoli hanno realizzato delle vere e proprie opere d&#8217;arte. Tre delle cabine elettriche rinnovate si trovano in territorio Agordino e precisamente ad Alleghe, Pescul di Selva di Cadore e Rocca Pietore. La quarta e la quinta, invece, in Friuli Venezia Giulia: una a Sauris e una a Sappada. Ad oggi sono state terminate le cabine di Selva di Cadore, <a class=\"dt-pswp-item\" href=\"http:\/\/www.radiopiu.net\/wordpress\/wp-content\/uploads\/2019\/10\/IMG-20191020-WA0051.jpg\" data-dt-img-description=\"\" data-large_image_width=\"1080\" data-large_image_height=\"1350\"><img loading=\"lazy\" decoding=\"async\" class=\" wp-image-103406 alignright\" src=\"http:\/\/www.radiopiu.net\/wordpress\/wp-content\/uploads\/2019\/10\/IMG-20191020-WA0051-240x300.jpg\" alt=\"\" width=\"179\" height=\"224\" srcset=\"https:\/\/www.radiopiu.net\/wordpress\/wp-content\/uploads\/2019\/10\/IMG-20191020-WA0051-240x300.jpg 240w, https:\/\/www.radiopiu.net\/wordpress\/wp-content\/uploads\/2019\/10\/IMG-20191020-WA0051-768x960.jpg 768w, https:\/\/www.radiopiu.net\/wordpress\/wp-content\/uploads\/2019\/10\/IMG-20191020-WA0051-819x1024.jpg 819w, https:\/\/www.radiopiu.net\/wordpress\/wp-content\/uploads\/2019\/10\/IMG-20191020-WA0051.jpg 1080w\" sizes=\"auto, (max-width: 179px) 100vw, 179px\" \/><\/a>quella di Sauris e di Sappada. In Agordino a Pescul di Selva di Cadore, inaugurata il 22 Ottobre 2019, c&#8217;\u00e8 l&#8217;opera Serena Ofelia Giribuola che si intitola &#8211; &#8220;<em>Nulla si crea, nulla si distrugge, tutto si trasforma<\/em>&#8211; \u201c e di cui dice: Ofelia, il mio personaggio ispirato al mondo delle favole (una moderna Cappuccetto Rosso), immersa in un flusso vitale che con il suo vortice forma un infinito di energia, intesa come trasformazione. Ai piedi della cabina sono farrigurati gli alberi, dei luoghi in cui l\u2019opera \u00e8 realizzata\u201d. La cabina di Sauris \u00e8 rinata grazie all&#8217;abilit\u00e0 di Diego Montagner, che cos\u00ec descrive la sua opera \u201cHo realizzato tre bambini che vanno alla ricerca di Stelle: Chi le mette dentro una bottiglia, Chi dentro il cestino e Chi ci gioca in una notte serena e stellata in un contesto invernale. Il significato \u00e8 di andar alla ricerca dei proprio sogni (in questo caso le stelle) per cercare di realizzarli\u201d. La cabina di Sappada \u00e8 rivestita d&#8217;arte grazie a Vittorio Valiante, che la descrive cos\u00ec: \u201dL\u2019Uomo \u00e8 un essere di Luce e di Energia custodito in limitate forme fisiche. Permettere all\u2019energia di circolare in ogni parte del corpo porter\u00e0 ad una reale scoperta di s\u00e9 e del proprio infinito potenziale\u201d.<\/p>\n<p>&nbsp;<\/p>\n<p>&nbsp;<\/p>\n<p>&nbsp;<\/p>\n<h3>VALPE AMBIENTE: SI CAMBIA<\/h3>\n<p><strong>AGORDO<\/strong> Novit\u00e0 nella fatturazione, un nuovo sistema che prevede due acconti semestrali e in conguaglio annuale. La bolletta che sta per arrivare a domicilio prevede il secondo acconto semestrale. Per i conteggi faranno la differenza gli svuotamenti effettuati e rilevati con il codice stampato sui contenitori. Informazioni allo 0437 640462 in ore ufficio<\/p>\n<p>&nbsp;<\/p>\n<p>&nbsp;<\/p>\n<p>&nbsp;<\/p>\n<p>&nbsp;<\/p>\n<h3>FONDO SOLIDARIET\u00c0 VENETO Nuova sede, maggiore responsabilit\u00e0<\/h3>\n<blockquote><p><em>Inaugurati\u00a0 gli uffici di via Torino 151\/B a Mestre<\/em><\/p><\/blockquote>\n<p><strong><a class=\"dt-pswp-item\" href=\"http:\/\/www.radiopiu.net\/wordpress\/wp-content\/uploads\/2018\/10\/solidarieta-veneto.jpg\" data-dt-img-description=\"\" data-large_image_width=\"520\" data-large_image_height=\"100\"><img loading=\"lazy\" decoding=\"async\" class=\"alignleft wp-image-63311\" src=\"http:\/\/www.radiopiu.net\/wordpress\/wp-content\/uploads\/2018\/10\/solidarieta-veneto-300x58.jpg\" alt=\"\" width=\"388\" height=\"75\" srcset=\"https:\/\/www.radiopiu.net\/wordpress\/wp-content\/uploads\/2018\/10\/solidarieta-veneto-300x58.jpg 300w, https:\/\/www.radiopiu.net\/wordpress\/wp-content\/uploads\/2018\/10\/solidarieta-veneto.jpg 520w\" sizes=\"auto, (max-width: 388px) 100vw, 388px\" \/><\/a>VENEZIA\u00a0<\/strong> Il Fondo Solidariet\u00e0 Veneto ha inaugurato la nuova sede. Davanti ai rappresentanti delle parti sociali e della politica locale, ma anche a delegati, consiglieri e al personale del Fondo, il presidente Franco Lorenzon ha ricordato la capacit\u00e0 degli amministratori di Solidariet\u00e0 Veneto di agire con grande attenzione al territorio e altrettanta responsabilit\u00e0. <em>\u00abNon \u00e8 un caso che per la nuova sede sia stata scelta una zona facilmente raggiungibile dagli associati ma che \u00e8 al centro di un importante progetto di riqualificazione del territorio. Diamo dunque il nostro contributo nell\u2019aspettativa di una maggiore fruibilit\u00e0 di tutta la zona. Per farlo, non abbiamo atteso soluzioni dall\u2019esterno, ma ci siamo fatti carico, nel nostro piccolo, di offrire una risposta concreta\u00bb<\/em>.\u00a0 La nuova sede viene inaugurata nell\u2019anno in cui Solidariet\u00e0 Veneto supera la soglia di 100 mila iscritti. \u00a0C\u2019\u00e8 la sfida pi\u00f9 complessa, ha concluso Lorenzon: <em>\u00abadottare criteri di sostenibilit\u00e0 ambientale \u2013 ma anche sociale e di governance &#8211; negli investimenti finanziari. Il Fondo si \u00e8 gi\u00e0 attivato in questo senso, privilegiando modelli di business sostenibili nel tempo e quindi pi\u00f9 efficaci nel lungo periodo. Un anno fa la tempesta Vaia ci ha fatto toccare con mano, qui in Veneto, l\u2019effetto devastante dei cambiamenti climatici. Siamo tutti coinvolti e tutti responsabili di quanto accade al nostro pianeta. Noi abbiamo deciso di fare la nostra parte\u00bb.<\/em><\/p>\n<blockquote><p>In quasi 30 anni, il Fondo ha costruito il proprio successo sulla spiccata competenza del management e degli operatori e su un alto livello di innovazione. A medio termine il Fondo lavora per una nuova fase di espansione, con l\u2019obiettivo di diventare il punto di riferimento per tutto il mondo del lavoro in Veneto ed estendere i propri servizi a una platea pi\u00f9 ampia di aderenti. Inoltre, ha sottolineato il presidente, <em>\u00abla nostra responsabilit\u00e0 continua a esprimersi nel ricercare il miglior rapporto tra rischio e rendimento in ambito finanziario. Un compito particolarmente difficile, dati i bassissimi tassi di interesse che caratterizzano il mercato finanziario in questi anni, ma che passa necessariamente attraverso la diversificazione e la volont\u00e0 di investire in \u2018economia reale\u2019: un percorso che abbiamo gi\u00e0 da tempo avviato\u00bb.<\/em><\/p><\/blockquote>\n<p>&nbsp;<\/p>\n<p>&nbsp;<\/p>\n<p>&nbsp;<\/p>\n<p>&nbsp;<\/p>\n<h3><a class=\"dt-pswp-item\" href=\"http:\/\/www.radiopiu.net\/wordpress\/wp-content\/uploads\/2019\/10\/72627760_2568690803196728_4284291824073310208_n.jpg\" data-dt-img-description=\"\" data-large_image_width=\"678\" data-large_image_height=\"960\"><img loading=\"lazy\" decoding=\"async\" class=\"alignleft size-medium wp-image-103295\" src=\"http:\/\/www.radiopiu.net\/wordpress\/wp-content\/uploads\/2019\/10\/72627760_2568690803196728_4284291824073310208_n-212x300.jpg\" alt=\"\" width=\"212\" height=\"300\" srcset=\"https:\/\/www.radiopiu.net\/wordpress\/wp-content\/uploads\/2019\/10\/72627760_2568690803196728_4284291824073310208_n-212x300.jpg 212w, https:\/\/www.radiopiu.net\/wordpress\/wp-content\/uploads\/2019\/10\/72627760_2568690803196728_4284291824073310208_n.jpg 678w\" sizes=\"auto, (max-width: 212px) 100vw, 212px\" \/><\/a>INNOVAZIONE E TELECOMUNICAZIONI PER LA SICUREZZA E SVILUPPO NEI TERRITORI MONTANI<\/h3>\n<p><strong>FREGONA <\/strong>Domani alle 20.45 a Osigo di Fregona ci sar\u00e0 un incontro sulla necessit\u00e0 delle comunicazioni in montagna, anche a favore dei soccorritori. L&#8217;incontro si terr\u00e0 presso l&#8217;associazione San Giorgio di via Francesco di Milano 4. Interverranno il sindaco di Fregona Patrizio Chies. Relatori della serata: Marco Bussone Presidente Uncem, Fabio Rufus Bristot del direttivo nazionale del Soccorso Alpino, Ennio Vigne Presidente del Parco Nazionale delle Dolomiti Bellunesi. Informazioni al 349 4153580<\/p>\n<p>&nbsp;<\/p>\n<p>&nbsp;<\/p>\n<p>&nbsp;<\/p>\n<p>&nbsp;<\/p>\n<p>&nbsp;<\/p>\n<p>&nbsp;<\/p>\n<p>&nbsp;<\/p>\n<p>&nbsp;<\/p>\n<p>&nbsp;<\/p>\n<p>&nbsp;<\/p>\n<h3>PROSPETTIVE PER UN FUTURO PIU&#8217; ROSA<\/h3>\n<blockquote><p><em>Donne protagoniste del cambiamento<\/em><\/p><\/blockquote>\n<p><strong>BELLUNO<\/strong> Giovedi 24 ottobre a Palazzo Fulcis l&#8217;evento Stem in rosa con la conduzione di Francesca Bianchi. PROGRAMMA 9\u00a0 La settimana delle STEM in rosa in Veneto,\u00a0 interventi di \u00a0Lucia Pellegrini, Assessore Pari Opportunit\u00e0 comune di Belluno;\u00a0 Certottica \u2013 promotrice del progetto WIND &#8211; Woman IN Digital. Dalle 9.30 Donne protagoniste del cambiamento: prospettive per un futuro pi\u00f9 rosa. Laura Renon \u2013 Chirurgo senologo<br \/>\ndell\u2019Ospedale San Martino di Belluno. Ha recentemente ricevuto il Premio San Martino, registrando la prima standing ovation della storia del riconoscimento.\u00a0 Lucia Bressan \u2013 \u201cAvvocato dell\u2019anno\u201d per la categoria \u201cDiritto del Commercio Internazionale\u201d ai Legal Community Italian Awards 2019.\u00a0 Lilia Fredella \u2013 Questore di Belluno, insignita dell\u2019encomio solenne come Primo Dirigente del Gabinetto Regionale della Polizia Scientifica della Lombardia per la risoluzione del caso della giovane Yara Gambirasio. Caterina Tollot \u2013 giovanissima, tra i primi ingegneri della sicurezza in Italia.\u00a0 Maria Cristina Targon \u2013 Dirigente Medico dell\u2019ULSS 1 Belluno, Medico Competente Medicina del Lavoro. 11 Tavola Rotonda con Maria Raffaella Caprioglio \u2013 Presidente UMANA; Tiziana Martire \u2013 Presidente Fidapa BL;\u00a0 Gabriella Faoro \u2013 Dirigente Veneto Lavoro Provincia di Belluno, Treviso e Citt\u00e0Metropolitana di Venezia;\u00a0 Denise Casanova \u2013 Segretario Generale della Filctem Cgil di Belluno; Serenella Bogana \u2013 Vice Presidente della Provincia;\u00a0 Maria Lorraine Berton \u2013 Presidente Confindustria Belluno Dolomiti;\u00a0 Claudia Scarzanella \u2013 Presidente Confartigianato Belluno.\u00a0 12\u00a0 Intervento conclusivo a cura di Rossana Mungiello, Consigliera di Parit\u00e0. 13.30 \u201cFulcis in rosa: la donna nell\u2019arte di ieri e di oggi\u201d a cura di Marta Azzalini<\/p>\n<div class=\"su-document su-u-responsive-media-yes\"><iframe loading=\"lazy\" src=\"\/\/docs.google.com\/viewer?embedded=true&url=http:\/\/www.radiopiu.net\/wordpress\/wp-content\/uploads\/2019\/10\/INVITO-24-OTTOBRE-2019-3.pdf\" width=\"320\" height=\"340\" class=\"su-document\" title=\"\"><\/iframe><\/div>\n<p>&nbsp;<\/p>\n<p>&nbsp;<\/p>\n<p>&nbsp;<\/p>\n<h3>UN&#8217;ALTRA IMPORTANTE DONAZIONE ALLA ULSS1 DALL&#8217;AISLA<\/h3>\n<p><strong>BELLUNO<\/strong> Giovedi alle 14.30 nel reparto di Gastroenterologia (quarto piano dell&#8217;ospedale San Martino) sar\u00e0 presentata la donazione dell&#8217;associazione Slerosi Laterale Amitrofica (Aisla Belluno) di un regolatore di Co2.<\/p>\n<p>&nbsp;<\/p>\n<p>&nbsp;<\/p>\n<h3>AI GIOVEDI DELLA SALUTE L&#8217;IMPORTANZA DI CAMMINARE<\/h3>\n<p><strong>BELLUNO<\/strong> Il tema sembra apparentemente scontato, tuttavia il suo reale impatto sulla vita delle persone non viene percepito dalla popolazione in tutta la sua importanza. Gioved\u00ec alle\u00a0 18 presso la sala riunioni dell\u2019ospedale San Martino, il dr. Aldo Bonso, Direttore della Cardiologia dell\u2019Ospedale di Feltre, illustrer\u00e0 tutti i benefici del camminare.\u00a0 Camminare combatte l\u2019obesit\u00e0, l\u2019ipertensione, l\u2019ipercolesterolemia, l\u2019aterosclerosi, la glicemia, l\u2019osteopeorosi, regolarizza le funzioni intestinali ed il sonno, migliora il tono dell\u2019umore. Gli effetti benefici corrispondono all\u2019effetto di tante terapie farmacologiche. Bastano quindi solo un abbigliamento e scarpe adeguate per ottenere con un po\u2019 di perseveranza dei risultati splendidi sulla salute. L\u2019importante \u00e8 cominciare.<\/p>\n<p>&nbsp;<\/p>\n<p>&nbsp;<\/p>\n<h3>CORSO BASE PER L&#8217;UTILIZZO DEL COMPUTER<\/h3>\n<p><strong>CANALE D&#8217;AGORDO<\/strong> Nell&#8217;ambito del progetto Adotta un nonno la proloco di Canale d&#8217;Agordo organizza un corso base per l&#8217;utilizzo del computer, aperto a tutti con precedenza ai nonni. Insegnante Luciano Serafini nella sede Auser di via al Forn.Informazioni in Municipio, iscrizioni entro il 31 ottobre.<\/p>\n<p>&nbsp;<\/p>\n<p>&nbsp;<\/p>\n<p>&nbsp;<\/p>\n<p>&nbsp;<\/p>\n<p>&nbsp;<\/p>\n<h2><span style=\"color: #ff0000;\">OGGI ALLA RADIO<\/span><\/h2>\n<blockquote><p><em>Alle 10.30 e 1900\u00a0 \u00a0Broomball Club Agordino&#8230; l&#8217;auspicata rinascita con Ivan Cagnati e Alex Farenzena\u00a0 15.10 E 2100 TIRATAIE, IL NUOVO DISCO SARA&#8217; PRESENTATO DOMENICA A SAN SIMON, OGGI ALLA RADIO\u00a0 15.21 21 21\u00a0 WILLIAM DA ROIT NEL DESERTO DEL SAHARA 13.10 20,10\u00a0 SEMPRE CONNESSI, SECONDA STAGIONE-PRIMA PUNTATA. CON LUISA MANFROI<\/em><\/p><\/blockquote>\n<p>&nbsp;<\/p>\n<p>&nbsp;<\/p>\n<p>&nbsp;<\/p>\n<h2>NEL RICORDO DI DON STEFANO GORZEGNO (VIDEO)<\/h2>\n<p>Registrazione del 8 settembre 2018 presso la chiesa di Frassen\u00e8 Agordino (BL) nella serata concerto organizzata dall&#8217;Associazione Amici di don Stefano Gorzegno, il dvd con oltre 2 ore di concerto pi\u00f9 esclusivi contenuti extra \u00e8 disponibile, per info: amici.donstefanogorzegno@gmail.com<\/p>\n<p><iframe loading=\"lazy\" title=\"Signore delle cime (coro e organo Bepi De Marzi)\" width=\"1200\" height=\"675\" src=\"https:\/\/www.youtube.com\/embed\/pSebLAxQ5kY?feature=oembed\" frameborder=\"0\" allow=\"accelerometer; autoplay; encrypted-media; gyroscope; picture-in-picture\" allowfullscreen><\/iframe><\/p>\n<p>&nbsp;<\/p>\n<p>&nbsp;<\/p>\n<p>&nbsp;<\/p>\n<p>&nbsp;<\/p>\n<p><strong><span style=\"color: #ff0000;\">L&#8217;INTERVENTO <\/span><\/strong><\/p>\n<p><strong><span style=\"color: #ff0000;\">Di\u00a0 ALBERTO BAROSSO,\u00a0 componente del Coro organizzatore dell&#8217;evento a Padova<\/span><\/strong><\/p>\n<blockquote><p><a class=\"dt-pswp-item\" href=\"http:\/\/www.radiopiu.net\/wordpress\/wp-content\/uploads\/2019\/10\/Audit.PolliniPadova20.09.2019a-1.jpeg\" data-dt-img-description=\"\" data-large_image_width=\"1509\" data-large_image_height=\"904\"><img loading=\"lazy\" decoding=\"async\" class=\"alignleft size-medium wp-image-103380\" src=\"http:\/\/www.radiopiu.net\/wordpress\/wp-content\/uploads\/2019\/10\/Audit.PolliniPadova20.09.2019a-1-300x180.jpeg\" alt=\"\" width=\"300\" height=\"180\" srcset=\"https:\/\/www.radiopiu.net\/wordpress\/wp-content\/uploads\/2019\/10\/Audit.PolliniPadova20.09.2019a-1-300x180.jpeg 300w, https:\/\/www.radiopiu.net\/wordpress\/wp-content\/uploads\/2019\/10\/Audit.PolliniPadova20.09.2019a-1-768x460.jpeg 768w, https:\/\/www.radiopiu.net\/wordpress\/wp-content\/uploads\/2019\/10\/Audit.PolliniPadova20.09.2019a-1-1024x613.jpeg 1024w, https:\/\/www.radiopiu.net\/wordpress\/wp-content\/uploads\/2019\/10\/Audit.PolliniPadova20.09.2019a-1.jpeg 1509w\" sizes=\"auto, (max-width: 300px) 100vw, 300px\" \/><\/a>Sono trascorse poche settimane da quando il celeberrimo Maestro Bepi de Marzi, noto in tutto il mondo per le sue magnifiche cante, ha lasciato, amareggiato, la guida del suo coro \u201cI crodaioli\u201d, parlando di profonda crisi della coralit\u00e0. Un sentimento di sfiducia verso un genere che, a sua detta, non trova pi\u00f9 interpreti n\u00e9 pubblico. Eppure sabato 19 ottobre, presso il bell\u2019auditorium del conservatorio \u201cC. Pollini\u201d di Padova, per l\u2019evento \u201cNote in compagnia, un evento benefico per la montagna veneta\u201d i cori CAI Padova, Agordo e Astronote (Padova), hanno forse smentito, o almeno smorzato, le parole del Maestro di Arzignano. Il movente? Il 75\u00b0 compleanno della formazione corale pi\u00f9 vecchia di Padova, quella del coro CAI, nato nel 1944 ad opera di Livio Bolzonella e accresciuto per qualit\u00e0 ed armonizzazioni originali da noti maestri del tempo. Da esso, alcuni anni dopo, sarebbe originata anche l\u2019avventura del maestro Malatesta con la sua formazione \u201cTre Pini\u201d. Lo scopo? Raccogliere fondi e muovere le coscienze a favore della montagna veneta funestata, ormai un anno fa, dall\u2019uragano Vaia. Il fluire delle cante nel corso della serata ha trascinato il folto pubblico in un vortice di allegria, riflessione, gioia e commozione, sentimenti contrastanti che i cori presenti hanno saputo egregiamente giostrare, cullando l\u2019ascoltatore con canti popolari, canti della guerra, spumeggianti melodie moderne, canti profondi ed introspettivi. Il coro CAI ha proposto alcuni classici del suo repertorio, armonizzazioni di alcuni dei maestri che ne hanno segnato la crescita nei decenni, come \u201cL\u2019armonica in Val del Sol\u201d dell\u2019indimenticato Padre gesuita Nazzareno Taddei, o J\u2019abbruzzu di Sergio Cestaro. 75 Anni di storia non sono pochi, ci auguriamo che le voci di questi coristi possano tramandare questo patrimonio di canti ancora a lungo! La voce \u00e8 passata quindi al coro Astronote, nuova eccezionale realt\u00e0 nel panorama corale padovano; \u00e8 la forte passione per il canto che sprona questi cinquanta studenti universitari, condotti dal loro carismatico e brillante maestro Giuseppe Murineddu, a superare la difficolt\u00e0 di seguire prove e concerti fra esami, studio, elementi fuori sede che tornano a casa ed altri che arrivano nuovi. Questi giovani frizzanti ci hanno entusiasmato con i loro celebri pezzi, che spaziano da M. Jackson al Quartetto Cetra, arrangiati per coro anche per opera del loro maestro. Portano avanti una saggia commistione di generi che, accanto ad un repertorio tradizionale di cui comunque si fanno interpreti, vede con pari dignit\u00e0 le note pi\u00f9 recenti che proprio non ti aspetteresti!<a class=\"dt-pswp-item\" href=\"http:\/\/www.radiopiu.net\/wordpress\/wp-content\/uploads\/2019\/10\/Audit.PolliniPadova20.09.2019b-1.jpeg\" data-dt-img-description=\"\" data-large_image_width=\"1299\" data-large_image_height=\"969\"> <img loading=\"lazy\" decoding=\"async\" class=\"size-medium wp-image-103379 alignright\" src=\"http:\/\/www.radiopiu.net\/wordpress\/wp-content\/uploads\/2019\/10\/Audit.PolliniPadova20.09.2019b-1-300x224.jpeg\" alt=\"\" width=\"300\" height=\"224\" srcset=\"https:\/\/www.radiopiu.net\/wordpress\/wp-content\/uploads\/2019\/10\/Audit.PolliniPadova20.09.2019b-1-300x224.jpeg 300w, https:\/\/www.radiopiu.net\/wordpress\/wp-content\/uploads\/2019\/10\/Audit.PolliniPadova20.09.2019b-1-768x573.jpeg 768w, https:\/\/www.radiopiu.net\/wordpress\/wp-content\/uploads\/2019\/10\/Audit.PolliniPadova20.09.2019b-1-1024x764.jpeg 1024w, https:\/\/www.radiopiu.net\/wordpress\/wp-content\/uploads\/2019\/10\/Audit.PolliniPadova20.09.2019b-1.jpeg 1299w\" sizes=\"auto, (max-width: 300px) 100vw, 300px\" \/><\/a>Hanno saputo pizzicare le corde pi\u00f9 gioiose del nostro animo, caricando di entusiasmo e di speranza il pubblico, anche con simpatici fuori programma. Infine il coro Agordo, testimone della zona forse pi\u00f9 colpita dalla furia dei venti, ha riportato l\u2019attenzione alla tematica montana della serata. La maestra Roberta Conedera ha preso per mano il pubblico e lo ha condotto nelle vicende di quel fine ottobre 2018. Il silenzio del risveglio dopo la notte della tragedia, la distruzione tutto intorno. Poi i primi rumori, quelli dei primi mezzi della protezione civile che, tempestivi come non mai, giungevano fra le vie di paesi deserti. Fin dal primo giorno l\u2019animo montanaro non si \u00e8 spento e ha da subito preso di petto la disperata situazione, cercando di riportarla alla normalit\u00e0 quanto prima possibile. Normalit\u00e0 che comunque non \u00e8 facile per l\u2019abitante della montagna. La scomodit\u00e0 dei servizi non facilita la vita dei giovani, che spesso si trovano costretti ad emigrare, un po\u2019 come fecero i loro nonni nel secolo scorso. Tutte tematiche, queste, affrontate dal filo rosso che ha legato le cante di queste limpide voci agordine, da \u201cLe zime de l\u2019Auta\u201d a \u201cMontagne addio\u201d. \u00c8 doveroso ricordare che il coro Agordo \u00e8 stato forse il primo dell\u2019arco alpino, a interpretare il repertorio delle cante popolari e di montagna con voci miste, cosa ancora oggi non comune. Inevitabilmente la serata \u00e8 volta al termine con il rituale scambio degli omaggi: libri e leccornie sono passate di mano fra ospiti e ospitati, segno di uno scambio di cultura che speriamo possa essere rafforzato anche in futuro con ulteriori incontri canori. Ci ha colpito l\u2019intervento del rappresentante del DAV (Deutscher Alpenverein) di Friburgo, con cui la sezione patavina \u00e8 gemellata. G\u00f6ts Peter Lebrecht, storico amico del coro CAI, ringraziando per l\u2019ospitalit\u00e0 riservatagli, ha reso nota l\u2019intenzione della sezione d\u2019oltralpe di contribuire economicamente alla causa montana. Questo fatto ha senza dubbio commosso ancor pi\u00f9 l\u2019animo dei presenti. A conclusione della serata, all\u2019unisono, i cori hanno intonato \u201cSignore delle Cime\u201d, una melodia che pi\u00f9 che un canto, \u00e8 una preghiera. E come ogni preghiera, ognuno l\u2019ha fatta propria secondo una personale intenzione. Non \u00e8 comune che in una citt\u00e0 grande come Padova si organizzino eventi di questa portata, sia in termini di qualit\u00e0, sia di profondit\u00e0 della tematica di fondo. La lunga vita di un coro \u00e8 diventata l\u2019occasione per riunirsi attorno a degli ideali di fratellanza, umanit\u00e0, solidariet\u00e0 che dovrebbero ispirare la nostra vita quotidiana. Se ci piace camminare per un sentiero, ammirare un paesaggio montano, in fondo, dobbiamo ricordaci che dietro tutto ci\u00f2 c\u2019\u00e8 la mano di un nostro fratello. In un coro si canta in fraternit\u00e0, le voci devono fondersi assieme in un unico dolce suono, senza prevaricazioni. Cos\u00ec in montagna, la compagnia di amici affronta unita il suo sentiero, se vuole percorrerlo fino alla fine. D\u2019altronde, come ci ha ricordato la presidente della sezione CAI agordina Anna Magro \u2013 che ha accompagnato il Coro Agordo assieme ad Antonello Cibien, gi\u00e0 presidente sezionale e al sindaco del capoluogo di vallata Roberto Chissal\u00e8 \u2013 citando un proverbio africano, \u201cSe vuoi andare veloce, corri da solo, se vuoi andare lontano, cammina con qualcuno!\u201d Auguri Coro CAI Padova!<\/p><\/blockquote>\n<p>&nbsp;<\/p>\n<p>&nbsp;<\/p>\n<h3>ADA AGORDO, ASSEMBLEA&#8230; ED APPELLO<\/h3>\n<p><strong>AGORDO<\/strong> Gioved\u00ec 24 ottobre\u00a0 alle 20.15 \u00e8 convocata\u00a0 l\u2019assemblea ordinaria annuale dei soci &#8220;<em>Cari genitori e cari allievi maggiorenni, vi scriviamo queste due righe in allegato alla convocazione \u201c formale\u201d della assemblea ordinaria annuale dell\u2019associazione danza per dirvi che\u2026.abbiamo pi\u00f9 che mai bisogno di voi! ADA quest\u2019anno ha raggiunto un numero record di iscritti (181 al 10 ottobre) e anche di corsi (25) : ovviamente la gestione di tutto ci\u00f2 richiede pi\u00f9 energie del solito&#8230;.&#8221;<\/em><\/p>\n<p>&nbsp;<\/p>\n<p>&nbsp;<\/p>\n<h3><span style=\"color: #ff0000;\"><a class=\"dt-pswp-item\" href=\"http:\/\/www.radiopiu.net\/wordpress\/wp-content\/uploads\/2017\/01\/LUIGI-DELL-ATTI.jpg\" data-dt-img-description=\"\" data-large_image_width=\"918\" data-large_image_height=\"918\"><img loading=\"lazy\" decoding=\"async\" class=\"alignleft wp-image-27320\" src=\"http:\/\/www.radiopiu.net\/wordpress\/wp-content\/uploads\/2017\/01\/LUIGI-DELL-ATTI-300x300.jpg\" alt=\"\" width=\"148\" height=\"148\" \/><\/a><\/span><\/h3>\n<h3><\/h3>\n<h3><span style=\"color: #ff0000;\">IERI ALLA RADIO<\/span><\/h3>\n<p>Luigi Dell&#8217;Atti, Cgil RSU- Le azioni Luxottica<\/p>\n<p>&nbsp;<\/p>\n<audio class=\"wp-audio-shortcode\" id=\"audio-103358-11\" preload=\"none\" style=\"width: 100%;\" controls=\"controls\"><source type=\"audio\/mpeg\" src=\"http:\/\/www.radiopiu.net\/wordpress\/wp-content\/uploads\/2019\/10\/LUIGI-DELLATTI-AZIONI-LUXOTTICA-1.mp3?_=11\" \/><a href=\"http:\/\/www.radiopiu.net\/wordpress\/wp-content\/uploads\/2019\/10\/LUIGI-DELLATTI-AZIONI-LUXOTTICA-1.mp3\">http:\/\/www.radiopiu.net\/wordpress\/wp-content\/uploads\/2019\/10\/LUIGI-DELLATTI-AZIONI-LUXOTTICA-1.mp3<\/a><\/audio>\n<p>&nbsp;<\/p>\n<p>&nbsp;<\/p>\n<p>&nbsp;<\/p>\n<p>&nbsp;<\/p>\n<h3><span style=\"color: #ff0000;\"><a class=\"dt-pswp-item\" href=\"http:\/\/www.radiopiu.net\/wordpress\/wp-content\/uploads\/2019\/10\/20190322_154042-e1571757753627.jpg\" data-dt-img-description=\"\" data-large_image_width=\"3096\" data-large_image_height=\"4128\"><img loading=\"lazy\" decoding=\"async\" class=\"alignleft wp-image-103409\" src=\"http:\/\/www.radiopiu.net\/wordpress\/wp-content\/uploads\/2019\/10\/20190322_154042-e1571757753627-225x300.jpg\" alt=\"\" width=\"131\" height=\"175\" srcset=\"https:\/\/www.radiopiu.net\/wordpress\/wp-content\/uploads\/2019\/10\/20190322_154042-e1571757753627-225x300.jpg 225w, https:\/\/www.radiopiu.net\/wordpress\/wp-content\/uploads\/2019\/10\/20190322_154042-e1571757753627-768x1024.jpg 768w\" sizes=\"auto, (max-width: 131px) 100vw, 131px\" \/><\/a><\/span><\/h3>\n<h3><\/h3>\n<h3><span style=\"color: #ff0000;\">IERI ALLA RADIO<\/span><\/h3>\n<p>I racconti di Sky Cielo Blu, Giuliana Da Ronch<\/p>\n<p><strong>LA BARIZA<\/strong><\/p>\n<audio class=\"wp-audio-shortcode\" id=\"audio-103358-12\" preload=\"none\" style=\"width: 100%;\" controls=\"controls\"><source type=\"audio\/mpeg\" src=\"http:\/\/www.radiopiu.net\/wordpress\/wp-content\/uploads\/2019\/10\/BARIZA-GIULIANA-DA-RONCH-1.mp3?_=12\" \/><a href=\"http:\/\/www.radiopiu.net\/wordpress\/wp-content\/uploads\/2019\/10\/BARIZA-GIULIANA-DA-RONCH-1.mp3\">http:\/\/www.radiopiu.net\/wordpress\/wp-content\/uploads\/2019\/10\/BARIZA-GIULIANA-DA-RONCH-1.mp3<\/a><\/audio>\n<p>&nbsp;<\/p>\n<p>&nbsp;<\/p>\n<p>&nbsp;<\/p>\n<p>&nbsp;<\/p>\n<h3><span style=\"color: #ff0000;\"><a class=\"dt-pswp-item\" href=\"http:\/\/www.radiopiu.net\/wordpress\/wp-content\/uploads\/2019\/10\/74468342_107947833963229_6387789861591449600_n.jpg\" data-dt-img-description=\"\" data-large_image_width=\"960\" data-large_image_height=\"568\"><img loading=\"lazy\" decoding=\"async\" class=\"alignleft wp-image-103414\" src=\"http:\/\/www.radiopiu.net\/wordpress\/wp-content\/uploads\/2019\/10\/74468342_107947833963229_6387789861591449600_n-300x178.jpg\" alt=\"\" width=\"236\" height=\"140\" srcset=\"https:\/\/www.radiopiu.net\/wordpress\/wp-content\/uploads\/2019\/10\/74468342_107947833963229_6387789861591449600_n-300x178.jpg 300w, https:\/\/www.radiopiu.net\/wordpress\/wp-content\/uploads\/2019\/10\/74468342_107947833963229_6387789861591449600_n-768x454.jpg 768w, https:\/\/www.radiopiu.net\/wordpress\/wp-content\/uploads\/2019\/10\/74468342_107947833963229_6387789861591449600_n.jpg 960w\" sizes=\"auto, (max-width: 236px) 100vw, 236px\" \/><\/a>IERI ALLA RADIO<\/span><\/h3>\n<p>Broomball Club Agordino, l&#8217;intervista a Ivan Cagnati ed Alex Farenzena<\/p>\n<audio class=\"wp-audio-shortcode\" id=\"audio-103358-13\" preload=\"none\" style=\"width: 100%;\" controls=\"controls\"><source type=\"audio\/mpeg\" src=\"http:\/\/www.radiopiu.net\/wordpress\/wp-content\/uploads\/2019\/10\/bromball-ivan-e-alex.mp3?_=13\" \/><a href=\"http:\/\/www.radiopiu.net\/wordpress\/wp-content\/uploads\/2019\/10\/bromball-ivan-e-alex.mp3\">http:\/\/www.radiopiu.net\/wordpress\/wp-content\/uploads\/2019\/10\/bromball-ivan-e-alex.mp3<\/a><\/audio>\n<p>&nbsp;<\/p>\n<div id=\"fb-root\"><\/div>\n<p><script async=\"1\" defer=\"1\" crossorigin=\"anonymous\" src=\"https:\/\/connect.facebook.net\/it_IT\/sdk.js#xfbml=1&amp;version=v6.0\"><\/script><\/p>\n<div class=\"fb-video\" data-href=\"https:\/\/www.facebook.com\/mirko.mezzacasa\/videos\/10221044328044718\/\" data-width=\"1200\">\n<blockquote cite=\"https:\/\/www.facebook.com\/mirko.mezzacasa\/videos\/10221044328044718\/\" class=\"fb-xfbml-parse-ignore\"><p><a href=\"https:\/\/www.facebook.com\/mirko.mezzacasa\/videos\/10221044328044718\/\"><\/a><\/p>\n<p>OGGI  A RADIO PIU&#039; ABBIAMO PARLATO DI BROOMBALL CON IVAN CAGNATI E ALEX FARENZENA CHE IL 30 OTTOBRE PARTIRANNO CON ALTRI AGORDINI PER GIOCARE L&#039;EUROPEO IN FRANCIA. UNA SQUADRA MISTA, LO RACCONTEREMO NEI PROSSIMI GIORNI ALLA RADIO. PARLEREMO ANCHE DI QUESTO SPORT CHE PURTROPPO PERDE LA SQUADRA DOLOMITI WARRIORS DUE ANNI FA IN FINALE, LO SCORSO ANNO IN SEMIFINALE. QUESTI DUE RAGAZZI HANNO UN SOGNO: UNA SQUADRA TUTTA AGORDINA E SI IMPEGNERANNO PER QUESTO&#8230;.TUTTO NELLO SPECIALE A BREVE ALLA RADIO .PAGINA FACEBOOK Broomball Club Agordino<\/p>\n<p>Pubblicato da <a href=\"https:\/\/www.facebook.com\/mirko.mezzacasa\">Mirko Mezzacasa<\/a> su Marted\u00ec 15 ottobre 2019<\/p><\/blockquote>\n<\/div>\n<p>&nbsp;<\/p>\n<p>&nbsp;<\/p>\n<p>&nbsp;<\/p>\n<p>&nbsp;<\/p>\n<h3><a class=\"dt-pswp-item\" href=\"http:\/\/www.radiopiu.net\/wordpress\/wp-content\/uploads\/2018\/09\/appuntamenti.jpeg\" data-dt-img-description=\"\" data-large_image_width=\"800\" data-large_image_height=\"100\"><img loading=\"lazy\" decoding=\"async\" class=\"aligncenter wp-image-61958 size-full\" src=\"http:\/\/www.radiopiu.net\/wordpress\/wp-content\/uploads\/2018\/09\/appuntamenti.jpeg\" alt=\"\" width=\"800\" height=\"100\" srcset=\"https:\/\/www.radiopiu.net\/wordpress\/wp-content\/uploads\/2018\/09\/appuntamenti.jpeg 800w, https:\/\/www.radiopiu.net\/wordpress\/wp-content\/uploads\/2018\/09\/appuntamenti-300x38.jpeg 300w, https:\/\/www.radiopiu.net\/wordpress\/wp-content\/uploads\/2018\/09\/appuntamenti-768x96.jpeg 768w\" sizes=\"auto, (max-width: 800px) 100vw, 800px\" \/><\/a><\/h3>\n<p>&nbsp;<\/p>\n<p><strong><span style=\"color: #ff0000;\">SOLIDARIETA&#8217;<\/span><\/strong><\/p>\n<blockquote>\n<h3>CASTAGNE E NOCI&#8230; PER NUOVI TRAGUARDI<\/h3>\n<p>L&#8217;APPUNTAMENTO E&#8217; PER SABATO 26 OTTOBRE IN PIAZZA AD AGORDO<\/p><\/blockquote>\n<h4><\/h4>\n<h4>APPUNTAMENTI CON GLI EX EMIGRANTI<\/h4>\n<p><strong>CENCENIGHE <\/strong>\u00a0Per il 27 ottobre terzo anniversario dell&#8217;inaugurazione del Monumento dell&#8217;emigrante a Cencenighe con la posa di una corona d&#8217;alloro, alle 10.30 la messa a seguire il corteo verso il piazzale Nof Filo&#8217;. Al termine rinfresco.<\/p>\n<p>&nbsp;<\/p>\n<h4>BERGOMI CON L&#8217;INTERCLUB AGORDINO<\/h4>\n<p><strong>FALCADE _ AGORDO<\/strong> Un nome importante del calcio nazionale alla prossima cena annuale dell&#8217;Interlcub Agordino Giacinto Facchetti. Il 14 novembre allo sport Hotel Cristal l&#8217;ospite della serata sar\u00e0 infatti\u00a0 &#8220;lo zio&#8221; Beppe Bergomi. Nel pomeriggio in sala Don Tamis ad Agordo presenter\u00e0 il suo romanzo di formazione &#8220;Bella Zio&#8221; di Andrea Vitali. Le prenotazioni alla cena sono gi\u00e0 aperte, vi possono partecipare soci, familiari, amici e simpatizzanti. Entro il 12 novembre, informazioni 328 8554722<\/p>\n<p>&nbsp;<\/p>\n<h4>ULTIMA DOMENICA DI OTTOBRE:\u00a0 MESSA PER I CADUTI DELLA MONTAGNA CON IL CORO AGORDO<\/h4>\n<p><strong>AGORDO<\/strong> Anche quest&#8217;anno il Coro Agordo invita alla\u00a0 Messa a ricordo dei Caduti della Montagna,\u00a0 si terr\u00e0 nella chiesa Arcidiaconale di Agordo domenica 27 ottobre e sar\u00e0 trasmessa in diretta da Radio Pi\u00f9. Si tratta della 44esima edizione della messa che sar\u00e0 celebrata dal nuovo Arcidiacono monsignor Cesare Larese e accompagnata dai canti del \u201cCoro Agordo\u201d<\/p>\n<p><strong>IL MANIFESTO E IL LUNGO ELENCO DEI CADUTI IN MONTAGNA<\/strong><\/p>\n<div class=\"su-document su-u-responsive-media-yes\"><iframe loading=\"lazy\" src=\"\/\/docs.google.com\/viewer?embedded=true&url=http:\/\/www.radiopiu.net\/wordpress\/wp-content\/uploads\/2019\/10\/MessaCadutiMontagna2019-1.pdf\" width=\"320\" height=\"340\" class=\"su-document\" title=\"\"><\/iframe><\/div>\n<p>&nbsp;<\/p>\n<h4>MUSEO BUREL, SALVATICO<\/h4>\n<p><strong>BELLUNO<\/strong> Terzo atto del Museo Burel\u00a0 (via Mezzaterra) e del ciclo di mostre dal titolo &#8220;Hai paura dell&#8217;uomo nero&#8221;. Personale dell&#8217;artista Francesco Fonassi a cura di Daniela Zangrando. Dal 26 ottobre al 7 dicembre (vernice sabato alle 18). Aperto sabato e domenica dalle 16 alle 20, dal martedi al venerdi su appuntamento.<\/p>\n<p>&nbsp;<\/p>\n<p>&nbsp;<\/p>\n<div>\n<p><strong><a class=\"dt-pswp-item\" href=\"http:\/\/www.radiopiu.net\/wordpress\/wp-content\/uploads\/2018\/09\/viabilita.jpeg\" data-dt-img-description=\"\" data-large_image_width=\"800\" data-large_image_height=\"100\"><img loading=\"lazy\" decoding=\"async\" class=\"wp-image-61954 size-full aligncenter\" src=\"http:\/\/www.radiopiu.net\/wordpress\/wp-content\/uploads\/2018\/09\/viabilita.jpeg\" alt=\"\" width=\"800\" height=\"100\" srcset=\"https:\/\/www.radiopiu.net\/wordpress\/wp-content\/uploads\/2018\/09\/viabilita.jpeg 800w, https:\/\/www.radiopiu.net\/wordpress\/wp-content\/uploads\/2018\/09\/viabilita-300x38.jpeg 300w, https:\/\/www.radiopiu.net\/wordpress\/wp-content\/uploads\/2018\/09\/viabilita-768x96.jpeg 768w\" sizes=\"auto, (max-width: 800px) 100vw, 800px\" \/><\/a><\/strong><\/p>\n<\/div>\n<p>&nbsp;<\/p>\n<p><strong>REGIONALE 244 DELLA VAL BADIA <\/strong>Dal 23 ottobre all&#8217;11 novembre compresi sabato, domeniche senso unico alternato in localit\u00e0 Arabba per lavori di messa in sicurezza del tratto stradale.<\/p>\n<p>&nbsp;<\/p>\n<div>\n<p><strong>TAIBON<\/strong> Dal 23 al 31 ottobre (esclusi festivi e prefestivi) senso unico alternato con semaforo a Listolade per posa fibre ottiche<\/p>\n<p>&nbsp;<\/p>\n<p><strong>SELVA DI CADORE<\/strong> fino\u00a0 al 24 ottobre (escluse domeniche e festivi) per permettere i lavori nei diversi cantieri \u00e8 previsto il senso unico alternato con impianto semaforico dal chilometro 1,5 per 250 metri, oltre possibili brevi interruzioni della durata massima di 20 minuti.<\/p>\n<p>&nbsp;<\/p>\n<\/div>\n<p><strong>PROVINCIALE 347 PASSO DURAN<\/strong>: SENSO UNICO ALTERNATO A PASSO DURAN DAL 22 OTTOBRE AL 5 NOVEMBRE PER MESSA IN SICUREZZA PIANO VIABILE<\/p>\n<div>\n<blockquote><p>&nbsp;<\/p>\n<p><strong>SAN TOMASO<\/strong> fino\u00a0 all&#8217;11 novembre lungo la provinciale 8 tra Pian Molin e Roi senso unico alternato con semaforo. Esclusi giorni festivi e prefestivi<\/p>\n<p>&nbsp;<\/p><\/blockquote>\n<p><strong>CANALE D&#8217;AGORD<\/strong>O Ai due cantieri per la realizzazione della rete acquedottistica si aggiunge un terzo cantiere in prossimit\u00e0 di Canale d&#8217;Agordo. Veneto Strade ha emesso una precisa ordinanza in vigore fino a domani : senso unico alternato regolato da movieri con possibili brevi interruzioni della durata massima di 10 minuti per lavori di esbosco al chilometri 26 E 350 per 100 metri.<br \/>\n<strong>LE DUE PRECEDENTI <\/strong><strong>SP 346 PASSO SAN PELLEGRINO<\/strong>:\u00a0 fino al 6 dicembre senso unico tra Canale d\u2019Agordo e Vallada per esecuzione lavori alla rete acquedottistica;\u00a0 \u00a0dal 7 ottobre al 15 novembre senso unico alternato all\u2019inbocco nord della galleria delle Anime, esclusi i giorni festivi e prefestivi.<\/p>\n<p><strong>PROVINCIALE 346 DI PASSO SAN PELLEGRINO<\/strong> dal 21 ottobre all&#8217;8 novembre (sabato e domeniche esclusi) senso unico alternato in Comune di Falcade per posa cavidotti<\/p>\n<\/div>\n<p>&nbsp;<\/p>\n<p>&nbsp;<\/p>\n<p>&nbsp;<\/p>\n<p><a class=\"dt-pswp-item\" href=\"http:\/\/www.radiopiu.net\/wordpress\/wp-content\/uploads\/2018\/09\/sport.jpg\" data-dt-img-description=\"\" data-large_image_width=\"800\" data-large_image_height=\"100\"><img loading=\"lazy\" decoding=\"async\" class=\"aligncenter wp-image-60761 size-full\" src=\"http:\/\/www.radiopiu.net\/wordpress\/wp-content\/uploads\/2018\/09\/sport.jpg\" alt=\"\" width=\"800\" height=\"100\" srcset=\"https:\/\/www.radiopiu.net\/wordpress\/wp-content\/uploads\/2018\/09\/sport.jpg 800w, https:\/\/www.radiopiu.net\/wordpress\/wp-content\/uploads\/2018\/09\/sport-300x38.jpg 300w, https:\/\/www.radiopiu.net\/wordpress\/wp-content\/uploads\/2018\/09\/sport-768x96.jpg 768w\" sizes=\"auto, (max-width: 800px) 100vw, 800px\" \/><\/a><\/p>\n<h3><\/h3>\n<h3><\/h3>\n<h3><a class=\"dt-pswp-item\" href=\"http:\/\/www.radiopiu.net\/wordpress\/wp-content\/uploads\/2019\/10\/ARRIVO-NUOVO-CANADESE-ALLEGHE.jpeg\" data-dt-img-description=\"\" data-large_image_width=\"1599\" data-large_image_height=\"899\"><img loading=\"lazy\" decoding=\"async\" class=\"alignleft size-medium wp-image-103110\" src=\"http:\/\/www.radiopiu.net\/wordpress\/wp-content\/uploads\/2019\/10\/ARRIVO-NUOVO-CANADESE-ALLEGHE-300x169.jpeg\" alt=\"\" width=\"300\" height=\"169\" srcset=\"https:\/\/www.radiopiu.net\/wordpress\/wp-content\/uploads\/2019\/10\/ARRIVO-NUOVO-CANADESE-ALLEGHE-300x169.jpeg 300w, https:\/\/www.radiopiu.net\/wordpress\/wp-content\/uploads\/2019\/10\/ARRIVO-NUOVO-CANADESE-ALLEGHE-768x432.jpeg 768w, https:\/\/www.radiopiu.net\/wordpress\/wp-content\/uploads\/2019\/10\/ARRIVO-NUOVO-CANADESE-ALLEGHE-1024x576.jpeg 1024w, https:\/\/www.radiopiu.net\/wordpress\/wp-content\/uploads\/2019\/10\/ARRIVO-NUOVO-CANADESE-ALLEGHE.jpeg 1599w\" sizes=\"auto, (max-width: 300px) 100vw, 300px\" \/><\/a>PRIMO ALLENAMENTO CON L&#8217;ALLEGHE HOCKEY PER BURGHARDT<\/h3>\n<p>Il nuovo acquisto delle civette ha iniziato a lavorare sul ghiaccio. Luke Burghardt ha calcato il ghiaccio del De Toni per la prima volta e lo ha fatto con i suoi nuovi compagni di squadra. Il canadese, arrivato in riva al lago domenica scorsa, ha fatto conoscenza con allenatore e lo staff prima di allacciare i pattini e cominciare l&#8217;allenamento.<\/p>\n<p><strong>LE PRIME IMPRESSIONI DI ADRIANO LEVIS, AMMINISTRATORE DELEGATO DELL&#8217;ALLEGHE HOCKEY<\/strong><\/p>\n<audio class=\"wp-audio-shortcode\" id=\"audio-103358-14\" preload=\"none\" style=\"width: 100%;\" controls=\"controls\"><source type=\"audio\/mpeg\" src=\"http:\/\/www.radiopiu.net\/wordpress\/wp-content\/uploads\/2019\/10\/ADRIANO-LEVIS-NUOVO-CANADESE-PRIMO-ALLENAMENTO.mp3?_=14\" \/><a href=\"http:\/\/www.radiopiu.net\/wordpress\/wp-content\/uploads\/2019\/10\/ADRIANO-LEVIS-NUOVO-CANADESE-PRIMO-ALLENAMENTO.mp3\">http:\/\/www.radiopiu.net\/wordpress\/wp-content\/uploads\/2019\/10\/ADRIANO-LEVIS-NUOVO-CANADESE-PRIMO-ALLENAMENTO.mp3<\/a><\/audio>\n<p>&nbsp;<\/p>\n<p>&nbsp;<\/p>\n<blockquote><p><span style=\"color: #000000;\"><strong><em>LIBERATE IL GHIACCIO&#8230;.. ARRIVANO LE NUOVE PROMESSE &#8230;.<span style=\"color: #ff0000;\"> 2 E 3 NOVEMBRE IN CAMPO GLI UNDER 10: AD ALLEGHE, STADIO DE TONI CON\u00a0 IL PRIMO ALLEGHE HOCKEY TOURNAMENT&#8230;<\/span> due giorni di incontri, chiosco, cucina e sabato sera festa con Jack&amp;Lallo al Bar dello Stadio&#8230;. <span style=\"color: #ff0000;\">Un evento Alleghe Hockey&#8230; per il futuro dello sport del ghiaccio nell&#8217;Agordino.\u00a0<\/span><\/em><\/strong><\/span><\/p><\/blockquote>\n<p>&nbsp;<\/p>\n<p>&nbsp;<\/p>\n<p>&nbsp;<\/p>\n<h3>DOMENICA ULTIMO TEST PRIMA DEI MONDIALI PER LUCA CAGNATI<\/h3>\n<p><a class=\"dt-pswp-item\" href=\"http:\/\/www.radiopiu.net\/wordpress\/wp-content\/uploads\/2019\/07\/LUCA-CAGNATI-PRIMIERO-MARATHON.jpeg\" data-dt-img-description=\"\" data-large_image_width=\"717\" data-large_image_height=\"720\"><img loading=\"lazy\" decoding=\"async\" class=\"size-medium wp-image-90952 alignleft\" src=\"http:\/\/www.radiopiu.net\/wordpress\/wp-content\/uploads\/2019\/07\/LUCA-CAGNATI-PRIMIERO-MARATHON-300x300.jpeg\" alt=\"\" width=\"300\" height=\"300\" srcset=\"https:\/\/www.radiopiu.net\/wordpress\/wp-content\/uploads\/2019\/07\/LUCA-CAGNATI-PRIMIERO-MARATHON-300x300.jpeg 300w, https:\/\/www.radiopiu.net\/wordpress\/wp-content\/uploads\/2019\/07\/LUCA-CAGNATI-PRIMIERO-MARATHON-150x150.jpeg 150w, https:\/\/www.radiopiu.net\/wordpress\/wp-content\/uploads\/2019\/07\/LUCA-CAGNATI-PRIMIERO-MARATHON.jpeg 717w\" sizes=\"auto, (max-width: 300px) 100vw, 300px\" \/><\/a>Mancano poco pi\u00f9 di 15 giorni prima che Luca Cagnati salga sull&#8217;aereo che lo porter\u00e0 in Argentina per i mondiali di corsa in montagna. L&#8217;atleta della Valle del Biois sta continuando la sua preparazione e domenica prossima effettuer\u00e0 l&#8217;ultimo test ufficiale prima dell&#8217;appuntamento pi\u00f9 importante dell&#8217;anno. Cagnati sar\u00e0 in terra lombarda, a Morbegno in provincia di Sondrio, dove con la sua squadra parteciper\u00e0 alla 62a edizione del Trofeo Vanoni. Una gara a livello internazionale di corsa in montagna a staffetta che gi\u00e0 nel 2012 aveva dato delle soddisfazioni a Luca.<\/p>\n<p>&nbsp;<\/p>\n<p>&nbsp;<\/p>\n<p>&nbsp;<\/p>\n<p><strong>AI MICROFONI DI RADIO PIU&#8217; LUCA CAGNATI<\/strong><\/p>\n<audio class=\"wp-audio-shortcode\" id=\"audio-103358-15\" preload=\"none\" style=\"width: 100%;\" controls=\"controls\"><source type=\"audio\/mpeg\" src=\"http:\/\/www.radiopiu.net\/wordpress\/wp-content\/uploads\/2019\/10\/LUCA-CAGNATI-PREGARA-TROFEO-VANONI-2019.mp3?_=15\" \/><a href=\"http:\/\/www.radiopiu.net\/wordpress\/wp-content\/uploads\/2019\/10\/LUCA-CAGNATI-PREGARA-TROFEO-VANONI-2019.mp3\">http:\/\/www.radiopiu.net\/wordpress\/wp-content\/uploads\/2019\/10\/LUCA-CAGNATI-PREGARA-TROFEO-VANONI-2019.mp3<\/a><\/audio>\n<p>&nbsp;<\/p>\n<p>&nbsp;<\/p>\n<p>&nbsp;<\/p>\n<p>&nbsp;<\/p>\n<p>&nbsp;<\/p>\n<p><a class=\"dt-pswp-item\" href=\"http:\/\/www.radiopiu.net\/wordpress\/wp-content\/uploads\/2018\/09\/WhatsApp-Image-2018-09-20-at-16.04.06.jpeg\" data-dt-img-description=\"\" data-large_image_width=\"800\" data-large_image_height=\"100\"><img loading=\"lazy\" decoding=\"async\" class=\"wp-image-61378 size-full aligncenter\" src=\"http:\/\/www.radiopiu.net\/wordpress\/wp-content\/uploads\/2018\/09\/WhatsApp-Image-2018-09-20-at-16.04.06.jpeg\" alt=\"\" width=\"800\" height=\"100\" srcset=\"https:\/\/www.radiopiu.net\/wordpress\/wp-content\/uploads\/2018\/09\/WhatsApp-Image-2018-09-20-at-16.04.06.jpeg 800w, https:\/\/www.radiopiu.net\/wordpress\/wp-content\/uploads\/2018\/09\/WhatsApp-Image-2018-09-20-at-16.04.06-300x38.jpeg 300w, https:\/\/www.radiopiu.net\/wordpress\/wp-content\/uploads\/2018\/09\/WhatsApp-Image-2018-09-20-at-16.04.06-768x96.jpeg 768w\" sizes=\"auto, (max-width: 800px) 100vw, 800px\" \/><\/a><\/p>\n<p><center><b>Mercoledi 23<\/b><\/center><b>Tempo atteso: <\/b>In prevalenza soleggiato, con qualche possibile banco di nubi basse mattutine, specie sulle Prealpi, eventualmente in dissolvimento, e qualche velatura nella seconda parte della giornata. Clima diurno anormalmente mite.<br \/>\n<b>Precipitazioni: <\/b>Assenti (0%).<br \/>\n<b>Temperature: <\/b>Senza variazioni di rilievo. Su Prealpi a 1500 m min 11\u00b0C max 15\u00b0C, a 2000 m min 8\u00b0C max 11\u00b0C. Su Dolomiti a 2000 m min 7\u00b0C max 12\u00b0C, a 3000 m min 4\u00b0C max 5\u00b0C.<br \/>\n<b>Venti: <\/b>Nelle valli deboli a regime di brezza; in quota moderati\/tesi da Sud-Ovest, a 15-25 km\/h a 2000 m, 30-40 km\/h a 3000 m.<\/p>\n<hr \/>\n<p><center><b>Giovedi 24<\/b><\/center><b>Tempo atteso: <\/b>Schiarite mattutine, pi\u00f9 ampie sui settori orientali, seguite da un aumento della nuvolosit\u00e0 da Ovest, con cielo molto nuvoloso o coperto dalle ore centrali su Prealpi veronesi e vicentine, dove sar\u00e0 probabile qualche fenomeno, con nuvolosit\u00e0 meno intensa e fenomeni meno probabili sulla provincia di Belluno, specie i settori dolomitici pi\u00f9 settentrionali. Clima diurno pi\u00f9 fresco.<br \/>\n<b>Precipitazioni: <\/b>Fino a met\u00e0 mattina assenti (0%); tra la tarda mattinata e il pomeriggio\/sera probabili precipitazioni deboli, solo a tratti moderate, su Prealpi veronesi e vicentine (60\/70%); altrove i fenomeni saranno sporadici (30\/40%), anche del tutto assenti sulle Dolomiti settentrionali, in particolare sul Comelico (10\/30%).<br \/>\n<b>Temperature: <\/b>Nelle valli, minime in aumento, massime in calo; in quota senza notevoli variazioni. Su Prealpi a 1500 m min 11\u00b0C max 14\u00b0C, a 2000 m min 8\u00b0C max 10\u00b0C. Su Dolomiti a 2000 m min 7\u00b0C max 12\u00b0C, a 3000 m min 2\u00b0C max 3\u00b0C.<br \/>\n<b>Venti: <\/b>Nelle valli deboli a regime di brezza; in quota moderati\/tesi da Sud Sud-Ovest, a 15-25 km\/h a 2000 m, 25-40 km\/h a 3000 m.<\/p>\n<hr \/>\n<p><center><b>Venerdi 25<\/b><\/center>Tempo perlopi\u00f9 soleggiato, con cielo sereno o poco nuvoloso per residua nuvolosit\u00e0 mattutina e qualche velatura in giornata. Clima diurno nuovamente molto mite, un po&#8217; pi\u00f9 fresco al primo mattino.<\/p>\n<hr \/>\n<p><center><b>Sabato 26<\/b><\/center>Bellissima giornata con cielo del tutto sereno e clima diurno molto mite a tutte le quote. Previsore: G.M.<\/p>\n","protected":false},"excerpt":{"rendered":"<p>&nbsp; Ultim&#8217;ora notizie&#8230;. LUXOTTICA RINNOVA IL CONTRATTO CON CHANEL Teleborsa ha battuto la notizia: Chanel e Luxottica hanno rinnovato in anticipo l&#8217;accordo di licenza esclusivo per la produzione e distribuzione di occhiali a marchio Chanel. Accordo quinquiennale in vigore dal 1 gennaio 2020, valido fino al 31 dicembre 2024 con possibilit\u00e0 di rinnovo per ulteriori&hellip;<\/p>\n","protected":false},"author":1,"featured_media":103466,"comment_status":"closed","ping_status":"closed","sticky":false,"template":"","format":"standard","meta":{"_monsterinsights_skip_tracking":false,"_monsterinsights_sitenote_active":false,"_monsterinsights_sitenote_note":"","_monsterinsights_sitenote_category":0,"footnotes":""},"categories":[1,86],"tags":[],"class_list":["post-103358","post","type-post","status-publish","format-standard","has-post-thumbnail","hentry","category-senza-categoria","category-gr","category-1","category-86","description-off"],"img_url":"https:\/\/www.radiopiu.net\/wordpress\/wp-content\/uploads\/2019\/10\/73044599_2495711487180515_4952199207566966784_n.jpg","_links":{"self":[{"href":"https:\/\/www.radiopiu.net\/wordpress\/wp-json\/wp\/v2\/posts\/103358","targetHints":{"allow":["GET"]}}],"collection":[{"href":"https:\/\/www.radiopiu.net\/wordpress\/wp-json\/wp\/v2\/posts"}],"about":[{"href":"https:\/\/www.radiopiu.net\/wordpress\/wp-json\/wp\/v2\/types\/post"}],"author":[{"embeddable":true,"href":"https:\/\/www.radiopiu.net\/wordpress\/wp-json\/wp\/v2\/users\/1"}],"replies":[{"embeddable":true,"href":"https:\/\/www.radiopiu.net\/wordpress\/wp-json\/wp\/v2\/comments?post=103358"}],"version-history":[{"count":0,"href":"https:\/\/www.radiopiu.net\/wordpress\/wp-json\/wp\/v2\/posts\/103358\/revisions"}],"wp:featuredmedia":[{"embeddable":true,"href":"https:\/\/www.radiopiu.net\/wordpress\/wp-json\/wp\/v2\/media\/103466"}],"wp:attachment":[{"href":"https:\/\/www.radiopiu.net\/wordpress\/wp-json\/wp\/v2\/media?parent=103358"}],"wp:term":[{"taxonomy":"category","embeddable":true,"href":"https:\/\/www.radiopiu.net\/wordpress\/wp-json\/wp\/v2\/categories?post=103358"},{"taxonomy":"post_tag","embeddable":true,"href":"https:\/\/www.radiopiu.net\/wordpress\/wp-json\/wp\/v2\/tags?post=103358"}],"curies":[{"name":"wp","href":"https:\/\/api.w.org\/{rel}","templated":true}]}}