{"id":103413,"date":"2019-10-22T23:58:50","date_gmt":"2019-10-22T21:58:50","guid":{"rendered":"http:\/\/www.radiopiu.net\/wordpress\/?p=103413"},"modified":"2019-10-22T19:12:35","modified_gmt":"2019-10-22T17:12:35","slug":"domenica-ultimo-test-prima-dei-mondiali-per-luca-cagnati","status":"publish","type":"post","link":"https:\/\/www.radiopiu.net\/wordpress\/domenica-ultimo-test-prima-dei-mondiali-per-luca-cagnati\/","title":{"rendered":"DOMENICA ULTIMO TEST PRIMA DEI MONDIALI PER LUCA CAGNATI"},"content":{"rendered":"<p><a class=\"dt-pswp-item\" href=\"http:\/\/www.radiopiu.net\/wordpress\/wp-content\/uploads\/2019\/07\/LUCA-CAGNATI-PRIMIERO-MARATHON.jpeg\" data-dt-img-description=\"\" data-large_image_width=\"717\" data-large_image_height=\"720\"><img loading=\"lazy\" decoding=\"async\" class=\"size-medium wp-image-90952 alignleft\" src=\"http:\/\/www.radiopiu.net\/wordpress\/wp-content\/uploads\/2019\/07\/LUCA-CAGNATI-PRIMIERO-MARATHON-300x300.jpeg\" alt=\"\" width=\"300\" height=\"300\" srcset=\"https:\/\/www.radiopiu.net\/wordpress\/wp-content\/uploads\/2019\/07\/LUCA-CAGNATI-PRIMIERO-MARATHON-300x300.jpeg 300w, https:\/\/www.radiopiu.net\/wordpress\/wp-content\/uploads\/2019\/07\/LUCA-CAGNATI-PRIMIERO-MARATHON-150x150.jpeg 150w, https:\/\/www.radiopiu.net\/wordpress\/wp-content\/uploads\/2019\/07\/LUCA-CAGNATI-PRIMIERO-MARATHON.jpeg 717w\" sizes=\"auto, (max-width: 300px) 100vw, 300px\" \/><\/a>Mancano poco pi\u00f9 di 15 giorni prima che Luca Cagnati salga sull&#8217;aereo che lo porter\u00e0 in Argentina per i mondiali di corsa in montagna. L&#8217;atleta della Valle del Biois sta continuando la sua preparazione e domenica prossima effettuer\u00e0 l&#8217;ultimo test ufficiale prima dell&#8217;appuntamento pi\u00f9 importante dell&#8217;anno. Cagnati sar\u00e0 in terra lombarda, a Morbegno in provincia di Sondrio, dove con la sua squadra parteciper\u00e0 alla 62a edizione del Trofeo Vanoni. Una gara a livello internazionale di corsa in montagna a staffetta che gi\u00e0 nel 2012 aveva dato delle soddisfazioni a Luca.<\/p>\n<p>&nbsp;<\/p>\n<p>&nbsp;<\/p>\n<p>&nbsp;<\/p>\n<p>&nbsp;<\/p>\n<p>&nbsp;<\/p>\n<p><strong>AI MICROFONI DI RADIO PIU&#8217; LUCA CAGNATI<\/strong><\/p>\n<audio class=\"wp-audio-shortcode\" id=\"audio-103413-1\" preload=\"none\" style=\"width: 100%;\" controls=\"controls\"><source type=\"audio\/mpeg\" src=\"http:\/\/www.radiopiu.net\/wordpress\/wp-content\/uploads\/2019\/10\/LUCA-CAGNATI-PREGARA-TROFEO-VANONI-2019.mp3?_=1\" \/><a href=\"http:\/\/www.radiopiu.net\/wordpress\/wp-content\/uploads\/2019\/10\/LUCA-CAGNATI-PREGARA-TROFEO-VANONI-2019.mp3\">http:\/\/www.radiopiu.net\/wordpress\/wp-content\/uploads\/2019\/10\/LUCA-CAGNATI-PREGARA-TROFEO-VANONI-2019.mp3<\/a><\/audio>\n","protected":false},"excerpt":{"rendered":"<p>Mancano poco pi\u00f9 di 15 giorni prima che Luca Cagnati salga sull&#8217;aereo che lo porter\u00e0 in Argentina per i mondiali di corsa in montagna. L&#8217;atleta della Valle del Biois sta continuando la sua preparazione e domenica prossima effettuer\u00e0 l&#8217;ultimo test ufficiale prima dell&#8217;appuntamento pi\u00f9 importante dell&#8217;anno. Cagnati sar\u00e0 in terra lombarda, a Morbegno in provincia&hellip;<\/p>\n","protected":false},"author":4,"featured_media":90952,"comment_status":"closed","ping_status":"closed","sticky":false,"template":"","format":"standard","meta":{"_monsterinsights_skip_tracking":false,"_monsterinsights_sitenote_active":false,"_monsterinsights_sitenote_note":"","_monsterinsights_sitenote_category":0,"footnotes":""},"categories":[49,72],"tags":[],"class_list":["post-103413","post","type-post","status-publish","format-standard","has-post-thumbnail","hentry","category-news-18","category-sport","category-49","category-72","description-off"],"img_url":"https:\/\/www.radiopiu.net\/wordpress\/wp-content\/uploads\/2019\/07\/LUCA-CAGNATI-PRIMIERO-MARATHON.jpeg","_links":{"self":[{"href":"https:\/\/www.radiopiu.net\/wordpress\/wp-json\/wp\/v2\/posts\/103413","targetHints":{"allow":["GET"]}}],"collection":[{"href":"https:\/\/www.radiopiu.net\/wordpress\/wp-json\/wp\/v2\/posts"}],"about":[{"href":"https:\/\/www.radiopiu.net\/wordpress\/wp-json\/wp\/v2\/types\/post"}],"author":[{"embeddable":true,"href":"https:\/\/www.radiopiu.net\/wordpress\/wp-json\/wp\/v2\/users\/4"}],"replies":[{"embeddable":true,"href":"https:\/\/www.radiopiu.net\/wordpress\/wp-json\/wp\/v2\/comments?post=103413"}],"version-history":[{"count":0,"href":"https:\/\/www.radiopiu.net\/wordpress\/wp-json\/wp\/v2\/posts\/103413\/revisions"}],"wp:featuredmedia":[{"embeddable":true,"href":"https:\/\/www.radiopiu.net\/wordpress\/wp-json\/wp\/v2\/media\/90952"}],"wp:attachment":[{"href":"https:\/\/www.radiopiu.net\/wordpress\/wp-json\/wp\/v2\/media?parent=103413"}],"wp:term":[{"taxonomy":"category","embeddable":true,"href":"https:\/\/www.radiopiu.net\/wordpress\/wp-json\/wp\/v2\/categories?post=103413"},{"taxonomy":"post_tag","embeddable":true,"href":"https:\/\/www.radiopiu.net\/wordpress\/wp-json\/wp\/v2\/tags?post=103413"}],"curies":[{"name":"wp","href":"https:\/\/api.w.org\/{rel}","templated":true}]}}