{"id":103431,"date":"2019-10-22T23:59:50","date_gmt":"2019-10-22T21:59:50","guid":{"rendered":"http:\/\/www.radiopiu.net\/wordpress\/?p=103431"},"modified":"2019-10-22T18:07:42","modified_gmt":"2019-10-22T16:07:42","slug":"livinallongo-l-esbosco-continua","status":"publish","type":"post","link":"https:\/\/www.radiopiu.net\/wordpress\/livinallongo-l-esbosco-continua\/","title":{"rendered":"LIVINALLONGO L&#8217; ESBOSCO CONTINUA"},"content":{"rendered":"<h3><\/h3>\n<h3><a class=\"dt-pswp-item\" href=\"http:\/\/www.radiopiu.net\/wordpress\/wp-content\/uploads\/2019\/10\/098b6d8f-5a8e-4e3d-a331-ac8768c83c18.jpg\" data-dt-img-description=\"\" data-large_image_width=\"1024\" data-large_image_height=\"766\"><img loading=\"lazy\" decoding=\"async\" class=\"alignleft  wp-image-103341\" src=\"http:\/\/www.radiopiu.net\/wordpress\/wp-content\/uploads\/2019\/10\/098b6d8f-5a8e-4e3d-a331-ac8768c83c18-300x224.jpg\" alt=\"\" width=\"216\" height=\"161\" srcset=\"https:\/\/www.radiopiu.net\/wordpress\/wp-content\/uploads\/2019\/10\/098b6d8f-5a8e-4e3d-a331-ac8768c83c18-300x224.jpg 300w, https:\/\/www.radiopiu.net\/wordpress\/wp-content\/uploads\/2019\/10\/098b6d8f-5a8e-4e3d-a331-ac8768c83c18-768x575.jpg 768w, https:\/\/www.radiopiu.net\/wordpress\/wp-content\/uploads\/2019\/10\/098b6d8f-5a8e-4e3d-a331-ac8768c83c18.jpg 1024w\" sizes=\"auto, (max-width: 216px) 100vw, 216px\" \/><\/a><\/h3>\n<p><strong>LIVINALLONGO<\/strong> Terza asta a buon fine, altri 77 mila euro per il Comune dai quattro lotti di 4800 metri cubi di bosco schiantato da Vaia. dAI 13 ai 19 euro a metro cubo tra Salesei e Federa. 45 mila sono i metri cubi di legname venduto, il 22 per cento della massa complessiva pubblica e privata a terra\u00a0 su una superficie di oltre 700 ettari, il 15 per cento del bosco. Un danno incalcolabile per uno dei Comuni pi\u00f9 colpiti del bellunese. Rimane il problema dei siti valanghivi, delle segherie intasate e della Cina che non acquister\u00e0 all&#8217;infinito. L&#8217;altro problema \u00e8 il bostrico.<\/p>\n<p><strong>AI MICROFONI DI RADIO PIU&#8217; IL SINDACO LEANDRO GRONES<\/strong><\/p>\n<audio class=\"wp-audio-shortcode\" id=\"audio-103431-1\" preload=\"none\" style=\"width: 100%;\" controls=\"controls\"><source type=\"audio\/mpeg\" src=\"http:\/\/www.radiopiu.net\/wordpress\/wp-content\/uploads\/2019\/10\/leandro-1.mp3?_=1\" \/><a href=\"http:\/\/www.radiopiu.net\/wordpress\/wp-content\/uploads\/2019\/10\/leandro-1.mp3\">http:\/\/www.radiopiu.net\/wordpress\/wp-content\/uploads\/2019\/10\/leandro-1.mp3<\/a><\/audio>\n<p>&nbsp;<\/p>\n<h3><a class=\"dt-pswp-item\" href=\"http:\/\/www.radiopiu.net\/wordpress\/wp-content\/uploads\/2019\/10\/e1712878-2613-4030-842f-980f01d5ceca.jpg\" data-dt-img-description=\"\" data-large_image_width=\"1024\" data-large_image_height=\"768\"><img loading=\"lazy\" decoding=\"async\" class=\"alignleft  wp-image-103344\" src=\"http:\/\/www.radiopiu.net\/wordpress\/wp-content\/uploads\/2019\/10\/e1712878-2613-4030-842f-980f01d5ceca-300x225.jpg\" alt=\"\" width=\"176\" height=\"132\" srcset=\"https:\/\/www.radiopiu.net\/wordpress\/wp-content\/uploads\/2019\/10\/e1712878-2613-4030-842f-980f01d5ceca-300x225.jpg 300w, https:\/\/www.radiopiu.net\/wordpress\/wp-content\/uploads\/2019\/10\/e1712878-2613-4030-842f-980f01d5ceca-768x576.jpg 768w, https:\/\/www.radiopiu.net\/wordpress\/wp-content\/uploads\/2019\/10\/e1712878-2613-4030-842f-980f01d5ceca.jpg 1024w\" sizes=\"auto, (max-width: 176px) 100vw, 176px\" \/><\/a><a class=\"dt-pswp-item\" href=\"http:\/\/www.radiopiu.net\/wordpress\/wp-content\/uploads\/2019\/10\/390fee7e-76b1-4ca4-9de7-7fcd4258007f.jpg\" data-dt-img-description=\"\" data-large_image_width=\"1024\" data-large_image_height=\"575\"><img loading=\"lazy\" decoding=\"async\" class=\"alignleft  wp-image-103343\" src=\"http:\/\/www.radiopiu.net\/wordpress\/wp-content\/uploads\/2019\/10\/390fee7e-76b1-4ca4-9de7-7fcd4258007f-300x168.jpg\" alt=\"\" width=\"233\" height=\"131\" srcset=\"https:\/\/www.radiopiu.net\/wordpress\/wp-content\/uploads\/2019\/10\/390fee7e-76b1-4ca4-9de7-7fcd4258007f-300x168.jpg 300w, https:\/\/www.radiopiu.net\/wordpress\/wp-content\/uploads\/2019\/10\/390fee7e-76b1-4ca4-9de7-7fcd4258007f-768x431.jpg 768w, https:\/\/www.radiopiu.net\/wordpress\/wp-content\/uploads\/2019\/10\/390fee7e-76b1-4ca4-9de7-7fcd4258007f.jpg 1024w\" sizes=\"auto, (max-width: 233px) 100vw, 233px\" \/><\/a><a class=\"dt-pswp-item\" href=\"http:\/\/www.radiopiu.net\/wordpress\/wp-content\/uploads\/2019\/10\/beca59dc-b147-4cb5-8f4d-e1f62705567a.jpg\" data-dt-img-description=\"\" data-large_image_width=\"1024\" data-large_image_height=\"602\"><img loading=\"lazy\" decoding=\"async\" class=\"alignleft  wp-image-103342\" src=\"http:\/\/www.radiopiu.net\/wordpress\/wp-content\/uploads\/2019\/10\/beca59dc-b147-4cb5-8f4d-e1f62705567a-300x176.jpg\" alt=\"\" width=\"216\" height=\"127\" srcset=\"https:\/\/www.radiopiu.net\/wordpress\/wp-content\/uploads\/2019\/10\/beca59dc-b147-4cb5-8f4d-e1f62705567a-300x176.jpg 300w, https:\/\/www.radiopiu.net\/wordpress\/wp-content\/uploads\/2019\/10\/beca59dc-b147-4cb5-8f4d-e1f62705567a-768x452.jpg 768w, https:\/\/www.radiopiu.net\/wordpress\/wp-content\/uploads\/2019\/10\/beca59dc-b147-4cb5-8f4d-e1f62705567a.jpg 1024w\" sizes=\"auto, (max-width: 216px) 100vw, 216px\" \/><\/a><\/h3>\n<p>&nbsp;<\/p>\n<p>&nbsp;<\/p>\n<p>&nbsp;<\/p>\n<h3><\/h3>\n","protected":false},"excerpt":{"rendered":"<p>LIVINALLONGO Terza asta a buon fine, altri 77 mila euro per il Comune dai quattro lotti di 4800 metri cubi di bosco schiantato da Vaia. dAI 13 ai 19 euro a metro cubo tra Salesei e Federa. 45 mila sono i metri cubi di legname venduto, il 22 per cento della massa complessiva pubblica e&hellip;<\/p>\n","protected":false},"author":1,"featured_media":103343,"comment_status":"closed","ping_status":"closed","sticky":false,"template":"","format":"standard","meta":{"_monsterinsights_skip_tracking":false,"_monsterinsights_sitenote_active":false,"_monsterinsights_sitenote_note":"","_monsterinsights_sitenote_category":0,"footnotes":""},"categories":[51,49],"tags":[],"class_list":["post-103431","post","type-post","status-publish","format-standard","has-post-thumbnail","hentry","category-evidenza-top","category-news-18","category-51","category-49","description-off"],"img_url":"https:\/\/www.radiopiu.net\/wordpress\/wp-content\/uploads\/2019\/10\/390fee7e-76b1-4ca4-9de7-7fcd4258007f.jpg","_links":{"self":[{"href":"https:\/\/www.radiopiu.net\/wordpress\/wp-json\/wp\/v2\/posts\/103431","targetHints":{"allow":["GET"]}}],"collection":[{"href":"https:\/\/www.radiopiu.net\/wordpress\/wp-json\/wp\/v2\/posts"}],"about":[{"href":"https:\/\/www.radiopiu.net\/wordpress\/wp-json\/wp\/v2\/types\/post"}],"author":[{"embeddable":true,"href":"https:\/\/www.radiopiu.net\/wordpress\/wp-json\/wp\/v2\/users\/1"}],"replies":[{"embeddable":true,"href":"https:\/\/www.radiopiu.net\/wordpress\/wp-json\/wp\/v2\/comments?post=103431"}],"version-history":[{"count":0,"href":"https:\/\/www.radiopiu.net\/wordpress\/wp-json\/wp\/v2\/posts\/103431\/revisions"}],"wp:featuredmedia":[{"embeddable":true,"href":"https:\/\/www.radiopiu.net\/wordpress\/wp-json\/wp\/v2\/media\/103343"}],"wp:attachment":[{"href":"https:\/\/www.radiopiu.net\/wordpress\/wp-json\/wp\/v2\/media?parent=103431"}],"wp:term":[{"taxonomy":"category","embeddable":true,"href":"https:\/\/www.radiopiu.net\/wordpress\/wp-json\/wp\/v2\/categories?post=103431"},{"taxonomy":"post_tag","embeddable":true,"href":"https:\/\/www.radiopiu.net\/wordpress\/wp-json\/wp\/v2\/tags?post=103431"}],"curies":[{"name":"wp","href":"https:\/\/api.w.org\/{rel}","templated":true}]}}