{"id":103447,"date":"2019-10-23T00:06:38","date_gmt":"2019-10-22T22:06:38","guid":{"rendered":"http:\/\/www.radiopiu.net\/wordpress\/?p=103447"},"modified":"2019-10-23T08:56:30","modified_gmt":"2019-10-23T06:56:30","slug":"san-tomaso-e-le-sue-frazioni-un-anno-dopo-vaia","status":"publish","type":"post","link":"https:\/\/www.radiopiu.net\/wordpress\/san-tomaso-e-le-sue-frazioni-un-anno-dopo-vaia\/","title":{"rendered":"SAN TOMASO E LE SUE FRAZIONI, UN ANNO DOPO VAIA"},"content":{"rendered":"<h3><\/h3>\n<p><strong><a class=\"dt-pswp-item\" href=\"http:\/\/www.radiopiu.net\/wordpress\/wp-content\/uploads\/2019\/10\/ca1defb1-af19-44ed-a092-855d5fefdbab.jpg\" data-dt-img-description=\"\" data-large_image_width=\"1440\" data-large_image_height=\"720\"><img loading=\"lazy\" decoding=\"async\" class=\"alignleft wp-image-103398\" src=\"http:\/\/www.radiopiu.net\/wordpress\/wp-content\/uploads\/2019\/10\/ca1defb1-af19-44ed-a092-855d5fefdbab-300x150.jpg\" alt=\"\" width=\"270\" height=\"135\" srcset=\"https:\/\/www.radiopiu.net\/wordpress\/wp-content\/uploads\/2019\/10\/ca1defb1-af19-44ed-a092-855d5fefdbab-300x150.jpg 300w, https:\/\/www.radiopiu.net\/wordpress\/wp-content\/uploads\/2019\/10\/ca1defb1-af19-44ed-a092-855d5fefdbab-768x384.jpg 768w, https:\/\/www.radiopiu.net\/wordpress\/wp-content\/uploads\/2019\/10\/ca1defb1-af19-44ed-a092-855d5fefdbab-1024x512.jpg 1024w, https:\/\/www.radiopiu.net\/wordpress\/wp-content\/uploads\/2019\/10\/ca1defb1-af19-44ed-a092-855d5fefdbab.jpg 1440w\" sizes=\"auto, (max-width: 270px) 100vw, 270px\" \/><\/a>SAN TOMASO<\/strong> In localit\u00e0 Pianezze, una delle 24 frazioni a 1200 metri sul mare arrampicata sulla roccia, abbiamo incontrato il sindaco Moreno De Val, gli abbiamo rubato una mezz&#8217;oretta del suo tempo mentre stava spostando mattoni da un camion, che \u00e8 il suo lavoro. Il tempo di sbattersi la polvere di dosso e poi via con una lunga chiacchierata. Le strade messe in sicurezza dopo l&#8217;uragano di un anno fa (1 milione 600 mila euro di lavori appaltati),\u00a0 gli alberi da rialzare,\u00a0 operazioni tutt&#8217;altro che semplici perch\u00e9 San Tomaso si sviluppa tutto in verticale e le ditte, anche quelle che gi\u00e0 hanno versato il pattuito fanno fatica ad avviare i cantieri. L&#8217;Enel che non ha perso tempo a ripristinare linee, tirare su tralicci, interrare\u00a0 cavi e dall&#8217;altra la Telecom anche in questo caso &#8220;latitante&#8221; nel dopo emergenza, le linee telefoniche sono a rischio come il primo novembre di un anno fa, cavi a terra <em>&#8220;gli passano sopra con le ruote delle macchine&#8221;<\/em> dir\u00e0 il primo cittadino, deluso e rattristato per il comportamento della compagnia telefonica. Molto \u00e8 stato fatto a San Tomaso, lo si vede osservando le ripe messe in sicurezza, le strade rese transitabili anche se ancora mancano le protezioni, i corsi d&#8217;acqua regimati e pronti ad accogliere le prossime piene.<em> &#8220;Pi\u00f9 di cos\u00ec non potevamo fare, se qualcuno ha la bacchetta magica venga al mio posto&#8221;,<\/em> taglia corto il primo cittadino che non nega come molto sia ancora da fare, soprattutto nei boschi (30 mila metri cubi di legname da avviare alle segherie) <em>&#8220;perch\u00e9 qui viviamo in pendenza&#8221;, <\/em>\u00a0ma\u00a0 le difficolt\u00e0 erano prevedibili fin da quel 29 ottobre di un anno fa. Nel primo video con Moreno De Val raccontiamo questo, nel secondo partendo da Canacede scendiamo fino a Pian, dal luogo di partenza della Zip Line al cantiere dove \u00e8 in costruzione la parete verticale, un&#8217;altra attrazione turistica per una San Tomaso che crede nel turismo, nell&#8217;ospitalit\u00e0 turistica, negli importanti investimenti d&#8217;area vasta dei fondi di confine. Perch\u00e9 l&#8217;uragano ha scosso ma non ha fermato n\u00e8 idee n\u00e8 progetti.<\/p>\n<h2>PRIMO VIDEO, L&#8217;INTERVISTA A MORENO DE VAL<\/h2>\n<p><iframe loading=\"lazy\" title=\"VID 20191022 104632\" width=\"1200\" height=\"675\" src=\"https:\/\/www.youtube.com\/embed\/wzv8pgSrnpI?feature=oembed\" frameborder=\"0\" allow=\"accelerometer; autoplay; encrypted-media; gyroscope; picture-in-picture\" allowfullscreen><\/iframe><\/p>\n<h2>SECONDO VIDEO, DA CANACEDE AL NUOVO CANTIERE DI PIAN DOVE PROPRIO IERI SONO ARRIVATE DALL&#8217;AUSTRIA LE TRAVATURE PER LA MODERNA STRUTTURA CHE VERRA&#8217; REALIZZATA<\/h2>\n<p><iframe loading=\"lazy\" title=\"CANACEDE-PIAN\" width=\"1200\" height=\"675\" src=\"https:\/\/www.youtube.com\/embed\/4vczUyuR_1g?feature=oembed\" frameborder=\"0\" allow=\"accelerometer; autoplay; encrypted-media; gyroscope; picture-in-picture\" allowfullscreen><\/iframe><\/p>\n<h3>GALLERIA FOTO, WORK IN PROGRESS&#8230;<\/h3>\n<p><a class=\"dt-pswp-item\" href=\"http:\/\/www.radiopiu.net\/wordpress\/wp-content\/uploads\/2019\/10\/IMG_20191022_112402.jpg\" data-dt-img-description=\"\" data-large_image_width=\"4608\" data-large_image_height=\"3456\"><img loading=\"lazy\" decoding=\"async\" class=\"alignleft wp-image-103362\" src=\"http:\/\/www.radiopiu.net\/wordpress\/wp-content\/uploads\/2019\/10\/IMG_20191022_112402-300x225.jpg\" alt=\"\" width=\"292\" height=\"219\" srcset=\"https:\/\/www.radiopiu.net\/wordpress\/wp-content\/uploads\/2019\/10\/IMG_20191022_112402-300x225.jpg 300w, https:\/\/www.radiopiu.net\/wordpress\/wp-content\/uploads\/2019\/10\/IMG_20191022_112402-768x576.jpg 768w, https:\/\/www.radiopiu.net\/wordpress\/wp-content\/uploads\/2019\/10\/IMG_20191022_112402-1024x768.jpg 1024w\" sizes=\"auto, (max-width: 292px) 100vw, 292px\" \/><\/a><\/p>\n<p><a class=\"dt-pswp-item\" href=\"http:\/\/www.radiopiu.net\/wordpress\/wp-content\/uploads\/2019\/10\/IMG_20191022_112355.jpg\" data-dt-img-description=\"\" data-large_image_width=\"4608\" data-large_image_height=\"3456\"><img loading=\"lazy\" decoding=\"async\" class=\"size-medium wp-image-103361 alignnone\" src=\"http:\/\/www.radiopiu.net\/wordpress\/wp-content\/uploads\/2019\/10\/IMG_20191022_112355-300x225.jpg\" alt=\"\" width=\"300\" height=\"225\" srcset=\"https:\/\/www.radiopiu.net\/wordpress\/wp-content\/uploads\/2019\/10\/IMG_20191022_112355-300x225.jpg 300w, https:\/\/www.radiopiu.net\/wordpress\/wp-content\/uploads\/2019\/10\/IMG_20191022_112355-768x576.jpg 768w, https:\/\/www.radiopiu.net\/wordpress\/wp-content\/uploads\/2019\/10\/IMG_20191022_112355-1024x768.jpg 1024w\" sizes=\"auto, (max-width: 300px) 100vw, 300px\" \/><\/a><\/p>\n<p><a class=\"dt-pswp-item\" href=\"http:\/\/www.radiopiu.net\/wordpress\/wp-content\/uploads\/2019\/10\/IMG_20191022_112252.jpg\" data-dt-img-description=\"\" data-large_image_width=\"3456\" data-large_image_height=\"4608\"><img loading=\"lazy\" decoding=\"async\" class=\"alignleft wp-image-103364\" src=\"http:\/\/www.radiopiu.net\/wordpress\/wp-content\/uploads\/2019\/10\/IMG_20191022_112252-225x300.jpg\" alt=\"\" width=\"191\" height=\"255\" srcset=\"https:\/\/www.radiopiu.net\/wordpress\/wp-content\/uploads\/2019\/10\/IMG_20191022_112252-225x300.jpg 225w, https:\/\/www.radiopiu.net\/wordpress\/wp-content\/uploads\/2019\/10\/IMG_20191022_112252-768x1024.jpg 768w\" sizes=\"auto, (max-width: 191px) 100vw, 191px\" \/><\/a><a class=\"dt-pswp-item\" href=\"http:\/\/www.radiopiu.net\/wordpress\/wp-content\/uploads\/2019\/10\/IMG_20191022_112150.jpg\" data-dt-img-description=\"\" data-large_image_width=\"3456\" data-large_image_height=\"4608\">\u00a0<\/a><a class=\"dt-pswp-item\" href=\"http:\/\/www.radiopiu.net\/wordpress\/wp-content\/uploads\/2019\/10\/IMG_20191022_112348.jpg\" data-dt-img-description=\"\" data-large_image_width=\"3456\" data-large_image_height=\"4608\"><img loading=\"lazy\" decoding=\"async\" class=\"alignleft wp-image-103359\" src=\"http:\/\/www.radiopiu.net\/wordpress\/wp-content\/uploads\/2019\/10\/IMG_20191022_112348-225x300.jpg\" alt=\"\" width=\"193\" height=\"257\" srcset=\"https:\/\/www.radiopiu.net\/wordpress\/wp-content\/uploads\/2019\/10\/IMG_20191022_112348-225x300.jpg 225w, https:\/\/www.radiopiu.net\/wordpress\/wp-content\/uploads\/2019\/10\/IMG_20191022_112348-768x1024.jpg 768w\" sizes=\"auto, (max-width: 193px) 100vw, 193px\" \/><\/a><a class=\"dt-pswp-item\" href=\"http:\/\/www.radiopiu.net\/wordpress\/wp-content\/uploads\/2019\/10\/IMG_20191022_112150.jpg\" data-dt-img-description=\"\" data-large_image_width=\"3456\" data-large_image_height=\"4608\"><img loading=\"lazy\" decoding=\"async\" class=\"alignleft wp-image-103363\" src=\"http:\/\/www.radiopiu.net\/wordpress\/wp-content\/uploads\/2019\/10\/IMG_20191022_112150-225x300.jpg\" alt=\"\" width=\"194\" height=\"259\" srcset=\"https:\/\/www.radiopiu.net\/wordpress\/wp-content\/uploads\/2019\/10\/IMG_20191022_112150-225x300.jpg 225w, https:\/\/www.radiopiu.net\/wordpress\/wp-content\/uploads\/2019\/10\/IMG_20191022_112150-768x1024.jpg 768w\" sizes=\"auto, (max-width: 194px) 100vw, 194px\" \/><\/a><\/p>\n<p>&nbsp;<\/p>\n<p>&nbsp;<\/p>\n<h3><\/h3>\n<h3><\/h3>\n<h3><\/h3>\n<h3><\/h3>\n<h3><\/h3>\n<h3><\/h3>\n","protected":false},"excerpt":{"rendered":"<p>SAN TOMASO In localit\u00e0 Pianezze, una delle 24 frazioni a 1200 metri sul mare arrampicata sulla roccia, abbiamo incontrato il sindaco Moreno De Val, gli abbiamo rubato una mezz&#8217;oretta del suo tempo mentre stava spostando mattoni da un camion, che \u00e8 il suo lavoro. Il tempo di sbattersi la polvere di dosso e poi via&hellip;<\/p>\n","protected":false},"author":1,"featured_media":103362,"comment_status":"closed","ping_status":"closed","sticky":false,"template":"","format":"standard","meta":{"_monsterinsights_skip_tracking":false,"_monsterinsights_sitenote_active":false,"_monsterinsights_sitenote_note":"","_monsterinsights_sitenote_category":0,"footnotes":""},"categories":[51,49],"tags":[],"class_list":["post-103447","post","type-post","status-publish","format-standard","has-post-thumbnail","hentry","category-evidenza-top","category-news-18","category-51","category-49","description-off"],"img_url":"https:\/\/www.radiopiu.net\/wordpress\/wp-content\/uploads\/2019\/10\/IMG_20191022_112402.jpg","_links":{"self":[{"href":"https:\/\/www.radiopiu.net\/wordpress\/wp-json\/wp\/v2\/posts\/103447","targetHints":{"allow":["GET"]}}],"collection":[{"href":"https:\/\/www.radiopiu.net\/wordpress\/wp-json\/wp\/v2\/posts"}],"about":[{"href":"https:\/\/www.radiopiu.net\/wordpress\/wp-json\/wp\/v2\/types\/post"}],"author":[{"embeddable":true,"href":"https:\/\/www.radiopiu.net\/wordpress\/wp-json\/wp\/v2\/users\/1"}],"replies":[{"embeddable":true,"href":"https:\/\/www.radiopiu.net\/wordpress\/wp-json\/wp\/v2\/comments?post=103447"}],"version-history":[{"count":0,"href":"https:\/\/www.radiopiu.net\/wordpress\/wp-json\/wp\/v2\/posts\/103447\/revisions"}],"wp:featuredmedia":[{"embeddable":true,"href":"https:\/\/www.radiopiu.net\/wordpress\/wp-json\/wp\/v2\/media\/103362"}],"wp:attachment":[{"href":"https:\/\/www.radiopiu.net\/wordpress\/wp-json\/wp\/v2\/media?parent=103447"}],"wp:term":[{"taxonomy":"category","embeddable":true,"href":"https:\/\/www.radiopiu.net\/wordpress\/wp-json\/wp\/v2\/categories?post=103447"},{"taxonomy":"post_tag","embeddable":true,"href":"https:\/\/www.radiopiu.net\/wordpress\/wp-json\/wp\/v2\/tags?post=103447"}],"curies":[{"name":"wp","href":"https:\/\/api.w.org\/{rel}","templated":true}]}}