{"id":103509,"date":"2024-10-26T05:27:18","date_gmt":"2024-10-26T03:27:18","guid":{"rendered":"http:\/\/www.radiopiu.net\/wordpress\/?p=103509"},"modified":"2024-10-26T05:43:03","modified_gmt":"2024-10-26T03:43:03","slug":"24-ottobre-2018-24-ottobre-2024-lincendio-6-anni-fa","status":"publish","type":"post","link":"https:\/\/www.radiopiu.net\/wordpress\/24-ottobre-2018-24-ottobre-2024-lincendio-6-anni-fa\/","title":{"rendered":"IL FUOCO E L\u2019ACQUA CHE NON TI ASPETTI, di GIULIANA DA RONCH"},"content":{"rendered":"<p>&nbsp;<\/p>\n<h2>24 OTTOBRE 2018-24 OTTOBRE 2024&#8230; L&#8217;INCENDIO 6 ANNI FA<\/h2>\n<p><strong><a class=\"dt-pswp-item\" href=\"http:\/\/www.radiopiu.net\/wordpress\/wp-content\/uploads\/2018\/10\/RZCCTPG.jpg\" data-dt-img-description=\"\" data-large_image_width=\"720\" data-large_image_height=\"600\"><img loading=\"lazy\" decoding=\"async\" class=\"size-medium wp-image-65179 alignleft\" src=\"http:\/\/www.radiopiu.net\/wordpress\/wp-content\/uploads\/2018\/10\/RZCCTPG-300x250.jpg\" alt=\"\" width=\"300\" height=\"250\" srcset=\"https:\/\/www.radiopiu.net\/wordpress\/wp-content\/uploads\/2018\/10\/RZCCTPG-300x250.jpg 300w, https:\/\/www.radiopiu.net\/wordpress\/wp-content\/uploads\/2018\/10\/RZCCTPG.jpg 720w\" sizes=\"auto, (max-width: 300px) 100vw, 300px\" \/><\/a>TAIBON<\/strong> Primo pomeriggio del 24 ottobre 2018, tirava forte il vento fino a rompere (probabilmente) un cavo dell&#8217;alta tensione anche se le cause di quell&#8217;incendio non sono mai state rivelate, forse valutate. Questa era per\u00f2 l&#8217;ipotesi di prima battuta. Le fiamme, al confine tra Listolade di Taibon (galleria) e Morbiach di Cencenighe hanno interessato il bosco, secco, perch\u00e9 non pioveva da giorni. In un attimo si sono diffuse lungo tutto il versante della Pale di San Lucano raggiungendo in serata Forno Val di Taibon Agordino e la chiesetta in Valle di San Lucano mettendo pericolosamente a rischio residenti e infrastrutture. Notevole il lavoro dei vigili del fuoco, impegnati per giorni nel bosco, a bordo strada. Elicotteri e Canadair hanno continuato a fare la spola in mezzo a dense colonne di fumo visibili fino dalla pianura veneta. La cenere, tipo nevicata la ricordiamo ancora, su gran parte della provincia. Giornate terribili, notti di fuoco con due ragazzi bloccati sulle Pale di San Lucano, in un bivacco in attesa dei soccorsi. Oggi ricordiamo quei giorni che precedettero il peggio: l&#8217;uragano Vaia. (mm)<\/p>\n<p>&nbsp;<\/p>\n<p>&nbsp;<\/p>\n<h2>IL FUOCO E L\u2019ACQUA CHE NON TI ASPETTI, di GIULIANA DA RONCH<\/h2>\n<p><span style=\"color: #ff0000;\">AUDIO<\/span><\/p>\n<audio class=\"wp-audio-shortcode\" id=\"audio-103509-1\" preload=\"none\" style=\"width: 100%;\" controls=\"controls\"><source type=\"audio\/mpeg\" src=\"http:\/\/www.radiopiu.net\/wordpress\/wp-content\/uploads\/2019\/10\/GIULIANA-VINTO-CONCORSO-ACQUA-SEZIONE-ADULTI-TAIBON-24-OTTOBRE.mp3?_=1\" \/><a href=\"http:\/\/www.radiopiu.net\/wordpress\/wp-content\/uploads\/2019\/10\/GIULIANA-VINTO-CONCORSO-ACQUA-SEZIONE-ADULTI-TAIBON-24-OTTOBRE.mp3\">http:\/\/www.radiopiu.net\/wordpress\/wp-content\/uploads\/2019\/10\/GIULIANA-VINTO-CONCORSO-ACQUA-SEZIONE-ADULTI-TAIBON-24-OTTOBRE.mp3<\/a><\/audio>\n<blockquote><p><strong><a class=\"dt-pswp-item\" href=\"http:\/\/www.radiopiu.net\/wordpress\/wp-content\/uploads\/2019\/10\/46456246_883303168543412_3539537249337081856_n.jpg\" data-dt-img-description=\"\" data-large_image_width=\"714\" data-large_image_height=\"960\"><img loading=\"lazy\" decoding=\"async\" class=\"alignleft size-medium wp-image-103510\" src=\"http:\/\/www.radiopiu.net\/wordpress\/wp-content\/uploads\/2019\/10\/46456246_883303168543412_3539537249337081856_n-223x300.jpg\" alt=\"\" width=\"223\" height=\"300\" srcset=\"https:\/\/www.radiopiu.net\/wordpress\/wp-content\/uploads\/2019\/10\/46456246_883303168543412_3539537249337081856_n-223x300.jpg 223w, https:\/\/www.radiopiu.net\/wordpress\/wp-content\/uploads\/2019\/10\/46456246_883303168543412_3539537249337081856_n.jpg 714w\" sizes=\"auto, (max-width: 223px) 100vw, 223px\" \/><\/a>TAIBON<\/strong> Era marted\u00ec 23 ottobre e me ne stavo seduta sul crinale di una montagna a contemplare la bellezza della mia terra. Armonia ed equilibrio erano ovunque, dentro e fuori di me. Non avrei mai immaginato che nei giorni seguenti le nostre vite fossero travolte da fuoco, acqua e vento, che con violenza hanno completamente stravolto l\u2019ambiente che ci circonda. <strong>Mercoled\u00ec 24 ottobre<\/strong> nel pomeriggio, nei boschi sopra Listolade, si \u00e8 scatenato un incendio che, complice la forza del vento e il secco delle carenti piogge autunnali, si \u00e8 propagato velocemente per molti km, arrivando fin sopra casa mia. Gi\u00e0 dal pomeriggio un forte fumo ci impediva di respirare bene e al fumo si \u00e8 aggiunta una sensazione di insicurezza e ansia. Con lo scendere della notte, \u00e8 scesa in me anche una forte paura, perch\u00e9 con l\u2019avvento del buio ho potuto rendermi conto della dimensione e della vicinanza delle fiamme che si vedevano alte e vicine alle case. Le Pale di San Lucano sembravano un vulcano in eruzione, di quelli che si vedono alla tv in posti lontani da noi. Quella notte \u00e8 stata lunghissima, interminabile passata con la paura, il fumo, che era percettibile anche all\u2019interno delle abitazioni, e la consapevolezza che fra l\u2019avere tutto e l\u2019avere niente il filo e davvero sottile. Poi \u00e8 arrivata anche la tristezza e il magone nel pensare che non stava bruciando solo il versante di una montagna, ma anche una parte della nostra identit\u00e0. Unica consolazione la presenza costante dei Vigli del Fuoco che sono diventati una presenza fissa sul <a class=\"dt-pswp-item\" href=\"http:\/\/www.radiopiu.net\/wordpress\/wp-content\/uploads\/2019\/10\/20181025_090134.jpg\" data-dt-img-description=\"\" data-large_image_width=\"4128\" data-large_image_height=\"3096\"><img loading=\"lazy\" decoding=\"async\" class=\"size-medium wp-image-103511 alignright\" src=\"http:\/\/www.radiopiu.net\/wordpress\/wp-content\/uploads\/2019\/10\/20181025_090134-300x225.jpg\" alt=\"\" width=\"300\" height=\"225\" srcset=\"https:\/\/www.radiopiu.net\/wordpress\/wp-content\/uploads\/2019\/10\/20181025_090134-300x225.jpg 300w, https:\/\/www.radiopiu.net\/wordpress\/wp-content\/uploads\/2019\/10\/20181025_090134-768x576.jpg 768w, https:\/\/www.radiopiu.net\/wordpress\/wp-content\/uploads\/2019\/10\/20181025_090134-1024x768.jpg 1024w\" sizes=\"auto, (max-width: 300px) 100vw, 300px\" \/><\/a>territorio. Al mattino l\u2019arrivo dei canadair e quando ho sentito il primo alle 7.30 del mattino ho pianto, un pianto liberatorio. Ho pensato che finalmente era finita. Il cielo dei giorni seguenti \u00e8 stato trafficato da elicotteri e aerei che spegnevano il fuoco e il loro rumore era una consolazione e una sicurezza. Nei giorni seguenti abbiamo invocato la pioggia che scendesse lenta su di noi, sulla nostra terra spegnendo gli ultimi focolai rimasti, lavando l\u2019aria e rigenerando il nostro paese, i nostri pensieri e i nostri corpi. Di sicuro non ci aspettavamo cos\u00ec tanta acqua. Una pioggia prima leggera, poi sempre pi\u00f9 forte ha ingrossato torrenti, poi i fiumi fino a farli diventare minacciosi e aggressivi. Non dimenticher\u00f2 mai l\u2019odore acre di terra mossa che c\u2019era nell\u2019aria la sera del 29 ottobre. L\u2019urlo dell\u2019acqua si \u00e8 presto unito all\u2019urlo del vento che soffiava fortissimo, come non lo avevamo mai sentito. Dalle finestre si vedeva passare di tutto e le strade comunali sono ben presto diventate torrenti di ghiaia. Dall\u2019interno delle abitazioni abbiamo capito che la situazione era grave, ma la misura di quello che stava succedendo l\u2019avremmo capita solo nei giorni successivi. Poi \u00e8 sparita la luce e con essa i contatti telefonici e internet. Questa mancanza ci ha reso pi\u00f9 vulnerabili e pi\u00f9 insicuri e paura e inquietudine sono aumentate rendendoci ancora pi\u00f9 fragili. <a class=\"dt-pswp-item\" href=\"http:\/\/www.radiopiu.net\/wordpress\/wp-content\/uploads\/2019\/10\/20181102_160030.jpg\" data-dt-img-description=\"\" data-large_image_width=\"4128\" data-large_image_height=\"3096\"><img loading=\"lazy\" decoding=\"async\" class=\"alignleft size-medium wp-image-103512\" src=\"http:\/\/www.radiopiu.net\/wordpress\/wp-content\/uploads\/2019\/10\/20181102_160030-300x225.jpg\" alt=\"\" width=\"300\" height=\"225\" srcset=\"https:\/\/www.radiopiu.net\/wordpress\/wp-content\/uploads\/2019\/10\/20181102_160030-300x225.jpg 300w, https:\/\/www.radiopiu.net\/wordpress\/wp-content\/uploads\/2019\/10\/20181102_160030-768x576.jpg 768w, https:\/\/www.radiopiu.net\/wordpress\/wp-content\/uploads\/2019\/10\/20181102_160030-1024x768.jpg 1024w\" sizes=\"auto, (max-width: 300px) 100vw, 300px\" \/><\/a>Dopo alcuni giorni di ansia e trepidazione, siamo usciti e ci siamo guardati attorno, attoniti e scoraggiati abbiamo fatto la conta dei danni personali e comunitari. Sono stati giorni di silenzio, di tristezza e della consapevolezza che niente sarebbe mai stato pi\u00f9 come prima. Il fuoco, l\u2019acqua e il vento che non mi aspettavo hanno devastato e cambiato la morfologia dei nostri territori e delle nostre anime. La valle di San Lucano che mi si \u00e8 presentata davanti i primi giorni di novembre non sembrava pi\u00f9 la valle che conoscevo. Alberi a tappeto, strade interrotte, ponti e briglie spazzati via dalla furia dell\u2019acqua, disordine e un silenzio tombale mi hanno fatto capire quanto piccolo \u00e8 l\u2019uomo di fronte alla forza della Natura. Ci sar\u00e0 molto da lavorare per sistemare la nostra terra e sar\u00e0 il lavoro di un\u2019intera comunit\u00e0 che in questi tristi eventi si \u00e8 unita pi\u00f9 che mai. Credo che presto salir\u00f2 sul crinale di qualche montagna, come ho fatto il giorno prima del fuoco. Salir\u00f2 per trovare l\u2019armonia e l\u2019equilibrio che si trovano solo lass\u00f9 e dal crinale guarder\u00f2 la mia terra, la guarder\u00f2 con occhi nuovi, con gli occhi della speranza e cercher\u00f2 di vedere tutta la bellezza e le emozioni che ancora sa donarmi. Riportarla al suo splendore \u00e8 un compito che spetta anche a tutti noi che dobbiamo essere responsabili verso l\u2019ambiente che ci ospita.<\/p><\/blockquote>\n<p>&nbsp;<\/p>\n<p>&nbsp;<\/p>\n<p>&nbsp;<\/p>\n<p>&nbsp;<\/p>\n<p>&nbsp;<\/p>\n<hr \/>\n<p>&nbsp;<\/p>\n<p>&nbsp;<\/p>\n<h3><span style=\"color: #ff0000;\">GIORNALE RADIOPIU 25 OTTOBRE 2018 DIRETTORE MIRKO MEZZACASA<\/span><\/h3>\n<h4>ESCURSIONISTI BLOCCATI SULLE PALE DI SAN LUCANO<\/h4>\n\n\t\t\t<style type='text\/css'>\n\t\t\t\t#gallery-1 {\n\t\t\t\t\tmargin: auto;\n\t\t\t\t}\n\t\t\t\t#gallery-1 .gallery-item {\n\t\t\t\t\tfloat: left;\n\t\t\t\t\tmargin-top: 10px;\n\t\t\t\t\ttext-align: center;\n\t\t\t\t\twidth: 33%;\n\t\t\t\t}\n\t\t\t\t#gallery-1 img {\n\t\t\t\t\tborder: 2px solid #cfcfcf;\n\t\t\t\t}\n\t\t\t\t#gallery-1 .gallery-caption {\n\t\t\t\t\tmargin-left: 0;\n\t\t\t\t}\n\t\t\t\t\/* see gallery_shortcode() in wp-includes\/media.php *\/\n\t\t\t<\/style>\n\t\t<div id='gallery-1' class='dt-gallery-container gallery galleryid-103509 gallery-columns-3 gallery-size-thumbnail'><dl class='gallery-item'>\n\t\t\t\t<dt class='gallery-icon landscape'>\n\t\t\t\t\t<a class=\"rollover\" href='https:\/\/www.radiopiu.net\/wordpress\/giornale-radiopiu-25-ottobre-2018-direttore-mirko-mezzacasa\/img-20181024-wa0010-2\/'><img loading=\"lazy\" decoding=\"async\" width=\"150\" height=\"150\" src=\"https:\/\/www.radiopiu.net\/wordpress\/wp-content\/uploads\/2018\/10\/IMG-20181024-WA0010-1-150x150.jpg\" class=\"attachment-thumbnail size-thumbnail\" alt=\"\" \/><\/a>\n\t\t\t\t<\/dt><\/dl><dl class='gallery-item'>\n\t\t\t\t<dt class='gallery-icon landscape'>\n\t\t\t\t\t<a class=\"rollover\" href='https:\/\/www.radiopiu.net\/wordpress\/giornale-radiopiu-25-ottobre-2018-direttore-mirko-mezzacasa\/img-20181024-wa0008-2\/'><img loading=\"lazy\" decoding=\"async\" width=\"150\" height=\"150\" src=\"https:\/\/www.radiopiu.net\/wordpress\/wp-content\/uploads\/2018\/10\/IMG-20181024-WA0008-1-150x150.jpg\" class=\"attachment-thumbnail size-thumbnail\" alt=\"\" \/><\/a>\n\t\t\t\t<\/dt><\/dl><dl class='gallery-item'>\n\t\t\t\t<dt class='gallery-icon portrait'>\n\t\t\t\t\t<a class=\"rollover\" href='https:\/\/www.radiopiu.net\/wordpress\/giornale-radiopiu-25-ottobre-2018-direttore-mirko-mezzacasa\/img-20181024-wa0007\/'><img loading=\"lazy\" decoding=\"async\" width=\"150\" height=\"150\" src=\"https:\/\/www.radiopiu.net\/wordpress\/wp-content\/uploads\/2018\/10\/IMG-20181024-WA0007-150x150.jpg\" class=\"attachment-thumbnail size-thumbnail\" alt=\"\" \/><\/a>\n\t\t\t\t<\/dt><\/dl><br style=\"clear: both\" \/>\n\t\t\t<\/div>\n\n<div class=\"\" data-block=\"true\" data-editor=\"cauks\" data-offset-key=\"eikg-0-0\">\n<div class=\"_1mf _1mj\" data-offset-key=\"eikg-0-0\">\n<p><strong>INTERVENTO CONCLUSO, IN SALVO I DUE RAGAZZI<\/strong><\/p>\n<p>Taibon Agordino (BL), 25 &#8211; 10 &#8211; 18<br \/>\nIeri stavano scendeno dal sentiero del Canale della Besausega quando hanno sentito un rombo e in un istante le fiamme erano a 50 metri di distanza. Per mettersi in salvo si sono spostati al centro del canalone roccioso e hanno dato l&#8217;allarme. \u00c8 iniziata cos\u00ec la corsa contro il tempo per portare in salvo Michel e Andrea, i due ragazzi agordini rimasti bloccati nel pomeriggio dall&#8217;incendio divampato sulle Pale di San Lucano. Alle 21.30 circa una squadra del Soccorso alpino di Agordo e dei Vigili del fuoco, con un carico di attrezzatura e respiratori, \u00e8 partita dalla parte di Cencenighe da Pradimezzo ed \u00e8 salita fino a Malga Ambrosogn per poi arrivare al Bivacco Bedin alle 6, dopo 1.400 metri di dislivello. I due ragazzi dovevano trovarsi 500 metri pi\u00f9 in basso, non pi\u00f9 raggiungibili al cellulare, sotto la cengia della Seconda Pala. Non appena ha albeggiato 4 soccorritori con le corde e altro materiale si sono preparati per essere elitrasportati in quota in supporto alla squadra. Quando l&#8217;elicottero \u00e8 passato nel tratto del canale dove i due escursionisti potevano trovarsi, i ragazzi hanno fatto segnali con le frontali, poco prima delle 8. In velocit\u00e0, col timore che le fiamme e il fumo potessero ricomparire all&#8217;improvviso, i soccorritori li hanno imbarcati in hovering e portati a valle.<\/p>\n<\/div>\n<\/div>\n<p><strong>L&#8217;INTERVISTA AL CENTRO MOBILE DI COORDINAMENTO DEL CNSAS A TAIBON<\/strong><\/p>\n<h2><a href=\"https:\/\/www.facebook.com\/mirko.mezzacasa\/videos\/10218114129191578\/\"><span style=\"color: #0000ff;\">CLICCA QUI PER VEDERE IL VIDEO<\/span><\/a><\/h2>\n<h2><a href=\"https:\/\/www.facebook.com\/localteamtv\/videos\/693488457685759\/\"><span style=\"color: #0000ff;\">INCENDIO IN DIRETTA CLICCA QUI<\/span><\/a><\/h2>\n<h3>L&#8217;INCENDIO DA CENCENIGHE A TAIBON, BRUCIANO LE PALE DI SAN LUCANO<\/h3>\n<blockquote><p><strong><em>Oggi entrano in azione i Canadair, ieri bloccati dalle fortissime raffiche<\/em><\/strong><\/p>\n<p><em>Brucia il bosco da Cencenighe a Col di Pra in Valle di San Lucano. Sono attesi per oggi i Canadair e gi\u00e0 c&#8217;\u00e8 l&#8217;ordinanza di divieto di pescare sul lago di Santa Croce dove gli aeroplani caricheranno l&#8217;acqua da scaricare sotto alle Pale di San Lucano dove da ieri sono bloccati due escursionisti di Agordo (29 e 34 anni) raggiunti nella notte dagli uomini del Soccorso Alpino e Vigili del Fuoco.<\/em><\/p><\/blockquote>\n<p><strong>TAIBON Brucia il bosco in destra orografica del torrente Cordevole tra Cencenighe e Taibon, \u00e8 interessato il costone sotto alle Pale di San Lucano, le fiamme alimentate dal forte vento hanno raggiunto ben presto anche la zona sopra Taibon (Coi, Villanova Forno Val e fino in fondo alla Valle di San Lucano) dove i Vigili del fuoco non si sono fatti trovare impreparati.\u00a0 Tra le ipotesi che un albero si sia schiantato sui cavi dell&#8217;alta tensione che cadendo avrebbe originato l&#8217;incendio, comunque tutto da verificare. Tutta la Conca Agordina in un battibaleno \u00e8 stata avvolta da una coltre di fumo che poi si \u00e8 estesa fino alla Val Belluna, ma visibile anche dall&#8217;autostrada Vittorio Veneto-Treviso, . Impossibile per gli elicotteri alzarsi in volo per il fumo e il forte vento. I vigili del fuoco sono intervenuti in massa. Rallentamenti lungo la regionale 203 agordina, non per le fiamme o il fumo ma per i tanti che si sono fermati a guardare il bosco bruciare parcheggiando alla meno peggio. Black out in Valle del Biois ma anche nella Conca, in Luxottica una decina di minuti senza energia elettrica ma lo stabilimento ha continuato a produrre. Peggio a Cencenighe con due interruzioni di 20 e 40 minuti.\u00a0<\/strong><\/p>\n<p>&nbsp;<\/p>\n<p>&nbsp;<\/p>\n<h3><span style=\"color: #ff0000;\">GIORNALE RADIOPIU 26 OTTOBRE 2018 DIRETTORE MIRKO MEZZACASA<\/span><\/h3>\n<h3>PROSEGUONO LE OPERAZIONI DI SPEGNIMENTO DELL\u2019INCENDIO NELL\u2019AGORDINO<\/h3>\n<p><strong><a class=\"dt-pswp-item\" href=\"http:\/\/www.radiopiu.net\/wordpress\/wp-content\/uploads\/2018\/10\/INCENDIO-VERTICE.jpg\" data-dt-img-description=\"\" data-large_image_width=\"1336\" data-large_image_height=\"1004\"><img loading=\"lazy\" decoding=\"async\" class=\"size-medium wp-image-65189 alignleft\" src=\"http:\/\/www.radiopiu.net\/wordpress\/wp-content\/uploads\/2018\/10\/INCENDIO-VERTICE-300x225.jpg\" alt=\"\" width=\"300\" height=\"225\" srcset=\"https:\/\/www.radiopiu.net\/wordpress\/wp-content\/uploads\/2018\/10\/INCENDIO-VERTICE-300x225.jpg 300w, https:\/\/www.radiopiu.net\/wordpress\/wp-content\/uploads\/2018\/10\/INCENDIO-VERTICE-768x577.jpg 768w, https:\/\/www.radiopiu.net\/wordpress\/wp-content\/uploads\/2018\/10\/INCENDIO-VERTICE-1024x770.jpg 1024w, https:\/\/www.radiopiu.net\/wordpress\/wp-content\/uploads\/2018\/10\/INCENDIO-VERTICE.jpg 1336w\" sizes=\"auto, (max-width: 300px) 100vw, 300px\" \/><\/a><\/strong><\/p>\n<p>&nbsp;<\/p>\n<p>&nbsp;<\/p>\n<p>&nbsp;<\/p>\n<p>&nbsp;<\/p>\n<p>&nbsp;<\/p>\n<p><strong>DI GIANNI SANTOMASO<\/strong><\/p>\n<audio class=\"wp-audio-shortcode\" id=\"audio-103509-2\" preload=\"none\" style=\"width: 100%;\" controls=\"controls\"><source type=\"audio\/ogg\" src=\"http:\/\/www.radiopiu.net\/wordpress\/wp-content\/uploads\/2018\/10\/gianni1.ogg?_=2\" \/><a href=\"http:\/\/www.radiopiu.net\/wordpress\/wp-content\/uploads\/2018\/10\/gianni1.ogg\">http:\/\/www.radiopiu.net\/wordpress\/wp-content\/uploads\/2018\/10\/gianni1.ogg<\/a><\/audio>\n<p>&nbsp;<\/p>\n<p><strong><a class=\"dt-pswp-item\" href=\"http:\/\/www.radiopiu.net\/wordpress\/wp-content\/uploads\/2018\/10\/WhatsApp-Image-2018-10-26-at-04.58.34.jpeg\" data-dt-img-description=\"\" data-large_image_width=\"1599\" data-large_image_height=\"1200\"><img loading=\"lazy\" decoding=\"async\" class=\"size-medium wp-image-65193 alignleft\" src=\"http:\/\/www.radiopiu.net\/wordpress\/wp-content\/uploads\/2018\/10\/WhatsApp-Image-2018-10-26-at-04.58.34-300x225.jpeg\" alt=\"\" width=\"300\" height=\"225\" srcset=\"https:\/\/www.radiopiu.net\/wordpress\/wp-content\/uploads\/2018\/10\/WhatsApp-Image-2018-10-26-at-04.58.34-300x225.jpeg 300w, https:\/\/www.radiopiu.net\/wordpress\/wp-content\/uploads\/2018\/10\/WhatsApp-Image-2018-10-26-at-04.58.34-768x576.jpeg 768w, https:\/\/www.radiopiu.net\/wordpress\/wp-content\/uploads\/2018\/10\/WhatsApp-Image-2018-10-26-at-04.58.34-1024x768.jpeg 1024w, https:\/\/www.radiopiu.net\/wordpress\/wp-content\/uploads\/2018\/10\/WhatsApp-Image-2018-10-26-at-04.58.34.jpeg 1599w\" sizes=\"auto, (max-width: 300px) 100vw, 300px\" \/><\/a><\/strong><\/p>\n<p><strong>TAIBON<\/strong> Nel pomeriggio di oggi si \u00e8 tenuta, presso il municipio di Taibon Agordino, una riunione operativa, convocata d\u2019intesa tra il Prefetto di Belluno, Francesco Esposito, e l\u2019Assessore Regionale alla Protezione Civile, Gianpaolo Bottacin, per fare il punto della situazione sul vasto incendio che, da ieri, interessa l\u2019area dei Comuni di Taibon e Cencenighe Agordino. Nonostante non vi siano, al momento, situazioni di immediato pericolo per la popolazione, si \u00e8 deciso di procedere all\u2019evacuazione degli abitanti della frazione di Col di Pra\u2019, sia per il fumo intenso presente nell\u2019area che per le criticit\u00e0 registratesi lungo la strada che conduce alla frazione, della quale \u00e8 gi\u00e0 stata disposta, nella serata di ieri, la chiusura. Il Comando Provinciale dei Carabinieri assicurer\u00e0, nella zona evacuata, un apposito servizio antisciacallaggio. Le operazioni di spegnimento, coordinate dai Servizi Forestali Regionali, sono proseguite per tutta la giornata, con il supporto di elicotteri del Servizio Forestale Regionale e dei Canadair messi a disposizione dal Dipartimento della Protezione Civile della Presidenza del Consiglio dei Ministri. Tali attivit\u00e0 proseguiranno nei prossimi giorni, durante i quali, peraltro, \u00e8 previsto un peggioramento delle condizioni meteorologiche in tutta la provincia con precipitazioni intense che \u2013 pur agevolando lo spegnimento dei roghi \u2013 potrebbero creare criticit\u00e0 di carattere idrogeologico. Per questo motivo \u00e8 stata convocata domani, alle 14.30, in Prefettura, una riunione, alla quale prenderanno parte tutte le componenti del sistema provinciale di protezione civile, per la valutazione degli scenari previsionali e delle eventuali misure di prevenzione da assumere a tutela della pubblica incolumit\u00e0.<\/p>\n<p><strong>IL PREFETTO FRANCESCO ESPOSITO AI MICROFONI DI RADIO PIU<\/strong><\/p>\n<audio class=\"wp-audio-shortcode\" id=\"audio-103509-3\" preload=\"none\" style=\"width: 100%;\" controls=\"controls\"><source type=\"audio\/mpeg\" src=\"http:\/\/www.radiopiu.net\/wordpress\/wp-content\/uploads\/2018\/10\/esposito.mp3?_=3\" \/><a href=\"http:\/\/www.radiopiu.net\/wordpress\/wp-content\/uploads\/2018\/10\/esposito.mp3\">http:\/\/www.radiopiu.net\/wordpress\/wp-content\/uploads\/2018\/10\/esposito.mp3<\/a><\/audio>\n<h3>IL SINDACO SILVIA TORMEN<\/h3>\n<audio class=\"wp-audio-shortcode\" id=\"audio-103509-4\" preload=\"none\" style=\"width: 100%;\" controls=\"controls\"><source type=\"audio\/mpeg\" src=\"http:\/\/www.radiopiu.net\/wordpress\/wp-content\/uploads\/2018\/10\/SILVIA-TORMEN-1.mp3?_=4\" \/><a href=\"http:\/\/www.radiopiu.net\/wordpress\/wp-content\/uploads\/2018\/10\/SILVIA-TORMEN-1.mp3\">http:\/\/www.radiopiu.net\/wordpress\/wp-content\/uploads\/2018\/10\/SILVIA-TORMEN-1.mp3<\/a><\/audio>\n<h3>I 9 ABITANTI DI COL DI PRA LASCIANO LE LORO ABITAZIONI<\/h3>\n<blockquote><p><strong>L&#8217;INTERVENTO DEL SINDACO SILVIA TORMEN, GIORNALE RADIO DI IERI<\/strong><\/p>\n<audio class=\"wp-audio-shortcode\" id=\"audio-103509-5\" preload=\"none\" style=\"width: 100%;\" controls=\"controls\"><source type=\"audio\/mpeg\" src=\"http:\/\/www.radiopiu.net\/wordpress\/wp-content\/uploads\/2018\/10\/COL-DI-PRA.mp3?_=5\" \/><a href=\"http:\/\/www.radiopiu.net\/wordpress\/wp-content\/uploads\/2018\/10\/COL-DI-PRA.mp3\">http:\/\/www.radiopiu.net\/wordpress\/wp-content\/uploads\/2018\/10\/COL-DI-PRA.mp3<\/a><\/audio><\/blockquote>\n<p><strong><a class=\"dt-pswp-item\" href=\"http:\/\/www.radiopiu.net\/wordpress\/wp-content\/uploads\/2018\/10\/WhatsApp-Image-2018-10-26-at-04.57.59.jpeg\" data-dt-img-description=\"\" data-large_image_width=\"1599\" data-large_image_height=\"1200\"><img loading=\"lazy\" decoding=\"async\" class=\"size-medium wp-image-65192 alignleft\" src=\"http:\/\/www.radiopiu.net\/wordpress\/wp-content\/uploads\/2018\/10\/WhatsApp-Image-2018-10-26-at-04.57.59-300x225.jpeg\" alt=\"\" width=\"300\" height=\"225\" srcset=\"https:\/\/www.radiopiu.net\/wordpress\/wp-content\/uploads\/2018\/10\/WhatsApp-Image-2018-10-26-at-04.57.59-300x225.jpeg 300w, https:\/\/www.radiopiu.net\/wordpress\/wp-content\/uploads\/2018\/10\/WhatsApp-Image-2018-10-26-at-04.57.59-768x576.jpeg 768w, https:\/\/www.radiopiu.net\/wordpress\/wp-content\/uploads\/2018\/10\/WhatsApp-Image-2018-10-26-at-04.57.59-1024x768.jpeg 1024w, https:\/\/www.radiopiu.net\/wordpress\/wp-content\/uploads\/2018\/10\/WhatsApp-Image-2018-10-26-at-04.57.59.jpeg 1599w\" sizes=\"auto, (max-width: 300px) 100vw, 300px\" \/><\/a><\/strong><\/p>\n<p>&nbsp;<\/p>\n<p>&nbsp;<\/p>\n<p>&nbsp;<\/p>\n<p>&nbsp;<\/p>\n<p>&nbsp;<\/p>\n<p>&nbsp;<\/p>\n<p>&nbsp;<\/p>\n<p><strong>DI GIANNI SANTOMASO<\/strong><\/p>\n<audio class=\"wp-audio-shortcode\" id=\"audio-103509-6\" preload=\"none\" style=\"width: 100%;\" controls=\"controls\"><source type=\"audio\/ogg\" src=\"http:\/\/www.radiopiu.net\/wordpress\/wp-content\/uploads\/2018\/10\/gianni3.ogg?_=6\" \/><a href=\"http:\/\/www.radiopiu.net\/wordpress\/wp-content\/uploads\/2018\/10\/gianni3.ogg\">http:\/\/www.radiopiu.net\/wordpress\/wp-content\/uploads\/2018\/10\/gianni3.ogg<\/a><\/audio>\n<h2>IN VALLE RIMANGONO GLI ANIMALI<\/h2>\n<audio class=\"wp-audio-shortcode\" id=\"audio-103509-7\" preload=\"none\" style=\"width: 100%;\" controls=\"controls\"><source type=\"audio\/ogg\" src=\"http:\/\/www.radiopiu.net\/wordpress\/wp-content\/uploads\/2018\/10\/gianni4.ogg?_=7\" \/><a href=\"http:\/\/www.radiopiu.net\/wordpress\/wp-content\/uploads\/2018\/10\/gianni4.ogg\">http:\/\/www.radiopiu.net\/wordpress\/wp-content\/uploads\/2018\/10\/gianni4.ogg<\/a><\/audio>\n<p><span style=\"color: #ff0000;\"><strong>FOTO SANDRO VERARDO<\/strong><\/span><\/p>\n\n\t\t\t<style type='text\/css'>\n\t\t\t\t#gallery-2 {\n\t\t\t\t\tmargin: auto;\n\t\t\t\t}\n\t\t\t\t#gallery-2 .gallery-item {\n\t\t\t\t\tfloat: left;\n\t\t\t\t\tmargin-top: 10px;\n\t\t\t\t\ttext-align: center;\n\t\t\t\t\twidth: 33%;\n\t\t\t\t}\n\t\t\t\t#gallery-2 img {\n\t\t\t\t\tborder: 2px solid #cfcfcf;\n\t\t\t\t}\n\t\t\t\t#gallery-2 .gallery-caption {\n\t\t\t\t\tmargin-left: 0;\n\t\t\t\t}\n\t\t\t\t\/* see gallery_shortcode() in wp-includes\/media.php *\/\n\t\t\t<\/style>\n\t\t<div id='gallery-2' class='dt-gallery-container gallery galleryid-103509 gallery-columns-3 gallery-size-thumbnail'><dl class='gallery-item'>\n\t\t\t\t<dt class='gallery-icon landscape'>\n\t\t\t\t\t<a class=\"rollover\" href='https:\/\/www.radiopiu.net\/wordpress\/giornale-radiopiu-26-ottobre-2018-direttore-mirko-mezzacasa\/rzhkjss\/'><img loading=\"lazy\" decoding=\"async\" width=\"150\" height=\"150\" src=\"https:\/\/www.radiopiu.net\/wordpress\/wp-content\/uploads\/2018\/10\/RZHKJSS-150x150.jpg\" class=\"attachment-thumbnail size-thumbnail\" alt=\"\" \/><\/a>\n\t\t\t\t<\/dt><\/dl><dl class='gallery-item'>\n\t\t\t\t<dt class='gallery-icon landscape'>\n\t\t\t\t\t<a class=\"rollover\" href='https:\/\/www.radiopiu.net\/wordpress\/giornale-radiopiu-26-ottobre-2018-direttore-mirko-mezzacasa\/rzcctpg\/'><img loading=\"lazy\" decoding=\"async\" width=\"150\" height=\"150\" src=\"https:\/\/www.radiopiu.net\/wordpress\/wp-content\/uploads\/2018\/10\/RZCCTPG-150x150.jpg\" class=\"attachment-thumbnail size-thumbnail\" alt=\"\" \/><\/a>\n\t\t\t\t<\/dt><\/dl><dl class='gallery-item'>\n\t\t\t\t<dt class='gallery-icon portrait'>\n\t\t\t\t\t<a class=\"rollover\" href='https:\/\/www.radiopiu.net\/wordpress\/giornale-radiopiu-26-ottobre-2018-direttore-mirko-mezzacasa\/rnotkur\/'><img loading=\"lazy\" decoding=\"async\" width=\"150\" height=\"150\" src=\"https:\/\/www.radiopiu.net\/wordpress\/wp-content\/uploads\/2018\/10\/RNOTKUR-150x150.jpg\" class=\"attachment-thumbnail size-thumbnail\" alt=\"\" \/><\/a>\n\t\t\t\t<\/dt><\/dl><br style=\"clear: both\" \/>\n\t\t\t<\/div>\n\n<blockquote><p><strong>TAIBON\u00a0\u00a0<\/strong>I nove abitanti di Col di Pra, la frazione in fondo alla Valle di San Lucano scendono in paese. La decisione presa dall&#8217;amministrazione comunale preoccupata per il fuoco in valle, ma anche per il denso fumo che tra Agner e Pale di San Lucano<\/p><\/blockquote>\n<h3>AMBIENTE: SITUAZIONE CATASTROFICA, PAURA DELLA PIOGGIA<\/h3>\n\n\t\t\t<style type='text\/css'>\n\t\t\t\t#gallery-3 {\n\t\t\t\t\tmargin: auto;\n\t\t\t\t}\n\t\t\t\t#gallery-3 .gallery-item {\n\t\t\t\t\tfloat: left;\n\t\t\t\t\tmargin-top: 10px;\n\t\t\t\t\ttext-align: center;\n\t\t\t\t\twidth: 33%;\n\t\t\t\t}\n\t\t\t\t#gallery-3 img {\n\t\t\t\t\tborder: 2px solid #cfcfcf;\n\t\t\t\t}\n\t\t\t\t#gallery-3 .gallery-caption {\n\t\t\t\t\tmargin-left: 0;\n\t\t\t\t}\n\t\t\t\t\/* see gallery_shortcode() in wp-includes\/media.php *\/\n\t\t\t<\/style>\n\t\t<div id='gallery-3' class='dt-gallery-container gallery galleryid-103509 gallery-columns-3 gallery-size-thumbnail'><dl class='gallery-item'>\n\t\t\t\t<dt class='gallery-icon landscape'>\n\t\t\t\t\t<a class=\"rollover\" href='https:\/\/www.radiopiu.net\/wordpress\/giornale-radiopiu-26-ottobre-2018-direttore-mirko-mezzacasa\/whatsapp-image-2018-10-25-at-21-23-54\/'><img loading=\"lazy\" decoding=\"async\" width=\"150\" height=\"150\" src=\"https:\/\/www.radiopiu.net\/wordpress\/wp-content\/uploads\/2018\/10\/WhatsApp-Image-2018-10-25-at-21.23.54-150x150.jpeg\" class=\"attachment-thumbnail size-thumbnail\" alt=\"\" \/><\/a>\n\t\t\t\t<\/dt><\/dl><dl class='gallery-item'>\n\t\t\t\t<dt class='gallery-icon landscape'>\n\t\t\t\t\t<a class=\"rollover\" href='https:\/\/www.radiopiu.net\/wordpress\/giornale-radiopiu-26-ottobre-2018-direttore-mirko-mezzacasa\/whatsapp-image-2018-10-25-at-21-24-09\/'><img loading=\"lazy\" decoding=\"async\" width=\"150\" height=\"150\" src=\"https:\/\/www.radiopiu.net\/wordpress\/wp-content\/uploads\/2018\/10\/WhatsApp-Image-2018-10-25-at-21.24.09-150x150.jpeg\" class=\"attachment-thumbnail size-thumbnail\" alt=\"\" \/><\/a>\n\t\t\t\t<\/dt><\/dl><dl class='gallery-item'>\n\t\t\t\t<dt class='gallery-icon landscape'>\n\t\t\t\t\t<a class=\"rollover\" href='https:\/\/www.radiopiu.net\/wordpress\/giornale-radiopiu-26-ottobre-2018-direttore-mirko-mezzacasa\/incendio-fiamme\/'><img loading=\"lazy\" decoding=\"async\" width=\"150\" height=\"150\" src=\"https:\/\/www.radiopiu.net\/wordpress\/wp-content\/uploads\/2018\/10\/INCENDIO-FIAMME-150x150.jpg\" class=\"attachment-thumbnail size-thumbnail\" alt=\"\" \/><\/a>\n\t\t\t\t<\/dt><\/dl><br style=\"clear: both\" \/>\n\t\t\t<\/div>\n\n<p><strong>DI GIANNI SANTOMASO<\/strong><\/p>\n<audio class=\"wp-audio-shortcode\" id=\"audio-103509-8\" preload=\"none\" style=\"width: 100%;\" controls=\"controls\"><source type=\"audio\/ogg\" src=\"http:\/\/www.radiopiu.net\/wordpress\/wp-content\/uploads\/2018\/10\/gianni2-1.ogg?_=8\" \/><a href=\"http:\/\/www.radiopiu.net\/wordpress\/wp-content\/uploads\/2018\/10\/gianni2-1.ogg\">http:\/\/www.radiopiu.net\/wordpress\/wp-content\/uploads\/2018\/10\/gianni2-1.ogg<\/a><\/audio>\n<h3>DALL&#8217;ALTO<\/h3>\n<p>GRAZIE AD ANDY DE BIASIO<\/p>\n\n\t\t\t<style type='text\/css'>\n\t\t\t\t#gallery-4 {\n\t\t\t\t\tmargin: auto;\n\t\t\t\t}\n\t\t\t\t#gallery-4 .gallery-item {\n\t\t\t\t\tfloat: left;\n\t\t\t\t\tmargin-top: 10px;\n\t\t\t\t\ttext-align: center;\n\t\t\t\t\twidth: 33%;\n\t\t\t\t}\n\t\t\t\t#gallery-4 img {\n\t\t\t\t\tborder: 2px solid #cfcfcf;\n\t\t\t\t}\n\t\t\t\t#gallery-4 .gallery-caption {\n\t\t\t\t\tmargin-left: 0;\n\t\t\t\t}\n\t\t\t\t\/* see gallery_shortcode() in wp-includes\/media.php *\/\n\t\t\t<\/style>\n\t\t<div id='gallery-4' class='dt-gallery-container gallery galleryid-103509 gallery-columns-3 gallery-size-thumbnail'><dl class='gallery-item'>\n\t\t\t\t<dt class='gallery-icon landscape'>\n\t\t\t\t\t<a class=\"rollover\" href='https:\/\/www.radiopiu.net\/wordpress\/giornale-radiopiu-26-ottobre-2018-direttore-mirko-mezzacasa\/27df5581-7df6-467f-90b2-70b1049803ac\/'><img loading=\"lazy\" decoding=\"async\" width=\"150\" height=\"150\" src=\"https:\/\/www.radiopiu.net\/wordpress\/wp-content\/uploads\/2018\/10\/27df5581-7df6-467f-90b2-70b1049803ac-150x150.jpg\" class=\"attachment-thumbnail size-thumbnail\" alt=\"\" \/><\/a>\n\t\t\t\t<\/dt><\/dl><dl class='gallery-item'>\n\t\t\t\t<dt class='gallery-icon landscape'>\n\t\t\t\t\t<a class=\"rollover\" href='https:\/\/www.radiopiu.net\/wordpress\/giornale-radiopiu-26-ottobre-2018-direttore-mirko-mezzacasa\/391f6efe-b3a6-46f1-8e67-439c69545026\/'><img loading=\"lazy\" decoding=\"async\" width=\"150\" height=\"150\" src=\"https:\/\/www.radiopiu.net\/wordpress\/wp-content\/uploads\/2018\/10\/391f6efe-b3a6-46f1-8e67-439c69545026-150x150.jpg\" class=\"attachment-thumbnail size-thumbnail\" alt=\"\" \/><\/a>\n\t\t\t\t<\/dt><\/dl><dl class='gallery-item'>\n\t\t\t\t<dt class='gallery-icon landscape'>\n\t\t\t\t\t<a class=\"rollover\" href='https:\/\/www.radiopiu.net\/wordpress\/giornale-radiopiu-26-ottobre-2018-direttore-mirko-mezzacasa\/487ee2ae-ef35-4a32-a908-9db128c45a8d\/'><img loading=\"lazy\" decoding=\"async\" width=\"150\" height=\"150\" src=\"https:\/\/www.radiopiu.net\/wordpress\/wp-content\/uploads\/2018\/10\/487ee2ae-ef35-4a32-a908-9db128c45a8d-150x150.jpg\" class=\"attachment-thumbnail size-thumbnail\" alt=\"\" \/><\/a>\n\t\t\t\t<\/dt><\/dl><br style=\"clear: both\" \/><dl class='gallery-item'>\n\t\t\t\t<dt class='gallery-icon landscape'>\n\t\t\t\t\t<a class=\"rollover\" href='https:\/\/www.radiopiu.net\/wordpress\/giornale-radiopiu-26-ottobre-2018-direttore-mirko-mezzacasa\/aa771bf9-ecc5-47d7-bd8d-2a05427ff145\/'><img loading=\"lazy\" decoding=\"async\" width=\"150\" height=\"150\" src=\"https:\/\/www.radiopiu.net\/wordpress\/wp-content\/uploads\/2018\/10\/aa771bf9-ecc5-47d7-bd8d-2a05427ff145-150x150.jpg\" class=\"attachment-thumbnail size-thumbnail\" alt=\"\" \/><\/a>\n\t\t\t\t<\/dt><\/dl>\n\t\t\t\t<br style='clear: both' \/>\n\t\t\t<\/div>\n\n<h3 class=\"western\"><b>FIRMATO DA ZAIA LO STATO DI CRISI<\/b><\/h3>\n<p class=\"western\">Il Presidente della Regione del Veneto, Luca Zaia, ha firmato ieri lo stato di crisi in relazione all\u2019esteso incendio.\u00a0I tecnici ARPAV sono sul posto per monitorare l\u2019evolversi della situazione.\u00a0Sulla pagina web del sito dell\u2019Agenzia dedicata ai dati in diretta delle polveri PM10, sono disponibili i valori registrati nelle stazioni di monitoraggio della qualit\u00e0 dell\u2019aria della provincia di Belluno negli ultimi giorni. (&#8230;)<\/p>\n<p class=\"gmail-Standard\"><span style=\"font-family: Liberation Serif, serif;\"><a href=\"http:\/\/www.arpa.veneto.it\/arpavinforma\/comunicati-stampa\/archivio\/comunicati-2018\/aggiornamento-incendio-boschivo-a-taibon-agordino\">http:\/\/www.arpa.veneto.it\/arpavinforma\/comunicati-stampa\/archivio\/comunicati-2018\/aggiornamento-incendio-boschivo-a-taibon-agordino<\/a><\/span><\/p>\n<h3>IL SINDACO JACOPO MASSARO INTERVIENE SULL&#8217;INCENDIO E SUGLI ELETRODOTTI DA INTERRARE<\/h3>\n<p><strong>BELLUNO\u00a0 Il sindaco di Belluno si rif\u00e0 all&#8217;ipotesi che l&#8217;incendio sotto alle Pale di San Lucano sia stato scatenato dalla linea elettrica e da qui\u00a0ha inizio il suo intervento per ribadire come l&#8217;unica soluzione sicura sia l&#8217;interramento.\u00a0 Massaro riporta al centro della discussione la sicurezza legata alla razionalizzazione dell&#8217;elettrodotto. Il primo cittadino invita Terna a rivedere le sue intenzione e decidere di interrare. Ma sentiamo il sindaco che parler\u00e0 anche del monitoraggio sull&#8217;inquinamento atmosferico.\u00a0<\/strong><\/p>\n<audio class=\"wp-audio-shortcode\" id=\"audio-103509-9\" preload=\"none\" style=\"width: 100%;\" controls=\"controls\"><source type=\"audio\/mpeg\" src=\"http:\/\/www.radiopiu.net\/wordpress\/wp-content\/uploads\/2018\/10\/MASSARO-1.mp3?_=9\" \/><a href=\"http:\/\/www.radiopiu.net\/wordpress\/wp-content\/uploads\/2018\/10\/MASSARO-1.mp3\">http:\/\/www.radiopiu.net\/wordpress\/wp-content\/uploads\/2018\/10\/MASSARO-1.mp3<\/a><\/audio>\n<h3>INCENDIO DI TAIBON, TERNA INTERRI LE LINEE\u201d<\/h3>\n<p><strong>ROMA<\/strong> \u201cQuanto accaduto a Taibon e Cencenighe \u00e8 gravissimo e preoccupante. Nel progetto di razionalizzazione dell&#8217;elettrodotto bellunese, Terna deve assolutamente interrare le linee aeree, come chiesto dai comitati\u201d: il deputato di Forza Italia, Dario Bond, torna all&#8217;attacco, dopo l&#8217;incendio che ieri ha devastato l&#8217;Agordino anche ricordando la\u00a0\u00a0nevicata di Santo Stefano 2013 e i giorni di blackout. \u201cIn un territorio ricco di vegetazione come quello bellunese, non \u00e8 ammissibile mantenere ancora cavi in linea aerea. Serve una manutenzione costante, bisogna pulire le tratte non solo al di sotto dei cavi, ma creando una larga fascia di sicurezza; insomma, costi e tempi di lavoro che con una linea interrata non ci sarebbero\u201d.<\/p>\n<audio class=\"wp-audio-shortcode\" id=\"audio-103509-10\" preload=\"none\" style=\"width: 100%;\" controls=\"controls\"><source type=\"audio\/mpeg\" src=\"http:\/\/www.radiopiu.net\/wordpress\/wp-content\/uploads\/2018\/10\/BOND-INCENDIO-INTERRAMENTO-TERNA.mp3?_=10\" \/><a href=\"http:\/\/www.radiopiu.net\/wordpress\/wp-content\/uploads\/2018\/10\/BOND-INCENDIO-INTERRAMENTO-TERNA.mp3\">http:\/\/www.radiopiu.net\/wordpress\/wp-content\/uploads\/2018\/10\/BOND-INCENDIO-INTERRAMENTO-TERNA.mp3<\/a><\/audio>\n<h3 class=\"gmail-documentFirstHeading\"><span id=\"gmail-parent-fieldname-title\" class=\"gmail-\">INCENDIO ANALISI METEOROLOGICA<\/span><\/h3>\n<div class=\"gmail-data\"><strong>VENEZIA\u00a0<i>\u00a0<\/i><\/strong>A partire da marted\u00ec 23 ottobre 2018, il Veneto si \u00e8 trovato in posizione intermedia tra un\u2019area anticiclonica sull\u2019Europa occidentale ed un\u2019area ciclonica a Est, tra le quali si \u00e8 generato un marcato gradiente di pressione; questo ha fatto s\u00ec che sul Veneto siano affluite correnti dai quadranti settentrionali di forte intensit\u00e0 in quota.<\/div>\n<div>LINK AL COMUNICATO COMPLETO<\/div>\n<div><a href=\"http:\/\/www.arpa.veneto.it\/arpavinforma\/comunicati-stampa\/archivio\/comunicati-2018\/incendio-valle-agordina.-analisi-meteorologica\">http:\/\/www.arpa.veneto.it\/arpavinforma\/comunicati-stampa\/archivio\/comunicati-2018\/incendio-valle-agordina.-analisi-meteorologica<\/a><\/div>\n<p>&nbsp;<\/p>\n<p>&nbsp;<\/p>\n<p>&nbsp;<\/p>\n<h3><span style=\"color: #ff0000;\">GIORNALE RADIOPIU 27 OTTOBRE 2018 DIRETTORE MIRKO MEZZACASA<\/span><\/h3>\n<p><span style=\"font-size: medium;\">Riunita in Prefettura l\u2019Unit\u00e0 di crisi per attivare il sistema di protezione civile provinciale in vista del preannunciato peggioramento delle condizioni meteo che interesser\u00e0 tutto il Bellunese da oggi fino a luned\u00ec con precipitazioni molto abbondanti. <\/span><span style=\"font-size: medium;\">Il Centro Funzionale Decentrato della Regione Veneto ha emanato un avviso di criticit\u00e0 per rischio idraulico e idrogeologico con il quale \u00e8 stato dichiarato per tutto il territorio bellunese, ad eccezione dei Comuni di Arsi\u00e8, Fonzaso, Sovramonte, Lamon (per i quali \u00e8 stato dichiarato lo stato di preallarme), lo stato di allarme per rischio idrogeologico, dalle ore 9 di sabato e fino alle 14 di luned\u00ec 29 ottobre.\u00a0<\/span><span style=\"font-size: medium;\">Alla luce di tali indicazioni il Prefetto, Francesco Esposito, ha richiesto a tutte le componenti del sistema provinciale di protezione civile nonch\u00e9 ai Sindaci, la massima attenzione e il costante monitoraggio della situazione, specie nei punti che, sulla base delle pianificazioni comunali di emergenza, sono maggiormente a rischio.\u00a0<\/span><span style=\"font-size: medium;\">Tenuto conto dello scenario previsto si consiglia alla popolazione di limitare, per quanto possibile, gli spostamenti, evitando quelli non strettamente necessari.\u00a0<\/span><span style=\"font-size: medium;\">Allo stesso tempo si sconsiglia di transitare o sostare in prossimit\u00e0 di corsi d\u2019acqua, specie se di minori dimensioni, e comunque di non effettuare escursioni in zone non antropizzate.\u00a0<\/span><span style=\"font-size: medium;\">Il Prefetto ha poi chiesto ai Sindaci di diramare ulteriori informazioni e indicazioni alle rispettive comunit\u00e0 sulla base di altri eventuali fattori di rischio specifici di ciascun singolo territorio comunale e degli sviluppi della situazione.\u00a0<\/span><span style=\"font-size: medium;\">Ha inoltre chiesto ai Sindaci di valutare il rinvio delle manifestazioni pubbliche programmate durante il fine settimana,\u00a0 in primis il rally bellunese.\u00a0<\/span><span style=\"font-size: medium;\">Per tenere costantemente monitorato l\u2019evolversi dell\u2019evento, e salvi eventuali ulteriori interventi che dovessero rendersi necessari, sono state convocate in Prefettura per sabato e domenica, alle ore 16, due riunioni di aggiornamento dell\u2019Unit\u00e0 di Crisi.<\/span><\/p>\n<p><strong>IL PRESIDENTE DELL&#8217;UNIONE MONTANA AGORDINA FABIO LUCHETTA<\/strong><\/p>\n<audio class=\"wp-audio-shortcode\" id=\"audio-103509-11\" preload=\"none\" style=\"width: 100%;\" controls=\"controls\"><source type=\"audio\/mpeg\" src=\"http:\/\/www.radiopiu.net\/wordpress\/wp-content\/uploads\/2018\/10\/LUCHETTA.mp3?_=11\" \/><a href=\"http:\/\/www.radiopiu.net\/wordpress\/wp-content\/uploads\/2018\/10\/LUCHETTA.mp3\">http:\/\/www.radiopiu.net\/wordpress\/wp-content\/uploads\/2018\/10\/LUCHETTA.mp3<\/a><\/audio>\n<h5 style=\"text-align: left;\"><span style=\"color: #0000ff;\"><strong><span style=\"font-family: Arial, sans-serif;\"><span style=\"font-size: large;\"><b>Allerta meteo da sabato a luned\u00ec\u00a0<\/b><\/span><\/span><\/strong><strong><span style=\"font-family: Arial, sans-serif;\"><span style=\"font-size: large;\">\u00abEvitare garage sotterranei e scantinati e di avvicinarsi ai corsi d&#8217;acqua\u00bb .\u00a0<\/span><\/span><\/strong><strong><span style=\"font-family: Arial, sans-serif;\"><span style=\"font-size: large;\">Allerta rossa per la rete idraulica secondaria e per l&#8217;aspetto geologico e arancione per la rete idraulica principale: queste le criticit\u00e0 annunciate da Regione Veneto e Arpav per le giornate da sabato a luned\u00ec, a causa delle precipitazioni annunciate per le prossime ore.\u00a0<\/span><\/span><\/strong><strong><span style=\"font-family: Arial, sans-serif;\"><span style=\"font-size: large;\">Il Sindaco di Belluno, Jacopo Massaro, lancia cos\u00ec l&#8217;appello ai cittadini:<\/span><\/span><\/strong><\/span><\/h5>\n<audio class=\"wp-audio-shortcode\" id=\"audio-103509-12\" preload=\"none\" style=\"width: 100%;\" controls=\"controls\"><source type=\"audio\/mpeg\" src=\"http:\/\/www.radiopiu.net\/wordpress\/wp-content\/uploads\/2018\/10\/Massaro-Allerta-meteo.mp3?_=12\" \/><a href=\"http:\/\/www.radiopiu.net\/wordpress\/wp-content\/uploads\/2018\/10\/Massaro-Allerta-meteo.mp3\">http:\/\/www.radiopiu.net\/wordpress\/wp-content\/uploads\/2018\/10\/Massaro-Allerta-meteo.mp3<\/a><\/audio>\n<h3><span style=\"color: #0000ff;\">METEO: ALLERTA DELLA PROTEZIONE CIVILE PER POSSIBILI CRITICITA\u2019 IDROGEOLOGICHE<\/span><\/h3>\n<p><strong><a class=\"dt-pswp-item\" href=\"http:\/\/www.radiopiu.net\/wordpress\/wp-content\/uploads\/2018\/08\/instabilita.jpg\" data-dt-img-description=\"\" data-large_image_width=\"1280\" data-large_image_height=\"768\"><img loading=\"lazy\" decoding=\"async\" class=\"size-medium wp-image-57488 alignleft\" src=\"http:\/\/www.radiopiu.net\/wordpress\/wp-content\/uploads\/2018\/08\/instabilita-300x180.jpg\" alt=\"\" width=\"300\" height=\"180\" srcset=\"https:\/\/www.radiopiu.net\/wordpress\/wp-content\/uploads\/2018\/08\/instabilita-300x180.jpg 300w, https:\/\/www.radiopiu.net\/wordpress\/wp-content\/uploads\/2018\/08\/instabilita-768x461.jpg 768w, https:\/\/www.radiopiu.net\/wordpress\/wp-content\/uploads\/2018\/08\/instabilita-1024x614.jpg 1024w, https:\/\/www.radiopiu.net\/wordpress\/wp-content\/uploads\/2018\/08\/instabilita.jpg 1280w\" sizes=\"auto, (max-width: 300px) 100vw, 300px\" \/><\/a>VENEZIA<\/strong> Da oggi a marted\u00ec mattina sono previste precipitazioni estese sulle zone centro settentrionali del Veneto. In montagna e sulla pedemontana i quantitativi saranno in genere abbondanti o molto abbondanti nelle singole giornate e particolarmente elevati come dato complessivo (massimi anche di 250-350 mm, localmente oltre i 400 mm). Venti meridionali saranno forti\/molto forti in quota, tesi\/forti su pianura orientale e costa. Il limite della neve sar\u00e0 intorno a 2200-2400 m. per gran parte del periodo, a tratti un po\u2019 pi\u00f9 basso; si abbasser\u00e0 significativamente a fine evento nella mattinata di marted\u00ec. Sulla base delle condizioni meteo avverse attese, il Centro funzionale decentrato della Protezione Civile del Veneto ha dichiarato a partire dalle ore 9 di oggi\u00a0 lo stato di \u2018allarme\u2019 (rosso) per possibili criticit\u00e0 idrogeologiche sulla rete secondaria dei bacini idrografici VENE-A (Belluno) \u2013 Alto Piave e VENE-H (Belluno e Treviso) \u2013 Piave Pedemontano. Negli stessi bacini \u00e8 stato di \u2018preallarme\u2019 (arancione) per possibili criticit\u00e0 idrauliche sulla rete principale.<\/p>\n<h3 class=\"documentFirstHeading\"><span id=\"parent-fieldname-title\" class=\"\" style=\"color: #0000ff;\">IN ARRIVO UNA FORTE PERTURBAZIONE: TANTA PIOGGIA E RINFORZI DI SCIROCCO<\/span><\/h3>\n<div class=\"data\"><strong><a class=\"dt-pswp-item\" href=\"http:\/\/www.radiopiu.net\/wordpress\/wp-content\/uploads\/2018\/07\/Pioggia_ombrello-680x450.jpg\" data-dt-img-description=\"\" data-large_image_width=\"680\" data-large_image_height=\"450\"><img loading=\"lazy\" decoding=\"async\" class=\"size-medium wp-image-52920 alignleft\" src=\"http:\/\/www.radiopiu.net\/wordpress\/wp-content\/uploads\/2018\/07\/Pioggia_ombrello-680x450-300x199.jpg\" alt=\"\" width=\"300\" height=\"199\" srcset=\"https:\/\/www.radiopiu.net\/wordpress\/wp-content\/uploads\/2018\/07\/Pioggia_ombrello-680x450-300x199.jpg 300w, https:\/\/www.radiopiu.net\/wordpress\/wp-content\/uploads\/2018\/07\/Pioggia_ombrello-680x450.jpg 680w\" sizes=\"auto, (max-width: 300px) 100vw, 300px\" \/><\/a>PADOVA<i>\u00a0<\/i><\/strong>\u00a0Dopo un mese di settembre e quasi tutto ottobre con condizioni di tempo in prevalenza soleggiato, a tratti di stampo estivo, \u00e8 in arrivo una forte perturbazione. Si interrompe quindi la lunga fase di stabilit\u00e0, intervallata da brevi episodi di maltempo accompagnati da temporanei cali termici e apporti di precipitazione solo localmente abbondanti, ma con precipitazioni medie inferiori alla norma. Un sistema depressionario di origine atlantica si approfondir\u00e0 sull\u2019Europa occidentale e nel fine settimana richiamer\u00e0 sulla nostra regione un crescente flusso umido e mite dal Mediterraneo. Avremo precipitazioni particolarmente abbondanti, specie sulle zone montane e pedemontane. Anche per l\u2019inizio della settimana \u00e8 previsto tempo perturbato con ulteriori precipitazioni diffuse e abbondanti. Si tratter\u00e0 quindi di un prolungato episodio di maltempo che durer\u00e0 da sabato 27 fino presumibilmente alla mattinata di marted\u00ec 30. L\u2019episodio perturbato interesser\u00e0 maggiormente le zone montane e pedemontane, con apporti complessivi di precipitazione che a fine evento potrebbero raggiungere valori particolarmente elevati, indicativamente intorno ai 250-350 mm, localmente anche sopra i 400 mm. Il limite della neve risulter\u00e0 piuttosto elevato, oltre i 2000 m; solo marted\u00ec 30 tender\u00e0 a scendere. Da segnalare, infine, il significativo rinforzo dei venti sia in quota dai quadranti meridionali che al suolo di Scirocco: quest\u2019ultimo, in particolare, risulter\u00e0 particolarmente forte sulla costa luned\u00ec 29.<\/div>\n<div><\/div>\n<p>&nbsp;<\/p>\n<p>&nbsp;<\/p>\n","protected":false},"excerpt":{"rendered":"<p>&nbsp; 24 OTTOBRE 2018-24 OTTOBRE 2024&#8230; L&#8217;INCENDIO 6 ANNI FA TAIBON Primo pomeriggio del 24 ottobre 2018, tirava forte il vento fino a rompere (probabilmente) un cavo dell&#8217;alta tensione anche se le cause di quell&#8217;incendio non sono mai state rivelate, forse valutate. Questa era per\u00f2 l&#8217;ipotesi di prima battuta. Le fiamme, al confine tra Listolade&hellip;<\/p>\n","protected":false},"author":1,"featured_media":65265,"comment_status":"closed","ping_status":"closed","sticky":false,"template":"","format":"standard","meta":{"_monsterinsights_skip_tracking":false,"_monsterinsights_sitenote_active":false,"_monsterinsights_sitenote_note":"","_monsterinsights_sitenote_category":0,"footnotes":""},"categories":[51,49],"tags":[],"class_list":["post-103509","post","type-post","status-publish","format-standard","has-post-thumbnail","hentry","category-evidenza-top","category-news-18","category-51","category-49","description-off"],"img_url":"https:\/\/www.radiopiu.net\/wordpress\/wp-content\/uploads\/2018\/10\/Bottacin-Gava-per-sopralluogo-in-Agordino_5-Elicotteri.jpg","_links":{"self":[{"href":"https:\/\/www.radiopiu.net\/wordpress\/wp-json\/wp\/v2\/posts\/103509","targetHints":{"allow":["GET"]}}],"collection":[{"href":"https:\/\/www.radiopiu.net\/wordpress\/wp-json\/wp\/v2\/posts"}],"about":[{"href":"https:\/\/www.radiopiu.net\/wordpress\/wp-json\/wp\/v2\/types\/post"}],"author":[{"embeddable":true,"href":"https:\/\/www.radiopiu.net\/wordpress\/wp-json\/wp\/v2\/users\/1"}],"replies":[{"embeddable":true,"href":"https:\/\/www.radiopiu.net\/wordpress\/wp-json\/wp\/v2\/comments?post=103509"}],"version-history":[{"count":2,"href":"https:\/\/www.radiopiu.net\/wordpress\/wp-json\/wp\/v2\/posts\/103509\/revisions"}],"predecessor-version":[{"id":416305,"href":"https:\/\/www.radiopiu.net\/wordpress\/wp-json\/wp\/v2\/posts\/103509\/revisions\/416305"}],"wp:featuredmedia":[{"embeddable":true,"href":"https:\/\/www.radiopiu.net\/wordpress\/wp-json\/wp\/v2\/media\/65265"}],"wp:attachment":[{"href":"https:\/\/www.radiopiu.net\/wordpress\/wp-json\/wp\/v2\/media?parent=103509"}],"wp:term":[{"taxonomy":"category","embeddable":true,"href":"https:\/\/www.radiopiu.net\/wordpress\/wp-json\/wp\/v2\/categories?post=103509"},{"taxonomy":"post_tag","embeddable":true,"href":"https:\/\/www.radiopiu.net\/wordpress\/wp-json\/wp\/v2\/tags?post=103509"}],"curies":[{"name":"wp","href":"https:\/\/api.w.org\/{rel}","templated":true}]}}