{"id":103563,"date":"2019-10-23T13:50:09","date_gmt":"2019-10-23T11:50:09","guid":{"rendered":"http:\/\/www.radiopiu.net\/wordpress\/?p=103563"},"modified":"2019-10-23T13:54:58","modified_gmt":"2019-10-23T11:54:58","slug":"isole-ecologiche-interrate-in-piazza-dei-martiri","status":"publish","type":"post","link":"https:\/\/www.radiopiu.net\/wordpress\/isole-ecologiche-interrate-in-piazza-dei-martiri\/","title":{"rendered":"ISOLE ECOLOGICHE INTERRATE IN PIAZZA DEI MARTIRI"},"content":{"rendered":"<h2><\/h2>\n<p><strong><a class=\"dt-pswp-item\" href=\"http:\/\/www.radiopiu.net\/wordpress\/wp-content\/uploads\/2019\/10\/Interrati-Belluno-Area-Est.jpg\" data-dt-img-description=\"\" data-large_image_width=\"5290\" data-large_image_height=\"3000\"><img loading=\"lazy\" decoding=\"async\" class=\"alignleft size-medium wp-image-103551\" src=\"http:\/\/www.radiopiu.net\/wordpress\/wp-content\/uploads\/2019\/10\/Interrati-Belluno-Area-Est-300x170.jpg\" alt=\"\" width=\"300\" height=\"170\" srcset=\"https:\/\/www.radiopiu.net\/wordpress\/wp-content\/uploads\/2019\/10\/Interrati-Belluno-Area-Est-300x170.jpg 300w, https:\/\/www.radiopiu.net\/wordpress\/wp-content\/uploads\/2019\/10\/Interrati-Belluno-Area-Est-768x436.jpg 768w, https:\/\/www.radiopiu.net\/wordpress\/wp-content\/uploads\/2019\/10\/Interrati-Belluno-Area-Est-1024x581.jpg 1024w\" sizes=\"auto, (max-width: 300px) 100vw, 300px\" \/><\/a>BELLUNO<\/strong> Inizieranno domani i lavori per la realizzazione delle due isole ecologiche interrate in Piazza dei Martiri. La prima fase dei lavori interesser\u00e0 l&#8217;area a lato del Teatro Comunale, mentre nella seconda si operer\u00e0 nell&#8217;area vicina al parcheggio di moto e motorini, fronte Hotel Astor. Nel periodo di cantiere, il servizio di raccolta rester\u00e0 garantito e le campane presenti non saranno rimosse, ma semplicemente spostate in modo da non ostacolare i lavori. Dopo una ricerca che ha coinvolto l&#8217;intera provincia di Belluno, l&#8217;incarico \u00e8 stato affidato alla Franceschi di Sospirolo, alla quale si affiancher\u00e0 una ditta specializzata in messa in posa dei sanpietrini; la spesa complessiva per entrambi gli scavi \u00e8 di poco superiore ai 38mila euro, inclusi gli oneri per la sicurezza. Ogni isola ospiter\u00e0 20 metri cubi totalmente interrati, pari al volume di circa 7-8 campane stradali, e divisi in quattro scompartimenti. In futuro, le isole potrebbero anche essere adattate al conferimento del rifiuto secco e umido.<\/p>\n<p><strong>IL SINDACO DI BELLUNO, JACOPO MASSARO<\/strong><\/p>\n<p><iframe loading=\"lazy\" title=\"Jacopo Massaro   Avvio scavi Isole ecologiche Piazza Martiri\" width=\"1200\" height=\"675\" src=\"https:\/\/www.youtube.com\/embed\/8KWTJ8bYsQk?feature=oembed\" frameborder=\"0\" allow=\"accelerometer; autoplay; encrypted-media; gyroscope; picture-in-picture\" allowfullscreen><\/iframe><\/p>\n<p><strong>L&#8217;AMMINISTRATORE DI BELLUNUM DAVIDE LUCICESARE<\/strong><\/p>\n<p><iframe loading=\"lazy\" title=\"Davide Lucicesare   Amministratore unico Bellunum   Avvio scavi Isole ecologiche Piazza Martiri\" width=\"1200\" height=\"675\" src=\"https:\/\/www.youtube.com\/embed\/9SRbIJxjwKA?feature=oembed\" frameborder=\"0\" allow=\"accelerometer; autoplay; encrypted-media; gyroscope; picture-in-picture\" allowfullscreen><\/iframe><\/p>\n<p>&nbsp;<\/p>\n<p>&nbsp;<\/p>\n<p>&nbsp;<\/p>\n","protected":false},"excerpt":{"rendered":"<p>BELLUNO Inizieranno domani i lavori per la realizzazione delle due isole ecologiche interrate in Piazza dei Martiri. La prima fase dei lavori interesser\u00e0 l&#8217;area a lato del Teatro Comunale, mentre nella seconda si operer\u00e0 nell&#8217;area vicina al parcheggio di moto e motorini, fronte Hotel Astor. Nel periodo di cantiere, il servizio di raccolta rester\u00e0 garantito&hellip;<\/p>\n","protected":false},"author":1,"featured_media":103553,"comment_status":"closed","ping_status":"closed","sticky":false,"template":"","format":"standard","meta":{"_monsterinsights_skip_tracking":false,"_monsterinsights_sitenote_active":false,"_monsterinsights_sitenote_note":"","_monsterinsights_sitenote_category":0,"footnotes":""},"categories":[1,49],"tags":[],"class_list":["post-103563","post","type-post","status-publish","format-standard","has-post-thumbnail","hentry","category-senza-categoria","category-news-18","category-1","category-49","description-off"],"img_url":"https:\/\/www.radiopiu.net\/wordpress\/wp-content\/uploads\/2019\/10\/Area-sperimentale-lato-Astor.jpg","_links":{"self":[{"href":"https:\/\/www.radiopiu.net\/wordpress\/wp-json\/wp\/v2\/posts\/103563","targetHints":{"allow":["GET"]}}],"collection":[{"href":"https:\/\/www.radiopiu.net\/wordpress\/wp-json\/wp\/v2\/posts"}],"about":[{"href":"https:\/\/www.radiopiu.net\/wordpress\/wp-json\/wp\/v2\/types\/post"}],"author":[{"embeddable":true,"href":"https:\/\/www.radiopiu.net\/wordpress\/wp-json\/wp\/v2\/users\/1"}],"replies":[{"embeddable":true,"href":"https:\/\/www.radiopiu.net\/wordpress\/wp-json\/wp\/v2\/comments?post=103563"}],"version-history":[{"count":0,"href":"https:\/\/www.radiopiu.net\/wordpress\/wp-json\/wp\/v2\/posts\/103563\/revisions"}],"wp:featuredmedia":[{"embeddable":true,"href":"https:\/\/www.radiopiu.net\/wordpress\/wp-json\/wp\/v2\/media\/103553"}],"wp:attachment":[{"href":"https:\/\/www.radiopiu.net\/wordpress\/wp-json\/wp\/v2\/media?parent=103563"}],"wp:term":[{"taxonomy":"category","embeddable":true,"href":"https:\/\/www.radiopiu.net\/wordpress\/wp-json\/wp\/v2\/categories?post=103563"},{"taxonomy":"post_tag","embeddable":true,"href":"https:\/\/www.radiopiu.net\/wordpress\/wp-json\/wp\/v2\/tags?post=103563"}],"curies":[{"name":"wp","href":"https:\/\/api.w.org\/{rel}","templated":true}]}}