{"id":103579,"date":"2019-10-23T23:59:47","date_gmt":"2019-10-23T21:59:47","guid":{"rendered":"http:\/\/www.radiopiu.net\/wordpress\/?p=103579"},"modified":"2019-10-24T05:56:33","modified_gmt":"2019-10-24T03:56:33","slug":"luxottica-agordo-il-calendario-ferie-di-natale","status":"publish","type":"post","link":"https:\/\/www.radiopiu.net\/wordpress\/luxottica-agordo-il-calendario-ferie-di-natale\/","title":{"rendered":"LUXOTTICA AGORDO: IL CALENDARIO FERIE DI NATALE"},"content":{"rendered":"<p><a class=\"dt-pswp-item\" href=\"http:\/\/www.radiopiu.net\/wordpress\/wp-content\/uploads\/2019\/10\/MAGLIA-LUXOTTICA.jpeg\" data-dt-img-description=\"\" data-large_image_width=\"1024\" data-large_image_height=\"1024\"><img loading=\"lazy\" decoding=\"async\" class=\"size-medium wp-image-103580 alignleft\" src=\"http:\/\/www.radiopiu.net\/wordpress\/wp-content\/uploads\/2019\/10\/MAGLIA-LUXOTTICA-300x300.jpeg\" alt=\"\" width=\"300\" height=\"300\" srcset=\"https:\/\/www.radiopiu.net\/wordpress\/wp-content\/uploads\/2019\/10\/MAGLIA-LUXOTTICA-300x300.jpeg 300w, https:\/\/www.radiopiu.net\/wordpress\/wp-content\/uploads\/2019\/10\/MAGLIA-LUXOTTICA-150x150.jpeg 150w, https:\/\/www.radiopiu.net\/wordpress\/wp-content\/uploads\/2019\/10\/MAGLIA-LUXOTTICA-768x768.jpeg 768w, https:\/\/www.radiopiu.net\/wordpress\/wp-content\/uploads\/2019\/10\/MAGLIA-LUXOTTICA.jpeg 1024w\" sizes=\"auto, (max-width: 300px) 100vw, 300px\" \/><\/a>A poco pi\u00f9 di 2 mesi a Natale, RSU e Luxottica hanno definito il calendario delle ferie invernali per lo stabilimento di Agordo. Le maestranze resteranno a casa per ben 16 giorni. L&#8217;ultimo giorno lavorativo del 2019 sar\u00e0 il 20 dicembre con il rientro sul posto di lavoro il 7 gennaio 2020. Per coprire queste giornate verranno utilizzati 5 giorni di ferie e 2 saranno le giornate di flessibilit\u00e0 negativa, che verr\u00e0 recuperata pi\u00f9 avanti. Anche gli uffici verranno fermati nelle stesse date ma, anzich\u00e9 inserire 2 giornate di flessibilit\u00e0 negativa, per gli impiegati verranno utilizzati 2 giorni di istituti personali (permessi, ferie arretrate o fondo istituzionale transitorio). Non tutti gli uffici per\u00f2 chiuderanno nelle giornate indicate. Infatti, per esigenze lavorative, in alcune aree verr\u00e0 concordato un calendario ferie scaglionato a fruizione individuale.<\/p>\n","protected":false},"excerpt":{"rendered":"<p>A poco pi\u00f9 di 2 mesi a Natale, RSU e Luxottica hanno definito il calendario delle ferie invernali per lo stabilimento di Agordo. Le maestranze resteranno a casa per ben 16 giorni. L&#8217;ultimo giorno lavorativo del 2019 sar\u00e0 il 20 dicembre con il rientro sul posto di lavoro il 7 gennaio 2020. Per coprire queste&hellip;<\/p>\n","protected":false},"author":4,"featured_media":103580,"comment_status":"closed","ping_status":"closed","sticky":false,"template":"","format":"standard","meta":{"_monsterinsights_skip_tracking":false,"_monsterinsights_sitenote_active":false,"_monsterinsights_sitenote_note":"","_monsterinsights_sitenote_category":0,"footnotes":""},"categories":[104,49],"tags":[],"class_list":["post-103579","post","type-post","status-publish","format-standard","has-post-thumbnail","hentry","category-evidenza_3","category-news-18","category-104","category-49","description-off"],"img_url":"https:\/\/www.radiopiu.net\/wordpress\/wp-content\/uploads\/2019\/10\/MAGLIA-LUXOTTICA.jpeg","_links":{"self":[{"href":"https:\/\/www.radiopiu.net\/wordpress\/wp-json\/wp\/v2\/posts\/103579","targetHints":{"allow":["GET"]}}],"collection":[{"href":"https:\/\/www.radiopiu.net\/wordpress\/wp-json\/wp\/v2\/posts"}],"about":[{"href":"https:\/\/www.radiopiu.net\/wordpress\/wp-json\/wp\/v2\/types\/post"}],"author":[{"embeddable":true,"href":"https:\/\/www.radiopiu.net\/wordpress\/wp-json\/wp\/v2\/users\/4"}],"replies":[{"embeddable":true,"href":"https:\/\/www.radiopiu.net\/wordpress\/wp-json\/wp\/v2\/comments?post=103579"}],"version-history":[{"count":0,"href":"https:\/\/www.radiopiu.net\/wordpress\/wp-json\/wp\/v2\/posts\/103579\/revisions"}],"wp:featuredmedia":[{"embeddable":true,"href":"https:\/\/www.radiopiu.net\/wordpress\/wp-json\/wp\/v2\/media\/103580"}],"wp:attachment":[{"href":"https:\/\/www.radiopiu.net\/wordpress\/wp-json\/wp\/v2\/media?parent=103579"}],"wp:term":[{"taxonomy":"category","embeddable":true,"href":"https:\/\/www.radiopiu.net\/wordpress\/wp-json\/wp\/v2\/categories?post=103579"},{"taxonomy":"post_tag","embeddable":true,"href":"https:\/\/www.radiopiu.net\/wordpress\/wp-json\/wp\/v2\/tags?post=103579"}],"curies":[{"name":"wp","href":"https:\/\/api.w.org\/{rel}","templated":true}]}}