{"id":103660,"date":"2019-10-24T14:48:19","date_gmt":"2019-10-24T12:48:19","guid":{"rendered":"http:\/\/www.radiopiu.net\/wordpress\/?p=103660"},"modified":"2019-10-24T14:48:19","modified_gmt":"2019-10-24T12:48:19","slug":"prima-riproduzione-certa-di-lupo-nel-parco-nazionale-dolomiti-bellunesi-fototrappolati-tre-cuccioli","status":"publish","type":"post","link":"https:\/\/www.radiopiu.net\/wordpress\/prima-riproduzione-certa-di-lupo-nel-parco-nazionale-dolomiti-bellunesi-fototrappolati-tre-cuccioli\/","title":{"rendered":"Prima riproduzione certa di lupo nel  Parco Nazionale Dolomiti Bellunesi Fototrappolati tre cuccioli"},"content":{"rendered":"<p align=\"JUSTIFY\"><span style=\"font-family: Arial, sans-serif;\"><span style=\"font-size: small;\"><strong><a class=\"dt-pswp-item\" href=\"http:\/\/www.radiopiu.net\/wordpress\/wp-content\/uploads\/2019\/10\/Cuccioli-lupo-PNDB_Sacchet.jpg\" data-dt-img-description=\"\" data-large_image_width=\"960\" data-large_image_height=\"720\"><img loading=\"lazy\" decoding=\"async\" class=\"alignleft size-medium wp-image-103661\" src=\"http:\/\/www.radiopiu.net\/wordpress\/wp-content\/uploads\/2019\/10\/Cuccioli-lupo-PNDB_Sacchet-300x225.jpg\" alt=\"\" width=\"300\" height=\"225\" srcset=\"https:\/\/www.radiopiu.net\/wordpress\/wp-content\/uploads\/2019\/10\/Cuccioli-lupo-PNDB_Sacchet-300x225.jpg 300w, https:\/\/www.radiopiu.net\/wordpress\/wp-content\/uploads\/2019\/10\/Cuccioli-lupo-PNDB_Sacchet-768x576.jpg 768w, https:\/\/www.radiopiu.net\/wordpress\/wp-content\/uploads\/2019\/10\/Cuccioli-lupo-PNDB_Sacchet.jpg 960w\" sizes=\"auto, (max-width: 300px) 100vw, 300px\" \/><\/a>FELTRE<\/strong> Com\u2019\u00e8 noto il lupo sta ricolonizzando negli ultimi decenni, in modo spontaneo, l\u2019intero arco alpino. Anche il territorio del Parco Nazionale Dolomiti Bellunesi \u00e8 interessato dal ritorno di questo predatore. <\/span><\/span><span style=\"font-size: small; font-family: Arial, sans-serif;\">Nel 2012 il lupo \u201cSlavc\u201d, un esemplare proveniente dalla Slovenia (radiocollarato dall\u2019Universit\u00e0 di Lubiana), sost\u00f2 per diversi giorni nel Parco, prima di spostarsi in Lessinia dove fond\u00f2, con la lupa battezzata \u201cGiulietta\u201d, il primo branco riproduttivo nella regione del Veneto. <\/span><span style=\"font-family: Arial, sans-serif;\"><span style=\"font-size: small;\">Nel dicembre 2015 un altro lupo venne fotografato in Val Canzoi da una fototrappola installata dal personale dell\u2019allora Corpo Forestale dello Stato. <\/span><\/span><span style=\"font-family: Arial, sans-serif;\"><span style=\"font-size: small;\">Dopo quelle prime segnalazioni il lupo, all\u2019interno dell\u2019area protetta, \u00e8 sempre stato oggetto di attivit\u00e0 di monitoraggio, condotte dal personale del Reparto Carabinieri Forestali del Parco e da appassionati naturalisti locali che collaborano con l\u2019Ente. <\/span><\/span><span style=\"font-family: Arial, sans-serif;\"><span style=\"font-size: small;\">Il monitoraggio viene condotto con l\u2019installazione di fototrappole, accompagnata dal rilievo ed eventuale raccolta degli indici di presenza quali le piste su neve, le predazioni sui selvatici, i campioni biologici (escrementi, peli) che sono poi sottoposti a successiva analisi genetica. <\/span><\/span><span style=\"font-family: Arial, sans-serif;\"><span style=\"font-size: small;\">Queste attivit\u00e0 hanno permesso, dal 2015 ad oggi, di raccogliere diverse e ripetute segnalazioni di lupo all\u2019interno del Parco, ma mai si era registrata la presenza di un branco riproduttivo, a differenza di quanto osservato in diverse aree esterne all\u2019area protetta (basti pensare ai branchi segnalati nel massiccio del Grappa, sul Nevegal, nell\u2019area di Livinallongo e sull\u2019altopiano del Cansiglio). <\/span><\/span><span style=\"font-family: Arial, sans-serif;\"><span style=\"font-size: small;\">Ora la situazione \u00e8 cambiata: una fototrappola installata dai naturalisti Ivan Mazzon, Bruno Boz, Roberto Sacchet e Stefano Dal Col, che stanno collaborando da alcuni anni con il Parco per monitorare e documentare in modo sistematico il ritorno del predatore sulle Dolomiti Bellunesi, ha immortalato tre giovani cuccioli, fornendo la prima prova certa dell\u2019avvenuta riproduzione del lupo all\u2019interno del Parco Nazionale.<\/span><\/span><\/p>\n<p align=\"JUSTIFY\">\n","protected":false},"excerpt":{"rendered":"<p>FELTRE Com\u2019\u00e8 noto il lupo sta ricolonizzando negli ultimi decenni, in modo spontaneo, l\u2019intero arco alpino. Anche il territorio del Parco Nazionale Dolomiti Bellunesi \u00e8 interessato dal ritorno di questo predatore. Nel 2012 il lupo \u201cSlavc\u201d, un esemplare proveniente dalla Slovenia (radiocollarato dall\u2019Universit\u00e0 di Lubiana), sost\u00f2 per diversi giorni nel Parco, prima di spostarsi in&hellip;<\/p>\n","protected":false},"author":1,"featured_media":103661,"comment_status":"closed","ping_status":"closed","sticky":false,"template":"","format":"standard","meta":{"_monsterinsights_skip_tracking":false,"_monsterinsights_sitenote_active":false,"_monsterinsights_sitenote_note":"","_monsterinsights_sitenote_category":0,"footnotes":""},"categories":[49],"tags":[],"class_list":["post-103660","post","type-post","status-publish","format-standard","has-post-thumbnail","hentry","category-news-18","category-49","description-off"],"img_url":"https:\/\/www.radiopiu.net\/wordpress\/wp-content\/uploads\/2019\/10\/Cuccioli-lupo-PNDB_Sacchet.jpg","_links":{"self":[{"href":"https:\/\/www.radiopiu.net\/wordpress\/wp-json\/wp\/v2\/posts\/103660","targetHints":{"allow":["GET"]}}],"collection":[{"href":"https:\/\/www.radiopiu.net\/wordpress\/wp-json\/wp\/v2\/posts"}],"about":[{"href":"https:\/\/www.radiopiu.net\/wordpress\/wp-json\/wp\/v2\/types\/post"}],"author":[{"embeddable":true,"href":"https:\/\/www.radiopiu.net\/wordpress\/wp-json\/wp\/v2\/users\/1"}],"replies":[{"embeddable":true,"href":"https:\/\/www.radiopiu.net\/wordpress\/wp-json\/wp\/v2\/comments?post=103660"}],"version-history":[{"count":0,"href":"https:\/\/www.radiopiu.net\/wordpress\/wp-json\/wp\/v2\/posts\/103660\/revisions"}],"wp:featuredmedia":[{"embeddable":true,"href":"https:\/\/www.radiopiu.net\/wordpress\/wp-json\/wp\/v2\/media\/103661"}],"wp:attachment":[{"href":"https:\/\/www.radiopiu.net\/wordpress\/wp-json\/wp\/v2\/media?parent=103660"}],"wp:term":[{"taxonomy":"category","embeddable":true,"href":"https:\/\/www.radiopiu.net\/wordpress\/wp-json\/wp\/v2\/categories?post=103660"},{"taxonomy":"post_tag","embeddable":true,"href":"https:\/\/www.radiopiu.net\/wordpress\/wp-json\/wp\/v2\/tags?post=103660"}],"curies":[{"name":"wp","href":"https:\/\/api.w.org\/{rel}","templated":true}]}}