{"id":103734,"date":"2019-10-25T05:09:26","date_gmt":"2019-10-25T03:09:26","guid":{"rendered":"http:\/\/www.radiopiu.net\/wordpress\/?p=103734"},"modified":"2019-10-25T05:55:14","modified_gmt":"2019-10-25T03:55:14","slug":"progetto-biocolalp-la-biodiversita-nelle-coltivazioni","status":"publish","type":"post","link":"https:\/\/www.radiopiu.net\/wordpress\/progetto-biocolalp-la-biodiversita-nelle-coltivazioni\/","title":{"rendered":"PROGETTO BIOCOLALP, LA BIODIVERSITA&#8217; NELLE COLTIVAZIONI"},"content":{"rendered":"<h3><\/h3>\n<blockquote><p><em>Del progetto BioColAlp di recupero e rilancio della biodiversit\u00e0 nelle coltivazioni alpine si parler\u00e0 domani alle 17.30 sotto il tendone della Sagra di San Simon a Vallada. La conferenza intitolata &#8220;Alla riscoperta delle variet\u00e0 coltivate per la valorizzazione dei nostri orti&#8221; sar\u00e0 a cura di Orazio e Cesare Andrich e Andrea Zampieri. Introdurr\u00e0 l&#8217;incontro il sindaco di Vallada, Fabio Luchetta.<\/em><\/p><\/blockquote>\n<p><strong><span style=\"color: #ff0000;\">LA STORIA DELLA PREGHIERA E DELLA PAGNOTTA&#8230;<\/span><\/strong><\/p>\n<audio class=\"wp-audio-shortcode\" id=\"audio-103734-1\" preload=\"none\" style=\"width: 100%;\" controls=\"controls\"><source type=\"audio\/mpeg\" src=\"http:\/\/www.radiopiu.net\/wordpress\/wp-content\/uploads\/2019\/10\/PROGETTO-ORTI.mp3?_=1\" \/><a href=\"http:\/\/www.radiopiu.net\/wordpress\/wp-content\/uploads\/2019\/10\/PROGETTO-ORTI.mp3\">http:\/\/www.radiopiu.net\/wordpress\/wp-content\/uploads\/2019\/10\/PROGETTO-ORTI.mp3<\/a><\/audio>\n\n\t\t\t<style type='text\/css'>\n\t\t\t\t#gallery-1 {\n\t\t\t\t\tmargin: auto;\n\t\t\t\t}\n\t\t\t\t#gallery-1 .gallery-item {\n\t\t\t\t\tfloat: left;\n\t\t\t\t\tmargin-top: 10px;\n\t\t\t\t\ttext-align: center;\n\t\t\t\t\twidth: 33%;\n\t\t\t\t}\n\t\t\t\t#gallery-1 img {\n\t\t\t\t\tborder: 2px solid #cfcfcf;\n\t\t\t\t}\n\t\t\t\t#gallery-1 .gallery-caption {\n\t\t\t\t\tmargin-left: 0;\n\t\t\t\t}\n\t\t\t\t\/* see gallery_shortcode() in wp-includes\/media.php *\/\n\t\t\t<\/style>\n\t\t<div id='gallery-1' class='dt-gallery-container gallery galleryid-103734 gallery-columns-3 gallery-size-thumbnail'><dl class='gallery-item'>\n\t\t\t\t<dt class='gallery-icon landscape'>\n\t\t\t\t\t<a class=\"rollover\" href='https:\/\/www.radiopiu.net\/wordpress\/giornale-radiopiu-25-ottobre-2019-direttore-mirko-mezzacasa\/9622c663-27af-4854-b47d-ab47c0ce4373\/'><img loading=\"lazy\" decoding=\"async\" width=\"150\" height=\"150\" src=\"https:\/\/www.radiopiu.net\/wordpress\/wp-content\/uploads\/2019\/10\/9622c663-27af-4854-b47d-ab47c0ce4373-150x150.jpg\" class=\"attachment-thumbnail size-thumbnail\" alt=\"\" \/><\/a>\n\t\t\t\t<\/dt><\/dl><dl class='gallery-item'>\n\t\t\t\t<dt class='gallery-icon landscape'>\n\t\t\t\t\t<a class=\"rollover\" href='https:\/\/www.radiopiu.net\/wordpress\/giornale-radiopiu-25-ottobre-2019-direttore-mirko-mezzacasa\/85db7407-40c3-4629-a270-138df6a9cae2\/'><img loading=\"lazy\" decoding=\"async\" width=\"150\" height=\"150\" src=\"https:\/\/www.radiopiu.net\/wordpress\/wp-content\/uploads\/2019\/10\/85db7407-40c3-4629-a270-138df6a9cae2-150x150.jpg\" class=\"attachment-thumbnail size-thumbnail\" alt=\"\" \/><\/a>\n\t\t\t\t<\/dt><\/dl><dl class='gallery-item'>\n\t\t\t\t<dt class='gallery-icon landscape'>\n\t\t\t\t\t<a class=\"rollover\" href='https:\/\/www.radiopiu.net\/wordpress\/giornale-radiopiu-25-ottobre-2019-direttore-mirko-mezzacasa\/fb40ac03-f632-47f2-beb6-9872eb00370d\/'><img loading=\"lazy\" decoding=\"async\" width=\"150\" height=\"150\" src=\"https:\/\/www.radiopiu.net\/wordpress\/wp-content\/uploads\/2019\/10\/fb40ac03-f632-47f2-beb6-9872eb00370d-150x150.jpg\" class=\"attachment-thumbnail size-thumbnail\" alt=\"\" \/><\/a>\n\t\t\t\t<\/dt><\/dl><br style=\"clear: both\" \/><dl class='gallery-item'>\n\t\t\t\t<dt class='gallery-icon landscape'>\n\t\t\t\t\t<a class=\"rollover\" href='https:\/\/www.radiopiu.net\/wordpress\/giornale-radiopiu-25-ottobre-2019-direttore-mirko-mezzacasa\/3e33d487-2f1d-46f9-a91e-a4da552f090e\/'><img loading=\"lazy\" decoding=\"async\" width=\"150\" height=\"150\" src=\"https:\/\/www.radiopiu.net\/wordpress\/wp-content\/uploads\/2019\/10\/3e33d487-2f1d-46f9-a91e-a4da552f090e-150x150.jpg\" class=\"attachment-thumbnail size-thumbnail\" alt=\"\" \/><\/a>\n\t\t\t\t<\/dt><\/dl><dl class='gallery-item'>\n\t\t\t\t<dt class='gallery-icon portrait'>\n\t\t\t\t\t<a class=\"rollover\" href='https:\/\/www.radiopiu.net\/wordpress\/giornale-radiopiu-25-ottobre-2019-direttore-mirko-mezzacasa\/93d492eb-9410-4847-b364-1fa1632acdac\/'><img loading=\"lazy\" decoding=\"async\" width=\"150\" height=\"150\" src=\"https:\/\/www.radiopiu.net\/wordpress\/wp-content\/uploads\/2019\/10\/93d492eb-9410-4847-b364-1fa1632acdac-150x150.jpg\" class=\"attachment-thumbnail size-thumbnail\" alt=\"\" \/><\/a>\n\t\t\t\t<\/dt><\/dl>\n\t\t\t\t<br style='clear: both' \/>\n\t\t\t<\/div>\n\n<p>&nbsp;<\/p>\n<p>&nbsp;<\/p>\n","protected":false},"excerpt":{"rendered":"<p>Del progetto BioColAlp di recupero e rilancio della biodiversit\u00e0 nelle coltivazioni alpine si parler\u00e0 domani alle 17.30 sotto il tendone della Sagra di San Simon a Vallada. La conferenza intitolata &#8220;Alla riscoperta delle variet\u00e0 coltivate per la valorizzazione dei nostri orti&#8221; sar\u00e0 a cura di Orazio e Cesare Andrich e Andrea Zampieri. Introdurr\u00e0 l&#8217;incontro il&hellip;<\/p>\n","protected":false},"author":1,"featured_media":103729,"comment_status":"closed","ping_status":"closed","sticky":false,"template":"","format":"standard","meta":{"_monsterinsights_skip_tracking":false,"_monsterinsights_sitenote_active":false,"_monsterinsights_sitenote_note":"","_monsterinsights_sitenote_category":0,"footnotes":""},"categories":[104,49],"tags":[],"class_list":["post-103734","post","type-post","status-publish","format-standard","has-post-thumbnail","hentry","category-evidenza_3","category-news-18","category-104","category-49","description-off"],"img_url":"https:\/\/www.radiopiu.net\/wordpress\/wp-content\/uploads\/2019\/10\/85db7407-40c3-4629-a270-138df6a9cae2.jpg","_links":{"self":[{"href":"https:\/\/www.radiopiu.net\/wordpress\/wp-json\/wp\/v2\/posts\/103734","targetHints":{"allow":["GET"]}}],"collection":[{"href":"https:\/\/www.radiopiu.net\/wordpress\/wp-json\/wp\/v2\/posts"}],"about":[{"href":"https:\/\/www.radiopiu.net\/wordpress\/wp-json\/wp\/v2\/types\/post"}],"author":[{"embeddable":true,"href":"https:\/\/www.radiopiu.net\/wordpress\/wp-json\/wp\/v2\/users\/1"}],"replies":[{"embeddable":true,"href":"https:\/\/www.radiopiu.net\/wordpress\/wp-json\/wp\/v2\/comments?post=103734"}],"version-history":[{"count":0,"href":"https:\/\/www.radiopiu.net\/wordpress\/wp-json\/wp\/v2\/posts\/103734\/revisions"}],"wp:featuredmedia":[{"embeddable":true,"href":"https:\/\/www.radiopiu.net\/wordpress\/wp-json\/wp\/v2\/media\/103729"}],"wp:attachment":[{"href":"https:\/\/www.radiopiu.net\/wordpress\/wp-json\/wp\/v2\/media?parent=103734"}],"wp:term":[{"taxonomy":"category","embeddable":true,"href":"https:\/\/www.radiopiu.net\/wordpress\/wp-json\/wp\/v2\/categories?post=103734"},{"taxonomy":"post_tag","embeddable":true,"href":"https:\/\/www.radiopiu.net\/wordpress\/wp-json\/wp\/v2\/tags?post=103734"}],"curies":[{"name":"wp","href":"https:\/\/api.w.org\/{rel}","templated":true}]}}