{"id":103835,"date":"2019-10-26T05:38:39","date_gmt":"2019-10-26T03:38:39","guid":{"rendered":"http:\/\/www.radiopiu.net\/wordpress\/?p=103835"},"modified":"2019-10-26T21:31:47","modified_gmt":"2019-10-26T19:31:47","slug":"giornale-radiopiu-26-ottobre-2019-direttore-mirko-mezzacasa","status":"publish","type":"post","link":"https:\/\/www.radiopiu.net\/wordpress\/giornale-radiopiu-26-ottobre-2019-direttore-mirko-mezzacasa\/","title":{"rendered":"GIORNALE RADIOPIU 26 OTTOBRE 2019, DIRETTORE MIRKO MEZZACASA"},"content":{"rendered":"<p>&nbsp;<\/p>\n<p>IN CORSO&#8230;..<\/p>\n<p>Prova radio telecomunicazioni alternative di emergenza anno 2019<\/p>\n<p>Il Radio Club Cime Bianche al fine di testare le dorsali e le attrezzature per gestire la rete di comunicazione denominata \u201c Telecomunicazioni Alternative di Emergenza \u201c in armonia con l\u2019art. 6 della Convenzione tra Unione Montana e Radio Club del 14 giugno 2016 dalle 9 di questa mattina ha in corso una prova radio di sintonia. La data della prova \u00e8 volutamente vicina all\u2019anniversario del evento<span class=\"text_exposed_show\">\u00a0denominato \u201c TEMPESTA VAIA\u201d , dove si \u00e8 realmente verificata una situazione di crisi e dove le comunicazioni radio hanno dimostrato quanto sia importante tale progetto e quanto sia altrettanto importante e fondamentale l\u2019efficienza della rete di comunicazioni alternative di emergenza. In questa occasione si intendono utilizzare anche le stazioni radio portatili in uso ai Comuni tramite Sindaco o personale incaricato aventi in dotazione apparati ricetrasmittenti ed operanti sulla rete radio della Protezione Civile assegnata al Radio Club.<\/span><\/p>\n<div style=\"width: 848px;\" class=\"wp-video\"><video class=\"wp-video-shortcode\" id=\"video-103835-1\" width=\"848\" height=\"480\" preload=\"metadata\" controls=\"controls\"><source type=\"video\/mp4\" src=\"http:\/\/www.radiopiu.net\/wordpress\/wp-content\/uploads\/2019\/10\/WhatsApp-Video-2019-10-26-at-09.30.44.mp4?_=1\" \/><a href=\"http:\/\/www.radiopiu.net\/wordpress\/wp-content\/uploads\/2019\/10\/WhatsApp-Video-2019-10-26-at-09.30.44.mp4\">http:\/\/www.radiopiu.net\/wordpress\/wp-content\/uploads\/2019\/10\/WhatsApp-Video-2019-10-26-at-09.30.44.mp4<\/a><\/video><\/div>\n<p>&nbsp;<\/p>\n<p>&nbsp;<\/p>\n<p>&nbsp;<\/p>\n<p>&nbsp;<\/p>\n<p><span style=\"color: #ff0000;\">ACQUA INQUINATA A SAN TOMASO<\/span> <em>\u00a0nelle LOCALITA&#8217; PECOL E PIAIA, per uso alimentare solo previa bollitura.<\/em><\/p>\n<blockquote><p><em>Per lavori alla rete idrica comunale, martedi\u00a0 dalle 8 a fine lavori, verr\u00e0 sospesa l\u2019erogazione dell\u2019acqua a Vallada in localit\u00e0 Celat a valle della chiesa. In caso di maltempo l&#8217;intervento verr\u00e0 posticipato al giorno successivo.<\/em><\/p><\/blockquote>\n<p><strong>PROVINCIALE VAL FIORENTINA:<\/strong> fino al 6 novembre senso unico alternato e possibili interruzioni fino a 20 minuti per la messa in sicurezza dei versanti.<\/p>\n<p><strong>REGIONALE 203 AGORDINA<\/strong> Dalle 8 alle 12 e dalle 13.30 alle 17.30, dal 28 ottobre al 15 novembre senso unico alternato con possibili interruzioni della durata massima di 20 minuti per i lavori di rimozione piante, pulizia del versante e posa di rete di protezione.<\/p>\n<h3><\/h3>\n<p>&nbsp;<\/p>\n<p>&nbsp;<\/p>\n<h3>LE FOTO DEL GIORNO<\/h3>\n<p>Al cervo di San Tomaso (provinciale 8), alla Morbiacca la mucca di Morbiach (203 agordina), alle volpi di Saviner di Rocca Pietore, Taibon, alle oche di Bries ad Agordo&#8230; si aggiunge ora anche lo sciacallo fotografato a Digoman e Voltago,\u00a0 sembra una volpe ma \u00e8 diverso,\u00a0 e di color scuro<\/p>\n<p><a class=\"dt-pswp-item\" href=\"http:\/\/www.radiopiu.net\/wordpress\/wp-content\/uploads\/2019\/10\/0b94cf90-e738-4b04-b4e3-40b19bf35e66.jpg\" data-dt-img-description=\"\" data-large_image_width=\"1328\" data-large_image_height=\"747\"><img loading=\"lazy\" decoding=\"async\" class=\"alignleft wp-image-103927\" src=\"http:\/\/www.radiopiu.net\/wordpress\/wp-content\/uploads\/2019\/10\/0b94cf90-e738-4b04-b4e3-40b19bf35e66-300x169.jpg\" alt=\"\" width=\"364\" height=\"205\" srcset=\"https:\/\/www.radiopiu.net\/wordpress\/wp-content\/uploads\/2019\/10\/0b94cf90-e738-4b04-b4e3-40b19bf35e66-300x169.jpg 300w, https:\/\/www.radiopiu.net\/wordpress\/wp-content\/uploads\/2019\/10\/0b94cf90-e738-4b04-b4e3-40b19bf35e66-768x432.jpg 768w, https:\/\/www.radiopiu.net\/wordpress\/wp-content\/uploads\/2019\/10\/0b94cf90-e738-4b04-b4e3-40b19bf35e66-1024x576.jpg 1024w, https:\/\/www.radiopiu.net\/wordpress\/wp-content\/uploads\/2019\/10\/0b94cf90-e738-4b04-b4e3-40b19bf35e66.jpg 1328w\" sizes=\"auto, (max-width: 364px) 100vw, 364px\" \/><\/a><a class=\"dt-pswp-item\" href=\"http:\/\/www.radiopiu.net\/wordpress\/wp-content\/uploads\/2019\/10\/b154dc40-6562-4caa-b1dc-a279f3d66960.jpg\" data-dt-img-description=\"\" data-large_image_width=\"1328\" data-large_image_height=\"747\"><img loading=\"lazy\" decoding=\"async\" class=\"alignleft wp-image-103928\" src=\"http:\/\/www.radiopiu.net\/wordpress\/wp-content\/uploads\/2019\/10\/b154dc40-6562-4caa-b1dc-a279f3d66960-300x169.jpg\" alt=\"\" width=\"367\" height=\"207\" srcset=\"https:\/\/www.radiopiu.net\/wordpress\/wp-content\/uploads\/2019\/10\/b154dc40-6562-4caa-b1dc-a279f3d66960-300x169.jpg 300w, https:\/\/www.radiopiu.net\/wordpress\/wp-content\/uploads\/2019\/10\/b154dc40-6562-4caa-b1dc-a279f3d66960-768x432.jpg 768w, https:\/\/www.radiopiu.net\/wordpress\/wp-content\/uploads\/2019\/10\/b154dc40-6562-4caa-b1dc-a279f3d66960-1024x576.jpg 1024w, https:\/\/www.radiopiu.net\/wordpress\/wp-content\/uploads\/2019\/10\/b154dc40-6562-4caa-b1dc-a279f3d66960.jpg 1328w\" sizes=\"auto, (max-width: 367px) 100vw, 367px\" \/><\/a><a class=\"dt-pswp-item\" href=\"http:\/\/www.radiopiu.net\/wordpress\/wp-content\/uploads\/2019\/10\/3af5e1b8-8011-452e-a267-113a1b1135c5.jpg\" data-dt-img-description=\"\" data-large_image_width=\"892\" data-large_image_height=\"746\"><img loading=\"lazy\" decoding=\"async\" class=\"alignleft wp-image-103929\" src=\"http:\/\/www.radiopiu.net\/wordpress\/wp-content\/uploads\/2019\/10\/3af5e1b8-8011-452e-a267-113a1b1135c5-300x251.jpg\" alt=\"\" width=\"250\" height=\"209\" srcset=\"https:\/\/www.radiopiu.net\/wordpress\/wp-content\/uploads\/2019\/10\/3af5e1b8-8011-452e-a267-113a1b1135c5-300x251.jpg 300w, https:\/\/www.radiopiu.net\/wordpress\/wp-content\/uploads\/2019\/10\/3af5e1b8-8011-452e-a267-113a1b1135c5-768x642.jpg 768w, https:\/\/www.radiopiu.net\/wordpress\/wp-content\/uploads\/2019\/10\/3af5e1b8-8011-452e-a267-113a1b1135c5.jpg 892w\" sizes=\"auto, (max-width: 250px) 100vw, 250px\" \/><\/a><\/p>\n<p>&nbsp;<\/p>\n<p>&nbsp;<\/p>\n<p>&nbsp;<\/p>\n<p>&nbsp;<\/p>\n<p>&nbsp;<\/p>\n<p>&nbsp;<\/p>\n<p>&nbsp;<\/p>\n<p>&nbsp;<\/p>\n<p>&nbsp;<\/p>\n<p>&nbsp;<\/p>\n<p>&nbsp;<\/p>\n<p>&nbsp;<\/p>\n<p>&nbsp;<\/p>\n<p>&nbsp;<\/p>\n<p>&nbsp;<\/p>\n<p>&nbsp;<\/p>\n<p>&nbsp;<\/p>\n<p>&nbsp;<\/p>\n<p><strong><a class=\"dt-pswp-item\" href=\"http:\/\/www.radiopiu.net\/wordpress\/wp-content\/uploads\/2019\/10\/46078ff1-2dac-4bcf-b623-9000c01d4166.jpg\" data-dt-img-description=\"\" data-large_image_width=\"1600\" data-large_image_height=\"901\"><img loading=\"lazy\" decoding=\"async\" class=\"alignleft size-medium wp-image-103919\" src=\"http:\/\/www.radiopiu.net\/wordpress\/wp-content\/uploads\/2019\/10\/46078ff1-2dac-4bcf-b623-9000c01d4166-300x169.jpg\" alt=\"\" width=\"300\" height=\"169\" srcset=\"https:\/\/www.radiopiu.net\/wordpress\/wp-content\/uploads\/2019\/10\/46078ff1-2dac-4bcf-b623-9000c01d4166-300x169.jpg 300w, https:\/\/www.radiopiu.net\/wordpress\/wp-content\/uploads\/2019\/10\/46078ff1-2dac-4bcf-b623-9000c01d4166-768x432.jpg 768w, https:\/\/www.radiopiu.net\/wordpress\/wp-content\/uploads\/2019\/10\/46078ff1-2dac-4bcf-b623-9000c01d4166-1024x577.jpg 1024w, https:\/\/www.radiopiu.net\/wordpress\/wp-content\/uploads\/2019\/10\/46078ff1-2dac-4bcf-b623-9000c01d4166.jpg 1600w\" sizes=\"auto, (max-width: 300px) 100vw, 300px\" \/><\/a>RIVAMONTE\u00a0<\/strong> Consiglio comunale infuocato ieri sera a Rivamonte pur senza un gruppo di minoranza, Infatti Giuliano Laveder ed Ernesto Fossen hanno pi\u00f9 volte attaccato il loro sindaco Nino Deon nell&#8217;ambito delle quattro interrogazioni presentate nell&#8217;ordine del giorno.<\/p>\n<p>Un dibattito confuso spesso sfociato in attacchi personali e battibecchi continui, una sorta di &#8220;opposizione&#8221; all&#8217;interno dello stesso gruppo. Chieste delucidazioni su diverse questioni compreso l&#8217;acquisto dello scuolabus grazie ad una variazione al bilancio.<\/p>\n<p><strong>DI GIANNI SANTOMASO<\/strong><\/p>\n<audio class=\"wp-audio-shortcode\" id=\"audio-103835-1\" preload=\"none\" style=\"width: 100%;\" controls=\"controls\"><source type=\"audio\/mpeg\" src=\"http:\/\/www.radiopiu.net\/wordpress\/wp-content\/uploads\/2019\/10\/rivamonte.mp3?_=1\" \/><a href=\"http:\/\/www.radiopiu.net\/wordpress\/wp-content\/uploads\/2019\/10\/rivamonte.mp3\">http:\/\/www.radiopiu.net\/wordpress\/wp-content\/uploads\/2019\/10\/rivamonte.mp3<\/a><\/audio>\n<h3>DALLA DIRETTA FACEBOOK IL CONSIGLIO COMUNALE, AL TERMINE L&#8217;INTERVISTA AL SINDACO GIOVANNI NINO DEON ANCHE A PROPOSITO DELL&#8217;UNIONE MONTANA AGORDINA.<\/h3>\n<div id=\"fb-root\"><\/div>\n<p><script async=\"1\" defer=\"1\" crossorigin=\"anonymous\" src=\"https:\/\/connect.facebook.net\/it_IT\/sdk.js#xfbml=1&amp;version=v6.0\"><\/script><\/p>\n<div class=\"fb-video\" data-href=\"https:\/\/www.facebook.com\/mirko.mezzacasa\/videos\/10221144524869576\/\" data-width=\"1200\">\n<blockquote cite=\"https:\/\/www.facebook.com\/mirko.mezzacasa\/videos\/10221144524869576\/\" class=\"fb-xfbml-parse-ignore\"><p><a href=\"https:\/\/www.facebook.com\/mirko.mezzacasa\/videos\/10221144524869576\/\"><\/a><\/p>\n<p>consiglio comunale di RIVAMONTE le interrogazioni di FOSSEN E LAVEDER. NEGLI ULTIMI 10 MINUTI L&#039;INTERVISTA AL SINDACO NINO DEON, UNIONE MONTANA E VALLE IMPERINA<\/p>\n<p>Pubblicato da <a href=\"https:\/\/www.facebook.com\/mirko.mezzacasa\">Mirko Mezzacasa<\/a> su Venerd\u00ec 25 ottobre 2019<\/p><\/blockquote>\n<\/div>\n<p>&nbsp;<\/p>\n<p><strong><a class=\"dt-pswp-item\" href=\"http:\/\/www.radiopiu.net\/wordpress\/wp-content\/uploads\/2017\/05\/GIOVANNI-NINO-DEON.jpg\" data-dt-img-description=\"\" data-large_image_width=\"745\" data-large_image_height=\"721\"><img loading=\"lazy\" decoding=\"async\" class=\"wp-image-32109 alignleft\" src=\"http:\/\/www.radiopiu.net\/wordpress\/wp-content\/uploads\/2017\/05\/GIOVANNI-NINO-DEON-300x290.jpg\" alt=\"\" width=\"144\" height=\"139\" \/><\/a><\/strong><\/p>\n<p>&nbsp;<\/p>\n<p>&nbsp;<\/p>\n<p><strong>DAI NOTIZIARI DI RADIO PIU. (9.30 &#8211;\u00a0 12.30 &#8211; 18 30 ) NINO DEON SULL&#8217;UNIONE MONTANA E SUL CONSIGLIO COMUNALE\u00a0<\/strong><\/p>\n<audio class=\"wp-audio-shortcode\" id=\"audio-103835-2\" preload=\"none\" style=\"width: 100%;\" controls=\"controls\"><source type=\"audio\/mpeg\" src=\"http:\/\/www.radiopiu.net\/wordpress\/wp-content\/uploads\/2019\/10\/GR-1830.mp3?_=2\" \/><a href=\"http:\/\/www.radiopiu.net\/wordpress\/wp-content\/uploads\/2019\/10\/GR-1830.mp3\">http:\/\/www.radiopiu.net\/wordpress\/wp-content\/uploads\/2019\/10\/GR-1830.mp3<\/a><\/audio>\n<p>&nbsp;<\/p>\n<p>&nbsp;<\/p>\n<p>&nbsp;<\/p>\n<p>&nbsp;<\/p>\n<h3>LE OPERE DI MIOLA PER I VIGILI DEL FUOCO DI AGORDO<\/h3>\n<p><strong><a class=\"dt-pswp-item\" href=\"http:\/\/www.radiopiu.net\/wordpress\/wp-content\/uploads\/2019\/10\/31f622a4-e5f3-4dc5-9271-0aa954f28917.jpg\" data-dt-img-description=\"\" data-large_image_width=\"1440\" data-large_image_height=\"720\"><img loading=\"lazy\" decoding=\"async\" class=\"alignleft size-medium wp-image-103831\" src=\"http:\/\/www.radiopiu.net\/wordpress\/wp-content\/uploads\/2019\/10\/31f622a4-e5f3-4dc5-9271-0aa954f28917-300x150.jpg\" alt=\"\" width=\"300\" height=\"150\" srcset=\"https:\/\/www.radiopiu.net\/wordpress\/wp-content\/uploads\/2019\/10\/31f622a4-e5f3-4dc5-9271-0aa954f28917-300x150.jpg 300w, https:\/\/www.radiopiu.net\/wordpress\/wp-content\/uploads\/2019\/10\/31f622a4-e5f3-4dc5-9271-0aa954f28917-768x384.jpg 768w, https:\/\/www.radiopiu.net\/wordpress\/wp-content\/uploads\/2019\/10\/31f622a4-e5f3-4dc5-9271-0aa954f28917-1024x512.jpg 1024w, https:\/\/www.radiopiu.net\/wordpress\/wp-content\/uploads\/2019\/10\/31f622a4-e5f3-4dc5-9271-0aa954f28917.jpg 1440w\" sizes=\"auto, (max-width: 300px) 100vw, 300px\" \/><\/a>AGORDO<\/strong> Un rapporto importante, quello che si \u00e8 creato negli anni tra gli uomini della caserma dei Vigili del Fuoco di Agordo a ponte Brugnach e l&#8217;artista di Agordo Renzo &#8220;Benci&#8221; Miola. Un&#8217;amicizia basata sulla stima e sul rispetto non sul compenso, cosa rara di questi tempi. Un&#8217;amicizia che si esplicita in atti d&#8217;amore verso il corpo dei Vigili del Fuoco tenendo conto che Renzo l&#8217;unica divisa che ha indossato \u00e8 quella della Dolomitibus quando sedeva alla guida del pullman tra un angolo e l&#8217;altro della Provincia. Nel 2013 Renzo si \u00e8 presentato nel cortile della caserma oggi dedicata alla vittime del Vajont con il pennello, i colori e tanta fantasia per realizzare quella scritta VIGILI DEL FUOCO con tanto di fiamma, simbolo di riconoscimento. Un bel biglietto da visita per chi dalla Valbelluna entra nell&#8217;Agordino dalla rotatoria della tangenziale. Poco dopo \u00e8 salito sulla scala e sulla torretta ha riproposto la scritta verso est, dove sorge il sole dal Monte Celo, soprattutto verso la strada che da Agordo capoluogo porta\u00a0 nella zona industriale, Luxottica e Passo Cereda. Ma ancora mancava qualche cosa, una scritta visibile a valligiani e turisti in transito, sempre sulla tangenziale, in direzione Alto\u00a0 Agordino-Valbelluna. Ed eccola: bella e splendente sul lato nord della torretta della caserma. All&#8217;artista di Agordo il grazie corale dei vigili del fuoco, anche per quei meravigliosi dipinti all&#8217;interno della caserma, nella zona dedicata a ritrovo per il pranzo, la cena, i momenti liberi tra un intervento e l&#8217;altro. Un primo &#8220;quadro&#8221; sul muro \u00e8 stato disegnato nel 2013, un ambiente di montagna con tanto di neve, baita illuminata con sullo sfondo le Dolomiti. Un secondo capolavoro porta la firma di Miola e l&#8217;anno 2016, ed eccoli i vigili del fuoco all&#8217;opera nello spegnimento di un incendio mentre il Framont controlla con le sue creste. Anche per questa quotidiana e bella visione il grazie dei pompieri,\u00a0 orgoglio e vanto della citt\u00e0 di Agordo e dell&#8217;Agordino tutto <em><strong>(mm)<\/strong><\/em><\/p>\n<p><span style=\"color: #ff0000;\">Video esterno caserma 2019<\/span><\/p>\n<p><iframe loading=\"lazy\" title=\"VIGILI DEL FUOCO AGORDO\" width=\"1200\" height=\"675\" src=\"https:\/\/www.youtube.com\/embed\/SAQxs6Pak04?feature=oembed\" frameborder=\"0\" allow=\"accelerometer; autoplay; encrypted-media; gyroscope; picture-in-picture\" allowfullscreen><\/iframe><\/p>\n<p><span style=\"color: #ff0000;\">Renzo Miola interno caserma 2013-2016\u00a0<\/span><\/p>\n<p><a class=\"dt-pswp-item\" href=\"http:\/\/www.radiopiu.net\/wordpress\/wp-content\/uploads\/2019\/10\/IMG_20191025_111746.jpg\" data-dt-img-description=\"dav\" data-large_image_width=\"4608\" data-large_image_height=\"3456\"><img loading=\"lazy\" decoding=\"async\" class=\"wp-image-103830 \" src=\"http:\/\/www.radiopiu.net\/wordpress\/wp-content\/uploads\/2019\/10\/IMG_20191025_111746-1024x768.jpg\" alt=\"\" width=\"333\" height=\"250\" srcset=\"https:\/\/www.radiopiu.net\/wordpress\/wp-content\/uploads\/2019\/10\/IMG_20191025_111746-1024x768.jpg 1024w, https:\/\/www.radiopiu.net\/wordpress\/wp-content\/uploads\/2019\/10\/IMG_20191025_111746-300x225.jpg 300w, https:\/\/www.radiopiu.net\/wordpress\/wp-content\/uploads\/2019\/10\/IMG_20191025_111746-768x576.jpg 768w\" sizes=\"auto, (max-width: 333px) 100vw, 333px\" \/><\/a><a class=\"dt-pswp-item\" href=\"http:\/\/www.radiopiu.net\/wordpress\/wp-content\/uploads\/2019\/10\/IMG_20191025_111759.jpg\" data-dt-img-description=\"dav\" data-large_image_width=\"4608\" data-large_image_height=\"3456\"><img loading=\"lazy\" decoding=\"async\" class=\"wp-image-103828 \" src=\"http:\/\/www.radiopiu.net\/wordpress\/wp-content\/uploads\/2019\/10\/IMG_20191025_111759-1024x768.jpg\" alt=\"\" width=\"333\" height=\"250\" srcset=\"https:\/\/www.radiopiu.net\/wordpress\/wp-content\/uploads\/2019\/10\/IMG_20191025_111759-1024x768.jpg 1024w, https:\/\/www.radiopiu.net\/wordpress\/wp-content\/uploads\/2019\/10\/IMG_20191025_111759-300x225.jpg 300w, https:\/\/www.radiopiu.net\/wordpress\/wp-content\/uploads\/2019\/10\/IMG_20191025_111759-768x576.jpg 768w\" sizes=\"auto, (max-width: 333px) 100vw, 333px\" \/><\/a><\/p>\n<p>&nbsp;<\/p>\n<p>&nbsp;<\/p>\n<p>&nbsp;<\/p>\n<p>&nbsp;<\/p>\n<h3>VAIA, UN ANNO DOPO. MARTEDI A ROCCA PIETORE IL RICORDO CON IL VESCOVO E GLI INTERVENTI DELLE AUTORITA&#8217;<\/h3>\n<p><strong><a class=\"dt-pswp-item\" href=\"http:\/\/www.radiopiu.net\/wordpress\/wp-content\/uploads\/2019\/04\/Rocca-Pietore-colpita-dal-maltempo-foto-di-Roberto-Bristot-lab.-Inquadrati.jpg\" data-dt-img-description=\"\" data-large_image_width=\"1600\" data-large_image_height=\"900\"><img loading=\"lazy\" decoding=\"async\" class=\"alignleft wp-image-82020\" src=\"http:\/\/www.radiopiu.net\/wordpress\/wp-content\/uploads\/2019\/04\/Rocca-Pietore-colpita-dal-maltempo-foto-di-Roberto-Bristot-lab.-Inquadrati-300x169.jpg\" alt=\"\" width=\"225\" height=\"127\" srcset=\"https:\/\/www.radiopiu.net\/wordpress\/wp-content\/uploads\/2019\/04\/Rocca-Pietore-colpita-dal-maltempo-foto-di-Roberto-Bristot-lab.-Inquadrati-300x169.jpg 300w, https:\/\/www.radiopiu.net\/wordpress\/wp-content\/uploads\/2019\/04\/Rocca-Pietore-colpita-dal-maltempo-foto-di-Roberto-Bristot-lab.-Inquadrati-768x432.jpg 768w, https:\/\/www.radiopiu.net\/wordpress\/wp-content\/uploads\/2019\/04\/Rocca-Pietore-colpita-dal-maltempo-foto-di-Roberto-Bristot-lab.-Inquadrati-1024x576.jpg 1024w, https:\/\/www.radiopiu.net\/wordpress\/wp-content\/uploads\/2019\/04\/Rocca-Pietore-colpita-dal-maltempo-foto-di-Roberto-Bristot-lab.-Inquadrati.jpg 1600w\" sizes=\"auto, (max-width: 225px) 100vw, 225px\" \/><\/a>ROCCA PIETORE<\/strong> E&#8217; in programma per martedi 29 ottobre il ricordo il vaia, esattamente un anno dopo l&#8217;uragano che ha sconvolto il territorio. Questo il programma: 16 messa celebrata dal vescovo Renato Marangoni, 17 inizio degli interventi e alle 19 aperitivo e momento conviviale.<\/p>\n<p>Interverranno: il sindaco Andrea De Bernardin, l&#8217;assessore regionale all&#8217;ambiente e Protezione Civile Gianpaolo Bottacin, il comandante dei vigili del fuoco Fabio Dattilo, il capo dipartimento della Protezione Civile Angelo Borrelli. Chiuder\u00e0 gli interventi Nicola Dall&#8217;Acqua direttore per l&#8217;emergenza della Regione del Veneto.<\/p>\n<p>&nbsp;<\/p>\n<p>&nbsp;<\/p>\n<p>&nbsp;<\/p>\n<p>&nbsp;<\/p>\n<p>&nbsp;<\/p>\n<h3><a class=\"dt-pswp-item\" href=\"http:\/\/www.radiopiu.net\/wordpress\/wp-content\/uploads\/2019\/10\/Linuxday06.png\" data-dt-img-description=\"\" data-large_image_width=\"390\" data-large_image_height=\"561\"><img loading=\"lazy\" decoding=\"async\" class=\"alignleft wp-image-103922\" src=\"http:\/\/www.radiopiu.net\/wordpress\/wp-content\/uploads\/2019\/10\/Linuxday06-209x300.png\" alt=\"\" width=\"141\" height=\"202\" srcset=\"https:\/\/www.radiopiu.net\/wordpress\/wp-content\/uploads\/2019\/10\/Linuxday06-209x300.png 209w, https:\/\/www.radiopiu.net\/wordpress\/wp-content\/uploads\/2019\/10\/Linuxday06.png 390w\" sizes=\"auto, (max-width: 141px) 100vw, 141px\" \/><\/a><\/h3>\n<h3><\/h3>\n<h3><\/h3>\n<h3><\/h3>\n<h3>OGGI IL LINUX DAY AL NEGRELLI FORCELLINI DI FELTRE CON &#8220;LUGANEGA&#8221;<\/h3>\n<p><strong>FELTRE<\/strong> Il Linus day \u00e8 in programma per oggi dalle 15. Relatori Sebastiano Tronto (L&#8217;importanza di Sw open nella ricerca); Fabrizio Soppelsa (Big data), Lorenzo De Luca\u00a0 (progetti open Hw), Enrico Testori (privacy con Linux), Daniele Corte (raspberry linux e Iot il trio vincente). Previsti laboratori di informatica, hardware open, mini coderdojo ed esperienze di robotica educativa. Ai microfoni di RADIO PIU il presidente dell&#8217;associazione &#8220;Luganega&#8221; Daniele Corte per la presentazione dell&#8217;evento e delll&#8217;associazione.<\/p>\n<audio class=\"wp-audio-shortcode\" id=\"audio-103835-3\" preload=\"none\" style=\"width: 100%;\" controls=\"controls\"><source type=\"audio\/mpeg\" src=\"http:\/\/www.radiopiu.net\/wordpress\/wp-content\/uploads\/2019\/10\/luganega.mp3?_=3\" \/><a href=\"http:\/\/www.radiopiu.net\/wordpress\/wp-content\/uploads\/2019\/10\/luganega.mp3\">http:\/\/www.radiopiu.net\/wordpress\/wp-content\/uploads\/2019\/10\/luganega.mp3<\/a><\/audio>\n<p>&nbsp;<\/p>\n<p>&nbsp;<\/p>\n<p>&nbsp;<\/p>\n<p>&nbsp;<\/p>\n<h3><a class=\"dt-pswp-item\" href=\"http:\/\/www.radiopiu.net\/wordpress\/wp-content\/uploads\/2019\/10\/74167145_10218206119018747_1464903032725569536_n.jpg\" data-dt-img-description=\"\" data-large_image_width=\"804\" data-large_image_height=\"960\"><img loading=\"lazy\" decoding=\"async\" class=\"alignleft wp-image-103836\" src=\"http:\/\/www.radiopiu.net\/wordpress\/wp-content\/uploads\/2019\/10\/74167145_10218206119018747_1464903032725569536_n-251x300.jpg\" alt=\"\" width=\"149\" height=\"178\" srcset=\"https:\/\/www.radiopiu.net\/wordpress\/wp-content\/uploads\/2019\/10\/74167145_10218206119018747_1464903032725569536_n-251x300.jpg 251w, https:\/\/www.radiopiu.net\/wordpress\/wp-content\/uploads\/2019\/10\/74167145_10218206119018747_1464903032725569536_n-768x917.jpg 768w, https:\/\/www.radiopiu.net\/wordpress\/wp-content\/uploads\/2019\/10\/74167145_10218206119018747_1464903032725569536_n.jpg 804w\" sizes=\"auto, (max-width: 149px) 100vw, 149px\" \/><\/a>UN LIBRO&#8230; PER LE SCUOLE<\/h3>\n<p><strong>FALCADE<\/strong> C&#8217;\u00e8 tempo fino a domani per IO LEGGO PERCHE&#8217;, L&#8217;invito ad acquistare presso la Cartolibreria De Biasio di Caviola un libro di narrativa per poi donarlo\u00a0 alle medie di Canale d&#8217;Agordo o Cencenighe. \u00c8 un&#8217;iniziativa nazionale cui per la prima volta partecipiano anche le scuole della Valle del Biois e ovviamente la popolazione.<\/p>\n<p>&nbsp;<\/p>\n<p>&nbsp;<\/p>\n<p>&nbsp;<\/p>\n<p>&nbsp;<\/p>\n<p>&nbsp;<\/p>\n<p>&nbsp;<\/p>\n<p>&nbsp;<\/p>\n<p>&nbsp;<\/p>\n<h3>IL LAGO, NEI RICORDI DI MIO PADRE<\/h3>\n<p><strong>FALCADE<\/strong> Che bella storia \u00e8 stata raccontata in questi giorni sulla pagina facebook &#8220;Tes da la Val del Biois&#8221;. A dare lo spunto Riccardo Fregni, figlio di Lionello gi\u00e0 medico del paese. Riccardo si \u00e8 infatti rivolto alla comunit\u00e0 falcadina per chiedere informazioni circa un laghetto presente in Valle del Biois ad inizio secolo che scomparve, secondo il racconto, nell&#8217;arco di una sola notte.<\/p>\n<p><strong><a class=\"dt-pswp-item\" href=\"http:\/\/www.radiopiu.net\/wordpress\/wp-content\/uploads\/2019\/10\/15073533_10155477109747738_63400472154786371_n.jpg\" data-dt-img-description=\"\" data-large_image_width=\"710\" data-large_image_height=\"710\"><img loading=\"lazy\" decoding=\"async\" class=\"alignleft wp-image-103837\" src=\"http:\/\/www.radiopiu.net\/wordpress\/wp-content\/uploads\/2019\/10\/15073533_10155477109747738_63400472154786371_n-300x300.jpg\" alt=\"\" width=\"123\" height=\"123\" srcset=\"https:\/\/www.radiopiu.net\/wordpress\/wp-content\/uploads\/2019\/10\/15073533_10155477109747738_63400472154786371_n-300x300.jpg 300w, https:\/\/www.radiopiu.net\/wordpress\/wp-content\/uploads\/2019\/10\/15073533_10155477109747738_63400472154786371_n-150x150.jpg 150w, https:\/\/www.radiopiu.net\/wordpress\/wp-content\/uploads\/2019\/10\/15073533_10155477109747738_63400472154786371_n.jpg 710w\" sizes=\"auto, (max-width: 123px) 100vw, 123px\" \/><\/a>Cos\u00ec Riccardo:<\/strong><em> &#8220;Mio padre, qualche sera fa, mi ha raccontato una storia che ha dell&#8217;incredibile, cos\u00ec oltre a condividerla con voi vi chiedo se ne sapete qualcosa. Dei suoi pazienti, i primi anni che prese servizio a Falcade, gli raccontarono che nell&#8217;attuale via Venezia c&#8217;era un laghetto a inizio secolo, ma che un giorno all&#8217;improvviso questo scomparve in una notte. Mi confid\u00f2 che quella zona nel sottosuolo vi erano degli strati di gesso ed \u00e8 per questo che il laghetto soprastante fu risucchiato dalla falda sotterranea che and\u00f2 a implementare il rio dietro il macellaio&#8221;.\u00a0<\/em>La curiosit\u00e0 \u00e8 stata presto ripagata grazie ad alcune risposte arrivate direttamente dalle memorie storiche della valle, ne riproponiamo le pi\u00f9 interessanti.<\/p>\n<p><strong>Kevin Zanvettor<\/strong>\u00a0<em> &#8220;<span dir=\"ltr\"><span class=\"_3l3x\">Mia nonna mi ha detto che quando era ragazza (anni cinquanta) in quella localit\u00e0 c\u2019era un grosso e profondo buco con dell\u2019acqua sul fondo, ma essendo pericoloso negli anni seguenti venne coperto&#8221;.<\/span><\/span><\/em><\/p>\n<p><strong><a class=\"dt-pswp-item\" href=\"http:\/\/www.radiopiu.net\/wordpress\/wp-content\/uploads\/2019\/10\/39628819_2135228663217162_5535842596888248320_n.jpg\" data-dt-img-description=\"\" data-large_image_width=\"720\" data-large_image_height=\"960\"><img loading=\"lazy\" decoding=\"async\" class=\"alignleft wp-image-103839\" src=\"http:\/\/www.radiopiu.net\/wordpress\/wp-content\/uploads\/2019\/10\/39628819_2135228663217162_5535842596888248320_n-225x300.jpg\" alt=\"\" width=\"143\" height=\"191\" srcset=\"https:\/\/www.radiopiu.net\/wordpress\/wp-content\/uploads\/2019\/10\/39628819_2135228663217162_5535842596888248320_n-225x300.jpg 225w, https:\/\/www.radiopiu.net\/wordpress\/wp-content\/uploads\/2019\/10\/39628819_2135228663217162_5535842596888248320_n.jpg 720w\" sizes=\"auto, (max-width: 143px) 100vw, 143px\" \/><\/a>Paolo Calzavara<\/strong> &#8220;<em>Ho dei ricordi di mio nonno un po&#8217; confusi detti anni fa che mi parlava di una crepa sotterranea che partiva forse da\u00a0 Vallada e che probabilmente arrivava fino a Cortina. Per il gesso,\u00a0 mia nonna\u00a0 raccontava che\u00a0 il marito aveva un po&#8217; di gobba perch\u00e9 da bimbo e proprio perch\u00e9 piccolo andava a cavare gessi nelle cave a Vallada col cugino&#8221;.<\/em><\/p>\n<p><strong>Romano Valt <\/strong>\u00a0<em><span dir=\"ltr\"><span class=\"_3l3x _1n4g\">&#8220;Sul colle tra Valt e Canes in una profonda dolina si era formato un lago, che purtroppo con l&#8217;acqua di scolo innescava un movimento franoso. Durante il fascismo la forestale fece tagliare <strong><a class=\"dt-pswp-item\" href=\"http:\/\/www.radiopiu.net\/wordpress\/wp-content\/uploads\/2019\/10\/22297_486012711430219_2073956244_n.jpg\" data-dt-img-description=\"\" data-large_image_width=\"960\" data-large_image_height=\"640\"><img loading=\"lazy\" decoding=\"async\" class=\" wp-image-103840 alignright\" src=\"http:\/\/www.radiopiu.net\/wordpress\/wp-content\/uploads\/2019\/10\/22297_486012711430219_2073956244_n-300x200.jpg\" alt=\"\" width=\"216\" height=\"144\" srcset=\"https:\/\/www.radiopiu.net\/wordpress\/wp-content\/uploads\/2019\/10\/22297_486012711430219_2073956244_n-300x200.jpg 300w, https:\/\/www.radiopiu.net\/wordpress\/wp-content\/uploads\/2019\/10\/22297_486012711430219_2073956244_n-768x512.jpg 768w, https:\/\/www.radiopiu.net\/wordpress\/wp-content\/uploads\/2019\/10\/22297_486012711430219_2073956244_n.jpg 960w\" sizes=\"auto, (max-width: 216px) 100vw, 216px\" \/><\/a><\/strong>l&#8217;argine e prosciug\u00f2 il laghetto. Ancora sopra le case di Canes c&#8217;era un lahetto meglio una pozzanghera che spar\u00ec a seguito dell&#8217;alluvione del &#8217;66. Dietro la macelleria c&#8217;\u00e8 sempre stato un ruscello che alimentava l&#8217;allora segheria. Poi un giorno nella zona di Pal\u00f9 (Brostolade) scatur\u00ec una sorgente abbastanza abbondante che alimentava un rivo che scendeva appunto verso la macelleria, venne poi intubato perch\u00e9 non arrecasse danni. Che esista la<\/span><\/span><span dir=\"ltr\"><span class=\"_3l3x _1n4g\"> crepa sotterranea \u00e8 vero. E&#8217; nota come faglia della Valsugana. Parte appunto in Valsugana e va su verso il Cadore. Incrocia l&#8217;Agordino ad Agordo. Una cava di gesso c&#8217;era a Marmolada e ha fruttato parecchio materiale \u00e8 stata sfruttata per una trentina d&#8217;anni a partire dalla fine degli anni 50. La cava di Vallada non ha fruttato che poca cosa. Il gesso veniva trasportato con autotreni nel cementificio di Pederobba&#8221;<\/span><\/span><\/em><\/p>\n<p><strong><a class=\"dt-pswp-item\" href=\"http:\/\/www.radiopiu.net\/wordpress\/wp-content\/uploads\/2019\/10\/1010031_198640846959139_1450651482_n.jpg\" data-dt-img-description=\"\" data-large_image_width=\"960\" data-large_image_height=\"720\"><img loading=\"lazy\" decoding=\"async\" class=\"wp-image-103841 alignright\" src=\"http:\/\/www.radiopiu.net\/wordpress\/wp-content\/uploads\/2019\/10\/1010031_198640846959139_1450651482_n-300x225.jpg\" alt=\"\" width=\"197\" height=\"148\" srcset=\"https:\/\/www.radiopiu.net\/wordpress\/wp-content\/uploads\/2019\/10\/1010031_198640846959139_1450651482_n-300x225.jpg 300w, https:\/\/www.radiopiu.net\/wordpress\/wp-content\/uploads\/2019\/10\/1010031_198640846959139_1450651482_n-768x576.jpg 768w, https:\/\/www.radiopiu.net\/wordpress\/wp-content\/uploads\/2019\/10\/1010031_198640846959139_1450651482_n.jpg 960w\" sizes=\"auto, (max-width: 197px) 100vw, 197px\" \/><\/a>Giuliana Tissi <\/strong><em>&#8220;Penso che il gesso di Vallada venisse lavorato anche a Cencenighe alla &#8220;Bellrock&#8221;\u00a0 la\u00a0 fabbrica di gesso dove ci lavorava mio pap\u00e0 e mio suocero chiusa a\u00a0 fine anni 60 dove oggi c&#8217;\u00e8 Luxottica, a casa dei miei genitori ci sono ancora dei rosoni in gesso fatti in quella fabbrica&#8221;.<\/em><\/p>\n<blockquote><p>Una bella storia come si diceva tra l&#8217;altro supportata con documentazione storica come ricorda <strong>Daniele Scola<\/strong>, esisterebbe infatti un libro-documento Gavon del geologo professor Vittorio Fenti con tutte le risposte ai quesiti. Da questo libro si evince che l&#8217;acqua che prima attraversava Pal\u00f9 sia stata in seguito intubata a ovest di Valt e convogliata verso il torrente Gavon.<\/p><\/blockquote>\n<p><em> <a class=\"_6qw4\" href=\"https:\/\/www.facebook.com\/adriano.serafini\" data-hovercard=\"\/ajax\/hovercard\/user.php?id=1735981636&amp;extragetparams={&quot;directed_target_id&quot;: &quot;696601703717574&quot;}\">Adriano Serafini<\/a>\u00a0<span dir=\"ltr\"><span class=\"_3l3x _1n4g\">Cenni storici:<br \/>\nNella Val del Biois si trovano testimonianze di eventi disastrosi che risalgono all&#8217; XI. Secolo.<br \/>\nLa tradizione ricorda la frana del torrente Gavon del 7 dicembre 1011 (la data appartiene alla tradizione orale ancora molto viva). Questo torrente scorre nei meandri di un enorme smottamento che ha modificato sostanzialmente la morfologia del luogo. Ancor oggi sono ben visibili lungo il suo letto e alle testate lungo il torrente Biois sedimenti di materia alluvionale di riporto: frammenti di rocce portate dal bacino superiore tra Col Becher e Piz Forca, ceppi di fusti di grossi alberi che la frana schiant\u00f2 e sommerse. Nel &#8220;Celentone&#8221;, bollettino parrocchiale di Canale d&#8217;Agordo, numero 3 del marzo 1922, leggiamo: La sera del 7 dicembre 1011 alcuni boscaioli di Meneghina (Sappade) i quali attendevano al taglio di piante e di legna, lass\u00f9 sulla alta riviera, furono avvertiti da qualcuno che la grande massa di terreno aveva sub\u00ecto dei movimenti e mostrava delle crepature. V&#8217;era serio pericolo che il terreno franasse. Alcuni di essi fuggirono a casa; altri invece, che non credevano al probabile disastro, rimasero a dormire nelle capanne di legno dove erano soliti passare tante volte la notte.<br \/>\nMa nel mattino seguente, molto prima che spuntasse il giorno, si sent\u00ec un sinistro e lungo boato. La massa enorme del terreno, corroso e impregnato d&#8217;acqua, si mise in movimento e lentamente scivol\u00f2 gi\u00f9 dalla montagna, riemp\u00ec la valle profonda ed ebbe tale violenza da giungere fino al corso del Biois e da estendersi fino a Caviola e Pi\u00e9 di Falcade.<br \/>\nLa immensa frana travolse ogni cosa e molto probabilmente qualche casa posta nel piano tra i due paesi suindicati. Questo piano che era prima una bellissima prateria, divent\u00f2 poi una colmatura brutta e sterile che tolse la visuale tra Caviola e Falcade.<br \/>\nIl corso del Biois rest\u00f2 per un po&#8217; di tempo ostruito e nelle vicinanze di Pi\u00e9 di Falcade si form\u00f2 un lago, il quale scomparve in seguito, man mano che il Biois corrodeva la barriera prodotta dalla frana.<br \/>\nIl torrentello, che discendeva dal territorio franato delle Marmolade, scorse per qualche secolo senza letto fisso a destra, verso Brustolade e da ultimo ai piedi del colle di Pergoi e Darecoi.<br \/>\nDal 1600 in poi, quel piccolo torrente. (terribile e spaventoso nei periodi di pioggia e di alluvione) ritorn\u00f2 e corse stabilmente nel suo letto antico.<br \/>\nIl torrente and\u00f2 scavandosi sempre pi\u00f9 basso il suo alveo finch\u00e9 giunse a toccare il suolo che percorreva prima del franamento. Oggi, a conferma del fatto, si possono vedere dei vecchi e fradici tronchi d&#8217;albero , sporgenti dalle due rive opposte del Gaon. Quei tronchi sono i resti della selva travolta dalla grande frana\u2026<\/p>\n<p>(Fonte: Maria Del Din Dall&#8217;Armi nel libro &#8220;Dissesti idrogeologici ed eventi calamitosi nell&#8217;Agordino dal 1000 al 1966&#8221; del Circolo Culturale Agordino)<\/span><\/span><\/em><\/p>\n<p>&nbsp;<\/p>\n<h3><\/h3>\n<p>&nbsp;<\/p>\n<h3>VINCOLI COMELICO \u2013 BERTON: \u00abBATTAGLIA DIVENTI NAZIONALE. TUTTI DEVONO CONOSCERE IL SOPRUSO CHE STIAMO VIVENDO<\/h3>\n<blockquote><p><em>\u00abLa proposta della Soprintendenza di ulteriori vincoli al territorio comeliano \u00e8 irricevibile, fuori dalla realt\u00e0. Mi auguro che il Governo \u2013 ormai in carica da quasi due mesi e nella sua piena operativit\u00e0 \u2013 intervenga con decisione. Il tempo delle rassicurazioni \u00e8 finito. Una Soprintendenza non pu\u00f2 bloccare lo sviluppo di un territorio, peraltro gi\u00e0 vincolatissimo\u00bb.<\/em><\/p><\/blockquote>\n<p><strong><a class=\"dt-pswp-item\" href=\"http:\/\/www.radiopiu.net\/wordpress\/wp-content\/uploads\/2019\/09\/Lorraine_Berton.jpg\" data-dt-img-description=\"\" data-large_image_width=\"767\" data-large_image_height=\"768\"><img loading=\"lazy\" decoding=\"async\" class=\"alignleft wp-image-99105\" src=\"http:\/\/www.radiopiu.net\/wordpress\/wp-content\/uploads\/2019\/09\/Lorraine_Berton-300x300.jpg\" alt=\"\" width=\"187\" height=\"187\" srcset=\"https:\/\/www.radiopiu.net\/wordpress\/wp-content\/uploads\/2019\/09\/Lorraine_Berton-300x300.jpg 300w, https:\/\/www.radiopiu.net\/wordpress\/wp-content\/uploads\/2019\/09\/Lorraine_Berton-150x150.jpg 150w, https:\/\/www.radiopiu.net\/wordpress\/wp-content\/uploads\/2019\/09\/Lorraine_Berton.jpg 767w\" sizes=\"auto, (max-width: 187px) 100vw, 187px\" \/><\/a>BELLUNO<\/strong>\u00a0<em>\u00abDobbiamo fare in modo che la battaglia per il Comelico assuma un peso politico e istituzionale nazionale. Quello che sta succedendo \u00e8 un sopruso nei confronti di popolazioni che cercano soltanto di rimanere sul loro territorio. L&#8217;Esecutivo, che ora \u00e8 pienamente operativo, intervenga\u00bb. <\/em>\u00c8 preoccupata la presidente di Confindustria Belluno Dolomiti Lorraine Berton dopo che la Soprintendenza ha confermato l&#8217;intenzione di andare avanti sui vincoli per i sei comuni di Auronzo e Comelico. \u00abRibadisco: quella per il Comelico \u00e8 la battaglia di tutte le battaglie per il suo significato profondo, di gente che chiede soltanto di rimanere e avere delle opportunit\u00e0\u00bb. <em>\u00ab\u00c8 mortificante per\u00f2 vedere come gli appelli del territorio, dei comuni, delle categorie, la stessa grande manifestazione di giugno, non siano state prese minimamente in considerazione dalla burocrazia e dai palazzi del potere. \u00c8 un atteggiamento che di democratico ha poco, pochissimo\u00bb, sottolinea Berton. \u00abAnzi, \u00e8 l&#8217;ennesima conferma di quanto sia pericolosamente distorta la visione delle Terre Alte di chi vive altrove\u00bb.<\/em><\/p>\n<p>&nbsp;<\/p>\n<p>&nbsp;<\/p>\n<p>&nbsp;<\/p>\n<p>&nbsp;<\/p>\n<p>&nbsp;<\/p>\n<h3>A LONGARONE LA 42. EDIZIONE DI ARREDAMONT<\/h3>\n<blockquote><p><em>Aperta dalle 10 alle 19, tranne il 28 \u2013 29 \u2013 30 \u2013 31 ottobre che la vede aperta dalle 14 alle 19.00, giornate in cui \u00e8 consentito l\u2019ingresso gratuito per gli ultrasessantacinquenni.<\/em><\/p><\/blockquote>\n<p><a class=\"dt-pswp-item\" href=\"http:\/\/www.radiopiu.net\/wordpress\/wp-content\/uploads\/2019\/10\/arredamont-02.jpg\" data-dt-img-description=\"\" data-large_image_width=\"2200\" data-large_image_height=\"1467\"><img loading=\"lazy\" decoding=\"async\" class=\"alignleft wp-image-103842\" src=\"http:\/\/www.radiopiu.net\/wordpress\/wp-content\/uploads\/2019\/10\/arredamont-02-300x200.jpg\" alt=\"\" width=\"264\" height=\"176\" srcset=\"https:\/\/www.radiopiu.net\/wordpress\/wp-content\/uploads\/2019\/10\/arredamont-02-300x200.jpg 300w, https:\/\/www.radiopiu.net\/wordpress\/wp-content\/uploads\/2019\/10\/arredamont-02-768x512.jpg 768w, https:\/\/www.radiopiu.net\/wordpress\/wp-content\/uploads\/2019\/10\/arredamont-02-1024x683.jpg 1024w\" sizes=\"auto, (max-width: 264px) 100vw, 264px\" \/><\/a><strong>LONGARONE<\/strong>\u00a0Sar\u00e0 inaugurata alle 11, nel Quartiere espositivo di Longarone Fiere, la 42^ edizione di Arredamont, il Salone dell\u2019abitare e dell\u2019arredare in montagna che proseguir\u00e0 sino a domenica 3 novembre. Arredamont \u00e8 tradizionalmente la manifestazione fieristica nella quale \u00e8 la \u201cmateria prima legno\u201d ad essere protagonista assoluta. Lo si vede declinato in diverse filiere produttive: nei mobili soprattutto, \u00e8 logico; ma anche nell\u2019oggettistica, nei complementi d\u2019arredo, nei pavimenti, nelle boiserie. Il legno fa ambiente: nuovo o antico, di recupero o appena piallato, \u00e8 un materiale caldo che d\u00e0 grande soddisfazione. Girando tra gli stand espositivi, accanto ai tradizionali mobili e complementi d\u2019arredo, si potranno trovare anche oggetti particolari e spunti per caratterizzare le situazioni d\u2019arredo pi\u00f9 diverse. Inoltre saranno molte anche le iniziative e le dimostrazioni che animeranno le nove giornate di Arredamont, che vedranno gi\u00e0 da oggi i Mascherai alpini (Padiglione B) alternarsi nella realizzazione di due panche rustiche utilizzando come materiale il legno \u201cschiantato\u201d dalla Tempesta Vaia del 2018 e dove lo schienale verr\u00e0 intagliato in bassorilievo con scene carnevalesche alpine: ogni maschera carnevalesca sar\u00e0 tipica della zona di provenienza dell\u2019artista. Nel pomeriggio, alle\u00a0 15 il laboratorio di Dolomiti Handmade (Padiglione C) con la realizzazione di un \u201cCentrotavola con Velluto termomodellante\u201d.<\/p>\n<p><strong>IL PROGRAMMA<\/strong><\/p>\n<div class=\"su-document su-u-responsive-media-yes\"><iframe loading=\"lazy\" src=\"\/\/docs.google.com\/viewer?embedded=true&url=http:\/\/www.radiopiu.net\/wordpress\/wp-content\/uploads\/2019\/10\/PROGRAMMA-Cita-2019-1.doc\" width=\"320\" height=\"340\" class=\"su-document\" title=\"\"><\/iframe><\/div>\n<p>&nbsp;<\/p>\n<p>&nbsp;<\/p>\n<p>&nbsp;<\/p>\n<p>&nbsp;<\/p>\n<h3>POSTE CON I SINDACI DEI PICCOLI COMUNI LUNEDI A ROMA<\/h3>\n<p><a class=\"dt-pswp-item\" href=\"http:\/\/www.radiopiu.net\/wordpress\/wp-content\/uploads\/2018\/12\/argentera_ferrere-3.jpg\" data-dt-img-description=\"\" data-large_image_width=\"865\" data-large_image_height=\"330\"><img loading=\"lazy\" decoding=\"async\" class=\"alignleft wp-image-71005 size-full\" src=\"http:\/\/www.radiopiu.net\/wordpress\/wp-content\/uploads\/2018\/12\/argentera_ferrere-3.jpg\" alt=\"\" width=\"865\" height=\"330\" srcset=\"https:\/\/www.radiopiu.net\/wordpress\/wp-content\/uploads\/2018\/12\/argentera_ferrere-3.jpg 865w, https:\/\/www.radiopiu.net\/wordpress\/wp-content\/uploads\/2018\/12\/argentera_ferrere-3-300x114.jpg 300w, https:\/\/www.radiopiu.net\/wordpress\/wp-content\/uploads\/2018\/12\/argentera_ferrere-3-768x293.jpg 768w\" sizes=\"auto, (max-width: 865px) 100vw, 865px\" \/><\/a><\/p>\n<p>&nbsp;<\/p>\n<p>&nbsp;<\/p>\n<p>&nbsp;<\/p>\n<p>&nbsp;<\/p>\n<p>&nbsp;<\/p>\n<p>&nbsp;<\/p>\n<p>&nbsp;<\/p>\n<p>&nbsp;<\/p>\n<p>&nbsp;<\/p>\n<p>&nbsp;<\/p>\n<p>&nbsp;<\/p>\n<p>&nbsp;<\/p>\n<p>&nbsp;<\/p>\n<p>Luned\u00ec\u00a0 i sindaci dell\u2019Italia dei piccoli Comuni saranno a Roma invitati da Poste Italiane per &#8220;la Nuvola 2.0&#8221;, secondo atto del lavoro che Poste con Anci e Uncem ha iniziato meno di un anno fa. Il Patto tra Poste e i Comuni siglato il 26 novembre 2018, a Roma con 3.500 Sindaci presenti, sta dando nuove preziose risposte alla montagna, ai territori, alle comunit\u00e0. I Comuni e i cittadini hanno apprezzato i nuovi servizi che Poste diffondendo.<em> &#8220;Ho partecipato a inaugurazioni e presentazioni in diverse realt\u00e0 del Paese &#8211; spiega il Presidente Uncem, Marco Bussone &#8211; e ho constatato direttamente la positivit\u00e0 di quanto avviato. Direi di pi\u00f9: quel Postamat installato o quel wif.fi. negli uffici, piuttosto che i servizi di tesoreria e di Postino telematico, sono di fatto una presenza nuova dello Stato e delle Istituzioni, assieme ai big player che al business uniscono la voglia di essere parte attiva nello sviluppo locale&#8221;. Per questo lavoriamo a un nuovo &#8220;patto&#8221; tra Enti locali, imprese, terzo settore. La base \u00e8 la legge sui piccoli Comuni, la 158, che sta aprendo scenari nuovi. Si cresce solo con tutti gli attori impegnati a essere pi\u00f9 smart e pi\u00f9 green, nel dare servizi e nel plasmare comunit\u00e0 vive. Uncem ha proposto il modello di Poste per i piccoli Comuni a moltissime altre imprese in particolare dell&#8217;energia, delle telecomunicazioni&#8221;.\u00a0 <\/em>Ci sono alcuni fronti nuovi che Uncem proporr\u00e0: le proposte che Poste pu\u00f2 fare alle imprese e agli esercizi commerciali nei piccoli Comuni, anche al fine di contenere la desertificazione. Poste pu\u00f2 portare pos e altre soluzioni digitali per i pagamenti, a canoni calmierati e potrebbe avviare campagne specifiche nei Comuni coperti da nuovi servizi come il Postatmat. Anche sulla telefonia mobile, le offerte di Poste sono indicate per la PA e per i cittadini, possono ridurre costi e portare servizi.<\/p>\n<p>&nbsp;<\/p>\n<p>&nbsp;<\/p>\n<p>&nbsp;<\/p>\n<p>&nbsp;<\/p>\n<h3>LI CASTRI NELLA NUOVA GIUNTA, NUOVE DELEGHE<\/h3>\n<p><a class=\"dt-pswp-item\" href=\"http:\/\/www.radiopiu.net\/wordpress\/wp-content\/uploads\/2019\/10\/d26df7f2-945e-474a-ba2c-370f6a4583b7.jpg\" data-dt-img-description=\"\" data-large_image_width=\"1600\" data-large_image_height=\"1200\"><img loading=\"lazy\" decoding=\"async\" class=\"alignleft size-medium wp-image-103859\" src=\"http:\/\/www.radiopiu.net\/wordpress\/wp-content\/uploads\/2019\/10\/d26df7f2-945e-474a-ba2c-370f6a4583b7-300x225.jpg\" alt=\"\" width=\"300\" height=\"225\" srcset=\"https:\/\/www.radiopiu.net\/wordpress\/wp-content\/uploads\/2019\/10\/d26df7f2-945e-474a-ba2c-370f6a4583b7-300x225.jpg 300w, https:\/\/www.radiopiu.net\/wordpress\/wp-content\/uploads\/2019\/10\/d26df7f2-945e-474a-ba2c-370f6a4583b7-768x576.jpg 768w, https:\/\/www.radiopiu.net\/wordpress\/wp-content\/uploads\/2019\/10\/d26df7f2-945e-474a-ba2c-370f6a4583b7-1024x768.jpg 1024w, https:\/\/www.radiopiu.net\/wordpress\/wp-content\/uploads\/2019\/10\/d26df7f2-945e-474a-ba2c-370f6a4583b7.jpg 1600w\" sizes=\"auto, (max-width: 300px) 100vw, 300px\" \/><\/a><strong>FELTRE<\/strong> Giorgia Li Castri nuovo assessore della giunta Perenzin; subentra a Debora Nicoletto, che lascia l\u2019impegno per motivi di lavoro. La delega al Commercio e alle Attivit\u00e0 Produttive a Irma Visalli. Trentatr\u00e8 anni, laureata in Mass Media e Politica all\u2019Universit\u00e0 di Bologna, con una serie di master all\u2019attivo, Giorgia Li Castri \u00e8 il nuovo assessore della giunta Perenzin. Li Castri vanta anche un\u2019esperienza professionale specifica nel campo della mediazione culturale e in quello sociale; \u00e8 attualmente impegnata in questo ambito presso la Dumia s.c.s. di Feltre. A lei il sindaco di Feltre ha affidato le seguenti deleghe: Politiche Sociali, dell\u2019Inclusione e delle Pari Opportuniut\u00e0; Politiche della Famiglia; Politiche Giovanili. In concomitanza con la variazione nella composizione di giunta, il sindaco Poalo Perenzin ha provveduto anche alla riassegnazione delle altre deleghe in capo all\u2019assessore uscente Nicoeltto. A Irma Visalli, attuale assessore alla Pianificazione del Territorio e al Patrimonio, sar\u00e0 affidato anche il referato al Commercio e alle Attivit\u00e0 Produttive.<\/p>\n<p><strong>PAOLO PERENZIN<\/strong><\/p>\n<audio class=\"wp-audio-shortcode\" id=\"audio-103835-4\" preload=\"none\" style=\"width: 100%;\" controls=\"controls\"><source type=\"audio\/mpeg\" src=\"http:\/\/www.radiopiu.net\/wordpress\/wp-content\/uploads\/2019\/10\/PERENZIN-1.mp3?_=4\" \/><a href=\"http:\/\/www.radiopiu.net\/wordpress\/wp-content\/uploads\/2019\/10\/PERENZIN-1.mp3\">http:\/\/www.radiopiu.net\/wordpress\/wp-content\/uploads\/2019\/10\/PERENZIN-1.mp3<\/a><\/audio>\n<p><strong>GIORGIA LI CASTRI<\/strong><\/p>\n<audio class=\"wp-audio-shortcode\" id=\"audio-103835-5\" preload=\"none\" style=\"width: 100%;\" controls=\"controls\"><source type=\"audio\/mpeg\" src=\"http:\/\/www.radiopiu.net\/wordpress\/wp-content\/uploads\/2019\/10\/LI-CASTRI.mp3?_=5\" \/><a href=\"http:\/\/www.radiopiu.net\/wordpress\/wp-content\/uploads\/2019\/10\/LI-CASTRI.mp3\">http:\/\/www.radiopiu.net\/wordpress\/wp-content\/uploads\/2019\/10\/LI-CASTRI.mp3<\/a><\/audio>\n<p>&nbsp;<\/p>\n<p>&nbsp;<\/p>\n<p>&nbsp;<\/p>\n<p>&nbsp;<\/p>\n<h3><\/h3>\n<h3>COMPAGNI DI CAMMINO \u2013 LA FESTA LENTA DEI VIANDANTI\u201d<\/h3>\n<p><strong><a class=\"dt-pswp-item\" href=\"http:\/\/www.radiopiu.net\/wordpress\/wp-content\/uploads\/2019\/10\/7d60606a-5a53-4e74-b4b7-883333984fe7-1.jpg\" data-dt-img-description=\"\" data-large_image_width=\"1600\" data-large_image_height=\"1200\"><img loading=\"lazy\" decoding=\"async\" class=\"alignleft size-medium wp-image-103848\" src=\"http:\/\/www.radiopiu.net\/wordpress\/wp-content\/uploads\/2019\/10\/7d60606a-5a53-4e74-b4b7-883333984fe7-1-300x225.jpg\" alt=\"\" width=\"300\" height=\"225\" srcset=\"https:\/\/www.radiopiu.net\/wordpress\/wp-content\/uploads\/2019\/10\/7d60606a-5a53-4e74-b4b7-883333984fe7-1-300x225.jpg 300w, https:\/\/www.radiopiu.net\/wordpress\/wp-content\/uploads\/2019\/10\/7d60606a-5a53-4e74-b4b7-883333984fe7-1-768x576.jpg 768w, https:\/\/www.radiopiu.net\/wordpress\/wp-content\/uploads\/2019\/10\/7d60606a-5a53-4e74-b4b7-883333984fe7-1-1024x768.jpg 1024w, https:\/\/www.radiopiu.net\/wordpress\/wp-content\/uploads\/2019\/10\/7d60606a-5a53-4e74-b4b7-883333984fe7-1.jpg 1600w\" sizes=\"auto, (max-width: 300px) 100vw, 300px\" \/><\/a>FELTRE\u00a0<\/strong>Il cammino come atto civile, come gesto di ribellione, un modo per tornare all\u2019essenzialit\u00e0, per immergersi nella natura, nel selvatico, un momento per arrivare a consumare di meno e riflettere su come cambiare vita.<\/p>\n<p>Saranno questi alcuni dei temi al centro di \u201cCompagni di Cammino \u2013 La Festa lenta dei viandanti\u201d, il primo festival dedicato alla cultura del camminare che si svolger\u00e0 a Feltre (BL) dal 25 al 27 ottobre. Organizzato dalla Compagnia dei Cammini &#8211; associazione di turismo sostenibile che da anni promuove il cammino lento &#8211; in collaborazione con il Comune di Feltre, la manifestazione accoglier\u00e0 i camminanti di tutta Italia per una tre giorni dedicata al cammino, inteso non come trekking, gesto tecnico o sportivo, ma come possibilit\u00e0 di un&#8217;altra vita, un atto civile e di conoscenza.<\/p>\n<p><strong>DI DAMIANO TORMEN<\/strong><\/p>\n<audio class=\"wp-audio-shortcode\" id=\"audio-103835-6\" preload=\"none\" style=\"width: 100%;\" controls=\"controls\"><source type=\"audio\/mpeg\" src=\"http:\/\/www.radiopiu.net\/wordpress\/wp-content\/uploads\/2019\/10\/damiano-viandanti.mp3?_=6\" \/><a href=\"http:\/\/www.radiopiu.net\/wordpress\/wp-content\/uploads\/2019\/10\/damiano-viandanti.mp3\">http:\/\/www.radiopiu.net\/wordpress\/wp-content\/uploads\/2019\/10\/damiano-viandanti.mp3<\/a><\/audio>\n<p>&nbsp;<\/p>\n<p><strong>L&#8217;ASSESSORE VALTER BONAN<\/strong><\/p>\n<audio class=\"wp-audio-shortcode\" id=\"audio-103835-7\" preload=\"none\" style=\"width: 100%;\" controls=\"controls\"><source type=\"audio\/mpeg\" src=\"http:\/\/www.radiopiu.net\/wordpress\/wp-content\/uploads\/2019\/10\/BONAN.mp3?_=7\" \/><a href=\"http:\/\/www.radiopiu.net\/wordpress\/wp-content\/uploads\/2019\/10\/BONAN.mp3\">http:\/\/www.radiopiu.net\/wordpress\/wp-content\/uploads\/2019\/10\/BONAN.mp3<\/a><\/audio>\n<p>&nbsp;<\/p>\n<p><strong>LUCA GIANOTTI FESTIVAL DEI VIANDANTI<\/strong><\/p>\n<audio class=\"wp-audio-shortcode\" id=\"audio-103835-8\" preload=\"none\" style=\"width: 100%;\" controls=\"controls\"><source type=\"audio\/mpeg\" src=\"http:\/\/www.radiopiu.net\/wordpress\/wp-content\/uploads\/2019\/10\/GIANNOTTI.mp3?_=8\" \/><a href=\"http:\/\/www.radiopiu.net\/wordpress\/wp-content\/uploads\/2019\/10\/GIANNOTTI.mp3\">http:\/\/www.radiopiu.net\/wordpress\/wp-content\/uploads\/2019\/10\/GIANNOTTI.mp3<\/a><\/audio>\n<h3><\/h3>\n<h3><\/h3>\n<p>&nbsp;<\/p>\n<p>&nbsp;<\/p>\n<p><strong>LA GIORNATA DEL TREKKING CON IL PALIO<\/strong><\/p>\n<p><strong><a class=\"dt-pswp-item\" href=\"http:\/\/www.radiopiu.net\/wordpress\/wp-content\/uploads\/2019\/02\/51723335_356415815205077_634787881356886016_n.jpg\" data-dt-img-description=\"\" data-large_image_width=\"310\" data-large_image_height=\"206\"><img loading=\"lazy\" decoding=\"async\" class=\"alignleft wp-image-76192\" src=\"http:\/\/www.radiopiu.net\/wordpress\/wp-content\/uploads\/2019\/02\/51723335_356415815205077_634787881356886016_n-300x199.jpg\" alt=\"\" width=\"185\" height=\"123\" srcset=\"https:\/\/www.radiopiu.net\/wordpress\/wp-content\/uploads\/2019\/02\/51723335_356415815205077_634787881356886016_n-300x199.jpg 300w, https:\/\/www.radiopiu.net\/wordpress\/wp-content\/uploads\/2019\/02\/51723335_356415815205077_634787881356886016_n.jpg 310w\" sizes=\"auto, (max-width: 185px) 100vw, 185px\" \/><\/a>FELTRE<\/strong> La giornata mondiale del Trekking Urbano, organizzata dall\u2019assessorato alle Politiche per il Turismo del Comune di Siena dal 2002, vede dal 2015 anche la partecipazione del Comune di Feltre. Il tema di quest&#8217;anno, condiviso da 48 citt\u00e0, \u00e8 il &#8220;turismo lento&#8221;: un modo &#8220;per riuscire ad osservare quei piccoli dettagli che spesso sfuggono agli occhi dei visitatori, piccoli tesori nascosti e poco conosciuti. La partecipazione alla giornata \u00e8 gratuita ma \u00e8 necessaria la prenotazione all&#8217;indirizzo uff.cultura@comune.feltre.bl.it. Il ritrovo \u00e8 per domenica alle\u00a0 9 presso il sagrato del Duomo di Feltre. Alla giornata dedicata al trekking urbano, si sovrappone anche la giornata nazionale del folklore e delle tradizioni popolari, indetta per domenica, il Palio sar\u00e0 impegnato a Verona nella riunione organizzata dalla regione Veneto tra le manifestazioni di rievocazione storica presenti sul territorio regionale. <em>\u00a0\u201cL&#8217;invito, da parte del Comune, ha dichiarato il presidente Eugenio Tamburrino, di intervenire all&#8217;interno del Trekking Urbano organizzato dall&#8217;ufficio Cultura per poter illustrare il Palio e la Feltre rinascimentale \u00e8 stato molto gradito e si \u00e8 rivelata l&#8217;occasione perfetta per unire la celebrazione delle due giornate nazionali&#8221;.<\/em><\/p>\n<p>&nbsp;<\/p>\n<p>&nbsp;<\/p>\n<p>&nbsp;<\/p>\n<p>&nbsp;<\/p>\n<p>&nbsp;<\/p>\n<h3>LA GIUNTA COMUNALE E LE\u00a0 POLITICHE GIOVANILI<\/h3>\n<p><strong><a class=\"dt-pswp-item\" href=\"http:\/\/www.radiopiu.net\/wordpress\/wp-content\/uploads\/2016\/10\/scuola-media-agordo-3.jpg\" data-dt-img-description=\"\" data-large_image_width=\"640\" data-large_image_height=\"480\"><img loading=\"lazy\" decoding=\"async\" class=\"alignleft wp-image-24372\" src=\"http:\/\/www.radiopiu.net\/wordpress\/wp-content\/uploads\/2016\/10\/scuola-media-agordo-3-300x225.jpg\" alt=\"\" width=\"199\" height=\"149\" \/><\/a>AGORDO<\/strong> il &#8220;Piano di interventi in materia di politiche giovanili&#8221; \u00e8 stato elaborato dai Comitati dei Sindaci di distretto e si articola in progetti, di durata annuale.\u00a0Il Comune di Agordo ha aderito al Piano proponendo un progetto denominato \u201cProgetto Robotici\u201d, predisposto in collaborazione con l\u2019Azienda Speciale Consortile Agordina che si \u00e8 resa disponibile a gestire l\u2019organizzazione\u00a0 compresa l\u2019individuazione delle associazioni e delle istituzioni scolastiche da coinvolgere. La Giunta ha \u00a0approvato il progetto\u00a0 per un \u00a0costo\u00a0 di 1.500 euro di cui 1.000 euro coperti dal finanziamento regionale e\u00a0 500 dalla compartecipazione comunale delegando l\u2019Azienda Speciale Consortile Agordina all\u2019organizzazione e gestione del progetto. Il progetto &#8220;Robotici&#8221; persegue lo scopo di avvicinare i ragazzi delle scuole secondarie di primo grado al mondo dell&#8217;informatica, della programmazione, della robotica, sviluppando dei workshop individuali e di gruppo per far apprendere ai ragazzi procedure semplici e complesse dell&#8217;ambito tecnologico anche in vista di un percorso di studi ad hoc.Un obiettivo generale del progetto \u00e8 di proporre ai ragazzi attivit\u00e0 alternative che stimolino competenze, passioni, attivit\u00e0 nuove, limitando comportamenti devianti, disturbanti, incanalando le potenzialit\u00e0 inespresse in attivit\u00e0 creative. A gennaio ci sar\u00e0 la valutazione delle attivit\u00e0 che hanno preso il via a primavera.<\/p>\n<p>&nbsp;<\/p>\n<p>&nbsp;<\/p>\n<p>&nbsp;<\/p>\n<p>&nbsp;<\/p>\n<p>&nbsp;<\/p>\n<p class=\"western\"><b>UNESCO. NATO IL COORDINAMENTO DEI SITI DEL VENETO. ZAIA, \u201cFACCIAMO SQUADRA PER ANDARE ANCORA PIU\u2019 LONTANO\u201d<\/b><\/p>\n<p class=\"western\"><strong><a class=\"dt-pswp-item\" href=\"http:\/\/www.radiopiu.net\/wordpress\/wp-content\/uploads\/2015\/07\/600px-lo-sfalcio-fonte-pagina-facebook-dolomites-unesco-labfest-.jpg\" data-dt-img-description=\"\" data-large_image_width=\"600\" data-large_image_height=\"450\"><img loading=\"lazy\" decoding=\"async\" class=\"alignleft wp-image-7897\" src=\"http:\/\/www.radiopiu.net\/wordpress\/wp-content\/uploads\/2015\/07\/600px-lo-sfalcio-fonte-pagina-facebook-dolomites-unesco-labfest--300x225.jpg\" alt=\"\" width=\"167\" height=\"125\" \/><\/a>VENEZIA\u00a0<\/strong> Dopo le Colline del Prosecco di Conegliano e Valdobbiadene, la Regione rilancia la sua attivit\u00e0 sul fronte della valorizzazione degli attuali otto siti Unesco del Veneto e attiva un coordinamento tra tutti gli attori del settore per sostenere, valorizzare e promuovere con ancor pi\u00f9 intensit\u00e0 questi inestimabili patrimoni.\u00a0 A Venezia dove, a confrontarsi sulle future azioni collegate, su iniziativa della Regione sono stati convocati tutti gli attori del sistema, tra cui i responsabili degli otto siti:\u00a0 Orto Botanico di Padova, Citt\u00e0 di Verona, Venezia e la sua laguna, Colline del Prosecco, siti palafitticoli dell\u2019Arco Alpino, Dolomiti, Opere di Difesa Veneziane, Citt\u00e0 di Vicenza e Ville Palladiane. Tra gli argomenti affrontati, spicca l\u2019organizzazione strutturale di un vero \u201csistema\u201d per rispondere anche alle richieste di un turismo che cerca servizi, mobilit\u00e0 fruibile e qualit\u00e0 dell\u2019accoglienza. Primo passo: dare vita a una Rete tra i Siti Unesco del Veneto superando eventuali eccessi di localismo.<\/p>\n<h3><\/h3>\n<h3><\/h3>\n<p>&nbsp;<\/p>\n<p>&nbsp;<\/p>\n<p>&nbsp;<\/p>\n<h3>CAMBIAMENTI CLIMATICI, CONTRATTAZIONE AZIENDALE E INVESTIMENTI<\/h3>\n<p><strong><a class=\"dt-pswp-item\" href=\"http:\/\/www.radiopiu.net\/wordpress\/wp-content\/uploads\/2018\/04\/previsioni-meteo.jpg\" data-dt-img-description=\"\" data-large_image_width=\"500\" data-large_image_height=\"392\"><img loading=\"lazy\" decoding=\"async\" class=\"alignleft wp-image-46370\" src=\"http:\/\/www.radiopiu.net\/wordpress\/wp-content\/uploads\/2018\/04\/previsioni-meteo-300x235.jpg\" alt=\"\" width=\"257\" height=\"201\" srcset=\"https:\/\/www.radiopiu.net\/wordpress\/wp-content\/uploads\/2018\/04\/previsioni-meteo-300x235.jpg 300w, https:\/\/www.radiopiu.net\/wordpress\/wp-content\/uploads\/2018\/04\/previsioni-meteo.jpg 500w\" sizes=\"auto, (max-width: 257px) 100vw, 257px\" \/><\/a>BELLUNO<\/strong> Come si concilia la sostenibilit\u00e0 ambientale con la contrattazione aziendale? Cosa hanno a che fare le scelte di investimento finanziario con i cambiamenti climatici? Ad un anno da Vaia, la tempesta che ha messo in ginocchio parte del territorio bellunese, e nel pieno della discussione mondiale sui mutamenti del clima del Pianeta, la Femca Cisl Belluno Treviso organizza una giornata di riflessione e approfondimento per il gruppo dirigente e i rappresentanti sindacali aziendali sui temi portati nelle piazze di tutto il mondo dal movimento \u201cFridays for Future\u201d. Il direttivo allargato alle Rsu si riunir\u00e0 luned\u00ec\u00a0 alle 9.30 sul Pian del Cansiglio, all\u2019interno dell\u2019Hangar Cansiglio, ex base Nato ristrutturata in chiave ecologica e messa a disposizione della comunit\u00e0 da Veneto Agricoltura grazie a un finanziamento regionale. Sar\u00e0 il presidente della Societ\u00e0 meteorologica italiana, climatologo e giornalista Luca Mercalli ad avviare la riflessione sui cambiamenti climatici. \u00a0Carlo Anelli, responsabile del Dipartimento Politiche Industriali della Cisl nazionale, si addentrer\u00e0 in un terreno ancora poco esplorato in Italia, ossia l\u2019intreccio fra contrattazione aziendale e sviluppo sostenibile. \u00a0Paolo Stefan, direttore del Fondo Pensione Solidariet\u00e0 Veneto, spiegher\u00e0 come e quanto anche le scelte di investimento possano incidere sull\u2019ambiente attraverso la forza contrattuale dei fondi pensione.<\/p>\n<p>&nbsp;<\/p>\n<p>&nbsp;<\/p>\n<p>&nbsp;<\/p>\n<p>&nbsp;<\/p>\n<h3>LE INTERROGAZIONI DEL DEPUTATO LUCA\u00a0 DE CARLO, DUE SU TRE, UNA BOCCIATA<\/h3>\n<p><strong><a class=\"dt-pswp-item\" href=\"http:\/\/www.radiopiu.net\/wordpress\/wp-content\/uploads\/2019\/10\/DSC_9206.jpg\" data-dt-img-description=\"\" data-large_image_width=\"1200\" data-large_image_height=\"800\"><img loading=\"lazy\" decoding=\"async\" class=\"alignleft wp-image-103855\" src=\"http:\/\/www.radiopiu.net\/wordpress\/wp-content\/uploads\/2019\/10\/DSC_9206-300x200.jpg\" alt=\"\" width=\"251\" height=\"167\" srcset=\"https:\/\/www.radiopiu.net\/wordpress\/wp-content\/uploads\/2019\/10\/DSC_9206-300x200.jpg 300w, https:\/\/www.radiopiu.net\/wordpress\/wp-content\/uploads\/2019\/10\/DSC_9206-768x512.jpg 768w, https:\/\/www.radiopiu.net\/wordpress\/wp-content\/uploads\/2019\/10\/DSC_9206-1024x683.jpg 1024w, https:\/\/www.radiopiu.net\/wordpress\/wp-content\/uploads\/2019\/10\/DSC_9206.jpg 1200w\" sizes=\"auto, (max-width: 251px) 100vw, 251px\" \/><\/a>ROMA<\/strong> <em>\u00a0De Carlo: \u201cEducazione ambientale nelle scuole, <\/em><em>microcompattatori nelle citt\u00e0 e vuoto a rendere\u201d. <\/em>Continua l&#8217;impegno di Fratelli d&#8217;Italia a sostegno dell&#8217;ambiente: due gli ordini del giorno promossi dal deputato cadorino Luca De Carlo in tema di politiche ambientali e approvati dalla Camera.\u00a0 Il primo riguarda l\u2019introduzione dell&#8217;insegnamento dell\u2019educazione ambientale come disciplina curriculare nei programmi didattici delle scuole primarie e secondarie di primo grado. L&#8217;altro ordine del giorno approvato riguarda invece soluzioni alternative alla classica raccolta differenziata impegnando il Governo a favorire l\u2019installazione nelle citt\u00e0 di minicompattatori che restituiscano al consumatore il valore economico della bottiglietta di plastica e a promuovere la tecnica del vuoto a rendere delle bottigliette di plastica, per consentire alle aziende produttrice di riutilizzarle dando la possibilit\u00e0 ai cittadini di avere un \u201cbonus\u201d in denaro per ogni bottiglietta riciclata e una soluzione alle aziende per ridurre i costi di produzione. <em>&#8220;Non \u00e8 con le tasse, ma con gli incentivi che si fa buona politica ambientale\u201d <\/em>dice Luca De Carlo. Nota dolente, soprattutto per il primo cittadino di Calalzo, paese del Lago del Centro Cadore, la bocciatura di un terzo ordine del giorno una proposta per\u00a0 responsabilizzare le societ\u00e0 concessionarie di grandi derivazioni idroelettriche.\u00a0 Oggi, il costo di smaltimento dei rifiuti ripescati nei bacini artificiali ricade sulla collettivit\u00e0, anzich\u00e9 sull&#8217;ente gestore<em> &#8220;Penso &#8211; conclude De Carlo &#8211; che sia giusto che chi trae reddito da questi invasi poi ne copra anche le spese di pulizia, ma evidentemente il Governo preferisce colpire indistintamente tutti i cittadini anzich\u00e9 le grandi aziende\u201d.<\/em><\/p>\n<p>&nbsp;<\/p>\n<p>&nbsp;<\/p>\n<p>&nbsp;<\/p>\n<p>&nbsp;<\/p>\n<h3>VAIA UN ANNO DOPO, CONVEGNO FELTRINO<\/h3>\n<p><strong>FELTRE<\/strong> La tavola rotonda su &#8220;Vaia, un anno dopo&#8221; \u00e8\u00a0 in programma mercoled\u00ec\u00a0 alle 18 nella sala convegni dell&#8217;ospedale di Feltre con la partecipazione di: Gianpaolo Bottacin, Assessore regionale alla Protezione Civile; Paolo Perenzin, Sindaco di Feltre; Girolamo Bentivoglio Fiandra, Comandante provinciale Vigili del Fuoco di Belluno; Giovanni Cipolotti, Direttore SUEM 118 Ulss Dolomiti.<\/p>\n<p>&nbsp;<\/p>\n<p>&nbsp;<\/p>\n<p>&nbsp;<\/p>\n<h3>WANBAO ACC DI MEL VENDE. ASSESSORE DONAZZAN: \u201cIL GRUPPO CINESE ONORI ALMENO L\u2019IMPEGNO DI CEDERE L\u2019AZIENDA A CHI SA VALORIZZARE QUESTE PRODUZIONI\u201d<\/h3>\n<p><strong>VENEZIA\u00a0<\/strong> \u201cHanno disatteso gli impegni che si erano assunti con le istituzioni locali, regionali e nazionali e con i lavoratori, ora facciano in modo di uscire da questa situazione operando concretamente per la cessione del sito di Mel a un nuovo soggetto industriale che sia davvero in grado di valorizzarne le effettive potenzialit\u00e0, salvaguardando gli attuali asset aziendali e le competenze professionali dei 300 dipendenti che qui lavorano\u201d. Questa la posizione assunta dall\u2019assessore al lavoro della Regione del Veneto, Elena Donazzan, in riferimento alla decisione definitiva della multinazionale cinese Wanbao, confermata ieri a Roma al MISE, di vendere il proprio stabilimento Acc di Mel, in provincia di Belluno. \u201cI compressori prodotti a Mel \u2013 conclude Donazzan \u2013 appartengono a quel comparto produttivo degli elettrodomestici che in Veneto annovera grandi aziende e risulta essere dinamico e vitale. Se non si vogliono compromettere i rapporti commerciali ed economici tra la nostra regione e quella di Guangzhou, con la quale abbiamo iniziato percorsi comuni e di reciproco interesse, \u00e8 imprescindibile che Wanbao garantisca tutta la collaborazione affinch\u00e9 lo stabilimento sia ceduto a un nuovo soggetto affidabile e in grado di mettere a frutto le opportunit\u00e0 che avevamo offerto alla propriet\u00e0 cinese, la quale, purtroppo, non le ha utilizzate<\/p>\n<p>&nbsp;<\/p>\n<p>&nbsp;<\/p>\n<p>&nbsp;<\/p>\n<h3><a class=\"dt-pswp-item\" href=\"http:\/\/www.radiopiu.net\/wordpress\/wp-content\/uploads\/2019\/10\/72760779_735572393610399_3951348600692277248_n.jpg\" data-dt-img-description=\"\" data-large_image_width=\"960\" data-large_image_height=\"673\"><img loading=\"lazy\" decoding=\"async\" class=\"alignleft size-medium wp-image-103851\" src=\"http:\/\/www.radiopiu.net\/wordpress\/wp-content\/uploads\/2019\/10\/72760779_735572393610399_3951348600692277248_n-300x210.jpg\" alt=\"\" width=\"300\" height=\"210\" srcset=\"https:\/\/www.radiopiu.net\/wordpress\/wp-content\/uploads\/2019\/10\/72760779_735572393610399_3951348600692277248_n-300x210.jpg 300w, https:\/\/www.radiopiu.net\/wordpress\/wp-content\/uploads\/2019\/10\/72760779_735572393610399_3951348600692277248_n-768x538.jpg 768w, https:\/\/www.radiopiu.net\/wordpress\/wp-content\/uploads\/2019\/10\/72760779_735572393610399_3951348600692277248_n.jpg 960w\" sizes=\"auto, (max-width: 300px) 100vw, 300px\" \/><\/a>ELLIN SELAE E&#8217; IN DISTRIBUZIONE RACCOLTA ILLUSTRATA DI PENSIERI, TRACCE, AROMONIE E DISARMONIE UMANE<\/h3>\n<p><strong>RIVAMONTE<\/strong> E&#8217; uscito in questi giorni il numero di Ellin Selae contenente un testo\u00a0 trasmesso nel corso dell&#8217;estate alla radio dove \u00e8 citata anche Radio Pi\u00f9. La presentazione del nuovo numero l&#8217;abbiamo affidata a Michela, direttamente dalla redazione di Rivamonte Agordino<\/p>\n<audio class=\"wp-audio-shortcode\" id=\"audio-103835-9\" preload=\"none\" style=\"width: 100%;\" controls=\"controls\"><source type=\"audio\/mpeg\" src=\"http:\/\/www.radiopiu.net\/wordpress\/wp-content\/uploads\/2019\/10\/testo-su-ELLIN-SELAE.mp3?_=9\" \/><a href=\"http:\/\/www.radiopiu.net\/wordpress\/wp-content\/uploads\/2019\/10\/testo-su-ELLIN-SELAE.mp3\">http:\/\/www.radiopiu.net\/wordpress\/wp-content\/uploads\/2019\/10\/testo-su-ELLIN-SELAE.mp3<\/a><\/audio>\n<p>&nbsp;<\/p>\n<p>&nbsp;<\/p>\n<p>&nbsp;<\/p>\n<p>&nbsp;<\/p>\n<p>&nbsp;<\/p>\n<h3>OGGI UNDICESIMA GIORNATA DEI VOLONTARI OSPEDALIERI di Renato Bona<\/h3>\n<p><a class=\"dt-pswp-item\" href=\"http:\/\/www.radiopiu.net\/wordpress\/wp-content\/uploads\/2019\/10\/75614257_1474388176032746_1019598658812772352_n.jpg\" data-dt-img-description=\"\" data-large_image_width=\"722\" data-large_image_height=\"235\"><img loading=\"lazy\" decoding=\"async\" class=\"alignleft size-medium wp-image-103885\" src=\"http:\/\/www.radiopiu.net\/wordpress\/wp-content\/uploads\/2019\/10\/75614257_1474388176032746_1019598658812772352_n-300x98.jpg\" alt=\"\" width=\"300\" height=\"98\" srcset=\"https:\/\/www.radiopiu.net\/wordpress\/wp-content\/uploads\/2019\/10\/75614257_1474388176032746_1019598658812772352_n-300x98.jpg 300w, https:\/\/www.radiopiu.net\/wordpress\/wp-content\/uploads\/2019\/10\/75614257_1474388176032746_1019598658812772352_n.jpg 722w\" sizes=\"auto, (max-width: 300px) 100vw, 300px\" \/><\/a>Oggi, sabato 26 ottobre, ricorre l\u2019undicesima edizione della \u201cGiornata nazionale Avo\u201d dove Avo sta per Associazione volontari ospedalieri. Diciamo subito, con una punta di orgoglio, che a Belluno il benemerito sodalizio \u00e8 attivo da 27 anni e proprio in questi giorni annuncia il ventinovesimo corso di formazione per volontari Avo in ospedale e in casa di riposo. In un pieghevole incuriosisce l\u2019immagine di un bicchiere d\u2019acqua che, secondo la dicitura che lo accompagna, \u201cha una storia da raccontare\u201d. Si spiega infatti che Associazione \u00e8 nata oltre 40 anni fa proprio da un bicchiere d\u2019acqua: un paziente solo e in difficolt\u00e0 trov\u00f2 qualcuno pronto ad aiutarlo. E si sottolinea che: \u201cSono proprio questi piccoli ma <a class=\"dt-pswp-item\" href=\"http:\/\/www.radiopiu.net\/wordpress\/wp-content\/uploads\/2019\/10\/74161350_1357632774403117_1174657002652041216_n.jpg\" data-dt-img-description=\"\" data-large_image_width=\"1024\" data-large_image_height=\"768\"><img loading=\"lazy\" decoding=\"async\" class=\"size-medium wp-image-103884 alignright\" src=\"http:\/\/www.radiopiu.net\/wordpress\/wp-content\/uploads\/2019\/10\/74161350_1357632774403117_1174657002652041216_n-300x225.jpg\" alt=\"\" width=\"300\" height=\"225\" srcset=\"https:\/\/www.radiopiu.net\/wordpress\/wp-content\/uploads\/2019\/10\/74161350_1357632774403117_1174657002652041216_n-300x225.jpg 300w, https:\/\/www.radiopiu.net\/wordpress\/wp-content\/uploads\/2019\/10\/74161350_1357632774403117_1174657002652041216_n-768x576.jpg 768w, https:\/\/www.radiopiu.net\/wordpress\/wp-content\/uploads\/2019\/10\/74161350_1357632774403117_1174657002652041216_n.jpg 1024w\" sizes=\"auto, (max-width: 300px) 100vw, 300px\" \/><\/a>preziosi gesti che con gli anni hanno fatto grande Federavo, la Federazione che raccoglie le Avo di tutta Italia e che oggi rappresenta una delle pi\u00f9 importanti e riconosciute realt\u00e0 nel settore del volontariato socio-sanitario. Viene quindi precisato che Avo \u00e8 presente oggi in tutte le pi\u00f9 importanti strutture ospedaliere e case di riposo, con 227 sedi e quasi 26 mila volontari che offrono il loro servizio \u2013 doveroso sottolinearlo \u2013 qualificato e gratuito. Avo nazionale festeggia dunque oggi 44 anni di attivit\u00e0 con l\u2019undicesima Giornata nazionale. Per quanto riguarda la realt\u00e0 bellunese, Avo \u00e8 stata costituita nel 1992 ed \u00e8 presente negli ospedali \u201cSan Martino\u201d del capoluogo e \u201cGiovanni Paolo II\u201d di Pieve di Cadore oltre che nella casa di riposo \u201cMaria Gaggia Lante\u201d di Belluno (nella foto). Oggi, i volontari saranno nella centralissima Piazza dei Martiri dalle 9 alle 12 per fornire ogni utile informazione agli interessati a conoscerne l\u2019attivit\u00e0 e ricordare con quello che \u00e8 lo slogan che annuncia il 29. Corso di formazione, che \u201cAnche tu puoi donare un sorriso\u201d seguendo il ciclo di lezioni del corso per aspiranti, impegnandosi nel tirocinio in ospedale o casa di riposo (affiancati da un volontario \u201ctutor\u201d),valutando la propria disponibilit\u00e0 a svolgere un servizio responsabile e costante e a frequentare le riunioni periodiche nello spirito <a class=\"dt-pswp-item\" href=\"http:\/\/www.radiopiu.net\/wordpress\/wp-content\/uploads\/2019\/10\/74396061_406243186736549_234028683445141504_n.jpg\" data-dt-img-description=\"\" data-large_image_width=\"485\" data-large_image_height=\"483\"><img loading=\"lazy\" decoding=\"async\" class=\"alignleft size-medium wp-image-103882\" src=\"http:\/\/www.radiopiu.net\/wordpress\/wp-content\/uploads\/2019\/10\/74396061_406243186736549_234028683445141504_n-300x300.jpg\" alt=\"\" width=\"300\" height=\"300\" srcset=\"https:\/\/www.radiopiu.net\/wordpress\/wp-content\/uploads\/2019\/10\/74396061_406243186736549_234028683445141504_n-300x300.jpg 300w, https:\/\/www.radiopiu.net\/wordpress\/wp-content\/uploads\/2019\/10\/74396061_406243186736549_234028683445141504_n-150x150.jpg 150w, https:\/\/www.radiopiu.net\/wordpress\/wp-content\/uploads\/2019\/10\/74396061_406243186736549_234028683445141504_n.jpg 485w\" sizes=\"auto, (max-width: 300px) 100vw, 300px\" \/><\/a>dell\u2019Associazione. Della quale ecco, in sintesi, alcuni dati presenti nel sito dell\u2019Avo veneto: Avo Belluno \u00e8 nata nel 1992 per volont\u00e0 di 6 soci fondatori. Dopo il primo corso di formazione, tenutosi nel marzo dello stesso anno, 32 aspiranti volontari, affiancati da volontari dell\u2019Avo di Cittadella, presero servizio nei 3 reparti di geriatria, medicina, infettivi. L\u2019anno seguente fu stipulata la convenzione con l\u2019Unit\u00e0 sanitaria. Grazie agli annuali corsi di base, l\u2019associazione \u00e8 gradualmente cresciuta, raggiungendo l\u2019attuale ottantina di volontari 72 dei quali in servizio. Ci\u00f2 ha consentito di estendere la preziosa attivit\u00e0 a 10 reparti ospedalieri e alla Casa di Riposo per anziani. Presidente \u00e8 il dott. Pier Giorgio Olivieri, vice presidente Maria Grazia De Marco; consiglieri: Adriana Strag\u00e0, Gianna Tamburlin, Pieremilio De Cia, Annarita Lagrotta, Anna Mauriello Anna. Una significativa iniziativa a cui l\u2019Avo Belluno ha contribuito \u00e8 stato il progetto \u201cNoi per loro\u201d che ha permesso di dotare il reparto di pediatria di una postazione<a class=\"dt-pswp-item\" href=\"http:\/\/www.radiopiu.net\/wordpress\/wp-content\/uploads\/2019\/10\/74673246_2144754245818130_5486396541079912448_n.jpg\" data-dt-img-description=\"\" data-large_image_width=\"600\" data-large_image_height=\"450\"><img loading=\"lazy\" decoding=\"async\" class=\"size-medium wp-image-103883 alignright\" src=\"http:\/\/www.radiopiu.net\/wordpress\/wp-content\/uploads\/2019\/10\/74673246_2144754245818130_5486396541079912448_n-300x225.jpg\" alt=\"\" width=\"300\" height=\"225\" srcset=\"https:\/\/www.radiopiu.net\/wordpress\/wp-content\/uploads\/2019\/10\/74673246_2144754245818130_5486396541079912448_n-300x225.jpg 300w, https:\/\/www.radiopiu.net\/wordpress\/wp-content\/uploads\/2019\/10\/74673246_2144754245818130_5486396541079912448_n.jpg 600w\" sizes=\"auto, (max-width: 300px) 100vw, 300px\" \/><\/a> multimediale attraverso la quale i bambini ricoverati possono collegarsi con le scuole frequentate e con le altre scuole ospedaliere italiane. Per quanto riguarda il prossimo corso di formazione (lezioni nella sala riunioni dell\u2019ospedale di Belluno) ecco gli appuntamenti: luned\u00ec 4 novembre dalle 17,30 saluto delle autorit\u00e0 e conversazione sul tema: \u201cAvo: ieri, oggi, domani, sempre\u201d con l\u2019ing. Francesco Don\u00e0, vice presidente Avo del Triveneto; mercoled\u00ec 6 alla stessa ora: \u201cIl decalogo Avo\u201d con volontari di Avo Belluno; marted\u00ec 12: Testimonianze da parte di volontari; venerd\u00ec 15: \u201cApproccio palliativo al malato\u201d con il dott. Giuseppe Fornasier, dirigente dell\u2019Unit\u00e0 operativa di cure palliative dell\u2019ospedale \u201cSan Martino\u201d; marted\u00ec 19, sempre alle 17,30: \u201cLa malattia e il senso del tempo\u201d con la psicologa Chiara Sgorlon. Conclusione luned\u00ec 2 dicembre su: \u201cMalattia, sofferenza, filosofia\u201d con il prof. Giulio Bianchi, filosofo gi\u00e0 insegnante nei licei.<\/p>\n<p>&nbsp;<\/p>\n<p>&nbsp;<\/p>\n<p>&nbsp;<\/p>\n<p>&nbsp;<\/p>\n<h3>NUOVA RISCUOTITRICE IN CADORE<\/h3>\n<p><a class=\"dt-pswp-item\" href=\"http:\/\/www.radiopiu.net\/wordpress\/wp-content\/uploads\/2019\/10\/download-27.jpg\" data-dt-img-description=\"\" data-large_image_width=\"202\" data-large_image_height=\"209\"><img loading=\"lazy\" decoding=\"async\" class=\"alignleft wp-image-103844\" src=\"http:\/\/www.radiopiu.net\/wordpress\/wp-content\/uploads\/2019\/10\/download-27.jpg\" alt=\"\" width=\"136\" height=\"141\" \/><\/a> Estensione contrattuale del servizio di noleggio full- service di riscuotitrici automatiche per il pagamento ticket e altre prestazioni assegnato, a seguito di esperimento di gara europea, alla ditta Metropolis srl, con l\u2019installazione di una cassa automatica solo carte \u201ccashless\u201d presso la sede del dipartimento di Prevenzione di Tai di Cadore 1\u00b0 piano. L\u2019azienda ha ritenuto di migliorare il servizio offerto ai cittadini, tenendo conto anche del suggerimento pervenuto dal Sindaco di Pieve di Cadore, Giuseppe Casagrande, che aveva segnalato l\u2019opportunit\u00e0 di installare una riscuotitrice automatica a Tai di Cadore per semplificare le operazioni di pagamento e renderle possibili anche fuori dagli orari di apertura della cassa. Il servizio sar\u00e0 attivo da novembre alle medesime condizioni contrattuali delle altre riscuotitrici in uso.<\/p>\n<p>&nbsp;<\/p>\n<p>&nbsp;<\/p>\n<p>&nbsp;<\/p>\n<p>&nbsp;<\/p>\n<h3>CONCLUSO IL WORKSHOP PROGETTO PIAVE<\/h3>\n<p>Il workshop, fa parte del Progetto PIAVE, il progetto di formazione con lo scopo di fornire strumenti concreti e innovativi agli operatori turistici veneti operanti nei territori lungo il Piave ripercorrendo il percorso della ciclo-pedonale \u201cLa Piave\u201d. Ad oggi sono sei le esperienze turistiche e coinvolgono i territori bagnati dal fiume Piave, presentata anche la mappatura delle esperienze lungo la via del Piave.<\/p>\n<p>&nbsp;<\/p>\n<p>&nbsp;<\/p>\n<p>&nbsp;<\/p>\n<p>&nbsp;<\/p>\n<h3><a class=\"dt-pswp-item\" href=\"http:\/\/www.radiopiu.net\/wordpress\/wp-content\/uploads\/2018\/09\/appuntamenti.jpeg\" data-dt-img-description=\"\" data-large_image_width=\"800\" data-large_image_height=\"100\"><img loading=\"lazy\" decoding=\"async\" class=\"aligncenter wp-image-61958 size-full\" src=\"http:\/\/www.radiopiu.net\/wordpress\/wp-content\/uploads\/2018\/09\/appuntamenti.jpeg\" alt=\"\" width=\"800\" height=\"100\" srcset=\"https:\/\/www.radiopiu.net\/wordpress\/wp-content\/uploads\/2018\/09\/appuntamenti.jpeg 800w, https:\/\/www.radiopiu.net\/wordpress\/wp-content\/uploads\/2018\/09\/appuntamenti-300x38.jpeg 300w, https:\/\/www.radiopiu.net\/wordpress\/wp-content\/uploads\/2018\/09\/appuntamenti-768x96.jpeg 768w\" sizes=\"auto, (max-width: 800px) 100vw, 800px\" \/><\/a><\/h3>\n<h3><\/h3>\n<p>&nbsp;<\/p>\n<p><strong><span style=\"color: #ff0000;\">SOLIDARIETA&#8217;<\/span><\/strong><\/p>\n<blockquote>\n<h3>CASTAGNE E NOCI&#8230; PER NUOVI TRAGUARDI<\/h3>\n<p>L&#8217;APPUNTAMENTO E&#8217; PER SABATO 26 OTTOBRE IN PIAZZA AD AGORDO<\/p><\/blockquote>\n<p>&nbsp;<\/p>\n<h3>SECONDO ANNIVERSARIO DEL MONUMENTO ALL&#8217;EMIGRANTE<\/h3>\n<p><strong>CENCENIGHE<\/strong>\u00a0 La Famiglia Ex emigranti dell\u2019Agordino organizza, per domani 27 ottobre, il secondo anniversario dell\u2019inaugurazione del Monumento agli emigranti presente nella piazza del Nof Fil\u00f2 di Cencenighe. Il programma prevede alle ore 10.30 una S. Messa nella chiesa locale in ricordo degli emigranti. Seguir\u00e0 il corteo con i gagliardetti fino al Monumento, con la deposizione di una corona d\u2019alloro, il saluto delle autorit\u00e0 e la consegna di una pergamena al socio Ercole De Zorzi per i suoi quarant\u2019anni di emigrazione.<\/p>\n<p>&nbsp;<\/p>\n<h3>ADA AGORDO, ASSEMBLEA&#8230; ED APPELLO<\/h3>\n<p><strong>AGORDO<\/strong> Gioved\u00ec 24 ottobre\u00a0 alle 20.15 \u00e8 convocata\u00a0 l\u2019assemblea ordinaria annuale dei soci &#8220;<em>Cari genitori e cari allievi maggiorenni, vi scriviamo queste due righe in allegato alla convocazione \u201c formale\u201d della assemblea ordinaria annuale dell\u2019associazione danza per dirvi che\u2026.abbiamo pi\u00f9 che mai bisogno di voi! ADA quest\u2019anno ha raggiunto un numero record di iscritti (181 al 10 ottobre) e anche di corsi (25) : ovviamente la gestione di tutto ci\u00f2 richiede pi\u00f9 energie del solito&#8230;.<\/em><\/p>\n<p>&nbsp;<\/p>\n<p>&nbsp;<\/p>\n<p>&nbsp;<\/p>\n<h3>CENERENTOLO\u201d DOMANI A PEDAVENA:<\/h3>\n<blockquote><p><em>Teatro e poi estrazione biglietti vincenti della Lotteria AIPD-<\/em><\/p><\/blockquote>\n<p><strong>FELTRE<\/strong> A conclusione delle iniziative legate alla Giornata Nazionale delle Persone con sindrome di Down( del 13 ottobre ) l\u2019AIPD(Associazione Italiana persone Down) della provincia di Belluno, ha organizzato lo spettacolo teatrale \u201cCenerentolo\u201d, alle 16 di domani\u00a0 ad ingresso libero. Sar\u00e0 seguito dall\u2019estrazione dei biglietti vincenti della Lotteria<\/p>\n<p>&nbsp;<\/p>\n<p>&nbsp;<\/p>\n<h3>DOLOMITI UNICHE, UNA SERATA CON DANILO GIORDANO<\/h3>\n<p><strong>AGORDO<\/strong> L&#8217;associazione Amici dei Minerari in collaborazione con L&#8217;Istituto Geotecnico Minerario U. Follador presenta &#8220;incontri culturali, tesori pi\u00f9 o meno nascosti di Dolomiti e dintorni&#8221;. Le particolarit\u00e0 da valorizzare che rendono le Dolomiti uniche e straordinarie. Relatore il professor Danilo Giordano, venerdi 22 novembre alle 20.30 all&#8217;auditorium Antonio Favretti presso l&#8217;Istituto\u00a0 Minerario di via Insurrezione, ingresso libero.<\/p>\n<p>&nbsp;<\/p>\n<p>&nbsp;<\/p>\n<h3>CENA BENEFICA PER ANIMALI BISOGNOSI<\/h3>\n<p><strong>LONGARONE<\/strong> L&#8217;associazione ciotole piene pance felici hanno organizzato una cena benefica al ristorante 4 Valli di Longarone. E&#8217; in programma per il 24 novembre alle 20, sar\u00e0 presente un mercatino solidale di cui il ricavato andr\u00e0 agli animali bisognosi. Serata con intrattenimenti musicali ed esibizioni di ballo. Iscrizioni entro il 20 novembre al 347 3566839.<\/p>\n<p>&nbsp;<\/p>\n<h4>BERGOMI CON L&#8217;INTERCLUB AGORDINO<\/h4>\n<p><strong>FALCADE _ AGORDO<\/strong> Un nome importante del calcio nazionale alla prossima cena annuale dell&#8217;Interlcub Agordino Giacinto Facchetti. Il 14 novembre allo sport Hotel Cristal l&#8217;ospite della serata sar\u00e0 infatti\u00a0 &#8220;lo zio&#8221; Beppe Bergomi. Nel pomeriggio in sala Don Tamis ad Agordo presenter\u00e0 il suo romanzo di formazione &#8220;Bella Zio&#8221; di Andrea Vitali. Le prenotazioni alla cena sono gi\u00e0 aperte, vi possono partecipare soci, familiari, amici e simpatizzanti. Entro il 12 novembre, informazioni 328 8554722<\/p>\n<p>&nbsp;<\/p>\n<p>&nbsp;<\/p>\n<h4>ULTIMA DOMENICA DI OTTOBRE:\u00a0 MESSA PER I CADUTI DELLA MONTAGNA CON IL CORO AGORDO<\/h4>\n<p><strong>AGORDO<\/strong> Anche quest&#8217;anno il Coro Agordo invita alla\u00a0 Messa a ricordo dei Caduti della Montagna,\u00a0 si terr\u00e0 nella chiesa Arcidiaconale di Agordo domani alle 18.30 e sar\u00e0 trasmessa in diretta da Radio Pi\u00f9. Si tratta della 44esima edizione della messa che sar\u00e0 celebrata dal nuovo Arcidiacono monsignor Cesare Larese e accompagnata dai canti del \u201cCoro Agordo\u201d<\/p>\n<p>&nbsp;<\/p>\n<p>&nbsp;<\/p>\n<p>&nbsp;<\/p>\n<h3><span style=\"color: #ff0000;\">IERI ALLA RADIO<\/span><\/h3>\n<p><a class=\"dt-pswp-item\" href=\"http:\/\/www.radiopiu.net\/wordpress\/wp-content\/uploads\/2019\/08\/images.jpg\" data-dt-img-description=\"\" data-large_image_width=\"299\" data-large_image_height=\"168\"><img loading=\"lazy\" decoding=\"async\" class=\"alignleft size-full wp-image-95499\" src=\"http:\/\/www.radiopiu.net\/wordpress\/wp-content\/uploads\/2019\/08\/images.jpg\" alt=\"\" width=\"299\" height=\"168\" \/><\/a>E&#8217; andato in onda ieri lo speciale dedicato alla piscina comprensoriale di Agordo, appuntamento mensile al quarto venerdi del mese. <em>\u00a0Roberto Broglio e Cristiana Carazzai ospiti per le attivita\u2019 della piscina comprensoriale di Agordo. Numero focalizzato principalmente sulle attivita\u2019 baby \u2013 giovani.<\/em><\/p>\n<audio class=\"wp-audio-shortcode\" id=\"audio-103835-10\" preload=\"none\" style=\"width: 100%;\" controls=\"controls\"><source type=\"audio\/mpeg\" src=\"http:\/\/www.radiopiu.net\/wordpress\/wp-content\/uploads\/2019\/10\/piscina-intervista-ottobre.mp3?_=10\" \/><a href=\"http:\/\/www.radiopiu.net\/wordpress\/wp-content\/uploads\/2019\/10\/piscina-intervista-ottobre.mp3\">http:\/\/www.radiopiu.net\/wordpress\/wp-content\/uploads\/2019\/10\/piscina-intervista-ottobre.mp3<\/a><\/audio>\n<h3><\/h3>\n<h3><\/h3>\n<p>&nbsp;<\/p>\n<h3><span style=\"color: #ff0000;\">IERI ALLA RADIO<\/span><\/h3>\n<p><a class=\"dt-pswp-item\" href=\"http:\/\/www.radiopiu.net\/wordpress\/wp-content\/uploads\/2019\/10\/41-Il-brodo-di-giuggiole-2.jpg\" data-dt-img-description=\"\" data-large_image_width=\"307\" data-large_image_height=\"164\"><img loading=\"lazy\" decoding=\"async\" class=\"alignleft wp-image-103874\" src=\"http:\/\/www.radiopiu.net\/wordpress\/wp-content\/uploads\/2019\/10\/41-Il-brodo-di-giuggiole-2-300x160.jpg\" alt=\"\" width=\"173\" height=\"92\" srcset=\"https:\/\/www.radiopiu.net\/wordpress\/wp-content\/uploads\/2019\/10\/41-Il-brodo-di-giuggiole-2-300x160.jpg 300w, https:\/\/www.radiopiu.net\/wordpress\/wp-content\/uploads\/2019\/10\/41-Il-brodo-di-giuggiole-2.jpg 307w\" sizes=\"auto, (max-width: 173px) 100vw, 173px\" \/><\/a>PAOLA LANCIATO con ZAINO DA VIAGGIO AL FEMMINILE CI HA PORTATO NEL &#8230;. BRODO DI GIUGGIOLE<\/p>\n<audio class=\"wp-audio-shortcode\" id=\"audio-103835-11\" preload=\"none\" style=\"width: 100%;\" controls=\"controls\"><source type=\"audio\/mpeg\" src=\"http:\/\/www.radiopiu.net\/wordpress\/wp-content\/uploads\/2019\/10\/41-Il-brodo-di-giuggiole.mp3?_=11\" \/><a href=\"http:\/\/www.radiopiu.net\/wordpress\/wp-content\/uploads\/2019\/10\/41-Il-brodo-di-giuggiole.mp3\">http:\/\/www.radiopiu.net\/wordpress\/wp-content\/uploads\/2019\/10\/41-Il-brodo-di-giuggiole.mp3<\/a><\/audio>\n<p>&nbsp;<\/p>\n<p>&nbsp;<\/p>\n<p>&nbsp;<\/p>\n<p>&nbsp;<\/p>\n<h3><span style=\"color: #ff0000;\">L&#8217;ALTRO IERI ALLA RADIO<\/span><\/h3>\n<p><strong>EPCENTER, SECONDA PUNTATA CON FRANCESCO ZILLIO<\/strong><\/p>\n<p><iframe loading=\"lazy\" title=\"EPCENTER PUNTATA 2 CON FRANCESCO ZILLIO\" width=\"1200\" height=\"675\" src=\"https:\/\/www.youtube.com\/embed\/jjMjDYz2wL0?feature=oembed\" frameborder=\"0\" allow=\"accelerometer; autoplay; encrypted-media; gyroscope; picture-in-picture\" allowfullscreen><\/iframe><\/p>\n<p>&nbsp;<\/p>\n<p>&nbsp;<\/p>\n<p>&nbsp;<\/p>\n<p><strong><a class=\"dt-pswp-item\" href=\"http:\/\/www.radiopiu.net\/wordpress\/wp-content\/uploads\/2018\/09\/viabilita.jpeg\" data-dt-img-description=\"\" data-large_image_width=\"800\" data-large_image_height=\"100\"><img loading=\"lazy\" decoding=\"async\" class=\"wp-image-61954 size-full aligncenter\" src=\"http:\/\/www.radiopiu.net\/wordpress\/wp-content\/uploads\/2018\/09\/viabilita.jpeg\" alt=\"\" width=\"800\" height=\"100\" srcset=\"https:\/\/www.radiopiu.net\/wordpress\/wp-content\/uploads\/2018\/09\/viabilita.jpeg 800w, https:\/\/www.radiopiu.net\/wordpress\/wp-content\/uploads\/2018\/09\/viabilita-300x38.jpeg 300w, https:\/\/www.radiopiu.net\/wordpress\/wp-content\/uploads\/2018\/09\/viabilita-768x96.jpeg 768w\" sizes=\"auto, (max-width: 800px) 100vw, 800px\" \/><\/a><\/strong><\/p>\n<p>&nbsp;<\/p>\n<p><strong>REGIONALE 244 DELLA VAL BADIA\u00a0 <\/strong>fino\u00a0all&#8217;11 novembre compresi sabato, domeniche senso unico alternato in localit\u00e0 Arabba per lavori di messa in sicurezza del tratto stradale.<\/p>\n<p>&nbsp;<\/p>\n<div>\n<p><strong>TAIBON<\/strong> fino\u00a0 al 31 ottobre (esclusi festivi e prefestivi) senso unico alternato con semaforo a Listolade per posa fibre ottiche<\/p>\n<p>&nbsp;<\/p>\n<p><strong>SELVA DI CADORE<\/strong> fino\u00a0 al 24 ottobre (escluse domeniche e festivi) per permettere i lavori nei diversi cantieri \u00e8 previsto il senso unico alternato con impianto semaforico dal chilometro 1,5 per 250 metri, oltre possibili brevi interruzioni della durata massima di 20 minuti.<\/p>\n<p>&nbsp;<\/p>\n<\/div>\n<p><strong>PROVINCIALE 347 PASSO DURAN<\/strong>: SENSO UNICO ALTERNATO A PASSO DURAN fino\u00a0 al 5 NOVEMBRE PER MESSA IN SICUREZZA PIANO VIABILE<\/p>\n<div>\n<blockquote><p>&nbsp;<\/p>\n<p><strong>SAN TOMASO<\/strong> fino\u00a0 all&#8217;11 novembre lungo la provinciale 8 tra Pian Molin e Roi senso unico alternato con semaforo. Esclusi giorni festivi e prefestivi<\/p>\n<p>&nbsp;<\/p><\/blockquote>\n<p><strong>SP 346 PASSO SAN PELLEGRINO<\/strong>:\u00a0 fino al 6 dicembre senso unico tra Canale d\u2019Agordo e Vallada per esecuzione lavori alla rete acquedottistica;\u00a0 \u00a0fino\u00a0 al 15 novembre senso unico alternato all\u2019inbocco nord della galleria delle Anime, esclusi i giorni festivi e prefestivi.<\/p>\n<p><strong>PROVINCIALE 346 DI PASSO SAN PELLEGRINO<\/strong> dal 21 ottobre all&#8217;8 novembre (sabato e domeniche esclusi) senso unico alternato in Comune di Falcade per posa cavidotti<\/p>\n<\/div>\n<p>&nbsp;<\/p>\n<p>&nbsp;<\/p>\n<p>&nbsp;<\/p>\n<p><a class=\"dt-pswp-item\" href=\"http:\/\/www.radiopiu.net\/wordpress\/wp-content\/uploads\/2018\/09\/sport.jpg\" data-dt-img-description=\"\" data-large_image_width=\"800\" data-large_image_height=\"100\"><img loading=\"lazy\" decoding=\"async\" class=\"aligncenter wp-image-60761 size-full\" src=\"http:\/\/www.radiopiu.net\/wordpress\/wp-content\/uploads\/2018\/09\/sport.jpg\" alt=\"\" width=\"800\" height=\"100\" srcset=\"https:\/\/www.radiopiu.net\/wordpress\/wp-content\/uploads\/2018\/09\/sport.jpg 800w, https:\/\/www.radiopiu.net\/wordpress\/wp-content\/uploads\/2018\/09\/sport-300x38.jpg 300w, https:\/\/www.radiopiu.net\/wordpress\/wp-content\/uploads\/2018\/09\/sport-768x96.jpg 768w\" sizes=\"auto, (max-width: 800px) 100vw, 800px\" \/><\/a><\/p>\n<p>&nbsp;<\/p>\n<blockquote><p><span style=\"color: #000000;\"><strong><em>LIBERATE IL GHIACCIO&#8230;.. ARRIVANO LE NUOVE PROMESSE &#8230;.<span style=\"color: #ff0000;\"> 2 E 3 NOVEMBRE IN CAMPO GLI UNDER 10: AD ALLEGHE, STADIO DE TONI CON\u00a0 IL PRIMO ALLEGHE HOCKEY TOURNAMENT&#8230;<\/span> due giorni di incontri, chiosco, cucina e sabato sera festa con Jack&amp;Lallo al Bar dello Stadio&#8230;. <span style=\"color: #ff0000;\">Un evento Alleghe Hockey&#8230; per il futuro dello sport del ghiaccio nell&#8217;Agordino.\u00a0<\/span><\/em><\/strong><\/span><\/p><\/blockquote>\n<p>&nbsp;<\/p>\n<p>&nbsp;<\/p>\n<p>&nbsp;<\/p>\n<h3>LO SPORT DI SQUADRA NEL FINE SETTIMANA<\/h3>\n<p><strong>VOLLEY<\/strong><\/p>\n<p>Doppio appuntamento questa sera al Palarova di Agordo per il Volley Club Agordino. Alle 18 in campo le Under 16 per giocare la quinta giornata di campionato contro il Santa Giustina. Alle 20:30 sar\u00e0 il turno della Terza Divisione che ospita il Castion per la seconda gara di Coppa.<\/p>\n<p><strong>HOCKEY<\/strong><\/p>\n<p>Continua il campionato IHL per l&#8217;Alleghe Hockey che stasera, al De Toni, giocher\u00e0 la nona giornata contro l&#8217;Appiano. Ingaggio alle ore 20:30 e diretta su Radio Pi\u00f9 all&#8217;interno di \u201cHockey Al Punto Giusto\u201d. Domani in campo l&#8217;under 19 alleghese che al De Toni di Alleghe se la vedr\u00e0 con l&#8217;Appiano. Il Fassa\/Alleghe under 17 in campo stasera alle 17:30 per la trasferta contro il Caldaro. Domani alle 11:30 trasferta anche per le civette under 15 dovranno vedersela con il Renon. Non gioca questo fine settimana l&#8217;Alleghe\/Alta Badia under 13.<\/p>\n<p><strong>CALCIO<\/strong><\/p>\n<p>Continuano i campionati FIGC e CSI per le squadre agordine. Settore giovanile dell&#8217;Agordina impegnato con la Juniores che oggi, alle 15:30, all&#8217;Ivano Dorigo di Agordo ospiter\u00e0 la Juventina. Anche gli Allievi giocheranno contro la Juventina, domani alle 10, ma in trasferta. Juventina anche per i Giovanissimi che oggi alle 15:30 scenderanno in terra feltrina.<\/p>\n<p>Allievi regionali del San Giorgio Sedico che scenderanno in terra trevigiana per scontrarsi con lo Zero Branco domani alle 10:30. Squadra sedicense impegnata anche nel campionato provinciale e domani alle 10 giocher\u00e0 in casa contro la Plavis<\/p>\n<p>Passiamo ai campionati CSI provinciali. Nell&#8217;Open A1 il Le Ville giocher\u00e0 in trasferta oggi alle 15:30 contro il Dassi. Sempre alla stessa ora sar\u00e0 impegnato anche il La Valle Veterani che al Conaggia ospita il Danta.<\/p>\n<p>Domani pomeriggio l&#8217;Agordina di Marco Lorenzi gioca la settima partita della Terza Categoria. All&#8217;Ivano Dorigo di Agordo arriva la Dynamo Vellai. In campo anche il Fiori Barp Mas che in Prima Categoria dovr\u00e0 giocare contro la Plavis Pizzocco in trasferta. Con il cambio d&#8217;ora cambiano anche gli orari di inzio delle partite che verranno anticipate alle 14:30<\/p>\n<blockquote>\n<p style=\"text-align: center;\"><strong>DOMANI ALLE 14:30 SU RADIO PIU&#8217; \u201cDOMENICA PIU&#8217; SPORT\u201d PER SEGUIRE IN DIRETTA LE PARTITE DI AGORDINA E FIORI BARP MAS<\/strong><\/p>\n<\/blockquote>\n<p>&nbsp;<\/p>\n<p>&nbsp;<\/p>\n<p>&nbsp;<\/p>\n<p>&nbsp;<\/p>\n<h3>NAZIONALE SENIOR, I CONVOCATI\u00a0 PER L&#8217;EIHC DI DANZICA<\/h3>\n<blockquote><p><em>Dall&#8217;8 al 10 novembre gli azzurri di Beddoes in Polonia<\/em><\/p><\/blockquote>\n<p>Prima tappa di avvicinamento della nazionale senior di hockey su ghiaccio ai Mondiali IIHF Top Division di Svizzera 2020. L\u2019Italia, dall\u20198 al 10 novembre, sar\u00e0 impegnata a Danzica, in Polonia, per il tradizionale appuntamento con l\u2019Euro Ice Hockey Challenge. Avversari degli azzurri saranno, nell\u2019ordine, Ungheria, Polonia e Giappone. Prima di partire per Danzica, la squadra effettuer\u00e0 un ritiro di 3 giorni a Vipiteno.\u00a0 Programma EIHC Danzica (Polonia) Venerd\u00ec 8 novembre Ungheria-ITALIA; Sabato 9 novembre Polonia-ITALIA;\u00a0Domenica 10 novembre ITALIA-Giappone<\/p>\n<p>&nbsp;<\/p>\n<p>&nbsp;<\/p>\n<p>&nbsp;<\/p>\n<p><a class=\"dt-pswp-item\" href=\"http:\/\/www.radiopiu.net\/wordpress\/wp-content\/uploads\/2018\/09\/WhatsApp-Image-2018-09-20-at-16.04.06.jpeg\" data-dt-img-description=\"\" data-large_image_width=\"800\" data-large_image_height=\"100\"><img loading=\"lazy\" decoding=\"async\" class=\"wp-image-61378 size-full aligncenter\" src=\"http:\/\/www.radiopiu.net\/wordpress\/wp-content\/uploads\/2018\/09\/WhatsApp-Image-2018-09-20-at-16.04.06.jpeg\" alt=\"\" width=\"800\" height=\"100\" srcset=\"https:\/\/www.radiopiu.net\/wordpress\/wp-content\/uploads\/2018\/09\/WhatsApp-Image-2018-09-20-at-16.04.06.jpeg 800w, https:\/\/www.radiopiu.net\/wordpress\/wp-content\/uploads\/2018\/09\/WhatsApp-Image-2018-09-20-at-16.04.06-300x38.jpeg 300w, https:\/\/www.radiopiu.net\/wordpress\/wp-content\/uploads\/2018\/09\/WhatsApp-Image-2018-09-20-at-16.04.06-768x96.jpeg 768w\" sizes=\"auto, (max-width: 800px) 100vw, 800px\" \/><\/a><\/p>\n<p><center><b>Sabato 26<\/b><\/center><b>Tempo atteso: <\/b>Bellissima giornata, ben soleggiata con cielo del tutto sereno, aria tersa ed ottima visibilit\u00e0, salvo banchi di nebbia nelle ore pi\u00f9 fredde nel catino bellunese, in rapido dissolvimento dopo il sorgere del sole. Clima fresco di notte e mite di giorno nelle valli, con forte escursione termica diurna; anormalmente mite in quota.<br \/>\n<b>Precipitazioni: <\/b>Assenti (0%).<br \/>\n<b>Temperature: <\/b>In generale rialzo, eccetto calo delle minime nelle valli, dove ci sar\u00e0 una lieve inversione termica notturna. Sono previste punte di 22\/23\u00b0C nei fondovalle prealpini e di 18\/20\u00b0C a 1000\/1200 m. Su Prealpi a 1500 m min 10\u00b0C max 15\u00b0C, a 2000 m min 8\u00b0C max 12\u00b0C. Su Dolomiti a 2000 m min 7\u00b0C max 13\u00b0C, a 3000 m min 4\u00b0C max 7\u00b0C.<br \/>\n<b>Venti: <\/b>Nelle valli perlopi\u00f9 deboli, localmente moderati, per brezze; in quota deboli\/moderati da Sud-Ovest, a 5-10 km\/h a 2000 m, a 20-25 km\/h a 3000 m.<\/p>\n<hr \/>\n<p><center><b>Domenica 27<\/b><\/center><b>Tempo atteso: <\/b>Bel tempo, ben soleggiato con cielo sereno al mattino e leggermente velato al pomeriggio, aria tersa ed ottima visibilit\u00e0, salvo banchi di nebbia nelle ore pi\u00f9 fredde nel catino bellunese. Clima diurno ancora mite, addirittura si pu\u00f2 parlare di eccezionale mitezza in alta quota.<br \/>\n<b>Precipitazioni: <\/b>Assenti (0%).<br \/>\n<b>Temperature: <\/b>Senza notevoli variazioni rispetto a sabato, salvo lieve calo delle minime nei fondovalle prealpini e leggera flessione delle massime in alta quota, sempre ben al di sopra delle medie del periodo (5\/6\u00b0C superiori rispetto alle medie del periodo). Sono previste punte di 21\/23\u00b0C nei fondovalle prealpini e di 17\/20\u00b0C a 1000\/1200 m. Su Prealpi a 1500 m min 10\u00b0C max 14\u00b0C, a 2000 m min 8\u00b0C max 11\u00b0C. Su Dolomiti a 2000 m min 8\u00b0C max 12\u00b0C, a 3000 m min 4\u00b0C max 6\u00b0C.<br \/>\n<b>Venti: <\/b>Nelle valli perlopi\u00f9 deboli, localmente moderati, per brezze; in quota deboli\/moderati dai quadranti occidentali, a 5-10 km\/h a 2000 m, a 15-20 km\/h a 3000 m.<\/p>\n<hr \/>\n<p><center><b>Lunedi 28<\/b><\/center>Cielo velato al mattino, poi intensificazione della nuvolosit\u00e0 medio-alta stratiforme fino a cielo molto nuvoloso\/coperto nel tardo pomeriggio\/sera. Temperature in generale diminuzione, eccetto le minime nelle valli. Venti deboli occidentali in quota.<\/p>\n<hr \/>\n<p><center><b>Martedi 29<\/b><\/center>Peggioramento del tempo fino a diventare perturbato nel pomeriggio\/sera. La nuvolosit\u00e0 aumenter\u00e0 fino a cielo nuvoloso\/coperto con precipitazioni, pi\u00f9 probabili da pomeriggio in poi. Il calo termico provocher\u00e0 l&#8217;abbassamento del limite neve dai 2500 m iniziali fino sui 1600\/1800 m in serata. Venti moderati dai quadranti occidentali in quota. Previsore: R.L.Th.<\/p>\n<p>&nbsp;<\/p>\n","protected":false},"excerpt":{"rendered":"<p>&nbsp; IN CORSO&#8230;.. Prova radio telecomunicazioni alternative di emergenza anno 2019 Il Radio Club Cime Bianche al fine di testare le dorsali e le attrezzature per gestire la rete di comunicazione denominata \u201c Telecomunicazioni Alternative di Emergenza \u201c in armonia con l\u2019art. 6 della Convenzione tra Unione Montana e Radio Club del 14 giugno 2016&hellip;<\/p>\n","protected":false},"author":1,"featured_media":103828,"comment_status":"closed","ping_status":"closed","sticky":false,"template":"","format":"standard","meta":{"_monsterinsights_skip_tracking":false,"_monsterinsights_sitenote_active":false,"_monsterinsights_sitenote_note":"","_monsterinsights_sitenote_category":0,"footnotes":""},"categories":[86],"tags":[],"class_list":["post-103835","post","type-post","status-publish","format-standard","has-post-thumbnail","hentry","category-gr","category-86","description-off"],"img_url":"https:\/\/www.radiopiu.net\/wordpress\/wp-content\/uploads\/2019\/10\/IMG_20191025_111759.jpg","_links":{"self":[{"href":"https:\/\/www.radiopiu.net\/wordpress\/wp-json\/wp\/v2\/posts\/103835","targetHints":{"allow":["GET"]}}],"collection":[{"href":"https:\/\/www.radiopiu.net\/wordpress\/wp-json\/wp\/v2\/posts"}],"about":[{"href":"https:\/\/www.radiopiu.net\/wordpress\/wp-json\/wp\/v2\/types\/post"}],"author":[{"embeddable":true,"href":"https:\/\/www.radiopiu.net\/wordpress\/wp-json\/wp\/v2\/users\/1"}],"replies":[{"embeddable":true,"href":"https:\/\/www.radiopiu.net\/wordpress\/wp-json\/wp\/v2\/comments?post=103835"}],"version-history":[{"count":0,"href":"https:\/\/www.radiopiu.net\/wordpress\/wp-json\/wp\/v2\/posts\/103835\/revisions"}],"wp:featuredmedia":[{"embeddable":true,"href":"https:\/\/www.radiopiu.net\/wordpress\/wp-json\/wp\/v2\/media\/103828"}],"wp:attachment":[{"href":"https:\/\/www.radiopiu.net\/wordpress\/wp-json\/wp\/v2\/media?parent=103835"}],"wp:term":[{"taxonomy":"category","embeddable":true,"href":"https:\/\/www.radiopiu.net\/wordpress\/wp-json\/wp\/v2\/categories?post=103835"},{"taxonomy":"post_tag","embeddable":true,"href":"https:\/\/www.radiopiu.net\/wordpress\/wp-json\/wp\/v2\/tags?post=103835"}],"curies":[{"name":"wp","href":"https:\/\/api.w.org\/{rel}","templated":true}]}}