{"id":103960,"date":"2019-10-26T14:28:05","date_gmt":"2019-10-26T12:28:05","guid":{"rendered":"http:\/\/www.radiopiu.net\/wordpress\/?p=103960"},"modified":"2019-10-27T09:12:23","modified_gmt":"2019-10-27T08:12:23","slug":"pa-continua-a-crescere-la-spesa-per-consumi-intermedi-nel-2018-sforati-i-100-miliardi","status":"publish","type":"post","link":"https:\/\/www.radiopiu.net\/wordpress\/pa-continua-a-crescere-la-spesa-per-consumi-intermedi-nel-2018-sforati-i-100-miliardi\/","title":{"rendered":"PA: CONTINUA A CRESCERE LA SPESA PER CONSUMI INTERMEDI. NEL 2018 SFORATI I 100 MILIARDI"},"content":{"rendered":"<p>Nonostante la tanto sbandierata spending review, l\u2019Ufficio studi della CGIA denuncia come la spesa per i consumi intermedi della Pubblica amministrazione continui a correre.<\/p>\n<p>Per la manutenzione ordinaria, gli acquisti di cancelleria, le spese energetiche e di esercizio dei mezzi di trasporto, i servizi di ricerca-sviluppo e di formazione del personale acquistati all\u2019esterno, la quota annuale per l\u2019acquisto dei macchinari, etc., nel 2018 lo Stato centrale, le sue articolazioni periferiche, le Regioni e gli Enti locali hanno speso 100,2 miliardi di euro (vedi Graf. N\u00b0 1).<\/p>\n<p>Tra il 2010 e il 2014 la dinamica delle uscite relative a questa tipologia di spesa si era pressoch\u00e9 arrestata: tuttavia, con il superamento della fase pi\u00f9 critica dei conti pubblici, tale aggregato di costo \u00e8 tornato ad aumentare. Negli ultimi 5 anni, ad esempio, la crescita \u00e8 stata del 9,2 per cento (+8,5 miliardi in valore assoluto), mentre l\u2019inflazione, sempre nello stesso periodo di tempo, \u00e8 aumentata solo del 2 per cento (vedi Tab. 1). Dichiara il coordinatore dell\u2019Ufficio studi Paolo Zabeo:<\/p>\n<p>\u201cMalgrado il grande lavoro svolto dalla Consip per rendere pi\u00f9 efficiente e trasparente l\u2019utilizzo delle risorse pubbliche, il contenimento della spesa ha funzionato poco o, addirittura, non \u00e8 stato conseguito. Al netto degli effetti di quota 100 e del reddito di cittadinanza, \u00e8 chiaro a tutti che se le uscite di parte corrente torneranno ad aumentare, non sar\u00e0 possibile ridurre in misura significativa il peso fiscale. Nel giro di qualche anno ci ritroveremo, nonostante le promesse che in questi ultimi anni molti politici ci hanno raccontato, con pi\u00f9 tasse e una spesa pubblica incomprimibile\u201d.<\/p>\n<p>Dal confronto con i principali Paesi dell\u2019Unione Europea emerge, inoltre, che siamo i pi\u00f9 \u201cspendaccioni\u201d. Nel 2017 (ultimo anno in cui \u00e8 possibile la comparazione), per i consumi intermedi la nostra Pa ha speso il 5,5 per cento del Pil, contro il 5 per cento della Spagna, il 4,9 per cento della Francia e il 4,8 per cento della Germania. La media dell\u2019area dell\u2019euro si \u00e8 attestata al 5,1 per cento del Pil (vedi Tab. 2).<\/p>\n<p>Afferma il segretario della CGIA Renato Mason: \u201cNon \u00e8 da escludere che la ripresa della spesa per consumi intermedi avvenuta in Italia negli ultimi anni sia riconducibile, almeno in parte, agli effetti restrittivi che gli uffici preposti agli acquisti hanno subito tra il 2010 e il 2014. Non solo. E\u2019 altres\u00ec utile ricordare che dopo anni in cui le manutenzioni ordinarie e le riparazioni sono rimaste pressoch\u00e9 bloccate, una volta ridata la possibilit\u00e0 di riattivarle, si \u00e8 tornati a spendere in misura copiosa, anche perch\u00e9 gli interventi lo richiedevano\u201d.<\/p>\n<p>Dalla disaggregazione per funzioni della spesa per consumi intermedi emerge come la quota pi\u00f9 significativa spetti alla sanit\u00e0 con 33,7 miliardi di euro. Seguono i servizi generali della PA con 16,1 miliardi, la protezione dell\u2019ambiente con 11,7 miliardi di euro, l\u2019istruzione con 7 miliardi e le attivit\u00e0 culturali\/ricreative con 6,4 miliardi. Questi dati si riferiscono sempre al 2017 (ultimo anno in cui \u00e8 possibile eseguire questa comparazione) e non tengono conto delle nuove revisioni dei conti pubblici avvenute nel 2019. Trattandosi di costi intermedi non includono, ovviamente, i costi del personale (Tab. 3). Analizzando l\u2019andamento delle principali 3 funzioni, osserviamo che nel decennio 2007-2017 la spesa sanitaria nominale, in particolar modo, ha subito un\u2019impennata molto significativa, passando da 24,1 a 33,7 miliardi di euro (+39,8 per cento) (vedi Graf. 2).<\/p>\n<p>In ultima analisi \u00e8 stata evidenziata la spesa delle principali voci a cui fanno capo le funzioni citate in precedenza. Ebbene, i servizi ospedalieri registrano l\u2019uscita pi\u00f9 importante: nel 2017 \u00e8 stata pari a 16,4 miliardi di euro. Tale voce include gli acquisti di beni e servizi per gestire il sistema sanitario ospedaliero (per il funzionamento, l\u2019ispezione e l\u2019amministrazione). Segue la gestione dei rifiuti con 10,1 miliardi di euro che comprende i costi di raccolta, trattamento, smaltimento e dei servizi di amministrazione, vigilanza, funzionamento o supporto a queste attivit\u00e0. La terza voce di spesa si riferisce ai servizi ambulatoriali che ci sono costati 8,9 miliardi di euro. Questa uscita \u00e8 andata a copertura dell\u2019acquisto di beni e servizi per gestire il sistema sanitario non ospedaliero (generici\/specialisti\/paramedici\/di ambulanza diversa da ospedaliera) per il funzionamento, l\u2019ispezione e l\u2019amministrazione (vedi Tab. 4).<\/p>\n\n\t\t\t<style type='text\/css'>\n\t\t\t\t#gallery-1 {\n\t\t\t\t\tmargin: auto;\n\t\t\t\t}\n\t\t\t\t#gallery-1 .gallery-item {\n\t\t\t\t\tfloat: left;\n\t\t\t\t\tmargin-top: 10px;\n\t\t\t\t\ttext-align: center;\n\t\t\t\t\twidth: 33%;\n\t\t\t\t}\n\t\t\t\t#gallery-1 img {\n\t\t\t\t\tborder: 2px solid #cfcfcf;\n\t\t\t\t}\n\t\t\t\t#gallery-1 .gallery-caption {\n\t\t\t\t\tmargin-left: 0;\n\t\t\t\t}\n\t\t\t\t\/* see gallery_shortcode() in wp-includes\/media.php *\/\n\t\t\t<\/style>\n\t\t<div id='gallery-1' class='dt-gallery-container gallery galleryid-103960 gallery-columns-3 gallery-size-medium'><dl class='gallery-item'>\n\t\t\t\t<dt class='gallery-icon landscape'>\n\t\t\t\t\t<a class=\"rollover\" href='https:\/\/www.radiopiu.net\/wordpress\/pa-continua-a-crescere-la-spesa-per-consumi-intermedi-nel-2018-sforati-i-100-miliardi\/schermata-2019-10-26-alle-14-22-49\/'><img loading=\"lazy\" decoding=\"async\" width=\"300\" height=\"275\" src=\"https:\/\/www.radiopiu.net\/wordpress\/wp-content\/uploads\/2019\/10\/Schermata-2019-10-26-alle-14.22.49-300x275.png\" class=\"attachment-medium size-medium\" alt=\"\" srcset=\"https:\/\/www.radiopiu.net\/wordpress\/wp-content\/uploads\/2019\/10\/Schermata-2019-10-26-alle-14.22.49-300x275.png 300w, https:\/\/www.radiopiu.net\/wordpress\/wp-content\/uploads\/2019\/10\/Schermata-2019-10-26-alle-14.22.49-768x703.png 768w, https:\/\/www.radiopiu.net\/wordpress\/wp-content\/uploads\/2019\/10\/Schermata-2019-10-26-alle-14.22.49-1024x937.png 1024w, https:\/\/www.radiopiu.net\/wordpress\/wp-content\/uploads\/2019\/10\/Schermata-2019-10-26-alle-14.22.49.png 1224w\" sizes=\"auto, (max-width: 300px) 100vw, 300px\" \/><\/a>\n\t\t\t\t<\/dt><\/dl><dl class='gallery-item'>\n\t\t\t\t<dt class='gallery-icon landscape'>\n\t\t\t\t\t<a class=\"rollover\" href='https:\/\/www.radiopiu.net\/wordpress\/pa-continua-a-crescere-la-spesa-per-consumi-intermedi-nel-2018-sforati-i-100-miliardi\/schermata-2019-10-26-alle-14-24-11\/'><img loading=\"lazy\" decoding=\"async\" width=\"300\" height=\"221\" src=\"https:\/\/www.radiopiu.net\/wordpress\/wp-content\/uploads\/2019\/10\/Schermata-2019-10-26-alle-14.24.11-300x221.png\" class=\"attachment-medium size-medium\" alt=\"\" srcset=\"https:\/\/www.radiopiu.net\/wordpress\/wp-content\/uploads\/2019\/10\/Schermata-2019-10-26-alle-14.24.11-300x221.png 300w, https:\/\/www.radiopiu.net\/wordpress\/wp-content\/uploads\/2019\/10\/Schermata-2019-10-26-alle-14.24.11-768x566.png 768w, https:\/\/www.radiopiu.net\/wordpress\/wp-content\/uploads\/2019\/10\/Schermata-2019-10-26-alle-14.24.11-1024x754.png 1024w, https:\/\/www.radiopiu.net\/wordpress\/wp-content\/uploads\/2019\/10\/Schermata-2019-10-26-alle-14.24.11.png 1238w\" sizes=\"auto, (max-width: 300px) 100vw, 300px\" \/><\/a>\n\t\t\t\t<\/dt><\/dl><dl class='gallery-item'>\n\t\t\t\t<dt class='gallery-icon landscape'>\n\t\t\t\t\t<a class=\"rollover\" href='https:\/\/www.radiopiu.net\/wordpress\/pa-continua-a-crescere-la-spesa-per-consumi-intermedi-nel-2018-sforati-i-100-miliardi\/schermata-2019-10-26-alle-14-23-55\/'><img loading=\"lazy\" decoding=\"async\" width=\"300\" height=\"216\" src=\"https:\/\/www.radiopiu.net\/wordpress\/wp-content\/uploads\/2019\/10\/Schermata-2019-10-26-alle-14.23.55-300x216.png\" class=\"attachment-medium size-medium\" alt=\"\" srcset=\"https:\/\/www.radiopiu.net\/wordpress\/wp-content\/uploads\/2019\/10\/Schermata-2019-10-26-alle-14.23.55-300x216.png 300w, https:\/\/www.radiopiu.net\/wordpress\/wp-content\/uploads\/2019\/10\/Schermata-2019-10-26-alle-14.23.55-768x553.png 768w, https:\/\/www.radiopiu.net\/wordpress\/wp-content\/uploads\/2019\/10\/Schermata-2019-10-26-alle-14.23.55-1024x737.png 1024w, https:\/\/www.radiopiu.net\/wordpress\/wp-content\/uploads\/2019\/10\/Schermata-2019-10-26-alle-14.23.55.png 1228w\" sizes=\"auto, (max-width: 300px) 100vw, 300px\" \/><\/a>\n\t\t\t\t<\/dt><\/dl><br style=\"clear: both\" \/><dl class='gallery-item'>\n\t\t\t\t<dt class='gallery-icon landscape'>\n\t\t\t\t\t<a class=\"rollover\" href='https:\/\/www.radiopiu.net\/wordpress\/pa-continua-a-crescere-la-spesa-per-consumi-intermedi-nel-2018-sforati-i-100-miliardi\/schermata-2019-10-26-alle-14-23-45\/'><img loading=\"lazy\" decoding=\"async\" width=\"300\" height=\"216\" src=\"https:\/\/www.radiopiu.net\/wordpress\/wp-content\/uploads\/2019\/10\/Schermata-2019-10-26-alle-14.23.45-300x216.png\" class=\"attachment-medium size-medium\" alt=\"\" srcset=\"https:\/\/www.radiopiu.net\/wordpress\/wp-content\/uploads\/2019\/10\/Schermata-2019-10-26-alle-14.23.45-300x216.png 300w, https:\/\/www.radiopiu.net\/wordpress\/wp-content\/uploads\/2019\/10\/Schermata-2019-10-26-alle-14.23.45-768x553.png 768w, https:\/\/www.radiopiu.net\/wordpress\/wp-content\/uploads\/2019\/10\/Schermata-2019-10-26-alle-14.23.45-1024x737.png 1024w, https:\/\/www.radiopiu.net\/wordpress\/wp-content\/uploads\/2019\/10\/Schermata-2019-10-26-alle-14.23.45.png 1228w\" sizes=\"auto, (max-width: 300px) 100vw, 300px\" \/><\/a>\n\t\t\t\t<\/dt><\/dl><dl class='gallery-item'>\n\t\t\t\t<dt class='gallery-icon portrait'>\n\t\t\t\t\t<a class=\"rollover\" href='https:\/\/www.radiopiu.net\/wordpress\/pa-continua-a-crescere-la-spesa-per-consumi-intermedi-nel-2018-sforati-i-100-miliardi\/schermata-2019-10-26-alle-14-23-29\/'><img loading=\"lazy\" decoding=\"async\" width=\"286\" height=\"300\" src=\"https:\/\/www.radiopiu.net\/wordpress\/wp-content\/uploads\/2019\/10\/Schermata-2019-10-26-alle-14.23.29-286x300.png\" class=\"attachment-medium size-medium\" alt=\"\" srcset=\"https:\/\/www.radiopiu.net\/wordpress\/wp-content\/uploads\/2019\/10\/Schermata-2019-10-26-alle-14.23.29-286x300.png 286w, https:\/\/www.radiopiu.net\/wordpress\/wp-content\/uploads\/2019\/10\/Schermata-2019-10-26-alle-14.23.29-768x806.png 768w, https:\/\/www.radiopiu.net\/wordpress\/wp-content\/uploads\/2019\/10\/Schermata-2019-10-26-alle-14.23.29-976x1024.png 976w, https:\/\/www.radiopiu.net\/wordpress\/wp-content\/uploads\/2019\/10\/Schermata-2019-10-26-alle-14.23.29.png 1222w\" sizes=\"auto, (max-width: 286px) 100vw, 286px\" \/><\/a>\n\t\t\t\t<\/dt><\/dl><dl class='gallery-item'>\n\t\t\t\t<dt class='gallery-icon portrait'>\n\t\t\t\t\t<a class=\"rollover\" href='https:\/\/www.radiopiu.net\/wordpress\/pa-continua-a-crescere-la-spesa-per-consumi-intermedi-nel-2018-sforati-i-100-miliardi\/schermata-2019-10-26-alle-14-23-10\/'><img loading=\"lazy\" decoding=\"async\" width=\"279\" height=\"300\" src=\"https:\/\/www.radiopiu.net\/wordpress\/wp-content\/uploads\/2019\/10\/Schermata-2019-10-26-alle-14.23.10-279x300.png\" class=\"attachment-medium size-medium\" alt=\"\" srcset=\"https:\/\/www.radiopiu.net\/wordpress\/wp-content\/uploads\/2019\/10\/Schermata-2019-10-26-alle-14.23.10-279x300.png 279w, https:\/\/www.radiopiu.net\/wordpress\/wp-content\/uploads\/2019\/10\/Schermata-2019-10-26-alle-14.23.10-768x827.png 768w, https:\/\/www.radiopiu.net\/wordpress\/wp-content\/uploads\/2019\/10\/Schermata-2019-10-26-alle-14.23.10-951x1024.png 951w, https:\/\/www.radiopiu.net\/wordpress\/wp-content\/uploads\/2019\/10\/Schermata-2019-10-26-alle-14.23.10.png 962w\" sizes=\"auto, (max-width: 279px) 100vw, 279px\" \/><\/a>\n\t\t\t\t<\/dt><\/dl><br style=\"clear: both\" \/>\n\t\t\t<\/div>\n\n","protected":false},"excerpt":{"rendered":"<p>Nonostante la tanto sbandierata spending review, l\u2019Ufficio studi della CGIA denuncia come la spesa per i consumi intermedi della Pubblica amministrazione continui a correre. Per la manutenzione ordinaria, gli acquisti di cancelleria, le spese energetiche e di esercizio dei mezzi di trasporto, i servizi di ricerca-sviluppo e di formazione del personale acquistati all\u2019esterno, la quota&hellip;<\/p>\n","protected":false},"author":1,"featured_media":103967,"comment_status":"closed","ping_status":"closed","sticky":false,"template":"","format":"standard","meta":{"_monsterinsights_skip_tracking":false,"_monsterinsights_sitenote_active":false,"_monsterinsights_sitenote_note":"","_monsterinsights_sitenote_category":0,"footnotes":""},"categories":[103,49],"tags":[],"class_list":["post-103960","post","type-post","status-publish","format-standard","has-post-thumbnail","hentry","category-evidenza_2","category-news-18","category-103","category-49","description-off"],"img_url":"https:\/\/www.radiopiu.net\/wordpress\/wp-content\/uploads\/2019\/10\/coins-1523383_1280.jpg","_links":{"self":[{"href":"https:\/\/www.radiopiu.net\/wordpress\/wp-json\/wp\/v2\/posts\/103960","targetHints":{"allow":["GET"]}}],"collection":[{"href":"https:\/\/www.radiopiu.net\/wordpress\/wp-json\/wp\/v2\/posts"}],"about":[{"href":"https:\/\/www.radiopiu.net\/wordpress\/wp-json\/wp\/v2\/types\/post"}],"author":[{"embeddable":true,"href":"https:\/\/www.radiopiu.net\/wordpress\/wp-json\/wp\/v2\/users\/1"}],"replies":[{"embeddable":true,"href":"https:\/\/www.radiopiu.net\/wordpress\/wp-json\/wp\/v2\/comments?post=103960"}],"version-history":[{"count":0,"href":"https:\/\/www.radiopiu.net\/wordpress\/wp-json\/wp\/v2\/posts\/103960\/revisions"}],"wp:featuredmedia":[{"embeddable":true,"href":"https:\/\/www.radiopiu.net\/wordpress\/wp-json\/wp\/v2\/media\/103967"}],"wp:attachment":[{"href":"https:\/\/www.radiopiu.net\/wordpress\/wp-json\/wp\/v2\/media?parent=103960"}],"wp:term":[{"taxonomy":"category","embeddable":true,"href":"https:\/\/www.radiopiu.net\/wordpress\/wp-json\/wp\/v2\/categories?post=103960"},{"taxonomy":"post_tag","embeddable":true,"href":"https:\/\/www.radiopiu.net\/wordpress\/wp-json\/wp\/v2\/tags?post=103960"}],"curies":[{"name":"wp","href":"https:\/\/api.w.org\/{rel}","templated":true}]}}