{"id":103973,"date":"2019-10-26T17:55:45","date_gmt":"2019-10-26T15:55:45","guid":{"rendered":"http:\/\/www.radiopiu.net\/wordpress\/?p=103973"},"modified":"2019-10-27T11:22:13","modified_gmt":"2019-10-27T10:22:13","slug":"ospitale-di-cadore-incidente-boschivo","status":"publish","type":"post","link":"https:\/\/www.radiopiu.net\/wordpress\/ospitale-di-cadore-incidente-boschivo\/","title":{"rendered":"OSPITALE DI CADORE &#8211; INCIDENTE BOSCHIVO"},"content":{"rendered":"<p>Verso mezzogiorno in loc. Termine di Ospitale di Cadore,Moreno Santin, di 46 anni, stava tagliando legna a Termine di Cadore Subito soccorso dai compagni, \u00e8 stato elitrasportato in ospedale a Belluno, \u00e8 rimasto schiacciato per lo spostamento di un&#8217;altra pianta. L&#8217;uomo \u00e8 stato elitrasportato presso il pronto soccorso dell\u2019ospedale di Belluno, con un trauma al bacino e frattura all\u2019arto inferiore dx,\u00a0 l\u2019infortunato non versa in pericolo di vita.<\/p>\n<p>DAL SOCCORSO ALPINO<\/p>\n<p>TRAVOLTO DA UNA PIANTA MENTRE FA LEGNA<\/p>\n<p>Ospitale di Cadore (BL), 26 &#8211; 10 &#8211; 19<br \/>\nAttorno alle 11.30 il Soccorso alpino di Longarone \u00e8 stato allertato per un uomo travolto da una pianta durante il taglio della legna nei boschi di Col de le Tosate a Termine di Cadore. L&#8217;uomo, Moreno Santin, di 46 anni, stava tagliando legna a Termine di Cadore Subito soccorso dai compagni, \u00e8 stato elitrasportato in ospedale a Belluno di Longarone (BL), che era rimasto con una gamba sotto il tronco &#8211; subito tolto dai compagni utilizzando la motosega per liberarlo &#8211; \u00e8 stato raggiunto dall&#8217;equipe medica e dal tecnico di elisoccorso sbarcati con un verricello dall&#8217;elicottero del Suem di Pieve di Cadore, mentre sopraggiungeva una squadra di soccorritori. Prestate le prime cure per un possibile trauma da schiacciamento, l&#8217;infortunato \u00e8 stato imbarellato e recuperato con un verricello di 20 metri, per essere trasportato all&#8217;ospedale di Belluno. Sul posto anche i Vigili del fuoco.<\/p>\n","protected":false},"excerpt":{"rendered":"<p>Verso mezzogiorno in loc. Termine di Ospitale di Cadore,Moreno Santin, di 46 anni, stava tagliando legna a Termine di Cadore Subito soccorso dai compagni, \u00e8 stato elitrasportato in ospedale a Belluno, \u00e8 rimasto schiacciato per lo spostamento di un&#8217;altra pianta. L&#8217;uomo \u00e8 stato elitrasportato presso il pronto soccorso dell\u2019ospedale di Belluno, con un trauma al&hellip;<\/p>\n","protected":false},"author":1,"featured_media":103974,"comment_status":"closed","ping_status":"closed","sticky":false,"template":"","format":"standard","meta":{"_monsterinsights_skip_tracking":false,"_monsterinsights_sitenote_active":false,"_monsterinsights_sitenote_note":"","_monsterinsights_sitenote_category":0,"footnotes":""},"categories":[51,49],"tags":[],"class_list":["post-103973","post","type-post","status-publish","format-standard","has-post-thumbnail","hentry","category-evidenza-top","category-news-18","category-51","category-49","description-off"],"img_url":"https:\/\/www.radiopiu.net\/wordpress\/wp-content\/uploads\/2019\/10\/chainsaw-3655667_1280.jpg","_links":{"self":[{"href":"https:\/\/www.radiopiu.net\/wordpress\/wp-json\/wp\/v2\/posts\/103973","targetHints":{"allow":["GET"]}}],"collection":[{"href":"https:\/\/www.radiopiu.net\/wordpress\/wp-json\/wp\/v2\/posts"}],"about":[{"href":"https:\/\/www.radiopiu.net\/wordpress\/wp-json\/wp\/v2\/types\/post"}],"author":[{"embeddable":true,"href":"https:\/\/www.radiopiu.net\/wordpress\/wp-json\/wp\/v2\/users\/1"}],"replies":[{"embeddable":true,"href":"https:\/\/www.radiopiu.net\/wordpress\/wp-json\/wp\/v2\/comments?post=103973"}],"version-history":[{"count":0,"href":"https:\/\/www.radiopiu.net\/wordpress\/wp-json\/wp\/v2\/posts\/103973\/revisions"}],"wp:featuredmedia":[{"embeddable":true,"href":"https:\/\/www.radiopiu.net\/wordpress\/wp-json\/wp\/v2\/media\/103974"}],"wp:attachment":[{"href":"https:\/\/www.radiopiu.net\/wordpress\/wp-json\/wp\/v2\/media?parent=103973"}],"wp:term":[{"taxonomy":"category","embeddable":true,"href":"https:\/\/www.radiopiu.net\/wordpress\/wp-json\/wp\/v2\/categories?post=103973"},{"taxonomy":"post_tag","embeddable":true,"href":"https:\/\/www.radiopiu.net\/wordpress\/wp-json\/wp\/v2\/tags?post=103973"}],"curies":[{"name":"wp","href":"https:\/\/api.w.org\/{rel}","templated":true}]}}