{"id":104174,"date":"2019-10-28T15:18:16","date_gmt":"2019-10-28T14:18:16","guid":{"rendered":"http:\/\/www.radiopiu.net\/wordpress\/?p=104174"},"modified":"2019-10-29T15:13:07","modified_gmt":"2019-10-29T14:13:07","slug":"giornale-radiopiu-29-ottobre-2019-direttore-mirko-mezzacasa","status":"publish","type":"post","link":"https:\/\/www.radiopiu.net\/wordpress\/giornale-radiopiu-29-ottobre-2019-direttore-mirko-mezzacasa\/","title":{"rendered":"GIORNALE RADIOPIU 29 OTTOBRE 2019 DIRETTORE MIRKO MEZZACASA"},"content":{"rendered":"<div class=\"wpb-content-wrapper\"><p>&nbsp;<\/p>\n<h2>RASSEGNA STAMPA, OGGI 29 OTTOBRE 2019. DI MIRKO MEZZACASA, DAL 25 GIUGNO 1983 SPECIALE VAIA, UN ANNO DOPO.<\/h2>\n<p>&nbsp;<\/p>\n<audio class=\"wp-audio-shortcode\" id=\"audio-104174-1\" preload=\"none\" style=\"width: 100%;\" controls=\"controls\"><source type=\"audio\/mpeg\" src=\"http:\/\/www.radiopiu.net\/wordpress\/wp-content\/uploads\/2019\/10\/112aac2c-d070-4a6d-b7b5-e2e6f23c38a7.mp3?_=1\" \/><a href=\"http:\/\/www.radiopiu.net\/wordpress\/wp-content\/uploads\/2019\/10\/112aac2c-d070-4a6d-b7b5-e2e6f23c38a7.mp3\">http:\/\/www.radiopiu.net\/wordpress\/wp-content\/uploads\/2019\/10\/112aac2c-d070-4a6d-b7b5-e2e6f23c38a7.mp3<\/a><\/audio>\n<p>&nbsp;<\/p>\n<p>&nbsp;<\/p>\n<h3>INQUINATORI PER RISPARMIARE QUATTRO SOLDI, VERGOGNOSO EPISODIO IN VALLE DI SAN LUCANO<\/h3>\n<p><strong><a class=\"dt-pswp-item\" href=\"http:\/\/www.radiopiu.net\/wordpress\/wp-content\/uploads\/2019\/10\/1d5fd67a-49d3-4bf1-96aa-8874d5df72e1.jpg\" data-dt-img-description=\"\" data-large_image_width=\"1600\" data-large_image_height=\"800\"><img loading=\"lazy\" decoding=\"async\" class=\"alignleft wp-image-104283\" src=\"http:\/\/www.radiopiu.net\/wordpress\/wp-content\/uploads\/2019\/10\/1d5fd67a-49d3-4bf1-96aa-8874d5df72e1-300x150.jpg\" alt=\"\" width=\"240\" height=\"120\" srcset=\"https:\/\/www.radiopiu.net\/wordpress\/wp-content\/uploads\/2019\/10\/1d5fd67a-49d3-4bf1-96aa-8874d5df72e1-300x150.jpg 300w, https:\/\/www.radiopiu.net\/wordpress\/wp-content\/uploads\/2019\/10\/1d5fd67a-49d3-4bf1-96aa-8874d5df72e1-768x384.jpg 768w, https:\/\/www.radiopiu.net\/wordpress\/wp-content\/uploads\/2019\/10\/1d5fd67a-49d3-4bf1-96aa-8874d5df72e1-1024x512.jpg 1024w, https:\/\/www.radiopiu.net\/wordpress\/wp-content\/uploads\/2019\/10\/1d5fd67a-49d3-4bf1-96aa-8874d5df72e1.jpg 1600w\" sizes=\"auto, (max-width: 240px) 100vw, 240px\" \/><\/a>TAIBON<\/strong> Quando G.R. si \u00e8 fermato per dare uno sguardo alla martoriata Valle di San Lucano non solo \u00e8 rimasto stordito per quegli alberi ancora a terra tutt&#8217;attorno al laghetto delle Peschiere (dove sono in corso i lavori di recupero dell&#8217;area), non solo ha perso il fiato tra il cemento della nuova arena in costruzione, peggio. I suoi occhi sbalorditi e con una senso di vergogna per gli autori del gesto si sono fermati su quei sacchi di nylon nero da discarica con dentro prodotti bituminosi, probabilmente scarto di qualche lavorazione domestica, forse un tetto. Tutto questo sulla strada comunale che porta alla Valle di San Lucano, difronte al laghetto delle Peschiere in localit\u00e0 Scalette. Il lancio dei sacchettoni non \u00e8 nemmeno riuscito tanto bene visto che in parte \u00e8 rimasto impigliato tra gli alberi a bordo strada.\u00a0 Ma chi \u00e8 stato?\u00a0 Perch\u00e9 continuare a martoriare una valle gi\u00e0 duramente provata un anno fa da Vaia. Difficile in questa occasione dare la colpa al turista di passaggio e da ancora pi\u00f9 fastidio il pensiero che possa essere stato un locale, un cittadino di un paese che ha conosciuto i giorni di Vaia e la distruzione\u00a0 visibile tutt&#8217;attorno, per l&#8217;uragano, ma anche\u00a0 per le fiamme dell&#8217;incendio del 24 ottobre 2018. Il luogo dove \u00e8 stata fotografata l&#8217;improvvisata discarica,\u00a0 chiss\u00e0 che qualcuno non possa testimoniare il passaggio dell&#8217;autore del reato ambientale che credendosi furbo ha pure ricoperto i rifiuti di segatura, un goffo tentativo di nasconderli. Evidentemente non sono stati nascosti e probabilmente saranno gli operai comunali che dovranno intervenire, oppure i ragazzi delle scuole nell&#8217;ambito delle annuali operazioni ecologiche.<\/p>\n<h3>IL VIDEO<\/h3>\n<div style=\"width: 1200px;\" class=\"wp-video\"><video class=\"wp-video-shortcode\" id=\"video-104174-1\" width=\"1200\" height=\"675\" preload=\"metadata\" controls=\"controls\"><source type=\"video\/mp4\" src=\"http:\/\/www.radiopiu.net\/wordpress\/wp-content\/uploads\/2019\/10\/WhatsApp-Video-2019-10-28-at-16.24.04.mp4?_=1\" \/><a href=\"http:\/\/www.radiopiu.net\/wordpress\/wp-content\/uploads\/2019\/10\/WhatsApp-Video-2019-10-28-at-16.24.04.mp4\">http:\/\/www.radiopiu.net\/wordpress\/wp-content\/uploads\/2019\/10\/WhatsApp-Video-2019-10-28-at-16.24.04.mp4<\/a><\/video><\/div>\n<h3>GALLERIA FOTOGRAFICA<\/h3>\n<p><a class=\"dt-pswp-item\" href=\"http:\/\/www.radiopiu.net\/wordpress\/wp-content\/uploads\/2019\/10\/78709af0-6ea0-45f5-ac40-0ee99aa73ac7.jpg\" data-dt-img-description=\"\" data-large_image_width=\"800\" data-large_image_height=\"1600\"><img loading=\"lazy\" decoding=\"async\" class=\"alignleft size-medium wp-image-104288\" src=\"http:\/\/www.radiopiu.net\/wordpress\/wp-content\/uploads\/2019\/10\/78709af0-6ea0-45f5-ac40-0ee99aa73ac7-150x300.jpg\" alt=\"\" width=\"150\" height=\"300\" srcset=\"https:\/\/www.radiopiu.net\/wordpress\/wp-content\/uploads\/2019\/10\/78709af0-6ea0-45f5-ac40-0ee99aa73ac7-150x300.jpg 150w, https:\/\/www.radiopiu.net\/wordpress\/wp-content\/uploads\/2019\/10\/78709af0-6ea0-45f5-ac40-0ee99aa73ac7-768x1536.jpg 768w, https:\/\/www.radiopiu.net\/wordpress\/wp-content\/uploads\/2019\/10\/78709af0-6ea0-45f5-ac40-0ee99aa73ac7-512x1024.jpg 512w, https:\/\/www.radiopiu.net\/wordpress\/wp-content\/uploads\/2019\/10\/78709af0-6ea0-45f5-ac40-0ee99aa73ac7.jpg 800w\" sizes=\"auto, (max-width: 150px) 100vw, 150px\" \/><\/a><a class=\"dt-pswp-item\" href=\"http:\/\/www.radiopiu.net\/wordpress\/wp-content\/uploads\/2019\/10\/9ebaa101-e502-4b96-97b1-ea282018801b.jpg\" data-dt-img-description=\"\" data-large_image_width=\"800\" data-large_image_height=\"1600\"><img loading=\"lazy\" decoding=\"async\" class=\"alignleft size-medium wp-image-104287\" src=\"http:\/\/www.radiopiu.net\/wordpress\/wp-content\/uploads\/2019\/10\/9ebaa101-e502-4b96-97b1-ea282018801b-150x300.jpg\" alt=\"\" width=\"150\" height=\"300\" srcset=\"https:\/\/www.radiopiu.net\/wordpress\/wp-content\/uploads\/2019\/10\/9ebaa101-e502-4b96-97b1-ea282018801b-150x300.jpg 150w, https:\/\/www.radiopiu.net\/wordpress\/wp-content\/uploads\/2019\/10\/9ebaa101-e502-4b96-97b1-ea282018801b-768x1536.jpg 768w, https:\/\/www.radiopiu.net\/wordpress\/wp-content\/uploads\/2019\/10\/9ebaa101-e502-4b96-97b1-ea282018801b-512x1024.jpg 512w, https:\/\/www.radiopiu.net\/wordpress\/wp-content\/uploads\/2019\/10\/9ebaa101-e502-4b96-97b1-ea282018801b.jpg 800w\" sizes=\"auto, (max-width: 150px) 100vw, 150px\" \/><\/a><a class=\"dt-pswp-item\" href=\"http:\/\/www.radiopiu.net\/wordpress\/wp-content\/uploads\/2019\/10\/9ba528d3-c8bb-430d-97d4-0270beab0ad8.jpg\" data-dt-img-description=\"\" data-large_image_width=\"800\" data-large_image_height=\"1600\"><img loading=\"lazy\" decoding=\"async\" class=\"alignleft size-medium wp-image-104286\" src=\"http:\/\/www.radiopiu.net\/wordpress\/wp-content\/uploads\/2019\/10\/9ba528d3-c8bb-430d-97d4-0270beab0ad8-150x300.jpg\" alt=\"\" width=\"150\" height=\"300\" srcset=\"https:\/\/www.radiopiu.net\/wordpress\/wp-content\/uploads\/2019\/10\/9ba528d3-c8bb-430d-97d4-0270beab0ad8-150x300.jpg 150w, https:\/\/www.radiopiu.net\/wordpress\/wp-content\/uploads\/2019\/10\/9ba528d3-c8bb-430d-97d4-0270beab0ad8-768x1536.jpg 768w, https:\/\/www.radiopiu.net\/wordpress\/wp-content\/uploads\/2019\/10\/9ba528d3-c8bb-430d-97d4-0270beab0ad8-512x1024.jpg 512w, https:\/\/www.radiopiu.net\/wordpress\/wp-content\/uploads\/2019\/10\/9ba528d3-c8bb-430d-97d4-0270beab0ad8.jpg 800w\" sizes=\"auto, (max-width: 150px) 100vw, 150px\" \/><\/a><img loading=\"lazy\" decoding=\"async\" class=\"alignleft size-medium wp-image-104284\" src=\"http:\/\/www.radiopiu.net\/wordpress\/wp-content\/uploads\/2019\/10\/2f2301c5-6278-4cec-a1ab-9dff0fd0441c-150x300.jpg\" alt=\"\" width=\"150\" height=\"300\" srcset=\"https:\/\/www.radiopiu.net\/wordpress\/wp-content\/uploads\/2019\/10\/2f2301c5-6278-4cec-a1ab-9dff0fd0441c-150x300.jpg 150w, https:\/\/www.radiopiu.net\/wordpress\/wp-content\/uploads\/2019\/10\/2f2301c5-6278-4cec-a1ab-9dff0fd0441c-768x1536.jpg 768w, https:\/\/www.radiopiu.net\/wordpress\/wp-content\/uploads\/2019\/10\/2f2301c5-6278-4cec-a1ab-9dff0fd0441c-512x1024.jpg 512w, https:\/\/www.radiopiu.net\/wordpress\/wp-content\/uploads\/2019\/10\/2f2301c5-6278-4cec-a1ab-9dff0fd0441c.jpg 800w\" sizes=\"auto, (max-width: 150px) 100vw, 150px\" \/><\/p>\n<p>&nbsp;<\/p>\n<p>&nbsp;<\/p>\n<p>&nbsp;<\/p>\n<p>&nbsp;<\/p>\n<p>&nbsp;<\/p>\n<p>&nbsp;<\/p>\n<p>&nbsp;<\/p>\n<p>&nbsp;<\/p>\n<p>&nbsp;<\/p>\n<p>&nbsp;<\/p>\n<h2><\/h2>\n<h2>IL SINDACO DI TAIBON SILVIA TORMEN<\/h2>\n<audio class=\"wp-audio-shortcode\" id=\"audio-104174-2\" preload=\"none\" style=\"width: 100%;\" controls=\"controls\"><source type=\"audio\/mpeg\" src=\"http:\/\/www.radiopiu.net\/wordpress\/wp-content\/uploads\/2019\/10\/SILVIA-1.mp3?_=2\" \/><a href=\"http:\/\/www.radiopiu.net\/wordpress\/wp-content\/uploads\/2019\/10\/SILVIA-1.mp3\">http:\/\/www.radiopiu.net\/wordpress\/wp-content\/uploads\/2019\/10\/SILVIA-1.mp3<\/a><\/audio>\n<p>&nbsp;<\/p>\n<h2><\/h2>\n<p>&nbsp;<\/p>\n<h2>QUANDO VINCE L&#8217;ECOLOGIA, IN 100 CON L&#8217;AMMINISTRAZIONE COMUNALE<\/h2>\n<h3><strong>La maleducazione lungo la regionale 203 agordina, metalli, bottiglie, anche un boyler. Educazione civica sotto i tacchi e rimetterci l&#8217;ambiente<\/strong><\/h3>\n<p><strong>SEDICO\u00a0<\/strong><\/p>\n<p>&nbsp;<\/p>\n<p><strong>DI DAMIANO TORMEN\u00a0<\/strong><\/p>\n<audio class=\"wp-audio-shortcode\" id=\"audio-104174-3\" preload=\"none\" style=\"width: 100%;\" controls=\"controls\"><source type=\"audio\/mpeg\" src=\"http:\/\/www.radiopiu.net\/wordpress\/wp-content\/uploads\/2019\/10\/damiano-sedico-3.mp3?_=3\" \/><a href=\"http:\/\/www.radiopiu.net\/wordpress\/wp-content\/uploads\/2019\/10\/damiano-sedico-3.mp3\">http:\/\/www.radiopiu.net\/wordpress\/wp-content\/uploads\/2019\/10\/damiano-sedico-3.mp3<\/a><\/audio>\n<p>&nbsp;<\/p>\n<p>&nbsp;<\/p>\n<p>&nbsp;<\/p>\n<p>&nbsp;<\/p>\n<p>&nbsp;<\/p>\n<h1 style=\"text-align: center;\"><span style=\"color: #ff0000;\">DENTRO LA NOTIZIA: RACCONTO DAI LUOGHI DEL DISASTRO La tempesta Vaia, la voce di Radio Pi\u00f9<\/span><\/h1>\n[vc_row][vc_column][vc_row_inner][vc_column_inner][vc_single_image image=&#8221;104210&#8243; img_size=&#8221;full&#8221;][\/vc_column_inner][\/vc_row_inner][vc_column_text]<a class=\"dt-pswp-item\" href=\"http:\/\/www.radiopiu.net\/wordpress\/wp-content\/uploads\/2019\/10\/foresta-dida.jpg\" data-dt-img-description=\"\" data-large_image_width=\"1210\" data-large_image_height=\"790\"><img loading=\"lazy\" decoding=\"async\" class=\"alignleft size-medium wp-image-104254\" src=\"http:\/\/www.radiopiu.net\/wordpress\/wp-content\/uploads\/2019\/10\/foresta-dida-300x196.jpg\" alt=\"\" width=\"300\" height=\"196\" srcset=\"https:\/\/www.radiopiu.net\/wordpress\/wp-content\/uploads\/2019\/10\/foresta-dida-300x196.jpg 300w, https:\/\/www.radiopiu.net\/wordpress\/wp-content\/uploads\/2019\/10\/foresta-dida-768x501.jpg 768w, https:\/\/www.radiopiu.net\/wordpress\/wp-content\/uploads\/2019\/10\/foresta-dida-1024x669.jpg 1024w, https:\/\/www.radiopiu.net\/wordpress\/wp-content\/uploads\/2019\/10\/foresta-dida.jpg 1210w\" sizes=\"auto, (max-width: 300px) 100vw, 300px\" \/><\/a><\/p>\n<p class=\"p1\"><strong>di Damiano Tormen<\/strong><\/p>\n<p class=\"p1\"><em>Prova di idoneit\u00e0 professionale, 129\u00b0 sessione presentato all\u2019ordine dei giornalisti consiglio nazionale, per l\u2019ammissione a giornalista professionista.<\/em><\/p>\n<p>La radio da\u0300 la notizia, la televisione la mostra, il giornale la spiega. La vecchia regola sembrerebbe superata con l\u2019avvento di internet, in grado di fare tutte e tre le operazioni contemporaneamente, per di piu\u0300 con lo stesso media. Invece, basta (si fa per dire) un evento meteo eccezionale per stravolgere la situazione.E\u0300 successo a fine ottobre, tra domenica 28 e martedi\u0300 30, in provincia di Belluno. Un\u2019autentica bufera d\u2019acqua e di vento si e\u0300 abbattuta sulle Dolomiti. Ha colpito tutta la zona montana e in maniera particolare l\u2019Agordino, un territorio di 21mila abitanti, 16 Comuni, attraversato dal torrente Cordevole e noto soprattutto per gli stabilimenti Luxottica, e per localita\u0300 sciistiche come Alleghe, Arabba e Falcade (segnate da montagne come il Civetta e le Pale di San Lucano).La tempesta che i meteorologi hanno chiamato \u201cVaia\u201d ha provocato anche cinque vittime nel Bellunese. E ha fatto il giro del mondo con le immagini della \u201cstrage di alberi\u201d. Foreste abbattute come fossero stuzzicadenti. La catastrofe del vento ha sradicato e spezzato quasi il 40 per cento del patrimonio boschivo dell\u2019intera provincia di Belluno, tra i 10 e i 14 milioni di metri cubi di piante nel Nordest, secondo le stime di Coldiretti (\u00abvale a dire la quantita\u0300 di legname che tutte le segherie italiane insieme sono in grado di lavorare in sette anni\u00bb, fa sapere Confartigianato Belluno).Non solo disastro dei boschi: strade squarciate, case scoperchiate, tralicci abbattuti; molti paesi sono rimasti isolati e muti, niente linee telefoniche, ne\u0301 internet per quasi una settimana. L\u2019unica voce e\u0300 stata quella di una radio locale: Radiopiu ha tenuto collegati tra loro i piccoli centri montani. Non solo ha fatto \u201cparlare\u201d tra di loro gli abitanti della zona, che si sono potuti scambiare informazioni, ma ha anche raccontato la devastazione al resto della provincia di Belluno.<\/p>\n<p><strong>DIRETTA A TUTTI I COSTI<\/strong><\/p>\n<p><a class=\"dt-pswp-item\" href=\"http:\/\/www.radiopiu.net\/wordpress\/wp-content\/uploads\/2019\/10\/mezza-dida.jpg\" data-dt-img-description=\"\" data-large_image_width=\"1000\" data-large_image_height=\"780\"><img loading=\"lazy\" decoding=\"async\" class=\"size-medium wp-image-104255 alignleft\" src=\"http:\/\/www.radiopiu.net\/wordpress\/wp-content\/uploads\/2019\/10\/mezza-dida-300x234.jpg\" alt=\"\" width=\"300\" height=\"234\" srcset=\"https:\/\/www.radiopiu.net\/wordpress\/wp-content\/uploads\/2019\/10\/mezza-dida-300x234.jpg 300w, https:\/\/www.radiopiu.net\/wordpress\/wp-content\/uploads\/2019\/10\/mezza-dida-768x599.jpg 768w, https:\/\/www.radiopiu.net\/wordpress\/wp-content\/uploads\/2019\/10\/mezza-dida.jpg 1000w\" sizes=\"auto, (max-width: 300px) 100vw, 300px\" \/><\/a>Tra le zone piu\u0300 flagellate, proprio l\u2019Agordino, il bacino d\u2019utenza principale di Radiopiu. Alle prime avvisaglie della tempesta, molti paesi sono rimasti isolati, in completo black-out elettrico.\u00abTutti a comprare radioline a pile\u00bb racconta Mirko Mezzacasa, giornalista e direttore di Radiopiu.\u2028Tra mille difficolta\u0300 l\u2019emittente radiofonica ha continuato a trasmettere. Da sola, quasi eroicamente. \u00abCi siamo trovati a essere parte della notizia, visto che anche a noi il maltempo ha provocato danni ingenti &#8211; continua Mezzacasa -. Frane e vento ci hanno abbattuto tutti i ripetitori e siamo rimasti in black-out. Con mezzi di fortuna e con l\u2019aiuto dei gruppi elettrogeni, siamo riusciti a continuare a trasmettere. E a descrivere la situazione sia a quelli che restavano isolati nei loro paesi, sia ai bellunesi del resto della provincia. Siamo sempre stati una radio di servizio, nata proprio per collegare le frazioni dell\u2019Agordino; e in quei giorni ancora di piu\u0300. Abbiamo fatto girare le notizie per agevolare le operazioni dei soccorritori. Abbiamo dato una mano alla Protezione Civile. Abbiamo raccolto le voci degli sfollati e dato informazioni sulle chiusure delle strade. Siamo stati l\u2019unica voce che entrava nelle case degli agordini\u00bb.Tutto grazie a un paio di postazioni radio, ripristinate in maniera artigianale dai tecnici. E anche grazie alle dirette Facebook, l\u2019unico mezzo utile per trasmettere audio e video fuori dall\u2019Agordino.\u00abDa fuori vallata non sopraggiungevano segnali per televisioni e radio, cosi\u0300 abbiamo avuto l\u2019etere libero e potevamo trasmettere in tutto l\u2019Agordino, con due soli ripetitori attivi. Per raccontare il disastro al resto della provincia, abbiamo usato il canale social. C\u2019era un problema, pero\u0300: i telefonini non avevano campo. Abbiamo dovuto fare ogni giorno diversi chilometri in macchina, spostarci fuori vallata, per poter agganciare la linea 4G e descrivere la situazione al \u201cresto del mondo\u201d\u00bb. In pratica, per alcuni giorni, Radiopiu e\u0300 stata l\u2019unico collegamento tra le frazioni dell\u2019Agordino e il resto della provincia di Belluno. \u00abPer tre giorni di fila non ho dormito\u00bb continua Mezzacasa. \u00abDovevamo continuare a dare informazioni, per far capire alle persone isolate che non erano sole, anche se si trovavano in mezzo al disastro\u00bb.<\/p>\n<p><strong>LA TEMPESTA<\/strong><\/p>\n<p>D<a class=\"dt-pswp-item\" href=\"http:\/\/www.radiopiu.net\/wordpress\/wp-content\/uploads\/2019\/10\/casarocca-dida.jpg\" data-dt-img-description=\"\" data-large_image_width=\"1128\" data-large_image_height=\"730\"><img loading=\"lazy\" decoding=\"async\" class=\"size-medium wp-image-104251 alignleft\" src=\"http:\/\/www.radiopiu.net\/wordpress\/wp-content\/uploads\/2019\/10\/casarocca-dida-300x194.jpg\" alt=\"\" width=\"300\" height=\"194\" srcset=\"https:\/\/www.radiopiu.net\/wordpress\/wp-content\/uploads\/2019\/10\/casarocca-dida-300x194.jpg 300w, https:\/\/www.radiopiu.net\/wordpress\/wp-content\/uploads\/2019\/10\/casarocca-dida-768x497.jpg 768w, https:\/\/www.radiopiu.net\/wordpress\/wp-content\/uploads\/2019\/10\/casarocca-dida-1024x663.jpg 1024w, https:\/\/www.radiopiu.net\/wordpress\/wp-content\/uploads\/2019\/10\/casarocca-dida.jpg 1128w\" sizes=\"auto, (max-width: 300px) 100vw, 300px\" \/><\/a>i autentico disastro si e\u0300 trattato. Gli esperti del Centro Arpav (Agenzia regionale protezione ambiente del Veneto) di Arabba spiegano quello che e\u0300 accaduto: un piccolo uragano, somigliante a quelli delle zone tropicali. Solo che sulle Dolomiti non si erano mai verificati eventi simili, almeno a memoria d\u2019uomo.Tra il 28 e il 30 ottobre 2018, si sono sommate le condizioni necessarie a creare la tempesta del secolo. Precipitazioni eccezionali e raffiche di vento a 140-150 km\/h (con punte di 192 km\/h), frutto di una profonda depressione transitata sulle Alpi, fino a raggiungere un minimo barico eccezionale il giorno 29. Questo ha generato quella che i meteorologi descrivono come \u201cforza traente\u201d, capace di richiamare sull\u2019alto Veneto un fortissimo vento di scirocco.Le precipitazioni, abbondanti fin dal 28 ottobre, sono diventate da record tra il pomeriggio e la sera del 29. Alcune stazioni meteo hanno registrato punte orarie di 30-50 millimetri di pioggia. A Soffranco (Longarone) il pluviometro ha segnato 715,8 millimetri di pioggia in poco piu\u0300 di 48 ore (da notare che le medie degli ultimi anni fissano a poco piu\u0300 di 300 millimetri le precipitazioni totali dell\u2019intero mese di ottobre); \u00abvale a dire poco meno del quantitativo di acqua di un anno intero a Roma\u00bb sottolinea Robert Thierry Luciani, meteorologo Arpav. A Sant\u2019Andrea di Gosaldo (nell\u2019Agordino) le precipitazioni hanno raggiunto i 658 millimetri nell\u2019arco dei tre giorni, mentre nel capoluogo Agordo la pioggia ha toccato quota 564 millimetri.<\/p>\n\n\t\t\t<style type='text\/css'>\n\t\t\t\t#gallery-1 {\n\t\t\t\t\tmargin: auto;\n\t\t\t\t}\n\t\t\t\t#gallery-1 .gallery-item {\n\t\t\t\t\tfloat: left;\n\t\t\t\t\tmargin-top: 10px;\n\t\t\t\t\ttext-align: center;\n\t\t\t\t\twidth: 50%;\n\t\t\t\t}\n\t\t\t\t#gallery-1 img {\n\t\t\t\t\tborder: 2px solid #cfcfcf;\n\t\t\t\t}\n\t\t\t\t#gallery-1 .gallery-caption {\n\t\t\t\t\tmargin-left: 0;\n\t\t\t\t}\n\t\t\t\t\/* see gallery_shortcode() in wp-includes\/media.php *\/\n\t\t\t<\/style>\n\t\t<div id='gallery-1' class='dt-gallery-container gallery galleryid-104174 gallery-columns-2 gallery-size-medium'><dl class='gallery-item'>\n\t\t\t\t<dt class='gallery-icon portrait'>\n\t\t\t\t\t<a class=\"rollover rollover-zoom dt-pswp-item\" title=\"pontemas-dida\" data-dt-img-description=\"\" data-large_image_width=\"1020\" data-large_image_height=\"1179\"href='https:\/\/www.radiopiu.net\/wordpress\/wp-content\/uploads\/2019\/10\/pontemas-dida.jpg'><img loading=\"lazy\" decoding=\"async\" width=\"260\" height=\"300\" src=\"https:\/\/www.radiopiu.net\/wordpress\/wp-content\/uploads\/2019\/10\/pontemas-dida-260x300.jpg\" class=\"attachment-medium size-medium\" alt=\"\" srcset=\"https:\/\/www.radiopiu.net\/wordpress\/wp-content\/uploads\/2019\/10\/pontemas-dida-260x300.jpg 260w, https:\/\/www.radiopiu.net\/wordpress\/wp-content\/uploads\/2019\/10\/pontemas-dida-768x888.jpg 768w, https:\/\/www.radiopiu.net\/wordpress\/wp-content\/uploads\/2019\/10\/pontemas-dida-886x1024.jpg 886w, https:\/\/www.radiopiu.net\/wordpress\/wp-content\/uploads\/2019\/10\/pontemas-dida.jpg 1020w\" sizes=\"auto, (max-width: 260px) 100vw, 260px\" \/><\/a>\n\t\t\t\t<\/dt><\/dl><dl class='gallery-item'>\n\t\t\t\t<dt class='gallery-icon landscape'>\n\t\t\t\t\t<a class=\"rollover rollover-zoom dt-pswp-item\" title=\"esondazione-dida\" data-dt-img-description=\"\" data-large_image_width=\"1070\" data-large_image_height=\"790\"href='https:\/\/www.radiopiu.net\/wordpress\/wp-content\/uploads\/2019\/10\/esondazione-dida.jpg'><img loading=\"lazy\" decoding=\"async\" width=\"300\" height=\"221\" src=\"https:\/\/www.radiopiu.net\/wordpress\/wp-content\/uploads\/2019\/10\/esondazione-dida-300x221.jpg\" class=\"attachment-medium size-medium\" alt=\"\" srcset=\"https:\/\/www.radiopiu.net\/wordpress\/wp-content\/uploads\/2019\/10\/esondazione-dida-300x221.jpg 300w, https:\/\/www.radiopiu.net\/wordpress\/wp-content\/uploads\/2019\/10\/esondazione-dida-768x567.jpg 768w, https:\/\/www.radiopiu.net\/wordpress\/wp-content\/uploads\/2019\/10\/esondazione-dida-1024x756.jpg 1024w, https:\/\/www.radiopiu.net\/wordpress\/wp-content\/uploads\/2019\/10\/esondazione-dida.jpg 1070w\" sizes=\"auto, (max-width: 300px) 100vw, 300px\" \/><\/a>\n\t\t\t\t<\/dt><\/dl><br style=\"clear: both\" \/><dl class='gallery-item'>\n\t\t\t\t<dt class='gallery-icon landscape'>\n\t\t\t\t\t<a class=\"rollover rollover-zoom dt-pswp-item\" title=\"ciclabile-dida\" data-dt-img-description=\"\" data-large_image_width=\"970\" data-large_image_height=\"850\"href='https:\/\/www.radiopiu.net\/wordpress\/wp-content\/uploads\/2019\/10\/ciclabile-dida.jpg'><img loading=\"lazy\" decoding=\"async\" width=\"300\" height=\"263\" src=\"https:\/\/www.radiopiu.net\/wordpress\/wp-content\/uploads\/2019\/10\/ciclabile-dida-300x263.jpg\" class=\"attachment-medium size-medium\" alt=\"\" srcset=\"https:\/\/www.radiopiu.net\/wordpress\/wp-content\/uploads\/2019\/10\/ciclabile-dida-300x263.jpg 300w, https:\/\/www.radiopiu.net\/wordpress\/wp-content\/uploads\/2019\/10\/ciclabile-dida-768x673.jpg 768w, https:\/\/www.radiopiu.net\/wordpress\/wp-content\/uploads\/2019\/10\/ciclabile-dida.jpg 970w\" sizes=\"auto, (max-width: 300px) 100vw, 300px\" \/><\/a>\n\t\t\t\t<\/dt><\/dl><dl class='gallery-item'>\n\t\t\t\t<dt class='gallery-icon portrait'>\n\t\t\t\t\t<a class=\"rollover rollover-zoom dt-pswp-item\" title=\"diga-ok\" data-dt-img-description=\"\" data-large_image_width=\"752\" data-large_image_height=\"820\"href='https:\/\/www.radiopiu.net\/wordpress\/wp-content\/uploads\/2019\/10\/diga-ok.jpg'><img loading=\"lazy\" decoding=\"async\" width=\"275\" height=\"300\" src=\"https:\/\/www.radiopiu.net\/wordpress\/wp-content\/uploads\/2019\/10\/diga-ok-275x300.jpg\" class=\"attachment-medium size-medium\" alt=\"\" srcset=\"https:\/\/www.radiopiu.net\/wordpress\/wp-content\/uploads\/2019\/10\/diga-ok-275x300.jpg 275w, https:\/\/www.radiopiu.net\/wordpress\/wp-content\/uploads\/2019\/10\/diga-ok.jpg 752w\" sizes=\"auto, (max-width: 275px) 100vw, 275px\" \/><\/a>\n\t\t\t\t<\/dt><\/dl><br style=\"clear: both\" \/>\n\t\t\t<\/div>\n\n[\/vc_column_text][\/vc_column][\/vc_row]\n<p>&nbsp;<\/p>\n<p>&nbsp;<\/p>\n<h1><a id=\"js_jy\" href=\"https:\/\/www.facebook.com\/DolomitesMaadness\/\" data-hovercard=\"\/ajax\/hovercard\/user.php?id=860755277647610\" aria-describedby=\"u_2p_1\" aria-owns=\"js_jr\">Dolomites Maadness<\/a><\/h1>\n<h3>DAI GIORNI DI VAIA<\/h3>\n<p>&#x1f399;RADIO PI\u00d9, LA VOCE AMICA NEL DISASTRO<br \/>\nL\u2019unica voce rimasta costantemente attiva nonostante i gravissimi danni e le condizioni difficilissime: \u00e8 quella del giornalista e voce di #RadioPiuEmittenteAgordina, #MirkoMezzacasa, che da 4 lunghi giorni continua imperterrito a trasmettere tra mille peripezie e trovate tecnologiche, sulle uniche 2 frequenze rimaste attive.<br \/>\nGravissimi i danni all\u2019emittente agordina, che non hanno per\u00f2 fermato l\u2019impegno professionale e personale di Mirko, che in condizioni che rimangono proibitive, ci ha fatto arrivare oggi, via\u00a0<a href=\"https:\/\/www.facebook.com\/WhatsApp\/\">WhatsApp<\/a>, la sua testimonianza.<br \/>\nRingraziamo tutti voi che ci state inviando le foto, contributo importantissimo per questi post e soprattutto Silvia Nomini per gli scatti di Erica Salieri.<\/p>\n<p>#MedioAltoAgordino #dallavocediMirkoMezzacasa #RadioPi\u00f9EmittenteAgordino<\/p>\n<p>https:\/\/www.facebook.com\/watch\/?v=737016243333702<\/p>\n<p>&nbsp;<\/p>\n<p>&nbsp;<\/p>\n<p>&nbsp;<\/p>\n<p>&nbsp;<\/p>\n<p><span style=\"color: #ff0000;\">ACQUA INQUINATA A SAN TOMASO<\/span> <em>\u00a0nelle LOCALITA&#8217; PECOL E PIAIA, per uso alimentare solo previa bollitura.<\/em><\/p>\n<blockquote><p><em>Per lavori alla rete idrica comunale, oggi\u00a0 dalle 8 a fine lavori, verr\u00e0 sospesa l\u2019erogazione dell\u2019acqua a Vallada in localit\u00e0 Celat a valle della chiesa. In caso di maltempo l&#8217;intervento verr\u00e0 posticipato al giorno successivo.<\/em><\/p><\/blockquote>\n<p>&nbsp;<\/p>\n<p>&nbsp;<\/p>\n<p><strong><a class=\"dt-pswp-item\" href=\"http:\/\/www.radiopiu.net\/wordpress\/wp-content\/uploads\/2019\/10\/mm-1.jpg\" data-dt-img-description=\"\" data-large_image_width=\"1511\" data-large_image_height=\"2015\"><img loading=\"lazy\" decoding=\"async\" class=\"alignleft wp-image-104184\" src=\"http:\/\/www.radiopiu.net\/wordpress\/wp-content\/uploads\/2019\/10\/mm-1-225x300.jpg\" alt=\"\" width=\"140\" height=\"187\" srcset=\"https:\/\/www.radiopiu.net\/wordpress\/wp-content\/uploads\/2019\/10\/mm-1-225x300.jpg 225w, https:\/\/www.radiopiu.net\/wordpress\/wp-content\/uploads\/2019\/10\/mm-1-768x1024.jpg 768w, https:\/\/www.radiopiu.net\/wordpress\/wp-content\/uploads\/2019\/10\/mm-1.jpg 1511w\" sizes=\"auto, (max-width: 140px) 100vw, 140px\" \/><\/a><\/strong><\/p>\n<p><strong>PROVINCIALE 8 DI SAN TOMASO<\/strong> Fino al 15 novembre (nell&#8217;abitato di Cencenighe) chiusa dalle 8 alle 12.30 e dalle 14.20 alle 17.30 esclusi sabati e festivi. In ore non lavorative funziona il semaforo con tre Pian Molin-Avoscan<\/p>\n<p><strong>REGIONALE 203 AGORDINA<\/strong> localita&#8217; GHISEL TRA CENCENIGHE ED ALLEGHE Dalle 8 alle 12 e dalle 13.30 alle 17.30 da oggi al 15 novembre senso unico alternato con possibili interruzioni della durata massima di 20 minuti per i lavori di rimozione piante, pulizia del versante e posa di rete di protezione.<\/p>\n<p><strong>PROVINCIALE VAL FIORENTINA:<\/strong> fino al 6 novembre senso unico alternato e possibili interruzioni fino a 20 minuti per la messa in sicurezza dei versanti.<\/p>\n<p>&nbsp;<\/p>\n<h2><span style=\"color: #000000;\"><strong>OGGI ALLA RADIO<\/strong><\/span><\/h2>\n<blockquote>\n<h2><i>NEL POMERIGGIO DIRETTA DA ROCCA PIETORE, IL GIORNO DEL RICORDO. ALLE 10.30 E 1900 LEGGERMENTE BELLUNESI CON LUISA ALCHINI 15.10 L&#8217;80esmo COMPLEANNO DI GIOVANNI VALT 15.20 RADIO CLUB CIME BIANCHE, FRANCESCO DELL&#8217;OSBEL. 13.10 E 20.10 L&#8217;INTERVISTA AL SINDACO MICHELE COSTA<\/i><\/h2>\n<\/blockquote>\n<p>&nbsp;<\/p>\n<p>&nbsp;<\/p>\n<p>&nbsp;<\/p>\n<h3><span style=\"color: #ff0000;\">LA BELLA NOTIZIA<\/span><\/h3>\n<p><a class=\"dt-pswp-item\" href=\"http:\/\/www.radiopiu.net\/wordpress\/wp-content\/uploads\/2019\/10\/cc2a8036-61df-4557-a184-a42feff12ccc.jpg\" data-dt-img-description=\"\" data-large_image_width=\"1599\" data-large_image_height=\"1200\"><img loading=\"lazy\" decoding=\"async\" class=\"alignleft size-medium wp-image-104172\" src=\"http:\/\/www.radiopiu.net\/wordpress\/wp-content\/uploads\/2019\/10\/cc2a8036-61df-4557-a184-a42feff12ccc-300x225.jpg\" alt=\"\" width=\"300\" height=\"225\" srcset=\"https:\/\/www.radiopiu.net\/wordpress\/wp-content\/uploads\/2019\/10\/cc2a8036-61df-4557-a184-a42feff12ccc-300x225.jpg 300w, https:\/\/www.radiopiu.net\/wordpress\/wp-content\/uploads\/2019\/10\/cc2a8036-61df-4557-a184-a42feff12ccc-768x576.jpg 768w, https:\/\/www.radiopiu.net\/wordpress\/wp-content\/uploads\/2019\/10\/cc2a8036-61df-4557-a184-a42feff12ccc-1024x768.jpg 1024w, https:\/\/www.radiopiu.net\/wordpress\/wp-content\/uploads\/2019\/10\/cc2a8036-61df-4557-a184-a42feff12ccc.jpg 1599w\" sizes=\"auto, (max-width: 300px) 100vw, 300px\" \/><\/a><\/p>\n<p>&nbsp;<\/p>\n<p><strong>ERCOLE E SANDRA IERI HANNO VISTO ARRIVARE I MEZZI CHE OPERERANNO SULLA FRANA DI MORI. PER LORO UN PROBLEMA IN MENO CON IL GRAZIE ALLA PROVINCIA PER IL PRECISO E PUNTUALE RISCONTRO DELL&#8217;APPELLO&#8230;.<\/strong><\/p>\n<p>&nbsp;<\/p>\n<blockquote class=\"wp-embedded-content\" data-secret=\"ibqzgzAD0X\"><p><a href=\"http:\/\/www.radiopiu.net\/wordpress\/mori-a-renon-di-gosaldo-un-anno-dopo-vaia-dove-sventola-il-tricolore\/\">MORI A RENON DI GOSALDO, UN ANNO DOPO VAIA DOVE SVENTOLA IL TRICOLORE<\/a><\/p><\/blockquote>\n<p><iframe loading=\"lazy\" title=\"&#8220;MORI A RENON DI GOSALDO, UN ANNO DOPO VAIA DOVE SVENTOLA IL TRICOLORE&#8221; &#8212; Radio Pi\u00f9\" class=\"wp-embedded-content\" sandbox=\"allow-scripts\" security=\"restricted\" style=\"position: absolute; clip: rect(1px, 1px, 1px, 1px);\" src=\"http:\/\/www.radiopiu.net\/wordpress\/mori-a-renon-di-gosaldo-un-anno-dopo-vaia-dove-sventola-il-tricolore\/embed\/#?secret=ibqzgzAD0X\" data-secret=\"ibqzgzAD0X\" width=\"600\" height=\"338\" frameborder=\"0\" marginwidth=\"0\" marginheight=\"0\" scrolling=\"no\"><\/iframe><\/p>\n<p>&nbsp;<\/p>\n<p>&nbsp;<\/p>\n<p>&nbsp;<\/p>\n<p>&nbsp;<\/p>\n<h4>LA LETTERA&#8230; POST VAIA<\/h4>\n<p><span style=\"color: #ff0000;\">di Anna Serafini, Masar\u00e8 di Rocca Pietore<\/span><\/p>\n<blockquote><p><em><a class=\"dt-pswp-item\" href=\"http:\/\/www.radiopiu.net\/wordpress\/wp-content\/uploads\/2018\/12\/rocca.jpg\" data-dt-img-description=\"\" data-large_image_width=\"1024\" data-large_image_height=\"768\"><img loading=\"lazy\" decoding=\"async\" class=\"alignleft size-medium wp-image-69396\" src=\"http:\/\/www.radiopiu.net\/wordpress\/wp-content\/uploads\/2018\/12\/rocca-300x225.jpg\" alt=\"\" width=\"300\" height=\"225\" srcset=\"https:\/\/www.radiopiu.net\/wordpress\/wp-content\/uploads\/2018\/12\/rocca-300x225.jpg 300w, https:\/\/www.radiopiu.net\/wordpress\/wp-content\/uploads\/2018\/12\/rocca-768x576.jpg 768w, https:\/\/www.radiopiu.net\/wordpress\/wp-content\/uploads\/2018\/12\/rocca.jpg 1024w\" sizes=\"auto, (max-width: 300px) 100vw, 300px\" \/><\/a>Ho pensato di scrivere a questa emittente per segnalare quanto mi \u00e8 successo con il contributo richiesto alla Regione Veneto per i danni subiti da vaia. Cerco di riassumere in breve quanto mi \u00e8 successo: abito a Masar\u00e8 di Rocca Pietore e nella sera di un anno fa ho subito il danneggiamento del tetto della tettoia che funge da rimessa per auto. I danni subiti sono stati sistemati prima dell&#8217;inverno e a giugno ho chiesto il contributo della Regione Veneto, rivolgendomi ad un tecnico perch\u00e8 il bando prevedeva la perizia asseverata. <\/em><\/p>\n<p><em>Ai primi di ottobre 2019, tramite il tecnico che aveva seguito la pratica, la regione Veneto manda una pec in cui mi dice che la mia domanda non \u00e8 stata ammessa in quanto &#8220;tali spese non realizzino un aumento della resilienza dell&#8217;unit\u00e0 immobiliare adibita ad abitazione&#8221; (riporto quanto indicato nella lettera). Chiamo il responsabile della pratica che mi dice che posso, tramite il mio tecnico, chiedere spiegazioni della non ammissibilit\u00e0 della domanda. Alcuni giorni dopo la stampa pubblica l&#8217;elenco dei beneficiari ammessi al contributo. In un primo momento non lo guardo in quanto la mia domanda non \u00e8 stata accolta, ma poi la curiosit\u00e0 mi porta a consultarlo e, guarda caso, sono in elenco. A questo punto non ci capisco pi\u00f9 nulla e chiamo prima il mio tecnico (che anche lui non capisce) e poi richiamo il responsabile della pratica. Il signore mi spiega che l&#8217;elenco pubblicato \u00e8 l&#8217;elenco delle domande pervenute per impegnare la spesa e che dovranno fare tutti i controlli sulle pratiche. La mia, visto che sono stata fortunata (parole del responsabile) \u00e8 stata una delle prime che hanno vagliato e che quindi a me il contributo NON spetta. A questo punto mi sono chiesta quante persone come me che si sono viste in quell&#8217;elenco hanno avuto una speranza di ricevere il contributo? La stampa che ha pubblicato l&#8217;elenco sapeva che non \u00e8 un elenco di beneficiari?<\/em><br \/>\n<em>Sono veramente arrabbiata.<\/em><\/p><\/blockquote>\n<p>&nbsp;<\/p>\n<p>&nbsp;<\/p>\n<h3>IL VIDEO DEL GIORNO<\/h3>\n<p><strong>SAN TOMASO, di\u00a0 Tommaso Bruggin, documentazione Moreno De Val<\/strong><\/p>\n<p><em>\u00a0&#8220;A ricordo di chi si \u00e8 prestato a riportare il nostro comune alla normalit\u00e0&#8221;<\/em><\/p>\n<div style=\"width: 640px;\" class=\"wp-video\"><video class=\"wp-video-shortcode\" id=\"video-104174-2\" width=\"640\" height=\"352\" preload=\"metadata\" controls=\"controls\"><source type=\"video\/mp4\" src=\"http:\/\/www.radiopiu.net\/wordpress\/wp-content\/uploads\/2019\/10\/WhatsApp-Video-2019-10-28-at-20.03.28.mp4?_=2\" \/><a href=\"http:\/\/www.radiopiu.net\/wordpress\/wp-content\/uploads\/2019\/10\/WhatsApp-Video-2019-10-28-at-20.03.28.mp4\">http:\/\/www.radiopiu.net\/wordpress\/wp-content\/uploads\/2019\/10\/WhatsApp-Video-2019-10-28-at-20.03.28.mp4<\/a><\/video><\/div>\n<p>&nbsp;<\/p>\n<p>&nbsp;<\/p>\n<p>&nbsp;<\/p>\n<h3>IL RICORDO, LA POESIA DI JOHN FRANCIS DELLA PIETRA<\/h3>\n<p><strong><a class=\"dt-pswp-item\" href=\"http:\/\/www.radiopiu.net\/wordpress\/wp-content\/uploads\/2019\/10\/1fb5407b-74d1-4cff-b39d-8de7d83b6f81.jpg\" data-dt-img-description=\"\" data-large_image_width=\"1200\" data-large_image_height=\"1599\"><img loading=\"lazy\" decoding=\"async\" class=\"size-medium wp-image-104365 alignleft\" src=\"http:\/\/www.radiopiu.net\/wordpress\/wp-content\/uploads\/2019\/10\/1fb5407b-74d1-4cff-b39d-8de7d83b6f81-225x300.jpg\" alt=\"\" width=\"225\" height=\"300\" srcset=\"https:\/\/www.radiopiu.net\/wordpress\/wp-content\/uploads\/2019\/10\/1fb5407b-74d1-4cff-b39d-8de7d83b6f81-225x300.jpg 225w, https:\/\/www.radiopiu.net\/wordpress\/wp-content\/uploads\/2019\/10\/1fb5407b-74d1-4cff-b39d-8de7d83b6f81-768x1024.jpg 768w, https:\/\/www.radiopiu.net\/wordpress\/wp-content\/uploads\/2019\/10\/1fb5407b-74d1-4cff-b39d-8de7d83b6f81.jpg 1200w\" sizes=\"auto, (max-width: 225px) 100vw, 225px\" \/><\/a><\/strong><\/p>\n<p>&nbsp;<\/p>\n<p>&nbsp;<\/p>\n<p>&nbsp;<\/p>\n<p>&nbsp;<\/p>\n<p>&nbsp;<\/p>\n<p><strong>AI SILENTI<\/strong><\/p>\n<blockquote><p><em>Loro non appaiano <\/em><em>Ma il loro lavoro \u00e8 evidente &#8230;<\/em><\/p><\/blockquote>\n<audio class=\"wp-audio-shortcode\" id=\"audio-104174-4\" preload=\"none\" style=\"width: 100%;\" controls=\"controls\"><source type=\"audio\/mpeg\" src=\"http:\/\/www.radiopiu.net\/wordpress\/wp-content\/uploads\/2019\/10\/JOHN.mp3?_=4\" \/><a href=\"http:\/\/www.radiopiu.net\/wordpress\/wp-content\/uploads\/2019\/10\/JOHN.mp3\">http:\/\/www.radiopiu.net\/wordpress\/wp-content\/uploads\/2019\/10\/JOHN.mp3<\/a><\/audio>\n<p>&nbsp;<\/p>\n<p>&nbsp;<\/p>\n<p>&nbsp;<\/p>\n<p>&nbsp;<\/p>\n<h2>Un anno fa VAIA<\/h2>\n<blockquote><p><em><strong>AGORDO<\/strong> Io incinta di 6 mesi insieme a mia figlia di 4 anni a casa a Toccol. Mio marito di ritorno dal lavoro, alle 15.00 parte da Belluno. Al piano di sopra i miei genitori pluri settantenni, hanno passato l&#8217; alluvione del 66 e mi rassicurano dicendomi di stare tranquilla. Passano le prime ore del pomeriggio e cominciamo a capire che le cose stanno peggiorando, passo il pomeriggio alla finestra.\u00a0 La tv non funziona pi\u00f9, nemmeno Sky, i cellulari cominciano a non prendere quasi pi\u00f9.\u00a0 <\/em><em>Decidiamo tutti di accendere La Radio, e tu Mirko sei li, li pronto a dirci di non uscire dalle case, tu che invece eri proprio la fuori, ci tenevi aggiornati sui lavori in corso, sulle condizioni delle strade.\u00a0 Ad un certo punto annunci alla Radio che la 203 direzione Agordo verr\u00e0 riaperta permettendo alle persone di fare rientro a casa, e li con le tue parole, con la tua voce mi tranquillizzi.\u00a0 Quello che \u00e8 successo quella notte, paure,timori e rumori lo ricordiamo tutti e gli effetti sono ancora visibili sul nostro bellissimo territorio. In quel giorno mi sono resa conto di quanto fai per la nostra bellissima vallata, senza chiedere nulla in cambio, a volte anche passando per scontato. Questo messaggio vuole essere una forma di ringraziamento da parte mia. Grazie per esserci stato quella sera, ma anche quando ero pi\u00f9 giovane e ti chiedevo di mettermi Masini alla Radio, di quando andavo alle superiori e hai permesso a me e ad altri giovani di capire come funzionava la tua Radio, grazie per avermi insegnato che nella vita le passioni possono diventare dei veri e propri lavori. Lo so che gi\u00e0 lo sai ma fai proprio bene il tuo lavoro. <\/em><em>Nonostante ora vivo con la mia famiglia a Belluno, sei rimasto un punto di riferimento per le notizie che giornalmente leggo sul sito, e in macchina quando mi trovo a girare stazione e incontro la tua Radio Pi\u00f9 mi fermo a sentire quella voce a me cara.\u00a0 <\/em><br \/>\n<em>Marta<\/em><\/p><\/blockquote>\n<p>&nbsp;<\/p>\n<p>&nbsp;<\/p>\n<h2>DIEGO FRENA, IL MIO RICORDO DI VAIA<\/h2>\n<blockquote><p><span style=\"color: #000000;\"><strong><a class=\"dt-pswp-item\" href=\"http:\/\/www.radiopiu.net\/wordpress\/wp-content\/uploads\/2019\/07\/intervento-Valcozzena-lungo-Cordevole-2.jpg\" data-dt-img-description=\"\" data-large_image_width=\"1306\" data-large_image_height=\"735\"><img loading=\"lazy\" decoding=\"async\" class=\"alignleft size-medium wp-image-90287\" src=\"http:\/\/www.radiopiu.net\/wordpress\/wp-content\/uploads\/2019\/07\/intervento-Valcozzena-lungo-Cordevole-2-300x169.jpg\" alt=\"\" width=\"300\" height=\"169\" srcset=\"https:\/\/www.radiopiu.net\/wordpress\/wp-content\/uploads\/2019\/07\/intervento-Valcozzena-lungo-Cordevole-2-300x169.jpg 300w, https:\/\/www.radiopiu.net\/wordpress\/wp-content\/uploads\/2019\/07\/intervento-Valcozzena-lungo-Cordevole-2-768x432.jpg 768w, https:\/\/www.radiopiu.net\/wordpress\/wp-content\/uploads\/2019\/07\/intervento-Valcozzena-lungo-Cordevole-2-1024x576.jpg 1024w, https:\/\/www.radiopiu.net\/wordpress\/wp-content\/uploads\/2019\/07\/intervento-Valcozzena-lungo-Cordevole-2.jpg 1306w\" sizes=\"auto, (max-width: 300px) 100vw, 300px\" \/><\/a>AGORDO<\/strong> Proprio un anno fa come oggi, nella zona di Brugnach, la situazione era assai complessa dovuta al fatto che un semplice torrentello che solitamente risulta sempre a secco, in occasioni eccezionali sa dimostrare la sua importanza ragione per cui non \u00e8 da sottovalutare. <\/span><span style=\"color: #000000;\">Nella zona qualche anno prima, la comunit\u00e0 montana aveva svolto degli interventi per deviare un torrente che solitamente scarica in una presa intubata sotterranea, che attraversa Luxottica e va a scaricare nel Cordevole. <\/span><span style=\"color: #000000;\">L\u2019opera si \u00e8 dimostrata parzialmente efficace solo dopo l\u2019intervento da parte di volontari che hanno ripulito la griglia in parte ostruita da rami e fogliame, che ha permesso di limitare il flusso d\u2019acqua verso Luxottica deviandolo verso Brugnach, per poi confluire nel torrente Bisoliga. <\/span><span style=\"color: #000000;\">La quantit\u00e0 d\u2019acqua che confluiva da questa nuova tubazione sommata al torrente proveniente da sopra la frazione di Brugnach di Agordo era consistente, ma la capienza del tubo comunque era sufficiente per smaltire l\u2019acqua che copiosamente continuava a scendere. <\/span><span style=\"color: #000000;\">I problemi sono sopraggiunti nella mattinata del 28 ottobre verso le ore 08:00. Il terreno era ormai inzuppato e non assorbiva pi\u00f9 acqua, da sopra scendeva acqua e fango misto a fogliame, rami secchi che si depositavano nel greto del torrente, sottovalutato proprio per la sua calma apparente. <\/span><span style=\"color: #000000;\">Tutto questo materiale ha iniziato a muoversi metro dopo metro, accumulandosi in quantit\u00e0 tali che arrivando in prossimit\u00e0 dell\u2019imbocco della tubazione creava una diga cosi compatta da ostruire il suo imbocco. <\/span><span style=\"color: #000000;\">In quelle ore chiamare Enti Pubblici o Vigili del Fuoco sarebbe stato quasi inutile, in quanto impegnati ormai su pi\u00f9 fronti anche con condizioni pi\u00f9 gravi. A questo di nostra iniziativa, seppur pochi ma con tanta buona volont\u00e0 ci siamo rimboccati le maniche per ripristinare il corretto deflusso di questo torrente che sempre pi\u00f9 impetuoso iniziava a preoccupare tutti noi delle case limitrofe. Esondando tutta l\u2019acqua si sarebbe aggiunta ad altri cosi d\u2019acqua che da l\u00ec a poche ore avrebbero allagato tutta la parte adiacente ad un stabilimento e le relative abitazioni limitrofi. <\/span><span style=\"color: #000000;\">Visto il continuo scendere di materiale e fango che si accumulava, abbiamo deciso di chiedere supporto ad una ditta del posto che con prontezza ci ha portato in loco un escavatore, che ci ha permesso di tenere libero l\u2019alveo e la griglia di accesso alla tubazione al fine di permettere il normale deflusso verso la Bisoliga. <\/span><span style=\"color: #000000;\">Tutta la giornata di domenica 28 ottobre in due persone a turno abbiamo mantenuto libera la griglia, grazie a questo escavatore che ci ha permesso di lavorare con continuit\u00e0 per evitare l\u2019esondazione. Un utile aiuto \u00e8 stato dato da un faro posizionato su un deposito dell\u2019ANAS gentilmente lasciato acceso da uno tecnico, permettendoci di lavorare in maggiore sicurezza. <\/span><span style=\"color: #000000;\">Sempre nella mattinata di domenica avevamo allestito provvisoriamente delle paratie artificiali in prossimit\u00e0 delle abitazioni per evitare allagamenti, intervento dimostratosi efficace in quanto tutta l\u2019acqua che esondava si riversava proprio verso di esse per poi, in parte riprendere il canale di scolo verso la Bisoliga, e in parte riversarsi verso la parte posteriore di Luxottica. <\/span><span style=\"color: #000000;\">La notte fra il 28 ed il 29 la situazione \u00e8 rimasta stabile in quanto le precipitazioni si sono ridotte grazie al fatto che la sera verso le 22 la luna ha fatto il suo dovere. <\/span><span style=\"color: #000000;\">(La signora anziana del posto, ci rassicurava dicendo che verso sera si sarebbe alzata la luna e le precipitazioni sarebbero diminuite, noi eravamo quasi increduli, ma come al solito l\u2019esperienza delle persone anziane ha sempre ragione, e cos\u00ec \u00e8 stato) <\/span><span style=\"color: #000000;\">La mattina del 29 ottobre verso le 6 ha iniziato nuovamente a piovere, la situazione in quel momento si presentava gi\u00e0 critica ed ho voluto fare un sopraluogo salendo con difficolt\u00e0 a monte delle abitazioni per capire la situazione. <\/span><span style=\"color: #000000;\">Proprio circa 150 metri sopra le abitazioni una frana di modeste dimensioni aveva invaso parzialmente il greto del torrente, deviando in parte il flusso d\u2019acqua. Ancora pi\u00f9 a monte, sempre in corrispondenza del versante che scende dal Larion, un altro torrente devia verso la Bisoliga, ma la deviazione se trascurata potrebbe portare ad una esondazione verso le abitazioni, con una notevole portata d\u2019acqua che andrebbe a saturare il tutto, esondando ed allagando la zona sottostante. <\/span><span style=\"color: #000000;\">A questo punto mi sono preoccupato di stabilizzare maggiormente l\u2019argine apportando a mano ulteriori massi a sostegno di esso. Sceso a valle non ho detto nulla della frana per non preoccupare ulteriormente le famiglie sottostati, ma mi sono precipitato in comune a chiedere supporto per avere a disposizione un escavatore pi\u00f9 grande di quello che gi\u00e0 stavamo usando. Viste le condizioni meteo era necessario intervenire per liberare l\u2019alveo 80 metri pi\u00f9 a monte, che in prossimit\u00e0 di un avvallamento, aveva depositato una quantit\u00e0 di materiale tale da ostruire eventuali altre colate di fango deviando il flusso e andando a scaricare il tutto dietro alle attuali abitazioni. <\/span><span style=\"color: #000000;\">Mi \u00e8 stato risposto dal comune che il mezzo non sarebbe stato disponibile se non prima delle 14 di luned\u00ec 29, ma ho comunque dato conferma in quanto risultava necessario tale intervento. <\/span><span style=\"color: #000000;\">Verso le 14 \u00e8 arrivato il mezzo dal Cadore a bordo di un camion di De Pra e dopo averlo scaricato, ho provveduto personalmente ad accompagnare il mezzo con relativo autista ad intervenire sulla massa fangosa, per liberare il greto e creare un argine per evitarne l\u2019esondazione verso le abitazioni. <\/span><span style=\"color: #000000;\">Abbiamo fatto giusto a tempo di eseguire l\u2019intervento e riportarci a valle in sicurezza che dopo nemmeno un\u2019ora, \u00e8 scesa un\u2019altra frana portando a valle circa una ventina di metri cubi di materiale misto a rami massi e fango. Ormai eravamo allo stremo e anche con l\u2019escavatore abbiamo dovuto abbandonare la zona di lavoro prima di farci investire dal materiale. <\/span><span style=\"color: #000000;\">A quel punto ho avvisato i responsabili dello stabilimento sottostante che la situazione era fuori controllo: non riuscivamo pi\u00f9 a liberare l\u2019imbocco della tubazione dal materiale e l\u2019acqua aveva iniziato a scendere da tutte le parti ed in particolare verso il retro di Luxottica, dove in poco tempo la strada che porta alla Biomassa risultava intransitabile, in quanto il livello dell\u2019acqua raggiungeva quasi il metro a causa dell\u2019ostruzione dei tombini anch\u2019essi saturi di materiale. <\/span><span style=\"color: #000000;\">Prontamente da Luxottica \u00e8 stato inviato in loco un escavatore che era a loro disposizione il quale in breve tempo ha permesso di deviare il flusso dell\u2019acqua verso il torrente Bisoliga, evitando ulteriore afflusso di acqua verso lo stabilimento sottostante e scongiurando il peggio. <\/span><span style=\"color: #000000;\">\u00a0Verso le 18:00 del 29 ottobre ormai la situazione era assai critica in quanto anche la corrente elettrica era venuta a mancare, i telefoni in parte non avevano pi\u00f9 segnale. <\/span><span style=\"color: #000000;\">Si sentiva lo scroscio della pioggia che batteva sui tetti spinta da raffiche di vento mai sentite prima d\u2019ora, a sua volta gli alberi pi\u00f9 grandi cadevano a terra ed altri venivano spezzati come grissini creando dei rumori indescrivibili e il buio amplificava anche la paura. <\/span><span style=\"color: #000000;\">Verso le 18:30 ho fatto uscire di casa tutta la mia famiglia, i rumori che provenivano dal bosco fra pioggia acqua e vento mi facevano temere il peggio <\/span><span style=\"color: #000000;\">Ho chiesto ospitalit\u00e0 ai vicini e per le successive 2 ore, ascoltavo i rumori e speravo solo di non subire ulteriori danni alla casa. <\/span><span style=\"color: #000000;\">In quel breve tempo, se cos\u00ec posso definirlo, l\u2019orologio sembrava fermo, guardavo dalla finestra anche se il buio non permetteva di capire cosa stesse succedendo, si vedevano si e no i lampeggianti blu e arancioni dei pochi mezzi che ancora avevano il coraggio di circolare. <\/span><span style=\"color: #000000;\">Stando in silenzio speravo sempre nel detto della saggia vicina che in quel momento era l\u00ec con noi a ribadire il concetto della luna, ma dalla mia bocca non usciva una parola, la mia mente si sforzava di sperare al meglio e ad un certo punto per sdrammatizzare ho detto \u2018\u2019scusate delle mie ciacole\u2019\u2019 tradotto, scusate se parlo troppo. <\/span><span style=\"color: #000000;\">La saggia Signora aveva avuto ragione di nuovo, verso le 21 il tempo \u00e8 cambiato, e visto l\u2019affievolirsi della perturbazione mi sono precipitato a casa a vedere la situazione che fortunatamente era rimasta stabile ed invariata a parte un torrente d\u2019acqua ormai calmo che scorreva a ridosso della casa. <\/span><span style=\"color: #000000;\">La stessa notte ho portato tutta la mia famiglia a casa di mia suocera che la ritenevo pi\u00f9 sicura, risvegliandomi poi l\u2019indomani, dopo poche ore di sonno per iniziare la giornata e valutare le prime cose da fare per tornare al pi\u00f9 presto alla normalit\u00e0. <\/span><span style=\"color: #000000;\">Devo ringraziare tutti coloro che mi hanno dato una mano e devo dire sono stati tanti.\u00a0\u00a0<\/span><\/p><\/blockquote>\n<p>&nbsp;<\/p>\n<blockquote><p>&nbsp;<\/p>\n<p>&nbsp;<\/p><\/blockquote>\n<h3><span style=\"color: #ff0000;\">29 OTTOBRE 2019<\/span><\/h3>\n<h2>UN ANNO DOPO&#8230; C&#8217;E&#8217; ANCORA LA PIOGGIA<\/h2>\n<p><strong>DI DAMIANO TORMEN<\/strong><\/p>\n<audio class=\"wp-audio-shortcode\" id=\"audio-104174-5\" preload=\"none\" style=\"width: 100%;\" controls=\"controls\"><source type=\"audio\/mpeg\" src=\"http:\/\/www.radiopiu.net\/wordpress\/wp-content\/uploads\/2019\/10\/damiano-un-anno-dopo.mp3?_=5\" \/><a href=\"http:\/\/www.radiopiu.net\/wordpress\/wp-content\/uploads\/2019\/10\/damiano-un-anno-dopo.mp3\">http:\/\/www.radiopiu.net\/wordpress\/wp-content\/uploads\/2019\/10\/damiano-un-anno-dopo.mp3<\/a><\/audio>\n<p>&nbsp;<\/p>\n<p>&nbsp;<\/p>\n<p>&nbsp;<\/p>\n<p>&nbsp;<\/p>\n<h2><span data-offset-key=\"30bp6-0-0\">28 OTTOBRE 2018 ULTIMO PIANO DEL PALAZZO DELL&#8217;UNIONE MONTANA AGORDINA, SEDE DEL COM, &#8220;SPERIAMO IN BENE&#8221;&#8230;\u00a0 L&#8217;ULTIMO COLLEGAMENTO PRIMA DEL NULLA\u00a0<\/span><\/h2>\n<p><iframe loading=\"lazy\" title=\"Vaia 2018 - Agordino\" width=\"1200\" height=\"900\" src=\"https:\/\/www.youtube.com\/embed\/WygEiyPRGzA?feature=oembed\" frameborder=\"0\" allow=\"accelerometer; autoplay; encrypted-media; gyroscope; picture-in-picture\" allowfullscreen><\/iframe><\/p>\n<p>&nbsp;<\/p>\n<p>&nbsp;<\/p>\n<p>&nbsp;<\/p>\n<p>&nbsp;<\/p>\n<h1 style=\"text-align: center;\"><span style=\"color: #ff0000;\">29 OTTOBRE 2018&#8230; UN ANNO DOPO<\/span><\/h1>\n<h3>QUEL COMUNICATO AI COC&#8230;<\/h3>\n<h3>NEL PIENO DELL&#8217;INCUBO<\/h3>\n<audio class=\"wp-audio-shortcode\" id=\"audio-104174-6\" preload=\"none\" style=\"width: 100%;\" controls=\"controls\"><source type=\"audio\/mpeg\" src=\"http:\/\/www.radiopiu.net\/wordpress\/wp-content\/uploads\/2019\/10\/mauro-2.mp3?_=6\" \/><a href=\"http:\/\/www.radiopiu.net\/wordpress\/wp-content\/uploads\/2019\/10\/mauro-2.mp3\">http:\/\/www.radiopiu.net\/wordpress\/wp-content\/uploads\/2019\/10\/mauro-2.mp3<\/a><\/audio>\n<h3><\/h3>\n<h3>IL PRESIDENTE DELLA PROVINCIA ROBERTO PADRIN<\/h3>\n<audio class=\"wp-audio-shortcode\" id=\"audio-104174-7\" preload=\"none\" style=\"width: 100%;\" controls=\"controls\"><source type=\"audio\/ogg\" src=\"http:\/\/www.radiopiu.net\/wordpress\/wp-content\/uploads\/2019\/10\/PADRIN.ogg?_=7\" \/><a href=\"http:\/\/www.radiopiu.net\/wordpress\/wp-content\/uploads\/2019\/10\/PADRIN.ogg\">http:\/\/www.radiopiu.net\/wordpress\/wp-content\/uploads\/2019\/10\/PADRIN.ogg<\/a><\/audio>\n<h3><\/h3>\n<h3>IL PRESIDENTE DELL&#8217;UNIONE MONTANA FABIO LUCHETTA<\/h3>\n<audio class=\"wp-audio-shortcode\" id=\"audio-104174-8\" preload=\"none\" style=\"width: 100%;\" controls=\"controls\"><source type=\"audio\/mpeg\" src=\"http:\/\/www.radiopiu.net\/wordpress\/wp-content\/uploads\/2019\/10\/LUCHETTA.mp3?_=8\" \/><a href=\"http:\/\/www.radiopiu.net\/wordpress\/wp-content\/uploads\/2019\/10\/LUCHETTA.mp3\">http:\/\/www.radiopiu.net\/wordpress\/wp-content\/uploads\/2019\/10\/LUCHETTA.mp3<\/a><\/audio>\n<h4 align=\"JUSTIFY\"><\/h4>\n<h3>IL CONSIGLIERE PROVINCIALE CON DELEGA ALLA DIFESA DEL SUOLO MASSIMO BORTOLUZZI<\/h3>\n<audio class=\"wp-audio-shortcode\" id=\"audio-104174-9\" preload=\"none\" style=\"width: 100%;\" controls=\"controls\"><source type=\"audio\/mpeg\" src=\"http:\/\/www.radiopiu.net\/wordpress\/wp-content\/uploads\/2019\/10\/BORTOLUZI.mp3?_=9\" \/><a href=\"http:\/\/www.radiopiu.net\/wordpress\/wp-content\/uploads\/2019\/10\/BORTOLUZI.mp3\">http:\/\/www.radiopiu.net\/wordpress\/wp-content\/uploads\/2019\/10\/BORTOLUZI.mp3<\/a><\/audio>\n<h4 align=\"JUSTIFY\">ALLE ORE 12 A PALAZZO BALBI IL COMMISSARIO ZAIA PRESENTA ATTIVIT\u00c0 COMMISSARIALE AD UN ANNO DA VAIA. PRESENTI ANGELO BORRELLI E FABIO DATTILO<\/h4>\n<p align=\"JUSTIFY\"><strong>VENEZIA<\/strong> Nella sede della Giunta Regionale, a Venezia, il Commissario Delegato per i Primi Interventi Urgenti di Protezione Civile in Conseguenza degli Eccezionali Eventi Meteorologici che hanno interessato il Territorio della Regione del Veneto a partire da ottobre 2018 Luca Zaia presenter\u00e0 alla stampa\u00a0il bilancio dell&#8217;attivit\u00e0 commissariale ad un anno dalla tempesta Vaia. Saranno presenti il Direttore Generale del Dipartimento della Protezione Civile Nazionale Angelo Borrelli ed il Capo del Corpo Nazionale dei Vigili del Fuoco Fabio Dattilo.<\/p>\n<h3><\/h3>\n<h3>QUESTA SERA IL RICORDO A ROCCA PIETORE, IL SINDACO ANDREA DE BERNARDIN<\/h3>\n<audio class=\"wp-audio-shortcode\" id=\"audio-104174-10\" preload=\"none\" style=\"width: 100%;\" controls=\"controls\"><source type=\"audio\/mpeg\" src=\"http:\/\/www.radiopiu.net\/wordpress\/wp-content\/uploads\/2019\/10\/ROCCA.mp3?_=10\" \/><a href=\"http:\/\/www.radiopiu.net\/wordpress\/wp-content\/uploads\/2019\/10\/ROCCA.mp3\">http:\/\/www.radiopiu.net\/wordpress\/wp-content\/uploads\/2019\/10\/ROCCA.mp3<\/a><\/audio>\n<p>&nbsp;<\/p>\n<p>&nbsp;<\/p>\n<p>&nbsp;<\/p>\n<p>&nbsp;<\/p>\n<h3>UN ANNO DA VAIA \u2013 BERTON: \u00abIMPRENDITORI FONDAMENTALI NELL\u2019EMERGENZA E NELLA RICOSTRUZIONE.<\/h3>\n<p><strong><a class=\"dt-pswp-item\" href=\"http:\/\/www.radiopiu.net\/wordpress\/wp-content\/uploads\/2019\/10\/Lorraine_Berton-1.jpg\" data-dt-img-description=\"\" data-large_image_width=\"767\" data-large_image_height=\"768\"><img loading=\"lazy\" decoding=\"async\" class=\"alignleft wp-image-104180\" src=\"http:\/\/www.radiopiu.net\/wordpress\/wp-content\/uploads\/2019\/10\/Lorraine_Berton-1-300x300.jpg\" alt=\"\" width=\"187\" height=\"187\" srcset=\"https:\/\/www.radiopiu.net\/wordpress\/wp-content\/uploads\/2019\/10\/Lorraine_Berton-1-300x300.jpg 300w, https:\/\/www.radiopiu.net\/wordpress\/wp-content\/uploads\/2019\/10\/Lorraine_Berton-1-150x150.jpg 150w, https:\/\/www.radiopiu.net\/wordpress\/wp-content\/uploads\/2019\/10\/Lorraine_Berton-1.jpg 767w\" sizes=\"auto, (max-width: 187px) 100vw, 187px\" \/><\/a>BELLUNO\u00a0<\/strong> \u00abLe imprese del territorio hanno saputo fare la differenza, gi\u00e0 in piena emergenza, e continuano a farla con responsabilit\u00e0, diligenza e amore per il territorio, in questa fase di ricostruzione. I bellunesi sono pi\u00f9 forti di prima: la tempesta \u00e8 stata un colpo durissimo ma ci siamo messi subito al lavoro senza lamentele n\u00e9 polemiche. Ora servono pi\u00f9 garanzie sui fondi, che devono essere certi anche per i prossimi anni, e maggiore semplificazione nelle procedure. Il Governo, su questo fronte, non ci deve lasciare soli\u00bb. A un anno da Vaia, la presidente di Confindustria Belluno Dolomiti Lorraine Berton ricorda l\u2019impegno di tutti, imprenditori in particolare, nei momenti drammatici dell\u2019emergenza e in quelli \u2013 ancora in corso \u2013 della ricostruzione. Altro aspetto, per Berton, \u00e8 quello della burocrazia: \u00ab\u00c8 il vero mostro italiano\u00bb, afferma la presidente di Confindustria Belluno Dolomiti. \u00abSi deve fare di pi\u00f9 sul fronte della semplificazione, tenendo sempre in considerazione il coinvolgimento delle imprese locali, le uniche a conoscere il territorio e in grado di operare con coscienza\u00bb. Berton fa anche riferimento, in ultima battuta, al tema della sostenibilit\u00e0: \u00ab\u00c8 un concetto che pratichiamo ogni giorno: le nostre aziende sono sempre pi\u00f9 \u201cgreen\u201d ed efficienti al di l\u00e0 delle mode e degli slogan. Progettare in maniera sostenibile significa consegnare alle generazioni future opere e servizi duraturi e utili allo sviluppo. \u00c8 un patto intergenerazionale che deve riguardare Vaia come tutte le opere che saranno fatte in vista dei Grandi eventi come Mondiali e Olimpiadi\u00bb.<\/p>\n<p>&nbsp;<\/p>\n<p>&nbsp;<\/p>\n<p>&nbsp;<\/p>\n<p>&nbsp;<\/p>\n<p>&nbsp;<\/p>\n<h3>&#8220;A UN ANNO DALLA TEMPESTA VAIA. RIFLESSIONI SUL RAPPORTO TRA UOMO E NATURA&#8221;.<\/h3>\n<blockquote><p><em><a class=\"dt-pswp-item\" href=\"http:\/\/www.radiopiu.net\/wordpress\/wp-content\/uploads\/2019\/09\/Challenge-Day-InLab-2.jpg\" data-dt-img-description=\"\" data-large_image_width=\"5184\" data-large_image_height=\"3456\"><img loading=\"lazy\" decoding=\"async\" class=\"wp-image-97942 alignright\" src=\"http:\/\/www.radiopiu.net\/wordpress\/wp-content\/uploads\/2019\/09\/Challenge-Day-InLab-2-300x200.jpg\" alt=\"\" width=\"128\" height=\"85\" srcset=\"https:\/\/www.radiopiu.net\/wordpress\/wp-content\/uploads\/2019\/09\/Challenge-Day-InLab-2-300x200.jpg 300w, https:\/\/www.radiopiu.net\/wordpress\/wp-content\/uploads\/2019\/09\/Challenge-Day-InLab-2-768x512.jpg 768w, https:\/\/www.radiopiu.net\/wordpress\/wp-content\/uploads\/2019\/09\/Challenge-Day-InLab-2-1024x683.jpg 1024w\" sizes=\"auto, (max-width: 128px) 100vw, 128px\" \/><\/a>\u00abA un anno dal passaggio di Vaia, non si sono certo esauriti la spinta emotiva e il confronto che ancora oggi animano il dibattito sull\u2019origine della tempesta e sul cambiamento climatico &#8211; le parole del sindaco di Belluno, Jacopo Massaro -. Ritengo importantissima la partecipazione a questi ragionamenti da parte di esponenti di alto livello culturale e politico come il cardinale Parolin, uno strettissimo collaboratore di un pontefice come Papa Francesco, tanto impegnato sul fronte ambientale. \u00c8 quindi un onore per me accogliere il cardinale Parolin nella Citt\u00e0 di Belluno\u00bb.<\/em><\/p><\/blockquote>\n<p><strong><a class=\"dt-pswp-item\" href=\"http:\/\/www.radiopiu.net\/wordpress\/wp-content\/uploads\/2019\/10\/download-28.jpg\" data-dt-img-description=\"\" data-large_image_width=\"202\" data-large_image_height=\"249\"><img loading=\"lazy\" decoding=\"async\" class=\"alignleft size-full wp-image-104190\" src=\"http:\/\/www.radiopiu.net\/wordpress\/wp-content\/uploads\/2019\/10\/download-28.jpg\" alt=\"\" width=\"202\" height=\"249\" \/><\/a>BELLUNO<\/strong> A un anno dagli eventi meteorologici che hanno duramente colpito il territorio bellunese, Provincia di Belluno e Comune di Belluno organizzano il convegno \u201cA un anno dalla tempesta Vaia. Riflessioni sul rapporto tra uomo e natura\u201d, con la presenza del cardinale Pietro Parolin, segretario di Stato della Santa Sede.\u00a0 L\u2019incontro si terr\u00e0 sabato\u00a0 alle 10, al Teatro Comunale di Belluno. Interverranno Jacopo Massaro (sindaco del Comune di Belluno), Roberto Padrin (presidente della Provincia di Belluno), Gianpaolo Bottacin (assessore all\u2019Ambiente e Protezione Civile della Regione Veneto) e il vescovo di Belluno Renato Marangoni. Nel corso dell\u2019incontro verr\u00e0 proiettato un estratto di \u201cComealberi\u201d, il cortometraggio del laboratorio Inquadrati del Centro di Servizi per il Volontariato di Belluno, che racconta proprio i giorni della tempesta Vaia.Dopo la partecipazione all\u2019incontro al Teatro Comunale, il segretario di Stato Vaticano sar\u00e0 a Longarone, per la visita al cimitero monumentale di Fortogna.<\/p>\n<blockquote><p><em><a class=\"dt-pswp-item\" href=\"http:\/\/www.radiopiu.net\/wordpress\/wp-content\/uploads\/2019\/07\/roberto_padrin.jpg\" data-dt-img-description=\"\" data-large_image_width=\"1400\" data-large_image_height=\"788\"><img loading=\"lazy\" decoding=\"async\" class=\"wp-image-92774 alignright\" src=\"http:\/\/www.radiopiu.net\/wordpress\/wp-content\/uploads\/2019\/07\/roberto_padrin-300x169.jpg\" alt=\"\" width=\"130\" height=\"73\" \/><\/a>\u00abSiamo estremamente onorati di poter accogliere nel nostro territorio il segretario di Stato Vaticano, monsignor Parolin &#8211; afferma il presidente della Provincia, Roberto Padrin -. A un anno dalla tempesta Vaia, la nostra provincia mostra ancora i segni della devastazione, ma testimonia anche i segni della rinascita e della forza con cui il territorio ha saputo rimboccarsi le maniche. Un anno dopo rimane soprattutto il ringraziamento per la grande solidariet\u00e0 dimostrata da tutti quelli che ci hanno dato una mano. Il ricordo di quei giorni \u00e8 ancora vivo dentro di noi. Un ricordo duro e difficile. Ma la vicinanza portata anche dal cardinale Parolin \u00e8 un dono prezioso\u00bb.<\/em><\/p><\/blockquote>\n<p>&nbsp;<\/p>\n<p>&nbsp;<\/p>\n<h3>&#8220;LA VOCE DEL BOSCO&#8221; QUESTA SERA AL TEATRO COMUNALE LA PRIMA NAZIONALE AD OLTRE LE VETTE<\/h3>\n<p><strong>BELLUNO<\/strong> Il film sar\u00e0 proiettato, in prima nazionale, al Teatro Comunale di Belluno nell\u2019ambito di Oltre le Vette, a un anno esatto dalla tempesta. Per celebrare i 10 anni delle Dolomiti Patrimonio dell\u2019Umanit\u00e0, la rassegna \u00e8 in partnership con la Fondazione Dolomiti Unesco e con il Parco Nazionale Dolomiti Bellunesi. Il 6 novembre sar\u00e0 poi la volta della prima trevigiana, ospitata a Palazzo Bomben da Fondazione Benetton Studi Ricerche, che ha anche collaborato alla produzione del documentario. Il lavoro \u00e8 patrocinato da Provincia di Belluno, Provincia di Treviso, Comune di Belluno, Comune di Treviso, Unione Montana Agordina, \u00e8 sostenuto dall\u2019Associazione Culturale Martondea, ed \u00e8 impreziosito dall\u2019illustrazione di copertina realizzata ad hoc dal muralista di Falcade Dunio Piccolin.<\/p>\n<p><strong>L&#8217;INTERVISTA A RADIO PIU<\/strong><\/p>\n<audio class=\"wp-audio-shortcode\" id=\"audio-104174-11\" preload=\"none\" style=\"width: 100%;\" controls=\"controls\"><source type=\"audio\/mpeg\" src=\"http:\/\/www.radiopiu.net\/wordpress\/wp-content\/uploads\/2019\/10\/FRANCESCA-GALLO.mp3?_=11\" \/><a href=\"http:\/\/www.radiopiu.net\/wordpress\/wp-content\/uploads\/2019\/10\/FRANCESCA-GALLO.mp3\">http:\/\/www.radiopiu.net\/wordpress\/wp-content\/uploads\/2019\/10\/FRANCESCA-GALLO.mp3<\/a><\/audio>\n<p>&nbsp;<\/p>\n<p><span style=\"color: #ff00ff;\">PAGINA FACEBOOK<\/span> <a href=\"https:\/\/www.facebook.com\/filmlavocedelbosco\/\">CLICCA QUI<\/a><\/p>\n<p>&nbsp;<\/p>\n<p><iframe loading=\"lazy\" title=\"La voce del Bosco - TRAILER\" width=\"1200\" height=\"675\" src=\"https:\/\/www.youtube.com\/embed\/sTSIwMiWV9k?feature=oembed\" frameborder=\"0\" allow=\"accelerometer; autoplay; encrypted-media; gyroscope; picture-in-picture\" allowfullscreen><\/iframe><\/p>\n<p>&nbsp;<\/p>\n<p>&nbsp;<\/p>\n<p>&nbsp;<\/p>\n<p>&nbsp;<\/p>\n<p>&nbsp;<\/p>\n<p>&nbsp;<\/p>\n<p>&nbsp;<\/p>\n<p>&nbsp;<\/p>\n<h3>FALCADE, UN ANNO DOPO. INTERVISTA AL SINDACO MICHELE COSTA<\/h3>\n<p><strong>FALCADE<\/strong> Lo ammette il sindaco che Falcade \u00e8 stato &#8220;graziato&#8221; rispetto ad altri territori dell&#8217;Agordino flagellati da Vaia, meno schianti a macchia di leopardo, meno danni causati dal torrente Biois, ma la Valle del Bioi piange Ennio Piccolin, una delle tre vittime del disastro di un anno fa e oggi sar\u00e0 ricordato in riva al torrente Biois. In questi 365 giorni post vaia il torrente Biois \u00e8 stato in parte regimato, ma c&#8217;\u00e8 ancora da fare, le scogliere sono state spazzate via. Ad agosto un\u00a0 nubifragio ha messo a rischio il centro di Falcade, le briglie tenute in ordine hanno evitato il peggio come racconta il primo cittadino. Nella lunga intervista realizzata in fondo alla piana di Falcade anche il tempo per parlare del nuovo, perch\u00e9 la vita continua, del nuovo campo di calcio in fase di realizzazione <em>&#8220;Anche se i lavori procedono a rilento&#8221;<\/em> dir\u00e0 il sindaco che si aspettava procedessero pi\u00f9 spediti, ma anche del nuovo centro per il biathlon che non sar\u00e0 in concorrenza con quello della Valle di Gares come spiega il primo cittadino.<\/p>\n<p><strong>MICHELE COSTA, intervista di mirko mezzacasa<\/strong><\/p>\n<div id=\"fb-root\"><\/div>\n<p><script async=\"1\" defer=\"1\" crossorigin=\"anonymous\" src=\"https:\/\/connect.facebook.net\/it_IT\/sdk.js#xfbml=1&amp;version=v6.0\"><\/script><\/p>\n<div class=\"fb-video\" data-href=\"https:\/\/www.facebook.com\/mirko.mezzacasa\/videos\/10221175195556324\/\" data-width=\"1200\">\n<blockquote cite=\"https:\/\/www.facebook.com\/mirko.mezzacasa\/videos\/10221175195556324\/\" class=\"fb-xfbml-parse-ignore\"><p><a href=\"https:\/\/www.facebook.com\/mirko.mezzacasa\/videos\/10221175195556324\/\"><\/a><\/p>\n<p>VAIA, UN ANNO DOPO A FALCADE NEL RICORDO DI ENNIO PICCOLIN.INTERVISTA CON IL SINDACO MICHELE COSTAdi mirko mezzacasa<\/p>\n<p>Pubblicato da <a href=\"https:\/\/www.facebook.com\/mirko.mezzacasa\">Mirko Mezzacasa<\/a> su Luned\u00ec 28 ottobre 2019<\/p><\/blockquote>\n<\/div>\n<p>&nbsp;<\/p>\n<p>&nbsp;<\/p>\n<p>&nbsp;<\/p>\n<p>&nbsp;<\/p>\n<p>&nbsp;<\/p>\n<h2>FOCUS SULLA SOSTENIBILITA&#8217; AMBIENTALE IN CANSIGLIO CON LUCA MERCALLI<\/h2>\n<p><strong>CANSIGLIO<\/strong> Ospite importante ieri in Cansiglio, il meteorologo Luca Mercalli ha partecipato all&#8217;evento organizzato dalla Femca Cisl di Belluno e Treviso presso una location significativa: l\u2019Hangar Cansiglio, ex base NATO ristrutturata in chiave ecologica e messa a disposizione della comunit\u00e0 da Veneto Agricoltura. Un anno fa la tempesta Vaia sconvolgeva la montagna veneta, segnando il paesaggio con ferite profonde. La violenza dei fenomeni atmosferici scaten\u00f2, da allora, una gara di solidariet\u00e0 nei confronti delle popolazioni colpite. Una presa di coscienza forte sui cambiamenti climatici da cui \u00e8 scaturita una domanda: \u201ccosa possiamo fare?\u201d<\/p>\n<p><strong>GLI INTERVENTI A FINE EVENTO, LUCA MERCALLI PRESIDENTE SOCIETA&#8217; METEOROLOGICA ITALIANA,\u00a0 NICOLA BRANCHER SEGRETARIO GENERALE FEMCA CISL BELLUNO, CARLO ANIELLI RESPONSABILE DIPARTIMENTO POLITICHE INDUSTRIALI CISL E PAOLO STEFAN DIRETTORE SOLIDARIETA&#8217; VENETO FONDO PENSIONE<\/strong><\/p>\n<div style=\"width: 848px;\" class=\"wp-video\"><video class=\"wp-video-shortcode\" id=\"video-104174-3\" width=\"848\" height=\"480\" preload=\"metadata\" controls=\"controls\"><source type=\"video\/mp4\" src=\"http:\/\/www.radiopiu.net\/wordpress\/wp-content\/uploads\/2019\/10\/WhatsApp-Video-2019-10-28-at-15.55.50.mp4?_=3\" \/><a href=\"http:\/\/www.radiopiu.net\/wordpress\/wp-content\/uploads\/2019\/10\/WhatsApp-Video-2019-10-28-at-15.55.50.mp4\">http:\/\/www.radiopiu.net\/wordpress\/wp-content\/uploads\/2019\/10\/WhatsApp-Video-2019-10-28-at-15.55.50.mp4<\/a><\/video><\/div>\n<h3><\/h3>\n<h3>E DOMANI IN CISL LA VOCE DEI LAVORATORI ALLE 10.30 E 1900 LO SPECIALE DI CLAUDIO PRA<\/h3>\n<audio class=\"wp-audio-shortcode\" id=\"audio-104174-12\" preload=\"none\" style=\"width: 100%;\" controls=\"controls\"><source type=\"audio\/mpeg\" src=\"http:\/\/www.radiopiu.net\/wordpress\/wp-content\/uploads\/2019\/10\/claudio-pra.mp3?_=12\" \/><a href=\"http:\/\/www.radiopiu.net\/wordpress\/wp-content\/uploads\/2019\/10\/claudio-pra.mp3\">http:\/\/www.radiopiu.net\/wordpress\/wp-content\/uploads\/2019\/10\/claudio-pra.mp3<\/a><\/audio>\n<p>&nbsp;<\/p>\n<p>&nbsp;<\/p>\n<p>&nbsp;<\/p>\n<h3>DOLOMITES MAADNESS E LA TEMPESTA VAIA UN PROGETTO DALLA PARTE DEL TERRITORIO<\/h3>\n<blockquote><p><em> <strong><a class=\"dt-pswp-item\" href=\"http:\/\/www.radiopiu.net\/wordpress\/wp-content\/uploads\/2019\/10\/20190917_100143.jpg\" data-dt-img-description=\"\" data-large_image_width=\"4128\" data-large_image_height=\"2322\"><img loading=\"lazy\" decoding=\"async\" class=\"alignleft size-medium wp-image-104175\" src=\"http:\/\/www.radiopiu.net\/wordpress\/wp-content\/uploads\/2019\/10\/20190917_100143-300x169.jpg\" alt=\"\" width=\"300\" height=\"169\" srcset=\"https:\/\/www.radiopiu.net\/wordpress\/wp-content\/uploads\/2019\/10\/20190917_100143-300x169.jpg 300w, https:\/\/www.radiopiu.net\/wordpress\/wp-content\/uploads\/2019\/10\/20190917_100143-768x432.jpg 768w, https:\/\/www.radiopiu.net\/wordpress\/wp-content\/uploads\/2019\/10\/20190917_100143-1024x576.jpg 1024w\" sizes=\"auto, (max-width: 300px) 100vw, 300px\" \/><\/a><\/strong>Sbloccati i cantieri, ecco il punto dei lavori alle infrastrutture. Peccato che nessuno alzi la voce nei confronti di chi sta obbligando gli agordini a rinunciare ad una bella pista ciclabile in asfalto nero perch\u00e9 secondo qualcuno stona con l&#8217;ambiente, neanche la 203 agordina o la provinciale per la\u00a0 Val Fiorentina fossero piste di ghiaia del vecchio west. Peccato che nessuno a differenza del Comelico osi alzare la voce mentre si spendono decine di migliaia d&#8217;euro per &#8220;grattare&#8221; il manto vellutato come\u00a0 vellutato, inviante e calpestato lo \u00e8 nella vicina Val di Fassa e Val di Fiemme, peggio assistere inermi a\u00a0 questa spesa imprevista. Peccato che nessuno abbia il coraggio di far notare che quello che stona nell&#8217;ambiente oggi ad Alleghe siano gli alberi ancora disastrosamente a terra e non certo una lingua d&#8217;asfalto che con il tempo, la neve, la brina, la pioggia perder\u00e0 quel colore nero che tanto non piace. Triste constatare che si spendano fiori di quattrini per rendere l&#8217;asfalto quasi sabbioso mentre il lago di Alleghe \u00e8 riempito di sabbia e melma. Qualche perplessit\u00e0 anche per la celerit\u00e0 con cui sono ripresi i lavori per l&#8217;arena delle Peschiere a San Lucano contestata da un paese e non solo (oltre 1000 firme raccolte) mentre tutt&#8217;attorno sul versante delle pale di San Lucano \u00e8 un trionfo di piante schiantate e annerite dell&#8217;incendio e ancora non si pensa ad una strada per il recupero che funga anche da taglia fuoco (mm)<\/em><\/p><\/blockquote>\n<p><strong>ROCCA PIETORE<\/strong><\/p>\n<p><strong><a class=\"dt-pswp-item\" href=\"http:\/\/www.radiopiu.net\/wordpress\/wp-content\/uploads\/2019\/10\/cddb1749-314b-49d9-b291-fd7f984fd52b.jpg\" data-dt-img-description=\"\" data-large_image_width=\"1600\" data-large_image_height=\"901\"><img loading=\"lazy\" decoding=\"async\" class=\"size-medium wp-image-103529 alignleft\" src=\"http:\/\/www.radiopiu.net\/wordpress\/wp-content\/uploads\/2019\/10\/cddb1749-314b-49d9-b291-fd7f984fd52b-300x169.jpg\" alt=\"\" width=\"300\" height=\"169\" srcset=\"https:\/\/www.radiopiu.net\/wordpress\/wp-content\/uploads\/2019\/10\/cddb1749-314b-49d9-b291-fd7f984fd52b-300x169.jpg 300w, https:\/\/www.radiopiu.net\/wordpress\/wp-content\/uploads\/2019\/10\/cddb1749-314b-49d9-b291-fd7f984fd52b-768x432.jpg 768w, https:\/\/www.radiopiu.net\/wordpress\/wp-content\/uploads\/2019\/10\/cddb1749-314b-49d9-b291-fd7f984fd52b-1024x577.jpg 1024w, https:\/\/www.radiopiu.net\/wordpress\/wp-content\/uploads\/2019\/10\/cddb1749-314b-49d9-b291-fd7f984fd52b.jpg 1600w\" sizes=\"auto, (max-width: 300px) 100vw, 300px\" \/><\/a>29 ottobre 2018\u00a0<\/strong> \u00a0Era ormai fatta pi\u00f9 della met\u00e0 della nuova pista ciclabile (costo 4,5 milioni di euro), principale opera del progetto di sviluppo turistico del Medio\/Alto Agordino finanziato dai Fondi Comuni Confinanti e promosso dai comuni di Rocca Pietore, Alleghe, Colle di Santa Lucia, Livinallongo del Col di Lana, San Tomaso Agordino, Cencenighe e Taibon Agordino, che, correndo per 23 chilometri lungo la valle al fianco del torrente Cordevole, avrebbe finalmente collegato i comuni a nord dell\u2019Agordino e Cencenighe, inserendosi quindi ne<\/p>\n<p><img loading=\"lazy\" decoding=\"async\" class=\"size-medium wp-image-103520 alignright\" src=\"http:\/\/www.radiopiu.net\/wordpress\/wp-content\/uploads\/2019\/10\/38de23f5-667c-4554-b5bf-349e44221a67-169x300.jpg\" alt=\"\" width=\"169\" height=\"300\" srcset=\"https:\/\/www.radiopiu.net\/wordpress\/wp-content\/uploads\/2019\/10\/38de23f5-667c-4554-b5bf-349e44221a67-169x300.jpg 169w, https:\/\/www.radiopiu.net\/wordpress\/wp-content\/uploads\/2019\/10\/38de23f5-667c-4554-b5bf-349e44221a67-768x1364.jpg 768w, https:\/\/www.radiopiu.net\/wordpress\/wp-content\/uploads\/2019\/10\/38de23f5-667c-4554-b5bf-349e44221a67-577x1024.jpg 577w, https:\/\/www.radiopiu.net\/wordpress\/wp-content\/uploads\/2019\/10\/38de23f5-667c-4554-b5bf-349e44221a67.jpg 901w\" sizes=\"auto, (max-width: 169px) 100vw, 169px\" \/><\/p>\n<p>lla ciclabile della conca Agordina. In poche ore, per\u00f2 il 29 ottobre 2018, ben 17 di quei chilometri di pista sono stati travolti e distrutti, l\u00ec dove il torrente ha rosicchiato l\u2019argine, tra Sottoguda e Caprile, e soprattutto nel tratto Masar\u00e8-Cencenighe. Complessivamente, le conseguenze dei tre giorni di esondazioni e vento hanno creato al progetto Dolomites Maadness danni per 1,2 milioni di euro e fermato per ovvi motivi di forza maggiore il proseguo dei lavori. Come ad esempio per l\u2019auditorium in fase di realizzazione nella meravigliosa Valle di San Lucano, oltraggiata in tutti i modi dalla tempesta. E anche l\u2019intervento sulle ristrutturazioni extralberghiere, che proprio con il progetto finanziato dai Comuni Confinanti avrebbe trovato nuovo impulso di sviluppo nell\u2019ospitalit\u00e0 diffusa, ha subito un pesante rinvio di 1 anno. Mentre, il parcheggio, da poco terminato a Rocca Pietore, sepolto in quei giorni sotto frane e detriti, fortunatamente \u00e8 stato gi\u00e0 ripristinato completamente.<\/p>\n<p><strong>29 ottobre 2019 &#8211;<\/strong> oggi tutti gli impegni sono ripartiti: sul Cordevole \u00e8 stata completata la passerella pedonale di attraversamento, entro la primavera prossima sar\u00e0 finito e illuminato il percorso facilitato attorno al lago di Alleghe, inaugurata la ciclabile sulla destra orografica del Cordevole tra Masar\u00e8 e Caprile, mentre nella valle di San Lucano la baita \u00e8 pronta e si \u00e8 ripartiti con l\u2019Auditorium. Sono anche ripresi di gran lena i lavori di ristrutturazione sui 21 immobili che il progetto sostiene con circa il 60\/70% dei costi per l\u2019apertura di altrettanti affittacamere. E, sempre nel 2020, ci sar\u00e0 un nuovo esercizio per l\u2019ospitalit\u00e0 diffusa a Laste, mentre \u00e8 gi\u00e0 pienamente funzionante il ristorante-pizzeria rinnovato a San Tomaso Agordino preso in gestione da una giovane coppia milanese. La tempesta Vaia, cos\u00ec come ha fermato per mesi tanti sogni nel cassetto, tanto ha dato un nuovo impulso motivazionale e culturale agli abitanti di questo territorio e quindi anche al progetto Dolomites Maadness che, nel corso di questi mesi, si \u00e8 dedicato interamente alla difesa del territorio e alla valorizzazione della sua comunit\u00e0.<\/p>\n<p><strong>Denis Dal Soler, project manager<\/strong><\/p>\n<audio class=\"wp-audio-shortcode\" id=\"audio-104174-13\" preload=\"none\" style=\"width: 100%;\" controls=\"controls\"><source type=\"audio\/mpeg\" src=\"http:\/\/www.radiopiu.net\/wordpress\/wp-content\/uploads\/2019\/10\/DAL-SOLER.mp3?_=13\" \/><a href=\"http:\/\/www.radiopiu.net\/wordpress\/wp-content\/uploads\/2019\/10\/DAL-SOLER.mp3\">http:\/\/www.radiopiu.net\/wordpress\/wp-content\/uploads\/2019\/10\/DAL-SOLER.mp3<\/a><\/audio>\n<p><strong>Andrea De Bernardin, sindaco di\u00a0 Rocca Pietore capofila progetto:<\/strong><\/p>\n<audio class=\"wp-audio-shortcode\" id=\"audio-104174-14\" preload=\"none\" style=\"width: 100%;\" controls=\"controls\"><source type=\"audio\/mpeg\" src=\"http:\/\/www.radiopiu.net\/wordpress\/wp-content\/uploads\/2019\/10\/ANDREA-PROGETTONE.mp3?_=14\" \/><a href=\"http:\/\/www.radiopiu.net\/wordpress\/wp-content\/uploads\/2019\/10\/ANDREA-PROGETTONE.mp3\">http:\/\/www.radiopiu.net\/wordpress\/wp-content\/uploads\/2019\/10\/ANDREA-PROGETTONE.mp3<\/a><\/audio>\n<p>&nbsp;<\/p>\n<p>&nbsp;<\/p>\n<p>&nbsp;<\/p>\n<p>&nbsp;<\/p>\n<h3>BELLUNO TRA LE 10 MIGLIORI CITTA&#8217; D&#8217;ITALIA PER LEGAMBIENTE<\/h3>\n<p><strong>BELLUNO<\/strong> Ecosistema Urbano premia Belluno nonostante i rifiuti di Vaia. I nuovi indicatori premiano ma anche penalizzano. Belluno \u00e8 sempre tra le migliori, tiene il sistema della raccolta rifiuti.<\/p>\n<p><strong>DA MANTOVA IL SINDACO JACOPO MASSARO<\/strong><\/p>\n<p><iframe loading=\"lazy\" title=\"Massaro Legambiente 2019\" width=\"1200\" height=\"675\" src=\"https:\/\/www.youtube.com\/embed\/ardeUuYcCck?feature=oembed\" frameborder=\"0\" allow=\"accelerometer; autoplay; encrypted-media; gyroscope; picture-in-picture\" allowfullscreen><\/iframe><\/p>\n<h2>Ecosistema urbano 2019 Belluno ancora nella top ten, \u00abnonostante Vaia\u00bb<\/h2>\n<p>Si \u00e8 tenuta questa mattina a Mantova la presentazione del rapporto Ecosistema Urbano 2019 di Legambiente, con la premiazione delle citt\u00e0 presenti in classifica. All&#8217;evento era presente anche Jacopo Massaro, Sindaco di Belluno, citt\u00e0 che si \u00e8 posizionata all&#8217;ottavo posto nella graduatoria assoluta.<\/p>\n<h3><a class=\"dt-pswp-item\" href=\"http:\/\/www.radiopiu.net\/wordpress\/wp-content\/uploads\/2019\/10\/a4f81b90-abc1-4954-94d7-10d650118017.jpg\" data-dt-img-description=\"\" data-large_image_width=\"1067\" data-large_image_height=\"1600\"><img loading=\"lazy\" decoding=\"async\" class=\"alignleft wp-image-104218\" src=\"http:\/\/www.radiopiu.net\/wordpress\/wp-content\/uploads\/2019\/10\/a4f81b90-abc1-4954-94d7-10d650118017-200x300.jpg\" alt=\"\" width=\"133\" height=\"200\" srcset=\"https:\/\/www.radiopiu.net\/wordpress\/wp-content\/uploads\/2019\/10\/a4f81b90-abc1-4954-94d7-10d650118017-200x300.jpg 200w, https:\/\/www.radiopiu.net\/wordpress\/wp-content\/uploads\/2019\/10\/a4f81b90-abc1-4954-94d7-10d650118017-768x1152.jpg 768w, https:\/\/www.radiopiu.net\/wordpress\/wp-content\/uploads\/2019\/10\/a4f81b90-abc1-4954-94d7-10d650118017-683x1024.jpg 683w, https:\/\/www.radiopiu.net\/wordpress\/wp-content\/uploads\/2019\/10\/a4f81b90-abc1-4954-94d7-10d650118017.jpg 1067w\" sizes=\"auto, (max-width: 133px) 100vw, 133px\" \/><\/a>Ecosistema Urbano 2019<\/h3>\n<p>Belluno all&#8217;ottavo posto (7\u00b0 nel 2018) si conferma anche quest&#8217;anno nella \u201ctop ten\u201d dei capoluoghi pi\u00f9 verdi d&#8217;Italia, seconda citt\u00e0 del Veneto appena alle spalle di Treviso.<\/p>\n<p>Tra i punti di forza, le concentrazioni di No2 e Pm10, stabili e sotto i limiti, mentre migliora di molto il numero di giorni di superamento dei limiti per l\u2019ozono (7 nel 2018 contro i 48 del 2017). In crescita anche la percentuale di raccolta differenziata dei rifiuti (dal 78,2% all\u2019attuale 78,7%); in leggera crescita l&#8217;utilizzo da parte dei bellunesi del trasporto pubblico, stabili i dati su isole pedonali, infrastrutture per la ciclabilit\u00e0 e energie rinnovabili.<\/p>\n<h3>Tavola rotonda \u201cL&#8217;agenda urbana per le citt\u00e0\u201d<\/h3>\n<p><a class=\"dt-pswp-item\" href=\"http:\/\/www.radiopiu.net\/wordpress\/wp-content\/uploads\/2019\/10\/effdd639-9e11-468a-9425-dec8b3fd423a.jpg\" data-dt-img-description=\"\" data-large_image_width=\"1600\" data-large_image_height=\"1066\"><img loading=\"lazy\" decoding=\"async\" class=\"size-medium wp-image-104219 alignright\" src=\"http:\/\/www.radiopiu.net\/wordpress\/wp-content\/uploads\/2019\/10\/effdd639-9e11-468a-9425-dec8b3fd423a-300x200.jpg\" alt=\"\" width=\"300\" height=\"200\" srcset=\"https:\/\/www.radiopiu.net\/wordpress\/wp-content\/uploads\/2019\/10\/effdd639-9e11-468a-9425-dec8b3fd423a-300x200.jpg 300w, https:\/\/www.radiopiu.net\/wordpress\/wp-content\/uploads\/2019\/10\/effdd639-9e11-468a-9425-dec8b3fd423a-768x512.jpg 768w, https:\/\/www.radiopiu.net\/wordpress\/wp-content\/uploads\/2019\/10\/effdd639-9e11-468a-9425-dec8b3fd423a-1024x682.jpg 1024w, https:\/\/www.radiopiu.net\/wordpress\/wp-content\/uploads\/2019\/10\/effdd639-9e11-468a-9425-dec8b3fd423a.jpg 1600w\" sizes=\"auto, (max-width: 300px) 100vw, 300px\" \/><\/a>Al termine della presentazione, si \u00e8 svolta la tavola rotonda \u201cL&#8217;agenda urbana per le citt\u00e0\u201d, che ha visto partecipare, oltre a Massaro anche Mattia Palazzi, Sindaco di Mantova; Emilio Del Bono, Sindaco di Brescia; Gianni Bottalico, Responsabile Relazioni con Regioni e Enti Locali Asvis &#8211; Alleanza Italiana per lo Sviluppo Sostenibile; Gianfranco Conti, Fondazione Serono; Stefano Ciafani, Presidente Nazionale Legambiente. Protagonista dell&#8217;intervento del primo cittadino bellunese, proprio nei giorni del primo anniversario, \u00e8 stata la tempesta Vaia: \u00abBisogna che il tema ambientale diventi parte della cultura dei cittadini e della politica: &#8211; ha spiegato Massaro \u2013 il disastro dello scorso anno ci ha costretti a rivedere le priorit\u00e0, di amministratori e di cittadini. Anche la politica deve rivedere la sua posizione, coerente con le necessit\u00e0 e le particolarit\u00e0 dei territori: come amministrazione, ci stiamo impegnando contro il consumo del suolo, puntando su rigenerazione e recupero dell&#8217;abbandonato, mentre al contrario a livello regionale talora si d\u00e0 spazio a \u201cpiani casa\u201d e quindi a nuove cementificazioni. Sono le citt\u00e0 i punti pi\u00f9 vicini alla gestione del territorio: a loro vanno dati poteri e competenze per rispondere alle esigenze dei cittadini. Serve una risposta di sistema\u00bb.<\/p>\n<p>&nbsp;<\/p>\n<p>&nbsp;<\/p>\n<h2>L&#8217;INCIDENTE DI MEL, TRAGEDIA FORTUNATAMENTE SOLO SFIORATA<\/h2>\n<p><strong>BORGOVALBELLUNA<\/strong> E&#8217; probabilmente il mal funzionamento del forno alla base dell&#8217;intossicazione da monossico di carbonio che sabato sera ha mandato in ospedale 21 persone. I vigili del fuoco giungono alla conclusione dopo importanti indagini svolte soprattutto nella cucina del capannone per le feste Laghet di Mel dove c&#8217;\u00e8 una cucina a gas con relativa cappa aspirante e anche un forno finito sotto la lente di ingrandimento dei pompieri e qui sarebbe stata rilevata la maggiore concentrazione del micidiale monossido<\/p>\n<p>&nbsp;<\/p>\n<h2>Intossicazioni da monossido di carbonio: cosa \u00e8 bene sapere?<\/h2>\n<blockquote><p><em>Il tema dei rischi da monossido sar\u00e0 approfondito in un \u201cMercoled\u00ec della salute\u201d.<\/em><\/p><\/blockquote>\n<p><strong><a class=\"dt-pswp-item\" href=\"http:\/\/www.radiopiu.net\/wordpress\/wp-content\/uploads\/2019\/10\/download-29.jpg\" data-dt-img-description=\"\" data-large_image_width=\"300\" data-large_image_height=\"168\"><img loading=\"lazy\" decoding=\"async\" class=\"alignleft wp-image-104292\" src=\"http:\/\/www.radiopiu.net\/wordpress\/wp-content\/uploads\/2019\/10\/download-29-300x168.jpg\" alt=\"\" width=\"245\" height=\"137\" \/><\/a>FELTRE<\/strong> \u00a0Dopo l\u2019intossicazione da monossido di carbonio avvenuta sabato sera a Borgovalbelluna, l\u2019Ulss Dolomiti approfondisce alcuni aspetti che si ritiene utili per la prevenzione. Il direttore sanitario, Giovanni Maria Pittoni, spiega che: \u00abIl monossido di carbonio (CO) \u00e8 un gas inodore, incolore e insapore, assorbito dall\u2019uomo per via respiratoria, che viene prodotto a causa di una combustione incompleta, in carenza di ossigeno. L\u2019avvelenamento da monossido di carbonio \u00e8 la causa di morte pi\u00f9 diffusa tra gli avvelenamenti. Una volta respirato, il monossido si lega all\u2019emoglobina, impedendo il normale afflusso di ossigeno agli organi e ai tessuti. Il primo organo che ne risente \u00e8 il cervello. I primi sintomi che compaiono sono cefalea, nausea, vertigini. Quando l\u2019intossicazione \u00e8 pi\u00f9 grave si arriva alla sincope. In caso di intossicazione acuta di CO, \u00e8 necessaria la rapida somministrazione di ossigeno eventualmente attraverso la camera iperbarica\u00bb. \u00abNel caso avvenuto sabato notte, l\u2019equipaggio del 118 intervenuto, allertato per una sincope, ha dimostrato il suo valore grazie all\u2019intuizione che ha fatto collegare i segni\/sintomi al contesto e ha avviato degli approfondimenti diagnostici ricercando appena possibile il monossido nel sangue e utilizzando il rilevatore anche nell\u2019ambiente dove si era verificato il fatto. L\u2019\u00e8quipe infermieristica del 118 ha cos\u00ec contribuito sostanzialmente ad arrivare rapidamente ad una diagnosi ed ad attivare le terapie adeguate. Utile sicuramente anche il recente corso di formazione sulle maxi emergenze fatto dalla nostra Ulss che ha fatto crescere le competenze e la capacit\u00e0 di interpretare ci\u00f2 che viene rilevato per discuterlo con la centrale operativa per una diagnosi tempestiva come previsto dai protocolli delegati di assistenza. Le competenze del personale infermieristico sono in costante crescita e sono un valore aggiunto che ci avvicina ai paesi anglosassoni dove la figura dell\u2019infermiere ha un ambito di azione pi\u00f9 ampio. Infine, ho rilevato con piacere che l\u2019ospedale ha risposto in modo unitario e con senso di responsabilit\u00e0 dando una risposta rapida e la migliore possibile a una situazione di emergenza\u00bb, conclude il direttore sanitario Giovanni Maria Pittoni. Stefania Peterle, dirigente chimico dello SPISAL dell\u2019Ulss Dolomiti d\u00e0 alcune utili informazioni in ambito preventivo per evitare la formazione di monossido di carbonio. \u00abControllare gli impianti di combustione: \u00e8 fondamentale che gli impianti brucino in maniera efficiente e quindi vanno controllate le integrit\u00e0 delle parti e il tiraggio, con regolare manutenzione secondo le indicazioni del costruttore , consigliabile almeno una volta all&#8217;anno Controllare che il tubo di espulsione fumi non sia ostruito , e regolarmente pulito; Controllare la tipologia di combustibile: la legna deve essere secca e vergine, cio\u00e8 non contaminata da vernici, olii o altri componenti estranei; Controllare che la ventilazione sia garantita, ovvero il locale abbia aperture in grado di garantire un apporto di aria dall\u2019esterno; Dotarsi di rilevatori di monossido di carbonio L\u2019organismo umano non \u00e8 in grado di avvertire la presenza di CO in ambiente quindi \u00e8 bene dotarsi di rilevatori di monossido. Sono dispositivi a costo contenuto che rilevano la presenza di gas nell\u2019aria e avvisano il superamento di soglie pericolose per la salute\u00bb.<\/p>\n<p>&nbsp;<\/p>\n<p>&nbsp;<\/p>\n<p>&nbsp;<\/p>\n<p>&nbsp;<\/p>\n<h3>PIANO DELLE OPERE PUBBLICHE 2020-2022: in programma interventi per quasi 22 milioni di euro.<\/h3>\n<p><strong><a class=\"dt-pswp-item\" href=\"http:\/\/www.radiopiu.net\/wordpress\/wp-content\/uploads\/2019\/10\/d0ccb106-a5ac-4a01-a05a-a853f4c9dbcc.jpg\" data-dt-img-description=\"\" data-large_image_width=\"1600\" data-large_image_height=\"1200\"><img loading=\"lazy\" decoding=\"async\" class=\"alignleft wp-image-104171\" src=\"http:\/\/www.radiopiu.net\/wordpress\/wp-content\/uploads\/2019\/10\/d0ccb106-a5ac-4a01-a05a-a853f4c9dbcc-300x225.jpg\" alt=\"\" width=\"227\" height=\"170\" srcset=\"https:\/\/www.radiopiu.net\/wordpress\/wp-content\/uploads\/2019\/10\/d0ccb106-a5ac-4a01-a05a-a853f4c9dbcc-300x225.jpg 300w, https:\/\/www.radiopiu.net\/wordpress\/wp-content\/uploads\/2019\/10\/d0ccb106-a5ac-4a01-a05a-a853f4c9dbcc-768x576.jpg 768w, https:\/\/www.radiopiu.net\/wordpress\/wp-content\/uploads\/2019\/10\/d0ccb106-a5ac-4a01-a05a-a853f4c9dbcc-1024x768.jpg 1024w, https:\/\/www.radiopiu.net\/wordpress\/wp-content\/uploads\/2019\/10\/d0ccb106-a5ac-4a01-a05a-a853f4c9dbcc.jpg 1600w\" sizes=\"auto, (max-width: 227px) 100vw, 227px\" \/><\/a>FELTRE\u00a0 <\/strong>9,3 milioni di euro per il 2020, 7,5 nel 2021 e quasi 5 milioni per il 2022. Si compone cos\u00ec il piano triennale delle opere pubbliche presentato luned\u00ec dall&#8217;assessore alla Gestione del Territorio Adis Zatta e dalla dirigente dello stesso settore Enrica De Paulis. Molte le direttrici lungo cui si svilupperanno in maniera equilibrata gli interventi programmati dall&#8217;amministrazione: dalla manutenzione delle strade (2,5 milioni nel triennio), alle piste ciclabili (3,2 milioni); dalla sicurezza del territorio (3 milioni circa) a scuole e sociale (3,2 milioni), fino ai 3,5 milioni nell&#8217;ambito dei beni culturali e ai 3,3 milioni per impianti sportivi e verde, solo per citare le macro-aree di intervento pi\u00f9 significative. Tutto questo senza contare gli effetti del &#8220;post-Vaia&#8221;, che hanno gi\u00e0 attivato nel territorio comunale oltre un centinaio di cantieri e per i quali sono previsti, nel solo biennio 2020-2021, altri interventi per 1 milione e mezzo di euro.<\/p>\n<p><strong>L&#8217;ASSESSORE ADIS ZATTA<\/strong><\/p>\n<audio class=\"wp-audio-shortcode\" id=\"audio-104174-15\" preload=\"none\" style=\"width: 100%;\" controls=\"controls\"><source type=\"audio\/mpeg\" src=\"http:\/\/www.radiopiu.net\/wordpress\/wp-content\/uploads\/2019\/10\/ZATTA.mp3?_=15\" \/><a href=\"http:\/\/www.radiopiu.net\/wordpress\/wp-content\/uploads\/2019\/10\/ZATTA.mp3\">http:\/\/www.radiopiu.net\/wordpress\/wp-content\/uploads\/2019\/10\/ZATTA.mp3<\/a><\/audio>\n<p><strong>LA DIRIGENTE ENRICA DE PAULIS<\/strong><\/p>\n<audio class=\"wp-audio-shortcode\" id=\"audio-104174-16\" preload=\"none\" style=\"width: 100%;\" controls=\"controls\"><source type=\"audio\/mpeg\" src=\"http:\/\/www.radiopiu.net\/wordpress\/wp-content\/uploads\/2019\/10\/DE-PAOLIS.mp3?_=16\" \/><a href=\"http:\/\/www.radiopiu.net\/wordpress\/wp-content\/uploads\/2019\/10\/DE-PAOLIS.mp3\">http:\/\/www.radiopiu.net\/wordpress\/wp-content\/uploads\/2019\/10\/DE-PAOLIS.mp3<\/a><\/audio>\n<p>&nbsp;<\/p>\n<p>&nbsp;<\/p>\n<p>&nbsp;<\/p>\n<blockquote><p><em><strong>FALCADE<\/strong> Questa sera alle 20 consiglio comunale a Falcade, all&#8217;ordine del giorno: ricognizione competenze tra i membri della giunta, debiti fuori bilancio, variazione al bilancio, applicazione avanzo, mutamento destinazione porzioni di terreno, risposta all&#8217;interrogazione di Cesare Bon sui cartelli di indicazione ingresso paese di Falcade.<\/em><\/p><\/blockquote>\n<p>&nbsp;<\/p>\n<p>&nbsp;<\/p>\n<p>&nbsp;<\/p>\n<h3>I SINDACI DEI PICCOLI COMUNI D&#8217;ITALIA INCONTRANO POSTE ITALIANE CHE ANNUNCIA I NUOVI SERVIZI PER LE REALTA&#8217; LOCALI CON MENO DI 5000 ABITANTI<\/h3>\n<p><strong><a class=\"dt-pswp-item\" href=\"http:\/\/www.radiopiu.net\/wordpress\/wp-content\/uploads\/2019\/04\/Poste_sito_piccoli_Comuni_apr2019.jpg\" data-dt-img-description=\"\" data-large_image_width=\"1362\" data-large_image_height=\"672\"><img loading=\"lazy\" decoding=\"async\" class=\"alignleft size-medium wp-image-82994\" src=\"http:\/\/www.radiopiu.net\/wordpress\/wp-content\/uploads\/2019\/04\/Poste_sito_piccoli_Comuni_apr2019-300x148.jpg\" alt=\"\" width=\"300\" height=\"148\" srcset=\"https:\/\/www.radiopiu.net\/wordpress\/wp-content\/uploads\/2019\/04\/Poste_sito_piccoli_Comuni_apr2019-300x148.jpg 300w, https:\/\/www.radiopiu.net\/wordpress\/wp-content\/uploads\/2019\/04\/Poste_sito_piccoli_Comuni_apr2019-768x379.jpg 768w, https:\/\/www.radiopiu.net\/wordpress\/wp-content\/uploads\/2019\/04\/Poste_sito_piccoli_Comuni_apr2019-1024x505.jpg 1024w, https:\/\/www.radiopiu.net\/wordpress\/wp-content\/uploads\/2019\/04\/Poste_sito_piccoli_Comuni_apr2019.jpg 1362w\" sizes=\"auto, (max-width: 300px) 100vw, 300px\" \/><\/a>ROMA<\/strong> Poste Italiane ha riunito ieri a Roma oltre 4.000 sindaci dei piccoli Comuni d&#8217;Italia per annunciare l&#8217;introduzione di nuovi servizi dedicati alle realta&#8217; locali con meno di 5.000 abitanti e rinnovare, a distanza di un anno dal loro primo incontro, il dialogo diretto e permanente sulle esigenze specifiche del territorio. L&#8217;a.d. Matteo Del Fante ha illustrato gli obiettivi del nuovo piano di Poste I. per i piccoli Comuni, che comprende tra l&#8217;altro: l&#8217;avvio di programmi di educazione finanziaria e digitale; Pos gratuiti ai Comuni per i servizi di pagamento digitale; l&#8217;uso di mezzi &#8220;green&#8221; per il recapito della posta; l&#8217;installazione di locker nei Comuni privi di ufficio postale, per semplificare le operazioni di consegna dei pacchi e il pagamento dei bollettini; l&#8217;installazione di cassette postali smart a tecnologia digitale; l&#8217;attivazione di servizi di informazione per i cittadini; la realizzazione di nuovi eventi filatelici per meglio valorizzare le tradizioni e le realta&#8217; del territorio. &#8220;Poste Italiane ha realizzato gli impegni assunti nel 2018 con i piccoli Comuni grazie alla dedizione delle persone che lavorano in azienda e alla proficua collaborazione instaurata con il territorio e con le istituzioni locali &#8211; ha affermato il manager -. Siamo consapevoli dell&#8217;importanza strategica della presenza capillare di Poste e della nostra capacita&#8217; di collegare i territori alle istituzioni e ai servizi erogati centralmente: la nostra azienda accorcia le distanze, agevola le relazioni, direi che e&#8217; una sorta di intermediario tra le diverse aree del Paese. E&#8217; giunto ora il momento di compiere una nuova tappa, arricchendo le iniziative realizzate e confidando nel fatto che i progressi conseguiti costituiscono una testimonianza della comune capacita&#8217; di lavorare al servizio dell&#8217;Italia, favorendone lo sviluppo, la coesione sociale e territoriale&#8221;. A un anno dal primo incontro con i &#8220;Sindaci d&#8217;Italia&#8221;, del 26 novembre 2018, Poste Italiane, oltre a mantenere la promessa di non chiudere alcun ufficio postale, ha realizzato 900 incontri con amministratori locali, coordinati dal nuovo ufficio istituito a Roma con il compito di mantenere aperto e costante il dialogo tra Poste e le comunita&#8217; sul territorio; sono stati installati 614 Atm Postamat; attivati servizi a domicilio e presso esercizi convenzionati nei Comuni privi di ufficio postale; collegati 5.688 spot wi-fi negli uffici postali di 5.051 Comuni; eliminate 574 barriere architettoniche in 549 Comuni; potenziati 219 uffici postali in 211 centri turistici; installate 3.751 nuove cassette postali e 3.793 impianti di video sorveglianza; attivati 119 servizi di tesoreria; donati 13 immobili ai Comuni per attivita&#8217; di interesse collettivo; realizzati 15 murales per migliorare il decoro urbano degli uffici postali periferici. L&#8217;incontro di oggi, sottolineano da Viale Europa, segna una nuova tappa nel dialogo e nel confronto avviati l&#8217;anno scorso e avvicina ancora di piu&#8217; Poste Italiane al territorio e alle sue comunita&#8217;, lungo un percorso fatto di impegni reali, investimenti, nuovi servizi e opportunita&#8217; concrete, al servizio della crescita economica e sociale del Paese. L&#8217;incontro e&#8217; stato promosso in collaborazione con Anci e Uncem, si e&#8217; svolto alla presenza del presidente del Consiglio, Giuseppe Conte, e vi hanno partecipato: il ministro dell&#8217;Economia, Roberto Gualtieri, del Lavoro Nunzia Catalfo, della Cultura Dario Franceschini, dell&#8217;Innovazione Paola Pisano, per gli Affari Regionali Francesco Boccia, per il Sud e la Coesione Territoriale Giuseppe Provenzano e il presidente della Regione Lazio, Nicola Zingaretti.<\/p>\n<p>&nbsp;<\/p>\n<p>&nbsp;<\/p>\n<p>&nbsp;<\/p>\n<h3>POSTE ALLA NUVOLA SCRIVE IL NUOVO PATTO CON I COMUNI MONTANI.<\/h3>\n<p><a class=\"dt-pswp-item\" href=\"http:\/\/www.radiopiu.net\/wordpress\/wp-content\/uploads\/2018\/12\/argentera_ferrere-3.jpg\" data-dt-img-description=\"\" data-large_image_width=\"865\" data-large_image_height=\"330\"><img loading=\"lazy\" decoding=\"async\" class=\"alignleft wp-image-71005 size-full\" src=\"http:\/\/www.radiopiu.net\/wordpress\/wp-content\/uploads\/2018\/12\/argentera_ferrere-3.jpg\" alt=\"\" width=\"865\" height=\"330\" srcset=\"https:\/\/www.radiopiu.net\/wordpress\/wp-content\/uploads\/2018\/12\/argentera_ferrere-3.jpg 865w, https:\/\/www.radiopiu.net\/wordpress\/wp-content\/uploads\/2018\/12\/argentera_ferrere-3-300x114.jpg 300w, https:\/\/www.radiopiu.net\/wordpress\/wp-content\/uploads\/2018\/12\/argentera_ferrere-3-768x293.jpg 768w\" sizes=\"auto, (max-width: 865px) 100vw, 865px\" \/><\/a><\/p>\n<p>&nbsp;<\/p>\n<p>&nbsp;<\/p>\n<p>&nbsp;<\/p>\n<p>&nbsp;<\/p>\n<p>&nbsp;<\/p>\n<p>&nbsp;<\/p>\n<p>&nbsp;<\/p>\n<blockquote><p>&nbsp;<\/p><\/blockquote>\n<p>&nbsp;<\/p>\n<p>&nbsp;<\/p>\n<p>&nbsp;<\/p>\n<blockquote><p><em>Cos\u00ec Marco Bussone, Presidente nazionale Uncem, l&#8217;Unione dei Comuni, delle Comunit\u00e0 e degli Enti montani, intervenendo dal palco di &#8220;Sindaci d&#8217;Italia&#8221;, l&#8217;evento promosso all&#8217;Eur da Poste Italiane con la collaborazione di Anci e Uncem.\u00a0<\/em><\/p><\/blockquote>\n<p>&#8220;Poste rafforza oggi alla Nuvola di Roma il patto siglato con i piccoli Comuni un anno fa, portando nuovi servizi per gli Enti, per le imprese, per tutti i cittadini. Gli investimenti fatti da Poste sui territori, in particolare nelle aree montane,\u00a0quel Postamat installato o quel wif.fi. negli uffici, piuttosto che i servizi di tesoreria e di Postino telematico, sono di fatto una presenza nuova dello Stato e delle Istituzioni, assieme ai big player che al business uniscono la voglia di essere parte attiva nello sviluppo locale. I Comuni sono molto soddisfatti di questo nuovo legame con Poste, dopo anni in cui non ci eravamo capiti, avevamo anche litigato. Uncem conferma il patto con l&#8217;azienda oggi alla Nuvola.\u00a0La base \u00e8 la legge sui piccoli Comuni, la 158 del 2017, che sta aprendo scenari nuovi. Ma anche la Strategia Aree interne da rafforzare, la legge sulla green economy, l&#8217;Agenda digitale nazionale. Si cresce solo con tutti gli attori impegnati a essere pi\u00f9 smart e pi\u00f9 green, nel dare servizi e nel plasmare comunit\u00e0 vive. Uncem ha proposto il modello di Poste per i piccoli Comuni a moltissime altre imprese in particolare dell&#8217;energia, delle telecomunicazioni&#8221;.<\/p>\n<p>&nbsp;<\/p>\n<p>&nbsp;<\/p>\n<p>&nbsp;<\/p>\n<h2><\/h2>\n<p>&nbsp;<\/p>\n<h2>Fusione dei comuni, in arrivo i 30 milioni mancanti. D\u2019Inc\u00e0 (M5S): \u201cPromessa mantenuta\u201d<\/h2>\n<p><strong>ROMA<\/strong> I 30 milioni di euro per sostenere i processi di fusione dei comuni per l\u2019anno 2019 sono finalmente disponibili. A stabilirlo \u00e8 l\u2019articolo 42 del DL Fiscale, attraverso il quale si coprono finanziariamente gli impegni adottati con tutti i comuni italiani che si sono fusi. \u201cHo seguito il tema della fusione dei comuni con particolare attenzione negli ultimi otto mesi e, anche in questa occasione, si \u00e8 data dimostrazione che gli impegni presi sono stati mantenuti \u2013 afferma il Ministro per i Rapporti con il Parlamento, Federico D\u2019Inc\u00e0, che spiega -: il ritardo sulla mancanza di fondi aggiuntivi nasceva dall\u2019alto numero di fusioni che si \u00e8 verificato durante l\u2019anno, un numero che superava le previsioni. Solo per il Veneto, nel 2019, ci sono state 5 fusioni che hanno interessato 13 comuni. Ora, i 30 milioni previsti per il 2019, serviranno a completare il processo di fusione\u201d. \u201cNei mesi passati \u2013 prosegue D\u2019Inc\u00e0 \u2013 mi sono fatto portavoce dei sindaci del Veneto, attivandomi con il Governo per evidenziare la problematica e interloquendo con il Ministero dell&#8217;Interno sul rifinanziamento della dotazione. Avevo gi\u00e0 ottenuto una rassicurazione dal viceministro Laura Castelli per lo stanziamento delle risorse promesse nei confronti dei comuni fusi. Risorse che spettavano per legge e che grazie al decreto fiscale saranno finalmente a disposizione\u201d. Il Ministro D\u2019Inc\u00e0 ritiene la fusione \u201cuno strumento capace di aggregare il territorio dal basso e un modo per rendere pi\u00f9 efficienti le amministrazioni e gestire i comuni senza il commissariamento ed evitando alcune frammentazioni geografiche che risalgono al 1800\u201d. \u201cInoltre &#8211; conclude &#8211; ci sono comunit\u00e0 molto unite, come quella di Borgo Valbelluna, che si sono aggregate e questo modello pu\u00f2 essere applicato sull&#8217;intero territorio nazionale e sar\u00e0 in grado di gestire al meglio i territori\u201d.<\/p>\n<p>&nbsp;<\/p>\n<p>&nbsp;<\/p>\n<p>&nbsp;<\/p>\n<h2>IL RITROVO DEGLI EX EMIGRANTI&#8230; IN FAMIGLIA<\/h2>\n<p><strong>DI LUISA MANFROI<\/strong><\/p>\n<p><a class=\"dt-pswp-item\" href=\"http:\/\/www.radiopiu.net\/wordpress\/wp-content\/uploads\/2019\/10\/20191027_113047.jpg\" data-dt-img-description=\"\" data-large_image_width=\"3264\" data-large_image_height=\"1836\"><img loading=\"lazy\" decoding=\"async\" class=\"alignleft size-medium wp-image-104327\" src=\"http:\/\/www.radiopiu.net\/wordpress\/wp-content\/uploads\/2019\/10\/20191027_113047-300x169.jpg\" alt=\"\" width=\"300\" height=\"169\" srcset=\"https:\/\/www.radiopiu.net\/wordpress\/wp-content\/uploads\/2019\/10\/20191027_113047-300x169.jpg 300w, https:\/\/www.radiopiu.net\/wordpress\/wp-content\/uploads\/2019\/10\/20191027_113047-768x432.jpg 768w, https:\/\/www.radiopiu.net\/wordpress\/wp-content\/uploads\/2019\/10\/20191027_113047-1024x576.jpg 1024w\" sizes=\"auto, (max-width: 300px) 100vw, 300px\" \/><\/a><strong>CENCENIGHE<\/strong> Dopo l\u2019appuntamento di domenica 13 ottobre ad Alleghe, con la messa in ricordo degli emigranti nel santuario di Santa Maria delle Grazie e il pranzo sociale, la Famiglia Agordina Ex Emigranti si \u00e8 ritrovata nella mattinata di domenica 27 ottobre, a Cencenighe, per la messa celebrata nella chiesa parrocchiale da don Luigi Canal e da don Bruno Soppelsa. Una cerimonia che ha visto l\u2019attribuzione di una pergamena di benemerenza a Ercole De Zorzi a firma del presidente dell\u2019associazione Bellunesi nel Mondo, Oscar De Bona e di Lucia De Toffol, presidente della Famiglia Agordina. Al termine, il corteo con i gagliardetti delle varie Famiglie \u00e8 sfilato fino al monumento <a class=\"dt-pswp-item\" href=\"http:\/\/www.radiopiu.net\/wordpress\/wp-content\/uploads\/2019\/10\/20191027_113944.jpg\" data-dt-img-description=\"\" data-large_image_width=\"3264\" data-large_image_height=\"1836\"><img loading=\"lazy\" decoding=\"async\" class=\"size-medium wp-image-104328 alignright\" src=\"http:\/\/www.radiopiu.net\/wordpress\/wp-content\/uploads\/2019\/10\/20191027_113944-300x169.jpg\" alt=\"\" width=\"300\" height=\"169\" srcset=\"https:\/\/www.radiopiu.net\/wordpress\/wp-content\/uploads\/2019\/10\/20191027_113944-300x169.jpg 300w, https:\/\/www.radiopiu.net\/wordpress\/wp-content\/uploads\/2019\/10\/20191027_113944-768x432.jpg 768w, https:\/\/www.radiopiu.net\/wordpress\/wp-content\/uploads\/2019\/10\/20191027_113944-1024x576.jpg 1024w\" sizes=\"auto, (max-width: 300px) 100vw, 300px\" \/><\/a>all\u2019emigrante, presso il piazzale del Nof Fil\u00f2 per la deposizione di una corona d\u2019alloro a ricordo degli emigranti agordini. Un monumento inaugurato nell\u2019aprile di due anni fa e che si trova in un luogo della memoria, quello in cui fino al novembre 1966 era il vecchio cimitero. Oltre al sindaco di Cencenighe erano presenti alcuni altri primi cittadini e rappresentanti dei comuni dell\u2019Agordino e dei gruppi Alpini che con la loro partecipazione hanno voluto sottolineare la riconoscenza e l\u2019importanza che gli emigranti agordini, hanno avuto per la vallata, grazie alle loro rimesse. Il momento di preghiera e la benedizione di rito da parte di don Luigi Canal, sono stati preceduti dagli interventi del sindaco Mauro Soppelsa e del consigliere dell\u2019Associazione Bellunesi del Mondo, Luca Luchetta. Alla cerimonia \u00e8 seguito un momento di convivialit\u00e0 con un rinfresco presso il municipio di Cencenighe. Per la presidente Lucia De Toffol \u00e8 fondamentale non dimenticare cosa \u00e8 stata l\u2019emigrazione e un pensiero lo ha voluto rivolgere ai sacrifici di tutti, ma in particolare a quanti hanno lavorato nelle miniere di carbone del Belgio.<\/p>\n<p>&nbsp;<\/p>\n<p>&nbsp;<\/p>\n<p>&nbsp;<\/p>\n<p>&nbsp;<\/p>\n<h2>CONSEGNATO A SANTA GIUSTINA (BELLUNO) IL PREMIO \u201cGIOVANNI PAOLO I\u201d.<\/h2>\n<blockquote><p><em><b>GIOVANNI MINOLI, IN COLLEGAMENTO TELEFONICO: \u201cPAPA LUCIANI SCHIACCIATO DAL PESO DEL PONTIFICATO\u201d E SULLA TRAGEDIA DEL VAJONT: \u201cUNA LEZIONE SCONFORTANTE, IL PROBLEMA E\u2019 L\u2019ABBANDONO DEL TERRITORIO\u201d. PUBBLICO ENTUSIASTA PER IL TALENTO E LA SEMPLICITA\u2019 DEL VIOLINISTA ZANON.<\/b><\/em><\/p><\/blockquote>\n<div dir=\"ltr\">\n<p class=\"gmail-MsoNormalCxSpMiddle\"><a class=\"dt-pswp-item\" href=\"http:\/\/www.radiopiu.net\/wordpress\/wp-content\/uploads\/2019\/10\/FOTO-PREMIATI.jpg\" data-dt-img-description=\"\" data-large_image_width=\"1600\" data-large_image_height=\"1200\"><img loading=\"lazy\" decoding=\"async\" class=\"alignleft size-medium wp-image-104332\" src=\"http:\/\/www.radiopiu.net\/wordpress\/wp-content\/uploads\/2019\/10\/FOTO-PREMIATI-300x225.jpg\" alt=\"\" width=\"300\" height=\"225\" srcset=\"https:\/\/www.radiopiu.net\/wordpress\/wp-content\/uploads\/2019\/10\/FOTO-PREMIATI-300x225.jpg 300w, https:\/\/www.radiopiu.net\/wordpress\/wp-content\/uploads\/2019\/10\/FOTO-PREMIATI-768x576.jpg 768w, https:\/\/www.radiopiu.net\/wordpress\/wp-content\/uploads\/2019\/10\/FOTO-PREMIATI-1024x768.jpg 1024w, https:\/\/www.radiopiu.net\/wordpress\/wp-content\/uploads\/2019\/10\/FOTO-PREMIATI.jpg 1600w\" sizes=\"auto, (max-width: 300px) 100vw, 300px\" \/><\/a>Si \u00e8 tenuta sabato 26 ottobre nella sala parrocchiale di Santa Giustina (Belluno) la cerimonia di consegna del premio \u201cGiovanni Paolo I\u201d ideato da Michelangelo De Don\u00e0. I riconoscimenti di questa undicesima edizione, sostenuta da Giesse Risarcimento, sono stati assegnati a Giovanni Minoli (per la sezione giornalismo e comunicazione), Giovanni Andrea Zanon (sezione musica), Eleonora Mazzoni (sezione teatro, cinema, tv) e all\u2019Associazione Nazionale Carabinieri di Santa Giustina (solidariet\u00e0 e volontariato). Con Minoli, impossibilitato a partecipare causa un\u2019influenza, De Don\u00e0 ha registrato una breve telefonata nella quale il noto conduttore di \u201cMixer\u201d e \u201cLa storia siamo noi\u201d, ha ribadito come il pontificato di Papa Luciani sia stato profetico, riascoltando i suoi discorsi si trovano molti temi che <a class=\"dt-pswp-item\" href=\"http:\/\/www.radiopiu.net\/wordpress\/wp-content\/uploads\/2019\/10\/FOTO-PREMIATI1.jpg\" data-dt-img-description=\"\" data-large_image_width=\"1600\" data-large_image_height=\"1200\"><img loading=\"lazy\" decoding=\"async\" class=\"size-medium wp-image-104334 alignright\" src=\"http:\/\/www.radiopiu.net\/wordpress\/wp-content\/uploads\/2019\/10\/FOTO-PREMIATI1-300x225.jpg\" alt=\"\" width=\"300\" height=\"225\" srcset=\"https:\/\/www.radiopiu.net\/wordpress\/wp-content\/uploads\/2019\/10\/FOTO-PREMIATI1-300x225.jpg 300w, https:\/\/www.radiopiu.net\/wordpress\/wp-content\/uploads\/2019\/10\/FOTO-PREMIATI1-768x576.jpg 768w, https:\/\/www.radiopiu.net\/wordpress\/wp-content\/uploads\/2019\/10\/FOTO-PREMIATI1-1024x768.jpg 1024w, https:\/\/www.radiopiu.net\/wordpress\/wp-content\/uploads\/2019\/10\/FOTO-PREMIATI1.jpg 1600w\" sizes=\"auto, (max-width: 300px) 100vw, 300px\" \/><\/a>papa Francesco ha fatto suoi dal punto di vista del sociale, della povert\u00e0 e della necessit\u00e0 di un approccio diverso al tema degli ultimi. Le riforme che aveva in mente erano molto radicali e avrebbero inciso sull\u2019organizzazione della Chiesa, cos\u00ec come nel cambio degli assetti dei poteri lo IOR aveva un posto importante\u201d. Sull\u2019ipotesi del complotto e dell\u2019avvelenamento di Luciani, Minoli dice di non essere d\u2019accordo anche ci sono elementi che possono farlo credere a partire dalle bugie del Vaticano che ha inventato 2-3 versioni, mentre sostiene come effettivamente sia stato un peso troppo grande quello del pontificato che ha portato Papa Luciani ad avere un attacco di cuore. De Don\u00e0 ha chiesto a Minoli della tragedia del Vajont: \u201cE\u2019 una lezione abbastanza sconfortante perch\u00e9 tutti sapevano tutto, ovvero che il Monte Toc sarebbe caduto e che la Sade non voleva rinunciare ad avere pi\u00f9 introiti. C\u2019\u00e8 un problema attuale che \u00e8 quello dell\u2019abbandono della cura del territorio e se ancora oggi abbiamo opere pubbliche che sono a rischio vuol dire che le <a class=\"dt-pswp-item\" href=\"http:\/\/www.radiopiu.net\/wordpress\/wp-content\/uploads\/2019\/10\/PUBBLICO.jpg\" data-dt-img-description=\"\" data-large_image_width=\"1600\" data-large_image_height=\"1200\"><img loading=\"lazy\" decoding=\"async\" class=\"alignleft size-medium wp-image-104333\" src=\"http:\/\/www.radiopiu.net\/wordpress\/wp-content\/uploads\/2019\/10\/PUBBLICO-300x225.jpg\" alt=\"\" width=\"300\" height=\"225\" srcset=\"https:\/\/www.radiopiu.net\/wordpress\/wp-content\/uploads\/2019\/10\/PUBBLICO-300x225.jpg 300w, https:\/\/www.radiopiu.net\/wordpress\/wp-content\/uploads\/2019\/10\/PUBBLICO-768x576.jpg 768w, https:\/\/www.radiopiu.net\/wordpress\/wp-content\/uploads\/2019\/10\/PUBBLICO-1024x768.jpg 1024w, https:\/\/www.radiopiu.net\/wordpress\/wp-content\/uploads\/2019\/10\/PUBBLICO.jpg 1600w\" sizes=\"auto, (max-width: 300px) 100vw, 300px\" \/><\/a>lezioni della storia non insegnano pi\u00f9 niente\u201d. La serata \u00e8 stata preceduta dalla presentazione del volume \u201cBeato Angelico. La rivoluzione della luce\u201d di Mario Dal Bello, professore di storia dell\u2019arte presso la Pontificia Universit\u00e0 Lateranense, che ha ripercorso la vita e le opere di questo artista del 1400. Sono seguite le interviste ai premiati: all\u2019attrice e scrittrice Eleonora Mazzoni che ha esordito in teatro lavorando con Albertazzi e Branciaroli, al cinema tra gli altri nel cast di \u201cTre uomini e una gamba\u201d e \u201cL\u2019uomo che verr\u00e0\u201d e in televisione con \u201cCarabinieri\u201d, \u201cElisa di Rivombrosa\u201d, \u201cR.I.S. Delitti imperfetti\u201d, all\u2019Associazione Nazionale Carabinieri di Santa Giustina con il presidente Ruggero Ferdinelli per l\u2019impegno di assistenza a varie manifestazioni e a Giovanni Andrea Zanon, tornato di recente da un concerto in Israele, giovane violinista che ha incantato il pubblico per il suo grande talento e per la sua semplicit\u00e0. A consegnare il riconoscimento il sindaco di Santa Giustina Ivan Minella, il comandante della Compagnia dei Carabinieri di Feltre cap. Iannelli, mentre ha portato il saluto il presidente della Provincia Roberto Padrin e dalla Regione Veneto \u00e8 pervenuto un messaggio del presidente Luca Zaia.<\/p>\n<\/div>\n<div id=\"DAB4FAD8-2DD7-40BB-A1B8-4E2AA1F9FDF2\"><\/div>\n<p>&nbsp;<\/p>\n<p>&nbsp;<\/p>\n<p>&nbsp;<\/p>\n<p>&nbsp;<\/p>\n<h3>La 42\u00b0 Arredamont si conferma da subito Grande Evento<\/h3>\n<blockquote><p><em>DOMANI ALLE 15.10 E 21.00\u00a0 LO SPECIALE ALLA RADIO PIU&#8217; La nostra visita agli stand di Arredamont, a Longarone fino al 3 novembre, porta la microfono il presidente Gian Angelo Bellati. Di seguito le interviste con alcuni espositori: De Pian salotti, Ivo Fontana Mobili, Dolomites infissi, Buzzatti edilizia e arredobagno.\u00a0<\/em><\/p>\n<p>&nbsp;<\/p><\/blockquote>\n<p><strong><a class=\"dt-pswp-item\" href=\"http:\/\/www.radiopiu.net\/wordpress\/wp-content\/uploads\/2019\/10\/Arredamont-domenica.jpg\" data-dt-img-description=\"\" data-large_image_width=\"2300\" data-large_image_height=\"1397\"><img loading=\"lazy\" decoding=\"async\" class=\"alignleft size-medium wp-image-104336\" src=\"http:\/\/www.radiopiu.net\/wordpress\/wp-content\/uploads\/2019\/10\/Arredamont-domenica-300x182.jpg\" alt=\"\" width=\"300\" height=\"182\" srcset=\"https:\/\/www.radiopiu.net\/wordpress\/wp-content\/uploads\/2019\/10\/Arredamont-domenica-300x182.jpg 300w, https:\/\/www.radiopiu.net\/wordpress\/wp-content\/uploads\/2019\/10\/Arredamont-domenica-768x466.jpg 768w, https:\/\/www.radiopiu.net\/wordpress\/wp-content\/uploads\/2019\/10\/Arredamont-domenica-1024x622.jpg 1024w\" sizes=\"auto, (max-width: 300px) 100vw, 300px\" \/><\/a>LONGARONE<\/strong> Grande la soddisfazione del presidente di Longarone Fiere, Gian Angelo Bellati per l\u2019avvio della quarantaduesima edizione di Arredamont, la Mostra dell\u2019arredare in montagna, aperta fino a domenica 3 novembre, con 180 espositori per oltre 200 marchi, provenienti da 11 regioni e 4 Paesi esteri, distribuiti su una superficie di 17mila metri quadrati. L\u2019inizio \u00e8 andato oltre ogni pi\u00f9 felice aspettativa con addirittura code all\u2019entrata per entrare in fiera. Se da un lato Arredamont \u00e8 unica nel panorama nazionale, con una storia lunghissima e un riscontro di visitatori sempre molto significativo, dall\u2019altro quest\u2019anno ha un sapore particolare perch\u00e9 si tiene a un anno dal disastro di Vaia e a 56 anni dalla tragedia del Vajont. Anche C.I.T.A., la Consociazione Italiana dei Tappezzieri e Arredatori, che gestisce in fiera uno stand alquanto significativo sta facendo la sua parte. Infatti, quest\u2019anno, ancor pi\u00f9 che nelle edizioni precedenti, non mancano gli appuntamenti e gli incontri. Dai mascherai alpini con la realizzazione di due panche rustiche utilizzando come materiale il legno \u201cschiantato\u201d dalla Tempesta Vaia e dove lo schienale verr\u00e0 intagliato in bassorilievo con scene carnevalesche alpine cos\u00ec ogni maschera carnevalesca sar\u00e0 tipica della zona di provenienza dell\u2019artista. Ci saranno incontri sull\u2019insegnamento dell\u2019arte e del mestiere che \u00e8 il futuro di questa esposizione. Quindi spazio anche ai piccoli artigiani di complementi d\u2019arredo e realizzazioni artistiche, il progetto \u201cL\u2019Artigiano sotto l\u2019Albero\u201d e spazio anche ai futuri falegnami con l\u2019Istituto di Istruzione Superiore Statale Enrico Fermi e la loro esposizione dedicata alle \u201cregole e buone pratiche in falegnameria\u201d con le dimostrazioni di lavorazioni al banco. E per continuare nel segno della formazione, fondamentale investimento per il futuro, \u00e8 garantita la partecipazione anche del C.F.S., Centro per la Formazione e la Sicurezza di Belluno, e del Centro Consorzi. Ma la vera novit\u00e0 sar\u00e0 la presentazione in anteprima del volume &#8220;Vajont &#8211; Una storia da raccontare&#8221; presso Arredamont Arena, mercoled\u00ec 30 ottobre alle 17.30, a cura della \u201cFondazione Vajont 9 Ottobre 1963 Onlus\u201d. Il tutto si terr\u00e0 alla presenza del Presidente della Provincia Roberto Padrin con a moderare e dibattere su quanto avvenuto 56 anni fa con gli autori del libro, una figura storica del giornalismo italiano: Edoardo Pittalis,\u00a0 autore di diverse pubblicazioni e spettacoli teatrali. Arredamont \u00e8 aperta fino a gioved\u00ec dalle 14 alle 19 e da venerd\u00ec a domenica dalle 10 alle 19.<\/p>\n<p>&nbsp;<\/p>\n<p>&nbsp;<\/p>\n<h3>TEATRO CON \u201cCENERENTOLO\u201dA PEDAVENA , DOMENICA 27 OTTOBRE<\/h3>\n<p><strong>PEDAVENA<\/strong> L\u2019 AIPD( Associazione Italiana Persone Down), sezione provinciale di Belluno, a conclusione del mese, incentrato sulle iniziative legate alla Giornata Nazionale delle Persone con sindrome di Down( domenica 13 ottobre), ha organizzato uno spettacolo teatrale a precedere l\u2019estrazione dei biglietti vincenti della lotteria 2019.Il tutto si \u00e8 svolto nel pomeriggio di domenica 27 ottobre, presso la Sala Guarnieri di Pedavena. Dopo i saluti di Vainer Lucchetta, vicepresidente AIPD, e del Sindaco Nicola Castellaz, sulla scena \u00e8 iniziato lo spettacolo teatrale \u201cCenerentolo\u201d, recitato dalla brillante compagnia dei \u201cGenitori allo sbaraglio\u201d. Essa \u00e8 formata dai genitori della Scuola dell\u2019Infanzia di Maras-Sospirolo, che son diventati \u201cCompagnia\u201d, dopo aver iniziato, alcuni anni fa, quasi per gioco. Il numeroso pubblico si \u00e8 divertito per la interpretazione, dialettale e multietnica, della nota fiaba, rivisitata al maschile, con spunti di teatro-danza. Nel gran finale danzante, appunto, gli attori han voluto sul palco anche il gruppo di giovani con sindrome di Down, presenti allo spettacolo.<\/p>\n<p>estrazione dei biglietti vincenti della Lotteria AIPD.<\/p>\n<div class=\"su-document su-u-responsive-media-yes\"><iframe loading=\"lazy\" src=\"\/\/docs.google.com\/viewer?embedded=true&url=http:\/\/www.radiopiu.net\/wordpress\/wp-content\/uploads\/2019\/10\/LOTTERIA-2019.pdf\" width=\"320\" height=\"340\" class=\"su-document\" title=\"\"><\/iframe><\/div>\n<p>&nbsp;<\/p>\n<p>&nbsp;<\/p>\n<p>&nbsp;<\/p>\n<h3>FALCADE RICORDA I SUOI CADUTI<\/h3>\n<p><strong>FALCADE<\/strong> Nella ricorrenza del 4 Novembre Falcade ricorda con commozione e riconoscenza i\u00a0 cittadini caduti in guerra e\u00a0 periti nell\u2019alluvione del 1966. In occasione\u00a0 della festa dell\u2019Unit\u00e0 Nazionale e delle Forze Armate\u00a0 alle 11 la messa\u00a0 presso la Chiesa di Falcade. Al termine della funzione religiosa, verr\u00e0 effettuata la deposizione di una corona di alloro presso il monumento ai caduti e, successivamente, presso le altre lapidi a ricordo. Nel pomeriggio, alle\u00a0 14, si commemorer\u00e0 l\u2019anniversario dell\u2019alluvione del 1966, con la S. Messa presso la Piazza di Somor a ricordo dei nostri concittadini scomparsi a causa di quell\u2019evento. In caso di maltempo la S. Messa sar\u00e0 celebrata presso la Chiesa di Falcade Alto.<\/p>\n<div class=\"su-document su-u-responsive-media-yes\"><iframe loading=\"lazy\" src=\"\/\/docs.google.com\/viewer?embedded=true&url=http:\/\/www.radiopiu.net\/wordpress\/wp-content\/uploads\/2019\/10\/Invito-4-novembre-2019-4.pdf\" width=\"320\" height=\"340\" class=\"su-document\" title=\"\"><\/iframe><\/div>\n<p>&nbsp;<\/p>\n<p>&nbsp;<\/p>\n<p>&nbsp;<\/p>\n<h3>L&#8217;AZIENDA CONSORTILE E&#8217; ALLA RICERCA DI INFERMIERI<\/h3>\n<p><strong>AGORDO<\/strong> Asca ha indetto una selezione pubblica finalizzata alla formulazione di una graduatoria cui attingere per l\u2019assunzione a tempo determinato e indeterminato di infermieri. Il bando di selezione contenente le modalit\u00e0 di presentazione della domanda si trova sul sito aziendale <a href=\"http:\/\/www.servizisocialiasca.it\">www.servizisocialiasca.it<\/a>. Il termine perentorio previsto per la presentazione della domanda \u00e8 fissato per venerd\u00ec 22 novembre 2019 entro le ore 12.00.<\/p>\n<p>&nbsp;<\/p>\n<p>&nbsp;<\/p>\n<h3>CHIUSURA DELLA STRADA PER CHENET<\/h3>\n<p><strong>CENCENIGHE<\/strong> Per consentire i lavori di regimazione delle acque la strada comunale Chenet-Collaz-Bastiani rimane chiusa fino a domani alle 17.<\/p>\n<p>&nbsp;<\/p>\n<p>&nbsp;<\/p>\n<h3>VIABILITA&#8217; E DIVIETI DI SOSTA CON RIMOZIONE<\/h3>\n<p><strong>FELTRE<\/strong>\u00a0 Con l&#8217;apertura del cantiere in Piazza Orlandi il sindaco Paolo Perenzin ha firmato un&#8217;ordinanza che prevede in via Mezzaterra (tra Piazza Trento e Piazza Odoardi) il divieto di sosta con rimozione su tutti i parcheggi lungo la via, fino a mercoledi dalle 8 alle 12.<\/p>\n<p>&nbsp;<\/p>\n<p>&nbsp;<\/p>\n<blockquote class=\"wp-embedded-content\" data-secret=\"uQnwYw0hIk\"><p><a href=\"https:\/\/www.radiopiu.net\/wordpress\/quel-san-piero-del-1973-che-coinvolse-i-comuni-dellagordino-mai-vista-cosi-tanta-gente-sul-broi-e-nelle-vie-di-agordo\/\">QUEL SAN PIERO DEL 1973 CHE COINVOLSE I COMUNI DELL&#8217;AGORDINO, MAI VISTA COSI&#8217; TANTA GENTE SUL BROI E NELLE VIE DI AGORDO<\/a><\/p><\/blockquote>\n<p><iframe loading=\"lazy\" title=\"&#8220;QUEL SAN PIERO DEL 1973 CHE COINVOLSE I COMUNI DELL&#8217;AGORDINO, MAI VISTA COSI&#8217; TANTA GENTE SUL BROI E NELLE VIE DI AGORDO&#8221; &#8212; Radio Pi\u00f9\" class=\"wp-embedded-content\" sandbox=\"allow-scripts\" security=\"restricted\" style=\"position: absolute; clip: rect(1px, 1px, 1px, 1px);\" src=\"https:\/\/www.radiopiu.net\/wordpress\/quel-san-piero-del-1973-che-coinvolse-i-comuni-dellagordino-mai-vista-cosi-tanta-gente-sul-broi-e-nelle-vie-di-agordo\/embed\/#?secret=uQnwYw0hIk\" data-secret=\"uQnwYw0hIk\" width=\"600\" height=\"338\" frameborder=\"0\" marginwidth=\"0\" marginheight=\"0\" scrolling=\"no\"><\/iframe><\/p>\n<p>&nbsp;<\/p>\n<p>&nbsp;<\/p>\n<p>&nbsp;<\/p>\n<h3><a class=\"dt-pswp-item\" href=\"http:\/\/www.radiopiu.net\/wordpress\/wp-content\/uploads\/2018\/09\/appuntamenti.jpeg\" data-dt-img-description=\"\" data-large_image_width=\"800\" data-large_image_height=\"100\"><img loading=\"lazy\" decoding=\"async\" class=\"aligncenter wp-image-61958 size-full\" src=\"http:\/\/www.radiopiu.net\/wordpress\/wp-content\/uploads\/2018\/09\/appuntamenti.jpeg\" alt=\"\" width=\"800\" height=\"100\" srcset=\"https:\/\/www.radiopiu.net\/wordpress\/wp-content\/uploads\/2018\/09\/appuntamenti.jpeg 800w, https:\/\/www.radiopiu.net\/wordpress\/wp-content\/uploads\/2018\/09\/appuntamenti-300x38.jpeg 300w, https:\/\/www.radiopiu.net\/wordpress\/wp-content\/uploads\/2018\/09\/appuntamenti-768x96.jpeg 768w\" sizes=\"auto, (max-width: 800px) 100vw, 800px\" \/><\/a><\/h3>\n<h3><\/h3>\n<p>&nbsp;<\/p>\n<h3>DOLCETTO E SCHERZETTO AL PARCO GIOCHI DI CAVIOLA<\/h3>\n<p><strong>FALCADE<\/strong> Festa di Halloween al Parco giochi di Caviola di Mattia De Nardin. E&#8217; in programma giovedi con musica e gadget. Presente il gruppo I Gallio Yttrio, i Macelleria e basta e i Deretan.<\/p>\n<p>&nbsp;<\/p>\n<p>&nbsp;<\/p>\n<h3>&#8220;SALE IN ZUCCA&#8221;: IL MUSEO DI SERAVELLA FESTEGGIA HALLOWEEN<\/h3>\n<p><strong>BELLUNO<\/strong> Anche il Museo Etnografico della Provincia di Belluno festeggia Halloween. Lo fa con una festa dedicata alle famiglie, in programma gioved\u00ec dalle 15 alle 17. L\u2019esplorazione proposta dal Museo di Seravella spazier\u00e0 nel corso dei secoli e arriver\u00e0 fino in Giappone. Inoltre, dar\u00e0 vita a un laboratorio per creare la famosa zucca che illuminer\u00e0 la notte di Ognissanti.<\/p>\n<p>&nbsp;<\/p>\n<p>&nbsp;<\/p>\n<p>&nbsp;<\/p>\n<h3><a class=\"dt-pswp-item\" href=\"http:\/\/www.radiopiu.net\/wordpress\/wp-content\/uploads\/2019\/10\/Schermata-2018-09-02-alle-19.32.34.png\" data-dt-img-description=\"\" data-large_image_width=\"640\" data-large_image_height=\"173\"><img loading=\"lazy\" decoding=\"async\" class=\"alignleft wp-image-104178\" src=\"http:\/\/www.radiopiu.net\/wordpress\/wp-content\/uploads\/2019\/10\/Schermata-2018-09-02-alle-19.32.34-300x81.png\" alt=\"\" width=\"237\" height=\"64\" srcset=\"https:\/\/www.radiopiu.net\/wordpress\/wp-content\/uploads\/2019\/10\/Schermata-2018-09-02-alle-19.32.34-300x81.png 300w, https:\/\/www.radiopiu.net\/wordpress\/wp-content\/uploads\/2019\/10\/Schermata-2018-09-02-alle-19.32.34.png 640w\" sizes=\"auto, (max-width: 237px) 100vw, 237px\" \/><\/a>AGRICOLTURA E CAMBIAMENTI CLIMATICI: AGIRE ORA<\/h3>\n<p><strong>FELTRE<\/strong> Sabato alle 17 in occasione dell&#8217;antica fiera di San Matteo si terr\u00e0 un convegno nell&#8217;aula magna campus &#8220;Tina Merlin&#8221; di Borgo Ruga. Con il coordinamento di Valter Bonan inerverranno il biologo e ricercatore Gianni Tamino &#8220;L&#8217;agricoltura di fronte all&#8217;emergenza climatica&#8221; e il consigliere nazionale di Slow Food Italia Lorenzo Berlendis.<\/p>\n<p>&nbsp;<\/p>\n<p>&nbsp;<\/p>\n<h3>DOLOMITI UNICHE, UNA SERATA CON DANILO GIORDANO<\/h3>\n<p><strong>AGORDO<\/strong> L&#8217;associazione Amici dei Minerari in collaborazione con L&#8217;Istituto Geotecnico Minerario U. Follador presenta &#8220;incontri culturali, tesori pi\u00f9 o meno nascosti di Dolomiti e dintorni&#8221;. Le particolarit\u00e0 da valorizzare che rendono le Dolomiti uniche e straordinarie. Relatore il professor Danilo Giordano, venerdi 22 novembre alle 20.30 all&#8217;auditorium Antonio Favretti presso l&#8217;Istituto\u00a0 Minerario di via Insurrezione, ingresso libero.<\/p>\n<p>&nbsp;<\/p>\n<h4>BERGOMI CON L&#8217;INTERCLUB AGORDINO<\/h4>\n<p><strong>FALCADE _ AGORDO<\/strong> Un nome importante del calcio nazionale alla prossima cena annuale dell&#8217;Interlcub Agordino Giacinto Facchetti. Il 14 novembre allo sport Hotel Cristal l&#8217;ospite della serata sar\u00e0 infatti\u00a0 &#8220;lo zio&#8221; Beppe Bergomi. Nel pomeriggio in sala Don Tamis ad Agordo presenter\u00e0 il suo romanzo di formazione &#8220;Bella Zio&#8221; di Andrea Vitali. Le prenotazioni alla cena sono gi\u00e0 aperte, vi possono partecipare soci, familiari, amici e simpatizzanti. Entro il 12 novembre, informazioni 328 8554722<\/p>\n<p>&nbsp;<\/p>\n<p>&nbsp;<\/p>\n<p>&nbsp;<\/p>\n<p><strong><a class=\"dt-pswp-item\" href=\"http:\/\/www.radiopiu.net\/wordpress\/wp-content\/uploads\/2018\/09\/viabilita.jpeg\" data-dt-img-description=\"\" data-large_image_width=\"800\" data-large_image_height=\"100\"><img loading=\"lazy\" decoding=\"async\" class=\"wp-image-61954 size-full aligncenter\" src=\"http:\/\/www.radiopiu.net\/wordpress\/wp-content\/uploads\/2018\/09\/viabilita.jpeg\" alt=\"\" width=\"800\" height=\"100\" srcset=\"https:\/\/www.radiopiu.net\/wordpress\/wp-content\/uploads\/2018\/09\/viabilita.jpeg 800w, https:\/\/www.radiopiu.net\/wordpress\/wp-content\/uploads\/2018\/09\/viabilita-300x38.jpeg 300w, https:\/\/www.radiopiu.net\/wordpress\/wp-content\/uploads\/2018\/09\/viabilita-768x96.jpeg 768w\" sizes=\"auto, (max-width: 800px) 100vw, 800px\" \/><\/a><\/strong><\/p>\n<p>&nbsp;<\/p>\n<p><strong>REGIONALE 244 DELLA VAL BADIA\u00a0 <\/strong>fino\u00a0all&#8217;11 novembre compresi sabato, domeniche senso unico alternato in localit\u00e0 Arabba per lavori di messa in sicurezza del tratto stradale.<\/p>\n<p><strong>TAIBON<\/strong> fino\u00a0 al 31 ottobre (esclusi festivi e prefestivi) senso unico alternato con semaforo a Listolade per posa fibre ottiche<\/p>\n<div>\n<p><strong>SELVA DI CADORE<\/strong> fino\u00a0 al 24 ottobre (escluse domeniche e festivi) per permettere i lavori nei diversi cantieri \u00e8 previsto il senso unico alternato con impianto semaforico dal chilometro 1,5 per 250 metri, oltre possibili brevi interruzioni della durata massima di 20 minuti.<\/p>\n<p><strong>PROVINCIALE 347 PASSO DURAN<\/strong>: SENSO UNICO ALTERNATO A PASSO DURAN fino\u00a0 al 5 NOVEMBRE PER MESSA IN SICUREZZA PIANO VIABILE<\/p>\n<\/div>\n<div>\n<p><strong>SAN TOMASO<\/strong> fino\u00a0 all&#8217;11 novembre lungo la provinciale 8 tra Pian Molin e Roi senso unico alternato con semaforo. Esclusi giorni festivi e prefestivi<\/p>\n<p><strong>SP 346 PASSO SAN PELLEGRINO<\/strong>:\u00a0 fino al 6 dicembre senso unico tra Canale d\u2019Agordo e Vallada per esecuzione lavori alla rete acquedottistica;\u00a0 \u00a0fino\u00a0 al 15 novembre senso unico alternato all\u2019inbocco nord della galleria delle Anime, esclusi i giorni festivi e prefestivi.<\/p>\n<p><strong>PROVINCIALE 346 DI PASSO SAN PELLEGRINO<\/strong> dal 21 ottobre all&#8217;8 novembre (sabato e domeniche esclusi) senso unico alternato in Comune di Falcade per posa cavidotti<\/p>\n<\/div>\n<p>&nbsp;<\/p>\n<p>&nbsp;<\/p>\n<p>&nbsp;<\/p>\n<p>&nbsp;<\/p>\n<p><a class=\"dt-pswp-item\" href=\"http:\/\/www.radiopiu.net\/wordpress\/wp-content\/uploads\/2018\/09\/sport.jpg\" data-dt-img-description=\"\" data-large_image_width=\"800\" data-large_image_height=\"100\"><img loading=\"lazy\" decoding=\"async\" class=\"aligncenter wp-image-60761 size-full\" src=\"http:\/\/www.radiopiu.net\/wordpress\/wp-content\/uploads\/2018\/09\/sport.jpg\" alt=\"\" width=\"800\" height=\"100\" srcset=\"https:\/\/www.radiopiu.net\/wordpress\/wp-content\/uploads\/2018\/09\/sport.jpg 800w, https:\/\/www.radiopiu.net\/wordpress\/wp-content\/uploads\/2018\/09\/sport-300x38.jpg 300w, https:\/\/www.radiopiu.net\/wordpress\/wp-content\/uploads\/2018\/09\/sport-768x96.jpg 768w\" sizes=\"auto, (max-width: 800px) 100vw, 800px\" \/><\/a><\/p>\n<p>&nbsp;<\/p>\n<blockquote><p><span style=\"color: #000000;\"><strong><em>LIBERATE IL GHIACCIO&#8230;.. ARRIVANO LE NUOVE PROMESSE &#8230;.<span style=\"color: #ff0000;\"> 2 E 3 NOVEMBRE IN CAMPO GLI UNDER 10: AD ALLEGHE, STADIO DE TONI CON\u00a0 IL PRIMO ALLEGHE HOCKEY TOURNAMENT&#8230;<\/span> due giorni di incontri, chiosco, cucina e sabato sera festa con Jack&amp;Lallo al Bar dello Stadio&#8230;. <span style=\"color: #ff0000;\">Un evento Alleghe Hockey&#8230; per il futuro dello sport del <\/span><\/em><\/strong><\/span><span style=\"color: #000000;\"><strong><em><span style=\"color: #ff0000;\">ghiaccio nell&#8217;Agordino.\u00a0<\/span><\/em><\/strong><\/span><\/p><\/blockquote>\n<p>&nbsp;<\/p>\n<p>&nbsp;<\/p>\n<p>&nbsp;<\/p>\n<h3><a class=\"dt-pswp-item\" href=\"http:\/\/www.radiopiu.net\/wordpress\/wp-content\/uploads\/2019\/10\/74182652-93e9-4e84-921c-fb018e81898a.jpg\" data-dt-img-description=\"\" data-large_image_width=\"1600\" data-large_image_height=\"1066\"><img loading=\"lazy\" decoding=\"async\" class=\"size-medium wp-image-104373 alignleft\" src=\"http:\/\/www.radiopiu.net\/wordpress\/wp-content\/uploads\/2019\/10\/74182652-93e9-4e84-921c-fb018e81898a-300x200.jpg\" alt=\"\" width=\"300\" height=\"200\" srcset=\"https:\/\/www.radiopiu.net\/wordpress\/wp-content\/uploads\/2019\/10\/74182652-93e9-4e84-921c-fb018e81898a-300x200.jpg 300w, https:\/\/www.radiopiu.net\/wordpress\/wp-content\/uploads\/2019\/10\/74182652-93e9-4e84-921c-fb018e81898a-768x512.jpg 768w, https:\/\/www.radiopiu.net\/wordpress\/wp-content\/uploads\/2019\/10\/74182652-93e9-4e84-921c-fb018e81898a-1024x682.jpg 1024w, https:\/\/www.radiopiu.net\/wordpress\/wp-content\/uploads\/2019\/10\/74182652-93e9-4e84-921c-fb018e81898a.jpg 1600w\" sizes=\"auto, (max-width: 300px) 100vw, 300px\" \/><\/a>BERNARDI E PINZANO VINCONO LA COPPA RALLY DI ZONA, CAMPIONI ITALIANI DELLA CATEGORIA TRA I MIGLIORI EQUIPAGGI ITALIANI<\/h3>\n<blockquote><p>&nbsp;<\/p>\n<p>&nbsp;<\/p>\n<p><em><strong>IL BIS&#8230; A COMO CON UNA POLO PERFETTA, CARTA VINCENTE IL GIUSTO AFFIATAMENTO<\/strong><\/em><\/p><\/blockquote>\n<p><strong>DI ROBERTO BONA\u00a0<\/strong><\/p>\n<audio class=\"wp-audio-shortcode\" id=\"audio-104174-17\" preload=\"none\" style=\"width: 100%;\" controls=\"controls\"><source type=\"audio\/mpeg\" src=\"http:\/\/www.radiopiu.net\/wordpress\/wp-content\/uploads\/2019\/10\/roberto-bona.mp3?_=17\" \/><a href=\"http:\/\/www.radiopiu.net\/wordpress\/wp-content\/uploads\/2019\/10\/roberto-bona.mp3\">http:\/\/www.radiopiu.net\/wordpress\/wp-content\/uploads\/2019\/10\/roberto-bona.mp3<\/a><\/audio>\n<p><a class=\"dt-pswp-item\" href=\"http:\/\/www.radiopiu.net\/wordpress\/wp-content\/uploads\/2019\/10\/46b69680-6937-4002-b93f-a8bd4f6e134a.jpg\" data-dt-img-description=\"\" data-large_image_width=\"1600\" data-large_image_height=\"1066\"><img loading=\"lazy\" decoding=\"async\" class=\"alignnone size-medium wp-image-104371\" src=\"http:\/\/www.radiopiu.net\/wordpress\/wp-content\/uploads\/2019\/10\/46b69680-6937-4002-b93f-a8bd4f6e134a-300x200.jpg\" alt=\"\" width=\"300\" height=\"200\" srcset=\"https:\/\/www.radiopiu.net\/wordpress\/wp-content\/uploads\/2019\/10\/46b69680-6937-4002-b93f-a8bd4f6e134a-300x200.jpg 300w, https:\/\/www.radiopiu.net\/wordpress\/wp-content\/uploads\/2019\/10\/46b69680-6937-4002-b93f-a8bd4f6e134a-768x512.jpg 768w, https:\/\/www.radiopiu.net\/wordpress\/wp-content\/uploads\/2019\/10\/46b69680-6937-4002-b93f-a8bd4f6e134a-1024x682.jpg 1024w, https:\/\/www.radiopiu.net\/wordpress\/wp-content\/uploads\/2019\/10\/46b69680-6937-4002-b93f-a8bd4f6e134a.jpg 1600w\" sizes=\"auto, (max-width: 300px) 100vw, 300px\" \/><\/a><a class=\"dt-pswp-item\" href=\"http:\/\/www.radiopiu.net\/wordpress\/wp-content\/uploads\/2019\/10\/728e565c-4901-4977-b6b2-1f600b692089.jpg\" data-dt-img-description=\"\" data-large_image_width=\"1600\" data-large_image_height=\"1066\"><img loading=\"lazy\" decoding=\"async\" class=\"alignnone size-medium wp-image-104372\" src=\"http:\/\/www.radiopiu.net\/wordpress\/wp-content\/uploads\/2019\/10\/728e565c-4901-4977-b6b2-1f600b692089-300x200.jpg\" alt=\"\" width=\"300\" height=\"200\" srcset=\"https:\/\/www.radiopiu.net\/wordpress\/wp-content\/uploads\/2019\/10\/728e565c-4901-4977-b6b2-1f600b692089-300x200.jpg 300w, https:\/\/www.radiopiu.net\/wordpress\/wp-content\/uploads\/2019\/10\/728e565c-4901-4977-b6b2-1f600b692089-768x512.jpg 768w, https:\/\/www.radiopiu.net\/wordpress\/wp-content\/uploads\/2019\/10\/728e565c-4901-4977-b6b2-1f600b692089-1024x682.jpg 1024w, https:\/\/www.radiopiu.net\/wordpress\/wp-content\/uploads\/2019\/10\/728e565c-4901-4977-b6b2-1f600b692089.jpg 1600w\" sizes=\"auto, (max-width: 300px) 100vw, 300px\" \/><\/a> <a class=\"dt-pswp-item\" href=\"http:\/\/www.radiopiu.net\/wordpress\/wp-content\/uploads\/2019\/10\/c5c72eff-c4d1-4e88-92cd-55fbfccc613e.jpg\" data-dt-img-description=\"\" data-large_image_width=\"960\" data-large_image_height=\"642\"><img loading=\"lazy\" decoding=\"async\" class=\"alignnone size-medium wp-image-104370\" src=\"http:\/\/www.radiopiu.net\/wordpress\/wp-content\/uploads\/2019\/10\/c5c72eff-c4d1-4e88-92cd-55fbfccc613e-300x201.jpg\" alt=\"\" width=\"300\" height=\"201\" srcset=\"https:\/\/www.radiopiu.net\/wordpress\/wp-content\/uploads\/2019\/10\/c5c72eff-c4d1-4e88-92cd-55fbfccc613e-300x201.jpg 300w, https:\/\/www.radiopiu.net\/wordpress\/wp-content\/uploads\/2019\/10\/c5c72eff-c4d1-4e88-92cd-55fbfccc613e-768x514.jpg 768w, https:\/\/www.radiopiu.net\/wordpress\/wp-content\/uploads\/2019\/10\/c5c72eff-c4d1-4e88-92cd-55fbfccc613e.jpg 960w\" sizes=\"auto, (max-width: 300px) 100vw, 300px\" \/><\/a><a class=\"dt-pswp-item\" href=\"http:\/\/www.radiopiu.net\/wordpress\/wp-content\/uploads\/2019\/10\/a148f9e5-5e0a-4a6d-8fd4-552fc4351afe.jpg\" data-dt-img-description=\"\" data-large_image_width=\"1600\" data-large_image_height=\"1066\"><img loading=\"lazy\" decoding=\"async\" class=\"alignnone size-medium wp-image-104369\" src=\"http:\/\/www.radiopiu.net\/wordpress\/wp-content\/uploads\/2019\/10\/a148f9e5-5e0a-4a6d-8fd4-552fc4351afe-300x200.jpg\" alt=\"\" width=\"300\" height=\"200\" srcset=\"https:\/\/www.radiopiu.net\/wordpress\/wp-content\/uploads\/2019\/10\/a148f9e5-5e0a-4a6d-8fd4-552fc4351afe-300x200.jpg 300w, https:\/\/www.radiopiu.net\/wordpress\/wp-content\/uploads\/2019\/10\/a148f9e5-5e0a-4a6d-8fd4-552fc4351afe-768x512.jpg 768w, https:\/\/www.radiopiu.net\/wordpress\/wp-content\/uploads\/2019\/10\/a148f9e5-5e0a-4a6d-8fd4-552fc4351afe-1024x682.jpg 1024w, https:\/\/www.radiopiu.net\/wordpress\/wp-content\/uploads\/2019\/10\/a148f9e5-5e0a-4a6d-8fd4-552fc4351afe.jpg 1600w\" sizes=\"auto, (max-width: 300px) 100vw, 300px\" \/><\/a><\/p>\n<p>&nbsp;<\/p>\n<p>&nbsp;<\/p>\n<p>&nbsp;<\/p>\n<p>&nbsp;<\/p>\n<p>&nbsp;<\/p>\n<h3>CAMPIONATI CSI PROVINCIALI CON LE VILLE E LA VALLE<\/h3>\n<p>2 pareggi per le squadre agordine impegnate nei campionati CSI provinciali. Il Le Ville, nel girone A1 del torneo Open, ha conquistato un punto con il fanalino di coda Dassi mentre il La Valle Veterani ha strappato un buon pareggio contro la capolista Danta. Ora una settimana di riposo per i campionati CSI che ricominceranno il 9 novembre.<\/p>\n<p><strong>LE VILLE<\/strong><\/p>\n<p>Non \u00e8 andata bene alla squadra allenata da Paolo Valcozzena che nella trasferta contro il fanalino di coda Dassi non \u00e8 andata oltre l&#8217;1 a 1. A segno per i ragazzi di Agordo Matthias Crepaz. Le Ville che aveva l&#8217;opportunit\u00e0 di mettere la freccia e superare il Chies primo in classifica che, a 2 punti di distanza, questa settimana rispettava il turno di riposo.<\/p>\n<p><strong>MATTEO CHISSALE&#8217; GIOCATORE DEL LE VILLE<\/strong><\/p>\n<audio class=\"wp-audio-shortcode\" id=\"audio-104174-18\" preload=\"none\" style=\"width: 100%;\" controls=\"controls\"><source type=\"audio\/mpeg\" src=\"http:\/\/www.radiopiu.net\/wordpress\/wp-content\/uploads\/2019\/10\/MATTEO-CHISSALE-LE-VILLE-29-OTTOBRE-2019.mp3?_=18\" \/><a href=\"http:\/\/www.radiopiu.net\/wordpress\/wp-content\/uploads\/2019\/10\/MATTEO-CHISSALE-LE-VILLE-29-OTTOBRE-2019.mp3\">http:\/\/www.radiopiu.net\/wordpress\/wp-content\/uploads\/2019\/10\/MATTEO-CHISSALE-LE-VILLE-29-OTTOBRE-2019.mp3<\/a><\/audio>\n<p><strong>LA VALLE<\/strong><\/p>\n<p>Bella prestazione per la compagine lavallese che al Conaggia strappa un punto ad un Danta primo in classifica. La squadra di Dario Mezzacasa va a segno con Tiziano Mattana dopo che gli ospiti erano passati in vantaggio. 2 vittorie, 2 pareggi e 2 sconfitte per i lavallesi che hanno 8 punti in classifica. Il La Valle ora rimarr\u00e0 fermo per 2 settimane visto che il 9 novembre dovr\u00e0 rispettare il turno di riposo.<\/p>\n<p><strong>CHRISTIAN DE LUCA GIOCATORE DEL LA VALLE VETERANI<\/strong><\/p>\n<audio class=\"wp-audio-shortcode\" id=\"audio-104174-19\" preload=\"none\" style=\"width: 100%;\" controls=\"controls\"><source type=\"audio\/mpeg\" src=\"http:\/\/www.radiopiu.net\/wordpress\/wp-content\/uploads\/2019\/10\/CHRISTIAN-DE-LUCA-LA-VALLE-VETERANI-29-OTTOBRE-2019.mp3?_=19\" \/><a href=\"http:\/\/www.radiopiu.net\/wordpress\/wp-content\/uploads\/2019\/10\/CHRISTIAN-DE-LUCA-LA-VALLE-VETERANI-29-OTTOBRE-2019.mp3\">http:\/\/www.radiopiu.net\/wordpress\/wp-content\/uploads\/2019\/10\/CHRISTIAN-DE-LUCA-LA-VALLE-VETERANI-29-OTTOBRE-2019.mp3<\/a><\/audio>\n<h3>L&#8217;ALLEGHE UNDER 19 CROLLA A CALDARO<\/h3>\n<p>CALDARO \u2013 ALLEGHE 9-3<\/p>\n<p>PARZIALI: 2-1, 5-1, 2-1<\/p>\n<p>GOL ALLEGHE: Martini, Vukojevic, De Luca<\/p>\n<p>Trasferta amara per l&#8217;Alleghe under 19 che ieri pomeriggio a Caldaro non \u00e8 riuscito a tenere il passo degli altoatesini. Dopo la vittoria ai rigori di domenica sera contro l&#8217;Appiano, a distanza di 24 ore le civette tornano in campo senza convincere. Padroni di casa che passano in vantaggio e agordini che rispondono con Martini. A fine prima frazione il Caldaro va di nuovo a segno. Altoatesini che incrementano il vantaggio nel secondo drittel mettendo a segno altri 2 gol e Alleghe che accorcia con Vukojevic, ma nel finale di tempo i lucci chiudono la sfida con altre 3 marcature. Terza frazione con poche emozioni con il Caldaro che cala il ritmo e De Luca sigla il terzo gol delle civette ma i padroni di casa vanno a segno altre 2 volte.<\/p>\n<p>&nbsp;<\/p>\n<p>&nbsp;<\/p>\n<p><a class=\"dt-pswp-item\" href=\"http:\/\/www.radiopiu.net\/wordpress\/wp-content\/uploads\/2018\/09\/WhatsApp-Image-2018-09-20-at-16.04.06.jpeg\" data-dt-img-description=\"\" data-large_image_width=\"800\" data-large_image_height=\"100\"><img loading=\"lazy\" decoding=\"async\" class=\"wp-image-61378 size-full aligncenter\" src=\"http:\/\/www.radiopiu.net\/wordpress\/wp-content\/uploads\/2018\/09\/WhatsApp-Image-2018-09-20-at-16.04.06.jpeg\" alt=\"\" width=\"800\" height=\"100\" srcset=\"https:\/\/www.radiopiu.net\/wordpress\/wp-content\/uploads\/2018\/09\/WhatsApp-Image-2018-09-20-at-16.04.06.jpeg 800w, https:\/\/www.radiopiu.net\/wordpress\/wp-content\/uploads\/2018\/09\/WhatsApp-Image-2018-09-20-at-16.04.06-300x38.jpeg 300w, https:\/\/www.radiopiu.net\/wordpress\/wp-content\/uploads\/2018\/09\/WhatsApp-Image-2018-09-20-at-16.04.06-768x96.jpeg 768w\" sizes=\"auto, (max-width: 800px) 100vw, 800px\" \/><\/a><\/p>\n<p><center><\/center><center><b>Martedi 29<\/b><\/center><b>Tempo atteso: <\/b>Cielo da molto nuvoloso a coperto tutto il giorno con clima fresco ed uggioso. In questo contesto ci saranno precipitazioni discontinue sia al mattino che al pomeriggio. Debole escursione termica giornaliera a tutte le quote.<br \/>\n<b>Precipitazioni: <\/b>Probabili precipitazioni, gi\u00e0 in nottata, ma sopratutto al mattino (70-80%) sia sulle Dolomiti che sulle Prealpi, fenomeni deboli ed intermittenti, con una pausa pi\u00f9 probabile al pomeriggio. Il limite della neve scender\u00e0 dai 2600 m iniziali attorno ai 2100\/2300 m in serata, quando i fenomeni torneranno a verificarsi, limitandosi quasi esclusivamente al settore dolomitico centro-settentrionale.<br \/>\n<b>Temperature: <\/b>In diminuzione, salvo rimanere stazionarie le minime a fondovalle. Sono previste punte di 13\/14\u00b0C nei fondovalle prealpini e di 10\/12\u00b0C a 1000\/1200 m. Su Prealpi a 1500 m min 5\u00b0C max 7\u00b0C, a 2000 m min 3\u00b0C max 5\u00b0C. Su Dolomiti a 2000 m min 3\u00b0C max 6\u00b0C, a 3000 m min -1\u00b0C max 0\u00b0C.<br \/>\n<b>Venti: <\/b>Nelle valli generalmente deboli di direzione variabile, salvo rinforzi serali su alcuni settori prealpini; in quota deboli\/moderati da Sud-Ovest, in rotazione a Nord-Ovest alla sera, 10-15 km\/h a 2000 m, a 15-25 km\/h a 3000 m.<\/p>\n<hr \/>\n<p><center><b>Mercoledi 30<\/b><\/center><b>Tempo atteso: <\/b>Cielo inizialmente molto nuvoloso\/coperto con fenomeni sparsi sulle Prealpi e pi\u00f9 diffusi sulle Dolomiti tra notte e primo mattino. Con il passare delle ore esaurimento dei fenomeni e nuvolosit\u00e0 meno intensa, con prime schiarite a partire da Ovest, in estensione verso Est in serata. Clima un po&#8217; pi\u00f9 freddo in alta quota, fresco alle quote pi\u00f9 basse.<br \/>\n<b>Precipitazioni: <\/b>Durante la notte e le prime ore del giorno probabilit\u00e0 alta sulle Dolomiti (70\/80%) per precipitazioni, anche a carattere di rovescio, nevose oltre i 1700\/1900 m. Sulle Prealpi probabilit\u00e0 minore (40\/50%) con limite neve oltre i 2000 m. Al pomeriggio cessazione dei fenomeni.<br \/>\n<b>Temperature: <\/b>In ulteriore lieve diminuzione. Sono previste punte di 11\/13\u00b0C nei fondovalle Prealpini e di 7\/9\u00b0C a 1000\/1200 m. Su Prealpi a 1500 m min 3\u00b0C max 5\u00b0C, a 2000 m min 1\u00b0C max 2\u00b0C. Su Dolomiti a 2000 m min 0\u00b0C max 1\u00b0C, a 3000 m min -5\u00b0C max -3\u00b0C.<br \/>\n<b>Venti: <\/b>Nelle valli generalmente deboli, salvo rinforzi per episodi di Foehn; in quota deboli\/moderati da Ovest, in rotazione da Nord-Ovest nel corso del mattino, a 10-15 km\/h a 2000 m, a 15-20 km\/h a 3000 m.<\/p>\n<hr \/>\n<p><center><b>Giovedi 31<\/b><\/center>Tempo assai pi\u00f9 soleggiato con qualche innocuo annuvolamento. Aria tersa e ottima visibilit\u00e0 quasi ovunque. Clima molto molto fresco al mattino, eccetto nei posti pi\u00f9 ventilati per qualche residuo episodi di Foehn, in giornata rialzo termico. Venti deboli\/moderati da Nord-Est in quota, deboli al pomeriggio. Brezze nelle valli.<\/p>\n<hr \/>\n<p><center><b>Venerdi 1<\/b><\/center>Ampi tratti soleggiati e temporaneo transito di nubi medio-alte, non escluse nubi basse mattutine su alcuni settori prealpini. Temperature minime in calo e massime in ripresa. Venti deboli\/moderati da Nord-Ovest in quota e brezze nelle valli. Previsore: R.L.Th.<\/p>\n<\/div>","protected":false},"excerpt":{"rendered":"<p>&nbsp; RASSEGNA STAMPA, OGGI 29 OTTOBRE 2019. DI MIRKO MEZZACASA, DAL 25 GIUGNO 1983 SPECIALE VAIA, UN ANNO DOPO. &nbsp; &nbsp; &nbsp; INQUINATORI PER RISPARMIARE QUATTRO SOLDI, VERGOGNOSO EPISODIO IN VALLE DI SAN LUCANO TAIBON Quando G.R. si \u00e8 fermato per dare uno sguardo alla martoriata Valle di San Lucano non solo \u00e8 rimasto stordito&hellip;<\/p>\n","protected":false},"author":1,"featured_media":104257,"comment_status":"closed","ping_status":"closed","sticky":false,"template":"","format":"standard","meta":{"_monsterinsights_skip_tracking":false,"_monsterinsights_sitenote_active":false,"_monsterinsights_sitenote_note":"","_monsterinsights_sitenote_category":0,"footnotes":""},"categories":[86],"tags":[],"class_list":["post-104174","post","type-post","status-publish","format-standard","has-post-thumbnail","hentry","category-gr","category-86","description-off"],"img_url":"https:\/\/www.radiopiu.net\/wordpress\/wp-content\/uploads\/2019\/10\/diga-ok.jpg","_links":{"self":[{"href":"https:\/\/www.radiopiu.net\/wordpress\/wp-json\/wp\/v2\/posts\/104174","targetHints":{"allow":["GET"]}}],"collection":[{"href":"https:\/\/www.radiopiu.net\/wordpress\/wp-json\/wp\/v2\/posts"}],"about":[{"href":"https:\/\/www.radiopiu.net\/wordpress\/wp-json\/wp\/v2\/types\/post"}],"author":[{"embeddable":true,"href":"https:\/\/www.radiopiu.net\/wordpress\/wp-json\/wp\/v2\/users\/1"}],"replies":[{"embeddable":true,"href":"https:\/\/www.radiopiu.net\/wordpress\/wp-json\/wp\/v2\/comments?post=104174"}],"version-history":[{"count":0,"href":"https:\/\/www.radiopiu.net\/wordpress\/wp-json\/wp\/v2\/posts\/104174\/revisions"}],"wp:featuredmedia":[{"embeddable":true,"href":"https:\/\/www.radiopiu.net\/wordpress\/wp-json\/wp\/v2\/media\/104257"}],"wp:attachment":[{"href":"https:\/\/www.radiopiu.net\/wordpress\/wp-json\/wp\/v2\/media?parent=104174"}],"wp:term":[{"taxonomy":"category","embeddable":true,"href":"https:\/\/www.radiopiu.net\/wordpress\/wp-json\/wp\/v2\/categories?post=104174"},{"taxonomy":"post_tag","embeddable":true,"href":"https:\/\/www.radiopiu.net\/wordpress\/wp-json\/wp\/v2\/tags?post=104174"}],"curies":[{"name":"wp","href":"https:\/\/api.w.org\/{rel}","templated":true}]}}