{"id":104216,"date":"2019-10-28T15:12:55","date_gmt":"2019-10-28T14:12:55","guid":{"rendered":"http:\/\/www.radiopiu.net\/wordpress\/?p=104216"},"modified":"2019-10-28T17:47:10","modified_gmt":"2019-10-28T16:47:10","slug":"belluno-tra-le-10-migliori-citta-ditalia-per-legambiente","status":"publish","type":"post","link":"https:\/\/www.radiopiu.net\/wordpress\/belluno-tra-le-10-migliori-citta-ditalia-per-legambiente\/","title":{"rendered":"BELLUNO TRA LE 10 MIGLIORI CITTA&#8217; D&#8217;ITALIA PER LEGAMBIENTE"},"content":{"rendered":"<p>&nbsp;<\/p>\n<p><strong>BELLUNO<\/strong> Ecosistema Urbano premia Belluno nonostante i rifiuti di Vaia. I nuovi indicatori premiano ma anche penalizzano. Belluno \u00e8 sempre tra le migliori, tiene il sistema della raccolta rifiuti.<\/p>\n<p><strong>DA MANTOVA IL SINDACO JACOPO MASSARO<\/strong><\/p>\n<p><iframe loading=\"lazy\" title=\"Massaro Legambiente 2019\" width=\"1200\" height=\"675\" src=\"https:\/\/www.youtube.com\/embed\/ardeUuYcCck?feature=oembed\" frameborder=\"0\" allow=\"accelerometer; autoplay; encrypted-media; gyroscope; picture-in-picture\" allowfullscreen><\/iframe><\/p>\n<p>&nbsp;<\/p>\n<h2>Ecosistema urbano 2019 Belluno ancora nella top ten, \u00abnonostante Vaia\u00bb<\/h2>\n<p>Si \u00e8 tenuta questa mattina a Mantova la presentazione del rapporto Ecosistema Urbano 2019 di Legambiente, con la premiazione delle citt\u00e0 presenti in classifica. All&#8217;evento era presente anche Jacopo Massaro, Sindaco di Belluno, citt\u00e0 che si \u00e8 posizionata all&#8217;ottavo posto nella graduatoria assoluta.<\/p>\n<h3>Ecosistema Urbano 2019<\/h3>\n<p>Belluno all&#8217;ottavo posto (7\u00b0 nel 2018) si conferma anche quest&#8217;anno nella \u201ctop ten\u201d dei capoluoghi pi\u00f9 verdi d&#8217;Italia, seconda citt\u00e0 del Veneto appena alle spalle di Treviso.<\/p>\n<p>Tra i punti di forza, le concentrazioni di No2 e Pm10, stabili e sotto i limiti, mentre migliora di molto il numero di giorni di superamento dei limiti per l\u2019ozono (7 nel 2018 contro i 48 del 2017). In crescita anche la percentuale di raccolta differenziata dei rifiuti (dal 78,2% all\u2019attuale 78,7%); in leggera crescita l&#8217;utilizzo da parte dei bellunesi del trasporto pubblico, stabili i dati su isole pedonali, infrastrutture per la ciclabilit\u00e0 e energie rinnovabili.<\/p>\n<h3>Tavola rotonda \u201cL&#8217;agenda urbana per le citt\u00e0\u201d<\/h3>\n<p>Al termine della presentazione, si \u00e8 svolta la tavola rotonda \u201cL&#8217;agenda urbana per le citt\u00e0\u201d, che ha visto partecipare, oltre a Massaro anche Mattia Palazzi, Sindaco di Mantova; Emilio Del Bono, Sindaco di Brescia; Gianni Bottalico, Responsabile Relazioni con Regioni e Enti Locali Asvis &#8211; Alleanza Italiana per lo Sviluppo Sostenibile; Gianfranco Conti, Fondazione Serono; Stefano Ciafani, Presidente Nazionale Legambiente. Protagonista dell&#8217;intervento del primo cittadino bellunese, proprio nei giorni del primo anniversario, \u00e8 stata la tempesta Vaia: \u00abBisogna che il tema ambientale diventi parte della cultura dei cittadini e della politica: &#8211; ha spiegato Massaro \u2013 il disastro dello scorso anno ci ha costretti a rivedere le priorit\u00e0, di amministratori e di cittadini. Anche la politica deve rivedere la sua posizione, coerente con le necessit\u00e0 e le particolarit\u00e0 dei territori: come amministrazione, ci stiamo impegnando contro il consumo del suolo, puntando su rigenerazione e recupero dell&#8217;abbandonato, mentre al contrario a livello regionale talora si d\u00e0 spazio a \u201cpiani casa\u201d e quindi a nuove cementificazioni. Sono le citt\u00e0 i punti pi\u00f9 vicini alla gestione del territorio: a loro vanno dati poteri e competenze per rispondere alle esigenze dei cittadini. Serve una risposta di sistema\u00bb.<\/p>\n<p>&nbsp;<\/p>\n<p><a class=\"dt-pswp-item\" href=\"http:\/\/www.radiopiu.net\/wordpress\/wp-content\/uploads\/2019\/10\/a4f81b90-abc1-4954-94d7-10d650118017.jpg\" data-dt-img-description=\"\" data-large_image_width=\"1067\" data-large_image_height=\"1600\"><img loading=\"lazy\" decoding=\"async\" class=\"alignleft wp-image-104218\" src=\"http:\/\/www.radiopiu.net\/wordpress\/wp-content\/uploads\/2019\/10\/a4f81b90-abc1-4954-94d7-10d650118017-200x300.jpg\" alt=\"\" width=\"133\" height=\"200\" srcset=\"https:\/\/www.radiopiu.net\/wordpress\/wp-content\/uploads\/2019\/10\/a4f81b90-abc1-4954-94d7-10d650118017-200x300.jpg 200w, https:\/\/www.radiopiu.net\/wordpress\/wp-content\/uploads\/2019\/10\/a4f81b90-abc1-4954-94d7-10d650118017-768x1152.jpg 768w, https:\/\/www.radiopiu.net\/wordpress\/wp-content\/uploads\/2019\/10\/a4f81b90-abc1-4954-94d7-10d650118017-683x1024.jpg 683w, https:\/\/www.radiopiu.net\/wordpress\/wp-content\/uploads\/2019\/10\/a4f81b90-abc1-4954-94d7-10d650118017.jpg 1067w\" sizes=\"auto, (max-width: 133px) 100vw, 133px\" \/><\/a><a class=\"dt-pswp-item\" href=\"http:\/\/www.radiopiu.net\/wordpress\/wp-content\/uploads\/2019\/10\/effdd639-9e11-468a-9425-dec8b3fd423a.jpg\" data-dt-img-description=\"\" data-large_image_width=\"1600\" data-large_image_height=\"1066\"><img loading=\"lazy\" decoding=\"async\" class=\"alignleft size-medium wp-image-104219\" src=\"http:\/\/www.radiopiu.net\/wordpress\/wp-content\/uploads\/2019\/10\/effdd639-9e11-468a-9425-dec8b3fd423a-300x200.jpg\" alt=\"\" width=\"300\" height=\"200\" srcset=\"https:\/\/www.radiopiu.net\/wordpress\/wp-content\/uploads\/2019\/10\/effdd639-9e11-468a-9425-dec8b3fd423a-300x200.jpg 300w, https:\/\/www.radiopiu.net\/wordpress\/wp-content\/uploads\/2019\/10\/effdd639-9e11-468a-9425-dec8b3fd423a-768x512.jpg 768w, https:\/\/www.radiopiu.net\/wordpress\/wp-content\/uploads\/2019\/10\/effdd639-9e11-468a-9425-dec8b3fd423a-1024x682.jpg 1024w, https:\/\/www.radiopiu.net\/wordpress\/wp-content\/uploads\/2019\/10\/effdd639-9e11-468a-9425-dec8b3fd423a.jpg 1600w\" sizes=\"auto, (max-width: 300px) 100vw, 300px\" \/><\/a><a class=\"dt-pswp-item\" href=\"http:\/\/www.radiopiu.net\/wordpress\/wp-content\/uploads\/2019\/10\/02d9b39c-6d04-4911-8bc4-ce99a2b891da.jpg\" data-dt-img-description=\"\" data-large_image_width=\"1600\" data-large_image_height=\"1066\"><img loading=\"lazy\" decoding=\"async\" class=\"alignleft size-medium wp-image-104220\" src=\"http:\/\/www.radiopiu.net\/wordpress\/wp-content\/uploads\/2019\/10\/02d9b39c-6d04-4911-8bc4-ce99a2b891da-300x200.jpg\" alt=\"\" width=\"300\" height=\"200\" srcset=\"https:\/\/www.radiopiu.net\/wordpress\/wp-content\/uploads\/2019\/10\/02d9b39c-6d04-4911-8bc4-ce99a2b891da-300x200.jpg 300w, https:\/\/www.radiopiu.net\/wordpress\/wp-content\/uploads\/2019\/10\/02d9b39c-6d04-4911-8bc4-ce99a2b891da-768x512.jpg 768w, https:\/\/www.radiopiu.net\/wordpress\/wp-content\/uploads\/2019\/10\/02d9b39c-6d04-4911-8bc4-ce99a2b891da-1024x682.jpg 1024w, https:\/\/www.radiopiu.net\/wordpress\/wp-content\/uploads\/2019\/10\/02d9b39c-6d04-4911-8bc4-ce99a2b891da.jpg 1600w\" sizes=\"auto, (max-width: 300px) 100vw, 300px\" \/><\/a><a class=\"dt-pswp-item\" href=\"http:\/\/www.radiopiu.net\/wordpress\/wp-content\/uploads\/2019\/10\/b7d729b8-4067-4197-b263-24e724526c85.jpg\" data-dt-img-description=\"\" data-large_image_width=\"1067\" data-large_image_height=\"1600\"><img loading=\"lazy\" decoding=\"async\" class=\"alignleft wp-image-104221\" src=\"http:\/\/www.radiopiu.net\/wordpress\/wp-content\/uploads\/2019\/10\/b7d729b8-4067-4197-b263-24e724526c85-200x300.jpg\" alt=\"\" width=\"135\" height=\"203\" srcset=\"https:\/\/www.radiopiu.net\/wordpress\/wp-content\/uploads\/2019\/10\/b7d729b8-4067-4197-b263-24e724526c85-200x300.jpg 200w, https:\/\/www.radiopiu.net\/wordpress\/wp-content\/uploads\/2019\/10\/b7d729b8-4067-4197-b263-24e724526c85-768x1152.jpg 768w, https:\/\/www.radiopiu.net\/wordpress\/wp-content\/uploads\/2019\/10\/b7d729b8-4067-4197-b263-24e724526c85-683x1024.jpg 683w, https:\/\/www.radiopiu.net\/wordpress\/wp-content\/uploads\/2019\/10\/b7d729b8-4067-4197-b263-24e724526c85.jpg 1067w\" sizes=\"auto, (max-width: 135px) 100vw, 135px\" \/><\/a><a class=\"dt-pswp-item\" href=\"http:\/\/www.radiopiu.net\/wordpress\/wp-content\/uploads\/2019\/10\/982fb1ab-eeb3-4b65-acca-2414cef7c0df.jpg\" data-dt-img-description=\"\" data-large_image_width=\"1600\" data-large_image_height=\"1066\"><img loading=\"lazy\" decoding=\"async\" class=\"alignleft size-medium wp-image-104222\" src=\"http:\/\/www.radiopiu.net\/wordpress\/wp-content\/uploads\/2019\/10\/982fb1ab-eeb3-4b65-acca-2414cef7c0df-300x200.jpg\" alt=\"\" width=\"300\" height=\"200\" srcset=\"https:\/\/www.radiopiu.net\/wordpress\/wp-content\/uploads\/2019\/10\/982fb1ab-eeb3-4b65-acca-2414cef7c0df-300x200.jpg 300w, https:\/\/www.radiopiu.net\/wordpress\/wp-content\/uploads\/2019\/10\/982fb1ab-eeb3-4b65-acca-2414cef7c0df-768x512.jpg 768w, https:\/\/www.radiopiu.net\/wordpress\/wp-content\/uploads\/2019\/10\/982fb1ab-eeb3-4b65-acca-2414cef7c0df-1024x682.jpg 1024w, https:\/\/www.radiopiu.net\/wordpress\/wp-content\/uploads\/2019\/10\/982fb1ab-eeb3-4b65-acca-2414cef7c0df.jpg 1600w\" sizes=\"auto, (max-width: 300px) 100vw, 300px\" \/><\/a><a class=\"dt-pswp-item\" href=\"http:\/\/www.radiopiu.net\/wordpress\/wp-content\/uploads\/2019\/10\/f3543b9a-6342-4c26-91ae-de2c7d29530f.jpg\" data-dt-img-description=\"\" data-large_image_width=\"1600\" data-large_image_height=\"1066\"><img loading=\"lazy\" decoding=\"async\" class=\"alignleft size-medium wp-image-104223\" src=\"http:\/\/www.radiopiu.net\/wordpress\/wp-content\/uploads\/2019\/10\/f3543b9a-6342-4c26-91ae-de2c7d29530f-300x200.jpg\" alt=\"\" width=\"300\" height=\"200\" srcset=\"https:\/\/www.radiopiu.net\/wordpress\/wp-content\/uploads\/2019\/10\/f3543b9a-6342-4c26-91ae-de2c7d29530f-300x200.jpg 300w, https:\/\/www.radiopiu.net\/wordpress\/wp-content\/uploads\/2019\/10\/f3543b9a-6342-4c26-91ae-de2c7d29530f-768x512.jpg 768w, https:\/\/www.radiopiu.net\/wordpress\/wp-content\/uploads\/2019\/10\/f3543b9a-6342-4c26-91ae-de2c7d29530f-1024x682.jpg 1024w, https:\/\/www.radiopiu.net\/wordpress\/wp-content\/uploads\/2019\/10\/f3543b9a-6342-4c26-91ae-de2c7d29530f.jpg 1600w\" sizes=\"auto, (max-width: 300px) 100vw, 300px\" \/><\/a><\/p>\n","protected":false},"excerpt":{"rendered":"<p>&nbsp; BELLUNO Ecosistema Urbano premia Belluno nonostante i rifiuti di Vaia. I nuovi indicatori premiano ma anche penalizzano. Belluno \u00e8 sempre tra le migliori, tiene il sistema della raccolta rifiuti. DA MANTOVA IL SINDACO JACOPO MASSARO &nbsp; Ecosistema urbano 2019 Belluno ancora nella top ten, \u00abnonostante Vaia\u00bb Si \u00e8 tenuta questa mattina a Mantova la&hellip;<\/p>\n","protected":false},"author":1,"featured_media":104218,"comment_status":"closed","ping_status":"closed","sticky":false,"template":"","format":"standard","meta":{"_monsterinsights_skip_tracking":false,"_monsterinsights_sitenote_active":false,"_monsterinsights_sitenote_note":"","_monsterinsights_sitenote_category":0,"footnotes":""},"categories":[49],"tags":[],"class_list":["post-104216","post","type-post","status-publish","format-standard","has-post-thumbnail","hentry","category-news-18","category-49","description-off"],"img_url":"https:\/\/www.radiopiu.net\/wordpress\/wp-content\/uploads\/2019\/10\/a4f81b90-abc1-4954-94d7-10d650118017.jpg","_links":{"self":[{"href":"https:\/\/www.radiopiu.net\/wordpress\/wp-json\/wp\/v2\/posts\/104216","targetHints":{"allow":["GET"]}}],"collection":[{"href":"https:\/\/www.radiopiu.net\/wordpress\/wp-json\/wp\/v2\/posts"}],"about":[{"href":"https:\/\/www.radiopiu.net\/wordpress\/wp-json\/wp\/v2\/types\/post"}],"author":[{"embeddable":true,"href":"https:\/\/www.radiopiu.net\/wordpress\/wp-json\/wp\/v2\/users\/1"}],"replies":[{"embeddable":true,"href":"https:\/\/www.radiopiu.net\/wordpress\/wp-json\/wp\/v2\/comments?post=104216"}],"version-history":[{"count":0,"href":"https:\/\/www.radiopiu.net\/wordpress\/wp-json\/wp\/v2\/posts\/104216\/revisions"}],"wp:featuredmedia":[{"embeddable":true,"href":"https:\/\/www.radiopiu.net\/wordpress\/wp-json\/wp\/v2\/media\/104218"}],"wp:attachment":[{"href":"https:\/\/www.radiopiu.net\/wordpress\/wp-json\/wp\/v2\/media?parent=104216"}],"wp:term":[{"taxonomy":"category","embeddable":true,"href":"https:\/\/www.radiopiu.net\/wordpress\/wp-json\/wp\/v2\/categories?post=104216"},{"taxonomy":"post_tag","embeddable":true,"href":"https:\/\/www.radiopiu.net\/wordpress\/wp-json\/wp\/v2\/tags?post=104216"}],"curies":[{"name":"wp","href":"https:\/\/api.w.org\/{rel}","templated":true}]}}