{"id":104270,"date":"2019-10-29T05:59:05","date_gmt":"2019-10-29T04:59:05","guid":{"rendered":"http:\/\/www.radiopiu.net\/wordpress\/?p=104270"},"modified":"2019-10-29T06:01:14","modified_gmt":"2019-10-29T05:01:14","slug":"falcade-un-anno-dopo-intervista-al-sindaco-michele-costa","status":"publish","type":"post","link":"https:\/\/www.radiopiu.net\/wordpress\/falcade-un-anno-dopo-intervista-al-sindaco-michele-costa\/","title":{"rendered":"FALCADE, UN ANNO DOPO. INTERVISTA AL SINDACO MICHELE COSTA"},"content":{"rendered":"<h3><\/h3>\n<p><strong>FALCADE<\/strong> Lo ammette il sindaco che Falcade \u00e8 stato &#8220;graziato&#8221; rispetto ad altri territori dell&#8217;Agordino flagellati da Vaia, meno schianti a macchi di leopardo, meno danni causati dal torrente Biois, ma la Valle del Bioi piange Ennio Piccolin, una delle tre vittime del disastro di un anno fa e oggi sar\u00e0 ricordato in riva al torrente Biois. In questi 365 giorni post vaia il torrente Biois \u00e8 stato in parte regimato, ma c&#8217;\u00e8 ancora da fare, le scogliere sono state spazzate via. Ad agosto una nubifragio ha messo a rischio il centro di Falcade, le briglie tenute in ordine hanno evitato il peggio come racconta il primo cittadino. Nella lunga intervista realizzata in fondo alla piana di Falcade anche il tempo per parlare del nuovo, perch\u00e9 la vita continua, del nuovo campo di calcio in fase di realizzazione <em>&#8220;Anche se i lavori procedono a rilento&#8221;<\/em> dir\u00e0 il sindaco che si aspettava procedessero pi\u00f9 spediti, ma anche del nuovo centro per il biathlon che non sar\u00e0 in concorrenza con quello della Valle di Gares come spiega il primo cittadino.<\/p>\n<p><strong>MICHELE COSTA, intervista di mirko mezzacasa\u00a0<\/strong><\/p>\n<div id=\"fb-root\"><\/div>\n<p><script async=\"1\" defer=\"1\" crossorigin=\"anonymous\" src=\"https:\/\/connect.facebook.net\/it_IT\/sdk.js#xfbml=1&amp;version=v6.0\"><\/script><\/p>\n<div class=\"fb-video\" data-href=\"https:\/\/www.facebook.com\/mirko.mezzacasa\/videos\/10221175195556324\/\" data-width=\"1200\">\n<blockquote cite=\"https:\/\/www.facebook.com\/mirko.mezzacasa\/videos\/10221175195556324\/\" class=\"fb-xfbml-parse-ignore\"><p><a href=\"https:\/\/www.facebook.com\/mirko.mezzacasa\/videos\/10221175195556324\/\"><\/a><\/p>\n<p>VAIA, UN ANNO DOPO A FALCADE NEL RICORDO DI ENNIO PICCOLIN.INTERVISTA CON IL SINDACO MICHELE COSTAdi mirko mezzacasa<\/p>\n<p>Pubblicato da <a href=\"https:\/\/www.facebook.com\/mirko.mezzacasa\">Mirko Mezzacasa<\/a> su Luned\u00ec 28 ottobre 2019<\/p><\/blockquote>\n<\/div>\n<p>&nbsp;<\/p>\n<p>&nbsp;<\/p>\n<p>&nbsp;<\/p>\n","protected":false},"excerpt":{"rendered":"<p>FALCADE Lo ammette il sindaco che Falcade \u00e8 stato &#8220;graziato&#8221; rispetto ad altri territori dell&#8217;Agordino flagellati da Vaia, meno schianti a macchi di leopardo, meno danni causati dal torrente Biois, ma la Valle del Bioi piange Ennio Piccolin, una delle tre vittime del disastro di un anno fa e oggi sar\u00e0 ricordato in riva al&hellip;<\/p>\n","protected":false},"author":1,"featured_media":104271,"comment_status":"closed","ping_status":"closed","sticky":false,"template":"","format":"standard","meta":{"_monsterinsights_skip_tracking":false,"_monsterinsights_sitenote_active":false,"_monsterinsights_sitenote_note":"","_monsterinsights_sitenote_category":0,"footnotes":""},"categories":[51,49],"tags":[],"class_list":["post-104270","post","type-post","status-publish","format-standard","has-post-thumbnail","hentry","category-evidenza-top","category-news-18","category-51","category-49","description-off"],"img_url":"https:\/\/www.radiopiu.net\/wordpress\/wp-content\/uploads\/2019\/10\/images-5.jpg","_links":{"self":[{"href":"https:\/\/www.radiopiu.net\/wordpress\/wp-json\/wp\/v2\/posts\/104270","targetHints":{"allow":["GET"]}}],"collection":[{"href":"https:\/\/www.radiopiu.net\/wordpress\/wp-json\/wp\/v2\/posts"}],"about":[{"href":"https:\/\/www.radiopiu.net\/wordpress\/wp-json\/wp\/v2\/types\/post"}],"author":[{"embeddable":true,"href":"https:\/\/www.radiopiu.net\/wordpress\/wp-json\/wp\/v2\/users\/1"}],"replies":[{"embeddable":true,"href":"https:\/\/www.radiopiu.net\/wordpress\/wp-json\/wp\/v2\/comments?post=104270"}],"version-history":[{"count":0,"href":"https:\/\/www.radiopiu.net\/wordpress\/wp-json\/wp\/v2\/posts\/104270\/revisions"}],"wp:featuredmedia":[{"embeddable":true,"href":"https:\/\/www.radiopiu.net\/wordpress\/wp-json\/wp\/v2\/media\/104271"}],"wp:attachment":[{"href":"https:\/\/www.radiopiu.net\/wordpress\/wp-json\/wp\/v2\/media?parent=104270"}],"wp:term":[{"taxonomy":"category","embeddable":true,"href":"https:\/\/www.radiopiu.net\/wordpress\/wp-json\/wp\/v2\/categories?post=104270"},{"taxonomy":"post_tag","embeddable":true,"href":"https:\/\/www.radiopiu.net\/wordpress\/wp-json\/wp\/v2\/tags?post=104270"}],"curies":[{"name":"wp","href":"https:\/\/api.w.org\/{rel}","templated":true}]}}