{"id":104491,"date":"2019-10-30T00:55:31","date_gmt":"2019-10-29T23:55:31","guid":{"rendered":"http:\/\/www.radiopiu.net\/wordpress\/?p=104491"},"modified":"2019-10-30T08:33:53","modified_gmt":"2019-10-30T07:33:53","slug":"ad-oltre-le-vette-i-boschi-dellagordino-emozioni-con-francesca-gallo","status":"publish","type":"post","link":"https:\/\/www.radiopiu.net\/wordpress\/ad-oltre-le-vette-i-boschi-dellagordino-emozioni-con-francesca-gallo\/","title":{"rendered":"AD OLTRE LE VETTE I BOSCHI DELL&#8217;AGORDINO, EMOZIONI CON FRANCESCA GALLO."},"content":{"rendered":"<h3><\/h3>\n<div style=\"width: 640px;\" class=\"wp-video\"><video class=\"wp-video-shortcode\" id=\"video-104491-1\" width=\"640\" height=\"352\" preload=\"metadata\" controls=\"controls\"><source type=\"video\/mp4\" src=\"http:\/\/www.radiopiu.net\/wordpress\/wp-content\/uploads\/2019\/10\/WhatsApp-Video-2019-10-29-at-23.57.09.mp4?_=1\" \/><a href=\"http:\/\/www.radiopiu.net\/wordpress\/wp-content\/uploads\/2019\/10\/WhatsApp-Video-2019-10-29-at-23.57.09.mp4\">http:\/\/www.radiopiu.net\/wordpress\/wp-content\/uploads\/2019\/10\/WhatsApp-Video-2019-10-29-at-23.57.09.mp4<\/a><\/video><\/div>\n<p><strong><a class=\"dt-pswp-item\" href=\"http:\/\/www.radiopiu.net\/wordpress\/wp-content\/uploads\/2019\/10\/9b7375d0-e13c-45bc-8b72-c1cbe3c4b0b5.jpg\" data-dt-img-description=\"\" data-large_image_width=\"568\" data-large_image_height=\"942\"><img loading=\"lazy\" decoding=\"async\" class=\" wp-image-104476 alignleft\" src=\"http:\/\/www.radiopiu.net\/wordpress\/wp-content\/uploads\/2019\/10\/9b7375d0-e13c-45bc-8b72-c1cbe3c4b0b5-181x300.jpg\" alt=\"\" width=\"203\" height=\"335\" \/><\/a>BELLUNO A concludere la giornata del 29 ottobre, dedicata a Vaia, una serata di speranza attraverso le note e la voce di Francesca Gallo, una musicista artigiana di Treviso che costruisce fisarmoniche da tradizione di famiglia e che per cercare i legni adatti per i suoi adorati strumenti si \u00e8 spinta fin nelle nostre valli agordine, rimanendone incatenata. Insieme al regista Dimitri Feltrin ha dato vita a un filmato dove questo amore per la montagna lo si evince dalle prime riprese. Un incontro con gente vera della valle del Biois ma anche del Poi con Tita lo scultore dei &#8220;olt&#8221;\u00a0 e i ladini locali, gente creativa e semplice, che la ha accolta con naturalezza e spontaneit\u00e0. Un teatro Comunale a Belluno pieno di applausi di persone entusiaste, che hanno ascoltato le sue doti di fisarmonicista e cantante, ma soprattutto la sua grande simpatia. A presentare la serata l&#8217;assessore alla cultura Marco Perale.<br \/>\n<\/strong><\/p>\n<p><span style=\"color: #ff0000;\"><strong>SULLA PAGINA FACEBOOK\u00a0 RADIOPIU EMITTENTE AGORDINA L&#8217;INTRODUZIONE AL FILM DI FRANCESCA GALLO, DALLA DIRETTA DAL TEATRO COMUNALE<\/strong><\/span><\/p>\n<p><strong><img loading=\"lazy\" decoding=\"async\" class=\" wp-image-104477 alignleft\" src=\"http:\/\/www.radiopiu.net\/wordpress\/wp-content\/uploads\/2019\/10\/2591a9ee-6629-4226-a067-4d13b888f1b8-300x225.jpg\" alt=\"\" width=\"243\" height=\"182\" srcset=\"https:\/\/www.radiopiu.net\/wordpress\/wp-content\/uploads\/2019\/10\/2591a9ee-6629-4226-a067-4d13b888f1b8-300x225.jpg 300w, https:\/\/www.radiopiu.net\/wordpress\/wp-content\/uploads\/2019\/10\/2591a9ee-6629-4226-a067-4d13b888f1b8-768x576.jpg 768w, https:\/\/www.radiopiu.net\/wordpress\/wp-content\/uploads\/2019\/10\/2591a9ee-6629-4226-a067-4d13b888f1b8-1024x768.jpg 1024w, https:\/\/www.radiopiu.net\/wordpress\/wp-content\/uploads\/2019\/10\/2591a9ee-6629-4226-a067-4d13b888f1b8.jpg 1599w\" sizes=\"auto, (max-width: 243px) 100vw, 243px\" \/>IL FILM\u00a0<\/strong> Il film proiettato, in prima nazionale, al Teatro Comunale di Belluno nell\u2019ambito di Oltre le Vette, a un anno esatto dalla tempesta. Per celebrare i 10 anni delle Dolomiti Patrimonio dell\u2019Umanit\u00e0, la rassegna \u00e8 in partnership con la Fondazione Dolomiti Unesco e con il Parco Nazionale Dolomiti Bellunesi. Il 6 novembre sar\u00e0 poi la volta della prima trevigiana, ospitata a Palazzo Bomben da Fondazione Benetton Studi Ricerche, che ha anche collaborato alla produzione del documentario. Il lavoro \u00e8 patrocinato da Provincia di Belluno, Provincia di Treviso, Comune di Belluno, Comune di Treviso, Unione Montana Agordina, \u00e8 sostenuto dall\u2019Associazione Culturale Martondea, ed \u00e8 impreziosito dall\u2019illustrazione di copertina realizzata ad hoc dal muralista di Falcade Dunio Piccolin. (FOTO LUCA ZANFRON)<\/p>\n<p>&nbsp;<\/p>\n<p>&nbsp;<\/p>\n","protected":false},"excerpt":{"rendered":"<p>BELLUNO A concludere la giornata del 29 ottobre, dedicata a Vaia, una serata di speranza attraverso le note e la voce di Francesca Gallo, una musicista artigiana di Treviso che costruisce fisarmoniche da tradizione di famiglia e che per cercare i legni adatti per i suoi adorati strumenti si \u00e8 spinta fin nelle nostre valli&hellip;<\/p>\n","protected":false},"author":1,"featured_media":104477,"comment_status":"closed","ping_status":"closed","sticky":false,"template":"","format":"standard","meta":{"_monsterinsights_skip_tracking":false,"_monsterinsights_sitenote_active":false,"_monsterinsights_sitenote_note":"","_monsterinsights_sitenote_category":0,"footnotes":""},"categories":[51,49],"tags":[],"class_list":["post-104491","post","type-post","status-publish","format-standard","has-post-thumbnail","hentry","category-evidenza-top","category-news-18","category-51","category-49","description-off"],"img_url":"https:\/\/www.radiopiu.net\/wordpress\/wp-content\/uploads\/2019\/10\/2591a9ee-6629-4226-a067-4d13b888f1b8.jpg","_links":{"self":[{"href":"https:\/\/www.radiopiu.net\/wordpress\/wp-json\/wp\/v2\/posts\/104491","targetHints":{"allow":["GET"]}}],"collection":[{"href":"https:\/\/www.radiopiu.net\/wordpress\/wp-json\/wp\/v2\/posts"}],"about":[{"href":"https:\/\/www.radiopiu.net\/wordpress\/wp-json\/wp\/v2\/types\/post"}],"author":[{"embeddable":true,"href":"https:\/\/www.radiopiu.net\/wordpress\/wp-json\/wp\/v2\/users\/1"}],"replies":[{"embeddable":true,"href":"https:\/\/www.radiopiu.net\/wordpress\/wp-json\/wp\/v2\/comments?post=104491"}],"version-history":[{"count":0,"href":"https:\/\/www.radiopiu.net\/wordpress\/wp-json\/wp\/v2\/posts\/104491\/revisions"}],"wp:featuredmedia":[{"embeddable":true,"href":"https:\/\/www.radiopiu.net\/wordpress\/wp-json\/wp\/v2\/media\/104477"}],"wp:attachment":[{"href":"https:\/\/www.radiopiu.net\/wordpress\/wp-json\/wp\/v2\/media?parent=104491"}],"wp:term":[{"taxonomy":"category","embeddable":true,"href":"https:\/\/www.radiopiu.net\/wordpress\/wp-json\/wp\/v2\/categories?post=104491"},{"taxonomy":"post_tag","embeddable":true,"href":"https:\/\/www.radiopiu.net\/wordpress\/wp-json\/wp\/v2\/tags?post=104491"}],"curies":[{"name":"wp","href":"https:\/\/api.w.org\/{rel}","templated":true}]}}