{"id":104552,"date":"2019-10-31T05:37:02","date_gmt":"2019-10-31T04:37:02","guid":{"rendered":"http:\/\/www.radiopiu.net\/wordpress\/?p=104552"},"modified":"2019-10-31T11:14:50","modified_gmt":"2019-10-31T10:14:50","slug":"i-cantieri-dimenticati-la-minaccia-per-via-aivata-ed-abitazioni","status":"publish","type":"post","link":"https:\/\/www.radiopiu.net\/wordpress\/i-cantieri-dimenticati-la-minaccia-per-via-aivata-ed-abitazioni\/","title":{"rendered":"I CANTIERI DIMENTICATI, LA MINACCIA PER VIA AIVATA ED ABITAZIONI SOPRA STRADA"},"content":{"rendered":"<p>&nbsp;<\/p>\n<p><strong><a class=\"dt-pswp-item\" href=\"http:\/\/www.radiopiu.net\/wordpress\/wp-content\/uploads\/2019\/10\/d6eaad0d-e0e4-4024-93f9-0ddb3c37566a.jpg\" data-dt-img-description=\"\" data-large_image_width=\"1599\" data-large_image_height=\"1200\"><img loading=\"lazy\" decoding=\"async\" class=\"alignleft wp-image-104554\" src=\"http:\/\/www.radiopiu.net\/wordpress\/wp-content\/uploads\/2019\/10\/d6eaad0d-e0e4-4024-93f9-0ddb3c37566a-300x225.jpg\" alt=\"\" width=\"191\" height=\"144\" srcset=\"https:\/\/www.radiopiu.net\/wordpress\/wp-content\/uploads\/2019\/10\/d6eaad0d-e0e4-4024-93f9-0ddb3c37566a-300x225.jpg 300w, https:\/\/www.radiopiu.net\/wordpress\/wp-content\/uploads\/2019\/10\/d6eaad0d-e0e4-4024-93f9-0ddb3c37566a-768x576.jpg 768w, https:\/\/www.radiopiu.net\/wordpress\/wp-content\/uploads\/2019\/10\/d6eaad0d-e0e4-4024-93f9-0ddb3c37566a-1024x768.jpg 1024w, https:\/\/www.radiopiu.net\/wordpress\/wp-content\/uploads\/2019\/10\/d6eaad0d-e0e4-4024-93f9-0ddb3c37566a.jpg 1599w\" sizes=\"auto, (max-width: 191px) 100vw, 191px\" \/><\/a>TAIBON<\/strong> Completamente dimenticato, neanche una carriola di materiale, eppure di ghiaia dai torrenti ne \u00e8 stata tolta tanta. L&#8217;unica soluzione ingegneristica un grande telo verde probabilmente con lo scopo di far scivolare l&#8217;acqua poco sotto, perch\u00e9 il telo non copre l&#8217;intera scarpata ma solo una minima parte. Sotto il telo verde il versante in frana, sotto il versante in frana un grande buco, al di l\u00e0 del buco l&#8217;argine in cemento che non \u00e8 collassato con la furia del torrente Cordevole (dove incontra il Tegnas in arrivo dalla Valle di San Lucano), ma ha &#8220;fatto acqua&#8221; nel senso che il Cordevole lo ha raggirato creando il fosso e originando la frana fino in cima alla scarpata a pochi centimetri dalla strada comunale Aivata. Che il pericolo sia evidente l&#8217;autorit\u00e0 competente lo sa, non a caso ha delimitato la zona peraltro al limite con la passeggiata oltre il guard rail, con dei paletti di ferro <strong><a class=\"dt-pswp-item\" href=\"http:\/\/www.radiopiu.net\/wordpress\/wp-content\/uploads\/2019\/10\/4cd87bea-9d24-4bdd-9a60-8673b977dce2.jpg\" data-dt-img-description=\"\" data-large_image_width=\"1599\" data-large_image_height=\"1200\"><img loading=\"lazy\" decoding=\"async\" class=\"wp-image-104553 alignright\" src=\"http:\/\/www.radiopiu.net\/wordpress\/wp-content\/uploads\/2019\/10\/4cd87bea-9d24-4bdd-9a60-8673b977dce2-300x225.jpg\" alt=\"\" width=\"191\" height=\"143\" srcset=\"https:\/\/www.radiopiu.net\/wordpress\/wp-content\/uploads\/2019\/10\/4cd87bea-9d24-4bdd-9a60-8673b977dce2-300x225.jpg 300w, https:\/\/www.radiopiu.net\/wordpress\/wp-content\/uploads\/2019\/10\/4cd87bea-9d24-4bdd-9a60-8673b977dce2-768x576.jpg 768w, https:\/\/www.radiopiu.net\/wordpress\/wp-content\/uploads\/2019\/10\/4cd87bea-9d24-4bdd-9a60-8673b977dce2-1024x768.jpg 1024w, https:\/\/www.radiopiu.net\/wordpress\/wp-content\/uploads\/2019\/10\/4cd87bea-9d24-4bdd-9a60-8673b977dce2.jpg 1599w\" sizes=\"auto, (max-width: 191px) 100vw, 191px\" \/><\/a><\/strong>instabili e una cordicella con la speranza che la curiosit\u00e0 del bambino non vada al di l\u00e0. Da sotto, o meglio da poco sopra il corso d&#8217;acqua, quella frana crea antipatia cos\u00ec come la panacea del telone verde militare che ben s&#8217;adatta all&#8217;ambiente, soprattutto nasconde la magagna. Siamo certi che il Comune non ha competenza sugli argini devastati o sui versanti collassati, ma siamo altrettanto certi che una letterina a chi di competenza non ultimo il Prefetto. visto il pericolo incombente. potrebbe dare una spinta per la risoluzione del problema. Non mancano i precedenti, nel 1966 all&#8217;inizio di via Aivata il Cordevole si port\u00f2 via la casa del maestro Mario Buttol, tutta intera come la costruzione di Roni al Mas di Sedico e poich\u00e9 l&#8217;acqua ha memoria c&#8217;\u00e8 chi durante i nubifragi arriccia il naso per nascondere le paure. Per capire meglio la situazione siamo stati sul posto del &#8220;cantiere dimenticato&#8221;. (MM)<\/p>\n<h2><span style=\"color: #ff0000;\">IL VIDEO<\/span><\/h2>\n<p><iframe loading=\"lazy\" title=\"WhatsApp Video 2019 10 30 at 12 55 04\" width=\"1200\" height=\"675\" src=\"https:\/\/www.youtube.com\/embed\/vZUAEmww7NM?feature=oembed\" frameborder=\"0\" allow=\"accelerometer; autoplay; encrypted-media; gyroscope; picture-in-picture\" allowfullscreen><\/iframe><\/p>\n<p>&nbsp;<\/p>\n<h3><strong>TAIBON<\/strong> Auspicavamo un intervento del primo cittadino a margine del nostro servizio, eccolo puntuale alla radio. Edizione delle 10<\/h3>\n<p><strong>SILVIA TORMEN, AUDIO<\/strong><\/p>\n<audio class=\"wp-audio-shortcode\" id=\"audio-104552-1\" preload=\"none\" style=\"width: 100%;\" controls=\"controls\"><source type=\"audio\/mpeg\" src=\"http:\/\/www.radiopiu.net\/wordpress\/wp-content\/uploads\/2019\/10\/SILVIA-INTERO.mp3?_=1\" \/><a href=\"http:\/\/www.radiopiu.net\/wordpress\/wp-content\/uploads\/2019\/10\/SILVIA-INTERO.mp3\">http:\/\/www.radiopiu.net\/wordpress\/wp-content\/uploads\/2019\/10\/SILVIA-INTERO.mp3<\/a><\/audio>\n<p>&nbsp;<\/p>\n<p>&nbsp;<\/p>\n<p>&nbsp;<\/p>\n","protected":false},"excerpt":{"rendered":"<p>&nbsp; TAIBON Completamente dimenticato, neanche una carriola di materiale, eppure di ghiaia dai torrenti ne \u00e8 stata tolta tanta. L&#8217;unica soluzione ingegneristica un grande telo verde probabilmente con lo scopo di far scivolare l&#8217;acqua poco sotto, perch\u00e9 il telo non copre l&#8217;intera scarpata ma solo una minima parte. Sotto il telo verde il versante in&hellip;<\/p>\n","protected":false},"author":1,"featured_media":104555,"comment_status":"closed","ping_status":"closed","sticky":false,"template":"","format":"standard","meta":{"_monsterinsights_skip_tracking":false,"_monsterinsights_sitenote_active":false,"_monsterinsights_sitenote_note":"","_monsterinsights_sitenote_category":0,"footnotes":""},"categories":[1,51,49],"tags":[],"class_list":["post-104552","post","type-post","status-publish","format-standard","has-post-thumbnail","hentry","category-senza-categoria","category-evidenza-top","category-news-18","category-1","category-51","category-49","description-off"],"img_url":"https:\/\/www.radiopiu.net\/wordpress\/wp-content\/uploads\/2019\/10\/e9e12bdb-85fc-4d1b-aa3b-8505cf2ad60a.jpg","_links":{"self":[{"href":"https:\/\/www.radiopiu.net\/wordpress\/wp-json\/wp\/v2\/posts\/104552","targetHints":{"allow":["GET"]}}],"collection":[{"href":"https:\/\/www.radiopiu.net\/wordpress\/wp-json\/wp\/v2\/posts"}],"about":[{"href":"https:\/\/www.radiopiu.net\/wordpress\/wp-json\/wp\/v2\/types\/post"}],"author":[{"embeddable":true,"href":"https:\/\/www.radiopiu.net\/wordpress\/wp-json\/wp\/v2\/users\/1"}],"replies":[{"embeddable":true,"href":"https:\/\/www.radiopiu.net\/wordpress\/wp-json\/wp\/v2\/comments?post=104552"}],"version-history":[{"count":0,"href":"https:\/\/www.radiopiu.net\/wordpress\/wp-json\/wp\/v2\/posts\/104552\/revisions"}],"wp:featuredmedia":[{"embeddable":true,"href":"https:\/\/www.radiopiu.net\/wordpress\/wp-json\/wp\/v2\/media\/104555"}],"wp:attachment":[{"href":"https:\/\/www.radiopiu.net\/wordpress\/wp-json\/wp\/v2\/media?parent=104552"}],"wp:term":[{"taxonomy":"category","embeddable":true,"href":"https:\/\/www.radiopiu.net\/wordpress\/wp-json\/wp\/v2\/categories?post=104552"},{"taxonomy":"post_tag","embeddable":true,"href":"https:\/\/www.radiopiu.net\/wordpress\/wp-json\/wp\/v2\/tags?post=104552"}],"curies":[{"name":"wp","href":"https:\/\/api.w.org\/{rel}","templated":true}]}}