{"id":104558,"date":"2019-10-31T05:31:30","date_gmt":"2019-10-31T04:31:30","guid":{"rendered":"http:\/\/www.radiopiu.net\/wordpress\/?p=104558"},"modified":"2019-11-01T20:08:09","modified_gmt":"2019-11-01T19:08:09","slug":"giornale-radiopiu-31-ottobre-2019-direttore-mirko-mezzacasa","status":"publish","type":"post","link":"https:\/\/www.radiopiu.net\/wordpress\/giornale-radiopiu-31-ottobre-2019-direttore-mirko-mezzacasa\/","title":{"rendered":"GIORNALE RADIOPIU 31 OTTOBRE 2019 DIRETTORE MIRKO MEZZACASA"},"content":{"rendered":"<h3><\/h3>\n<p align=\"JUSTIFY\"><span style=\"font-family: Palatino Linotype, serif;\"><b><a class=\"dt-pswp-item\" href=\"http:\/\/www.radiopiu.net\/wordpress\/wp-content\/uploads\/2018\/09\/POLIZIA-3.jpg\" data-dt-img-description=\"\" data-large_image_width=\"660\" data-large_image_height=\"227\"><img loading=\"lazy\" decoding=\"async\" class=\"alignleft size-medium wp-image-60260\" src=\"http:\/\/www.radiopiu.net\/wordpress\/wp-content\/uploads\/2018\/09\/POLIZIA-3-300x103.jpg\" alt=\"\" width=\"300\" height=\"103\" srcset=\"https:\/\/www.radiopiu.net\/wordpress\/wp-content\/uploads\/2018\/09\/POLIZIA-3-300x103.jpg 300w, https:\/\/www.radiopiu.net\/wordpress\/wp-content\/uploads\/2018\/09\/POLIZIA-3.jpg 660w\" sizes=\"auto, (max-width: 300px) 100vw, 300px\" \/><\/a>BELLUNO\u00a0 <\/b><\/span><span style=\"font-family: Palatino Linotype, serif;\">Nella giornata di ieri \u00e8 stato arrestato dagli operatori della Squadra mobile e dell\u2019Ufficio immigrazione della Questura di Belluno un cittadino gambiano di 34 anni. <\/span><span style=\"font-family: Palatino Linotype, serif;\">A suo carico pendeva un\u2019ordinanza di custodia cautelare in carcere emessa dall\u2019Autorit\u00e0 Giudiziaria di Torino per detenzione e spaccio di sostanze stupefacenti in concorso, unitamente ad una ventina di connazionali e altri stranieri. <\/span><span style=\"font-family: Palatino Linotype, serif;\">L\u2019arrestato, N.S.O., in passato domiciliato in centro a Torino, dimorava da qualche giorno a Belluno in un dormitorio cittadino. <\/span><span style=\"font-family: 'Palatino Linotype', serif;\">Gli episodi di spaccio, in particolare di hashish e marijuana, si riferiscono al 2016 e riguardano una fitta rete di spaccio al dettaglio a Torino, prevalentemente presso parchi pubblici. <\/span><\/p>\n<p align=\"JUSTIFY\"><span style=\"font-family: Palatino Linotype, serif;\">Nel corso di un blitz contro lo spaccio di droga, la Polizia di Belluno ha inoltre scoperto un\u2019abitazione in cui era stata creata ad hoc una serra intensiva di piante di marijuana, a Vittorio Veneto. <\/span><span style=\"font-family: 'Palatino Linotype', serif;\">La Squadra mobile di Belluno unitamente ai colleghi di Treviso \u00e8 giunta presso la villetta di un cittadino italiano, di circa 30 anni, su segnalazione di alcuni residenti. <\/span><span style=\"font-family: Palatino Linotype, serif;\">Non \u00e8 la prima volta che vengono individuati coltivatori-spacciatori \u201cfai da te\u201d che creano piccole strutture e mini-serre in casa per la coltivazione di piante di marijuana. <\/span><span style=\"font-family: Palatino Linotype, serif;\">Il proprietario, un insospettabile italiano, deferito all\u2019Autorit\u00e0 giudiziaria trevigiana, nella sua attivit\u00e0 illecita <\/span><span style=\"font-family: Palatino Linotype, serif;\">aveva anche adibito una piccola stanza e un armadio ad essiccatoio. <\/span><span style=\"font-family: 'Palatino Linotype', serif;\">Nel corso di una perquisizione \u00e8 stata ritrovata tutta l\u2019attrezzatura necessaria per il proprio giro di affari illeciti: bilancini, lampade<\/span><span style=\"color: #333333;\"><span style=\"font-family: Palatino Linotype, serif;\"> idroponiche<\/span><\/span><span style=\"font-family: 'Palatino Linotype', serif;\">, ventilatori e circa due etti di marijuana e<\/span><\/p>\n<p>&nbsp;<\/p>\n<p>&nbsp;<\/p>\n<h3>TANTO&#8217; TUONO&#8217; FINO A SPOSTARE LE NUVOLE, MERCOLEDI POTREBBE SORGERE IL SOLE<\/h3>\n<p><strong><a class=\"dt-pswp-item\" href=\"http:\/\/www.radiopiu.net\/wordpress\/wp-content\/uploads\/2019\/10\/2a70b727-13bf-4966-9658-627a272e4fa3.jpg\" data-dt-img-description=\"\" data-large_image_width=\"1440\" data-large_image_height=\"720\"><img loading=\"lazy\" decoding=\"async\" class=\"alignleft wp-image-104576\" src=\"http:\/\/www.radiopiu.net\/wordpress\/wp-content\/uploads\/2019\/10\/2a70b727-13bf-4966-9658-627a272e4fa3-300x150.jpg\" alt=\"\" width=\"212\" height=\"106\" srcset=\"https:\/\/www.radiopiu.net\/wordpress\/wp-content\/uploads\/2019\/10\/2a70b727-13bf-4966-9658-627a272e4fa3-300x150.jpg 300w, https:\/\/www.radiopiu.net\/wordpress\/wp-content\/uploads\/2019\/10\/2a70b727-13bf-4966-9658-627a272e4fa3-768x384.jpg 768w, https:\/\/www.radiopiu.net\/wordpress\/wp-content\/uploads\/2019\/10\/2a70b727-13bf-4966-9658-627a272e4fa3-1024x512.jpg 1024w, https:\/\/www.radiopiu.net\/wordpress\/wp-content\/uploads\/2019\/10\/2a70b727-13bf-4966-9658-627a272e4fa3.jpg 1440w\" sizes=\"auto, (max-width: 212px) 100vw, 212px\" \/><\/a>AGORDO<\/strong> Forse \u00e8 la volta buona.\u00a0 A quasi sei mesi dalle ultime elezioni amministrative i sindaci e i consiglieri dell&#8217;Unione Montana potrebbero esprimere gi\u00e0 mercoled\u00ec il nuovo esecutivo. Alla fumata grigia con candidato a presidente Silvia Cestaro appoggiata dal cartello di centro destra, Lega Nord in particolare (anche se a qualcuno parlare di destra e sinistra non piace) arriverebbe la pronta risposta di un centro sinistra o che comunque non \u00e8 dell&#8217;area Lega Nord, affezionato al sindaco di Falcade Michele Costa. La riunione per la prossima settimana alle 20 in sala Don Tamis \u00e8 stata convocato dal consigliere-sindaco anziano (come si definisce nella lettera invito) Giovanni Deon. E&#8217; lunico punto all&#8217;ordine del giorno, quindi non si tratta di una riunione di ordinaria amministrazione o per deliberare su scadenze imminenti, \u00e8 proprio il momento decisivo per una votazione che esprime l&#8217;elezione e la nomina del presidente dell&#8217;Unione Montana Agordina a norma dell&#8217;articolo 14 dello statuto dell&#8217;ente di secondo grado, cio\u00e8 non espressione del popolo ma dei singoli consigli comunali tenendo conto sia della quota maggioritaria che minoritaria di ogni singolo Comune. Mercoledi quindi una volta contati i consiglieri (Voltago Comune commissariato) e raggiunto il numero legale, ci sar\u00e0 la votazione e l&#8217;eventuale elezione e nomina del premier di vallata. (mm)<\/p>\n<p><strong>DI GIANNI SANTOMASO<\/strong><\/p>\n<audio class=\"wp-audio-shortcode\" id=\"audio-104558-1\" preload=\"none\" style=\"width: 100%;\" controls=\"controls\"><source type=\"audio\/mpeg\" src=\"http:\/\/www.radiopiu.net\/wordpress\/wp-content\/uploads\/2019\/10\/gianni-unione-okkkk.mp3?_=1\" \/><a href=\"http:\/\/www.radiopiu.net\/wordpress\/wp-content\/uploads\/2019\/10\/gianni-unione-okkkk.mp3\">http:\/\/www.radiopiu.net\/wordpress\/wp-content\/uploads\/2019\/10\/gianni-unione-okkkk.mp3<\/a><\/audio>\n<p>&nbsp;<\/p>\n<p>&nbsp;<\/p>\n<p><span style=\"color: #ff0000;\">ACQUA INQUINATA A SAN TOMASO,\u00a0 \u00a0RIVAMONTE , PONTE NELLE ALPI<\/span><\/p>\n<p><em><strong>A SAN TOMASO<\/strong> nelle LOCALITA&#8217; PECOL E PIAIA, per uso alimentare solo previa bollitura.\u00a0 <strong>A RIVAMONTE<\/strong>\u00a0 nelle LOCALITA&#8217; MIOTTE, ZENICH, MOTTES, ZEP-SCHENA, SARET, ROSTE, PALUCH, GONA DI CONEDERA, PONTE ALTO, LONIE e SANTEL.<strong> A PONTE NELLE ALPI<\/strong> IN LOCALITA&#8217; SANTA CATERINA, LASTREGHE, PIAIA, CANEVOI, CADOLA, LIZZONA, PONTE DELLE SCHIETTE E LA SECCA<\/em><\/p>\n<p>&nbsp;<\/p>\n<p>&nbsp;<\/p>\n<h2><span style=\"color: #ff0000;\">IL RICORDO<\/span><\/h2>\n<p>DI JOHN FRANCIS DELLA PIETRA<\/p>\n<audio class=\"wp-audio-shortcode\" id=\"audio-104558-2\" preload=\"none\" style=\"width: 100%;\" controls=\"controls\"><source type=\"audio\/mpeg\" src=\"http:\/\/www.radiopiu.net\/wordpress\/wp-content\/uploads\/2019\/10\/JOHN-1.mp3?_=2\" \/><a href=\"http:\/\/www.radiopiu.net\/wordpress\/wp-content\/uploads\/2019\/10\/JOHN-1.mp3\">http:\/\/www.radiopiu.net\/wordpress\/wp-content\/uploads\/2019\/10\/JOHN-1.mp3<\/a><\/audio>\n<p>&nbsp;<\/p>\n<h3>Silvio e Walter<\/h3>\n<p>Son trascorsi vent&#8217;anni<br \/>\nIl tempo d un intera giovinezza<br \/>\nLa loro che \u00e8 rimasta lass\u00f9<br \/>\nTra l indomite vette dolomitiche<br \/>\nEd il cielo eterno<br \/>\nOgnuno di noi<br \/>\nSerba il loro ricordo<br \/>\nNel profondo dentro di s\u00e9<br \/>\nCome una vivida rossa fiamma che mai si spegne<br \/>\nLi sappiamo l\u00ec<br \/>\nNella luce del paradiso<br \/>\nAngeli del Signore<br \/>\nSorridenti e sereni<br \/>\nCustodi e guide sicure<br \/>\nDei nostri passi<br \/>\nIn voi sempre confidiamo<\/p>\n<p>&nbsp;<\/p>\n<p>&nbsp;<\/p>\n<p>&nbsp;<\/p>\n<p>&nbsp;<\/p>\n<h2>NEL POMERIGGIO DI IERI LA PARTE ALTA DI TAIBON SENZA ACQUA<\/h2>\n<p><a class=\"dt-pswp-item\" href=\"http:\/\/www.radiopiu.net\/wordpress\/wp-content\/uploads\/2019\/10\/ACQUA-SPORCA.jpeg\" data-dt-img-description=\"\" data-large_image_width=\"1024\" data-large_image_height=\"768\"><img loading=\"lazy\" decoding=\"async\" class=\" wp-image-104646 alignleft\" src=\"http:\/\/www.radiopiu.net\/wordpress\/wp-content\/uploads\/2019\/10\/ACQUA-SPORCA-300x225.jpeg\" alt=\"\" width=\"209\" height=\"157\" srcset=\"https:\/\/www.radiopiu.net\/wordpress\/wp-content\/uploads\/2019\/10\/ACQUA-SPORCA-300x225.jpeg 300w, https:\/\/www.radiopiu.net\/wordpress\/wp-content\/uploads\/2019\/10\/ACQUA-SPORCA-768x576.jpeg 768w, https:\/\/www.radiopiu.net\/wordpress\/wp-content\/uploads\/2019\/10\/ACQUA-SPORCA.jpeg 1024w\" sizes=\"auto, (max-width: 209px) 100vw, 209px\" \/><\/a><strong>TAIBON<\/strong> Nel pomeriggio di ieri la parte alta di Taibon Agordino \u00e8 rimasta senza acqua per quasi un&#8217;ora. Erano le 16:30 quando dai rubinetti di Via Al Forte non usciva pi\u00f9 niente. Alcuni cittadini si sono preoccupati e al numero verde di pronto intervento di Bim-Gsp la risposta \u00e8 stata celere ed esaustiva. La mancanza di acqua era causata da un guasto sul nuovo acquedotto provocato da una ditta che lavorava in zona. Un blackout totale durato quasi un&#8217;ora con gli uomini di Gsp che hanno sistemato il guasto velocemente. Alle 17:35 l&#8217;acqua scorreva dai rubinetti ma sicuramente non era potabile, infatti aveva un colore giallognolo. Solo in serata il ritorno alla normalit\u00e0.<\/p>\n<p>&nbsp;<\/p>\n<p>&nbsp;<\/p>\n<p>&nbsp;<\/p>\n<p>&nbsp;<\/p>\n<p>&nbsp;<\/p>\n<div id=\"DAB4FAD8-2DD7-40BB-A1B8-4E2AA1F9FDF2\"><\/div>\n<div><\/div>\n<blockquote><p><strong><a class=\"dt-pswp-item\" href=\"http:\/\/www.radiopiu.net\/wordpress\/wp-content\/uploads\/2019\/10\/mm-1.jpg\" data-dt-img-description=\"\" data-large_image_width=\"1511\" data-large_image_height=\"2015\"><img loading=\"lazy\" decoding=\"async\" class=\"alignleft wp-image-104184\" src=\"http:\/\/www.radiopiu.net\/wordpress\/wp-content\/uploads\/2019\/10\/mm-1-225x300.jpg\" alt=\"\" width=\"140\" height=\"187\" srcset=\"https:\/\/www.radiopiu.net\/wordpress\/wp-content\/uploads\/2019\/10\/mm-1-225x300.jpg 225w, https:\/\/www.radiopiu.net\/wordpress\/wp-content\/uploads\/2019\/10\/mm-1-768x1024.jpg 768w, https:\/\/www.radiopiu.net\/wordpress\/wp-content\/uploads\/2019\/10\/mm-1.jpg 1511w\" sizes=\"auto, (max-width: 140px) 100vw, 140px\" \/><\/a><\/strong><\/p><\/blockquote>\n<p><strong>PROVINCIALE 8 DI SAN TOMASO<\/strong> Fino al 15 novembre (nell&#8217;abitato di Cencenighe) chiusa dalle 8 alle 12.30 e dalle 14.20 alle 17.30 esclusi sabati e festivi. In ore non lavorative funziona il semaforo con tre Pian Molin-Avoscan<\/p>\n<p><strong>REGIONALE 203 AGORDINA<\/strong> localita&#8217; GHISEL TRA CENCENIGHE ED ALLEGHE Dalle 8 alle 12 e dalle 13.30 alle 17.30 fino al 15 novembre senso unico alternato con possibili interruzioni della durata massima di 20 minuti per i lavori di rimozione piante, pulizia del versante e posa di rete di protezione.<\/p>\n<p><strong>PROVINCIALE VAL FIORENTINA:<\/strong> fino al 6 novembre senso unico alternato e possibili interruzioni fino a 20 minuti per la messa in sicurezza dei versanti.<\/p>\n<p>&nbsp;<\/p>\n<p>&nbsp;<\/p>\n<p>&nbsp;<\/p>\n<p>&nbsp;<\/p>\n<p>&nbsp;<\/p>\n<h3><a class=\"dt-pswp-item\" href=\"http:\/\/www.radiopiu.net\/wordpress\/wp-content\/uploads\/2019\/10\/photo_2019-10-30_09-36-29logo.jpg\" data-dt-img-description=\"\" data-large_image_width=\"719\" data-large_image_height=\"1280\"><img loading=\"lazy\" decoding=\"async\" class=\"alignleft size-medium wp-image-104571\" src=\"http:\/\/www.radiopiu.net\/wordpress\/wp-content\/uploads\/2019\/10\/photo_2019-10-30_09-36-29logo-169x300.jpg\" alt=\"\" width=\"169\" height=\"300\" srcset=\"https:\/\/www.radiopiu.net\/wordpress\/wp-content\/uploads\/2019\/10\/photo_2019-10-30_09-36-29logo-169x300.jpg 169w, https:\/\/www.radiopiu.net\/wordpress\/wp-content\/uploads\/2019\/10\/photo_2019-10-30_09-36-29logo-575x1024.jpg 575w, https:\/\/www.radiopiu.net\/wordpress\/wp-content\/uploads\/2019\/10\/photo_2019-10-30_09-36-29logo.jpg 719w\" sizes=\"auto, (max-width: 169px) 100vw, 169px\" \/><\/a><\/h3>\n<h3><\/h3>\n<h3>USCITA AUTONOMA IN LOCALITA&#8217; SANTA CATERINA<\/h3>\n<p><strong>PONTE NELLE ALPI<\/strong> Incidente stradale che ha visto coinvolta un&#8217;autovettura audi modello a4 uscita autonomamente di strada nel comune di Ponte nelle Alpi\u00a0 sulla strada SS 51 di Alemagna in localita&#8217; Santa caterina. Il sinistro, ieri attorno alle 8 del mattino, a causa di un malore, W.M. 72 anni \u00e8 stato soccorso dal Suem 118. Rilievi dei Carabinieri della stazione dell&#8217;Alpago.<\/p>\n<p><strong>BELLUNO<\/strong> Ieri alle 7\u00a0 in localit\u00e0 Col Cavalier investimento di un capriolo. Intervenuti i Carabinieri Forestali della stazione di\u00a0 Belluno.<\/p>\n<p>&nbsp;<\/p>\n<p>&nbsp;<\/p>\n<p>&nbsp;<\/p>\n<p>&nbsp;<\/p>\n<p>&nbsp;<\/p>\n<p>&nbsp;<\/p>\n<p>&nbsp;<\/p>\n<p>&nbsp;<\/p>\n<p>&nbsp;<\/p>\n<h3><a class=\"dt-pswp-item\" href=\"http:\/\/www.radiopiu.net\/wordpress\/wp-content\/uploads\/2019\/10\/4539fd5b-d7a0-440f-8d28-5652d4cb72e9.jpg\" data-dt-img-description=\"\" data-large_image_width=\"1600\" data-large_image_height=\"1200\"><img loading=\"lazy\" decoding=\"async\" class=\"alignleft wp-image-104509\" src=\"http:\/\/www.radiopiu.net\/wordpress\/wp-content\/uploads\/2019\/10\/4539fd5b-d7a0-440f-8d28-5652d4cb72e9-300x225.jpg\" alt=\"\" width=\"139\" height=\"104\" srcset=\"https:\/\/www.radiopiu.net\/wordpress\/wp-content\/uploads\/2019\/10\/4539fd5b-d7a0-440f-8d28-5652d4cb72e9-300x225.jpg 300w, https:\/\/www.radiopiu.net\/wordpress\/wp-content\/uploads\/2019\/10\/4539fd5b-d7a0-440f-8d28-5652d4cb72e9-768x576.jpg 768w, https:\/\/www.radiopiu.net\/wordpress\/wp-content\/uploads\/2019\/10\/4539fd5b-d7a0-440f-8d28-5652d4cb72e9-1024x768.jpg 1024w, https:\/\/www.radiopiu.net\/wordpress\/wp-content\/uploads\/2019\/10\/4539fd5b-d7a0-440f-8d28-5652d4cb72e9.jpg 1600w\" sizes=\"auto, (max-width: 139px) 100vw, 139px\" \/><\/a><\/h3>\n<h3><a class=\"dt-pswp-item\" href=\"http:\/\/www.radiopiu.net\/wordpress\/wp-content\/uploads\/2019\/10\/c91c7aee-765e-4928-8b34-7e40da0e35b7.jpg\" data-dt-img-description=\"\" data-large_image_width=\"1280\" data-large_image_height=\"853\"><img loading=\"lazy\" decoding=\"async\" class=\"alignleft size-medium wp-image-104707\" src=\"http:\/\/www.radiopiu.net\/wordpress\/wp-content\/uploads\/2019\/10\/c91c7aee-765e-4928-8b34-7e40da0e35b7-300x200.jpg\" alt=\"\" width=\"300\" height=\"200\" srcset=\"https:\/\/www.radiopiu.net\/wordpress\/wp-content\/uploads\/2019\/10\/c91c7aee-765e-4928-8b34-7e40da0e35b7-300x200.jpg 300w, https:\/\/www.radiopiu.net\/wordpress\/wp-content\/uploads\/2019\/10\/c91c7aee-765e-4928-8b34-7e40da0e35b7-768x512.jpg 768w, https:\/\/www.radiopiu.net\/wordpress\/wp-content\/uploads\/2019\/10\/c91c7aee-765e-4928-8b34-7e40da0e35b7-1024x682.jpg 1024w, https:\/\/www.radiopiu.net\/wordpress\/wp-content\/uploads\/2019\/10\/c91c7aee-765e-4928-8b34-7e40da0e35b7.jpg 1280w\" sizes=\"auto, (max-width: 300px) 100vw, 300px\" \/><\/a>IERI MATTINA IL CERVO A LA MUDA CONTRO IL PULLMAN DELLA DOLOMITIBUS.<\/h3>\n<p><strong>DI GIANNI SANTOMASO<\/strong><\/p>\n<p>&nbsp;<\/p>\n<audio class=\"wp-audio-shortcode\" id=\"audio-104558-3\" preload=\"none\" style=\"width: 100%;\" controls=\"controls\"><source type=\"audio\/mpeg\" src=\"http:\/\/www.radiopiu.net\/wordpress\/wp-content\/uploads\/2019\/10\/CERVO-1.mp3?_=3\" \/><a href=\"http:\/\/www.radiopiu.net\/wordpress\/wp-content\/uploads\/2019\/10\/CERVO-1.mp3\">http:\/\/www.radiopiu.net\/wordpress\/wp-content\/uploads\/2019\/10\/CERVO-1.mp3<\/a><\/audio>\n<p>&nbsp;<\/p>\n<p>&nbsp;<\/p>\n<p>&nbsp;<\/p>\n<h3>SOCCORSI DUE AMICI IN DIFFICOLT\u00c0<\/h3>\n<p><strong>VALLE DI CADORE<\/strong> Ieri sera \u00a0alle 18.30 il Soccorso alpino di Pieve di Cadore \u00e8 stato allertato dalla Centrale del 118, per due persone in difficolt\u00e0 sul pendio che da Venas scende al Boite. In contatto telefonico e risaliti alle coordinate, i soccorritori, assieme ai Vigili del fuoco di Pieve di Cadore e volontari di Valle di Cadore, hanno individuato il punto in cui si trovavano i due, che erano rimasti al buio, bloccati sulla ripida scarpata che porta al greto del torrente. Dopo aver attrezzato delle corde fisse sono scesi da M.C.M, 52 anni di Calalzo di Cadore (BL), e F.P., 33 anni, di Garbagnate Milanese (MI), che lamentava anche un dolore alla gamba, e li hanno aiutati a risalire fino alla strada, da dove i due si sono allontanati autonomamente.<\/p>\n<p>&nbsp;<\/p>\n<p>&nbsp;<\/p>\n<p>&nbsp;<\/p>\n<h3>I CANTIERI DIMENTICATI, LA MINACCIA PER VIA AIVATA ED ABITAZIONI SOPRA STRADA<\/h3>\n<p><strong><a class=\"dt-pswp-item\" href=\"http:\/\/www.radiopiu.net\/wordpress\/wp-content\/uploads\/2019\/10\/d6eaad0d-e0e4-4024-93f9-0ddb3c37566a.jpg\" data-dt-img-description=\"\" data-large_image_width=\"1599\" data-large_image_height=\"1200\"><img loading=\"lazy\" decoding=\"async\" class=\"alignleft wp-image-104554\" src=\"http:\/\/www.radiopiu.net\/wordpress\/wp-content\/uploads\/2019\/10\/d6eaad0d-e0e4-4024-93f9-0ddb3c37566a-300x225.jpg\" alt=\"\" width=\"191\" height=\"144\" srcset=\"https:\/\/www.radiopiu.net\/wordpress\/wp-content\/uploads\/2019\/10\/d6eaad0d-e0e4-4024-93f9-0ddb3c37566a-300x225.jpg 300w, https:\/\/www.radiopiu.net\/wordpress\/wp-content\/uploads\/2019\/10\/d6eaad0d-e0e4-4024-93f9-0ddb3c37566a-768x576.jpg 768w, https:\/\/www.radiopiu.net\/wordpress\/wp-content\/uploads\/2019\/10\/d6eaad0d-e0e4-4024-93f9-0ddb3c37566a-1024x768.jpg 1024w, https:\/\/www.radiopiu.net\/wordpress\/wp-content\/uploads\/2019\/10\/d6eaad0d-e0e4-4024-93f9-0ddb3c37566a.jpg 1599w\" sizes=\"auto, (max-width: 191px) 100vw, 191px\" \/><\/a>TAIBON<\/strong> Completamente dimenticato, neanche una carriola di materiale, eppure di ghiaia dai torrenti ne \u00e8 stata tolta tanta. L&#8217;unica soluzione ingegneristica un grande telo verde probabilmente con lo scopo di far scivolare l&#8217;acqua poco sotto, perch\u00e9 il telo non copre l&#8217;intera scarpata ma solo una minima parte. Sotto il telo verde il versante in frana, sotto il versante in frana un grande buco, al di l\u00e0 del buco l&#8217;argine in cemento che non \u00e8 collassato con la furia del torrente Cordevole (dove incontra il Tegnas in arrivo dalla Valle di San Lucano), ma ha &#8220;fatto acqua&#8221; nel senso che il Cordevole lo ha raggirato creando il fosso e originando la frana fino in cima alla scarpata a pochi centimetri dalla strada comunale Aivata. Che il pericolo sia evidente l&#8217;autorit\u00e0 competente lo sa, non a caso ha delimitato la zona peraltro al limite con la passeggiata oltre il guard rail, con dei paletti di ferro <strong><a class=\"dt-pswp-item\" href=\"http:\/\/www.radiopiu.net\/wordpress\/wp-content\/uploads\/2019\/10\/4cd87bea-9d24-4bdd-9a60-8673b977dce2.jpg\" data-dt-img-description=\"\" data-large_image_width=\"1599\" data-large_image_height=\"1200\"><img loading=\"lazy\" decoding=\"async\" class=\"wp-image-104553 alignright\" src=\"http:\/\/www.radiopiu.net\/wordpress\/wp-content\/uploads\/2019\/10\/4cd87bea-9d24-4bdd-9a60-8673b977dce2-300x225.jpg\" alt=\"\" width=\"191\" height=\"143\" srcset=\"https:\/\/www.radiopiu.net\/wordpress\/wp-content\/uploads\/2019\/10\/4cd87bea-9d24-4bdd-9a60-8673b977dce2-300x225.jpg 300w, https:\/\/www.radiopiu.net\/wordpress\/wp-content\/uploads\/2019\/10\/4cd87bea-9d24-4bdd-9a60-8673b977dce2-768x576.jpg 768w, https:\/\/www.radiopiu.net\/wordpress\/wp-content\/uploads\/2019\/10\/4cd87bea-9d24-4bdd-9a60-8673b977dce2-1024x768.jpg 1024w, https:\/\/www.radiopiu.net\/wordpress\/wp-content\/uploads\/2019\/10\/4cd87bea-9d24-4bdd-9a60-8673b977dce2.jpg 1599w\" sizes=\"auto, (max-width: 191px) 100vw, 191px\" \/><\/a><\/strong>instabili e una cordicella con la speranza che la curiosit\u00e0 del bambino non vada al di l\u00e0. Da sotto, o meglio da poco sopra il corso d&#8217;acqua, quella frana crea antipatia cos\u00ec come la panacea del telone verde militare che ben s&#8217;adatta all&#8217;ambiente, soprattutto nasconde la magagna. Siamo certi che il Comune non ha competenza sugli argini devastati o sui versanti collassati, ma siamo altrettanto certi che una letterina a chi di competenza non ultimo il Prefetto. visto il pericolo incombente. potrebbe dare una spinta per la risoluzione del problema. Non mancano i precedenti, nel 1966 all&#8217;inizio di via Aivata il Cordevole si port\u00f2 via la casa del maestro Mario Buttol, tutta intera come la costruzione di Roni al Mas di Sedico e poich\u00e9 l&#8217;acqua ha memoria c&#8217;\u00e8 chi durante i nubifragi arriccia il naso per nascondere le paure. Per capire meglio la situazione siamo stati sul posto del &#8220;cantiere dimenticato&#8221;. (MM)<\/p>\n<h2><span style=\"color: #ff0000;\">IL VIDEO<\/span><\/h2>\n<p><iframe loading=\"lazy\" title=\"WhatsApp Video 2019 10 30 at 12 55 04\" width=\"1200\" height=\"675\" src=\"https:\/\/www.youtube.com\/embed\/vZUAEmww7NM?feature=oembed\" frameborder=\"0\" allow=\"accelerometer; autoplay; clipboard-write; encrypted-media; gyroscope; picture-in-picture\" allowfullscreen><\/iframe><\/p>\n<h3><strong>TAIBON<\/strong> Auspicavamo un intervento del primo cittadino a margine del nostro servizio, eccolo puntuale alla radio. Edizione delle 10<\/h3>\n<p><strong>SILVIA TORMEN, AUDIO<\/strong><\/p>\n<audio class=\"wp-audio-shortcode\" id=\"audio-104558-4\" preload=\"none\" style=\"width: 100%;\" controls=\"controls\"><source type=\"audio\/mpeg\" src=\"http:\/\/www.radiopiu.net\/wordpress\/wp-content\/uploads\/2019\/10\/SILVIA-INTERO.mp3?_=4\" \/><a href=\"http:\/\/www.radiopiu.net\/wordpress\/wp-content\/uploads\/2019\/10\/SILVIA-INTERO.mp3\">http:\/\/www.radiopiu.net\/wordpress\/wp-content\/uploads\/2019\/10\/SILVIA-INTERO.mp3<\/a><\/audio>\n<p>&nbsp;<\/p>\n<p>&nbsp;<\/p>\n<p>&nbsp;<\/p>\n<h3>ASSUNZIONI IN LUXOTTICA: 1150 PREVISTE LO SCORSO GIUGNO, 101 IN PIU&#8217; OGGI<\/h3>\n<p><strong><a class=\"dt-pswp-item\" href=\"http:\/\/www.radiopiu.net\/wordpress\/wp-content\/uploads\/2019\/03\/WhatsApp-Image-2019-03-24-at-18.11.14.jpeg\" data-dt-img-description=\"\" data-large_image_width=\"1599\" data-large_image_height=\"799\"><img loading=\"lazy\" decoding=\"async\" class=\"alignleft size-medium wp-image-80220\" src=\"http:\/\/www.radiopiu.net\/wordpress\/wp-content\/uploads\/2019\/03\/WhatsApp-Image-2019-03-24-at-18.11.14-300x150.jpeg\" alt=\"\" width=\"300\" height=\"150\" srcset=\"https:\/\/www.radiopiu.net\/wordpress\/wp-content\/uploads\/2019\/03\/WhatsApp-Image-2019-03-24-at-18.11.14-300x150.jpeg 300w, https:\/\/www.radiopiu.net\/wordpress\/wp-content\/uploads\/2019\/03\/WhatsApp-Image-2019-03-24-at-18.11.14-768x384.jpeg 768w, https:\/\/www.radiopiu.net\/wordpress\/wp-content\/uploads\/2019\/03\/WhatsApp-Image-2019-03-24-at-18.11.14-1024x512.jpeg 1024w, https:\/\/www.radiopiu.net\/wordpress\/wp-content\/uploads\/2019\/03\/WhatsApp-Image-2019-03-24-at-18.11.14.jpeg 1599w\" sizes=\"auto, (max-width: 300px) 100vw, 300px\" \/><\/a>AGORDO<\/strong> Dopo l\u2019accordo integrativo in Luxottica del 21 giugno scorso, che come \u00e8 noto prevedeva l\u2019assunzione a tempo indeterminato di 1150 lavoratori, un\u2019ulteriore forza lavoro \u00e8 stata inserita in azienda in questi ultimi mesi elevando il numero degli stabilizzati a tempo indeterminato a 1251, ben 101 lavoratori in pi\u00f9. Tutto questo \u00e8 stato possibile, fanno sapere le segreterie nazionali di Filctem Cgil, Femca Cisl, Uiltec Uil firmatarie dell\u2019accordo, grazie anche alla gestione continua dell\u2019accordo integrativo da parte delle Rsu degli stabilimenti e delle segreterie sindacali territoriali, i cui effetti positivi proseguono ancora oggi.\u00a0 <em>Questo &#8211; insistono i rappresentanti dei 3 sindacati &#8211; a dimostrare che l\u2019elemento di inclusivit\u00e0 in tale accordo \u00e8 fortemente presente e che il lavoro di contrattazione dei sindacati non si \u00e8 esaurito solo nella stabilizzazione dei precari in somministrazione, ma \u00e8 proseguito e proseguir\u00e0 costantemente nel tempo per migliorare le condizioni lavorative ed economiche di tutti coloro che si impegnano quotidianamente nell\u2019azienda con il loro lavoro.<\/em><\/p>\n<p>&nbsp;<\/p>\n<p>&nbsp;<\/p>\n<p>&nbsp;<\/p>\n<p>&nbsp;<\/p>\n<h2>QUALCHE COSA DI INTERESSANTE PER IL PADON<\/h2>\n<p>di Mirko Mezzacasa<\/p>\n<blockquote><p><em>Sistemando quello che c&#8217;\u00e8, guardando\u00a0 alle situazioni esistenti non ai progettoni futuri<\/em><\/p><\/blockquote>\n<p><strong><a class=\"dt-pswp-item\" href=\"http:\/\/www.radiopiu.net\/wordpress\/wp-content\/uploads\/2019\/10\/c6fbf3ff-ef5a-476a-8eb4-beff6be5468b.jpg\" data-dt-img-description=\"\" data-large_image_width=\"1600\" data-large_image_height=\"900\"><img loading=\"lazy\" decoding=\"async\" class=\" wp-image-104668 alignleft\" src=\"http:\/\/www.radiopiu.net\/wordpress\/wp-content\/uploads\/2019\/10\/c6fbf3ff-ef5a-476a-8eb4-beff6be5468b-300x169.jpg\" alt=\"\" width=\"280\" height=\"158\" srcset=\"https:\/\/www.radiopiu.net\/wordpress\/wp-content\/uploads\/2019\/10\/c6fbf3ff-ef5a-476a-8eb4-beff6be5468b-300x169.jpg 300w, https:\/\/www.radiopiu.net\/wordpress\/wp-content\/uploads\/2019\/10\/c6fbf3ff-ef5a-476a-8eb4-beff6be5468b-768x432.jpg 768w, https:\/\/www.radiopiu.net\/wordpress\/wp-content\/uploads\/2019\/10\/c6fbf3ff-ef5a-476a-8eb4-beff6be5468b-1024x576.jpg 1024w, https:\/\/www.radiopiu.net\/wordpress\/wp-content\/uploads\/2019\/10\/c6fbf3ff-ef5a-476a-8eb4-beff6be5468b.jpg 1600w\" sizes=\"auto, (max-width: 280px) 100vw, 280px\" \/><\/a>ROCCA PIETORE<\/strong> Quei silenzi, quella attenzione si traduce in ammirazione, stima, fiducia soprattutto. Quasi un tributo verso quei tre giovani, Diego De Battista, Marco Grigoletto e Nicol\u00f2 Di Carlo che da una settimana hanno cambiato l&#8217;assetto societario della Padon e guardano al futuro chiedendo\u00a0 agli operatori turistici della Val Pettorina unitamente alla sua gente ed amministratori, di fare squadra Una novit\u00e0 importante per gli impianti della Padon Marmolada. La nuova generazione prende esempio da chi ad Arabba li ha preceduti quando il conio era la lira dei milioni e le banche le stesse che li concedevano sotto forma di mutui e debiti da ripagare. <em>&#8220;Un coraggio che fa illuminare gli occhi e non solo&#8221;<\/em> Il risultato \u00e8 la Arabba di oggi, stazione turistica che nulla ha da invidiare a quelle contermini e punto chiave del Sella Ronda invernale ed estivo. In Val Pettorina questi nuovi soci hanno strappato sorrisi importanti dopo le &#8220;lacrime&#8221; dovute alle sfortune meteorologiche, alla burocrazia imperante, alla stagnazione del progresso turistico. Spira un&#8217;altra aria in Val Pettorina che non \u00e8 il vento devastante di Vaia o le valanghe che hanno travolto gli skilif. L&#8217;aria della fiducia verso chi ha gi\u00e0 chiarito che il collegamento con il Padon non viene dopo Portavescovo, che non ci saranno nuovi impianti che tagliano fuori il comprensorio, che la <a class=\"dt-pswp-item\" href=\"http:\/\/www.radiopiu.net\/wordpress\/wp-content\/uploads\/2019\/10\/b5f7bb54-f5a4-49b1-87a3-c8221d96e922.jpg\" data-dt-img-description=\"\" data-large_image_width=\"1600\" data-large_image_height=\"900\"><img loading=\"lazy\" decoding=\"async\" class=\"size-medium wp-image-104669 alignright\" src=\"http:\/\/www.radiopiu.net\/wordpress\/wp-content\/uploads\/2019\/10\/b5f7bb54-f5a4-49b1-87a3-c8221d96e922-300x169.jpg\" alt=\"\" width=\"300\" height=\"169\" srcset=\"https:\/\/www.radiopiu.net\/wordpress\/wp-content\/uploads\/2019\/10\/b5f7bb54-f5a4-49b1-87a3-c8221d96e922-300x169.jpg 300w, https:\/\/www.radiopiu.net\/wordpress\/wp-content\/uploads\/2019\/10\/b5f7bb54-f5a4-49b1-87a3-c8221d96e922-768x432.jpg 768w, https:\/\/www.radiopiu.net\/wordpress\/wp-content\/uploads\/2019\/10\/b5f7bb54-f5a4-49b1-87a3-c8221d96e922-1024x576.jpg 1024w, https:\/\/www.radiopiu.net\/wordpress\/wp-content\/uploads\/2019\/10\/b5f7bb54-f5a4-49b1-87a3-c8221d96e922.jpg 1600w\" sizes=\"auto, (max-width: 300px) 100vw, 300px\" \/><\/a>Marmolada \u00e8 una risorsa e Mario Vascellari un valido alleato. Si al turismo dello sci nel quale c&#8217;\u00e8 da crederci ma il lavoro non manca, si al turismo estivo, alla promozione con la valorizzazione della bicicletta ma senza enfatizzare una materia che va studiata, capita e interpretata per non commettere errori. Il trio che ha cambiato l&#8217;assetto societario si \u00e8 presentato ai nuovi partner della valle in primis gli operatori turistici. Radio Pi\u00f9 ha trasmesso la serata al Teaz ben introdotta dall&#8217;assessore Carlo Bernardi e dal sindaco Andrea De Bernardin e qui la ripropone nelle tre parti registrate, a iniziare dall&#8217;intervista chiarificatrice a Diego De Battista. <em>&#8220;Un incontro introduttivo per gli operatori turistici, i nuovi soci ci tenevano a farlo personalmente&#8221;<\/em> ha sottolineato Bernardi, e cos\u00ec \u00e8 stato.<\/p>\n<p>&nbsp;<\/p>\n<h2><a class=\"dt-pswp-item\" href=\"http:\/\/www.radiopiu.net\/wordpress\/wp-content\/uploads\/2019\/10\/4e25e160-94c4-4cd9-9a34-ce1986b830f6.jpg\" data-dt-img-description=\"\" data-large_image_width=\"1600\" data-large_image_height=\"900\"><img loading=\"lazy\" decoding=\"async\" class=\"size-medium wp-image-104667 alignleft\" src=\"http:\/\/www.radiopiu.net\/wordpress\/wp-content\/uploads\/2019\/10\/4e25e160-94c4-4cd9-9a34-ce1986b830f6-300x169.jpg\" alt=\"\" width=\"300\" height=\"169\" srcset=\"https:\/\/www.radiopiu.net\/wordpress\/wp-content\/uploads\/2019\/10\/4e25e160-94c4-4cd9-9a34-ce1986b830f6-300x169.jpg 300w, https:\/\/www.radiopiu.net\/wordpress\/wp-content\/uploads\/2019\/10\/4e25e160-94c4-4cd9-9a34-ce1986b830f6-768x432.jpg 768w, https:\/\/www.radiopiu.net\/wordpress\/wp-content\/uploads\/2019\/10\/4e25e160-94c4-4cd9-9a34-ce1986b830f6-1024x576.jpg 1024w, https:\/\/www.radiopiu.net\/wordpress\/wp-content\/uploads\/2019\/10\/4e25e160-94c4-4cd9-9a34-ce1986b830f6.jpg 1600w\" sizes=\"auto, (max-width: 300px) 100vw, 300px\" \/><\/a><\/h2>\n<h2><\/h2>\n<h2><\/h2>\n<h2>L&#8217;INTERVISTA A DIEGO DE BATTISTA A FINE SERATA<\/h2>\n<audio class=\"wp-audio-shortcode\" id=\"audio-104558-5\" preload=\"none\" style=\"width: 100%;\" controls=\"controls\"><source type=\"audio\/mpeg\" src=\"http:\/\/www.radiopiu.net\/wordpress\/wp-content\/uploads\/2019\/10\/DIEGO-DE-BATTISTA.mp3?_=5\" \/><a href=\"http:\/\/www.radiopiu.net\/wordpress\/wp-content\/uploads\/2019\/10\/DIEGO-DE-BATTISTA.mp3\">http:\/\/www.radiopiu.net\/wordpress\/wp-content\/uploads\/2019\/10\/DIEGO-DE-BATTISTA.mp3<\/a><\/audio>\n<p>&nbsp;<\/p>\n<p>&nbsp;<\/p>\n<h2>PADON IMPIANTI NUOVO ASSETTO SOCIETARIO. INCONTRO IN SALA TEAZ. ROCCA PIETORE. Parte1<\/h2>\n<p>&nbsp;<\/p>\n<p>https:\/\/www.facebook.com\/Mirkomezziano\/videos\/2492532531029518\/<\/p>\n<h2><\/h2>\n<h2>PADON IMPIANTI NUOVO ASSETTO SOCIETARIO. INCONTRO IN SALA TEAZ. ROCCA PIETORE. Parte2<\/h2>\n<p>&nbsp;<\/p>\n<p>https:\/\/www.facebook.com\/Mirkomezziano\/videos\/2492573107692127\/<\/p>\n<h2><\/h2>\n<h2>PADON IMPIANTI NUOVO ASSETTO SOCIETARIO. INCONTRO IN SALA TEAZ. ROCCA PIETORE. Parte3<\/h2>\n<p>&nbsp;<\/p>\n<p>https:\/\/www.facebook.com\/Mirkomezziano\/videos\/2492617767687661\/<\/p>\n<p>&nbsp;<\/p>\n<p>&nbsp;<\/p>\n<p>&nbsp;<\/p>\n<p>&nbsp;<\/p>\n<p>&nbsp;<\/p>\n<h3 class=\"moz-quote-pre\">VAIA, UN ANNO DOPO: IL BILANCIO DELLA PROVINCIA DI BELLUNO<\/h3>\n<p>A un anno dalla tempesta Vaia, la Provincia di Belluno ha presentato\u00a0 in conferenza stampa il lavoro profuso per mettere in atto le operazioni di sistemazione del territorio e di ricostruzione.<\/p>\n<p><strong>LA CONTA DEI DANNI<\/strong><br \/>\nIl quadro del territorio bellunese all\u2019indomani del passaggio di Vaia era eloquente: 3 morti e un ferito grave; almeno 400 persone sfollate; circa 113.000 utenze senza elettricit\u00e0 (solo il 6 novembre in tutte le case era tornata la luce, anche se in alcuni luoghi risultano ancora attivi i gruppi elettrogeni); 8 paesi completamente isolati per giorni, dove si arrivava solo a piedi; esondazione del Piave (che ha toccato il suo massimo storico) e di molti altri corsi d\u2019acqua, con conseguenti frane e smottamenti; 36 strade provinciali e regionali danneggiate, per un totale di 457 chilometri (senza contare le tante strade comunali); circa 250 frane censite dall\u2019amministrazione provinciale; 7mila ettari di bosco distrutti, per quasi 2 milioni di metri cubi di legname a terra.<\/p>\n<p><strong>IL PRESIDENTE DELLA PROVINCIA ROBERTO PADRIN<\/strong><\/p>\n<audio class=\"wp-audio-shortcode\" id=\"audio-104558-6\" preload=\"none\" style=\"width: 100%;\" controls=\"controls\"><source type=\"audio\/mpeg\" src=\"http:\/\/www.radiopiu.net\/wordpress\/wp-content\/uploads\/2019\/10\/padrin-1.mp3?_=6\" \/><a href=\"http:\/\/www.radiopiu.net\/wordpress\/wp-content\/uploads\/2019\/10\/padrin-1.mp3\">http:\/\/www.radiopiu.net\/wordpress\/wp-content\/uploads\/2019\/10\/padrin-1.mp3<\/a><\/audio>\n<p>&nbsp;<\/p>\n<p><strong>GLI INTERVENTI<\/strong><br \/>\nLa Provincia di Belluno \u00e8 intervenuta direttamente con attivit\u00e0 di somma urgenza subito dopo l\u2019evento. L\u2019amministrazione ha varato immediatamente una variazione di bilancio per 1.500.000 euro da mettere a disposizione delle prime opere edili, per l\u2019acquisto di tavolame, teli per i tetti scoperchiati e simili. A distanza di qualche settimana dall&#8217;evento, sono state messe a disposizione delle Unioni Montane risorse per circa 4 milioni di euro. Inoltre, ha mosso somme proprie per 2.300.000 euro, per le ultime somme urgenze (Bries, Cancia, ecc.). Infine, come attivit\u00e0 commissariale ha gestito tutta la contrattualizzazione degli interventi di difesa del suolo in diversi Comuni. Oltre a ci\u00f2, sta portando avanti azioni puntuali e capillari su smottamenti storici, in cui l\u2019effetto della tempesta Vaia ha amplificato o riacceso fenomeni franosi.<\/p>\n<p><strong>IL CONSIGLIERE CON DELEGA ALLA DIFESA DEL SUOLO MASSIMO BORTOLUZZI<\/strong><\/p>\n<audio class=\"wp-audio-shortcode\" id=\"audio-104558-7\" preload=\"none\" style=\"width: 100%;\" controls=\"controls\"><source type=\"audio\/mpeg\" src=\"http:\/\/www.radiopiu.net\/wordpress\/wp-content\/uploads\/2019\/10\/BORTOLUZZI.mp3?_=7\" \/><a href=\"http:\/\/www.radiopiu.net\/wordpress\/wp-content\/uploads\/2019\/10\/BORTOLUZZI.mp3\">http:\/\/www.radiopiu.net\/wordpress\/wp-content\/uploads\/2019\/10\/BORTOLUZZI.mp3<\/a><\/audio>\n<p>&nbsp;<\/p>\n<p><strong>FONDO WELFARE E IDENTIT\u00c0 TERRITORIALE<\/strong><br \/>\nAll\u2019indomani della tempesta, la Provincia ha indirizzato ufficialmente anche l\u2019azione del Fondo Welfare e Identit\u00e0 Territoriale, su richiesta unanime del consiglio provinciale, grazie alla solidariet\u00e0 proveniente da tutto il Veneto (e non solo), che ha permesso di raccogliere oltre 550.000 euro. Il Fondo \u00e8 intervenuto per 99 anziani, 55 minori e 25 invalidi. Sono state 86 le famiglie con almeno un anziano disabile o un minore a carico. Il contributo minimo erogato si aggira sui 500 euro, mentre il massimo \u00e8 arrivato a 16.100 euro.Il Fondo Welfare e Identit\u00e0 Territoriale ha anche sottoscritto un accordo con SaniInVeneto per attivare dal 1\u00b0 novembre un servizio di sportelli psicologici sul territorio.<\/p>\n<p><strong>FRANCESCA DE BIASI PRESIDENTE FONDO WELFARE<\/strong><\/p>\n<audio class=\"wp-audio-shortcode\" id=\"audio-104558-8\" preload=\"none\" style=\"width: 100%;\" controls=\"controls\"><source type=\"audio\/mpeg\" src=\"http:\/\/www.radiopiu.net\/wordpress\/wp-content\/uploads\/2019\/10\/DE-BIASI.mp3?_=8\" \/><a href=\"http:\/\/www.radiopiu.net\/wordpress\/wp-content\/uploads\/2019\/10\/DE-BIASI.mp3\">http:\/\/www.radiopiu.net\/wordpress\/wp-content\/uploads\/2019\/10\/DE-BIASI.mp3<\/a><\/audio>\n<p>&nbsp;<\/p>\n<p>&nbsp;<\/p>\n<p>&nbsp;<\/p>\n<h3>&#8220;A UN ANNO DALLA TEMPESTA VAIA. RIFLESSIONI SUL RAPPORTO TRA UOMO E NATURA&#8221;.<\/h3>\n<blockquote><p><strong><a class=\"dt-pswp-item\" href=\"http:\/\/www.radiopiu.net\/wordpress\/wp-content\/uploads\/2019\/10\/download-28.jpg\" data-dt-img-description=\"\" data-large_image_width=\"202\" data-large_image_height=\"249\"><img loading=\"lazy\" decoding=\"async\" class=\"alignleft wp-image-104190\" src=\"http:\/\/www.radiopiu.net\/wordpress\/wp-content\/uploads\/2019\/10\/download-28.jpg\" alt=\"\" width=\"124\" height=\"153\" \/><\/a><\/strong><\/p><\/blockquote>\n<p><strong>BELLUNO<\/strong> A un anno dagli eventi meteorologici che hanno duramente colpito il territorio bellunese, Provincia di Belluno e Comune di Belluno organizzano il convegno \u201cA un anno dalla tempesta Vaia. Riflessioni sul rapporto tra uomo e natura\u201d, con la presenza del cardinale Pietro Parolin, segretario di Stato della Santa Sede.\u00a0 L\u2019incontro si terr\u00e0 sabato\u00a0 alle 10, al Teatro Comunale di Belluno.<\/p>\n<blockquote><p><em><a class=\"dt-pswp-item\" href=\"http:\/\/www.radiopiu.net\/wordpress\/wp-content\/uploads\/2019\/10\/vescovo.jpg\" data-dt-img-description=\"\" data-large_image_width=\"1476\" data-large_image_height=\"982\"><img loading=\"lazy\" decoding=\"async\" class=\"size-medium wp-image-104602 alignleft\" src=\"http:\/\/www.radiopiu.net\/wordpress\/wp-content\/uploads\/2019\/10\/vescovo-300x200.jpg\" alt=\"\" width=\"300\" height=\"200\" srcset=\"https:\/\/www.radiopiu.net\/wordpress\/wp-content\/uploads\/2019\/10\/vescovo-300x200.jpg 300w, https:\/\/www.radiopiu.net\/wordpress\/wp-content\/uploads\/2019\/10\/vescovo-768x511.jpg 768w, https:\/\/www.radiopiu.net\/wordpress\/wp-content\/uploads\/2019\/10\/vescovo-1024x681.jpg 1024w, https:\/\/www.radiopiu.net\/wordpress\/wp-content\/uploads\/2019\/10\/vescovo.jpg 1476w\" sizes=\"auto, (max-width: 300px) 100vw, 300px\" \/><\/a><br \/>\n<\/em>Dell&#8217;importante appuntamento, a Rocca Pietore ne ha parlato anche il vescovo di Belluno e Feltre Renato Marangoni presiedendo la messa ad un anno dall&#8217;uragano.<em><br \/>\n<\/em><\/p><\/blockquote>\n<audio class=\"wp-audio-shortcode\" id=\"audio-104558-9\" preload=\"none\" style=\"width: 100%;\" controls=\"controls\"><source type=\"audio\/mpeg\" src=\"http:\/\/www.radiopiu.net\/wordpress\/wp-content\/uploads\/2019\/10\/VESCOVO.mp3?_=9\" \/><a href=\"http:\/\/www.radiopiu.net\/wordpress\/wp-content\/uploads\/2019\/10\/VESCOVO.mp3\">http:\/\/www.radiopiu.net\/wordpress\/wp-content\/uploads\/2019\/10\/VESCOVO.mp3<\/a><\/audio>\n<p>&nbsp;<\/p>\n<p>&nbsp;<\/p>\n<p>&nbsp;<\/p>\n<p>&nbsp;<\/p>\n<h3>UN ANNO DALLA TEMPESTA VAIA I SINDACI DI LIVINALLONGO LEANDRO GRONES, L&#8217;EX\u00a0 DI ALLEGHE SIRO DE BIASIO,\u00a0 DI SELVA DI CADORE SILVIA CESTARO E MORENO DE VAL SINDACO DI SAN TOMASO<\/h3>\n<h3><\/h3>\n<h3><a class=\"dt-pswp-item\" href=\"http:\/\/www.radiopiu.net\/wordpress\/wp-content\/uploads\/2017\/08\/Leandro-Grones-e1550756704790.jpg\" data-dt-img-description=\"\" data-large_image_width=\"1280\" data-large_image_height=\"853\"><img loading=\"lazy\" decoding=\"async\" class=\"wp-image-35242 alignleft\" src=\"http:\/\/www.radiopiu.net\/wordpress\/wp-content\/uploads\/2017\/08\/Leandro-Grones-e1550756704790-300x200.jpg\" alt=\"\" width=\"131\" height=\"87\" \/><\/a>\u00a0<a class=\"dt-pswp-item\" href=\"http:\/\/www.radiopiu.net\/wordpress\/wp-content\/uploads\/2016\/05\/foto_siro.jpg\" data-dt-img-description=\"\" data-large_image_width=\"232\" data-large_image_height=\"230\"><img loading=\"lazy\" decoding=\"async\" class=\"alignnone wp-image-19789\" src=\"http:\/\/www.radiopiu.net\/wordpress\/wp-content\/uploads\/2016\/05\/foto_siro.jpg\" alt=\"\" width=\"93\" height=\"92\" \/><\/a><a class=\"dt-pswp-item\" href=\"http:\/\/www.radiopiu.net\/wordpress\/wp-content\/uploads\/2019\/07\/silvia-cestaro.jpg\" data-dt-img-description=\"\" data-large_image_width=\"558\" data-large_image_height=\"417\"><img loading=\"lazy\" decoding=\"async\" class=\"alignnone wp-image-92631\" src=\"http:\/\/www.radiopiu.net\/wordpress\/wp-content\/uploads\/2019\/07\/silvia-cestaro-300x224.jpg\" alt=\"\" width=\"125\" height=\"93\" srcset=\"https:\/\/www.radiopiu.net\/wordpress\/wp-content\/uploads\/2019\/07\/silvia-cestaro-300x224.jpg 300w, https:\/\/www.radiopiu.net\/wordpress\/wp-content\/uploads\/2019\/07\/silvia-cestaro.jpg 558w\" sizes=\"auto, (max-width: 125px) 100vw, 125px\" \/><\/a><a class=\"dt-pswp-item\" href=\"http:\/\/www.radiopiu.net\/wordpress\/wp-content\/uploads\/2019\/04\/San-Tomaso_Moreno-De-Val.jpg\" data-dt-img-description=\"\" data-large_image_width=\"320\" data-large_image_height=\"320\"><img loading=\"lazy\" decoding=\"async\" class=\"alignnone wp-image-83894\" src=\"http:\/\/www.radiopiu.net\/wordpress\/wp-content\/uploads\/2019\/04\/San-Tomaso_Moreno-De-Val-300x300.jpg\" alt=\"\" width=\"95\" height=\"95\" srcset=\"https:\/\/www.radiopiu.net\/wordpress\/wp-content\/uploads\/2019\/04\/San-Tomaso_Moreno-De-Val-300x300.jpg 300w, https:\/\/www.radiopiu.net\/wordpress\/wp-content\/uploads\/2019\/04\/San-Tomaso_Moreno-De-Val-150x150.jpg 150w, https:\/\/www.radiopiu.net\/wordpress\/wp-content\/uploads\/2019\/04\/San-Tomaso_Moreno-De-Val.jpg 320w\" sizes=\"auto, (max-width: 95px) 100vw, 95px\" \/><\/a><\/h3>\n<audio class=\"wp-audio-shortcode\" id=\"audio-104558-10\" preload=\"none\" style=\"width: 100%;\" controls=\"controls\"><source type=\"audio\/mpeg\" src=\"http:\/\/www.radiopiu.net\/wordpress\/wp-content\/uploads\/2019\/10\/SINDACI.mp3?_=10\" \/><a href=\"http:\/\/www.radiopiu.net\/wordpress\/wp-content\/uploads\/2019\/10\/SINDACI.mp3\">http:\/\/www.radiopiu.net\/wordpress\/wp-content\/uploads\/2019\/10\/SINDACI.mp3<\/a><\/audio>\n<p>&nbsp;<\/p>\n<p>&nbsp;<\/p>\n<p>&nbsp;<\/p>\n<p><strong>SANITA\u2019. ZAIA, \u201cASSEGNATO AL PIO XII DI MISURINA BUDGET DI 1,2 MILIONI L\u2019ANNO FINO AL 2022 E SEMPLIFICATE PROCEDURE DI ACCESSO. LA REGIONE VENETO HA FATTO TUTTO IL POSSIBILE, ORA TOCCA AL RESTO D\u2019ITALIA\u201d<\/strong><\/p>\n<p><strong><a class=\"dt-pswp-item\" href=\"http:\/\/www.radiopiu.net\/wordpress\/wp-content\/uploads\/2019\/08\/PIO-XI-MISURINA.jpeg\" data-dt-img-description=\"\" data-large_image_width=\"522\" data-large_image_height=\"348\"><img loading=\"lazy\" decoding=\"async\" class=\"size-medium wp-image-96700 alignleft\" src=\"http:\/\/www.radiopiu.net\/wordpress\/wp-content\/uploads\/2019\/08\/PIO-XI-MISURINA-300x200.jpeg\" alt=\"\" width=\"300\" height=\"200\" srcset=\"https:\/\/www.radiopiu.net\/wordpress\/wp-content\/uploads\/2019\/08\/PIO-XI-MISURINA-300x200.jpeg 300w, https:\/\/www.radiopiu.net\/wordpress\/wp-content\/uploads\/2019\/08\/PIO-XI-MISURINA.jpeg 522w\" sizes=\"auto, (max-width: 300px) 100vw, 300px\" \/><\/a>VENEZIA<\/strong>\u00a0 \u201cLa Regione Veneto crede con la massima convinzione nelle qualit\u00e0 e nell\u2019utilit\u00e0 terapeutica dell\u2019Istituto Pio XII di Misurina, al punto che, nell\u2019ultima seduta di Giunta, abbiamo approvato una nuova delibera con l\u2019assegnazione del budget fino a tutto il 2022 compreso e con iniziative di semplificazione e diffusione della conoscenza da parte del mondo sanitario\u201d. Lo sottolinea il Presidente Luca Zaia, in relazione a una delibera che, tra l\u2019altro, assegna all\u2019Istituto Pio XII di Misurina (BL) per la cura e la riabilitazione delle malattie respiratorie del bambino un budget annuo di 1 milione 203 mila euro per tre annualit\u00e0, fino al 31 dicembre 2022; semplifica le modalit\u00e0 di accesso dei bimbi alle cure; definisce i criteri di accesso nei confronti dei cittadini residenti in Veneto; approva il percorso del paziente asmatico in et\u00e0 pediatrica. \u201cCon questo atto \u2013 fa notare Zaia \u2013 il Veneto ha fatto tutto quanto \u00e8 nelle sue possibilit\u00e0. Ora tocca al resto d\u2019Italia, perch\u00e9 il Pio XII \u00e8 una struttura a valenza nazionale, al punto che proprio noi abbiamo incardinato la questione in sede di Commissione Nazionale Salute, con un\u2019articolata relazione nella quale si evidenziano le caratteristiche peculiari del Pio XII; il fatto che si tratta dell\u2019unico Centro Specialistico di questo tipo in Italia e, con Davos e Briancon, uno dei soli tre operanti in Europa; i dati che evidenziano come, nonostante l\u2019asma grave interessi solo il 5% della totalit\u00e0 degli asmatici, essa determina dal 30 al 50% dei costi sanitari legati all\u2019intera patologia\u201d. \u201cIl Veneto, di fronte a una struttura che, non va dimenticato, \u00e8 privata-convenzionata, non pubblica \u2013 dice il Governatore \u2013 crede alle sue qualit\u00e0, tanto che l\u2019istituto, nel 2018, ha seguito 1.055 pazienti residenti in Veneto, mentre la proiezione semestrale per il 2019 risulta di 1.400 pazienti circa. Ora verr\u00e0 anche organizzato un incontro tra i rappresentanti del Centro e tutti i Direttori di Distretto del Veneto, ma se dal resto d\u2019Italia non si rinforzano i flussi, da soli oltre certi limiti non possiamo andare\u201d. In agosto, la Giunta regionale del Veneto ha anche rinnovato all\u2019Istituto di Misurina l\u2019accreditamento istituzionale da assegnare ai soggetti titolari di strutture sanitarie private, con 100 posti letto residenziali.<\/p>\n<div class=\"su-document su-u-responsive-media-yes\"><iframe loading=\"lazy\" src=\"\/\/docs.google.com\/viewer?embedded=true&url=http:\/\/www.radiopiu.net\/wordpress\/wp-content\/uploads\/2019\/10\/DGR_1600_19.pdf\" width=\"320\" height=\"340\" class=\"su-document\" title=\"\"><\/iframe><\/div>\n<p>&nbsp;<\/p>\n<p>&nbsp;<\/p>\n<p>&nbsp;<\/p>\n<p>&nbsp;<\/p>\n<h3>POSTE E LA DISTRIBUZIONE DEI GIORNALI CHIESTI\u00a0 TEMPI CERTI<\/h3>\n<p><a class=\"dt-pswp-item\" href=\"http:\/\/www.radiopiu.net\/wordpress\/wp-content\/uploads\/2018\/12\/argentera_ferrere-3.jpg\" data-dt-img-description=\"\" data-large_image_width=\"865\" data-large_image_height=\"330\"><img loading=\"lazy\" decoding=\"async\" class=\"alignleft wp-image-71005 size-full\" src=\"http:\/\/www.radiopiu.net\/wordpress\/wp-content\/uploads\/2018\/12\/argentera_ferrere-3.jpg\" alt=\"\" width=\"865\" height=\"330\" srcset=\"https:\/\/www.radiopiu.net\/wordpress\/wp-content\/uploads\/2018\/12\/argentera_ferrere-3.jpg 865w, https:\/\/www.radiopiu.net\/wordpress\/wp-content\/uploads\/2018\/12\/argentera_ferrere-3-300x114.jpg 300w, https:\/\/www.radiopiu.net\/wordpress\/wp-content\/uploads\/2018\/12\/argentera_ferrere-3-768x293.jpg 768w\" sizes=\"auto, (max-width: 865px) 100vw, 865px\" \/><\/a><\/p>\n<p>&nbsp;<\/p>\n<p>&nbsp;<\/p>\n<p>&nbsp;<\/p>\n<p>&nbsp;<\/p>\n<p>&nbsp;<\/p>\n<p>&nbsp;<\/p>\n<p>&nbsp;<\/p>\n<p>&nbsp;<\/p>\n<p>&nbsp;<\/p>\n<p>&nbsp;<\/p>\n<p>&nbsp;<\/p>\n<p>Nelle proposte fatte da Uncem a Poste Italiane per migliorare e rendere smart i servizi nei piccoli Comuni, vi sono anche la necessit\u00e0 di stabilizzare i precari e aumentare il personale nelle aree periferiche, negli uffici dei Comuni pi\u00f9 interni e montani del Paese, e l&#8217;urgenza di migliorare la distribuzione dei giornali, quotidiani ma soprattutto settimanali regionali e locali. In molte Regioni, questi ultimi sono un asse fondamentale dell&#8217;informazione per i territori, per fasce di popolazione importanti, diverse. &#8220;<em>Ho ricevuto negli ultimi mesi\u00a0da Associazioni di categoria, tra le quali l&#8217;Unione cattolica della Stampa italiana, diverse segnalazioni rivolte a Poste per la mancata consegna nei tempi adeguati dei giornali, quasi tutti settimanali. E anche per la riduzione delle tariffe per la spedizione. Quasi la met\u00e0 degli abbonati ai settimanali non riceve il giornale il giorno di uscita. \u00c8 invece molto importante questo avvenga, soprattutto se pagato dagli editori. Ne parler\u00f2 ulteriormente con i vertici di Poste Italiane affinch\u00e9 possiamo insieme superare i disservizi e le difficolt\u00e0. Il giornale deve essere recapitato il giorno di uscita, capillarmente, ovunque. Gli Enti locali con Uncem potranno adoperarsi con Poste anche per risolvere i problemi su questo fronte, non certo marginale. Ne parleremo anche nei prossimi giorni con il Governo nell&#8217;esaminare il nuovo Accordo sul Servizio Postale universale&#8221;.<\/em><\/p>\n<h3>LEGGE DI BILANCIO 2020, BUSSONE (UNCEM): &#8220;DA PRIME BOZZE POSITIVE NOTIZIE PER INVESTIMENTI ENTI TERRITORIALI, COMUNI MONTANI, AREE INTERNE, GREEN ECONOMY&#8221;<\/h3>\n<p><em>&#8220;Dalle prime bozze che circolano in queste ore e dalle notizie date nelle ultime ore dai Ministri, possiamo dire cautamente di avere <strong>alcune buone notizie per gli Enti locali e per i territori nella legge di bilancio 2020<\/strong>. A partire dai 735 milioni per il rilancio degli investimenti green degli enti territoriali per lo sviluppo sostenibile e infrastrutturale del Paese. Uncem aveva chiesto venissero aumentati e resi stabili i 500 milioni del Dl Crescita. Cos\u00ec stato. Segnalo i 200 milioni per far ripartire la Strategia nazionale aree interne, dopo lo stop nella legge di bilancio 2019, con altre nuove aree operative da gennaio. Sul fronte della green economy, molto positivo il nuovo fondo di mezzo miliardo di euro che fornir\u00e0 garanzie per investimenti in sostenibilit\u00e0, dalla decarbonizzazione alla messa in sicurezza del territorio, passando per economia circolare. Positive le proroghe per le detrazioni fiscali Ecobonus, ristrutturazioni e il nuovo bonus facciate&#8221;.<\/em>\u00a0 Lo afferma il Presidente nazionale Uncem, Marco Bussone.<\/p>\n<p>&nbsp;<\/p>\n<p>&nbsp;<\/p>\n<p>&nbsp;<\/p>\n<h3>REGIONE VENETO: 200 MILA EURO AI COMUNI PER NUOVI ALBERI<\/h3>\n<p><strong>VENEZIA<\/strong> Duecentomila euro per l\u2019acquisto e la piantumazione di 20 mila piante per il miglioramento ambientale. E\u2019 quanto prevede la delibera proposta dall\u2019assessore all\u2019agricoltura Giuseppe Pan e approvata ieri dalla Giunta, a beneficio dei progetti pilota di riforestazione e riqualificazione ambientale adottati dai Comuni veneti.<em> \u00a0&#8220;La finalit\u00e0 \u00e8 aumentare la superficie del bosco di pianura, migliorare la qualit\u00e0 dell\u2019aria, dell\u2019acqua e del paesaggio, favorire la biodiversit\u00e0 e contrastare i cambiamenti climatici. Non lasciamo cadere la lezione di Vaia: il surriscaldamento del Mediterraneo si combatte anche conservando e dilatando le macchie boschive\u201d<\/em> lo ha detto l&#8217;assessore Giuseppe Pan.\u00a0Veneto Agricoltura fornir\u00e0 essenze arboree certificate dai propri vivai e metter\u00e0 a disposizione dei Comuni linee guida per la scelta e l\u2019utilizzo del materiale vivaistico.<\/p>\n<p>&nbsp;<\/p>\n<p>&nbsp;<\/p>\n<p>&nbsp;<\/p>\n<h3>VENEZIA, INSEGNANTI BIOCOTTANO LE INIZIATIVE DEL 4 NOVEMBRE, DE CARLO CHIEDE L&#8217;ISPEZIONE NELL&#8217;ISTITUTO.<\/h3>\n<p>DALLA RASSEGNA STAMPA LUCA DE CARLO<\/p>\n<audio class=\"wp-audio-shortcode\" id=\"audio-104558-11\" preload=\"none\" style=\"width: 100%;\" controls=\"controls\"><source type=\"audio\/mpeg\" src=\"http:\/\/www.radiopiu.net\/wordpress\/wp-content\/uploads\/2019\/10\/LUCA-DE-CARLO-1.mp3?_=11\" \/><a href=\"http:\/\/www.radiopiu.net\/wordpress\/wp-content\/uploads\/2019\/10\/LUCA-DE-CARLO-1.mp3\">http:\/\/www.radiopiu.net\/wordpress\/wp-content\/uploads\/2019\/10\/LUCA-DE-CARLO-1.mp3<\/a><\/audio>\n<p>&nbsp;<\/p>\n<p><strong>VENEZIA<\/strong>\u00a0 Finir\u00e0 sul tavolo del Ministro dell&#8217;Istruzione Lorenzo Fioramonti il\u00a0 caso delle nsegnanti di un liceo veneziano che hanno \u201cboicottato\u201d le\u00a0 iniziative della scuola in vista delle celebrazioni del 4 novembre: il\u00a0 deputato di Fratelli d&#8217;Italia, Luca De Carlo, ha infatti pronta<br \/>\nun&#8217;interrogazione, firmata con il collega Salvatore Deidda, per chiedere\u00a0 di fare luce sull&#8217;intera vicenda.\u00a0 <em>\u201cLo reputo un atto gravissimo: essere contro le nostre forze armate \u00e8\u00a0 <\/em><em>essere contro lo Stato\u201d, denuncia De Carlo. \u201cChi difende la propria\u00a0 <\/em><em>scelta dietro il ripudio della guerra, citando l&#8217;articolo 11 della\u00a0 <\/em><em>Costituzione, dovrebbe anche sapere che la stessa Costituzione riconosce\u00a0 <\/em><em>alle forze armate la funzione, tra le altre, di operare al fine della\u00a0 <\/em><em>realizzazione della pace e della sicurezza, di concorrere alla\u00a0 <\/em><em>salvaguardia delle istituzioni e di svolgere compiti specifici in\u00a0 <\/em><em>circostanze di pubblica calamit\u00e0 o in casi di straordinaria necessit\u00e0 o <\/em><br \/>\n<em>urgenza. Con questa scelta, si ignora il lavoro e il sacrificio dei\u00a0 <\/em><em>nostri uomini nel soccorso alpino in montagna, nelle emergenze\u00a0 <\/em><em>idrogeologiche nei nostri territori, nei servizi di sicurezza nelle\u00a0 <\/em><em>nostre citt\u00e0: anche questo, contrariamente a un certo tipo di pensiero, <\/em><br \/>\n<em>\u00e8 cittadinanza\u201d. <\/em>A preoccupare il deputato c&#8217;\u00e8 anche \u201cla nascita di una rete di\u00a0 \u201cprofessori smilitarizzati\u201d, promossa da una rete di associazioni\u00a0 pacifiste.\u00a0 <em>&#8220;Nessuno di noi \u00e8 un guerrafondaio, ma le\u00a0 <\/em><em>nostre forze dell&#8217;ordine sono servitori dei cittadini e dello Stato al <\/em><em>pari degli insegnanti, che dovrebbero formare i giovani con una\u00a0 <\/em><em>mentalit\u00e0 aperta e rispettosa, anzich\u00e9 instillare loro le proprie\u00a0 <\/em><em>ideologie\u201d.<\/em><\/p>\n<p>&nbsp;<\/p>\n<p>&nbsp;<\/p>\n<h3>AUTO ELETTRICHE IN PROVINCIA, SOLO LO 0,6 PER CENTO, OVVERO 810 VEICOLI<\/h3>\n<p><strong><a class=\"dt-pswp-item\" href=\"http:\/\/www.radiopiu.net\/wordpress\/wp-content\/uploads\/2019\/10\/Auto-elettriche-1_bassa.jpg\" data-dt-img-description=\"\" data-large_image_width=\"922\" data-large_image_height=\"615\"><img loading=\"lazy\" decoding=\"async\" class=\"alignleft size-medium wp-image-104567\" src=\"http:\/\/www.radiopiu.net\/wordpress\/wp-content\/uploads\/2019\/10\/Auto-elettriche-1_bassa-300x200.jpg\" alt=\"\" width=\"300\" height=\"200\" srcset=\"https:\/\/www.radiopiu.net\/wordpress\/wp-content\/uploads\/2019\/10\/Auto-elettriche-1_bassa-300x200.jpg 300w, https:\/\/www.radiopiu.net\/wordpress\/wp-content\/uploads\/2019\/10\/Auto-elettriche-1_bassa-768x512.jpg 768w, https:\/\/www.radiopiu.net\/wordpress\/wp-content\/uploads\/2019\/10\/Auto-elettriche-1_bassa.jpg 922w\" sizes=\"auto, (max-width: 300px) 100vw, 300px\" \/><\/a>BELLUNO<\/strong> Secondo l\u2019analisi di Facile.it su dati ACI, a dicembre 2018 le autovetture elettriche e ibride presenti nella provincia di Belluno erano appena 810, vale a dire lo 0,60% del parco auto circolante nella provincia. La percentuale non solo risulta essere pi\u00f9 bassa del valore nazionale (0,66%), ma fa anche guadagnare alla provincia il penultimo posto nella classifica regionale. In Veneto le automobili elettriche e ibride sono, complessivamente, poco pi\u00f9 di poco pi\u00f9 di 28.820, vale a dire lo 0,92%\u00a0 del totale auto circolanti nella regione. Guardando i dati su base territoriale, al primo posto della classifica regionale si posiziona la provincia di Vicenza, dove l\u20191,16% delle automobili \u00e8 elettrico\/ibrido. Seguono sul podio la provincia di Padova (0,98%) e quella di Treviso (0,89%), che batte solo di un soffio Verona (0,88%). Nella parte bassa della graduatoria si posizionano Venezia (0,82%), Belluno (0,60%) e, ultima della regione, Rovigo (0,54%). Il dato percentuale relativo alla provincia di Belluno migliora se si prendono in considerazione anche le altre tipologie di alimentazione pi\u00f9 sostenibili per l\u2019ambiente, ovvero quelle a Gpl e a metano. Sommando queste alle elettriche e ibride si arriva, complessivamente, a 6.200 autovetture, ovvero 4,6% \u00a0del parco auto circolante nella provincia.<\/p>\n<p>&nbsp;<\/p>\n<p>&nbsp;<\/p>\n<p>&nbsp;<\/p>\n<p>&nbsp;<\/p>\n<h3>ACC WANBAO \u2013 BERTON: \u00abSERVE TEMPO PER LA VENDITA: IL GOVERNO SIA PI\u00d9 INCISIVO\u00bb<\/h3>\n<p><a class=\"dt-pswp-item\" href=\"http:\/\/www.radiopiu.net\/wordpress\/wp-content\/uploads\/2019\/10\/Lorraine_Berton-1-1.jpg\" data-dt-img-description=\"\" data-large_image_width=\"767\" data-large_image_height=\"768\"><img loading=\"lazy\" decoding=\"async\" class=\"alignleft wp-image-104566\" src=\"http:\/\/www.radiopiu.net\/wordpress\/wp-content\/uploads\/2019\/10\/Lorraine_Berton-1-1-300x300.jpg\" alt=\"\" width=\"104\" height=\"104\" srcset=\"https:\/\/www.radiopiu.net\/wordpress\/wp-content\/uploads\/2019\/10\/Lorraine_Berton-1-1-300x300.jpg 300w, https:\/\/www.radiopiu.net\/wordpress\/wp-content\/uploads\/2019\/10\/Lorraine_Berton-1-1-150x150.jpg 150w, https:\/\/www.radiopiu.net\/wordpress\/wp-content\/uploads\/2019\/10\/Lorraine_Berton-1-1.jpg 767w\" sizes=\"auto, (max-width: 104px) 100vw, 104px\" \/><\/a><strong>BELLUNO<\/strong>\u00a0<em> \u00abIl Governo insista affinch\u00e9 i cinesi di Wanbao si diano il tempo necessario per trovare un nuovo acquirente. Almeno su questo, l\u2019Esecutivo deve giocare tutte le sue carte diplomatiche\u00bb. <\/em>A dirlo, intervenendo sul caso Acc-Wanbao di Borgo Valbelluna, \u00e8 la presidente di Confindustria Belluno Dolomiti Lorraine Berton.\u00a0 <em>\u00abPenso inoltre sia necessario coinvolgere fin da ora il commissario Maurizio Castro, tenace traghettatore dell&#8217;azienda in momenti drammatici e profondo conoscitore della fabbrica. Pi\u00f9 in generale, penso si possa arrivare a un doppio affidamento che sappia tutelare la parte italiana e le comunit\u00e0\u00bb <\/em>Secondo la presidente di Confindustria nei confronti di un colosso come Wanbao, serve un&#8217;azione dell&#8217;Esecutivo ferma e risoluta ed \u00e8 convinta che i livelli territoriali in questo caso abbiano le mani legate se non in termini di sensibilizzazione e spinta.<\/p>\n<p>&nbsp;<\/p>\n<p>&nbsp;<\/p>\n<h3>BIM GSP IL BILANCIO SEMESTRALE E&#8217; POSITIVO<\/h3>\n<blockquote><p><em>Patrimonio superiore ai debiti. Investimenti nel 2020 per 12 milioni di euro.<\/em><\/p><\/blockquote>\n<p><strong>di DAMIANO TORMEN<\/strong><\/p>\n<audio class=\"wp-audio-shortcode\" id=\"audio-104558-12\" preload=\"none\" style=\"width: 100%;\" controls=\"controls\"><source type=\"audio\/mpeg\" src=\"http:\/\/www.radiopiu.net\/wordpress\/wp-content\/uploads\/2019\/10\/damiano-gsp.mp3?_=12\" \/><a href=\"http:\/\/www.radiopiu.net\/wordpress\/wp-content\/uploads\/2019\/10\/damiano-gsp.mp3\">http:\/\/www.radiopiu.net\/wordpress\/wp-content\/uploads\/2019\/10\/damiano-gsp.mp3<\/a><\/audio>\n<p>&nbsp;<\/p>\n<p><strong><a class=\"dt-pswp-item\" href=\"http:\/\/www.radiopiu.net\/wordpress\/wp-content\/uploads\/2015\/06\/bimgsp.jpg\" data-dt-img-description=\"\" data-large_image_width=\"300\" data-large_image_height=\"168\"><img loading=\"lazy\" decoding=\"async\" class=\"alignleft wp-image-6703\" src=\"http:\/\/www.radiopiu.net\/wordpress\/wp-content\/uploads\/2015\/06\/bimgsp-300x168.jpg\" alt=\"\" width=\"263\" height=\"147\" \/><\/a>BELLUNO<\/strong> A fronte di un bollettato di 16 milioni di euro, invariato rispetto al 2018, nel primo semestre 2019 le spese operative sono state ridotte di 140 mila euro rispetto al medesimo periodo del 2018 e il margine lordo industriale \u00e8 aumentato a 2,8 milioni dai 2,3 milioni dell\u2019anno precedente. Maggiori le risorse allocate per l\u2019acquisto di energia elettrica, per l\u2019analisi delle acque e l\u2019informatizzazione, mentre sono in calo le spese per manutenzioni ordinarie, gestione impianti e servizi amministrativi. <em>\u201cGli investimenti innovativi e gli efficientamenti attuati negli ultimi anni in molti impianti \u2013 spiega Giuseppe Vignato, Amministratore Unico della societ\u00e0 \u2013 hanno permesso, e porteranno anche in futuro, un costante contenimento dei costi operativi, supportato anche da una continua negoziazione degli oneri gestionali con i vari appaltatori\u201d. <\/em>Gli incassi nel semestre hanno generato, al netto del pagamento delle spese correnti, nuova cassa per oltre 6 milioni di euro, 5 utilizzati per finanziare i nuovi investimenti e 1 per ridurre i debiti verso i fornitori. Con i 2,8 milioni di utili netti conseguiti al 30 giugno 2019, il patrimonio societario \u00e8 salito a 38 milioni, importo questo che per la prima volta supera il valore dei debiti ora a 37 milioni e scesi di 52 milioni dal picco del 2011.<em>\u00a0<\/em><\/p>\n<p><strong>INVESTIMENTI<\/strong><\/p>\n<p>Ammontano a 5 milioni di euro gli investimenti concretizzati in sei mesi.\u00a0 Completati i nuovi depuratori di Falcade e Longarone, a breve partiranno i cantieri per nuovi impianti a Lentiai e Borca di Cadore; sono state posate, e gi\u00e0 completate, nuove tratte fognarie a Sedico, Alleghe e sostituite porzioni di fognatura ad Auronzo, Belluno e La Valle Agordina. Per l\u2019acquedotto sono di recente partiti i lavori per la posa del nuovo collegamento tra i serbatoi di Col Coltron e Fiammoi, \u00e8 di prossima ultimazione il collegamento tra i serbatoi Col Coltron e Piaia, mentre si sono conclusi gli interventi di sistemazione dell\u2019opera di presa di Rio Frari; sono state, inoltre, posate anche nuove tratte a Rivamonte e sostituite porzioni lungo l\u2019acquedotto \u2018Val Clusa\u2019, il principale della provincia che dall\u2019Agordino arriva a servire Val Belluna, Sinistra Piave e Valdobbiadene. In corso, inoltre, la costruzione del nuovo serbatoio acquedottistico a Pocol di Cortina, opera finanziata dal Piano Nazionale degli Acquedotti; prosegue celermente anche la costruzione del nuovo serbatoio di accumulo a Sottoguda di Rocca Pietore e la posa del nuovo acquedotto della Valle del Biois a Cencenighe.<\/p>\n<p>&nbsp;<\/p>\n<p>&nbsp;<\/p>\n<p>&nbsp;<\/p>\n<p>&nbsp;<\/p>\n<h3>NON IL NUOVO, MA I NUOVI ACQUEDOTTI DI CENCENIGHE, PRESTO LA FINE DEI PROBLEMI PER LE FRAZIONI ALTE<\/h3>\n<p><strong><a class=\"dt-pswp-item\" href=\"http:\/\/www.radiopiu.net\/wordpress\/wp-content\/uploads\/2018\/05\/Mauro-Soppelsa-libero-professionista-perito-edile-56-anni.jpg\" data-dt-img-description=\"\" data-large_image_width=\"1852\" data-large_image_height=\"2218\"><img loading=\"lazy\" decoding=\"async\" class=\"alignleft wp-image-48070\" src=\"http:\/\/www.radiopiu.net\/wordpress\/wp-content\/uploads\/2018\/05\/Mauro-Soppelsa-libero-professionista-perito-edile-56-anni-250x300.jpg\" alt=\"\" width=\"191\" height=\"229\" srcset=\"https:\/\/www.radiopiu.net\/wordpress\/wp-content\/uploads\/2018\/05\/Mauro-Soppelsa-libero-professionista-perito-edile-56-anni-250x300.jpg 250w, https:\/\/www.radiopiu.net\/wordpress\/wp-content\/uploads\/2018\/05\/Mauro-Soppelsa-libero-professionista-perito-edile-56-anni-768x920.jpg 768w, https:\/\/www.radiopiu.net\/wordpress\/wp-content\/uploads\/2018\/05\/Mauro-Soppelsa-libero-professionista-perito-edile-56-anni-855x1024.jpg 855w, https:\/\/www.radiopiu.net\/wordpress\/wp-content\/uploads\/2018\/05\/Mauro-Soppelsa-libero-professionista-perito-edile-56-anni.jpg 1852w\" sizes=\"auto, (max-width: 191px) 100vw, 191px\" \/><\/a>CENCENIGHE<\/strong> Oltre Vaia ci sono gli acquedotti e la fine dei problemi per molti, anche per gli abitanti della frazioni alte perch\u00e8 i lavori sono gi\u00e0 stati finanziati. Per anni il paese ha fatto i conti con la mancanza d&#8217;acqua e la spola dei vigili del fuoco con le autobotti da Agordo e Belluno verso le vasche di captazione. In corso l&#8217;acquedotto dalla Valle del Biois e siamo solo all&#8217;inizio come anticipa il primo cittadino tra l&#8217;altro sul &#8220;pezzo&#8221; anche per la strada di Chenet, qui nel dopo Vaia la previsione d&#8217;inizio lavori al 17 ottobre \u00e8 stata rispettata.<\/p>\n<p><strong>IL SINDACO MAURO SOPPELSA<\/strong><\/p>\n<audio class=\"wp-audio-shortcode\" id=\"audio-104558-13\" preload=\"none\" style=\"width: 100%;\" controls=\"controls\"><source type=\"audio\/mpeg\" src=\"http:\/\/www.radiopiu.net\/wordpress\/wp-content\/uploads\/2019\/10\/mauro-3.mp3?_=13\" \/><a href=\"http:\/\/www.radiopiu.net\/wordpress\/wp-content\/uploads\/2019\/10\/mauro-3.mp3\">http:\/\/www.radiopiu.net\/wordpress\/wp-content\/uploads\/2019\/10\/mauro-3.mp3<\/a><\/audio>\n<p>&nbsp;<\/p>\n<p>&nbsp;<\/p>\n<p>&nbsp;<\/p>\n<p>&nbsp;<\/p>\n<p><strong>CRISI WANBAO MISE IN PRESSIONE SULLA PROPIETA&#8217;<\/strong><\/p>\n<p>dalla rassegna stampa ROGER DE MENECH<\/p>\n<audio class=\"wp-audio-shortcode\" id=\"audio-104558-14\" preload=\"none\" style=\"width: 100%;\" controls=\"controls\"><source type=\"audio\/mpeg\" src=\"http:\/\/www.radiopiu.net\/wordpress\/wp-content\/uploads\/2019\/10\/ROGER-1.mp3?_=14\" \/><a href=\"http:\/\/www.radiopiu.net\/wordpress\/wp-content\/uploads\/2019\/10\/ROGER-1.mp3\">http:\/\/www.radiopiu.net\/wordpress\/wp-content\/uploads\/2019\/10\/ROGER-1.mp3<\/a><\/audio>\n<p><strong><a class=\"dt-pswp-item\" href=\"http:\/\/www.radiopiu.net\/wordpress\/wp-content\/uploads\/2019\/09\/STABILIMENTO-WANBAO-DI-MEL.-DONAZZAN-\u201cDOPO-IL-PRIMO-TRAGUARDO-DI-OGGI-CHIEDEREMO-RASSICURAZIONI-SUL-MANTENIMENTO-DELLA-PRODUZIONE.jpg\" data-dt-img-description=\"\" data-large_image_width=\"1600\" data-large_image_height=\"1200\"><img loading=\"lazy\" decoding=\"async\" class=\" wp-image-99385 alignleft\" src=\"http:\/\/www.radiopiu.net\/wordpress\/wp-content\/uploads\/2019\/09\/STABILIMENTO-WANBAO-DI-MEL.-DONAZZAN-\u201cDOPO-IL-PRIMO-TRAGUARDO-DI-OGGI-CHIEDEREMO-RASSICURAZIONI-SUL-MANTENIMENTO-DELLA-PRODUZIONE-300x225.jpg\" alt=\"\" width=\"187\" height=\"140\" srcset=\"https:\/\/www.radiopiu.net\/wordpress\/wp-content\/uploads\/2019\/09\/STABILIMENTO-WANBAO-DI-MEL.-DONAZZAN-\u201cDOPO-IL-PRIMO-TRAGUARDO-DI-OGGI-CHIEDEREMO-RASSICURAZIONI-SUL-MANTENIMENTO-DELLA-PRODUZIONE-300x225.jpg 300w, https:\/\/www.radiopiu.net\/wordpress\/wp-content\/uploads\/2019\/09\/STABILIMENTO-WANBAO-DI-MEL.-DONAZZAN-\u201cDOPO-IL-PRIMO-TRAGUARDO-DI-OGGI-CHIEDEREMO-RASSICURAZIONI-SUL-MANTENIMENTO-DELLA-PRODUZIONE-768x576.jpg 768w, https:\/\/www.radiopiu.net\/wordpress\/wp-content\/uploads\/2019\/09\/STABILIMENTO-WANBAO-DI-MEL.-DONAZZAN-\u201cDOPO-IL-PRIMO-TRAGUARDO-DI-OGGI-CHIEDEREMO-RASSICURAZIONI-SUL-MANTENIMENTO-DELLA-PRODUZIONE-1024x768.jpg 1024w, https:\/\/www.radiopiu.net\/wordpress\/wp-content\/uploads\/2019\/09\/STABILIMENTO-WANBAO-DI-MEL.-DONAZZAN-\u201cDOPO-IL-PRIMO-TRAGUARDO-DI-OGGI-CHIEDEREMO-RASSICURAZIONI-SUL-MANTENIMENTO-DELLA-PRODUZIONE.jpg 1600w\" sizes=\"auto, (max-width: 187px) 100vw, 187px\" \/><\/a>ROMA\u00a0<\/strong> Anche il ministero per lo Sviluppo Economico \u00e8 stato coinvolto per cercare soluzioni alla crisi Wanbao. Oggi pomeriggio il coordinatore dei deputati veneti del Partito democratico ha incontrato la sottosegretaria al Mise, Alessia Morani, riportando le richieste dei sindacati e per una verifica dello stato di crisi. \u00abLa situazione \u00e8 controllata dal ministero fin dall\u2019annuncio di Wanbao di voler dismettere lo stabilimento di Mel\u00bb, riporta De Menech. \u00abMorani ha riferito di aver attivato un canale di comunicazione diretto con la propriet\u00e0 e, attraverso i tecnici del ministero, di essere alla ricerca della soluzione pi\u00f9 appropriata per mantenere la produzione nel Bellunese e salvaguardare tutti i posti di lavoro\u00bb. La Fim Cisl, con una lettera, sollecita ad affiancare l\u2019ex commissario Maurizio Castro ai soggetti incaricati dalla propriet\u00e0 di ricercare nuovi investitori. \u00abLa sottosegretaria Morani ha presente l\u2019urgenza e sta facendo le dovute pressioni nei confronti di Wanbao\u00bb, afferma De Menech. \u00abL\u2019attenzione del governo \u00e8 palese, perch\u00e9 subito si \u00e8 convocato il tavolo di crisi a settembre e c\u2019\u00e8 stata una nuova riunione il 24 ottobre. La sottosegretaria Morani sta lavorando per trovare affrontare questa come le tante crisi aziendali aperte in tutto il Paese e auspica di trovare soluzioni positive anche con il contributo di figure autorevoli ed esperte come quella dell\u2019ex commissario Maurizio Castro\u00bb.<\/p>\n<p>&nbsp;<\/p>\n<p>&nbsp;<\/p>\n<p>&nbsp;<\/p>\n<p>&nbsp;<\/p>\n<blockquote>\n<h3>Foto della presentazione dell&#8217;ovale &#8220;Pan e siringa&#8221; di questa sera a Palazzo Fulcis. L&#8217;opera \u00e8 stata acquistata da Fondazione Cariverona e concessa in comodato al museo cittadino.<\/h3>\n<p><strong>BELLUNO<\/strong><\/p><\/blockquote>\n<p><a class=\"dt-pswp-item\" href=\"http:\/\/www.radiopiu.net\/wordpress\/wp-content\/uploads\/2019\/10\/YzSohyEg.jpeg\" data-dt-img-description=\"\" data-large_image_width=\"1401\" data-large_image_height=\"2048\"><img loading=\"lazy\" decoding=\"async\" class=\"alignnone size-medium wp-image-104678\" src=\"http:\/\/www.radiopiu.net\/wordpress\/wp-content\/uploads\/2019\/10\/YzSohyEg-205x300.jpeg\" alt=\"\" width=\"205\" height=\"300\" srcset=\"https:\/\/www.radiopiu.net\/wordpress\/wp-content\/uploads\/2019\/10\/YzSohyEg-205x300.jpeg 205w, https:\/\/www.radiopiu.net\/wordpress\/wp-content\/uploads\/2019\/10\/YzSohyEg-768x1123.jpeg 768w, https:\/\/www.radiopiu.net\/wordpress\/wp-content\/uploads\/2019\/10\/YzSohyEg-701x1024.jpeg 701w, https:\/\/www.radiopiu.net\/wordpress\/wp-content\/uploads\/2019\/10\/YzSohyEg.jpeg 1401w\" sizes=\"auto, (max-width: 205px) 100vw, 205px\" \/><\/a><a class=\"dt-pswp-item\" href=\"http:\/\/www.radiopiu.net\/wordpress\/wp-content\/uploads\/2019\/10\/ezKVhLAg.jpeg\" data-dt-img-description=\"\" data-large_image_width=\"1365\" data-large_image_height=\"2048\"><img loading=\"lazy\" decoding=\"async\" class=\"alignnone size-medium wp-image-104676\" src=\"http:\/\/www.radiopiu.net\/wordpress\/wp-content\/uploads\/2019\/10\/ezKVhLAg-200x300.jpeg\" alt=\"\" width=\"200\" height=\"300\" srcset=\"https:\/\/www.radiopiu.net\/wordpress\/wp-content\/uploads\/2019\/10\/ezKVhLAg-200x300.jpeg 200w, https:\/\/www.radiopiu.net\/wordpress\/wp-content\/uploads\/2019\/10\/ezKVhLAg-768x1152.jpeg 768w, https:\/\/www.radiopiu.net\/wordpress\/wp-content\/uploads\/2019\/10\/ezKVhLAg-683x1024.jpeg 683w, https:\/\/www.radiopiu.net\/wordpress\/wp-content\/uploads\/2019\/10\/ezKVhLAg.jpeg 1365w\" sizes=\"auto, (max-width: 200px) 100vw, 200px\" \/><\/a><a class=\"dt-pswp-item\" href=\"http:\/\/www.radiopiu.net\/wordpress\/wp-content\/uploads\/2019\/10\/FJnixLdg.jpeg\" data-dt-img-description=\"\" data-large_image_width=\"2048\" data-large_image_height=\"1365\"><img loading=\"lazy\" decoding=\"async\" class=\"alignnone wp-image-104677\" src=\"http:\/\/www.radiopiu.net\/wordpress\/wp-content\/uploads\/2019\/10\/FJnixLdg-300x200.jpeg\" alt=\"\" width=\"450\" height=\"300\" srcset=\"https:\/\/www.radiopiu.net\/wordpress\/wp-content\/uploads\/2019\/10\/FJnixLdg-300x200.jpeg 300w, https:\/\/www.radiopiu.net\/wordpress\/wp-content\/uploads\/2019\/10\/FJnixLdg-768x512.jpeg 768w, https:\/\/www.radiopiu.net\/wordpress\/wp-content\/uploads\/2019\/10\/FJnixLdg-1024x683.jpeg 1024w, https:\/\/www.radiopiu.net\/wordpress\/wp-content\/uploads\/2019\/10\/FJnixLdg.jpeg 2048w\" sizes=\"auto, (max-width: 450px) 100vw, 450px\" \/><\/a><\/p>\n<p>&nbsp;<\/p>\n<p>&nbsp;<\/p>\n<p>&nbsp;<\/p>\n<p>&nbsp;<\/p>\n<p>&nbsp;<\/p>\n<h3>AL VIA LA VERIFICA REQUISITI PER GLI AGENTI DI COMMERCIO, A RISCHIO IL POSTO DI LAVORO<\/h3>\n<blockquote><p><em>Nel frattempo il sindacato si prepara al rinnovo delle cariche all&#8217;interno di Enasarco. A Roma il 31 ottobre al tavolo nazionale sieder\u00e0 anche il presidente Franco Roccon, parte dei sedici componenti del direttivo.<\/em><\/p><\/blockquote>\n<p>DALLA RASSEGNA STAMPA FRANCO ROCCON<\/p>\n<audio class=\"wp-audio-shortcode\" id=\"audio-104558-15\" preload=\"none\" style=\"width: 100%;\" controls=\"controls\"><source type=\"audio\/mpeg\" src=\"http:\/\/www.radiopiu.net\/wordpress\/wp-content\/uploads\/2019\/10\/ROCCON.mp3?_=15\" \/><a href=\"http:\/\/www.radiopiu.net\/wordpress\/wp-content\/uploads\/2019\/10\/ROCCON.mp3\">http:\/\/www.radiopiu.net\/wordpress\/wp-content\/uploads\/2019\/10\/ROCCON.mp3<\/a><\/audio>\n<p>&nbsp;<\/p>\n<p><strong><a class=\"dt-pswp-item\" href=\"http:\/\/www.radiopiu.net\/wordpress\/wp-content\/uploads\/2019\/05\/Usarci_assemblea.jpg\" data-dt-img-description=\"\" data-large_image_width=\"1600\" data-large_image_height=\"777\"><img loading=\"lazy\" decoding=\"async\" class=\"alignleft size-medium wp-image-84930\" src=\"http:\/\/www.radiopiu.net\/wordpress\/wp-content\/uploads\/2019\/05\/Usarci_assemblea-300x146.jpg\" alt=\"\" width=\"300\" height=\"146\" srcset=\"https:\/\/www.radiopiu.net\/wordpress\/wp-content\/uploads\/2019\/05\/Usarci_assemblea-300x146.jpg 300w, https:\/\/www.radiopiu.net\/wordpress\/wp-content\/uploads\/2019\/05\/Usarci_assemblea-768x373.jpg 768w, https:\/\/www.radiopiu.net\/wordpress\/wp-content\/uploads\/2019\/05\/Usarci_assemblea-1024x497.jpg 1024w, https:\/\/www.radiopiu.net\/wordpress\/wp-content\/uploads\/2019\/05\/Usarci_assemblea.jpg 1600w\" sizes=\"auto, (max-width: 300px) 100vw, 300px\" \/><\/a>BELLUNO<\/strong> \u00c8 stata avviata la verifica della permanenza dei requisiti da parte delle Camere di Commercio verso la categoria degli agenti e dei rappresentanti di commercio. A volerlo era la Finanziaria 2011 nella parte dedicata alla rivisitazione dei ruoli di una serie di professioni, tra le quali quella di agente. Dopo lungaggini oggi le disposizioni sono in via di applicazione. La procedura per la verifica del possesso dei requisiti interesser\u00e0 le imprese individuali e le societ\u00e0 che svolgono l&#8217;attivit\u00e0 di agente e rappresentante di commercio da pi\u00f9 di 5 anni. Ai soggetti interessati dall&#8217;attivit\u00e0 di revisione verr\u00e0 inviata una apposita comunicazione all&#8217;indirizzo di posta elettronica certificata iscritto al registro imprese. Gli agenti dovranno compilare il modello di autocertificazione completo della documentazione richiesta e trasmetterlo in modalit\u00e0 telematica. La mancata presentazione della pratica nei termini previsti comporter\u00e0 l&#8217;inibizione alla continuazione dell&#8217;attivit\u00e0. Del tutto infondata, quindi, l&#8217;accusa di inutile allarmismo rivolta da Federagenti verso Usarci che, per primo, aveva invitato i professionisti a farsi trovare pronti e a non cadere nel panico. La procedura di verifica \u00e8 gi\u00e0 partita anche a Belluno e sar\u00e0 l\u2019ultima possibilit\u00e0 per adeguare la propria posizione. Per questo l&#8217;Unione Sindacati Agenti e Rappresentanti di Commercio Italiani mette a disposizione la propria sede, anche ai non soci, per assistenza nella preparazione della documentazione necessaria. La sede \u00e8 aperta il mercoled\u00ec e il sabato mattina dalle 9 alle 12.<\/p>\n<p>&nbsp;<\/p>\n<p>&nbsp;<\/p>\n<p>&nbsp;<\/p>\n<h3>UN GRANDE DONO A UN ANNO DA VAIA PER IL SOCCORSO ALPINO<\/h3>\n<p><strong><a class=\"dt-pswp-item\" href=\"http:\/\/www.radiopiu.net\/wordpress\/wp-content\/uploads\/2019\/10\/IMG-20191030-WA0000.jpg\" data-dt-img-description=\"\" data-large_image_width=\"1456\" data-large_image_height=\"664\"><img loading=\"lazy\" decoding=\"async\" class=\"alignleft size-medium wp-image-104562\" src=\"http:\/\/www.radiopiu.net\/wordpress\/wp-content\/uploads\/2019\/10\/IMG-20191030-WA0000-300x137.jpg\" alt=\"\" width=\"300\" height=\"137\" srcset=\"https:\/\/www.radiopiu.net\/wordpress\/wp-content\/uploads\/2019\/10\/IMG-20191030-WA0000-300x137.jpg 300w, https:\/\/www.radiopiu.net\/wordpress\/wp-content\/uploads\/2019\/10\/IMG-20191030-WA0000-768x350.jpg 768w, https:\/\/www.radiopiu.net\/wordpress\/wp-content\/uploads\/2019\/10\/IMG-20191030-WA0000-1024x467.jpg 1024w, https:\/\/www.radiopiu.net\/wordpress\/wp-content\/uploads\/2019\/10\/IMG-20191030-WA0000.jpg 1456w\" sizes=\"auto, (max-width: 300px) 100vw, 300px\" \/><\/a>BELLUNO\u00a0 <\/strong><span class=\"Apple-style-span\">A un anno di distanza dalla tempesta di vento e pioggia che travolse la provincia, il Soccorso alpino Dolomiti Bellunesi ha ricevuto un grande dono, grazie al gesto di solidariet\u00e0 della ditta Carpano. Dopo il passaggio di Vaia, con i soccorritori impegnati a portare aiuto alla popolazione in difficolt\u00e0, i promotori dell&#8217;iniziativa si dissero che ognuno poteva e doveva fare qualcosa: &#8220;Conosciamo e rispettiamo la nostra terra e la nostra gente duramente colpita dall&#8217;alluvione di fine ottobre, per questo abbiamo deciso di dare il nostro contributo ad una associazione sempre presente sul territorio nel momento del bisogno&#8221;. Fino al 31 marzo 2019, la ditta Carpano &#8211;\u00a0<\/span>che ha uno dei propri stabilimenti a Falcade, la Carpano Speck, e dal 1952 produce salumi, carne, yogurt, latticini &#8211;\u00a0<span class=\"Apple-style-span\">ha quindi destinato il 3 per cento di tutti i propri ricavati nella provincia di Belluno a sostegno del Soccorso alpino Dolomiti Bellunesi. Nei giorni scorsi a Moena, sede della Carpanolat, \u00e8 avvenuta la consegna del contributo di 7.900 euro da parte di uno dei titolari, Alessandro Carpano, e del suo collaboratore Davide Fontanive, promotore assieme alla ditta di questo atto generoso che consentir\u00e0 al nostro sodalizio l&#8217;acquisto di materiale tecnico e attrezzature. Presenti a nome dell&#8217;intera associazione il delegato del Soccorso alpino Dolomiti Bellunesi, Alex Barattin, e alcuni rappresentanti delle Stazioni dell&#8217;area Agordina. Da tutti i soccorritori un profondo ringraziamento alla ditta Carpano.<\/span><\/p>\n<p>&nbsp;<\/p>\n<p>&nbsp;<\/p>\n<h3>FALCADE E CANALE RICORDANO\u00a0 CADUTI E DISPERSI<\/h3>\n<p><strong>FALCADE<\/strong> Nella ricorrenza del 4 Novembre Falcade ricorda con commozione e riconoscenza i\u00a0 cittadini caduti in guerra e\u00a0 periti nell\u2019alluvione del 1966. In occasione\u00a0 della festa dell\u2019Unit\u00e0 Nazionale e delle Forze Armate\u00a0 alle 11 la messa\u00a0 presso la Chiesa di Falcade. Al termine della funzione religiosa, verr\u00e0 effettuata la deposizione di una corona di alloro presso il monumento ai caduti e, successivamente, presso le altre lapidi a ricordo. Nel pomeriggio, alle\u00a0 14, si commemorer\u00e0 l\u2019anniversario dell\u2019alluvione del 1966, con la S. Messa presso la Piazza di Somor a ricordo dei nostri concittadini scomparsi a causa di quell\u2019evento. In caso di maltempo la S. Messa sar\u00e0 celebrata presso la Chiesa di Falcade Alto.<\/p>\n<p><strong>CANALE D&#8217;AGORDO<\/strong> Gli iscritti alle associazioni d&#8217;Arma con gagliardetti e cappello e i cittadini sono invitati domenica a tributare il loro onore ai Caduti e dispersi in Guerra. Il Comune di Canale d&#8217;Agordo e l&#8217;associazione nazionale Alpini Gruppo Canale Caviola &#8220;Medaglia d&#8217;oro Emidio Paolin&#8221; sono i promotori dell&#8217;iniziativa: domenica alle 9 la messa nella chiesa parrocchiale, alle 10 la deposizione della corona d&#8217;alloro al Monumento ai Caduti.<\/p>\n<p>&nbsp;<\/p>\n<p>&nbsp;<\/p>\n<p>&nbsp;<\/p>\n<h3>PICCOLI CORSI AIS<\/h3>\n<p><strong>BELLUNO<\/strong> L&#8217;Associazione italiana sommelier di Belluno organizza il format \u201cPiccoli corsi AIS\u201d, strutturato in tre lezioni, presso l\u2019Istituto alberghiero Dolomieu di Longarone il 21, 28 novembre e il 5 dicembre dalle ore 20.00 alle 22.30. Il corso intitolato &#8220;Il vino \u00e8 servito&#8221; \u00e8 rivolto a tutti: sia agli operatori del settore e ai ragazzi dell\u2019istituto che hanno l\u2019opportunit\u00e0 di approfondire e consolidare le loro conoscenze, sia agli appassionati, che vogliono affacciarsi al vasto mondo dell&#8217;enologia in punta di piedi. Il relatore Ivan Del Puppo cercher\u00e0 nei tre incontri di offrire una panoramica sui temi importanti della degustazione e del corretto servizio del vino per valorizzarne al massimo le caratteristiche.\u00a0 Per informazioni ed iscrizioni \u00e8 possibile consultare il portale di AIS Veneto www.asiveneto.it, sfogliando nella sezione corsi.<\/p>\n<p>&nbsp;<\/p>\n<p>&nbsp;<\/p>\n<h3><a class=\"dt-pswp-item\" href=\"http:\/\/www.radiopiu.net\/wordpress\/wp-content\/uploads\/2018\/09\/appuntamenti.jpeg\" data-dt-img-description=\"\" data-large_image_width=\"800\" data-large_image_height=\"100\"><img loading=\"lazy\" decoding=\"async\" class=\"aligncenter wp-image-61958 size-full\" src=\"http:\/\/www.radiopiu.net\/wordpress\/wp-content\/uploads\/2018\/09\/appuntamenti.jpeg\" alt=\"\" width=\"800\" height=\"100\" srcset=\"https:\/\/www.radiopiu.net\/wordpress\/wp-content\/uploads\/2018\/09\/appuntamenti.jpeg 800w, https:\/\/www.radiopiu.net\/wordpress\/wp-content\/uploads\/2018\/09\/appuntamenti-300x38.jpeg 300w, https:\/\/www.radiopiu.net\/wordpress\/wp-content\/uploads\/2018\/09\/appuntamenti-768x96.jpeg 768w\" sizes=\"auto, (max-width: 800px) 100vw, 800px\" \/><\/a><\/h3>\n<h3><\/h3>\n<p><a class=\"dt-pswp-item\" href=\"http:\/\/www.radiopiu.net\/wordpress\/wp-content\/uploads\/2019\/10\/728e83fe-3ba8-43a1-a699-96a6db67d53c.jpg\" data-dt-img-description=\"\" data-large_image_width=\"1144\" data-large_image_height=\"1600\"><img loading=\"lazy\" decoding=\"async\" class=\"alignleft size-medium wp-image-104457\" src=\"http:\/\/www.radiopiu.net\/wordpress\/wp-content\/uploads\/2019\/10\/728e83fe-3ba8-43a1-a699-96a6db67d53c-215x300.jpg\" alt=\"\" width=\"215\" height=\"300\" srcset=\"https:\/\/www.radiopiu.net\/wordpress\/wp-content\/uploads\/2019\/10\/728e83fe-3ba8-43a1-a699-96a6db67d53c-215x300.jpg 215w, https:\/\/www.radiopiu.net\/wordpress\/wp-content\/uploads\/2019\/10\/728e83fe-3ba8-43a1-a699-96a6db67d53c-768x1074.jpg 768w, https:\/\/www.radiopiu.net\/wordpress\/wp-content\/uploads\/2019\/10\/728e83fe-3ba8-43a1-a699-96a6db67d53c-732x1024.jpg 732w, https:\/\/www.radiopiu.net\/wordpress\/wp-content\/uploads\/2019\/10\/728e83fe-3ba8-43a1-a699-96a6db67d53c.jpg 1144w\" sizes=\"auto, (max-width: 215px) 100vw, 215px\" \/><\/a><\/p>\n<p>&nbsp;<\/p>\n<p>&nbsp;<\/p>\n<p>&nbsp;<\/p>\n<h3>Beppe Bergomi ad Agordo con l&#8217;Interclub. Giovedi 14\u00a0 novembre alle 18 in Sala Don Tamis, presentazione del libro &#8220;Bella Zio&#8221; di Andrea Vitali con la partecipazione del redattore Samuele Robbioni<\/h3>\n<p>&nbsp;<\/p>\n<p>&nbsp;<\/p>\n<p>&nbsp;<\/p>\n<p>&nbsp;<\/p>\n<p>&nbsp;<\/p>\n<p>&nbsp;<\/p>\n<h3>DOLCETTO O SCHERZETTO AL PARCO GIOCHI DI CAVIOLA<\/h3>\n<p><strong>FALCADE<\/strong> Festa di Halloween al Parco giochi di Caviola di Mattia De Nardin. E&#8217; in programma STASERA\u00a0 con musica e gadget. Presente il gruppo I Gallio Yttrio, i Macelleria e basta e i Deretan.<\/p>\n<p>&nbsp;<\/p>\n<p>&nbsp;<\/p>\n<p>&nbsp;<\/p>\n<h1>Spettacoli di Mistero a Sospirolo<\/h1>\n<p><strong>di DAMIANO TORMEN<\/strong><\/p>\n<audio class=\"wp-audio-shortcode\" id=\"audio-104558-16\" preload=\"none\" style=\"width: 100%;\" controls=\"controls\"><source type=\"audio\/mpeg\" src=\"http:\/\/www.radiopiu.net\/wordpress\/wp-content\/uploads\/2019\/10\/damiano-sospirolo.mp3?_=16\" \/><a href=\"http:\/\/www.radiopiu.net\/wordpress\/wp-content\/uploads\/2019\/10\/damiano-sospirolo.mp3\">http:\/\/www.radiopiu.net\/wordpress\/wp-content\/uploads\/2019\/10\/damiano-sospirolo.mp3<\/a><\/audio>\n<p>&nbsp;<\/p>\n<p>&nbsp;<\/p>\n<p>&nbsp;<\/p>\n<h3><a class=\"dt-pswp-item\" href=\"http:\/\/www.radiopiu.net\/wordpress\/wp-content\/uploads\/2019\/10\/73497965_2231710633785953_1007899627459969024_n.jpg\" data-dt-img-description=\"\" data-large_image_width=\"679\" data-large_image_height=\"960\"><img loading=\"lazy\" decoding=\"async\" class=\"alignleft wp-image-104560\" src=\"http:\/\/www.radiopiu.net\/wordpress\/wp-content\/uploads\/2019\/10\/73497965_2231710633785953_1007899627459969024_n-212x300.jpg\" alt=\"\" width=\"165\" height=\"233\" srcset=\"https:\/\/www.radiopiu.net\/wordpress\/wp-content\/uploads\/2019\/10\/73497965_2231710633785953_1007899627459969024_n-212x300.jpg 212w, https:\/\/www.radiopiu.net\/wordpress\/wp-content\/uploads\/2019\/10\/73497965_2231710633785953_1007899627459969024_n.jpg 679w\" sizes=\"auto, (max-width: 165px) 100vw, 165px\" \/><\/a>LE LETTERE DI MOZART AL VITTORINO CAZZETTA<\/h3>\n<p><strong>SELVA DI CADORE<\/strong>\u00a0 Oggi Lara Fiori e Gaetano Zagra presenteranno il monologo epistolare di un amore &#8220;Mozart&#8221; al museo Vittorino Cazzetta dalle 20.30 con ingresso libero. Si tratta di una conferenza multimediale dove verranno lette alcune delle lettere che Mozart scrisse all&#8217;amata Constanze. Non mancheranno riferimenti, audio e curiosit\u00e0 riguardanti Lorenzo Da Ponte in occasione dei 270 anni dalla sua nascita. Rispetto alle precedenti serata (compresa quella di Agordo in sala della Biblioteca) ci saranno delle novit\u00e0. Gaetano Zagra ha infatti realizzato\u00a0 anche un film con le voci registrate e immagini, attesa anche la novit\u00e0 dell&#8217;angolo dedicato a\u00a0 Da Ponte,\u00a0 il librettista mozartiano pi\u00f9 famoso di Vittorio Veneto.<\/p>\n<p>&nbsp;<\/p>\n<p>&nbsp;<\/p>\n<p>&nbsp;<\/p>\n<p>&nbsp;<\/p>\n<p>&nbsp;<\/p>\n<p>&nbsp;<\/p>\n<p>&nbsp;<\/p>\n<h3>DOLOMITI UNICHE, UNA SERATA CON DANILO GIORDANO<\/h3>\n<p><strong>AGORDO<\/strong> L&#8217;associazione Amici dei Minerari in collaborazione con L&#8217;Istituto Geotecnico Minerario U. Follador presenta &#8220;incontri culturali, tesori pi\u00f9 o meno nascosti di Dolomiti e dintorni&#8221;. Le particolarit\u00e0 da valorizzare che rendono le Dolomiti uniche e straordinarie. Relatore il professor Danilo Giordano, venerdi 22 novembre alle 20.30 all&#8217;auditorium Antonio Favretti presso l&#8217;Istituto\u00a0 Minerario di via Insurrezione, ingresso libero.<\/p>\n<p>&nbsp;<\/p>\n<p>&nbsp;<\/p>\n<h2><span style=\"color: #ff0000;\">ALLA RADIO<\/span><\/h2>\n<h3><a class=\"dt-pswp-item\" href=\"http:\/\/www.radiopiu.net\/wordpress\/wp-content\/uploads\/2019\/10\/72474083_2444650495858421_3012166044786622464_n.jpg\" data-dt-img-description=\"\" data-large_image_width=\"960\" data-large_image_height=\"540\"><img loading=\"lazy\" decoding=\"async\" class=\"alignleft wp-image-104583\" src=\"http:\/\/www.radiopiu.net\/wordpress\/wp-content\/uploads\/2019\/10\/72474083_2444650495858421_3012166044786622464_n-300x169.jpg\" alt=\"\" width=\"188\" height=\"106\" srcset=\"https:\/\/www.radiopiu.net\/wordpress\/wp-content\/uploads\/2019\/10\/72474083_2444650495858421_3012166044786622464_n-300x169.jpg 300w, https:\/\/www.radiopiu.net\/wordpress\/wp-content\/uploads\/2019\/10\/72474083_2444650495858421_3012166044786622464_n-768x432.jpg 768w, https:\/\/www.radiopiu.net\/wordpress\/wp-content\/uploads\/2019\/10\/72474083_2444650495858421_3012166044786622464_n.jpg 960w\" sizes=\"auto, (max-width: 188px) 100vw, 188px\" \/><\/a>FOCUS SULLA SOSTENIBILITA&#8217; AMBIENTALE IN CANSIGLIO CON LUCA MERCALLI. \u00a0IN CISL\u00a0 LO SPECIALE DI CLAUDIO PRA<\/h3>\n<audio class=\"wp-audio-shortcode\" id=\"audio-104558-17\" preload=\"none\" style=\"width: 100%;\" controls=\"controls\"><source type=\"audio\/mpeg\" src=\"http:\/\/www.radiopiu.net\/wordpress\/wp-content\/uploads\/2019\/10\/mercallliiiii.mp3?_=17\" \/><a href=\"http:\/\/www.radiopiu.net\/wordpress\/wp-content\/uploads\/2019\/10\/mercallliiiii.mp3\">http:\/\/www.radiopiu.net\/wordpress\/wp-content\/uploads\/2019\/10\/mercallliiiii.mp3<\/a><\/audio>\n<p>&nbsp;<\/p>\n<p>&nbsp;<\/p>\n<p>&nbsp;<\/p>\n<h2><span style=\"color: #ff0000;\">IERI ALLA RADIO<\/span><\/h2>\n<p><strong><a class=\"dt-pswp-item\" href=\"http:\/\/www.radiopiu.net\/wordpress\/wp-content\/uploads\/2019\/10\/4fd4daab-464a-4966-911e-53e7814c6138.jpg\" data-dt-img-description=\"\" data-large_image_width=\"1600\" data-large_image_height=\"1200\"><img loading=\"lazy\" decoding=\"async\" class=\"alignleft wp-image-104652\" src=\"http:\/\/www.radiopiu.net\/wordpress\/wp-content\/uploads\/2019\/10\/4fd4daab-464a-4966-911e-53e7814c6138-300x225.jpg\" alt=\"\" width=\"175\" height=\"131\" srcset=\"https:\/\/www.radiopiu.net\/wordpress\/wp-content\/uploads\/2019\/10\/4fd4daab-464a-4966-911e-53e7814c6138-300x225.jpg 300w, https:\/\/www.radiopiu.net\/wordpress\/wp-content\/uploads\/2019\/10\/4fd4daab-464a-4966-911e-53e7814c6138-768x576.jpg 768w, https:\/\/www.radiopiu.net\/wordpress\/wp-content\/uploads\/2019\/10\/4fd4daab-464a-4966-911e-53e7814c6138-1024x768.jpg 1024w, https:\/\/www.radiopiu.net\/wordpress\/wp-content\/uploads\/2019\/10\/4fd4daab-464a-4966-911e-53e7814c6138.jpg 1600w\" sizes=\"auto, (max-width: 175px) 100vw, 175px\" \/><\/a>SPECIALE ARREDAMONT di Claudio Fontanive<\/strong><\/p>\n<p>La nostra visita agli stand di Arredamont, a Longarone fino al 3 novembre, porta la microfono il presidente Gian Angelo Bellati. Di seguito le interviste con alcuni espositori: De Pian salotti, Ivo Fontana Mobili, Dolomites infissi, Buzzatti edilizia e arredobagno.<\/p>\n<p><strong>PARTE 1<\/strong><\/p>\n<audio class=\"wp-audio-shortcode\" id=\"audio-104558-18\" preload=\"none\" style=\"width: 100%;\" controls=\"controls\"><source type=\"audio\/mpeg\" src=\"http:\/\/www.radiopiu.net\/wordpress\/wp-content\/uploads\/2019\/10\/arredamont-interviste-1.mp3?_=18\" \/><a href=\"http:\/\/www.radiopiu.net\/wordpress\/wp-content\/uploads\/2019\/10\/arredamont-interviste-1.mp3\">http:\/\/www.radiopiu.net\/wordpress\/wp-content\/uploads\/2019\/10\/arredamont-interviste-1.mp3<\/a><\/audio>\n<p><strong>PARTE 2<\/strong><\/p>\n<audio class=\"wp-audio-shortcode\" id=\"audio-104558-19\" preload=\"none\" style=\"width: 100%;\" controls=\"controls\"><source type=\"audio\/mpeg\" src=\"http:\/\/www.radiopiu.net\/wordpress\/wp-content\/uploads\/2019\/10\/arredamont-interviste-2.mp3?_=19\" \/><a href=\"http:\/\/www.radiopiu.net\/wordpress\/wp-content\/uploads\/2019\/10\/arredamont-interviste-2.mp3\">http:\/\/www.radiopiu.net\/wordpress\/wp-content\/uploads\/2019\/10\/arredamont-interviste-2.mp3<\/a><\/audio>\n<p>&nbsp;<\/p>\n<p>&nbsp;<\/p>\n<p>&nbsp;<\/p>\n<p>&nbsp;<\/p>\n<p>&nbsp;<\/p>\n<h3><span style=\"color: #ff0000;\">LA LETTERA<\/span><\/h3>\n<p><strong>Franco Piacentini<\/strong><\/p>\n<blockquote><p><em><strong>FELTRE<\/strong> Il libero e democratico voto dei cittadini va sempre rispettato e accettato nel suo risultato, senza piagnistei e senza euforiche esaltazioni. Premesso questo, conoscendo la Regione Umbria anche per le mie marce per la Pace da Perugia Assisi, auspico che (soprattutto) in questa Regione, amata (anche) per il &#8220;Frate della Pace&#8221;, San Francesco, dopo il voto di domenica scorsa, non si verifichino: sterili contrapposizioni tra maggioranza e opposizione; conflitti politici e sociali; odio e razzismo. Umbria e tutte le altre Regioni d&#8217;Italia, hanno grandissima necessit\u00e0 di governabilit\u00e0 responsabile, condivisa e concertata con le forze sociali, sindacali, economiche e con il volontariato e con il terzo settore.<\/em><\/p><\/blockquote>\n<p>&nbsp;<\/p>\n<p>&nbsp;<\/p>\n<blockquote class=\"wp-embedded-content\" data-secret=\"ONhw3q4YKn\"><p><a href=\"http:\/\/www.radiopiu.net\/wordpress\/quel-san-piero-del-1973-che-coinvolse-i-comuni-dellagordino-mai-vista-cosi-tanta-gente-sul-broi-e-nelle-vie-di-agordo\/\">QUEL SAN PIERO DEL 1973 CHE COINVOLSE I COMUNI DELL&#8217;AGORDINO, MAI VISTA COSI&#8217; TANTA GENTE SUL BROI E NELLE VIE DI AGORDO<\/a><\/p><\/blockquote>\n<p><iframe loading=\"lazy\" title=\"&#8220;QUEL SAN PIERO DEL 1973 CHE COINVOLSE I COMUNI DELL&#8217;AGORDINO, MAI VISTA COSI&#8217; TANTA GENTE SUL BROI E NELLE VIE DI AGORDO&#8221; &#8212; Radio Pi\u00f9\" class=\"wp-embedded-content\" sandbox=\"allow-scripts\" security=\"restricted\" style=\"position: absolute; clip: rect(1px, 1px, 1px, 1px);\" src=\"http:\/\/www.radiopiu.net\/wordpress\/quel-san-piero-del-1973-che-coinvolse-i-comuni-dellagordino-mai-vista-cosi-tanta-gente-sul-broi-e-nelle-vie-di-agordo\/embed\/#?secret=ONhw3q4YKn\" data-secret=\"ONhw3q4YKn\" width=\"600\" height=\"338\" frameborder=\"0\" marginwidth=\"0\" marginheight=\"0\" scrolling=\"no\"><\/iframe><\/p>\n<p>&nbsp;<\/p>\n<p>&nbsp;<\/p>\n<p>&nbsp;<\/p>\n<p><strong><a class=\"dt-pswp-item\" href=\"http:\/\/www.radiopiu.net\/wordpress\/wp-content\/uploads\/2018\/09\/viabilita.jpeg\" data-dt-img-description=\"\" data-large_image_width=\"800\" data-large_image_height=\"100\"><img loading=\"lazy\" decoding=\"async\" class=\"wp-image-61954 size-full aligncenter\" src=\"http:\/\/www.radiopiu.net\/wordpress\/wp-content\/uploads\/2018\/09\/viabilita.jpeg\" alt=\"\" width=\"800\" height=\"100\" srcset=\"https:\/\/www.radiopiu.net\/wordpress\/wp-content\/uploads\/2018\/09\/viabilita.jpeg 800w, https:\/\/www.radiopiu.net\/wordpress\/wp-content\/uploads\/2018\/09\/viabilita-300x38.jpeg 300w, https:\/\/www.radiopiu.net\/wordpress\/wp-content\/uploads\/2018\/09\/viabilita-768x96.jpeg 768w\" sizes=\"auto, (max-width: 800px) 100vw, 800px\" \/><\/a><\/strong><\/p>\n<p>&nbsp;<\/p>\n<p><strong>REGIONALE 244 DELLA VAL BADIA\u00a0 <\/strong>fino\u00a0all&#8217;11 novembre compresi sabato, domeniche senso unico alternato in localit\u00e0 Arabba per lavori di messa in sicurezza del tratto stradale.<\/p>\n<p><strong>TAIBON<\/strong> fino\u00a0 al 31 ottobre (esclusi festivi e prefestivi) senso unico alternato con semaforo a Listolade per posa fibre ottiche<\/p>\n<div>\n<p><strong>SELVA DI CADORE<\/strong> fino\u00a0 al 24 ottobre (escluse domeniche e festivi) per permettere i lavori nei diversi cantieri \u00e8 previsto il senso unico alternato con impianto semaforico dal chilometro 1,5 per 250 metri, oltre possibili brevi interruzioni della durata massima di 20 minuti.<\/p>\n<p><strong>PROVINCIALE 347 PASSO DURAN<\/strong>: SENSO UNICO ALTERNATO A PASSO DURAN fino\u00a0 al 5 NOVEMBRE PER MESSA IN SICUREZZA PIANO VIABILE<\/p>\n<\/div>\n<div>\n<p><strong>SAN TOMASO<\/strong> fino\u00a0 all&#8217;11 novembre lungo la provinciale 8 tra Pian Molin e Roi senso unico alternato con semaforo. Esclusi giorni festivi e prefestivi<\/p>\n<p><strong>SP 346 PASSO SAN PELLEGRINO<\/strong>:\u00a0 fino al 6 dicembre senso unico tra Canale d\u2019Agordo e Vallada per esecuzione lavori alla rete acquedottistica;\u00a0 \u00a0fino\u00a0 al 15 novembre senso unico alternato all\u2019inbocco nord della galleria delle Anime, esclusi i giorni festivi e prefestivi.<\/p>\n<p><strong>PROVINCIALE 346 DI PASSO SAN PELLEGRINO<\/strong> dal 21 ottobre all&#8217;8 novembre (sabato e domeniche esclusi) senso unico alternato in Comune di Falcade per posa cavidotti<\/p>\n<\/div>\n<p>&nbsp;<\/p>\n<p>&nbsp;<\/p>\n<p>&nbsp;<\/p>\n<p><a class=\"dt-pswp-item\" href=\"http:\/\/www.radiopiu.net\/wordpress\/wp-content\/uploads\/2018\/09\/sport.jpg\" data-dt-img-description=\"\" data-large_image_width=\"800\" data-large_image_height=\"100\"><img loading=\"lazy\" decoding=\"async\" class=\"aligncenter wp-image-60761 size-full\" src=\"http:\/\/www.radiopiu.net\/wordpress\/wp-content\/uploads\/2018\/09\/sport.jpg\" alt=\"\" width=\"800\" height=\"100\" srcset=\"https:\/\/www.radiopiu.net\/wordpress\/wp-content\/uploads\/2018\/09\/sport.jpg 800w, https:\/\/www.radiopiu.net\/wordpress\/wp-content\/uploads\/2018\/09\/sport-300x38.jpg 300w, https:\/\/www.radiopiu.net\/wordpress\/wp-content\/uploads\/2018\/09\/sport-768x96.jpg 768w\" sizes=\"auto, (max-width: 800px) 100vw, 800px\" \/><\/a><\/p>\n<p>&nbsp;<\/p>\n<blockquote>\n<blockquote><p><span style=\"color: #000000;\"><strong><em>LIBERATE IL GHIACCIO&#8230;.. ARRIVANO LE NUOVE PROMESSE &#8230;.<span style=\"color: #ff0000;\"> 2 E 3 NOVEMBRE IN CAMPO GLI UNDER 10: AD ALLEGHE, STADIO DE TONI CON\u00a0 IL PRIMO ALLEGHE HOCKEY TOURNAMENT&#8230;<\/span> due giorni di incontri, chiosco, cucina e sabato sera festa con Jack&amp;Lallo al Bar dello Stadio&#8230;. <span style=\"color: #ff0000;\">Un evento Alleghe Hockey&#8230; per il futuro dello sport del <\/span><\/em><\/strong><\/span><span style=\"color: #000000;\"><strong><em><span style=\"color: #ff0000;\">ghiaccio nell&#8217;Agordino.\u00a0<\/span><\/em><\/strong><\/span><\/p><\/blockquote>\n<\/blockquote>\n<p>&nbsp;<\/p>\n<p>&nbsp;<\/p>\n<p>&nbsp;<\/p>\n<blockquote><p>&nbsp;<\/p><\/blockquote>\n<p>&nbsp;<\/p>\n<h2>AGORDINA IN CAMPO PER LA COPPA DOLOMITI<\/h2>\n<p><a class=\"dt-pswp-item\" href=\"http:\/\/www.radiopiu.net\/wordpress\/wp-content\/uploads\/2019\/09\/AGORDINA-CALCIO.jpeg\" data-dt-img-description=\"\" data-large_image_width=\"225\" data-large_image_height=\"225\"><img loading=\"lazy\" decoding=\"async\" class=\"size-full wp-image-97575 alignleft\" src=\"http:\/\/www.radiopiu.net\/wordpress\/wp-content\/uploads\/2019\/09\/AGORDINA-CALCIO.jpeg\" alt=\"\" width=\"225\" height=\"225\" srcset=\"https:\/\/www.radiopiu.net\/wordpress\/wp-content\/uploads\/2019\/09\/AGORDINA-CALCIO.jpeg 225w, https:\/\/www.radiopiu.net\/wordpress\/wp-content\/uploads\/2019\/09\/AGORDINA-CALCIO-150x150.jpeg 150w\" sizes=\"auto, (max-width: 225px) 100vw, 225px\" \/><\/a>Si gioca questa sera la terza e ultima partita di qualificazione per la fase finale della Coppa Dolomiti di Terza Categoria. L&#8217;Agordina di Marco Lorenzi pu\u00f2 ancora strappare il pass e per farlo deve vincere stasera contro il Sois. La vittoria per\u00f2 non basta. Gli agordini devono segnare almeno 3 gol e non subirne neanche uno. Il Lentiai, in testa alla classifica con 4 punti, sta a guardare e questa sera attender\u00e0 le notizie che arrivano dall&#8217;Ivano Dorigo di Agordo. Tutto \u00e8 in mano ai ragazzi di Lorenzi che, dopo unno splendido inizio di campionato, vogliono mettere la ciliegina sulla torta approdando alla fase finale del torneo. Calcio d&#8217;inizio alle ore 20:30.<\/p>\n<p>&nbsp;<\/p>\n<p>&nbsp;<\/p>\n<p>&nbsp;<\/p>\n<p>&nbsp;<\/p>\n<p>&nbsp;<\/p>\n<p>&nbsp;<\/p>\n<p>&nbsp;<\/p>\n<p>&nbsp;<\/p>\n<p>&nbsp;<\/p>\n<p>&nbsp;<\/p>\n<blockquote><p>&nbsp;<\/p><\/blockquote>\n<h3>CORSO AVANZATO PER NAVIGATORI DI RALLY, 9 I LICENZIATI<\/h3>\n<p><strong><a class=\"dt-pswp-item\" href=\"http:\/\/www.radiopiu.net\/wordpress\/wp-content\/uploads\/2019\/10\/c8ba8ba1-ac59-457d-b799-3f98318111cf.jpg\" data-dt-img-description=\"\" data-large_image_width=\"1024\" data-large_image_height=\"768\"><img loading=\"lazy\" decoding=\"async\" class=\"alignleft wp-image-104588\" src=\"http:\/\/www.radiopiu.net\/wordpress\/wp-content\/uploads\/2019\/10\/c8ba8ba1-ac59-457d-b799-3f98318111cf-300x225.jpg\" alt=\"\" width=\"196\" height=\"147\" srcset=\"https:\/\/www.radiopiu.net\/wordpress\/wp-content\/uploads\/2019\/10\/c8ba8ba1-ac59-457d-b799-3f98318111cf-300x225.jpg 300w, https:\/\/www.radiopiu.net\/wordpress\/wp-content\/uploads\/2019\/10\/c8ba8ba1-ac59-457d-b799-3f98318111cf-768x576.jpg 768w, https:\/\/www.radiopiu.net\/wordpress\/wp-content\/uploads\/2019\/10\/c8ba8ba1-ac59-457d-b799-3f98318111cf.jpg 1024w\" sizes=\"auto, (max-width: 196px) 100vw, 196px\" \/><\/a>DI ROBERTO BONA<\/strong><\/p>\n<audio class=\"wp-audio-shortcode\" id=\"audio-104558-20\" preload=\"none\" style=\"width: 100%;\" controls=\"controls\"><source type=\"audio\/mpeg\" src=\"http:\/\/www.radiopiu.net\/wordpress\/wp-content\/uploads\/2019\/10\/ROBERTO-BONA-1.mp3?_=20\" \/><a href=\"http:\/\/www.radiopiu.net\/wordpress\/wp-content\/uploads\/2019\/10\/ROBERTO-BONA-1.mp3\">http:\/\/www.radiopiu.net\/wordpress\/wp-content\/uploads\/2019\/10\/ROBERTO-BONA-1.mp3<\/a><\/audio>\n<p>&nbsp;<\/p>\n<p><a class=\"dt-pswp-item\" href=\"http:\/\/www.radiopiu.net\/wordpress\/wp-content\/uploads\/2019\/10\/e73170ee-9177-47ae-b2ec-ca2686464781.jpg\" data-dt-img-description=\"\" data-large_image_width=\"1024\" data-large_image_height=\"768\"><img loading=\"lazy\" decoding=\"async\" class=\"alignleft wp-image-104589 size-large\" src=\"http:\/\/www.radiopiu.net\/wordpress\/wp-content\/uploads\/2019\/10\/e73170ee-9177-47ae-b2ec-ca2686464781-1024x768.jpg\" alt=\"\" width=\"1024\" height=\"768\" srcset=\"https:\/\/www.radiopiu.net\/wordpress\/wp-content\/uploads\/2019\/10\/e73170ee-9177-47ae-b2ec-ca2686464781.jpg 1024w, https:\/\/www.radiopiu.net\/wordpress\/wp-content\/uploads\/2019\/10\/e73170ee-9177-47ae-b2ec-ca2686464781-300x225.jpg 300w, https:\/\/www.radiopiu.net\/wordpress\/wp-content\/uploads\/2019\/10\/e73170ee-9177-47ae-b2ec-ca2686464781-768x576.jpg 768w\" sizes=\"auto, (max-width: 1024px) 100vw, 1024px\" \/><\/a><\/p>\n<p>&nbsp;<\/p>\n<p>&nbsp;<\/p>\n<p>&nbsp;<\/p>\n<p>&nbsp;<\/p>\n<p>&nbsp;<\/p>\n<p>&nbsp;<\/p>\n<p>&nbsp;<\/p>\n<p>&nbsp;<\/p>\n<p>&nbsp;<\/p>\n<p>&nbsp;<\/p>\n<p>&nbsp;<\/p>\n<p>&nbsp;<\/p>\n<p>&nbsp;<\/p>\n<p>&nbsp;<\/p>\n<p>&nbsp;<\/p>\n<p>&nbsp;<\/p>\n<p>&nbsp;<\/p>\n<p>&nbsp;<\/p>\n<p>&nbsp;<\/p>\n<p>&nbsp;<\/p>\n<p>&nbsp;<\/p>\n<p>&nbsp;<\/p>\n<p>&nbsp;<\/p>\n<p>&nbsp;<\/p>\n<p>&nbsp;<\/p>\n<p>&nbsp;<\/p>\n<p>&nbsp;<\/p>\n<p>&nbsp;<\/p>\n<blockquote><p>&nbsp;<\/p><\/blockquote>\n<p>&nbsp;<\/p>\n<h2>GIOVANILI IN FESTA SUL NUOVO SINTETICO DI SEDICO<\/h2>\n<p>Nel pomeriggio di domenica scorsa, il nuovo campo sintetico di Sedico \u00e8 stato protagonista di un pomeriggio di festa dedicata alle categorie giovanili del San Giorgio Sedico. Il settore giovanile, in occasione della partita tra San Giorgio e San Martino Colle valida per la categoria Eccellenza, ha sfilato sul nuovo sintetico inaugurato qualche settimana fa. Non solo le giovanili del San Giorgio in campo ma anche una delegazione di pulcini del Fiori Barp Mas per rappresentare la buona collaborazione tra le due societ\u00e0. Un mare di bambini per accompagnare in campo le due squadre che domenica si scontravano sul sempre verde prato del Ricolt.<\/p>\n<p><strong>LA FOTOGALLERY DEL POMERIGGIO<\/strong><\/p>\n\n\t\t\t<style type='text\/css'>\n\t\t\t\t#gallery-1 {\n\t\t\t\t\tmargin: auto;\n\t\t\t\t}\n\t\t\t\t#gallery-1 .gallery-item {\n\t\t\t\t\tfloat: left;\n\t\t\t\t\tmargin-top: 10px;\n\t\t\t\t\ttext-align: center;\n\t\t\t\t\twidth: 33%;\n\t\t\t\t}\n\t\t\t\t#gallery-1 img {\n\t\t\t\t\tborder: 2px solid #cfcfcf;\n\t\t\t\t}\n\t\t\t\t#gallery-1 .gallery-caption {\n\t\t\t\t\tmargin-left: 0;\n\t\t\t\t}\n\t\t\t\t\/* see gallery_shortcode() in wp-includes\/media.php *\/\n\t\t\t<\/style>\n\t\t<div id='gallery-1' class='dt-gallery-container gallery galleryid-104558 gallery-columns-3 gallery-size-medium'><dl class='gallery-item'>\n\t\t\t\t<dt class='gallery-icon landscape'>\n\t\t\t\t\t<a class=\"rollover\" href='https:\/\/www.radiopiu.net\/wordpress\/giovanili-in-festa-sul-nuovo-sintetico-di-sedico\/foto-campo-sedico-01\/'><img loading=\"lazy\" decoding=\"async\" width=\"300\" height=\"165\" src=\"https:\/\/www.radiopiu.net\/wordpress\/wp-content\/uploads\/2019\/10\/FOTO-CAMPO-SEDICO-01-300x165.jpg\" class=\"attachment-medium size-medium\" alt=\"\" srcset=\"https:\/\/www.radiopiu.net\/wordpress\/wp-content\/uploads\/2019\/10\/FOTO-CAMPO-SEDICO-01-300x165.jpg 300w, https:\/\/www.radiopiu.net\/wordpress\/wp-content\/uploads\/2019\/10\/FOTO-CAMPO-SEDICO-01-768x422.jpg 768w, https:\/\/www.radiopiu.net\/wordpress\/wp-content\/uploads\/2019\/10\/FOTO-CAMPO-SEDICO-01-1024x563.jpg 1024w, https:\/\/www.radiopiu.net\/wordpress\/wp-content\/uploads\/2019\/10\/FOTO-CAMPO-SEDICO-01.jpg 1600w\" sizes=\"auto, (max-width: 300px) 100vw, 300px\" \/><\/a>\n\t\t\t\t<\/dt><\/dl><dl class='gallery-item'>\n\t\t\t\t<dt class='gallery-icon landscape'>\n\t\t\t\t\t<a class=\"rollover\" href='https:\/\/www.radiopiu.net\/wordpress\/giovanili-in-festa-sul-nuovo-sintetico-di-sedico\/foto-campo-sedico-02\/'><img loading=\"lazy\" decoding=\"async\" width=\"300\" height=\"225\" src=\"https:\/\/www.radiopiu.net\/wordpress\/wp-content\/uploads\/2019\/10\/FOTO-CAMPO-SEDICO-02-300x225.jpg\" class=\"attachment-medium size-medium\" alt=\"\" srcset=\"https:\/\/www.radiopiu.net\/wordpress\/wp-content\/uploads\/2019\/10\/FOTO-CAMPO-SEDICO-02-300x225.jpg 300w, https:\/\/www.radiopiu.net\/wordpress\/wp-content\/uploads\/2019\/10\/FOTO-CAMPO-SEDICO-02-768x576.jpg 768w, https:\/\/www.radiopiu.net\/wordpress\/wp-content\/uploads\/2019\/10\/FOTO-CAMPO-SEDICO-02-1024x768.jpg 1024w, https:\/\/www.radiopiu.net\/wordpress\/wp-content\/uploads\/2019\/10\/FOTO-CAMPO-SEDICO-02.jpg 1296w\" sizes=\"auto, (max-width: 300px) 100vw, 300px\" \/><\/a>\n\t\t\t\t<\/dt><\/dl><dl class='gallery-item'>\n\t\t\t\t<dt class='gallery-icon landscape'>\n\t\t\t\t\t<a class=\"rollover\" href='https:\/\/www.radiopiu.net\/wordpress\/giovanili-in-festa-sul-nuovo-sintetico-di-sedico\/foto-campo-sedico-03\/'><img loading=\"lazy\" decoding=\"async\" width=\"300\" height=\"225\" src=\"https:\/\/www.radiopiu.net\/wordpress\/wp-content\/uploads\/2019\/10\/FOTO-CAMPO-SEDICO-03-300x225.jpg\" class=\"attachment-medium size-medium\" alt=\"\" srcset=\"https:\/\/www.radiopiu.net\/wordpress\/wp-content\/uploads\/2019\/10\/FOTO-CAMPO-SEDICO-03-300x225.jpg 300w, https:\/\/www.radiopiu.net\/wordpress\/wp-content\/uploads\/2019\/10\/FOTO-CAMPO-SEDICO-03-768x576.jpg 768w, https:\/\/www.radiopiu.net\/wordpress\/wp-content\/uploads\/2019\/10\/FOTO-CAMPO-SEDICO-03-1024x768.jpg 1024w, https:\/\/www.radiopiu.net\/wordpress\/wp-content\/uploads\/2019\/10\/FOTO-CAMPO-SEDICO-03.jpg 1296w\" sizes=\"auto, (max-width: 300px) 100vw, 300px\" \/><\/a>\n\t\t\t\t<\/dt><\/dl><br style=\"clear: both\" \/><dl class='gallery-item'>\n\t\t\t\t<dt class='gallery-icon landscape'>\n\t\t\t\t\t<a class=\"rollover\" href='https:\/\/www.radiopiu.net\/wordpress\/giovanili-in-festa-sul-nuovo-sintetico-di-sedico\/foto-campo-sedico-04\/'><img loading=\"lazy\" decoding=\"async\" width=\"300\" height=\"225\" src=\"https:\/\/www.radiopiu.net\/wordpress\/wp-content\/uploads\/2019\/10\/FOTO-CAMPO-SEDICO-04-300x225.jpg\" class=\"attachment-medium size-medium\" alt=\"\" srcset=\"https:\/\/www.radiopiu.net\/wordpress\/wp-content\/uploads\/2019\/10\/FOTO-CAMPO-SEDICO-04-300x225.jpg 300w, https:\/\/www.radiopiu.net\/wordpress\/wp-content\/uploads\/2019\/10\/FOTO-CAMPO-SEDICO-04-768x576.jpg 768w, https:\/\/www.radiopiu.net\/wordpress\/wp-content\/uploads\/2019\/10\/FOTO-CAMPO-SEDICO-04-1024x768.jpg 1024w, https:\/\/www.radiopiu.net\/wordpress\/wp-content\/uploads\/2019\/10\/FOTO-CAMPO-SEDICO-04.jpg 1296w\" sizes=\"auto, (max-width: 300px) 100vw, 300px\" \/><\/a>\n\t\t\t\t<\/dt><\/dl><dl class='gallery-item'>\n\t\t\t\t<dt class='gallery-icon landscape'>\n\t\t\t\t\t<a class=\"rollover\" href='https:\/\/www.radiopiu.net\/wordpress\/giovanili-in-festa-sul-nuovo-sintetico-di-sedico\/foto-campo-sedico-05\/'><img loading=\"lazy\" decoding=\"async\" width=\"300\" height=\"225\" src=\"https:\/\/www.radiopiu.net\/wordpress\/wp-content\/uploads\/2019\/10\/FOTO-CAMPO-SEDICO-05-300x225.jpg\" class=\"attachment-medium size-medium\" alt=\"\" srcset=\"https:\/\/www.radiopiu.net\/wordpress\/wp-content\/uploads\/2019\/10\/FOTO-CAMPO-SEDICO-05-300x225.jpg 300w, https:\/\/www.radiopiu.net\/wordpress\/wp-content\/uploads\/2019\/10\/FOTO-CAMPO-SEDICO-05-768x576.jpg 768w, https:\/\/www.radiopiu.net\/wordpress\/wp-content\/uploads\/2019\/10\/FOTO-CAMPO-SEDICO-05-1024x768.jpg 1024w, https:\/\/www.radiopiu.net\/wordpress\/wp-content\/uploads\/2019\/10\/FOTO-CAMPO-SEDICO-05.jpg 1296w\" sizes=\"auto, (max-width: 300px) 100vw, 300px\" \/><\/a>\n\t\t\t\t<\/dt><\/dl><dl class='gallery-item'>\n\t\t\t\t<dt class='gallery-icon landscape'>\n\t\t\t\t\t<a class=\"rollover\" href='https:\/\/www.radiopiu.net\/wordpress\/giovanili-in-festa-sul-nuovo-sintetico-di-sedico\/foto-campo-sedico-06\/'><img loading=\"lazy\" decoding=\"async\" width=\"300\" height=\"225\" src=\"https:\/\/www.radiopiu.net\/wordpress\/wp-content\/uploads\/2019\/10\/FOTO-CAMPO-SEDICO-06-300x225.jpg\" class=\"attachment-medium size-medium\" alt=\"\" srcset=\"https:\/\/www.radiopiu.net\/wordpress\/wp-content\/uploads\/2019\/10\/FOTO-CAMPO-SEDICO-06-300x225.jpg 300w, https:\/\/www.radiopiu.net\/wordpress\/wp-content\/uploads\/2019\/10\/FOTO-CAMPO-SEDICO-06-768x576.jpg 768w, https:\/\/www.radiopiu.net\/wordpress\/wp-content\/uploads\/2019\/10\/FOTO-CAMPO-SEDICO-06-1024x768.jpg 1024w, https:\/\/www.radiopiu.net\/wordpress\/wp-content\/uploads\/2019\/10\/FOTO-CAMPO-SEDICO-06.jpg 1296w\" sizes=\"auto, (max-width: 300px) 100vw, 300px\" \/><\/a>\n\t\t\t\t<\/dt><\/dl><br style=\"clear: both\" \/><dl class='gallery-item'>\n\t\t\t\t<dt class='gallery-icon landscape'>\n\t\t\t\t\t<a class=\"rollover\" href='https:\/\/www.radiopiu.net\/wordpress\/giovanili-in-festa-sul-nuovo-sintetico-di-sedico\/foto-campo-sedico-07\/'><img loading=\"lazy\" decoding=\"async\" width=\"300\" height=\"150\" src=\"https:\/\/www.radiopiu.net\/wordpress\/wp-content\/uploads\/2019\/10\/FOTO-CAMPO-SEDICO-07-300x150.jpg\" class=\"attachment-medium size-medium\" alt=\"\" srcset=\"https:\/\/www.radiopiu.net\/wordpress\/wp-content\/uploads\/2019\/10\/FOTO-CAMPO-SEDICO-07-300x150.jpg 300w, https:\/\/www.radiopiu.net\/wordpress\/wp-content\/uploads\/2019\/10\/FOTO-CAMPO-SEDICO-07-768x384.jpg 768w, https:\/\/www.radiopiu.net\/wordpress\/wp-content\/uploads\/2019\/10\/FOTO-CAMPO-SEDICO-07-1024x513.jpg 1024w, https:\/\/www.radiopiu.net\/wordpress\/wp-content\/uploads\/2019\/10\/FOTO-CAMPO-SEDICO-07.jpg 1600w\" sizes=\"auto, (max-width: 300px) 100vw, 300px\" \/><\/a>\n\t\t\t\t<\/dt><\/dl><dl class='gallery-item'>\n\t\t\t\t<dt class='gallery-icon landscape'>\n\t\t\t\t\t<a class=\"rollover\" href='https:\/\/www.radiopiu.net\/wordpress\/giovanili-in-festa-sul-nuovo-sintetico-di-sedico\/foto-campo-sedico-08\/'><img loading=\"lazy\" decoding=\"async\" width=\"300\" height=\"225\" src=\"https:\/\/www.radiopiu.net\/wordpress\/wp-content\/uploads\/2019\/10\/FOTO-CAMPO-SEDICO-08-300x225.jpg\" class=\"attachment-medium size-medium\" alt=\"\" srcset=\"https:\/\/www.radiopiu.net\/wordpress\/wp-content\/uploads\/2019\/10\/FOTO-CAMPO-SEDICO-08-300x225.jpg 300w, https:\/\/www.radiopiu.net\/wordpress\/wp-content\/uploads\/2019\/10\/FOTO-CAMPO-SEDICO-08-768x576.jpg 768w, https:\/\/www.radiopiu.net\/wordpress\/wp-content\/uploads\/2019\/10\/FOTO-CAMPO-SEDICO-08-1024x768.jpg 1024w, https:\/\/www.radiopiu.net\/wordpress\/wp-content\/uploads\/2019\/10\/FOTO-CAMPO-SEDICO-08.jpg 1296w\" sizes=\"auto, (max-width: 300px) 100vw, 300px\" \/><\/a>\n\t\t\t\t<\/dt><\/dl><dl class='gallery-item'>\n\t\t\t\t<dt class='gallery-icon landscape'>\n\t\t\t\t\t<a class=\"rollover\" href='https:\/\/www.radiopiu.net\/wordpress\/giovanili-in-festa-sul-nuovo-sintetico-di-sedico\/foto-campo-sedico-09\/'><img loading=\"lazy\" decoding=\"async\" width=\"300\" height=\"225\" src=\"https:\/\/www.radiopiu.net\/wordpress\/wp-content\/uploads\/2019\/10\/FOTO-CAMPO-SEDICO-09-300x225.jpg\" class=\"attachment-medium size-medium\" alt=\"\" srcset=\"https:\/\/www.radiopiu.net\/wordpress\/wp-content\/uploads\/2019\/10\/FOTO-CAMPO-SEDICO-09-300x225.jpg 300w, https:\/\/www.radiopiu.net\/wordpress\/wp-content\/uploads\/2019\/10\/FOTO-CAMPO-SEDICO-09-768x576.jpg 768w, https:\/\/www.radiopiu.net\/wordpress\/wp-content\/uploads\/2019\/10\/FOTO-CAMPO-SEDICO-09-1024x768.jpg 1024w, https:\/\/www.radiopiu.net\/wordpress\/wp-content\/uploads\/2019\/10\/FOTO-CAMPO-SEDICO-09.jpg 1296w\" sizes=\"auto, (max-width: 300px) 100vw, 300px\" \/><\/a>\n\t\t\t\t<\/dt><\/dl><br style=\"clear: both\" \/><dl class='gallery-item'>\n\t\t\t\t<dt class='gallery-icon landscape'>\n\t\t\t\t\t<a class=\"rollover\" href='https:\/\/www.radiopiu.net\/wordpress\/giovanili-in-festa-sul-nuovo-sintetico-di-sedico\/foto-campo-sedico-10\/'><img loading=\"lazy\" decoding=\"async\" width=\"300\" height=\"225\" src=\"https:\/\/www.radiopiu.net\/wordpress\/wp-content\/uploads\/2019\/10\/FOTO-CAMPO-SEDICO-10-300x225.jpg\" class=\"attachment-medium size-medium\" alt=\"\" srcset=\"https:\/\/www.radiopiu.net\/wordpress\/wp-content\/uploads\/2019\/10\/FOTO-CAMPO-SEDICO-10-300x225.jpg 300w, https:\/\/www.radiopiu.net\/wordpress\/wp-content\/uploads\/2019\/10\/FOTO-CAMPO-SEDICO-10-768x576.jpg 768w, https:\/\/www.radiopiu.net\/wordpress\/wp-content\/uploads\/2019\/10\/FOTO-CAMPO-SEDICO-10-1024x768.jpg 1024w, https:\/\/www.radiopiu.net\/wordpress\/wp-content\/uploads\/2019\/10\/FOTO-CAMPO-SEDICO-10.jpg 1296w\" sizes=\"auto, (max-width: 300px) 100vw, 300px\" \/><\/a>\n\t\t\t\t<\/dt><\/dl><dl class='gallery-item'>\n\t\t\t\t<dt class='gallery-icon landscape'>\n\t\t\t\t\t<a class=\"rollover\" href='https:\/\/www.radiopiu.net\/wordpress\/giovanili-in-festa-sul-nuovo-sintetico-di-sedico\/foto-campo-sedico-11\/'><img loading=\"lazy\" decoding=\"async\" width=\"300\" height=\"225\" src=\"https:\/\/www.radiopiu.net\/wordpress\/wp-content\/uploads\/2019\/10\/FOTO-CAMPO-SEDICO-11-300x225.jpg\" class=\"attachment-medium size-medium\" alt=\"\" srcset=\"https:\/\/www.radiopiu.net\/wordpress\/wp-content\/uploads\/2019\/10\/FOTO-CAMPO-SEDICO-11-300x225.jpg 300w, https:\/\/www.radiopiu.net\/wordpress\/wp-content\/uploads\/2019\/10\/FOTO-CAMPO-SEDICO-11-768x576.jpg 768w, https:\/\/www.radiopiu.net\/wordpress\/wp-content\/uploads\/2019\/10\/FOTO-CAMPO-SEDICO-11-1024x768.jpg 1024w, https:\/\/www.radiopiu.net\/wordpress\/wp-content\/uploads\/2019\/10\/FOTO-CAMPO-SEDICO-11.jpg 1296w\" sizes=\"auto, (max-width: 300px) 100vw, 300px\" \/><\/a>\n\t\t\t\t<\/dt><\/dl><dl class='gallery-item'>\n\t\t\t\t<dt class='gallery-icon portrait'>\n\t\t\t\t\t<a class=\"rollover\" href='https:\/\/www.radiopiu.net\/wordpress\/giovanili-in-festa-sul-nuovo-sintetico-di-sedico\/foto-campo-sedico-12\/'><img loading=\"lazy\" decoding=\"async\" width=\"225\" height=\"300\" src=\"https:\/\/www.radiopiu.net\/wordpress\/wp-content\/uploads\/2019\/10\/FOTO-CAMPO-SEDICO-12-225x300.jpg\" class=\"attachment-medium size-medium\" alt=\"\" srcset=\"https:\/\/www.radiopiu.net\/wordpress\/wp-content\/uploads\/2019\/10\/FOTO-CAMPO-SEDICO-12-225x300.jpg 225w, https:\/\/www.radiopiu.net\/wordpress\/wp-content\/uploads\/2019\/10\/FOTO-CAMPO-SEDICO-12-768x1024.jpg 768w, https:\/\/www.radiopiu.net\/wordpress\/wp-content\/uploads\/2019\/10\/FOTO-CAMPO-SEDICO-12.jpg 972w\" sizes=\"auto, (max-width: 225px) 100vw, 225px\" \/><\/a>\n\t\t\t\t<\/dt><\/dl><br style=\"clear: both\" \/><dl class='gallery-item'>\n\t\t\t\t<dt class='gallery-icon landscape'>\n\t\t\t\t\t<a class=\"rollover\" href='https:\/\/www.radiopiu.net\/wordpress\/giovanili-in-festa-sul-nuovo-sintetico-di-sedico\/foto-campo-sedico-13\/'><img loading=\"lazy\" decoding=\"async\" width=\"300\" height=\"225\" src=\"https:\/\/www.radiopiu.net\/wordpress\/wp-content\/uploads\/2019\/10\/FOTO-CAMPO-SEDICO-13-300x225.jpg\" class=\"attachment-medium size-medium\" alt=\"\" srcset=\"https:\/\/www.radiopiu.net\/wordpress\/wp-content\/uploads\/2019\/10\/FOTO-CAMPO-SEDICO-13-300x225.jpg 300w, https:\/\/www.radiopiu.net\/wordpress\/wp-content\/uploads\/2019\/10\/FOTO-CAMPO-SEDICO-13-768x576.jpg 768w, https:\/\/www.radiopiu.net\/wordpress\/wp-content\/uploads\/2019\/10\/FOTO-CAMPO-SEDICO-13-1024x768.jpg 1024w, https:\/\/www.radiopiu.net\/wordpress\/wp-content\/uploads\/2019\/10\/FOTO-CAMPO-SEDICO-13.jpg 1296w\" sizes=\"auto, (max-width: 300px) 100vw, 300px\" \/><\/a>\n\t\t\t\t<\/dt><\/dl><dl class='gallery-item'>\n\t\t\t\t<dt class='gallery-icon landscape'>\n\t\t\t\t\t<a class=\"rollover\" href='https:\/\/www.radiopiu.net\/wordpress\/giovanili-in-festa-sul-nuovo-sintetico-di-sedico\/foto-campo-sedico-14\/'><img loading=\"lazy\" decoding=\"async\" width=\"300\" height=\"225\" src=\"https:\/\/www.radiopiu.net\/wordpress\/wp-content\/uploads\/2019\/10\/FOTO-CAMPO-SEDICO-14-300x225.jpg\" class=\"attachment-medium size-medium\" alt=\"\" srcset=\"https:\/\/www.radiopiu.net\/wordpress\/wp-content\/uploads\/2019\/10\/FOTO-CAMPO-SEDICO-14-300x225.jpg 300w, https:\/\/www.radiopiu.net\/wordpress\/wp-content\/uploads\/2019\/10\/FOTO-CAMPO-SEDICO-14-768x576.jpg 768w, https:\/\/www.radiopiu.net\/wordpress\/wp-content\/uploads\/2019\/10\/FOTO-CAMPO-SEDICO-14-1024x768.jpg 1024w, https:\/\/www.radiopiu.net\/wordpress\/wp-content\/uploads\/2019\/10\/FOTO-CAMPO-SEDICO-14.jpg 1296w\" sizes=\"auto, (max-width: 300px) 100vw, 300px\" \/><\/a>\n\t\t\t\t<\/dt><\/dl><dl class='gallery-item'>\n\t\t\t\t<dt class='gallery-icon landscape'>\n\t\t\t\t\t<a class=\"rollover\" href='https:\/\/www.radiopiu.net\/wordpress\/giovanili-in-festa-sul-nuovo-sintetico-di-sedico\/foto-campo-sedico-15\/'><img loading=\"lazy\" decoding=\"async\" width=\"300\" height=\"225\" src=\"https:\/\/www.radiopiu.net\/wordpress\/wp-content\/uploads\/2019\/10\/FOTO-CAMPO-SEDICO-15-300x225.jpg\" class=\"attachment-medium size-medium\" alt=\"\" srcset=\"https:\/\/www.radiopiu.net\/wordpress\/wp-content\/uploads\/2019\/10\/FOTO-CAMPO-SEDICO-15-300x225.jpg 300w, https:\/\/www.radiopiu.net\/wordpress\/wp-content\/uploads\/2019\/10\/FOTO-CAMPO-SEDICO-15-768x576.jpg 768w, https:\/\/www.radiopiu.net\/wordpress\/wp-content\/uploads\/2019\/10\/FOTO-CAMPO-SEDICO-15-1024x768.jpg 1024w, https:\/\/www.radiopiu.net\/wordpress\/wp-content\/uploads\/2019\/10\/FOTO-CAMPO-SEDICO-15.jpg 1296w\" sizes=\"auto, (max-width: 300px) 100vw, 300px\" \/><\/a>\n\t\t\t\t<\/dt><\/dl><br style=\"clear: both\" \/><dl class='gallery-item'>\n\t\t\t\t<dt class='gallery-icon landscape'>\n\t\t\t\t\t<a class=\"rollover\" href='https:\/\/www.radiopiu.net\/wordpress\/giovanili-in-festa-sul-nuovo-sintetico-di-sedico\/foto-campo-sedico-16\/'><img loading=\"lazy\" decoding=\"async\" width=\"300\" height=\"225\" src=\"https:\/\/www.radiopiu.net\/wordpress\/wp-content\/uploads\/2019\/10\/FOTO-CAMPO-SEDICO-16-300x225.jpg\" class=\"attachment-medium size-medium\" alt=\"\" srcset=\"https:\/\/www.radiopiu.net\/wordpress\/wp-content\/uploads\/2019\/10\/FOTO-CAMPO-SEDICO-16-300x225.jpg 300w, https:\/\/www.radiopiu.net\/wordpress\/wp-content\/uploads\/2019\/10\/FOTO-CAMPO-SEDICO-16-768x576.jpg 768w, https:\/\/www.radiopiu.net\/wordpress\/wp-content\/uploads\/2019\/10\/FOTO-CAMPO-SEDICO-16-1024x768.jpg 1024w, https:\/\/www.radiopiu.net\/wordpress\/wp-content\/uploads\/2019\/10\/FOTO-CAMPO-SEDICO-16.jpg 1296w\" sizes=\"auto, (max-width: 300px) 100vw, 300px\" \/><\/a>\n\t\t\t\t<\/dt><\/dl><dl class='gallery-item'>\n\t\t\t\t<dt class='gallery-icon landscape'>\n\t\t\t\t\t<a class=\"rollover\" href='https:\/\/www.radiopiu.net\/wordpress\/giovanili-in-festa-sul-nuovo-sintetico-di-sedico\/foto-campo-sedico-17\/'><img loading=\"lazy\" decoding=\"async\" width=\"300\" height=\"225\" src=\"https:\/\/www.radiopiu.net\/wordpress\/wp-content\/uploads\/2019\/10\/FOTO-CAMPO-SEDICO-17-300x225.jpg\" class=\"attachment-medium size-medium\" alt=\"\" srcset=\"https:\/\/www.radiopiu.net\/wordpress\/wp-content\/uploads\/2019\/10\/FOTO-CAMPO-SEDICO-17-300x225.jpg 300w, https:\/\/www.radiopiu.net\/wordpress\/wp-content\/uploads\/2019\/10\/FOTO-CAMPO-SEDICO-17-768x576.jpg 768w, https:\/\/www.radiopiu.net\/wordpress\/wp-content\/uploads\/2019\/10\/FOTO-CAMPO-SEDICO-17-1024x768.jpg 1024w, https:\/\/www.radiopiu.net\/wordpress\/wp-content\/uploads\/2019\/10\/FOTO-CAMPO-SEDICO-17.jpg 1296w\" sizes=\"auto, (max-width: 300px) 100vw, 300px\" \/><\/a>\n\t\t\t\t<\/dt><\/dl><dl class='gallery-item'>\n\t\t\t\t<dt class='gallery-icon landscape'>\n\t\t\t\t\t<a class=\"rollover\" href='https:\/\/www.radiopiu.net\/wordpress\/giovanili-in-festa-sul-nuovo-sintetico-di-sedico\/foto-campo-sedico-18\/'><img loading=\"lazy\" decoding=\"async\" width=\"300\" height=\"225\" src=\"https:\/\/www.radiopiu.net\/wordpress\/wp-content\/uploads\/2019\/10\/FOTO-CAMPO-SEDICO-18-300x225.jpg\" class=\"attachment-medium size-medium\" alt=\"\" srcset=\"https:\/\/www.radiopiu.net\/wordpress\/wp-content\/uploads\/2019\/10\/FOTO-CAMPO-SEDICO-18-300x225.jpg 300w, https:\/\/www.radiopiu.net\/wordpress\/wp-content\/uploads\/2019\/10\/FOTO-CAMPO-SEDICO-18-768x576.jpg 768w, https:\/\/www.radiopiu.net\/wordpress\/wp-content\/uploads\/2019\/10\/FOTO-CAMPO-SEDICO-18-1024x768.jpg 1024w, https:\/\/www.radiopiu.net\/wordpress\/wp-content\/uploads\/2019\/10\/FOTO-CAMPO-SEDICO-18.jpg 1296w\" sizes=\"auto, (max-width: 300px) 100vw, 300px\" \/><\/a>\n\t\t\t\t<\/dt><\/dl><br style=\"clear: both\" \/><dl class='gallery-item'>\n\t\t\t\t<dt class='gallery-icon portrait'>\n\t\t\t\t\t<a class=\"rollover\" href='https:\/\/www.radiopiu.net\/wordpress\/giovanili-in-festa-sul-nuovo-sintetico-di-sedico\/foto-campo-sedico-19\/'><img loading=\"lazy\" decoding=\"async\" width=\"225\" height=\"300\" src=\"https:\/\/www.radiopiu.net\/wordpress\/wp-content\/uploads\/2019\/10\/FOTO-CAMPO-SEDICO-19-225x300.jpg\" class=\"attachment-medium size-medium\" alt=\"\" srcset=\"https:\/\/www.radiopiu.net\/wordpress\/wp-content\/uploads\/2019\/10\/FOTO-CAMPO-SEDICO-19-225x300.jpg 225w, https:\/\/www.radiopiu.net\/wordpress\/wp-content\/uploads\/2019\/10\/FOTO-CAMPO-SEDICO-19-768x1024.jpg 768w, https:\/\/www.radiopiu.net\/wordpress\/wp-content\/uploads\/2019\/10\/FOTO-CAMPO-SEDICO-19.jpg 972w\" sizes=\"auto, (max-width: 225px) 100vw, 225px\" \/><\/a>\n\t\t\t\t<\/dt><\/dl><dl class='gallery-item'>\n\t\t\t\t<dt class='gallery-icon landscape'>\n\t\t\t\t\t<a class=\"rollover\" href='https:\/\/www.radiopiu.net\/wordpress\/giovanili-in-festa-sul-nuovo-sintetico-di-sedico\/foto-campo-sedico-20\/'><img loading=\"lazy\" decoding=\"async\" width=\"300\" height=\"225\" src=\"https:\/\/www.radiopiu.net\/wordpress\/wp-content\/uploads\/2019\/10\/FOTO-CAMPO-SEDICO-20-300x225.jpg\" class=\"attachment-medium size-medium\" alt=\"\" srcset=\"https:\/\/www.radiopiu.net\/wordpress\/wp-content\/uploads\/2019\/10\/FOTO-CAMPO-SEDICO-20-300x225.jpg 300w, https:\/\/www.radiopiu.net\/wordpress\/wp-content\/uploads\/2019\/10\/FOTO-CAMPO-SEDICO-20-768x576.jpg 768w, https:\/\/www.radiopiu.net\/wordpress\/wp-content\/uploads\/2019\/10\/FOTO-CAMPO-SEDICO-20-1024x768.jpg 1024w, https:\/\/www.radiopiu.net\/wordpress\/wp-content\/uploads\/2019\/10\/FOTO-CAMPO-SEDICO-20.jpg 1296w\" sizes=\"auto, (max-width: 300px) 100vw, 300px\" \/><\/a>\n\t\t\t\t<\/dt><\/dl><dl class='gallery-item'>\n\t\t\t\t<dt class='gallery-icon landscape'>\n\t\t\t\t\t<a class=\"rollover\" href='https:\/\/www.radiopiu.net\/wordpress\/giovanili-in-festa-sul-nuovo-sintetico-di-sedico\/foto-campo-sedico-21\/'><img loading=\"lazy\" decoding=\"async\" width=\"300\" height=\"140\" src=\"https:\/\/www.radiopiu.net\/wordpress\/wp-content\/uploads\/2019\/10\/FOTO-CAMPO-SEDICO-21-300x140.jpg\" class=\"attachment-medium size-medium\" alt=\"\" srcset=\"https:\/\/www.radiopiu.net\/wordpress\/wp-content\/uploads\/2019\/10\/FOTO-CAMPO-SEDICO-21-300x140.jpg 300w, https:\/\/www.radiopiu.net\/wordpress\/wp-content\/uploads\/2019\/10\/FOTO-CAMPO-SEDICO-21-768x358.jpg 768w, https:\/\/www.radiopiu.net\/wordpress\/wp-content\/uploads\/2019\/10\/FOTO-CAMPO-SEDICO-21-1024x477.jpg 1024w, https:\/\/www.radiopiu.net\/wordpress\/wp-content\/uploads\/2019\/10\/FOTO-CAMPO-SEDICO-21.jpg 1600w\" sizes=\"auto, (max-width: 300px) 100vw, 300px\" \/><\/a>\n\t\t\t\t<\/dt><\/dl><br style=\"clear: both\" \/><dl class='gallery-item'>\n\t\t\t\t<dt class='gallery-icon landscape'>\n\t\t\t\t\t<a class=\"rollover\" href='https:\/\/www.radiopiu.net\/wordpress\/giovanili-in-festa-sul-nuovo-sintetico-di-sedico\/foto-campo-sedico-22\/'><img loading=\"lazy\" decoding=\"async\" width=\"300\" height=\"225\" src=\"https:\/\/www.radiopiu.net\/wordpress\/wp-content\/uploads\/2019\/10\/FOTO-CAMPO-SEDICO-22-300x225.jpg\" class=\"attachment-medium size-medium\" alt=\"\" srcset=\"https:\/\/www.radiopiu.net\/wordpress\/wp-content\/uploads\/2019\/10\/FOTO-CAMPO-SEDICO-22-300x225.jpg 300w, https:\/\/www.radiopiu.net\/wordpress\/wp-content\/uploads\/2019\/10\/FOTO-CAMPO-SEDICO-22-768x576.jpg 768w, https:\/\/www.radiopiu.net\/wordpress\/wp-content\/uploads\/2019\/10\/FOTO-CAMPO-SEDICO-22-1024x768.jpg 1024w, https:\/\/www.radiopiu.net\/wordpress\/wp-content\/uploads\/2019\/10\/FOTO-CAMPO-SEDICO-22.jpg 1296w\" sizes=\"auto, (max-width: 300px) 100vw, 300px\" \/><\/a>\n\t\t\t\t<\/dt><\/dl><dl class='gallery-item'>\n\t\t\t\t<dt class='gallery-icon landscape'>\n\t\t\t\t\t<a class=\"rollover\" href='https:\/\/www.radiopiu.net\/wordpress\/giovanili-in-festa-sul-nuovo-sintetico-di-sedico\/foto-campo-sedico-23\/'><img loading=\"lazy\" decoding=\"async\" width=\"300\" height=\"225\" src=\"https:\/\/www.radiopiu.net\/wordpress\/wp-content\/uploads\/2019\/10\/FOTO-CAMPO-SEDICO-23-300x225.jpg\" class=\"attachment-medium size-medium\" alt=\"\" srcset=\"https:\/\/www.radiopiu.net\/wordpress\/wp-content\/uploads\/2019\/10\/FOTO-CAMPO-SEDICO-23-300x225.jpg 300w, https:\/\/www.radiopiu.net\/wordpress\/wp-content\/uploads\/2019\/10\/FOTO-CAMPO-SEDICO-23-768x576.jpg 768w, https:\/\/www.radiopiu.net\/wordpress\/wp-content\/uploads\/2019\/10\/FOTO-CAMPO-SEDICO-23-1024x768.jpg 1024w, https:\/\/www.radiopiu.net\/wordpress\/wp-content\/uploads\/2019\/10\/FOTO-CAMPO-SEDICO-23.jpg 1296w\" sizes=\"auto, (max-width: 300px) 100vw, 300px\" \/><\/a>\n\t\t\t\t<\/dt><\/dl><dl class='gallery-item'>\n\t\t\t\t<dt class='gallery-icon landscape'>\n\t\t\t\t\t<a class=\"rollover\" href='https:\/\/www.radiopiu.net\/wordpress\/giovanili-in-festa-sul-nuovo-sintetico-di-sedico\/foto-campo-sedico-24\/'><img loading=\"lazy\" decoding=\"async\" width=\"300\" height=\"225\" src=\"https:\/\/www.radiopiu.net\/wordpress\/wp-content\/uploads\/2019\/10\/FOTO-CAMPO-SEDICO-24-300x225.jpg\" class=\"attachment-medium size-medium\" alt=\"\" srcset=\"https:\/\/www.radiopiu.net\/wordpress\/wp-content\/uploads\/2019\/10\/FOTO-CAMPO-SEDICO-24-300x225.jpg 300w, https:\/\/www.radiopiu.net\/wordpress\/wp-content\/uploads\/2019\/10\/FOTO-CAMPO-SEDICO-24-768x576.jpg 768w, https:\/\/www.radiopiu.net\/wordpress\/wp-content\/uploads\/2019\/10\/FOTO-CAMPO-SEDICO-24-1024x768.jpg 1024w, https:\/\/www.radiopiu.net\/wordpress\/wp-content\/uploads\/2019\/10\/FOTO-CAMPO-SEDICO-24.jpg 1296w\" sizes=\"auto, (max-width: 300px) 100vw, 300px\" \/><\/a>\n\t\t\t\t<\/dt><\/dl><br style=\"clear: both\" \/><dl class='gallery-item'>\n\t\t\t\t<dt class='gallery-icon landscape'>\n\t\t\t\t\t<a class=\"rollover\" href='https:\/\/www.radiopiu.net\/wordpress\/giovanili-in-festa-sul-nuovo-sintetico-di-sedico\/foto-campo-sedico-25\/'><img loading=\"lazy\" decoding=\"async\" width=\"300\" height=\"225\" src=\"https:\/\/www.radiopiu.net\/wordpress\/wp-content\/uploads\/2019\/10\/FOTO-CAMPO-SEDICO-25-300x225.jpg\" class=\"attachment-medium size-medium\" alt=\"\" srcset=\"https:\/\/www.radiopiu.net\/wordpress\/wp-content\/uploads\/2019\/10\/FOTO-CAMPO-SEDICO-25-300x225.jpg 300w, https:\/\/www.radiopiu.net\/wordpress\/wp-content\/uploads\/2019\/10\/FOTO-CAMPO-SEDICO-25-768x576.jpg 768w, https:\/\/www.radiopiu.net\/wordpress\/wp-content\/uploads\/2019\/10\/FOTO-CAMPO-SEDICO-25-1024x768.jpg 1024w, https:\/\/www.radiopiu.net\/wordpress\/wp-content\/uploads\/2019\/10\/FOTO-CAMPO-SEDICO-25.jpg 1296w\" sizes=\"auto, (max-width: 300px) 100vw, 300px\" \/><\/a>\n\t\t\t\t<\/dt><\/dl>\n\t\t\t\t<br style='clear: both' \/>\n\t\t\t<\/div>\n\n<h2>AGORDINA IN CAMPO PER LA COPPA DOLOMITI<\/h2>\n<p><a class=\"dt-pswp-item\" href=\"http:\/\/www.radiopiu.net\/wordpress\/wp-content\/uploads\/2019\/09\/AGORDINA-CALCIO.jpeg\" data-dt-img-description=\"\" data-large_image_width=\"225\" data-large_image_height=\"225\"><img loading=\"lazy\" decoding=\"async\" class=\"size-full wp-image-97575 alignleft\" src=\"http:\/\/www.radiopiu.net\/wordpress\/wp-content\/uploads\/2019\/09\/AGORDINA-CALCIO.jpeg\" alt=\"\" width=\"225\" height=\"225\" srcset=\"https:\/\/www.radiopiu.net\/wordpress\/wp-content\/uploads\/2019\/09\/AGORDINA-CALCIO.jpeg 225w, https:\/\/www.radiopiu.net\/wordpress\/wp-content\/uploads\/2019\/09\/AGORDINA-CALCIO-150x150.jpeg 150w\" sizes=\"auto, (max-width: 225px) 100vw, 225px\" \/><\/a>Si gioca questa sera la terza e ultima partita di qualificazione per la fase finale della Coppa Dolomiti di Terza Categoria. L&#8217;Agordina di Marco Lorenzi pu\u00f2 ancora strappare il pass e per farlo deve vincere stasera contro il Sois. La vittoria per\u00f2 non basta. Gli agordini devono segnare almeno 3 gol e non subirne neanche uno. Il Lentiai, in testa alla classifica con 4 punti, sta a guardare e questa sera attender\u00e0 le notizie che arrivano dall&#8217;Ivano Dorigo di Agordo. Tutto \u00e8 in mano ai ragazzi di Lorenzi che, dopo unno splendido inizio di campionato, vogliono mettere la ciliegina sulla torta approdando alla fase finale del torneo. Calcio d&#8217;inizio alle ore 20:30.<\/p>\n<p>&nbsp;<\/p>\n<p><a class=\"dt-pswp-item\" href=\"http:\/\/www.radiopiu.net\/wordpress\/wp-content\/uploads\/2018\/09\/WhatsApp-Image-2018-09-20-at-16.04.06.jpeg\" data-dt-img-description=\"\" data-large_image_width=\"800\" data-large_image_height=\"100\"><img loading=\"lazy\" decoding=\"async\" class=\"wp-image-61378 size-full aligncenter\" src=\"http:\/\/www.radiopiu.net\/wordpress\/wp-content\/uploads\/2018\/09\/WhatsApp-Image-2018-09-20-at-16.04.06.jpeg\" alt=\"\" width=\"800\" height=\"100\" srcset=\"https:\/\/www.radiopiu.net\/wordpress\/wp-content\/uploads\/2018\/09\/WhatsApp-Image-2018-09-20-at-16.04.06.jpeg 800w, https:\/\/www.radiopiu.net\/wordpress\/wp-content\/uploads\/2018\/09\/WhatsApp-Image-2018-09-20-at-16.04.06-300x38.jpeg 300w, https:\/\/www.radiopiu.net\/wordpress\/wp-content\/uploads\/2018\/09\/WhatsApp-Image-2018-09-20-at-16.04.06-768x96.jpeg 768w\" sizes=\"auto, (max-width: 800px) 100vw, 800px\" \/><\/a><\/p>\n<div><center><b>Giovedi 31<\/b><\/center><b>Tempo atteso: <\/b>Tempo assai pi\u00f9 soleggiato, anche se la nuvolosit\u00e0 sar\u00e0 ancora ben presente tra la notte e le prime ore del giorno. Poi diradamento della suddetta copertura con rasserenamenti via via pi\u00f9 ampi al pomeriggio\/sera. Clima sempre fresco, specie in quota, mentre il parziale ritorno del sole mitigher\u00e0 l&#8217;atmosfera a bassa quota.<br \/>\n<b>Precipitazioni: <\/b>Sulle Prealpi assenti (0%), sulle Dolomiti probabilit\u00e0 molto bassa (10%) per qualche goccia notturna e fiocchi di neve oltre i 2000 m. In giornata assenti anche sulle Dolomiti.<br \/>\n<b>Temperature: <\/b>In ulteriore lieve calo e raggiunte alla sera, eccetto rialzo delle massime nelle valli qualora il sole fosse presente al pomeriggio. Sono previste punte di 13\/14\u00b0C nei fondovalle Prealpini e di 9\/10\u00b0C a 1000\/1200 m. Su Prealpi a 1500 m min 3\u00b0C max 5\u00b0C, a 2000 m min 1\u00b0C max 2\u00b0C. Su Dolomiti a 2000 m min 0\u00b0C max 2\u00b0C, a 3000 m min -4\u00b0C max -3\u00b0C.<br \/>\n<b>Venti: <\/b>Nelle valli generalmente deboli, salvo qualche spordico episodio di Foehn nelle prime ore del mattino; in quota deboli\/moderati da Nord-Ovest, a 5-10 km\/h a 2000 m, a 15-20 km\/h a 3000 m.<\/p>\n<hr \/>\n<p><center><b>Venerdi 1<\/b><\/center><b>Tempo atteso: <\/b>Tempo ben soleggiato al mattino sulle Dolomiti, ampi tratti soleggiati e qualche banco di nubi basse sulle Prealpi, in parziale diradamento nelle ore diurne. Al pomeriggio sole e temporaneo transito di nubi medio-alte. Clima fresco all&#8217;alba e pi\u00f9 mite di giorno.<br \/>\n<b>Precipitazioni: <\/b>Assenti (0%).<br \/>\n<b>Temperature: <\/b>Minime in ulteriore lieve calo, con gelate notturne fino sugli 800\/1000 m; massime in rialzo, specie nelle valli pi\u00f9 assolate. Sono previste punte di 14\/15\u00b0C nei fondovalle Prealpini e di 11\/12\u00b0C a 1000\/1200 m. Su Prealpi a 1500 m min 1\u00b0C max 6\u00b0C, a 2000 m min 0\u00b0C max 4\u00b0C. Su Dolomiti a 2000 m min -1\u00b0C max 3\u00b0C, a 3000 m min -3\u00b0C max -2\u00b0C.<br \/>\n<b>Venti: <\/b>Nelle valli generalmente deboli di direzione variabile, anche per brezze; in quota deboli settentrionali, disponendosi da Sud-Ovest al pomeriggio rafforzandosi, a 5-10 km\/h a 2000 m, a 10-30 km\/h a 3000 m.<\/p>\n<hr \/>\n<p><center><b>Sabato 2<\/b><\/center>Squarci di sereno in alta quota al mattino e molte nubi basse a bassa quota, specie sulle Prealpi, ma non solo. Con il passare delle ore intensificazione della nuvolosit\u00e0 con probabile lieve peggioramento a fine giornata a partire dalle Prealpi occidentali. Temperature minime in aumento e massime in calo. Venti deboli di direzione variabile nelle valli; moderati da Sud-Ovest in quota, in rinforzo.<\/p>\n<hr \/>\n<p><center><b>Domenica 3<\/b><\/center>Ulteriore peggioramento con modesto episodio di maltempo. Cielo coperto e precipitazioni diffuse, perlopi\u00f9 deboli. La neve cadr\u00e0 oltre i 2200\/2300 m. Temperature minime in rialzo e massime in lieve calo. Venti moderati\/tesi da Sud-Ovest in quota, a tratti forti sulle cime dolomitiche pi\u00f9 alte. Previsore: R.L.Th.<\/p>\n<hr \/>\n<\/div>\n","protected":false},"excerpt":{"rendered":"<p>BELLUNO\u00a0 Nella giornata di ieri \u00e8 stato arrestato dagli operatori della Squadra mobile e dell\u2019Ufficio immigrazione della Questura di Belluno un cittadino gambiano di 34 anni. A suo carico pendeva un\u2019ordinanza di custodia cautelare in carcere emessa dall\u2019Autorit\u00e0 Giudiziaria di Torino per detenzione e spaccio di sostanze stupefacenti in concorso, unitamente ad una ventina di&hellip;<\/p>\n","protected":false},"author":1,"featured_media":104707,"comment_status":"closed","ping_status":"closed","sticky":false,"template":"","format":"standard","meta":{"_monsterinsights_skip_tracking":false,"_monsterinsights_sitenote_active":false,"_monsterinsights_sitenote_note":"","_monsterinsights_sitenote_category":0,"footnotes":""},"categories":[86],"tags":[],"class_list":["post-104558","post","type-post","status-publish","format-standard","has-post-thumbnail","hentry","category-gr","category-86","description-off"],"img_url":"https:\/\/www.radiopiu.net\/wordpress\/wp-content\/uploads\/2019\/10\/c91c7aee-765e-4928-8b34-7e40da0e35b7.jpg","_links":{"self":[{"href":"https:\/\/www.radiopiu.net\/wordpress\/wp-json\/wp\/v2\/posts\/104558","targetHints":{"allow":["GET"]}}],"collection":[{"href":"https:\/\/www.radiopiu.net\/wordpress\/wp-json\/wp\/v2\/posts"}],"about":[{"href":"https:\/\/www.radiopiu.net\/wordpress\/wp-json\/wp\/v2\/types\/post"}],"author":[{"embeddable":true,"href":"https:\/\/www.radiopiu.net\/wordpress\/wp-json\/wp\/v2\/users\/1"}],"replies":[{"embeddable":true,"href":"https:\/\/www.radiopiu.net\/wordpress\/wp-json\/wp\/v2\/comments?post=104558"}],"version-history":[{"count":0,"href":"https:\/\/www.radiopiu.net\/wordpress\/wp-json\/wp\/v2\/posts\/104558\/revisions"}],"wp:featuredmedia":[{"embeddable":true,"href":"https:\/\/www.radiopiu.net\/wordpress\/wp-json\/wp\/v2\/media\/104707"}],"wp:attachment":[{"href":"https:\/\/www.radiopiu.net\/wordpress\/wp-json\/wp\/v2\/media?parent=104558"}],"wp:term":[{"taxonomy":"category","embeddable":true,"href":"https:\/\/www.radiopiu.net\/wordpress\/wp-json\/wp\/v2\/categories?post=104558"},{"taxonomy":"post_tag","embeddable":true,"href":"https:\/\/www.radiopiu.net\/wordpress\/wp-json\/wp\/v2\/tags?post=104558"}],"curies":[{"name":"wp","href":"https:\/\/api.w.org\/{rel}","templated":true}]}}