{"id":104645,"date":"2019-10-31T05:38:14","date_gmt":"2019-10-31T04:38:14","guid":{"rendered":"http:\/\/www.radiopiu.net\/wordpress\/?p=104645"},"modified":"2019-10-31T05:39:54","modified_gmt":"2019-10-31T04:39:54","slug":"la-parte-alta-di-taibon-senza-acqua","status":"publish","type":"post","link":"https:\/\/www.radiopiu.net\/wordpress\/la-parte-alta-di-taibon-senza-acqua\/","title":{"rendered":"LA PARTE ALTA DI TAIBON SENZA ACQUA"},"content":{"rendered":"<p><a class=\"dt-pswp-item\" href=\"http:\/\/www.radiopiu.net\/wordpress\/wp-content\/uploads\/2019\/10\/ACQUA-SPORCA.jpeg\" data-dt-img-description=\"\" data-large_image_width=\"1024\" data-large_image_height=\"768\"><img loading=\"lazy\" decoding=\"async\" class=\"size-medium wp-image-104646 alignleft\" src=\"http:\/\/www.radiopiu.net\/wordpress\/wp-content\/uploads\/2019\/10\/ACQUA-SPORCA-300x225.jpeg\" alt=\"\" width=\"300\" height=\"225\" srcset=\"https:\/\/www.radiopiu.net\/wordpress\/wp-content\/uploads\/2019\/10\/ACQUA-SPORCA-300x225.jpeg 300w, https:\/\/www.radiopiu.net\/wordpress\/wp-content\/uploads\/2019\/10\/ACQUA-SPORCA-768x576.jpeg 768w, https:\/\/www.radiopiu.net\/wordpress\/wp-content\/uploads\/2019\/10\/ACQUA-SPORCA.jpeg 1024w\" sizes=\"auto, (max-width: 300px) 100vw, 300px\" \/><\/a>Nel pomeriggio di ieri la parte alta di Taibon Agordino \u00e8 rimasta senza acqua per quasi un&#8217;ora. Erano le 16:30 quando dai rubinetti di Via Al Forte non usciva pi\u00f9 niente. Alcuni cittadini si sono preoccupati e al numero verde di pronto intervento di Bim-Gsp la risposta \u00e8 stata celere ed esaustiva. La mancanza di acqua era causata da un guasto sul nuovo acquedotto provocato da una ditta che lavorava in zona. Un blackout totale durato quasi un&#8217;ora con gli uomini di Gsp che hanno sistemato il guasto velocemente. Alle 17:35 l&#8217;acqua scorreva dai rubinetti ma sicuramente non era potabile, infatti aveva un colore giallognolo. Solo in serata si \u00e8 ritornati alla normalit\u00e0.<\/p>\n","protected":false},"excerpt":{"rendered":"<p>Nel pomeriggio di ieri la parte alta di Taibon Agordino \u00e8 rimasta senza acqua per quasi un&#8217;ora. Erano le 16:30 quando dai rubinetti di Via Al Forte non usciva pi\u00f9 niente. Alcuni cittadini si sono preoccupati e al numero verde di pronto intervento di Bim-Gsp la risposta \u00e8 stata celere ed esaustiva. La mancanza di&hellip;<\/p>\n","protected":false},"author":4,"featured_media":104646,"comment_status":"closed","ping_status":"closed","sticky":false,"template":"","format":"standard","meta":{"_monsterinsights_skip_tracking":false,"_monsterinsights_sitenote_active":false,"_monsterinsights_sitenote_note":"","_monsterinsights_sitenote_category":0,"footnotes":""},"categories":[103,49],"tags":[],"class_list":["post-104645","post","type-post","status-publish","format-standard","has-post-thumbnail","hentry","category-evidenza_2","category-news-18","category-103","category-49","description-off"],"img_url":"https:\/\/www.radiopiu.net\/wordpress\/wp-content\/uploads\/2019\/10\/ACQUA-SPORCA.jpeg","_links":{"self":[{"href":"https:\/\/www.radiopiu.net\/wordpress\/wp-json\/wp\/v2\/posts\/104645","targetHints":{"allow":["GET"]}}],"collection":[{"href":"https:\/\/www.radiopiu.net\/wordpress\/wp-json\/wp\/v2\/posts"}],"about":[{"href":"https:\/\/www.radiopiu.net\/wordpress\/wp-json\/wp\/v2\/types\/post"}],"author":[{"embeddable":true,"href":"https:\/\/www.radiopiu.net\/wordpress\/wp-json\/wp\/v2\/users\/4"}],"replies":[{"embeddable":true,"href":"https:\/\/www.radiopiu.net\/wordpress\/wp-json\/wp\/v2\/comments?post=104645"}],"version-history":[{"count":0,"href":"https:\/\/www.radiopiu.net\/wordpress\/wp-json\/wp\/v2\/posts\/104645\/revisions"}],"wp:featuredmedia":[{"embeddable":true,"href":"https:\/\/www.radiopiu.net\/wordpress\/wp-json\/wp\/v2\/media\/104646"}],"wp:attachment":[{"href":"https:\/\/www.radiopiu.net\/wordpress\/wp-json\/wp\/v2\/media?parent=104645"}],"wp:term":[{"taxonomy":"category","embeddable":true,"href":"https:\/\/www.radiopiu.net\/wordpress\/wp-json\/wp\/v2\/categories?post=104645"},{"taxonomy":"post_tag","embeddable":true,"href":"https:\/\/www.radiopiu.net\/wordpress\/wp-json\/wp\/v2\/tags?post=104645"}],"curies":[{"name":"wp","href":"https:\/\/api.w.org\/{rel}","templated":true}]}}