{"id":104696,"date":"2019-10-31T06:02:05","date_gmt":"2019-10-31T05:02:05","guid":{"rendered":"http:\/\/www.radiopiu.net\/wordpress\/?p=104696"},"modified":"2019-10-31T06:02:05","modified_gmt":"2019-10-31T05:02:05","slug":"a-silvio-a-walter-20-anni-dopo","status":"publish","type":"post","link":"https:\/\/www.radiopiu.net\/wordpress\/a-silvio-a-walter-20-anni-dopo\/","title":{"rendered":"A SILVIO, A WALTER. 20 ANNI DOPO"},"content":{"rendered":"<h2><span style=\"color: #ff0000;\">IL RICORDO<\/span><\/h2>\n<p>DI JOHN FRANCIS DELLA PIETRA<\/p>\n<audio class=\"wp-audio-shortcode\" id=\"audio-104696-1\" preload=\"none\" style=\"width: 100%;\" controls=\"controls\"><source type=\"audio\/mpeg\" src=\"http:\/\/www.radiopiu.net\/wordpress\/wp-content\/uploads\/2019\/10\/JOHN-1.mp3?_=1\" \/><a href=\"http:\/\/www.radiopiu.net\/wordpress\/wp-content\/uploads\/2019\/10\/JOHN-1.mp3\">http:\/\/www.radiopiu.net\/wordpress\/wp-content\/uploads\/2019\/10\/JOHN-1.mp3<\/a><\/audio>\n<p>Silvio e Walter<\/p>\n<p>Son trascorsi vent&#8217;anni<br \/>\nIl tempo d un intera giovinezza<br \/>\nLa loro che \u00e8 rimasta lass\u00f9<br \/>\nTra l indomite vette dolomitiche<br \/>\nEd il cielo eterno<br \/>\nOgnuno di noi<br \/>\nSerba il loro ricordo<br \/>\nNel profondo dentro di s\u00e9<br \/>\nCome una vivida rossa fiamma che mai si spegne<br \/>\nLi sappiamo l\u00ec<br \/>\nNella luce del paradiso<br \/>\nAngeli del Signore<br \/>\nSorridenti e sereni<br \/>\nCustodi e guide sicure<br \/>\nDei nostri passi<br \/>\nIn voi sempre confidiamo<\/p>\n","protected":false},"excerpt":{"rendered":"<p>IL RICORDO DI JOHN FRANCIS DELLA PIETRA Silvio e Walter Son trascorsi vent&#8217;anni Il tempo d un intera giovinezza La loro che \u00e8 rimasta lass\u00f9 Tra l indomite vette dolomitiche Ed il cielo eterno Ognuno di noi Serba il loro ricordo Nel profondo dentro di s\u00e9 Come una vivida rossa fiamma che mai si spegne&hellip;<\/p>\n","protected":false},"author":1,"featured_media":75491,"comment_status":"closed","ping_status":"closed","sticky":false,"template":"","format":"standard","meta":{"_monsterinsights_skip_tracking":false,"_monsterinsights_sitenote_active":false,"_monsterinsights_sitenote_note":"","_monsterinsights_sitenote_category":0,"footnotes":""},"categories":[49],"tags":[],"class_list":["post-104696","post","type-post","status-publish","format-standard","has-post-thumbnail","hentry","category-news-18","category-49","description-off"],"img_url":"https:\/\/www.radiopiu.net\/wordpress\/wp-content\/uploads\/2019\/02\/lutto-fiore.jpg","_links":{"self":[{"href":"https:\/\/www.radiopiu.net\/wordpress\/wp-json\/wp\/v2\/posts\/104696","targetHints":{"allow":["GET"]}}],"collection":[{"href":"https:\/\/www.radiopiu.net\/wordpress\/wp-json\/wp\/v2\/posts"}],"about":[{"href":"https:\/\/www.radiopiu.net\/wordpress\/wp-json\/wp\/v2\/types\/post"}],"author":[{"embeddable":true,"href":"https:\/\/www.radiopiu.net\/wordpress\/wp-json\/wp\/v2\/users\/1"}],"replies":[{"embeddable":true,"href":"https:\/\/www.radiopiu.net\/wordpress\/wp-json\/wp\/v2\/comments?post=104696"}],"version-history":[{"count":0,"href":"https:\/\/www.radiopiu.net\/wordpress\/wp-json\/wp\/v2\/posts\/104696\/revisions"}],"wp:featuredmedia":[{"embeddable":true,"href":"https:\/\/www.radiopiu.net\/wordpress\/wp-json\/wp\/v2\/media\/75491"}],"wp:attachment":[{"href":"https:\/\/www.radiopiu.net\/wordpress\/wp-json\/wp\/v2\/media?parent=104696"}],"wp:term":[{"taxonomy":"category","embeddable":true,"href":"https:\/\/www.radiopiu.net\/wordpress\/wp-json\/wp\/v2\/categories?post=104696"},{"taxonomy":"post_tag","embeddable":true,"href":"https:\/\/www.radiopiu.net\/wordpress\/wp-json\/wp\/v2\/tags?post=104696"}],"curies":[{"name":"wp","href":"https:\/\/api.w.org\/{rel}","templated":true}]}}