{"id":104737,"date":"2019-10-31T14:48:20","date_gmt":"2019-10-31T13:48:20","guid":{"rendered":"http:\/\/www.radiopiu.net\/wordpress\/?p=104737"},"modified":"2019-11-01T18:12:27","modified_gmt":"2019-11-01T17:12:27","slug":"nuovi-argini-per-il-ponte-felice-che-sara-allargato","status":"publish","type":"post","link":"https:\/\/www.radiopiu.net\/wordpress\/nuovi-argini-per-il-ponte-felice-che-sara-allargato\/","title":{"rendered":"NUOVI ARGINI PER IL PONTE FELICE CHE SARA&#8217; ALLARGATO"},"content":{"rendered":"<p><strong>LA VALLE<\/strong> Eravamo stati poche settimane fa documentando il pericolo. Il Bordina ha eroso i fianchi del suo corso mettendo a rischio un ponte importante, unica alternativa ad un eventuale blocco tra Le Campe ed Agordo come accaduto lo scorso anno nei giorni di Vaia. Sono stati sistemati gli argini, in modo provvisorio ci \u00e8 stato detto ma si sa spesso non c&#8217;\u00e8 nulla di pi\u00f9 definitivo della provvisorio A parte questo ora il Missiaga scorre tra grandi blocchi e non tra scarpate a rischio collasso. Lo documentiamo con un video e riproponiamo il servizio precedente<\/p>\n<p>&nbsp;<\/p>\n<div id=\"fb-root\"><\/div>\n<p><script async=\"1\" defer=\"1\" crossorigin=\"anonymous\" src=\"https:\/\/connect.facebook.net\/it_IT\/sdk.js#xfbml=1&amp;version=v6.0\"><\/script><\/p>\n<div class=\"fb-video\" data-href=\"https:\/\/www.facebook.com\/mirko.mezzacasa\/videos\/10221203823472004\/\" data-width=\"1200\">\n<blockquote cite=\"https:\/\/www.facebook.com\/mirko.mezzacasa\/videos\/10221203823472004\/\" class=\"fb-xfbml-parse-ignore\"><p><a href=\"https:\/\/www.facebook.com\/mirko.mezzacasa\/videos\/10221203823472004\/\"><\/a><\/p>\n<p>Pubblicato da <a href=\"https:\/\/www.facebook.com\/mirko.mezzacasa\">Mirko Mezzacasa<\/a> su Gioved\u00ec 31 ottobre 2019<\/p><\/blockquote>\n<\/div>\n<p>&nbsp;<\/p>\n<p>&nbsp;<\/p>\n<h2>NOTIZIARIO 2 OTTOBRE 2019<\/h2>\n<blockquote>\n<h3><em>PASSAGGIO FONDAMENTALE NEI GIORNI DEL POST VAIA<\/em><\/h3>\n<\/blockquote>\n<p><strong><a class=\"dt-pswp-item\" href=\"http:\/\/www.radiopiu.net\/wordpress\/wp-content\/uploads\/2019\/10\/0ae8b4c1-0964-4f02-8f1c-02c11c492401.jpg\" data-dt-img-description=\"\" data-large_image_width=\"1599\" data-large_image_height=\"799\"><img loading=\"lazy\" decoding=\"async\" class=\" wp-image-100964 alignleft\" src=\"http:\/\/www.radiopiu.net\/wordpress\/wp-content\/uploads\/2019\/10\/0ae8b4c1-0964-4f02-8f1c-02c11c492401-300x150.jpg\" alt=\"\" width=\"220\" height=\"110\" srcset=\"https:\/\/www.radiopiu.net\/wordpress\/wp-content\/uploads\/2019\/10\/0ae8b4c1-0964-4f02-8f1c-02c11c492401-300x150.jpg 300w, https:\/\/www.radiopiu.net\/wordpress\/wp-content\/uploads\/2019\/10\/0ae8b4c1-0964-4f02-8f1c-02c11c492401-768x384.jpg 768w, https:\/\/www.radiopiu.net\/wordpress\/wp-content\/uploads\/2019\/10\/0ae8b4c1-0964-4f02-8f1c-02c11c492401-1024x512.jpg 1024w, https:\/\/www.radiopiu.net\/wordpress\/wp-content\/uploads\/2019\/10\/0ae8b4c1-0964-4f02-8f1c-02c11c492401.jpg 1599w\" sizes=\"auto, (max-width: 220px) 100vw, 220px\" \/><\/a><\/strong><\/p>\n<p>&nbsp;<\/p>\n<p><strong>LA VALLE AGORDINA<\/strong><\/p>\n<p><strong>DI GIANNI SANTOMASO<\/strong><\/p>\n<audio class=\"wp-audio-shortcode\" id=\"audio-104737-1\" preload=\"none\" style=\"width: 100%;\" controls=\"controls\"><source type=\"audio\/mpeg\" src=\"http:\/\/www.radiopiu.net\/wordpress\/wp-content\/uploads\/2019\/10\/GIANNI-LAVALLE.mp3?_=1\" \/><a href=\"http:\/\/www.radiopiu.net\/wordpress\/wp-content\/uploads\/2019\/10\/GIANNI-LAVALLE.mp3\">http:\/\/www.radiopiu.net\/wordpress\/wp-content\/uploads\/2019\/10\/GIANNI-LAVALLE.mp3<\/a><\/audio>\n<p>VIDEO<\/p>\n<div style=\"width: 1200px;\" class=\"wp-video\"><video class=\"wp-video-shortcode\" id=\"video-104737-1\" width=\"1200\" height=\"675\" preload=\"metadata\" controls=\"controls\"><source type=\"video\/mp4\" src=\"http:\/\/www.radiopiu.net\/wordpress\/wp-content\/uploads\/2019\/10\/WhatsApp-Video-2019-10-02-at-15.40.40.mp4?_=1\" \/><a href=\"http:\/\/www.radiopiu.net\/wordpress\/wp-content\/uploads\/2019\/10\/WhatsApp-Video-2019-10-02-at-15.40.40.mp4\">http:\/\/www.radiopiu.net\/wordpress\/wp-content\/uploads\/2019\/10\/WhatsApp-Video-2019-10-02-at-15.40.40.mp4<\/a><\/video><\/div>\n<p><strong>LE FOTO DEL PONTE DIMENTICATO, MA VALIDA ALTERNATIVA ALLA REGIONALE 203 AGORDINA<\/strong><\/p>\n<p><a class=\"dt-pswp-item\" href=\"http:\/\/www.radiopiu.net\/wordpress\/wp-content\/uploads\/2019\/10\/0ae8b4c1-0964-4f02-8f1c-02c11c492401.jpg\" data-dt-img-description=\"\" data-large_image_width=\"1599\" data-large_image_height=\"799\"><img loading=\"lazy\" decoding=\"async\" class=\"alignnone size-medium wp-image-100964\" src=\"http:\/\/www.radiopiu.net\/wordpress\/wp-content\/uploads\/2019\/10\/0ae8b4c1-0964-4f02-8f1c-02c11c492401-300x150.jpg\" alt=\"\" width=\"300\" height=\"150\" srcset=\"https:\/\/www.radiopiu.net\/wordpress\/wp-content\/uploads\/2019\/10\/0ae8b4c1-0964-4f02-8f1c-02c11c492401-300x150.jpg 300w, https:\/\/www.radiopiu.net\/wordpress\/wp-content\/uploads\/2019\/10\/0ae8b4c1-0964-4f02-8f1c-02c11c492401-768x384.jpg 768w, https:\/\/www.radiopiu.net\/wordpress\/wp-content\/uploads\/2019\/10\/0ae8b4c1-0964-4f02-8f1c-02c11c492401-1024x512.jpg 1024w, https:\/\/www.radiopiu.net\/wordpress\/wp-content\/uploads\/2019\/10\/0ae8b4c1-0964-4f02-8f1c-02c11c492401.jpg 1599w\" sizes=\"auto, (max-width: 300px) 100vw, 300px\" \/><\/a><a class=\"dt-pswp-item\" href=\"http:\/\/www.radiopiu.net\/wordpress\/wp-content\/uploads\/2019\/10\/7ae1d538-10a7-4ebf-a088-e624eb7891db.jpg\" data-dt-img-description=\"\" data-large_image_width=\"1599\" data-large_image_height=\"799\"><img loading=\"lazy\" decoding=\"async\" class=\"alignnone size-medium wp-image-100968\" src=\"http:\/\/www.radiopiu.net\/wordpress\/wp-content\/uploads\/2019\/10\/7ae1d538-10a7-4ebf-a088-e624eb7891db-300x150.jpg\" alt=\"\" width=\"300\" height=\"150\" srcset=\"https:\/\/www.radiopiu.net\/wordpress\/wp-content\/uploads\/2019\/10\/7ae1d538-10a7-4ebf-a088-e624eb7891db-300x150.jpg 300w, https:\/\/www.radiopiu.net\/wordpress\/wp-content\/uploads\/2019\/10\/7ae1d538-10a7-4ebf-a088-e624eb7891db-768x384.jpg 768w, https:\/\/www.radiopiu.net\/wordpress\/wp-content\/uploads\/2019\/10\/7ae1d538-10a7-4ebf-a088-e624eb7891db-1024x512.jpg 1024w, https:\/\/www.radiopiu.net\/wordpress\/wp-content\/uploads\/2019\/10\/7ae1d538-10a7-4ebf-a088-e624eb7891db.jpg 1599w\" sizes=\"auto, (max-width: 300px) 100vw, 300px\" \/><\/a><a class=\"dt-pswp-item\" href=\"http:\/\/www.radiopiu.net\/wordpress\/wp-content\/uploads\/2019\/10\/5f3a4e2d-3fc0-4d36-812e-6a9067fa8661.jpg\" data-dt-img-description=\"\" data-large_image_width=\"1599\" data-large_image_height=\"799\"><img loading=\"lazy\" decoding=\"async\" class=\"alignnone size-medium wp-image-100967\" src=\"http:\/\/www.radiopiu.net\/wordpress\/wp-content\/uploads\/2019\/10\/5f3a4e2d-3fc0-4d36-812e-6a9067fa8661-300x150.jpg\" alt=\"\" width=\"300\" height=\"150\" srcset=\"https:\/\/www.radiopiu.net\/wordpress\/wp-content\/uploads\/2019\/10\/5f3a4e2d-3fc0-4d36-812e-6a9067fa8661-300x150.jpg 300w, https:\/\/www.radiopiu.net\/wordpress\/wp-content\/uploads\/2019\/10\/5f3a4e2d-3fc0-4d36-812e-6a9067fa8661-768x384.jpg 768w, https:\/\/www.radiopiu.net\/wordpress\/wp-content\/uploads\/2019\/10\/5f3a4e2d-3fc0-4d36-812e-6a9067fa8661-1024x512.jpg 1024w, https:\/\/www.radiopiu.net\/wordpress\/wp-content\/uploads\/2019\/10\/5f3a4e2d-3fc0-4d36-812e-6a9067fa8661.jpg 1599w\" sizes=\"auto, (max-width: 300px) 100vw, 300px\" \/><\/a><a class=\"dt-pswp-item\" href=\"http:\/\/www.radiopiu.net\/wordpress\/wp-content\/uploads\/2019\/10\/034a3e37-0e33-4eaa-81fe-7ed193c28491.jpg\" data-dt-img-description=\"\" data-large_image_width=\"1599\" data-large_image_height=\"799\"><img loading=\"lazy\" decoding=\"async\" class=\"alignnone size-medium wp-image-100962\" src=\"http:\/\/www.radiopiu.net\/wordpress\/wp-content\/uploads\/2019\/10\/034a3e37-0e33-4eaa-81fe-7ed193c28491-300x150.jpg\" alt=\"\" width=\"300\" height=\"150\" srcset=\"https:\/\/www.radiopiu.net\/wordpress\/wp-content\/uploads\/2019\/10\/034a3e37-0e33-4eaa-81fe-7ed193c28491-300x150.jpg 300w, https:\/\/www.radiopiu.net\/wordpress\/wp-content\/uploads\/2019\/10\/034a3e37-0e33-4eaa-81fe-7ed193c28491-768x384.jpg 768w, https:\/\/www.radiopiu.net\/wordpress\/wp-content\/uploads\/2019\/10\/034a3e37-0e33-4eaa-81fe-7ed193c28491-1024x512.jpg 1024w, https:\/\/www.radiopiu.net\/wordpress\/wp-content\/uploads\/2019\/10\/034a3e37-0e33-4eaa-81fe-7ed193c28491.jpg 1599w\" sizes=\"auto, (max-width: 300px) 100vw, 300px\" \/><\/a><a class=\"dt-pswp-item\" href=\"http:\/\/www.radiopiu.net\/wordpress\/wp-content\/uploads\/2019\/10\/4acdb457-92bc-4ac0-bdb6-893deac7cad5.jpg\" data-dt-img-description=\"\" data-large_image_width=\"1599\" data-large_image_height=\"799\"><img loading=\"lazy\" decoding=\"async\" class=\"alignnone size-medium wp-image-100966\" src=\"http:\/\/www.radiopiu.net\/wordpress\/wp-content\/uploads\/2019\/10\/4acdb457-92bc-4ac0-bdb6-893deac7cad5-300x150.jpg\" alt=\"\" width=\"300\" height=\"150\" srcset=\"https:\/\/www.radiopiu.net\/wordpress\/wp-content\/uploads\/2019\/10\/4acdb457-92bc-4ac0-bdb6-893deac7cad5-300x150.jpg 300w, https:\/\/www.radiopiu.net\/wordpress\/wp-content\/uploads\/2019\/10\/4acdb457-92bc-4ac0-bdb6-893deac7cad5-768x384.jpg 768w, https:\/\/www.radiopiu.net\/wordpress\/wp-content\/uploads\/2019\/10\/4acdb457-92bc-4ac0-bdb6-893deac7cad5-1024x512.jpg 1024w, https:\/\/www.radiopiu.net\/wordpress\/wp-content\/uploads\/2019\/10\/4acdb457-92bc-4ac0-bdb6-893deac7cad5.jpg 1599w\" sizes=\"auto, (max-width: 300px) 100vw, 300px\" \/><\/a><a class=\"dt-pswp-item\" href=\"http:\/\/www.radiopiu.net\/wordpress\/wp-content\/uploads\/2019\/10\/2b039055-2a84-4fc8-bf39-d24154967167.jpg\" data-dt-img-description=\"\" data-large_image_width=\"1599\" data-large_image_height=\"799\"><img loading=\"lazy\" decoding=\"async\" class=\"alignnone size-medium wp-image-100965\" src=\"http:\/\/www.radiopiu.net\/wordpress\/wp-content\/uploads\/2019\/10\/2b039055-2a84-4fc8-bf39-d24154967167-300x150.jpg\" alt=\"\" width=\"300\" height=\"150\" srcset=\"https:\/\/www.radiopiu.net\/wordpress\/wp-content\/uploads\/2019\/10\/2b039055-2a84-4fc8-bf39-d24154967167-300x150.jpg 300w, https:\/\/www.radiopiu.net\/wordpress\/wp-content\/uploads\/2019\/10\/2b039055-2a84-4fc8-bf39-d24154967167-768x384.jpg 768w, https:\/\/www.radiopiu.net\/wordpress\/wp-content\/uploads\/2019\/10\/2b039055-2a84-4fc8-bf39-d24154967167-1024x512.jpg 1024w, https:\/\/www.radiopiu.net\/wordpress\/wp-content\/uploads\/2019\/10\/2b039055-2a84-4fc8-bf39-d24154967167.jpg 1599w\" sizes=\"auto, (max-width: 300px) 100vw, 300px\" \/><\/a><\/p>\n<p>&nbsp;<\/p>\n<p>&nbsp;<\/p>\n","protected":false},"excerpt":{"rendered":"<p>LA VALLE Eravamo stati poche settimane fa documentando il pericolo. Il Bordina ha eroso i fianchi del suo corso mettendo a rischio un ponte importante, unica alternativa ad un eventuale blocco tra Le Campe ed Agordo come accaduto lo scorso anno nei giorni di Vaia. Sono stati sistemati gli argini, in modo provvisorio ci \u00e8&hellip;<\/p>\n","protected":false},"author":1,"featured_media":104738,"comment_status":"closed","ping_status":"closed","sticky":false,"template":"","format":"standard","meta":{"_monsterinsights_skip_tracking":false,"_monsterinsights_sitenote_active":false,"_monsterinsights_sitenote_note":"","_monsterinsights_sitenote_category":0,"footnotes":""},"categories":[49],"tags":[],"class_list":["post-104737","post","type-post","status-publish","format-standard","has-post-thumbnail","hentry","category-news-18","category-49","description-off"],"img_url":"https:\/\/www.radiopiu.net\/wordpress\/wp-content\/uploads\/2019\/10\/d8dc003a-8a53-4f5a-81f2-287f790fa4bb.jpg","_links":{"self":[{"href":"https:\/\/www.radiopiu.net\/wordpress\/wp-json\/wp\/v2\/posts\/104737","targetHints":{"allow":["GET"]}}],"collection":[{"href":"https:\/\/www.radiopiu.net\/wordpress\/wp-json\/wp\/v2\/posts"}],"about":[{"href":"https:\/\/www.radiopiu.net\/wordpress\/wp-json\/wp\/v2\/types\/post"}],"author":[{"embeddable":true,"href":"https:\/\/www.radiopiu.net\/wordpress\/wp-json\/wp\/v2\/users\/1"}],"replies":[{"embeddable":true,"href":"https:\/\/www.radiopiu.net\/wordpress\/wp-json\/wp\/v2\/comments?post=104737"}],"version-history":[{"count":0,"href":"https:\/\/www.radiopiu.net\/wordpress\/wp-json\/wp\/v2\/posts\/104737\/revisions"}],"wp:featuredmedia":[{"embeddable":true,"href":"https:\/\/www.radiopiu.net\/wordpress\/wp-json\/wp\/v2\/media\/104738"}],"wp:attachment":[{"href":"https:\/\/www.radiopiu.net\/wordpress\/wp-json\/wp\/v2\/media?parent=104737"}],"wp:term":[{"taxonomy":"category","embeddable":true,"href":"https:\/\/www.radiopiu.net\/wordpress\/wp-json\/wp\/v2\/categories?post=104737"},{"taxonomy":"post_tag","embeddable":true,"href":"https:\/\/www.radiopiu.net\/wordpress\/wp-json\/wp\/v2\/tags?post=104737"}],"curies":[{"name":"wp","href":"https:\/\/api.w.org\/{rel}","templated":true}]}}