{"id":108272,"date":"2019-12-02T04:59:37","date_gmt":"2019-12-02T03:59:37","guid":{"rendered":"http:\/\/www.radiopiu.net\/wordpress\/?p=108272"},"modified":"2019-12-02T13:09:10","modified_gmt":"2019-12-02T12:09:10","slug":"108272-2","status":"publish","type":"post","link":"https:\/\/www.radiopiu.net\/wordpress\/108272-2\/","title":{"rendered":"GIORNALE RADIOPIU 02 DICEMBRE 2019 DIRETTORE MIRKO MEZZACASA"},"content":{"rendered":"<p>&nbsp;<\/p>\n<p>&nbsp;<\/p>\n<p>&nbsp;<\/p>\n<h1><strong><span style=\"color: #ff0000;\">INTROVABILE<\/span><\/strong><\/h1>\n<h3>L&#8217;APPELLO DELLA FIGLIA &#8220;\u00abPap\u00e0 torna a casa! Ti aspettiamo tutti. Continueremo a cercarti, non ci arrendiamo&#8221;<\/h3>\n<h1>Carabinieri di Belluno\u00a0 0437 2551<\/h1>\n<blockquote>\n<p style=\"text-align: left;\">\n<blockquote class=\"wp-embedded-content\" data-secret=\"hQLers5yd7\"><p><a href=\"http:\/\/www.radiopiu.net\/wordpress\/si-cerca-angelo-dalla-favera\/\">SI CERCA ANGELO DALLA FAVERA<\/a><\/p><\/blockquote>\n<p><iframe loading=\"lazy\" title=\"&#8220;SI CERCA ANGELO DALLA FAVERA&#8221; &#8212; Radio Pi\u00f9\" class=\"wp-embedded-content\" sandbox=\"allow-scripts\" security=\"restricted\" style=\"position: absolute; clip: rect(1px, 1px, 1px, 1px);\" src=\"http:\/\/www.radiopiu.net\/wordpress\/si-cerca-angelo-dalla-favera\/embed\/#?secret=hQLers5yd7\" data-secret=\"hQLers5yd7\" width=\"600\" height=\"338\" frameborder=\"0\" marginwidth=\"0\" marginheight=\"0\" scrolling=\"no\"><\/iframe><\/p>\n<\/blockquote>\n<p>&nbsp;<\/p>\n<p>&nbsp;<\/p>\n<p>&nbsp;<\/p>\n<p><span style=\"color: #ff0000;\">aggiornamento 12.30\u00a0<\/span><\/p>\n<h3>ANZIANA VITTIMA DEGLI ABUSI IN OSPEDALE CON GRAFFI AL VOLTO E ALLA SCHIENA, ARRESTATA LA FIGLIASTRA<\/h3>\n<p><strong>BELLUNO<\/strong> Anziana maltrattata dalla figliastra di dieci anni pi\u00f9 giovane che \u00e8 stata arrestata a seguito delle indagini coordinate dal Sostituto Procuratore Roberta Gallego. Avrebbe dovuto accudire l&#8217;anziana, ma le telecamere installate dalla Mobile hanno dimostrato ben altro.<\/p>\n<h2>IL SERVIZIO DAL GIORNALE RADIO PRINCIPALE.<\/h2>\n<p><strong>DI MORENO GIOLI<\/strong><\/p>\n<audio class=\"wp-audio-shortcode\" id=\"audio-108272-1\" preload=\"none\" style=\"width: 100%;\" controls=\"controls\"><source type=\"audio\/mpeg\" src=\"http:\/\/www.radiopiu.net\/wordpress\/wp-content\/uploads\/2019\/12\/gioli.mp3?_=1\" \/><a href=\"http:\/\/www.radiopiu.net\/wordpress\/wp-content\/uploads\/2019\/12\/gioli.mp3\">http:\/\/www.radiopiu.net\/wordpress\/wp-content\/uploads\/2019\/12\/gioli.mp3<\/a><\/audio>\n<p>&nbsp;<\/p>\n<p>&nbsp;<\/p>\n<p>&nbsp;<\/p>\n<p>&nbsp;<\/p>\n<p>&nbsp;<\/p>\n<p>&nbsp;<\/p>\n<p>&nbsp;<\/p>\n<p>&nbsp;<\/p>\n<h3><span style=\"color: #ff0000;\">98 GIORNI DOPO: VIA LE TRANSENNE<\/span><\/h3>\n<blockquote>\n<h3><em>ANAS, ente gestore della strada statale n. 51 di Alemagna e responsabile dei lavori di riqualificazione e messa in sicurezza del ponte di Santa Caterina, con ordinanza n. 215\/2019\/VE, comunica che il ponte rimarr\u00e0 CHIUSO FINO ALLE ORE 17.00 di OGGI , per aprire poi definitivamente su entrambe le corsie.<\/em><\/h3>\n<\/blockquote>\n<p>&nbsp;<\/p>\n<p>&nbsp;<\/p>\n<p><strong>BELLUNO<\/strong> I Vigili del fuoco di Belluno sono intervenuti ieri\u00a0 \u00a0in via f.lli Rosselli per un incidente stradale che ha visto coinvolta una mercedes uscita autonomamente di starda. Nessun ferito solo danni alla vettura.Sul posto personale della polizia di stato.<\/p>\n<p><a class=\"dt-pswp-item\" href=\"http:\/\/www.radiopiu.net\/wordpress\/wp-content\/uploads\/2019\/12\/photo_2019-12-01_14-59-06.jpg\" data-dt-img-description=\"\" data-large_image_width=\"960\" data-large_image_height=\"1280\"><img loading=\"lazy\" decoding=\"async\" class=\"alignnone wp-image-108306\" src=\"http:\/\/www.radiopiu.net\/wordpress\/wp-content\/uploads\/2019\/12\/photo_2019-12-01_14-59-06-225x300.jpg\" alt=\"\" width=\"318\" height=\"424\" srcset=\"https:\/\/www.radiopiu.net\/wordpress\/wp-content\/uploads\/2019\/12\/photo_2019-12-01_14-59-06-225x300.jpg 225w, https:\/\/www.radiopiu.net\/wordpress\/wp-content\/uploads\/2019\/12\/photo_2019-12-01_14-59-06-768x1024.jpg 768w, https:\/\/www.radiopiu.net\/wordpress\/wp-content\/uploads\/2019\/12\/photo_2019-12-01_14-59-06.jpg 960w\" sizes=\"auto, (max-width: 318px) 100vw, 318px\" \/><\/a><\/p>\n<p>&nbsp;<\/p>\n<p>&nbsp;<\/p>\n<p>&nbsp;<\/p>\n<p>&nbsp;<\/p>\n<h2>CORDE MOLE, LA FRANA DI NUOVO IN MOVIMENTO, AD UNA SETTIMANA DALL&#8217;ASFALTATURA DELLA SEDE STRADALE ECCO DI NUOVO CREPE, FESSURAZIONI E SCALINI NELL&#8217;ASFALTO.<\/h2>\n<p><strong>GOSALDO<\/strong> A dieci giorni dal rattoppo il problema si ripresenta in tutta la sua interessa. Provinciale 3 di Valle Imperina, localit\u00e0 Corde Mole\u00a0 tra Rivamonte e Gosaldo, per ora la strada \u00e8 aperta, segnalazione di pericolo mediante cartelli, la carreggiata presenta i soliti scalini<\/p>\n<p><strong>VIDEO DA CORDE MOLE, IERI SERA ORE 17.00<\/strong><\/p>\n<div style=\"width: 640px;\" class=\"wp-video\"><video class=\"wp-video-shortcode\" id=\"video-108272-1\" width=\"640\" height=\"352\" preload=\"metadata\" controls=\"controls\"><source type=\"video\/mp4\" src=\"http:\/\/www.radiopiu.net\/wordpress\/wp-content\/uploads\/2019\/12\/WhatsApp-Video-2019-12-01-at-16.09.44.mp4?_=1\" \/><a href=\"http:\/\/www.radiopiu.net\/wordpress\/wp-content\/uploads\/2019\/12\/WhatsApp-Video-2019-12-01-at-16.09.44.mp4\">http:\/\/www.radiopiu.net\/wordpress\/wp-content\/uploads\/2019\/12\/WhatsApp-Video-2019-12-01-at-16.09.44.mp4<\/a><\/video><\/div>\n<p>&nbsp;<\/p>\n<p><strong>GIANNI SANTOMASO<\/strong><\/p>\n<audio class=\"wp-audio-shortcode\" id=\"audio-108272-2\" preload=\"none\" style=\"width: 100%;\" controls=\"controls\"><source type=\"audio\/mpeg\" src=\"http:\/\/www.radiopiu.net\/wordpress\/wp-content\/uploads\/2019\/12\/GIANNI-CORDEMOLE.mp3?_=2\" \/><a href=\"http:\/\/www.radiopiu.net\/wordpress\/wp-content\/uploads\/2019\/12\/GIANNI-CORDEMOLE.mp3\">http:\/\/www.radiopiu.net\/wordpress\/wp-content\/uploads\/2019\/12\/GIANNI-CORDEMOLE.mp3<\/a><\/audio>\n<p>&nbsp;<\/p>\n<p><strong>IL SINDACO GIOCONDO DALLE FESTE<\/strong><\/p>\n<audio class=\"wp-audio-shortcode\" id=\"audio-108272-3\" preload=\"none\" style=\"width: 100%;\" controls=\"controls\"><source type=\"audio\/mpeg\" src=\"http:\/\/www.radiopiu.net\/wordpress\/wp-content\/uploads\/2019\/12\/GIOCONDO.mp3?_=3\" \/><a href=\"http:\/\/www.radiopiu.net\/wordpress\/wp-content\/uploads\/2019\/12\/GIOCONDO.mp3\">http:\/\/www.radiopiu.net\/wordpress\/wp-content\/uploads\/2019\/12\/GIOCONDO.mp3<\/a><\/audio>\n<p>&nbsp;<\/p>\n<p><strong>GALLERIA FOTOGRAFICA<\/strong><\/p>\n\n\t\t\t<style type='text\/css'>\n\t\t\t\t#gallery-1 {\n\t\t\t\t\tmargin: auto;\n\t\t\t\t}\n\t\t\t\t#gallery-1 .gallery-item {\n\t\t\t\t\tfloat: left;\n\t\t\t\t\tmargin-top: 10px;\n\t\t\t\t\ttext-align: center;\n\t\t\t\t\twidth: 33%;\n\t\t\t\t}\n\t\t\t\t#gallery-1 img {\n\t\t\t\t\tborder: 2px solid #cfcfcf;\n\t\t\t\t}\n\t\t\t\t#gallery-1 .gallery-caption {\n\t\t\t\t\tmargin-left: 0;\n\t\t\t\t}\n\t\t\t\t\/* see gallery_shortcode() in wp-includes\/media.php *\/\n\t\t\t<\/style>\n\t\t<div id='gallery-1' class='dt-gallery-container gallery galleryid-108272 gallery-columns-3 gallery-size-thumbnail'><dl class='gallery-item'>\n\t\t\t\t<dt class='gallery-icon landscape'>\n\t\t\t\t\t<a class=\"rollover\" href='https:\/\/www.radiopiu.net\/wordpress\/108272-2\/whatsapp-image-2019-12-01-at-16-09-45\/'><img loading=\"lazy\" decoding=\"async\" width=\"150\" height=\"150\" src=\"https:\/\/www.radiopiu.net\/wordpress\/wp-content\/uploads\/2019\/12\/WhatsApp-Image-2019-12-01-at-16.09.45-150x150.jpeg\" class=\"attachment-thumbnail size-thumbnail\" alt=\"\" \/><\/a>\n\t\t\t\t<\/dt><\/dl><dl class='gallery-item'>\n\t\t\t\t<dt class='gallery-icon landscape'>\n\t\t\t\t\t<a class=\"rollover\" href='https:\/\/www.radiopiu.net\/wordpress\/108272-2\/whatsapp-image-2019-12-01-at-16-09-44\/'><img loading=\"lazy\" decoding=\"async\" width=\"150\" height=\"150\" src=\"https:\/\/www.radiopiu.net\/wordpress\/wp-content\/uploads\/2019\/12\/WhatsApp-Image-2019-12-01-at-16.09.44-150x150.jpeg\" class=\"attachment-thumbnail size-thumbnail\" alt=\"\" \/><\/a>\n\t\t\t\t<\/dt><\/dl><dl class='gallery-item'>\n\t\t\t\t<dt class='gallery-icon portrait'>\n\t\t\t\t\t<a class=\"rollover\" href='https:\/\/www.radiopiu.net\/wordpress\/108272-2\/whatsapp-image-2019-12-01-at-15-53-20-1\/'><img loading=\"lazy\" decoding=\"async\" width=\"150\" height=\"150\" src=\"https:\/\/www.radiopiu.net\/wordpress\/wp-content\/uploads\/2019\/12\/WhatsApp-Image-2019-12-01-at-15.53.20-1-150x150.jpeg\" class=\"attachment-thumbnail size-thumbnail\" alt=\"\" \/><\/a>\n\t\t\t\t<\/dt><\/dl><br style=\"clear: both\" \/><dl class='gallery-item'>\n\t\t\t\t<dt class='gallery-icon portrait'>\n\t\t\t\t\t<a class=\"rollover\" href='https:\/\/www.radiopiu.net\/wordpress\/108272-2\/whatsapp-image-2019-12-01-at-15-53-20-3\/'><img loading=\"lazy\" decoding=\"async\" width=\"150\" height=\"150\" src=\"https:\/\/www.radiopiu.net\/wordpress\/wp-content\/uploads\/2019\/12\/WhatsApp-Image-2019-12-01-at-15.53.20-3-150x150.jpeg\" class=\"attachment-thumbnail size-thumbnail\" alt=\"\" \/><\/a>\n\t\t\t\t<\/dt><\/dl><dl class='gallery-item'>\n\t\t\t\t<dt class='gallery-icon portrait'>\n\t\t\t\t\t<a class=\"rollover\" href='https:\/\/www.radiopiu.net\/wordpress\/108272-2\/whatsapp-image-2019-12-01-at-15-53-20-4\/'><img loading=\"lazy\" decoding=\"async\" width=\"150\" height=\"150\" src=\"https:\/\/www.radiopiu.net\/wordpress\/wp-content\/uploads\/2019\/12\/WhatsApp-Image-2019-12-01-at-15.53.20-4-150x150.jpeg\" class=\"attachment-thumbnail size-thumbnail\" alt=\"\" \/><\/a>\n\t\t\t\t<\/dt><\/dl><dl class='gallery-item'>\n\t\t\t\t<dt class='gallery-icon landscape'>\n\t\t\t\t\t<a class=\"rollover\" href='https:\/\/www.radiopiu.net\/wordpress\/108272-2\/whatsapp-image-2019-12-01-at-15-53-20-5\/'><img loading=\"lazy\" decoding=\"async\" width=\"150\" height=\"150\" src=\"https:\/\/www.radiopiu.net\/wordpress\/wp-content\/uploads\/2019\/12\/WhatsApp-Image-2019-12-01-at-15.53.20-5-150x150.jpeg\" class=\"attachment-thumbnail size-thumbnail\" alt=\"\" \/><\/a>\n\t\t\t\t<\/dt><\/dl><br style=\"clear: both\" \/>\n\t\t\t<\/div>\n\n<p>&nbsp;<\/p>\n<p>&nbsp;<\/p>\n<p>&nbsp;<\/p>\n<p>&nbsp;<\/p>\n<h3>UN IMPROVVISO MALORE IN CASA. MORTO L&#8217;EX ASSESSORE PROVINCIALE BALZAN.<\/h3>\n<p><strong><a class=\"dt-pswp-item\" href=\"http:\/\/www.radiopiu.net\/wordpress\/wp-content\/uploads\/2019\/12\/WhatsApp-Image-2019-12-01-at-13.17.25.jpeg\" data-dt-img-description=\"\" data-large_image_width=\"720\" data-large_image_height=\"1440\"><img loading=\"lazy\" decoding=\"async\" class=\" wp-image-108260 alignleft\" src=\"http:\/\/www.radiopiu.net\/wordpress\/wp-content\/uploads\/2019\/12\/WhatsApp-Image-2019-12-01-at-13.17.25-150x300.jpeg\" alt=\"\" width=\"81\" height=\"162\" srcset=\"https:\/\/www.radiopiu.net\/wordpress\/wp-content\/uploads\/2019\/12\/WhatsApp-Image-2019-12-01-at-13.17.25-150x300.jpeg 150w, https:\/\/www.radiopiu.net\/wordpress\/wp-content\/uploads\/2019\/12\/WhatsApp-Image-2019-12-01-at-13.17.25-512x1024.jpeg 512w, https:\/\/www.radiopiu.net\/wordpress\/wp-content\/uploads\/2019\/12\/WhatsApp-Image-2019-12-01-at-13.17.25.jpeg 720w\" sizes=\"auto, (max-width: 81px) 100vw, 81px\" \/><\/a>BELLUNO<\/strong> Nella notte \u00e8 morto a Belluno Pietro Balzan, 74 anni ingegnere e gi\u00e0 impegnato come amministratore. Non rispondeva alle chiamate dei familiari che hanno chiesto aiuto ai Carabinieri del Norm. L&#8217;uomo \u00e8 stato ritrovato nella sua abitazione di via Garibaldi, la porta d&#8217;ingresso era chiusa, deceduto per cause naturali come confermato dai sanitari.<\/p>\n<blockquote><p><strong>DALLA PROVINCIA<\/strong> \u00abLa notizia della morte di Piero Balzan, cos\u00ec improvvisa e aspra, ci lascia senza parole\u00bb. Cos\u00ec in una nota il presidente della Provincia Roberto Padrin, raggiunto dall\u2019annuncio della scomparsa dell\u2019ex assessore provinciale.<br \/>\n\u00abPiero Balzan aveva percorso un tratto della sua vita da amministratore provinciale, mettendo il suo tempo e la sua professionalit\u00e0 a servizio del nostro territorio. E anche dopo la parentesi amministrativa, aveva continuato a farsi portatore di idee utili per la nostra provincia, da uomo schivo e genuino. La sua scomparsa ci lascia quell\u2019amarezza che \u00e8 inevitabile quando se ne va una persona perbene. Da parte di tutta l\u2019amministrazione provinciale le pi\u00f9 sentite condoglianze ai famigliari e agli amici\u00bb.<\/p><\/blockquote>\n<p><strong>DA VIVAIO DOLOMITI <\/strong>Vivaio Dolomiti con profondo cordoglio piange la morte dell&#8217;amico Piero, colonna portante del nostro direttivo Sarai sempre nei nostri cuori, faremo tesoro delle esperienze che ci hai trasmesso. Ciao Piero, ti promettiamo il massimo impegno per portare avanti i tuoi progetti. Un saluto grande da parte di tutti noi.<\/p>\n<p>&nbsp;<\/p>\n<p>&nbsp;<\/p>\n<h3>FUORI PERICOLO IL BIMBO CADUTO DA UN MURO DI DUE METRI<\/h3>\n<p><strong>DANTA DI CADORE<\/strong> Fuori pericolo il bambino di dieci anni di Cavrie di San Biagio, vittima, sabato pomeriggio, di una brutta caduta mentre giocava a palle di neve a Danta, dove la famiglia ha una seconda casa. \u00abHo saputo che non sarebbe pi\u00f9 pericolo di vita\u00bb, ha detto il sindaco di San Biagio di Callalta Alberto Cappelletto.<\/p>\n<p>&nbsp;<\/p>\n<p>&nbsp;<\/p>\n<h3>CONTROLLI DEL FINE SETTIMANA, TRE PATENTI RITIRATE. I CARABINIERI POTENZIATO I CONTROLLI PER PREVENIRE I FURTI<\/h3>\n<p><strong>BELLUNO<\/strong> Polizia locale e\u00a0 Stradale sabato tra le 22.30 e\u00a0 l&#8217;una\u00a0 hanno controllato centinaia di auto e sono state ritirate tre patenti: due automobilisti hanno soffiato 0,82 e 0,98, a Marisiga invece il tasso alcolemico del conducente fermato \u00e8 arrivato a 0,72.\u00a0 Per prevenire i furti in abitazione, i carabinieri hanno potenziato i controlli sul territorio fra sabato e ieri. Cinque pattuglie hanno gravitato fra Belluno, Ponte nelle Alpi, Limana e Longarone, con la presenza e il coordinamento del maggiore Emanuela Cervellera.<\/p>\n<p>&nbsp;<\/p>\n<p>&nbsp;<\/p>\n<h2>CROCE VERDE VAL BIOIS IL RICONOSCIMENTO DEL TERRITORIO<\/h2>\n<p><strong><a class=\"dt-pswp-item\" href=\"http:\/\/www.radiopiu.net\/wordpress\/wp-content\/uploads\/2019\/03\/CROCE.jpg\" data-dt-img-description=\"\" data-large_image_width=\"273\" data-large_image_height=\"184\"><img loading=\"lazy\" decoding=\"async\" class=\"size-full wp-image-80527 alignleft\" src=\"http:\/\/www.radiopiu.net\/wordpress\/wp-content\/uploads\/2019\/03\/CROCE.jpg\" alt=\"\" width=\"273\" height=\"184\" \/><\/a>FALCADE<\/strong><em>\u00a0&#8220;Abbiamo invertito il trend negativo degli anni scorsi.\u00a0Rimaniamo in forte difficolt\u00e0 per la copertura del servizio h24 in convenzione ULSS, per il mese di dicembre al momento abbiamo coperto tutte le giornate (si auspica non si ammali qualcuno, siamo al limite)&#8221;.<\/em>\u00a0Questa la dichiarazione del presidente della Croce Verde Val Biois Stefano Murer che sottolinea pero&#8217; come\u00a0 Il mese di gennaio avr\u00e0 sicuramente delle deficienze in quanto, nonostante le innumerevoli sedute formative da parte della ULSS Dolomiti, alcuni volontari non sono aggiornati e pertanto non utilizzabili come equipaggio in emergenza dal\u00a0 primo\u00a0 febbraio. &#8220;<em>Devo segnalare &#8211;\u00a0 dice Murer &#8211;\u00a0 che da parte della ULSS e in particolare della scuola di Formazione c&#8217;\u00e8 stato un notevole impegno per garantire alla croce verde Val Biois di aggiornate i propri volontari, a cadenza mensile, ad esclusione dei mesi di luglio e agosto c&#8217;\u00e8 stata la possibilit\u00e0 per il volontari di aggiornarsi, ma alcuni di loro non hanno trovato tempo libero in queste date, peccato&#8221;.<\/em><\/p>\n<p><strong>LETTERA AI SOSTENITORI<\/strong><\/p>\n<blockquote><p><em>Abbiamo raccolto i dati dei sostenitori sul territorio di competenza della Croce Verde Val Biois e si deve significare un notevole riconoscimento da parte del territorio, pi\u00f9 8,42% rispetto al 2018. Siamo passati da 583 sostenitori a 635 nonostante il maggior costo del tesseramento rispetto all\u2019anno precedente. Cosa significa sostenere la Croce Verde: \uf0b7 \u00e8 il riconoscimento morale ai volontari dell\u2019impegno che mettono a disposizione per il territorio. Sapere che i cittadini sostengono questo sodalizio \u00e8 di incoraggiamento per gli 86 volontari effettivi a svolgere l\u2019impegnativo ruolo di soccorritore; \uf0b7 sostenere la croce verde ti da diritto a tutti i trasporti sanitari, non in convenzione con la ULSS Dolomiti 1, gratuiti su territorio ULSS e a un viaggio sanitario, non in convenzione ULSS, gratuito nella Regione del Veneto e alla riduzione del 50% della tariffa prevista per gli altri casi. Un ringraziamento notevole va al ruolo fondamentale degli organi di stampa e in particolare della locale emittente RADIOPIU\u2019 che con la loro continua informazione sulle problematiche della Croce Verde a fatto avvicinare nuovi sostenitori. Nell\u2019auspicio di non essere a servizio del territorio invitiamo a sostenere concretamente con la tessera associativa il sodalizio e nel caso di personale predisposizione al servizio attivo di contattare il consiglio d\u2019amministrazione per conoscere come diventare volontario.<\/em><\/p><\/blockquote>\n<p>&nbsp;<\/p>\n<p>&nbsp;<\/p>\n<h2>NUOVI ORARI PER LA NAVETTA LUXOTTICA AD AGORDO<\/h2>\n<p class=\"p1\"><span class=\"s1\"><strong>AGORDO<\/strong> Entra in vigore a partire da domani il nuovo orario della navetta che trasporta gli operai da e per lo stabilimento Luxottica di Agordo verso i parcheggi fuori Valcozzena ed il centro del paese. Per agevolare coloro che in questo momento usano il part time incentivato, la commissione trasporti RSU e l\u2019azienda hanno incrementato il servizio mettendo a disposizione i mezzi di trasporto anche negli orari di fine turno, alle 14 e alle 20. <\/span><\/p>\n<p class=\"p1\"><strong><span class=\"s1\">QUESTI I NUOVI ORARI DELLA NAVETTA LUXOTTICA<\/span><\/strong><\/p>\n<p><a class=\"dt-pswp-item\" href=\"http:\/\/www.radiopiu.net\/wordpress\/wp-content\/uploads\/2019\/12\/ORARI-NAVETTA-LUX-DA-DICEMBRE-2019.jpeg\" data-dt-img-description=\"\" data-large_image_width=\"720\" data-large_image_height=\"1280\"><img loading=\"lazy\" decoding=\"async\" class=\"wp-image-108263 alignnone\" src=\"http:\/\/www.radiopiu.net\/wordpress\/wp-content\/uploads\/2019\/12\/ORARI-NAVETTA-LUX-DA-DICEMBRE-2019-576x1024.jpeg\" alt=\"\" width=\"190\" height=\"338\" srcset=\"https:\/\/www.radiopiu.net\/wordpress\/wp-content\/uploads\/2019\/12\/ORARI-NAVETTA-LUX-DA-DICEMBRE-2019-576x1024.jpeg 576w, https:\/\/www.radiopiu.net\/wordpress\/wp-content\/uploads\/2019\/12\/ORARI-NAVETTA-LUX-DA-DICEMBRE-2019-169x300.jpeg 169w, https:\/\/www.radiopiu.net\/wordpress\/wp-content\/uploads\/2019\/12\/ORARI-NAVETTA-LUX-DA-DICEMBRE-2019.jpeg 720w\" sizes=\"auto, (max-width: 190px) 100vw, 190px\" \/><\/a><\/p>\n<p>&nbsp;<\/p>\n<p>&nbsp;<\/p>\n<p>&nbsp;<\/p>\n<h3><a class=\"dt-pswp-item\" href=\"http:\/\/www.radiopiu.net\/wordpress\/wp-content\/uploads\/2018\/06\/Scuola-Sci-Equipe.jpg\" data-dt-img-description=\"\" data-large_image_width=\"3186\" data-large_image_height=\"2122\"><img loading=\"lazy\" decoding=\"async\" class=\" wp-image-50777 alignleft\" src=\"http:\/\/www.radiopiu.net\/wordpress\/wp-content\/uploads\/2018\/06\/Scuola-Sci-Equipe-300x200.jpg\" alt=\"\" width=\"212\" height=\"141\" srcset=\"https:\/\/www.radiopiu.net\/wordpress\/wp-content\/uploads\/2018\/06\/Scuola-Sci-Equipe-300x200.jpg 300w, https:\/\/www.radiopiu.net\/wordpress\/wp-content\/uploads\/2018\/06\/Scuola-Sci-Equipe-768x512.jpg 768w, https:\/\/www.radiopiu.net\/wordpress\/wp-content\/uploads\/2018\/06\/Scuola-Sci-Equipe-1024x682.jpg 1024w\" sizes=\"auto, (max-width: 212px) 100vw, 212px\" \/><\/a>UNA STAGIONE INVERNALE IMPORTANTE. NEL FINE SETTIMANA MIGLIAIA SUGLI SCI<\/h3>\n<p><strong>IL PUNTO CON RENZO MINELLA, DALLA RASSEGNA STAMPA<\/strong><\/p>\n<audio class=\"wp-audio-shortcode\" id=\"audio-108272-4\" preload=\"none\" style=\"width: 100%;\" controls=\"controls\"><source type=\"audio\/mpeg\" src=\"http:\/\/www.radiopiu.net\/wordpress\/wp-content\/uploads\/2019\/12\/MINELLA.mp3?_=4\" \/><a href=\"http:\/\/www.radiopiu.net\/wordpress\/wp-content\/uploads\/2019\/12\/MINELLA.mp3\">http:\/\/www.radiopiu.net\/wordpress\/wp-content\/uploads\/2019\/12\/MINELLA.mp3<\/a><\/audio>\n<p>&nbsp;<\/p>\n<p>&nbsp;<\/p>\n<p>&nbsp;<\/p>\n<p>&nbsp;<\/p>\n<h2>NUOVE TELECAMERE AD ALLEGHE PER IL CONTROLLO DEL TERRITORIO<\/h2>\n<p><strong>ALLEGHE Cantieri importanti non solo sul lago di Alleghe, anche in centro con le nuove telecamere. Lavori anche a Caprile in piazza. Con i soldi di vaia contributi per i vigli del fuoco e nuovo parco giochi.<\/strong><\/p>\n<p><strong>DI GIANNI SANTOMASO\u00a0<\/strong><\/p>\n<audio class=\"wp-audio-shortcode\" id=\"audio-108272-5\" preload=\"none\" style=\"width: 100%;\" controls=\"controls\"><source type=\"audio\/mpeg\" src=\"http:\/\/www.radiopiu.net\/wordpress\/wp-content\/uploads\/2019\/12\/VIDEO-SORVEGLIANZA.mp3?_=5\" \/><a href=\"http:\/\/www.radiopiu.net\/wordpress\/wp-content\/uploads\/2019\/12\/VIDEO-SORVEGLIANZA.mp3\">http:\/\/www.radiopiu.net\/wordpress\/wp-content\/uploads\/2019\/12\/VIDEO-SORVEGLIANZA.mp3<\/a><\/audio>\n<p><a class=\"dt-pswp-item\" href=\"http:\/\/www.radiopiu.net\/wordpress\/wp-content\/uploads\/2019\/12\/WhatsApp-Image-2019-12-01-at-13.27.26-1.jpeg\" data-dt-img-description=\"\" data-large_image_width=\"2048\" data-large_image_height=\"1536\"><img loading=\"lazy\" decoding=\"async\" class=\"alignnone wp-image-108293\" src=\"http:\/\/www.radiopiu.net\/wordpress\/wp-content\/uploads\/2019\/12\/WhatsApp-Image-2019-12-01-at-13.27.26-1-300x225.jpeg\" alt=\"\" width=\"220\" height=\"165\" srcset=\"https:\/\/www.radiopiu.net\/wordpress\/wp-content\/uploads\/2019\/12\/WhatsApp-Image-2019-12-01-at-13.27.26-1-300x225.jpeg 300w, https:\/\/www.radiopiu.net\/wordpress\/wp-content\/uploads\/2019\/12\/WhatsApp-Image-2019-12-01-at-13.27.26-1-768x576.jpeg 768w, https:\/\/www.radiopiu.net\/wordpress\/wp-content\/uploads\/2019\/12\/WhatsApp-Image-2019-12-01-at-13.27.26-1-1024x768.jpeg 1024w, https:\/\/www.radiopiu.net\/wordpress\/wp-content\/uploads\/2019\/12\/WhatsApp-Image-2019-12-01-at-13.27.26-1.jpeg 2048w\" sizes=\"auto, (max-width: 220px) 100vw, 220px\" \/><\/a><a class=\"dt-pswp-item\" href=\"http:\/\/www.radiopiu.net\/wordpress\/wp-content\/uploads\/2019\/12\/WhatsApp-Image-2019-12-01-at-13.27.26.jpeg\" data-dt-img-description=\"\" data-large_image_width=\"2048\" data-large_image_height=\"1536\"><img loading=\"lazy\" decoding=\"async\" class=\"alignnone wp-image-108294\" src=\"http:\/\/www.radiopiu.net\/wordpress\/wp-content\/uploads\/2019\/12\/WhatsApp-Image-2019-12-01-at-13.27.26-300x225.jpeg\" alt=\"\" width=\"216\" height=\"162\" srcset=\"https:\/\/www.radiopiu.net\/wordpress\/wp-content\/uploads\/2019\/12\/WhatsApp-Image-2019-12-01-at-13.27.26-300x225.jpeg 300w, https:\/\/www.radiopiu.net\/wordpress\/wp-content\/uploads\/2019\/12\/WhatsApp-Image-2019-12-01-at-13.27.26-768x576.jpeg 768w, https:\/\/www.radiopiu.net\/wordpress\/wp-content\/uploads\/2019\/12\/WhatsApp-Image-2019-12-01-at-13.27.26-1024x768.jpeg 1024w, https:\/\/www.radiopiu.net\/wordpress\/wp-content\/uploads\/2019\/12\/WhatsApp-Image-2019-12-01-at-13.27.26.jpeg 2048w\" sizes=\"auto, (max-width: 216px) 100vw, 216px\" \/><\/a><a class=\"dt-pswp-item\" href=\"http:\/\/www.radiopiu.net\/wordpress\/wp-content\/uploads\/2019\/12\/WhatsApp-Image-2019-12-01-at-13.27.25-1.jpeg\" data-dt-img-description=\"\" data-large_image_width=\"2048\" data-large_image_height=\"1536\"><img loading=\"lazy\" decoding=\"async\" class=\"alignnone wp-image-108295\" src=\"http:\/\/www.radiopiu.net\/wordpress\/wp-content\/uploads\/2019\/12\/WhatsApp-Image-2019-12-01-at-13.27.25-1-300x225.jpeg\" alt=\"\" width=\"239\" height=\"179\" srcset=\"https:\/\/www.radiopiu.net\/wordpress\/wp-content\/uploads\/2019\/12\/WhatsApp-Image-2019-12-01-at-13.27.25-1-300x225.jpeg 300w, https:\/\/www.radiopiu.net\/wordpress\/wp-content\/uploads\/2019\/12\/WhatsApp-Image-2019-12-01-at-13.27.25-1-768x576.jpeg 768w, https:\/\/www.radiopiu.net\/wordpress\/wp-content\/uploads\/2019\/12\/WhatsApp-Image-2019-12-01-at-13.27.25-1-1024x768.jpeg 1024w, https:\/\/www.radiopiu.net\/wordpress\/wp-content\/uploads\/2019\/12\/WhatsApp-Image-2019-12-01-at-13.27.25-1.jpeg 2048w\" sizes=\"auto, (max-width: 239px) 100vw, 239px\" \/><\/a><a class=\"dt-pswp-item\" href=\"http:\/\/www.radiopiu.net\/wordpress\/wp-content\/uploads\/2019\/12\/WhatsApp-Image-2019-12-01-at-13.27.25.jpeg\" data-dt-img-description=\"\" data-large_image_width=\"2048\" data-large_image_height=\"1536\"><img loading=\"lazy\" decoding=\"async\" class=\"alignnone wp-image-108296\" src=\"http:\/\/www.radiopiu.net\/wordpress\/wp-content\/uploads\/2019\/12\/WhatsApp-Image-2019-12-01-at-13.27.25-300x225.jpeg\" alt=\"\" width=\"244\" height=\"183\" srcset=\"https:\/\/www.radiopiu.net\/wordpress\/wp-content\/uploads\/2019\/12\/WhatsApp-Image-2019-12-01-at-13.27.25-300x225.jpeg 300w, https:\/\/www.radiopiu.net\/wordpress\/wp-content\/uploads\/2019\/12\/WhatsApp-Image-2019-12-01-at-13.27.25-768x576.jpeg 768w, https:\/\/www.radiopiu.net\/wordpress\/wp-content\/uploads\/2019\/12\/WhatsApp-Image-2019-12-01-at-13.27.25-1024x768.jpeg 1024w, https:\/\/www.radiopiu.net\/wordpress\/wp-content\/uploads\/2019\/12\/WhatsApp-Image-2019-12-01-at-13.27.25.jpeg 2048w\" sizes=\"auto, (max-width: 244px) 100vw, 244px\" \/><\/a><\/p>\n<p>&nbsp;<\/p>\n<p>&nbsp;<\/p>\n<p>&nbsp;<\/p>\n<p>&nbsp;<\/p>\n<p>&nbsp;<\/p>\n<h2><a class=\"dt-pswp-item\" href=\"http:\/\/www.radiopiu.net\/wordpress\/wp-content\/uploads\/2019\/12\/solforosa0.jpg\" data-dt-img-description=\"\" data-large_image_width=\"960\" data-large_image_height=\"540\"><img loading=\"lazy\" decoding=\"async\" class=\" wp-image-108297 alignleft\" src=\"http:\/\/www.radiopiu.net\/wordpress\/wp-content\/uploads\/2019\/12\/solforosa0-300x169.jpg\" alt=\"\" width=\"202\" height=\"114\" srcset=\"https:\/\/www.radiopiu.net\/wordpress\/wp-content\/uploads\/2019\/12\/solforosa0-300x169.jpg 300w, https:\/\/www.radiopiu.net\/wordpress\/wp-content\/uploads\/2019\/12\/solforosa0-768x432.jpg 768w, https:\/\/www.radiopiu.net\/wordpress\/wp-content\/uploads\/2019\/12\/solforosa0.jpg 960w\" sizes=\"auto, (max-width: 202px) 100vw, 202px\" \/><\/a><\/h2>\n<h2><\/h2>\n<h2>VALEGIATE, SORGENTE DI ACQUA SOLFOROSA IL COMUNE AL TERZO RINNOVO<\/h2>\n<p><strong>ALLEGHE<\/strong> Ecco di nuovo l&#8217;acqua solforosa, 1200 euro alla Provincia per il canone di concessione. Il sindaco &#8220;servono idee&#8221;<\/p>\n<p>di GIANNI SANTOMASO<\/p>\n<audio class=\"wp-audio-shortcode\" id=\"audio-108272-6\" preload=\"none\" style=\"width: 100%;\" controls=\"controls\"><source type=\"audio\/mpeg\" src=\"http:\/\/www.radiopiu.net\/wordpress\/wp-content\/uploads\/2019\/12\/ACQUA-SOLFOROSA.mp3?_=6\" \/><a href=\"http:\/\/www.radiopiu.net\/wordpress\/wp-content\/uploads\/2019\/12\/ACQUA-SOLFOROSA.mp3\">http:\/\/www.radiopiu.net\/wordpress\/wp-content\/uploads\/2019\/12\/ACQUA-SOLFOROSA.mp3<\/a><\/audio>\n<p>&nbsp;<\/p>\n<p>&nbsp;<\/p>\n<p>&nbsp;<\/p>\n<div class=\"mceTemp\"><\/div>\n<h2>SANTA BARBARA, IL GIORNO DEI PERITI MINERARI AD AGORDO<\/h2>\n<p><strong>DI GIANNI SANTOMASO<\/strong><\/p>\n<audio class=\"wp-audio-shortcode\" id=\"audio-108272-7\" preload=\"none\" style=\"width: 100%;\" controls=\"controls\"><source type=\"audio\/mpeg\" src=\"http:\/\/www.radiopiu.net\/wordpress\/wp-content\/uploads\/2019\/12\/SANTA-BARBARA.mp3?_=7\" \/><a href=\"http:\/\/www.radiopiu.net\/wordpress\/wp-content\/uploads\/2019\/12\/SANTA-BARBARA.mp3\">http:\/\/www.radiopiu.net\/wordpress\/wp-content\/uploads\/2019\/12\/SANTA-BARBARA.mp3<\/a><\/audio>\n<blockquote><p><em>FOTO ARCHIVIO RADIO PIU&#8217;&#8230;. TANTI ANNI FA CON ALCIDE ZAS FRIZ, CHERUBINO MIANA E MARCELLO FUSINA, SANTA BARBARA SARA&#8217; L&#8217;OCCASIONE IN PIU&#8217; PER RICORDARE I NOSTRI PERITI MINERARI.\u00a0<\/em><\/p><\/blockquote>\n<p><a class=\"dt-pswp-item\" href=\"http:\/\/www.radiopiu.net\/wordpress\/wp-content\/uploads\/2019\/12\/PC070018-1024x768.jpg\" data-dt-img-description=\"OLYMPUS DIGITAL CAMERA\" data-large_image_width=\"1024\" data-large_image_height=\"768\"><img loading=\"lazy\" decoding=\"async\" class=\"alignnone wp-image-108301 size-large\" src=\"http:\/\/www.radiopiu.net\/wordpress\/wp-content\/uploads\/2019\/12\/PC070018-1024x768-1024x768.jpg\" alt=\"\" width=\"1024\" height=\"768\" srcset=\"https:\/\/www.radiopiu.net\/wordpress\/wp-content\/uploads\/2019\/12\/PC070018-1024x768.jpg 1024w, https:\/\/www.radiopiu.net\/wordpress\/wp-content\/uploads\/2019\/12\/PC070018-1024x768-300x225.jpg 300w, https:\/\/www.radiopiu.net\/wordpress\/wp-content\/uploads\/2019\/12\/PC070018-1024x768-768x576.jpg 768w\" sizes=\"auto, (max-width: 1024px) 100vw, 1024px\" \/><\/a><\/p>\n<p>&nbsp;<\/p>\n<p>&nbsp;<\/p>\n<p>&nbsp;<\/p>\n<p>&nbsp;<\/p>\n<h2><a class=\"dt-pswp-item\" href=\"http:\/\/www.radiopiu.net\/wordpress\/wp-content\/uploads\/2017\/05\/GIOVANNI-NINO-DEON.jpg\" data-dt-img-description=\"\" data-large_image_width=\"745\" data-large_image_height=\"721\"><img loading=\"lazy\" decoding=\"async\" class=\"wp-image-32109 alignleft\" src=\"http:\/\/www.radiopiu.net\/wordpress\/wp-content\/uploads\/2017\/05\/GIOVANNI-NINO-DEON-300x290.jpg\" alt=\"\" width=\"149\" height=\"144\" \/><\/a>IERI ALLA RADIO<\/h2>\n<p><strong>DI GIANNI SANTOMASO, LA RASSEGNA DA L&#8217;AMICO DEL POPOLO. OSPITE GIOVANNI NINO DEON SINDACO DI RIVAMONTE E ASSESSORE IN UNIONE MONTANA AGORDINA<\/strong><\/p>\n<audio class=\"wp-audio-shortcode\" id=\"audio-108272-8\" preload=\"none\" style=\"width: 100%;\" controls=\"controls\"><source type=\"audio\/mpeg\" src=\"http:\/\/www.radiopiu.net\/wordpress\/wp-content\/uploads\/2019\/11\/RASSEGNA-GIANNI-4.mp3?_=8\" \/><a href=\"http:\/\/www.radiopiu.net\/wordpress\/wp-content\/uploads\/2019\/11\/RASSEGNA-GIANNI-4.mp3\">http:\/\/www.radiopiu.net\/wordpress\/wp-content\/uploads\/2019\/11\/RASSEGNA-GIANNI-4.mp3<\/a><\/audio>\n<p>&nbsp;<\/p>\n<p>&nbsp;<\/p>\n<p>&nbsp;<\/p>\n<p>&nbsp;<\/p>\n<h2><span style=\"color: #ff0000;\">IL VIDEO DEL GIORNO<\/span><\/h2>\n<p><strong>GOSALDO<\/strong> Siamo stati a Malga Cavallera qualche settimana fa per vedere i nuovo investimenti del Comune. Purtroppo la nebbia in una giornata piovosa non ci ha permesso di documentare il bello dall&#8217;alto. Per noi \u00e8 tornato in quota il sindaco Giocondo Dalle Feste che ci guida alla scoperta di una meravigliosa corona di vette Dolomitiche<\/p>\n<div style=\"width: 1200px;\" class=\"wp-video\"><video class=\"wp-video-shortcode\" id=\"video-108272-2\" width=\"1200\" height=\"675\" preload=\"metadata\" controls=\"controls\"><source type=\"video\/mp4\" src=\"http:\/\/www.radiopiu.net\/wordpress\/wp-content\/uploads\/2019\/12\/WhatsApp-Video-2019-12-01-at-15.51.21.mp4?_=2\" \/><a href=\"http:\/\/www.radiopiu.net\/wordpress\/wp-content\/uploads\/2019\/12\/WhatsApp-Video-2019-12-01-at-15.51.21.mp4\">http:\/\/www.radiopiu.net\/wordpress\/wp-content\/uploads\/2019\/12\/WhatsApp-Video-2019-12-01-at-15.51.21.mp4<\/a><\/video><\/div>\n<p>&nbsp;<\/p>\n<p>&nbsp;<\/p>\n<p>&nbsp;<\/p>\n<p>&nbsp;<\/p>\n<h2>AL VIA IL CONFRONTO PER LA CARTA ITTICA, DE BON: \u00abSAR\u00c0 UN PERCORSO CONDIVISO CON I BACINI DI PESCA\u00bb<\/h2>\n<p><strong>BELLUNO<\/strong> \u00c8 cominciato ieri sera il percorso avviato dalla Provincia di Belluno per arrivare alla stesura della carta ittica regionale. Si tratta di una possibilit\u00e0 data all\u2019amministrazione provinciale per inserire alcune peculiarit\u00e0 nella formazione del nuovo documento sulla gestione della pesca che sar\u00e0 predisposto dalla Regione Veneto per tutto il territorio regionale. Nella sala affreschi di Palazzo Piloni, si sono riuniti i responsabili dei bacini di pesca, per cominciare ad avanzare le proposte, che dovranno pervenire alla Regione in maniera unitaria entro il 13 febbraio. Presente anche il dottor Marco Zanetti, biologo esperto di attivit\u00e0 alieutica e tecnico responsabile della redazione della carta ittica regionale.<\/p>\n<p><strong>IL CONSIGLIERE PROVINCIALE DELEGATO A CACCIA E PESCA FRANCO DE BON\u00a0<\/strong><\/p>\n<audio class=\"wp-audio-shortcode\" id=\"audio-108272-9\" preload=\"none\" style=\"width: 100%;\" controls=\"controls\"><source type=\"audio\/mpeg\" src=\"http:\/\/www.radiopiu.net\/wordpress\/wp-content\/uploads\/2019\/12\/Carta-ittica_De-Bon.mp3?_=9\" \/><a href=\"http:\/\/www.radiopiu.net\/wordpress\/wp-content\/uploads\/2019\/12\/Carta-ittica_De-Bon.mp3\">http:\/\/www.radiopiu.net\/wordpress\/wp-content\/uploads\/2019\/12\/Carta-ittica_De-Bon.mp3<\/a><\/audio>\n<p>&nbsp;<\/p>\n<p>&nbsp;<\/p>\n<p>&nbsp;<\/p>\n<p>&nbsp;<\/p>\n<h2>IL MARCIAPIEDE E&#8217; LA PRIORITA&#8217; CON I SOLDI DELLA FUSIONE CAMBIANO I PROGETTI<\/h2>\n<p><strong><a class=\"dt-pswp-item\" href=\"http:\/\/www.radiopiu.net\/wordpress\/wp-content\/uploads\/2019\/10\/municipio-Mel.jpg\" data-dt-img-description=\"\" data-large_image_width=\"768\" data-large_image_height=\"421\"><img loading=\"lazy\" decoding=\"async\" class=\"size-medium wp-image-102420 alignleft\" src=\"http:\/\/www.radiopiu.net\/wordpress\/wp-content\/uploads\/2019\/10\/municipio-Mel-300x164.jpg\" alt=\"\" width=\"300\" height=\"164\" srcset=\"https:\/\/www.radiopiu.net\/wordpress\/wp-content\/uploads\/2019\/10\/municipio-Mel-300x164.jpg 300w, https:\/\/www.radiopiu.net\/wordpress\/wp-content\/uploads\/2019\/10\/municipio-Mel.jpg 768w\" sizes=\"auto, (max-width: 300px) 100vw, 300px\" \/><\/a>BORGO VALBELLUNA<\/strong><\/p>\n<p><strong>DI DAMIANO TORMEN\u00a0<\/strong><\/p>\n<audio class=\"wp-audio-shortcode\" id=\"audio-108272-10\" preload=\"none\" style=\"width: 100%;\" controls=\"controls\"><source type=\"audio\/mpeg\" src=\"http:\/\/www.radiopiu.net\/wordpress\/wp-content\/uploads\/2019\/12\/BORGO-DAMIANO.mp3?_=10\" \/><a href=\"http:\/\/www.radiopiu.net\/wordpress\/wp-content\/uploads\/2019\/12\/BORGO-DAMIANO.mp3\">http:\/\/www.radiopiu.net\/wordpress\/wp-content\/uploads\/2019\/12\/BORGO-DAMIANO.mp3<\/a><\/audio>\n<p>&nbsp;<\/p>\n<p>&nbsp;<\/p>\n<p>&nbsp;<\/p>\n<p>&nbsp;<\/p>\n<h3>DAGLI SCHIANTI DI VAIA AL VATICANO: SCOPERTO ALLA MIG IL CALENDARIO DELL\u2019AVVENTO CHE LA PROVINCIA DONER\u00c0 A PAPA FRANCESCO<\/h3>\n<p><strong><a class=\"dt-pswp-item\" href=\"http:\/\/www.radiopiu.net\/wordpress\/wp-content\/uploads\/2019\/12\/presentazione-calendario-dellAvvento.jpg\" data-dt-img-description=\"\" data-large_image_width=\"640\" data-large_image_height=\"943\"><img loading=\"lazy\" decoding=\"async\" class=\"size-medium wp-image-108305 alignleft\" src=\"http:\/\/www.radiopiu.net\/wordpress\/wp-content\/uploads\/2019\/12\/presentazione-calendario-dellAvvento-204x300.jpg\" alt=\"\" width=\"204\" height=\"300\" srcset=\"https:\/\/www.radiopiu.net\/wordpress\/wp-content\/uploads\/2019\/12\/presentazione-calendario-dellAvvento-204x300.jpg 204w, https:\/\/www.radiopiu.net\/wordpress\/wp-content\/uploads\/2019\/12\/presentazione-calendario-dellAvvento.jpg 640w\" sizes=\"auto, (max-width: 204px) 100vw, 204px\" \/><\/a>BELLUNO<\/strong> Il presidente della Provincia ha inaugurato a Longarone Fiere la 60\u00aa edizione della Mig, Mostra Internazionale del Gelato, alla presenza del presidente della Regione Veneto, Luca Zaia, di numerosi sindaci bellunesi e delle altre autorit\u00e0 provinciali. \u00abLa Mig rappresenta sessant\u2019anni della nostra storia, perch\u00e9 riunisce a Longarone il mondo del gelato, quello che da sempre porta in giro per il mondo una delle peculiarit\u00e0 artigianali della nostra terra\u00bb ha detto il presidente Padrin nel suo discorso inaugurale. \u00ab\u00c8 per questo che provo dispiacere quanto sento dire che la Mostra Internazionale del Gelato Artigianale \u00e8 ormai una manifestazione passata di moda. Non \u00e8 cos\u00ec e l\u2019edizione dei sessant\u2019anni ne \u00e8 la chiara dimostrazione\u00bb. Durante la cerimonia di inaugurazione, nello stand allestito dalla Regione Veneto, \u00e8 stato presentato anche il calendario dell\u2019Avvento che la Provincia di Belluno, insieme alla Regione, doner\u00e0 a Papa Francesco. Si tratta di una scultura ricavata da uno dei tronchi schiantati dalla tempesta Vaia, nell\u2019ottobre 2018. Con 24 porticine, una per ogni giornata fino a Natale, contenenti i nomi di tutti i Comuni colpiti dal maltempo. La scultura \u00e8 stata realizzata da Rudi De Candido, artista del legno di Santo Stefano di Cadore, mentre i nomi dei Comuni sono stati vergati a mano da Floriano Cian, amanuense di Pieve di Cadore. Gli stemmi di Belluno e Regione sono opera della pittrice longaronese Cosetta Olivier. \u00abVaia \u00e8 durata poche ore, gli effetti dureranno anni. Ma dalla distruzione la nostra provincia sta rinascendo e questa scultura \u00e8 un segno importante e tangibile &#8211; ha commentato il presidente Padrin -. La doneremo al pontefice, in ricordo di Vaia e come omaggio di tutto il territorio bellunese, come abbiamo donato sia lo scorso anno che quest\u2019anno l\u2019albero di Natale per Palazzo Chigi. Ringrazio vivamente tutti gli artisti che hanno realizzato l\u2019opera e il dirigente Pierantonio Zanchetta che ha avuto l\u2019idea\u00bb.<\/p>\n<p>&nbsp;<\/p>\n<p>&nbsp;<\/p>\n<p>&nbsp;<\/p>\n<p>&nbsp;<\/p>\n<h2><strong>L\u2019Europa del Gelato ha un nuovo Presidente <\/strong><strong>A Longarone l\u2019Assemblea di Artglace ha eletto Marco Miquel &#8211; Spagna<\/strong><\/h2>\n<p><strong><a class=\"dt-pswp-item\" href=\"http:\/\/www.radiopiu.net\/wordpress\/wp-content\/uploads\/2019\/12\/Da-sx-Marco-Miquel-e-Filippo-Bano.jpg\" data-dt-img-description=\"\" data-large_image_width=\"2500\" data-large_image_height=\"1829\"><img loading=\"lazy\" decoding=\"async\" class=\" wp-image-108310 alignleft\" src=\"http:\/\/www.radiopiu.net\/wordpress\/wp-content\/uploads\/2019\/12\/Da-sx-Marco-Miquel-e-Filippo-Bano-300x219.jpg\" alt=\"\" width=\"242\" height=\"177\" srcset=\"https:\/\/www.radiopiu.net\/wordpress\/wp-content\/uploads\/2019\/12\/Da-sx-Marco-Miquel-e-Filippo-Bano-300x219.jpg 300w, https:\/\/www.radiopiu.net\/wordpress\/wp-content\/uploads\/2019\/12\/Da-sx-Marco-Miquel-e-Filippo-Bano-768x562.jpg 768w, https:\/\/www.radiopiu.net\/wordpress\/wp-content\/uploads\/2019\/12\/Da-sx-Marco-Miquel-e-Filippo-Bano-1024x749.jpg 1024w\" sizes=\"auto, (max-width: 242px) 100vw, 242px\" \/><\/a>LONGARONE\u00a0<\/strong> Si \u00e8 tenuta sabato\u00a0 nella sala del Consiglio di Longarone Fiere Dolomiti, la consueta Assemblea di Artglace, la confederazione delle associazioni europee dei gelatieri artigiani. Tra i vari punti all&#8217;ordine del giorno c&#8217;era l&#8217;elezione del nuovo presidente che ha portato al cambio di guardia tra l&#8217;Italia con il presidente uscente Filippo Bano e la Spagna con l&#8217;insediamento di Marco A. Miquel Sirvent, attuale presidente dell&#8217;ANHCEA &#8211; Asociaci\u00f3n Nacional de Heladeros Artesanos. Sempre oggi l&#8217;Assemblea ha aggiornato quindi anche le sedi di Artglace, portando la sede operativa da Longarone a Jijona nella comunit\u00e0 autonoma Valenciana, vicina quindi al nuovo presidente Miquel, mentre la Sede legale di Artglace \u00e8 stata trasferita da Parigi a Longarone, presso Longarone Fiere. I due presidenti HANNO degustato il gelato proposto dall&#8217;Olanda e che rappresenter\u00e0 in tutta Europa per Artglace il gusto del Gelato Day 2020. La presentazione al grande pubblico \u00e8 prevista per OGGI\u00a0 alle 13.30 presso il centro congressi durante la MIG &#8211; Mostra Internazionale del\u00a0 Gelato Artigianale, giunta alla sua 60a edizione (1959-2019).<\/p>\n<p>&nbsp;<\/p>\n<p>&nbsp;<\/p>\n<p>&nbsp;<\/p>\n<p>&nbsp;<\/p>\n<h2><a class=\"dt-pswp-item\" href=\"http:\/\/www.radiopiu.net\/wordpress\/wp-content\/uploads\/2019\/08\/La-Val-che-Urla-Fiammetta-Mirko.jpg\" data-dt-img-description=\"\" data-large_image_width=\"1920\" data-large_image_height=\"1080\"><img loading=\"lazy\" decoding=\"async\" class=\" wp-image-95546 alignleft\" src=\"http:\/\/www.radiopiu.net\/wordpress\/wp-content\/uploads\/2019\/08\/La-Val-che-Urla-Fiammetta-Mirko-300x169.jpg\" alt=\"\" width=\"213\" height=\"120\" srcset=\"https:\/\/www.radiopiu.net\/wordpress\/wp-content\/uploads\/2019\/08\/La-Val-che-Urla-Fiammetta-Mirko-300x169.jpg 300w, https:\/\/www.radiopiu.net\/wordpress\/wp-content\/uploads\/2019\/08\/La-Val-che-Urla-Fiammetta-Mirko-768x432.jpg 768w, https:\/\/www.radiopiu.net\/wordpress\/wp-content\/uploads\/2019\/08\/La-Val-che-Urla-Fiammetta-Mirko-1024x576.jpg 1024w, https:\/\/www.radiopiu.net\/wordpress\/wp-content\/uploads\/2019\/08\/La-Val-che-Urla-Fiammetta-Mirko.jpg 1920w\" sizes=\"auto, (max-width: 213px) 100vw, 213px\" \/><\/a>13 DICEMBRE A FIERA DI PRIMIERO, 4 GENNAIO 2020 AD AGORDO IN SALA DON TAMIS. IL &#8220;NOSTRO&#8221; FILM. DI LUCIA ZANETTIN LA VAL CHE URLA.<\/h2>\n<p><span style=\"color: #ff0000;\"><strong>AUDIO TRAILER<\/strong><\/span><\/p>\n<audio class=\"wp-audio-shortcode\" id=\"audio-108272-11\" preload=\"none\" style=\"width: 100%;\" controls=\"controls\"><source type=\"audio\/mpeg\" src=\"http:\/\/www.radiopiu.net\/wordpress\/wp-content\/uploads\/2019\/12\/TRAILER.mp3?_=11\" \/><a href=\"http:\/\/www.radiopiu.net\/wordpress\/wp-content\/uploads\/2019\/12\/TRAILER.mp3\">http:\/\/www.radiopiu.net\/wordpress\/wp-content\/uploads\/2019\/12\/TRAILER.mp3<\/a><\/audio>\n<p>&nbsp;<\/p>\n<h2><\/h2>\n<p>&nbsp;<\/p>\n<p>&nbsp;<\/p>\n<p>&nbsp;<\/p>\n<p>&nbsp;<\/p>\n<p>&nbsp;<\/p>\n<h2>TISOI ACCOGLIE\u00a0 I BERSAGLIERI<\/h2>\n<p><strong><a class=\"dt-pswp-item\" href=\"http:\/\/www.radiopiu.net\/wordpress\/wp-content\/uploads\/2019\/12\/bersag-2.jpg\" data-dt-img-description=\"\" data-large_image_width=\"959\" data-large_image_height=\"540\"><img loading=\"lazy\" decoding=\"async\" class=\"size-medium wp-image-108313 alignleft\" src=\"http:\/\/www.radiopiu.net\/wordpress\/wp-content\/uploads\/2019\/12\/bersag-2-300x169.jpg\" alt=\"\" width=\"300\" height=\"169\" srcset=\"https:\/\/www.radiopiu.net\/wordpress\/wp-content\/uploads\/2019\/12\/bersag-2-300x169.jpg 300w, https:\/\/www.radiopiu.net\/wordpress\/wp-content\/uploads\/2019\/12\/bersag-2-768x432.jpg 768w, https:\/\/www.radiopiu.net\/wordpress\/wp-content\/uploads\/2019\/12\/bersag-2.jpg 959w\" sizes=\"auto, (max-width: 300px) 100vw, 300px\" \/><\/a>BELLUNO<\/strong>\u00a0 Domenica 24 novembre il paese di TISOI ha accolto i Bersaglieri.\u00a0 Il Raduno Provinciale dell&#8217;ANB, organizzato dalla Sezione Col. A. Radaelli di Belluno, si \u00e8 tenuto a Tisoi, dove le difficolt\u00e0 del maltempo e la giornata piovosa non hanno impedito lo svolgersi di una manifestazione partecipata e sentita. L&#8217; alzabandiera, l&#8217;onore ai caduti, le allocuzioni, la presenza dei Labari e del Medagliere Regionale hanno messo in evidenza che i Bersaglieri, seppur pochi in provincia, &#8220;un ago nel pagliaio&#8221;, ci sono e con orgoglio indossano il cappello piumato. Si \u00e8 scelto Tisoi come luogo del Raduno a motivo di ricordo e riconoscenza per un fatto accaduto nella Prima Guerra Mondiale, allorch\u00e9, a seguito delle vicende legate alla ritirata di Caporetto, la popolazione di Bolzano Bellunese e Tisoi diede sostegno, aiuto ed ospitalit\u00e0 ai Bersaglieri del 19\u00b0 Reggimento.\u00a0 Una targa posta sulla facciata a est della scuola di Bolzano Bellunese recita:\u00a0 &#8220;Seppi poi che quei poveri contadini portarono ai Bersaglieri pane, e sacchi di castagne, e ceste di mele, e persino un vinello di canne e cio\u00e8 tutto quello che potevano avere. E di ci\u00f2 serbo sempre una grande riconoscenza per quei generosi montanari.&#8221; (Firmato: il Comandante del 19\u00b0 Reggimento Bersaglieri Ten. Col. Alvise Pantano. Novembre 1917). Momento importante \u00e8 stata la S.Messa concelebrata da Don Gemo Bianchi, parroco di Tisoi e Don Claudio Centa, padre spirituale dei Bersaglieri e allietata dal Gruppo Corale Voci dai Cortivi, che con il canto e la musica ha affiancato la Fanfara ANB Alpago Ponte nelle Alpi di Belluno, dando alla cerimonia una connotazione di festoso raccoglimento.\u00a0 Toccante il ricordo in onore dei Bersaglieri scomparsi e dei caduti in tutte le guerre ed il ringraziamento ai sacerdoti Don Gemo e Don Claudio per la loro disponibilit\u00e0 nel discorso pronunciato dal Presidente ANB sez. di Belluno Gianpiero Fontana, che ha concluso donando loro una pergamena con incisa la Preghiera del Bersagliere ed una statuetta raffigurante un angelo, dicendo: \u201cIl valore non sta nell\u2019oggetto ma nel simbolo; tutti noi abbiamo bisogno di un custode, di una protezione dall\u2019alto, che vegli sulla nostra vita e sulle nostre opere\u201d.\u00a0 Al termine della S.Messa il discorso del Presidente Provinciale Alvise Peloso, che ha portato i cordialissimi e bersagliereschi saluti del Presidente Regionale Antonio Bozzo, che non potendo essere presente ha voluto con orgoglio inviare il Medagliere Regionale dell\u2019ANB. Ha poi ringraziato il Vice Presidente Regionale Alex Venturin, alfiere del Medagliere, i Presidenti Provinciali di Treviso e di Vicenza, le Sezioni di Ros\u00e0, Mareno di Piave, Vazzola, Conegliano, Feltre e Belluno, presenti con i rispettivi Labari, tutte le associazioni d\u2019Arma e la Fanfara di Belluno, apprezzatissima in provincia e fuori.\u00a0 Ha inoltre rivolto un particolare e sentito ringraziamento agli organizzatori dell\u2019evento, al Coro Voci dai Cortivi, al Gruppo Alpini Monte S\u2019ciara e alla popolazione tutta, per il grande esempio di viva, sentita e autentica condivisione e per la vera, schietta e accogliente italianit\u00e0. La cerimonia \u00e8 proseguita con la deposizione di un mazzo di fiori e gli onori al Monumento ai Caduti posto nella piazza di Tisoi con l\u2019accompagnamento della Fanfara, che nonostante la pioggia battente ha dato sapientemente fiato agli strumenti. Il Coro e la Fanfara insieme hanno poi intrattenuto gli ospiti nei locali del Bar Circolet, alternando canti e brani strumentali che hanno fatto da cornice al discorso conclusivo del Presidente Gianpiero Fontana, nel quale ha ricordato gli avvenimenti storici della Prima Guerra Mondiale, ha conferito riconoscimenti al Coro Voci dai Cortivi, alla Fanfara ANB Alpago Ponte nelle Alpi di Belluno, al Presidente Provinciale Alvise Peloso, alla Presidenza Regionale, alla Sezione di Feltre e al Gruppo Alpini Monte S\u2019ciara ed infine ha ringraziato le autorit\u00e0 presenti e la popolazione intervenuta.<\/p>\n<p>&nbsp;<\/p>\n<p>&nbsp;<\/p>\n<p>&nbsp;<\/p>\n<p>&nbsp;<\/p>\n<h2>RIFUGISTI A CONFRONTO<\/h2>\n<p><strong><a class=\"dt-pswp-item\" href=\"http:\/\/www.radiopiu.net\/wordpress\/wp-content\/uploads\/2019\/12\/foto-gruppo_2_valdizoldo_sindacotonina.jpeg\" data-dt-img-description=\"\" data-large_image_width=\"1600\" data-large_image_height=\"1200\"><img loading=\"lazy\" decoding=\"async\" class=\" wp-image-108314 alignleft\" src=\"http:\/\/www.radiopiu.net\/wordpress\/wp-content\/uploads\/2019\/12\/foto-gruppo_2_valdizoldo_sindacotonina-300x225.jpeg\" alt=\"\" width=\"205\" height=\"154\" srcset=\"https:\/\/www.radiopiu.net\/wordpress\/wp-content\/uploads\/2019\/12\/foto-gruppo_2_valdizoldo_sindacotonina-300x225.jpeg 300w, https:\/\/www.radiopiu.net\/wordpress\/wp-content\/uploads\/2019\/12\/foto-gruppo_2_valdizoldo_sindacotonina-768x576.jpeg 768w, https:\/\/www.radiopiu.net\/wordpress\/wp-content\/uploads\/2019\/12\/foto-gruppo_2_valdizoldo_sindacotonina-1024x768.jpeg 1024w, https:\/\/www.radiopiu.net\/wordpress\/wp-content\/uploads\/2019\/12\/foto-gruppo_2_valdizoldo_sindacotonina.jpeg 1600w\" sizes=\"auto, (max-width: 205px) 100vw, 205px\" \/><\/a>VAL DI ZOLDO<\/strong> E\u0300 diventato ormai uno degli appuntamenti piu\u0300 attesi dell\u2019anno il corso che la Fondazione Dolomiti UNESCO dedica ai gestori dei 66 rifugi che operano all\u2019interno del Patrimonio Mondiale. Quest&#8217;anno l&#8217;incontro si e\u0300 svolto nel comune di Val di Zoldo il 28 e 29 novembre 2019. Ottima la partecipazione: ben la meta\u0300 dei gestori dell&#8217; \u201carea cuore\u201d delle Dolomiti Patrimonio Mondiale era presente alla due giorni, finalizzata come sempre alla formazione dei primi ambasciatori dei valori UNESCO, ma anche alla discussione sulle problematiche comuni e sulle possibili soluzioni. Presente alla conclusione dei lavori il presidente della Fondazione Dolomiti UNESCO Mario Tonina: \u201cSiete gli ambasciatori del riconoscimento UNESCO perche\u0301 vivete nel cuore delle Dolomiti e ne toccate con mano le sfide. Grazie alla vostra attivita\u0300 contribuite a mantenere la montagna abitata. Non abbiamo altra scelta che fare sempre piu\u0300 rete, sia a livello locale che internazionale. Sono infatti qui in vostro ascolto al fine di farmi portavoce delle vostre necessita\u0300 all&#8217;interno del Consiglio di Amministrazione della Fondazione&#8221;.<\/p>\n<p>&nbsp;<\/p>\n<h2><\/h2>\n<p>&nbsp;<\/p>\n<h2>NOTIZIE DALLA LEGA NORD<\/h2>\n<p><strong>BELLUNO<\/strong> Durante il Consiglio Comunale\u00a0 di Belluno il gruppo consigliare della Lega ha portato in aula per mezzo dei\u00a0 consiglieri leghisti un ordine del giorno in favore della comunit\u00e0 veneziana recentemente colpita e quindi volto a salvaguardarne lo status dopo le recenti maree eccezionali che hanno letteralmente sommerso la municipalit\u00e0.\u00a0 L&#8217;ordine del giorno, votato all&#8217;unanimit\u00e0 dal nostro Consiglio Comunale, risulter\u00e0 cos\u00ec essere un aiuto concreto della nostra citt\u00e0 verso il capoluogo regionale colpito dagli eventi eccezionali di questo novembre. Come segretario della sezione della Lega del capoluogo di provincia non posso che dirmi soddisfatto nel vedere il mondo politico della nostra citt\u00e0 coeso nello stringersi attorno al caso della laguna veneta. Un segnale forte che arriva dalla nostra citt\u00e0 e dalle nostre montagne verso Venezia, mai come ora in grave difficolt\u00e0. Come Lega &#8211; Citt\u00e0 di Belluno ribadiamo quindi il nostro impegno per la nostra comunit\u00e0 che si traduce anche in azioni come questa dalla larga veduta politica.<\/p>\n<p>&nbsp;<\/p>\n<p>&nbsp;<\/p>\n<p>&nbsp;<\/p>\n<h3>STAGIONE SCIISTICA AL VIA \u2013 ANEF E CNSAS LANCIANO APPELLO PER LA SICUREZZA AGLI SCIALPINISTI: \u201cRISCHIOSO PRATICARE SULLE PISTE, MEZZI IN AZIONE\u201d<\/h3>\n<p><strong>BELLUNO<\/strong> \u00c8 un vero e proprio appello congiunto per la sicurezza in pista quello che arriva da Anef, l\u2019associazione degli impiantisti, e dal Cnsas, il Soccorso Alpino e Speleologico. Con l\u2019apertura delle piste, in buona parte della montagna bellunese e veneta, l\u2019appello \u00e8 rivolto soprattutto a chi pratica scialpinismo: \u201cEvitate le piste anche di notte, i mezzi sono in azione e il pericolo reale\u201d. \u201cCi arrivano sempre pi\u00f9 segnalazioni relative a scialpinisti che invadono le piste da sci senza adottare nessuna misura di precauzione\u201d, afferma Renzo Minella, presidente di Anef Veneto, associazione che ha sede in Confindustria a Belluno. \u201cE\u2019 una situazione di pericolo estremo, soprattutto in questi giorni in cui i lavori per la sistemazione dei tracciati procedono con velocit\u00e0 vista l\u2019apertura della stagione. I gatti delle nevi sono in azione e spesso utilizzano verricelli di acciaio poco visibili. Di notte, poi, il problema si amplifica\u201d. Minella ricorda che la legge regionale 21 del 2008 non consente agli scialpinisti di entrare nei tracciati battuti. \u201cC\u2019\u00e8 una legge e va rispettata\u201d, afferma Minella, \u201cgli stessi operatori sono pronti a far segnalare episodi di trasgressione alle autorit\u00e0 competenti\u201d. \u201c\u00c8 una questione preminente di sicurezza ma anche di civilt\u00e0: le piste battute vengono rovinate da chi pratica scialpinismo magari nottetempo costringendo gli operatori a lavori straordinari\u201d, prosegue Minella. Dal canto suo Alex Barattin, delegato della 2^ Zona Dolomiti Bellunesi, auspica la regolamentazione del fenomeno del scialpinismo \u2013 anche con la realizzazione di percorsi separati e\/o regolamentazioni sugli orari o serate dedicate, come gi\u00e0 avviene in alcune aree sciistiche dell\u2019area Bellunese e dell\u2019area Friulana, &#8211; e invita i numerosi appassionati della disciplina a prestare la massima attenzione in tutte le situazioni. \u201cChi pratica scialpinismo deve sempre avere con s\u00e9 il Kit di sicurezza composto da Arva, pala e sonda, anche quando intende muoversi vicino a bordo delle piste, appena fuori dal tracciato\u201d, afferma Barattin. Anzi, proprio lo scialpinismo nelle vicinanze delle piste pu\u00f2 portare con s\u00e9 ulteriori pericoli sul fronte delle valanghe, che inevitabilmente metterebbero a rischio la vita dello sci alpinista e dei suoi compagni e non ultimo potrebbe travolgere i fruitori delle piste con conseguenze davvero drammatiche. Anche per questo, l\u2019invito del Soccorso Alpino \u00e8 quello di valutare sempre le condizioni dei pendii, consultare i bollettini neve e valanghe e meteo, inoltre eseguire prove di simulazione sull\u2019uso della strumentazione, ove necessario facendosi aiutare da amici pi\u00f9 esperti o chiedendo alle sezioni locali del Club Alpini Italiano, delle Guide Alpine e del Soccorso Alpino.\u00a0 &#8220;Non basta avere con s\u00e9\u00a0il kit di sicurezza, serve\u00a0saperlo utilizzare correttamente e tenerlo sempre efficiente.\u00a0Per questo\u00a0diventa indispensabile fare i simulati, inoltre ricordiamoci tutti, che la neve non sa che siamo esperti\u00a0\u201d, l\u2019invito di Barattin.<\/p>\n<p>&nbsp;<\/p>\n<p>&nbsp;<\/p>\n<p>&nbsp;<\/p>\n<p>&nbsp;<\/p>\n<h2>UFFICIALIZZATE LE DATE DEGLI EVENTI MOTORISTICI IN PROVINCIA DI BELLUNO<\/h2>\n<h2><span class=\"s1\"><a class=\"dt-pswp-item\" href=\"http:\/\/www.radiopiu.net\/wordpress\/wp-content\/uploads\/2019\/05\/DolomitiRally1.jpg\" data-dt-img-description=\"\" data-large_image_width=\"780\" data-large_image_height=\"387\"><img loading=\"lazy\" decoding=\"async\" class=\"aligncenter wp-image-86504 size-full\" src=\"http:\/\/www.radiopiu.net\/wordpress\/wp-content\/uploads\/2019\/05\/DolomitiRally1.jpg\" alt=\"\" width=\"780\" height=\"387\" srcset=\"https:\/\/www.radiopiu.net\/wordpress\/wp-content\/uploads\/2019\/05\/DolomitiRally1.jpg 780w, https:\/\/www.radiopiu.net\/wordpress\/wp-content\/uploads\/2019\/05\/DolomitiRally1-300x149.jpg 300w, https:\/\/www.radiopiu.net\/wordpress\/wp-content\/uploads\/2019\/05\/DolomitiRally1-768x381.jpg 768w\" sizes=\"auto, (max-width: 780px) 100vw, 780px\" \/><\/a><\/span><\/h2>\n<p class=\"p1\"><span class=\"s1\"><strong>BELLUNO<\/strong> Sono stati ufficializzati i calendari degli eventi motoristici in Italia. Venerd\u00ec e sabato scorso a Roma presso il piazzale di Via Solferino dove ha sede l\u2019ACI, sono state definite le date dei vari eventi.<\/span><\/p>\n<p class=\"p1\"><strong><span class=\"s1\">DI\u00a0 ROBERTO BONA<\/span><\/strong><\/p>\n<audio class=\"wp-audio-shortcode\" id=\"audio-108272-12\" preload=\"none\" style=\"width: 100%;\" controls=\"controls\"><source type=\"audio\/mpeg\" src=\"http:\/\/www.radiopiu.net\/wordpress\/wp-content\/uploads\/2019\/12\/ROBERTO-BONA-MOTORI.mp3?_=12\" \/><a href=\"http:\/\/www.radiopiu.net\/wordpress\/wp-content\/uploads\/2019\/12\/ROBERTO-BONA-MOTORI.mp3\">http:\/\/www.radiopiu.net\/wordpress\/wp-content\/uploads\/2019\/12\/ROBERTO-BONA-MOTORI.mp3<\/a><\/audio>\n<p>&nbsp;<\/p>\n<p>&nbsp;<\/p>\n<p>&nbsp;<\/p>\n<p>&nbsp;<\/p>\n<blockquote>\n<div><strong>orario di apertura dell&#8217;ufficio Pro Loco di Canale d&#8217;Agordo per il mese di dicembre:\u00a0\u00a0<\/strong><b><\/b><\/div>\n<div><u><b>01.12-22.12.2019\u00a0 <\/b><\/u>venerd\u00ec e domenica 9.00-12.00\u00a0 sabato 9.00-12.00; 15.00-18.00<\/div>\n<div><u><b>24.12-31.12.2019\u00a0 <\/b><\/u>aperto tutti i giorni 9.00-12.00<\/div>\n<\/blockquote>\n<p>&nbsp;<\/p>\n<p>&nbsp;<\/p>\n<p>&nbsp;<\/p>\n<p>&nbsp;<\/p>\n<p>&nbsp;<\/p>\n<h3><a class=\"dt-pswp-item\" href=\"http:\/\/www.radiopiu.net\/wordpress\/wp-content\/uploads\/2018\/09\/appuntamenti.jpeg\" data-dt-img-description=\"\" data-large_image_width=\"800\" data-large_image_height=\"100\"><img loading=\"lazy\" decoding=\"async\" class=\"aligncenter wp-image-61958 size-full\" src=\"http:\/\/www.radiopiu.net\/wordpress\/wp-content\/uploads\/2018\/09\/appuntamenti.jpeg\" alt=\"\" width=\"800\" height=\"100\" srcset=\"https:\/\/www.radiopiu.net\/wordpress\/wp-content\/uploads\/2018\/09\/appuntamenti.jpeg 800w, https:\/\/www.radiopiu.net\/wordpress\/wp-content\/uploads\/2018\/09\/appuntamenti-300x38.jpeg 300w, https:\/\/www.radiopiu.net\/wordpress\/wp-content\/uploads\/2018\/09\/appuntamenti-768x96.jpeg 768w\" sizes=\"auto, (max-width: 800px) 100vw, 800px\" \/><\/a><\/h3>\n<h3><\/h3>\n<h3><\/h3>\n<h2>SAN NICOLO&#8217; AL\u00a0<a class=\"profileLink\" href=\"https:\/\/www.facebook.com\/dersut.taibon\/?__tn__=K-R&amp;eid=ARCd5-6HVvFPluW96VPx6-IRa6j0bb5XZXSWRsH6Jn5gxVYDs5rJtTwmDEJQhzA_C_QN6a1wveQo0XfR&amp;fref=mentions&amp;__xts__%5B0%5D=68.ARBJvr2DdbHPUw4u_mPCOrn7oMDbc9YttqWhoiXlGzOdA_Er1H_xjp6RK6eEEY3vubZk4hlUiJwQdLXdsG-pPzSVx21nOIP4smTudfkW6REgDkV_F5qKf3rNzkwKFaXCB4GDU4GmbNAGqmkvwlsjTDkxfYyb2Yh7M_-MHca0ZiRery8GQ_lz-itz5MGJPIllMPTsc8brqlEI7cix\" data-hovercard=\"\/ajax\/hovercard\/page.php?id=904939246267497&amp;extragetparams=%7B%22__tn__%22%3A%22%2CdK-R-R%22%2C%22eid%22%3A%22ARCd5-6HVvFPluW96VPx6-IRa6j0bb5XZXSWRsH6Jn5gxVYDs5rJtTwmDEJQhzA_C_QN6a1wveQo0XfR%22%2C%22fref%22%3A%22mentions%22%7D\" data-hovercard-prefer-more-content-show=\"1\">Dersut Taibon<\/a><\/h2>\n<p>GIOVEDI 5 DICEMBRE&#8230; ALLE 18 FESTA E PER I PIU&#8217; PICCOLI ARRIVA SAN NICOLO&#8217;&#8230;<br \/>\nBAMBINI&#8230;. PRONTI PER INCONTRARE IL BUON BARBUTO? ORMAI DA ANNI AFFEZIONATO AL DERSUT TORNA A TAIBON CON IL SUO SORRISO BONTA&#8217; E DOLCI DONI.<\/p>\n<p><a class=\"dt-pswp-item\" href=\"http:\/\/www.radiopiu.net\/wordpress\/wp-content\/uploads\/2019\/11\/47506455_1966430863451658_7646851883667030016_n.jpg\" data-dt-img-description=\"\" data-large_image_width=\"720\" data-large_image_height=\"960\"><img loading=\"lazy\" decoding=\"async\" class=\"alignnone size-medium wp-image-108218\" src=\"http:\/\/www.radiopiu.net\/wordpress\/wp-content\/uploads\/2019\/11\/47506455_1966430863451658_7646851883667030016_n-225x300.jpg\" alt=\"\" width=\"225\" height=\"300\" srcset=\"https:\/\/www.radiopiu.net\/wordpress\/wp-content\/uploads\/2019\/11\/47506455_1966430863451658_7646851883667030016_n-225x300.jpg 225w, https:\/\/www.radiopiu.net\/wordpress\/wp-content\/uploads\/2019\/11\/47506455_1966430863451658_7646851883667030016_n.jpg 720w\" sizes=\"auto, (max-width: 225px) 100vw, 225px\" \/><\/a><a class=\"dt-pswp-item\" href=\"http:\/\/www.radiopiu.net\/wordpress\/wp-content\/uploads\/2019\/11\/47577069_10218433766222304_6412096215390879744_n.jpg\" data-dt-img-description=\"\" data-large_image_width=\"720\" data-large_image_height=\"960\"><img loading=\"lazy\" decoding=\"async\" class=\"alignnone size-medium wp-image-108219\" src=\"http:\/\/www.radiopiu.net\/wordpress\/wp-content\/uploads\/2019\/11\/47577069_10218433766222304_6412096215390879744_n-225x300.jpg\" alt=\"\" width=\"225\" height=\"300\" srcset=\"https:\/\/www.radiopiu.net\/wordpress\/wp-content\/uploads\/2019\/11\/47577069_10218433766222304_6412096215390879744_n-225x300.jpg 225w, https:\/\/www.radiopiu.net\/wordpress\/wp-content\/uploads\/2019\/11\/47577069_10218433766222304_6412096215390879744_n.jpg 720w\" sizes=\"auto, (max-width: 225px) 100vw, 225px\" \/><\/a><\/p>\n<p>&nbsp;<\/p>\n<p>&nbsp;<\/p>\n<p>&nbsp;<\/p>\n<p>&nbsp;<\/p>\n<h2><span style=\"color: #ff0000;\"><a class=\"dt-pswp-item\" href=\"http:\/\/www.radiopiu.net\/wordpress\/wp-content\/uploads\/2019\/11\/image003.jpg\" data-dt-img-description=\"\" data-large_image_width=\"664\" data-large_image_height=\"332\"><img loading=\"lazy\" decoding=\"async\" class=\"size-medium wp-image-107663 alignleft\" src=\"http:\/\/www.radiopiu.net\/wordpress\/wp-content\/uploads\/2019\/11\/image003-300x150.jpg\" alt=\"\" width=\"300\" height=\"150\" srcset=\"https:\/\/www.radiopiu.net\/wordpress\/wp-content\/uploads\/2019\/11\/image003-300x150.jpg 300w, https:\/\/www.radiopiu.net\/wordpress\/wp-content\/uploads\/2019\/11\/image003.jpg 664w\" sizes=\"auto, (max-width: 300px) 100vw, 300px\" \/><\/a>L&#8217;EVENTO&#8230; UN LIBRO PER 40 ANNI<\/span><\/h2>\n<p><strong>ALLEGH<\/strong>E Sabato 21 dicembre alle 16 in sala Antonio Franceschini ad Alleghe sar\u00e0 presentato il nuovo libro &#8220;Sci Club Alleghe, 40 anni di sport&#8221;. Sar\u00e0 il giorno della festa per i 40 anni di attivit\u00e0 del sodalizio.<\/p>\n<p>&nbsp;<\/p>\n<p>&nbsp;<\/p>\n<p>&nbsp;<\/p>\n<p>&nbsp;<\/p>\n<p>&nbsp;<\/p>\n<p>&nbsp;<\/p>\n<h3 align=\"JUSTIFY\">DUE DONNE, UNO SPETTACOLO MERAVIGLIOSO<\/h3>\n<p align=\"JUSTIFY\"><strong>AGORDO<\/strong> Carla Taglietti e Valentina Turrini, in arte Le Strologhe, sabato 7 dicembre\u00a0 alle 15 porteranno ad Agordo uno spettacolo con racconti, canti e ricordi. Organizzato da Ad Agordo Proloco, lo spettacolo avr\u00e0 luogo all&#8217;auditorium Savio. Al termine Le Strologhe\u00a0 accompagneranno con la loro musica il corteo fino alla casetta di Babbo Natale per la merenda. Le due donne dal 2005 portano in giro per l&#8217;Italia narrazioni, spettacoli e laboratori.<\/p>\n<p>&nbsp;<\/p>\n<p>&nbsp;<\/p>\n<p><strong>LA VALLE<\/strong> Sot al Tamer serate dedicate ai viaggi, sport e avventura con filmati audivisivi. Nella sala Don Valmassoni (ex caselo) con entrata libera. 6 DICEMBRE alle 20.15 Gianni De Zaiacomo; 13 dicembre William Da Roit; 20 dicembre Silvano De Zaiacomo<\/p>\n<p>&nbsp;<\/p>\n<p><strong>AGORDO<\/strong> Ad Agordo Proloco organizza per domenica 8 dicembre\u00a0 il mercatino natalizio. Attorno al Broi per l&#8217;intera giornata banchetti di produttori ed artigiani locali. Per i bambini\u00a0 la casetta\u00a0 di Babbo Natale che<br \/>\nraccoglier\u00e0 le letterine dei desideri.<\/p>\n<p>&nbsp;<\/p>\n<p>&nbsp;<\/p>\n<h3>LA MOSTRA FOTOGRAFICA DI LUCA CHIZZALI<\/h3>\n<p><strong>VALLADA<\/strong> La scuola dell&#8217;infanzia da oggi al 16 dicembre proporr\u00e0 &#8220;Stiamo partendo verso un mondo diritto&#8221;, alla scoperta dei diritti dell&#8217;infanzia. La mostra sar\u00e0 allestita nei locali della Biblioteca, aperta tutti i giorni dal lunedi al venerdi su prenotazione (340 1212646 oppure 3289739975). Nel fine settimana aperta, sabato 7 e 14 dicembre dalle 15 alle 17, domenica 8 e 15 dicembre dalle 10.30 alle 12.30.<\/p>\n<p>&nbsp;<\/p>\n<p>&nbsp;<\/p>\n<p>&nbsp;<\/p>\n<p><a class=\"dt-pswp-item\" href=\"http:\/\/www.radiopiu.net\/wordpress\/wp-content\/uploads\/2018\/09\/sport.jpg\" data-dt-img-description=\"\" data-large_image_width=\"800\" data-large_image_height=\"100\"><img loading=\"lazy\" decoding=\"async\" class=\"wp-image-60761 size-full aligncenter\" src=\"http:\/\/www.radiopiu.net\/wordpress\/wp-content\/uploads\/2018\/09\/sport.jpg\" alt=\"\" width=\"800\" height=\"100\" srcset=\"https:\/\/www.radiopiu.net\/wordpress\/wp-content\/uploads\/2018\/09\/sport.jpg 800w, https:\/\/www.radiopiu.net\/wordpress\/wp-content\/uploads\/2018\/09\/sport-300x38.jpg 300w, https:\/\/www.radiopiu.net\/wordpress\/wp-content\/uploads\/2018\/09\/sport-768x96.jpg 768w\" sizes=\"auto, (max-width: 800px) 100vw, 800px\" \/><\/a><\/p>\n<h3>CALCIO, HOCKEY E VOLLEY DELLA PRIMA DOMENICA DI DICEMBRE<\/h3>\n<blockquote>\n<p class=\"p1\"><span class=\"s1\" style=\"color: #ff0000;\"><b>CALCIO<\/b><\/span><\/p>\n<\/blockquote>\n<p class=\"p1\"><span class=\"s1\"><b>TERZA CATEGORIA <\/b><\/span><span class=\"s1\">CORTINA &#8211; AGORDINA 1-7 <\/span><span class=\"s1\">GOL AGORDINA: 2 Del Chin, M. Farenzena, Dal Don, Fossen, Case, Galeotta<\/span><\/p>\n<p class=\"p1\"><span class=\"s1\">Tutto facile per l\u2019Agordina che sotterra di gol un Cortina mai stato in partita. I ragazzi di Agordo incamerano 3 punti e rimangono in testa alla classifica di Terza Categoria. Ottima prova della squadra di Lorenzi che si candida definitivamente a squadra da battere in questa stagione. 9 vittorie e 2 pareggi, unica formazione a non aver mai perso una partita. <\/span>Primi minuti di gioco con l\u2019Agordina che spinge fin da subito. Dopo una punizione di Fossen andata a vuoto, Del Chin sblocca il punteggio con un tappin vincente. Il Cortina prova a reagire ma il pallone rimane stabile a centrocampo. La squadra di Lorenzi ha in mano la partita e Del Chin sigla la doppietta personale. Al 34\u2019 arriva anche la rete di Moris Farenzena che mette una seria ipoteca sulla vittoria in terra cadorina. Nella ripresa cala il ritmo della squadra di Agordo e il gioco staziona a centrocampo. Lorenzi inizia la girandola di cambi, anche per evitare che i giocatori diffidati non vadano in contro a nuovi cartellini. Intanto Dal Don cala il poker per gli agordini. Poco dopo anche Fossen va a segno e chiude definitivamente il match. Sul finale il Cortina sigla il gol della bandiera mentre Case e Galeotta mettono la firma per l\u2019Agordina.<\/p>\n<p class=\"p1\"><span class=\"s1\"><b>PRIMA CATEGORIA <\/b><\/span><span class=\"s1\">FIORI BARP MAS &#8211; VIRTUS TREVIGNANO 3-0 <\/span><span class=\"s1\">GOL FIORI BARP MAS: 2 Canova, Masoch<\/span><\/p>\n<p class=\"p1\"><span class=\"s1\">Il Fiori Barp conquista 3 punti e fa tutto nei primi 45\u2019 di gioco. Un primo tempo spumeggiante con i padroni di casa che chiudono la sfida e si chiudono in difesa nella ripresa. Una vittoria importante che lancia la squadra di De Battista in zona playoff della prima categoria. <\/span>Pronti via e subito il gol dei padroni di casa. Splendida azione dei neroarancio che spiazzano la difesa trevigiana e concludono in rete con Canova. Il Tervignano va vicino al pareggio al 23\u2019 quando su punizione il pallone sorvola di poco la traversa. La squadra del Mas continua a spingere e trova la rete del raddoppio ancora una volta con Canova. Prima della pausa il Fiori Barp va di nuovo a segno. Azione da manuale del calcio che si chiude con la conclusione vincente di Masoch. Secondo tempo con i trevigiani che cercano di cambiare la partita ma la squadra sedicense \u00e8 attenta e non lascia spazi. Una ripresa con poche emozioni e il punteggio non cambia.<\/p>\n<p class=\"p1\"><span class=\"s1\" style=\"color: #ff0000;\"><b>GIOVANILI AGORDINA<\/b><\/span><\/p>\n<p class=\"p1\"><span class=\"s1\"><b>GIOVANISSIMI PROVINCIALI <\/b><\/span><span class=\"s1\">CASTION &#8211; AGORDINA 1-1 <\/span><span class=\"s1\">Termina con un pareggio la sfida contro il Castion. Un punto giusto per quello che si \u00e8 visto in campo. Una partita che \u00e8 decollata nei primi 15\u2019 ma che poi si \u00e8 spenta senza dare emozioni. Il Castion passa in vantaggio subito e De Toni sigla la rete del pareggio per l\u2019Agordina. Per il resto del match poco da segnalare. <\/span><\/p>\n<p class=\"p1\"><span class=\"s1\"><b>ALLIEVI PROVINCIALI <\/b><\/span><span class=\"s1\">AGORDINA &#8211; ALPAGO 3-0 <\/span><span class=\"s1\">L\u2019Agordina rifila 3 gol all\u2019Alpago e conquista la testa della classifica nel campionato Allievi. La squadra di Agordo entra in campo poco convinta ma poi prende coraggio e nel giro di 15\u2019 chiude la sfida. Il match si sblocca con una punizione di Fa\u00e8. Poi la doppietta di Brigadoi, prima su azione corale e poi in ripartenza. Nella ripresa soffrono gli agordini ma il punteggio non cambia.<\/span><\/p>\n<p class=\"p1\"><span class=\"s1\"><b>JUNIORES PROVINCIALI <\/b><\/span><span class=\"s1\">AGORDINA &#8211; PIZZOCCO 2-1 <\/span><span class=\"s1\">Vittoria di misura per la Juniores dell\u2019Agordina che all\u2019Ivano Dorigo di Agordo conquista 3 punti nella ripresa. Partono bene gli agordini che dopo 11\u2019 colpiscono una traversa con Dalle Cort. E\u2019 il preludio al gol che arriva poco dopo. Calcio d\u2019angolo di Del Chin e colpo di testa di Cattonar che sblocca il punteggio. Nella ripresa il Pizzocco pareggia i conti subito ma la risposta dell\u2019Agordina non si fa attendere e Del Chin spinge in fondo al sacco un assist di Buffa. <\/span><\/p>\n<p class=\"p1\"><span class=\"s1\" style=\"color: #ff0000;\"><b>GIOVANILE SAN GIORGIO<\/b><\/span><\/p>\n<p class=\"p1\"><span class=\"s1\"><b>ALLIEVI REGIONALI <\/b><\/span><span class=\"s1\">SAN GIORGIO SEDICO &#8211; PONZANO 1-3 <\/span><span class=\"s1\">Ancora una sconfitta per la squadra regionale degli allievi del San Giorgio che in casa non riesce a racimolare punti contro il Ponzano. I ragazzi di Tormen chiudono la sfida mettendo a segno una sola marcatura con De Agostino contro le 3 dei trevigiani. Sedicensi che rimangono in fondo alla classifica con soli 7 punti in 11 partite giocate. <\/span><\/p>\n<p class=\"p1\"><span class=\"s1\"><b>ALLIEVI PROVINCIALI <\/b><\/span><span class=\"s1\">SAN GIORGIO SEDICO TURNO DI RIPOSO<\/span><\/p>\n<p class=\"p1\"><span class=\"s1\" style=\"color: #ff0000;\"><b>CAMPIONATI CSI<\/b><\/span><\/p>\n<p class=\"p1\"><span class=\"s1\"><b>OPEN A1 <\/b><\/span><span class=\"s1\">BAR QUADRIFOGLIO &#8211; LE VILLE 1-1 <\/span><span class=\"s1\">GOL LE VILLE: Jari Monferone<\/span><\/p>\n<p class=\"p1\"><span class=\"s1\"><b>OVER <\/b><\/span><span class=\"s1\">PLAVIS &#8211; LA VALLE <\/span><span class=\"s1\">Rinviata per problemi gestionali del campo<\/span><\/p>\n<blockquote>\n<p class=\"p1\"><span class=\"s1\" style=\"color: #ff0000;\"><b>HOCKEY<\/b><\/span><\/p>\n<\/blockquote>\n<p class=\"p1\"><span class=\"s1\"><b>ITALIAN HOCKEY LEAGUE <\/b><\/span><span class=\"s1\">COMO &#8211; ALLEGHE 7-3 <\/span><span class=\"s1\">PARZIALI: 1-2, 3-1, 3-0 <\/span><span class=\"s1\">GOL: pt. 8\u201910\u201d Formentini, 9\u201907\u201d e 16\u201929\u201d Kiviranta. st. 1\u201940\u201d Soppelsa, 9\u201903\u201d Xamin, 13\u201914\u201d Casiraghi, 14\u201944\u201d Tilaro. tt. 2\u201941\u201d Guaita, 17\u201931\u201d Ambrosoli, 18\u201928\u201d Casiraghi<\/span><\/p>\n<p class=\"p1\"><span class=\"s1\">\u00c8 stato un black november per le civette. Il mese si chiude con la quinta sconfitta consecutiva di cui una ai rigori. L\u2019Alleghe Hockey torna da Como con le pive nel sacco e una sconfitta che brucia parecchio. La squadra di Matikainen tiene in mano la partita ma subisce i contropiedi lariani. Poca precisione in fase offensiva e tanta disattenzione in fase difensiva fanno la differenza per i biancorossi che non si schiodano dalla penultima posizione in classifica. <\/span><span class=\"s1\">Agordini che partono bene e nei primi minuti hanno la possibilit\u00e0 di portarsi in vantaggio nonostante due powerplay. Al primo vero affondo i lariani si portano in vantaggio con Formentini. La risposta degli alleghesi non si fa attendere e Kiviranta pareggia i conti. Le civette ingranano la marcia giusta e impegnano pi\u00f9 volte il portiere lombardo. Como che prova a colpire sulle ripartenze ma senza trovare il gol. La partita \u00e8 piacevole e con tanti cambiamenti di fronte. A 3\u2019 dal termine della prima frazione Kiviranta sigla la doppietta personale. Secondo drittel che inizia con la terza rete della squadra di Matikainen. Questa volta ci pensa Soppelsa a sorprendere il golie comasco con diagonale di potenza. Gli agordini tengono in mano la partita e i padroni di casa si difendono provando a colpire in contropiede. Accorciano le distanze i lariani. Burghardt in panca puniti e Xamin che spedisce il disco alle spalle di De Silvestro. Alleghe che accusa il colpo e comaschi che pareggiano i conti con Casiraghi. Cala la concentrazione e gli alleghesi subiscono il quarto gol della serata con Tilaro. Secondo tempo che termina con i biancorossi in attacco ma il gol del pareggio non arriva. Terza frazione che inizia con un errore in fase difensiva delle civette e il Como trova il quinto gol. Agordini che nonostante tutto continuano a prendere di mira la porta avversaria ma la dea bendata non ha appoggiato la mano sulle spalle degli alleghesi. Sale il nervosismo nei minuti finali del match e gli arbitri stentano a mantenere la calma. Intanto Ambrosoli e Casiraghi chiudono definitivamente la sfida.<\/span><\/p>\n<p class=\"p1\"><span class=\"s1\"><b>UNDER 19 <\/b><\/span><span class=\"s1\">ALLEGHE &#8211; VIPITENO 2-3 dot <\/span><span class=\"s1\">PARZIALI: 0-1, 2-1, 0-0, 0-1 <\/span><span class=\"s1\">GOL ALLEGHE: st. Dariz, Deluca <\/span><span class=\"s1\">Un solo punto per la under 19 dell\u2019Alleghe Hockey che al de Toni perde all\u2019overtime contro il Vipiteno. La squadra agordina tiene il passo degli avversari per tutti i 60\u2019 di gioco ma crolla nel supplementare. Altoatesini in vantaggio nel primo tempo. Dariz pareggia i conti ma gli avversari si riportano in vantaggio subito dopo. Alla fine della seconda frazione arriva il secondo gol alleghese con Deluca. Terzo drittel a reti inviolate e a decidere la sfida \u00e8 l\u2019overtime.<\/span><\/p>\n<p class=\"p1\"><span class=\"s1\"><b>UNDER 17 <\/b><\/span>FASSA\/ALLEGHE &#8211; VARESE 11-2 <span class=\"s1\">PARZIALI: 1-0, 6-1, 4-1 <\/span><span class=\"s1\">GOL FASSA\/ALLEGHE: pt. Cassan. st. 2 Martini, Riz, Dantone, Angoletta, Cassan. tt. 2 Martini, 2 Dantone <\/span><span class=\"s1\">Il Fassa\/Alleghe passeggia con il Varese finendo la sfida a doppia cifra. Monologo dei padroni di casa ad Alba di Canazei dove i Lombardi non sono mai entrati in partita. Qualche indecisione nella prima frazione ma nei restanti 2 tempi solo Fassa\/Alleghe in campo che trova un gol dopo l\u2019altro.<\/span><\/p>\n<p class=\"p1\"><span class=\"s1\"><b>UNDER 15 <\/b><\/span><span class=\"s1\">FASSA &#8211; ALLEGHE 13-1 <\/span><span class=\"s1\">Ennesima sconfitta per le civette under 15 che ad Alba di Canazei non dimostrano di essere allo stesso livello del Fassa. 13 i gol trentini e solo una marcatura per gli agordini che continuano il periodo nero della squadra.<\/span><\/p>\n<p class=\"p1\"><span class=\"s1\"><b>UNDER 13 <\/b><\/span><span class=\"s1\">FIEMME &#8211; ALLEGHE\/ALTABADIA 3-9 <\/span><span class=\"s1\">L\u2019Alleghe under 13 incamera 3 punti in trasferta. Bella partita della squadra mista che riesce a farsi valere dopo alcune settimane di stop. Una vittoria importante per il morale e per la classifica<\/span><\/p>\n<blockquote>\n<p class=\"p1\"><span class=\"s1\" style=\"color: #ff0000;\"><b>VOLLEY<\/b><\/span><\/p>\n<\/blockquote>\n<p class=\"p1\"><span class=\"s1\"><b>SEMIFINALI COPPA TERZA DIVISIONE <\/b><\/span><span class=\"s1\">VOLLEY CLUB AGORDINO &#8211; MOGLIANO 3-0 <\/span><span class=\"s1\">PARZIALI: 25-12, 25-18, 25-14<\/span><\/p>\n<p class=\"p1\"><span class=\"s1\">Il Volley Club Agordino strappa il biglietto per la finalissima della Coppa di Terza Divisione. Una vera passeggiata al Palarova di Agordo per le ragazze di De Nardin che battono il Mogliano con un secco 3 a 0. Partita mai stata in discussione fin dal primo set. Ora l\u2019appuntamento si sposta a l\u20198 di dicembre quando il Volley Club Agordino andr\u00e0 a Roncade per giocare la finalissima del torneo. Di fronte si troveranno le trevigiane del Pro Olympo e sar\u00e0 una partita secca alla conquista del titolo valido per le province di Treviso e Belluno.<\/span><\/p>\n<p class=\"p1\"><span class=\"s1\"><b>UNDER 12 <\/b><\/span><span class=\"s1\">VOLLEY CLUB AGORDINO &#8211; SPES BELLUNO 3-0 <\/span><span class=\"s1\">PARZIALI: 25-17, 25-18, 25-16<\/span><\/p>\n<p class=\"p1\"><span class=\"s1\">Continua a vincere la squadra under 12 del Volley Club Agordino che anche questa settimana conquista 3 punti. Nel derby contro la Spes Belluno tutto facile per la squadra di Agordo che vince tutti e 3 i set consolidando la prima posizione in classifica.<\/span><\/p>\n<p>&nbsp;<\/p>\n<p>&nbsp;<\/p>\n<p>&nbsp;<\/p>\n<h3 class=\"p1\"><span class=\"s1\">TERZA PROVA DEL CAMPIONATO PROVINCIALE DI CORSA CAMPESTRE CSI<\/span><\/h3>\n<p class=\"p3\"><span class=\"s2\"><a class=\"dt-pswp-item\" href=\"http:\/\/www.radiopiu.net\/wordpress\/wp-content\/uploads\/2018\/04\/CorsaCampestre059.jpg\" data-dt-img-description=\"\" data-large_image_width=\"1400\" data-large_image_height=\"905\"><img loading=\"lazy\" decoding=\"async\" class=\"size-medium wp-image-46004 alignleft\" src=\"http:\/\/www.radiopiu.net\/wordpress\/wp-content\/uploads\/2018\/04\/CorsaCampestre059-300x194.jpg\" alt=\"\" width=\"300\" height=\"194\" srcset=\"https:\/\/www.radiopiu.net\/wordpress\/wp-content\/uploads\/2018\/04\/CorsaCampestre059-300x194.jpg 300w, https:\/\/www.radiopiu.net\/wordpress\/wp-content\/uploads\/2018\/04\/CorsaCampestre059-768x496.jpg 768w, https:\/\/www.radiopiu.net\/wordpress\/wp-content\/uploads\/2018\/04\/CorsaCampestre059-1024x662.jpg 1024w, https:\/\/www.radiopiu.net\/wordpress\/wp-content\/uploads\/2018\/04\/CorsaCampestre059.jpg 1400w\" sizes=\"auto, (max-width: 300px) 100vw, 300px\" \/><\/a>Gruppo sportivo Castionese profeta in patria nella terza prova del Campionato provinciale di corsa campestre del Centro sportivo italiano &#8211; memorial Serafino Barp \u2013 trofeo AlpenPlus, svoltasi domenica 1 dicembre. Si \u00e8 gareggiato a Modolo di Castion (Belluno), in una giornata grigia e umida che per fortuna ha visto piovere solamente durante l&#8217;ultima gara, quella dei Seniores-Juniores. Il maltempo, che aveva costretto a rinviare per due volte la prova di Cesiomaggiore, ha dunque dato una tregua per la prova proposta dal Gs Castionese. E proprio i padroni di casa, fin qui protagonisti assoluti del Provinciale, hanno monopolizzato le graduatorie per societ\u00e0, imponendosi in quella generale, in quella giovanile e in quella assoluto e imponendosi inoltre in sette graduatorie individuali.<\/span><\/p>\n<p class=\"p3\"><span class=\"s2\">A livello individuale assoluto, la gara maschile ha visto Mihail Sirbu (Castionese) imporsi per una manciata di metri sull&#8217;amico Isacco Costa (Atletica Zoldo) con il quale aveva fatto gara di testa per gran parte della prova, mentre a completare il podio \u00e8 stato Darko Viel (Castionese). Successo agordino tra le donne grazie a Manuela Bulf (Atletica Agordina) che ha avuto la meglio su Laura Mazzoleni Ferracini (Castiones) e Meryl Pradel (Atletica Lamon).<\/span><\/p>\n<p class=\"p3\"><span class=\"s2\">La quarta e ultima prova del Campionato provinciale \u00e8 programmata per domenica 15 dicembre a Cesiomaggiore per l&#8217;organizzazione dell&#8217;Us Cesio.<\/span><\/p>\n<p><strong>LE CLASSIFICHE<\/strong><\/p>\n<div class=\"su-document su-u-responsive-media-no\"><iframe loading=\"lazy\" src=\"\/\/docs.google.com\/viewer?embedded=true&url=http:\/\/www.radiopiu.net\/wordpress\/wp-content\/uploads\/2019\/12\/Clas-3^Prova-Modolo-01-12-19.pdf\" width=\"600\" height=\"800\" class=\"su-document\" title=\"cc\"><\/iframe><\/div>\n<h3><\/h3>\n<h3><\/h3>\n<p>&nbsp;<\/p>\n<h3>INIZIATA LA 14\u00b0 EDIZIONE DEL TORNEO DEGLI ANGELI<\/h3>\n<p><a class=\"dt-pswp-item\" href=\"http:\/\/www.radiopiu.net\/wordpress\/wp-content\/uploads\/2019\/12\/TORNEO-ANGELI-2019.jpeg\" data-dt-img-description=\"\" data-large_image_width=\"696\" data-large_image_height=\"416\"><img loading=\"lazy\" decoding=\"async\" class=\"size-medium wp-image-108343 alignright\" src=\"http:\/\/www.radiopiu.net\/wordpress\/wp-content\/uploads\/2019\/12\/TORNEO-ANGELI-2019-300x179.jpeg\" alt=\"\" width=\"300\" height=\"179\" srcset=\"https:\/\/www.radiopiu.net\/wordpress\/wp-content\/uploads\/2019\/12\/TORNEO-ANGELI-2019-300x179.jpeg 300w, https:\/\/www.radiopiu.net\/wordpress\/wp-content\/uploads\/2019\/12\/TORNEO-ANGELI-2019.jpeg 696w\" sizes=\"auto, (max-width: 300px) 100vw, 300px\" \/><\/a>Per il quattordicesimo anno consecutivo l&#8217;U.S. Le Ville organizza al Palarova di Agordo il Torneo Degli Angeli, la manifestazione sportiva in memoria di Thierry Brancaleone e Denis Benvegn\u00f9. Il torneo conta ben 13 squadre iscritte e si giocher\u00e0 tutte le domeniche fino al 22 dicembre quando verranno giocate le semifinali e la finalissima. Ieri la prima giornata con le prime 11 partite. Domenica prossima di nuovo in campo per la seconda giornata del Memorial.<\/p>\n<p><strong>I RISULTATI DELLA PRIMA GIORNATA<\/strong><\/p>\n<p>Scarsenal \u2013 Le Ville 4-6, Repubblica Cioka \u2013 Vem Alimentari 6-4, Break Time \u2013 Nuove Leve MC 4-6, Vem Alimentari \u2013 Le Ville 1-6, F.C. Kosova \u2013 Gli Extra 3-1, Break Time \u2013 U.S. Roe 4-1, F.C. Kosova \u2013 Bar Ristorante Da Carla 11-5, Voltago \u2013 Scarsenal 15-3, Zum Brillenbar \u2013 Nuove Leve MC 3-4, The Good Fellas \u2013 Bar Ristorante Da Carla 12-1, Repubblica Cioka \u2013 Voltago 10-4<\/p>\n<p>&nbsp;<\/p>\n<p>&nbsp;<\/p>\n<p>&nbsp;<\/p>\n<p>&nbsp;<\/p>\n<p><a class=\"dt-pswp-item\" href=\"http:\/\/www.radiopiu.net\/wordpress\/wp-content\/uploads\/2018\/09\/WhatsApp-Image-2018-09-20-at-16.04.06.jpeg\" data-dt-img-description=\"\" data-large_image_width=\"800\" data-large_image_height=\"100\"><img loading=\"lazy\" decoding=\"async\" class=\"wp-image-61378 size-full aligncenter\" src=\"http:\/\/www.radiopiu.net\/wordpress\/wp-content\/uploads\/2018\/09\/WhatsApp-Image-2018-09-20-at-16.04.06.jpeg\" alt=\"\" width=\"800\" height=\"100\" srcset=\"https:\/\/www.radiopiu.net\/wordpress\/wp-content\/uploads\/2018\/09\/WhatsApp-Image-2018-09-20-at-16.04.06.jpeg 800w, https:\/\/www.radiopiu.net\/wordpress\/wp-content\/uploads\/2018\/09\/WhatsApp-Image-2018-09-20-at-16.04.06-300x38.jpeg 300w, https:\/\/www.radiopiu.net\/wordpress\/wp-content\/uploads\/2018\/09\/WhatsApp-Image-2018-09-20-at-16.04.06-768x96.jpeg 768w\" sizes=\"auto, (max-width: 800px) 100vw, 800px\" \/><\/a><\/p>\n<p><center><b>Lunedi 2<\/b><\/center><b>Tempo atteso: <\/b>Nelle primissime ore cielo molto nuvoloso e per il resto significativi spazi di sereno da nord, alternati a qualche locale addensamento pi\u00f9 che altro sulle Prealpi; in serata, possibili locali nubi basse nelle valli.<br \/>\n<b>Precipitazioni: <\/b>Probabilit\u00e0 nelle primissime ore medio-alta (70-90%) per fenomeni da diffusi a sparsi, in prevalenza modesti, con limite delle nevicate a 1500-1800 m sulle Prealpi, 1200-1500 m sulle Dolomiti centro-meridionali e 900-1200 m sulle Dolomiti centro-settentrionali; in seguito la probabilit\u00e0 diminuir\u00e0 rapidamente, risultando gi\u00e0 dalla mattinata bassa (0-20%) al pi\u00f9 per occasionali modesti fenomeni sulle Prealpi, eventualmente con qualche fiocco di neve da circa 1000-1300 m.<br \/>\n<b>Temperature: <\/b>Prevarranno un aumento delle massime e una diminuzione delle minime, che saranno raggiunte alla sera. Minime sulle Prealpi 0 \u00b0C a 1500 m e -2 \u00b0C a 2000 m, sulle Dolomiti -6 \u00b0C a 2000 m e -7 \u00b0C a 3000 m; massime sulle Prealpi 4 \u00b0C a 1500 m e 1 \u00b0C a 2000 m, sulle Dolomiti 0 \u00b0C a 2000 m e -6 \u00b0C a 3000 m.<br \/>\n<b>Venti: <\/b>In quota sulle Dolomiti a tratti deboli e a tratti moderati, nelle primissime ore da sud-ovest e poi da nord-ovest. In quota sulle Prealpi dai quadranti occidentali, forti nelle primissime ore e poi moderati, anche deboli verso sera. Nelle valli, deboli con direzione variabile ma con probabilit\u00e0 di locali moderati rinforzi, anche per episodi di Foehn. Le intensit\u00e0 significative saranno sui 20-40 km\/h a 2000 m e 50-70 a 3000 m.<\/p>\n<hr \/>\n<p><center><b>Martedi 3<\/b><\/center><b>Tempo atteso: <\/b>Cielo sereno od occasionalmente poco nuvoloso, salvo possibili locali nubi basse nelle valli fino al primo mattino.<br \/>\n<b>Precipitazioni: <\/b>Assenti.<br \/>\n<b>Temperature: <\/b>Giornata generalmente pi\u00f9 fredda, specie nelle valli, in vari casi con minime raggiunte alla sera; solo in quota sulle Dolomiti i valori estremi potranno localmente risultare stazionari o un po&#8217; in aumento. Minime sulle Prealpi -3 \u00b0C a 1500 m e -4 \u00b0C a 2000 m, sulle Dolomiti -5 \u00b0C a 2000 m e -8 \u00b0C a 3000 m; massime sulle Prealpi -1 \u00b0C a 1500 m e -1 \u00b0C a 2000 m, sulle Dolomiti 0 \u00b0C a 2000 m e -2 \u00b0C a 3000 m.<br \/>\n<b>Venti: <\/b>In quota moderati dai quadranti settentrionali, sui 5-15 km\/h a 2000 m e 20-30 km\/h a 3000 m; nelle valli in genere deboli con direzione variabile, al pi\u00f9 localmente e temporaneamente moderati per possibili residui episodi di Foehn.<\/p>\n<hr \/>\n<p><center><b>Mercoledi 4<\/b><\/center>Cielo generalmente sereno, salvo al pi\u00f9 qualche locale nube bassa nelle valli fino al primo mattino; per le temperature, in quota prevarr\u00e0 un contenuto aumento e nelle valli le variazioni saranno poco significative.<\/p>\n<hr \/>\n<p><center><b>Giovedi 5<\/b><\/center>Cielo sereno, salvo al pi\u00f9 qualche nube alta in arrivo nelle ultime ore; per le temperature, prevarr\u00e0 un lieve aumento. Previsore: AB<\/p>\n","protected":false},"excerpt":{"rendered":"<p>&nbsp; &nbsp; &nbsp; INTROVABILE L&#8217;APPELLO DELLA FIGLIA &#8220;\u00abPap\u00e0 torna a casa! Ti aspettiamo tutti. Continueremo a cercarti, non ci arrendiamo&#8221; Carabinieri di Belluno\u00a0 0437 2551 SI CERCA ANGELO DALLA FAVERA &nbsp; &nbsp; &nbsp; aggiornamento 12.30\u00a0 ANZIANA VITTIMA DEGLI ABUSI IN OSPEDALE CON GRAFFI AL VOLTO E ALLA SCHIENA, ARRESTATA LA FIGLIASTRA BELLUNO Anziana maltrattata dalla&hellip;<\/p>\n","protected":false},"author":1,"featured_media":108306,"comment_status":"closed","ping_status":"closed","sticky":false,"template":"","format":"standard","meta":{"_monsterinsights_skip_tracking":false,"_monsterinsights_sitenote_active":false,"_monsterinsights_sitenote_note":"","_monsterinsights_sitenote_category":0,"footnotes":""},"categories":[1,86],"tags":[],"class_list":["post-108272","post","type-post","status-publish","format-standard","has-post-thumbnail","hentry","category-senza-categoria","category-gr","category-1","category-86","description-off"],"img_url":"https:\/\/www.radiopiu.net\/wordpress\/wp-content\/uploads\/2019\/12\/photo_2019-12-01_14-59-06.jpg","_links":{"self":[{"href":"https:\/\/www.radiopiu.net\/wordpress\/wp-json\/wp\/v2\/posts\/108272","targetHints":{"allow":["GET"]}}],"collection":[{"href":"https:\/\/www.radiopiu.net\/wordpress\/wp-json\/wp\/v2\/posts"}],"about":[{"href":"https:\/\/www.radiopiu.net\/wordpress\/wp-json\/wp\/v2\/types\/post"}],"author":[{"embeddable":true,"href":"https:\/\/www.radiopiu.net\/wordpress\/wp-json\/wp\/v2\/users\/1"}],"replies":[{"embeddable":true,"href":"https:\/\/www.radiopiu.net\/wordpress\/wp-json\/wp\/v2\/comments?post=108272"}],"version-history":[{"count":0,"href":"https:\/\/www.radiopiu.net\/wordpress\/wp-json\/wp\/v2\/posts\/108272\/revisions"}],"wp:featuredmedia":[{"embeddable":true,"href":"https:\/\/www.radiopiu.net\/wordpress\/wp-json\/wp\/v2\/media\/108306"}],"wp:attachment":[{"href":"https:\/\/www.radiopiu.net\/wordpress\/wp-json\/wp\/v2\/media?parent=108272"}],"wp:term":[{"taxonomy":"category","embeddable":true,"href":"https:\/\/www.radiopiu.net\/wordpress\/wp-json\/wp\/v2\/categories?post=108272"},{"taxonomy":"post_tag","embeddable":true,"href":"https:\/\/www.radiopiu.net\/wordpress\/wp-json\/wp\/v2\/tags?post=108272"}],"curies":[{"name":"wp","href":"https:\/\/api.w.org\/{rel}","templated":true}]}}