{"id":108385,"date":"2019-12-03T05:46:48","date_gmt":"2019-12-03T04:46:48","guid":{"rendered":"http:\/\/www.radiopiu.net\/wordpress\/?p=108385"},"modified":"2019-12-03T12:51:57","modified_gmt":"2019-12-03T11:51:57","slug":"giornale-radiopiu-03-dicembre-2019-direttore-mirko-mezzacasa","status":"publish","type":"post","link":"https:\/\/www.radiopiu.net\/wordpress\/giornale-radiopiu-03-dicembre-2019-direttore-mirko-mezzacasa\/","title":{"rendered":"GIORNALE RADIOPIU 03 DICEMBRE 2019 DIRETTORE MIRKO MEZZACASA"},"content":{"rendered":"<p>&nbsp;<\/p>\n<blockquote>\n<p style=\"text-align: left;\">\n<\/blockquote>\n<p>&nbsp;<\/p>\n<p>&nbsp;<\/p>\n<p><span style=\"color: #ff0000;\"><strong>Disagi terminati. Riaperto da ieri sera il ponte di Santa Caterina, doppio senso a Ponte nelle Alpi<\/strong><\/span><\/p>\n<p>&nbsp;<\/p>\n<h3>ANZIANA VITTIMA DEGLI ABUSI IN OSPEDALE CON GRAFFI AL VOLTO E ALLA SCHIENA, ARRESTATA LA FIGLIASTRA<\/h3>\n<p><strong><a class=\"dt-pswp-item\" href=\"http:\/\/www.radiopiu.net\/wordpress\/wp-content\/uploads\/2018\/10\/Volante-Questura.jpg\" data-dt-img-description=\"\" data-large_image_width=\"768\" data-large_image_height=\"510\"><img loading=\"lazy\" decoding=\"async\" class=\"wp-image-63842 alignleft\" src=\"http:\/\/www.radiopiu.net\/wordpress\/wp-content\/uploads\/2018\/10\/Volante-Questura-300x199.jpg\" alt=\"\" width=\"197\" height=\"131\" \/><\/a>BELLUNO<\/strong> Anziana maltrattata dalla figliastra di dieci anni pi\u00f9 giovane che \u00e8 stata arrestata a seguito delle indagini coordinate dal Sostituto Procuratore Roberta Gallego. Avrebbe dovuto accudire l&#8217;anziana, ma le telecamere installate dalla Mobile hanno dimostrato ben altro.<\/p>\n<h2>IL SERVIZIO DAL GIORNALE RADIO PRINCIPALE.<\/h2>\n<p><strong>DI MORENO GIOLI<\/strong><\/p>\n<audio class=\"wp-audio-shortcode\" id=\"audio-108385-1\" preload=\"none\" style=\"width: 100%;\" controls=\"controls\"><source type=\"audio\/mpeg\" src=\"http:\/\/www.radiopiu.net\/wordpress\/wp-content\/uploads\/2019\/12\/gioli.mp3?_=1\" \/><a href=\"http:\/\/www.radiopiu.net\/wordpress\/wp-content\/uploads\/2019\/12\/gioli.mp3\">http:\/\/www.radiopiu.net\/wordpress\/wp-content\/uploads\/2019\/12\/gioli.mp3<\/a><\/audio>\n<h2><strong><span style=\"color: #ff0000;\">VIDEO<\/span><\/strong><\/h2>\n<div style=\"width: 1200px;\" class=\"wp-video\"><video class=\"wp-video-shortcode\" id=\"video-108385-1\" width=\"1200\" height=\"675\" preload=\"metadata\" controls=\"controls\"><source type=\"video\/mp4\" src=\"http:\/\/www.radiopiu.net\/wordpress\/wp-content\/uploads\/2019\/12\/Maltrattamenti-piccolo.mp4?_=1\" \/><a href=\"http:\/\/www.radiopiu.net\/wordpress\/wp-content\/uploads\/2019\/12\/Maltrattamenti-piccolo.mp4\">http:\/\/www.radiopiu.net\/wordpress\/wp-content\/uploads\/2019\/12\/Maltrattamenti-piccolo.mp4<\/a><\/video><\/div>\n<p>&nbsp;<\/p>\n<p>&nbsp;<\/p>\n<p>&nbsp;<\/p>\n<p>&nbsp;<\/p>\n<h1>A GRAZIANO<\/h1>\n<p><strong><a class=\"dt-pswp-item\" href=\"http:\/\/www.radiopiu.net\/wordpress\/wp-content\/uploads\/2019\/12\/12_Graziano_Ronchi.jpg\" data-dt-img-description=\"\" data-large_image_width=\"472\" data-large_image_height=\"537\"><img loading=\"lazy\" decoding=\"async\" class=\"wp-image-108420 alignleft\" src=\"http:\/\/www.radiopiu.net\/wordpress\/wp-content\/uploads\/2019\/12\/12_Graziano_Ronchi-264x300.jpg\" alt=\"\" width=\"192\" height=\"216\" \/><\/a>RADIOPIU<\/strong> Caro il mio &#8220;vecchio&#8221; che tristezza doverti salutare e cos\u00ec presto. Mi mancher\u00e0 quel &#8220;il vecchio&#8221; scritto a margine delle mail che puntualmente sono sempre arrivate a Radio Pi\u00f9 dopo la rassegna stampa della 8 del mattino di cui eri fedelissimo ascoltatore da &#8220;cucina&#8221;,\u00a0 come da vecchi tempi e da clima famiglia. Messaggi importanti, di crtitica, solidariet\u00e0, appoggio e suggerimenti importanti. Quando non c&#8217;erano le mail c&#8217;erano i corridoi dell&#8217;Istituto Follador di via 5 maggio, presenza importante quella del &#8220;Ronchi&#8221; per noi poveri studenti di allora impauriti nei primi giorni e impavidi prima della maturit\u00e0, giusto il tempo di averti conosciuto anche in quest&#8217;altra tua passione di vita. Caro ex sindaco, ex consigliere comunale, alpino dalla lunga penna, non ti dimenticheremo. Un abbraccio alla tua cara compagna di vita Ginetta, anche lei sempre presente nei tuoi scritti, e un&#8217;altrettanto stretta solidale al fratello Franco,\u00a0 ai tuoi figli Caterina, Elisabetta, SIlvia e Andrea. I funerali mercoledi alle 14.30 nella chiesa parrocchiale di Vallada Agordina.<\/p>\n<p><strong>LA STORIA, IL RICORDO<\/strong><\/p>\n<h3>DI GIANNI SANTOMASO<\/h3>\n<audio class=\"wp-audio-shortcode\" id=\"audio-108385-2\" preload=\"none\" style=\"width: 100%;\" controls=\"controls\"><source type=\"audio\/mpeg\" src=\"http:\/\/www.radiopiu.net\/wordpress\/wp-content\/uploads\/2019\/12\/gianni-graziano-ok.mp3?_=2\" \/><a href=\"http:\/\/www.radiopiu.net\/wordpress\/wp-content\/uploads\/2019\/12\/gianni-graziano-ok.mp3\">http:\/\/www.radiopiu.net\/wordpress\/wp-content\/uploads\/2019\/12\/gianni-graziano-ok.mp3<\/a><\/audio>\n<p><a class=\"dt-pswp-item\" href=\"http:\/\/www.radiopiu.net\/wordpress\/wp-content\/uploads\/2019\/12\/graziano-ronchi.jpg\" data-dt-img-description=\"\" data-large_image_width=\"1280\" data-large_image_height=\"960\"><img loading=\"lazy\" decoding=\"async\" class=\"wp-image-108421 alignright\" src=\"http:\/\/www.radiopiu.net\/wordpress\/wp-content\/uploads\/2019\/12\/graziano-ronchi-300x225.jpg\" alt=\"\" width=\"293\" height=\"221\" srcset=\"https:\/\/www.radiopiu.net\/wordpress\/wp-content\/uploads\/2019\/12\/graziano-ronchi-300x225.jpg 300w, https:\/\/www.radiopiu.net\/wordpress\/wp-content\/uploads\/2019\/12\/graziano-ronchi-768x576.jpg 768w, https:\/\/www.radiopiu.net\/wordpress\/wp-content\/uploads\/2019\/12\/graziano-ronchi-1024x768.jpg 1024w, https:\/\/www.radiopiu.net\/wordpress\/wp-content\/uploads\/2019\/12\/graziano-ronchi.jpg 1280w\" sizes=\"auto, (max-width: 293px) 100vw, 293px\" \/><\/a><\/p>\n<p>&nbsp;<\/p>\n<p>&nbsp;<\/p>\n<p>&nbsp;<\/p>\n<p>&nbsp;<\/p>\n<p>&nbsp;<\/p>\n<p>&nbsp;<\/p>\n<p>&nbsp;<\/p>\n<p>&nbsp;<\/p>\n<p><strong>IL RICORDO DI MONSIGNOR GIORGIO LISE\u00a0<\/strong><\/p>\n<audio class=\"wp-audio-shortcode\" id=\"audio-108385-3\" preload=\"none\" style=\"width: 100%;\" controls=\"controls\"><source type=\"audio\/mpeg\" src=\"http:\/\/www.radiopiu.net\/wordpress\/wp-content\/uploads\/2019\/12\/don-giorgio.mp3?_=3\" \/><a href=\"http:\/\/www.radiopiu.net\/wordpress\/wp-content\/uploads\/2019\/12\/don-giorgio.mp3\">http:\/\/www.radiopiu.net\/wordpress\/wp-content\/uploads\/2019\/12\/don-giorgio.mp3<\/a><\/audio>\n<p>&nbsp;<\/p>\n<p>&nbsp;<\/p>\n<p>&nbsp;<\/p>\n<h2><a class=\"dt-pswp-item\" href=\"http:\/\/www.radiopiu.net\/wordpress\/wp-content\/uploads\/2019\/02\/IC-FELTRE-Sci-di-Fondo-a-pra-del-Moro-1.jpg\" data-dt-img-description=\"\" data-large_image_width=\"2560\" data-large_image_height=\"1440\"><img loading=\"lazy\" decoding=\"async\" class=\"size-medium wp-image-75099 alignleft\" src=\"http:\/\/www.radiopiu.net\/wordpress\/wp-content\/uploads\/2019\/02\/IC-FELTRE-Sci-di-Fondo-a-pra-del-Moro-1-300x169.jpg\" alt=\"\" width=\"300\" height=\"169\" srcset=\"https:\/\/www.radiopiu.net\/wordpress\/wp-content\/uploads\/2019\/02\/IC-FELTRE-Sci-di-Fondo-a-pra-del-Moro-1-300x169.jpg 300w, https:\/\/www.radiopiu.net\/wordpress\/wp-content\/uploads\/2019\/02\/IC-FELTRE-Sci-di-Fondo-a-pra-del-Moro-1-768x432.jpg 768w, https:\/\/www.radiopiu.net\/wordpress\/wp-content\/uploads\/2019\/02\/IC-FELTRE-Sci-di-Fondo-a-pra-del-Moro-1-1024x576.jpg 1024w\" sizes=\"auto, (max-width: 300px) 100vw, 300px\" \/><\/a><\/h2>\n<h2><\/h2>\n<h2>SKI AREE IN ALLARME, PREVISTA UNA FORTE INVERSIONE TERMICA, IN NEVEGAL NECESSARIA LA DANZA DELLA NEVE, CANNONI PER SPARARE PRONTI, MA SENZA FREDDO TUTTO E&#8217; INUTILE.<\/h2>\n<p>DI DAMIANO TORMEN<\/p>\n<audio class=\"wp-audio-shortcode\" id=\"audio-108385-4\" preload=\"none\" style=\"width: 100%;\" controls=\"controls\"><source type=\"audio\/mpeg\" src=\"http:\/\/www.radiopiu.net\/wordpress\/wp-content\/uploads\/2019\/12\/damiano-meteo.mp3?_=4\" \/><a href=\"http:\/\/www.radiopiu.net\/wordpress\/wp-content\/uploads\/2019\/12\/damiano-meteo.mp3\">http:\/\/www.radiopiu.net\/wordpress\/wp-content\/uploads\/2019\/12\/damiano-meteo.mp3<\/a><\/audio>\n<p>&nbsp;<\/p>\n<p>&nbsp;<\/p>\n<p>&nbsp;<\/p>\n<p>&nbsp;<\/p>\n<h3>LA FOTO DEL GIORNO<\/h3>\n<blockquote><p><em>All&#8217;alba da localit\u00e0 Baudon sulla strada del Duran vs monte Celo \u00a0&#8220;Alba su Vaia d&#8217;inverno&#8221;<\/em><\/p><\/blockquote>\n<p><strong>di Tiziano De Col<\/strong><\/p>\n<p><a class=\"dt-pswp-item\" href=\"http:\/\/www.radiopiu.net\/wordpress\/wp-content\/uploads\/2019\/12\/7008cab5-d7d4-45ca-8220-e12f23c84831-1.jpg\" data-dt-img-description=\"\" data-large_image_width=\"2048\" data-large_image_height=\"1536\"><img loading=\"lazy\" decoding=\"async\" class=\"alignnone size-medium wp-image-108415\" src=\"http:\/\/www.radiopiu.net\/wordpress\/wp-content\/uploads\/2019\/12\/7008cab5-d7d4-45ca-8220-e12f23c84831-1-300x225.jpg\" alt=\"\" width=\"300\" height=\"225\" srcset=\"https:\/\/www.radiopiu.net\/wordpress\/wp-content\/uploads\/2019\/12\/7008cab5-d7d4-45ca-8220-e12f23c84831-1-300x225.jpg 300w, https:\/\/www.radiopiu.net\/wordpress\/wp-content\/uploads\/2019\/12\/7008cab5-d7d4-45ca-8220-e12f23c84831-1-768x576.jpg 768w, https:\/\/www.radiopiu.net\/wordpress\/wp-content\/uploads\/2019\/12\/7008cab5-d7d4-45ca-8220-e12f23c84831-1-1024x768.jpg 1024w, https:\/\/www.radiopiu.net\/wordpress\/wp-content\/uploads\/2019\/12\/7008cab5-d7d4-45ca-8220-e12f23c84831-1.jpg 2048w\" sizes=\"auto, (max-width: 300px) 100vw, 300px\" \/><\/a><\/p>\n<p>&nbsp;<\/p>\n<p>&nbsp;<\/p>\n<p>&nbsp;<\/p>\n<h3>RASSICURAZIONI DA VENETO STRADE SUL PONTE DI FRASSENE&#8217; &#8220;I danni sono sul cordolo non sulla struttura portante&#8221;. A PRIMAVERA INTERVENTO MANUTENTIVO.<\/h3>\n<p><strong>VOLTAGO<\/strong> Il ponte costruito 50 anni fa, dopo l&#8217;alluvione del &#8217;66 \u00e8 sicuro? Se lo chiedono i cittadini e coloro che vi transitano quotidianamente e sbirciando tra guard rail e vegetazione scorgono nell&#8217;inrfastruttura travature di cemento che non hanno superato al meglio gli effetti del tempo, spuntano le armature di colore rosso. Michele Artusato da Veneto Strade rassicura<\/p>\n<p><strong>DI GIANNI SANTOMASO<\/strong><\/p>\n<audio class=\"wp-audio-shortcode\" id=\"audio-108385-5\" preload=\"none\" style=\"width: 100%;\" controls=\"controls\"><source type=\"audio\/mpeg\" src=\"http:\/\/www.radiopiu.net\/wordpress\/wp-content\/uploads\/2019\/12\/gianni-frassene.mp3?_=5\" \/><a href=\"http:\/\/www.radiopiu.net\/wordpress\/wp-content\/uploads\/2019\/12\/gianni-frassene.mp3\">http:\/\/www.radiopiu.net\/wordpress\/wp-content\/uploads\/2019\/12\/gianni-frassene.mp3<\/a><\/audio>\n\n\t\t\t<style type='text\/css'>\n\t\t\t\t#gallery-1 {\n\t\t\t\t\tmargin: auto;\n\t\t\t\t}\n\t\t\t\t#gallery-1 .gallery-item {\n\t\t\t\t\tfloat: left;\n\t\t\t\t\tmargin-top: 10px;\n\t\t\t\t\ttext-align: center;\n\t\t\t\t\twidth: 33%;\n\t\t\t\t}\n\t\t\t\t#gallery-1 img {\n\t\t\t\t\tborder: 2px solid #cfcfcf;\n\t\t\t\t}\n\t\t\t\t#gallery-1 .gallery-caption {\n\t\t\t\t\tmargin-left: 0;\n\t\t\t\t}\n\t\t\t\t\/* see gallery_shortcode() in wp-includes\/media.php *\/\n\t\t\t<\/style>\n\t\t<div id='gallery-1' class='dt-gallery-container gallery galleryid-108385 gallery-columns-3 gallery-size-thumbnail'><dl class='gallery-item'>\n\t\t\t\t<dt class='gallery-icon landscape'>\n\t\t\t\t\t<a class=\"rollover\" href='https:\/\/www.radiopiu.net\/wordpress\/giornale-radiopiu-03-dicembre-2019-direttore-mirko-mezzacasa\/c8ba3999-e628-41d5-aafb-d8e53a4c34bc\/'><img loading=\"lazy\" decoding=\"async\" width=\"150\" height=\"150\" src=\"https:\/\/www.radiopiu.net\/wordpress\/wp-content\/uploads\/2019\/12\/c8ba3999-e628-41d5-aafb-d8e53a4c34bc-150x150.jpg\" class=\"attachment-thumbnail size-thumbnail\" alt=\"\" \/><\/a>\n\t\t\t\t<\/dt><\/dl><dl class='gallery-item'>\n\t\t\t\t<dt class='gallery-icon landscape'>\n\t\t\t\t\t<a class=\"rollover\" href='https:\/\/www.radiopiu.net\/wordpress\/giornale-radiopiu-03-dicembre-2019-direttore-mirko-mezzacasa\/3df66234-0323-4419-90e4-fd331415d37d\/'><img loading=\"lazy\" decoding=\"async\" width=\"150\" height=\"150\" src=\"https:\/\/www.radiopiu.net\/wordpress\/wp-content\/uploads\/2019\/12\/3df66234-0323-4419-90e4-fd331415d37d-150x150.jpg\" class=\"attachment-thumbnail size-thumbnail\" alt=\"\" \/><\/a>\n\t\t\t\t<\/dt><\/dl><dl class='gallery-item'>\n\t\t\t\t<dt class='gallery-icon landscape'>\n\t\t\t\t\t<a class=\"rollover\" href='https:\/\/www.radiopiu.net\/wordpress\/giornale-radiopiu-03-dicembre-2019-direttore-mirko-mezzacasa\/3c1864ba-d48b-4a32-b042-2d4d2db85bbd\/'><img loading=\"lazy\" decoding=\"async\" width=\"150\" height=\"150\" src=\"https:\/\/www.radiopiu.net\/wordpress\/wp-content\/uploads\/2019\/12\/3c1864ba-d48b-4a32-b042-2d4d2db85bbd-150x150.jpg\" class=\"attachment-thumbnail size-thumbnail\" alt=\"\" \/><\/a>\n\t\t\t\t<\/dt><\/dl><br style=\"clear: both\" \/><dl class='gallery-item'>\n\t\t\t\t<dt class='gallery-icon landscape'>\n\t\t\t\t\t<a class=\"rollover\" href='https:\/\/www.radiopiu.net\/wordpress\/giornale-radiopiu-03-dicembre-2019-direttore-mirko-mezzacasa\/a73f759e-0f4d-418d-9c23-041c6c60504b\/'><img loading=\"lazy\" decoding=\"async\" width=\"150\" height=\"150\" src=\"https:\/\/www.radiopiu.net\/wordpress\/wp-content\/uploads\/2019\/12\/a73f759e-0f4d-418d-9c23-041c6c60504b-150x150.jpg\" class=\"attachment-thumbnail size-thumbnail\" alt=\"\" \/><\/a>\n\t\t\t\t<\/dt><\/dl><dl class='gallery-item'>\n\t\t\t\t<dt class='gallery-icon landscape'>\n\t\t\t\t\t<a class=\"rollover\" href='https:\/\/www.radiopiu.net\/wordpress\/giornale-radiopiu-03-dicembre-2019-direttore-mirko-mezzacasa\/0e5014ec-a34b-49c4-a9a0-43d5b6247cb0\/'><img loading=\"lazy\" decoding=\"async\" width=\"150\" height=\"150\" src=\"https:\/\/www.radiopiu.net\/wordpress\/wp-content\/uploads\/2019\/12\/0e5014ec-a34b-49c4-a9a0-43d5b6247cb0-150x150.jpg\" class=\"attachment-thumbnail size-thumbnail\" alt=\"\" \/><\/a>\n\t\t\t\t<\/dt><\/dl><dl class='gallery-item'>\n\t\t\t\t<dt class='gallery-icon landscape'>\n\t\t\t\t\t<a class=\"rollover\" href='https:\/\/www.radiopiu.net\/wordpress\/giornale-radiopiu-03-dicembre-2019-direttore-mirko-mezzacasa\/1461ebf0-1a19-4c21-84fb-c50ad8e78aee\/'><img loading=\"lazy\" decoding=\"async\" width=\"150\" height=\"150\" src=\"https:\/\/www.radiopiu.net\/wordpress\/wp-content\/uploads\/2019\/12\/1461ebf0-1a19-4c21-84fb-c50ad8e78aee-150x150.jpg\" class=\"attachment-thumbnail size-thumbnail\" alt=\"\" \/><\/a>\n\t\t\t\t<\/dt><\/dl><br style=\"clear: both\" \/><dl class='gallery-item'>\n\t\t\t\t<dt class='gallery-icon landscape'>\n\t\t\t\t\t<a class=\"rollover\" href='https:\/\/www.radiopiu.net\/wordpress\/giornale-radiopiu-03-dicembre-2019-direttore-mirko-mezzacasa\/f80ddf4c-cef6-431d-a2b9-269626f16c53\/'><img loading=\"lazy\" decoding=\"async\" width=\"150\" height=\"150\" src=\"https:\/\/www.radiopiu.net\/wordpress\/wp-content\/uploads\/2019\/12\/f80ddf4c-cef6-431d-a2b9-269626f16c53-150x150.jpg\" class=\"attachment-thumbnail size-thumbnail\" alt=\"\" \/><\/a>\n\t\t\t\t<\/dt><\/dl><dl class='gallery-item'>\n\t\t\t\t<dt class='gallery-icon landscape'>\n\t\t\t\t\t<a class=\"rollover\" href='https:\/\/www.radiopiu.net\/wordpress\/giornale-radiopiu-03-dicembre-2019-direttore-mirko-mezzacasa\/079db89c-3c5d-4316-858f-84d261aef100\/'><img loading=\"lazy\" decoding=\"async\" width=\"150\" height=\"150\" src=\"https:\/\/www.radiopiu.net\/wordpress\/wp-content\/uploads\/2019\/12\/079db89c-3c5d-4316-858f-84d261aef100-150x150.jpg\" class=\"attachment-thumbnail size-thumbnail\" alt=\"\" \/><\/a>\n\t\t\t\t<\/dt><\/dl><dl class='gallery-item'>\n\t\t\t\t<dt class='gallery-icon landscape'>\n\t\t\t\t\t<a class=\"rollover\" href='https:\/\/www.radiopiu.net\/wordpress\/giornale-radiopiu-03-dicembre-2019-direttore-mirko-mezzacasa\/b4e9e159-6e44-4a1c-bbfe-62a0efc7b56b\/'><img loading=\"lazy\" decoding=\"async\" width=\"150\" height=\"150\" src=\"https:\/\/www.radiopiu.net\/wordpress\/wp-content\/uploads\/2019\/12\/b4e9e159-6e44-4a1c-bbfe-62a0efc7b56b-150x150.jpg\" class=\"attachment-thumbnail size-thumbnail\" alt=\"\" \/><\/a>\n\t\t\t\t<\/dt><\/dl><br style=\"clear: both\" \/>\n\t\t\t<\/div>\n\n<p>&nbsp;<\/p>\n<p>&nbsp;<\/p>\n<p>&nbsp;<\/p>\n<h3><\/h3>\n<h3>ALLE CORDE MOLE LAVORI PER 8 MILIONI DI EURO, E&#8217; LA SOLUZIONE PER FERMARE IL DISSESTO<\/h3>\n<p><strong><a class=\"dt-pswp-item\" href=\"http:\/\/www.radiopiu.net\/wordpress\/wp-content\/uploads\/2019\/12\/WhatsApp-Image-2019-12-01-at-16.09.44.jpeg\" data-dt-img-description=\"\" data-large_image_width=\"1599\" data-large_image_height=\"1200\"><img loading=\"lazy\" decoding=\"async\" class=\"wp-image-108280 alignleft\" src=\"http:\/\/www.radiopiu.net\/wordpress\/wp-content\/uploads\/2019\/12\/WhatsApp-Image-2019-12-01-at-16.09.44-300x225.jpeg\" alt=\"\" width=\"202\" height=\"152\" srcset=\"https:\/\/www.radiopiu.net\/wordpress\/wp-content\/uploads\/2019\/12\/WhatsApp-Image-2019-12-01-at-16.09.44-300x225.jpeg 300w, https:\/\/www.radiopiu.net\/wordpress\/wp-content\/uploads\/2019\/12\/WhatsApp-Image-2019-12-01-at-16.09.44-768x576.jpeg 768w, https:\/\/www.radiopiu.net\/wordpress\/wp-content\/uploads\/2019\/12\/WhatsApp-Image-2019-12-01-at-16.09.44-1024x768.jpeg 1024w, https:\/\/www.radiopiu.net\/wordpress\/wp-content\/uploads\/2019\/12\/WhatsApp-Image-2019-12-01-at-16.09.44.jpeg 1599w\" sizes=\"auto, (max-width: 202px) 100vw, 202px\" \/><\/a><\/strong><\/p>\n<p>&nbsp;<\/p>\n<p>&nbsp;<\/p>\n<p><strong>GOSALDO<\/strong><\/p>\n<p><strong>DI GIANNI SANTOMASO\u00a0<\/strong><\/p>\n<audio class=\"wp-audio-shortcode\" id=\"audio-108385-6\" preload=\"none\" style=\"width: 100%;\" controls=\"controls\"><source type=\"audio\/mpeg\" src=\"http:\/\/www.radiopiu.net\/wordpress\/wp-content\/uploads\/2019\/12\/corde-mole-gianni.mp3?_=6\" \/><a href=\"http:\/\/www.radiopiu.net\/wordpress\/wp-content\/uploads\/2019\/12\/corde-mole-gianni.mp3\">http:\/\/www.radiopiu.net\/wordpress\/wp-content\/uploads\/2019\/12\/corde-mole-gianni.mp3<\/a><\/audio>\n<p>&nbsp;<\/p>\n<h3><\/h3>\n<h3><\/h3>\n<p>&nbsp;<\/p>\n<blockquote><p>&nbsp;<\/p><\/blockquote>\n<h3><a class=\"dt-pswp-item\" href=\"http:\/\/www.radiopiu.net\/wordpress\/wp-content\/uploads\/2019\/12\/icona_sindaco.png\" data-dt-img-description=\"\" data-large_image_width=\"300\" data-large_image_height=\"400\"><img loading=\"lazy\" decoding=\"async\" class=\"wp-image-108460 alignleft\" src=\"http:\/\/www.radiopiu.net\/wordpress\/wp-content\/uploads\/2019\/12\/icona_sindaco-225x300.png\" alt=\"\" width=\"104\" height=\"139\" srcset=\"https:\/\/www.radiopiu.net\/wordpress\/wp-content\/uploads\/2019\/12\/icona_sindaco-225x300.png 225w, https:\/\/www.radiopiu.net\/wordpress\/wp-content\/uploads\/2019\/12\/icona_sindaco.png 300w\" sizes=\"auto, (max-width: 104px) 100vw, 104px\" \/><\/a><\/h3>\n<h3>AUMENTO DELL&#8217;INDENNITA&#8217; DI CARICA PER I SINDACI DEI PICCOLI COMUNI<\/h3>\n<blockquote><p><em>\u00c8 stato approvato all&#8217;unanimit\u00e0 dalla Commissione Finanze della Camera l&#8217;emendamento che aumenta l&#8217;indennit\u00e0 per i sindaci dei comuni fino a 3mila abitanti.<\/em><\/p><\/blockquote>\n<p><span style=\"color: #ff0000;\">DALLA RASSEGNA STAMPA DI RADIO PIU, IL DEPUTATO PD ROGER DE MENECH<\/span><\/p>\n<audio class=\"wp-audio-shortcode\" id=\"audio-108385-7\" preload=\"none\" style=\"width: 100%;\" controls=\"controls\"><source type=\"audio\/mpeg\" src=\"http:\/\/www.radiopiu.net\/wordpress\/wp-content\/uploads\/2019\/12\/roger.mp3?_=7\" \/><a href=\"http:\/\/www.radiopiu.net\/wordpress\/wp-content\/uploads\/2019\/12\/roger.mp3\">http:\/\/www.radiopiu.net\/wordpress\/wp-content\/uploads\/2019\/12\/roger.mp3<\/a><\/audio>\n<p>&nbsp;<\/p>\n<p><strong>ROMA<\/strong> Ad oggi, ai primi cittadini dei Comuni con meno di mille abitanti venivano riconosciuti 1.291 euro lordi al mese, mentre ai sindaci dei paesi tra i 1000 e i 3000 cittadini andavano 1450 euro lordi mensili.\u00a0 Ora viene creata un&#8217;unica fascia, fino a 3000 abitanti, che prevede per tutti un&#8217;indennit\u00e0 pari all&#8217;85% di quella assegnata ai sindaci dei comuni fino a 5000 abitanti. In pratica, a tutti i sindaci dei piccoli comuni saranno assegnati 1850 euro lordi al mese, pari a circa 1400 euro netti. Il Deputato Luca De Carlo che \u00e8 pure sindaco di un piccolo Comune come Calalzo accoglie con soddisfazione la novit\u00e0.<\/p>\n<p><strong>LUCA DE CARLO<\/strong> <em>&#8220;Un primo segnale &#8211; dice &#8211;\u00a0 anche se tardivo, nei confronti di chi tutti i giorni ci mette la faccia, si assume la responsabilit\u00e0 di una comunit\u00e0 e magari deve anche scontrarsi con i leoni da tastiera, pronti a insultare e criticare, ma mai a mettersi in gioco. Bisogna smetterla con la populista vulgata anti-casta che si riversa anche sui sindaci, che sono le prime sentinelle del territorio, e riconoscere il loro ruolo&#8221;.\u00a0<\/em><\/p>\n<p>Per concorrere alla copertura dei maggiori costi il Ministero dell\u2019Interno istituir\u00e0 un fondo di 10 milioni di euro l\u2019anno a partire dal 2020. Grazie allo stesso emendamento del Pd, torneranno a prendere un\u2019indennit\u00e0 anche i presidenti di Provincia, a cui era stata tolta nell\u2019ambito della riforma del 2014. L\u2019indennit\u00e0 sar\u00e0 pari a quella prevista per il sindaco del Comune capoluogo, ma non sar\u00e0 in ogni caso cumulabile con quella di sindaco.<\/p>\n<p><strong>ROGER DE MENECH\u00a0<\/strong><em> \u00abLe indennit\u00e0 dei sindaci dei piccoli comuni erano vergognosamente basse, ben al di sotto della soglia di dignit\u00e0. Non era pi\u00f9 possibile chiedere a un amministratore di dedicare tutto il tempo disponibile alla propria comunit\u00e0, peraltro con rilevanti rischi penali dovuti in gran parte alla sovrabbondante produzione di norme per 800 euro al mese\u00bb.<\/em><\/p>\n<p>&nbsp;<\/p>\n<p>&nbsp;<\/p>\n<h3>CONSIGLIO COMUNALE DI CENCENIGHE, VARIAZIONE AL BILANCIO ED APPROVAZIONE DELLA CONVENZIONE CON L&#8217;ISTITUTO COMPRENSIVO. AL VIA ANCHE I LAVORI PER LA MANUTENZIONE DEL NOF FILO&#8217; CHE NEL 2021 COMPIRA&#8217; I PRIMI 40 ANNI.<\/h3>\n<p><strong><a class=\"dt-pswp-item\" href=\"http:\/\/www.radiopiu.net\/wordpress\/wp-content\/uploads\/2016\/01\/CENCENIGHE.jpg\" data-dt-img-description=\"\" data-large_image_width=\"600\" data-large_image_height=\"600\"><img loading=\"lazy\" decoding=\"async\" class=\"wp-image-15461 alignleft\" src=\"http:\/\/www.radiopiu.net\/wordpress\/wp-content\/uploads\/2016\/01\/CENCENIGHE-300x300.jpg\" alt=\"\" width=\"155\" height=\"155\" \/><\/a>di Matteo Manfroi<\/strong><\/p>\n<p><strong>CENCENIGHE<\/strong> Ai microfoni di Radio Pi\u00f9 il sindaco di Cencenighe Mauro Soppelsa, spiega l&#8217;ultima variazione al bilancio. 75 mila euro da spendere in due anni per tre lavori grazie al contributo di Bim Consorzi, 45 mila euro impegnati per il 2019\u00a0 per le scuole e per la rete antincendio per le frazioni.<\/p>\n<p><strong><em>Il<\/em><em> plauso del sindaco alla Proloco per la riuscita festa di Sant&#8217;Andrea al N<\/em><em>of Filo&#8217;.<\/em><\/strong><\/p>\n<p>AUDIO<\/p>\n<audio class=\"wp-audio-shortcode\" id=\"audio-108385-8\" preload=\"none\" style=\"width: 100%;\" controls=\"controls\"><source type=\"audio\/mpeg\" src=\"http:\/\/www.radiopiu.net\/wordpress\/wp-content\/uploads\/2019\/12\/MATTEO-SINDACO.mp3?_=8\" \/><a href=\"http:\/\/www.radiopiu.net\/wordpress\/wp-content\/uploads\/2019\/12\/MATTEO-SINDACO.mp3\">http:\/\/www.radiopiu.net\/wordpress\/wp-content\/uploads\/2019\/12\/MATTEO-SINDACO.mp3<\/a><\/audio>\n<p>&nbsp;<\/p>\n<p>&nbsp;<\/p>\n<p>&nbsp;<\/p>\n<h3>SCUOLA. ZAIA, \u201cIN VENETO IL MINOR ABBANDONO SCOLASTICO, UN PRIMATO RISULTATO DI FORTI INVESTIMENTI NELLA FORMAZIONE E NELL\u2019ORIENTAMENTO\u201d<\/h3>\n<p><em>\u201cIl sistema scolastico veneto si posiziona ai primissimi posti nell\u2019ultimo rapporto nazionale sulla dispersione scolastica, meglio della provincia autonoma di Bolzano e della Lombardia. In Italia due studenti su 10 non arrivano al diploma perch\u00e9 lasciano i banchi prima del tempo. In Veneto la percentuale \u00e8 dimezzata, 1 su dieci. Meglio di noi solo la provincia di Trento, con il 9,6 dei giovani che abbandonano la scuola o perdono pi\u00f9 di un anno\u201d.<\/em> Il presidente della regione Veneto Luca Zaia sottolinea con soddisfazione la classifica dell\u2019istituto Invalsi, divulgata dal Sole 24 Ore. <em>\u201cUn buon risultato per il Veneto, tutt\u2019altro che scontato, visto che storicamente siamo stati una regione contadina e manifatturiera, con il minor tasso di laureati e di diplomati in rapporto alle altre regioni europee\u201d<\/em>, ricorda Zaia. <em>\u201cSe oggi il Veneto registra contemporaneamente il minor tasso di dispersione scolastica e la pi\u00f9 bassa percentuale di disoccupazione giovanile \u2013 prosegue il presidente \u2013 significa che scuola, istituzioni e mondo del lavoro hanno saputo costruire una sana alleanza e lavorare al meglio per accompagnare ragazzi e famiglie nel percorso di orientamento e di scelta, tenendo conto delle attitudini dei ragazzi ma anche delle richieste del mondo del lavoro\u201d.<\/em><\/p>\n<p>&nbsp;<\/p>\n<p>&nbsp;<\/p>\n<p>&nbsp;<\/p>\n<p class=\"western\"><b>SANITA\u2019. LA SITUAZIONE AGGIORNATA DI HIV E AIDS IN VENETO. LANZARIN, \u201cDISPONIBILI TUTTE LE CURE E LA PREVENZIONE\u201d. APPELLO A FARE I CONTROLLI A CHI SA DI VER AVUTO COMPORTAMENTI A RISCHIO<\/b><\/p>\n<blockquote>\n<p align=\"JUSTIFY\"><em><span style=\"color: #000000;\"><span style=\"font-size: medium;\">Il 77,6% dei casi di AIDS \u00e8 di genere maschile. Poco meno del 76% dei casi ha un\u2019et\u00e0 compresa tra 25 e 44 anni. Il tasso di incidenza massimo nel 2018 si ha in corrispondenza della classe d\u2019et\u00e0 50-54 anni sia nei maschi che nelle femmine anche se l\u2019andamento della progressione subisce oscillazioni relativamente diverse per i due generi.<\/span><\/span><\/em><\/p>\n<\/blockquote>\n<p class=\"western\"><strong><a class=\"dt-pswp-item\" href=\"http:\/\/www.radiopiu.net\/wordpress\/wp-content\/uploads\/2017\/12\/aids.jpg\" data-dt-img-description=\"\" data-large_image_width=\"1200\" data-large_image_height=\"855\"><img loading=\"lazy\" decoding=\"async\" class=\"size-medium wp-image-39338 alignleft\" src=\"http:\/\/www.radiopiu.net\/wordpress\/wp-content\/uploads\/2017\/12\/aids-300x214.jpg\" alt=\"\" width=\"300\" height=\"214\" \/><\/a>VENEZIA\u00a0<\/strong> Dal 1984 a fine 2018, nel Veneto sono stati notificati 3.873 casi di AIDS in persone residenti, con 2.637 decessi, pari al 68% dei casi. La speranza di vita dei malati di AIDS \u00e8 per\u00f2 molto aumentata dopo l\u2019introduzione (nel 1996) della Terapia Antiretrovirale Altamente Attiva (HAART), passando dal 36% prima del 1996 al 68% di oggi. A cinque anni dalla diagnosi, l\u2019aumento della probabilit\u00e0 di sopravvivenza \u00e8 ancora maggiore: si passa da meno del 20% per chi si ammal\u00f2 prima dell\u2019introduzione della nuova terapia, al 77% dei casi diagnosticati dal 2006. Con il progressivo calo dei decessi dopo il 1996 \u00e8 di conseguenza aumentato l\u2019aspetto assistenziale, con 1.236 pazienti in cura nel 2018. Sono questi gli ultimi dati elaborati dalla Direzione Prevenzione dell\u2019Area Sanit\u00e0 e Sociale della Regione, che ha aggiornato in quadro epidemiologico legato all\u2019AIDS nel Veneto, in occasione della Giornata Mondiale della Lotta a questa malattia. Per quanto riguarda l\u2019infezione causata dal virus HIV, dal 1988 (anno in cui la Regione Veneto, prima in Italia, istitu\u00ec un sistema di sorveglianza) ad oggi sono state effettuate pi\u00f9 di 13.000 diagnosi. Dal biennio 2009-2010 il numero di nuove infezioni l\u2019anno si \u00e8 stabilizzato tra 250-300 casi, calati a 190 nel corso del 2018. <em>\u201cLa Regione Veneto \u2013 ricorda l\u2019Assessore alla Sanit\u00e0 Manuela Lanzarin \u2013 \u00e8 sempre stata in prima linea, sia nell\u2019introduzione dei nuovi farmaci disponibili, sia nell\u2019applicare tempestivamente linee guida e disposizioni nazionali, tant\u2019\u00e8 che siamo al passo con quanto previsto dal nuovo Piano nazionale HIV-AIDS del giugno 2018 ed \u00e8 attiva dal gennaio 2019 la Commissione Regionale Hiv-AIDS, composta da professionisti e associazioni operanti sul territorio, che ha il compito di declinare a livello regionale le previsioni del Piano Nazionale\u201d.<\/em><\/p>\n<p>&nbsp;<\/p>\n<p>&nbsp;<\/p>\n<p>&nbsp;<\/p>\n<h3>SCUOLA: DONAZZAN, \u201cIN VENETO STUDIARE PAGA, SOPRATTUTTO NEI PERCORSI PI\u00d9 COLLEGATI AL MONDO DEL LAVORO. OGNI 100 DIPLOMATI 84 TROVANO LAVORO SUBITO\u201d<\/h3>\n<p><strong>VENEZIA\u00a0<\/strong> \u201cIn Veneto studiare paga: i giovani che si applicano e conseguono un diploma o una laurea, trovano lavoro pi\u00f9 facilmente. Lo confermano i dati: in Veneto si registra il minor tasso di disoccupazione a livello nazionale (6,4%), il pi\u00f9 basso indice di abbandono scolastico (10,5%) e la percentuale dei Neet (14,8%), cio\u00e8 dei giovani che non studiano e non lavorano, in Veneto risulta in calo da cinque anni ed \u00e8 la terza pi\u00f9 bassa tra tutte le regioni italiane, preceduta solo da Trentino Alto Adige e dal Friuli Venezia Giulia\u201d. Cos\u00ec Elena Donazzan, assessore regionale alla scuola, commenta i dati diffusi dall\u2019Ufficio Statistica della Regione Veneto su istruzione, formazione e occupazione in Veneto, condensati nell\u2019ultimo numero del periodico \u201cStatistiche Flash\u201d<\/p>\n<div class=\"su-document su-u-responsive-media-no\"><iframe loading=\"lazy\" src=\"\/\/docs.google.com\/viewer?embedded=true&url=http:\/\/www.radiopiu.net\/wordpress\/wp-content\/uploads\/2019\/12\/1997-2019-Statistiche-Flash-Novembre-2019-2-1.pdf\" width=\"600\" height=\"800\" class=\"su-document\" title=\"cc\"><\/iframe><\/div>\n<p>&nbsp;<\/p>\n<p>&nbsp;<\/p>\n<h2>IC FELTRE: Il teatro a scuola per imparare a vivere la vita. Si \u00e8 concluso alla media Rocca il progetto con il Teatro Tib di Belluno.<\/h2>\n<p><strong><a class=\"dt-pswp-item\" href=\"http:\/\/www.radiopiu.net\/wordpress\/wp-content\/uploads\/2019\/12\/IC-FELTRE-Teatro-a-scuola-02-12-19-3.jpg\" data-dt-img-description=\"\" data-large_image_width=\"1024\" data-large_image_height=\"768\"><img loading=\"lazy\" decoding=\"async\" class=\" wp-image-108464 alignleft\" src=\"http:\/\/www.radiopiu.net\/wordpress\/wp-content\/uploads\/2019\/12\/IC-FELTRE-Teatro-a-scuola-02-12-19-3-300x225.jpg\" alt=\"\" width=\"144\" height=\"108\" srcset=\"https:\/\/www.radiopiu.net\/wordpress\/wp-content\/uploads\/2019\/12\/IC-FELTRE-Teatro-a-scuola-02-12-19-3-300x225.jpg 300w, https:\/\/www.radiopiu.net\/wordpress\/wp-content\/uploads\/2019\/12\/IC-FELTRE-Teatro-a-scuola-02-12-19-3-768x576.jpg 768w, https:\/\/www.radiopiu.net\/wordpress\/wp-content\/uploads\/2019\/12\/IC-FELTRE-Teatro-a-scuola-02-12-19-3.jpg 1024w\" sizes=\"auto, (max-width: 144px) 100vw, 144px\" \/><\/a>FELTRE<\/strong> Postura, tonalit\u00e0 della voce, presenza scenica, sguardo: i pilastri della recitazione insegnati a scuola, col progetto Teatro che ha visto coinvolti i ragazzi della terza C della scuola media \u201cRocca\u201d dell\u2019IC di Feltre. \u201cGli alunni \u2013 ha spiegato la docente Sabrina Zuccolotto \u2013 hanno imparato alcune tecniche che, s\u00ec sono specifiche del teatro, ma che divengono utili nella vita quotidiana. Hanno imparato a leggere le proprie emozioni e a saperle controllare\u201d. Il percorso, durato tre anni, \u00e8 stato realizzato con la partecipazione del Tib Teatro di Belluno. Gioved\u00ec scorso l\u2019ultima lezione, dal titolo ideale \u201cI desideri\u201d, con il maestro Labros Mangheras che ha guidato i ragazzi verso una analisi introspettiva nell\u2019individuazione dei desideri pi\u00f9 intimi, e la rappresentazione finale in aula magna alla presenza della dirigente scolastica, Lorella Lazzaretti, del vicepreside vicario, Paolo Perco, e dei genitori degli alunni. Alla fine ogni alunno ha indossato il proprio cappellino, e tre di loro hanno letto brevi frasi riguardanti i sogni.<\/p>\n<p>&nbsp;<\/p>\n<p>&nbsp;<\/p>\n<p>&nbsp;<\/p>\n<h3>CONCLUSI I CORSI DI FORMAZIONE PER I VOLONTARI DI PROTEZIONE CIVILE<\/h3>\n<p><strong><a class=\"dt-pswp-item\" href=\"http:\/\/www.radiopiu.net\/wordpress\/wp-content\/uploads\/2019\/12\/Protezione-Civile-corso-La-Cal.jpg\" data-dt-img-description=\"\" data-large_image_width=\"1024\" data-large_image_height=\"768\"><img loading=\"lazy\" decoding=\"async\" class=\" wp-image-108387 alignleft\" src=\"http:\/\/www.radiopiu.net\/wordpress\/wp-content\/uploads\/2019\/12\/Protezione-Civile-corso-La-Cal-300x225.jpg\" alt=\"\" width=\"246\" height=\"185\" srcset=\"https:\/\/www.radiopiu.net\/wordpress\/wp-content\/uploads\/2019\/12\/Protezione-Civile-corso-La-Cal-300x225.jpg 300w, https:\/\/www.radiopiu.net\/wordpress\/wp-content\/uploads\/2019\/12\/Protezione-Civile-corso-La-Cal-768x576.jpg 768w, https:\/\/www.radiopiu.net\/wordpress\/wp-content\/uploads\/2019\/12\/Protezione-Civile-corso-La-Cal.jpg 1024w\" sizes=\"auto, (max-width: 246px) 100vw, 246px\" \/><\/a>BELLUNO<\/strong> Il territorio bellunese pu\u00f2 contare su 70 nuovi volontari di Protezione Civile. Si sono conclusi ieri i due corsi di formazione organizzati dalla Provincia a Belluno e ad Agordo, che hanno visto la partecipazione di volontari delle associazioni Ana Belluno, Radio Club Cime Bianche, Associazione Nazionale Carabinieri, Angiv, l\u2019associazione cinofila Avac, Radio Club Nucleo Operativo di Zoldo, Gruppi Com (Centro Operativo Misto) di Belluno, Alleghe, Colle Santa Lucia, Rivamonte, Voltago e La Valle Agordina.\u00a0 Durante il corso sono stati trattati in maniera dettagliata tutti gli argomenti necessari a svolgere in modo corretto ed efficiente i compiti in casi di emergenze: dalla normativa della Protezione Civile all\u2019organizzazione del sistema nazionale e regionale; dalle trasmissioni radio agli aspetti motivazionali del volontario, fino alla sicurezza negli ambienti di intervento.<\/p>\n<p><strong>IL CONSIGLIERE PROVINCIALE DELEGATO ALLA DIFESA DEL SUOLO MASSIMO BORTOLUZZI<\/strong><\/p>\n<audio class=\"wp-audio-shortcode\" id=\"audio-108385-9\" preload=\"none\" style=\"width: 100%;\" controls=\"controls\"><source type=\"audio\/mpeg\" src=\"http:\/\/www.radiopiu.net\/wordpress\/wp-content\/uploads\/2019\/12\/bortoluzzi.mp3?_=9\" \/><a href=\"http:\/\/www.radiopiu.net\/wordpress\/wp-content\/uploads\/2019\/12\/bortoluzzi.mp3\">http:\/\/www.radiopiu.net\/wordpress\/wp-content\/uploads\/2019\/12\/bortoluzzi.mp3<\/a><\/audio>\n<p>&nbsp;<\/p>\n<p>&nbsp;<\/p>\n<p>&nbsp;<\/p>\n<h3>CERNERA DI MEANDRI FANTASTICI, LA GUIDA DI CLAUDIO PRA RECENSITA ANCHE DA LE DOLOMITI BELLUNESI<\/h3>\n<p><strong><a class=\"dt-pswp-item\" href=\"http:\/\/www.radiopiu.net\/wordpress\/wp-content\/uploads\/2019\/12\/d92a2d51-21a4-41c3-addd-949463c5acf3.jpg\" data-dt-img-description=\"\" data-large_image_width=\"1132\" data-large_image_height=\"1599\"><img loading=\"lazy\" decoding=\"async\" class=\"size-medium wp-image-108390 alignleft\" src=\"http:\/\/www.radiopiu.net\/wordpress\/wp-content\/uploads\/2019\/12\/d92a2d51-21a4-41c3-addd-949463c5acf3-212x300.jpg\" alt=\"\" width=\"212\" height=\"300\" srcset=\"https:\/\/www.radiopiu.net\/wordpress\/wp-content\/uploads\/2019\/12\/d92a2d51-21a4-41c3-addd-949463c5acf3-212x300.jpg 212w, https:\/\/www.radiopiu.net\/wordpress\/wp-content\/uploads\/2019\/12\/d92a2d51-21a4-41c3-addd-949463c5acf3-768x1085.jpg 768w, https:\/\/www.radiopiu.net\/wordpress\/wp-content\/uploads\/2019\/12\/d92a2d51-21a4-41c3-addd-949463c5acf3-725x1024.jpg 725w, https:\/\/www.radiopiu.net\/wordpress\/wp-content\/uploads\/2019\/12\/d92a2d51-21a4-41c3-addd-949463c5acf3.jpg 1132w\" sizes=\"auto, (max-width: 212px) 100vw, 212px\" \/><\/a><\/strong><\/p>\n<p>&nbsp;<\/p>\n<p>&nbsp;<\/p>\n<p><strong>RADIOPIU <\/strong>Eva Gabrieli intervista Claudio Pra sul Gruppo del Monte Cernera, angolo di Dolomiti incontaminato tra itinerari selvaggi per cacciatori e alpinisti locali. Oggi c&#8217;\u00e8 anche una guida, l&#8217;unica esistente sul gruppo montuoso gi\u00e0 stampata in due edizioni con oltre 40 itinerari per svelare mondi fantastici. La guida \u00e8 stata recensita\u00a0 su &#8220;Le Dolomiti Bellunesi&#8221; che viene recapitato in questi giorni<\/p>\n<p><strong>L&#8217;INTERVISTA<\/strong><\/p>\n<audio class=\"wp-audio-shortcode\" id=\"audio-108385-10\" preload=\"none\" style=\"width: 100%;\" controls=\"controls\"><source type=\"audio\/mpeg\" src=\"http:\/\/www.radiopiu.net\/wordpress\/wp-content\/uploads\/2019\/12\/CLAUDIO-PRA.mp3?_=10\" \/><a href=\"http:\/\/www.radiopiu.net\/wordpress\/wp-content\/uploads\/2019\/12\/CLAUDIO-PRA.mp3\">http:\/\/www.radiopiu.net\/wordpress\/wp-content\/uploads\/2019\/12\/CLAUDIO-PRA.mp3<\/a><\/audio>\n<p>&nbsp;<\/p>\n<p>&nbsp;<\/p>\n<p>&nbsp;<\/p>\n<p>&nbsp;<\/p>\n<h3>PIANETI IN MOVIMENTO IL 5 DICEMBRE 2019<\/h3>\n<blockquote><p><em>Doppio evento per la Giornata internazionale del volontariato<\/em><\/p><\/blockquote>\n<p><strong><a class=\"dt-pswp-item\" href=\"http:\/\/www.radiopiu.net\/wordpress\/wp-content\/uploads\/2019\/12\/Da-sinistra-Paolo-Capraro-Diego-Cason-Nevio-Meneguz-Nicola-De-Toffol.jpeg\" data-dt-img-description=\"\" data-large_image_width=\"1600\" data-large_image_height=\"1200\"><img loading=\"lazy\" decoding=\"async\" class=\" wp-image-108394 alignleft\" src=\"http:\/\/www.radiopiu.net\/wordpress\/wp-content\/uploads\/2019\/12\/Da-sinistra-Paolo-Capraro-Diego-Cason-Nevio-Meneguz-Nicola-De-Toffol-300x225.jpeg\" alt=\"\" width=\"246\" height=\"185\" srcset=\"https:\/\/www.radiopiu.net\/wordpress\/wp-content\/uploads\/2019\/12\/Da-sinistra-Paolo-Capraro-Diego-Cason-Nevio-Meneguz-Nicola-De-Toffol-300x225.jpeg 300w, https:\/\/www.radiopiu.net\/wordpress\/wp-content\/uploads\/2019\/12\/Da-sinistra-Paolo-Capraro-Diego-Cason-Nevio-Meneguz-Nicola-De-Toffol-768x576.jpeg 768w, https:\/\/www.radiopiu.net\/wordpress\/wp-content\/uploads\/2019\/12\/Da-sinistra-Paolo-Capraro-Diego-Cason-Nevio-Meneguz-Nicola-De-Toffol-1024x768.jpeg 1024w, https:\/\/www.radiopiu.net\/wordpress\/wp-content\/uploads\/2019\/12\/Da-sinistra-Paolo-Capraro-Diego-Cason-Nevio-Meneguz-Nicola-De-Toffol.jpeg 1600w\" sizes=\"auto, (max-width: 246px) 100vw, 246px\" \/><\/a>BELLUNO<\/strong>\u00a0 In occasione della \u201cGiornata internazionale del volontariato\u201d, il Csv Belluno celebra la ricorrenza con un doppio importante appuntamento, gioved\u00ec 5 dicembre, dal titolo \u201cTerzo settore. Pianeti in movimento\u201d.\u00a0 La giornata sar\u00e0 inaugurata con il workshop \u201cUna marcia in pi\u00f9\u201d (ore 10.30 in sala \u201cMuccin\u201d presso il Centro Congressi di Belluno), a cura di Comitato d\u2019Intesa di Belluno, Federazione per il sociale e la sanit\u00e0 di Bolzano, con il patrocinio di Provincia e Comune di Belluno. Saranno presentati modelli concreti per la valorizzazione del volontariato, in concomitanza alla presentazione dello studio di fattibilit\u00e0, frutto della collaborazione tra la Federazione, Csv e Comitato. Sono previsti gli interventi di Simonetta Terzariol, Stefano Perale, Karl Gudauner; modera Paolo Capraro.\u00a0 Secondo appuntamento con il\u00a0convegno \u201cIl Terzo settore in provincia di Belluno\u201d (ore 18.00 in sala &#8220;Bianchi&#8221;). Al centro vi sar\u00e0 la presentazione dei risultati della ricerca inedita condotta dal Csv Belluno nell\u2019ambito del progetto Hub3 per tracciare un quadro generale delle forme e dei bisogni dell\u2019associazionismo della nostra provincia. Intervengono Diego Cason e Nicola De Toffol; modera Federico Brancaleone. Patrocinano l\u2019evento Provincia e Comune di Belluno e Isbrec. L\u2019evento rientra nella coprogettazione sociale dei Csv con finanziamento Co.ge. Veneto.<\/p>\n<p>&nbsp;<\/p>\n<p>&nbsp;<\/p>\n<p>&nbsp;<\/p>\n<h2><a class=\"dt-pswp-item\" href=\"http:\/\/www.radiopiu.net\/wordpress\/wp-content\/uploads\/2019\/12\/DSCF0015.jpg\" data-dt-img-description=\"\" data-large_image_width=\"640\" data-large_image_height=\"480\"><img loading=\"lazy\" decoding=\"async\" class=\" wp-image-108395 alignleft\" src=\"http:\/\/www.radiopiu.net\/wordpress\/wp-content\/uploads\/2019\/12\/DSCF0015-300x225.jpg\" alt=\"\" width=\"203\" height=\"153\" srcset=\"https:\/\/www.radiopiu.net\/wordpress\/wp-content\/uploads\/2019\/12\/DSCF0015-300x225.jpg 300w, https:\/\/www.radiopiu.net\/wordpress\/wp-content\/uploads\/2019\/12\/DSCF0015.jpg 640w\" sizes=\"auto, (max-width: 203px) 100vw, 203px\" \/><\/a><\/h2>\n<h2><\/h2>\n<h2><\/h2>\n<h2>SANTA BARBARA, IL GIORNO DEI PERITI MINERARI AD AGORDO<\/h2>\n<p><strong>DI GIANNI SANTOMASO<\/strong><\/p>\n<audio class=\"wp-audio-shortcode\" id=\"audio-108385-11\" preload=\"none\" style=\"width: 100%;\" controls=\"controls\"><source type=\"audio\/mpeg\" src=\"http:\/\/www.radiopiu.net\/wordpress\/wp-content\/uploads\/2019\/12\/SANTA-BARBARA.mp3?_=11\" \/><a href=\"http:\/\/www.radiopiu.net\/wordpress\/wp-content\/uploads\/2019\/12\/SANTA-BARBARA.mp3\">http:\/\/www.radiopiu.net\/wordpress\/wp-content\/uploads\/2019\/12\/SANTA-BARBARA.mp3<\/a><\/audio>\n<blockquote><p>&nbsp;<\/p><\/blockquote>\n<p>&nbsp;<\/p>\n<p>&nbsp;<\/p>\n<blockquote><p><strong>SAN GREGORIO<\/strong> Santa Barbara di festeggia l&#8217;8 dicembre a San Gregorio con alpini e protezione civile. Programma: 9.30 raduno in piazza, corteo, 10 messa e processione con la deposizione di una coronadi alloro ai Monumenti ai Caduti ed Emigrazione. Al termine rinfresco dagli alpini a Donada.<\/p><\/blockquote>\n<p>&nbsp;<\/p>\n<p>&nbsp;<\/p>\n<h2>UNA CONFERENZA PER RICORDARE LE IDEE DI MONSIGNOR FIORI<\/h2>\n<p><strong><a class=\"dt-pswp-item\" href=\"http:\/\/www.radiopiu.net\/wordpress\/wp-content\/uploads\/2019\/12\/download-1.jpg\" data-dt-img-description=\"\" data-large_image_width=\"275\" data-large_image_height=\"183\"><img loading=\"lazy\" decoding=\"async\" class=\"wp-image-108457 alignleft\" src=\"http:\/\/www.radiopiu.net\/wordpress\/wp-content\/uploads\/2019\/12\/download-1.jpg\" alt=\"\" width=\"159\" height=\"106\" \/><\/a>DI DAMIANO TORMEN\u00a0<\/strong><\/p>\n<p><strong>SEDICO\u00a0<\/strong><\/p>\n<audio class=\"wp-audio-shortcode\" id=\"audio-108385-12\" preload=\"none\" style=\"width: 100%;\" controls=\"controls\"><source type=\"audio\/mpeg\" src=\"http:\/\/www.radiopiu.net\/wordpress\/wp-content\/uploads\/2019\/12\/damiano-monsignor.mp3?_=12\" \/><a href=\"http:\/\/www.radiopiu.net\/wordpress\/wp-content\/uploads\/2019\/12\/damiano-monsignor.mp3\">http:\/\/www.radiopiu.net\/wordpress\/wp-content\/uploads\/2019\/12\/damiano-monsignor.mp3<\/a><\/audio>\n<p>&nbsp;<\/p>\n<p>&nbsp;<\/p>\n<p>&nbsp;<\/p>\n<p>&nbsp;<\/p>\n<h2><a class=\"dt-pswp-item\" href=\"http:\/\/www.radiopiu.net\/wordpress\/wp-content\/uploads\/2019\/08\/La-Val-che-Urla-Fiammetta-Mirko.jpg\" data-dt-img-description=\"\" data-large_image_width=\"1920\" data-large_image_height=\"1080\"><img loading=\"lazy\" decoding=\"async\" class=\" wp-image-95546 alignleft\" src=\"http:\/\/www.radiopiu.net\/wordpress\/wp-content\/uploads\/2019\/08\/La-Val-che-Urla-Fiammetta-Mirko-300x169.jpg\" alt=\"\" width=\"213\" height=\"120\" srcset=\"https:\/\/www.radiopiu.net\/wordpress\/wp-content\/uploads\/2019\/08\/La-Val-che-Urla-Fiammetta-Mirko-300x169.jpg 300w, https:\/\/www.radiopiu.net\/wordpress\/wp-content\/uploads\/2019\/08\/La-Val-che-Urla-Fiammetta-Mirko-768x432.jpg 768w, https:\/\/www.radiopiu.net\/wordpress\/wp-content\/uploads\/2019\/08\/La-Val-che-Urla-Fiammetta-Mirko-1024x576.jpg 1024w, https:\/\/www.radiopiu.net\/wordpress\/wp-content\/uploads\/2019\/08\/La-Val-che-Urla-Fiammetta-Mirko.jpg 1920w\" sizes=\"auto, (max-width: 213px) 100vw, 213px\" \/><\/a>13 DICEMBRE A FIERA DI PRIMIERO, 4 GENNAIO 2020 AD AGORDO IN SALA DON TAMIS. IL &#8220;NOSTRO&#8221; FILM. DI LUCIA ZANETTIN LA VAL CHE URLA.<\/h2>\n<p><span style=\"color: #ff0000;\"><strong>AUDIO TRAILER<\/strong><\/span><\/p>\n<audio class=\"wp-audio-shortcode\" id=\"audio-108385-13\" preload=\"none\" style=\"width: 100%;\" controls=\"controls\"><source type=\"audio\/mpeg\" src=\"http:\/\/www.radiopiu.net\/wordpress\/wp-content\/uploads\/2019\/12\/TRAILER.mp3?_=13\" \/><a href=\"http:\/\/www.radiopiu.net\/wordpress\/wp-content\/uploads\/2019\/12\/TRAILER.mp3\">http:\/\/www.radiopiu.net\/wordpress\/wp-content\/uploads\/2019\/12\/TRAILER.mp3<\/a><\/audio>\n<p>&nbsp;<\/p>\n<p>&nbsp;<\/p>\n<p>&nbsp;<\/p>\n<p>&nbsp;<\/p>\n<h3><a class=\"dt-pswp-item\" href=\"http:\/\/www.radiopiu.net\/wordpress\/wp-content\/uploads\/2018\/09\/appuntamenti.jpeg\" data-dt-img-description=\"\" data-large_image_width=\"800\" data-large_image_height=\"100\"><img loading=\"lazy\" decoding=\"async\" class=\"aligncenter wp-image-61958 size-full\" src=\"http:\/\/www.radiopiu.net\/wordpress\/wp-content\/uploads\/2018\/09\/appuntamenti.jpeg\" alt=\"\" width=\"800\" height=\"100\" srcset=\"https:\/\/www.radiopiu.net\/wordpress\/wp-content\/uploads\/2018\/09\/appuntamenti.jpeg 800w, https:\/\/www.radiopiu.net\/wordpress\/wp-content\/uploads\/2018\/09\/appuntamenti-300x38.jpeg 300w, https:\/\/www.radiopiu.net\/wordpress\/wp-content\/uploads\/2018\/09\/appuntamenti-768x96.jpeg 768w\" sizes=\"auto, (max-width: 800px) 100vw, 800px\" \/><\/a><\/h3>\n<h3><\/h3>\n<blockquote><p><strong>CANALE D&#8217;AGORDO<\/strong> Venerdi alle 2045 in Biblioteca a Vallada Isabella Dal Pont Bonet presenta &#8220;Natursophia&#8221;, un libro per conciliarsi con la natura imparando di nuovo ad ascoltarla assecondandone il ritmo<\/p><\/blockquote>\n<h3><\/h3>\n<p>&nbsp;<\/p>\n<p>&nbsp;<\/p>\n<p>&nbsp;<\/p>\n<h2>SAN NICOLO&#8217; AL\u00a0<a class=\"profileLink\" href=\"https:\/\/www.facebook.com\/dersut.taibon\/?__tn__=K-R&amp;eid=ARCd5-6HVvFPluW96VPx6-IRa6j0bb5XZXSWRsH6Jn5gxVYDs5rJtTwmDEJQhzA_C_QN6a1wveQo0XfR&amp;fref=mentions&amp;__xts__%5B0%5D=68.ARBJvr2DdbHPUw4u_mPCOrn7oMDbc9YttqWhoiXlGzOdA_Er1H_xjp6RK6eEEY3vubZk4hlUiJwQdLXdsG-pPzSVx21nOIP4smTudfkW6REgDkV_F5qKf3rNzkwKFaXCB4GDU4GmbNAGqmkvwlsjTDkxfYyb2Yh7M_-MHca0ZiRery8GQ_lz-itz5MGJPIllMPTsc8brqlEI7cix\" data-hovercard=\"\/ajax\/hovercard\/page.php?id=904939246267497&amp;extragetparams=%7B%22__tn__%22%3A%22%2CdK-R-R%22%2C%22eid%22%3A%22ARCd5-6HVvFPluW96VPx6-IRa6j0bb5XZXSWRsH6Jn5gxVYDs5rJtTwmDEJQhzA_C_QN6a1wveQo0XfR%22%2C%22fref%22%3A%22mentions%22%7D\" data-hovercard-prefer-more-content-show=\"1\">Dersut Taibon<\/a><\/h2>\n<p>GIOVEDI 5 DICEMBRE&#8230; ALLE 18 FESTA E PER I PIU&#8217; PICCOLI ARRIVA SAN NICOLO&#8217;&#8230;<br \/>\nBAMBINI&#8230;. PRONTI PER INCONTRARE IL BUON BARBUTO? ORMAI DA ANNI AFFEZIONATO AL DERSUT TORNA A TAIBON CON IL SUO SORRISO BONTA&#8217; E DOLCI DONI.<\/p>\n<p><a class=\"dt-pswp-item\" href=\"http:\/\/www.radiopiu.net\/wordpress\/wp-content\/uploads\/2019\/11\/47506455_1966430863451658_7646851883667030016_n.jpg\" data-dt-img-description=\"\" data-large_image_width=\"720\" data-large_image_height=\"960\"><img loading=\"lazy\" decoding=\"async\" class=\"alignnone size-medium wp-image-108218\" src=\"http:\/\/www.radiopiu.net\/wordpress\/wp-content\/uploads\/2019\/11\/47506455_1966430863451658_7646851883667030016_n-225x300.jpg\" alt=\"\" width=\"225\" height=\"300\" srcset=\"https:\/\/www.radiopiu.net\/wordpress\/wp-content\/uploads\/2019\/11\/47506455_1966430863451658_7646851883667030016_n-225x300.jpg 225w, https:\/\/www.radiopiu.net\/wordpress\/wp-content\/uploads\/2019\/11\/47506455_1966430863451658_7646851883667030016_n.jpg 720w\" sizes=\"auto, (max-width: 225px) 100vw, 225px\" \/><\/a><a class=\"dt-pswp-item\" href=\"http:\/\/www.radiopiu.net\/wordpress\/wp-content\/uploads\/2019\/11\/47577069_10218433766222304_6412096215390879744_n.jpg\" data-dt-img-description=\"\" data-large_image_width=\"720\" data-large_image_height=\"960\"><img loading=\"lazy\" decoding=\"async\" class=\"alignnone size-medium wp-image-108219\" src=\"http:\/\/www.radiopiu.net\/wordpress\/wp-content\/uploads\/2019\/11\/47577069_10218433766222304_6412096215390879744_n-225x300.jpg\" alt=\"\" width=\"225\" height=\"300\" srcset=\"https:\/\/www.radiopiu.net\/wordpress\/wp-content\/uploads\/2019\/11\/47577069_10218433766222304_6412096215390879744_n-225x300.jpg 225w, https:\/\/www.radiopiu.net\/wordpress\/wp-content\/uploads\/2019\/11\/47577069_10218433766222304_6412096215390879744_n.jpg 720w\" sizes=\"auto, (max-width: 225px) 100vw, 225px\" \/><\/a><\/p>\n<p>&nbsp;<\/p>\n<p>&nbsp;<\/p>\n<p>&nbsp;<\/p>\n<p>&nbsp;<\/p>\n<h3><a class=\"dt-pswp-item\" href=\"http:\/\/www.radiopiu.net\/wordpress\/wp-content\/uploads\/2019\/11\/76695063_2395894000740298_6989106160867475456_o.jpg\" data-dt-img-description=\"\" data-large_image_width=\"687\" data-large_image_height=\"960\"><img loading=\"lazy\" decoding=\"async\" class=\" wp-image-107894 alignleft\" src=\"http:\/\/www.radiopiu.net\/wordpress\/wp-content\/uploads\/2019\/11\/76695063_2395894000740298_6989106160867475456_o-215x300.jpg\" alt=\"\" width=\"153\" height=\"213\" srcset=\"https:\/\/www.radiopiu.net\/wordpress\/wp-content\/uploads\/2019\/11\/76695063_2395894000740298_6989106160867475456_o-215x300.jpg 215w, https:\/\/www.radiopiu.net\/wordpress\/wp-content\/uploads\/2019\/11\/76695063_2395894000740298_6989106160867475456_o.jpg 687w\" sizes=\"auto, (max-width: 153px) 100vw, 153px\" \/><\/a><\/h3>\n<h3><\/h3>\n<h3>KRAMPUS, IL RITORNO PER IL TERZO ANNO NEL RICORDO DI DON STEFANO PONTIL<\/h3>\n<p><strong>VOLTAGO<\/strong> Per il terzo anno ritornano i Krampus in piazza a Frassen\u00e8. Domenica 15 DICEMBRE alle 19 e per la prima volta sar\u00e0 disponibile anche l&#8217;abbigliamento dei Krampus. Presentazione dell&#8217;evento alla radio con Valther Da Campo del gruppo giovani del paese.<\/p>\n<p>&nbsp;<\/p>\n<p>&nbsp;<\/p>\n<audio class=\"wp-audio-shortcode\" id=\"audio-108385-14\" preload=\"none\" style=\"width: 100%;\" controls=\"controls\"><source type=\"audio\/mpeg\" src=\"http:\/\/www.radiopiu.net\/wordpress\/wp-content\/uploads\/2019\/12\/WALTHER-DA-CAMPO.mp3?_=14\" \/><a href=\"http:\/\/www.radiopiu.net\/wordpress\/wp-content\/uploads\/2019\/12\/WALTHER-DA-CAMPO.mp3\">http:\/\/www.radiopiu.net\/wordpress\/wp-content\/uploads\/2019\/12\/WALTHER-DA-CAMPO.mp3<\/a><\/audio>\n<p>&nbsp;<\/p>\n<p>&nbsp;<\/p>\n<p>&nbsp;<\/p>\n<p>&nbsp;<\/p>\n<h2><a class=\"dt-pswp-item\" href=\"http:\/\/www.radiopiu.net\/wordpress\/wp-content\/uploads\/2019\/12\/53-I-Krampus-1.jpg\" data-dt-img-description=\"\" data-large_image_width=\"800\" data-large_image_height=\"514\"><img loading=\"lazy\" decoding=\"async\" class=\" wp-image-108396 alignleft\" src=\"http:\/\/www.radiopiu.net\/wordpress\/wp-content\/uploads\/2019\/12\/53-I-Krampus-1-300x193.jpg\" alt=\"\" width=\"190\" height=\"122\" srcset=\"https:\/\/www.radiopiu.net\/wordpress\/wp-content\/uploads\/2019\/12\/53-I-Krampus-1-300x193.jpg 300w, https:\/\/www.radiopiu.net\/wordpress\/wp-content\/uploads\/2019\/12\/53-I-Krampus-1-768x493.jpg 768w, https:\/\/www.radiopiu.net\/wordpress\/wp-content\/uploads\/2019\/12\/53-I-Krampus-1.jpg 800w\" sizes=\"auto, (max-width: 190px) 100vw, 190px\" \/><\/a><\/h2>\n<h2><\/h2>\n<h2>IERI ALLA RADIO, LO SPECIALE KRAMPUS DI PAOLA LANCIATO IN ZAINO DA VIAGGIO AL FEMMINILE.<\/h2>\n<audio class=\"wp-audio-shortcode\" id=\"audio-108385-15\" preload=\"none\" style=\"width: 100%;\" controls=\"controls\"><source type=\"audio\/mpeg\" src=\"http:\/\/www.radiopiu.net\/wordpress\/wp-content\/uploads\/2019\/12\/53-I-Krampus.mp3?_=15\" \/><a href=\"http:\/\/www.radiopiu.net\/wordpress\/wp-content\/uploads\/2019\/12\/53-I-Krampus.mp3\">http:\/\/www.radiopiu.net\/wordpress\/wp-content\/uploads\/2019\/12\/53-I-Krampus.mp3<\/a><\/audio>\n<h3><\/h3>\n<h3><\/h3>\n<p>&nbsp;<\/p>\n<p>&nbsp;<\/p>\n<p>&nbsp;<\/p>\n<h2><span style=\"color: #ff0000;\"><a class=\"dt-pswp-item\" href=\"http:\/\/www.radiopiu.net\/wordpress\/wp-content\/uploads\/2019\/11\/image003.jpg\" data-dt-img-description=\"\" data-large_image_width=\"664\" data-large_image_height=\"332\"><img loading=\"lazy\" decoding=\"async\" class=\"size-medium wp-image-107663 alignleft\" src=\"http:\/\/www.radiopiu.net\/wordpress\/wp-content\/uploads\/2019\/11\/image003-300x150.jpg\" alt=\"\" width=\"300\" height=\"150\" srcset=\"https:\/\/www.radiopiu.net\/wordpress\/wp-content\/uploads\/2019\/11\/image003-300x150.jpg 300w, https:\/\/www.radiopiu.net\/wordpress\/wp-content\/uploads\/2019\/11\/image003.jpg 664w\" sizes=\"auto, (max-width: 300px) 100vw, 300px\" \/><\/a>L&#8217;EVENTO&#8230; UN LIBRO PER 40 ANNI<\/span><\/h2>\n<p><strong>ALLEGH<\/strong>E Sabato 21 dicembre alle 16 in sala Antonio Franceschini ad Alleghe sar\u00e0 presentato il nuovo libro &#8220;Sci Club Alleghe, 40 anni di sport&#8221;. Sar\u00e0 il giorno della festa per i 40 anni di attivit\u00e0 del sodalizio.<\/p>\n<p>&nbsp;<\/p>\n<p>&nbsp;<\/p>\n<p>&nbsp;<\/p>\n<p>&nbsp;<\/p>\n<p>&nbsp;<\/p>\n<p>&nbsp;<\/p>\n<h3 align=\"JUSTIFY\">DUE DONNE, UNO SPETTACOLO MERAVIGLIOSO<\/h3>\n<p align=\"JUSTIFY\"><strong>AGORDO<\/strong> Carla Taglietti e Valentina Turrini, in arte Le Strologhe, sabato 7 dicembre\u00a0 alle 15 porteranno ad Agordo uno spettacolo con racconti, canti e ricordi. Organizzato da Ad Agordo Proloco, lo spettacolo avr\u00e0 luogo all&#8217;auditorium Savio. Al termine Le Strologhe\u00a0 accompagneranno con la loro musica il corteo fino alla casetta di Babbo Natale per la merenda. Le due donne dal 2005 portano in giro per l&#8217;Italia narrazioni, spettacoli e laboratori.<\/p>\n<p>&nbsp;<\/p>\n<p>&nbsp;<\/p>\n<p><strong>LA VALLE<\/strong> Sot al Tamer serate dedicate ai viaggi, sport e avventura con filmati audivisivi. Nella sala Don Valmassoni (ex caselo) con entrata libera. 6 DICEMBRE alle 20.15 Gianni De Zaiacomo; 13 dicembre William Da Roit; 20 dicembre Silvano De Zaiacomo<\/p>\n<p>&nbsp;<\/p>\n<h3>LA MOSTRA FOTOGRAFICA DI LUCA CHIZZALI<\/h3>\n<p><strong>VALLADA<\/strong> La scuola dell&#8217;infanzia fino\u00a0 al 16 dicembre proporr\u00e0 &#8220;Stiamo partendo verso un mondo diritto&#8221;, alla scoperta dei diritti dell&#8217;infanzia. La mostra sar\u00e0 allestita nei locali della Biblioteca, aperta tutti i giorni dal lunedi al venerdi su prenotazione (340 1212646 oppure 3289739975). Nel fine settimana aperta, sabato 7 e 14 dicembre dalle 15 alle 17, domenica 8 e 15 dicembre dalle 10.30 alle 12.30.<\/p>\n<p>&nbsp;<\/p>\n<p>&nbsp;<\/p>\n<p>&nbsp;<\/p>\n<p><a class=\"dt-pswp-item\" href=\"http:\/\/www.radiopiu.net\/wordpress\/wp-content\/uploads\/2018\/09\/sport.jpg\" data-dt-img-description=\"\" data-large_image_width=\"800\" data-large_image_height=\"100\"><img loading=\"lazy\" decoding=\"async\" class=\"wp-image-60761 size-full aligncenter\" src=\"http:\/\/www.radiopiu.net\/wordpress\/wp-content\/uploads\/2018\/09\/sport.jpg\" alt=\"\" width=\"800\" height=\"100\" srcset=\"https:\/\/www.radiopiu.net\/wordpress\/wp-content\/uploads\/2018\/09\/sport.jpg 800w, https:\/\/www.radiopiu.net\/wordpress\/wp-content\/uploads\/2018\/09\/sport-300x38.jpg 300w, https:\/\/www.radiopiu.net\/wordpress\/wp-content\/uploads\/2018\/09\/sport-768x96.jpg 768w\" sizes=\"auto, (max-width: 800px) 100vw, 800px\" \/><\/a><\/p>\n<h3><\/h3>\n<h3><\/h3>\n<p>dal sito della FISIVENETO<\/p>\n<header class=\"entry-header\">\n<h1 class=\"entry-title\">SuperG Fis in Gardena, Dolmen seconda. 7. e 10. Lani e Savorgnani<\/h1>\n<\/header>\n<div class=\"entry-content\">\n<p>Dopo le discese dei giorni scorsi, le gare Fis della Val Gardena hanno proposto oggi i superG. In ambito femminile Elena Dolmen (Esercito), che ieri aveva conquistato due successi, \u00e8 arrivata seconda, staccata di 39 centesimi dalla vincitrice, l\u2019austriaca Seline Stecher. Molto brave Federica Lani (<em>foto<\/em>) e Valentina Savorgnani, rispettivamente 7. e 10. assolute (prima e seconda del 2001). Tra i maschi successo per il tedesco Simone Jocher.\u00a0<a href=\"https:\/\/www.fis-ski.com\/DB\/general\/event-details.html?sectorcode=AL&amp;eventid=45795&amp;seasoncode=2020\"><strong>Qui<\/strong><\/a>\u00a0le graduatorie.<br \/>\nNel gigante di Coppa Europa a Trysil (Norvegia), 48.mo Pietro Canzio.\u00a0<strong><a href=\"https:\/\/www.fis-ski.com\/DB\/general\/event-details.html?sectorcode=AL&amp;eventid=45030&amp;seasoncode=2020\">Qui\u00a0<\/a><\/strong>la classifica.<\/p>\n<\/div>\n<h3><\/h3>\n<blockquote><p>&nbsp;<\/p><\/blockquote>\n<h3>VOLLEY CLUB AGORDINO IN FINALE DI COPPA&#8230;ORGANIZZATA UNA CORRIERA<\/h3>\n<p><a class=\"dt-pswp-item\" href=\"http:\/\/www.radiopiu.net\/wordpress\/wp-content\/uploads\/2019\/12\/VOLLEY-CLUB-AGORDINO-IN-FINALE.jpg\" data-dt-img-description=\"\" data-large_image_width=\"1024\" data-large_image_height=\"768\"><img loading=\"lazy\" decoding=\"async\" class=\"size-medium wp-image-108257 alignright\" src=\"http:\/\/www.radiopiu.net\/wordpress\/wp-content\/uploads\/2019\/12\/VOLLEY-CLUB-AGORDINO-IN-FINALE-300x225.jpg\" alt=\"\" width=\"300\" height=\"225\" srcset=\"https:\/\/www.radiopiu.net\/wordpress\/wp-content\/uploads\/2019\/12\/VOLLEY-CLUB-AGORDINO-IN-FINALE-300x225.jpg 300w, https:\/\/www.radiopiu.net\/wordpress\/wp-content\/uploads\/2019\/12\/VOLLEY-CLUB-AGORDINO-IN-FINALE-768x576.jpg 768w, https:\/\/www.radiopiu.net\/wordpress\/wp-content\/uploads\/2019\/12\/VOLLEY-CLUB-AGORDINO-IN-FINALE.jpg 1024w\" sizes=\"auto, (max-width: 300px) 100vw, 300px\" \/><\/a>Il Volley Club Agordino sta passando un momento magico. Le ragazze allenate da De Nardin hanno vinto la semifinale di Coppa contro il Mogliano rifilando alle trevigiane un 3 a 0 in entrambe le partite giocate. Domenica prossima alle ore 16 si disputer\u00e0 la finalissima a Roncade in provincia di Treviso. Le agordine si troveranno di fronte una corazzata, la Pro Olympo di Quinto di Treviso. Le trevigiane arrivano alla finale di coppa senza aver mai subito una sconfitta e avendo vinto tutte le partite 3 set a 0. Un&#8217;impresa per la squadra di Agordo che per\u00f2 \u00e8 motivata \u00e8 andr\u00e0 a Roncade con il morale alle stelle alla conquista del titolo valido per le provincie di Treviso e Belluno.<\/p>\n<p><strong>ALESSIA FILAFERRO GIOCATRICE DEL VOLLEY CLUB AGORDINO<\/strong><\/p>\n<audio class=\"wp-audio-shortcode\" id=\"audio-108385-16\" preload=\"none\" style=\"width: 100%;\" controls=\"controls\"><source type=\"audio\/mpeg\" src=\"http:\/\/www.radiopiu.net\/wordpress\/wp-content\/uploads\/2019\/12\/FILAFERRO-finale-coppa.mp3?_=16\" \/><a href=\"http:\/\/www.radiopiu.net\/wordpress\/wp-content\/uploads\/2019\/12\/FILAFERRO-finale-coppa.mp3\">http:\/\/www.radiopiu.net\/wordpress\/wp-content\/uploads\/2019\/12\/FILAFERRO-finale-coppa.mp3<\/a><\/audio>\n<p>In occasione della partita di domenica prossima, il Volley Club Agordino ha organizzato una corriera per tutti coloro che vorranno scendere a Roncade e tifare le agordine. Partenza prevista dal parcheggio di Tamonich alle ore 14 e arrivo alla palestra di Roncade in tempo per la partita. Iscrizioni che si possono effettuare presso Schena Gianni in Piazza Libert\u00e0 oppure presso la segreteria della piscina di Agordo. Il prezzo del viaggio \u00e8 di 7 \u20ac per gli under 16 e 13 \u20ac per gli adulti.<\/p>\n<h3><\/h3>\n<blockquote><p>&nbsp;<\/p><\/blockquote>\n<h3><\/h3>\n<h3><\/h3>\n<h3><\/h3>\n<h3><\/h3>\n<blockquote>\n<h3><\/h3>\n<\/blockquote>\n<h3>ATTIVAMENTE AGORDINO FA BOTTINO PIENO ALLA PRIMA GIORNATA DEL CIRCUITO PROPAGANDA<\/h3>\n<p>Ottimi risultati per Attivamente Agordino che nella mattinata di domenica ha partecipato alla prima giornata del Circuito Propaganda di Belluno e Treviso. Alla piscina di Agordo si sono cimentati i vari atleti della provincia di Belluno. Podio tutto agordino nei 50 dorso maschili con al vittoria di Marco Cadorin, 46&#8217;6, secondo Devis Murer e terzo Nicola Fadig\u00e0, tutti e 3 di Attivamente Agordino. Bella prestazione anche di Dalia Fadig\u00e0 che vince la 25 dorso femminile con il tempo di 24\u201d5. La stessa Fadig\u00e0 s&#8217;impone anche nella 25 ostacoli staccando di 2\u201d le avversarie. Nei 50 metri stile libero seconda posizione per Marco Cadorin e terzo posto di Mattia Da Zanche. Buoni piazzamenti anche Devis Murer, Nicola Fadig\u00e0, Alessandro Fassa, Kristian Benvegn\u00f9 e Samuele Zasso Cucchini che entrano a far parte dei primi 15 classificati. Infine, Attivamente Agordino si piazza al primo e al quarto posto con le staffette 4&#215;25 stile libero. Devis Murer, Mattia Da Zanche, Nicola Fadig\u00e0 e Marco Cadorin vincono con il tempo di 1&#8217;14\u201d05. Quarta posizione per il gruppo formato da Samuele Zasso, Kristian Benvegn\u00f9, Alessandro Fassa e Jari Crepaz.<\/p>\n<p>&nbsp;<\/p>\n<blockquote><p>&nbsp;<\/p><\/blockquote>\n<p>&nbsp;<\/p>\n<p>&nbsp;<\/p>\n<p>&nbsp;<\/p>\n<p>&nbsp;<\/p>\n<blockquote><p>&nbsp;<\/p><\/blockquote>\n<h3>INIZIATA LA 14\u00b0 EDIZIONE DEL TORNEO DEGLI ANGELI<\/h3>\n<p><a class=\"dt-pswp-item\" href=\"http:\/\/www.radiopiu.net\/wordpress\/wp-content\/uploads\/2019\/12\/TORNEO-ANGELI-2019.jpeg\" data-dt-img-description=\"\" data-large_image_width=\"696\" data-large_image_height=\"416\"><img loading=\"lazy\" decoding=\"async\" class=\"size-medium wp-image-108343 alignright\" src=\"http:\/\/www.radiopiu.net\/wordpress\/wp-content\/uploads\/2019\/12\/TORNEO-ANGELI-2019-300x179.jpeg\" alt=\"\" width=\"300\" height=\"179\" srcset=\"https:\/\/www.radiopiu.net\/wordpress\/wp-content\/uploads\/2019\/12\/TORNEO-ANGELI-2019-300x179.jpeg 300w, https:\/\/www.radiopiu.net\/wordpress\/wp-content\/uploads\/2019\/12\/TORNEO-ANGELI-2019.jpeg 696w\" sizes=\"auto, (max-width: 300px) 100vw, 300px\" \/><\/a>Per il quattordicesimo anno consecutivo l&#8217;U.S. Le Ville organizza al Palarova di Agordo il Torneo Degli Angeli, la manifestazione sportiva in memoria di Thierry Brancaleone e Denis Benvegn\u00f9. Il torneo conta ben 13 squadre iscritte e si giocher\u00e0 tutte le domeniche fino al 22 dicembre quando verranno giocate le semifinali e la finalissima. Ieri la prima giornata con le prime 11 partite. Domenica prossima di nuovo in campo per la seconda giornata del Memorial.<\/p>\n<p><strong>I RISULTATI DELLA PRIMA GIORNATA<\/strong><\/p>\n<p>Scarsenal \u2013 Le Ville 4-6, Repubblica Cioka \u2013 Vem Alimentari 6-4, Break Time \u2013 Nuove Leve MC 4-6, Vem Alimentari \u2013 Le Ville 1-6, F.C. Kosova \u2013 Gli Extra 3-1, Break Time \u2013 U.S. Roe 4-1, F.C. Kosova \u2013 Bar Ristorante Da Carla 11-5, Voltago \u2013 Scarsenal 15-3, Zum Brillenbar \u2013 Nuove Leve MC 3-4, The Good Fellas \u2013 Bar Ristorante Da Carla 12-1, Repubblica Cioka \u2013 Voltago 10-4<\/p>\n<p>&nbsp;<\/p>\n<p>&nbsp;<\/p>\n<p>&nbsp;<\/p>\n<p>&nbsp;<\/p>\n<p><a class=\"dt-pswp-item\" href=\"http:\/\/www.radiopiu.net\/wordpress\/wp-content\/uploads\/2018\/09\/WhatsApp-Image-2018-09-20-at-16.04.06.jpeg\" data-dt-img-description=\"\" data-large_image_width=\"800\" data-large_image_height=\"100\"><img loading=\"lazy\" decoding=\"async\" class=\"wp-image-61378 size-full aligncenter\" src=\"http:\/\/www.radiopiu.net\/wordpress\/wp-content\/uploads\/2018\/09\/WhatsApp-Image-2018-09-20-at-16.04.06.jpeg\" alt=\"\" width=\"800\" height=\"100\" srcset=\"https:\/\/www.radiopiu.net\/wordpress\/wp-content\/uploads\/2018\/09\/WhatsApp-Image-2018-09-20-at-16.04.06.jpeg 800w, https:\/\/www.radiopiu.net\/wordpress\/wp-content\/uploads\/2018\/09\/WhatsApp-Image-2018-09-20-at-16.04.06-300x38.jpeg 300w, https:\/\/www.radiopiu.net\/wordpress\/wp-content\/uploads\/2018\/09\/WhatsApp-Image-2018-09-20-at-16.04.06-768x96.jpeg 768w\" sizes=\"auto, (max-width: 800px) 100vw, 800px\" \/><\/a><\/p>\n<p>&nbsp;<\/p>\n<p>&nbsp;<\/p>\n<p><center><b>Martedi 3<\/b><\/center><b>Tempo atteso: <\/b>Tempo ben soleggiato con cielo terso, aria nitida ed ottima visibilit\u00e0. L&#8217;insidia nebbia dovrebbe essere assente, eccetto qualche locale banco in prossimit\u00e0 del Piave nel catino bellunese. Clima notturno freddo con diffuse gelate, mentre ci sar\u00e0 una relativa mitezza diurna nei settori pi\u00f9 assolate ed in quota.<br \/>\n<b>Precipitazioni: <\/b>Assenti.<br \/>\n<b>Temperature: <\/b>Mimime in generale diminuzione con forti gelate notturne nei settori innevati (-4\/-8\u00b0C nelle valli dolomitiche). In giornata il freddo persister\u00e0 nelle valli, specie quelle in ombra, mentre vi sar\u00e0 un rialzo termico in quota. Sono previsti massimi di 6\/7\u00b0C nelle conche prealpine e di 2\/4\u00b0C a 1000\/1200 m nei settori assolati, meno nelle valli in ombra. Sulle Prealpi a 1500 m min -3\u00b0C max -1\u00b0C, a 2000 m min -5\u00b0C max -2\u00b0C, sulle Dolomiti a 2000 m min -6\u00b0C max -2\u00b0C, a 3000 m min -9\u00b0C max -3\u00b0C.<br \/>\n<b>Venti: <\/b>Nelle valli deboli di direzione variabile, localmente e temporaneamente moderati per brezze di monte nei posti solitamente ventilati di notte; in quota deboli\/moderati da Nord, a 5-10 km\/h a 2000 m, a 15-25 km\/h a 3000 m.<\/p>\n<hr \/>\n<p><center><b>Mercoledi 4<\/b><\/center><b>Tempo atteso: <\/b>Tempo ben soleggiato con cielo terso, aria nitida ed ottima visibilit\u00e0. L&#8217;insidia nebbia dovrebbe essere assente, eccetto qualche locale banco in prossimit\u00e0 del Piave nel catino bellunese. Clima notturno freddo con diffuse gelate nelle valli, assieme a una crescente inversione termica. Di giorno mite in quota e fresco nelle valli.<br \/>\n<b>Precipitazioni: <\/b>Assenti (0%).<br \/>\n<b>Temperature: <\/b>In generale rialzo in quota ed in lieve diminuzione nelle valli sotto i 1000\/1200 m, dove il gelo notturno si accentuer\u00e0 per forte irraggiamento notturno e per presenza di aria assai secca. Sono previsti massimi di 5\/6\u00b0C nelle conche prealpine e di 1\/3\u00b0C a 1000\/1200 m. Sulle Prealpi a 1500 m min -3\u00b0C max 2\u00b0C, a 2000 m min -2\u00b0C max 1\u00b0C, sulle Dolomiti a 2000 m min -2\u00b0C max 1\u00b0C, a 3000 m min -3\u00b0C max -1\u00b0C.<br \/>\n<b>Venti: <\/b>Nelle valli deboli di direzione variabile, a tratti e localmente moderati per brezze di monte nei posti solitamente ventilati di notte; in quota perlopi\u00f9 deboli da Nord-Est al mattino, da Ovest Sud-Ovest al pomeriggio, a 5-10 km\/h a 2000 m, a 5-10 km\/h a 3000 m.<\/p>\n<hr \/>\n<p><center><b>Giovedi 5<\/b><\/center>Tempo ben soleggiato con cielo terso, aria nitida ed ottima visibilit\u00e0. L&#8217;insidia nebbia nei fondovalle prealpini dovrebbe aumentare leggermente, ma rimarr\u00e0 molto localizzata e limitata alle ore notturne. Ulteriore rialzo termico in quota, mentre vi sar\u00e0 una certa stazionariet\u00e0 delle temperature nelle valli. Venti deboli da Nord-Est in quota, perlopi\u00f9 deboli di direzione variabile nelle valli.<\/p>\n<hr \/>\n<p><center><b>Venerdi 6<\/b><\/center>Tempo ben soleggiato con cielo terso, aria nitida ed ottima visibilit\u00e0. L&#8217;insidia nebbia nei fondovalle prealpini sar\u00e0 sempre molto localizzata e limitata alle ore notturne. Temperature in lieve calo a tutte le quote con riduzione dell&#8217;inversione termica nelle valli. Venti deboli da Nord-Est in quota, perlopi\u00f9 deboli di direzione variabile nelle valli. Previsore: R.l.Th.<\/p>\n","protected":false},"excerpt":{"rendered":"<p>&nbsp; &nbsp; &nbsp; Disagi terminati. Riaperto da ieri sera il ponte di Santa Caterina, doppio senso a Ponte nelle Alpi &nbsp; ANZIANA VITTIMA DEGLI ABUSI IN OSPEDALE CON GRAFFI AL VOLTO E ALLA SCHIENA, ARRESTATA LA FIGLIASTRA BELLUNO Anziana maltrattata dalla figliastra di dieci anni pi\u00f9 giovane che \u00e8 stata arrestata a seguito delle indagini&hellip;<\/p>\n","protected":false},"author":1,"featured_media":108421,"comment_status":"closed","ping_status":"closed","sticky":false,"template":"","format":"standard","meta":{"_monsterinsights_skip_tracking":false,"_monsterinsights_sitenote_active":false,"_monsterinsights_sitenote_note":"","_monsterinsights_sitenote_category":0,"footnotes":""},"categories":[1,86],"tags":[],"class_list":["post-108385","post","type-post","status-publish","format-standard","has-post-thumbnail","hentry","category-senza-categoria","category-gr","category-1","category-86","description-off"],"img_url":"https:\/\/www.radiopiu.net\/wordpress\/wp-content\/uploads\/2019\/12\/graziano-ronchi.jpg","_links":{"self":[{"href":"https:\/\/www.radiopiu.net\/wordpress\/wp-json\/wp\/v2\/posts\/108385","targetHints":{"allow":["GET"]}}],"collection":[{"href":"https:\/\/www.radiopiu.net\/wordpress\/wp-json\/wp\/v2\/posts"}],"about":[{"href":"https:\/\/www.radiopiu.net\/wordpress\/wp-json\/wp\/v2\/types\/post"}],"author":[{"embeddable":true,"href":"https:\/\/www.radiopiu.net\/wordpress\/wp-json\/wp\/v2\/users\/1"}],"replies":[{"embeddable":true,"href":"https:\/\/www.radiopiu.net\/wordpress\/wp-json\/wp\/v2\/comments?post=108385"}],"version-history":[{"count":0,"href":"https:\/\/www.radiopiu.net\/wordpress\/wp-json\/wp\/v2\/posts\/108385\/revisions"}],"wp:featuredmedia":[{"embeddable":true,"href":"https:\/\/www.radiopiu.net\/wordpress\/wp-json\/wp\/v2\/media\/108421"}],"wp:attachment":[{"href":"https:\/\/www.radiopiu.net\/wordpress\/wp-json\/wp\/v2\/media?parent=108385"}],"wp:term":[{"taxonomy":"category","embeddable":true,"href":"https:\/\/www.radiopiu.net\/wordpress\/wp-json\/wp\/v2\/categories?post=108385"},{"taxonomy":"post_tag","embeddable":true,"href":"https:\/\/www.radiopiu.net\/wordpress\/wp-json\/wp\/v2\/tags?post=108385"}],"curies":[{"name":"wp","href":"https:\/\/api.w.org\/{rel}","templated":true}]}}