{"id":108392,"date":"2019-12-02T23:59:48","date_gmt":"2019-12-02T22:59:48","guid":{"rendered":"http:\/\/www.radiopiu.net\/wordpress\/?p=108392"},"modified":"2019-12-03T09:26:00","modified_gmt":"2019-12-03T08:26:00","slug":"cernera-di-meandri-fantastici-la-guida-di-claudio-pra","status":"publish","type":"post","link":"https:\/\/www.radiopiu.net\/wordpress\/cernera-di-meandri-fantastici-la-guida-di-claudio-pra\/","title":{"rendered":"CERNERA DI MEANDRI FANTASTICI, LA GUIDA DI CLAUDIO PRA"},"content":{"rendered":"<p>&nbsp;<\/p>\n<blockquote>\n<h3><em>RECENSITA ANCHE DA LE DOLOMITI BELLUNESI<\/em><\/h3>\n<\/blockquote>\n<p><strong><a class=\"dt-pswp-item\" href=\"http:\/\/www.radiopiu.net\/wordpress\/wp-content\/uploads\/2019\/12\/d92a2d51-21a4-41c3-addd-949463c5acf3.jpg\" data-dt-img-description=\"\" data-large_image_width=\"1132\" data-large_image_height=\"1599\"><img loading=\"lazy\" decoding=\"async\" class=\"size-medium wp-image-108390 alignleft\" src=\"http:\/\/www.radiopiu.net\/wordpress\/wp-content\/uploads\/2019\/12\/d92a2d51-21a4-41c3-addd-949463c5acf3-212x300.jpg\" alt=\"\" width=\"212\" height=\"300\" srcset=\"https:\/\/www.radiopiu.net\/wordpress\/wp-content\/uploads\/2019\/12\/d92a2d51-21a4-41c3-addd-949463c5acf3-212x300.jpg 212w, https:\/\/www.radiopiu.net\/wordpress\/wp-content\/uploads\/2019\/12\/d92a2d51-21a4-41c3-addd-949463c5acf3-768x1085.jpg 768w, https:\/\/www.radiopiu.net\/wordpress\/wp-content\/uploads\/2019\/12\/d92a2d51-21a4-41c3-addd-949463c5acf3-725x1024.jpg 725w, https:\/\/www.radiopiu.net\/wordpress\/wp-content\/uploads\/2019\/12\/d92a2d51-21a4-41c3-addd-949463c5acf3.jpg 1132w\" sizes=\"auto, (max-width: 212px) 100vw, 212px\" \/><\/a><\/strong><\/p>\n<p>&nbsp;<\/p>\n<p>&nbsp;<\/p>\n<p><strong>RADIOPIU <\/strong>Eva Gabrieli intervista Claudio Pra sul Gruppo del Monte Cernera, angolo di Dolomiti incontaminato tra itinerari selvaggi per cacciatori e alpinisti locali. Oggi c&#8217;\u00e8 anche una guida, l&#8217;unica esistente sul gruppo montuoso gi\u00e0 stampata in due edizioni con oltre 40 itinerari per svelare mondi fantastici. La guida \u00e8 stata recensita\u00a0 su &#8220;Le Dolomiti Bellunesi&#8221; che viene recapitato in questi giorni<\/p>\n<p>&nbsp;<\/p>\n<p>&nbsp;<\/p>\n<p>&nbsp;<\/p>\n<p>&nbsp;<\/p>\n<p>L&#8217;INTERVISTA<\/p>\n<audio class=\"wp-audio-shortcode\" id=\"audio-108392-1\" preload=\"none\" style=\"width: 100%;\" controls=\"controls\"><source type=\"audio\/mpeg\" src=\"http:\/\/www.radiopiu.net\/wordpress\/wp-content\/uploads\/2019\/12\/CLAUDIO-PRA.mp3?_=1\" \/><a href=\"http:\/\/www.radiopiu.net\/wordpress\/wp-content\/uploads\/2019\/12\/CLAUDIO-PRA.mp3\">http:\/\/www.radiopiu.net\/wordpress\/wp-content\/uploads\/2019\/12\/CLAUDIO-PRA.mp3<\/a><\/audio>\n<p>&nbsp;<\/p>\n<p>&nbsp;<\/p>\n<p>&nbsp;<\/p>\n<p>&nbsp;<\/p>\n<p>&nbsp;<\/p>\n<p>&nbsp;<\/p>\n<p><center><b>Martedi 3<\/b><\/center><b>Tempo atteso: <\/b>Tempo ben soleggiato con cielo<\/p>\n","protected":false},"excerpt":{"rendered":"<p>&nbsp; RECENSITA ANCHE DA LE DOLOMITI BELLUNESI &nbsp; &nbsp; RADIOPIU Eva Gabrieli intervista Claudio Pra sul Gruppo del Monte Cernera, angolo di Dolomiti incontaminato tra itinerari selvaggi per cacciatori e alpinisti locali. Oggi c&#8217;\u00e8 anche una guida, l&#8217;unica esistente sul gruppo montuoso gi\u00e0 stampata in due edizioni con oltre 40 itinerari per svelare mondi fantastici.&hellip;<\/p>\n","protected":false},"author":1,"featured_media":108390,"comment_status":"closed","ping_status":"closed","sticky":false,"template":"","format":"standard","meta":{"_monsterinsights_skip_tracking":false,"_monsterinsights_sitenote_active":false,"_monsterinsights_sitenote_note":"","_monsterinsights_sitenote_category":0,"footnotes":""},"categories":[104,49],"tags":[],"class_list":["post-108392","post","type-post","status-publish","format-standard","has-post-thumbnail","hentry","category-evidenza_3","category-news-18","category-104","category-49","description-off"],"img_url":"https:\/\/www.radiopiu.net\/wordpress\/wp-content\/uploads\/2019\/12\/d92a2d51-21a4-41c3-addd-949463c5acf3.jpg","_links":{"self":[{"href":"https:\/\/www.radiopiu.net\/wordpress\/wp-json\/wp\/v2\/posts\/108392","targetHints":{"allow":["GET"]}}],"collection":[{"href":"https:\/\/www.radiopiu.net\/wordpress\/wp-json\/wp\/v2\/posts"}],"about":[{"href":"https:\/\/www.radiopiu.net\/wordpress\/wp-json\/wp\/v2\/types\/post"}],"author":[{"embeddable":true,"href":"https:\/\/www.radiopiu.net\/wordpress\/wp-json\/wp\/v2\/users\/1"}],"replies":[{"embeddable":true,"href":"https:\/\/www.radiopiu.net\/wordpress\/wp-json\/wp\/v2\/comments?post=108392"}],"version-history":[{"count":0,"href":"https:\/\/www.radiopiu.net\/wordpress\/wp-json\/wp\/v2\/posts\/108392\/revisions"}],"wp:featuredmedia":[{"embeddable":true,"href":"https:\/\/www.radiopiu.net\/wordpress\/wp-json\/wp\/v2\/media\/108390"}],"wp:attachment":[{"href":"https:\/\/www.radiopiu.net\/wordpress\/wp-json\/wp\/v2\/media?parent=108392"}],"wp:term":[{"taxonomy":"category","embeddable":true,"href":"https:\/\/www.radiopiu.net\/wordpress\/wp-json\/wp\/v2\/categories?post=108392"},{"taxonomy":"post_tag","embeddable":true,"href":"https:\/\/www.radiopiu.net\/wordpress\/wp-json\/wp\/v2\/tags?post=108392"}],"curies":[{"name":"wp","href":"https:\/\/api.w.org\/{rel}","templated":true}]}}