{"id":108399,"date":"2019-12-02T15:49:11","date_gmt":"2019-12-02T14:49:11","guid":{"rendered":"http:\/\/www.radiopiu.net\/wordpress\/?p=108399"},"modified":"2019-12-03T05:49:16","modified_gmt":"2019-12-03T04:49:16","slug":"a-graziano","status":"publish","type":"post","link":"https:\/\/www.radiopiu.net\/wordpress\/a-graziano\/","title":{"rendered":"A GRAZIANO"},"content":{"rendered":"<h1><\/h1>\n<p><strong><a class=\"dt-pswp-item\" href=\"http:\/\/www.radiopiu.net\/wordpress\/wp-content\/uploads\/2019\/12\/download.jpg\" data-dt-img-description=\"\" data-large_image_width=\"300\" data-large_image_height=\"168\"><img loading=\"lazy\" decoding=\"async\" class=\" wp-image-108397 alignleft\" src=\"http:\/\/www.radiopiu.net\/wordpress\/wp-content\/uploads\/2019\/12\/download-300x168.jpg\" alt=\"\" width=\"245\" height=\"137\" \/><\/a>RADIOPIU<\/strong> Caro il mio &#8220;vecchio&#8221; che tristezza doverti salutare e cos\u00ec presto. Mi mancher\u00e0 quel &#8220;il vecchio&#8221; scritto a margine delle mail che puntualmente sono sempre arrivate a Radio Pi\u00f9 dopo la rassegna stampa della 8 del mattino di cui eri fedelissimo ascoltatore da &#8220;cucina&#8221;,\u00a0 come da vecchi tempi e da clima famiglia. Messaggi importanti, di critica, solidariet\u00e0, appoggio e suggerimenti importanti. Quando non c&#8217;erano le mail c&#8217;erano i corridoi dell&#8217;Istituto Follador di via 5 maggio, presenza importante quella del &#8220;Ronchi&#8221; per noi poveri studenti di allora impauriti nei primi giorni e impavidi prima della maturit\u00e0, giusto il tempo di averti conosciuto anche in quest&#8217;altra tua passione di vita. Caro minerario ex sindaco, ex consigliere comunale, alpino dalla lunga penna, non ti dimenticheremo. Un abbraccio alla tua cara compagna di vita Ginetta, anche lei sempre presente nei tuoi scritti, e un&#8217;altrettanto stretta solidale al fratello Franco,\u00a0 ai tuoi figli Caterina, Elisabetta, SIlvia e Andrea. I funerali mercoledi alle 14.30 nella chiesa parrocchiale di Vallada Agordina.<\/p>\n<h3>DI GIANNI SANTOMASO<\/h3>\n<audio class=\"wp-audio-shortcode\" id=\"audio-108399-1\" preload=\"none\" style=\"width: 100%;\" controls=\"controls\"><source type=\"audio\/mpeg\" src=\"http:\/\/www.radiopiu.net\/wordpress\/wp-content\/uploads\/2019\/12\/gianni-graziano-ok.mp3?_=1\" \/><a href=\"http:\/\/www.radiopiu.net\/wordpress\/wp-content\/uploads\/2019\/12\/gianni-graziano-ok.mp3\">http:\/\/www.radiopiu.net\/wordpress\/wp-content\/uploads\/2019\/12\/gianni-graziano-ok.mp3<\/a><\/audio>\n<p><a class=\"dt-pswp-item\" href=\"http:\/\/www.radiopiu.net\/wordpress\/wp-content\/uploads\/2019\/12\/graziano-ronchi.jpg\" data-dt-img-description=\"\" data-large_image_width=\"1280\" data-large_image_height=\"960\"><img loading=\"lazy\" decoding=\"async\" class=\"wp-image-108421 alignright\" src=\"http:\/\/www.radiopiu.net\/wordpress\/wp-content\/uploads\/2019\/12\/graziano-ronchi-300x225.jpg\" alt=\"\" width=\"293\" height=\"221\" srcset=\"https:\/\/www.radiopiu.net\/wordpress\/wp-content\/uploads\/2019\/12\/graziano-ronchi-300x225.jpg 300w, https:\/\/www.radiopiu.net\/wordpress\/wp-content\/uploads\/2019\/12\/graziano-ronchi-768x576.jpg 768w, https:\/\/www.radiopiu.net\/wordpress\/wp-content\/uploads\/2019\/12\/graziano-ronchi-1024x768.jpg 1024w, https:\/\/www.radiopiu.net\/wordpress\/wp-content\/uploads\/2019\/12\/graziano-ronchi.jpg 1280w\" sizes=\"auto, (max-width: 293px) 100vw, 293px\" \/><\/a><\/p>\n<p>&nbsp;<\/p>\n<p>&nbsp;<\/p>\n<p>&nbsp;<\/p>\n<p>&nbsp;<\/p>\n<p>&nbsp;<\/p>\n<p>&nbsp;<\/p>\n<p>&nbsp;<\/p>\n<p>&nbsp;<\/p>\n<p><strong>IL RICORDO DI MONSIGNOR GIORGIO LISE\u00a0<\/strong><\/p>\n<audio class=\"wp-audio-shortcode\" id=\"audio-108399-2\" preload=\"none\" style=\"width: 100%;\" controls=\"controls\"><source type=\"audio\/mpeg\" src=\"http:\/\/www.radiopiu.net\/wordpress\/wp-content\/uploads\/2019\/12\/don-giorgio.mp3?_=2\" \/><a href=\"http:\/\/www.radiopiu.net\/wordpress\/wp-content\/uploads\/2019\/12\/don-giorgio.mp3\">http:\/\/www.radiopiu.net\/wordpress\/wp-content\/uploads\/2019\/12\/don-giorgio.mp3<\/a><\/audio>\n<p>&nbsp;<\/p>\n<p>&nbsp;<\/p>\n","protected":false},"excerpt":{"rendered":"<p>RADIOPIU Caro il mio &#8220;vecchio&#8221; che tristezza doverti salutare e cos\u00ec presto. Mi mancher\u00e0 quel &#8220;il vecchio&#8221; scritto a margine delle mail che puntualmente sono sempre arrivate a Radio Pi\u00f9 dopo la rassegna stampa della 8 del mattino di cui eri fedelissimo ascoltatore da &#8220;cucina&#8221;,\u00a0 come da vecchi tempi e da clima famiglia. Messaggi importanti,&hellip;<\/p>\n","protected":false},"author":1,"featured_media":108397,"comment_status":"closed","ping_status":"closed","sticky":false,"template":"","format":"standard","meta":{"_monsterinsights_skip_tracking":false,"_monsterinsights_sitenote_active":false,"_monsterinsights_sitenote_note":"","_monsterinsights_sitenote_category":0,"footnotes":""},"categories":[1,51,49],"tags":[],"class_list":["post-108399","post","type-post","status-publish","format-standard","has-post-thumbnail","hentry","category-senza-categoria","category-evidenza-top","category-news-18","category-1","category-51","category-49","description-off"],"img_url":"https:\/\/www.radiopiu.net\/wordpress\/wp-content\/uploads\/2019\/12\/download.jpg","_links":{"self":[{"href":"https:\/\/www.radiopiu.net\/wordpress\/wp-json\/wp\/v2\/posts\/108399","targetHints":{"allow":["GET"]}}],"collection":[{"href":"https:\/\/www.radiopiu.net\/wordpress\/wp-json\/wp\/v2\/posts"}],"about":[{"href":"https:\/\/www.radiopiu.net\/wordpress\/wp-json\/wp\/v2\/types\/post"}],"author":[{"embeddable":true,"href":"https:\/\/www.radiopiu.net\/wordpress\/wp-json\/wp\/v2\/users\/1"}],"replies":[{"embeddable":true,"href":"https:\/\/www.radiopiu.net\/wordpress\/wp-json\/wp\/v2\/comments?post=108399"}],"version-history":[{"count":0,"href":"https:\/\/www.radiopiu.net\/wordpress\/wp-json\/wp\/v2\/posts\/108399\/revisions"}],"wp:featuredmedia":[{"embeddable":true,"href":"https:\/\/www.radiopiu.net\/wordpress\/wp-json\/wp\/v2\/media\/108397"}],"wp:attachment":[{"href":"https:\/\/www.radiopiu.net\/wordpress\/wp-json\/wp\/v2\/media?parent=108399"}],"wp:term":[{"taxonomy":"category","embeddable":true,"href":"https:\/\/www.radiopiu.net\/wordpress\/wp-json\/wp\/v2\/categories?post=108399"},{"taxonomy":"post_tag","embeddable":true,"href":"https:\/\/www.radiopiu.net\/wordpress\/wp-json\/wp\/v2\/tags?post=108399"}],"curies":[{"name":"wp","href":"https:\/\/api.w.org\/{rel}","templated":true}]}}