{"id":108503,"date":"2019-12-04T05:46:29","date_gmt":"2019-12-04T04:46:29","guid":{"rendered":"http:\/\/www.radiopiu.net\/wordpress\/?p=108503"},"modified":"2019-12-04T09:54:47","modified_gmt":"2019-12-04T08:54:47","slug":"giornale-radiopiu-04-dicembre-2019-direttore-mirko-mezzacasa","status":"publish","type":"post","link":"https:\/\/www.radiopiu.net\/wordpress\/giornale-radiopiu-04-dicembre-2019-direttore-mirko-mezzacasa\/","title":{"rendered":"GIORNALE RADIOPIU 04 DICEMBRE 2019 DIRETTORE MIRKO MEZZACASA"},"content":{"rendered":"<p>&nbsp;<\/p>\n<p>&nbsp;<\/p>\n<blockquote>\n<h3><span style=\"color: #ff0000;\"><strong>IERI: Riaperto Passo Fedaia da Capanna Bill (Rocca Pietore)\u00a0<\/strong><\/span><\/h3>\n<\/blockquote>\n<p>&nbsp;<\/p>\n<blockquote class=\"wp-embedded-content\" data-secret=\"0IjffS8AEu\"><p><a href=\"http:\/\/www.radiopiu.net\/wordpress\/vigili-del-fuoco-impegno-e-numeri-nel-giorno-della-loro-protettrice\/\">VIGILI DEL FUOCO&#8230;. IMPEGNO E NUMERI NEL GIORNO DELLA LORO PROTETTRICE<\/a><\/p><\/blockquote>\n<p><iframe loading=\"lazy\" title=\"&#8220;VIGILI DEL FUOCO&#8230;. IMPEGNO E NUMERI NEL GIORNO DELLA LORO PROTETTRICE&#8221; &#8212; Radio Pi\u00f9\" class=\"wp-embedded-content\" sandbox=\"allow-scripts\" security=\"restricted\" style=\"position: absolute; clip: rect(1px, 1px, 1px, 1px);\" src=\"http:\/\/www.radiopiu.net\/wordpress\/vigili-del-fuoco-impegno-e-numeri-nel-giorno-della-loro-protettrice\/embed\/#?secret=0IjffS8AEu\" data-secret=\"0IjffS8AEu\" width=\"600\" height=\"338\" frameborder=\"0\" marginwidth=\"0\" marginheight=\"0\" scrolling=\"no\"><\/iframe><\/p>\n<p>&nbsp;<\/p>\n<p>&nbsp;<\/p>\n<h3>L&#8217;AUTO IN UN CANALE, A BORDO ANGELO DALLA FAVERA. MANCAVA DAL 17 NOVEMBRE<\/h3>\n<blockquote><p><em>L&#8217;auto di Angelo Dalla Favera \u00e8 stata recuperato nel pomeriggio dai vigili del fuoco in un canale adiacente a via Nazionale ad Alano di Piave un piccolo fuoristrada con all\u2019interno un corpo senza vita. L\u2019auto era affiorata ieri\u00a0 mattina dopo la diminuzione di portata d&#8217;acqua. I sommozzatori dei vigili del fuoco di Vicenza si sono immersi agganciando la vettura, che \u00e8 stata portata in superficie.<\/em><\/p><\/blockquote>\n<p><strong><a class=\"dt-pswp-item\" href=\"http:\/\/www.radiopiu.net\/wordpress\/wp-content\/uploads\/2019\/12\/88424bd6-682f-49b6-a9c3-e74f8f2ce753.jpg\" data-dt-img-description=\"\" data-large_image_width=\"1280\" data-large_image_height=\"720\"><img loading=\"lazy\" decoding=\"async\" class=\"size-medium wp-image-108498 alignleft\" src=\"http:\/\/www.radiopiu.net\/wordpress\/wp-content\/uploads\/2019\/12\/88424bd6-682f-49b6-a9c3-e74f8f2ce753-300x169.jpg\" alt=\"\" width=\"300\" height=\"169\" srcset=\"https:\/\/www.radiopiu.net\/wordpress\/wp-content\/uploads\/2019\/12\/88424bd6-682f-49b6-a9c3-e74f8f2ce753-300x169.jpg 300w, https:\/\/www.radiopiu.net\/wordpress\/wp-content\/uploads\/2019\/12\/88424bd6-682f-49b6-a9c3-e74f8f2ce753-768x432.jpg 768w, https:\/\/www.radiopiu.net\/wordpress\/wp-content\/uploads\/2019\/12\/88424bd6-682f-49b6-a9c3-e74f8f2ce753-1024x576.jpg 1024w, https:\/\/www.radiopiu.net\/wordpress\/wp-content\/uploads\/2019\/12\/88424bd6-682f-49b6-a9c3-e74f8f2ce753.jpg 1280w\" sizes=\"auto, (max-width: 300px) 100vw, 300px\" \/><\/a>FENER<\/strong> Si chiude nel modo pi\u00f9 spiacevole e triste l&#8217;operazione di ricerche di Angelo Dalla Favera, l&#8217;uomo che mancava da casa dallo scorso 17 <a class=\"dt-pswp-item\" href=\"http:\/\/www.radiopiu.net\/wordpress\/wp-content\/uploads\/2019\/12\/image001-210x300.jpg\" data-dt-img-description=\"\" data-large_image_width=\"210\" data-large_image_height=\"300\"><img loading=\"lazy\" decoding=\"async\" class=\" wp-image-108501 alignright\" src=\"http:\/\/www.radiopiu.net\/wordpress\/wp-content\/uploads\/2019\/12\/image001-210x300-210x300.jpg\" alt=\"\" width=\"124\" height=\"177\" \/><\/a>novembre.<\/p>\n<blockquote><p>Doveva essere il giro della domenica a bordo della Suzuki Jimmy, purtroppo per cause da stabilire l&#8217;auto su cui l&#8217;uomo viaggiava \u00e8 finita fuori strada, in un canale.\u00a0 Angelo Dalla Favera, nato ad Alano di Piave il 17 ottobre 1939\u00a0 era uscito di casa nelle prime ore del pomeriggio di domenica 17 novembre da Via Piave, a Quero\u00a0 a bordo della sua Suzuki Jimny bianca per recarsi ad un bar del paese per giocare a carte. Ma al bar non ci arriva e dal quel momento sparisce senza lasciare traccia di s\u00e9. Una telecamera di videosorveglianza di Quero, dislocata vicino a un\u2019isola ecologica immortalato l\u2019autovettura allontanarsi alle 13.38.<\/p><\/blockquote>\n\n\t\t\t<style type='text\/css'>\n\t\t\t\t#gallery-1 {\n\t\t\t\t\tmargin: auto;\n\t\t\t\t}\n\t\t\t\t#gallery-1 .gallery-item {\n\t\t\t\t\tfloat: left;\n\t\t\t\t\tmargin-top: 10px;\n\t\t\t\t\ttext-align: center;\n\t\t\t\t\twidth: 33%;\n\t\t\t\t}\n\t\t\t\t#gallery-1 img {\n\t\t\t\t\tborder: 2px solid #cfcfcf;\n\t\t\t\t}\n\t\t\t\t#gallery-1 .gallery-caption {\n\t\t\t\t\tmargin-left: 0;\n\t\t\t\t}\n\t\t\t\t\/* see gallery_shortcode() in wp-includes\/media.php *\/\n\t\t\t<\/style>\n\t\t<div id='gallery-1' class='dt-gallery-container gallery galleryid-108503 gallery-columns-3 gallery-size-thumbnail'><dl class='gallery-item'>\n\t\t\t\t<dt class='gallery-icon landscape'>\n\t\t\t\t\t<a class=\"rollover\" href='https:\/\/www.radiopiu.net\/wordpress\/giornale-radiopiu-04-dicembre-2019-direttore-mirko-mezzacasa\/whatsapp-image-2019-12-03-at-17-45-57\/'><img loading=\"lazy\" decoding=\"async\" width=\"150\" height=\"150\" src=\"https:\/\/www.radiopiu.net\/wordpress\/wp-content\/uploads\/2019\/12\/WhatsApp-Image-2019-12-03-at-17.45.57-150x150.jpeg\" class=\"attachment-thumbnail size-thumbnail\" alt=\"\" \/><\/a>\n\t\t\t\t<\/dt><\/dl><dl class='gallery-item'>\n\t\t\t\t<dt class='gallery-icon landscape'>\n\t\t\t\t\t<a class=\"rollover\" href='https:\/\/www.radiopiu.net\/wordpress\/lauto-in-un-canale-a-bordo-angelo-dalla-favera-mancava-dal-17-novembre\/88424bd6-682f-49b6-a9c3-e74f8f2ce753\/'><img loading=\"lazy\" decoding=\"async\" width=\"150\" height=\"150\" src=\"https:\/\/www.radiopiu.net\/wordpress\/wp-content\/uploads\/2019\/12\/88424bd6-682f-49b6-a9c3-e74f8f2ce753-150x150.jpg\" class=\"attachment-thumbnail size-thumbnail\" alt=\"\" \/><\/a>\n\t\t\t\t<\/dt><\/dl><dl class='gallery-item'>\n\t\t\t\t<dt class='gallery-icon landscape'>\n\t\t\t\t\t<a class=\"rollover\" href='https:\/\/www.radiopiu.net\/wordpress\/giornale-radiopiu-04-dicembre-2019-direttore-mirko-mezzacasa\/whatsapp-image-2019-12-03-at-17-45-56\/'><img loading=\"lazy\" decoding=\"async\" width=\"150\" height=\"150\" src=\"https:\/\/www.radiopiu.net\/wordpress\/wp-content\/uploads\/2019\/12\/WhatsApp-Image-2019-12-03-at-17.45.56-150x150.jpeg\" class=\"attachment-thumbnail size-thumbnail\" alt=\"\" \/><\/a>\n\t\t\t\t<\/dt><\/dl><br style=\"clear: both\" \/>\n\t\t\t<\/div>\n\n<p>&nbsp;<\/p>\n<p>&nbsp;<\/p>\n<h3>UNDICI MEZZI COINVOLTI NEL TAMPONAMENTO IN AUTOSTRADA A 27<\/h3>\n<p><strong>PONTE NELLE ALPI<\/strong> Poco prima delle nove tamponamento tra 11 mezzi in autostrada nel tratto Cadola-Pian di Vedoia. Tra le cause al vaglio delle forze di polizia il ghiaccio. Una sola persona in ospedale. Sul posto\u00a0 vigili del fuoco,\u00a0 polizia stradale e personale ausiliario di autostrade.<\/p>\n<p><a class=\"dt-pswp-item\" href=\"http:\/\/www.radiopiu.net\/wordpress\/wp-content\/uploads\/2019\/12\/WhatsApp-Image-2019-12-03-at-12.22.15.jpeg\" data-dt-img-description=\"\" data-large_image_width=\"718\" data-large_image_height=\"428\"><img loading=\"lazy\" decoding=\"async\" class=\"alignnone wp-image-108491 \" src=\"http:\/\/www.radiopiu.net\/wordpress\/wp-content\/uploads\/2019\/12\/WhatsApp-Image-2019-12-03-at-12.22.15.jpeg\" alt=\"\" width=\"436\" height=\"260\" srcset=\"https:\/\/www.radiopiu.net\/wordpress\/wp-content\/uploads\/2019\/12\/WhatsApp-Image-2019-12-03-at-12.22.15.jpeg 718w, https:\/\/www.radiopiu.net\/wordpress\/wp-content\/uploads\/2019\/12\/WhatsApp-Image-2019-12-03-at-12.22.15-300x179.jpeg 300w\" sizes=\"auto, (max-width: 436px) 100vw, 436px\" \/><\/a><\/p>\n<p>&nbsp;<\/p>\n<p>&nbsp;<\/p>\n<p>&nbsp;<\/p>\n<p><strong><a class=\"dt-pswp-item\" href=\"http:\/\/www.radiopiu.net\/wordpress\/wp-content\/uploads\/2019\/12\/WhatsApp-Image-2019-12-03-at-18.12.51.jpeg\" data-dt-img-description=\"\" data-large_image_width=\"1280\" data-large_image_height=\"720\"><img loading=\"lazy\" decoding=\"async\" class=\" wp-image-108571 alignleft\" src=\"http:\/\/www.radiopiu.net\/wordpress\/wp-content\/uploads\/2019\/12\/WhatsApp-Image-2019-12-03-at-18.12.51-300x169.jpeg\" alt=\"\" width=\"257\" height=\"145\" srcset=\"https:\/\/www.radiopiu.net\/wordpress\/wp-content\/uploads\/2019\/12\/WhatsApp-Image-2019-12-03-at-18.12.51-300x169.jpeg 300w, https:\/\/www.radiopiu.net\/wordpress\/wp-content\/uploads\/2019\/12\/WhatsApp-Image-2019-12-03-at-18.12.51-768x432.jpeg 768w, https:\/\/www.radiopiu.net\/wordpress\/wp-content\/uploads\/2019\/12\/WhatsApp-Image-2019-12-03-at-18.12.51-1024x576.jpeg 1024w, https:\/\/www.radiopiu.net\/wordpress\/wp-content\/uploads\/2019\/12\/WhatsApp-Image-2019-12-03-at-18.12.51.jpeg 1280w\" sizes=\"auto, (max-width: 257px) 100vw, 257px\" \/><\/a>BORGOVALBELLUNA<\/strong> Incidente a Limana in via Sampoi tra una Lancia Y condotta da L.C. 62 anni di Belluno (illesa) e un&#8217;Alfa Giulietta condotta da E.C. trentenne di Limana lievemente ferita come come la figlia di 2 annni. Sulla dinamica indagno i Carabinieri.<\/p>\n<p>Alle\u00a0 13, i vigili del fuoco sono intervenuti per un incidente stradale lungo la SP1 in via Refos a Limana: ferita una donna e un bambino. Lo scontro \u00e8 avvenuto tra un\u2019Alfa Romeo Giulietta con a bordo la mamma e un bambino piccolo e una lancia Y condotta da una signora. La squadra arrivata sul posto ha messo in sicurezza i mezzi, mentre la donna con il bambino era gi\u00e0 state soccorse da un\u2019infermiera di passaggio e subito dopo dal personale del Suem 118. Illesa l\u2019altra automobilista. La mamma e il bambino sono stati trasferiti in pronto soccorso per dei controlli. I carabinieri hanno eseguito i rilievi del sinistro. Le operazioni di soccorso dei vigili del fuoco sono terminate dopo circa un\u2019ora.<\/p>\n<p><strong><a class=\"dt-pswp-item\" href=\"http:\/\/www.radiopiu.net\/wordpress\/wp-content\/uploads\/2019\/12\/a01a7968-136f-4086-8320-ba8c31b7f788.jpg\" data-dt-img-description=\"\" data-large_image_width=\"320\" data-large_image_height=\"240\"><img loading=\"lazy\" decoding=\"async\" class=\" wp-image-108528 alignleft\" src=\"http:\/\/www.radiopiu.net\/wordpress\/wp-content\/uploads\/2019\/12\/a01a7968-136f-4086-8320-ba8c31b7f788-300x225.jpg\" alt=\"\" width=\"230\" height=\"173\" srcset=\"https:\/\/www.radiopiu.net\/wordpress\/wp-content\/uploads\/2019\/12\/a01a7968-136f-4086-8320-ba8c31b7f788-300x225.jpg 300w, https:\/\/www.radiopiu.net\/wordpress\/wp-content\/uploads\/2019\/12\/a01a7968-136f-4086-8320-ba8c31b7f788.jpg 320w\" sizes=\"auto, (max-width: 230px) 100vw, 230px\" \/><\/a><\/strong><\/p>\n<p>&nbsp;<\/p>\n<p><strong>TAMPONAMENTO IERI NEL POMERIGGIO A TAI DI CADORE<\/strong> Una Rav4 condotta da FDM 84 anni di Pieve di Cadore si \u00e8 scontrata con un Doblo&#8217; condotto da MS 40 anni di Fonzaso. Ferite lievi solo per l&#8217;anziano.<\/p>\n<p>&nbsp;<\/p>\n<p>&nbsp;<\/p>\n<p>&nbsp;<\/p>\n<p>&nbsp;<\/p>\n<p>&nbsp;<\/p>\n<p>&nbsp;<\/p>\n<p>&nbsp;<\/p>\n<blockquote>\n<h3>DRAMMA IN ALPAGO<\/h3>\n<h3>E&#8217; stato ritrovato privo di vita per un malore Daniele Bortoluzzi, 65 anni. E&#8217; stato ritrovato vicino a Tambre D&#8217;Alpago nella stalla di proprieta&#8217;, le operazioni di ricerca sono scattate nel pomeriggio poiche&#8217; l&#8217;uomo non era rientrato<\/h3>\n<h3><\/h3>\n<\/blockquote>\n<div class=\"im_history_message_wrap\">\n<div class=\"im_message_outer_wrap hasselect\" data-msg-id=\"4301\">\n<div class=\"im_message_wrap clearfix\">\n<div class=\"im_content_message_wrap im_message_in\">\n<div class=\"im_message_body\">\n<div><\/div>\n<\/div>\n<\/div>\n<\/div>\n<\/div>\n<\/div>\n<div class=\"im_history_message_wrap im_grouped\">\n<div class=\"im_message_outer_wrap hasselect\" data-msg-id=\"4303\">\n<div class=\"im_message_wrap clearfix\">\n<div class=\"im_content_message_wrap im_message_in\">\n<div class=\"im_message_body\">\n<div>\n<div class=\"im_message_text\" dir=\"auto\"><\/div>\n<\/div>\n<\/div>\n<\/div>\n<\/div>\n<\/div>\n<\/div>\n<p>&nbsp;<\/p>\n<h3>TRAUMA ALLA CAVIGLIA A FORCELLA FORAN<\/h3>\n<p><strong>BORGOVALBELLUNA\u00a0<\/strong> Ieri \u00a0la Centrale del 118 ha allertato il Soccorso alpino di Belluno per una escursionista che si era fatta male nella zona di Forcella Foran, a Mel. La donna, E.S., 52 anni, trevigiana, che si trovava con altre persone, era partita da Cison di Valmarino (TV), aveva raggiunto il Bivacco dei Lof, per proseguire fino a Cima Vallon Scuro ed arrivare a Forcella Foran dove, messo male un piede, si era procurata un sospetto trauma alla caviglia. Una squadra del Soccorso alpino di Belluno e Feltre \u00e8 partita dal Bellunese e ha raggiunto la donna. Stabilizzata, l&#8217;escursionista \u00e8 stata poi portata al fuoristrada e da l\u00ec al rendez vous con i soccorritori delle Prealpi Trevigiane, che la hanno trasportata a Cison alla propria auto, con cui si \u00e8 allontanata autonomamente.<\/p>\n<p>&nbsp;<\/p>\n<p>&nbsp;<\/p>\n<h2>UN PREMIO DAL PREFETTO PER IL CONCORSO CONTRO LA VIOLENZA DI GENERE<\/h2>\n<p><strong>BELLUNO<\/strong> Polizia di Stato contro la violenza di genere &#8220;Questo non \u00e8 amore&#8221;, un concorso con l&#8217;Istituto Catullo. Ieri la presentazione dell&#8217;iniziativa in Questura.<\/p>\n<p><strong>DI MORENO GIOLI<\/strong><\/p>\n<audio class=\"wp-audio-shortcode\" id=\"audio-108503-1\" preload=\"none\" style=\"width: 100%;\" controls=\"controls\"><source type=\"audio\/mpeg\" src=\"http:\/\/www.radiopiu.net\/wordpress\/wp-content\/uploads\/2019\/12\/servizio-gioli.mp3?_=1\" \/><a href=\"http:\/\/www.radiopiu.net\/wordpress\/wp-content\/uploads\/2019\/12\/servizio-gioli.mp3\">http:\/\/www.radiopiu.net\/wordpress\/wp-content\/uploads\/2019\/12\/servizio-gioli.mp3<\/a><\/audio>\n<h3>IL DIRIGENTE DELLA SEZIONE ANTICRIMINI MARCO DELL&#8217;ARTE<\/h3>\n<audio class=\"wp-audio-shortcode\" id=\"audio-108503-2\" preload=\"none\" style=\"width: 100%;\" controls=\"controls\"><source type=\"audio\/mpeg\" src=\"http:\/\/www.radiopiu.net\/wordpress\/wp-content\/uploads\/2019\/12\/dellarte.mp3?_=2\" \/><a href=\"http:\/\/www.radiopiu.net\/wordpress\/wp-content\/uploads\/2019\/12\/dellarte.mp3\">http:\/\/www.radiopiu.net\/wordpress\/wp-content\/uploads\/2019\/12\/dellarte.mp3<\/a><\/audio>\n<h3>LO STUDENTE DEL CATULLO DAMIANO BRIDDA<\/h3>\n<audio class=\"wp-audio-shortcode\" id=\"audio-108503-3\" preload=\"none\" style=\"width: 100%;\" controls=\"controls\"><source type=\"audio\/mpeg\" src=\"http:\/\/www.radiopiu.net\/wordpress\/wp-content\/uploads\/2019\/12\/bridda.mp3?_=3\" \/><a href=\"http:\/\/www.radiopiu.net\/wordpress\/wp-content\/uploads\/2019\/12\/bridda.mp3\">http:\/\/www.radiopiu.net\/wordpress\/wp-content\/uploads\/2019\/12\/bridda.mp3<\/a><\/audio>\n<h3>IL CAMPER CHE HA GIRATO PER LA PROVINCIA DI BELLUNO&#8230; ANCHE AD AGORDO<\/h3>\n<div id=\"fb-root\"><\/div>\n<p><script async=\"1\" defer=\"1\" crossorigin=\"anonymous\" src=\"https:\/\/connect.facebook.net\/it_IT\/sdk.js#xfbml=1&amp;version=v6.0\"><\/script><\/p>\n<div class=\"fb-video\" data-href=\"https:\/\/www.facebook.com\/mirko.mezzacasa\/videos\/10221463156195160\/\" data-width=\"1200\">\n<blockquote cite=\"https:\/\/www.facebook.com\/mirko.mezzacasa\/videos\/10221463156195160\/\" class=\"fb-xfbml-parse-ignore\"><p><a href=\"https:\/\/www.facebook.com\/mirko.mezzacasa\/videos\/10221463156195160\/\"><\/a><\/p>\n<p>25 NOVEMBRE LA GIORNATA A SOSTEGNO DELLE DONNE. CONTRO LA VIOLENZA DI GENERE. LA POLIZIA DELLA QUESTURA DI BELLUNO E &quot;BELLUNO DONNA&quot; AD AGORDO IN PIAZZA LIBERTA&#039; NEL GIORNO DI MERCATO PER RICORDARE L&#039;IMPORTANZA DI NON SOTTOVALUTARE UN PROBLEMA DAI NUMERI COSTANTI E PREOCCUPANTI, OLTRE L&#039;80 PER CENTO DI VIOLENZE TRA LE MURA DOMESTICHE,  IN ITALIA OGNI 72 ORE VIENE UCCISA UNA DONNA&#8230;<\/p>\n<p>Pubblicato da <a href=\"https:\/\/www.facebook.com\/mirko.mezzacasa\">Mirko Mezzacasa<\/a> su Mercoled\u00ec 27 novembre 2019<\/p><\/blockquote>\n<\/div>\n<p>&nbsp;<\/p>\n<p>&nbsp;<\/p>\n<h3>L&#8217;ULTIMO SALUTO A GRAZIANO RONCHI<\/h3>\n<p><strong>VALLADA<\/strong> Oggi alle 14.30 l&#8217;ultimo saluto a Graziano Ronchi nel cimitero della sua Vallada. In questo notiziario un ricordo fotografico dall&#8217;archivio dell&#8217;amico Loris Santomaso<em> &#8220;condividendo l&#8217;affettuoso pensiero per il comune amico Graziano, ecco due foto a ricordo della grande mostra di Dolomieu estate 1989 di cui il &#8220;vecchio&#8221; fu grande protagonista&#8221;.<\/em><\/p>\n<blockquote><p><em>GRAZIANO RONCHI CON GIUSEPPE PELLEGRINON editore e scrittore di montagna, CARMELO BUSSICHELLA dirigente scolastico, PIETRO LEONARDI accademia Lincei. estate 1989<\/em><\/p><\/blockquote>\n<p><a class=\"dt-pswp-item\" href=\"http:\/\/www.radiopiu.net\/wordpress\/wp-content\/uploads\/2019\/12\/Dolomieu-Estate-1989-Graziano-Bussichella-Leonardi.jpg\" data-dt-img-description=\"\" data-large_image_width=\"1647\" data-large_image_height=\"1101\"><img loading=\"lazy\" decoding=\"async\" class=\"alignnone wp-image-108519\" src=\"http:\/\/www.radiopiu.net\/wordpress\/wp-content\/uploads\/2019\/12\/Dolomieu-Estate-1989-Graziano-Bussichella-Leonardi-300x201.jpg\" alt=\"\" width=\"381\" height=\"255\" srcset=\"https:\/\/www.radiopiu.net\/wordpress\/wp-content\/uploads\/2019\/12\/Dolomieu-Estate-1989-Graziano-Bussichella-Leonardi-300x201.jpg 300w, https:\/\/www.radiopiu.net\/wordpress\/wp-content\/uploads\/2019\/12\/Dolomieu-Estate-1989-Graziano-Bussichella-Leonardi-768x513.jpg 768w, https:\/\/www.radiopiu.net\/wordpress\/wp-content\/uploads\/2019\/12\/Dolomieu-Estate-1989-Graziano-Bussichella-Leonardi-1024x685.jpg 1024w, https:\/\/www.radiopiu.net\/wordpress\/wp-content\/uploads\/2019\/12\/Dolomieu-Estate-1989-Graziano-Bussichella-Leonardi.jpg 1647w\" sizes=\"auto, (max-width: 381px) 100vw, 381px\" \/><\/a><a class=\"dt-pswp-item\" href=\"http:\/\/www.radiopiu.net\/wordpress\/wp-content\/uploads\/2019\/12\/Dolomieu-Estate-1989-Graziano-Bepi-e-Leonardi.jpg\" data-dt-img-description=\"\" data-large_image_width=\"1132\" data-large_image_height=\"1676\"><img loading=\"lazy\" decoding=\"async\" class=\"wp-image-108520 alignleft\" src=\"http:\/\/www.radiopiu.net\/wordpress\/wp-content\/uploads\/2019\/12\/Dolomieu-Estate-1989-Graziano-Bepi-e-Leonardi-203x300.jpg\" alt=\"\" width=\"167\" height=\"247\" srcset=\"https:\/\/www.radiopiu.net\/wordpress\/wp-content\/uploads\/2019\/12\/Dolomieu-Estate-1989-Graziano-Bepi-e-Leonardi-203x300.jpg 203w, https:\/\/www.radiopiu.net\/wordpress\/wp-content\/uploads\/2019\/12\/Dolomieu-Estate-1989-Graziano-Bepi-e-Leonardi-768x1137.jpg 768w, https:\/\/www.radiopiu.net\/wordpress\/wp-content\/uploads\/2019\/12\/Dolomieu-Estate-1989-Graziano-Bepi-e-Leonardi-692x1024.jpg 692w, https:\/\/www.radiopiu.net\/wordpress\/wp-content\/uploads\/2019\/12\/Dolomieu-Estate-1989-Graziano-Bepi-e-Leonardi.jpg 1132w\" sizes=\"auto, (max-width: 167px) 100vw, 167px\" \/><\/a><\/p>\n<p>&nbsp;<\/p>\n<p>&nbsp;<\/p>\n<p>&nbsp;<\/p>\n<p>&nbsp;<\/p>\n<p>&nbsp;<\/p>\n<p>&nbsp;<\/p>\n<h1><strong><a class=\"dt-pswp-item\" href=\"http:\/\/www.radiopiu.net\/wordpress\/wp-content\/uploads\/2019\/12\/a9cbecc1-0630-40b5-af10-58d006bd4a6c.jpg\" data-dt-img-description=\"\" data-large_image_width=\"1599\" data-large_image_height=\"799\"><img loading=\"lazy\" decoding=\"async\" class=\"size-medium wp-image-108580 alignleft\" src=\"http:\/\/www.radiopiu.net\/wordpress\/wp-content\/uploads\/2019\/12\/a9cbecc1-0630-40b5-af10-58d006bd4a6c-300x150.jpg\" alt=\"\" width=\"300\" height=\"150\" srcset=\"https:\/\/www.radiopiu.net\/wordpress\/wp-content\/uploads\/2019\/12\/a9cbecc1-0630-40b5-af10-58d006bd4a6c-300x150.jpg 300w, https:\/\/www.radiopiu.net\/wordpress\/wp-content\/uploads\/2019\/12\/a9cbecc1-0630-40b5-af10-58d006bd4a6c-768x384.jpg 768w, https:\/\/www.radiopiu.net\/wordpress\/wp-content\/uploads\/2019\/12\/a9cbecc1-0630-40b5-af10-58d006bd4a6c-1024x512.jpg 1024w, https:\/\/www.radiopiu.net\/wordpress\/wp-content\/uploads\/2019\/12\/a9cbecc1-0630-40b5-af10-58d006bd4a6c.jpg 1599w\" sizes=\"auto, (max-width: 300px) 100vw, 300px\" \/><\/a><\/strong><\/h1>\n<h1><strong>CIAO PROF.<\/strong><\/h1>\n<p><strong>BELLUNO<\/strong> Giorni di grande dolore a Belluno per la scomparsa di Piero Balzan, gi\u00e0 insegnante all&#8217;Istituto Minerario Umberto Follador di Agordo (via 5 maggio). I famigliari e amici lo ricorderanno venerdi alle 15 nel cimitero di Prade.<\/p>\n<p>&nbsp;<\/p>\n<p>&nbsp;<\/p>\n<p>&nbsp;<\/p>\n<p>&nbsp;<\/p>\n<p>&nbsp;<\/p>\n<h2><span style=\"color: #ff0000;\">DILLO A RADIO PIU<\/span><\/h2>\n<h3>CARENZA DI PARCHEGGI, POCA ATTENZIONE VERSO GLI ALTRI<\/h3>\n<p><strong>AGORDO<\/strong> Il problema \u00e8 noto ed anche l&#8217;attenzione dei vigili in quanto a parcheggi &#8220;selvaggi&#8221;. Come questi che ieri mattina hanno costretto le maestranze della Bautechnik (ex Warm) ad accendere il muletto per avere accesso al camion per scaricare la merce. Il mezzo infatti non \u00e8 riuscito a raggiungere l&#8217;azienda dal bivio dove ha sede la ditta Garavana marmi.<\/p>\n<p><a class=\"dt-pswp-item\" href=\"http:\/\/www.radiopiu.net\/wordpress\/wp-content\/uploads\/2019\/12\/58e5363b-3d47-4ba0-9da8-1cee8b81619f.jpg\" data-dt-img-description=\"\" data-large_image_width=\"2048\" data-large_image_height=\"1536\"><img loading=\"lazy\" decoding=\"async\" class=\"alignnone wp-image-108507\" src=\"http:\/\/www.radiopiu.net\/wordpress\/wp-content\/uploads\/2019\/12\/58e5363b-3d47-4ba0-9da8-1cee8b81619f-300x225.jpg\" alt=\"\" width=\"159\" height=\"120\" srcset=\"https:\/\/www.radiopiu.net\/wordpress\/wp-content\/uploads\/2019\/12\/58e5363b-3d47-4ba0-9da8-1cee8b81619f-300x225.jpg 300w, https:\/\/www.radiopiu.net\/wordpress\/wp-content\/uploads\/2019\/12\/58e5363b-3d47-4ba0-9da8-1cee8b81619f-768x576.jpg 768w, https:\/\/www.radiopiu.net\/wordpress\/wp-content\/uploads\/2019\/12\/58e5363b-3d47-4ba0-9da8-1cee8b81619f-1024x768.jpg 1024w, https:\/\/www.radiopiu.net\/wordpress\/wp-content\/uploads\/2019\/12\/58e5363b-3d47-4ba0-9da8-1cee8b81619f.jpg 2048w\" sizes=\"auto, (max-width: 159px) 100vw, 159px\" \/><\/a><a class=\"dt-pswp-item\" href=\"http:\/\/www.radiopiu.net\/wordpress\/wp-content\/uploads\/2019\/12\/9c4a48c8-ae4a-4afa-a63f-936c6d6c7e34.jpg\" data-dt-img-description=\"\" data-large_image_width=\"2048\" data-large_image_height=\"1536\"><img loading=\"lazy\" decoding=\"async\" class=\"alignnone wp-image-108508\" src=\"http:\/\/www.radiopiu.net\/wordpress\/wp-content\/uploads\/2019\/12\/9c4a48c8-ae4a-4afa-a63f-936c6d6c7e34-300x225.jpg\" alt=\"\" width=\"159\" height=\"120\" srcset=\"https:\/\/www.radiopiu.net\/wordpress\/wp-content\/uploads\/2019\/12\/9c4a48c8-ae4a-4afa-a63f-936c6d6c7e34-300x225.jpg 300w, https:\/\/www.radiopiu.net\/wordpress\/wp-content\/uploads\/2019\/12\/9c4a48c8-ae4a-4afa-a63f-936c6d6c7e34-768x576.jpg 768w, https:\/\/www.radiopiu.net\/wordpress\/wp-content\/uploads\/2019\/12\/9c4a48c8-ae4a-4afa-a63f-936c6d6c7e34-1024x768.jpg 1024w, https:\/\/www.radiopiu.net\/wordpress\/wp-content\/uploads\/2019\/12\/9c4a48c8-ae4a-4afa-a63f-936c6d6c7e34.jpg 2048w\" sizes=\"auto, (max-width: 159px) 100vw, 159px\" \/><\/a><a class=\"dt-pswp-item\" href=\"http:\/\/www.radiopiu.net\/wordpress\/wp-content\/uploads\/2019\/12\/65da0ccf-7d32-4289-b0b3-d12e9ed3440f.jpg\" data-dt-img-description=\"\" data-large_image_width=\"2048\" data-large_image_height=\"1536\"><img loading=\"lazy\" decoding=\"async\" class=\"alignnone wp-image-108509\" src=\"http:\/\/www.radiopiu.net\/wordpress\/wp-content\/uploads\/2019\/12\/65da0ccf-7d32-4289-b0b3-d12e9ed3440f-300x225.jpg\" alt=\"\" width=\"162\" height=\"121\" srcset=\"https:\/\/www.radiopiu.net\/wordpress\/wp-content\/uploads\/2019\/12\/65da0ccf-7d32-4289-b0b3-d12e9ed3440f-300x225.jpg 300w, https:\/\/www.radiopiu.net\/wordpress\/wp-content\/uploads\/2019\/12\/65da0ccf-7d32-4289-b0b3-d12e9ed3440f-768x576.jpg 768w, https:\/\/www.radiopiu.net\/wordpress\/wp-content\/uploads\/2019\/12\/65da0ccf-7d32-4289-b0b3-d12e9ed3440f-1024x768.jpg 1024w, https:\/\/www.radiopiu.net\/wordpress\/wp-content\/uploads\/2019\/12\/65da0ccf-7d32-4289-b0b3-d12e9ed3440f.jpg 2048w\" sizes=\"auto, (max-width: 162px) 100vw, 162px\" \/><\/a><\/p>\n<p>&nbsp;<\/p>\n<p>&nbsp;<\/p>\n<p>&nbsp;<\/p>\n<p><strong>TAIBON<\/strong>\u00a0 <em>&#8220;Non ho visto personalmente la disgustosa scena ma \u00e8 stata fotografata sotto il ponte del Rabul in Val Corpassa (strada comunale Taibon-Capanna Trieste)\u00a0 da una persona di Listolade. Tutti noi dI Listolade sperando che l&#8217;autore si vergogni almeno un po&#8217; rendendo pubblico il suo schifo&#8230;.. Sono pannolini da bambino scaricati direttamente nel torrente Corpassa&#8221;.<\/em><\/p>\n<p><a class=\"dt-pswp-item\" href=\"http:\/\/www.radiopiu.net\/wordpress\/wp-content\/uploads\/2019\/12\/77357500_573381406770868_8608038510512832512_n.jpg\" data-dt-img-description=\"\" data-large_image_width=\"600\" data-large_image_height=\"800\"><img loading=\"lazy\" decoding=\"async\" class=\"alignnone wp-image-108573\" src=\"http:\/\/www.radiopiu.net\/wordpress\/wp-content\/uploads\/2019\/12\/77357500_573381406770868_8608038510512832512_n-225x300.jpg\" alt=\"\" width=\"207\" height=\"276\" srcset=\"https:\/\/www.radiopiu.net\/wordpress\/wp-content\/uploads\/2019\/12\/77357500_573381406770868_8608038510512832512_n-225x300.jpg 225w, https:\/\/www.radiopiu.net\/wordpress\/wp-content\/uploads\/2019\/12\/77357500_573381406770868_8608038510512832512_n.jpg 600w\" sizes=\"auto, (max-width: 207px) 100vw, 207px\" \/><\/a><a class=\"dt-pswp-item\" href=\"http:\/\/www.radiopiu.net\/wordpress\/wp-content\/uploads\/2019\/12\/79133821_2579565592125446_6255796093427122176_n.jpg\" data-dt-img-description=\"\" data-large_image_width=\"600\" data-large_image_height=\"800\"><img loading=\"lazy\" decoding=\"async\" class=\"alignnone wp-image-108574\" src=\"http:\/\/www.radiopiu.net\/wordpress\/wp-content\/uploads\/2019\/12\/79133821_2579565592125446_6255796093427122176_n-225x300.jpg\" alt=\"\" width=\"209\" height=\"277\" \/><\/a><\/p>\n<p>&nbsp;<\/p>\n<p>&nbsp;<\/p>\n<p><strong>LA VALLE<\/strong> Lorenza \u00e8 andata per funghi. Niente di strano se non fosse che siamo a dicembre, il 3 di dicembre. Dove solitamente la brina \u00e8 padrona ecco i prodotti della terra&#8230; fuori stagione<\/p>\n<p><a class=\"dt-pswp-item\" href=\"http:\/\/www.radiopiu.net\/wordpress\/wp-content\/uploads\/2019\/12\/WhatsApp-Image-2019-12-03-at-18.50.53.jpeg\" data-dt-img-description=\"\" data-large_image_width=\"2048\" data-large_image_height=\"1152\"><img loading=\"lazy\" decoding=\"async\" class=\"alignnone size-medium wp-image-108558\" src=\"http:\/\/www.radiopiu.net\/wordpress\/wp-content\/uploads\/2019\/12\/WhatsApp-Image-2019-12-03-at-18.50.53-300x169.jpeg\" alt=\"\" width=\"300\" height=\"169\" srcset=\"https:\/\/www.radiopiu.net\/wordpress\/wp-content\/uploads\/2019\/12\/WhatsApp-Image-2019-12-03-at-18.50.53-300x169.jpeg 300w, https:\/\/www.radiopiu.net\/wordpress\/wp-content\/uploads\/2019\/12\/WhatsApp-Image-2019-12-03-at-18.50.53-768x432.jpeg 768w, https:\/\/www.radiopiu.net\/wordpress\/wp-content\/uploads\/2019\/12\/WhatsApp-Image-2019-12-03-at-18.50.53-1024x576.jpeg 1024w, https:\/\/www.radiopiu.net\/wordpress\/wp-content\/uploads\/2019\/12\/WhatsApp-Image-2019-12-03-at-18.50.53.jpeg 2048w\" sizes=\"auto, (max-width: 300px) 100vw, 300px\" \/><\/a><\/p>\n<p>&nbsp;<\/p>\n<p>&nbsp;<\/p>\n<p><strong>VOLTAGO<\/strong> Agner e &#8220;casel del Nenti&#8221; Voltago<\/p>\n<p><a class=\"dt-pswp-item\" href=\"http:\/\/www.radiopiu.net\/wordpress\/wp-content\/uploads\/2019\/12\/WhatsApp-Image-2019-12-03-at-22.43.15.jpeg\" data-dt-img-description=\"\" data-large_image_width=\"1558\" data-large_image_height=\"967\"><img loading=\"lazy\" decoding=\"async\" class=\"alignnone wp-image-108561\" src=\"http:\/\/www.radiopiu.net\/wordpress\/wp-content\/uploads\/2019\/12\/WhatsApp-Image-2019-12-03-at-22.43.15-300x186.jpeg\" alt=\"\" width=\"276\" height=\"171\" srcset=\"https:\/\/www.radiopiu.net\/wordpress\/wp-content\/uploads\/2019\/12\/WhatsApp-Image-2019-12-03-at-22.43.15-300x186.jpeg 300w, https:\/\/www.radiopiu.net\/wordpress\/wp-content\/uploads\/2019\/12\/WhatsApp-Image-2019-12-03-at-22.43.15-768x477.jpeg 768w, https:\/\/www.radiopiu.net\/wordpress\/wp-content\/uploads\/2019\/12\/WhatsApp-Image-2019-12-03-at-22.43.15-1024x636.jpeg 1024w, https:\/\/www.radiopiu.net\/wordpress\/wp-content\/uploads\/2019\/12\/WhatsApp-Image-2019-12-03-at-22.43.15.jpeg 1558w\" sizes=\"auto, (max-width: 276px) 100vw, 276px\" \/><\/a><a class=\"dt-pswp-item\" href=\"http:\/\/www.radiopiu.net\/wordpress\/wp-content\/uploads\/2019\/12\/WhatsApp-Image-2019-12-03-at-22.43.16.jpeg\" data-dt-img-description=\"\" data-large_image_width=\"1588\" data-large_image_height=\"1004\"><img loading=\"lazy\" decoding=\"async\" class=\"alignnone wp-image-108560\" src=\"http:\/\/www.radiopiu.net\/wordpress\/wp-content\/uploads\/2019\/12\/WhatsApp-Image-2019-12-03-at-22.43.16-300x190.jpeg\" alt=\"\" width=\"268\" height=\"171\" srcset=\"https:\/\/www.radiopiu.net\/wordpress\/wp-content\/uploads\/2019\/12\/WhatsApp-Image-2019-12-03-at-22.43.16-300x190.jpeg 300w, https:\/\/www.radiopiu.net\/wordpress\/wp-content\/uploads\/2019\/12\/WhatsApp-Image-2019-12-03-at-22.43.16-768x486.jpeg 768w\" sizes=\"auto, (max-width: 268px) 100vw, 268px\" \/><\/a><a class=\"dt-pswp-item\" href=\"http:\/\/www.radiopiu.net\/wordpress\/wp-content\/uploads\/2019\/12\/WhatsApp-Image-2019-12-03-at-22.43.16-1.jpeg\" data-dt-img-description=\"\" data-large_image_width=\"1600\" data-large_image_height=\"900\"><img loading=\"lazy\" decoding=\"async\" class=\"alignnone size-medium wp-image-108559\" src=\"http:\/\/www.radiopiu.net\/wordpress\/wp-content\/uploads\/2019\/12\/WhatsApp-Image-2019-12-03-at-22.43.16-1-300x169.jpeg\" alt=\"\" width=\"300\" height=\"169\" srcset=\"https:\/\/www.radiopiu.net\/wordpress\/wp-content\/uploads\/2019\/12\/WhatsApp-Image-2019-12-03-at-22.43.16-1-300x169.jpeg 300w, https:\/\/www.radiopiu.net\/wordpress\/wp-content\/uploads\/2019\/12\/WhatsApp-Image-2019-12-03-at-22.43.16-1-768x432.jpeg 768w, https:\/\/www.radiopiu.net\/wordpress\/wp-content\/uploads\/2019\/12\/WhatsApp-Image-2019-12-03-at-22.43.16-1-1024x576.jpeg 1024w, https:\/\/www.radiopiu.net\/wordpress\/wp-content\/uploads\/2019\/12\/WhatsApp-Image-2019-12-03-at-22.43.16-1.jpeg 1600w\" sizes=\"auto, (max-width: 300px) 100vw, 300px\" \/><\/a><\/p>\n<p>&nbsp;<\/p>\n<p>&nbsp;<\/p>\n<p>&nbsp;<\/p>\n<h2>COMUNI DI CONFINE<\/h2>\n<h3>Semplificazioni per i danni di Vaia Il Comitato riprende i lavori. 500 progetti per 720 milioni di euro<\/h3>\n<p>dalla rassegna stampa delle otto ROGER DE MENECH<\/p>\n<audio class=\"wp-audio-shortcode\" id=\"audio-108503-4\" preload=\"none\" style=\"width: 100%;\" controls=\"controls\"><source type=\"audio\/mpeg\" src=\"http:\/\/www.radiopiu.net\/wordpress\/wp-content\/uploads\/2019\/12\/roger-1.mp3?_=4\" \/><a href=\"http:\/\/www.radiopiu.net\/wordpress\/wp-content\/uploads\/2019\/12\/roger-1.mp3\">http:\/\/www.radiopiu.net\/wordpress\/wp-content\/uploads\/2019\/12\/roger-1.mp3<\/a><\/audio>\n<p>&nbsp;<\/p>\n<p><strong>BELLUNO\u00a0<\/strong> Il Comitato paritetico del Fondo Comuni Confinanti ha deciso di aiutare le amministrazioni locali colpite dalla tempesta Vaia. Riunitosi ieri a Trento sotto la presidenza del deputato Roger De Menech, il Comitato si \u00e8 focalizzato sulla semplificazione delle modalit\u00e0 operative, tenendo conto delle dimensioni del fondo che ha in piedi circa 500 progetti, tra avvisi e programmi di area vasta, per un valore di 720 milioni di euro. \u00abLe alluvioni del 2018\u00bb, afferma il presidente De Menech, \u00abhanno duramente colpito molti dei comuni dell\u2019area di insistenza del fondo, che inizialmente si sono trovati a gestire le emergenze e successivamente a programmare i lavori di messa in sicurezza del territorio e dunque abbiamo ritenuto di dare un aiuto concreto alleggerendo le incombenze burocratiche\u00bb. In particolare, il Comitato ha deciso di prorogare di 24 mesi tutti i progetti riferiti ai bandi dal 2013 al 2019, oltre a tutti i progetti finanziati con gli avvisi pubblici approvati dall\u2019ODI (2010-11 e 2012). In tal modo si \u00e8 voluto dare un sostegno ai Comuni con l\u2019obiettivo di favorire quanto pi\u00f9 possibile il completamento dei molti progetti avviati, che gi\u00e0 si devono confrontare con difficili passaggi autorizzativi da parte di enti terzi. Il Comitato ha inoltre approvato la semplificazione delle modalit\u00e0 operative svolte sia dalle regioni Veneto e Lombardia coadiuvate dalle Province di Verona, Vicenza e Brescia, sia dalle Province di Belluno e Sondrio nella gestione della programmazione di area vasta. \u00abCon la riunione di ieri\u00bb, conclude De Menech, \u00absiamo finalmente ripartiti a lavorare a pieno regime. Il prossimo passo da fare sar\u00e0 la definizione dei progetti di area vasta e degli avvisi del 2020. Sar\u00e0 un piano ambizioso, ma sar\u00e0 basato esclusivamente sulle esigenze e sulle priorit\u00e0 espresse dai territori e in particolare dai Comuni\u00bb.<\/p>\n<p>&nbsp;<\/p>\n<p>&nbsp;<\/p>\n<p>&nbsp;<\/p>\n<h3>BOCCIATO IL RIFINANAZIAMENTO FONDO IMPIANTI DI INNEVAMENTO E IMPIANTI A FUNE<\/h3>\n<p>DALLA RASSEGNA STAMPA DI RADIO PIU&#8217; IL SENATORE PAOLO SAVIANE<\/p>\n<audio class=\"wp-audio-shortcode\" id=\"audio-108503-5\" preload=\"none\" style=\"width: 100%;\" controls=\"controls\"><source type=\"audio\/mpeg\" src=\"http:\/\/www.radiopiu.net\/wordpress\/wp-content\/uploads\/2019\/12\/SAVIANE.mp3?_=5\" \/><a href=\"http:\/\/www.radiopiu.net\/wordpress\/wp-content\/uploads\/2019\/12\/SAVIANE.mp3\">http:\/\/www.radiopiu.net\/wordpress\/wp-content\/uploads\/2019\/12\/SAVIANE.mp3<\/a><\/audio>\n<p>&nbsp;<\/p>\n<p><strong><a class=\"dt-pswp-item\" href=\"http:\/\/www.radiopiu.net\/wordpress\/wp-content\/uploads\/2018\/06\/00032712.jpg\" data-dt-img-description=\"\" data-large_image_width=\"180\" data-large_image_height=\"240\"><img loading=\"lazy\" decoding=\"async\" class=\" wp-image-50936 alignleft\" src=\"http:\/\/www.radiopiu.net\/wordpress\/wp-content\/uploads\/2018\/06\/00032712.jpg\" alt=\"\" width=\"89\" height=\"119\" \/><\/a>BELLUNO<\/strong> La Commissione Bilancio del Senato boccia l\u2019emendamento a prima firma Paolo Saviane (Stefani,Tosato,Zuliani) relativo al rifinanziamento\u00a0 del fondo impianti di innevamento e impianti a fune. L\u2019emendamento faceva riferimento alla legge 11 maggio 199 n 140, con scopo di garantire l\u2019innovazione tecnologica, l\u2019ammodernamento e il miglioramento dei livelli di sicurezza degli impianti a fune e degli impianti di innevamento programmato, situati nelle Regioni a statuto ordinario.<em> &#8220;Si trattava di rifinanziare le prossime tre annualit\u00e0 con 50 milioni di euro cadauna &#8211; scrive in un comunicato la Lega Nord &#8211;\u00a0 purtroppo ancora una volta \u00e8 stata cassata la possibilit\u00e0 di lavorare con tecnologie all\u2019avanguardia e in maniera sicura sia per gli addetti ai lavori sia per gli utilizzatori, penalizzando uno dei tanti territori, come la nostra\u00a0 provincia appunto, che vive economicamente anche di questo. Continuano i vincoli, lo stralcio delle risorse e quant\u2019altro. Davvero una mancanza di visone di chi governa, un\u2019attenzione \u201csbadata\u201d, per usare un eufemismo, ai territori montani a al loro conseguente sviluppo, da parte di questa maggioranza&#8221;.<\/em><\/p>\n<p>&nbsp;<\/p>\n<p>&nbsp;<\/p>\n<p>&nbsp;<\/p>\n<h3>OPEN FIBER E UNCEM, PROSEGUE LA COLLABORAZIONE PER FAVORIRE LO SVILUPPO DELLA FIBRA OTTICA NELLE AREE MONTANE<\/h3>\n<p><strong><a class=\"dt-pswp-item\" href=\"http:\/\/www.radiopiu.net\/wordpress\/wp-content\/uploads\/2018\/12\/argentera_ferrere-3.jpg\" data-dt-img-description=\"\" data-large_image_width=\"865\" data-large_image_height=\"330\"><img loading=\"lazy\" decoding=\"async\" class=\"size-medium wp-image-71005 alignleft\" src=\"http:\/\/www.radiopiu.net\/wordpress\/wp-content\/uploads\/2018\/12\/argentera_ferrere-3-300x114.jpg\" alt=\"\" width=\"300\" height=\"114\" srcset=\"https:\/\/www.radiopiu.net\/wordpress\/wp-content\/uploads\/2018\/12\/argentera_ferrere-3-300x114.jpg 300w, https:\/\/www.radiopiu.net\/wordpress\/wp-content\/uploads\/2018\/12\/argentera_ferrere-3-768x293.jpg 768w, https:\/\/www.radiopiu.net\/wordpress\/wp-content\/uploads\/2018\/12\/argentera_ferrere-3.jpg 865w\" sizes=\"auto, (max-width: 300px) 100vw, 300px\" \/><\/a>UNCEM<\/strong> Nell&#8217;ambito del protocollo sottoscritto a luglio, le due realt\u00e0 favoriscono la condivisione e divulgazione di informazioni sull&#8217;avanzamento del progetto e sulla diffusione dei servizi digitali\u00a0 Roma, 25\/11\/2019 | Open Fiber e UNCEM hanno sottoscritto a luglio 2019 un Memorandum of Understanding con l&#8217;obiettivo di favorire lo sviluppo del Piano Banda Ultra Larga, che vede Open Fiber all&#8217;opera nel costruire in oltre 7000 Comuni italiani un&#8217;infrastruttura in fibra ottica, al fine di ridurre quel divario digitale che si avverte in maniera particolare nelle aree montane e rurali.\u00a0 Nei primi sei mesi di operativit\u00e0 il Memorandum ha dato l&#8217;avvio a un percorso di stretta collaborazione, con un focus particolare sul processo di comunicazione tra Open Fiber e i Comuni, per agevolare la condivisione di informazioni puntuali sullo stato di avanzamento del progetto e lo scambio di dati necessari alla progettazione e allo snellimento delle procedure autorizzative. &#8220;Il Piano Banda Ultra Larga nel 2019 \u00e8 entrato a pieno regime. A oggi vi sono circa 450 Comuni completati e cantieri attivi in circa 2000 Comuni &#8211; spiega Andrea Falessi, Direttore Relazioni Esterne di Open Fiber &#8211; La seconda parte dell&#8217;anno ha visto una forte accelerazione delle attivit\u00e0 che a oggi ha portato all&#8217;avvio della commercializzazione dei servizi in fibra ottica in circa 140 Comuni delle aree interessate dai bandi Infratel&#8221;.<\/p>\n<p>&nbsp;<\/p>\n<p>&nbsp;<\/p>\n<p>&nbsp;<\/p>\n<h3>GLI EBOOK GIUNTI-BOMPIANI ENTRANO NEL CATALOGO DELLA PIATTORMA DELLE BIBLIOTECHE BELLUNESI<\/h3>\n<p><strong>BELLUNO<\/strong> La piattaforma Mlol delle Biblioteche Bellunesi \u00e8 sempre pi\u00f9 ricca. E prepara una serie di regali di Natale ai suoi utenti. Il primo \u00e8 gi\u00e0 impacchettato. Proprio in questi giorni, infatti, arrivano nuovi volumi consultabili direttamente da pc e da tablet. Si tratta degli ebook del catalogo Giunti-Bompiani, acquistati grazie all\u2019intervento finanziario del Servizio Biblioteche della Provincia di Belluno.Il nuovo catalogo comprende 2.397 ebook Giunti e 1.700 ebook Bompiani. Volumi che vanno ad arricchire la gi\u00e0 poderosa collezione degli ebook acquistati dalle biblioteche oltre a quelli resi disponibili grazie al prestito interbibliotecario digitale.\u00a0 I titoli saranno disponibili gratuitamente con la solita formula del prestito di 14 giorni. Ma, grazie alla formula del pay per view, risulteranno sempre disponibili al prestito per qualsiasi utente della rete Biblioteche Bellunesi, senza liste di attesa.<\/p>\n<p>&nbsp;<\/p>\n<p>&nbsp;<\/p>\n<p>&nbsp;<\/p>\n<p>&nbsp;<\/p>\n<h3>RITROVAMENTI PRE ROMANI DI PIAN DE LA GNELA<\/h3>\n<p><a class=\"dt-pswp-item\" href=\"http:\/\/www.radiopiu.net\/wordpress\/wp-content\/uploads\/2019\/12\/ff12893c-30f9-4402-9f12-f7204f344162.jpg\" data-dt-img-description=\"\" data-large_image_width=\"1024\" data-large_image_height=\"768\"><img loading=\"lazy\" decoding=\"async\" class=\"size-medium wp-image-108522 alignleft\" src=\"http:\/\/www.radiopiu.net\/wordpress\/wp-content\/uploads\/2019\/12\/ff12893c-30f9-4402-9f12-f7204f344162-300x225.jpg\" alt=\"\" width=\"300\" height=\"225\" srcset=\"https:\/\/www.radiopiu.net\/wordpress\/wp-content\/uploads\/2019\/12\/ff12893c-30f9-4402-9f12-f7204f344162-300x225.jpg 300w, https:\/\/www.radiopiu.net\/wordpress\/wp-content\/uploads\/2019\/12\/ff12893c-30f9-4402-9f12-f7204f344162-768x576.jpg 768w, https:\/\/www.radiopiu.net\/wordpress\/wp-content\/uploads\/2019\/12\/ff12893c-30f9-4402-9f12-f7204f344162.jpg 1024w\" sizes=\"auto, (max-width: 300px) 100vw, 300px\" \/><\/a><strong>ALPAGO<\/strong>\u00a0 La due giorni organizzata a Pieve d\u2019Alpago sugli importanti ritrovamenti di Pian de la Gnela ha richiamato l\u2019attenzione non soltanto degli \u201caddetti ai lavori\u201d. Venerd\u00ec sera, in sala &#8220;Placido Fabris&#8221;, un pubblico attento e numeroso ha assistito alla presentazione del volume &#8220;Le signore dell&#8217;Alpago&#8221;, alla presenza del Soprintendente Vincenzo Tin\u00e8, dei curatori del volume e di altri esperti del settore coordinati dall&#8217;archeologo Luca Zaghetto, esperto dell&#8217;arte delle situle.\u00a0 \u00a0L\u2019incontro \u00e8 stato aperto dal saluto del vicesindaco di Alpago Vanessa De Francesch, che ha voluto sottolineare il ruolo determinante avuto nelle scoperte di Pian de la Gnela da parte degli Amici del Museo dell&#8217;Alpago; il vicesindaco ha inoltre confermato le intenzioni dell&#8217;amministrazione comunale in merito alla realizzazione di alcune sale museali per l\u2019esposizione permanente degli importanti reperti della necropoli preromana di Pian de la Gnela (collocabili nel periodo tra il VII e il V sec. a.C.). Il progetto potrebbe interessare l&#8217;utilizzo di un piano dell&#8217;attuale sede municipale di Pieve.\u00a0 Sabato 30 novembre, nella stessa sede ha poi avuto luogo l&#8217;inaugurazione di una mostra fotografica (pannelli con foto sia dei reperti che dei momenti di scavo) dedicata proprio al sito di Pian del Gnela e ai ritrovamenti in esso effettuati. La mostra sar\u00e0 aperta sino al prossimo 12 gennaio e sar\u00e0 visitabile con i seguenti orari: dal luned\u00ec al venerd\u00ec dalle 08 alle 12; sabato, domenica e festivi dalle 10 alle 12 e dalle 15.30 alle 17.30.<\/p>\n<p>&nbsp;<\/p>\n<p>&nbsp;<\/p>\n<p>&nbsp;<\/p>\n<h2>FORMAZIONE DELLA POLIZIA LOCALE, VIA AL PROGETTO<\/h2>\n<p><strong><a class=\"dt-pswp-item\" href=\"http:\/\/www.radiopiu.net\/wordpress\/wp-content\/uploads\/2019\/12\/Corso-polizia-locale.jpg\" data-dt-img-description=\"\" data-large_image_width=\"1600\" data-large_image_height=\"1200\"><img loading=\"lazy\" decoding=\"async\" class=\"size-medium wp-image-108523 alignleft\" src=\"http:\/\/www.radiopiu.net\/wordpress\/wp-content\/uploads\/2019\/12\/Corso-polizia-locale-300x225.jpg\" alt=\"\" width=\"300\" height=\"225\" srcset=\"https:\/\/www.radiopiu.net\/wordpress\/wp-content\/uploads\/2019\/12\/Corso-polizia-locale-300x225.jpg 300w, https:\/\/www.radiopiu.net\/wordpress\/wp-content\/uploads\/2019\/12\/Corso-polizia-locale-768x576.jpg 768w, https:\/\/www.radiopiu.net\/wordpress\/wp-content\/uploads\/2019\/12\/Corso-polizia-locale-1024x768.jpg 1024w, https:\/\/www.radiopiu.net\/wordpress\/wp-content\/uploads\/2019\/12\/Corso-polizia-locale.jpg 1600w\" sizes=\"auto, (max-width: 300px) 100vw, 300px\" \/><\/a>BELLUNO<\/strong> Ha preso il via nei giorni scorsi, con il primo incontro in Sala Bianchi, il progetto pilota di formazione della Polizia Locale del Veneto, finanziato con 10mila euro dalla Regione del Veneto e dall&#8217;assessore regionale alla sicurezza Cristiano Corazzari con un bando dedicato ai comuni capoluogo. \u00abAbbiamo coinvolto subito i comandi pi\u00f9 vicini alla citt\u00e0, avviando i contatti con Feltre, Longarone e Borgo Valbelluna, &#8211; spiega il Comandante della Polizia Locale del capoluogo, Gustavo Dalla Ca&#8217; \u2013 e abbiamo cos\u00ec organizzato questo corso di formazione che porter\u00e0 poi alla consegna di un attestato regionale\u00bb. Il corso avr\u00e0 una durata di 140 ore e solo nella prima giornata ha coinvolto oltre una sessantina di agenti delle Polizie Locali di tutta la provincia: oltre a Belluno e ai comuni inizialmente interessati, erano presenti anche agenti di Falcade, Alpago, Cesiomaggiore, Val di Zoldo e di diversi altri comuni. \u00abSi tratta di un corso che affronter\u00e0 tutte i diversi ambiti di azione della Polizia Locale, per approfondire con esperti dei vari settori normative, esperienze, tecnologie e modalit\u00e0 operative\u00bb, aggiunge Dalla Ca&#8217;. Il primo appuntamento \u00e8 stato curato dall&#8217;avvocato Rosa Bertuzzi, una dei massimi esponenti nazionali in materie ambientali: si sono affrontate questioni come le competenze della Polizia Locali su temi come l&#8217;abbandono dei rifiuti, il rinvenimento di veicoli fuori uso, sugli scarichi di acque reflue e i relativi metodi di indagine. \u00abRiteniamo molto importante accrescere le conoscenze e le competenze della Polizia Locale, soprattutto su temi \u201ccaldi\u201d per il nostro territorio come quelli del decoro e della tutela ambientale. &#8211; commenta il sindaco Jacopo Massaro \u2013 La formazione storicamente si \u00e8 occupata poco di quest&#8217;ultimo ambito, e riteniamo quindi fondamentale recuperare questo divario, visto l&#8217;interesse che come amministrazione abbiamo verso la questione ambientale\u00bb.<\/p>\n<p>&nbsp;<\/p>\n<p>&nbsp;<\/p>\n<p>&nbsp;<\/p>\n<h3><span style=\"color: #ff0000;\">DOLOMITES MAADNESS LA STORIA<\/span><\/h3>\n<p><strong>DAL BELGIO A ROCCA PIETORE, LA RINASCITA \u00c8 LA NOSTRA SCOMMESSA\u00a0<\/strong><\/p>\n<p><strong>E&#8217; questa la bella storia raccontata sulla pagina facebook Dolomites Maadness<\/strong><\/p>\n<p><strong><a class=\"dt-pswp-item\" href=\"http:\/\/www.radiopiu.net\/wordpress\/wp-content\/uploads\/2019\/12\/76727040_1213616949028106_6322311461666291712_o.jpg\" data-dt-img-description=\"\" data-large_image_width=\"759\" data-large_image_height=\"960\"><img loading=\"lazy\" decoding=\"async\" class=\"size-medium wp-image-108525 alignleft\" src=\"http:\/\/www.radiopiu.net\/wordpress\/wp-content\/uploads\/2019\/12\/76727040_1213616949028106_6322311461666291712_o-237x300.jpg\" alt=\"\" width=\"237\" height=\"300\" srcset=\"https:\/\/www.radiopiu.net\/wordpress\/wp-content\/uploads\/2019\/12\/76727040_1213616949028106_6322311461666291712_o-237x300.jpg 237w, https:\/\/www.radiopiu.net\/wordpress\/wp-content\/uploads\/2019\/12\/76727040_1213616949028106_6322311461666291712_o.jpg 759w\" sizes=\"auto, (max-width: 237px) 100vw, 237px\" \/><\/a>ROCCA PIETORE<\/strong> \u201cSe la casa \u00e8 come nella foto, \u00e8 quella giusta per noi!\u201d. La svolta di Charlotte e Hans, giovane coppia belga di 27 e 29 anni, amanti dello sci e delle Dolomiti, \u00e8 tutta in questa emozionata battuta, scambiata due anni fa scorrendo l\u2019annuncio sul computer, e che oggi \u00e8 anche la loro nuova vita a Rocca Pietore, per l\u2019esattezza al calduccio dell\u2019appena ristrutturata casa <a class=\"profileLink\" href=\"https:\/\/www.facebook.com\/RoccaBrunaDolomiti\/?__tn__=K-R&amp;eid=ARAIg1K7hOC6IghiO1o616GvGey8eFeaCNmRXEsU6HtO56Hqem8b7gDWpjIB6UHlglPKzh4ubR0LPfHZ&amp;fref=mentions&amp;__xts__%5B0%5D=68.ARCydcITv7QYk2ReYR0J55jgwwWaQf-t0ffF5NS5GVbTyp41Jo7bAVn5g-T1V_1jOLJ6pMDMQ8_Rq9-BuNFD-ebrZlPVMO0XieUO4AsdJ3MdJWamTLlCQIkXjxq2tnv1gLz-ZIhZOnzSG0daFOuYkx8FaIPPbDuP2EVTi7gbKucM3k9EZSOye6eQv7CjinTItef5UhoeAVgE36EMGJxo4f8Vw7YrD_YaCtfrljzn7YeEoU6GbErfSRtmUvJmzTb3A0uiJwAbl8qNpjZ0KoSzHegJ-g76i7h8UBzSOYqBvXBMPQxXHrm-H1zPTG2HNOpHh9GItWGKJzQQSLBPwzZ2UHQYoA\" data-hovercard=\"\/ajax\/hovercard\/page.php?id=351377075326967&amp;extragetparams=%7B%22__tn__%22%3A%22%2CdK-R-R%22%2C%22eid%22%3A%22ARAIg1K7hOC6IghiO1o616GvGey8eFeaCNmRXEsU6HtO56Hqem8b7gDWpjIB6UHlglPKzh4ubR0LPfHZ%22%2C%22fref%22%3A%22mentions%22%7D\" data-hovercard-prefer-more-content-show=\"1\">Rocca B&amp;B and Rocca Bruna apartments<\/a>.<br \/>\nL\u2019an<span class=\"text_exposed_show\">nuncio \u201cgaleotto\u201d \u00e8 stato quello del bando per la ristrutturazione di 22 edifici di ricezione turistica extralberghiera del progetto finanziato dai Fondi Comuni Confinanti, e Charlotte e Hans non ci hanno pensato troppo: entrambi residenti in Belgio con lavoro, amici e famiglia, sognavano da tempo l\u2019Italia, le Dolomiti (dove entrambi venivano a sciare fin da piccoli) e un\u2019attivit\u00e0 turistica. Il contributo di 140 mila euro messo in palio dal progetto \u00e8 stato un ottimo incentivo al loro business plan, quindi le immagini di quella casa da ristrutturare in centro a Rocca \u2026 sono state la freccia di Cupido! Nel novembre del 2017, ecco perci\u00f2 la firma dell\u2019atto di acquisto, poi la vendita dei rispettivi appartamenti in Belgio, le dimissioni dai lavori precedenti e, nel maggio del 2018, il trasferimento in Italia, nell\u2019Alto Agordino. Con i soldi messi da parte hanno rilevato anche un piccolo B&amp;B a Caracoi Cimai, panoramica frazione di Rocca, dove entusiasti si sono stabiliti a vivere. Quindi Hans, elettricista e all\u2019occorrenza manovale, nel giugno 2018 ha iniziato le demolizioni a Rocca. Un incontro con il professionista sbagliato, poi la furia di Vaia, hanno bloccato e poi ritardato i piani pi\u00f9 ottimistici della giovane coppia. Ma da quest\u2019anno il lavoro \u00e8 ripreso spedito e per la settimana di Capodanno sono attesi i primi ospiti. 400 metri quadrati per 4 appartamenti da 6-7 persone, grazie a una ristrutturazione molto attenta ai materiali originali (la pietra) e il contesto naturale (il legno degli alberi) e culturale, sia nella scelta dei mobili e arredi dell\u2019arte povera contadina recuperati in chiave attuale, sia per la scelta del nome -Rocca Bruna- che salva e valorizza con sensibilit\u00e0 le antiche denominazioni locali. Senza dimenticare l\u2019intenso significato di questa attivit\u00e0 giovane e intelligente che mette radici su un terreno mai cos\u00ec vulnerabile e bisognoso di cura. Buona vita a Charlotte e Hans! <\/span><a class=\"_58cn\" href=\"https:\/\/www.facebook.com\/hashtag\/hostedbynatureb?source=feed_text&amp;epa=HASHTAG&amp;__xts__%5B0%5D=68.ARCydcITv7QYk2ReYR0J55jgwwWaQf-t0ffF5NS5GVbTyp41Jo7bAVn5g-T1V_1jOLJ6pMDMQ8_Rq9-BuNFD-ebrZlPVMO0XieUO4AsdJ3MdJWamTLlCQIkXjxq2tnv1gLz-ZIhZOnzSG0daFOuYkx8FaIPPbDuP2EVTi7gbKucM3k9EZSOye6eQv7CjinTItef5UhoeAVgE36EMGJxo4f8Vw7YrD_YaCtfrljzn7YeEoU6GbErfSRtmUvJmzTb3A0uiJwAbl8qNpjZ0KoSzHegJ-g76i7h8UBzSOYqBvXBMPQxXHrm-H1zPTG2HNOpHh9GItWGKJzQQSLBPwzZ2UHQYoA&amp;__tn__=%2ANK-R\" data-ft=\"{&quot;type&quot;:104,&quot;tn&quot;:&quot;*N&quot;}\"><span class=\"_5afx\"><span class=\"_58cl _5afz\" aria-label=\"hashtag\">#<\/span><span class=\"_58cm\">HostedByNatureb<\/span><\/span><\/a>\u00a0<a class=\"_58cn\" href=\"https:\/\/www.facebook.com\/hashtag\/poweredbyhumans?source=feed_text&amp;epa=HASHTAG&amp;__xts__%5B0%5D=68.ARCydcITv7QYk2ReYR0J55jgwwWaQf-t0ffF5NS5GVbTyp41Jo7bAVn5g-T1V_1jOLJ6pMDMQ8_Rq9-BuNFD-ebrZlPVMO0XieUO4AsdJ3MdJWamTLlCQIkXjxq2tnv1gLz-ZIhZOnzSG0daFOuYkx8FaIPPbDuP2EVTi7gbKucM3k9EZSOye6eQv7CjinTItef5UhoeAVgE36EMGJxo4f8Vw7YrD_YaCtfrljzn7YeEoU6GbErfSRtmUvJmzTb3A0uiJwAbl8qNpjZ0KoSzHegJ-g76i7h8UBzSOYqBvXBMPQxXHrm-H1zPTG2HNOpHh9GItWGKJzQQSLBPwzZ2UHQYoA&amp;__tn__=%2ANK-R\" data-ft=\"{&quot;type&quot;:104,&quot;tn&quot;:&quot;*N&quot;}\"><span class=\"_5afx\"><span class=\"_58cl _5afz\" aria-label=\"hashtag\">#<\/span><span class=\"_58cm\">PoweredByHumans<\/span><\/span><\/a> \u00a0<a class=\"profileLink\" href=\"https:\/\/www.facebook.com\/heartofthedolomitesorg\/?__tn__=K-R&amp;eid=ARAyqcW6V-5CYKzjarRPDRMU35AfGbWrL2FV8HeNvBYEE2ygJ6hJfA-X-6NKZPgJGqCjUv8Lc5j4pJQv&amp;fref=mentions&amp;__xts__%5B0%5D=68.ARCydcITv7QYk2ReYR0J55jgwwWaQf-t0ffF5NS5GVbTyp41Jo7bAVn5g-T1V_1jOLJ6pMDMQ8_Rq9-BuNFD-ebrZlPVMO0XieUO4AsdJ3MdJWamTLlCQIkXjxq2tnv1gLz-ZIhZOnzSG0daFOuYkx8FaIPPbDuP2EVTi7gbKucM3k9EZSOye6eQv7CjinTItef5UhoeAVgE36EMGJxo4f8Vw7YrD_YaCtfrljzn7YeEoU6GbErfSRtmUvJmzTb3A0uiJwAbl8qNpjZ0KoSzHegJ-g76i7h8UBzSOYqBvXBMPQxXHrm-H1zPTG2HNOpHh9GItWGKJzQQSLBPwzZ2UHQYoA\" data-hovercard=\"\/ajax\/hovercard\/page.php?id=336396483705346&amp;extragetparams=%7B%22__tn__%22%3A%22%2CdK-R-R%22%2C%22eid%22%3A%22ARAyqcW6V-5CYKzjarRPDRMU35AfGbWrL2FV8HeNvBYEE2ygJ6hJfA-X-6NKZPgJGqCjUv8Lc5j4pJQv%22%2C%22fref%22%3A%22mentions%22%7D\" data-hovercard-prefer-more-content-show=\"1\">Heart of the Dolomites<\/a> <a class=\"profileLink\" href=\"https:\/\/www.facebook.com\/visitmarmolada\/?__tn__=K-R&amp;eid=ARBhquKO10kpDJkzRklqZEpxFeMzHsqvELuiLWBH2Wd8BbIrgD-JonllCOqC6lLhy0vUeoGMFYKlDzOP&amp;fref=mentions&amp;__xts__%5B0%5D=68.ARCydcITv7QYk2ReYR0J55jgwwWaQf-t0ffF5NS5GVbTyp41Jo7bAVn5g-T1V_1jOLJ6pMDMQ8_Rq9-BuNFD-ebrZlPVMO0XieUO4AsdJ3MdJWamTLlCQIkXjxq2tnv1gLz-ZIhZOnzSG0daFOuYkx8FaIPPbDuP2EVTi7gbKucM3k9EZSOye6eQv7CjinTItef5UhoeAVgE36EMGJxo4f8Vw7YrD_YaCtfrljzn7YeEoU6GbErfSRtmUvJmzTb3A0uiJwAbl8qNpjZ0KoSzHegJ-g76i7h8UBzSOYqBvXBMPQxXHrm-H1zPTG2HNOpHh9GItWGKJzQQSLBPwzZ2UHQYoA\" data-hovercard=\"\/ajax\/hovercard\/page.php?id=230163526997021&amp;extragetparams=%7B%22__tn__%22%3A%22%2CdK-R-R%22%2C%22eid%22%3A%22ARBhquKO10kpDJkzRklqZEpxFeMzHsqvELuiLWBH2Wd8BbIrgD-JonllCOqC6lLhy0vUeoGMFYKlDzOP%22%2C%22fref%22%3A%22mentions%22%7D\" data-hovercard-prefer-more-content-show=\"1\">Visit Rocca Pietore Marmolada Dolomites<\/a><\/p>\n<p>&nbsp;<\/p>\n<p><span style=\"color: #ff0000;\">dalla rivista GRAZIA<\/span><\/p>\n<h3>Il Nad\u00e8l ite i Tabi\u00e8i a Sottoguda, inserito nella lista dei mercatini di Natale pi\u00f9 belli d&#8217;Italia e d&#8217;Europa<\/h3>\n<blockquote class=\"wp-embedded-content\" data-secret=\"RfBOMFg9IH\"><p><a href=\"https:\/\/www.grazia.it\/stile-di-vita\/viaggi\/mercatini-di-natale-2019\">I mercatini di Natale pi\u00f9 belli d&#8217;Italia e d&#8217;Europa (con le date 2019)<\/a><\/p><\/blockquote>\n<p><iframe loading=\"lazy\" title=\"&#8220;I mercatini di Natale pi\u00f9 belli d&#8217;Italia e d&#8217;Europa (con le date 2019)&#8221; &#8212; Grazia\" class=\"wp-embedded-content\" sandbox=\"allow-scripts\" security=\"restricted\" style=\"position: absolute; clip: rect(1px, 1px, 1px, 1px);\" src=\"https:\/\/www.grazia.it\/stile-di-vita\/viaggi\/mercatini-di-natale-2019\/embed#?secret=RfBOMFg9IH\" data-secret=\"RfBOMFg9IH\" width=\"600\" height=\"338\" frameborder=\"0\" marginwidth=\"0\" marginheight=\"0\" scrolling=\"no\"><\/iframe><\/p>\n<p>&nbsp;<\/p>\n<p>&nbsp;<\/p>\n<h2>PIANA DI FALCADE, PARADISO PER GLI AMANTI DEGLI SCI STRETTI, IL VIA ALLA STAGIONE, CON IL FREDDO SI &#8220;SPARA&#8221;<\/h2>\n<p><a class=\"dt-pswp-item\" href=\"http:\/\/www.radiopiu.net\/wordpress\/wp-content\/uploads\/2019\/12\/b43ff6b6dff74888ac0a9cd8e4406ddf.jpeg\" data-dt-img-description=\"\" data-large_image_width=\"500\" data-large_image_height=\"484\"><img loading=\"lazy\" decoding=\"async\" class=\" wp-image-108587 alignleft\" src=\"http:\/\/www.radiopiu.net\/wordpress\/wp-content\/uploads\/2019\/12\/b43ff6b6dff74888ac0a9cd8e4406ddf-300x290.jpeg\" alt=\"\" width=\"180\" height=\"174\" srcset=\"https:\/\/www.radiopiu.net\/wordpress\/wp-content\/uploads\/2019\/12\/b43ff6b6dff74888ac0a9cd8e4406ddf-300x290.jpeg 300w, https:\/\/www.radiopiu.net\/wordpress\/wp-content\/uploads\/2019\/12\/b43ff6b6dff74888ac0a9cd8e4406ddf.jpeg 500w\" sizes=\"auto, (max-width: 180px) 100vw, 180px\" \/><\/a>NOTIZIARIO PRINCIPALE, INTERVISTA A MATTEO CAGNATI PRESIDENTE SCI CLUB VAL BIOIS<\/p>\n<p><strong>FALCADE\u00a0<\/strong><\/p>\n<p><strong>DI CLAUDIO FONTANIVE\u00a0<\/strong><\/p>\n<audio class=\"wp-audio-shortcode\" id=\"audio-108503-6\" preload=\"none\" style=\"width: 100%;\" controls=\"controls\"><source type=\"audio\/mpeg\" src=\"http:\/\/www.radiopiu.net\/wordpress\/wp-content\/uploads\/2019\/12\/sci-club-val-biois-matteo-cagnati-scade-7-dicembre-1.mp3?_=6\" \/><a href=\"http:\/\/www.radiopiu.net\/wordpress\/wp-content\/uploads\/2019\/12\/sci-club-val-biois-matteo-cagnati-scade-7-dicembre-1.mp3\">http:\/\/www.radiopiu.net\/wordpress\/wp-content\/uploads\/2019\/12\/sci-club-val-biois-matteo-cagnati-scade-7-dicembre-1.mp3<\/a><\/audio>\n<p>&nbsp;<\/p>\n<p>&nbsp;<\/p>\n<h3>MOTIVARE ALLA SICUREZZA SUL LAVORO<\/h3>\n<p><strong>SEDICO<\/strong>\u00a0 Il CATA Ambiente e Sicurezza e il Centro Consorzi propongono il seminario tecnico:\u201d Motivare alla sicurezza sul lavoro\u201d. Con l\u2019obiettivo quello di fare alcune riflessioni, analisi, dare consigli pratici ed esempi per motivare sempre di pi\u00f9 e meglio i lavoratori a lavorare in sicurezza. E&#8217; in programma domani dalle 14 alle 18 presso la Sala Convegni di Villa Patt a Sedico, aperto a tutti.\u00a0 Con la presenza di un esperto &#8211; Dott. Piercarlo Spina &#8211; e l\u2019apporto di varie esperienze &#8211; come quella del campione di tiro con l&#8217;arco Oscar De Pellegrin<\/p>\n<p>&nbsp;<\/p>\n<p>&nbsp;<\/p>\n<p>&nbsp;<\/p>\n<h3>OGGI AI MERCOLEDI&#8217; DELLA SALUTE LE MALATTIE CRONICHE<\/h3>\n<p><strong>FELTRE\u00a0<\/strong> \u00a0Per il ciclo \u201cMercoled\u00ec della Salute\u201d\u00a0 questa sera alle 18 nella sala convegni dell\u2019ospedale di Feltre si parler\u00e0 di Malattie croniche immunomediate e nuovi farmaci biotecnologici con il direttore medico dell\u2019ospedale di Feltre Marianna Lorenzoni, il direttore della Farmacia Marina Coppola, il responsabile della Unit\u00e0 operativa Malattie infiammatorie e neoplastiche intestinali Andrea Buda e Debora Zaetta infermiera specialista in malattie infiammatorie croniche intestinali. Nel corso della serata verr\u00e0 illustrato il modello organizzativo applicato alle malattie infiammatorie croniche intestinali attraverso il racconto delle figure professionali coinvolte, il valore per la persona assistita e le potenziali prospettive di cura future.<\/p>\n<p>&nbsp;<\/p>\n<p>&nbsp;<\/p>\n<p>&nbsp;<\/p>\n<h2>LEGGERE NON PASSA DI MODA, IN VALLE DEL BIOIS PROTAGONISTI I LIBRI. QUESTA SERA ALLE 20.10 ALLA RADIO<\/h2>\n<p><strong>DI GIANNI SANTOMASO<\/strong><\/p>\n<audio class=\"wp-audio-shortcode\" id=\"audio-108503-7\" preload=\"none\" style=\"width: 100%;\" controls=\"controls\"><source type=\"audio\/mpeg\" src=\"http:\/\/www.radiopiu.net\/wordpress\/wp-content\/uploads\/2019\/12\/gianni-promo.mp3?_=7\" \/><a href=\"http:\/\/www.radiopiu.net\/wordpress\/wp-content\/uploads\/2019\/12\/gianni-promo.mp3\">http:\/\/www.radiopiu.net\/wordpress\/wp-content\/uploads\/2019\/12\/gianni-promo.mp3<\/a><\/audio>\n<p>&nbsp;<\/p>\n<p>&nbsp;<\/p>\n<p>&nbsp;<\/p>\n<h3>SAN NICOLO&#8217; DOMANI SERA IN VALBELLUNA COL &#8220;MUSET&#8221;<\/h3>\n<p><strong>BORGOVALBELLUNA<\/strong> San Nicolo&#8217; alle 20 a Mel, il pi\u00f9 atteso, pi\u00f9 di Babbo Natale. Atteso anche a Sedico e Bribano per l&#8217;accensione dell&#8217;albero di Natale.<\/p>\n<p><strong>DI DAMIANO TORMEN\u00a0<\/strong><\/p>\n<audio class=\"wp-audio-shortcode\" id=\"audio-108503-8\" preload=\"none\" style=\"width: 100%;\" controls=\"controls\"><source type=\"audio\/mpeg\" src=\"http:\/\/www.radiopiu.net\/wordpress\/wp-content\/uploads\/2019\/12\/SAN-NICOLO-DAMIANO.mp3?_=8\" \/><a href=\"http:\/\/www.radiopiu.net\/wordpress\/wp-content\/uploads\/2019\/12\/SAN-NICOLO-DAMIANO.mp3\">http:\/\/www.radiopiu.net\/wordpress\/wp-content\/uploads\/2019\/12\/SAN-NICOLO-DAMIANO.mp3<\/a><\/audio>\n<h3><\/h3>\n<h3><\/h3>\n<p>&nbsp;<\/p>\n<blockquote><p>&nbsp;<\/p><\/blockquote>\n<blockquote class=\"wp-embedded-content\" data-secret=\"eC0RcnwINk\"><p><a href=\"http:\/\/www.radiopiu.net\/wordpress\/lagostiniano-alfons-quellacasa-nativo-di-larzonei-di-livinallongo-di-renato-bona\/\">L\u2019AGOSTINIANO ALFONS QUELLACASA NATIVO DI LARZONEI DI LIVINALLONGO di RENATO BONA<\/a><\/p><\/blockquote>\n<p><iframe loading=\"lazy\" title=\"&#8220;L\u2019AGOSTINIANO ALFONS QUELLACASA NATIVO DI LARZONEI DI LIVINALLONGO di RENATO BONA&#8221; &#8212; Radio Pi\u00f9\" class=\"wp-embedded-content\" sandbox=\"allow-scripts\" security=\"restricted\" style=\"position: absolute; clip: rect(1px, 1px, 1px, 1px);\" src=\"http:\/\/www.radiopiu.net\/wordpress\/lagostiniano-alfons-quellacasa-nativo-di-larzonei-di-livinallongo-di-renato-bona\/embed\/#?secret=eC0RcnwINk\" data-secret=\"eC0RcnwINk\" width=\"600\" height=\"338\" frameborder=\"0\" marginwidth=\"0\" marginheight=\"0\" scrolling=\"no\"><\/iframe><\/p>\n<h3><\/h3>\n<p>&nbsp;<\/p>\n<p>&nbsp;<\/p>\n<blockquote><p>&nbsp;<\/p><\/blockquote>\n<h3>UN MERCATINO NATALIZIO AL FIANCO DELLE ASSOCIAZIONI<\/h3>\n<p><strong><a class=\"dt-pswp-item\" href=\"http:\/\/www.radiopiu.net\/wordpress\/wp-content\/uploads\/2019\/12\/image7-1.jpeg\" data-dt-img-description=\"\" data-large_image_width=\"2448\" data-large_image_height=\"3264\"><img loading=\"lazy\" decoding=\"async\" class=\" wp-image-108521 alignleft\" src=\"http:\/\/www.radiopiu.net\/wordpress\/wp-content\/uploads\/2019\/12\/image7-1-225x300.jpeg\" alt=\"\" width=\"160\" height=\"212\" srcset=\"https:\/\/www.radiopiu.net\/wordpress\/wp-content\/uploads\/2019\/12\/image7-1-225x300.jpeg 225w, https:\/\/www.radiopiu.net\/wordpress\/wp-content\/uploads\/2019\/12\/image7-1-768x1024.jpeg 768w\" sizes=\"auto, (max-width: 160px) 100vw, 160px\" \/><\/a>VOLTAGO\u00a0<\/strong> Tutto pronto nella sala \u201cG. De Col\u201d di Voltago per il Mercatino di Natale del 7 e 8 dicembre.<br \/>\nIl fine settimana dell\u2019Immacolata vedr\u00e0 le porte dell\u2019accogliente spazio messo a disposizione dell\u2019Amministrazione Comunale aprirsi e mostrare la bravura, le capacit\u00e0 manuali e la creativit\u00e0 dei tanti che anche quest\u2019anno hanno voluto partecipare, con il loro contributo, a rendere ricco, vario e attraente questa iniziativa paesana che ormai da anni torna puntuale a inizio Avvento. Sar\u00e0 un\u2019occasione per fare un regalo per il Natale ormai alle porte, oppure per soddisfare una propria necessit\u00e0 o semplicemente per avere in casa un bell\u2019oggetto d\u2019arredo o di consumo. Creazioni in legno, cera, panno, tessuti e materiali vari e poi biscotti, torte e altre dolcezze confezionate a regola d\u2019arte saranno a disposizione seguendo questo orario: sabato 7 e domenica 8, dalle 10.30 alle 12.30 e dalle 14.30 alle 19.00. La sala \u201cG. De Col\u201d si trova a 300 m dalla chiesa parrocchiale, in direzione Rivamonte, ed \u00e8 servita da un ampio e comodo parcheggio. Il ricavato di quanto raccolto verr\u00e0 destinato alle necessit\u00e0 di vari gruppi paesani: al Gruppo Folk del P\u00f3i, alla Parrocchia, ai volontari che organizzano eventi e manifestazioni durante il corso dell\u2019anno.<\/p>\n<p>&nbsp;<\/p>\n<p>&nbsp;<\/p>\n<p>&nbsp;<\/p>\n<h2><a class=\"dt-pswp-item\" href=\"http:\/\/www.radiopiu.net\/wordpress\/wp-content\/uploads\/2019\/08\/La-Val-che-Urla-Fiammetta-Mirko.jpg\" data-dt-img-description=\"\" data-large_image_width=\"1920\" data-large_image_height=\"1080\"><img loading=\"lazy\" decoding=\"async\" class=\" wp-image-95546 alignleft\" src=\"http:\/\/www.radiopiu.net\/wordpress\/wp-content\/uploads\/2019\/08\/La-Val-che-Urla-Fiammetta-Mirko-300x169.jpg\" alt=\"\" width=\"213\" height=\"120\" srcset=\"https:\/\/www.radiopiu.net\/wordpress\/wp-content\/uploads\/2019\/08\/La-Val-che-Urla-Fiammetta-Mirko-300x169.jpg 300w, https:\/\/www.radiopiu.net\/wordpress\/wp-content\/uploads\/2019\/08\/La-Val-che-Urla-Fiammetta-Mirko-768x432.jpg 768w, https:\/\/www.radiopiu.net\/wordpress\/wp-content\/uploads\/2019\/08\/La-Val-che-Urla-Fiammetta-Mirko-1024x576.jpg 1024w, https:\/\/www.radiopiu.net\/wordpress\/wp-content\/uploads\/2019\/08\/La-Val-che-Urla-Fiammetta-Mirko.jpg 1920w\" sizes=\"auto, (max-width: 213px) 100vw, 213px\" \/><\/a>13 DICEMBRE A FIERA DI PRIMIERO, 4 GENNAIO 2020 AD AGORDO IN SALA DON TAMIS. IL &#8220;NOSTRO&#8221; FILM. DI LUCIA ZANETTIN LA VAL CHE URLA.<\/h2>\n<p><span style=\"color: #ff0000;\"><strong>AUDIO TRAILER<\/strong><\/span><\/p>\n<audio class=\"wp-audio-shortcode\" id=\"audio-108503-9\" preload=\"none\" style=\"width: 100%;\" controls=\"controls\"><source type=\"audio\/mpeg\" src=\"http:\/\/www.radiopiu.net\/wordpress\/wp-content\/uploads\/2019\/12\/TRAILER.mp3?_=9\" \/><a href=\"http:\/\/www.radiopiu.net\/wordpress\/wp-content\/uploads\/2019\/12\/TRAILER.mp3\">http:\/\/www.radiopiu.net\/wordpress\/wp-content\/uploads\/2019\/12\/TRAILER.mp3<\/a><\/audio>\n<p>&nbsp;<\/p>\n<h3>TAGLIO DEL NASTRO AD AGORDO, LA NUOVA FILIALE DELLA CASSA RURALE DOLOMITI<\/h3>\n<p><strong>AGORDO<\/strong> Venerd\u00ec 06 dicembre \u2013 ore 17:30 Inaugurazione della nuova filiale di Agordo della Cassa Rurale Dolomiti di Fassa Primiero e Belluno.\u00a0 L\u2019apertura della filiale di Agordo \u00e8 l\u2019ultimo risultato di un progetto intrapreso dalla Cassa Rurale. Questa scelta vuole migliorare progressivamente il servizio bancario, adattandolo sempre pi\u00f9 alle esigenze del nostro territorio. Oltre a servire l\u2019elevato numero di Clienti, lo sportello costituisce anche un servizio immediato alle migliaia di cittadini delle nostre localit\u00e0. Era un impegno che il Consiglio di Amministrazione aveva preso, e che ora \u00e8 stato possibile concretizzare. Per festeggiare questo evento, la cittadinanza \u00e8 invitata all\u2019inaugurazione Venerd\u00ec 06 dicembre &#8211; ore 17:30<\/p>\n<p>&nbsp;<\/p>\n<p>&nbsp;<\/p>\n<p>&nbsp;<\/p>\n<h3><a class=\"dt-pswp-item\" href=\"http:\/\/www.radiopiu.net\/wordpress\/wp-content\/uploads\/2018\/09\/appuntamenti.jpeg\" data-dt-img-description=\"\" data-large_image_width=\"800\" data-large_image_height=\"100\"><img loading=\"lazy\" decoding=\"async\" class=\"aligncenter wp-image-61958 size-full\" src=\"http:\/\/www.radiopiu.net\/wordpress\/wp-content\/uploads\/2018\/09\/appuntamenti.jpeg\" alt=\"\" width=\"800\" height=\"100\" srcset=\"https:\/\/www.radiopiu.net\/wordpress\/wp-content\/uploads\/2018\/09\/appuntamenti.jpeg 800w, https:\/\/www.radiopiu.net\/wordpress\/wp-content\/uploads\/2018\/09\/appuntamenti-300x38.jpeg 300w, https:\/\/www.radiopiu.net\/wordpress\/wp-content\/uploads\/2018\/09\/appuntamenti-768x96.jpeg 768w\" sizes=\"auto, (max-width: 800px) 100vw, 800px\" \/><\/a><\/h3>\n<h3><\/h3>\n<blockquote><p><strong>CANALE D&#8217;AGORDO<\/strong> Venerdi alle 2045 in Biblioteca a Vallada Isabella Dal Pont Bonet presenta &#8220;Natursophia&#8221;, un libro per conciliarsi con la natura imparando di nuovo ad ascoltarla assecondandone il ritmo<\/p><\/blockquote>\n<p>&nbsp;<\/p>\n<p>&nbsp;<\/p>\n<p>&nbsp;<\/p>\n<h2>SAN NICOLO&#8217; AL\u00a0<a class=\"profileLink\" href=\"https:\/\/www.facebook.com\/dersut.taibon\/?__tn__=K-R&amp;eid=ARCd5-6HVvFPluW96VPx6-IRa6j0bb5XZXSWRsH6Jn5gxVYDs5rJtTwmDEJQhzA_C_QN6a1wveQo0XfR&amp;fref=mentions&amp;__xts__%5B0%5D=68.ARBJvr2DdbHPUw4u_mPCOrn7oMDbc9YttqWhoiXlGzOdA_Er1H_xjp6RK6eEEY3vubZk4hlUiJwQdLXdsG-pPzSVx21nOIP4smTudfkW6REgDkV_F5qKf3rNzkwKFaXCB4GDU4GmbNAGqmkvwlsjTDkxfYyb2Yh7M_-MHca0ZiRery8GQ_lz-itz5MGJPIllMPTsc8brqlEI7cix\" data-hovercard=\"\/ajax\/hovercard\/page.php?id=904939246267497&amp;extragetparams=%7B%22__tn__%22%3A%22%2CdK-R-R%22%2C%22eid%22%3A%22ARCd5-6HVvFPluW96VPx6-IRa6j0bb5XZXSWRsH6Jn5gxVYDs5rJtTwmDEJQhzA_C_QN6a1wveQo0XfR%22%2C%22fref%22%3A%22mentions%22%7D\" data-hovercard-prefer-more-content-show=\"1\">Dersut Taibon<\/a><\/h2>\n<p>GIOVEDI 5 DICEMBRE&#8230; ALLE 18 FESTA E PER I PIU&#8217; PICCOLI ARRIVA SAN NICOLO&#8217;&#8230;<br \/>\nBAMBINI&#8230;. PRONTI PER INCONTRARE IL BUON BARBUTO? ORMAI DA ANNI AFFEZIONATO AL DERSUT TORNA A TAIBON CON IL SUO SORRISO BONTA&#8217; E DOLCI DONI.<\/p>\n<p><a class=\"dt-pswp-item\" href=\"http:\/\/www.radiopiu.net\/wordpress\/wp-content\/uploads\/2019\/11\/47506455_1966430863451658_7646851883667030016_n.jpg\" data-dt-img-description=\"\" data-large_image_width=\"720\" data-large_image_height=\"960\"><img loading=\"lazy\" decoding=\"async\" class=\"alignnone size-medium wp-image-108218\" src=\"http:\/\/www.radiopiu.net\/wordpress\/wp-content\/uploads\/2019\/11\/47506455_1966430863451658_7646851883667030016_n-225x300.jpg\" alt=\"\" width=\"225\" height=\"300\" srcset=\"https:\/\/www.radiopiu.net\/wordpress\/wp-content\/uploads\/2019\/11\/47506455_1966430863451658_7646851883667030016_n-225x300.jpg 225w, https:\/\/www.radiopiu.net\/wordpress\/wp-content\/uploads\/2019\/11\/47506455_1966430863451658_7646851883667030016_n.jpg 720w\" sizes=\"auto, (max-width: 225px) 100vw, 225px\" \/><\/a><a class=\"dt-pswp-item\" href=\"http:\/\/www.radiopiu.net\/wordpress\/wp-content\/uploads\/2019\/11\/47577069_10218433766222304_6412096215390879744_n.jpg\" data-dt-img-description=\"\" data-large_image_width=\"720\" data-large_image_height=\"960\"><img loading=\"lazy\" decoding=\"async\" class=\"alignnone size-medium wp-image-108219\" src=\"http:\/\/www.radiopiu.net\/wordpress\/wp-content\/uploads\/2019\/11\/47577069_10218433766222304_6412096215390879744_n-225x300.jpg\" alt=\"\" width=\"225\" height=\"300\" srcset=\"https:\/\/www.radiopiu.net\/wordpress\/wp-content\/uploads\/2019\/11\/47577069_10218433766222304_6412096215390879744_n-225x300.jpg 225w, https:\/\/www.radiopiu.net\/wordpress\/wp-content\/uploads\/2019\/11\/47577069_10218433766222304_6412096215390879744_n.jpg 720w\" sizes=\"auto, (max-width: 225px) 100vw, 225px\" \/><\/a><\/p>\n<p>&nbsp;<\/p>\n<p>&nbsp;<\/p>\n<p>&nbsp;<\/p>\n<p>&nbsp;<\/p>\n<h3><a class=\"dt-pswp-item\" href=\"http:\/\/www.radiopiu.net\/wordpress\/wp-content\/uploads\/2019\/11\/76695063_2395894000740298_6989106160867475456_o.jpg\" data-dt-img-description=\"\" data-large_image_width=\"687\" data-large_image_height=\"960\"><img loading=\"lazy\" decoding=\"async\" class=\" wp-image-107894 alignleft\" src=\"http:\/\/www.radiopiu.net\/wordpress\/wp-content\/uploads\/2019\/11\/76695063_2395894000740298_6989106160867475456_o-215x300.jpg\" alt=\"\" width=\"153\" height=\"213\" srcset=\"https:\/\/www.radiopiu.net\/wordpress\/wp-content\/uploads\/2019\/11\/76695063_2395894000740298_6989106160867475456_o-215x300.jpg 215w, https:\/\/www.radiopiu.net\/wordpress\/wp-content\/uploads\/2019\/11\/76695063_2395894000740298_6989106160867475456_o.jpg 687w\" sizes=\"auto, (max-width: 153px) 100vw, 153px\" \/><\/a><\/h3>\n<h3><\/h3>\n<h3>KRAMPUS, IL RITORNO PER IL TERZO ANNO NEL RICORDO DI DON STEFANO PONTIL<\/h3>\n<p><strong>VOLTAGO<\/strong> Per il terzo anno ritornano i Krampus in piazza a Frassen\u00e8. Domenica 15 DICEMBRE alle 19 e per la prima volta sar\u00e0 disponibile anche l&#8217;abbigliamento dei Krampus. Presentazione dell&#8217;evento alla radio con Valther Da Campo del gruppo giovani del paese.<\/p>\n<p>&nbsp;<\/p>\n<p>&nbsp;<\/p>\n<audio class=\"wp-audio-shortcode\" id=\"audio-108503-10\" preload=\"none\" style=\"width: 100%;\" controls=\"controls\"><source type=\"audio\/mpeg\" src=\"http:\/\/www.radiopiu.net\/wordpress\/wp-content\/uploads\/2019\/12\/WALTHER-DA-CAMPO.mp3?_=10\" \/><a href=\"http:\/\/www.radiopiu.net\/wordpress\/wp-content\/uploads\/2019\/12\/WALTHER-DA-CAMPO.mp3\">http:\/\/www.radiopiu.net\/wordpress\/wp-content\/uploads\/2019\/12\/WALTHER-DA-CAMPO.mp3<\/a><\/audio>\n<p>&nbsp;<\/p>\n<p>&nbsp;<\/p>\n<p>&nbsp;<\/p>\n<p>&nbsp;<\/p>\n<p>&nbsp;<\/p>\n<h2><span style=\"color: #ff0000;\"><a class=\"dt-pswp-item\" href=\"http:\/\/www.radiopiu.net\/wordpress\/wp-content\/uploads\/2019\/11\/image003.jpg\" data-dt-img-description=\"\" data-large_image_width=\"664\" data-large_image_height=\"332\"><img loading=\"lazy\" decoding=\"async\" class=\"size-medium wp-image-107663 alignleft\" src=\"http:\/\/www.radiopiu.net\/wordpress\/wp-content\/uploads\/2019\/11\/image003-300x150.jpg\" alt=\"\" width=\"300\" height=\"150\" srcset=\"https:\/\/www.radiopiu.net\/wordpress\/wp-content\/uploads\/2019\/11\/image003-300x150.jpg 300w, https:\/\/www.radiopiu.net\/wordpress\/wp-content\/uploads\/2019\/11\/image003.jpg 664w\" sizes=\"auto, (max-width: 300px) 100vw, 300px\" \/><\/a>L&#8217;EVENTO&#8230; UN LIBRO PER 40 ANNI<\/span><\/h2>\n<p><strong>ALLEGH<\/strong>E Sabato 21 dicembre alle 16 in sala Antonio Franceschini ad Alleghe sar\u00e0 presentato il nuovo libro &#8220;Sci Club Alleghe, 40 anni di sport&#8221;. Sar\u00e0 il giorno della festa per i 40 anni di attivit\u00e0 del sodalizio.<\/p>\n<p>&nbsp;<\/p>\n<p>&nbsp;<\/p>\n<p>&nbsp;<\/p>\n<p>&nbsp;<\/p>\n<p>&nbsp;<\/p>\n<h3 align=\"JUSTIFY\">DUE DONNE, UNO SPETTACOLO MERAVIGLIOSO<\/h3>\n<p align=\"JUSTIFY\"><strong>AGORDO<\/strong> Carla Taglietti e Valentina Turrini, in arte Le Strologhe, sabato 7 dicembre\u00a0 alle 15 porteranno ad Agordo uno spettacolo con racconti, canti e ricordi. Organizzato da Ad Agordo Proloco, lo spettacolo avr\u00e0 luogo all&#8217;auditorium Savio. Al termine Le Strologhe\u00a0 accompagneranno con la loro musica il corteo fino alla casetta di Babbo Natale per la merenda. Le due donne dal 2005 portano in giro per l&#8217;Italia narrazioni, spettacoli e laboratori.<\/p>\n<p>&nbsp;<\/p>\n<p>&nbsp;<\/p>\n<p><strong>LA VALLE<\/strong> Sot al Tamer serate dedicate ai viaggi, sport e avventura con filmati audivisivi. Nella sala Don Valmassoni (ex caselo) con entrata libera. 6 DICEMBRE alle 20.15 Gianni De Zaiacomo; 13 dicembre William Da Roit; 20 dicembre Silvano De Zaiacomo<\/p>\n<p>&nbsp;<\/p>\n<h3>LA MOSTRA FOTOGRAFICA DI LUCA CHIZZALI<\/h3>\n<p><strong>VALLADA<\/strong> La scuola dell&#8217;infanzia fino\u00a0 al 16 dicembre proporr\u00e0 &#8220;Stiamo partendo verso un mondo diritto&#8221;, alla scoperta dei diritti dell&#8217;infanzia. La mostra sar\u00e0 allestita nei locali della Biblioteca, aperta tutti i giorni dal lunedi al venerdi su prenotazione (340 1212646 oppure 3289739975). Nel fine settimana aperta, sabato 7 e 14 dicembre dalle 15 alle 17, domenica 8 e 15 dicembre dalle 10.30 alle 12.30.<\/p>\n<p>&nbsp;<\/p>\n<p>&nbsp;<\/p>\n<p>&nbsp;<\/p>\n<p><a class=\"dt-pswp-item\" href=\"http:\/\/www.radiopiu.net\/wordpress\/wp-content\/uploads\/2018\/09\/sport.jpg\" data-dt-img-description=\"\" data-large_image_width=\"800\" data-large_image_height=\"100\"><img loading=\"lazy\" decoding=\"async\" class=\"wp-image-60761 size-full aligncenter\" src=\"http:\/\/www.radiopiu.net\/wordpress\/wp-content\/uploads\/2018\/09\/sport.jpg\" alt=\"\" width=\"800\" height=\"100\" srcset=\"https:\/\/www.radiopiu.net\/wordpress\/wp-content\/uploads\/2018\/09\/sport.jpg 800w, https:\/\/www.radiopiu.net\/wordpress\/wp-content\/uploads\/2018\/09\/sport-300x38.jpg 300w, https:\/\/www.radiopiu.net\/wordpress\/wp-content\/uploads\/2018\/09\/sport-768x96.jpg 768w\" sizes=\"auto, (max-width: 800px) 100vw, 800px\" \/><\/a><\/p>\n<p>&nbsp;<\/p>\n<blockquote class=\"wp-embedded-content\" data-secret=\"fnodTvQ5CW\"><p><a href=\"https:\/\/www.fisiveneto.com\/2019\/12\/03\/grande-veneto-in-gardena-tre-nelle-10-nel-superg-fis\/\">Grande Veneto in Gardena: tre nelle 10 nel superG Fis<\/a><\/p><\/blockquote>\n<p><iframe loading=\"lazy\" title=\"&#8220;Grande Veneto in Gardena: tre nelle 10 nel superG Fis&#8221; &#8212; Fisi Veneto\" class=\"wp-embedded-content\" sandbox=\"allow-scripts\" security=\"restricted\" style=\"position: absolute; clip: rect(1px, 1px, 1px, 1px);\" src=\"https:\/\/www.fisiveneto.com\/2019\/12\/03\/grande-veneto-in-gardena-tre-nelle-10-nel-superg-fis\/embed\/#?secret=fnodTvQ5CW\" data-secret=\"fnodTvQ5CW\" width=\"600\" height=\"338\" frameborder=\"0\" marginwidth=\"0\" marginheight=\"0\" scrolling=\"no\"><\/iframe><\/p>\n<p>&nbsp;<\/p>\n<h2>IL LE VILLE PAREGGIA E PERDE LA TESTA DELLA CLASSIFICA NEL CAMPIONATO OPEN CSI<\/h2>\n<p><a class=\"dt-pswp-item\" href=\"http:\/\/www.radiopiu.net\/wordpress\/wp-content\/uploads\/2016\/09\/csiscritta-web.jpg\" data-dt-img-description=\"\" data-large_image_width=\"300\" data-large_image_height=\"340\"><img loading=\"lazy\" decoding=\"async\" class=\" wp-image-23030 alignleft\" src=\"http:\/\/www.radiopiu.net\/wordpress\/wp-content\/uploads\/2016\/09\/csiscritta-web-265x300.jpg\" alt=\"\" width=\"90\" height=\"102\" \/><\/a>Sabato sera il Le Ville non \u00e8 riuscito ad andare oltre il pareggio contro il Bar Quadrifoglio nella partita valida per il Campionato Open CSI. La squadra di Agordo conquista un punto e perde il primo posto in classifica dopo che il Cheis ha vinto. Nonostante tutto un ottimo inizio di stagione per la squadra allenata da Paolo Valcozzena. Intanto la prossima settimana \u00e8 in forse la sfida contro la Farrentina. Le Ville che opterebbe per spostare la partita viste le molte assenze.<\/p>\n<p><strong>MATTEO CHISSALE&#8217; GIOCATORE DEL LE VILLE<\/strong><\/p>\n<audio class=\"wp-audio-shortcode\" id=\"audio-108503-11\" preload=\"none\" style=\"width: 100%;\" controls=\"controls\"><source type=\"audio\/mpeg\" src=\"http:\/\/www.radiopiu.net\/wordpress\/wp-content\/uploads\/2019\/12\/MATTEO-CHISSA-1-DICEMBRE.mp3?_=11\" \/><a href=\"http:\/\/www.radiopiu.net\/wordpress\/wp-content\/uploads\/2019\/12\/MATTEO-CHISSA-1-DICEMBRE.mp3\">http:\/\/www.radiopiu.net\/wordpress\/wp-content\/uploads\/2019\/12\/MATTEO-CHISSA-1-DICEMBRE.mp3<\/a><\/audio>\n<p>&nbsp;<\/p>\n<p>&nbsp;<\/p>\n<h2>ATTIVAMENTE AGORDINO VA A MEDAGLIA ANCHE A MONTEBELLUNA<\/h2>\n<p><a class=\"dt-pswp-item\" href=\"http:\/\/www.radiopiu.net\/wordpress\/wp-content\/uploads\/2019\/12\/ATTIVAMENTE-AGORDINO-MONTEBELLUNA-1-DICEMBRE.jpeg\" data-dt-img-description=\"\" data-large_image_width=\"1600\" data-large_image_height=\"898\"><img loading=\"lazy\" decoding=\"async\" class=\"size-medium wp-image-108540 alignleft\" src=\"http:\/\/www.radiopiu.net\/wordpress\/wp-content\/uploads\/2019\/12\/ATTIVAMENTE-AGORDINO-MONTEBELLUNA-1-DICEMBRE-300x168.jpeg\" alt=\"\" width=\"300\" height=\"168\" srcset=\"https:\/\/www.radiopiu.net\/wordpress\/wp-content\/uploads\/2019\/12\/ATTIVAMENTE-AGORDINO-MONTEBELLUNA-1-DICEMBRE-300x168.jpeg 300w, https:\/\/www.radiopiu.net\/wordpress\/wp-content\/uploads\/2019\/12\/ATTIVAMENTE-AGORDINO-MONTEBELLUNA-1-DICEMBRE-768x431.jpeg 768w, https:\/\/www.radiopiu.net\/wordpress\/wp-content\/uploads\/2019\/12\/ATTIVAMENTE-AGORDINO-MONTEBELLUNA-1-DICEMBRE-1024x575.jpeg 1024w, https:\/\/www.radiopiu.net\/wordpress\/wp-content\/uploads\/2019\/12\/ATTIVAMENTE-AGORDINO-MONTEBELLUNA-1-DICEMBRE.jpeg 1600w\" sizes=\"auto, (max-width: 300px) 100vw, 300px\" \/><\/a>Si \u00e8 disputata domenica scorsa la prima giornata del Circuito Swimteen nella piscina comunale di Montebelluna in provincia di Treviso. Tra le squadre partecipanti anche un nutrito gruppo di Attivamente Agordino che ha ottenuto dei buoni risultati. Nei 50 stile libero cadetti vittoria per Michael Moretti. Sempre nella stessa disciplina primo posto per Nicol\u00f2 Fadig\u00e0 nella categoria seniores. Marco Candiani vince la gara dei 100 dorso seniores. Primo posto anche per Edvin Helmi nei 50 rana e secondo nei 50 ostacoli juniores. Michael Moretti conquista l&#8217;oro anche nei 100 stile libero cadetti. Tra i maschi da segnalare il primo posto nella staffetta 4 x 50 stile libero con Nicol\u00f2 Fadig\u00e0, Marco Candiani, Edvin Helmi e Michael Moretti. Gli tessi atleti conquistano anche l&#8217;argento nei 4 x 25 torpedo. In abito femminile primo e terzo posto per Attivamente Agordino nei 100 dorso juniores, rispettivamente con Zaira De Col\u00f2 e Eleonora Del Din. Sempre nei 100 dorso, ma nella categoria cadetti, Annalisa Nardi appende al collo la medaglia d&#8217;oro. Arianna Sopplesa invece vince la categoria juniores dei 50 rana mentre nei cadetti due atlete della squadra agordina salgono sul podio, primo posto per Anna Vianello e terzo per Sara Candiani. Nei 100 stile libero arriva un bronzo per Arianna Sopplesa tra le juniores. La stessa Soppelsa conquista un&#8217;altro terzo posto nei 50 ostacoli della stessa categoria mentre Annalisa Nardi arriva terza nei cadetti. Un ottimo fine settimana per i giovani atleti di Attivamente Agordino che, oltre ai risultati elencati, sono riusciti a fare bella figura anche con altri nuotatori.<\/p>\n<p>&nbsp;<\/p>\n<p>&nbsp;<\/p>\n<p>&nbsp;<\/p>\n<h3>\u00a0La 15. Santa Klaus Running di Belluno parla anche irlandese. Al via domenica Said Boudalia, Cagnati e Polesana<\/h3>\n<p><strong><a class=\"dt-pswp-item\" href=\"http:\/\/www.radiopiu.net\/wordpress\/wp-content\/uploads\/2019\/12\/a6cb9c87-e725-4ab0-a31d-bc5ba7c74e32.jpeg\" data-dt-img-description=\"\" data-large_image_width=\"1280\" data-large_image_height=\"961\"><img loading=\"lazy\" decoding=\"async\" class=\" wp-image-108518 alignleft\" src=\"http:\/\/www.radiopiu.net\/wordpress\/wp-content\/uploads\/2019\/12\/a6cb9c87-e725-4ab0-a31d-bc5ba7c74e32-300x225.jpeg\" alt=\"\" width=\"275\" height=\"207\" srcset=\"https:\/\/www.radiopiu.net\/wordpress\/wp-content\/uploads\/2019\/12\/a6cb9c87-e725-4ab0-a31d-bc5ba7c74e32-300x225.jpeg 300w, https:\/\/www.radiopiu.net\/wordpress\/wp-content\/uploads\/2019\/12\/a6cb9c87-e725-4ab0-a31d-bc5ba7c74e32-768x577.jpeg 768w, https:\/\/www.radiopiu.net\/wordpress\/wp-content\/uploads\/2019\/12\/a6cb9c87-e725-4ab0-a31d-bc5ba7c74e32-1024x769.jpeg 1024w, https:\/\/www.radiopiu.net\/wordpress\/wp-content\/uploads\/2019\/12\/a6cb9c87-e725-4ab0-a31d-bc5ba7c74e32.jpeg 1280w\" sizes=\"auto, (max-width: 275px) 100vw, 275px\" \/><\/a>BELLUNO<\/strong> \u00a0Countdown iniziato per la Santa Klaus Running di Belluno che domenica 8 dicembre spegne 15 candeline.\u00a0 E festeggia parlando sempre pi\u00f9 lingue straniere.\u00a0 Al via, infatti, ci saranno atleti anche di 5 paesi diversi dall\u2019Italia: Austria, Belgio, Usa, Svizzera e Irlanda. E si amplia anche la zona di provenienza dei partecipanti alla corsa pi\u00f9 allegra dell\u2019anno. Sono una ventina le province italiane rappresentate, oltre alle venete. I pi\u00f9 lontani arrivano da Salerno, Lecce, Bolzano, Milano, Verona, dalle vicine province del Friuli. Sono oltre 200 i volontari che ruotano attorno all\u2019organizzazione della Santa Klaus Running che si appresta a registrare numeri da record. Partecipazioni importati come quelle dei campioni Luca Cagnati, Federico Polesana e Said Boudalia, iscritti anche dall\u2019estero e scolaresche persino dalla Val Pusteria. Le iscrizioni chiuderanno alla mezzanotte del 4 dicembre per poi riaprire direttamente in piazza dei Martiri sabato dalle 17 alle 20 e domenica dalle 8.00 alle 9.45.<\/p>\n<p>&nbsp;<\/p>\n<p>&nbsp;<\/p>\n<p>&nbsp;<\/p>\n<blockquote><p>&nbsp;<\/p><\/blockquote>\n<h3>TORNEO DEGLI ANGELI<\/h3>\n<p>Domenica prossima di nuovo in campo per la seconda giornata del Memorial.<\/p>\n<p><strong>I RISULTATI DELLA PRIMA GIORNATA<\/strong><\/p>\n<p>Scarsenal \u2013 Le Ville 4-6, Repubblica Cioka \u2013 Vem Alimentari 6-4, Break Time \u2013 Nuove Leve MC 4-6, Vem Alimentari \u2013 Le Ville 1-6, F.C. Kosova \u2013 Gli Extra 3-1, Break Time \u2013 U.S. Roe 4-1, F.C. Kosova \u2013 Bar Ristorante Da Carla 11-5, Voltago \u2013 Scarsenal 15-3, Zum Brillenbar \u2013 Nuove Leve MC 3-4, The Good Fellas \u2013 Bar Ristorante Da Carla 12-1, Repubblica Cioka \u2013 Voltago 10-4<\/p>\n<p>&nbsp;<\/p>\n<p>&nbsp;<\/p>\n<p>&nbsp;<\/p>\n<p>&nbsp;<\/p>\n<p><a class=\"dt-pswp-item\" href=\"http:\/\/www.radiopiu.net\/wordpress\/wp-content\/uploads\/2018\/09\/WhatsApp-Image-2018-09-20-at-16.04.06.jpeg\" data-dt-img-description=\"\" data-large_image_width=\"800\" data-large_image_height=\"100\"><img loading=\"lazy\" decoding=\"async\" class=\"wp-image-61378 size-full aligncenter\" src=\"http:\/\/www.radiopiu.net\/wordpress\/wp-content\/uploads\/2018\/09\/WhatsApp-Image-2018-09-20-at-16.04.06.jpeg\" alt=\"\" width=\"800\" height=\"100\" srcset=\"https:\/\/www.radiopiu.net\/wordpress\/wp-content\/uploads\/2018\/09\/WhatsApp-Image-2018-09-20-at-16.04.06.jpeg 800w, https:\/\/www.radiopiu.net\/wordpress\/wp-content\/uploads\/2018\/09\/WhatsApp-Image-2018-09-20-at-16.04.06-300x38.jpeg 300w, https:\/\/www.radiopiu.net\/wordpress\/wp-content\/uploads\/2018\/09\/WhatsApp-Image-2018-09-20-at-16.04.06-768x96.jpeg 768w\" sizes=\"auto, (max-width: 800px) 100vw, 800px\" \/><\/a><\/p>\n<p>&nbsp;<\/p>\n<p>&nbsp;<\/p>\n<p><center><b>Mercoledi 4<\/b><\/center><b>Tempo atteso: <\/b>Tempo ben soleggiato con cielo terso, aria nitida ed ottima visibilit\u00e0. L&#8217;insidia nebbia dovrebbe essere assente, eccetto qualche locale banco nel catino bellunese, specie in prossimit\u00e0 del Piave. Clima notturno freddo con diffuse gelate nelle valli, assieme a una crescente inversione termica. Di giorno mite in quota e fresco nelle valli.<br \/>\n<b>Precipitazioni: <\/b>Assenti (0%).<br \/>\n<b>Temperature: <\/b>In generale rialzo in quota ed in lieve diminuzione nelle valli sotto i 1000\/1200 m, dove il gelo notturno sar\u00e0 diffuso per forte irraggiamento notturno e presenza di aria assai secca (minime da -1\/-3\u00b0C nei fondovalle prealpini ai -4\/-6\u00b0C nelle valli dolomitiche innevate). Sono previsti massimi di 6\/8\u00b0C nelle conche prealpine e di 3\/5\u00b0C a 1000\/1200 m, di -1\/2\u00b0C nei settori in ombra. Sulle Prealpi a 1500 m min -2\u00b0C max 2\u00b0C, a 2000 m min -2\u00b0C max 1\u00b0C, sulle Dolomiti a 2000 m min -2\u00b0C max 1\u00b0C, a 3000 m min -3\u00b0C max -2\u00b0C.<br \/>\n<b>Venti: <\/b>Nelle valli deboli di direzione variabile, a tratti e localmente moderati per brezze di monte nei posti solitamente ventilati di notte; in quota perlopi\u00f9 deboli da Nord-Est al mattino, da Ovest Sud-Ovest al pomeriggio, a 5-10 km\/h a 2000 m, a 5-10 km\/h a 3000 m.<\/p>\n<hr \/>\n<p><center><b>Giovedi 5<\/b><\/center><b>Tempo atteso: <\/b>Tempo ben soleggiato con cielo terso, aria nitida ed ottima visibilit\u00e0. L&#8217;insidia nebbia nei fondovalle prealpini dovrebbe aumentare leggermente, ma rimarr\u00e0 molto localizzata e limitata alle ore notturne. Clima notturno freddo nelle valli, dove l&#8217;inversione termica si accentuer\u00e0, pi\u00f9 mite in quota. In giornata anormalmente mite in alta quota.<br \/>\n<b>Precipitazioni: <\/b>Assenti (0%).<br \/>\n<b>Temperature: <\/b>Minime ancora in rialzo in quota, in ulteriore lieve calo nei fondovalle prealpini e pressoch\u00e9 stazionarie nelle valli dolomitiche (minime di -2\/-4\u00b0C nei fondovalle prealpini). Massime in aumento in quota e nelle valli dolomitiche, stazionarie nei fondovalle prealpini. Sono previsti massimi di 5\/7\u00b0C nelle conche prealpine e di 4\/6\u00b0C a 1000\/1200 m, di 1\/3\u00b0C nei settori in ombra. Sulle Prealpi a 1500 m min 2\u00b0C max 4\u00b0C, a 2000 m min 1\u00b0C max 3\u00b0C, sulle Dolomiti a 2000 m min 1\u00b0C max 3\u00b0C, a 3000 m min -3\u00b0C max -1\u00b0C.<br \/>\n<b>Venti: <\/b>Nelle valli deboli di direzione variabile, a tratti e localmente moderati per brezze di monte nei posti solitamente ventilati di notte; in quota perlopi\u00f9 deboli da Sud Sud-Ovest, a 5-10 km\/h a 2000 m, a 5-15 km\/h a 3000 m.<\/p>\n<hr \/>\n<p><center><b>Venerdi 6<\/b><\/center>Tempo ben soleggiato con cielo terso, aria nitida ed ottima visibilit\u00e0. L&#8217;insidia nebbia nei fondovalle prealpini sar\u00e0 sempre molto localizzata e limitata alle ore notturne. Temperature in lieve calo a tutte le quote con riduzione dell&#8217;inversione termica nelle valli. Venti deboli da Ovest Sud-Ovest a 3000 m e da Nord-Est a 1500\/2000 m, perlopi\u00f9 deboli di direzione variabile nelle valli.<\/p>\n<hr \/>\n<p><center><b>Sabato 7<\/b><\/center>Tempo stabile con cielo parzialmente nuvoloso per velature, a tratti anche coperto da nubi medio-alte. Maggiormente soleggiato al pomeriggio. L&#8217;insidia nebbia nei fondovalle prealpini durante le ore pi\u00f9 fredde aumenter\u00e0 un po&#8217; per maggiore umidit\u00e0 nei bassi strati. Temperature in generale calo, ad eccezione di un leggero aumento delle minime nelle valli. Venti deboli\/moderati da Nord-Ovest in quota, perlopi\u00f9 deboli di direzione variabile nelle valli. Previsore: R.l.Th.<\/p>\n<p>&nbsp;<\/p>\n","protected":false},"excerpt":{"rendered":"<p>&nbsp; &nbsp; IERI: Riaperto Passo Fedaia da Capanna Bill (Rocca Pietore)\u00a0 &nbsp; VIGILI DEL FUOCO&#8230;. IMPEGNO E NUMERI NEL GIORNO DELLA LORO PROTETTRICE &nbsp; &nbsp; L&#8217;AUTO IN UN CANALE, A BORDO ANGELO DALLA FAVERA. MANCAVA DAL 17 NOVEMBRE L&#8217;auto di Angelo Dalla Favera \u00e8 stata recuperato nel pomeriggio dai vigili del fuoco in un canale&hellip;<\/p>\n","protected":false},"author":1,"featured_media":108571,"comment_status":"closed","ping_status":"closed","sticky":false,"template":"","format":"standard","meta":{"_monsterinsights_skip_tracking":false,"_monsterinsights_sitenote_active":false,"_monsterinsights_sitenote_note":"","_monsterinsights_sitenote_category":0,"footnotes":""},"categories":[1,86],"tags":[],"class_list":["post-108503","post","type-post","status-publish","format-standard","has-post-thumbnail","hentry","category-senza-categoria","category-gr","category-1","category-86","description-off"],"img_url":"https:\/\/www.radiopiu.net\/wordpress\/wp-content\/uploads\/2019\/12\/WhatsApp-Image-2019-12-03-at-18.12.51.jpeg","_links":{"self":[{"href":"https:\/\/www.radiopiu.net\/wordpress\/wp-json\/wp\/v2\/posts\/108503","targetHints":{"allow":["GET"]}}],"collection":[{"href":"https:\/\/www.radiopiu.net\/wordpress\/wp-json\/wp\/v2\/posts"}],"about":[{"href":"https:\/\/www.radiopiu.net\/wordpress\/wp-json\/wp\/v2\/types\/post"}],"author":[{"embeddable":true,"href":"https:\/\/www.radiopiu.net\/wordpress\/wp-json\/wp\/v2\/users\/1"}],"replies":[{"embeddable":true,"href":"https:\/\/www.radiopiu.net\/wordpress\/wp-json\/wp\/v2\/comments?post=108503"}],"version-history":[{"count":0,"href":"https:\/\/www.radiopiu.net\/wordpress\/wp-json\/wp\/v2\/posts\/108503\/revisions"}],"wp:featuredmedia":[{"embeddable":true,"href":"https:\/\/www.radiopiu.net\/wordpress\/wp-json\/wp\/v2\/media\/108571"}],"wp:attachment":[{"href":"https:\/\/www.radiopiu.net\/wordpress\/wp-json\/wp\/v2\/media?parent=108503"}],"wp:term":[{"taxonomy":"category","embeddable":true,"href":"https:\/\/www.radiopiu.net\/wordpress\/wp-json\/wp\/v2\/categories?post=108503"},{"taxonomy":"post_tag","embeddable":true,"href":"https:\/\/www.radiopiu.net\/wordpress\/wp-json\/wp\/v2\/tags?post=108503"}],"curies":[{"name":"wp","href":"https:\/\/api.w.org\/{rel}","templated":true}]}}