{"id":108575,"date":"2019-12-04T05:34:33","date_gmt":"2019-12-04T04:34:33","guid":{"rendered":"http:\/\/www.radiopiu.net\/wordpress\/?p=108575"},"modified":"2019-12-04T05:55:56","modified_gmt":"2019-12-04T04:55:56","slug":"lagostiniano-alfons-quellacasa-nativo-di-larzonei-di-livinallongo-di-renato-bona","status":"publish","type":"post","link":"https:\/\/www.radiopiu.net\/wordpress\/lagostiniano-alfons-quellacasa-nativo-di-larzonei-di-livinallongo-di-renato-bona\/","title":{"rendered":"L\u2019AGOSTINIANO ALFONS QUELLACASA NATIVO DI LARZONEI DI LIVINALLONGO di RENATO BONA"},"content":{"rendered":"<p><a class=\"dt-pswp-item\" href=\"http:\/\/www.radiopiu.net\/wordpress\/wp-content\/uploads\/2019\/12\/78546341_1350082775164235_7400266012928507904_n.jpg\" data-dt-img-description=\"\" data-large_image_width=\"564\" data-large_image_height=\"391\"><img loading=\"lazy\" decoding=\"async\" class=\"size-medium wp-image-108576 alignleft\" src=\"http:\/\/www.radiopiu.net\/wordpress\/wp-content\/uploads\/2019\/12\/78546341_1350082775164235_7400266012928507904_n-300x208.jpg\" alt=\"\" width=\"300\" height=\"208\" srcset=\"https:\/\/www.radiopiu.net\/wordpress\/wp-content\/uploads\/2019\/12\/78546341_1350082775164235_7400266012928507904_n-300x208.jpg 300w, https:\/\/www.radiopiu.net\/wordpress\/wp-content\/uploads\/2019\/12\/78546341_1350082775164235_7400266012928507904_n.jpg 564w\" sizes=\"auto, (max-width: 300px) 100vw, 300px\" \/><\/a>LIVINALLONGO Va riconosciuto a \u201cLe nuove del Pais\u201d, bollettino parrocchiale del Decanato di Livinallongo del Col di Lana, di aver sempre concesso largo spazio anche a servizi di elevata qualit\u00e0 culturale. Portiamo ad esempio quello che \u00e8 stato dedicato ad una importante figura di religioso quale \u00e8 stato padre Alfons Quellacasa, originario di Larzonei del comune bellunese che si richiama al Col di Lana. In apertura del servizio viene precisato che \u201cNell\u2019anno del Giubileo dei duecento anni dal 1809, lo storico della Diocesi di Bolzano-Bressanone, prof. don Josef Gelmi, ha raccolto in un libro le personalit\u00e0 sacerdotali pi\u00f9 rilevanti dell\u2019antica Diocesi del Tirolo\u2026 ricordando coloro che hanno contribuito alla storia del Tirolo\u2026\u201d. Aperta dalla storia del santo vescovo e martire Cassiano, patrono della Diocesi e chiusa col vescovo Wilhelm Egger, morto nell\u2019agosto del 2008, passando per il cardinale Niccol\u00e0 Cusano, l\u2019opera di Gelmi si sofferma anche sulle vallate ladine citando il santo missionario Giuseppe Freinademetz ed il frate francescano Markus Ferdigg da Rina, \u201capostolo tra i poveri\u201d, morto nel 2004; per la Val d\u2019Ampezzo vengono ricordati il vicario generale Luigi Pompanin \u201cche larga parte ebbe anche nel periodo delle Opzioni durante il Terzo Reich\u201d, e il musicista Angelo Alver\u00e0, direttore del coro e dell\u2019orchestra della cattedrale di Bressanone <a class=\"dt-pswp-item\" href=\"http:\/\/www.radiopiu.net\/wordpress\/wp-content\/uploads\/2019\/12\/78145655_1218003898588408_6457573626928431104_n.jpg\" data-dt-img-description=\"\" data-large_image_width=\"675\" data-large_image_height=\"703\"><img loading=\"lazy\" decoding=\"async\" class=\"size-medium wp-image-108577 alignright\" src=\"http:\/\/www.radiopiu.net\/wordpress\/wp-content\/uploads\/2019\/12\/78145655_1218003898588408_6457573626928431104_n-288x300.jpg\" alt=\"\" width=\"288\" height=\"300\" srcset=\"https:\/\/www.radiopiu.net\/wordpress\/wp-content\/uploads\/2019\/12\/78145655_1218003898588408_6457573626928431104_n-288x300.jpg 288w, https:\/\/www.radiopiu.net\/wordpress\/wp-content\/uploads\/2019\/12\/78145655_1218003898588408_6457573626928431104_n.jpg 675w\" sizes=\"auto, (max-width: 288px) 100vw, 288px\" \/><\/a>per tre decenni, mancato nel 1978. Per la vallata agordina che comprende Livinallongo spazio a padre Alfons Quellacasa, agostiniano a Novacella che \u201c\u00e8 stato davvero uno dei personaggi del Tirolo pi\u00f9 originali del suo tempo\u201d. Quellacasa nato a Larzonei di Livinallongo il 3 marzo 1843, frequent\u00f2 a Bressanone le elementari di lingua tedesca e le medie. Una curiosit\u00e0 riportata da\u201dLe nuove del Pais\u201d: \u201cSebbene nei primi tempi fosse uno dei peggiori allievi, gi\u00e0 in quinta classe era il terzo per media di voti, ed in settima uno dei migliori\u201d. Un po\u2019 di storia del personaggio: Durante la guerra del 1866 difese come militare, inquadrato tra le linee d\u2019ufficio, il fronte meridionale, guadagnando 35 corone austriache al giorno (\u201cnon ho mai guadagnato tanto denaro in via mia come in quel tempo\u2026\u201d). Nel 1867 entra a far parte degli Agostiniani di Novacella ed il 1. ottobre 1871 riceve l\u2019ordinazione sacerdotale. Tra il 1872 ed il 1874 fu cooperatore a Valdaora e poi venne nominato supplente per i corsi di storia naturale nel ginnasio di Bressanone, chiamato dal superiore padre Domenico Irsara. Dal 1875 al 1878 studi\u00f2 all\u2019Universit\u00e0 di Innsbruck. Ricevuto il magistero per l\u2019insegnamento della storia, dal 1878 e fino al 1914 dunque per ben 7 lustri tenne ininterrottamente la cattedra al ginnasio degli Agostiniani di Bressanone; insegn\u00f2 anche matematica, italiano, religione, bella scrittura. Mor\u00ec a Novacella l\u201911 aprile 1913. Un suo allievo, Josef Weingartnmer poi sacerdote, storico dell\u2019arte &#8211; anch\u2019egli citato nel libro di Gelmi &#8211; ha ricordato di lui: \u201cDurante l\u2019ora di religione Quellacasa manifestava in maniera ancora pi\u00f9 evidente, se mai si potesse, la sua semplicit\u00e0 e la sua religiosit\u00e0 in maniera piena e totale, che si esprimeva in osservazioni esatte e profonde\u2026\u201d. NELLE FOTO (Assunta De Bona e riproduzione da \u201cLe nuove del Pais): immagine sbiadita di padre Alfons Quellacasa; splendido scorcio di Larzonei di Livinallongo del Col di Lana in provincia di Belluno.<\/p>\n","protected":false},"excerpt":{"rendered":"<p>LIVINALLONGO Va riconosciuto a \u201cLe nuove del Pais\u201d, bollettino parrocchiale del Decanato di Livinallongo del Col di Lana, di aver sempre concesso largo spazio anche a servizi di elevata qualit\u00e0 culturale. Portiamo ad esempio quello che \u00e8 stato dedicato ad una importante figura di religioso quale \u00e8 stato padre Alfons Quellacasa, originario di Larzonei del&hellip;<\/p>\n","protected":false},"author":1,"featured_media":108576,"comment_status":"closed","ping_status":"closed","sticky":false,"template":"","format":"standard","meta":{"_monsterinsights_skip_tracking":false,"_monsterinsights_sitenote_active":false,"_monsterinsights_sitenote_note":"","_monsterinsights_sitenote_category":0,"footnotes":""},"categories":[104,49],"tags":[],"class_list":["post-108575","post","type-post","status-publish","format-standard","has-post-thumbnail","hentry","category-evidenza_3","category-news-18","category-104","category-49","description-off"],"img_url":"https:\/\/www.radiopiu.net\/wordpress\/wp-content\/uploads\/2019\/12\/78546341_1350082775164235_7400266012928507904_n.jpg","_links":{"self":[{"href":"https:\/\/www.radiopiu.net\/wordpress\/wp-json\/wp\/v2\/posts\/108575","targetHints":{"allow":["GET"]}}],"collection":[{"href":"https:\/\/www.radiopiu.net\/wordpress\/wp-json\/wp\/v2\/posts"}],"about":[{"href":"https:\/\/www.radiopiu.net\/wordpress\/wp-json\/wp\/v2\/types\/post"}],"author":[{"embeddable":true,"href":"https:\/\/www.radiopiu.net\/wordpress\/wp-json\/wp\/v2\/users\/1"}],"replies":[{"embeddable":true,"href":"https:\/\/www.radiopiu.net\/wordpress\/wp-json\/wp\/v2\/comments?post=108575"}],"version-history":[{"count":0,"href":"https:\/\/www.radiopiu.net\/wordpress\/wp-json\/wp\/v2\/posts\/108575\/revisions"}],"wp:featuredmedia":[{"embeddable":true,"href":"https:\/\/www.radiopiu.net\/wordpress\/wp-json\/wp\/v2\/media\/108576"}],"wp:attachment":[{"href":"https:\/\/www.radiopiu.net\/wordpress\/wp-json\/wp\/v2\/media?parent=108575"}],"wp:term":[{"taxonomy":"category","embeddable":true,"href":"https:\/\/www.radiopiu.net\/wordpress\/wp-json\/wp\/v2\/categories?post=108575"},{"taxonomy":"post_tag","embeddable":true,"href":"https:\/\/www.radiopiu.net\/wordpress\/wp-json\/wp\/v2\/tags?post=108575"}],"curies":[{"name":"wp","href":"https:\/\/api.w.org\/{rel}","templated":true}]}}