{"id":108592,"date":"2019-12-03T23:59:02","date_gmt":"2019-12-03T22:59:02","guid":{"rendered":"http:\/\/www.radiopiu.net\/wordpress\/?p=108592"},"modified":"2019-12-04T06:22:36","modified_gmt":"2019-12-04T05:22:36","slug":"ero-li-di-antonietta-fragnito","status":"publish","type":"post","link":"https:\/\/www.radiopiu.net\/wordpress\/ero-li-di-antonietta-fragnito\/","title":{"rendered":"ERO LI DI ANTONIETTA FRAGNITO"},"content":{"rendered":"<p>&nbsp;<\/p>\n<audio class=\"wp-audio-shortcode\" id=\"audio-108592-1\" preload=\"none\" style=\"width: 100%;\" controls=\"controls\"><source type=\"audio\/mpeg\" src=\"http:\/\/www.radiopiu.net\/wordpress\/wp-content\/uploads\/2019\/12\/02-ANTONIETTA-FRAGNITO-ERO-LI.mp3?_=1\" \/><a href=\"http:\/\/www.radiopiu.net\/wordpress\/wp-content\/uploads\/2019\/12\/02-ANTONIETTA-FRAGNITO-ERO-LI.mp3\">http:\/\/www.radiopiu.net\/wordpress\/wp-content\/uploads\/2019\/12\/02-ANTONIETTA-FRAGNITO-ERO-LI.mp3<\/a><\/audio>\n<p>ERO LI&#8217;<\/p>\n<p>Ero l\u00ec inerme<br \/>\nSotto la pioggia del tempo<br \/>\nMai un concerto divino cos\u00ec<br \/>\nsilenzioso conobbi<br \/>\nNote sublimi di religiosit\u00e0 infinita<br \/>\nAvevo le mani della natura addosso<br \/>\nE s\u00ec che appassivo all&#8217;istante<br \/>\nCome la magnolia<\/p>\n","protected":false},"excerpt":{"rendered":"<p>&nbsp; ERO LI&#8217; Ero l\u00ec inerme Sotto la pioggia del tempo Mai un concerto divino cos\u00ec silenzioso conobbi Note sublimi di religiosit\u00e0 infinita Avevo le mani della natura addosso E s\u00ec che appassivo all&#8217;istante Come la magnolia<\/p>\n","protected":false},"author":1,"featured_media":108413,"comment_status":"closed","ping_status":"closed","sticky":false,"template":"","format":"standard","meta":{"_monsterinsights_skip_tracking":false,"_monsterinsights_sitenote_active":false,"_monsterinsights_sitenote_note":"","_monsterinsights_sitenote_category":0,"footnotes":""},"categories":[22,49],"tags":[],"class_list":["post-108592","post","type-post","status-publish","format-standard","has-post-thumbnail","hentry","category-invivoverso","category-news-18","category-22","category-49","description-off"],"img_url":"https:\/\/www.radiopiu.net\/wordpress\/wp-content\/uploads\/2019\/12\/FOTO-FRAGNITO39223d3e-fc2b-4acc-acc0-21f7de5e03be.jpg","_links":{"self":[{"href":"https:\/\/www.radiopiu.net\/wordpress\/wp-json\/wp\/v2\/posts\/108592","targetHints":{"allow":["GET"]}}],"collection":[{"href":"https:\/\/www.radiopiu.net\/wordpress\/wp-json\/wp\/v2\/posts"}],"about":[{"href":"https:\/\/www.radiopiu.net\/wordpress\/wp-json\/wp\/v2\/types\/post"}],"author":[{"embeddable":true,"href":"https:\/\/www.radiopiu.net\/wordpress\/wp-json\/wp\/v2\/users\/1"}],"replies":[{"embeddable":true,"href":"https:\/\/www.radiopiu.net\/wordpress\/wp-json\/wp\/v2\/comments?post=108592"}],"version-history":[{"count":0,"href":"https:\/\/www.radiopiu.net\/wordpress\/wp-json\/wp\/v2\/posts\/108592\/revisions"}],"wp:featuredmedia":[{"embeddable":true,"href":"https:\/\/www.radiopiu.net\/wordpress\/wp-json\/wp\/v2\/media\/108413"}],"wp:attachment":[{"href":"https:\/\/www.radiopiu.net\/wordpress\/wp-json\/wp\/v2\/media?parent=108592"}],"wp:term":[{"taxonomy":"category","embeddable":true,"href":"https:\/\/www.radiopiu.net\/wordpress\/wp-json\/wp\/v2\/categories?post=108592"},{"taxonomy":"post_tag","embeddable":true,"href":"https:\/\/www.radiopiu.net\/wordpress\/wp-json\/wp\/v2\/tags?post=108592"}],"curies":[{"name":"wp","href":"https:\/\/api.w.org\/{rel}","templated":true}]}}