{"id":108621,"date":"2019-12-05T05:37:58","date_gmt":"2019-12-05T04:37:58","guid":{"rendered":"http:\/\/www.radiopiu.net\/wordpress\/?p=108621"},"modified":"2019-12-05T11:17:04","modified_gmt":"2019-12-05T10:17:04","slug":"giornale-radiopiu-05-dicembre-2019-direttore-mirko-mezzacasa","status":"publish","type":"post","link":"https:\/\/www.radiopiu.net\/wordpress\/giornale-radiopiu-05-dicembre-2019-direttore-mirko-mezzacasa\/","title":{"rendered":"GIORNALE RADIOPIU 05 DICEMBRE 2019 DIRETTORE MIRKO MEZZACASA"},"content":{"rendered":"<p>&nbsp;<\/p>\n<h2><\/h2>\n<h2>SCIVOLA A MUORE IN CADORE<\/h2>\n<p><strong>PIEVE DI CADORE<\/strong>\u00a0 Claudio Zordan, 59\u00a0 anni, vicentino di Castelgomberto ma residente a Casale sul Sile \u00e8 morto dopo essere scivolato lungo il sentiero numero 334 Rio i Cornon che porta al bivacco CaiMi. L&#8217;uomo \u00e8 stato ritrovato a circa 40 metri da dove \u00e8 scivolato, la morte \u00e8 stata istantanea per i terribili traumi. Sul posto i Carabinieri di Vigo di Cadore, Guardia di Finanza, Suem e Soccorso Alpino. E&#8217; stato ritrovato verso l&#8217;1.30. Le ricerche erano partite in serata, dopo l&#8217;allarme dato dai famigliari, l&#8217;ipotesi pi\u00f9 probabile \u00e8 che sia scivolato su un tratto ghiacciato. La salma \u00e8 stata recuperata solo questa mattina per evitare rischi ai soccorritori durante le ore di buio.<\/p>\n<p>&nbsp;<\/p>\n<p>&nbsp;<\/p>\n<h3>REGIONALE 563 SALESEI LOCALITA&#8217; PIAN, DAL 9 AL 20 DICEMBRE INTERDIZIONE TOTALE AL TRAFFICO DALLE 8 ALLE 17 PER TAGLIO ALBERI<\/h3>\n<p>&nbsp;<\/p>\n<h3>PROVINCIALE 3 LOCALITA&#8217; GONA DI RIVAMONTE, SI PREANNUNCIA IL RIPRISTINO DELLA VIABILITA&#8217; STRADALE A DOPPIO SENSO DI MARCIA<\/h3>\n<p>&nbsp;<\/p>\n<p>&nbsp;<\/p>\n<p>&nbsp;<\/p>\n<h3><a class=\"dt-pswp-item\" href=\"http:\/\/www.radiopiu.net\/wordpress\/wp-content\/uploads\/2019\/12\/b288ddd4-15c7-450d-92f6-0a428816844c.jpg\" data-dt-img-description=\"\" data-large_image_width=\"1131\" data-large_image_height=\"1600\"><img loading=\"lazy\" decoding=\"async\" class=\"size-medium wp-image-108740 alignleft\" src=\"http:\/\/www.radiopiu.net\/wordpress\/wp-content\/uploads\/2019\/12\/b288ddd4-15c7-450d-92f6-0a428816844c-212x300.jpg\" alt=\"\" width=\"212\" height=\"300\" srcset=\"https:\/\/www.radiopiu.net\/wordpress\/wp-content\/uploads\/2019\/12\/b288ddd4-15c7-450d-92f6-0a428816844c-212x300.jpg 212w, https:\/\/www.radiopiu.net\/wordpress\/wp-content\/uploads\/2019\/12\/b288ddd4-15c7-450d-92f6-0a428816844c-724x1024.jpg 724w, https:\/\/www.radiopiu.net\/wordpress\/wp-content\/uploads\/2019\/12\/b288ddd4-15c7-450d-92f6-0a428816844c-768x1086.jpg 768w, https:\/\/www.radiopiu.net\/wordpress\/wp-content\/uploads\/2019\/12\/b288ddd4-15c7-450d-92f6-0a428816844c-1086x1536.jpg 1086w, https:\/\/www.radiopiu.net\/wordpress\/wp-content\/uploads\/2019\/12\/b288ddd4-15c7-450d-92f6-0a428816844c.jpg 1131w\" sizes=\"auto, (max-width: 212px) 100vw, 212px\" \/><\/a>TUTTI INSIEME PER TOMMASO in collaborazione con Ki da Fargona<\/h3>\n<p><strong>FALCADE<\/strong> Venerdi 13 dicembre alle 19 all&#8217;Hotel Stella Alpina serata di beneficenza per aiutare la famiglia del Piccolo Tommaso. Pasta all&#8217;amatriciana o minestra d&#8217;orzo, musica con i Tirataie. Offerta libera. Il ricavato andr\u00e0 a Tommaso, affetto da paralisi celebrale infantile, per aiutare la sua famiglia a sostenere le spese del costoso percorso di cura. Saranno presenti il pap\u00e0 Rudy Quaggiotto e la mamma Alexia Tomaselli.<\/p>\n<p>&nbsp;<\/p>\n<p>&nbsp;<\/p>\n<p>&nbsp;<\/p>\n<p>&nbsp;<\/p>\n<p>&nbsp;<\/p>\n<p>&nbsp;<\/p>\n<p>&nbsp;<\/p>\n<h3>VERSA IN GRAVI CONDIZIONI L&#8217;OPERAIO COLPITO AL VOLTO DAL BRACCIO MECCANICO DI UNA MACCHINA OPERATRICE<\/h3>\n<p><strong><a class=\"dt-pswp-item\" href=\"http:\/\/www.radiopiu.net\/wordpress\/wp-content\/uploads\/2019\/12\/94f2c676-41b6-42db-a61e-3695a4350922.jpg\" data-dt-img-description=\"\" data-large_image_width=\"180\" data-large_image_height=\"320\"><img loading=\"lazy\" decoding=\"async\" class=\"wp-image-108694 alignleft\" src=\"http:\/\/www.radiopiu.net\/wordpress\/wp-content\/uploads\/2019\/12\/94f2c676-41b6-42db-a61e-3695a4350922-169x300.jpg\" alt=\"\" width=\"108\" height=\"192\" srcset=\"https:\/\/www.radiopiu.net\/wordpress\/wp-content\/uploads\/2019\/12\/94f2c676-41b6-42db-a61e-3695a4350922-169x300.jpg 169w, https:\/\/www.radiopiu.net\/wordpress\/wp-content\/uploads\/2019\/12\/94f2c676-41b6-42db-a61e-3695a4350922.jpg 180w\" sizes=\"auto, (max-width: 108px) 100vw, 108px\" \/><\/a>COMELICO<\/strong> Incidente sul lavoro ieri a Padola di Comelico Superiore, vittima G.G. un operaio di 45 anni di Messina alle dipendenze della ditta che ha in appalto il cantiere per la posa della fibra ottica. Per cause in corso di accertamento (sul posto i Carabinieri di Auronzo) l&#8217;uomo \u00e8 stato colpito al capo dal braccio meccanico di una macchina operatrice. Per le lesioni al volto e il trauma cranico l&#8217;operaio \u00e8 stato trasportato al C\u00e0 Foncello in gravi condizioni.<\/p>\n<p>&nbsp;<\/p>\n<p>&nbsp;<\/p>\n<p>&nbsp;<\/p>\n<p>&nbsp;<\/p>\n<h3>SI ROVESCIA L&#8217;ESCAVATORE INTERVENGONO I POMPIERI<\/h3>\n<p><strong><a class=\"dt-pswp-item\" href=\"http:\/\/www.radiopiu.net\/wordpress\/wp-content\/uploads\/2019\/12\/33599969-4631-4536-ab84-32ee52948ce2.jpg\" data-dt-img-description=\"\" data-large_image_width=\"1280\" data-large_image_height=\"960\"><img loading=\"lazy\" decoding=\"async\" class=\" wp-image-108639 alignleft\" src=\"http:\/\/www.radiopiu.net\/wordpress\/wp-content\/uploads\/2019\/12\/33599969-4631-4536-ab84-32ee52948ce2-300x225.jpg\" alt=\"\" width=\"204\" height=\"154\" srcset=\"https:\/\/www.radiopiu.net\/wordpress\/wp-content\/uploads\/2019\/12\/33599969-4631-4536-ab84-32ee52948ce2-300x225.jpg 300w, https:\/\/www.radiopiu.net\/wordpress\/wp-content\/uploads\/2019\/12\/33599969-4631-4536-ab84-32ee52948ce2-768x576.jpg 768w, https:\/\/www.radiopiu.net\/wordpress\/wp-content\/uploads\/2019\/12\/33599969-4631-4536-ab84-32ee52948ce2-1024x768.jpg 1024w, https:\/\/www.radiopiu.net\/wordpress\/wp-content\/uploads\/2019\/12\/33599969-4631-4536-ab84-32ee52948ce2.jpg 1280w\" sizes=\"auto, (max-width: 204px) 100vw, 204px\" \/><\/a>CORTINA<\/strong> Operatore fortunatamente quasi illeso, leggere ferite a parte e mezzo ribaltato. Erano le 10 ieri mattina quando i \u00a0vigili del fuoco sono intervenuti in localit\u00e0 Ru Merlo.\u00a0 La squadra dei pompieri del locale distaccamento ha messo in sicurezza il mezzo, mentre l&#8217;operatore \u00e8 stato preso in cura dal personale del suem 118. Le operazioni di soccorso sono terminate dopo circa un&#8217;ora.<\/p>\n<p>&nbsp;<\/p>\n<p>&nbsp;<\/p>\n<p>&nbsp;<\/p>\n<h3>ARMI ILLEGALI E MODIFICATE, DUE UOMINI DAL CARCERE ALL&#8217;OBBLIGO DI FIRMA<\/h3>\n<p><strong><span style=\"color: #0000ff;\">di Moreno Gioli<\/span><\/strong><\/p>\n<p><strong>BELLUNO<\/strong> Due uomini bellunesi di Castellavazzo ora sono a casa con obbligo di firma, ma prima sono stati associati alle carceri di Baldenich. Con le armi sparavano anche in strada. I particolari nel servizio di Moreno Gioli<\/p>\n<audio class=\"wp-audio-shortcode\" id=\"audio-108621-1\" preload=\"none\" style=\"width: 100%;\" controls=\"controls\"><source type=\"audio\/mpeg\" src=\"http:\/\/www.radiopiu.net\/wordpress\/wp-content\/uploads\/2019\/12\/gioli-servizio.mp3?_=1\" \/><a href=\"http:\/\/www.radiopiu.net\/wordpress\/wp-content\/uploads\/2019\/12\/gioli-servizio.mp3\">http:\/\/www.radiopiu.net\/wordpress\/wp-content\/uploads\/2019\/12\/gioli-servizio.mp3<\/a><\/audio>\n<p>&nbsp;<\/p>\n<p><strong>IL COMANDANTE DEI CARABINIERI\u00a0 EMANUELA CERVELLERA<\/strong><\/p>\n<audio class=\"wp-audio-shortcode\" id=\"audio-108621-2\" preload=\"none\" style=\"width: 100%;\" controls=\"controls\"><source type=\"audio\/mpeg\" src=\"http:\/\/www.radiopiu.net\/wordpress\/wp-content\/uploads\/2019\/12\/cervellera.mp3?_=2\" \/><a href=\"http:\/\/www.radiopiu.net\/wordpress\/wp-content\/uploads\/2019\/12\/cervellera.mp3\">http:\/\/www.radiopiu.net\/wordpress\/wp-content\/uploads\/2019\/12\/cervellera.mp3<\/a><\/audio>\n<p>&nbsp;<\/p>\n<p><strong>IL COMANDANTE DELLA POLIZIA PROVINCIALE OSCAR DA ROLD<\/strong><\/p>\n<audio class=\"wp-audio-shortcode\" id=\"audio-108621-3\" preload=\"none\" style=\"width: 100%;\" controls=\"controls\"><source type=\"audio\/mpeg\" src=\"http:\/\/www.radiopiu.net\/wordpress\/wp-content\/uploads\/2019\/12\/oscar-da-rols.mp3?_=3\" \/><a href=\"http:\/\/www.radiopiu.net\/wordpress\/wp-content\/uploads\/2019\/12\/oscar-da-rols.mp3\">http:\/\/www.radiopiu.net\/wordpress\/wp-content\/uploads\/2019\/12\/oscar-da-rols.mp3<\/a><\/audio>\n\n\t\t\t<style type='text\/css'>\n\t\t\t\t#gallery-1 {\n\t\t\t\t\tmargin: auto;\n\t\t\t\t}\n\t\t\t\t#gallery-1 .gallery-item {\n\t\t\t\t\tfloat: left;\n\t\t\t\t\tmargin-top: 10px;\n\t\t\t\t\ttext-align: center;\n\t\t\t\t\twidth: 33%;\n\t\t\t\t}\n\t\t\t\t#gallery-1 img {\n\t\t\t\t\tborder: 2px solid #cfcfcf;\n\t\t\t\t}\n\t\t\t\t#gallery-1 .gallery-caption {\n\t\t\t\t\tmargin-left: 0;\n\t\t\t\t}\n\t\t\t\t\/* see gallery_shortcode() in wp-includes\/media.php *\/\n\t\t\t<\/style>\n\t\t<div id='gallery-1' class='dt-gallery-container gallery galleryid-108621 gallery-columns-3 gallery-size-thumbnail'><dl class='gallery-item'>\n\t\t\t\t<dt class='gallery-icon landscape'>\n\t\t\t\t\t<a class=\"rollover\" href='https:\/\/www.radiopiu.net\/wordpress\/si-rovescia-lescavatore-intervengono-i-pompieri\/46a7a28f-f96b-4427-8762-0ab773e9e26a\/'><img loading=\"lazy\" decoding=\"async\" width=\"150\" height=\"150\" src=\"https:\/\/www.radiopiu.net\/wordpress\/wp-content\/uploads\/2019\/12\/46a7a28f-f96b-4427-8762-0ab773e9e26a-150x150.jpg\" class=\"attachment-thumbnail size-thumbnail\" alt=\"\" \/><\/a>\n\t\t\t\t<\/dt><\/dl><dl class='gallery-item'>\n\t\t\t\t<dt class='gallery-icon landscape'>\n\t\t\t\t\t<a class=\"rollover\" href='https:\/\/www.radiopiu.net\/wordpress\/si-rovescia-lescavatore-intervengono-i-pompieri\/b2d7970d-5718-4f20-9512-9253ded344e0\/'><img loading=\"lazy\" decoding=\"async\" width=\"150\" height=\"150\" src=\"https:\/\/www.radiopiu.net\/wordpress\/wp-content\/uploads\/2019\/12\/b2d7970d-5718-4f20-9512-9253ded344e0-150x150.jpg\" class=\"attachment-thumbnail size-thumbnail\" alt=\"\" \/><\/a>\n\t\t\t\t<\/dt><\/dl><dl class='gallery-item'>\n\t\t\t\t<dt class='gallery-icon landscape'>\n\t\t\t\t\t<a class=\"rollover\" href='https:\/\/www.radiopiu.net\/wordpress\/si-rovescia-lescavatore-intervengono-i-pompieri\/f87e514e-00da-4626-8c71-9449847d43c8\/'><img loading=\"lazy\" decoding=\"async\" width=\"150\" height=\"150\" src=\"https:\/\/www.radiopiu.net\/wordpress\/wp-content\/uploads\/2019\/12\/f87e514e-00da-4626-8c71-9449847d43c8-150x150.jpg\" class=\"attachment-thumbnail size-thumbnail\" alt=\"\" \/><\/a>\n\t\t\t\t<\/dt><\/dl><br style=\"clear: both\" \/>\n\t\t\t<\/div>\n\n<h3><\/h3>\n<p>&nbsp;<\/p>\n<p>&nbsp;<\/p>\n<h2><span style=\"color: #ff0000;\"><strong>LA CRITICA<\/strong><\/span><\/h2>\n<h2>UNA PUBBLICAZIONE PROMOZIONALE CON TROPPI ERRORI. LA PROTESTA DI TROI<\/h2>\n<p><strong>COLLE SANTA LUCIA<\/strong> Duro attacco alla Dmo dall&#8217;assessore comunale al turismo Maurizio Troi. Lo sdegno per il contenuto della brochure promozionale della scorsa estate. &#8220;L&#8217;ho visto da poco &#8211; dice Troi &#8211; ma quando ho visto le foto non ho potuto tacere&#8221;. Ed \u00e8 partita una lettera per mettere in rilievo la serie di errori nella pubblicazione con la chiesa di Colle\u00a0 identificata a Selva di Cadore, mentre l&#8217;Istituto Ladin finisce a Rocca Pietore.<\/p>\n<p><strong>DI GIANNI SANTOMASO\u00a0<\/strong><\/p>\n<audio class=\"wp-audio-shortcode\" id=\"audio-108621-4\" preload=\"none\" style=\"width: 100%;\" controls=\"controls\"><source type=\"audio\/mpeg\" src=\"http:\/\/www.radiopiu.net\/wordpress\/wp-content\/uploads\/2019\/12\/gianni-dmo.mp3?_=4\" \/><a href=\"http:\/\/www.radiopiu.net\/wordpress\/wp-content\/uploads\/2019\/12\/gianni-dmo.mp3\">http:\/\/www.radiopiu.net\/wordpress\/wp-content\/uploads\/2019\/12\/gianni-dmo.mp3<\/a><\/audio>\n<p>&nbsp;<\/p>\n\n\t\t\t<style type='text\/css'>\n\t\t\t\t#gallery-2 {\n\t\t\t\t\tmargin: auto;\n\t\t\t\t}\n\t\t\t\t#gallery-2 .gallery-item {\n\t\t\t\t\tfloat: left;\n\t\t\t\t\tmargin-top: 10px;\n\t\t\t\t\ttext-align: center;\n\t\t\t\t\twidth: 33%;\n\t\t\t\t}\n\t\t\t\t#gallery-2 img {\n\t\t\t\t\tborder: 2px solid #cfcfcf;\n\t\t\t\t}\n\t\t\t\t#gallery-2 .gallery-caption {\n\t\t\t\t\tmargin-left: 0;\n\t\t\t\t}\n\t\t\t\t\/* see gallery_shortcode() in wp-includes\/media.php *\/\n\t\t\t<\/style>\n\t\t<div id='gallery-2' class='dt-gallery-container gallery galleryid-108621 gallery-columns-3 gallery-size-thumbnail'><dl class='gallery-item'>\n\t\t\t\t<dt class='gallery-icon portrait'>\n\t\t\t\t\t<a class=\"rollover\" href='https:\/\/www.radiopiu.net\/wordpress\/39a559c5-7d90-4253-bf1e-65176d83606e\/'><img loading=\"lazy\" decoding=\"async\" width=\"150\" height=\"150\" src=\"https:\/\/www.radiopiu.net\/wordpress\/wp-content\/uploads\/2016\/01\/39a559c5-7d90-4253-bf1e-65176d83606e-150x150.jpg\" class=\"attachment-thumbnail size-thumbnail\" alt=\"\" \/><\/a>\n\t\t\t\t<\/dt><\/dl><dl class='gallery-item'>\n\t\t\t\t<dt class='gallery-icon portrait'>\n\t\t\t\t\t<a class=\"rollover\" href='https:\/\/www.radiopiu.net\/wordpress\/06e486df-a2ee-4cbd-a838-2f54c5168235\/'><img loading=\"lazy\" decoding=\"async\" width=\"150\" height=\"150\" src=\"https:\/\/www.radiopiu.net\/wordpress\/wp-content\/uploads\/2016\/01\/06e486df-a2ee-4cbd-a838-2f54c5168235-150x150.jpg\" class=\"attachment-thumbnail size-thumbnail\" alt=\"\" \/><\/a>\n\t\t\t\t<\/dt><\/dl><dl class='gallery-item'>\n\t\t\t\t<dt class='gallery-icon landscape'>\n\t\t\t\t\t<a class=\"rollover\" href='https:\/\/www.radiopiu.net\/wordpress\/a7af1e3c-43e6-4d01-a79e-9844ad0bb472\/'><img loading=\"lazy\" decoding=\"async\" width=\"150\" height=\"150\" src=\"https:\/\/www.radiopiu.net\/wordpress\/wp-content\/uploads\/2016\/01\/a7af1e3c-43e6-4d01-a79e-9844ad0bb472-150x150.jpg\" class=\"attachment-thumbnail size-thumbnail\" alt=\"\" \/><\/a>\n\t\t\t\t<\/dt><\/dl><br style=\"clear: both\" \/><dl class='gallery-item'>\n\t\t\t\t<dt class='gallery-icon portrait'>\n\t\t\t\t\t<a class=\"rollover\" href='https:\/\/www.radiopiu.net\/wordpress\/bf8c9e08-93ca-4662-975b-cd0ad19972d3\/'><img loading=\"lazy\" decoding=\"async\" width=\"150\" height=\"150\" src=\"https:\/\/www.radiopiu.net\/wordpress\/wp-content\/uploads\/2016\/01\/bf8c9e08-93ca-4662-975b-cd0ad19972d3-150x150.jpg\" class=\"attachment-thumbnail size-thumbnail\" alt=\"\" \/><\/a>\n\t\t\t\t<\/dt><\/dl><dl class='gallery-item'>\n\t\t\t\t<dt class='gallery-icon portrait'>\n\t\t\t\t\t<a class=\"rollover\" href='https:\/\/www.radiopiu.net\/wordpress\/b8283c76-d5d9-452e-9fea-070c7819eb53\/'><img loading=\"lazy\" decoding=\"async\" width=\"150\" height=\"150\" src=\"https:\/\/www.radiopiu.net\/wordpress\/wp-content\/uploads\/2016\/01\/b8283c76-d5d9-452e-9fea-070c7819eb53-150x150.jpg\" class=\"attachment-thumbnail size-thumbnail\" alt=\"\" \/><\/a>\n\t\t\t\t<\/dt><\/dl><dl class='gallery-item'>\n\t\t\t\t<dt class='gallery-icon portrait'>\n\t\t\t\t\t<a class=\"rollover\" href='https:\/\/www.radiopiu.net\/wordpress\/5a7d76d4-c7fa-4df2-9401-1a4f7e2cfab8\/'><img loading=\"lazy\" decoding=\"async\" width=\"150\" height=\"150\" src=\"https:\/\/www.radiopiu.net\/wordpress\/wp-content\/uploads\/2016\/01\/5a7d76d4-c7fa-4df2-9401-1a4f7e2cfab8-150x150.jpg\" class=\"attachment-thumbnail size-thumbnail\" alt=\"\" \/><\/a>\n\t\t\t\t<\/dt><\/dl><br style=\"clear: both\" \/>\n\t\t\t<\/div>\n\n<p><strong>dal sito del comune di COLLE SANTA LUCIA<\/strong><\/p>\n<p>Abbiamo comunicato la nostra posizione in merito al catalogo pubblicato dalla DMO Dolomiti utilizzato per la promozione del territorio in diverse fiere nazionali e internazionali<br \/>\ncomunicato:<\/p>\n<blockquote><p><em>Vi scriviamo in merito alle foto apparse Sul Volume 1 prodotto dal Consorzio DMO Dolomiti con il patrocinio della Regione Veneto, della Provincia di Belluno, della Fondazione Unesco Dolomiti e del Fondo F.C.C. Il territorio del Comune di Colle Santa Lucia \u00e8 storicamente e culturalmente t<span class=\"text_exposed_show\">erritorio Ladino, parte della vallata comprendente Fodom\/Col insieme al Comune di Livinallongo del Col di Lana. Non possiamo non esprimere il nostro assoluto dissenso nel constatare che nella vostra pubblicazione, la Chiesa di Colle Santa Lucia emblema del nostro paese e della nostra cultura \u00e8 stata identificata a pag 54 nel seguente modo \u201cVal Fiorentina e Selva di Cadore\u201d, che l&#8217;Istituto Ladino di Colle Santa Lucia, Livinallongo del Col di Lana e Cortina d&#8217;Ampezzo con sede a Colle Santa Lucia, simbolo culturale altrettanto importante appare a pag 48 con la dicitura \u201c Estate a Rocca Pietore, e che il Passo Giau esempio di conservazione dell&#8217;ambiente montano e di gestione oculata da parte del Comune di Colle Santa Lucia, viene inserito alle pag. 56\/57 sotto la dicitura Val Fiorentina \/Selva di Cadore. Oltre a notare da parte della DMO Dolomiti una profonda mancanza di conoscenza del territorio che intende promuovere, riteniamo questa una profonda mancanza di rispetto nei confronti della nostra comunit\u00e0, lesiva della nostra immagine della nostra cultura e della nostra Identit\u00e0 Ladina<\/span><\/em><\/p><\/blockquote>\n<div class=\"text_exposed_show\"><\/div>\n<p>&nbsp;<\/p>\n<p>&nbsp;<\/p>\n<p>&nbsp;<\/p>\n<blockquote>\n<h2><strong><span style=\"color: #ff0000;\"><a class=\"dt-pswp-item\" href=\"http:\/\/www.radiopiu.net\/wordpress\/wp-content\/uploads\/2015\/01\/radiopiu-m.png\" data-dt-img-description=\"\" data-large_image_width=\"249\" data-large_image_height=\"133\"><img loading=\"lazy\" decoding=\"async\" class=\"size-full wp-image-250 alignleft\" src=\"http:\/\/www.radiopiu.net\/wordpress\/wp-content\/uploads\/2015\/01\/radiopiu-m.png\" alt=\"\" width=\"249\" height=\"133\" \/><\/a><\/span><\/strong><\/h2>\n<h2><\/h2>\n<h2><strong><span style=\"color: #ff0000;\">OGGI\u00a0 ALLA RADIO 13.10 E 20.10 SPECIALE COPPA DEL MONDO DI SCI IN VAL BADIA TERZA PUNTATA<br \/>\n15.10 SPECIALE RSU LUXOTTICA AGORDO, OSPITE LUIGI DELL&#8217;ATTI_CGIL<\/span><\/strong><\/h2>\n<\/blockquote>\n<h2><\/h2>\n<p>&nbsp;<\/p>\n<p>&nbsp;<\/p>\n<p>&nbsp;<\/p>\n<p>&nbsp;<\/p>\n<p>&nbsp;<\/p>\n<h3>AVVIATO IL CANTIERE DELLA FRANA DI MORI (GOSALDO)<\/h3>\n<p><strong>GOSALDO<\/strong>\u00a0 La Provincia di Belluno ha avviato nei giorni scorsi i lavori di messa in sicurezza di un abitato, in localit\u00e0 Mori (Gosaldo), su cui insiste una frana. La situazione di dissesto si era generata all\u2019indomani della tempesta Vaia, ma \u00e8 stata pesantemente aggravata dalle ultime piogge autunnali. Il pendio dissestato, infatti, presenta un terreno che tende a trattenere molto l\u2019acqua; di conseguenza, il movimento franoso si \u00e8 rimesso in moto soprattutto con gli eventi meteo di novembre e ha costretto la Provincia ad attendere qualche giorno prima di far partire gli interventi, per consentire un minimo assestamento. La prima operazione \u00e8 consistita nella pulizia e nel taglio piante attorno alla zona del dissesto (molti alberi erano stati abbattuti ancora dal maltempo dell\u2019ottobre 2018). Subito dopo \u00e8 stata effettuata la riprofilatura del versante e la realizzazione di una strada provvisoria di accesso al cantiere. In questi giorni gli operai dell&#8217;impresa incaricata stanno mondando i cosiddetti \u201claser\u201d, strutture di ancoraggio dotate di tiranti. A questa operazione seguir\u00e0 il rafforzamento corticale con reti e l\u2019idrosemina che ridisegner\u00e0 il pendio.<\/p>\n<p><strong>IL CONSIGLIERE PROVINCIALE CON DELEGA ALLA DIFESA DEL SUOLO, MASSIMO BORTOLUZZI<\/strong><\/p>\n<audio class=\"wp-audio-shortcode\" id=\"audio-108621-5\" preload=\"none\" style=\"width: 100%;\" controls=\"controls\"><source type=\"audio\/mpeg\" src=\"http:\/\/www.radiopiu.net\/wordpress\/wp-content\/uploads\/2019\/12\/bortolu.mp3?_=5\" \/><a href=\"http:\/\/www.radiopiu.net\/wordpress\/wp-content\/uploads\/2019\/12\/bortolu.mp3\">http:\/\/www.radiopiu.net\/wordpress\/wp-content\/uploads\/2019\/12\/bortolu.mp3<\/a><\/audio>\n<p>&nbsp;<\/p>\n<p>&nbsp;<\/p>\n<p><a class=\"dt-pswp-item\" href=\"http:\/\/www.radiopiu.net\/wordpress\/wp-content\/uploads\/2019\/12\/PHOTO-2019-12-02-09-45-32.jpg\" data-dt-img-description=\"\" data-large_image_width=\"768\" data-large_image_height=\"1024\"><img loading=\"lazy\" decoding=\"async\" class=\"alignnone wp-image-108659\" src=\"http:\/\/www.radiopiu.net\/wordpress\/wp-content\/uploads\/2019\/12\/PHOTO-2019-12-02-09-45-32-225x300.jpg\" alt=\"\" width=\"129\" height=\"171\" srcset=\"https:\/\/www.radiopiu.net\/wordpress\/wp-content\/uploads\/2019\/12\/PHOTO-2019-12-02-09-45-32-225x300.jpg 225w, https:\/\/www.radiopiu.net\/wordpress\/wp-content\/uploads\/2019\/12\/PHOTO-2019-12-02-09-45-32.jpg 768w\" sizes=\"auto, (max-width: 129px) 100vw, 129px\" \/><\/a><a class=\"dt-pswp-item\" href=\"http:\/\/www.radiopiu.net\/wordpress\/wp-content\/uploads\/2019\/12\/PHOTO-2019-12-02-09-45-32-1.jpg\" data-dt-img-description=\"\" data-large_image_width=\"1024\" data-large_image_height=\"768\"><img loading=\"lazy\" decoding=\"async\" class=\"wp-image-108660 alignnone\" src=\"http:\/\/www.radiopiu.net\/wordpress\/wp-content\/uploads\/2019\/12\/PHOTO-2019-12-02-09-45-32-1-300x225.jpg\" alt=\"\" width=\"228\" height=\"171\" srcset=\"https:\/\/www.radiopiu.net\/wordpress\/wp-content\/uploads\/2019\/12\/PHOTO-2019-12-02-09-45-32-1-300x225.jpg 300w, https:\/\/www.radiopiu.net\/wordpress\/wp-content\/uploads\/2019\/12\/PHOTO-2019-12-02-09-45-32-1-768x576.jpg 768w, https:\/\/www.radiopiu.net\/wordpress\/wp-content\/uploads\/2019\/12\/PHOTO-2019-12-02-09-45-32-1.jpg 1024w\" sizes=\"auto, (max-width: 228px) 100vw, 228px\" \/><\/a><a class=\"dt-pswp-item\" href=\"http:\/\/www.radiopiu.net\/wordpress\/wp-content\/uploads\/2019\/12\/PHOTO-2019-12-02-09-45-32-2.jpg\" data-dt-img-description=\"\" data-large_image_width=\"1024\" data-large_image_height=\"768\"><img loading=\"lazy\" decoding=\"async\" class=\"alignnone wp-image-108661\" src=\"http:\/\/www.radiopiu.net\/wordpress\/wp-content\/uploads\/2019\/12\/PHOTO-2019-12-02-09-45-32-2-300x225.jpg\" alt=\"\" width=\"229\" height=\"172\" srcset=\"https:\/\/www.radiopiu.net\/wordpress\/wp-content\/uploads\/2019\/12\/PHOTO-2019-12-02-09-45-32-2-300x225.jpg 300w, https:\/\/www.radiopiu.net\/wordpress\/wp-content\/uploads\/2019\/12\/PHOTO-2019-12-02-09-45-32-2-768x576.jpg 768w, https:\/\/www.radiopiu.net\/wordpress\/wp-content\/uploads\/2019\/12\/PHOTO-2019-12-02-09-45-32-2.jpg 1024w\" sizes=\"auto, (max-width: 229px) 100vw, 229px\" \/><\/a><\/p>\n<p><strong>I SERVIZI DI RADIO PIU&#8217;, DEL 19 OTTOBRE 2019 E DELL&#8217;ANNO PRIMA. FOTO, VIDEO, INTERVISTE<\/strong><\/p>\n<blockquote class=\"wp-embedded-content\" data-secret=\"keRLWewtpE\"><p><a href=\"http:\/\/www.radiopiu.net\/wordpress\/mori-a-renon-di-gosaldo-un-anno-dopo-vaia-dove-sventola-il-tricolore\/\">MORI A RENON DI GOSALDO, UN ANNO DOPO VAIA DOVE SVENTOLA IL TRICOLORE<\/a><\/p><\/blockquote>\n<p><iframe loading=\"lazy\" title=\"&#8220;MORI A RENON DI GOSALDO, UN ANNO DOPO VAIA DOVE SVENTOLA IL TRICOLORE&#8221; &#8212; Radio Pi\u00f9\" class=\"wp-embedded-content\" sandbox=\"allow-scripts\" security=\"restricted\" style=\"position: absolute; clip: rect(1px, 1px, 1px, 1px);\" src=\"http:\/\/www.radiopiu.net\/wordpress\/mori-a-renon-di-gosaldo-un-anno-dopo-vaia-dove-sventola-il-tricolore\/embed\/#?secret=keRLWewtpE\" data-secret=\"keRLWewtpE\" width=\"600\" height=\"338\" frameborder=\"0\" marginwidth=\"0\" marginheight=\"0\" scrolling=\"no\"><\/iframe><\/p>\n<p>&nbsp;<\/p>\n<p>&nbsp;<\/p>\n<p>&nbsp;<\/p>\n<h3><\/h3>\n<h3>WELFARE LUXOTTICA: A GENNAIO IL PASSAGGIO DA UNISALUTE A GENERALI<\/h3>\n<p><a class=\"dt-pswp-item\" href=\"http:\/\/www.radiopiu.net\/wordpress\/wp-content\/uploads\/2019\/12\/LUIGI-DELLATTI-2019.jpeg\" data-dt-img-description=\"\" data-large_image_width=\"1600\" data-large_image_height=\"1200\"><img loading=\"lazy\" decoding=\"async\" class=\"size-medium wp-image-108679 alignright\" src=\"http:\/\/www.radiopiu.net\/wordpress\/wp-content\/uploads\/2019\/12\/LUIGI-DELLATTI-2019-300x225.jpeg\" alt=\"\" width=\"300\" height=\"225\" srcset=\"https:\/\/www.radiopiu.net\/wordpress\/wp-content\/uploads\/2019\/12\/LUIGI-DELLATTI-2019-300x225.jpeg 300w, https:\/\/www.radiopiu.net\/wordpress\/wp-content\/uploads\/2019\/12\/LUIGI-DELLATTI-2019-768x576.jpeg 768w, https:\/\/www.radiopiu.net\/wordpress\/wp-content\/uploads\/2019\/12\/LUIGI-DELLATTI-2019-1024x768.jpeg 1024w, https:\/\/www.radiopiu.net\/wordpress\/wp-content\/uploads\/2019\/12\/LUIGI-DELLATTI-2019.jpeg 1600w\" sizes=\"auto, (max-width: 300px) 100vw, 300px\" \/><\/a>Sono periodi di cambiamenti per coloro che usufruiscono del piano welfare aziendale Luxottica. A partire dal primo gennaio 2020 cambia il piano assicurativo per quanto riguarda il welfare salute di Luxottica. Dopo quasi 10 anni di gestione ad Unisalute, l&#8217;azienda ha deciso di cambiare assicurazione passando a Generali.<\/p>\n<p><strong>LUIGI DELL&#8217;ATTI, RSU LUXOTTICA CGIL<\/strong><\/p>\n<audio class=\"wp-audio-shortcode\" id=\"audio-108621-6\" preload=\"none\" style=\"width: 100%;\" controls=\"controls\"><source type=\"audio\/mpeg\" src=\"http:\/\/www.radiopiu.net\/wordpress\/wp-content\/uploads\/2019\/12\/LUIGI-DELLATTI-PASSAGGIO-A-GENERALI.mp3?_=6\" \/><a href=\"http:\/\/www.radiopiu.net\/wordpress\/wp-content\/uploads\/2019\/12\/LUIGI-DELLATTI-PASSAGGIO-A-GENERALI.mp3\">http:\/\/www.radiopiu.net\/wordpress\/wp-content\/uploads\/2019\/12\/LUIGI-DELLATTI-PASSAGGIO-A-GENERALI.mp3<\/a><\/audio>\n<p>&nbsp;<\/p>\n<p>&nbsp;<\/p>\n<p>&nbsp;<\/p>\n<p>&nbsp;<\/p>\n<p>&nbsp;<\/p>\n<p>&nbsp;<\/p>\n<h3>PROGETTO PEDIBUS, SESTO ANNO, CERCASI &#8220;AUTISTI&#8221;<\/h3>\n<p><strong><a class=\"dt-pswp-item\" href=\"http:\/\/www.radiopiu.net\/wordpress\/wp-content\/uploads\/2019\/12\/72fdebfc-e68c-42c6-b381-f554164da826.jpg\" data-dt-img-description=\"\" data-large_image_width=\"1600\" data-large_image_height=\"838\"><img loading=\"lazy\" decoding=\"async\" class=\"size-medium wp-image-108630 alignleft\" src=\"http:\/\/www.radiopiu.net\/wordpress\/wp-content\/uploads\/2019\/12\/72fdebfc-e68c-42c6-b381-f554164da826-300x157.jpg\" alt=\"\" width=\"300\" height=\"157\" srcset=\"https:\/\/www.radiopiu.net\/wordpress\/wp-content\/uploads\/2019\/12\/72fdebfc-e68c-42c6-b381-f554164da826-300x157.jpg 300w, https:\/\/www.radiopiu.net\/wordpress\/wp-content\/uploads\/2019\/12\/72fdebfc-e68c-42c6-b381-f554164da826-768x402.jpg 768w, https:\/\/www.radiopiu.net\/wordpress\/wp-content\/uploads\/2019\/12\/72fdebfc-e68c-42c6-b381-f554164da826-1024x536.jpg 1024w, https:\/\/www.radiopiu.net\/wordpress\/wp-content\/uploads\/2019\/12\/72fdebfc-e68c-42c6-b381-f554164da826.jpg 1600w\" sizes=\"auto, (max-width: 300px) 100vw, 300px\" \/><\/a>AGORDO<\/strong> E&#8217; ricominciata l&#8217;avventura del pedibus per i bambini delle elementari. Per il sesto anno consecutivo ad Agordo il mercoled\u00ec mattina dei volontari accompagnano a scuola a piedi i 40 bambini che hanno aderito al progetto, percorrendo le due linee del pedibus <span style=\"color: #ffff99;\"><span style=\"color: #ffcc00;\">&#8220;Linea Gialla<\/span>&#8220;<\/span> Centro <span style=\"color: #339966;\">&#8211; &#8220;Linea Verde&#8221;<\/span> Toccol Le Ville.\u00a0 Gilet giallo e berrettino in dotazione, i bimbi hanno animato le vie di Agordo e i &#8220;Buongiorno &#8221; urlati al mercato non sono passati inosservati. Il progetto pu\u00f2 continuare ad essere una splendida realt\u00e0 anno dopo anno grazie alla collaborazione tra Comune e Ulss (referente Donata De Don\u00e0) e sopratutto grazie ai volontari.\u00a0 A tal proposito se qualcuno volesse aiutare e rendersi disponibile a fare da &#8220;Autista&#8221; qualche mercoledi mattina c&#8217;\u00e8 sempre bisogno, per info contattare la coordinatrice dei volontari\u00a0 IVANA DECIMA 3332863755<\/p>\n<p>&nbsp;<\/p>\n<p>&nbsp;<\/p>\n<p>&nbsp;<\/p>\n<h2>TRE QUINTALI DI PLASTICA IN MENO, L&#8217;INIZIATIVA DELLE MAESTRE E UN KIT PER IL BAMBINO PER ELIMINARE STOVIGLIE DI PLASTICA DA ECOCENTRO<\/h2>\n<p><strong><a class=\"dt-pswp-item\" href=\"http:\/\/www.radiopiu.net\/wordpress\/wp-content\/uploads\/2019\/12\/WhatsApp-Image-2019-12-04-at-21.16.36.jpeg\" data-dt-img-description=\"\" data-large_image_width=\"747\" data-large_image_height=\"1328\"><img loading=\"lazy\" decoding=\"async\" class=\"size-medium wp-image-108726 alignleft\" src=\"http:\/\/www.radiopiu.net\/wordpress\/wp-content\/uploads\/2019\/12\/WhatsApp-Image-2019-12-04-at-21.16.36-169x300.jpeg\" alt=\"\" width=\"169\" height=\"300\" srcset=\"https:\/\/www.radiopiu.net\/wordpress\/wp-content\/uploads\/2019\/12\/WhatsApp-Image-2019-12-04-at-21.16.36-169x300.jpeg 169w, https:\/\/www.radiopiu.net\/wordpress\/wp-content\/uploads\/2019\/12\/WhatsApp-Image-2019-12-04-at-21.16.36-576x1024.jpeg 576w, https:\/\/www.radiopiu.net\/wordpress\/wp-content\/uploads\/2019\/12\/WhatsApp-Image-2019-12-04-at-21.16.36.jpeg 747w\" sizes=\"auto, (max-width: 169px) 100vw, 169px\" \/><\/a><\/strong><\/p>\n<p>&nbsp;<\/p>\n<p>&nbsp;<\/p>\n<p>&nbsp;<\/p>\n<p>&nbsp;<\/p>\n<p>&nbsp;<\/p>\n<p>&nbsp;<\/p>\n<p>&nbsp;<\/p>\n<p>&nbsp;<\/p>\n<p><strong>LA VALLE\u00a0<\/strong><\/p>\n<p><strong>DI GIANNI SANTOMASO<\/strong><\/p>\n<audio class=\"wp-audio-shortcode\" id=\"audio-108621-7\" preload=\"none\" style=\"width: 100%;\" controls=\"controls\"><source type=\"audio\/mpeg\" src=\"http:\/\/www.radiopiu.net\/wordpress\/wp-content\/uploads\/2019\/12\/gianni-mensa.mp3?_=7\" \/><a href=\"http:\/\/www.radiopiu.net\/wordpress\/wp-content\/uploads\/2019\/12\/gianni-mensa.mp3\">http:\/\/www.radiopiu.net\/wordpress\/wp-content\/uploads\/2019\/12\/gianni-mensa.mp3<\/a><\/audio>\n<p>&nbsp;<\/p>\n<p>&nbsp;<\/p>\n<p>&nbsp;<\/p>\n<h3>LE GIORNATE DELLE PICCOLE E MEDIE IMPRESE TRA 183 CURIOSI STUDENTI<\/h3>\n<p><strong>BELLUNO<\/strong> Partir\u00e0 venerd\u00ec 6 dicembre la serie di giornate dedicate alle piccole e medie imprese con 183 studenti che visiteranno 8 aziende bellunesi. Venerd\u00ec 13 dicembre toccher\u00e0 invece, agli studenti dell\u2019ITI Negrelli e dell\u2019IPIA Rizzarda di Feltre. L\u2019iniziativa, indetta a livello nazionale dalla Piccola Industria ha tra gli obiettivi quello di rafforzare la sinergia tra mondo della Scuola e quello dell\u2019Impresa e di mostrare alle nuove generazioni cosa significa fare impresa. <em>\u00abFar conoscere ai giovani il mondo delle PMI &#8211; \u2013 spiega Davide Piol, Presidente di Piccola Industria di Belluno &#8211; per accrescere in loro la consapevolezza del valore che esse rivestono sul territorio e trasmettere la voglia e la passione di fare impresa: con questi obiettivi si svolgono le giornate dedicate alle piccole medie imprese\u00bb.<\/em><\/p>\n<p>&nbsp;<\/p>\n<p>&nbsp;<\/p>\n<p>&nbsp;<\/p>\n<blockquote class=\"wp-embedded-content\" data-secret=\"KhZWu0v1fT\"><p><a href=\"http:\/\/www.radiopiu.net\/wordpress\/vigili-del-fuoco-impegno-e-numeri-nel-giorno-della-loro-protettrice\/\">VIGILI DEL FUOCO&#8230;. IMPEGNO E NUMERI NEL GIORNO DELLA LORO PROTETTRICE<\/a><\/p><\/blockquote>\n<p><iframe loading=\"lazy\" title=\"&#8220;VIGILI DEL FUOCO&#8230;. IMPEGNO E NUMERI NEL GIORNO DELLA LORO PROTETTRICE&#8221; &#8212; Radio Pi\u00f9\" class=\"wp-embedded-content\" sandbox=\"allow-scripts\" security=\"restricted\" style=\"position: absolute; clip: rect(1px, 1px, 1px, 1px);\" src=\"http:\/\/www.radiopiu.net\/wordpress\/vigili-del-fuoco-impegno-e-numeri-nel-giorno-della-loro-protettrice\/embed\/#?secret=KhZWu0v1fT\" data-secret=\"KhZWu0v1fT\" width=\"600\" height=\"338\" frameborder=\"0\" marginwidth=\"0\" marginheight=\"0\" scrolling=\"no\"><\/iframe><\/p>\n<p>&nbsp;<\/p>\n<p>&nbsp;<\/p>\n<p>&nbsp;<\/p>\n<h3>DOPO IL SUCCESSO DELLA PRIMA AL TEATRO COMUNALE DI BELLUNO &#8220;LA VOCE DEL BOSCO&#8221;\u00a0 A FALCADE CINEMA DOLOMITI GIOVEDI 12 DICEMBRE<\/h3>\n<blockquote><p><em>Primo spettacolo alle 20, Secondo spettacolo alle 21.30, il ricavato andr\u00e0 a favore del progetto sentieriestica nei Comuni di Canale d&#8217;Agordo Vallada e Falcade. &#8220;La voce del Bosco&#8221; \u00e8 un docu film di Dimitri Feltrin con Francesca Gallo. L&#8217;inziativa \u00e8 dell&#8217;Union Ladina Val\u00a0 Biois<\/em><\/p><\/blockquote>\n<p><a class=\"dt-pswp-item\" href=\"http:\/\/www.radiopiu.net\/wordpress\/wp-content\/uploads\/2019\/12\/6db0b4c3-5b72-41a9-921e-32a8957884f7.jpg\" data-dt-img-description=\"\" data-large_image_width=\"1131\" data-large_image_height=\"1599\"><img loading=\"lazy\" decoding=\"async\" class=\" wp-image-108624 alignleft\" src=\"http:\/\/www.radiopiu.net\/wordpress\/wp-content\/uploads\/2019\/12\/6db0b4c3-5b72-41a9-921e-32a8957884f7-212x300.jpg\" alt=\"\" width=\"225\" height=\"318\" srcset=\"https:\/\/www.radiopiu.net\/wordpress\/wp-content\/uploads\/2019\/12\/6db0b4c3-5b72-41a9-921e-32a8957884f7-212x300.jpg 212w, https:\/\/www.radiopiu.net\/wordpress\/wp-content\/uploads\/2019\/12\/6db0b4c3-5b72-41a9-921e-32a8957884f7-768x1086.jpg 768w, https:\/\/www.radiopiu.net\/wordpress\/wp-content\/uploads\/2019\/12\/6db0b4c3-5b72-41a9-921e-32a8957884f7-724x1024.jpg 724w, https:\/\/www.radiopiu.net\/wordpress\/wp-content\/uploads\/2019\/12\/6db0b4c3-5b72-41a9-921e-32a8957884f7.jpg 1131w\" sizes=\"auto, (max-width: 225px) 100vw, 225px\" \/><\/a>Francesca costruisce fisarmoniche nella sua piccola bottega di Treviso, ereditata da papa\u0300 Luciano, che le ha trasmesso la passione per la musica tradizionale e per il lavoro artigiano. E\u0300 rimasta l\u2019ultima artigiana in Italia a realizzare completamente a mano armoniche a mantice, fisarmoniche e organetti in legno. Le sue creature sono ambite da fisarmonicisti del panorama internazionale e finiscono sui palcoscenici piu\u0300 importanti del mondo, ma nascono nel bosco. L\u2019attivita\u0300 di Francesca, infatti, inizia dall\u2019individuazione di quelli che lei stessa definisce \u201cgli alberi che cantano\u201d, quegli alberi che successivamente trasformera\u0300 in strumenti musicali. Francesca seleziona i \u201csuoi\u201d alberi nei boschi dell\u2019Agordino, una delle zone piu\u0300 colpite dall\u2019ondata di maltempo che nell\u2019autunno del 2018 ha messo a dura prova la montagna veneta, distruggendone buona parte del patrimonio arboreo. Francesca ci accompagna in un viaggio alla scoperta delle donne e degli uomini che in quelle terre hanno scelto non solo di fissare la propria dimora e di radicare la propria esistenza, ma anche di coltivarne i mestieri, di valorizzarne la cultura, di rigenerarne le tradizioni. Tra essi c\u2019e\u0300 Attilio, sapiente artigiano del legno, che con le travi recuperate dei tabia\u0300 di Cogul del XVI secolo realizza piccole ma incredibili sculture. C\u2019e\u0300 Paolo, giovane e vivace liutaio, che ha scelto di svolgere la propria attivita\u0300 nella pace di Gare\u0300s. E poi ci sono Antonia, che ha riscoperto l\u2019arte della filatura e della tessitura e la trasmette alle giovani donne agordine; il Tita, che scava il legno fino a ricavarne gli \u201cOlt da Riva\u201d, le grottesche maschere in legno da sfoggiare a carnevale. C\u2019e\u0300 Dunio, il celebre muralista che narra nelle sue opere le storie della vallata; c\u2019e\u0300 Sara, giovane ricercatrice che indaga il rapporto tra letteratura e montagna. E c\u2019e\u0300 anche Mayra, che ha voluto mantenere il pascolo del nonno, scontrandosi con le quotidiane difficolta\u0300 della vita in montagna. Vecchi e giovani, donne e uomini, tutti con storie diverse da portarsi dietro, ma tutti che si muovono ai margini del bosco e che ogni giorno lo vivono e ne ascoltano la voce. Quella voce che sgorga, gioiosa e malinconica, affascinante e inquietante, dall\u2019opera di donne e uomini che continuano a legarsi tra di loro in forma di comunita\u0300. Quella stessa comunita\u0300 che si manifesta, vitale e unita, durante la Zinghenesta, il carnevale che anima le strade e le piazze di Falcade e Canale d\u2019Agordo Il racconto ci porta tra le valli, lungo i sentieri, sull\u2019orlo dei dirupi, nei borghi abitati da poche decine di abitanti, al cospetto di alberi sconosciuti ai piu\u0300, ma carichi di valori simbolici, storici e affettivi. Con Francesca, ascolteremo il bosco e scopriremo i suoi alberi, quelli che cantano. Ammireremo il ritratto delicato, poetico, del mondo dolomitico Agordino, e piu\u0300 in generale della montagna bellunese: viva, dignitosa, laboriosa, burbera e saggia. Osservando le montagne, tenteremo di ascoltare e comprendere La Voce del Bosco. CON Francesca Gallo Attilio Serafini Dunio Piccolin Antonia Bortot Paolo Vedova Gianbattista Bressan Luciano Gallo Sara Luchetta Mayra de Marco <strong>fotografia <\/strong>Dimitri Feltrin Alen Basic <strong>audio in presa diretta <\/strong>Marco Furlanetto <strong>montaggio <\/strong>Dimitri Feltrin Jurij Magoga<strong> montaggio audio <\/strong>Marco Furlanetto <strong>drone e grafica di copertina <\/strong>Krea Independent <strong>illustrazione di copertina <\/strong>Dunio Piccolin <strong>Colonna sonora <\/strong>Claudio Jacomucci Donatella Viri\u00a0 Claudio Bernardi e Francesca Gallo<\/p>\n<h3>LA PRIMA A BELLUNO, IL SERVIZIO DEL NOTIZIARIO DI RADIO PIU<\/h3>\n<blockquote class=\"wp-embedded-content\" data-secret=\"17miLWRjVL\"><p><a href=\"http:\/\/www.radiopiu.net\/wordpress\/ad-oltre-le-vette-i-boschi-dellagordino-emozioni-con-francesca-gallo\/\">AD OLTRE LE VETTE I BOSCHI DELL&#8217;AGORDINO, EMOZIONI CON FRANCESCA GALLO.<\/a><\/p><\/blockquote>\n<p><iframe loading=\"lazy\" title=\"&#8220;AD OLTRE LE VETTE I BOSCHI DELL&#8217;AGORDINO, EMOZIONI CON FRANCESCA GALLO.&#8221; &#8212; Radio Pi\u00f9\" class=\"wp-embedded-content\" sandbox=\"allow-scripts\" security=\"restricted\" style=\"position: absolute; clip: rect(1px, 1px, 1px, 1px);\" src=\"http:\/\/www.radiopiu.net\/wordpress\/ad-oltre-le-vette-i-boschi-dellagordino-emozioni-con-francesca-gallo\/embed\/#?secret=17miLWRjVL\" data-secret=\"17miLWRjVL\" width=\"600\" height=\"338\" frameborder=\"0\" marginwidth=\"0\" marginheight=\"0\" scrolling=\"no\"><\/iframe><\/p>\n<p>&nbsp;<\/p>\n<p>&nbsp;<\/p>\n<p>&nbsp;<\/p>\n<h3>RECUPERATO E CURATO UN GALLO CEDRONE: \u00c8 IL SECONDO CASO NEL GIRO DI POCHI GIORNI<\/h3>\n<p><strong><a class=\"dt-pswp-item\" href=\"http:\/\/www.radiopiu.net\/wordpress\/wp-content\/uploads\/2019\/12\/PHOTO-2019-12-04-10-47-30-2.jpg\" data-dt-img-description=\"\" data-large_image_width=\"1600\" data-large_image_height=\"1200\"><img loading=\"lazy\" decoding=\"async\" class=\" wp-image-108644 alignleft\" src=\"http:\/\/www.radiopiu.net\/wordpress\/wp-content\/uploads\/2019\/12\/PHOTO-2019-12-04-10-47-30-2-300x225.jpg\" alt=\"\" width=\"226\" height=\"170\" srcset=\"https:\/\/www.radiopiu.net\/wordpress\/wp-content\/uploads\/2019\/12\/PHOTO-2019-12-04-10-47-30-2-300x225.jpg 300w, https:\/\/www.radiopiu.net\/wordpress\/wp-content\/uploads\/2019\/12\/PHOTO-2019-12-04-10-47-30-2-768x576.jpg 768w, https:\/\/www.radiopiu.net\/wordpress\/wp-content\/uploads\/2019\/12\/PHOTO-2019-12-04-10-47-30-2-1024x768.jpg 1024w, https:\/\/www.radiopiu.net\/wordpress\/wp-content\/uploads\/2019\/12\/PHOTO-2019-12-04-10-47-30-2.jpg 1600w\" sizes=\"auto, (max-width: 226px) 100vw, 226px\" \/><\/a>BELLUNO<\/strong> La Polizia Provinciale ha concluso positivamente un\u2019operazione di tutela della fauna selvatica. Gli agenti della squadra catture hanno liberato questa mattina un gallo cedrone che si era smarrito, avvicinandosi pericolosamente ai centri abitati. L\u2019animale, infatti, si aggirava da qualche giorno tra le case della frazione di Mortisa (in Comune di Cortina). Gli uomini della Polizia Provinciale lo hanno recuperato nei giorni scorsi e affidato subito alle cure del veterinario, dato che il gallo cedrone presentava qualche difficolt\u00e0: aveva riportato una botta e una zampa non poggiava al suolo. Molto probabilmente era proprio questo il motivo che aveva spinto il pennuto ad avvicinarsi alle case, in cerca di cibo. Dopo qualche giorno di cure, l\u2019animale \u00e8 risultato in grado di tornare in ambiente naturale. E questa mattina \u00e8 stato liberato in una zona alle porte del Cadore, dove \u00e8 presente una piccola popolazione di cedroni e dove \u00e8 possibile trovare cibo in maniera autonoma (il terreno non \u00e8 ancora ricoperto dalla neve). Il gallo cedrone liberato questa mattina \u00e8 il secondo recuperato e rilasciato dalla Polizia Provinciale in pochi giorni. Secondo le analisi biometriche e la misura del becco, non si tratta dello stesso esemplare catturato una settimana fa a Rio Gere.<\/p>\n<p><iframe loading=\"lazy\" title=\"VIDEO 2019 12 04 10 46 54\" width=\"1200\" height=\"675\" src=\"https:\/\/www.youtube.com\/embed\/IhY5DR9-lm8?feature=oembed\" frameborder=\"0\" allow=\"accelerometer; autoplay; encrypted-media; gyroscope; picture-in-picture\" allowfullscreen><\/iframe><\/p>\n<p>&nbsp;<\/p>\n<p>&nbsp;<\/p>\n<p>&nbsp;<\/p>\n<blockquote class=\"wp-embedded-content\" data-secret=\"tRINnKjP0U\"><p><a href=\"http:\/\/www.radiopiu.net\/wordpress\/tommaso-antonio-catullo-a-150-anni-dalla-morte-una-giornata-di-studio-di-luisa-manfroi\/\">TOMMASO ANTONIO CATULLO A 150 ANNI DALLA MORTE UNA GIORNATA DI STUDIO di Luisa Manfroi<\/a><\/p><\/blockquote>\n<p><iframe loading=\"lazy\" title=\"&#8220;TOMMASO ANTONIO CATULLO A 150 ANNI DALLA MORTE UNA GIORNATA DI STUDIO di Luisa Manfroi&#8221; &#8212; Radio Pi\u00f9\" class=\"wp-embedded-content\" sandbox=\"allow-scripts\" security=\"restricted\" style=\"position: absolute; clip: rect(1px, 1px, 1px, 1px);\" src=\"http:\/\/www.radiopiu.net\/wordpress\/tommaso-antonio-catullo-a-150-anni-dalla-morte-una-giornata-di-studio-di-luisa-manfroi\/embed\/#?secret=tRINnKjP0U\" data-secret=\"tRINnKjP0U\" width=\"600\" height=\"338\" frameborder=\"0\" marginwidth=\"0\" marginheight=\"0\" scrolling=\"no\"><\/iframe><\/p>\n<p>&nbsp;<\/p>\n<p>&nbsp;<\/p>\n<p>&nbsp;<\/p>\n<h3>UNA DONAZIONE DA 17 MILA EURO PER IL SAN MARTINO<\/h3>\n<p lang=\"it-IT\" align=\"JUSTIFY\"><span style=\"color: #000000;\"><span style=\"font-family: Liberation Serif, serif;\"><span style=\"font-size: medium;\"><span style=\"font-family: Calibri, sans-serif;\"><a class=\"dt-pswp-item\" href=\"http:\/\/www.radiopiu.net\/wordpress\/wp-content\/uploads\/2019\/12\/donazioneCORC.jpg\" data-dt-img-description=\"\" data-large_image_width=\"4160\" data-large_image_height=\"3120\"><img loading=\"lazy\" decoding=\"async\" class=\" wp-image-108711 alignleft\" src=\"http:\/\/www.radiopiu.net\/wordpress\/wp-content\/uploads\/2019\/12\/donazioneCORC-300x225.jpg\" alt=\"\" width=\"260\" height=\"196\" srcset=\"https:\/\/www.radiopiu.net\/wordpress\/wp-content\/uploads\/2019\/12\/donazioneCORC-300x225.jpg 300w, https:\/\/www.radiopiu.net\/wordpress\/wp-content\/uploads\/2019\/12\/donazioneCORC-768x576.jpg 768w, https:\/\/www.radiopiu.net\/wordpress\/wp-content\/uploads\/2019\/12\/donazioneCORC-1024x768.jpg 1024w\" sizes=\"auto, (max-width: 260px) 100vw, 260px\" \/><\/a><strong>BELLUNO<\/strong> Si \u00e8 tenuto l\u2019incontro con i rappresentanti del Circolo Ospedaliero San Martino in occasione della donazione di 17.300,00 euro, finalizzata all\u2019acquisto di strumentazioni da destinarsi all\u2019ospedale San Martino. <\/span><\/span><\/span><\/span><span style=\"font-family: Calibri, sans-serif; font-size: medium; color: #000000;\">La donazione ha consentito di acquisire: U<\/span><span style=\"color: #000000;\"><span style=\"font-family: Liberation Serif, serif;\"><span style=\"font-size: medium;\"><span style=\"font-family: Calibri, sans-serif;\">n <\/span><span style=\"font-family: Calibri, sans-serif;\"><b>audiometro<\/b><\/span><span style=\"font-family: Calibri, sans-serif;\"> per il Poliambulatorio di Belluno del costo di oltre euro 5000,00;\u00a0 <\/span><\/span><\/span><\/span><span style=\"font-size: medium;\"><span style=\"font-family: Calibri, sans-serif;\"><b>un letto bilancia per la dialisi<\/b><\/span><span style=\"font-family: Calibri, sans-serif;\"> per pazienti obesi ( fino a 250 kg), unico con queste caratteristiche in dotazione alla UO di Nefrologia e Dialisi di Belluno, del costo di oltre euro 4000,00; <\/span><\/span><span style=\"color: #222222;\"><span style=\"font-family: Calibri, sans-serif;\"><span style=\"font-size: medium;\">\u00a0<\/span><\/span><\/span><span style=\"color: #222222;\"><span style=\"font-family: Calibri, sans-serif;\"><span style=\"font-size: medium;\"><b>un elettrostimolatore e biofeedback<\/b><\/span><\/span><\/span><span style=\"color: #222222;\"><span style=\"font-family: Calibri, sans-serif;\"><span style=\"font-size: medium;\"> del costo di quasi 8000,00 euro;<\/span><\/span><\/span><\/p>\n<p align=\"JUSTIFY\">\u201c<span style=\"font-family: Calibri, sans-serif;\"><span style=\"font-size: medium;\"><i>Negli anni il Circolo ospedaliero ha sempre sostenuto l\u2019Azienda sanitaria per realizzare progetti per il miglioramento dei servizi e confidiamo di poter continuare a farlo anche in futuro. Dal 2004 ad oggi la somma complessivamente elargita ammonta a 70.000 euro<\/i><\/span><\/span><span style=\"font-family: Calibri, sans-serif;\"><span style=\"font-size: medium;\">\u201d le parole del Presidente dr. Roberto Burolon.<\/span><\/span><\/p>\n<blockquote>\n<p align=\"JUSTIFY\">\n<\/blockquote>\n<h3><\/h3>\n<h3><\/h3>\n<blockquote>\n<h3><\/h3>\n<\/blockquote>\n<h3>CILP INCONTRA LA LEGA DEL FILO D&#8217;ORO<\/h3>\n<p><strong><a class=\"dt-pswp-item\" href=\"http:\/\/www.radiopiu.net\/wordpress\/wp-content\/uploads\/2019\/12\/LEGAFILO-DORO-A-FELTRE-scaled.jpg\" data-dt-img-description=\"\" data-large_image_width=\"2560\" data-large_image_height=\"1707\"><img loading=\"lazy\" decoding=\"async\" class=\" wp-image-108739 alignleft\" src=\"http:\/\/www.radiopiu.net\/wordpress\/wp-content\/uploads\/2019\/12\/LEGAFILO-DORO-A-FELTRE-300x200.jpg\" alt=\"\" width=\"239\" height=\"159\" srcset=\"https:\/\/www.radiopiu.net\/wordpress\/wp-content\/uploads\/2019\/12\/LEGAFILO-DORO-A-FELTRE-300x200.jpg 300w, https:\/\/www.radiopiu.net\/wordpress\/wp-content\/uploads\/2019\/12\/LEGAFILO-DORO-A-FELTRE-1024x683.jpg 1024w, https:\/\/www.radiopiu.net\/wordpress\/wp-content\/uploads\/2019\/12\/LEGAFILO-DORO-A-FELTRE-768x512.jpg 768w, https:\/\/www.radiopiu.net\/wordpress\/wp-content\/uploads\/2019\/12\/LEGAFILO-DORO-A-FELTRE-1536x1024.jpg 1536w, https:\/\/www.radiopiu.net\/wordpress\/wp-content\/uploads\/2019\/12\/LEGAFILO-DORO-A-FELTRE-2048x1365.jpg 2048w\" sizes=\"auto, (max-width: 239px) 100vw, 239px\" \/><\/a>FELTRE\u00a0<\/strong> Da sempre il Centro Internazionale del Libro parlato di Feltre Onlus collabora con diverse associazioni allo scopo di integrare i propri servizi a favore delle persone con disabilit\u00e0 visiva e cognitiva Recentemente, su segnalazione della Regione Veneto, Cilp \u00e8 entrato in contatto con la sede della Lega del Filo d&#8217;oro della sede di Padova, inaugurata il 1\u00b0 ottobre 2015<br \/>\nIl nome Lega del Filo d\u2019Oro all\u2019apparenza fantastico \u00e8 in realt\u00e0 il simbolo della buona amicizia senza il quale le persone prive della vista e dell\u2019udito sono condannate all\u2019isolamento\u201d il filo prezioso che unisce la persona sordo cieca al mondo esterno. Sabina \u00e8 stata la prima Presidente dell\u2019Associazione. Mentre realizzava un sogno, ha infranto un tab\u00f9: \u00e8 stata\u00a0 la prima persona sordocieca ad assumere una carica sociale. Per poterlo fare il notaio ha equiparato il caso di Sabina, che per la legge sarebbe stata incapace di intendere e di volere, a quello di uno straniero che necessita di un interprete. Sabina Santilli, donna sordo cieca che viveva in un piccolo paese contadino dell\u2019Abruzzo (Osimo) negli anni venti,grazie alla sua determinazione, alla sua intelligenza\u00a0 e alla sua instancabile volont\u00e0 di entrare in dialogo con il mondo, riusc\u00ec a mettere in rete i sordo ciechi italiani, a dare visibilit\u00e0 alla loro esistenza, ai loro problemi e ai loro diritti, fino a creare nel 1964 la Lega del Filo d\u2019Oro. \u00a0 La struttura della Lega del Filo d&#8217;Oro si \u00e8 evoluta di pari passo con il sorgere di nuove e diverse esigenze espresse dai propri utenti. Cilp, con l&#8217;intento di attivare iniziative a favore degli utenti sordo ciechi ha organizzato presso la sede di Padova un laboratorio di lettura animata tenuto dal volontario Fabio Dalla Zuanna e dalla Coordinatrice di Bassano del Grappa Anna Branciforti. L&#8217;esperimento \u00e8 stato molto apprezzato ed ha fornito spunti per pensare a nuove esperienze di collaborazione. Marted\u00ec un gruppo di ospiti della struttura di Padova, accompagnati dai rispettivi volontari della Lega del Filo d&#8217;oro, unitamente alle referenti della sede patavinacILP sono arrivati a Feltre per visitare il centro . L&#8217;incontro, come riferisce la Presidente Cilp Luisa Alchini \u00e8 stato molto intenso, la Consigliera Loredana Borghetto ha ritenuto stimolante il confronto con le persone sordo cieche per comprendere le necessit\u00e0 e quindi gli eventuali supporti che l&#8217;associazione di Feltre potr\u00e0 fornire a questo tipo di disabilit\u00e0. La giornata \u00e8 trascorsa in un clima di cordiale amicizia, la prima di una auspicata serie di fruttuosi incontri che potranno vedere Cilp e Lega del Filo d&#8217;oro uniti verso nuovi obiettivi a sostegno delle persone sordo cieche.<\/p>\n<p>&nbsp;<\/p>\n<p>&nbsp;<\/p>\n<p>&nbsp;<\/p>\n<blockquote><p>&nbsp;<\/p><\/blockquote>\n<h3>CHIUSA A LONGARONE FIERE UNA GRANDE EDIZIONE DI MIG &#8211; MOSTRA INTERNAZIONALE DEL GELATO ARTIGIANALE<\/h3>\n<blockquote><p><em>La 50. Coppa d\u2019Oro assegnata a Barbara Bettera di Rivolta d\u2019Adda (CR). Il 26. Concorso nazionale di gelateria \u201cCarlo Pozzi\u201d premia l\u2019istituto alberghiero F.P. Cascino di Palermo. Coppia di chef e gelatiere giapponesi si aggiudica il primo premio del primo concorso internazionale \u201cGelato a Due\u201d.<\/em><\/p><\/blockquote>\n<p><strong>LONGARONE<\/strong> La 60. MIG &#8211; Mostra Internazionale del Gelato Artigianale di Longarone Fiere (Belluno) chiude davvero alla grande registrando un\u2019affluenza di operatori del settore sempre pi\u00f9 qualificata provenienti da pi\u00f9 di una quarantina di paesi. Con 23mila visitatori dal 1 al 4 dicembre, la MIG si conferma l\u2019evento leader dedicato esclusivamente al comparto delle macchine, attrezzature, semilavorati, materie prime, arredamenti e accessori per la gelateria. Numerosa la presenza europea, ma anche da Sud America e Asia, con la Cina interessante new entry.<\/p>\n<blockquote><p>Soddisfatta la dirigenza della Fiera di Longarone che celebra con la MIG l\u2019apice della sua programmazione: \u201cLa MIG si conferma anche quest\u2019anno l\u2019evento pi\u00f9 importante per Longarone Fiere \u2013 afferma il Presidente Gian Angelo Bellati \u2013 e ne esprime tutte le potenzialit\u00e0 in termini di attrazione internazionale. Il suo successo, giunti alla sua 60\u00b0 edizione, \u00e8 la dimostrazione che il mondo guarda all\u2019Italia e a Longarone in particolare come a un punto di riferimento autorevole per l\u2019eccellenza agroalimentare e che da questo traguardo pu\u00f2 solo che continuare a crescere a livello globale. Ci prepariamo ora ad una edizione 2020 dove rafforzeremo ancor pi\u00f9 la presenza di espositori internazionali e il servizio B2B (Business To Business) ma ancor prima alla Giornata Europea del Gelato Artigianale il 24 marzo p.v. Il tutto con un\u2019attenzione particolare alla qualit\u00e0 e al rispetto dell\u2019ambiente\u201d.<\/p><\/blockquote>\n\n\t\t\t<style type='text\/css'>\n\t\t\t\t#gallery-3 {\n\t\t\t\t\tmargin: auto;\n\t\t\t\t}\n\t\t\t\t#gallery-3 .gallery-item {\n\t\t\t\t\tfloat: left;\n\t\t\t\t\tmargin-top: 10px;\n\t\t\t\t\ttext-align: center;\n\t\t\t\t\twidth: 33%;\n\t\t\t\t}\n\t\t\t\t#gallery-3 img {\n\t\t\t\t\tborder: 2px solid #cfcfcf;\n\t\t\t\t}\n\t\t\t\t#gallery-3 .gallery-caption {\n\t\t\t\t\tmargin-left: 0;\n\t\t\t\t}\n\t\t\t\t\/* see gallery_shortcode() in wp-includes\/media.php *\/\n\t\t\t<\/style>\n\t\t<div id='gallery-3' class='dt-gallery-container gallery galleryid-108621 gallery-columns-3 gallery-size-thumbnail'><dl class='gallery-item'>\n\t\t\t\t<dt class='gallery-icon landscape'>\n\t\t\t\t\t<a class=\"rollover\" href='https:\/\/www.radiopiu.net\/wordpress\/giornale-radiopiu-05-dicembre-2019-direttore-mirko-mezzacasa\/podio-gelato-a-due-mig-international-2019\/'><img loading=\"lazy\" decoding=\"async\" width=\"150\" height=\"150\" src=\"https:\/\/www.radiopiu.net\/wordpress\/wp-content\/uploads\/2019\/12\/Podio-Gelato-a-Due-MIG-International-2019-150x150.jpg\" class=\"attachment-thumbnail size-thumbnail\" alt=\"\" \/><\/a>\n\t\t\t\t<\/dt><\/dl><dl class='gallery-item'>\n\t\t\t\t<dt class='gallery-icon landscape'>\n\t\t\t\t\t<a class=\"rollover\" href='https:\/\/www.radiopiu.net\/wordpress\/giornale-radiopiu-05-dicembre-2019-direttore-mirko-mezzacasa\/coppa-doro-68\/'><img loading=\"lazy\" decoding=\"async\" width=\"150\" height=\"150\" src=\"https:\/\/www.radiopiu.net\/wordpress\/wp-content\/uploads\/2019\/12\/coppa-doro-68-150x150.jpg\" class=\"attachment-thumbnail size-thumbnail\" alt=\"\" \/><\/a>\n\t\t\t\t<\/dt><\/dl><dl class='gallery-item'>\n\t\t\t\t<dt class='gallery-icon landscape'>\n\t\t\t\t\t<a class=\"rollover\" href='https:\/\/www.radiopiu.net\/wordpress\/giornale-radiopiu-05-dicembre-2019-direttore-mirko-mezzacasa\/sapori-deuropa-7\/'><img loading=\"lazy\" decoding=\"async\" width=\"150\" height=\"150\" src=\"https:\/\/www.radiopiu.net\/wordpress\/wp-content\/uploads\/2019\/12\/sapori-deuropa-7-150x150.jpg\" class=\"attachment-thumbnail size-thumbnail\" alt=\"\" \/><\/a>\n\t\t\t\t<\/dt><\/dl><br style=\"clear: both\" \/><dl class='gallery-item'>\n\t\t\t\t<dt class='gallery-icon landscape'>\n\t\t\t\t\t<a class=\"rollover\" href='https:\/\/www.radiopiu.net\/wordpress\/giornale-radiopiu-05-dicembre-2019-direttore-mirko-mezzacasa\/gelaterie-in-web-15\/'><img loading=\"lazy\" decoding=\"async\" width=\"150\" height=\"150\" src=\"https:\/\/www.radiopiu.net\/wordpress\/wp-content\/uploads\/2019\/12\/gelaterie-in-web-15-150x150.jpg\" class=\"attachment-thumbnail size-thumbnail\" alt=\"\" \/><\/a>\n\t\t\t\t<\/dt><\/dl><dl class='gallery-item'>\n\t\t\t\t<dt class='gallery-icon landscape'>\n\t\t\t\t\t<a class=\"rollover\" href='https:\/\/www.radiopiu.net\/wordpress\/giornale-radiopiu-05-dicembre-2019-direttore-mirko-mezzacasa\/premio-pozzi-45\/'><img loading=\"lazy\" decoding=\"async\" width=\"150\" height=\"150\" src=\"https:\/\/www.radiopiu.net\/wordpress\/wp-content\/uploads\/2019\/12\/premio-pozzi-45-150x150.jpg\" class=\"attachment-thumbnail size-thumbnail\" alt=\"\" \/><\/a>\n\t\t\t\t<\/dt><\/dl>\n\t\t\t\t<br style='clear: both' \/>\n\t\t\t<\/div>\n\n<p>&nbsp;<\/p>\n<p>&nbsp;<\/p>\n<p>&nbsp;<\/p>\n<p>&nbsp;<\/p>\n<p>&nbsp;<\/p>\n<h3>LA FONDAZIONE CARIVERONA VALORIZZA IL PROGETTO DEL PALIO<\/h3>\n<p><strong><a class=\"dt-pswp-item\" href=\"http:\/\/www.radiopiu.net\/wordpress\/wp-content\/uploads\/2019\/02\/51757621_786919278332374_4057065011615367168_n.jpg\" data-dt-img-description=\"\" data-large_image_width=\"720\" data-large_image_height=\"540\"><img loading=\"lazy\" decoding=\"async\" class=\" wp-image-76193 alignleft\" src=\"http:\/\/www.radiopiu.net\/wordpress\/wp-content\/uploads\/2019\/02\/51757621_786919278332374_4057065011615367168_n-300x225.jpg\" alt=\"\" width=\"174\" height=\"131\" srcset=\"https:\/\/www.radiopiu.net\/wordpress\/wp-content\/uploads\/2019\/02\/51757621_786919278332374_4057065011615367168_n-300x225.jpg 300w, https:\/\/www.radiopiu.net\/wordpress\/wp-content\/uploads\/2019\/02\/51757621_786919278332374_4057065011615367168_n.jpg 720w\" sizes=\"auto, (max-width: 174px) 100vw, 174px\" \/><\/a>FELTRE<\/strong> Sono 40 mila gli euro che la Fondazione Cariverona ha assegnato al Palio di Feltre, uno dei 13 vincitori tra i numerosi partecipanti al bando \u201cCultura in rete\u201d. Grande la soddisfazione del direttivo dell\u2019Ente che, anche dopo la chiusura positiva del bilancio dell\u2019ultima edizione, pu\u00f2 guardare oggi con serenit\u00e0 alle prossime edizioni della manifestazione feltrina. Il progetto presentato prevede da una parte una serie di attivit\u00e0 indirizzate alla strutturazione, anche in ottica futura, dell&#8217;Associazione, dall&#8217;altra la possibilit\u00e0 di coltivare un aspetto che sta molto a cuore al Direttivo e a tutto il Consiglio, cio\u00e8 il coinvolgimento dei pi\u00f9 giovani nel mondo del Palio, tramite l\u2019organizzazione di laboratori nelle scuole e di momenti aggregativi indirizzati ai pi\u00f9 giovani. Ai vertici del Palio, Doriana De Zordi ha cos\u00ec commentato: <em>\u201cIl bando cultura in rete di Cariverona \u00e8 sembrato fin da subito adeguato alla nostra associazione, perch\u00e9 premeva su un aspetto che ci sta molto a cuore, cio\u00e8 la progettualit\u00e0 in rete. Un premio prezioso per un progetto di squadra di un intero territorio\u201d.<\/em><\/p>\n<p>&nbsp;<\/p>\n<p>&nbsp;<\/p>\n<p>&nbsp;<\/p>\n<h3>METALMECCANICI IN CONSIGLIO A BELLUNO<\/h3>\n<p><strong>BELLUNO<\/strong>\u00a0 L\u2019impatto locale della crisi tedesca dell\u2019automotive, il punto sull\u2019evoluzione del settore, sull\u2019introduzione dei nuovi tipi di mobilit\u00e0 e sulle aziende fornitrici di componentistica del Trevigiano e del Bellunese. L\u2019industria dell\u2019auto e il suo indotto sono al centro del Consiglio generale dei metalmeccanici della Fim Cisl Belluno Treviso, che si riunir\u00e0\u00a0 domani alle 9.30 al ristorante De Gusto in via Sagrogna a Belluno. Interverranno il professor Francesco Zirpoli, direttore dell\u2019Osservatorio sulla componentistica automotive dell\u2019Universit\u00e0 Ca\u2019 Foscari di Venezia e Antonio Bortuzzo, amministratore delegato della Inglass Spa di San Polo di Piave, azienda che produce tecnologia per la componentistica del settore auto. L\u2019incontro del direttivo della Fim territoriale offrir\u00e0 anche l\u2019occasione per un approfondimento sull\u2019andamento della trattativa relativa al rinnovo del contratto nazionale dei metalmeccanici.<\/p>\n<p>&nbsp;<\/p>\n<p>&nbsp;<\/p>\n<h3>OGGI AI GIOVEDI DELLA SALUTE I TUMORI ALL&#8217;INIZIO DEL TERZO MILLENIO<\/h3>\n<p><strong>BELLUNO<\/strong> Oggi alle\u00a0 18, per il consueto appuntamento quindicinale dei \u201cGioved\u00ec della salute\u201d che si tengono nella sala riunioni dell\u2019ospedale San Martino, il Dott. Fable Zustovich, Direttore della UOC di Oncologia di Belluno, parler\u00e0 in particolare dell\u2019 Oncologia moderna cercando di scorrere anche quella parte di storia della medicina che la riguarda. Verr\u00e0 spiegato cosa \u00e8 un tumore, come nasce, come si sviluppa, perch\u00e9 pu\u00f2 essere cos\u00ec pericoloso se non curato e quali sono le cure. Verr\u00e0 esaminata l&#8217;evoluzione in senso positivo che la prognosi ha avuto negli ultimi decenni con particolare riferimento ai risultati pi\u00f9 consistenti negli ultimi anni. Sar\u00e0 fatto il punto sulle metodologie di screening e di prevenzione che sono ora disponibili per la popolazione e illustrata l\u2019 organizzazione della gestione sanitaria di queste malattie nella regione Veneto.<\/p>\n<p>&nbsp;<\/p>\n<p>&nbsp;<\/p>\n<p>&nbsp;<\/p>\n<h3>PRESENTAZIONE DEL RAPPORTO ADAPT<\/h3>\n<p><strong>BELLUNO\u00a0 <\/strong>Confindustria Belluno Dolomiti e la Provincia di Belluno ti invitano alla presentazione del 1\u00b0 Rapporto Adapt su &#8220;Lavoro, Competenze e Territorio nella Provincia di Belluno&#8221; che si svolger\u00e0. Oggi alle 15 \u2013 sala Caldart\u00a0 \u2013 Palazzo Doglioni Dalmas alla quale interverranno Andrea Ferrazzi &#8211; Direttore Confindustria Belluno Dolomiti; Serenella Bogana &#8211; Vicepresidente della Provincia di Belluno\u00a0\u00a0Introduce e modera: Alessandro Rossi &#8211;\u00a0 Universit\u00e0 degli Studi di Trento; Presentazione del Rapporto: Francesco Seghezzi &#8211; Presidente Fondazione Adapt Stefania Negri &#8211; Ricercatrice Adapt<\/p>\n<p>&nbsp;<\/p>\n<p>&nbsp;<\/p>\n<h3>Selezione atleti per la Polizia di Stato<\/h3>\n<p><strong>BELLUNO<\/strong> In gazzetta ufficiale pubblicato il bando di concorso per l&#8217;assunzione di 31 atleti da assegnare ai gruppi sportivi &#8220;Polizia di Stato-Fiamme Oro&#8221; inquadrati nel ruolo degli agenti ed assistenti Polizia di Stato riservato ad atleti riconosciuti di interesse nazionale dal Coni. Trenta i giorni di tempo (dalla data di pubblicazione del bando) per inviare la domanda.<\/p>\n<p>&nbsp;<\/p>\n<p>&nbsp;<\/p>\n<p>&nbsp;<\/p>\n<h3>Selezione personale assistenziale<\/h3>\n<p><strong>AGORDO<\/strong> L&#8217;azienda Speciale Consortile Agordina\u00a0 ha indetto una nuova selezione pubblica finalizzata alla formulazione di una graduatoria cui attingere per l\u2019assunzione a tempo indeterminato determinato e parziale di OPERATORE SOCIO SANITARIO da inserire nella RSA di Agordo e nel Servizio Domiciliare del territorio Agordino. Le modalit\u00e0 di presentazione della domanda si trovano sul sito aziendale www.servizisocialiasca.it. Il termine perentorio previsto per la presentazione della candidatura \u00e8 fissato per il giorno 14 gennaio 2020 entro le ore 12.00.<\/p>\n<p>&nbsp;<\/p>\n<p>&nbsp;<\/p>\n<p>&nbsp;<\/p>\n<h2>Il bilancio 2019 del Cai di Auronzo: oltre 1200 ore \u2013 lavoro per il ripristino sentieri<\/h2>\n<blockquote><p><em>\u00abVaia ha influenzato quasi totalmente l&#8217;attivit\u00e0 relativa alla sentieristica che era stata programmata per il 2019, attivit\u00e0 che andava avanti da un paio di anni e che era tesa al rifacimento della segnaletica,sia orizzontale sia verticale\u00bb spiega Stefano Muzzi, presidente del Cai diAuronzo. \u00abPertanto, all&#8217;indomani della tempesta, abbiamo so<a class=\"dt-pswp-item\" href=\"http:\/\/www.radiopiu.net\/wordpress\/wp-content\/uploads\/2019\/12\/cai-auronzo-2019-alpinismo-giovanile.jpg\" data-dt-img-description=\"\" data-large_image_width=\"1500\" data-large_image_height=\"843\"><img loading=\"lazy\" decoding=\"async\" class=\" wp-image-108668 alignleft\" src=\"http:\/\/www.radiopiu.net\/wordpress\/wp-content\/uploads\/2019\/12\/cai-auronzo-2019-alpinismo-giovanile-300x169.jpg\" alt=\"\" width=\"277\" height=\"156\" srcset=\"https:\/\/www.radiopiu.net\/wordpress\/wp-content\/uploads\/2019\/12\/cai-auronzo-2019-alpinismo-giovanile-300x169.jpg 300w, https:\/\/www.radiopiu.net\/wordpress\/wp-content\/uploads\/2019\/12\/cai-auronzo-2019-alpinismo-giovanile-768x432.jpg 768w, https:\/\/www.radiopiu.net\/wordpress\/wp-content\/uploads\/2019\/12\/cai-auronzo-2019-alpinismo-giovanile-1024x575.jpg 1024w, https:\/\/www.radiopiu.net\/wordpress\/wp-content\/uploads\/2019\/12\/cai-auronzo-2019-alpinismo-giovanile.jpg 1500w\" sizes=\"auto, (max-width: 277px) 100vw, 277px\" \/><\/a>speso l&#8217;attivit\u00e0 programmata e iniziato il monitoraggio dei sentieri di nostra competenza. <\/em><\/p><\/blockquote>\n<p><strong>AURONZO<\/strong> Oltre 1200 ore di lavoro, messe insieme da una quarantina di volontari per ripristinare i sentieri e rinnovare la segnaletica. Per la sezione Cadorina di Auronzo del Club Alpino Italiano il 2019 che sta per chiedersi ha rappresentato un anno di grande intensit\u00e0 in diversi ambiti. In primis, quello ambientale, ambito che ha dovuto fare i conti con le devastazioni causate dalla tempeste Vaia dell&#8217;ottobre 2018 ma anche dalle copiose nevicate che hanno caratterizzatola primavera 2019. L&#8217;impegno del Cai di Auronzo nel 2019 si \u00e8 rivolto anche ad altri ambiti oltre a quello della sentieristica. In particolare, all&#8217;ambito giovanile e\u00a0 a quello sportivo.<\/p>\n<p>&nbsp;<\/p>\n<p>&nbsp;<\/p>\n<p>&nbsp;<\/p>\n<h3>CICLO CONVERSAZIONI IN MUSEO, PARLA MAZZONI<\/h3>\n<blockquote><p><em>Posti limitati. Prenotazione obbligatoria tel. 0439\/885242-234.<\/em><\/p><\/blockquote>\n<p><strong><a class=\"dt-pswp-item\" href=\"http:\/\/www.radiopiu.net\/wordpress\/wp-content\/uploads\/2019\/12\/Mazzoni.jpg\" data-dt-img-description=\"\" data-large_image_width=\"1787\" data-large_image_height=\"2134\"><img loading=\"lazy\" decoding=\"async\" class=\"size-medium wp-image-108667 alignleft\" src=\"http:\/\/www.radiopiu.net\/wordpress\/wp-content\/uploads\/2019\/12\/Mazzoni-251x300.jpg\" alt=\"\" width=\"251\" height=\"300\" srcset=\"https:\/\/www.radiopiu.net\/wordpress\/wp-content\/uploads\/2019\/12\/Mazzoni-251x300.jpg 251w, https:\/\/www.radiopiu.net\/wordpress\/wp-content\/uploads\/2019\/12\/Mazzoni-768x917.jpg 768w, https:\/\/www.radiopiu.net\/wordpress\/wp-content\/uploads\/2019\/12\/Mazzoni-857x1024.jpg 857w, https:\/\/www.radiopiu.net\/wordpress\/wp-content\/uploads\/2019\/12\/Mazzoni.jpg 1787w\" sizes=\"auto, (max-width: 251px) 100vw, 251px\" \/><\/a>FELTRE <\/strong>Il ciclo Conversazioni in Museo prosegue sabato 7 dicembre 2019 con la conferenza su Sebastiano Mazzoni. L&#8217;artista e l&#8217;Allegoria del Museo civico di Feltre, prevista per le 17.00 nella Galleria Rizzarda. Ne parler\u00e0 Paolo Benassai, storico dell&#8217;arte fiorentino della Fondazione Longhi che ha recentemente pubblicato per le Edizioni dei Soncino il volume Sebastiano Mazzoni. (1611-1678) Catalogo Ragionato. Il volume di 400 pagine costituisce una edizione aggiornata e ampliata di una monografia che l\u2019autore dedic\u00f2 nel 1999 a Sebastiano Mazzoni (Firenze, 1611 &#8211; Venezia, 1678), artista attivo agli esordi a Firenze e poi soprattutto a Venezia, ove acquist\u00f2 fama di ottimo e spiritoso pittore, di grande invenzione, secondo quanto riferisce nel 1738 il biografo Tomaso Temanza.<\/p>\n<p>&nbsp;<\/p>\n<p>&nbsp;<\/p>\n<p>&nbsp;<\/p>\n<p>&nbsp;<\/p>\n<p>&nbsp;<\/p>\n<h3>NUOVO CODICE DELLA CRISI DI IMPRESA E NOVITA&#8217; FISCALI CONVEGNO AL CENTRO GIOVANNI XXIII<\/h3>\n<p><a class=\"dt-pswp-item\" href=\"http:\/\/www.radiopiu.net\/wordpress\/wp-content\/uploads\/2019\/12\/Locandina-13-dicembre-CUP-BELLUNO.jpg\" data-dt-img-description=\"\" data-large_image_width=\"1654\" data-large_image_height=\"2339\"><img loading=\"lazy\" decoding=\"async\" class=\"size-medium wp-image-108671 alignleft\" src=\"http:\/\/www.radiopiu.net\/wordpress\/wp-content\/uploads\/2019\/12\/Locandina-13-dicembre-CUP-BELLUNO-212x300.jpg\" alt=\"\" width=\"212\" height=\"300\" srcset=\"https:\/\/www.radiopiu.net\/wordpress\/wp-content\/uploads\/2019\/12\/Locandina-13-dicembre-CUP-BELLUNO-212x300.jpg 212w, https:\/\/www.radiopiu.net\/wordpress\/wp-content\/uploads\/2019\/12\/Locandina-13-dicembre-CUP-BELLUNO-768x1086.jpg 768w, https:\/\/www.radiopiu.net\/wordpress\/wp-content\/uploads\/2019\/12\/Locandina-13-dicembre-CUP-BELLUNO-724x1024.jpg 724w, https:\/\/www.radiopiu.net\/wordpress\/wp-content\/uploads\/2019\/12\/Locandina-13-dicembre-CUP-BELLUNO.jpg 1654w\" sizes=\"auto, (max-width: 212px) 100vw, 212px\" \/><\/a><strong>BELLUNO <\/strong>Si terr\u00e0 venerd\u00ec 13 dicembre, dalle ore 15.00 alle 19.00, al Teatro del Centro Giovanni XXIII di Belluno il convegno di aggiornamento sul tema: &#8220;Il nuovo codice della crisi di impresa. Profili processuali e sostanziali. Novit\u00e0 fiscali\u201d. L&#8217;evento, organizzato dal CUP &#8211; Comitato Unitario Permanente degli Ordini e Collegi Professionali di Belluno, sar\u00e0 introdotto e moderato dall\u2019Avvocato Innocenzo Megali e aperto dal Presidente del Tribunale di Belluno, la Dottoressa Antonella Coniglio. Ai lavori parteciperanno l\u2019Avvocato Mariacarla Giorgetti, Professore ordinario di diritto processuale civile all&#8217;Universit\u00e0 di Bergamo, esperta ed autrice di libri di Diritto Fallimentare; il Dottor Nicol\u00f2 Castello, MPHIM+ Author; l&#8217;Avvocato Silvia Masiero; l&#8217;Avvocato Leonardo Bolla; il Ragioniere Commercialista e Revisore legale Fausto Gallo. All&#8217;evento \u00e8 stato invitato anche il Ministro per i rapporti con il Parlamento, Federico D&#8217;Inc\u00e0.<\/p>\n<p>&nbsp;<\/p>\n<p>&nbsp;<\/p>\n<p>&nbsp;<\/p>\n<p>&nbsp;<\/p>\n<h2><a class=\"dt-pswp-item\" href=\"http:\/\/www.radiopiu.net\/wordpress\/wp-content\/uploads\/2019\/08\/La-Val-che-Urla-Fiammetta-Mirko.jpg\" data-dt-img-description=\"\" data-large_image_width=\"1920\" data-large_image_height=\"1080\"><img loading=\"lazy\" decoding=\"async\" class=\" wp-image-95546 alignleft\" src=\"http:\/\/www.radiopiu.net\/wordpress\/wp-content\/uploads\/2019\/08\/La-Val-che-Urla-Fiammetta-Mirko-300x169.jpg\" alt=\"\" width=\"213\" height=\"120\" srcset=\"https:\/\/www.radiopiu.net\/wordpress\/wp-content\/uploads\/2019\/08\/La-Val-che-Urla-Fiammetta-Mirko-300x169.jpg 300w, https:\/\/www.radiopiu.net\/wordpress\/wp-content\/uploads\/2019\/08\/La-Val-che-Urla-Fiammetta-Mirko-768x432.jpg 768w, https:\/\/www.radiopiu.net\/wordpress\/wp-content\/uploads\/2019\/08\/La-Val-che-Urla-Fiammetta-Mirko-1024x576.jpg 1024w, https:\/\/www.radiopiu.net\/wordpress\/wp-content\/uploads\/2019\/08\/La-Val-che-Urla-Fiammetta-Mirko.jpg 1920w\" sizes=\"auto, (max-width: 213px) 100vw, 213px\" \/><\/a>13 DICEMBRE A FIERA DI PRIMIERO, 4 GENNAIO 2020 AD AGORDO IN SALA DON TAMIS. IL &#8220;NOSTRO&#8221; FILM. DI LUCIA ZANETTIN LA VAL CHE URLA.<\/h2>\n<p><span style=\"color: #ff0000;\"><strong>AUDIO TRAILER<\/strong><\/span><\/p>\n<audio class=\"wp-audio-shortcode\" id=\"audio-108621-8\" preload=\"none\" style=\"width: 100%;\" controls=\"controls\"><source type=\"audio\/mpeg\" src=\"http:\/\/www.radiopiu.net\/wordpress\/wp-content\/uploads\/2019\/12\/TRAILER.mp3?_=8\" \/><a href=\"http:\/\/www.radiopiu.net\/wordpress\/wp-content\/uploads\/2019\/12\/TRAILER.mp3\">http:\/\/www.radiopiu.net\/wordpress\/wp-content\/uploads\/2019\/12\/TRAILER.mp3<\/a><\/audio>\n<p>&nbsp;<\/p>\n<p>&nbsp;<\/p>\n<p>&nbsp;<\/p>\n<h3>NOVEMBRE 2019: NEVE E PIOGGIA RECORD DEGLI ULTIMI 25 ANNI<\/h3>\n<p><strong><a class=\"dt-pswp-item\" href=\"http:\/\/www.radiopiu.net\/wordpress\/wp-content\/uploads\/2019\/12\/ARABBA-RECORD-NOV2019.png\" data-dt-img-description=\"\" data-large_image_width=\"845\" data-large_image_height=\"550\"><img loading=\"lazy\" decoding=\"async\" class=\" wp-image-108676 alignleft\" src=\"http:\/\/www.radiopiu.net\/wordpress\/wp-content\/uploads\/2019\/12\/ARABBA-RECORD-NOV2019-300x195.png\" alt=\"\" width=\"210\" height=\"137\" srcset=\"https:\/\/www.radiopiu.net\/wordpress\/wp-content\/uploads\/2019\/12\/ARABBA-RECORD-NOV2019-300x195.png 300w, https:\/\/www.radiopiu.net\/wordpress\/wp-content\/uploads\/2019\/12\/ARABBA-RECORD-NOV2019-768x500.png 768w, https:\/\/www.radiopiu.net\/wordpress\/wp-content\/uploads\/2019\/12\/ARABBA-RECORD-NOV2019.png 845w\" sizes=\"auto, (max-width: 210px) 100vw, 210px\" \/><\/a>Novembre 2019: neve e pioggia record degli ultimi 25 anni <\/strong>Dopo un mese di ottobre relativamente secco e piuttosto caldo, con l\u2019inizio di novembre la situazione meteorologica in Veneto \u00e8 radicalmente mutata. Un\u2019anomala successione di perturbazioni ha provocato una serie di eventi pluviometrici importanti, spesso a carattere sciroccale, con piogge anche forti e abbondanti, nevicate copiose in quota, rinforzi di vento molto significativi specie sulla costa e in montagna. Complessivamente il mese \u00e8 risultato, in media sull\u2019intero territorio, il pi\u00f9 piovoso e nevoso degli ultimi 25 anni, superando in diverse zone i record precedenti generalmente registrati negli anni 2010, 2002 e 2000. Anche le temperature hanno avuto un andamento piuttosto anomalo, mantenendosi spesso sopra la media specie nei valori minimi, a causa della frequente copertura nuvolosa e dei venti di Scirocco, ma anche nei valori massimi giornalieri soprattutto nell\u2019ultima decade in occasione di alcune giornate soleggiate.<br \/>\n<strong>Le precipitazioni <\/strong>Durante il mese sono caduti in media sull\u2019intero territorio regionale 330 mm di precipitazione totale contro una media (1992-2018) di 130 mm circa. Gli apporti mensili sono risultati quindi molto superiori alla norma (+150% circa) e mediamente rappresentano i quantitativi di novembre pi\u00f9 elevati della serie ARPAV dal 1992. In passato, negli ultimi 25 anni circa, apporti rilevanti del mese di novembre si registrarono nel 2000 e 2002 sul settore montano, nel 2008 sulla pianura meridionale, nel 2010 sulla pianura centro-settentrionale e sulla pedemontana, nel 2012 e 2014 sulla pianura nord-orientale: quasi ovunque comunque tali valori risultano inferiori a quelli di novembre 2019. La distribuzione delle precipitazioni sulla regione \u00e8 stata, come spesso accade, crescente dalla pianura meridionale verso le zone montane: complessivamente si sono registrati dai 150 ai 300 mm su gran parte della pianura, dai 300 ai 500 mm sulle zone pedemontane e dai 500 ai 700 mm su gran parte delle zone montane con punte massime di 700-900 mm circa in alcune localit\u00e0 delle Prealpi e delle Dolomiti meridionali.<\/p>\n<p>TABELLE<\/p>\n<div class=\"su-document su-u-responsive-media-no\"><iframe loading=\"lazy\" src=\"\/\/docs.google.com\/viewer?embedded=true&url=http:\/\/www.radiopiu.net\/wordpress\/wp-content\/uploads\/2019\/12\/Notizia-meteo_Novembre2019.pdf\" width=\"600\" height=\"800\" class=\"su-document\" title=\"cc\"><\/iframe><\/div>\n<p>&nbsp;<\/p>\n<p>&nbsp;<\/p>\n<p>&nbsp;<\/p>\n<p>&nbsp;<\/p>\n<p>&nbsp;<\/p>\n<h3><a class=\"dt-pswp-item\" href=\"http:\/\/www.radiopiu.net\/wordpress\/wp-content\/uploads\/2018\/09\/appuntamenti.jpeg\" data-dt-img-description=\"\" data-large_image_width=\"800\" data-large_image_height=\"100\"><img loading=\"lazy\" decoding=\"async\" class=\"aligncenter wp-image-61958 size-full\" src=\"http:\/\/www.radiopiu.net\/wordpress\/wp-content\/uploads\/2018\/09\/appuntamenti.jpeg\" alt=\"\" width=\"800\" height=\"100\" srcset=\"https:\/\/www.radiopiu.net\/wordpress\/wp-content\/uploads\/2018\/09\/appuntamenti.jpeg 800w, https:\/\/www.radiopiu.net\/wordpress\/wp-content\/uploads\/2018\/09\/appuntamenti-300x38.jpeg 300w, https:\/\/www.radiopiu.net\/wordpress\/wp-content\/uploads\/2018\/09\/appuntamenti-768x96.jpeg 768w\" sizes=\"auto, (max-width: 800px) 100vw, 800px\" \/><\/a><\/h3>\n<h3><\/h3>\n<blockquote>\n<h3>LA MOSTRA FOTOGRAFICA DI LUCA CHIZZALI<\/h3>\n<p><strong>VALLADA<\/strong> La scuola dell&#8217;infanzia fino\u00a0 al 16 dicembre proporr\u00e0 &#8220;Stiamo partendo verso un mondo diritto&#8221;, alla scoperta dei diritti dell&#8217;infanzia. La mostra sar\u00e0 allestita nei locali della Biblioteca, aperta tutti i giorni dal lunedi al venerdi su prenotazione (340 1212646 oppure 3289739975). Nel fine settimana aperta, sabato 7 e 14 dicembre dalle 15 alle 17, domenica 8 e 15 dicembre dalle 10.30 alle 12.30.<\/p>\n<p>&nbsp;<\/p><\/blockquote>\n<p>&nbsp;<\/p>\n<h2>SAN NICOLO&#8217; AL\u00a0<a class=\"profileLink\" href=\"https:\/\/www.facebook.com\/dersut.taibon\/?__tn__=K-R&amp;eid=ARCd5-6HVvFPluW96VPx6-IRa6j0bb5XZXSWRsH6Jn5gxVYDs5rJtTwmDEJQhzA_C_QN6a1wveQo0XfR&amp;fref=mentions&amp;__xts__%5B0%5D=68.ARBJvr2DdbHPUw4u_mPCOrn7oMDbc9YttqWhoiXlGzOdA_Er1H_xjp6RK6eEEY3vubZk4hlUiJwQdLXdsG-pPzSVx21nOIP4smTudfkW6REgDkV_F5qKf3rNzkwKFaXCB4GDU4GmbNAGqmkvwlsjTDkxfYyb2Yh7M_-MHca0ZiRery8GQ_lz-itz5MGJPIllMPTsc8brqlEI7cix\" data-hovercard=\"\/ajax\/hovercard\/page.php?id=904939246267497&amp;extragetparams=%7B%22__tn__%22%3A%22%2CdK-R-R%22%2C%22eid%22%3A%22ARCd5-6HVvFPluW96VPx6-IRa6j0bb5XZXSWRsH6Jn5gxVYDs5rJtTwmDEJQhzA_C_QN6a1wveQo0XfR%22%2C%22fref%22%3A%22mentions%22%7D\" data-hovercard-prefer-more-content-show=\"1\">Dersut Taibon<\/a><\/h2>\n<p>QUESTA SERA &#8230; ALLE 18 FESTA E PER I PIU&#8217; PICCOLI ARRIVA SAN NICOLO&#8217;&#8230;<br \/>\nBAMBINI&#8230;. PRONTI PER INCONTRARE IL BUON BARBUTO? ORMAI DA ANNI AFFEZIONATO AL DERSUT TORNA A TAIBON CON IL SUO SORRISO BONTA&#8217; E DOLCI DONI.<\/p>\n<p><a class=\"dt-pswp-item\" href=\"http:\/\/www.radiopiu.net\/wordpress\/wp-content\/uploads\/2019\/11\/47506455_1966430863451658_7646851883667030016_n.jpg\" data-dt-img-description=\"\" data-large_image_width=\"720\" data-large_image_height=\"960\"><img loading=\"lazy\" decoding=\"async\" class=\"alignnone size-medium wp-image-108218\" src=\"http:\/\/www.radiopiu.net\/wordpress\/wp-content\/uploads\/2019\/11\/47506455_1966430863451658_7646851883667030016_n-225x300.jpg\" alt=\"\" width=\"225\" height=\"300\" srcset=\"https:\/\/www.radiopiu.net\/wordpress\/wp-content\/uploads\/2019\/11\/47506455_1966430863451658_7646851883667030016_n-225x300.jpg 225w, https:\/\/www.radiopiu.net\/wordpress\/wp-content\/uploads\/2019\/11\/47506455_1966430863451658_7646851883667030016_n.jpg 720w\" sizes=\"auto, (max-width: 225px) 100vw, 225px\" \/><\/a><a class=\"dt-pswp-item\" href=\"http:\/\/www.radiopiu.net\/wordpress\/wp-content\/uploads\/2019\/11\/47577069_10218433766222304_6412096215390879744_n.jpg\" data-dt-img-description=\"\" data-large_image_width=\"720\" data-large_image_height=\"960\"><img loading=\"lazy\" decoding=\"async\" class=\"alignnone size-medium wp-image-108219\" src=\"http:\/\/www.radiopiu.net\/wordpress\/wp-content\/uploads\/2019\/11\/47577069_10218433766222304_6412096215390879744_n-225x300.jpg\" alt=\"\" width=\"225\" height=\"300\" srcset=\"https:\/\/www.radiopiu.net\/wordpress\/wp-content\/uploads\/2019\/11\/47577069_10218433766222304_6412096215390879744_n-225x300.jpg 225w, https:\/\/www.radiopiu.net\/wordpress\/wp-content\/uploads\/2019\/11\/47577069_10218433766222304_6412096215390879744_n.jpg 720w\" sizes=\"auto, (max-width: 225px) 100vw, 225px\" \/><\/a><\/p>\n<p>&nbsp;<\/p>\n<p>&nbsp;<\/p>\n<p><strong>CANALE D&#8217;AGORDO<\/strong> Domani alle 2045 in Biblioteca a Vallada Isabella Dal Pont Bonet presenta &#8220;Natursophia&#8221;, un libro per conciliarsi con la natura imparando di nuovo ad ascoltarla assecondandone il ritmo<\/p>\n<p>&nbsp;<\/p>\n<p><strong>AGORDO<\/strong> Carla Taglietti e Valentina Turrini, in arte Le Strologhe, domani\u00a0 \u00a0alle 15 porteranno ad Agordo uno spettacolo con racconti, canti e ricordi. Organizzato da Ad Agordo Proloco, lo spettacolo avr\u00e0 luogo all&#8217;auditorium Savio. Al termine Le Strologhe\u00a0 accompagneranno con la loro musica il corteo fino alla casetta di Babbo Natale per la merenda. Le due donne dal 2005 portano in giro per l&#8217;Italia narrazioni, spettacoli e laboratori.<\/p>\n<p>&nbsp;<\/p>\n<p>&nbsp;<\/p>\n<p><strong>LA VALLE<\/strong> Sot al Tamer serate dedicate ai viaggi, sport e avventura con filmati audivisivi. Nella sala Don Valmassoni (ex caselo) con entrata libera.\u00a0 Domani\u00a0 alle 20.15 Gianni De Zaiacomo; 13 dicembre William Da Roit; 20 dicembre Silvano De Zaiacomo<\/p>\n<p>&nbsp;<\/p>\n<p>&nbsp;<\/p>\n<h3><a class=\"dt-pswp-item\" href=\"http:\/\/www.radiopiu.net\/wordpress\/wp-content\/uploads\/2019\/11\/76695063_2395894000740298_6989106160867475456_o.jpg\" data-dt-img-description=\"\" data-large_image_width=\"687\" data-large_image_height=\"960\"><img loading=\"lazy\" decoding=\"async\" class=\" wp-image-107894 alignleft\" src=\"http:\/\/www.radiopiu.net\/wordpress\/wp-content\/uploads\/2019\/11\/76695063_2395894000740298_6989106160867475456_o-215x300.jpg\" alt=\"\" width=\"153\" height=\"213\" srcset=\"https:\/\/www.radiopiu.net\/wordpress\/wp-content\/uploads\/2019\/11\/76695063_2395894000740298_6989106160867475456_o-215x300.jpg 215w, https:\/\/www.radiopiu.net\/wordpress\/wp-content\/uploads\/2019\/11\/76695063_2395894000740298_6989106160867475456_o.jpg 687w\" sizes=\"auto, (max-width: 153px) 100vw, 153px\" \/><\/a><\/h3>\n<h3><\/h3>\n<h3>KRAMPUS, IL RITORNO PER IL TERZO ANNO NEL RICORDO DI DON STEFANO PONTIL<\/h3>\n<p><strong>VOLTAGO<\/strong> Per il terzo anno ritornano i Krampus in piazza a Frassen\u00e8. Domenica 15 DICEMBRE alle 19 e per la prima volta sar\u00e0 disponibile anche l&#8217;abbigliamento dei Krampus. Presentazione dell&#8217;evento alla radio con Valther Da Campo del gruppo giovani del paese.<\/p>\n<p>&nbsp;<\/p>\n<audio class=\"wp-audio-shortcode\" id=\"audio-108621-9\" preload=\"none\" style=\"width: 100%;\" controls=\"controls\"><source type=\"audio\/mpeg\" src=\"http:\/\/www.radiopiu.net\/wordpress\/wp-content\/uploads\/2019\/12\/WALTHER-DA-CAMPO.mp3?_=9\" \/><a href=\"http:\/\/www.radiopiu.net\/wordpress\/wp-content\/uploads\/2019\/12\/WALTHER-DA-CAMPO.mp3\">http:\/\/www.radiopiu.net\/wordpress\/wp-content\/uploads\/2019\/12\/WALTHER-DA-CAMPO.mp3<\/a><\/audio>\n<p>&nbsp;<\/p>\n<p>&nbsp;<\/p>\n<p>&nbsp;<\/p>\n<p>&nbsp;<\/p>\n<blockquote class=\"wp-embedded-content\" data-secret=\"hr0O6rN5cl\"><p><a href=\"http:\/\/www.radiopiu.net\/wordpress\/domenica-15-a-zorzoi-14-edizione-dei-famosi-mercatini-di-natale-di-renato-bona\/\">DOMENICA 15 A ZORZOI 14.EDIZIONE DEI FAMOSI \u201cMERCATINI DI NATALE di RENATO BONA<\/a><\/p><\/blockquote>\n<p><iframe loading=\"lazy\" title=\"&#8220;DOMENICA 15 A ZORZOI 14.EDIZIONE DEI FAMOSI \u201cMERCATINI DI NATALE di RENATO BONA&#8221; &#8212; Radio Pi\u00f9\" class=\"wp-embedded-content\" sandbox=\"allow-scripts\" security=\"restricted\" style=\"position: absolute; clip: rect(1px, 1px, 1px, 1px);\" src=\"http:\/\/www.radiopiu.net\/wordpress\/domenica-15-a-zorzoi-14-edizione-dei-famosi-mercatini-di-natale-di-renato-bona\/embed\/#?secret=hr0O6rN5cl\" data-secret=\"hr0O6rN5cl\" width=\"600\" height=\"338\" frameborder=\"0\" marginwidth=\"0\" marginheight=\"0\" scrolling=\"no\"><\/iframe><\/p>\n<p>&nbsp;<\/p>\n<p>&nbsp;<\/p>\n<p>&nbsp;<\/p>\n<p>&nbsp;<\/p>\n<h2><span style=\"color: #ff0000;\"><a class=\"dt-pswp-item\" href=\"http:\/\/www.radiopiu.net\/wordpress\/wp-content\/uploads\/2019\/11\/image003.jpg\" data-dt-img-description=\"\" data-large_image_width=\"664\" data-large_image_height=\"332\"><img loading=\"lazy\" decoding=\"async\" class=\"size-medium wp-image-107663 alignleft\" src=\"http:\/\/www.radiopiu.net\/wordpress\/wp-content\/uploads\/2019\/11\/image003-300x150.jpg\" alt=\"\" width=\"300\" height=\"150\" srcset=\"https:\/\/www.radiopiu.net\/wordpress\/wp-content\/uploads\/2019\/11\/image003-300x150.jpg 300w, https:\/\/www.radiopiu.net\/wordpress\/wp-content\/uploads\/2019\/11\/image003.jpg 664w\" sizes=\"auto, (max-width: 300px) 100vw, 300px\" \/><\/a>L&#8217;EVENTO&#8230; UN LIBRO PER 40 ANNI<\/span><\/h2>\n<p><strong>ALLEGH<\/strong>E Sabato 21 dicembre alle 16 in sala Antonio Franceschini ad Alleghe sar\u00e0 presentato il nuovo libro &#8220;Sci Club Alleghe, 40 anni di sport&#8221;. Sar\u00e0 il giorno della festa per i 40 anni di attivit\u00e0 del sodalizio.<\/p>\n<p>&nbsp;<\/p>\n<p>&nbsp;<\/p>\n<p>&nbsp;<\/p>\n<p>&nbsp;<\/p>\n<p>&nbsp;<\/p>\n<p>&nbsp;<\/p>\n<p><a class=\"dt-pswp-item\" href=\"http:\/\/www.radiopiu.net\/wordpress\/wp-content\/uploads\/2018\/09\/sport.jpg\" data-dt-img-description=\"\" data-large_image_width=\"800\" data-large_image_height=\"100\"><img loading=\"lazy\" decoding=\"async\" class=\"wp-image-60761 size-full aligncenter\" src=\"http:\/\/www.radiopiu.net\/wordpress\/wp-content\/uploads\/2018\/09\/sport.jpg\" alt=\"\" width=\"800\" height=\"100\" srcset=\"https:\/\/www.radiopiu.net\/wordpress\/wp-content\/uploads\/2018\/09\/sport.jpg 800w, https:\/\/www.radiopiu.net\/wordpress\/wp-content\/uploads\/2018\/09\/sport-300x38.jpg 300w, https:\/\/www.radiopiu.net\/wordpress\/wp-content\/uploads\/2018\/09\/sport-768x96.jpg 768w\" sizes=\"auto, (max-width: 800px) 100vw, 800px\" \/><\/a><\/p>\n<h3>DOMENICA LA SECONDA GIORNATA DEL TORNEO DEGLI ANGELI<\/h3>\n<p><a class=\"dt-pswp-item\" href=\"http:\/\/www.radiopiu.net\/wordpress\/wp-content\/uploads\/2019\/12\/TORNEO-ANGELI-2019.jpeg\" data-dt-img-description=\"\" data-large_image_width=\"696\" data-large_image_height=\"416\"><img loading=\"lazy\" decoding=\"async\" class=\"size-medium wp-image-108343 alignright\" src=\"http:\/\/www.radiopiu.net\/wordpress\/wp-content\/uploads\/2019\/12\/TORNEO-ANGELI-2019-300x179.jpeg\" alt=\"\" width=\"300\" height=\"179\" srcset=\"https:\/\/www.radiopiu.net\/wordpress\/wp-content\/uploads\/2019\/12\/TORNEO-ANGELI-2019-300x179.jpeg 300w, https:\/\/www.radiopiu.net\/wordpress\/wp-content\/uploads\/2019\/12\/TORNEO-ANGELI-2019.jpeg 696w\" sizes=\"auto, (max-width: 300px) 100vw, 300px\" \/><\/a>La 14\u00b0 edizione del Torneo degli Angeli, organizzato da l&#8217;U.S. Le Ville, \u00e8 iniziata domenica scorsa con la prima lunga giornata delle partite valide per la qualificazione alla fase finale. La manifestazione, dedicata a Thierry Brancaleone e Denis Benvegn\u00f9, riprender\u00e0 domenica prossima con la seconda giornata del turno eliminatorio.<\/p>\n<p><strong>ANDREA RUMOR, PRESIDENTE DEL LE VILLE<\/strong><\/p>\n<audio class=\"wp-audio-shortcode\" id=\"audio-108621-10\" preload=\"none\" style=\"width: 100%;\" controls=\"controls\"><source type=\"audio\/mpeg\" src=\"http:\/\/www.radiopiu.net\/wordpress\/wp-content\/uploads\/2019\/12\/ANDREA-RUMOR-TORNEO-ANGELI-2019.mp3?_=10\" \/><a href=\"http:\/\/www.radiopiu.net\/wordpress\/wp-content\/uploads\/2019\/12\/ANDREA-RUMOR-TORNEO-ANGELI-2019.mp3\">http:\/\/www.radiopiu.net\/wordpress\/wp-content\/uploads\/2019\/12\/ANDREA-RUMOR-TORNEO-ANGELI-2019.mp3<\/a><\/audio>\n<p>&nbsp;<\/p>\n<p>&nbsp;<\/p>\n<p>&nbsp;<\/p>\n<p>&nbsp;<\/p>\n<h3>ESORDIENTI: NOVE VOLTE SUL PODIO A SAN DON\u00c0<\/h3>\n<p align=\"CENTER\"><span style=\"font-family: Lucida Grande, serif;\"><span style=\"font-size: small;\"><span lang=\"it-IT\"><b>Sportivamente Belluno\u00a0 sempre pi\u00f9 protagonista <\/b><\/span><\/span><\/span><b style=\"font-size: small; font-family: 'Lucida Grande', serif;\">nel campionato interprovinciale di nuoto<\/b><\/p>\n<p align=\"JUSTIFY\"><span style=\"color: #000000;\"><span style=\"font-family: Helvetica, serif;\"><span style=\"font-size: medium;\"><span style=\"font-size: small;\"><span lang=\"it-IT\">Un\u2019infornata di medaglie a San Don\u00e0 di Piave:\u00a0 9 i podi conquistati dagli Esordienti bellunesi, in occasione della seconda giornata legata al campionato interprovinciale di nuoto. <\/span><\/span><\/span><\/span><\/span><\/p>\n<p align=\"JUSTIFY\"><span style=\"color: #000000;\"><span style=\"font-family: Helvetica, serif;\"><span style=\"font-size: medium;\"><span style=\"font-size: small;\"><span lang=\"it-IT\"><strong><a class=\"dt-pswp-item\" href=\"http:\/\/www.radiopiu.net\/wordpress\/wp-content\/uploads\/2019\/12\/Elisa_Petteno_e_Camilla_Caldart.jpg\" data-dt-img-description=\"\" data-large_image_width=\"1307\" data-large_image_height=\"1029\"><img loading=\"lazy\" decoding=\"async\" class=\" wp-image-108617 alignleft\" src=\"http:\/\/www.radiopiu.net\/wordpress\/wp-content\/uploads\/2019\/12\/Elisa_Petteno_e_Camilla_Caldart-300x236.jpg\" alt=\"\" width=\"221\" height=\"174\" srcset=\"https:\/\/www.radiopiu.net\/wordpress\/wp-content\/uploads\/2019\/12\/Elisa_Petteno_e_Camilla_Caldart-300x236.jpg 300w, https:\/\/www.radiopiu.net\/wordpress\/wp-content\/uploads\/2019\/12\/Elisa_Petteno_e_Camilla_Caldart-768x605.jpg 768w, https:\/\/www.radiopiu.net\/wordpress\/wp-content\/uploads\/2019\/12\/Elisa_Petteno_e_Camilla_Caldart-1024x806.jpg 1024w, https:\/\/www.radiopiu.net\/wordpress\/wp-content\/uploads\/2019\/12\/Elisa_Petteno_e_Camilla_Caldart.jpg 1307w\" sizes=\"auto, (max-width: 221px) 100vw, 221px\" \/><\/a>Fascia A,<\/strong> la Sportivamente Belluno vola nei 50 stile libero e si tinge d\u2019oro grazie ai primati di Francesco Ceolin e Ivan Somacal, che nuotano sotto i 30 secondi. Bene anche Andrea Frisaldi (quarto) Samuele Gashi (nono), Francesco Milani, Alessandro Salton, Matteo Longi e Gianluca Ariano, tutti a un passo dalle qualificazioni regionali. Nella stessa gara dominano pure le ragazze: Elisa Petten\u00f2 conquista l\u2019oro (31\u201d2) e Camilla Caldart l\u2019argento (32\u201d6), mentre Carlotta Brida \u00e8 la pi\u00f9 veloce del 2009 e la coppia Emma Bortoluzzi-Greta Porta migliora di oltre 2\u201d il proprio record. Argento da incorniciare, inoltre, per una strepitosa Elisa Petten\u00f2 nei 200 rana, specialit\u00e0 in cui brillano anche Camilla Caldart, Anna Simon, Giacomo Bianchini, Gianluca Ariano, Angelica Visentini (esordio super) e Alice De Cassan. Altro sorriso nei 100 dorso, visto che Alessandro Salton centra il terzo posto, seguito per un soffio da Francesco Ceolin e Samuele Gashi. Performance di rilievo poi per Giacomo Bianchini, Matteo Longi e Francesco Milani. Per quanto riguarda i 400 misti, Somacal e Frisaldi migliorano i loro personali di ben 10\u201d. E, negli 800 stile, risplendono i debutti di Zaira Muleddu (scende so<a class=\"dt-pswp-item\" href=\"http:\/\/www.radiopiu.net\/wordpress\/wp-content\/uploads\/2019\/12\/Francesco_Ceolin_e_Ivan_Somacal.jpg\" data-dt-img-description=\"\" data-large_image_width=\"984\" data-large_image_height=\"1162\"><img loading=\"lazy\" decoding=\"async\" class=\"wp-image-108619 alignright\" src=\"http:\/\/www.radiopiu.net\/wordpress\/wp-content\/uploads\/2019\/12\/Francesco_Ceolin_e_Ivan_Somacal-254x300.jpg\" alt=\"\" width=\"159\" height=\"187\" srcset=\"https:\/\/www.radiopiu.net\/wordpress\/wp-content\/uploads\/2019\/12\/Francesco_Ceolin_e_Ivan_Somacal-254x300.jpg 254w, https:\/\/www.radiopiu.net\/wordpress\/wp-content\/uploads\/2019\/12\/Francesco_Ceolin_e_Ivan_Somacal-768x907.jpg 768w, https:\/\/www.radiopiu.net\/wordpress\/wp-content\/uploads\/2019\/12\/Francesco_Ceolin_e_Ivan_Somacal-867x1024.jpg 867w, https:\/\/www.radiopiu.net\/wordpress\/wp-content\/uploads\/2019\/12\/Francesco_Ceolin_e_Ivan_Somacal.jpg 984w\" sizes=\"auto, (max-width: 159px) 100vw, 159px\" \/><\/a>tto i 12\u2019) e Carlotta Brida, la pi\u00f9 piccola della categoria.\u00a0<\/span><\/span><\/span><\/span><\/span><span style=\"color: #000000;\"><span style=\"font-family: Helvetica, serif;\"><span style=\"font-size: medium;\"><span style=\"font-size: small;\"><span lang=\"it-IT\">Pu\u00f2 quindi esultare la guida tecnica\u00a0Daniela Piermarini, soddisfatta\u00a0dei tempi ottenuti\u00a0e della condotta di gara, ma gi\u00e0 al lavoro in vista del 7. Meeting\u00a0di\u00a0Babbo Natale, in programma domenica 22\u00a0dicembre a\u00a0Bassano del Grappa.<\/span><\/span><\/span><\/span><\/span><\/p>\n<p align=\"JUSTIFY\"><strong><span style=\"color: #000000;\"><span style=\"font-family: Helvetica, serif;\"><span style=\"font-size: medium;\"><span style=\"font-size: small;\"><span lang=\"it-IT\">Esordienti B anzi. <\/span><\/span><\/span><\/span><\/span><\/strong><span style=\"color: #000000;\"><span style=\"font-family: Helvetica, serif;\"><span style=\"font-size: medium;\"><span style=\"font-size: small;\"><span lang=\"it-IT\">N<\/span><\/span><\/span><\/span><\/span><span style=\"font-size: small; font-family: Helvetica, serif; color: #000000;\">ei 100 rana, l\u2019ottimo Alessandro Nerviani conquista il bronzo, a soli 3 decimi dall\u2019argento, tallonato da Alberto Corr\u00f2, capace di chiudere a 4 decimi dal podio. In tema di podi, ha voce in capitolo pure Alberto Onida, che nei 50 dorso agguanta il terzo scalino. Sempre nel dorso, applausi per i giovanissimi Niccol\u00f2 Longi, Mattia Galanti, Daniele <a class=\"dt-pswp-item\" href=\"http:\/\/www.radiopiu.net\/wordpress\/wp-content\/uploads\/2019\/12\/Alessandro_Salton.jpg\" data-dt-img-description=\"\" data-large_image_width=\"1034\" data-large_image_height=\"1323\"><img loading=\"lazy\" decoding=\"async\" class=\" wp-image-108618 alignleft\" src=\"http:\/\/www.radiopiu.net\/wordpress\/wp-content\/uploads\/2019\/12\/Alessandro_Salton-234x300.jpg\" alt=\"\" width=\"147\" height=\"188\" srcset=\"https:\/\/www.radiopiu.net\/wordpress\/wp-content\/uploads\/2019\/12\/Alessandro_Salton-234x300.jpg 234w, https:\/\/www.radiopiu.net\/wordpress\/wp-content\/uploads\/2019\/12\/Alessandro_Salton-768x983.jpg 768w, https:\/\/www.radiopiu.net\/wordpress\/wp-content\/uploads\/2019\/12\/Alessandro_Salton-800x1024.jpg 800w, https:\/\/www.radiopiu.net\/wordpress\/wp-content\/uploads\/2019\/12\/Alessandro_Salton.jpg 1034w\" sizes=\"auto, (max-width: 147px) 100vw, 147px\" \/><\/a>Salatin e Alessio Camposeo. E, in campo femminile, buone le prove di Greta Viel, Margherita De Cian ed Eleonora Bortot.\u00a0<\/span><span style=\"color: #000000;\"><span style=\"font-family: Helvetica, serif;\"><span style=\"font-size: medium;\"><span style=\"font-size: small;\"><span lang=\"it-IT\">Proseguendo con i 200 stile, Corr\u00f2\u00a0\u00e8 nono assoluto, mentre\u00a0Nerviani\u00a0e\u00a0Onida\u00a0abbattono il muro dei 3\u2019. Tornando alla rana, sulla distanza dei 100 metri meritano una sottolineatura le gare di Riccardo Levi Cervo, Niccol\u00f2 Longi, Vincenzo\u00a0Juliano, Margherita De\u00a0Cian (nona assoluta), Eleonora\u00a0Bortot, Beatrice\u00a0Mezzacasa\u00a0e Margherita Mazzoli. E la staffetta? Profuma di medaglia. In particolare la 4&#215;50 stile libero maschile, terza per merito di Onida, Corr\u00f2, Cervo e\u00a0Nerviani. Pollice alto pure per la seconda staffetta maschile (Mattia Galanti, Samuele\u00a0Sommacal, Mattia Galanti e Niccol\u00f2 Longi) e la femminile, composta da Eleonora\u00a0Bortot, Greta\u00a0Viel, Marta De\u00a0Min\u00a0e Margherita De\u00a0Cian. Insomma, un bilancio pi\u00f9 che positivo. Per la gioia dei tecnici Maria Elena Canova e Marco\u00a0Sommacal.<\/span><\/span><\/span><\/span><\/span><\/p>\n<blockquote>\n<h3 align=\"JUSTIFY\"><\/h3>\n<\/blockquote>\n<h3 align=\"JUSTIFY\"><\/h3>\n<h3 align=\"JUSTIFY\"><\/h3>\n<h3 align=\"JUSTIFY\"><\/h3>\n<h3 align=\"JUSTIFY\"><\/h3>\n<blockquote><p>&nbsp;<\/p><\/blockquote>\n<h3 align=\"JUSTIFY\">ESORDIO DELL&#8217;ONDABLU A MONTEBELLUNA: 8 MEDAGLIE<\/h3>\n<p><a class=\"dt-pswp-item\" href=\"http:\/\/www.radiopiu.net\/wordpress\/wp-content\/uploads\/2019\/12\/Swim-Teen_F_19-20_2.jpg\" data-dt-img-description=\"\" data-large_image_width=\"1600\" data-large_image_height=\"960\"><img loading=\"lazy\" decoding=\"async\" class=\"size-medium wp-image-108665 alignleft\" src=\"http:\/\/www.radiopiu.net\/wordpress\/wp-content\/uploads\/2019\/12\/Swim-Teen_F_19-20_2-300x180.jpg\" alt=\"\" width=\"300\" height=\"180\" srcset=\"https:\/\/www.radiopiu.net\/wordpress\/wp-content\/uploads\/2019\/12\/Swim-Teen_F_19-20_2-300x180.jpg 300w, https:\/\/www.radiopiu.net\/wordpress\/wp-content\/uploads\/2019\/12\/Swim-Teen_F_19-20_2-768x461.jpg 768w, https:\/\/www.radiopiu.net\/wordpress\/wp-content\/uploads\/2019\/12\/Swim-Teen_F_19-20_2-1024x614.jpg 1024w, https:\/\/www.radiopiu.net\/wordpress\/wp-content\/uploads\/2019\/12\/Swim-Teen_F_19-20_2.jpg 1600w\" sizes=\"auto, (max-width: 300px) 100vw, 300px\" \/><\/a>Domenica 1 dicembre si \u00e8 svolta nella piscina di Montebelluna la prima gara della fase interprovinciale del settore Swim Teen del Comitato regionale veneto della FIN \u2013 Federazione italiana nuoto. Ben 16 le squadre partecipanti tra cui tutte le societ\u00e0 della provincia di Belluno (Sportivamente Belluno, Dolomiti Nuoto di Pelos di Cadore, Mondo Sport di Pieve di Cadore, Attivamente Agordino e Ondablu di Pedavena e Santa Giustina). Il settore swim teen coinvolge giovani appassionati di nuoto tra i 12 e i 18 anni che si allenano un paio di volte la settimana e vogliosi anche di cimentarsi in gare di nuoto e nuoto per salvamento. Per l\u2019Ondablu ben 58 gli atleti (41 femmine e 17 maschi) che si sono tutti migliorati nei loro tempi personali. Soddisfatti per i risultati e per la buona crescita di tutti gli atleti la coordinatrice del settore Myrene Funke ed i tecnici Myrene Donata Arnosti, Daniela Boldo, Davide Cosner, Jacopo Da Col, Angelo Meletti, Paola Olivotto, Oscar Paganin.<\/p>\n<p><a class=\"dt-pswp-item\" href=\"http:\/\/www.radiopiu.net\/wordpress\/wp-content\/uploads\/2019\/12\/Swim-T-19-20_1.jpg\" data-dt-img-description=\"\" data-large_image_width=\"1600\" data-large_image_height=\"1200\"><img loading=\"lazy\" decoding=\"async\" class=\"size-medium wp-image-108664 alignright\" src=\"http:\/\/www.radiopiu.net\/wordpress\/wp-content\/uploads\/2019\/12\/Swim-T-19-20_1-300x225.jpg\" alt=\"\" width=\"300\" height=\"225\" srcset=\"https:\/\/www.radiopiu.net\/wordpress\/wp-content\/uploads\/2019\/12\/Swim-T-19-20_1-300x225.jpg 300w, https:\/\/www.radiopiu.net\/wordpress\/wp-content\/uploads\/2019\/12\/Swim-T-19-20_1-768x576.jpg 768w, https:\/\/www.radiopiu.net\/wordpress\/wp-content\/uploads\/2019\/12\/Swim-T-19-20_1-1024x768.jpg 1024w, https:\/\/www.radiopiu.net\/wordpress\/wp-content\/uploads\/2019\/12\/Swim-T-19-20_1.jpg 1600w\" sizes=\"auto, (max-width: 300px) 100vw, 300px\" \/><\/a>Risultati: <b>Femminile: <\/b>Maddalena Capretta 1\u00b0 50 ostacoli Juniores, Giorgia Tomaselli 3\u00b0 50 rana juniores. Appena gi\u00f9 dal podio al 4\u00b0 posto Maddalena Capretta 50 stile libero e 50 rana juniores, Valentina Roseo 50 stile libero cadetti, Desy Zatta 50 rana cadetti, Sofia Cossalter 50 ostacoli cadetti Buone le prestazioni di tutte le atlete in queste e nelle altre gare in programma: 100 dorso, 100 stile libero, staffetta 4&#215;25 torpedo, staffetta 4&#215;50 stile libero.<\/p>\n<p><b>Maschile: <\/b>Francesco Capretta 1\u00b0 50 rana, 1\u00b0 50 ostacoli e 2\u00b0 50 stile libero seniores, Thomas Zanotto 2\u00b0 50 stile libero juniores, Matteo De Bortoli 2\u00b0 50 rana ragazzi, Manuel Brancaleone 2\u00b0 50 ostacoli seniores, 2\u00b0 staffetta 4&#215;50 stile libero con Thomas Zanotto, Tagliapietra Thomas, Francesco Capretta e Manuel Brancaleone. Appena gi\u00f9 dal podio al 4\u00b0 posto Manuel Brancaleone 50 stile libero seniores, Tommaso Pol 100 dorso ragazzi, Thomas Tagliapietra 50 rana juniores, la staffetta 4x 25 torpedo con Nicol\u00f2 Fontanive, Thomas Tagliapietra, Matteo De Bortoli e Thomas Zanotto. Soddisfatti per le prestazioni gli altri atleti impegnati nelle diverse gare in programma.<\/p>\n<p>&nbsp;<\/p>\n<p>&nbsp;<\/p>\n<p>&nbsp;<\/p>\n<p align=\"JUSTIFY\"><a class=\"dt-pswp-item\" href=\"http:\/\/www.radiopiu.net\/wordpress\/wp-content\/uploads\/2018\/09\/WhatsApp-Image-2018-09-20-at-16.04.06.jpeg\" data-dt-img-description=\"\" data-large_image_width=\"800\" data-large_image_height=\"100\"><img loading=\"lazy\" decoding=\"async\" class=\"wp-image-61378 size-full aligncenter\" src=\"http:\/\/www.radiopiu.net\/wordpress\/wp-content\/uploads\/2018\/09\/WhatsApp-Image-2018-09-20-at-16.04.06.jpeg\" alt=\"\" width=\"800\" height=\"100\" srcset=\"https:\/\/www.radiopiu.net\/wordpress\/wp-content\/uploads\/2018\/09\/WhatsApp-Image-2018-09-20-at-16.04.06.jpeg 800w, https:\/\/www.radiopiu.net\/wordpress\/wp-content\/uploads\/2018\/09\/WhatsApp-Image-2018-09-20-at-16.04.06-300x38.jpeg 300w, https:\/\/www.radiopiu.net\/wordpress\/wp-content\/uploads\/2018\/09\/WhatsApp-Image-2018-09-20-at-16.04.06-768x96.jpeg 768w\" sizes=\"auto, (max-width: 800px) 100vw, 800px\" \/><\/a><\/p>\n<p><center><b>Giovedi 5<\/b><\/center><\/p>\n<p align=\"JUSTIFY\"><b>Tempo atteso: <\/b>Tempo ben soleggiato con cielo terso, aria nitida ed ottima visibilit\u00e0. L&#8217;insidia nebbia nei fondovalle prealpini dovrebbe rimanere bassa e molto localizzata. Clima notturno freddo nelle valli, dove l&#8217;inversione termica si accentuer\u00e0, pi\u00f9 mite in quota. In giornata anormalmente mite in alta quota.<br \/>\n<b>Precipitazioni: <\/b>Assenti (0%).<br \/>\n<b>Temperature: <\/b>Minime in rialzo in quota, con isotermica verticale tra i 1500 e 3000 m; pressoch\u00e9 stazionarie nelle valli dolomitiche e in ulteriore lieve calo nei fondovalle prealpini (minime di -2\/-4\u00b0C nei fondovalle prealpini e di -4\/7\u00b0C nelle valli innevate). Massime in aumento in quota e nelle valli dolomitiche, stazionarie nei fondovalle prealpini. Sono previsti massimi di 5\/7\u00b0C nelle conche prealpine e di 4\/6\u00b0C a 1000\/1200 m, di 0\/2\u00b0C nei settori in ombra. Sulle Prealpi a 1500 m min 2\u00b0C max 4\u00b0C, a 2000 m min 2\u00b0C max 4\u00b0C, sulle Dolomiti a 2000 m min 2\u00b0C max 4\u00b0C, a 3000 m min -1\u00b0C max 0\u00b0C.<br \/>\n<b>Venti: <\/b>Nelle valli deboli di direzione variabile, a tratti e localmente moderati per brezze di monte nei posti solitamente ventilati di notte; in quota deboli dai quadranti meridionali, a 5-10 km\/h sia a 2000 m che a 3000 m.<\/p>\n<hr \/>\n<p><center><b>Venerdi 6<\/b><\/center><\/p>\n<p align=\"JUSTIFY\"><b>Tempo atteso: <\/b>Tempo ben soleggiato con cielo terso, aria nitida ed ottima visibilit\u00e0. L&#8217;insidia notturna delle nebbia nei fondovalle prealpini sar\u00e0 sempre bassa e locale. Clima un po&#8217; meno mite in quota, sempre piuttosto freddo nelle valli, con riduzione dell&#8217;inversione termica.<br \/>\n<b>Precipitazioni: <\/b>Assenti (0%).<br \/>\n<b>Temperature: <\/b>In leggero calo in quota, dove persiste l&#8217;isotermia verticale, senza notevoli variazioni nelle valli sotto gli 800\/1000 m, dove il gelo notturno sar\u00e0 sempre diffuso (minime da -2\/-4\u00b0C nei fondovalle prealpini e compresi tra -3\/-6\u00b0C nelle valli dolomitiche innevate). Sono previsti massimi di 5\/7\u00b0C nelle conche prealpine e di 4\/5\u00b0C a 1000\/1200 m, di 0\/1\u00b0C nei settori in ombra. Sulle Prealpi a 1500 m min 1\u00b0C max 3\u00b0C, a 2000 m min 1\u00b0C max 2\u00b0C, sulle Dolomiti a 2000 m min 1\u00b0C max 2\u00b0C, a 3000 m min -2\u00b0C max -1\u00b0C.<br \/>\n<b>Venti: <\/b>Nelle valli deboli di direzione variabile, a tratti e localmente moderati per brezze di monte nei posti solitamente pi\u00f9 ventilati per le brezze di monte; in quota perlopi\u00f9 deboli dai quadranti occidentali, a 5-10 km\/h a 2000 m, a 5-15 km\/h a 3000 m.<\/p>\n<hr \/>\n<p><center><b>Sabato 7<\/b><\/center><\/p>\n<p align=\"JUSTIFY\">Tempo stabile con cielo parzialmente nuvoloso o a tratti coperto da nubi medio-alte. Maggiormente soleggiato al pomeriggio. L&#8217;insidia nebbia nei fondovalle prealpini durante le ore pi\u00f9 fredde aumenter\u00e0 un po&#8217; per maggiore umidit\u00e0 nei bassi strati. Temperature in generale calo, ad eccezione di un leggero aumento delle minime nelle valli. Venti deboli\/moderati da Nord-Ovest in quota, perlopi\u00f9 deboli di direzione variabile nelle valli.<\/p>\n<hr \/>\n<p><center><b>Domenica 8<\/b><\/center><\/p>\n<p align=\"JUSTIFY\">In prevalenza soleggiato con probabili nubi lenticolari medio-alte di sottovento (lee clouds), pi\u00f9 presenti sulle Prealpi. Alla sera aumento della nuvolosit\u00e0 medio-alta. Temperature in ulteriore lieve calo, eccetto qualche rialzo nelle valli per episodi di Foehn. Venti moderati da nord-ovest al mattino, poi in rinforzo fino a tesi da ovest al pomeriggio\/sera. Previsore: R.l.Th.<\/p>\n<p align=\"JUSTIFY\">\n","protected":false},"excerpt":{"rendered":"<p>&nbsp; SCIVOLA A MUORE IN CADORE PIEVE DI CADORE\u00a0 Claudio Zordan, 59\u00a0 anni, vicentino di Castelgomberto ma residente a Casale sul Sile \u00e8 morto dopo essere scivolato lungo il sentiero numero 334 Rio i Cornon che porta al bivacco CaiMi. L&#8217;uomo \u00e8 stato ritrovato a circa 40 metri da dove \u00e8 scivolato, la morte \u00e8&hellip;<\/p>\n","protected":false},"author":1,"featured_media":108712,"comment_status":"closed","ping_status":"closed","sticky":false,"template":"","format":"standard","meta":{"_monsterinsights_skip_tracking":false,"_monsterinsights_sitenote_active":false,"_monsterinsights_sitenote_note":"","_monsterinsights_sitenote_category":0,"footnotes":""},"categories":[1,86],"tags":[],"class_list":["post-108621","post","type-post","status-publish","format-standard","has-post-thumbnail","hentry","category-senza-categoria","category-gr","category-1","category-86","description-off"],"img_url":"https:\/\/www.radiopiu.net\/wordpress\/wp-content\/uploads\/2019\/12\/logo1.jpg","_links":{"self":[{"href":"https:\/\/www.radiopiu.net\/wordpress\/wp-json\/wp\/v2\/posts\/108621","targetHints":{"allow":["GET"]}}],"collection":[{"href":"https:\/\/www.radiopiu.net\/wordpress\/wp-json\/wp\/v2\/posts"}],"about":[{"href":"https:\/\/www.radiopiu.net\/wordpress\/wp-json\/wp\/v2\/types\/post"}],"author":[{"embeddable":true,"href":"https:\/\/www.radiopiu.net\/wordpress\/wp-json\/wp\/v2\/users\/1"}],"replies":[{"embeddable":true,"href":"https:\/\/www.radiopiu.net\/wordpress\/wp-json\/wp\/v2\/comments?post=108621"}],"version-history":[{"count":0,"href":"https:\/\/www.radiopiu.net\/wordpress\/wp-json\/wp\/v2\/posts\/108621\/revisions"}],"wp:featuredmedia":[{"embeddable":true,"href":"https:\/\/www.radiopiu.net\/wordpress\/wp-json\/wp\/v2\/media\/108712"}],"wp:attachment":[{"href":"https:\/\/www.radiopiu.net\/wordpress\/wp-json\/wp\/v2\/media?parent=108621"}],"wp:term":[{"taxonomy":"category","embeddable":true,"href":"https:\/\/www.radiopiu.net\/wordpress\/wp-json\/wp\/v2\/categories?post=108621"},{"taxonomy":"post_tag","embeddable":true,"href":"https:\/\/www.radiopiu.net\/wordpress\/wp-json\/wp\/v2\/tags?post=108621"}],"curies":[{"name":"wp","href":"https:\/\/api.w.org\/{rel}","templated":true}]}}