{"id":108628,"date":"2019-12-04T11:49:00","date_gmt":"2019-12-04T10:49:00","guid":{"rendered":"http:\/\/www.radiopiu.net\/wordpress\/?p=108628"},"modified":"2019-12-05T05:46:11","modified_gmt":"2019-12-05T04:46:11","slug":"progetto-pedibus-sesto-anno-cercasi-autisti","status":"publish","type":"post","link":"https:\/\/www.radiopiu.net\/wordpress\/progetto-pedibus-sesto-anno-cercasi-autisti\/","title":{"rendered":"PROGETTO PEDIBUS, SESTO ANNO, CERCASI &#8220;AUTISTI&#8221;"},"content":{"rendered":"<p><strong><a class=\"dt-pswp-item\" href=\"http:\/\/www.radiopiu.net\/wordpress\/wp-content\/uploads\/2019\/12\/72fdebfc-e68c-42c6-b381-f554164da826.jpg\" data-dt-img-description=\"\" data-large_image_width=\"1600\" data-large_image_height=\"838\"><img loading=\"lazy\" decoding=\"async\" class=\"size-medium wp-image-108630 alignleft\" src=\"http:\/\/www.radiopiu.net\/wordpress\/wp-content\/uploads\/2019\/12\/72fdebfc-e68c-42c6-b381-f554164da826-300x157.jpg\" alt=\"\" width=\"300\" height=\"157\" srcset=\"https:\/\/www.radiopiu.net\/wordpress\/wp-content\/uploads\/2019\/12\/72fdebfc-e68c-42c6-b381-f554164da826-300x157.jpg 300w, https:\/\/www.radiopiu.net\/wordpress\/wp-content\/uploads\/2019\/12\/72fdebfc-e68c-42c6-b381-f554164da826-768x402.jpg 768w, https:\/\/www.radiopiu.net\/wordpress\/wp-content\/uploads\/2019\/12\/72fdebfc-e68c-42c6-b381-f554164da826-1024x536.jpg 1024w, https:\/\/www.radiopiu.net\/wordpress\/wp-content\/uploads\/2019\/12\/72fdebfc-e68c-42c6-b381-f554164da826.jpg 1600w\" sizes=\"auto, (max-width: 300px) 100vw, 300px\" \/><\/a>AGORDO<\/strong> Oggi \u00e8 ricominciata l&#8217;avventura del pedibus per i bambini delle elementari. Per il sesto anno consecutivo ad Agordo il mercoled\u00ec mattina dei volontari accompagnano a scuola a piedi i 40 bambini che hanno aderito al progetto, percorrendo le due linee del pedibus <span style=\"color: #ffff99;\"><span style=\"color: #ffcc00;\">&#8220;Linea Gialla<\/span>&#8220;<\/span> Centro <span style=\"color: #339966;\">&#8211; &#8220;Linea Verde&#8221;<\/span> Toccol Le Ville.\u00a0 Gilet giallo e berrettino in dotazione, i bimbi hanno animato le vie di Agordo e i &#8220;Buongiorno &#8221; urlati al mercato non sono passati inosservati. Il progetto pu\u00f2 continuare ad essere una splendida realt\u00e0 anno dopo anno grazie alla collaborazione tra Comune e Ulss (referente Donata De Don\u00e0) e sopratutto grazie ai volontari.\u00a0 A tal proposito se qualcuno volesse aiutare e rendersi disponibile a fare da &#8220;Autista&#8221; qualche mercoledi mattina c&#8217;\u00e8 sempre bisogno, per info contattare la coordinatrice dei volontari\u00a0 IVANA DECIMA 3332863755<\/p>\n<p>&nbsp;<\/p>\n","protected":false},"excerpt":{"rendered":"<p>AGORDO Oggi \u00e8 ricominciata l&#8217;avventura del pedibus per i bambini delle elementari. Per il sesto anno consecutivo ad Agordo il mercoled\u00ec mattina dei volontari accompagnano a scuola a piedi i 40 bambini che hanno aderito al progetto, percorrendo le due linee del pedibus &#8220;Linea Gialla&#8220; Centro &#8211; &#8220;Linea Verde&#8221; Toccol Le Ville.\u00a0 Gilet giallo e&hellip;<\/p>\n","protected":false},"author":1,"featured_media":108631,"comment_status":"closed","ping_status":"closed","sticky":false,"template":"","format":"standard","meta":{"_monsterinsights_skip_tracking":false,"_monsterinsights_sitenote_active":false,"_monsterinsights_sitenote_note":"","_monsterinsights_sitenote_category":0,"footnotes":""},"categories":[103,49],"tags":[],"class_list":["post-108628","post","type-post","status-publish","format-standard","has-post-thumbnail","hentry","category-evidenza_2","category-news-18","category-103","category-49","description-off"],"img_url":"https:\/\/www.radiopiu.net\/wordpress\/wp-content\/uploads\/2019\/12\/f9dae1f1-72f0-46db-8578-aa6cbea37ba9.jpg","_links":{"self":[{"href":"https:\/\/www.radiopiu.net\/wordpress\/wp-json\/wp\/v2\/posts\/108628","targetHints":{"allow":["GET"]}}],"collection":[{"href":"https:\/\/www.radiopiu.net\/wordpress\/wp-json\/wp\/v2\/posts"}],"about":[{"href":"https:\/\/www.radiopiu.net\/wordpress\/wp-json\/wp\/v2\/types\/post"}],"author":[{"embeddable":true,"href":"https:\/\/www.radiopiu.net\/wordpress\/wp-json\/wp\/v2\/users\/1"}],"replies":[{"embeddable":true,"href":"https:\/\/www.radiopiu.net\/wordpress\/wp-json\/wp\/v2\/comments?post=108628"}],"version-history":[{"count":0,"href":"https:\/\/www.radiopiu.net\/wordpress\/wp-json\/wp\/v2\/posts\/108628\/revisions"}],"wp:featuredmedia":[{"embeddable":true,"href":"https:\/\/www.radiopiu.net\/wordpress\/wp-json\/wp\/v2\/media\/108631"}],"wp:attachment":[{"href":"https:\/\/www.radiopiu.net\/wordpress\/wp-json\/wp\/v2\/media?parent=108628"}],"wp:term":[{"taxonomy":"category","embeddable":true,"href":"https:\/\/www.radiopiu.net\/wordpress\/wp-json\/wp\/v2\/categories?post=108628"},{"taxonomy":"post_tag","embeddable":true,"href":"https:\/\/www.radiopiu.net\/wordpress\/wp-json\/wp\/v2\/tags?post=108628"}],"curies":[{"name":"wp","href":"https:\/\/api.w.org\/{rel}","templated":true}]}}