{"id":108800,"date":"2019-12-05T14:33:22","date_gmt":"2019-12-05T13:33:22","guid":{"rendered":"https:\/\/www.radiopiu.net\/wordpress\/?p=108800"},"modified":"2019-12-05T14:33:22","modified_gmt":"2019-12-05T13:33:22","slug":"la-bambina-di-agordo-in-aiuto-ai-terremotati-dellalbania","status":"publish","type":"post","link":"https:\/\/www.radiopiu.net\/wordpress\/la-bambina-di-agordo-in-aiuto-ai-terremotati-dellalbania\/","title":{"rendered":"LA BAMBINA DI AGORDO IN AIUTO AI TERREMOTATI DELL&#8217;ALBANIA"},"content":{"rendered":"<blockquote><p><em>simpatica lettera recapita alla Provincia da una bambina di Agordo, che vuole aiutare i terremotati di Albania.\u00a0<\/em><\/p><\/blockquote>\n<p><a class=\"dt-pswp-item\" href=\"https:\/\/www.radiopiu.net\/wordpress\/wp-content\/uploads\/2019\/12\/images-1.jpg\" data-dt-img-description=\"\" data-large_image_width=\"303\" data-large_image_height=\"166\"><img loading=\"lazy\" decoding=\"async\" class=\" wp-image-108803 alignleft\" src=\"https:\/\/www.radiopiu.net\/wordpress\/wp-content\/uploads\/2019\/12\/images-1-300x164.jpg\" alt=\"\" width=\"238\" height=\"130\" srcset=\"https:\/\/www.radiopiu.net\/wordpress\/wp-content\/uploads\/2019\/12\/images-1-300x164.jpg 300w, https:\/\/www.radiopiu.net\/wordpress\/wp-content\/uploads\/2019\/12\/images-1.jpg 303w\" sizes=\"auto, (max-width: 238px) 100vw, 238px\" \/><\/a>Letterina con regalo, nel segno della solidariet\u00e0. L\u2019ha spedita una bambina di Agordo alla Provincia di Belluno, per farla recapitare ai volontari di Protezione Civile. Il messaggio \u00e8 fortissimo: \u00abDate una mano ai bambini dell\u2019Albania, colpiti dal terremoto\u00bb. Ed \u00e8 accompagnato da una banconota da 5 euro.<br \/>\n\u00abCara Protezione Civile di Belluno &#8211; si legge nella lettera, vergata a mano e datata Agordo 26 novembre -. Sono Emily e vi scrivo perch\u00e9 stamattina, appena mi sono svegliata, ho sentito al telegiornale la brutta notizia. Mia mamma, che stava bevendo il caff\u00e8, mi ha spiegato che nella notte, in Albania, c\u2019\u00e8 stato un fortissimo terremoto. Io ho pensato a tutti i bambini che dormivano nei loro lettini caldi, vicino alla loro mamma e al loro pap\u00e0, o con i fratellini: si saranno spaventati tantissimo. Mi dispiace tanto: non \u00e8 giusto che succedano queste cose bruttissime; spero di non sentire pi\u00f9 queste notizie al telegiornale. Dalla paura quei bambini non avranno neanche fatto colazione. Io non so l\u2019albanese, ma vorrei dire a quei bambini che voglio essere la loro amica del cuore. Non so come fare, ma vorrei che voi, della Protezione Civile, mi aiutaste a consegnare ai bambini dell\u2019Albania il mio disegno, cos\u00ec possono vedere che io ho pensato a loro e che mi dispiace tanto per quello che \u00e8 successo. Spero che possano essere di nuovo tranquilli e felici con le loro famiglie. Ciao bambini albanesi. Vi mando anche 5 euro, cos\u00ec potete fare colazione domani mattina\u00bb. La lettera \u00e8 finita sulla scrivania del presidente della Provincia. \u00abLa solidariet\u00e0 dei bellunesi \u00e8 sempre enorme e commovente &#8211; commenta Roberto Padrin -. Questa letterina \u00e8 l\u2019esempio della parte migliore del nostro territorio, la forza inesauribile della generosit\u00e0, che si muove sempre quando ce n&#8217;\u00e8 bisogno\u00bb.<br \/>\n\u00abStiamo cercando di organizzare una giornata speciale per la bambina di Agordo &#8211; aggiunge il consigliere provinciale delegato alla Protezione Civile, Massimo Bortoluzzi -. Vorremmo farle incontrare i volontari che sono sempre pronti a intervenire nelle emergenze, dimostrando la stessa solidariet\u00e0 dimostrata da Emily\u00bb.<\/p>\n<div class=\"su-document su-u-responsive-media-no\"><iframe loading=\"lazy\" src=\"\/\/docs.google.com\/viewer?embedded=true&url=https:\/\/www.radiopiu.net\/wordpress\/wp-content\/uploads\/2019\/12\/Documenti-scansionati-1.pdf\" width=\"600\" height=\"800\" class=\"su-document\" title=\"cc\"><\/iframe><\/div>\n","protected":false},"excerpt":{"rendered":"<p>simpatica lettera recapita alla Provincia da una bambina di Agordo, che vuole aiutare i terremotati di Albania.\u00a0 Letterina con regalo, nel segno della solidariet\u00e0. L\u2019ha spedita una bambina di Agordo alla Provincia di Belluno, per farla recapitare ai volontari di Protezione Civile. Il messaggio \u00e8 fortissimo: \u00abDate una mano ai bambini dell\u2019Albania, colpiti dal terremoto\u00bb.&hellip;<\/p>\n","protected":false},"author":1,"featured_media":108803,"comment_status":"closed","ping_status":"closed","sticky":false,"template":"","format":"standard","meta":{"_monsterinsights_skip_tracking":false,"_monsterinsights_sitenote_active":false,"_monsterinsights_sitenote_note":"","_monsterinsights_sitenote_category":0,"footnotes":""},"categories":[51,49],"tags":[],"class_list":["post-108800","post","type-post","status-publish","format-standard","has-post-thumbnail","hentry","category-evidenza-top","category-news-18","category-51","category-49","description-off"],"img_url":"https:\/\/www.radiopiu.net\/wordpress\/wp-content\/uploads\/2019\/12\/images-1.jpg","_links":{"self":[{"href":"https:\/\/www.radiopiu.net\/wordpress\/wp-json\/wp\/v2\/posts\/108800","targetHints":{"allow":["GET"]}}],"collection":[{"href":"https:\/\/www.radiopiu.net\/wordpress\/wp-json\/wp\/v2\/posts"}],"about":[{"href":"https:\/\/www.radiopiu.net\/wordpress\/wp-json\/wp\/v2\/types\/post"}],"author":[{"embeddable":true,"href":"https:\/\/www.radiopiu.net\/wordpress\/wp-json\/wp\/v2\/users\/1"}],"replies":[{"embeddable":true,"href":"https:\/\/www.radiopiu.net\/wordpress\/wp-json\/wp\/v2\/comments?post=108800"}],"version-history":[{"count":0,"href":"https:\/\/www.radiopiu.net\/wordpress\/wp-json\/wp\/v2\/posts\/108800\/revisions"}],"wp:featuredmedia":[{"embeddable":true,"href":"https:\/\/www.radiopiu.net\/wordpress\/wp-json\/wp\/v2\/media\/108803"}],"wp:attachment":[{"href":"https:\/\/www.radiopiu.net\/wordpress\/wp-json\/wp\/v2\/media?parent=108800"}],"wp:term":[{"taxonomy":"category","embeddable":true,"href":"https:\/\/www.radiopiu.net\/wordpress\/wp-json\/wp\/v2\/categories?post=108800"},{"taxonomy":"post_tag","embeddable":true,"href":"https:\/\/www.radiopiu.net\/wordpress\/wp-json\/wp\/v2\/tags?post=108800"}],"curies":[{"name":"wp","href":"https:\/\/api.w.org\/{rel}","templated":true}]}}