{"id":108810,"date":"2019-12-06T05:40:03","date_gmt":"2019-12-06T04:40:03","guid":{"rendered":"https:\/\/www.radiopiu.net\/wordpress\/?p=108810"},"modified":"2019-12-06T10:18:00","modified_gmt":"2019-12-06T09:18:00","slug":"giornale-radiopiu-06-dicembre-2019-direttore-mirko-mezzacasa","status":"publish","type":"post","link":"https:\/\/www.radiopiu.net\/wordpress\/giornale-radiopiu-06-dicembre-2019-direttore-mirko-mezzacasa\/","title":{"rendered":"GIORNALE RADIOPIU 06 DICEMBRE 2019 DIRETTORE MIRKO MEZZACASA"},"content":{"rendered":"<p>&nbsp;<\/p>\n<p>&nbsp;<\/p>\n<p><strong>PROVINCIALE 3 LOCALITA&#8217; GONA DI RIVAMONTE, RIPRISTINO DELLA VIABILITA&#8217; STRADALE A DOPPIO SENSO DI MARCIA<\/strong><\/p>\n<p>&nbsp;<\/p>\n<p><strong>REGIONALE 563 SALESEI LOCALITA&#8217; PIAN, DAL 9 AL 20 DICEMBRE INTERDIZIONE TOTALE AL TRAFFICO DALLE 8 ALLE 17 PER TAGLIO ALBERI<\/strong><\/p>\n<p>&nbsp;<\/p>\n<p>&nbsp;<\/p>\n<h2>PROVINCIALE 20 VAL FIORENTINA: DOMANI MATTINA LA RIAPERTURA<\/h2>\n<p><a class=\"dt-pswp-item\" href=\"https:\/\/www.radiopiu.net\/wordpress\/wp-content\/uploads\/2019\/12\/pp.jpg\" data-dt-img-description=\"\" data-large_image_width=\"640\" data-large_image_height=\"640\"><img loading=\"lazy\" decoding=\"async\" class=\"alignnone wp-image-108855\" src=\"https:\/\/www.radiopiu.net\/wordpress\/wp-content\/uploads\/2019\/12\/pp-300x300.jpg\" alt=\"\" width=\"108\" height=\"108\" srcset=\"https:\/\/www.radiopiu.net\/wordpress\/wp-content\/uploads\/2019\/12\/pp-300x300.jpg 300w, https:\/\/www.radiopiu.net\/wordpress\/wp-content\/uploads\/2019\/12\/pp-150x150.jpg 150w, https:\/\/www.radiopiu.net\/wordpress\/wp-content\/uploads\/2019\/12\/pp.jpg 640w\" sizes=\"auto, (max-width: 108px) 100vw, 108px\" \/><\/a> <strong>IL SINDACO SI SELVA DI CADORE SILVIA CESTARO<\/strong><\/p>\n<audio class=\"wp-audio-shortcode\" id=\"audio-108810-1\" preload=\"none\" style=\"width: 100%;\" controls=\"controls\"><source type=\"audio\/mpeg\" src=\"https:\/\/www.radiopiu.net\/wordpress\/wp-content\/uploads\/2019\/12\/SIVLIA.mp3?_=1\" \/><a href=\"https:\/\/www.radiopiu.net\/wordpress\/wp-content\/uploads\/2019\/12\/SIVLIA.mp3\">https:\/\/www.radiopiu.net\/wordpress\/wp-content\/uploads\/2019\/12\/SIVLIA.mp3<\/a><\/audio>\n<p>&nbsp;<\/p>\n<p>&nbsp;<\/p>\n<p>&nbsp;<\/p>\n<h3><a class=\"dt-pswp-item\" href=\"http:\/\/www.radiopiu.net\/wordpress\/wp-content\/uploads\/2019\/12\/b288ddd4-15c7-450d-92f6-0a428816844c.jpg\" data-dt-img-description=\"\" data-large_image_width=\"1131\" data-large_image_height=\"1600\"><img loading=\"lazy\" decoding=\"async\" class=\"size-medium wp-image-108740 alignleft\" src=\"http:\/\/www.radiopiu.net\/wordpress\/wp-content\/uploads\/2019\/12\/b288ddd4-15c7-450d-92f6-0a428816844c-212x300.jpg\" alt=\"\" width=\"212\" height=\"300\" srcset=\"https:\/\/www.radiopiu.net\/wordpress\/wp-content\/uploads\/2019\/12\/b288ddd4-15c7-450d-92f6-0a428816844c-212x300.jpg 212w, https:\/\/www.radiopiu.net\/wordpress\/wp-content\/uploads\/2019\/12\/b288ddd4-15c7-450d-92f6-0a428816844c-724x1024.jpg 724w, https:\/\/www.radiopiu.net\/wordpress\/wp-content\/uploads\/2019\/12\/b288ddd4-15c7-450d-92f6-0a428816844c-768x1086.jpg 768w, https:\/\/www.radiopiu.net\/wordpress\/wp-content\/uploads\/2019\/12\/b288ddd4-15c7-450d-92f6-0a428816844c-1086x1536.jpg 1086w, https:\/\/www.radiopiu.net\/wordpress\/wp-content\/uploads\/2019\/12\/b288ddd4-15c7-450d-92f6-0a428816844c.jpg 1131w\" sizes=\"auto, (max-width: 212px) 100vw, 212px\" \/><\/a>TUTTI INSIEME PER TOMMASO in collaborazione con Ki da Fargona<\/h3>\n<p><strong>FALCADE<\/strong> Venerdi 13 dicembre alle 19 all&#8217;Hotel Stella Alpina serata di beneficenza per aiutare la famiglia del Piccolo Tommaso. Pasta all&#8217;amatriciana o minestra d&#8217;orzo, musica con i Tirataie. Offerta libera. Il ricavato andr\u00e0 a Tommaso, affetto da paralisi celebrale infantile, per aiutare la sua famiglia a sostenere le spese del costoso percorso di cura. Saranno presenti il pap\u00e0 Rudy Quaggiotto e la mamma Alexia Tomaselli.<\/p>\n<p>&nbsp;<\/p>\n<p>&nbsp;<\/p>\n<p>&nbsp;<\/p>\n<p>&nbsp;<\/p>\n<p>&nbsp;<\/p>\n<p>&nbsp;<\/p>\n<p>&nbsp;<\/p>\n<p>&nbsp;<\/p>\n<p>&nbsp;<\/p>\n<h3>SCIVOLA A MUORE IN CADORE, IMPEGNATIVO INTERVENTO NOTTURNO<\/h3>\n<p><strong><a class=\"dt-pswp-item\" href=\"https:\/\/www.radiopiu.net\/wordpress\/wp-content\/uploads\/2019\/12\/13335864_10208776279677511_4226238704688326783_n.jpg\" data-dt-img-description=\"\" data-large_image_width=\"442\" data-large_image_height=\"442\"><img loading=\"lazy\" decoding=\"async\" class=\"wp-image-108862 alignleft\" src=\"https:\/\/www.radiopiu.net\/wordpress\/wp-content\/uploads\/2019\/12\/13335864_10208776279677511_4226238704688326783_n-300x300.jpg\" alt=\"\" width=\"157\" height=\"157\" srcset=\"https:\/\/www.radiopiu.net\/wordpress\/wp-content\/uploads\/2019\/12\/13335864_10208776279677511_4226238704688326783_n-300x300.jpg 300w, https:\/\/www.radiopiu.net\/wordpress\/wp-content\/uploads\/2019\/12\/13335864_10208776279677511_4226238704688326783_n-150x150.jpg 150w, https:\/\/www.radiopiu.net\/wordpress\/wp-content\/uploads\/2019\/12\/13335864_10208776279677511_4226238704688326783_n.jpg 442w\" sizes=\"auto, (max-width: 157px) 100vw, 157px\" \/><\/a>PIEVE DI CADORE<\/strong>\u00a0 Claudio Zordan, 59\u00a0 anni, vicentino di Castelgomberto ma residente a Casale sul Sile \u00e8 morto dopo essere scivolato lungo il sentiero numero 334 Rio i Cornon che porta al bivacco Caimi. L&#8217;uomo \u00e8 stato ritrovato a circa 40 metri da dove \u00e8 scivolato, la morte \u00e8 stata istantanea per i terribili traumi. Sul posto i Carabinieri di Vigo di Cadore, Guardia di Finanza, Suem e Soccorso Alpino. E&#8217; stato ritrovato verso l&#8217;1.30 di ieri notte. Le ricerche erano partite mercoledi sera, dopo l&#8217;allarme dato dai famigliari, l&#8217;ipotesi pi\u00f9 probabile \u00e8 che sia scivolato su un tratto ghiacciato. La salma \u00e8 stata recuperata solo questa mattina per evitare rischi ai soccorritori durante le ore di buio.<\/p>\n<p><strong><a class=\"dt-pswp-item\" href=\"https:\/\/www.radiopiu.net\/wordpress\/wp-content\/uploads\/2019\/12\/IMG-20191205-WA0004.jpg\" data-dt-img-description=\"\" data-large_image_width=\"1200\" data-large_image_height=\"1600\"><img loading=\"lazy\" decoding=\"async\" class=\"size-medium wp-image-108798 alignleft\" src=\"https:\/\/www.radiopiu.net\/wordpress\/wp-content\/uploads\/2019\/12\/IMG-20191205-WA0004-225x300.jpg\" alt=\"\" width=\"225\" height=\"300\" srcset=\"https:\/\/www.radiopiu.net\/wordpress\/wp-content\/uploads\/2019\/12\/IMG-20191205-WA0004-225x300.jpg 225w, https:\/\/www.radiopiu.net\/wordpress\/wp-content\/uploads\/2019\/12\/IMG-20191205-WA0004-768x1024.jpg 768w, https:\/\/www.radiopiu.net\/wordpress\/wp-content\/uploads\/2019\/12\/IMG-20191205-WA0004-1152x1536.jpg 1152w, https:\/\/www.radiopiu.net\/wordpress\/wp-content\/uploads\/2019\/12\/IMG-20191205-WA0004.jpg 1200w\" sizes=\"auto, (max-width: 225px) 100vw, 225px\" \/><\/a>DAL SOCCORSO ALPINO:<\/strong> Il\u00a0 gestore della Baita Pian dei Osei &#8211; che aveva parlato con l&#8217;escursionista la mattina verso le 8, vedendo l&#8217;auto ancora parcheggiata, aveva fatto scattare l&#8217;allarme.\u00a0 La figlia dell&#8217;uomo, andata a cercare sul computer del padre eventuali destinazioni in montagna in evidenza, ha suggerito ai soccorritori la probabile meta: il Bivacco Caimi, in Valle del Cornon, Campolongo, percorrendo il sentiero numero 334. Una squadra si \u00e8 quindi incamminata e dopo una ventina di minuti un soccorritore ha notato le tracce di una scivolata dal sentiero. Attrezzata la calata, i tecnici sono scesi lungo il pendio di neve dura per un centinaio di metri, poi da un salto di 40 per seguire ancora il pendio per altri 50 metri, finch\u00e9 non si sono imbattuti nel corpo senza vita dell&#8217;escursionista. Dal momento che il recupero notturno del corpo sarebbe stato impegnativo e rischioso, in accordo con la magistratura, ieri mattina l&#8217;elicottero del Suem di Pieve di Cadore ha provveduto ad imbarcare la salma, dopo aver caricato a bordo un soccorritore della Val Comelico e uno del Sagf in supporto alle operazioni e per i rilievi del caso. Sbarcati con un verricello di una trentina di metri, i soccorritori hanno affiancato il tecnico di elisoccorso nelle manovre.<\/p>\n<p>&nbsp;<\/p>\n<p>&nbsp;<\/p>\n<p>&nbsp;<\/p>\n<p>&nbsp;<\/p>\n<p>&nbsp;<\/p>\n<h3>LA SCOMPARSA DELL&#8217;ARCIVESCOVO EMERITO PIETRO BROLLO<\/h3>\n<p><strong>di Don Fabiano Del Favero parroco delle parrocchie del Poi<\/strong><\/p>\n<blockquote><p><em>Sentir nominare il vescovo Pietro Brollo, richiama a tutti noi occasioni di scambio, di incontro, celebrazioni e momenti di festa. Io stesso, nelle comunit\u00e0 in mezzo alle quali ora vivo, molte volte l&#8217;ho sentito ricordare con affetto sincero e quella gratitudine che contraddistingue il tratto della nostra gente. Anche con episodi simpatici e di &#8220;fraternit\u00e0 montanara&#8221;, come sentito richiamare alcuni mesi fa a Voltago oppure le occasioni celebrative alle quali una volta un parrocchiano di Riva ebbe ad invitare il vescovo Pietro &#8220;a sai\u00e0 i nosi gnok&#8221; in occasione della festa di s. Antonio.\u00a0 <\/em><em>Scorrere una biografia, significa fare tesoro di date che rappresentano tappe. Il nostro ricordo per il vescovo Pietro credo voglia affiorare dal cuore, fissando ancora una volta il nostro vissuto di ogni giorno in quel suo sguardo dagli occhi azzurri che ti facevano sentire ascoltato ed amato. Se oggi sono prete &#8211; e direi prete contento &#8211; lo devo anche al vescovo Pietro! Nel nostro ultimo incontro, due anni fa, in casa a Tolmezzo con la discreta e fedele vicinanza della sorella Pia, mi ha chiesto dell&#8217;Agordino, dei confratelli sacerdoti, passando in rassegna luoghi e volti. Era l&#8217;atteggiamento di colui che non solo ci ha conosciuto, ma prima di tutto amati. Lo comunicava col timbro della voce e con gli occhi, quando ricordava la nostra diocesi di Belluno &#8211; Feltre.\u00a0 <\/em><em>Nelle occasioni in cui raggiungeva ancora Belluno o qualche luogo particolare, mi ha sempre colpito la calda accoglienza che riceveva dalle persone che gli si avvicinavano per salutarlo. S\u00ec, il cuore riconosce&#8230;sempre! Anche quando le parole risultano limitate&#8230;grazie, vescovo Pietro!<\/em><\/p><\/blockquote>\n<p>AUDIO<\/p>\n<audio class=\"wp-audio-shortcode\" id=\"audio-108810-2\" preload=\"none\" style=\"width: 100%;\" controls=\"controls\"><source type=\"audio\/mpeg\" src=\"https:\/\/www.radiopiu.net\/wordpress\/wp-content\/uploads\/2019\/12\/DON-FABIANO.mp3?_=2\" \/><a href=\"https:\/\/www.radiopiu.net\/wordpress\/wp-content\/uploads\/2019\/12\/DON-FABIANO.mp3\">https:\/\/www.radiopiu.net\/wordpress\/wp-content\/uploads\/2019\/12\/DON-FABIANO.mp3<\/a><\/audio>\n<p>&nbsp;<\/p>\n<p><strong><a class=\"dt-pswp-item\" href=\"https:\/\/www.radiopiu.net\/wordpress\/wp-content\/uploads\/2019\/12\/download-2.jpg\" data-dt-img-description=\"\" data-large_image_width=\"279\" data-large_image_height=\"181\"><img loading=\"lazy\" decoding=\"async\" class=\"size-full wp-image-108827 alignleft\" src=\"https:\/\/www.radiopiu.net\/wordpress\/wp-content\/uploads\/2019\/12\/download-2.jpg\" alt=\"\" width=\"279\" height=\"181\" \/><\/a>BELLUNO\u00a0<\/strong> Si \u00e8 spento all\u2019et\u00e0 di 86 anni l\u2019arcivescovo emerito Pietro Brollo. Una figura importante per il territorio bellunese, perch\u00e9 dal 1996 al 2000 \u00e8 stato vescovo della Diocesi di Belluno &#8211; Feltre. E proprio nel suo mandato pastorale non sono mancate le sue visite alle comunit\u00e0 di bellunesi residenti all\u2019estero, oltre ai suoi messaggi sempre presenti sulla rivista \u201cBellunesi nel mondo.\u00a0 Nato a Tolmezzo il 1\u00ba dicembre 1933, monsignor Brollo ha frequentato il ginnasio dai Salesiani e nel 1949 \u00e8 entrato nel seminario arcivescovile di Udine, dove ha completato il liceo classico. Nel 1953 si \u00e8 trasferito a Roma per proseguire gli studi, conseguendo la laurea in teologia presso la Pontificia Universit\u00e0 Lateranense. Il 17 marzo 1957 \u00e8 stato ordinato sacerdote dall\u2019arcivescovo di Udine Giuseppe Zaffonato.\u00a0 Il 2 gennaio 1996 \u00e8 stato nominato vescovo di Belluno-Feltre da papa Giovanni Paolo II. Il 28 ottobre 2000 \u00e8 stato promosso arcivescovo metropolita di Udine. Il 20 agosto 2009, in accoglimento alla sua rinuncia all\u2019ufficio pastorale per raggiunti limiti d\u2019et\u00e0, e a seguito della nomina del suo successore, \u00e8 stato nominato amministratore apostolico di Udine. Il 18 ottobre 2009 ha assunto il titolo di arcivescovo emerito di Udine.<\/p>\n<blockquote><p><em>\u00abDi certo mons. Brollo \u00e8 sempre stato attaccato alla terra bellunese e alle sue comunit\u00e0 all\u2019estero -dice dall&#8217;associazione Bellunesi nel Mondo il presidente Oscar De Bona &#8211; anche quando, nel 2000, si concluse il suo mandato nella Diocesi di Belluno-Feltre\u00bb.<\/em><\/p><\/blockquote>\n<p>&nbsp;<\/p>\n<p>&nbsp;<\/p>\n<h3>LA SCOMPARSA DELL&#8217;AVVOCATO TANDURA.<\/h3>\n<p><strong>FELTRE <\/strong>E&#8217; morto\u00a0 l&#8217;avvocato Franco Tandura, uno dei professionisti pi\u00f9 noti del Bellunese. Nato a Lamon\u00a0 il 5 febbraio 1935, socio fondatore, assieme all&#8217;avvocato Matteo Fiori, dell&#8217;Associazione Professionale Tandura-Fiori, ha conseguito la laurea in Giurisprudenza all\u2019Universit\u00e0 degli Studi di Ferrara.<em> Avvocato del Foro di Belluno iscritto al relativo Albo dal 1963, era avvocato cassazionista dal 1977.\u00a0 Vicepretore Onorario alla Pretura di Feltre dal 1964 al 1972, \u00e8 stato consigliere di amministrazione dell&#8217;Ente Ocrspedaliero feltrino &#8220;S. Maria di Prato&#8221; durante gli anni &#8217;70 nonch\u00e9 componente del Comitato Regionale di Controllo, sezione di Belluno, per due quadrienni nel corso degli anni &#8217;90. <\/em><em>Dal 2001 al 2005 ha ricoperto l&#8217;incarico di presidente della Camera Panale &#8220;Odorico Larese&#8221; di Belluno e, nel biennio 2008-2009, quello di presidente dell\u2019Ordine degli Avvocati di Belluno.<\/em><\/p>\n<p>&nbsp;<\/p>\n<p>&nbsp;<\/p>\n<p>&nbsp;<\/p>\n<h3><span style=\"color: #ff0000;\">LA FOTO DEL GIORNO<\/span><\/h3>\n<p><strong>di Simone Moro<\/strong><\/p>\n<p><a class=\"dt-pswp-item\" href=\"https:\/\/www.radiopiu.net\/wordpress\/wp-content\/uploads\/2019\/12\/WhatsApp-Image-2019-12-05-at-18.15.20.jpeg\" data-dt-img-description=\"\" data-large_image_width=\"1200\" data-large_image_height=\"1600\"><img loading=\"lazy\" decoding=\"async\" class=\"size-medium wp-image-108857 alignleft\" src=\"https:\/\/www.radiopiu.net\/wordpress\/wp-content\/uploads\/2019\/12\/WhatsApp-Image-2019-12-05-at-18.15.20-225x300.jpeg\" alt=\"\" width=\"225\" height=\"300\" srcset=\"https:\/\/www.radiopiu.net\/wordpress\/wp-content\/uploads\/2019\/12\/WhatsApp-Image-2019-12-05-at-18.15.20-225x300.jpeg 225w, https:\/\/www.radiopiu.net\/wordpress\/wp-content\/uploads\/2019\/12\/WhatsApp-Image-2019-12-05-at-18.15.20-768x1024.jpeg 768w, https:\/\/www.radiopiu.net\/wordpress\/wp-content\/uploads\/2019\/12\/WhatsApp-Image-2019-12-05-at-18.15.20-1152x1536.jpeg 1152w, https:\/\/www.radiopiu.net\/wordpress\/wp-content\/uploads\/2019\/12\/WhatsApp-Image-2019-12-05-at-18.15.20.jpeg 1200w\" sizes=\"auto, (max-width: 225px) 100vw, 225px\" \/><\/a><\/p>\n<p><strong>BELLUNO ACCENDE LA GRANDE LUNA ED E&#8217; NATALE.<\/strong><\/p>\n<p>la grande luna si specchia nella fontana di Piazza dei Martiri.<\/p>\n<p>Opera dell&#8217;artista Luke Jerram, rester\u00e0 appesa ed accesa fino a domenica<\/p>\n<p>&nbsp;<\/p>\n<p><strong>Domani e domenica \u00e8 in programma la Santa Klaus Running<\/strong><\/p>\n<p>&nbsp;<\/p>\n<p>&nbsp;<\/p>\n<p>&nbsp;<\/p>\n<p>&nbsp;<\/p>\n<p>&nbsp;<\/p>\n<p>&nbsp;<\/p>\n<p>&nbsp;<\/p>\n<p>&nbsp;<\/p>\n<div class=\"articlePlainTitle\">Aneddoti, luoghi e sapori delle Dolomiti bellunesi nella guida di Repubblica<\/div>\n<div><strong>dal CORRIERE DELLE ALPI<\/strong><\/div>\n<div class=\"articlePlainText\">BELLUNO. L&#8217;arte sublime di Tiziano e quella golosa dei maestri gelatieri di Longarone e dello Zoldano; le montagne di Dino Buzzati e quelle del campione di sci Kristian Ghedina; la Cortina un po&#8217; nostalgica dei film dei fratelli Vanzina e l&#8217;eleganza di Chiara Miari Fulcis Ferragamo. Si indugia volentieri nella magia di &#8220;Belluno e le sue Dolomiti&#8221;, aspettando i Campionati Mondiali di sci alpino, prima, e le Olimpiadi di Milano e Cortina poi: dal 16 dicembre sar\u00e0 in edicola la prima Guida di Repubblica dedicata proprio a Belluno e alla sua provincia (10,90 euro) presentata ieri mattina nella sede romana di Repubblica.Insieme al direttore delle Guide Giuseppe Cerasa, sul palco anche il presidente della Provincia di Belluno, Roberto Padrin, il deputato bellunese Roger De Menech ed Enrico Vanzina&#8230;.<\/div>\n<p><a class=\"dt-pswp-item\" href=\"https:\/\/www.radiopiu.net\/wordpress\/wp-content\/uploads\/2019\/12\/WhatsApp-Image-2019-12-05-at-15.23.14.jpeg\" data-dt-img-description=\"\" data-large_image_width=\"1824\" data-large_image_height=\"1368\"><img loading=\"lazy\" decoding=\"async\" class=\"alignnone size-medium wp-image-108919\" src=\"https:\/\/www.radiopiu.net\/wordpress\/wp-content\/uploads\/2019\/12\/WhatsApp-Image-2019-12-05-at-15.23.14-300x225.jpeg\" alt=\"\" width=\"300\" height=\"225\" srcset=\"https:\/\/www.radiopiu.net\/wordpress\/wp-content\/uploads\/2019\/12\/WhatsApp-Image-2019-12-05-at-15.23.14-300x225.jpeg 300w, https:\/\/www.radiopiu.net\/wordpress\/wp-content\/uploads\/2019\/12\/WhatsApp-Image-2019-12-05-at-15.23.14-1024x768.jpeg 1024w, https:\/\/www.radiopiu.net\/wordpress\/wp-content\/uploads\/2019\/12\/WhatsApp-Image-2019-12-05-at-15.23.14-768x576.jpeg 768w, https:\/\/www.radiopiu.net\/wordpress\/wp-content\/uploads\/2019\/12\/WhatsApp-Image-2019-12-05-at-15.23.14-1536x1152.jpeg 1536w, https:\/\/www.radiopiu.net\/wordpress\/wp-content\/uploads\/2019\/12\/WhatsApp-Image-2019-12-05-at-15.23.14.jpeg 1824w\" sizes=\"auto, (max-width: 300px) 100vw, 300px\" \/><\/a><\/p>\n<p>&nbsp;<\/p>\n<p>&nbsp;<\/p>\n<p>&nbsp;<\/p>\n<h3>GSP L&#8217;AMMINISTRATORE DI GSP GIUSEPPE VIGNATO RISPONDE ALLO SFOGO DI MORENO DE VAL.<\/h3>\n<p><strong><a class=\"dt-pswp-item\" href=\"https:\/\/www.radiopiu.net\/wordpress\/wp-content\/uploads\/2015\/06\/bimgsp.jpg\" data-dt-img-description=\"\" data-large_image_width=\"300\" data-large_image_height=\"168\"><img loading=\"lazy\" decoding=\"async\" class=\" wp-image-6703 alignleft\" src=\"https:\/\/www.radiopiu.net\/wordpress\/wp-content\/uploads\/2015\/06\/bimgsp-300x168.jpg\" alt=\"\" width=\"218\" height=\"122\" \/><\/a>SAN TOMASO<\/strong> A far traboccare un vaso gi\u00e0 colmo l&#8217;ultimo disservizio idrico nelle frazioni alte di San Tomaso Pecol e Piaia. Ma \u00e8 solo l&#8217;apice di una problematica che si ripete da tempo tra San Tomaso ed Avoscan, abbiamo parlato e scritto molto in queste settimane del malumore dei cittadini che si vedono arrivare in casa acqua color marroncino, o vengono informati della non potabilit\u00e0 dell&#8217;acqua. Il sindaco Moreno De Val non ha lesinato critiche ricordando le poche voci in capitolo che ha un sindaco e un Comune. Vignato ribatte alle critiche<\/p>\n<p><strong>NEL SERVIZIO AUDIO CHE SEGUE L&#8217;INTERVENTO DEL SINDACO MORENO DE VAL E LA REPLICA DI GIUSEPPE VIGNATO\u00a0<\/strong><\/p>\n<audio class=\"wp-audio-shortcode\" id=\"audio-108810-3\" preload=\"none\" style=\"width: 100%;\" controls=\"controls\"><source type=\"audio\/mpeg\" src=\"https:\/\/www.radiopiu.net\/wordpress\/wp-content\/uploads\/2019\/12\/VIGNATO.mp3?_=3\" \/><a href=\"https:\/\/www.radiopiu.net\/wordpress\/wp-content\/uploads\/2019\/12\/VIGNATO.mp3\">https:\/\/www.radiopiu.net\/wordpress\/wp-content\/uploads\/2019\/12\/VIGNATO.mp3<\/a><\/audio>\n<h3>DI NUOVO IL SINDACO, MORENO DE VAL<\/h3>\n<audio class=\"wp-audio-shortcode\" id=\"audio-108810-4\" preload=\"none\" style=\"width: 100%;\" controls=\"controls\"><source type=\"audio\/mpeg\" src=\"https:\/\/www.radiopiu.net\/wordpress\/wp-content\/uploads\/2019\/12\/MORENO.mp3?_=4\" \/><a href=\"https:\/\/www.radiopiu.net\/wordpress\/wp-content\/uploads\/2019\/12\/MORENO.mp3\">https:\/\/www.radiopiu.net\/wordpress\/wp-content\/uploads\/2019\/12\/MORENO.mp3<\/a><\/audio>\n<p>&nbsp;<\/p>\n<p>&nbsp;<\/p>\n<p>&nbsp;<\/p>\n<p>&nbsp;<\/p>\n<p>&nbsp;<\/p>\n<h2>Gara gas: aperte le offerte economiche.<\/h2>\n<h3>La furia dei sindaci bellunesi: disattesa l\u2019indicazione di non procedere con l\u2019apertura.<\/h3>\n<p><strong>BELLUNO<\/strong>\u00a0 Si \u00e8 svolta ieri, presso Palazzo Rosso, l\u2019apertura delle buste contenenti le offerte economiche dei diversi operatori economici in gara per la gestione del servizio di distribuzione del gas naturale nell\u2019ATEM Belluno. Un\u2019operazione eseguita da una commissione appositamente nominata dalla Stazione Appaltante (il Comune di Belluno), che ha, di conseguenza, definito anche la graduatoria finale. Peccato, per\u00f2, che l\u2019indirizzo dato dai sindaci dell\u2019ATEM, proprietari delle reti attraverso Bim Belluno Infrastrutture, fosse di attendere l\u2019esito degli approfondimenti in corso, esiti che avrebbero potuto portare anche al ritiro della gara. <em>\u201cSiamo stupiti &#8211; spiega Bortolo Sala Presidente del Comitato di Coordinamento Soci di Bim Belluno Infrastrutture &#8211; dalla faciloneria con la quale sono state tralasciate le puntuali osservazioni formulate di recente sia dalla scrivente, sia dai sindaci dell\u2019ATEM Belluno, in merito al valore delle reti gas. Impressiona &#8211; prosegue Sala &#8211; la supponenza e l\u2019arroganza che ha condotto ad ignorare totalmente le denunce fatte dai Sindaci che, consapevoli di gravi errori, irregolarit\u00e0 ed enormi contraddizioni contenute nel bando, avevano chiesto un approfondimento il cui esito avrebbe potuto portare anche al ritiro della gara. In questa fase, quindi, l\u2019esigenza era chiara ed inequivocabile: attendere per tutelare il patrimonio dei comuni evitando al contempo un vero esproprio delle reti gas del bellunese. Esproprio &#8211; continua Sala &#8211; che sta avvenendo anche attraverso forme di millanteria: una su tutte la dichiarazione della stazione appaltante in merito al fatto che il valore delle reti sarebbe stato approvato dall\u2019ARERA (Autorit\u00e0 Regolazione Energia Reti Ambiente). Una superiore approvazione mai intervenuta per mancanza di competenze specifiche dell\u2019Autorit\u00e0\u201d. <\/em><em>\u201cUn errore rilevantissimo quindi &#8211; prosegue Sala &#8211; chiaro a tutti tranne alla stazione appaltante e al suo consulente, errore che conduce alla sottostima di oltre 15 milioni di euro del valore del patrimonio pubblico rappresentato dalle reti gas di propriet\u00e0 comunale, attraverso la controllata BIM Belluno Infrastrutture. La documentazione raccolta ha convinto tutti che il valore degli impianti \u00e8 ben superiore ai 61 milioni di euro proposti in gara dalla stazione appaltante\u201d. <\/em><em>\u201cConseguenti al mandato dei comuni soci ed insieme a questi \u2013 conclude Sala &#8211; non tralasceremo alcuna azione utile alla difesa del patrimonio dei Bellunesi. La speranza era di un confronto costruttivo ma visto l\u2019epilogo della vicenda non possiamo altro che agire affinch\u00e9 ognuno si prenda le proprie responsabilit\u00e0 rispondendone nelle sedi a ci\u00f2 deputate\u201d.<\/em><\/p>\n<p>&nbsp;<\/p>\n<p>&nbsp;<\/p>\n<h3>LA CRITICA. DMO, IL DIRETTORE GIULIANO VANTAGGI RISPONDE A MAURIZIO TROI<\/h3>\n<p>Riceviamo e volentieri pubblichiamo. Da Giuliano Vantaggi, Direttore Consorzio DMO Dolomiti.<\/p>\n<p>DALLA RASSEGNA STAMPA<\/p>\n<audio class=\"wp-audio-shortcode\" id=\"audio-108810-5\" preload=\"none\" style=\"width: 100%;\" controls=\"controls\"><source type=\"audio\/mpeg\" src=\"https:\/\/www.radiopiu.net\/wordpress\/wp-content\/uploads\/2019\/12\/vantaggiok.mp3?_=5\" \/><a href=\"https:\/\/www.radiopiu.net\/wordpress\/wp-content\/uploads\/2019\/12\/vantaggiok.mp3\">https:\/\/www.radiopiu.net\/wordpress\/wp-content\/uploads\/2019\/12\/vantaggiok.mp3<\/a><\/audio>\n<p><strong><a class=\"dt-pswp-item\" href=\"https:\/\/www.radiopiu.net\/wordpress\/wp-content\/uploads\/2018\/04\/Giuliano-Vantaggi-1.jpg\" data-dt-img-description=\"\" data-large_image_width=\"240\" data-large_image_height=\"320\"><img loading=\"lazy\" decoding=\"async\" class=\"size-medium wp-image-46272 alignleft\" src=\"https:\/\/www.radiopiu.net\/wordpress\/wp-content\/uploads\/2018\/04\/Giuliano-Vantaggi-1-225x300.jpg\" alt=\"\" width=\"225\" height=\"300\" srcset=\"https:\/\/www.radiopiu.net\/wordpress\/wp-content\/uploads\/2018\/04\/Giuliano-Vantaggi-1-225x300.jpg 225w, https:\/\/www.radiopiu.net\/wordpress\/wp-content\/uploads\/2018\/04\/Giuliano-Vantaggi-1.jpg 240w\" sizes=\"auto, (max-width: 225px) 100vw, 225px\" \/><\/a>Vedendo gli articoli di ieri\u00a0 \u00e8 doverosa una puntualizzazione.\u00a0 Le foto sono prettamente turistiche e rispecchiano ci\u00f2 che il turista vede affacciandosi dalle tante nostre strutture alberghiere e ricettive in genere. Non c&#8217;\u00e8 nessuna connotazione politica. Ne tanto meno una superficialit\u00e0 nel trattare la questione ladina come non c&#8217;\u00e8 nel trattare altre questioni come la questione cimbra ad esempio. Tra l&#8217;altro la comunit\u00e0 ladina \u00e8 sempre ben presente nella promozione turistica della provincia di Belluno. Prova ne \u00e8, per fare un esempio su tutti, la trasmissione Linea Verde Gran Tour andata in onda quest&#8217;estate e che ha promosso un bellissimo intervento del Comune di Colle Santa Lucia che sta ultimando i lavori per costruire il centro visite delle Miniere del Fursil. Questa trasmissione \u00e8 stata indirizzata l\u00ec per una promozione giustamente equilibrata tra zone.\u00a0 La foto della Chiesa di Colle Santa Lucia, ad esempio, \u00e8 presa da un&#8217;altura sopra il paese di Selva di Cadore. La DMO promuove il territorio ben conscia di quelli che sono i confini tra comuni, ma al turista che ci viene a trovare dei confini geografici interessa poco&#8230; Per non dire nulla.\u00a0 Invito comunque l&#8217;assessore Troi a venire con la Dmo Dolomiti a promuovere la provincia di Belluno nelle fiere e nei workshop nazionali ed internazionali. In quei momenti ci si rende conto che la prima domanda che fa un potenziale turista o tour operator \u00e8 &#8220;Quanto distanti siete da Venezia?\u00a0 Inoltre la brochure stessa \u00e8 stata molto apprezzata proprio per le fotografie turistiche. Stiamo tutti facendo un enorme sforzo di promozione congiunta e finalmente i risultati in termini di internazionalizzazione arrivano. Siamo riusciti a sostituire alla minore richiesta italiana una maggiore richiesta straniera.\u00a0 Altra cosa invece \u00e8 spostare con un artificio grafico il Pelmo dalla sua posizione alla Val Venosta o i Cadini di Misurina a Trento.\u00a0<\/strong><\/p>\n<h3 style=\"text-align: center;\"><span style=\"color: #ff0000;\">GIORNALE RADIOPIU DI IERI 5 DICEMBRE<\/span><\/h3>\n<blockquote class=\"wp-embedded-content\" data-secret=\"IzY5UBVSNW\"><p><a href=\"https:\/\/www.radiopiu.net\/wordpress\/una-pubblicazione-promozionale-con-troppi-errori-la-protesta-di-troi\/\">UNA PUBBLICAZIONE PROMOZIONALE CON TROPPI ERRORI. LA PROTESTA DI TROI<\/a><\/p><\/blockquote>\n<p><iframe loading=\"lazy\" title=\"&#8220;UNA PUBBLICAZIONE PROMOZIONALE CON TROPPI ERRORI. LA PROTESTA DI TROI&#8221; &#8212; Radio Pi\u00f9\" class=\"wp-embedded-content\" sandbox=\"allow-scripts\" security=\"restricted\" style=\"position: absolute; clip: rect(1px, 1px, 1px, 1px);\" src=\"https:\/\/www.radiopiu.net\/wordpress\/una-pubblicazione-promozionale-con-troppi-errori-la-protesta-di-troi\/embed\/#?secret=IzY5UBVSNW\" data-secret=\"IzY5UBVSNW\" width=\"600\" height=\"338\" frameborder=\"0\" marginwidth=\"0\" marginheight=\"0\" scrolling=\"no\"><\/iframe><\/p>\n<p>&nbsp;<\/p>\n<p>&nbsp;<\/p>\n<h2>AL VIA LA STAGIONE DELLO SCI<\/h2>\n<blockquote><p><strong>CANNONI ACCESI ANCHE A FORCELLA AURINE<\/strong><\/p><\/blockquote>\n<p><a class=\"dt-pswp-item\" href=\"https:\/\/www.radiopiu.net\/wordpress\/wp-content\/uploads\/2019\/12\/78321649_2478618472350573_4233779267755835392_n.jpg\" data-dt-img-description=\"\" data-large_image_width=\"960\" data-large_image_height=\"720\"><img loading=\"lazy\" decoding=\"async\" class=\"alignnone size-medium wp-image-108858\" src=\"https:\/\/www.radiopiu.net\/wordpress\/wp-content\/uploads\/2019\/12\/78321649_2478618472350573_4233779267755835392_n-300x225.jpg\" alt=\"\" width=\"300\" height=\"225\" srcset=\"https:\/\/www.radiopiu.net\/wordpress\/wp-content\/uploads\/2019\/12\/78321649_2478618472350573_4233779267755835392_n-300x225.jpg 300w, https:\/\/www.radiopiu.net\/wordpress\/wp-content\/uploads\/2019\/12\/78321649_2478618472350573_4233779267755835392_n-768x576.jpg 768w, https:\/\/www.radiopiu.net\/wordpress\/wp-content\/uploads\/2019\/12\/78321649_2478618472350573_4233779267755835392_n.jpg 960w\" sizes=\"auto, (max-width: 300px) 100vw, 300px\" \/><\/a><a class=\"dt-pswp-item\" href=\"https:\/\/www.radiopiu.net\/wordpress\/wp-content\/uploads\/2019\/12\/78565791_2478618465683907_3177140192507068416_n.jpg\" data-dt-img-description=\"\" data-large_image_width=\"960\" data-large_image_height=\"720\"><img loading=\"lazy\" decoding=\"async\" class=\"alignnone size-medium wp-image-108859\" src=\"https:\/\/www.radiopiu.net\/wordpress\/wp-content\/uploads\/2019\/12\/78565791_2478618465683907_3177140192507068416_n-300x225.jpg\" alt=\"\" width=\"300\" height=\"225\" srcset=\"https:\/\/www.radiopiu.net\/wordpress\/wp-content\/uploads\/2019\/12\/78565791_2478618465683907_3177140192507068416_n-300x225.jpg 300w, https:\/\/www.radiopiu.net\/wordpress\/wp-content\/uploads\/2019\/12\/78565791_2478618465683907_3177140192507068416_n-768x576.jpg 768w, https:\/\/www.radiopiu.net\/wordpress\/wp-content\/uploads\/2019\/12\/78565791_2478618465683907_3177140192507068416_n.jpg 960w\" sizes=\"auto, (max-width: 300px) 100vw, 300px\" \/><\/a><\/p>\n<p><strong><a class=\"dt-pswp-item\" href=\"https:\/\/www.radiopiu.net\/wordpress\/wp-content\/uploads\/2018\/06\/Scuola-Sci-Equipe.jpg\" data-dt-img-description=\"\" data-large_image_width=\"3186\" data-large_image_height=\"2122\"><img loading=\"lazy\" decoding=\"async\" class=\"size-medium wp-image-50777 alignleft\" src=\"https:\/\/www.radiopiu.net\/wordpress\/wp-content\/uploads\/2018\/06\/Scuola-Sci-Equipe-300x200.jpg\" alt=\"\" width=\"300\" height=\"200\" srcset=\"https:\/\/www.radiopiu.net\/wordpress\/wp-content\/uploads\/2018\/06\/Scuola-Sci-Equipe-300x200.jpg 300w, https:\/\/www.radiopiu.net\/wordpress\/wp-content\/uploads\/2018\/06\/Scuola-Sci-Equipe-768x512.jpg 768w, https:\/\/www.radiopiu.net\/wordpress\/wp-content\/uploads\/2018\/06\/Scuola-Sci-Equipe-1024x682.jpg 1024w\" sizes=\"auto, (max-width: 300px) 100vw, 300px\" \/><\/a>Festa dell&#8217;Immacolata sugli sci. Piste e collegamenti aperti. Una stagione iniziata nel migliore dei modi ed ora \u00e8 arrivato anche il freddo. Si &#8220;spara&#8221; anche a Forcella Aurine, obiettivo Natale.<\/strong><\/p>\n<p>&nbsp;<\/p>\n<p>DI GIANNI SANTOMASO<\/p>\n<h3>CROCE VERDE VAL BIOIS, NUMERI E AUSPICI<\/h3>\n<audio class=\"wp-audio-shortcode\" id=\"audio-108810-6\" preload=\"none\" style=\"width: 100%;\" controls=\"controls\"><source type=\"audio\/mpeg\" src=\"https:\/\/www.radiopiu.net\/wordpress\/wp-content\/uploads\/2019\/12\/STAGIONE-SCI.mp3?_=6\" \/><a href=\"https:\/\/www.radiopiu.net\/wordpress\/wp-content\/uploads\/2019\/12\/STAGIONE-SCI.mp3\">https:\/\/www.radiopiu.net\/wordpress\/wp-content\/uploads\/2019\/12\/STAGIONE-SCI.mp3<\/a><\/audio>\n<p>&nbsp;<\/p>\n<p><a class=\"dt-pswp-item\" href=\"https:\/\/www.radiopiu.net\/wordpress\/wp-content\/uploads\/2019\/12\/786bb618-b491-478f-8ec3-2b06a6684e99.jpg\" data-dt-img-description=\"\" data-large_image_width=\"1600\" data-large_image_height=\"1200\"><img loading=\"lazy\" decoding=\"async\" class=\" wp-image-108899 alignleft\" src=\"https:\/\/www.radiopiu.net\/wordpress\/wp-content\/uploads\/2019\/12\/786bb618-b491-478f-8ec3-2b06a6684e99-300x225.jpg\" alt=\"\" width=\"161\" height=\"121\" srcset=\"https:\/\/www.radiopiu.net\/wordpress\/wp-content\/uploads\/2019\/12\/786bb618-b491-478f-8ec3-2b06a6684e99-300x225.jpg 300w, https:\/\/www.radiopiu.net\/wordpress\/wp-content\/uploads\/2019\/12\/786bb618-b491-478f-8ec3-2b06a6684e99-1024x768.jpg 1024w, https:\/\/www.radiopiu.net\/wordpress\/wp-content\/uploads\/2019\/12\/786bb618-b491-478f-8ec3-2b06a6684e99-768x576.jpg 768w, https:\/\/www.radiopiu.net\/wordpress\/wp-content\/uploads\/2019\/12\/786bb618-b491-478f-8ec3-2b06a6684e99-1536x1152.jpg 1536w, https:\/\/www.radiopiu.net\/wordpress\/wp-content\/uploads\/2019\/12\/786bb618-b491-478f-8ec3-2b06a6684e99.jpg 1600w\" sizes=\"auto, (max-width: 161px) 100vw, 161px\" \/><\/a>\u201cIeri si \u00e8 aperta la stagione sciistica per l\u2019area Marmolada, giornata fantastica. Funivia, Seggiovia del Padon e collegamento con Arabba &#8211; Sellaronda operativi in netto anticipo rispetto al solito. Quale occasione migliore per fare una sciata in compagnia dei maestri della Scuola Sci Marmolada ?\u00a0 Grazie a Giancarlo e Marco, una \u201csemplice\u201d giornata sugli sci, si \u00e8 trasformata in un\u2019esperienza unica! Vediamo spesso il Maestro Como colui che ci insegna a sciare, ma non \u00e8 solo questo . \u00c8 colui che ti accompagna e ti fa vedere cose che da solo non noti, ti fa divertire, ti porta a mangiare nei posti migliori ma soprattutto ti trasmette il suo amore per il territorio e per il suo lavoro\u201d<\/p>\n<div style=\"width: 848px;\" class=\"wp-video\"><video class=\"wp-video-shortcode\" id=\"video-108810-1\" width=\"848\" height=\"480\" preload=\"metadata\" controls=\"controls\"><source type=\"video\/mp4\" src=\"https:\/\/www.radiopiu.net\/wordpress\/wp-content\/uploads\/2019\/12\/WhatsApp-Video-2019-12-06-at-06.56.48.mp4?_=1\" \/><a href=\"https:\/\/www.radiopiu.net\/wordpress\/wp-content\/uploads\/2019\/12\/WhatsApp-Video-2019-12-06-at-06.56.48.mp4\">https:\/\/www.radiopiu.net\/wordpress\/wp-content\/uploads\/2019\/12\/WhatsApp-Video-2019-12-06-at-06.56.48.mp4<\/a><\/video><\/div>\n\n\t\t\t<style type='text\/css'>\n\t\t\t\t#gallery-1 {\n\t\t\t\t\tmargin: auto;\n\t\t\t\t}\n\t\t\t\t#gallery-1 .gallery-item {\n\t\t\t\t\tfloat: left;\n\t\t\t\t\tmargin-top: 10px;\n\t\t\t\t\ttext-align: center;\n\t\t\t\t\twidth: 33%;\n\t\t\t\t}\n\t\t\t\t#gallery-1 img {\n\t\t\t\t\tborder: 2px solid #cfcfcf;\n\t\t\t\t}\n\t\t\t\t#gallery-1 .gallery-caption {\n\t\t\t\t\tmargin-left: 0;\n\t\t\t\t}\n\t\t\t\t\/* see gallery_shortcode() in wp-includes\/media.php *\/\n\t\t\t<\/style>\n\t\t<div id='gallery-1' class='dt-gallery-container gallery galleryid-108810 gallery-columns-3 gallery-size-thumbnail'><dl class='gallery-item'>\n\t\t\t\t<dt class='gallery-icon landscape'>\n\t\t\t\t\t<a class=\"rollover\" href='https:\/\/www.radiopiu.net\/wordpress\/giornale-radiopiu-06-dicembre-2019-direttore-mirko-mezzacasa\/2e8762ae-9ee4-433d-bf5c-1ea62bab24b4\/'><img loading=\"lazy\" decoding=\"async\" width=\"150\" height=\"150\" src=\"https:\/\/www.radiopiu.net\/wordpress\/wp-content\/uploads\/2019\/12\/2e8762ae-9ee4-433d-bf5c-1ea62bab24b4-150x150.jpg\" class=\"attachment-thumbnail size-thumbnail\" alt=\"\" \/><\/a>\n\t\t\t\t<\/dt><\/dl><dl class='gallery-item'>\n\t\t\t\t<dt class='gallery-icon landscape'>\n\t\t\t\t\t<a class=\"rollover\" href='https:\/\/www.radiopiu.net\/wordpress\/giornale-radiopiu-06-dicembre-2019-direttore-mirko-mezzacasa\/d7fe6319-faa0-4152-90ae-13f9c6c96f74\/'><img loading=\"lazy\" decoding=\"async\" width=\"150\" height=\"150\" src=\"https:\/\/www.radiopiu.net\/wordpress\/wp-content\/uploads\/2019\/12\/d7fe6319-faa0-4152-90ae-13f9c6c96f74-150x150.jpg\" class=\"attachment-thumbnail size-thumbnail\" alt=\"\" \/><\/a>\n\t\t\t\t<\/dt><\/dl><dl class='gallery-item'>\n\t\t\t\t<dt class='gallery-icon landscape'>\n\t\t\t\t\t<a class=\"rollover\" href='https:\/\/www.radiopiu.net\/wordpress\/giornale-radiopiu-06-dicembre-2019-direttore-mirko-mezzacasa\/e19cc99c-f419-47ab-ac01-21ab6e2b75e0\/'><img loading=\"lazy\" decoding=\"async\" width=\"150\" height=\"150\" src=\"https:\/\/www.radiopiu.net\/wordpress\/wp-content\/uploads\/2019\/12\/e19cc99c-f419-47ab-ac01-21ab6e2b75e0-150x150.jpg\" class=\"attachment-thumbnail size-thumbnail\" alt=\"\" \/><\/a>\n\t\t\t\t<\/dt><\/dl><br style=\"clear: both\" \/>\n\t\t\t<\/div>\n\n<div style=\"width: 848px;\" class=\"wp-video\"><video class=\"wp-video-shortcode\" id=\"video-108810-2\" width=\"848\" height=\"480\" preload=\"metadata\" controls=\"controls\"><source type=\"video\/mp4\" src=\"https:\/\/www.radiopiu.net\/wordpress\/wp-content\/uploads\/2019\/12\/WhatsApp-Video-2019-12-06-at-06.57.28.mp4?_=2\" \/><a href=\"https:\/\/www.radiopiu.net\/wordpress\/wp-content\/uploads\/2019\/12\/WhatsApp-Video-2019-12-06-at-06.57.28.mp4\">https:\/\/www.radiopiu.net\/wordpress\/wp-content\/uploads\/2019\/12\/WhatsApp-Video-2019-12-06-at-06.57.28.mp4<\/a><\/video><\/div>\n<p>&nbsp;<\/p>\n<p>&nbsp;<\/p>\n<p>&nbsp;<\/p>\n<h2>CROCE VERDE VAL BIOIS, NUMERI E AUSPICI MENTRE INIZIA LA NUOVA STAGIONE DELLO SCI CON LA PREVISTA IMPENNATA DI INTERVENTI<\/h2>\n<p><strong><a class=\"dt-pswp-item\" href=\"https:\/\/www.radiopiu.net\/wordpress\/wp-content\/uploads\/2019\/03\/MURER.jpg\" data-dt-img-description=\"\" data-large_image_width=\"259\" data-large_image_height=\"194\"><img loading=\"lazy\" decoding=\"async\" class=\"size-full wp-image-80526 alignleft\" src=\"https:\/\/www.radiopiu.net\/wordpress\/wp-content\/uploads\/2019\/03\/MURER.jpg\" alt=\"\" width=\"259\" height=\"194\" \/><\/a> <\/strong><\/p>\n<p>&nbsp;<\/p>\n<p>&nbsp;<\/p>\n<p>&nbsp;<\/p>\n<p>&nbsp;<\/p>\n<p><strong>FALCADE<\/strong><\/p>\n<p><strong>DI GIANNI SANTOMASO<\/strong><\/p>\n<audio class=\"wp-audio-shortcode\" id=\"audio-108810-7\" preload=\"none\" style=\"width: 100%;\" controls=\"controls\"><source type=\"audio\/mpeg\" src=\"https:\/\/www.radiopiu.net\/wordpress\/wp-content\/uploads\/2019\/12\/CROCE-VERDE.mp3?_=7\" \/><a href=\"https:\/\/www.radiopiu.net\/wordpress\/wp-content\/uploads\/2019\/12\/CROCE-VERDE.mp3\">https:\/\/www.radiopiu.net\/wordpress\/wp-content\/uploads\/2019\/12\/CROCE-VERDE.mp3<\/a><\/audio>\n<p>&nbsp;<\/p>\n<p>&nbsp;<\/p>\n<p>&nbsp;<\/p>\n<h3>AMBIENTE. TERME DI VALGRANDE. CONTRIBUTO DI 25MILA EURO PER EVITARE DEPERIMENTO STRUTTURE.<\/h3>\n<p><strong>VENEZIA\u00a0<\/strong> Su proposta dell&#8217;assessore all&#8217;ambiente Gianpaolo Bottacin la Giunta regionale ha stanziato un contributo di 25mila euro a favore del Comune di Comelico Superiore (BL) da dedicare allo stabilimento termale di Valgrande, attualmente chiuso a causa della messa in mora e successivo fallimento della societ\u00e0 di gestione.\u00a0 \u00c8 stato, quindi, deciso di concedere un sostegno finanziario a copertura delle spese sostenute per il mantenimento degli impianti e, in generale, dello stabilimento termale, per scongiurare il loro deteriorarsi, in particolare nei mesi invernali durante i quali \u00e8 fondamentale far fronte alle rigidit\u00e0 climatiche del territorio. <em>\u201cSi tratta di un piccolo, ma importante segnale &#8211; dice\u00a0 Bottacin &#8211; con cui continuiamo a manifestare la nostra attenzione per il Comelico, non solo nelle fondamentali battaglie per il collegamento sciistico con la Pusteria e il no ai vincoli&#8221;<\/em><\/p>\n<p>&nbsp;<\/p>\n<p>&nbsp;<\/p>\n<h3>LA BAMBINA DI AGORDO IN AIUTO AI TERREMOTATI DELL&#8217;ALBANIA<\/h3>\n<p>simpatica lettera recapita alla Provincia da una bambina di Agordo, che vuole aiutare i terremotati di Albania.<\/p>\n<blockquote><p><em>\u00abStiamo cercando di organizzare una giornata speciale per la bambina di Agordo &#8211; aggiunge il consigliere provinciale delegato alla Protezione Civile, Massimo Bortoluzzi -. Vorremmo farle incontrare i volontari che sono sempre pronti a intervenire nelle emergenze, dimostrando la stessa solidariet\u00e0 dimostrata da Emily\u00bb.<\/em><\/p><\/blockquote>\n<p>AUDIO DALLA RASSEGNA STAMPA DELLE OTTO<\/p>\n<audio class=\"wp-audio-shortcode\" id=\"audio-108810-8\" preload=\"none\" style=\"width: 100%;\" controls=\"controls\"><source type=\"audio\/mpeg\" src=\"https:\/\/www.radiopiu.net\/wordpress\/wp-content\/uploads\/2019\/12\/BORTOLUZZI.mp3?_=8\" \/><a href=\"https:\/\/www.radiopiu.net\/wordpress\/wp-content\/uploads\/2019\/12\/BORTOLUZZI.mp3\">https:\/\/www.radiopiu.net\/wordpress\/wp-content\/uploads\/2019\/12\/BORTOLUZZI.mp3<\/a><\/audio>\n<p>&nbsp;<\/p>\n<p><a class=\"dt-pswp-item\" href=\"https:\/\/www.radiopiu.net\/wordpress\/wp-content\/uploads\/2019\/12\/images-1.jpg\" data-dt-img-description=\"\" data-large_image_width=\"303\" data-large_image_height=\"166\"><img loading=\"lazy\" decoding=\"async\" class=\" wp-image-108803 alignleft\" src=\"https:\/\/www.radiopiu.net\/wordpress\/wp-content\/uploads\/2019\/12\/images-1-300x164.jpg\" alt=\"\" width=\"238\" height=\"130\" srcset=\"https:\/\/www.radiopiu.net\/wordpress\/wp-content\/uploads\/2019\/12\/images-1-300x164.jpg 300w, https:\/\/www.radiopiu.net\/wordpress\/wp-content\/uploads\/2019\/12\/images-1.jpg 303w\" sizes=\"auto, (max-width: 238px) 100vw, 238px\" \/><\/a>Letterina con regalo, nel segno della solidariet\u00e0. L\u2019ha spedita una bambina di Agordo alla Provincia di Belluno, per farla recapitare ai volontari di Protezione Civile. Il messaggio \u00e8 fortissimo: \u00abDate una mano ai bambini dell\u2019Albania, colpiti dal terremoto\u00bb. Ed \u00e8 accompagnato da una banconota da 5 euro.<br \/>\n\u00abCara Protezione Civile di Belluno &#8211; si legge nella lettera, vergata a mano e datata Agordo 26 novembre -. Sono Emily e vi scrivo perch\u00e9 stamattina, appena mi sono svegliata, ho sentito al telegiornale la brutta notizia. Mia mamma, che stava bevendo il caff\u00e8, mi ha spiegato che nella notte, in Albania, c\u2019\u00e8 stato un fortissimo terremoto. Io ho pensato a tutti i bambini che dormivano nei loro lettini caldi, vicino alla loro mamma e al loro pap\u00e0, o con i fratellini: si saranno spaventati tantissimo. Mi dispiace tanto: non \u00e8 giusto che succedano queste cose bruttissime; spero di non sentire pi\u00f9 queste notizie al telegiornale. Dalla paura quei bambini non avranno neanche fatto colazione. Io non so l\u2019albanese, ma vorrei dire a quei bambini che voglio essere la loro amica del cuore. Non so come fare, ma vorrei che voi, della Protezione Civile, mi aiutaste a consegnare ai bambini dell\u2019Albania il mio disegno, cos\u00ec possono vedere che io ho pensato a loro e che mi dispiace tanto per quello che \u00e8 successo. Spero che possano essere di nuovo tranquilli e felici con le loro famiglie. Ciao bambini albanesi. Vi mando anche 5 euro, cos\u00ec potete fare colazione domani mattina\u00bb. La lettera \u00e8 finita sulla scrivania del presidente della Provincia. \u00abLa solidariet\u00e0 dei bellunesi \u00e8 sempre enorme e commovente &#8211; commenta Roberto Padrin -. Questa letterina \u00e8 l\u2019esempio della parte migliore del nostro territorio, la forza inesauribile della generosit\u00e0, che si muove sempre quando ce n&#8217;\u00e8 bisogno\u00bb.<br \/>\n<div class=\"su-document su-u-responsive-media-no\"><iframe loading=\"lazy\" src=\"\/\/docs.google.com\/viewer?embedded=true&url=https:\/\/www.radiopiu.net\/wordpress\/wp-content\/uploads\/2019\/12\/Documenti-scansionati-1.pdf\" width=\"600\" height=\"800\" class=\"su-document\" title=\"cc\"><\/iframe><\/div>\n<p>&nbsp;<\/p>\n<p>&nbsp;<\/p>\n<p>&nbsp;<\/p>\n<h3>L&#8217;APP MUNICIPIUM ANCHE PER IL COMUNE DI TAIBON<\/h3>\n<p><strong><a class=\"dt-pswp-item\" href=\"https:\/\/www.radiopiu.net\/wordpress\/wp-content\/uploads\/2019\/12\/8cf3555d-3d0e-4ef9-ab70-e173a6677ff8.jpg\" data-dt-img-description=\"\" data-large_image_width=\"720\" data-large_image_height=\"1440\"><img loading=\"lazy\" decoding=\"async\" class=\"size-medium wp-image-108806 alignleft\" src=\"https:\/\/www.radiopiu.net\/wordpress\/wp-content\/uploads\/2019\/12\/8cf3555d-3d0e-4ef9-ab70-e173a6677ff8-150x300.jpg\" alt=\"\" width=\"150\" height=\"300\" srcset=\"https:\/\/www.radiopiu.net\/wordpress\/wp-content\/uploads\/2019\/12\/8cf3555d-3d0e-4ef9-ab70-e173a6677ff8-150x300.jpg 150w, https:\/\/www.radiopiu.net\/wordpress\/wp-content\/uploads\/2019\/12\/8cf3555d-3d0e-4ef9-ab70-e173a6677ff8-512x1024.jpg 512w, https:\/\/www.radiopiu.net\/wordpress\/wp-content\/uploads\/2019\/12\/8cf3555d-3d0e-4ef9-ab70-e173a6677ff8.jpg 720w\" sizes=\"auto, (max-width: 150px) 100vw, 150px\" \/><\/a>TAIBON<\/strong> La nuova app per tutti gli apparecchi cellulari che fa riferimento alla vita dei Municipi il Comune di Taibon ed in particolare l&#8217;agente di Polizia Locale Gilberto Fossen, ha avuto modo di provarla nei giorni dell&#8217;emergenza dell&#8217;allarme arancione con la chiusura della strade per Col di Pra, Val Corpassa e comunale in localit\u00e0 Campagna. Grazie a questa soluzione scelta dall\u2019Amministrazione Comunale, ora sar\u00e0 possibile per i cittadini di Taibon Agordino ricevere news tramite notifica push dal Comune, conoscere gli eventi sul proprio territorio, avere accesso a informazioni utili e di servizio per la raccolta differenziata dei rifiuti, consultare le mappe che il Comune andr\u00e0 a costruire localizzando i punti di interesse del territorio. Toccando le barrette presenti in alto a sinistra della schermata, potrai accedere alle varie voci di men\u00f9 e selezionare la sezione di tuo interesse. Municipium \u00e8 un servizio esteso su pi\u00f9 Comuni italiani e, come tale, migliora e si sviluppa molto velocemente. Inoltre se nel tuo territorio altri Comuni vicini hanno adottato il servizio, dalla schermata iniziale sar\u00e0 sufficiente toccare i tre pallini in alto a destra e consultare la lista degli enti presenti: il cittadino potr\u00e0 passare quindi da un Comune all\u2019altro stando sempre all\u2019interno di Municipium. La nuova appa si presenta con un primo piano del Muncipio,\u00a0 nel menu&#8217;: Info utili, Protezione civile, Notizie, Eventi, Rifiuti e Mappe. Ed ecco le notizie di protezione civile piuttosto che il calendario della raccolta dei rifiuti in collaborazione con Valpe. Tra le ultime notizie pubblicate l&#8217;avviso per il 730 e la raccolta firme per il riconocimento della lingua veneta. Il resto? Tutto da scoprire con dei clic molto intuitivi perch\u00e9 l&#8217;app \u00e8 alla portata di tutti.<\/p>\n<p>&nbsp;<\/p>\n<p>&nbsp;<\/p>\n<p>&nbsp;<\/p>\n<h2><\/h2>\n<p>&nbsp;<\/p>\n<h3>LE NOMINE AL PARCO NAZIONALE DOLOMITI BELLUNESI, IL MINISTRO FIRMA<\/h3>\n<p><strong><a class=\"dt-pswp-item\" href=\"https:\/\/www.radiopiu.net\/wordpress\/wp-content\/uploads\/2018\/08\/logo-parco.png\" data-dt-img-description=\"\" data-large_image_width=\"253\" data-large_image_height=\"120\"><img loading=\"lazy\" decoding=\"async\" class=\"size-full wp-image-59193 alignleft\" src=\"https:\/\/www.radiopiu.net\/wordpress\/wp-content\/uploads\/2018\/08\/logo-parco.png\" alt=\"\" width=\"253\" height=\"120\" \/><\/a>FELTRE<\/strong> lL Ministro dell\u2019Ambiente, Sergio Costa, ha firmato il decreto di nomina del nuovo Consiglio Direttivo del Parco Nazionale Dolomiti Bellunesi. In rappresentanza delle amministrazioni locali, su designazione della Comunit\u00e0 del Parco, siederanno in Consiglio: Camillo De Pellegrin, Sindaco di Val di Zoldo; Stefano Deon, Sindaco di Sedico; Alessandro Maguolo, Assessore presso il Comune di Rivamonte Agordino, e Giampietro Frescura, Vicesindaco di San Gregorio nelle Alpi. A rappresentare il Ministero dell\u2019Ambiente e della Tutela del Territorio \u00e8 stato chiamato Angelo De Simoi, Presidente della sezione CAI di Feltre; mentre Augusto De Nato rappresenter\u00e0 in Consiglio le associazioni di protezione ambientale. Con la nomina del Consiglio Direttivo Ennio Vigne, gi\u00e0 Commissario Straordinario, assume il ruolo di Presidente del Parco. All\u2019appello mancano ora solo due Consiglieri, i cui nominativi devono essere indicati dal Ministero delle politiche agricole, alimentari e forestali e dall\u2019ISPRA, l\u2019Istituto Superiore per la Protezione e la Ricerca Ambientale. In attesa di queste ultime due nomine il Consiglio \u00e8 comunque gi\u00e0 operativo, poich\u00e9 \u00e8 assicurato il numero legale di componenti.<\/p>\n<p>&nbsp;<\/p>\n<p>&nbsp;<\/p>\n<p>&nbsp;<\/p>\n<p>&nbsp;<\/p>\n<p>&nbsp;<\/p>\n<h3>FESTA DI NATALE LUXOTTICA: NAVETTE E BUS<\/h3>\n<p>In occasione della Festa di Natale al PalaLuxottica del 20 dicembre, Luxottica, come gli scorsi anni, mette a disposizione un servizio navetta per raggiungere la struttura. Per tutti coloro che si recheranno alla festa con i propri mezzi, sono 2 le zone adibite a parcheggio per l&#8217;evento. La prima \u00e8 situata nella zona dello stabilimento di Agordo in Valcozzena, i parcheggi esterni solitamente usati tutti i giorni dalle maestranze. Oltre al parcheggio di Valcozzena, gli operai potranno utilizzare il parcheggio di Tamonich adiacente al PalaLuxottica. In ogni caso l&#8217;accesso all&#8217;area dedicata all&#8217;evento pu\u00f2 avvenire solo ed esclusivamente con i bus navetta messi a disposizione dall&#8217;azienda che trasporteranno tutti gli invitati fino all&#8217;ingresso della struttura. Non sar\u00e0 consentito l&#8217;accesso ai pedoni. Il servizio sar\u00e0 attivo dalle 17:45 alle 3:30 passando anche per il centro di Agordo.<\/p>\n<p><strong>LA MAPPA DEL BUS NAVETTA<\/strong><\/p>\n<p><a class=\"dt-pswp-item\" href=\"https:\/\/www.radiopiu.net\/wordpress\/wp-content\/uploads\/2019\/12\/bus-navetta-palaluxottica-2019.jpeg\" data-dt-img-description=\"\" data-large_image_width=\"462\" data-large_image_height=\"423\"><img loading=\"lazy\" decoding=\"async\" class=\"alignnone wp-image-108838 \" src=\"https:\/\/www.radiopiu.net\/wordpress\/wp-content\/uploads\/2019\/12\/bus-navetta-palaluxottica-2019.jpeg\" alt=\"\" width=\"300\" height=\"275\" srcset=\"https:\/\/www.radiopiu.net\/wordpress\/wp-content\/uploads\/2019\/12\/bus-navetta-palaluxottica-2019.jpeg 462w, https:\/\/www.radiopiu.net\/wordpress\/wp-content\/uploads\/2019\/12\/bus-navetta-palaluxottica-2019-300x275.jpeg 300w\" sizes=\"auto, (max-width: 300px) 100vw, 300px\" \/><\/a><\/p>\n<p>&nbsp;<\/p>\n<p>Come nelle scorse edizioni della Festa di Natale Luxottica, sono stati messi a disposizione dei mezzi pubblici che partiranno da Belluno, Feltre, Caprile, Falcade, Caoria, Fiera di Primiero e Gosaldo. Le adesioni a questo servizio dovranno essere presentate entro e non oltre il 18 dicembre presso l&#8217;ufficio del personale.<\/p>\n<p><strong>GLI ORARI DELLE CORRIERE PER LA FESTA<\/strong><\/p>\n<p><a class=\"dt-pswp-item\" href=\"https:\/\/www.radiopiu.net\/wordpress\/wp-content\/uploads\/2019\/12\/BUS-FESTA-LUXOTTICA-2019.jpeg\" data-dt-img-description=\"\" data-large_image_width=\"526\" data-large_image_height=\"549\"><img loading=\"lazy\" decoding=\"async\" class=\"alignnone size-full wp-image-108839\" src=\"https:\/\/www.radiopiu.net\/wordpress\/wp-content\/uploads\/2019\/12\/BUS-FESTA-LUXOTTICA-2019.jpeg\" alt=\"\" width=\"526\" height=\"549\" srcset=\"https:\/\/www.radiopiu.net\/wordpress\/wp-content\/uploads\/2019\/12\/BUS-FESTA-LUXOTTICA-2019.jpeg 526w, https:\/\/www.radiopiu.net\/wordpress\/wp-content\/uploads\/2019\/12\/BUS-FESTA-LUXOTTICA-2019-287x300.jpeg 287w\" sizes=\"auto, (max-width: 526px) 100vw, 526px\" \/><\/a><\/p>\n<h3><\/h3>\n<h3><\/h3>\n<p>&nbsp;<\/p>\n<blockquote><p>&nbsp;<\/p><\/blockquote>\n<h3>MEETING ONCOLOGICI DOLOMITI, 660 PARTECIPANTI. OGGI NUOVO APPUNTAMENTO CON IL CONVEGNO SULLE NEOPLASIE.<\/h3>\n<p align=\"JUSTIFY\"><span style=\"font-family: Calibri, serif;\"><span style=\"font-size: medium;\"><b>FELTRE<\/b><\/span><\/span><span style=\"font-family: Calibri, serif;\"><span style=\"font-size: medium;\"> Oltre 660 medici hanno partecipato nel corso del 2019 ai Meeting Oncologici Dolomiti, eventi formativi promossi dal direttore dell\u2019Oncologia di Feltre, Davide Pastorelli, per favorire la formazione e l\u2019aggiornamento continuo di alto livello in sede con un approccio multidisciplinare.\u00a0<\/span><\/span><span style=\"font-family: Calibri, serif;\"><span style=\"font-size: medium;\">I convegni sono stati 7 nel corso dell\u2019anno e hanno spaziato su varie tematiche dalla cardi oncologia alla malattia trombo litica venosa in oncologia, si \u00e8 parlato anche di tumore al polmone e del cancro al colon retto, degli aspetti relazionali, delle nuove prospettive di cura del tumore del pancreas e di uro-oncologia. I crediti formati assegnati complessivamente sono 41. L\u2019evento pi\u00f9 partecipato \u00e8 stato quello sulle nuove prospettive di cura del tumore del pancreas, del fegato e delle vie biliari tenutosi a settembre nella sala convegni dell\u2019ospedale di Feltre. Oggi\u00a0 <\/span><\/span><span style=\"font-family: Calibri, serif;\"><span style=\"font-size: medium;\">si parler\u00e0 invece di <\/span><\/span><span style=\"font-family: Times New Roman, serif;\"><span style=\"font-size: medium;\">neoplasie ginecologiche e soprattutto dell\u2019approccio multi e interdisciplinare della loro diagnosi e cura.\u00a0 <\/span><\/span><span style=\"font-size: medium; font-family: Calibri, serif;\">L\u2019evento rappresenta un momento di condivisione e di confronto, nello sforzo continuo di migliorare la pratica clinica quotidiana, discutendo le novit\u00e0 della ricerca e la condivisione delle proprie esperienze.<\/span><\/p>\n<p>&nbsp;<\/p>\n<p>&nbsp;<\/p>\n<p>&nbsp;<\/p>\n<h2>DOMANI SANTA BARBARA CON APIM E FOLLADOR AD AGORDO<\/h2>\n<h2><a class=\"dt-pswp-item\" href=\"https:\/\/www.radiopiu.net\/wordpress\/wp-content\/uploads\/2016\/12\/POLOTAMONICH.jpg\" data-dt-img-description=\"\" data-large_image_width=\"284\" data-large_image_height=\"158\"><img loading=\"lazy\" decoding=\"async\" class=\"size-full wp-image-26115 alignleft\" src=\"https:\/\/www.radiopiu.net\/wordpress\/wp-content\/uploads\/2016\/12\/POLOTAMONICH.jpg\" alt=\"\" width=\"284\" height=\"158\" \/><\/a><\/h2>\n<h2><\/h2>\n<h2><\/h2>\n<p>DI GIANNI SANTOMASO<\/p>\n<audio class=\"wp-audio-shortcode\" id=\"audio-108810-9\" preload=\"none\" style=\"width: 100%;\" controls=\"controls\"><source type=\"audio\/mpeg\" src=\"https:\/\/www.radiopiu.net\/wordpress\/wp-content\/uploads\/2019\/12\/SANTA-BARBARA.mp3?_=9\" \/><a href=\"https:\/\/www.radiopiu.net\/wordpress\/wp-content\/uploads\/2019\/12\/SANTA-BARBARA.mp3\">https:\/\/www.radiopiu.net\/wordpress\/wp-content\/uploads\/2019\/12\/SANTA-BARBARA.mp3<\/a><\/audio>\n<h2>IL PRESIDENTE APIM LUCA LUCHETTA e il ricordo di Graziano Ronchi<\/h2>\n<audio class=\"wp-audio-shortcode\" id=\"audio-108810-10\" preload=\"none\" style=\"width: 100%;\" controls=\"controls\"><source type=\"audio\/mpeg\" src=\"https:\/\/www.radiopiu.net\/wordpress\/wp-content\/uploads\/2019\/12\/LUCA-LUC.mp3?_=10\" \/><a href=\"https:\/\/www.radiopiu.net\/wordpress\/wp-content\/uploads\/2019\/12\/LUCA-LUC.mp3\">https:\/\/www.radiopiu.net\/wordpress\/wp-content\/uploads\/2019\/12\/LUCA-LUC.mp3<\/a><\/audio>\n<p>&nbsp;<\/p>\n<p>&nbsp;<\/p>\n<p>&nbsp;<\/p>\n<p>&nbsp;<\/p>\n<h2>ARTE, STORIA E NATALE: PROPOSTE INTERESSANTI PER DOMANI<\/h2>\n<p><strong><a class=\"dt-pswp-item\" href=\"https:\/\/www.radiopiu.net\/wordpress\/wp-content\/uploads\/2019\/11\/LIMANA.jpg\" data-dt-img-description=\"\" data-large_image_width=\"367\" data-large_image_height=\"206\"><img loading=\"lazy\" decoding=\"async\" class=\" wp-image-105869 alignleft\" src=\"https:\/\/www.radiopiu.net\/wordpress\/wp-content\/uploads\/2019\/11\/LIMANA-300x168.jpg\" alt=\"\" width=\"243\" height=\"136\" srcset=\"https:\/\/www.radiopiu.net\/wordpress\/wp-content\/uploads\/2019\/11\/LIMANA-300x168.jpg 300w, https:\/\/www.radiopiu.net\/wordpress\/wp-content\/uploads\/2019\/11\/LIMANA.jpg 367w\" sizes=\"auto, (max-width: 243px) 100vw, 243px\" \/><\/a><\/strong><\/p>\n<p>&nbsp;<\/p>\n<p>&nbsp;<\/p>\n<p><strong>LIMANA<\/strong><\/p>\n<p><strong>DI DAMIANO TORMEN<\/strong><\/p>\n<audio class=\"wp-audio-shortcode\" id=\"audio-108810-11\" preload=\"none\" style=\"width: 100%;\" controls=\"controls\"><source type=\"audio\/mpeg\" src=\"https:\/\/www.radiopiu.net\/wordpress\/wp-content\/uploads\/2019\/12\/DOMANI-ARTE-STORIA-NATALE.mp3?_=11\" \/><a href=\"https:\/\/www.radiopiu.net\/wordpress\/wp-content\/uploads\/2019\/12\/DOMANI-ARTE-STORIA-NATALE.mp3\">https:\/\/www.radiopiu.net\/wordpress\/wp-content\/uploads\/2019\/12\/DOMANI-ARTE-STORIA-NATALE.mp3<\/a><\/audio>\n<h3><\/h3>\n<p>&nbsp;<\/p>\n<p>&nbsp;<\/p>\n<h3>PARECH CHIAMA SAN NICOLO&#8217; TRA I GIRASOLI DI DICEMBRE<\/h3>\n<p><strong><a class=\"dt-pswp-item\" href=\"https:\/\/www.radiopiu.net\/wordpress\/wp-content\/uploads\/2019\/12\/78954038_1223689317832060_3412662820196581376_n.jpg\" data-dt-img-description=\"\" data-large_image_width=\"528\" data-large_image_height=\"960\"><img loading=\"lazy\" decoding=\"async\" class=\"size-medium wp-image-108795 alignleft\" src=\"https:\/\/www.radiopiu.net\/wordpress\/wp-content\/uploads\/2019\/12\/78954038_1223689317832060_3412662820196581376_n-165x300.jpg\" alt=\"\" width=\"165\" height=\"300\" srcset=\"https:\/\/www.radiopiu.net\/wordpress\/wp-content\/uploads\/2019\/12\/78954038_1223689317832060_3412662820196581376_n-165x300.jpg 165w, https:\/\/www.radiopiu.net\/wordpress\/wp-content\/uploads\/2019\/12\/78954038_1223689317832060_3412662820196581376_n.jpg 528w\" sizes=\"auto, (max-width: 165px) 100vw, 165px\" \/><\/a><\/strong><\/p>\n<p>&nbsp;<\/p>\n<p><strong>AGORDO<\/strong> Il girasole di dicembre, da registrare il marchio visto i tempi di cambiamento climatico. In casa Marco Martini questa \u00e8 la sorpresa invernale ed \u00e8 stata una sorpresa anche per i pi\u00f9 piccoli che ieri all&#8217;imbrunire hanno tenuto fede alla tradizione girando per la frazione di Parech e fino a Prompicai e Toccol con i campanelli per chiamare San Nicolo&#8217;.<\/p>\n<p>Stagione decisamente fuori norma con i porcini di Mario De Marco a Voltago o i funghi gialletti a La Valle Agordina<\/p>\n<p>&nbsp;<\/p>\n<p>&nbsp;<\/p>\n<p>&nbsp;<\/p>\n<p>&nbsp;<\/p>\n<h3>TRADIZIONE RISPETTATA&#8230;. I BAMBINI CHIAMANO SAN NICOLO&#8217;<\/h3>\n<p><strong>GALLERIA<\/strong> bambini di ieri che hanno suonato i campanacci fra Toccol e Parech per chiamare San Nicol\u00f2. Grazie per la collaborazione ad Andrea Rumor<\/p>\n\n\t\t\t<style type='text\/css'>\n\t\t\t\t#gallery-2 {\n\t\t\t\t\tmargin: auto;\n\t\t\t\t}\n\t\t\t\t#gallery-2 .gallery-item {\n\t\t\t\t\tfloat: left;\n\t\t\t\t\tmargin-top: 10px;\n\t\t\t\t\ttext-align: center;\n\t\t\t\t\twidth: 33%;\n\t\t\t\t}\n\t\t\t\t#gallery-2 img {\n\t\t\t\t\tborder: 2px solid #cfcfcf;\n\t\t\t\t}\n\t\t\t\t#gallery-2 .gallery-caption {\n\t\t\t\t\tmargin-left: 0;\n\t\t\t\t}\n\t\t\t\t\/* see gallery_shortcode() in wp-includes\/media.php *\/\n\t\t\t<\/style>\n\t\t<div id='gallery-2' class='dt-gallery-container gallery galleryid-108810 gallery-columns-3 gallery-size-thumbnail'><dl class='gallery-item'>\n\t\t\t\t<dt class='gallery-icon landscape'>\n\t\t\t\t\t<a class=\"rollover\" href='https:\/\/www.radiopiu.net\/wordpress\/giornale-radiopiu-06-dicembre-2019-direttore-mirko-mezzacasa\/whatsapp-image-2019-12-06-at-08-17-41\/'><img loading=\"lazy\" decoding=\"async\" width=\"150\" height=\"150\" src=\"https:\/\/www.radiopiu.net\/wordpress\/wp-content\/uploads\/2019\/12\/WhatsApp-Image-2019-12-06-at-08.17.41-150x150.jpeg\" class=\"attachment-thumbnail size-thumbnail\" alt=\"\" \/><\/a>\n\t\t\t\t<\/dt><\/dl><dl class='gallery-item'>\n\t\t\t\t<dt class='gallery-icon landscape'>\n\t\t\t\t\t<a class=\"rollover\" href='https:\/\/www.radiopiu.net\/wordpress\/giornale-radiopiu-06-dicembre-2019-direttore-mirko-mezzacasa\/whatsapp-image-2019-12-06-at-08-17-40\/'><img loading=\"lazy\" decoding=\"async\" width=\"150\" height=\"150\" src=\"https:\/\/www.radiopiu.net\/wordpress\/wp-content\/uploads\/2019\/12\/WhatsApp-Image-2019-12-06-at-08.17.40-150x150.jpeg\" class=\"attachment-thumbnail size-thumbnail\" alt=\"\" \/><\/a>\n\t\t\t\t<\/dt><\/dl><dl class='gallery-item'>\n\t\t\t\t<dt class='gallery-icon landscape'>\n\t\t\t\t\t<a class=\"rollover\" href='https:\/\/www.radiopiu.net\/wordpress\/giornale-radiopiu-06-dicembre-2019-direttore-mirko-mezzacasa\/whatsapp-image-2019-12-06-at-08-17-37-1\/'><img loading=\"lazy\" decoding=\"async\" width=\"150\" height=\"150\" src=\"https:\/\/www.radiopiu.net\/wordpress\/wp-content\/uploads\/2019\/12\/WhatsApp-Image-2019-12-06-at-08.17.37-1-150x150.jpeg\" class=\"attachment-thumbnail size-thumbnail\" alt=\"\" \/><\/a>\n\t\t\t\t<\/dt><\/dl><br style=\"clear: both\" \/>\n\t\t\t<\/div>\n\n<p>&nbsp;<\/p>\n<p>&nbsp;<\/p>\n<p>&nbsp;<\/p>\n<p>&nbsp;<\/p>\n<h3>SAN NICOLO&#8217; AL SAN MARTINO<\/h3>\n<p align=\"JUSTIFY\"><span style=\"font-family: Calibri, sans-serif;\"><strong><a class=\"dt-pswp-item\" href=\"https:\/\/www.radiopiu.net\/wordpress\/wp-content\/uploads\/2019\/12\/4beab1d3-6627-4ddf-ba99-0e040ec6d058.jpg\" data-dt-img-description=\"\" data-large_image_width=\"1024\" data-large_image_height=\"768\"><img loading=\"lazy\" decoding=\"async\" class=\" wp-image-108831 alignleft\" src=\"https:\/\/www.radiopiu.net\/wordpress\/wp-content\/uploads\/2019\/12\/4beab1d3-6627-4ddf-ba99-0e040ec6d058-300x225.jpg\" alt=\"\" width=\"221\" height=\"166\" srcset=\"https:\/\/www.radiopiu.net\/wordpress\/wp-content\/uploads\/2019\/12\/4beab1d3-6627-4ddf-ba99-0e040ec6d058-300x225.jpg 300w, https:\/\/www.radiopiu.net\/wordpress\/wp-content\/uploads\/2019\/12\/4beab1d3-6627-4ddf-ba99-0e040ec6d058-768x576.jpg 768w, https:\/\/www.radiopiu.net\/wordpress\/wp-content\/uploads\/2019\/12\/4beab1d3-6627-4ddf-ba99-0e040ec6d058.jpg 1024w\" sizes=\"auto, (max-width: 221px) 100vw, 221px\" \/><\/a>BELLUNO<\/strong> Ieri\u00a0 si \u00e8 tenuta in Pediatria a Belluno la Festa di San Nicol\u00f2, organizzata dalla Sezione della Scuola in Ospedale dell\u2019Istituto Comprensivo Statale Belluno 3, presieduta dalla Dirigente Prof.ssa Lucia Savina, in collaborazione con l\u2019 U.O. di Pediatria dell\u2019 Ospedale S. Martino di Belluno, diretta dal dr. Stefano Marzini. <\/span><span style=\"font-family: Calibri, sans-serif;\">La Festa di San Nicol\u00f2 rientra nei progetti scuola &#8211; ospedale che, oltre ad assicurare la frequenza scolastica durante il ricovero aiutando a preservare la funzione educativa, consente al bambino una continuit\u00e0 con il mondo esterno offrendo una visione dell\u2019ospedale meno medicalizzata, anche con momenti di divertimento e gioco. <\/span><span style=\"font-family: Calibri, sans-serif;\">Alla Festa hanno partecipato anche 20 bambini della scuola dell&#8217;infanzia di Visome accompagnati dalle loro docenti, i quali hanno regalato ai bimbi ricoverati un piccolo prodotto artistico da loro realizzato. <\/span><span style=\"font-family: Calibri, sans-serif;\">In seguito \u00e8 arrivato San Nicol\u00f2, accompagnato da 5 zampognari del Gruppo \u201cPedra\u201d con il Presidente del G.S. Caleipo sig. Edy Rossa. <\/span><span style=\"font-family: Calibri, sans-serif;\">La festa \u00e8 proseguita con la consegna a tutti i bimbi presenti di doni e panettoni. <\/span><\/p>\n<p>&nbsp;<\/p>\n<p>&nbsp;<\/p>\n<blockquote class=\"wp-embedded-content\" data-secret=\"8ammZbLxGb\"><p><a href=\"https:\/\/www.radiopiu.net\/wordpress\/tommaso-antonio-catullo-a-150-anni-dalla-morte-una-giornata-di-studio-di-luisa-manfroi\/\">TOMMASO ANTONIO CATULLO A 150 ANNI DALLA MORTE UNA GIORNATA DI STUDIO di Luisa Manfroi<\/a><\/p><\/blockquote>\n<p><iframe loading=\"lazy\" title=\"&#8220;TOMMASO ANTONIO CATULLO A 150 ANNI DALLA MORTE UNA GIORNATA DI STUDIO di Luisa Manfroi&#8221; &#8212; Radio Pi\u00f9\" class=\"wp-embedded-content\" sandbox=\"allow-scripts\" security=\"restricted\" style=\"position: absolute; clip: rect(1px, 1px, 1px, 1px);\" src=\"https:\/\/www.radiopiu.net\/wordpress\/tommaso-antonio-catullo-a-150-anni-dalla-morte-una-giornata-di-studio-di-luisa-manfroi\/embed\/#?secret=8ammZbLxGb\" data-secret=\"8ammZbLxGb\" width=\"600\" height=\"338\" frameborder=\"0\" marginwidth=\"0\" marginheight=\"0\" scrolling=\"no\"><\/iframe><\/p>\n<p>&nbsp;<\/p>\n<p>&nbsp;<\/p>\n<p>&nbsp;<\/p>\n<h1><span style=\"color: #ff0000;\">IERI ALLA RADIO<\/span><\/h1>\n<h3>WELFARE LUXOTTICA: A GENNAIO IL PASSAGGIO DA UNISALUTE A GENERALI<\/h3>\n<p><a class=\"dt-pswp-item\" href=\"http:\/\/www.radiopiu.net\/wordpress\/wp-content\/uploads\/2019\/12\/LUIGI-DELLATTI-2019.jpeg\" data-dt-img-description=\"\" data-large_image_width=\"1600\" data-large_image_height=\"1200\"><img loading=\"lazy\" decoding=\"async\" class=\"size-medium wp-image-108679 alignright\" src=\"http:\/\/www.radiopiu.net\/wordpress\/wp-content\/uploads\/2019\/12\/LUIGI-DELLATTI-2019-300x225.jpeg\" alt=\"\" width=\"300\" height=\"225\" srcset=\"https:\/\/www.radiopiu.net\/wordpress\/wp-content\/uploads\/2019\/12\/LUIGI-DELLATTI-2019-300x225.jpeg 300w, https:\/\/www.radiopiu.net\/wordpress\/wp-content\/uploads\/2019\/12\/LUIGI-DELLATTI-2019-768x576.jpeg 768w, https:\/\/www.radiopiu.net\/wordpress\/wp-content\/uploads\/2019\/12\/LUIGI-DELLATTI-2019-1024x768.jpeg 1024w, https:\/\/www.radiopiu.net\/wordpress\/wp-content\/uploads\/2019\/12\/LUIGI-DELLATTI-2019.jpeg 1600w\" sizes=\"auto, (max-width: 300px) 100vw, 300px\" \/><\/a>Sono periodi di cambiamenti per coloro che usufruiscono del piano welfare aziendale Luxottica. A partire dal primo gennaio 2020 cambia il piano assicurativo per quanto riguarda il welfare salute di Luxottica. Dopo quasi 10 anni di gestione ad Unisalute, l&#8217;azienda ha deciso di cambiare assicurazione passando a Generali.<\/p>\n<p><strong>LUIGI DELL&#8217;ATTI, RSU LUXOTTICA CGIL<\/strong><\/p>\n<audio class=\"wp-audio-shortcode\" id=\"audio-108810-12\" preload=\"none\" style=\"width: 100%;\" controls=\"controls\"><source type=\"audio\/mpeg\" src=\"https:\/\/www.radiopiu.net\/wordpress\/wp-content\/uploads\/2019\/12\/LUIGI-PTI.mp3?_=12\" \/><a href=\"https:\/\/www.radiopiu.net\/wordpress\/wp-content\/uploads\/2019\/12\/LUIGI-PTI.mp3\">https:\/\/www.radiopiu.net\/wordpress\/wp-content\/uploads\/2019\/12\/LUIGI-PTI.mp3<\/a><\/audio>\n<p>&nbsp;<\/p>\n<p>&nbsp;<\/p>\n<p>&nbsp;<\/p>\n<h1><span style=\"color: #ff0000;\">IERI ALLA RADIO<\/span><\/h1>\n<h3><a class=\"dt-pswp-item\" href=\"https:\/\/www.radiopiu.net\/wordpress\/wp-content\/uploads\/2019\/12\/download-3.jpg\" data-dt-img-description=\"\" data-large_image_width=\"336\" data-large_image_height=\"150\"><img loading=\"lazy\" decoding=\"async\" class=\" wp-image-108834 alignleft\" src=\"https:\/\/www.radiopiu.net\/wordpress\/wp-content\/uploads\/2019\/12\/download-3-300x134.jpg\" alt=\"\" width=\"215\" height=\"96\" srcset=\"https:\/\/www.radiopiu.net\/wordpress\/wp-content\/uploads\/2019\/12\/download-3-300x134.jpg 300w, https:\/\/www.radiopiu.net\/wordpress\/wp-content\/uploads\/2019\/12\/download-3.jpg 336w\" sizes=\"auto, (max-width: 215px) 100vw, 215px\" \/><\/a><\/h3>\n<h3>E&#8217; partito da circa un mese il servizio di spesa a domicilio disponibile nei paesi della conca agordina a cura del w store di Agordo in localita&#8217; le Campe alle porte di Agordo. Le modalita&#8217; del servizio ci vengono illustrate dal direttore del supermercato del gruppo Walber Alessandro Deola.<\/h3>\n<audio class=\"wp-audio-shortcode\" id=\"audio-108810-13\" preload=\"none\" style=\"width: 100%;\" controls=\"controls\"><source type=\"audio\/mpeg\" src=\"https:\/\/www.radiopiu.net\/wordpress\/wp-content\/uploads\/2019\/12\/alessandro-deola.mp3?_=13\" \/><a href=\"https:\/\/www.radiopiu.net\/wordpress\/wp-content\/uploads\/2019\/12\/alessandro-deola.mp3\">https:\/\/www.radiopiu.net\/wordpress\/wp-content\/uploads\/2019\/12\/alessandro-deola.mp3<\/a><\/audio>\n<p>&nbsp;<\/p>\n<p>&nbsp;<\/p>\n<p>&nbsp;<\/p>\n<h1><span style=\"color: #ff0000;\">IERI ALLA RADIO<\/span><\/h1>\n<h3>EPCENTRO CON FRANCESCO ZILLIO, LA QUINTA PUNTATA<\/h3>\n<p><iframe loading=\"lazy\" title=\"EPCENTER QUINTA PUNTATA\" width=\"1200\" height=\"675\" src=\"https:\/\/www.youtube.com\/embed\/UQW0UXaICjc?feature=oembed\" frameborder=\"0\" allow=\"accelerometer; autoplay; encrypted-media; gyroscope; picture-in-picture\" allowfullscreen><\/iframe><\/p>\n<p>&nbsp;<\/p>\n<p>&nbsp;<\/p>\n<h1><span style=\"color: #ff0000;\">IERI ALLA RADIO<\/span><\/h1>\n<h3><a class=\"dt-pswp-item\" href=\"https:\/\/www.radiopiu.net\/wordpress\/wp-content\/uploads\/2019\/11\/d980cb71-bac7-4b92-8afa-6ebaade22199.jpg\" data-dt-img-description=\"\" data-large_image_width=\"1600\" data-large_image_height=\"1200\"><img loading=\"lazy\" decoding=\"async\" class=\"wp-image-108077 alignleft\" src=\"https:\/\/www.radiopiu.net\/wordpress\/wp-content\/uploads\/2019\/11\/d980cb71-bac7-4b92-8afa-6ebaade22199-300x225.jpg\" alt=\"\" width=\"181\" height=\"136\" srcset=\"https:\/\/www.radiopiu.net\/wordpress\/wp-content\/uploads\/2019\/11\/d980cb71-bac7-4b92-8afa-6ebaade22199-300x225.jpg 300w, https:\/\/www.radiopiu.net\/wordpress\/wp-content\/uploads\/2019\/11\/d980cb71-bac7-4b92-8afa-6ebaade22199-768x576.jpg 768w, https:\/\/www.radiopiu.net\/wordpress\/wp-content\/uploads\/2019\/11\/d980cb71-bac7-4b92-8afa-6ebaade22199-1024x768.jpg 1024w, https:\/\/www.radiopiu.net\/wordpress\/wp-content\/uploads\/2019\/11\/d980cb71-bac7-4b92-8afa-6ebaade22199.jpg 1600w\" sizes=\"auto, (max-width: 181px) 100vw, 181px\" \/><\/a>Alessandro De Zorzi ci parla della rassegna &#8220;sot al Tamer&#8221; in programma a La Valle Agordina\u00a0 da questa sera per 3 venerdi alle 20.15 a ingresso libero presso la sala Valmassoni ex caselo.<\/h3>\n<audio class=\"wp-audio-shortcode\" id=\"audio-108810-14\" preload=\"none\" style=\"width: 100%;\" controls=\"controls\"><source type=\"audio\/mpeg\" src=\"https:\/\/www.radiopiu.net\/wordpress\/wp-content\/uploads\/2019\/12\/sot-el-tamer-scade-6-dicembre.mp3?_=14\" \/><a href=\"https:\/\/www.radiopiu.net\/wordpress\/wp-content\/uploads\/2019\/12\/sot-el-tamer-scade-6-dicembre.mp3\">https:\/\/www.radiopiu.net\/wordpress\/wp-content\/uploads\/2019\/12\/sot-el-tamer-scade-6-dicembre.mp3<\/a><\/audio>\n<p>&nbsp;<\/p>\n<p>&nbsp;<\/p>\n<h1><span style=\"color: #ff0000;\">IERI ALLA RADIO<br \/>\n<\/span><\/h1>\n<h3>AVVICINAMENTO A \u201cAUDI FIS SKY WORLD CUP\u201d COPPA DEL MONDO DI SCI ALPINO IN ALTA BADIA 21-23 DICEMBRE 2019<\/h3>\n<p><a class=\"dt-pswp-item\" href=\"https:\/\/www.radiopiu.net\/wordpress\/wp-content\/uploads\/2019\/12\/gran-risa-alta-badia-un-mito-di-pista.jpg\" data-dt-img-description=\"\" data-large_image_width=\"1382\" data-large_image_height=\"922\"><img loading=\"lazy\" decoding=\"async\" class=\" wp-image-108848 alignleft\" src=\"https:\/\/www.radiopiu.net\/wordpress\/wp-content\/uploads\/2019\/12\/gran-risa-alta-badia-un-mito-di-pista-300x200.jpg\" alt=\"\" width=\"275\" height=\"183\" srcset=\"https:\/\/www.radiopiu.net\/wordpress\/wp-content\/uploads\/2019\/12\/gran-risa-alta-badia-un-mito-di-pista-300x200.jpg 300w, https:\/\/www.radiopiu.net\/wordpress\/wp-content\/uploads\/2019\/12\/gran-risa-alta-badia-un-mito-di-pista-1024x683.jpg 1024w, https:\/\/www.radiopiu.net\/wordpress\/wp-content\/uploads\/2019\/12\/gran-risa-alta-badia-un-mito-di-pista-768x512.jpg 768w, https:\/\/www.radiopiu.net\/wordpress\/wp-content\/uploads\/2019\/12\/gran-risa-alta-badia-un-mito-di-pista.jpg 1382w\" sizes=\"auto, (max-width: 275px) 100vw, 275px\" \/><\/a>La Terza puntata dedicata all&#8217;approfondimento delle altre location che saranno presenti il 22 e 23 dicembre a La Villa, ai piedi della Gran Risa. Andy Varallo ci illustra le caratteristiche della Red Bull energy lounge, che posizionata immediatamente a ridosso del traguardo, garantira&#8217; agli ospiti di poter vedere gli atleti da vicino, di entrare nel vivo dello spirito di gara, e di godere di un programam di intrattenimento di alto livello. Successivamente Stefen Costa ci illustra la prima location che sara&#8217; presente all&#8217;arrivo della gara, ovvero Les Viles di Blizzard Tecnica, una grande struttura che sara&#8217; capace di attrarre centinaia di spettatori in un ambientazione che richiama le antiche abitazioni della Valle. Costa ci spiega il programma gastronomico e di intrattenimenti nei giorni dell&#8217;evento.<\/p>\n<audio class=\"wp-audio-shortcode\" id=\"audio-108810-15\" preload=\"none\" style=\"width: 100%;\" controls=\"controls\"><source type=\"audio\/mpeg\" src=\"https:\/\/www.radiopiu.net\/wordpress\/wp-content\/uploads\/2019\/12\/AUDI-FIS-SKI-WORLD-CUP-TERZA-PUNTATA-andy-varallo-stefano-costa-1.mp3?_=15\" \/><a href=\"https:\/\/www.radiopiu.net\/wordpress\/wp-content\/uploads\/2019\/12\/AUDI-FIS-SKI-WORLD-CUP-TERZA-PUNTATA-andy-varallo-stefano-costa-1.mp3\">https:\/\/www.radiopiu.net\/wordpress\/wp-content\/uploads\/2019\/12\/AUDI-FIS-SKI-WORLD-CUP-TERZA-PUNTATA-andy-varallo-stefano-costa-1.mp3<\/a><\/audio>\n<p>&nbsp;<\/p>\n<p>&nbsp;<\/p>\n<p>&nbsp;<\/p>\n<h3>LA MUSICA PER VEDERE, CONCERTO DI SOLIDARIETA&#8217; A FAVORE DEL CENTRO CANI GUIDA DI LIMBIATE, MILANO<\/h3>\n<p><strong>BELLUNO<\/strong> Martedi 10 Dicembre all\u2019interno dell\u2019evento musicale La Musica per vedere in programma al Teatro Comunale di Belluno, verr\u00e0 consegnato un cane guida a una persona non vedente. L\u2019inziativa \u00e8 organizzata dall\u2019Istituto Comprensivo Belluno 1 e dal Lions Club Feltre Castello di Alboino, in collaborazione con l\u2019Associazione Danza Oltre, l\u2019Istituto Comprensivo 3 e i licei bellunesi classico Tiziano e scientifico Galilei. La serata, che prevede un nutrito programma di musica e danza, \u00e8 la conclusione di un progetto triennale condiviso dai Club Lions della zona Bellunese, Cadore e Primiero, finalizzato alla raccolta di fondi necessari per l\u2019acquisto di una cane guida fornito dal centro cani guida di Limbiate (Mi) che quest\u2019anno ha compiuto i 60 anni di attivit\u00e0.\u00a0 Sono pi\u00f9 di 2000 i cani guida consegnati in questi sessant&#8217;anni a persone non vedenti dal centro di Limbiate. Sempre pi\u00f9 sono le persone non vedenti in lista di attesa per un cane, ma il centro ad oggi pu\u00f2 esaudire una cinquantina di richieste all\u2019anno. Il centro di addestramento \u00e8 una eccellenza in Europa, pensata, studiata e realizzata per offrire alla persona non vedente una cane preparato per essere occhi e guida a chi gli occhi non li pu\u00f2 utilizzare. Il costo di un cane guida \u00e8 di circa 25.000 Euro. La met\u00e0 della somma \u00e8 stata raccolta con iniziative e raccolte promosse dai Club Lions di zona e con donazioni di aziende locali e di privati.\u00a0 Aprir\u00e0 la serata il coro composto dagli alunni delle classi quinte delle scuole primarie Gabelli e Mussoi e della prima media Ricci. A seguire ci sar\u00e0 un\u2019alternanza di coreografie proposte da Danza Oltre e di performances strumentali eseguite dagli allievi della sezione musicale della media Ricci e dei licei Tiziano e Galilei. L\u2019ingresso \u00e8 libero.<\/p>\n<p>&nbsp;<\/p>\n<p>&nbsp;<\/p>\n<p>&nbsp;<\/p>\n<p>&nbsp;<\/p>\n<h3>PRESENTAZIONE DELLA PUBBLICAZIONE &#8220;LO SPORT NEL VENETO, INDAGINE A 360 GRADI<\/h3>\n<blockquote><p><em>luned\u00ec 9 dicembre 2019, alle ore 18.00, presso la Sala Convegni della Sezione A.N.A. di Belluno, Via Tissi n.10.<\/em><\/p><\/blockquote>\n<p><strong>BELLUNO<\/strong>\u00a0 A tre anni di distanza dalla precedente pubblicazione, la Regione Veneto in collaborazione con il CONI, MIUR e ISTAT, ha elaborato una nuova rilevazione sullo sport Veneto nel contesto nazionale e regionale: \u201cLo sport nel Veneto &#8211; un\u2019indagine a 360\u00b0\u201d. Lo studio fornisce un panorama aggiornato su societ\u00e0 sportive, tesserati, pratica sportiva e attivit\u00e0 motoria e presenta interessanti approfondimenti sull\u2019impatto economico dello sport in Veneto, analizzando anche le imprese attive nel settore sportivo. Ha inoltre analizzato lo sport praticato in ambito scolastico descrivendo e analizzando i dati dei Campionati Studenteschi. L\u2019Assessore allo Sport, Cristiano Corazzari, in accordo con il Presidente Comitato Regionale Coni Veneto, Gianfranco Bardelle, in un ciclo di incontri stabilito, presenter\u00e0 in tutto il Veneto la pubblicazione al mondo sportivo.<\/p>\n<p>&nbsp;<\/p>\n<h3>Selezione per commissario<\/h3>\n<p><strong>BELLUNO<\/strong> In Gazzetta Ufficiale il concorso pubblico per titolo ed esami per il conferimento di 120 posti di commissario della carriera dei funzionari della Polizia di Stato. Le domande entro 30 giorni dalla pubblicazione attraverso il sito della polizia di stato.<\/p>\n<h3>Selezione atleti per la Polizia di Stato<\/h3>\n<p><strong>BELLUNO<\/strong> In gazzetta ufficiale pubblicato il bando di concorso per l&#8217;assunzione di 31 atleti da assegnare ai gruppi sportivi &#8220;Polizia di Stato-Fiamme Oro&#8221; inquadrati nel ruolo degli agenti ed assistenti Polizia di Stato riservato ad atleti riconosciuti di interesse nazionale dal Coni. Trenta i giorni di tempo (dalla data di pubblicazione del bando) per inviare la domanda.<\/p>\n<h3>Selezione personale assistenziale<\/h3>\n<p><strong>AGORDO<\/strong> L&#8217;azienda Speciale Consortile Agordina\u00a0 ha indetto una nuova selezione pubblica finalizzata alla formulazione di una graduatoria cui attingere per l\u2019assunzione a tempo indeterminato determinato e parziale di OPERATORE SOCIO SANITARIO da inserire nella RSA di Agordo e nel Servizio Domiciliare del territorio Agordino. Le modalit\u00e0 di presentazione della domanda si trovano sul sito aziendale www.servizisocialiasca.it. Il termine perentorio previsto per la presentazione della candidatura \u00e8 fissato per il giorno 14 gennaio 2020 entro le ore 12.00.<\/p>\n<p>&nbsp;<\/p>\n<p>&nbsp;<\/p>\n<p>&nbsp;<\/p>\n<p>&nbsp;<\/p>\n<h3>INVITO A TEATRO CON GLI INSOLITI<\/h3>\n<p><strong>SEDICO<\/strong> Oggi alle 20,45 nella Casa della Dottrina di Sedico, si terr\u00e0 la serata teatrale con la Compagnia Gli Insoliti Belatrich di Arsi\u00e8 che presenta la commedia OSTARIA DALLA MORA. L\u2019ingresso \u00e8 libero. La serata conclude la rassegna INVITO A TEATRO del Consorzio Pro Loco Pedemontane Valbelluna<\/p>\n<p>&nbsp;<\/p>\n<p>&nbsp;<\/p>\n<h3>OGGI CONFERENZA STAMPA DELLA LEGA<\/h3>\n<p><strong>BELLUNO<\/strong> Conferenza Stampa alle 11 nella<u> sede Provinciale della Lega\u00a0<\/u>per presentare la: <u>Raccolta firme nei gazebo \u00a0per fermare le modifiche al MES; il fondo salva o ammazza stati (?) <\/u>Saranno presenti: <em>il Senatore Paolo Saviane e il Commissario Provinciale Franco Gidoni (consigliere regione Veneto)<\/em><\/p>\n<p>&nbsp;<\/p>\n<p>&nbsp;<\/p>\n<p>&nbsp;<\/p>\n<h3><a class=\"dt-pswp-item\" href=\"http:\/\/www.radiopiu.net\/wordpress\/wp-content\/uploads\/2018\/09\/appuntamenti.jpeg\" data-dt-img-description=\"\" data-large_image_width=\"800\" data-large_image_height=\"100\"><img loading=\"lazy\" decoding=\"async\" class=\"aligncenter wp-image-61958 size-full\" src=\"http:\/\/www.radiopiu.net\/wordpress\/wp-content\/uploads\/2018\/09\/appuntamenti.jpeg\" alt=\"\" width=\"800\" height=\"100\" srcset=\"https:\/\/www.radiopiu.net\/wordpress\/wp-content\/uploads\/2018\/09\/appuntamenti.jpeg 800w, https:\/\/www.radiopiu.net\/wordpress\/wp-content\/uploads\/2018\/09\/appuntamenti-300x38.jpeg 300w, https:\/\/www.radiopiu.net\/wordpress\/wp-content\/uploads\/2018\/09\/appuntamenti-768x96.jpeg 768w\" sizes=\"auto, (max-width: 800px) 100vw, 800px\" \/><\/a><\/h3>\n<h3><\/h3>\n<blockquote>\n<h3>LA MOSTRA FOTOGRAFICA DI LUCA CHIZZALI<\/h3>\n<p><strong>VALLADA<\/strong> La scuola dell&#8217;infanzia fino\u00a0 al 16 dicembre proporr\u00e0 &#8220;Stiamo partendo verso un mondo diritto&#8221;, alla scoperta dei diritti dell&#8217;infanzia. La mostra sar\u00e0 allestita nei locali della Biblioteca, aperta tutti i giorni dal lunedi al venerdi su prenotazione (340 1212646 oppure 3289739975). Nel fine settimana aperta, sabato 7 e 14 dicembre dalle 15 alle 17, domenica 8 e 15 dicembre dalle 10.30 alle 12.30.<\/p><\/blockquote>\n<p>&nbsp;<\/p>\n<p>&nbsp;<\/p>\n<p>&nbsp;<\/p>\n<p><strong>CANALE D&#8217;AGORDO<\/strong> Questa sera\u00a0 alle 2045 in Biblioteca a Vallada Isabella Dal Pont Bonet presenta &#8220;Natursophia&#8221;, un libro per conciliarsi con la natura imparando di nuovo ad ascoltarla assecondandone il ritmo<\/p>\n<p>&nbsp;<\/p>\n<p><strong>AGORDO<\/strong> Carla Taglietti e Valentina Turrini, in arte Le Strologhe, domani\u00a0 \u00a0alle 15 porteranno ad Agordo uno spettacolo con racconti, canti e ricordi. Organizzato da Ad Agordo Proloco, lo spettacolo avr\u00e0 luogo all&#8217;auditorium Savio. Al termine Le Strologhe\u00a0 accompagneranno con la loro musica il corteo fino alla casetta di Babbo Natale per la merenda. Le due donne dal 2005 portano in giro per l&#8217;Italia narrazioni, spettacoli e laboratori.<\/p>\n<p>&nbsp;<\/p>\n<p>&nbsp;<\/p>\n<p><strong>LA VALLE<\/strong> Sot al Tamer serate dedicate ai viaggi, sport e avventura con filmati audivisivi. Nella sala Don Valmassoni (ex caselo) con entrata libera.\u00a0 Questa sera alle 20.15 Gianni De Zaiacomo; 13 dicembre William Da Roit; 20 dicembre Silvano De Zaiacomo<\/p>\n<p>&nbsp;<\/p>\n<p>&nbsp;<\/p>\n<h2>LOTTERIA DI SANTA BARBARA 2019 I BIGLIETTI VINCENTI<\/h2>\n<div class=\"su-document su-u-responsive-media-no\"><iframe loading=\"lazy\" src=\"\/\/docs.google.com\/viewer?embedded=true&url=https:\/\/www.radiopiu.net\/wordpress\/wp-content\/uploads\/2019\/12\/BIGLIETTI-VINCENTI-S.-BARBARA-2019.pdf\" width=\"600\" height=\"800\" class=\"su-document\" title=\"cc\"><\/iframe><\/div>\n<p>&nbsp;<\/p>\n<p>&nbsp;<\/p>\n<p>&nbsp;<\/p>\n<p>&nbsp;<\/p>\n<h3>DOPO IL SUCCESSO DELLA PRIMA AL TEATRO COMUNALE DI BELLUNO &#8220;LA VOCE DEL BOSCO&#8221;\u00a0 A FALCADE CINEMA DOLOMITI GIOVEDI 12 DICEMBRE<\/h3>\n<blockquote><p><em>Primo spettacolo alle 20, Secondo spettacolo alle 21.30, il ricavato andr\u00e0 a favore del progetto sentieriestica nei Comuni di Canale d&#8217;Agordo Vallada e Falcade. &#8220;La voce del Bosco&#8221; \u00e8 un docu film di Dimitri Feltrin con Francesca Gallo. L&#8217;inziativa \u00e8 dell&#8217;Union Ladina Val\u00a0 Biois<\/em><\/p><\/blockquote>\n<h3>LA PRIMA A BELLUNO, IL SERVIZIO DEL NOTIZIARIO DI RADIO PIU<\/h3>\n<blockquote class=\"wp-embedded-content\" data-secret=\"M8SgqDxTm7\"><p><a href=\"https:\/\/www.radiopiu.net\/wordpress\/ad-oltre-le-vette-i-boschi-dellagordino-emozioni-con-francesca-gallo\/\">AD OLTRE LE VETTE I BOSCHI DELL&#8217;AGORDINO, EMOZIONI CON FRANCESCA GALLO.<\/a><\/p><\/blockquote>\n<p><iframe loading=\"lazy\" title=\"&#8220;AD OLTRE LE VETTE I BOSCHI DELL&#8217;AGORDINO, EMOZIONI CON FRANCESCA GALLO.&#8221; &#8212; Radio Pi\u00f9\" class=\"wp-embedded-content\" sandbox=\"allow-scripts\" security=\"restricted\" style=\"position: absolute; clip: rect(1px, 1px, 1px, 1px);\" src=\"https:\/\/www.radiopiu.net\/wordpress\/ad-oltre-le-vette-i-boschi-dellagordino-emozioni-con-francesca-gallo\/embed\/#?secret=M8SgqDxTm7\" data-secret=\"M8SgqDxTm7\" width=\"600\" height=\"338\" frameborder=\"0\" marginwidth=\"0\" marginheight=\"0\" scrolling=\"no\"><\/iframe><\/p>\n<p>&nbsp;<\/p>\n<p>&nbsp;<\/p>\n<blockquote>\n<h2><a class=\"dt-pswp-item\" href=\"http:\/\/www.radiopiu.net\/wordpress\/wp-content\/uploads\/2019\/08\/La-Val-che-Urla-Fiammetta-Mirko.jpg\" data-dt-img-description=\"\" data-large_image_width=\"1920\" data-large_image_height=\"1080\"><img loading=\"lazy\" decoding=\"async\" class=\" wp-image-95546 alignleft\" src=\"http:\/\/www.radiopiu.net\/wordpress\/wp-content\/uploads\/2019\/08\/La-Val-che-Urla-Fiammetta-Mirko-300x169.jpg\" alt=\"\" width=\"213\" height=\"120\" srcset=\"https:\/\/www.radiopiu.net\/wordpress\/wp-content\/uploads\/2019\/08\/La-Val-che-Urla-Fiammetta-Mirko-300x169.jpg 300w, https:\/\/www.radiopiu.net\/wordpress\/wp-content\/uploads\/2019\/08\/La-Val-che-Urla-Fiammetta-Mirko-768x432.jpg 768w, https:\/\/www.radiopiu.net\/wordpress\/wp-content\/uploads\/2019\/08\/La-Val-che-Urla-Fiammetta-Mirko-1024x576.jpg 1024w, https:\/\/www.radiopiu.net\/wordpress\/wp-content\/uploads\/2019\/08\/La-Val-che-Urla-Fiammetta-Mirko.jpg 1920w\" sizes=\"auto, (max-width: 213px) 100vw, 213px\" \/><\/a>13 DICEMBRE A FIERA DI PRIMIERO, 4 GENNAIO 2020 AD AGORDO IN SALA DON TAMIS. IL &#8220;NOSTRO&#8221; FILM. DI LUCIA ZANETTIN LA VAL CHE URLA.<\/h2>\n<\/blockquote>\n<p><span style=\"color: #ff0000;\"><strong>AUDIO TRAILER<\/strong><\/span><\/p>\n<audio class=\"wp-audio-shortcode\" id=\"audio-108810-16\" preload=\"none\" style=\"width: 100%;\" controls=\"controls\"><source type=\"audio\/mpeg\" src=\"http:\/\/www.radiopiu.net\/wordpress\/wp-content\/uploads\/2019\/12\/TRAILER.mp3?_=16\" \/><a href=\"http:\/\/www.radiopiu.net\/wordpress\/wp-content\/uploads\/2019\/12\/TRAILER.mp3\">http:\/\/www.radiopiu.net\/wordpress\/wp-content\/uploads\/2019\/12\/TRAILER.mp3<\/a><\/audio>\n<p>&nbsp;<\/p>\n<p>&nbsp;<\/p>\n<p>&nbsp;<\/p>\n<p>&nbsp;<\/p>\n<p>&nbsp;<\/p>\n<h3><a class=\"dt-pswp-item\" href=\"http:\/\/www.radiopiu.net\/wordpress\/wp-content\/uploads\/2019\/11\/76695063_2395894000740298_6989106160867475456_o.jpg\" data-dt-img-description=\"\" data-large_image_width=\"687\" data-large_image_height=\"960\"><img loading=\"lazy\" decoding=\"async\" class=\" wp-image-107894 alignleft\" src=\"http:\/\/www.radiopiu.net\/wordpress\/wp-content\/uploads\/2019\/11\/76695063_2395894000740298_6989106160867475456_o-215x300.jpg\" alt=\"\" width=\"153\" height=\"213\" srcset=\"https:\/\/www.radiopiu.net\/wordpress\/wp-content\/uploads\/2019\/11\/76695063_2395894000740298_6989106160867475456_o-215x300.jpg 215w, https:\/\/www.radiopiu.net\/wordpress\/wp-content\/uploads\/2019\/11\/76695063_2395894000740298_6989106160867475456_o.jpg 687w\" sizes=\"auto, (max-width: 153px) 100vw, 153px\" \/><\/a><\/h3>\n<h3><\/h3>\n<h3>KRAMPUS, IL RITORNO PER IL TERZO ANNO NEL RICORDO DI DON STEFANO PONTIL<\/h3>\n<p><strong>VOLTAGO<\/strong> Per il terzo anno ritornano i Krampus in piazza a Frassen\u00e8. Domenica 15 DICEMBRE alle 19 e per la prima volta sar\u00e0 disponibile anche l&#8217;abbigliamento dei Krampus. Presentazione dell&#8217;evento alla radio con Valther Da Campo del gruppo giovani del paese.<\/p>\n<p>&nbsp;<\/p>\n<audio class=\"wp-audio-shortcode\" id=\"audio-108810-17\" preload=\"none\" style=\"width: 100%;\" controls=\"controls\"><source type=\"audio\/mpeg\" src=\"http:\/\/www.radiopiu.net\/wordpress\/wp-content\/uploads\/2019\/12\/WALTHER-DA-CAMPO.mp3?_=17\" \/><a href=\"http:\/\/www.radiopiu.net\/wordpress\/wp-content\/uploads\/2019\/12\/WALTHER-DA-CAMPO.mp3\">http:\/\/www.radiopiu.net\/wordpress\/wp-content\/uploads\/2019\/12\/WALTHER-DA-CAMPO.mp3<\/a><\/audio>\n<p>&nbsp;<\/p>\n<p>&nbsp;<\/p>\n<blockquote><p>&nbsp;<\/p>\n<p>&nbsp;<\/p>\n<p>&nbsp;<\/p>\n<h2><span style=\"color: #ff0000;\"><a class=\"dt-pswp-item\" href=\"http:\/\/www.radiopiu.net\/wordpress\/wp-content\/uploads\/2019\/11\/image003.jpg\" data-dt-img-description=\"\" data-large_image_width=\"664\" data-large_image_height=\"332\"><img loading=\"lazy\" decoding=\"async\" class=\"size-medium wp-image-107663 alignleft\" src=\"http:\/\/www.radiopiu.net\/wordpress\/wp-content\/uploads\/2019\/11\/image003-300x150.jpg\" alt=\"\" width=\"300\" height=\"150\" srcset=\"https:\/\/www.radiopiu.net\/wordpress\/wp-content\/uploads\/2019\/11\/image003-300x150.jpg 300w, https:\/\/www.radiopiu.net\/wordpress\/wp-content\/uploads\/2019\/11\/image003.jpg 664w\" sizes=\"auto, (max-width: 300px) 100vw, 300px\" \/><\/a>L&#8217;EVENTO&#8230; UN LIBRO PER 40 ANNI<\/span><\/h2>\n<p><strong>ALLEGH<\/strong>E Sabato 21 dicembre alle 16 in sala Antonio Franceschini ad Alleghe sar\u00e0 presentato il nuovo libro &#8220;Sci Club Alleghe, 40 anni di sport&#8221;. Sar\u00e0 il giorno della festa per i 40 anni di attivit\u00e0 del sodalizio.<\/p>\n<p>&nbsp;<\/p>\n<p>&nbsp;<\/p>\n<p>&nbsp;<\/p>\n<p>&nbsp;<\/p>\n<p>&nbsp;<\/p>\n<p>&nbsp;<\/p>\n<p><a class=\"dt-pswp-item\" href=\"http:\/\/www.radiopiu.net\/wordpress\/wp-content\/uploads\/2018\/09\/sport.jpg\" data-dt-img-description=\"\" data-large_image_width=\"800\" data-large_image_height=\"100\"><img loading=\"lazy\" decoding=\"async\" class=\"wp-image-60761 size-full aligncenter\" src=\"http:\/\/www.radiopiu.net\/wordpress\/wp-content\/uploads\/2018\/09\/sport.jpg\" alt=\"\" width=\"800\" height=\"100\" srcset=\"https:\/\/www.radiopiu.net\/wordpress\/wp-content\/uploads\/2018\/09\/sport.jpg 800w, https:\/\/www.radiopiu.net\/wordpress\/wp-content\/uploads\/2018\/09\/sport-300x38.jpg 300w, https:\/\/www.radiopiu.net\/wordpress\/wp-content\/uploads\/2018\/09\/sport-768x96.jpg 768w\" sizes=\"auto, (max-width: 800px) 100vw, 800px\" \/><\/a><\/p>\n<h3><\/h3>\n<h3><\/h3>\n<h3>DOMENICA LA SECONDA GIORNATA DEL TORNEO DEGLI ANGELI<\/h3>\n<p><a class=\"dt-pswp-item\" href=\"http:\/\/www.radiopiu.net\/wordpress\/wp-content\/uploads\/2019\/12\/TORNEO-ANGELI-2019.jpeg\" data-dt-img-description=\"\" data-large_image_width=\"696\" data-large_image_height=\"416\"><img loading=\"lazy\" decoding=\"async\" class=\"size-medium wp-image-108343 alignright\" src=\"http:\/\/www.radiopiu.net\/wordpress\/wp-content\/uploads\/2019\/12\/TORNEO-ANGELI-2019-300x179.jpeg\" alt=\"\" width=\"300\" height=\"179\" srcset=\"https:\/\/www.radiopiu.net\/wordpress\/wp-content\/uploads\/2019\/12\/TORNEO-ANGELI-2019-300x179.jpeg 300w, https:\/\/www.radiopiu.net\/wordpress\/wp-content\/uploads\/2019\/12\/TORNEO-ANGELI-2019.jpeg 696w\" sizes=\"auto, (max-width: 300px) 100vw, 300px\" \/><\/a>La 14\u00b0 edizione del Torneo degli Angeli, organizzato da l&#8217;U.S. Le Ville, \u00e8 iniziata domenica scorsa con la prima lunga giornata delle partite valide per la qualificazione alla fase finale. La manifestazione, dedicata a Thierry Brancaleone e Denis Benvegn\u00f9, riprender\u00e0 domenica prossima con la seconda giornata del turno eliminatorio.<\/p><\/blockquote>\n<p><strong>ANDREA RUMOR, PRESIDENTE DEL LE VILLE<\/strong><\/p>\n<audio class=\"wp-audio-shortcode\" id=\"audio-108810-18\" preload=\"none\" style=\"width: 100%;\" controls=\"controls\"><source type=\"audio\/mpeg\" src=\"http:\/\/www.radiopiu.net\/wordpress\/wp-content\/uploads\/2019\/12\/ANDREA-RUMOR-TORNEO-ANGELI-2019.mp3?_=18\" \/><a href=\"http:\/\/www.radiopiu.net\/wordpress\/wp-content\/uploads\/2019\/12\/ANDREA-RUMOR-TORNEO-ANGELI-2019.mp3\">http:\/\/www.radiopiu.net\/wordpress\/wp-content\/uploads\/2019\/12\/ANDREA-RUMOR-TORNEO-ANGELI-2019.mp3<\/a><\/audio>\n<p>&nbsp;<\/p>\n<h3>ALLEGHE HOCKEY UNDER 19 E 15<\/h3>\n<p><strong><a class=\"dt-pswp-item\" href=\"https:\/\/www.radiopiu.net\/wordpress\/wp-content\/uploads\/2019\/08\/logo-alleghe-hockey.png\" data-dt-img-description=\"\" data-large_image_width=\"547\" data-large_image_height=\"512\"><img loading=\"lazy\" decoding=\"async\" class=\"alignright wp-image-95699 size-medium\" src=\"https:\/\/www.radiopiu.net\/wordpress\/wp-content\/uploads\/2019\/08\/logo-alleghe-hockey-300x281.png\" alt=\"\" width=\"300\" height=\"281\" srcset=\"https:\/\/www.radiopiu.net\/wordpress\/wp-content\/uploads\/2019\/08\/logo-alleghe-hockey-300x281.png 300w, https:\/\/www.radiopiu.net\/wordpress\/wp-content\/uploads\/2019\/08\/logo-alleghe-hockey.png 547w\" sizes=\"auto, (max-width: 300px) 100vw, 300px\" \/><\/a>UNDER 19<\/strong><\/p>\n<p>VAL PUSTERIA \u2013 ALLEGHE 2-5<\/p>\n<p>PARZIALI: 2-0, 0-2, 0-3<\/p>\n<p>GOL ALLEGHE: st- Ploiner, Malaj. tt. 2 Rossi, Defrancesco<\/p>\n<p>Bella vittoria in terra altoatesina per i giovani under 19 dell&#8217;Alleghe Hockey che conquistano 3 punti dopo 2 sconfitte consecutive. Prima frazione da dimenticare per le civette che dopo i primi 20&#8242; di gara subiscono 2 gol dal Val Pusteria. Alleghesi che pareggiano i conti nel secondo tempo grazie alle reti di Ploner e Malaj. Continua a giocare bene la squadra agordina che nel terzo drittel chiude la sfida con la doppietta di Rossi e il gol di Defrancesco.<\/p>\n<p><strong>UNDER 15<\/strong><\/p>\n<p>ORA\/EGNA \u2013 ALLEGHE 25-0<\/p>\n<p>Ancora un sconfitta pesante per l&#8217;Alleghe under 15 che contro l&#8217;Ora\/Egna non dimostra di essere in forma. La squadra alleghese torna a casa con un passivo pesante, una delle peggiori prestazioni stagionali. 0 punti in classifica e stagione da dimenticare.<\/p>\n<h3>Coppa Veneto Energiapura, ecco le classifiche dopo le prime due prove<\/h3>\n<div class=\"entry-content\">\n<p>Lo scorso fine settimana a Passo Monte Croce Comelico si sono disputate le prime due giornate (entrambe dedicate allo slalom) della Coppa Veneto Energiapura, il circuito dello sci alpino dedicato alle categorie Giovani e Aspiranti. Dopo queste prime due prove, guidano Francesca Trentin, dello Sci club 18, ed Elia De Zanna, dello Sci club Cortina, al comando sia della graduatoria Aspiranti sia di quella Giovani. Le prossime gare della Coppa Veneto sono fissate per il 14 e 15 dicembre ad Alleghe (gigante, organizzazione Sc 2000).<\/p>\n<\/div>\n<p>&nbsp;<\/p>\n<p>&nbsp;<\/p>\n<header class=\"entry-header\">\n<h3 class=\"entry-title\">Grand Prix Lattebusche, domenica 15 dicembre la presentazione ad Alleghe<\/h3>\n<\/header>\n<div class=\"entry-content\">\n<p>L\u2019edizione 2020 del Grand Prix Lattebusche, il circuito dedicato alle categorie Baby e Cuccioli dello sci di fondo e dello sci alpino, sar\u00e0 presentata domenica 15 dicembre. Luogo della vernice, che inizier\u00e0 alle 14.30, sar\u00e0 il rifugio Grande Baita Civetta, di Piani di Pezz\u00e8 di Alleghe. Nell\u2019occasione saranno presentate anche le finali, che si svolgeranno ad Alleghe (a cura di Sci club Alleghe) e Malga Ciapela (a cura di Sci nordico Marmolada) e l\u2019agenda regionale 2019-2020.<\/p>\n<\/div>\n<p>&nbsp;<\/p>\n<p>&nbsp;<\/p>\n<p><a class=\"dt-pswp-item\" href=\"http:\/\/www.radiopiu.net\/wordpress\/wp-content\/uploads\/2018\/09\/WhatsApp-Image-2018-09-20-at-16.04.06.jpeg\" data-dt-img-description=\"\" data-large_image_width=\"800\" data-large_image_height=\"100\"><img loading=\"lazy\" decoding=\"async\" class=\"wp-image-61378 size-full aligncenter\" src=\"http:\/\/www.radiopiu.net\/wordpress\/wp-content\/uploads\/2018\/09\/WhatsApp-Image-2018-09-20-at-16.04.06.jpeg\" alt=\"\" width=\"800\" height=\"100\" srcset=\"https:\/\/www.radiopiu.net\/wordpress\/wp-content\/uploads\/2018\/09\/WhatsApp-Image-2018-09-20-at-16.04.06.jpeg 800w, https:\/\/www.radiopiu.net\/wordpress\/wp-content\/uploads\/2018\/09\/WhatsApp-Image-2018-09-20-at-16.04.06-300x38.jpeg 300w, https:\/\/www.radiopiu.net\/wordpress\/wp-content\/uploads\/2018\/09\/WhatsApp-Image-2018-09-20-at-16.04.06-768x96.jpeg 768w\" sizes=\"auto, (max-width: 800px) 100vw, 800px\" \/><\/a><\/p>\n<header class=\"entry-header\"><\/header>\n<div class=\"entry-content\"><center><b>Venerdi 6<\/b><\/center><b>Tempo atteso: <\/b>Tempo ben soleggiato con cielo terso, aria nitida ed ottima visibilit\u00e0. L&#8217;insidia notturna delle nebbie nei fondovalle prealpini sar\u00e0 pressoch\u00e9 inesistente. Clima un po&#8217; meno mite in quota, sempre piuttosto freddo nelle valli in ombra, con riduzione dell&#8217;inversione termica.<br \/>\n<b>Precipitazioni: <\/b>Assenti (0%).<br \/>\n<b>Temperature: <\/b>In leggero calo in quota, dove persiste una certa isotermia verticale, senza notevoli variazioni nelle valli sotto gli 800\/1000 m, dove il gelo notturno sar\u00e0 sempre diffuso (minime da -2\/-4\u00b0C nei fondovalle prealpini e compresi tra -2\/-5\u00b0C nelle valli dolomitiche innevate). Sono previsti massimi di 5\/7\u00b0C nelle conche prealpine e di 4\/6\u00b0C a 1000\/1200 m, di 0\/1\u00b0C nei settori in ombra. Sulle Prealpi a 1500 m min 2\u00b0C max 4\u00b0C, a 2000 m min 1\u00b0C max 3\u00b0C, sulle Dolomiti a 2000 m min 1\u00b0C max 2\u00b0C, a 3000 m min -3\u00b0C max -2\u00b0C.<br \/>\n<b>Venti: <\/b>Nelle valli deboli di direzione variabile, a tratti e localmente moderati per brezze di monte nei posti solitamente pi\u00f9 ventilati; in quota perlopi\u00f9 deboli dai quadranti occidentali, a 5-10 km\/h a 2000 m, a 5-15 km\/h a 3000 m.<\/p>\n<hr \/>\n<p><center><b>Sabato 7<\/b><\/center><b>Tempo atteso: <\/b>Al primo mattino e dal tardo pomeriggio in poi nuvolosit\u00e0 stratiforme alta e medio-alta, mentre il sole sar\u00e0 ben presente in un cielo perlopi\u00f9 sereno per gran parte del giorno. Clima notturno meno freddo nelle valli e pi\u00f9 fresco in quota; in giornata nelle valli, il minore freddo della notte e il soleggiamento diurno potrebbero aver un effetto mitigante.<br \/>\n<b>Precipitazioni: <\/b>Assenti (0%)<br \/>\n<b>Temperature: <\/b>Minime in rialzo nelle valli e in calo in quota, dove saranno osservate alla sera; massime in lieve diminuzione in quota e in leggera ripresa nelle valli, circa 1\/2\u00b0C in pi\u00f9 rispetto a venerd\u00ec. Sulle Prealpi a 1500 m min 1\u00b0C max 5\u00b0C, a 2000 m min 0\u00b0C max 2\u00b0C, sulle Dolomiti a 2000 m min 0\u00b0C max 2\u00b0C, a 3000 m min -4\u00b0C max -5\u00b0C.<br \/>\n<b>Venti: <\/b>Nelle valli deboli di direzione variabile, a tratti e localmente moderati per brezze di monte nei posti solitamente pi\u00f9 ventilati; in quota perlopi\u00f9 moderati da ovest nord-ovest, a tratti tesi sule cime dolomitiche pi\u00f9 alte, a 5-15 km\/h a 2000 m, a 20-30 km\/h a 3000 m.<\/p>\n<hr \/>\n<p><center><b>Domenica 8<\/b><\/center>Sole e velature per nubi alte al mattino, anche estese, poi ingresso di nubi stratiformi medie e medio-alte capaci di coprire del tutto il cielo al pomeriggio. Temperature in aumento, pi\u00f9 marcato in quota. Venti deboli da nord-ovest al mattino, poi in rinforzo fino a moderati da sud-ovest, anche tesi nel tardo pomeriggio\/sera sulle vette pi\u00f9 alte.<\/p>\n<hr \/>\n<p><center><b>Lunedi 9<\/b><\/center>Lunghi momenti soleggiati e qualche annuvolamento sulle Prealpi. minore soleggiamento e nuvolosit\u00e0 pi\u00f9 presente, seppur irregolare, sulle Dolomiti, non esclusa qualche sporadica burrasca di neve in quota sulle cime pi\u00f9 settentrionali. Temperature in calo in quota, con minime osservate alla sera; nelle valli probabile rialzo per Foehn. Venti moderati da ovest nord-ovest in quota; deboli di direzione variabile nelle valli, anche moderati per raffiche di Foehn. Previsore: R.L.Th<\/p>\n<\/div>\n","protected":false},"excerpt":{"rendered":"<p>&nbsp; &nbsp; PROVINCIALE 3 LOCALITA&#8217; GONA DI RIVAMONTE, RIPRISTINO DELLA VIABILITA&#8217; STRADALE A DOPPIO SENSO DI MARCIA &nbsp; REGIONALE 563 SALESEI LOCALITA&#8217; PIAN, DAL 9 AL 20 DICEMBRE INTERDIZIONE TOTALE AL TRAFFICO DALLE 8 ALLE 17 PER TAGLIO ALBERI &nbsp; &nbsp; PROVINCIALE 20 VAL FIORENTINA: DOMANI MATTINA LA RIAPERTURA IL SINDACO SI SELVA DI CADORE&hellip;<\/p>\n","protected":false},"author":1,"featured_media":108831,"comment_status":"closed","ping_status":"closed","sticky":false,"template":"","format":"standard","meta":{"_monsterinsights_skip_tracking":false,"_monsterinsights_sitenote_active":false,"_monsterinsights_sitenote_note":"","_monsterinsights_sitenote_category":0,"footnotes":""},"categories":[1,86],"tags":[],"class_list":["post-108810","post","type-post","status-publish","format-standard","has-post-thumbnail","hentry","category-senza-categoria","category-gr","category-1","category-86","description-off"],"img_url":"https:\/\/www.radiopiu.net\/wordpress\/wp-content\/uploads\/2019\/12\/4beab1d3-6627-4ddf-ba99-0e040ec6d058.jpg","_links":{"self":[{"href":"https:\/\/www.radiopiu.net\/wordpress\/wp-json\/wp\/v2\/posts\/108810","targetHints":{"allow":["GET"]}}],"collection":[{"href":"https:\/\/www.radiopiu.net\/wordpress\/wp-json\/wp\/v2\/posts"}],"about":[{"href":"https:\/\/www.radiopiu.net\/wordpress\/wp-json\/wp\/v2\/types\/post"}],"author":[{"embeddable":true,"href":"https:\/\/www.radiopiu.net\/wordpress\/wp-json\/wp\/v2\/users\/1"}],"replies":[{"embeddable":true,"href":"https:\/\/www.radiopiu.net\/wordpress\/wp-json\/wp\/v2\/comments?post=108810"}],"version-history":[{"count":0,"href":"https:\/\/www.radiopiu.net\/wordpress\/wp-json\/wp\/v2\/posts\/108810\/revisions"}],"wp:featuredmedia":[{"embeddable":true,"href":"https:\/\/www.radiopiu.net\/wordpress\/wp-json\/wp\/v2\/media\/108831"}],"wp:attachment":[{"href":"https:\/\/www.radiopiu.net\/wordpress\/wp-json\/wp\/v2\/media?parent=108810"}],"wp:term":[{"taxonomy":"category","embeddable":true,"href":"https:\/\/www.radiopiu.net\/wordpress\/wp-json\/wp\/v2\/categories?post=108810"},{"taxonomy":"post_tag","embeddable":true,"href":"https:\/\/www.radiopiu.net\/wordpress\/wp-json\/wp\/v2\/tags?post=108810"}],"curies":[{"name":"wp","href":"https:\/\/api.w.org\/{rel}","templated":true}]}}