{"id":108826,"date":"2019-12-05T15:52:23","date_gmt":"2019-12-05T14:52:23","guid":{"rendered":"https:\/\/www.radiopiu.net\/wordpress\/?p=108826"},"modified":"2019-12-06T06:09:44","modified_gmt":"2019-12-06T05:09:44","slug":"la-scomparsa-dellarcivescovo-emerito-pietro-brollo","status":"publish","type":"post","link":"https:\/\/www.radiopiu.net\/wordpress\/la-scomparsa-dellarcivescovo-emerito-pietro-brollo\/","title":{"rendered":"LA SCOMPARSA DELL&#8217;ARCIVESCOVO EMERITO PIETRO BROLLO"},"content":{"rendered":"<p><strong>di Don Fabiano Del Favero, parroco nelle parrocchie del Poi<\/strong><\/p>\n<blockquote><p><em>Sentir nominare il vescovo Pietro Brollo, richiama a tutti noi occasioni di scambio, di incontro, celebrazioni e momenti di festa. Io stesso, nelle comunit\u00e0 in mezzo alle quali ora vivo, molte volte l&#8217;ho sentito ricordare con affetto sincero e quella gratitudine che contraddistingue il tratto della nostra gente. Anche con episodi simpatici e di &#8220;fraternit\u00e0 montanara&#8221;, come sentito richiamare alcuni mesi fa a Voltago oppure le occasioni celebrative alle quali una volta un parrocchiano di Riva ebbe ad invitare il vescovo Pietro &#8220;a sai\u00e0 i nosi gnok&#8221; in occasione della festa di s. Antonio.\u00a0 <\/em><em>Scorrere una biografia, significa fare tesoro di date che rappresentano tappe. Il nostro ricordo per il vescovo Pietro credo voglia affiorare dal cuore, fissando ancora una volta il nostro vissuto di ogni giorno in quel suo sguardo dagli occhi azzurri che ti facevano sentire ascoltato ed amato. Se oggi sono prete &#8211; e direi prete contento &#8211; lo devo anche al vescovo Pietro! Nel nostro ultimo incontro, due anni fa, in casa a Tolmezzo con la discreta e fedele vicinanza della sorella Pia, mi ha chiesto dell&#8217;Agordino, dei confratelli sacerdoti, passando in rassegna luoghi e volti. Era l&#8217;atteggiamento di colui che non solo ci ha conosciuto, ma prima di tutto amati. Lo comunicava col timbro della voce e con gli occhi, quando ricordava la nostra diocesi di Belluno &#8211; Feltre.\u00a0 <\/em><em>Nelle occasioni in cui raggiungeva ancora Belluno o qualche luogo particolare, mi ha sempre colpito la calda accoglienza che riceveva dalle persone che gli si avvicinavano per salutarlo. S\u00ec, il cuore riconosce&#8230;sempre! Anche quando le parole risultano limitate&#8230;grazie, vescovo Pietro!<\/em><\/p><\/blockquote>\n<p>&nbsp;<\/p>\n<p><strong><a class=\"dt-pswp-item\" href=\"https:\/\/www.radiopiu.net\/wordpress\/wp-content\/uploads\/2019\/12\/download-2.jpg\" data-dt-img-description=\"\" data-large_image_width=\"279\" data-large_image_height=\"181\"><img loading=\"lazy\" decoding=\"async\" class=\" wp-image-108827 alignleft\" src=\"https:\/\/www.radiopiu.net\/wordpress\/wp-content\/uploads\/2019\/12\/download-2.jpg\" alt=\"\" width=\"230\" height=\"149\" \/><\/a>BELLUNO\u00a0<\/strong> Si \u00e8 spento all\u2019et\u00e0 di 86 anni l\u2019arcivescovo emerito Pietro Brollo. Una figura importante per il territorio bellunese, perch\u00e9 dal 1996 al 2000 \u00e8 stato vescovo della Diocesi di Belluno &#8211; Feltre. E proprio nel suo mandato pastorale non sono mancate le sue visite alle comunit\u00e0 di bellunesi residenti all\u2019estero, oltre ai suoi messaggi sempre presenti sulla rivista \u201cBellunesi nel mondo.\u00a0 Nato a Tolmezzo il 1\u00ba dicembre 1933, monsignor Brollo ha frequentato il ginnasio dai Salesiani e nel 1949 \u00e8 entrato nel seminario arcivescovile di Udine, dove ha completato il liceo classico. Nel 1953 si \u00e8 trasferito a Roma per proseguire gli studi, conseguendo la laurea in teologia presso la Pontificia Universit\u00e0 Lateranense. Il 17 marzo 1957 \u00e8 stato ordinato sacerdote dall\u2019arcivescovo di Udine Giuseppe Zaffonato.\u00a0 Il 2 gennaio 1996 \u00e8 stato nominato vescovo di Belluno-Feltre da papa Giovanni Paolo II. Il 28 ottobre 2000 \u00e8 stato promosso arcivescovo metropolita di Udine. Il 20 agosto 2009, in accoglimento alla sua rinuncia all\u2019ufficio pastorale per raggiunti limiti d\u2019et\u00e0, e a seguito della nomina del suo successore, \u00e8 stato nominato amministratore apostolico di Udine. Il 18 ottobre 2009 ha assunto il titolo di arcivescovo emerito di Udine.<\/p>\n<blockquote><p><em>\u00abDi certo mons. Brollo \u00e8 sempre stato attaccato alla terra bellunese e alle sue comunit\u00e0 all\u2019estero -dice dall&#8217;associazione Bellunesi nel Mondo il presidente Oscar De Bona &#8211; anche quando, nel 2000, si concluse il suo mandato nella Diocesi di Belluno-Feltre\u00bb.<\/em><\/p><\/blockquote>\n<p>foto amico del popolo<\/p>\n<p>&nbsp;<\/p>\n<h2>CORDOGLIO PER LA MORTE DI BROLLO di RENATO BONA<\/h2>\n<p><a class=\"dt-pswp-item\" href=\"https:\/\/www.radiopiu.net\/wordpress\/wp-content\/uploads\/2019\/12\/78822159_438438590118538_813796143954657280_n.jpg\" data-dt-img-description=\"\" data-large_image_width=\"1225\" data-large_image_height=\"901\"><img loading=\"lazy\" decoding=\"async\" class=\"size-medium wp-image-108885 alignleft\" src=\"https:\/\/www.radiopiu.net\/wordpress\/wp-content\/uploads\/2019\/12\/78822159_438438590118538_813796143954657280_n-300x221.jpg\" alt=\"\" width=\"300\" height=\"221\" srcset=\"https:\/\/www.radiopiu.net\/wordpress\/wp-content\/uploads\/2019\/12\/78822159_438438590118538_813796143954657280_n-300x221.jpg 300w, https:\/\/www.radiopiu.net\/wordpress\/wp-content\/uploads\/2019\/12\/78822159_438438590118538_813796143954657280_n-1024x753.jpg 1024w, https:\/\/www.radiopiu.net\/wordpress\/wp-content\/uploads\/2019\/12\/78822159_438438590118538_813796143954657280_n-768x565.jpg 768w, https:\/\/www.radiopiu.net\/wordpress\/wp-content\/uploads\/2019\/12\/78822159_438438590118538_813796143954657280_n.jpg 1225w\" sizes=\"auto, (max-width: 300px) 100vw, 300px\" \/><\/a>E\u2019 stato il nipote Francesco, sindaco di Tolmezzo, a dare il mesto annuncio: all\u2019et\u00e0 di 86 anni \u00e8 mancato l\u2019arcivescovo emerito di Udine monsignor Pietro Brollo. Unanime il sentimento di cordoglio anche nella Diocesi di Belluno-Feltre dove il presule si era insediato il 3 marzo 1996 (rimanendo in carica fino al 2000: il 28 ottobre venne \u201cpromosso\u201d arcivescovo metropolita di Udine) succedendo al vescovo monsignor Maffeo Giovanni Ducoli (suo successore sarebbe stato monsignor Vincenzo Savio dei Salesiani di Don Bosco). Brollo, nato a Tolmezzo l\u20191 dicembre 1933, era stato ordinato presbitero il 17 marzo del 1957 dall\u2019arcivescovo Giuseppe Zaffonato; papa Giovanni Paolo II lo nomin\u00f2 vescovo il 21 ottobre 1985 e venne poi consacrato il 4 gennaio del 1986 dall\u2019arcivescovo Alfredo Battisti; lo stesso pontefice lo elev\u00f2 alla carica di arcivescovo il 20 ottobre 2000. Il vescovo di Belluno-Feltre ha ricordato Brollo con toccanti espressioni nel sito chiesabellunofeltre concludendo: \u201c\u2026Ci rattrista la sua fine terrena, ma egli, avendoci insegnato luminosit\u00e0 di vita, fraternit\u00e0 di esperienza ecclesiale, essenzialit\u00e0 di fede, immediatezza di incontro, sapienza pastorale, resta una luce \u2018da alimentare ovunque\u2019. Il dono del suo ministero continua ad arrecare \u2018la gioia del Vangelo\u2019. Tutta la nostra Chiesa di Belluno Feltre si unisce al canto pasquale della Chiesa di Udine alla quale il Vescovo Pietro \u00e8 stato consegnato dopo il suo bel pellegrinare lungo le nostre strade. Il nostro Presbiterio con il Vescovo Giuseppe gli \u00e8 grato per avere esercitato un ministero di unit\u00e0 e di guida tra di noi. Ora ci raccogliamo nella preghiera affinch\u00e9 la Pasqua di Ges\u00f9 si compia nella sua vita gi\u00e0 approdata al \u2018Dio dei viventi\u2019. Ci uniremo alla Chiesa sorella di Udine per la celebrazione delle esequie in Cattedrale, dove poi la sua salma sar\u00e0 tumulata. La celebrazione inizier\u00e0 alle 14,30 di sabato 7 dicembre. Nella nostra Diocesi innanzitutto dedicheremo un ricordo di preghiera nelle celebrazioni dell\u2019eucaristia di domenica 8 dicembre, solennit\u00e0 dell\u2019Immacolata; ma poi ci diamo appuntamento sabato 14 dicembre per la celebrazione dell\u2019Eucaristia in Cattedrale a Belluno alle 10, a cui sono invitati presbiteri, diaconi, religiose\/i e fedeli tutti. In questa comunione di preghiera, incoraggiati dalla testimonianza del Vescovo Pietro, viviamo l\u2019Avvento del Signore Ges\u00f9!\u201d. NELLA FOTO (Zanfron): Pietro Brollo il 3 marzo 1996 giorno dell\u2019insediamento a Belluno; il giornalista Renato Bona, accanto al presule, ebbe l\u2019onore di fare la cronaca televisiva dell\u2019evento per Rai Veneto.<\/p>\n<p>&nbsp;<\/p>\n","protected":false},"excerpt":{"rendered":"<p>di Don Fabiano Del Favero, parroco nelle parrocchie del Poi Sentir nominare il vescovo Pietro Brollo, richiama a tutti noi occasioni di scambio, di incontro, celebrazioni e momenti di festa. Io stesso, nelle comunit\u00e0 in mezzo alle quali ora vivo, molte volte l&#8217;ho sentito ricordare con affetto sincero e quella gratitudine che contraddistingue il tratto&hellip;<\/p>\n","protected":false},"author":1,"featured_media":108827,"comment_status":"closed","ping_status":"closed","sticky":false,"template":"","format":"standard","meta":{"_monsterinsights_skip_tracking":false,"_monsterinsights_sitenote_active":false,"_monsterinsights_sitenote_note":"","_monsterinsights_sitenote_category":0,"footnotes":""},"categories":[51,49],"tags":[],"class_list":["post-108826","post","type-post","status-publish","format-standard","has-post-thumbnail","hentry","category-evidenza-top","category-news-18","category-51","category-49","description-off"],"img_url":"https:\/\/www.radiopiu.net\/wordpress\/wp-content\/uploads\/2019\/12\/download-2.jpg","_links":{"self":[{"href":"https:\/\/www.radiopiu.net\/wordpress\/wp-json\/wp\/v2\/posts\/108826","targetHints":{"allow":["GET"]}}],"collection":[{"href":"https:\/\/www.radiopiu.net\/wordpress\/wp-json\/wp\/v2\/posts"}],"about":[{"href":"https:\/\/www.radiopiu.net\/wordpress\/wp-json\/wp\/v2\/types\/post"}],"author":[{"embeddable":true,"href":"https:\/\/www.radiopiu.net\/wordpress\/wp-json\/wp\/v2\/users\/1"}],"replies":[{"embeddable":true,"href":"https:\/\/www.radiopiu.net\/wordpress\/wp-json\/wp\/v2\/comments?post=108826"}],"version-history":[{"count":0,"href":"https:\/\/www.radiopiu.net\/wordpress\/wp-json\/wp\/v2\/posts\/108826\/revisions"}],"wp:featuredmedia":[{"embeddable":true,"href":"https:\/\/www.radiopiu.net\/wordpress\/wp-json\/wp\/v2\/media\/108827"}],"wp:attachment":[{"href":"https:\/\/www.radiopiu.net\/wordpress\/wp-json\/wp\/v2\/media?parent=108826"}],"wp:term":[{"taxonomy":"category","embeddable":true,"href":"https:\/\/www.radiopiu.net\/wordpress\/wp-json\/wp\/v2\/categories?post=108826"},{"taxonomy":"post_tag","embeddable":true,"href":"https:\/\/www.radiopiu.net\/wordpress\/wp-json\/wp\/v2\/tags?post=108826"}],"curies":[{"name":"wp","href":"https:\/\/api.w.org\/{rel}","templated":true}]}}