{"id":108933,"date":"2019-12-06T16:12:15","date_gmt":"2019-12-06T15:12:15","guid":{"rendered":"https:\/\/www.radiopiu.net\/wordpress\/?p=108933"},"modified":"2019-12-07T09:53:04","modified_gmt":"2019-12-07T08:53:04","slug":"giornale-radiopiu-07-dicembre-2019-direttore-mirko-mezzacasa","status":"publish","type":"post","link":"https:\/\/www.radiopiu.net\/wordpress\/giornale-radiopiu-07-dicembre-2019-direttore-mirko-mezzacasa\/","title":{"rendered":"GIORNALE RADIOPIU 07 DICEMBRE 2019 DIRETTORE MIRKO MEZZACASA"},"content":{"rendered":"<p>&nbsp;<\/p>\n<p>&nbsp;<\/p>\n<p><strong>OGGI RIAPRE LA PROVINCIALE 20 DELLA VAL FIORENTINA TRA CAPRILE DI ALLEGHE E SELVA DI CADORE\u00a0<\/strong><\/p>\n<p>&nbsp;<\/p>\n<p>&nbsp;<\/p>\n<h2><span style=\"color: #ff0000;\"><strong>REGIONALE 563 SALESEI LOCALITA&#8217; PIAN, DAL 9 AL 20 DICEMBRE INTERDIZIONE TOTALE AL TRAFFICO DALLE 8 ALLE 17 PER TAGLIO ALBERI (esclusi giorni festivi e prefestivi)<\/strong><\/span><\/h2>\n<p>&nbsp;<\/p>\n<h3><span style=\"color: #0000ff;\">a SAN TOMASO AGORDINO nelle LOCALITA&#8217; PECOL E PIAIA, l&#8217;acqua erogata dall&#8217;acquedotto \u00e8 di nuovo potabile <\/span><\/h3>\n<p>&nbsp;<\/p>\n<h3><a class=\"dt-pswp-item\" href=\"http:\/\/www.radiopiu.net\/wordpress\/wp-content\/uploads\/2019\/12\/b288ddd4-15c7-450d-92f6-0a428816844c.jpg\" data-dt-img-description=\"\" data-large_image_width=\"1131\" data-large_image_height=\"1600\"><img loading=\"lazy\" decoding=\"async\" class=\"size-medium wp-image-108740 alignleft\" src=\"http:\/\/www.radiopiu.net\/wordpress\/wp-content\/uploads\/2019\/12\/b288ddd4-15c7-450d-92f6-0a428816844c-212x300.jpg\" alt=\"\" width=\"212\" height=\"300\" srcset=\"https:\/\/www.radiopiu.net\/wordpress\/wp-content\/uploads\/2019\/12\/b288ddd4-15c7-450d-92f6-0a428816844c-212x300.jpg 212w, https:\/\/www.radiopiu.net\/wordpress\/wp-content\/uploads\/2019\/12\/b288ddd4-15c7-450d-92f6-0a428816844c-724x1024.jpg 724w, https:\/\/www.radiopiu.net\/wordpress\/wp-content\/uploads\/2019\/12\/b288ddd4-15c7-450d-92f6-0a428816844c-768x1086.jpg 768w, https:\/\/www.radiopiu.net\/wordpress\/wp-content\/uploads\/2019\/12\/b288ddd4-15c7-450d-92f6-0a428816844c-1086x1536.jpg 1086w, https:\/\/www.radiopiu.net\/wordpress\/wp-content\/uploads\/2019\/12\/b288ddd4-15c7-450d-92f6-0a428816844c.jpg 1131w\" sizes=\"auto, (max-width: 212px) 100vw, 212px\" \/><\/a>TUTTI INSIEME PER TOMMASO in collaborazione con Ki da Fargona<\/h3>\n<p><strong>FALCADE<\/strong> Venerdi 13 dicembre alle 19 all&#8217;Hotel Stella Alpina serata di beneficenza per aiutare la famiglia del Piccolo Tommaso. Pasta all&#8217;amatriciana o minestra d&#8217;orzo, musica con i Tirataie. Offerta libera. Il ricavato andr\u00e0 a Tommaso, affetto da paralisi celebrale infantile, per aiutare la sua famiglia a sostenere le spese del costoso percorso di cura. Saranno presenti il pap\u00e0 Rudy Quaggiotto e la mamma Alexia Tomaselli.<\/p>\n<p>&nbsp;<\/p>\n<p>&nbsp;<\/p>\n<p>&nbsp;<\/p>\n<p>&nbsp;<\/p>\n<p>&nbsp;<\/p>\n<p>&nbsp;<\/p>\n<p>&nbsp;<\/p>\n<h3>PRECIPITA NELLA TROMBA DELL&#8217;ASCENSORE IN DISUSO<\/h3>\n<p><strong>ALPAGO<\/strong> Incidente sul lavoro alla Fedon in zona Industriali Paludi. Il dirigente d&#8217;azienda Roberto Fedon 53 anni di Nebbi\u00f9, per cause da accertare, \u00e8 precipitato dentro la tromba dell&#8217;ascensore in disuso. Un salto di tre metri. L&#8217;umo subito soccorso \u00e8 stato trasportato all&#8217;ospedale di Belluno, prognosi di 30 giorni. Sul posto per i rilievi i Carabinieri della stazione dell&#8217;Alpago e i funzionari dello Spisal.<\/p>\n<p>&nbsp;<\/p>\n<p>&nbsp;<\/p>\n<h3>BICICLETTA COSTOSA SPARITA, CIOE&#8217; RUBATA<\/h3>\n<p><strong>FELTRE<\/strong>\u00a0 I Carabinieri di Feltre indagano dopo la denuncia del furto di una bicicletta Orbea del valore di 4300 euro. Ignoti, approfittando della momentanea assenza dei proprietari hanno asportato la bicicletta dal negozio GR BIKE di via Rizzarda.<\/p>\n<p>&nbsp;<\/p>\n<p>&nbsp;<\/p>\n<h3>REPARTO VOLANTI: TRE PATENTI RITIRATE TRA SABATO E LUNEDI<\/h3>\n<p><strong><a class=\"dt-pswp-item\" href=\"https:\/\/www.radiopiu.net\/wordpress\/wp-content\/uploads\/2018\/10\/IMG_5363.jpeg\" data-dt-img-description=\"\" data-large_image_width=\"339\" data-large_image_height=\"245\"><img loading=\"lazy\" decoding=\"async\" class=\" wp-image-63764 alignleft\" src=\"https:\/\/www.radiopiu.net\/wordpress\/wp-content\/uploads\/2018\/10\/IMG_5363-300x217.jpeg\" alt=\"\" width=\"234\" height=\"169\" srcset=\"https:\/\/www.radiopiu.net\/wordpress\/wp-content\/uploads\/2018\/10\/IMG_5363-300x217.jpeg 300w, https:\/\/www.radiopiu.net\/wordpress\/wp-content\/uploads\/2018\/10\/IMG_5363.jpeg 339w\" sizes=\"auto, (max-width: 234px) 100vw, 234px\" \/><\/a>BELLUNO<\/strong> Una pattuglia della Polizia lo scorso <strong>sabato<\/strong> in pieno pomeriggio ha controllato una Ford ma soprattutto il conducente dalla guida incerta. Il ragazzo S.I. di 24 anni manifestava disorientamento e altri sintomi di alterazione. All&#8217;interno dell&#8217;auto un piccolo quantitativa di marijuana. Per questo la richiesta della verifica sanitaria con prelievo ematico in ospedale per l&#8217;eventuale contestazione di un illecito che pu\u00f2 costare sanzioni, sospensione della patente ma anche arresto. Nel frattempo il documento di guida \u00e8 stato ritirato. <strong>Domenica<\/strong> la volante ha controllato una Bmw dal conducente particolarmente stanco. G.C.23 anni riferiva di aver appena terminato il turno di lavoro. Il ragazzo manifestava deambulazione precaria, occhi lucidi e alito vinoso. All&#8217;esame con l&#8217;etilometro l&#8217;1,42 dell&#8217;apparecchio \u00e8 stato il via libera per il ritiro della patente. <strong>Lunedi<\/strong> la pattuglia del turno notturno ha fermato una Ford datata dalla guida &#8220;frizzante&#8221;. Al volante R.K. 41 anni che manifestava i tipici sintomi di una persona alterata. 1,17 all&#8217;alcooltest e ritiro di patente.<\/p>\n<p>&nbsp;<\/p>\n<p>&nbsp;<\/p>\n<p>&nbsp;<\/p>\n<h3>INCIDENTE SENZA FERITI MA CON DISAGI AL TRAFFICO<\/h3>\n<p><a class=\"dt-pswp-item\" href=\"https:\/\/www.radiopiu.net\/wordpress\/wp-content\/uploads\/2019\/12\/9fbf66b4-69ca-4f9c-ac99-193b1da5e79e.jpg\" data-dt-img-description=\"\" data-large_image_width=\"320\" data-large_image_height=\"240\"><img loading=\"lazy\" decoding=\"async\" class=\"wp-image-108956 alignleft\" src=\"https:\/\/www.radiopiu.net\/wordpress\/wp-content\/uploads\/2019\/12\/9fbf66b4-69ca-4f9c-ac99-193b1da5e79e-300x225.jpg\" alt=\"\" width=\"147\" height=\"110\" srcset=\"https:\/\/www.radiopiu.net\/wordpress\/wp-content\/uploads\/2019\/12\/9fbf66b4-69ca-4f9c-ac99-193b1da5e79e-300x225.jpg 300w, https:\/\/www.radiopiu.net\/wordpress\/wp-content\/uploads\/2019\/12\/9fbf66b4-69ca-4f9c-ac99-193b1da5e79e.jpg 320w\" sizes=\"auto, (max-width: 147px) 100vw, 147px\" \/><\/a><strong>SANTA GIUSTINA<\/strong> Lunghe code e deviazioni in sinistra Piave ieri nel primo pomeriggio in prossimit\u00e0 di Busche in via Piovena. Sinistro tra auto e camion senza feriti, ma nello scontro \u00e8 stato danneggiato il serbatoio dell&#8217;autocarro con fuori uscita di gasolio. I vigili del fuoco hanno lavorato a lungo per ripulire la sede stradale. Si \u00e8 formata una lunga colonna in entrambi i sensi di marcia.<\/p>\n<p>&nbsp;<\/p>\n<p>&nbsp;<\/p>\n<h3>NELLA NOTTE, LIEVISSIMA SCOSSA DI TERREMOTO IN ALPAGO, SUPERIORE A VERONA<\/h3>\n<p><a class=\"dt-pswp-item\" href=\"https:\/\/www.radiopiu.net\/wordpress\/wp-content\/uploads\/2019\/12\/72bd6995-3a21-4207-89d1-974182ca4c73-1.jpg\" data-dt-img-description=\"\" data-large_image_width=\"899\" data-large_image_height=\"1599\"><img loading=\"lazy\" decoding=\"async\" class=\"alignnone size-medium wp-image-109017\" src=\"https:\/\/www.radiopiu.net\/wordpress\/wp-content\/uploads\/2019\/12\/72bd6995-3a21-4207-89d1-974182ca4c73-1-169x300.jpg\" alt=\"\" width=\"169\" height=\"300\" srcset=\"https:\/\/www.radiopiu.net\/wordpress\/wp-content\/uploads\/2019\/12\/72bd6995-3a21-4207-89d1-974182ca4c73-1-169x300.jpg 169w, https:\/\/www.radiopiu.net\/wordpress\/wp-content\/uploads\/2019\/12\/72bd6995-3a21-4207-89d1-974182ca4c73-1-576x1024.jpg 576w, https:\/\/www.radiopiu.net\/wordpress\/wp-content\/uploads\/2019\/12\/72bd6995-3a21-4207-89d1-974182ca4c73-1-768x1366.jpg 768w, https:\/\/www.radiopiu.net\/wordpress\/wp-content\/uploads\/2019\/12\/72bd6995-3a21-4207-89d1-974182ca4c73-1-864x1536.jpg 864w, https:\/\/www.radiopiu.net\/wordpress\/wp-content\/uploads\/2019\/12\/72bd6995-3a21-4207-89d1-974182ca4c73-1.jpg 899w\" sizes=\"auto, (max-width: 169px) 100vw, 169px\" \/><\/a><a class=\"dt-pswp-item\" href=\"https:\/\/www.radiopiu.net\/wordpress\/wp-content\/uploads\/2019\/12\/65964299-6a18-4a88-be54-8b2ec906b3cf.jpg\" data-dt-img-description=\"\" data-large_image_width=\"899\" data-large_image_height=\"1599\"><img loading=\"lazy\" decoding=\"async\" class=\"alignnone size-medium wp-image-109019\" src=\"https:\/\/www.radiopiu.net\/wordpress\/wp-content\/uploads\/2019\/12\/65964299-6a18-4a88-be54-8b2ec906b3cf-169x300.jpg\" alt=\"\" width=\"169\" height=\"300\" srcset=\"https:\/\/www.radiopiu.net\/wordpress\/wp-content\/uploads\/2019\/12\/65964299-6a18-4a88-be54-8b2ec906b3cf-169x300.jpg 169w, https:\/\/www.radiopiu.net\/wordpress\/wp-content\/uploads\/2019\/12\/65964299-6a18-4a88-be54-8b2ec906b3cf-576x1024.jpg 576w, https:\/\/www.radiopiu.net\/wordpress\/wp-content\/uploads\/2019\/12\/65964299-6a18-4a88-be54-8b2ec906b3cf-768x1366.jpg 768w, https:\/\/www.radiopiu.net\/wordpress\/wp-content\/uploads\/2019\/12\/65964299-6a18-4a88-be54-8b2ec906b3cf-864x1536.jpg 864w, https:\/\/www.radiopiu.net\/wordpress\/wp-content\/uploads\/2019\/12\/65964299-6a18-4a88-be54-8b2ec906b3cf.jpg 899w\" sizes=\"auto, (max-width: 169px) 100vw, 169px\" \/><\/a><\/p>\n<p>&nbsp;<\/p>\n<p>&nbsp;<\/p>\n<p>&nbsp;<\/p>\n<p>&nbsp;<\/p>\n<p><span style=\"color: #ff0000;\">LA CRITICA<\/span><\/p>\n<blockquote><p><strong>PAZIENTI ABBANDONATI SULLE SEDIE COME DEI PACCHI. CHIESTA L&#8217;ATTENZIONE DELLA ULSS1<\/strong><\/p><\/blockquote>\n<p><strong><a class=\"dt-pswp-item\" href=\"https:\/\/www.radiopiu.net\/wordpress\/wp-content\/uploads\/2015\/10\/Ospedale_San_Martino_Belluno_2014.jpg\" data-dt-img-description=\"\" data-large_image_width=\"699\" data-large_image_height=\"376\"><img loading=\"lazy\" decoding=\"async\" class=\"wp-image-12142 alignleft\" src=\"https:\/\/www.radiopiu.net\/wordpress\/wp-content\/uploads\/2015\/10\/Ospedale_San_Martino_Belluno_2014-300x161.jpg\" alt=\"\" width=\"157\" height=\"84\" \/><\/a>AGORDO<\/strong>\u00a0 Arno Pauletti \u00e8 un volontario che trasporta i pazienti a Belluno per delle visite. Ovunque si sono ridotti i tempi di attesa, ma non in Oculistica. In sedia a rotelle un&#8217;attesa di 3 ore per una visita di 15&#8242; minuti. Episodi che si ripetono.<\/p>\n<audio class=\"wp-audio-shortcode\" id=\"audio-108933-1\" preload=\"none\" style=\"width: 100%;\" controls=\"controls\"><source type=\"audio\/mpeg\" src=\"https:\/\/www.radiopiu.net\/wordpress\/wp-content\/uploads\/2019\/12\/OCULISTICA.mp3?_=1\" \/><a href=\"https:\/\/www.radiopiu.net\/wordpress\/wp-content\/uploads\/2019\/12\/OCULISTICA.mp3\">https:\/\/www.radiopiu.net\/wordpress\/wp-content\/uploads\/2019\/12\/OCULISTICA.mp3<\/a><\/audio>\n<p>&nbsp;<\/p>\n<p>&nbsp;<\/p>\n<p>&nbsp;<\/p>\n<p>&nbsp;<\/p>\n<h2>ECCO I VINCOLI PER COMELICO E AURONZO, C&#8217;E&#8217; LA FIRMA. IL RICORSO DI ZAIA, LA RABBIA DI DE CARLO<\/h2>\n<blockquote>\n<p style=\"text-align: left;\"><em><strong>ROMA<\/strong> \u201cQuesto Governo ha tradito i cittadini e un intero territorio, sceso anche in piazza per difendere il proprio futuro&#8221;, cos\u00ec il deputato di Fratelli d&#8217;Italia e sindaco di Calalzo di Cadore, Luca De Carlo, all&#8217;annuncio della firma dei vincoli sui territori di Auronzo di Cadore e del Comelico da parte del Ministero per i Beni e le Attivit\u00e0 Culturali e per il Turismo.\u00a0 Da De Carlo, l&#8217;ultimo appello: \u201cAi parlamentari di maggioranza e al Ministro Federico D&#8217;Inc\u00e0, perch\u00e8 si attivino ed intervengano in maniera rapida ed efficace contro questo provvedimento che umilia e uccide un territorio vivo e che <a class=\"dt-pswp-item\" href=\"https:\/\/www.radiopiu.net\/wordpress\/wp-content\/uploads\/2018\/09\/ZAIA-IN-MARMOLADA.jpeg\" data-dt-img-description=\"\" data-large_image_width=\"1600\" data-large_image_height=\"1200\"><img loading=\"lazy\" decoding=\"async\" class=\" wp-image-61720 alignleft\" src=\"https:\/\/www.radiopiu.net\/wordpress\/wp-content\/uploads\/2018\/09\/ZAIA-IN-MARMOLADA-300x225.jpeg\" alt=\"\" width=\"252\" height=\"189\" srcset=\"https:\/\/www.radiopiu.net\/wordpress\/wp-content\/uploads\/2018\/09\/ZAIA-IN-MARMOLADA-300x225.jpeg 300w, https:\/\/www.radiopiu.net\/wordpress\/wp-content\/uploads\/2018\/09\/ZAIA-IN-MARMOLADA-768x576.jpeg 768w, https:\/\/www.radiopiu.net\/wordpress\/wp-content\/uploads\/2018\/09\/ZAIA-IN-MARMOLADA-1024x768.jpeg 1024w, https:\/\/www.radiopiu.net\/wordpress\/wp-content\/uploads\/2018\/09\/ZAIA-IN-MARMOLADA.jpeg 1600w\" sizes=\"auto, (max-width: 252px) 100vw, 252px\" \/><\/a>vuole vivere&#8221;.<\/em><\/p>\n<\/blockquote>\n<p><b>VENEZIA\u00a0 <\/b>\u201cHo appreso da alcuni sindaci del Comelico l&#8217;avvenuta notifica del decreto del Ministro Franceschini che impone il vincolo dell&#8217;area alpina compresa tra il Comelico e la Val d&#8217;Ansiei. Si tratta di un mero elenco di prescrizioni e limitazioni stilato senza la bench\u00e8 minima conoscenza delle peculiarit\u00e0 del territorio montano, contro il quale ricorreremo in ogni sede opportuna\u201d. Con questa parole, il Presidente della Regione del Veneto, Luca Zaia, annuncia l\u2019opposizione della Regione del Veneto \u201ca un decreto di vincoli assai poco ragionati, emesso, tra l\u2019altro, respingendo con una certa arroganza l\u2019appello da me formalizzato al Ministro, per ridiscutere e approfondire l\u2019intera questione\u201d L\u2019appello del Governatore al Ministro era stato inviato pochi giorni fa. La risposta \u00e8 stata una nota in data odierna che dichiara l&#8217;impossibilit\u00e0 di sospendere la procedura di apposizione di vincolo stante lo &#8220;straordinario valore naturalistico&#8221; dell&#8217;area presa in esame. \u201cL\u2019attenzione che la Regione sta ponendo in questo momento storico per la montagna \u2013 aggiunge Zaia &#8211; non \u00e8 mai stata cos\u00ec alta e attenta, anche alla luce del disastro causato dalla tempesta Vaia e dei grandi appuntamenti sportivi dei Mondiali di Sci di Cortina 2021 e delle Olimpiadi Invernali 2026 Milano-Cortina\u201d. \u201cUn elenco di prescrizioni e limitazioni , peraltro elaborate senza una conoscenza puntuale delle peculiarit\u00e0 del territorio montano \u2013 aggiunge Zaia \u2013 non pu\u00f2 governare la ricostruzione e l\u2019ammodernamento di un\u2019area cos\u00ec straordinaria, grazie anche all&#8217;attenzione e alla coscienza sempre poste nell\u2019agire da parte dei Sindaci e dei cittadini, che devono essere ascoltati e devono poter dare il loro contributo nella tutela paesaggistica ed ambientale futura. E\u2019 il contributo di chi in queste montagne vive e amministra e le conosce meglio di chiunque altro&#8221;. &#8220;Questo Governo \u2013 incalza l\u2019Assessore alla Specificit\u00e0 Bellunese Gianpaolo Bottacin &#8211;\u00a0 ha deciso di uccidere definitivamente la montagna. Questi vincoli mettono in grave dubbio anche gli interventi di mitigazione del rischio idrogeologico e io penso invece che prima di tutto debba venire l&#8217;incolumit\u00e0 dei cittadini. Se vogliamo mantenere la montagna \u2013 conclude Bottacin- dobbiamo garantire la sicurezza della gente di montagna&#8221;.<\/p>\n<p>&nbsp;<\/p>\n<h3><\/h3>\n<p>&nbsp;<\/p>\n<h4>LE FOTO DEL GIORNO, DALLA MOIAZZA AL NATALE DI AGORDO.<\/h4>\n<p><strong>Grazie a Tiziano ed Ezio<\/strong><\/p>\n<p><a class=\"dt-pswp-item\" href=\"https:\/\/www.radiopiu.net\/wordpress\/wp-content\/uploads\/2019\/12\/96b3ad89-bf79-41a1-99bf-695709f0dfdf.jpg\" data-dt-img-description=\"\" data-large_image_width=\"2048\" data-large_image_height=\"1536\"><img loading=\"lazy\" decoding=\"async\" class=\"alignnone wp-image-109012\" src=\"https:\/\/www.radiopiu.net\/wordpress\/wp-content\/uploads\/2019\/12\/96b3ad89-bf79-41a1-99bf-695709f0dfdf-300x225.jpg\" alt=\"\" width=\"289\" height=\"218\" srcset=\"https:\/\/www.radiopiu.net\/wordpress\/wp-content\/uploads\/2019\/12\/96b3ad89-bf79-41a1-99bf-695709f0dfdf-300x225.jpg 300w, https:\/\/www.radiopiu.net\/wordpress\/wp-content\/uploads\/2019\/12\/96b3ad89-bf79-41a1-99bf-695709f0dfdf-1024x768.jpg 1024w, https:\/\/www.radiopiu.net\/wordpress\/wp-content\/uploads\/2019\/12\/96b3ad89-bf79-41a1-99bf-695709f0dfdf-768x576.jpg 768w, https:\/\/www.radiopiu.net\/wordpress\/wp-content\/uploads\/2019\/12\/96b3ad89-bf79-41a1-99bf-695709f0dfdf-1536x1152.jpg 1536w, https:\/\/www.radiopiu.net\/wordpress\/wp-content\/uploads\/2019\/12\/96b3ad89-bf79-41a1-99bf-695709f0dfdf.jpg 2048w\" sizes=\"auto, (max-width: 289px) 100vw, 289px\" \/><\/a><a class=\"dt-pswp-item\" href=\"https:\/\/www.radiopiu.net\/wordpress\/wp-content\/uploads\/2019\/12\/WhatsApp-Image-2019-12-06-at-18.45.31.jpeg\" data-dt-img-description=\"\" data-large_image_width=\"1200\" data-large_image_height=\"1600\"><img loading=\"lazy\" decoding=\"async\" class=\"alignnone wp-image-108990\" src=\"https:\/\/www.radiopiu.net\/wordpress\/wp-content\/uploads\/2019\/12\/WhatsApp-Image-2019-12-06-at-18.45.31-225x300.jpeg\" alt=\"\" width=\"163\" height=\"217\" srcset=\"https:\/\/www.radiopiu.net\/wordpress\/wp-content\/uploads\/2019\/12\/WhatsApp-Image-2019-12-06-at-18.45.31-225x300.jpeg 225w, https:\/\/www.radiopiu.net\/wordpress\/wp-content\/uploads\/2019\/12\/WhatsApp-Image-2019-12-06-at-18.45.31-768x1024.jpeg 768w, https:\/\/www.radiopiu.net\/wordpress\/wp-content\/uploads\/2019\/12\/WhatsApp-Image-2019-12-06-at-18.45.31-1152x1536.jpeg 1152w, https:\/\/www.radiopiu.net\/wordpress\/wp-content\/uploads\/2019\/12\/WhatsApp-Image-2019-12-06-at-18.45.31.jpeg 1200w\" sizes=\"auto, (max-width: 163px) 100vw, 163px\" \/><\/a><\/p>\n<blockquote>\n<h3><\/h3>\n<h3><\/h3>\n<p>&nbsp;<\/p><\/blockquote>\n<p>&nbsp;<\/p>\n<p>&nbsp;<\/p>\n<p>&nbsp;<\/p>\n<p>&nbsp;<\/p>\n<h3>PROTEZIONE CIVILE. DELIBERATI 2,1 MILIONI DI EURO DI CONTRIBUTI ALLE ASSOCIAZIONI.<\/h3>\n<p><strong>VENEZIA<\/strong>\u00a0 La Giunta regionale ha deliberato una serie di contributi destinati alle associazioni che operano nell&#8217;ambito della Protezione Civile e dell&#8217;Antincendio boschivo. Con la delibera approvata \u00e8 stata data copertura integrale a tutte le domande valide pervenute in relazione ai due bandi collegati alla Protezione Civile e all\u2019Antincendio Boschivo promossi nei mesi scorsi (per un totale di 1,1 milioni di euro), ma anche a quelle domande che, per mancanza di alcuni requisiti non fondamentali, erano rimaste momentaneamente escluse dai bandi 2018 (per un importo di 200mila euro).\u00a0 La Giunta ha altres\u00ec deliberato il rimborso delle spese 2019 sostenute dalle organizzazioni di volontariato convenzionate per l&#8217;Antincendio boschivo (300mila euro).<\/p>\n<p>&nbsp;<\/p>\n<p>&nbsp;<\/p>\n<p>&nbsp;<\/p>\n<h2>IL RESTAURO: SIPARIO DI ORSI PER IL TEATRO<\/h2>\n<h4>di Moreno Gioli<\/h4>\n<p><strong>FELTRE<\/strong><\/p>\n<blockquote>\n<h3><a class=\"dt-pswp-item\" href=\"https:\/\/www.radiopiu.net\/wordpress\/wp-content\/uploads\/2019\/12\/Sipario-platea.jpg\" data-dt-img-description=\"\" data-large_image_width=\"1600\" data-large_image_height=\"1066\"><img loading=\"lazy\" decoding=\"async\" class=\"size-medium wp-image-109000 alignleft\" src=\"https:\/\/www.radiopiu.net\/wordpress\/wp-content\/uploads\/2019\/12\/Sipario-platea-300x200.jpg\" alt=\"\" width=\"300\" height=\"200\" srcset=\"https:\/\/www.radiopiu.net\/wordpress\/wp-content\/uploads\/2019\/12\/Sipario-platea-300x200.jpg 300w, https:\/\/www.radiopiu.net\/wordpress\/wp-content\/uploads\/2019\/12\/Sipario-platea-1024x682.jpg 1024w, https:\/\/www.radiopiu.net\/wordpress\/wp-content\/uploads\/2019\/12\/Sipario-platea-768x512.jpg 768w, https:\/\/www.radiopiu.net\/wordpress\/wp-content\/uploads\/2019\/12\/Sipario-platea-1536x1023.jpg 1536w, https:\/\/www.radiopiu.net\/wordpress\/wp-content\/uploads\/2019\/12\/Sipario-platea.jpg 1600w\" sizes=\"auto, (max-width: 300px) 100vw, 300px\" \/><\/a><\/h3>\n<h3><\/h3>\n<h3><\/h3>\n<h3><\/h3>\n<h3>Il Teatro de la Sena verso il riconquistato pieno splendore: inaugurato oggi il sipario restaurato di Tranquillo Orsi, un \u201cunicum\u201d a livello internazionale.<\/h3>\n<\/blockquote>\n<audio class=\"wp-audio-shortcode\" id=\"audio-108933-2\" preload=\"none\" style=\"width: 100%;\" controls=\"controls\"><source type=\"audio\/mpeg\" src=\"https:\/\/www.radiopiu.net\/wordpress\/wp-content\/uploads\/2019\/12\/SERVIZIO-GIOLI-FELTRE.mp3?_=2\" \/><a href=\"https:\/\/www.radiopiu.net\/wordpress\/wp-content\/uploads\/2019\/12\/SERVIZIO-GIOLI-FELTRE.mp3\">https:\/\/www.radiopiu.net\/wordpress\/wp-content\/uploads\/2019\/12\/SERVIZIO-GIOLI-FELTRE.mp3<\/a><\/audio>\n<p>&nbsp;<\/p>\n<p><a class=\"dt-pswp-item\" href=\"https:\/\/www.radiopiu.net\/wordpress\/wp-content\/uploads\/2019\/12\/Sipario-pubblico.jpg\" data-dt-img-description=\"\" data-large_image_width=\"2000\" data-large_image_height=\"1500\"><img loading=\"lazy\" decoding=\"async\" class=\"size-medium wp-image-109001 alignleft\" src=\"https:\/\/www.radiopiu.net\/wordpress\/wp-content\/uploads\/2019\/12\/Sipario-pubblico-300x225.jpg\" alt=\"\" width=\"300\" height=\"225\" srcset=\"https:\/\/www.radiopiu.net\/wordpress\/wp-content\/uploads\/2019\/12\/Sipario-pubblico-300x225.jpg 300w, https:\/\/www.radiopiu.net\/wordpress\/wp-content\/uploads\/2019\/12\/Sipario-pubblico-1024x768.jpg 1024w, https:\/\/www.radiopiu.net\/wordpress\/wp-content\/uploads\/2019\/12\/Sipario-pubblico-768x576.jpg 768w, https:\/\/www.radiopiu.net\/wordpress\/wp-content\/uploads\/2019\/12\/Sipario-pubblico-1536x1152.jpg 1536w, https:\/\/www.radiopiu.net\/wordpress\/wp-content\/uploads\/2019\/12\/Sipario-pubblico.jpg 2000w\" sizes=\"auto, (max-width: 300px) 100vw, 300px\" \/><\/a><\/p>\n<p>&nbsp;<\/p>\n<p>&nbsp;<\/p>\n<p>&nbsp;<\/p>\n<p>&nbsp;<\/p>\n<p>&nbsp;<\/p>\n<p>&nbsp;<\/p>\n<p>&nbsp;<\/p>\n<p>&nbsp;<\/p>\n<p>L&#8217;ASSESSORE ALESSANDRO DEL BIANCO<\/p>\n<audio class=\"wp-audio-shortcode\" id=\"audio-108933-3\" preload=\"none\" style=\"width: 100%;\" controls=\"controls\"><source type=\"audio\/mpeg\" src=\"https:\/\/www.radiopiu.net\/wordpress\/wp-content\/uploads\/2019\/12\/DEL-BIANCO.mp3?_=3\" \/><a href=\"https:\/\/www.radiopiu.net\/wordpress\/wp-content\/uploads\/2019\/12\/DEL-BIANCO.mp3\">https:\/\/www.radiopiu.net\/wordpress\/wp-content\/uploads\/2019\/12\/DEL-BIANCO.mp3<\/a><\/audio>\n<p>&nbsp;<\/p>\n<p>LA RESTAURATICE ROSSELLA BERNASCONI<\/p>\n<audio class=\"wp-audio-shortcode\" id=\"audio-108933-4\" preload=\"none\" style=\"width: 100%;\" controls=\"controls\"><source type=\"audio\/mpeg\" src=\"https:\/\/www.radiopiu.net\/wordpress\/wp-content\/uploads\/2019\/12\/BERNABSCONI.mp3?_=4\" \/><a href=\"https:\/\/www.radiopiu.net\/wordpress\/wp-content\/uploads\/2019\/12\/BERNABSCONI.mp3\">https:\/\/www.radiopiu.net\/wordpress\/wp-content\/uploads\/2019\/12\/BERNABSCONI.mp3<\/a><\/audio>\n<p>&nbsp;<\/p>\n<p><a class=\"dt-pswp-item\" href=\"https:\/\/www.radiopiu.net\/wordpress\/wp-content\/uploads\/2019\/12\/Sipario-taglio-del-nastro.jpg\" data-dt-img-description=\"\" data-large_image_width=\"1600\" data-large_image_height=\"1066\"><img loading=\"lazy\" decoding=\"async\" class=\"size-medium wp-image-109002 alignleft\" src=\"https:\/\/www.radiopiu.net\/wordpress\/wp-content\/uploads\/2019\/12\/Sipario-taglio-del-nastro-300x200.jpg\" alt=\"\" width=\"300\" height=\"200\" srcset=\"https:\/\/www.radiopiu.net\/wordpress\/wp-content\/uploads\/2019\/12\/Sipario-taglio-del-nastro-300x200.jpg 300w, https:\/\/www.radiopiu.net\/wordpress\/wp-content\/uploads\/2019\/12\/Sipario-taglio-del-nastro-1024x682.jpg 1024w, https:\/\/www.radiopiu.net\/wordpress\/wp-content\/uploads\/2019\/12\/Sipario-taglio-del-nastro-768x512.jpg 768w, https:\/\/www.radiopiu.net\/wordpress\/wp-content\/uploads\/2019\/12\/Sipario-taglio-del-nastro-1536x1023.jpg 1536w, https:\/\/www.radiopiu.net\/wordpress\/wp-content\/uploads\/2019\/12\/Sipario-taglio-del-nastro.jpg 1600w\" sizes=\"auto, (max-width: 300px) 100vw, 300px\" \/><\/a><\/p>\n<p>&nbsp;<\/p>\n<p>&nbsp;<\/p>\n<p>&nbsp;<\/p>\n<p>&nbsp;<\/p>\n<p>&nbsp;<\/p>\n<p>&nbsp;<\/p>\n<p>IL SINDACO, PAOLO PERENZIN<\/p>\n<audio class=\"wp-audio-shortcode\" id=\"audio-108933-5\" preload=\"none\" style=\"width: 100%;\" controls=\"controls\"><source type=\"audio\/mpeg\" src=\"https:\/\/www.radiopiu.net\/wordpress\/wp-content\/uploads\/2019\/12\/PERENZIN.mp3?_=5\" \/><a href=\"https:\/\/www.radiopiu.net\/wordpress\/wp-content\/uploads\/2019\/12\/PERENZIN.mp3\">https:\/\/www.radiopiu.net\/wordpress\/wp-content\/uploads\/2019\/12\/PERENZIN.mp3<\/a><\/audio>\n<p>&nbsp;<\/p>\n<div style=\"width: 640px;\" class=\"wp-video\"><video class=\"wp-video-shortcode\" id=\"video-108933-1\" width=\"640\" height=\"352\" preload=\"metadata\" controls=\"controls\"><source type=\"video\/mp4\" src=\"https:\/\/www.radiopiu.net\/wordpress\/wp-content\/uploads\/2019\/12\/WhatsApp-Video-2019-12-06-at-17.10.20.mp4?_=1\" \/><a href=\"https:\/\/www.radiopiu.net\/wordpress\/wp-content\/uploads\/2019\/12\/WhatsApp-Video-2019-12-06-at-17.10.20.mp4\">https:\/\/www.radiopiu.net\/wordpress\/wp-content\/uploads\/2019\/12\/WhatsApp-Video-2019-12-06-at-17.10.20.mp4<\/a><\/video><\/div>\n<p>&nbsp;<\/p>\n<p>&nbsp;<\/p>\n<p>&nbsp;<\/p>\n<p>&nbsp;<\/p>\n<p>&nbsp;<\/p>\n<blockquote>\n<h3>&#8220;BELLUNO NON SI LEGA&#8221;, SARDINE IN PIAZZA<\/h3>\n<p><strong>BELLUNO:<\/strong> Forse un migliaio in piazza dei Martiri per una manifestazione di musica, colore e poche chiacchiere, sullo spopolamneto della montagna e per dire no all&#8217;odio. Alla manifestazione delle Sardine a Belluno i presenti: 2500 per gli organizzatori, 500 per la Questura.<\/p><\/blockquote>\n<p>&nbsp;<\/p>\n<p>&nbsp;<\/p>\n<p>&nbsp;<\/p>\n<p>&nbsp;<\/p>\n<p>&nbsp;<\/p>\n<p>&nbsp;<\/p>\n<h3>PRONTI AD ENTRARE IN SERVIZIO, 54 NUOVI OPERATORI SOCIO SANITARI QUALIFICATI<\/h3>\n<p><strong>BELLUNO<\/strong>\u00a0 A conclusione di un anno di formazione svolto in 1000 ore, di cui 480 ore di teoria e 520 ore di tirocinio pratico organizzato dall\u2019Organismo di Formazione del Ce.I.S. di Belluno, hanno concluso il corso per Operatore Socio Sanitario 54 allieve e allievi che, a seguito del superamento dell\u2019esame, hanno ottenuto la Qualifica di Operatore Socio Sanitario, rilasciata dalla Regione Veneto e valida su tutto il territorio nazionale. Le strutture del socio sanitario privato e pubblico potranno inserire ulteriori OSS, tanto importanti e richiesti nell\u2019attivit\u00e0 di assistenza alla persona. Tra gli allievi 5 dei 54 provengono dalla provincia di Treviso, gli altri provengono dal Cadore, dall\u2019Agordino, da Feltre e dal Bellunese.<\/p>\n<p>&nbsp;<\/p>\n<p>&nbsp;<\/p>\n<h3>CONSEGNATO L&#8217;ALBERO DI NATALE A PALAZZO CHIGI<\/h3>\n<p><strong> <a class=\"dt-pswp-item\" href=\"https:\/\/www.radiopiu.net\/wordpress\/wp-content\/uploads\/2019\/12\/PHOTO-2019-12-06-10-12-32.jpg\" data-dt-img-description=\"\" data-large_image_width=\"1600\" data-large_image_height=\"1029\"><img loading=\"lazy\" decoding=\"async\" class=\" wp-image-108938 alignleft\" src=\"https:\/\/www.radiopiu.net\/wordpress\/wp-content\/uploads\/2019\/12\/PHOTO-2019-12-06-10-12-32-300x193.jpg\" alt=\"\" width=\"267\" height=\"172\" srcset=\"https:\/\/www.radiopiu.net\/wordpress\/wp-content\/uploads\/2019\/12\/PHOTO-2019-12-06-10-12-32-300x193.jpg 300w, https:\/\/www.radiopiu.net\/wordpress\/wp-content\/uploads\/2019\/12\/PHOTO-2019-12-06-10-12-32-1024x659.jpg 1024w, https:\/\/www.radiopiu.net\/wordpress\/wp-content\/uploads\/2019\/12\/PHOTO-2019-12-06-10-12-32-768x494.jpg 768w, https:\/\/www.radiopiu.net\/wordpress\/wp-content\/uploads\/2019\/12\/PHOTO-2019-12-06-10-12-32-1536x988.jpg 1536w, https:\/\/www.radiopiu.net\/wordpress\/wp-content\/uploads\/2019\/12\/PHOTO-2019-12-06-10-12-32.jpg 1600w\" sizes=\"auto, (max-width: 267px) 100vw, 267px\" \/><\/a>ROMA<\/strong>\u00a0 La Provincia di Belluno ha consegnato a Roma l\u2019abete che diventer\u00e0 l\u2019albero di Natale di Palazzo Chigi. Un abete bianco, prelevato in Val Mauria (Lorenzago di Cadore) con la collaborazione della Magnifica Regola di Vigo, Laggio, Pini\u00e8 e Pelos. Il trasporto \u00e8 avvenuto grazie ai volontari Ana Belluno. Due artisti bellunesi, Rudi De Candido e Cosetta olivier, hanno allestito il ceppo su cui poggia il simbolo natalizio donato alla presidenza del consiglio del ministri. Ad accogliere l\u2019omaggio a Roma, anche il ministro Federico D\u2019Inc\u00e0. \u00c8 gi\u00e0 il secondo anno che il territorio bellunese dona a Palazzo Chigi l\u2019albero di Natale.<\/p>\n<p><strong>IL PRESIDENTE DELLA PROVINCIA ROBERTO PADRIN<\/strong><\/p>\n<audio class=\"wp-audio-shortcode\" id=\"audio-108933-6\" preload=\"none\" style=\"width: 100%;\" controls=\"controls\"><source type=\"audio\/mpeg\" src=\"https:\/\/www.radiopiu.net\/wordpress\/wp-content\/uploads\/2019\/12\/Roberto-Padrin.mp3?_=6\" \/><a href=\"https:\/\/www.radiopiu.net\/wordpress\/wp-content\/uploads\/2019\/12\/Roberto-Padrin.mp3\">https:\/\/www.radiopiu.net\/wordpress\/wp-content\/uploads\/2019\/12\/Roberto-Padrin.mp3<\/a><\/audio>\n<h3><\/h3>\n<p>&nbsp;<\/p>\n<p>&nbsp;<\/p>\n<h3>ANCHE I CONSIGLIERI COMUNALI MERITANO UN AUMENTO DELL&#8217;INDENNITA&#8217;<\/h3>\n<blockquote><p><em> Nei giorni scorsi, erano state riviste le indennit\u00e0 di carica dei sindaci per i comuni fino a 3000 abitanti, e ora De Carlo chiede di fare lo stesso per i consiglieri comunali<\/em><\/p><\/blockquote>\n<p><strong>ROMA<\/strong>\u00a0 Il deputato di Fratelli d\u2019Italia e Sindaco di Calalzo di Cadore, Luca De Carlo, ha presentato questa mattina un ordine del giorno alla Camera dei Deputati per chiedere l\u2019istituzione di un fondo nazionale per aumentare l\u2019indennit\u00e0 degli amministratori locali. \u201cChiediamo di estendere anche ai consiglieri quanto fatto pochi giorni fa per i sindaci dei piccoli comuni\u201d, spiega De Carlo, dobbiamo riconoscere il giusto a chi si impegna per il proprio paese dando il giusto riconoscimento, \u00e8 una\u00a0 questione di dignit\u00e0 e di rispetto delle istituzioni&#8221;.<\/p>\n<p>&nbsp;<\/p>\n<p>&nbsp;<\/p>\n<p>&nbsp;<\/p>\n<h3><span style=\"background-color: #ff99cc;\"><strong>Pensionati vicino ai lavoratori. <\/strong><\/span><\/h3>\n<h3><strong style=\"font-size: 14px;\">dal Prefetto a chiedere sostegno per una legge sulla non autosufficienza.<\/strong><\/h3>\n<div><strong>BELLUNO<\/strong> Il 10 dicembre i <strong>pensionati<\/strong> dello Spi Cgil, della Fnp Cisl e della Uilp Uil, saranno in piazza a Mel per solidariet\u00e0 ai lavoratori di Wambao-ACC e\u00a0<span style=\"font-family: 'verdana' , sans-serif; font-size: 11pt; text-align: justify;\">parteciperanno\u00a0 alla manifestazione provinciale\u00a0 \u00a0a sostegno della vertenza per evitare la perdita\u00a0 di posti di lavoro e contro l&#8217;impoverimento del territorio.\u00a0 <\/span><span style=\"font-family: 'verdana' , sans-serif; font-size: 11pt; text-align: justify;\">Alle ore 11 i <strong>pensionat<span style=\"background-color: #ff99cc;\">i<\/span><\/strong> saranno in presidio in Piazza Duomo a Belluno per la rivendicazione di importanti tematiche gi\u00e0 esplicitate\u00a0<\/span><span style=\"font-family: verdana, sans-serif; font-size: 14.6667px; text-align: justify;\">a questo\u00a0 Governo<\/span><span style=\"font-family: verdana, sans-serif; font-size: 14.6667px; text-align: justify;\">\u00a0<\/span><span style=\"font-family: verdana, sans-serif; font-size: 11pt; text-align: justify;\">nella manifestazione del 16 novembre scorso al Circo Massimo a Roma quali emendamenti alla legge di Bilancio.<\/span><\/div>\n<p>&nbsp;<\/p>\n<p>&nbsp;<\/p>\n<p>&nbsp;<\/p>\n<h2>Tumori ginecologici: al via la ricerca del linfonodo sentinella<\/h2>\n<p><strong>FELTRE<\/strong> Si \u00e8 svolto\u00a0 all\u2019ospedale di Feltre il convegno \u201cHighlight in oncologia ginecologica\u201d.\u00a0 In Veneto, secondo gli ultimi dati del Registro tumori che fanno riferimento al 2015, i tumori alla cervice sono 166 all\u2019anno, quelli dell\u2019endometrio 600 casi\/anno e quelli dell\u2019ovaio 370 casi\/anno. In provincia di Belluno (dati registro tumori 2015) i casi\/anno di carcinoma alla cervice sono 15, i casi\/anno di tumore all\u2019endometrio 56 e quelli all\u2019ovaio 27. La bassa incidenza dei tumori alla cervice (1,1%) \u00e8 da correlare all\u2019efficienza delle campagne di screening. Importante anche il ruolo dei vaccini. Nel convegno di oggi si \u00e8 parlato di neoplasie ginecologiche e soprattutto dell\u2019approccio multi e interdisciplinare della loro diagnosi e cura. Sono stati illustrati e discussi alcuni argomenti di attualit\u00e0 e dibattuti <a class=\"dt-pswp-item\" href=\"https:\/\/www.radiopiu.net\/wordpress\/wp-content\/uploads\/2019\/12\/IMG_20191206_164558.jpg\" data-dt-img-description=\"\" data-large_image_width=\"1602\" data-large_image_height=\"1720\"><img loading=\"lazy\" decoding=\"async\" class=\" wp-image-109009 alignleft\" src=\"https:\/\/www.radiopiu.net\/wordpress\/wp-content\/uploads\/2019\/12\/IMG_20191206_164558-279x300.jpg\" alt=\"\" width=\"239\" height=\"257\" srcset=\"https:\/\/www.radiopiu.net\/wordpress\/wp-content\/uploads\/2019\/12\/IMG_20191206_164558-279x300.jpg 279w, https:\/\/www.radiopiu.net\/wordpress\/wp-content\/uploads\/2019\/12\/IMG_20191206_164558-954x1024.jpg 954w, https:\/\/www.radiopiu.net\/wordpress\/wp-content\/uploads\/2019\/12\/IMG_20191206_164558-768x825.jpg 768w, https:\/\/www.radiopiu.net\/wordpress\/wp-content\/uploads\/2019\/12\/IMG_20191206_164558-1431x1536.jpg 1431w, https:\/\/www.radiopiu.net\/wordpress\/wp-content\/uploads\/2019\/12\/IMG_20191206_164558.jpg 1602w\" sizes=\"auto, (max-width: 239px) 100vw, 239px\" \/><\/a>nella letteratura scientifica pi\u00f9 recente sui tumori ginecologici, sia organizzativo-gestionali sia clinici, dalla genetica alla biologia molecolare, alla anatomia patologica, dalla chirurgia alle terapie adiuvanti nelle principali neoplasie ginecologiche.\u00a0 \u00e8 stata proposta una analisi critica e condivisa delle novit\u00e0 della letteratura internazionale, con particolare attenzione a quella sulle neoplasie dell\u2019ovaio, dell\u2019endometrio e della cervice. Con il confronto e lo scambio di informazioni si \u00e8 puntato ad unire questa visione critica delle novit\u00e0 terapeutiche e conoscitive ad una esposizione sistematica delle strategie terapeutiche esistenti.\u00a0 L\u2019evento ha rappresentato un momento di condivisione e di confronto, nello sforzo continuo di migliorare la pratica clinica quotidiana, discutendo le novit\u00e0 della ricerca e la condivisione delle proprie esperienze.<\/p>\n<blockquote><p><em>Inoltre, l\u2019\u00e8quipe di oncologia ginecologica dell\u2019ospedale di Feltre ha annunciato che a breve sar\u00e0 in grado di migliorare il trattamento dei tumori dell\u2019utero e della cervice uterina applicando le pi\u00f9 avanzate tecniche di ricerca del linfonodo sentinella. Questa nuova tecnologia, gi\u00e0 utilizzata per la mammella, utilizza un colorante che permette di visualizzare il primo linfonodo che potenzialmente \u00e8 raggiungibile dalle metastasi. Analizzando solo questo linfonodo si evita di dover togliere tutti i linfonodi ed evitare gli effetti negativi associati alla loro asportazione (ad esempio il gonfiore degli arti inferiori), d\u2019altra parte sapere se il linfonodo \u00e8 interessato dal tumore \u00e8 cruciale per stabilire se sono necessari ulteriori trattamenti (chemioterapia e radioterapia).<\/em><\/p><\/blockquote>\n<p>&nbsp;<\/p>\n<p>&nbsp;<\/p>\n<h3>CONVENZIONI, UNICO RIMEDIO ALLA MANCANZA DI MEDICI<\/h3>\n<p><strong>BELLUNO<\/strong> Non trovando personale medico l\u2019 ULSS 1 Dolomiti ha rinnovato\u00a0 le Convenzioni gi\u00e0 in essere con l\u2019 Istituto Gaslini di Genova per accessi e attivit\u00e0 di guardia attiva nella disciplina di Pediatria e con l\u2019UlSS n. 6 Euganea per consulenza specialistica in Psichiatria. La Convenzione con l\u2019Istituto Gaslini di Genova andr\u00e0 in scadenza il 31 dicembre e sar\u00e0 rinnovata per un anno, con l\u2019ULSS n. 6 Euganea la convenzione \u00e8 scaduta lo scorso 30 ottobre ed \u00e8 stata rinnovata dal 1\u00b0 dicembre, sempre per un anno.<\/p>\n<p>&nbsp;<\/p>\n<p>&nbsp;<\/p>\n<p>&nbsp;<\/p>\n<h3>APPROVATO IL PROGETTO ESECUTIVO PER I LAVORI DI ADEGUAMENTO ALLA NORMATIVA ANTINCENDIO DELL&#8217;OSPEDALE SAN MARTINO<\/h3>\n<p><strong>BELLUNO<\/strong> Dopo l\u2019approvazione dei progetti degli ospedali di Agordo, Pieve di Cadore e Auronzo lo scorso mese di novembre, \u00e8 stato approvato il progetto esecutivo dei lavori edili ed impiantistici necessari per l\u2019adeguamento alla normativa antincendio dell\u2019ospedale San Martino di Belluno, per un importo complessivo di euro\u00a0 3.100.000 euro.\u00a0 Lo scorso mese di marzo, sono stati aggiudicati alla societ\u00e0 Areatecnica\u00a0 di Sedico che\u00a0 ha consegnato il progetto esecutivo dei lavori per l\u2019adeguamento alla normativa antincendio<\/p>\n<p>&nbsp;<\/p>\n<p>&nbsp;<\/p>\n<p>&nbsp;<\/p>\n<h3>RIMOZIONE DELLE BARRIERE COMUNICATIVE PER L&#8217;ACCESSO AI SERVIZI SOCIO SANITARI<\/h3>\n<p><strong>BELLUNO<\/strong>\u00a0 La Regione del Veneto ha promosso l\u2019inclusione e l\u2019integrazione sociale delle persone con disabilit\u00e0 uditiva, con deficit di comunicazione o di linguaggio, mediante l\u2019abbattimento delle barriere della comunicazione, il riconoscimento della lingua dei segni italiana E della lingua italiana dei segni tattile.\u00a0 L\u2019ULSS 1 Dolomiti ha\u00a0 avviato una collaborazione con Veasyt srl, spinoff Universit\u00e0 C\u00e0 Foscari finalizzata alla rimozione delle barriere comunicative per l\u2019accesso ai servizi di Pronto Soccorso e ai servizi sociosanitari. Il progetto prevede attivit\u00e0 di video interpretariato in lingua dei segni italiana che verr\u00e0 svolta da remoto su chiamata istantanea e la formazione al personale ULSS sia per lo svolgimento di questa attivit\u00e0 che per migliorare la comunicazione con portatori di disabilit\u00e0 uditiva.<\/p>\n<p>&nbsp;<\/p>\n<p>&nbsp;<\/p>\n<p>&nbsp;<\/p>\n<h3>SEDE DELLA CUCCHINI, RINNOVO DEL CONTRATTO\u00a0 FINO AL 2028<\/h3>\n<p><strong>BELLUNO<\/strong> Associazione Cucchini e Ulss 1 Dolomiti rinsaldano il gioco di squadra. \u00c8 stato rinnovato nei giorni scorsi, con le firme del direttore generale Ulss Adriano Rasi Caldogno e del presidente Cucchini Paolo Colleselli, il comodato d\u2019uso gratuito dei locali della sede dell\u2019associazione, da decenni punto di riferimento per l\u2019Hospice Casa Tua Due e per l\u2019assistenza ai malati e alle loro famiglie. Il nuovo comodato d\u2019uso, per gli uffici e la sala riunioni, avr\u00e0 una durata di nove anni e scadr\u00e0 nel 2028. <em>\u00abSi tratta di un accordo molto importante, perch\u00e9 consente di dare continuit\u00e0 all\u2019operato della nostra associazione &#8211; commenta il presidente dell\u2019associazione Cucchini, il professor Paolo Colleselli -. La struttura, ampia e funzionale, \u00e8 stata realizzata anche grazie al contributo della Cucchini. E in questi anni \u00e8 stata fondamentale per la formazione dei nostri volontari, come anche di altre iniziative dell\u2019Ulss\u00bb. <\/em><em>\u00abAdesso ci sono all\u2019orizzonte altre due scadenze &#8211; prosegue il professor Colleselli -. La prima riguarda il comodato per l\u2019area del magazzino ausili, che sta prendendo forma a fianco della nostra sede -. In primavera, poi, scadr\u00e0 anche la convenzione per la collaborazione con l\u2019Ulss nel campo delle attivit\u00e0 e delle cure palliative, a cui Cucchini provvede da anni con i suoi volontari e anche con professionisti\u00bb.<\/em><\/p>\n<p>&nbsp;<\/p>\n<p>&nbsp;<\/p>\n<p>&nbsp;<\/p>\n<h3>COMPRENSORIO DEL CIVETTA INTERAMENTE APERTO<\/h3>\n<p align=\"JUSTIFY\"><span style=\"font-family: Lucida Sans Unicode, sans-serif;\"><span style=\"font-size: small;\"><a class=\"dt-pswp-item\" href=\"https:\/\/www.radiopiu.net\/wordpress\/wp-content\/uploads\/2019\/12\/SKICIVETTA2-1.jpg\" data-dt-img-description=\"\" data-large_image_width=\"1723\" data-large_image_height=\"983\"><img loading=\"lazy\" decoding=\"async\" class=\" wp-image-108968 alignleft\" src=\"https:\/\/www.radiopiu.net\/wordpress\/wp-content\/uploads\/2019\/12\/SKICIVETTA2-1-300x171.jpg\" alt=\"\" width=\"198\" height=\"113\" srcset=\"https:\/\/www.radiopiu.net\/wordpress\/wp-content\/uploads\/2019\/12\/SKICIVETTA2-1-300x171.jpg 300w, https:\/\/www.radiopiu.net\/wordpress\/wp-content\/uploads\/2019\/12\/SKICIVETTA2-1-1024x584.jpg 1024w, https:\/\/www.radiopiu.net\/wordpress\/wp-content\/uploads\/2019\/12\/SKICIVETTA2-1-768x438.jpg 768w, https:\/\/www.radiopiu.net\/wordpress\/wp-content\/uploads\/2019\/12\/SKICIVETTA2-1-1536x876.jpg 1536w, https:\/\/www.radiopiu.net\/wordpress\/wp-content\/uploads\/2019\/12\/SKICIVETTA2-1.jpg 1723w\" sizes=\"auto, (max-width: 198px) 100vw, 198px\" \/><\/a><strong>ALLEGHE<\/strong> Grazie alle copiose nevicate di novembre e le temperature rigide degli ultimi giorni, che hanno anche permesso di far funzionare giorno e notte i sistemi di innevamento programmato, a partire <\/span><\/span><span style=\"font-family: Lucida Sans Unicode, sans-serif;\"><span style=\"font-size: small;\">da questo weekend sar\u00e0 possibile sciare su tutto il comprensorio Ski Civetta, Alleghe, Selva di Cadore, Palafavera e Val di Zoldo<\/span><\/span><span style=\"font-family: Lucida Sans Unicode, sans-serif;\"><span style=\"font-size: small;\">. <\/span><\/span><span style=\"font-family: Lucida Sans Unicode, sans-serif;\"><span style=\"font-size: small;\">La <\/span><\/span><span style=\"font-family: Lucida Sans Unicode, sans-serif;\"><span style=\"font-size: small;\">stagione invernale<\/span><\/span><span style=\"font-family: Lucida Sans Unicode, sans-serif;\"><span style=\"font-size: small;\">, ricca di eventi, <\/span><\/span><span style=\"font-family: Lucida Sans Unicode, sans-serif;\"><span style=\"font-size: small;\">era gi\u00e0 stata inaugurata con grande successo sabato 30 novembre<\/span><\/span><b> <\/b><span style=\"font-family: Lucida Sans Unicode, sans-serif;\"><span style=\"font-size: small;\">con l\u2019apertura di gran parte degli impianti e piste. <\/span><\/span><span style=\"font-family: Lucida Sans Unicode, sans-serif;\"><span style=\"font-size: small;\">Da oggi apriranno anche tutti i collegamenti e 20 impianti su 22.\u00a0<\/span><\/span><\/p>\n<blockquote>\n<p align=\"JUSTIFY\"><em>\u201c<span style=\"font-family: Lucida Sans Unicode, sans-serif;\"><span style=\"font-size: small;\">Le<\/span><\/span><\/em><b> <\/b><span style=\"font-family: Lucida Sans Unicode, sans-serif;\"><span style=\"font-size: small;\"><i>aperture parziali di fine novembre<\/i><\/span><\/span><em><span style=\"font-family: Lucida Sans Unicode, sans-serif;\"><span style=\"font-size: small;\">,<\/span><\/span><\/em><em><span style=\"font-family: Lucida Sans Unicode, sans-serif;\"><span style=\"font-size: small;\"> ed ancora di pi\u00f9 l\u2019apertura totale dei collegamenti di questo fine settimana, che coincide con la festa dell\u2019Immacolata, sono molto importanti per far capire al popolo della neve che \u00e8 tempo di rimettersi gli sci ai piedi e che la nostra ski area, la pi\u00f9 grande del Veneto, \u00e8 pronta ad accogliere gli amanti dello sci di ogni livello<\/span><\/span><\/em><em><span style=\"font-family: Lucida Sans Unicode, sans-serif;\"><span style=\"font-size: small;\"><b>\u201d <\/b><\/span><\/span><\/em><span style=\"font-family: Lucida Sans Unicode, sans-serif;\"><span style=\"font-size: small;\"><i>afferma <\/i><\/span><\/span><strong><span style=\"font-family: Lucida Sans Unicode, sans-serif;\"><span style=\"font-size: small;\"><i>Cesare Sorar\u00f9, Presidente del Consorzio Impianti<\/i><\/span><\/span><\/strong><\/p>\n<\/blockquote>\n<p>&nbsp;<\/p>\n<p>&nbsp;<\/p>\n<h2><span style=\"color: #ff0000;\">L&#8217;INTERVENTO<\/span><\/h2>\n<p><strong><a class=\"dt-pswp-item\" href=\"https:\/\/www.radiopiu.net\/wordpress\/wp-content\/uploads\/2019\/12\/IMG_9399.jpg\" data-dt-img-description=\"\" data-large_image_width=\"1632\" data-large_image_height=\"1224\"><img loading=\"lazy\" decoding=\"async\" class=\" wp-image-108972 alignleft\" src=\"https:\/\/www.radiopiu.net\/wordpress\/wp-content\/uploads\/2019\/12\/IMG_9399-300x225.jpg\" alt=\"\" width=\"228\" height=\"171\" srcset=\"https:\/\/www.radiopiu.net\/wordpress\/wp-content\/uploads\/2019\/12\/IMG_9399-300x225.jpg 300w, https:\/\/www.radiopiu.net\/wordpress\/wp-content\/uploads\/2019\/12\/IMG_9399-1024x768.jpg 1024w, https:\/\/www.radiopiu.net\/wordpress\/wp-content\/uploads\/2019\/12\/IMG_9399-768x576.jpg 768w, https:\/\/www.radiopiu.net\/wordpress\/wp-content\/uploads\/2019\/12\/IMG_9399-1536x1152.jpg 1536w, https:\/\/www.radiopiu.net\/wordpress\/wp-content\/uploads\/2019\/12\/IMG_9399.jpg 1632w\" sizes=\"auto, (max-width: 228px) 100vw, 228px\" \/><\/a>BELLUNO<\/strong> L&#8217;altra sera a\u00a0 Selva di Volpago del Montello, si sono ritrovati i rappresentanti dei comitati di Belluno, Treviso e Venezia contrari al progetto di Razionalizzazione della rete elettrica proposto da Terna in Veneto. Nessuno \u00e8 contrario al passaggio delle linee elettriche, ma si pretendono buoni progetti. I cittadini da tempo fanno sinergia su questo tema, aspettando la convocazione dei tavoli da parte della Regione visto che la trasmissione di energia parte dall&#8217;Austria e, raccogliendo le varie produzioni locali, arriva a Venezia. Sarebbe di buon auspicio che pure la politica locale, che vede la Provincia come ente coordinatore nel Bellunese, il Comune di Volpago come capofila di una sinergia fra Comuni nel Trevigiano e il Comune di Scorz\u00e8 invaso da centrali e reti elettriche nel Veneziano, si trovassero in una unica assemblea per esporre e condividere le problematiche riguardanti questo tema. I cittadini lo fanno regolarmente, aspettando gli amministratori.<\/p>\n<p>&nbsp;<\/p>\n<p>&nbsp;<\/p>\n<p>&nbsp;<\/p>\n<h3>UN AIUTO A CHI CI STA VICINO<\/h3>\n<p><a class=\"dt-pswp-item\" href=\"https:\/\/www.radiopiu.net\/wordpress\/wp-content\/uploads\/2019\/12\/manifesto_povert\u00e0-a-casa-nostra_2019_ok-1.jpg\" data-dt-img-description=\"\" data-large_image_width=\"1655\" data-large_image_height=\"2340\"><img loading=\"lazy\" decoding=\"async\" class=\"size-medium wp-image-108943 alignleft\" src=\"https:\/\/www.radiopiu.net\/wordpress\/wp-content\/uploads\/2019\/12\/manifesto_povert\u00e0-a-casa-nostra_2019_ok-1-212x300.jpg\" alt=\"\" width=\"212\" height=\"300\" srcset=\"https:\/\/www.radiopiu.net\/wordpress\/wp-content\/uploads\/2019\/12\/manifesto_povert\u00e0-a-casa-nostra_2019_ok-1-212x300.jpg 212w, https:\/\/www.radiopiu.net\/wordpress\/wp-content\/uploads\/2019\/12\/manifesto_povert\u00e0-a-casa-nostra_2019_ok-1-724x1024.jpg 724w, https:\/\/www.radiopiu.net\/wordpress\/wp-content\/uploads\/2019\/12\/manifesto_povert\u00e0-a-casa-nostra_2019_ok-1-768x1086.jpg 768w, https:\/\/www.radiopiu.net\/wordpress\/wp-content\/uploads\/2019\/12\/manifesto_povert\u00e0-a-casa-nostra_2019_ok-1-1086x1536.jpg 1086w, https:\/\/www.radiopiu.net\/wordpress\/wp-content\/uploads\/2019\/12\/manifesto_povert\u00e0-a-casa-nostra_2019_ok-1-1448x2048.jpg 1448w, https:\/\/www.radiopiu.net\/wordpress\/wp-content\/uploads\/2019\/12\/manifesto_povert\u00e0-a-casa-nostra_2019_ok-1.jpg 1655w\" sizes=\"auto, (max-width: 212px) 100vw, 212px\" \/><\/a><strong>BELLUNO\u00a0<\/strong> Anche quest\u2019anno l\u2019Associazione Gruppi \u201cInsieme si pu\u00f2\u2026\u201d onlus e la Cassa Rurale e Artigiana di Cortina d\u2019Ampezzo e delle Dolomiti sono uniti per un aiuto concreto alle famiglie in difficolt\u00e0 socio-economica del territorio bellunese attraverso il progetto \u201cLa Povert\u00e0 a Casa Nostra\u201d. Purtroppo sono ancora molte le famiglie in situazione d\u2019indigenza, spesso con figli minori, nelle quali la perdita del lavoro o l\u2019impossibilit\u00e0 di avere un\u2019occupazione generano mancanza di cibo, affitti e bollette arretrati, spese mediche non pi\u00f9 sostenibili, impossibilit\u00e0 di mantenimento dei figli a scuola e altri disagi, spesso con importanti ripercussioni psicologiche per tutti i componenti. Nel 2019 le famiglie in difficolt\u00e0 di cui l\u2019associazione si \u00e8 presa e si sta prendendo cura sono molte, oltre un centinaio, con un investimento di diverse decine di migliaia di euro. Anche nel 2019 c\u2019\u00e8 la Cassa Rurale e Artigiana di Cortina d\u2019Ampezzo e delle Dolomiti, da sempre attenta e sensibile ai bisogni del territorio. Anche quest\u2019anno, in aggiunta ad una donazione di 10.000 euro gi\u00e0 destinata al progetto, la banca raddoppier\u00e0 la cifra versata per ogni contributo ricevuto (fino a un massimo di 10.000 euro): un modo efficace per rendere ancora pi\u00f9 concreto e incisivo il supporto all\u2019iniziativa, che sar\u00e0 attiva per tutto il mese di dicembre 2019. Chiunque pu\u00f2 partecipare a questo progetto, versando il proprio contributo sul conto corrente della Cassa Rurale con IBAN IT 23 A 08511 61240 0000 000 23078, intestato ad Associazione Gruppi \u201cInsieme si pu\u00f2\u2026\u201d Onlus Ong, con causale del versamento \u201cLa Povert\u00e0 a Casa Nostra\u201d.<\/p>\n<p>&nbsp;<\/p>\n<p>&nbsp;<\/p>\n<p>&nbsp;<\/p>\n<h3>DA UN&#8217;IDEA DI ALESSANDRA FONTANA: QUALI STRADE PER LA VIABILITA&#8217;?<\/h3>\n<p><strong><a class=\"dt-pswp-item\" href=\"https:\/\/www.radiopiu.net\/wordpress\/wp-content\/uploads\/2019\/12\/fa869523-703a-49d5-aa4d-2e161779aeec.jpg\" data-dt-img-description=\"\" data-large_image_width=\"708\" data-large_image_height=\"1024\"><img loading=\"lazy\" decoding=\"async\" class=\"wp-image-108948 alignleft\" src=\"https:\/\/www.radiopiu.net\/wordpress\/wp-content\/uploads\/2019\/12\/fa869523-703a-49d5-aa4d-2e161779aeec-207x300.jpg\" alt=\"\" width=\"131\" height=\"190\" srcset=\"https:\/\/www.radiopiu.net\/wordpress\/wp-content\/uploads\/2019\/12\/fa869523-703a-49d5-aa4d-2e161779aeec-207x300.jpg 207w, https:\/\/www.radiopiu.net\/wordpress\/wp-content\/uploads\/2019\/12\/fa869523-703a-49d5-aa4d-2e161779aeec.jpg 708w\" sizes=\"auto, (max-width: 131px) 100vw, 131px\" \/><\/a><\/strong><\/p>\n<p>&nbsp;<\/p>\n<p>&nbsp;<\/p>\n<p>&nbsp;<\/p>\n<p><strong>BELLUNO<\/strong><\/p>\n<p><strong>DI ROBERTO BONA<\/strong><\/p>\n<audio class=\"wp-audio-shortcode\" id=\"audio-108933-7\" preload=\"none\" style=\"width: 100%;\" controls=\"controls\"><source type=\"audio\/mpeg\" src=\"https:\/\/www.radiopiu.net\/wordpress\/wp-content\/uploads\/2019\/12\/ROBERTO-BONA.mp3?_=7\" \/><a href=\"https:\/\/www.radiopiu.net\/wordpress\/wp-content\/uploads\/2019\/12\/ROBERTO-BONA.mp3\">https:\/\/www.radiopiu.net\/wordpress\/wp-content\/uploads\/2019\/12\/ROBERTO-BONA.mp3<\/a><\/audio>\n<p>&nbsp;<\/p>\n<p>&nbsp;<\/p>\n<p>&nbsp;<\/p>\n<p>&nbsp;<\/p>\n<p>&nbsp;<\/p>\n<h3>DAI SOCIAL ALLA STALLA TRASFORMATA IN TEATRO CON I FUORI DI QUINTA<\/h3>\n<p><strong><a class=\"dt-pswp-item\" href=\"https:\/\/www.radiopiu.net\/wordpress\/wp-content\/uploads\/2019\/12\/stasera-la-compagnia-teatrale-fuori-di-quinta-andra-in-scena-11416.660x368.jpg\" data-dt-img-description=\"\" data-large_image_width=\"660\" data-large_image_height=\"368\"><img loading=\"lazy\" decoding=\"async\" class=\"size-medium wp-image-109005 alignleft\" src=\"https:\/\/www.radiopiu.net\/wordpress\/wp-content\/uploads\/2019\/12\/stasera-la-compagnia-teatrale-fuori-di-quinta-andra-in-scena-11416.660x368-300x167.jpg\" alt=\"\" width=\"300\" height=\"167\" srcset=\"https:\/\/www.radiopiu.net\/wordpress\/wp-content\/uploads\/2019\/12\/stasera-la-compagnia-teatrale-fuori-di-quinta-andra-in-scena-11416.660x368-300x167.jpg 300w, https:\/\/www.radiopiu.net\/wordpress\/wp-content\/uploads\/2019\/12\/stasera-la-compagnia-teatrale-fuori-di-quinta-andra-in-scena-11416.660x368.jpg 660w\" sizes=\"auto, (max-width: 300px) 100vw, 300px\" \/><\/a><\/strong><\/p>\n<p>&nbsp;<\/p>\n<p>&nbsp;<\/p>\n<p>&nbsp;<\/p>\n<p><strong>TRICHIANA<\/strong><\/p>\n<p><strong>di DAMIANO TORMEN<\/strong><\/p>\n<audio class=\"wp-audio-shortcode\" id=\"audio-108933-8\" preload=\"none\" style=\"width: 100%;\" controls=\"controls\"><source type=\"audio\/mpeg\" src=\"https:\/\/www.radiopiu.net\/wordpress\/wp-content\/uploads\/2019\/12\/DAMIANO.mp3?_=8\" \/><a href=\"https:\/\/www.radiopiu.net\/wordpress\/wp-content\/uploads\/2019\/12\/DAMIANO.mp3\">https:\/\/www.radiopiu.net\/wordpress\/wp-content\/uploads\/2019\/12\/DAMIANO.mp3<\/a><\/audio>\n<p>&nbsp;<\/p>\n<p>&nbsp;<\/p>\n<p>&nbsp;<\/p>\n<h3>LA MUSICA PER VEDERE, CONCERTO DI SOLIDARIETA&#8217; A FAVORE DEL CENTRO CANI GUIDA DI LIMBIATE, MILANO<\/h3>\n<p><strong>BELLUNO<\/strong> Martedi 10 Dicembre all\u2019interno dell\u2019evento musicale La Musica per vedere in programma al Teatro Comunale di Belluno, verr\u00e0 consegnato un cane guida a una persona non vedente. L\u2019inziativa \u00e8 organizzata dall\u2019Istituto Comprensivo Belluno 1 e dal Lions Club Feltre Castello di Alboino, in collaborazione con l\u2019Associazione Danza Oltre, l\u2019Istituto Comprensivo 3 e i licei bellunesi classico Tiziano e scientifico Galilei.<\/p>\n<p>&nbsp;<\/p>\n<p>&nbsp;<\/p>\n<p>&nbsp;<\/p>\n<h3>PRESENTAZIONE DELLA PUBBLICAZIONE &#8220;LO SPORT NEL VENETO, INDAGINE A 360 GRADI<\/h3>\n<blockquote><p><em>luned\u00ec 9 dicembre 2019, alle ore 18.00, presso la Sala Convegni della Sezione A.N.A. di Belluno, Via Tissi n.10.<\/em><\/p><\/blockquote>\n<p><strong>BELLUNO<\/strong>\u00a0 A tre anni di distanza dalla precedente pubblicazione, la Regione Veneto in collaborazione con il CONI, MIUR e ISTAT, ha elaborato una nuova rilevazione sullo sport Veneto nel contesto nazionale e regionale: \u201cLo sport nel Veneto &#8211; un\u2019indagine a 360\u00b0\u201d.<\/p>\n<p>&nbsp;<\/p>\n<p>&nbsp;<\/p>\n<h3>Selezione per commissario<\/h3>\n<p><strong>BELLUNO<\/strong> In Gazzetta Ufficiale il concorso pubblico per titolo ed esami per il conferimento di 120 posti di commissario della carriera dei funzionari della Polizia di Stato. Le domande entro 30 giorni dalla pubblicazione attraverso il sito della polizia di stato.<\/p>\n<h3>Selezione atleti per la Polizia di Stato<\/h3>\n<p><strong>BELLUNO<\/strong> In gazzetta ufficiale pubblicato il bando di concorso per l&#8217;assunzione di 31 atleti da assegnare ai gruppi sportivi &#8220;Polizia di Stato-Fiamme Oro&#8221; inquadrati nel ruolo degli agenti ed assistenti Polizia di Stato riservato ad atleti riconosciuti di interesse nazionale dal Coni. Trenta i giorni di tempo (dalla data di pubblicazione del bando) per inviare la domanda.<\/p>\n<h3>Selezione personale assistenziale<\/h3>\n<p><strong>AGORDO<\/strong> L&#8217;azienda Speciale Consortile Agordina\u00a0 ha indetto una nuova selezione pubblica finalizzata alla formulazione di una graduatoria cui attingere per l\u2019assunzione a tempo indeterminato determinato e parziale di OPERATORE SOCIO SANITARIO da inserire nella RSA di Agordo e nel Servizio Domiciliare del territorio Agordino. Le modalit\u00e0 di presentazione della domanda si trovano sul sito aziendale www.servizisocialiasca.it. Il termine perentorio previsto per la presentazione della candidatura \u00e8 fissato per il giorno 14 gennaio 2020 entro le ore 12.00.<\/p>\n<p>&nbsp;<\/p>\n<p>&nbsp;<\/p>\n<p><strong><span style=\"color: #ff0000;\"><time datetime=\"2019-12-06T10:28:46\">TG COM24 06 DICEMBRE 2019 10:28<\/time><\/span><\/strong><\/p>\n<h3>Mo\u00e8 il borgo che non paga le tasse: &#8220;Le nostre sono case fantasma&#8221;\u00a0 &#8220;Stasera Italia&#8221; in viaggio nella piccola frazione, in provincia di Belluno, dove le abitazioni non sono denunciate al catasto. <a href=\"https:\/\/www.tgcom24.mediaset.it\/cronaca\/stasera-italia-moil-borgo-che-non-paga-le-tasse-le-nostre-sono-case-fantasma_12025911-201902a.shtml\"><span style=\"color: #0000ff;\">CLICCA QUI<\/span><\/a><\/h3>\n<p>&nbsp;<\/p>\n<p>&nbsp;<\/p>\n<h3><a class=\"dt-pswp-item\" href=\"http:\/\/www.radiopiu.net\/wordpress\/wp-content\/uploads\/2018\/09\/appuntamenti.jpeg\" data-dt-img-description=\"\" data-large_image_width=\"800\" data-large_image_height=\"100\"><img loading=\"lazy\" decoding=\"async\" class=\"aligncenter wp-image-61958 size-full\" src=\"http:\/\/www.radiopiu.net\/wordpress\/wp-content\/uploads\/2018\/09\/appuntamenti.jpeg\" alt=\"\" width=\"800\" height=\"100\" srcset=\"https:\/\/www.radiopiu.net\/wordpress\/wp-content\/uploads\/2018\/09\/appuntamenti.jpeg 800w, https:\/\/www.radiopiu.net\/wordpress\/wp-content\/uploads\/2018\/09\/appuntamenti-300x38.jpeg 300w, https:\/\/www.radiopiu.net\/wordpress\/wp-content\/uploads\/2018\/09\/appuntamenti-768x96.jpeg 768w\" sizes=\"auto, (max-width: 800px) 100vw, 800px\" \/><\/a><\/h3>\n<h3><\/h3>\n<blockquote>\n<h3>LA MOSTRA FOTOGRAFICA DI LUCA CHIZZALI<\/h3>\n<p><strong>VALLADA<\/strong> La scuola dell&#8217;infanzia fino\u00a0 al 16 dicembre proporr\u00e0 &#8220;Stiamo partendo verso un mondo diritto&#8221;, alla scoperta dei diritti dell&#8217;infanzia. La mostra sar\u00e0 allestita nei locali della Biblioteca, aperta tutti i giorni dal lunedi al venerdi su prenotazione (340 1212646 oppure 3289739975). Nel fine settimana aperta, sabato 7 e 14 dicembre dalle 15 alle 17, domenica 8 e 15 dicembre dalle 10.30 alle 12.30.<\/p><\/blockquote>\n<p>&nbsp;<\/p>\n<p><strong>AGORDO<\/strong> Carla Taglietti e Valentina Turrini, in arte Le Strologhe,OGGI\u00a0 alle 15 porteranno ad Agordo uno spettacolo con racconti, canti e ricordi. Organizzato da Ad Agordo Proloco, lo spettacolo avr\u00e0 luogo all&#8217;auditorium Savio. Al termine Le Strologhe\u00a0 accompagneranno con la loro musica il corteo fino alla casetta di Babbo Natale per la merenda. Le due donne dal 2005 portano in giro per l&#8217;Italia narrazioni, spettacoli e laboratori.<\/p>\n<p>&nbsp;<\/p>\n<p>&nbsp;<\/p>\n<h3>DOMANI A GOSALDO, LA CASA DI BABBO NATALE<\/h3>\n<p><strong>GOSALDO<\/strong> Sar\u00e0 inaugurata domani alle 16 presso la chiesetta vecchia la Casa di Babbo Natale.\u00a0 I bambini potranno imbucare la letterina. Per tutti la possibilit\u00e0 di assaggiare le deliziose specialit\u00e0 della casa di Babbo Natale. Rester\u00e0 aperta nei fine settimana fino al 23 dicembre, tutti i giorni dalle 10 alle 12 e dalle 16 alle 19. Il 24 protagonisti saranno i bambini con i canti di Natale.<\/p>\n<p>&nbsp;<\/p>\n<p>&nbsp;<\/p>\n<h3>DOPO IL SUCCESSO DELLA PRIMA AL TEATRO COMUNALE DI BELLUNO &#8220;LA VOCE DEL BOSCO&#8221;\u00a0 A FALCADE CINEMA DOLOMITI GIOVEDI 12 DICEMBRE<\/h3>\n<blockquote><p><em>Primo spettacolo alle 20, Secondo spettacolo alle 21.30, il ricavato andr\u00e0 a favore del progetto sentieriestica nei Comuni di Canale d&#8217;Agordo Vallada e Falcade. &#8220;La voce del Bosco&#8221; \u00e8 un docu film di Dimitri Feltrin con Francesca Gallo. L&#8217;inziativa \u00e8 dell&#8217;Union Ladina Val\u00a0 Biois<\/em><\/p><\/blockquote>\n<p>&nbsp;<\/p>\n<p>&nbsp;<\/p>\n<blockquote>\n<h2><a class=\"dt-pswp-item\" href=\"http:\/\/www.radiopiu.net\/wordpress\/wp-content\/uploads\/2019\/08\/La-Val-che-Urla-Fiammetta-Mirko.jpg\" data-dt-img-description=\"\" data-large_image_width=\"1920\" data-large_image_height=\"1080\"><img loading=\"lazy\" decoding=\"async\" class=\" wp-image-95546 alignleft\" src=\"http:\/\/www.radiopiu.net\/wordpress\/wp-content\/uploads\/2019\/08\/La-Val-che-Urla-Fiammetta-Mirko-300x169.jpg\" alt=\"\" width=\"213\" height=\"120\" srcset=\"https:\/\/www.radiopiu.net\/wordpress\/wp-content\/uploads\/2019\/08\/La-Val-che-Urla-Fiammetta-Mirko-300x169.jpg 300w, https:\/\/www.radiopiu.net\/wordpress\/wp-content\/uploads\/2019\/08\/La-Val-che-Urla-Fiammetta-Mirko-768x432.jpg 768w, https:\/\/www.radiopiu.net\/wordpress\/wp-content\/uploads\/2019\/08\/La-Val-che-Urla-Fiammetta-Mirko-1024x576.jpg 1024w, https:\/\/www.radiopiu.net\/wordpress\/wp-content\/uploads\/2019\/08\/La-Val-che-Urla-Fiammetta-Mirko.jpg 1920w\" sizes=\"auto, (max-width: 213px) 100vw, 213px\" \/><\/a>13 DICEMBRE A FIERA DI PRIMIERO, 4 GENNAIO 2020 AD AGORDO IN SALA DON TAMIS. IL &#8220;NOSTRO&#8221; FILM. DI LUCIA ZANETTIN LA VAL CHE URLA.<\/h2>\n<\/blockquote>\n<p><span style=\"color: #ff0000;\"><strong>AUDIO TRAILER<\/strong><\/span><\/p>\n<audio class=\"wp-audio-shortcode\" id=\"audio-108933-9\" preload=\"none\" style=\"width: 100%;\" controls=\"controls\"><source type=\"audio\/mpeg\" src=\"http:\/\/www.radiopiu.net\/wordpress\/wp-content\/uploads\/2019\/12\/TRAILER.mp3?_=9\" \/><a href=\"http:\/\/www.radiopiu.net\/wordpress\/wp-content\/uploads\/2019\/12\/TRAILER.mp3\">http:\/\/www.radiopiu.net\/wordpress\/wp-content\/uploads\/2019\/12\/TRAILER.mp3<\/a><\/audio>\n<p>&nbsp;<\/p>\n<p>&nbsp;<\/p>\n<p>&nbsp;<\/p>\n<p>&nbsp;<\/p>\n<h3><a class=\"dt-pswp-item\" href=\"http:\/\/www.radiopiu.net\/wordpress\/wp-content\/uploads\/2019\/11\/76695063_2395894000740298_6989106160867475456_o.jpg\" data-dt-img-description=\"\" data-large_image_width=\"687\" data-large_image_height=\"960\"><img loading=\"lazy\" decoding=\"async\" class=\" wp-image-107894 alignleft\" src=\"http:\/\/www.radiopiu.net\/wordpress\/wp-content\/uploads\/2019\/11\/76695063_2395894000740298_6989106160867475456_o-215x300.jpg\" alt=\"\" width=\"153\" height=\"213\" srcset=\"https:\/\/www.radiopiu.net\/wordpress\/wp-content\/uploads\/2019\/11\/76695063_2395894000740298_6989106160867475456_o-215x300.jpg 215w, https:\/\/www.radiopiu.net\/wordpress\/wp-content\/uploads\/2019\/11\/76695063_2395894000740298_6989106160867475456_o.jpg 687w\" sizes=\"auto, (max-width: 153px) 100vw, 153px\" \/><\/a><\/h3>\n<h3><\/h3>\n<h3>KRAMPUS, IL RITORNO PER IL TERZO ANNO NEL RICORDO DI DON STEFANO PONTIL<\/h3>\n<p><strong>VOLTAGO<\/strong> Per il terzo anno ritornano i Krampus in piazza a Frassen\u00e8. Domenica 15 DICEMBRE alle 19 e per la prima volta sar\u00e0 disponibile anche l&#8217;abbigliamento dei Krampus. Presentazione dell&#8217;evento alla radio con Valther Da Campo del gruppo giovani del paese.<\/p>\n<p>&nbsp;<\/p>\n<audio class=\"wp-audio-shortcode\" id=\"audio-108933-10\" preload=\"none\" style=\"width: 100%;\" controls=\"controls\"><source type=\"audio\/mpeg\" src=\"http:\/\/www.radiopiu.net\/wordpress\/wp-content\/uploads\/2019\/12\/WALTHER-DA-CAMPO.mp3?_=10\" \/><a href=\"http:\/\/www.radiopiu.net\/wordpress\/wp-content\/uploads\/2019\/12\/WALTHER-DA-CAMPO.mp3\">http:\/\/www.radiopiu.net\/wordpress\/wp-content\/uploads\/2019\/12\/WALTHER-DA-CAMPO.mp3<\/a><\/audio>\n<p>&nbsp;<\/p>\n<p>&nbsp;<\/p>\n<blockquote><p>&nbsp;<\/p><\/blockquote>\n<p>&nbsp;<\/p>\n<h2>LOTTERIA DI SANTA BARBARA 2019 I BIGLIETTI VINCENTI<\/h2>\n<div class=\"su-document su-u-responsive-media-no\"><iframe loading=\"lazy\" src=\"\/\/docs.google.com\/viewer?embedded=true&url=https:\/\/www.radiopiu.net\/wordpress\/wp-content\/uploads\/2019\/12\/BIGLIETTI-VINCENTI-S.-BARBARA-2019.pdf\" width=\"600\" height=\"800\" class=\"su-document\" title=\"cc\"><\/iframe><\/div>\n<p>&nbsp;<\/p>\n<p>&nbsp;<\/p>\n<p>&nbsp;<\/p>\n<p>&nbsp;<\/p>\n<h2><span style=\"color: #ff0000;\"><a class=\"dt-pswp-item\" href=\"http:\/\/www.radiopiu.net\/wordpress\/wp-content\/uploads\/2019\/11\/image003.jpg\" data-dt-img-description=\"\" data-large_image_width=\"664\" data-large_image_height=\"332\"><img loading=\"lazy\" decoding=\"async\" class=\"size-medium wp-image-107663 alignleft\" src=\"http:\/\/www.radiopiu.net\/wordpress\/wp-content\/uploads\/2019\/11\/image003-300x150.jpg\" alt=\"\" width=\"300\" height=\"150\" srcset=\"https:\/\/www.radiopiu.net\/wordpress\/wp-content\/uploads\/2019\/11\/image003-300x150.jpg 300w, https:\/\/www.radiopiu.net\/wordpress\/wp-content\/uploads\/2019\/11\/image003.jpg 664w\" sizes=\"auto, (max-width: 300px) 100vw, 300px\" \/><\/a>L&#8217;EVENTO&#8230; UN LIBRO PER 40 ANNI<\/span><\/h2>\n<p><strong>ALLEGH<\/strong>E Sabato 21 dicembre alle 16 in sala Antonio Franceschini ad Alleghe sar\u00e0 presentato il nuovo libro &#8220;Sci Club Alleghe, 40 anni di sport&#8221;. Sar\u00e0 il giorno della festa per i 40 anni di attivit\u00e0 del sodalizio.<\/p>\n<p>&nbsp;<\/p>\n<p>&nbsp;<\/p>\n<p>&nbsp;<\/p>\n<h2><span style=\"color: #ff0000;\">IERI ALLA RADIO<\/span><\/h2>\n<p><strong>PAOLA LANCIATO<\/strong> con Zaino da viaggio al femminile ci ha portato alla scoperta della festa dell&#8217;Immacolata. Su questo sito nella rubrica ZAINO DA VIAGGIO AL FEMMINILE, questa e le altre puntate, 2 stagioni.<\/p>\n<audio class=\"wp-audio-shortcode\" id=\"audio-108933-11\" preload=\"none\" style=\"width: 100%;\" controls=\"controls\"><source type=\"audio\/mpeg\" src=\"https:\/\/www.radiopiu.net\/wordpress\/wp-content\/uploads\/2019\/12\/51-La-festa-dellImmacolata.mp3?_=11\" \/><a href=\"https:\/\/www.radiopiu.net\/wordpress\/wp-content\/uploads\/2019\/12\/51-La-festa-dellImmacolata.mp3\">https:\/\/www.radiopiu.net\/wordpress\/wp-content\/uploads\/2019\/12\/51-La-festa-dellImmacolata.mp3<\/a><\/audio>\n\n\t\t\t<style type='text\/css'>\n\t\t\t\t#gallery-1 {\n\t\t\t\t\tmargin: auto;\n\t\t\t\t}\n\t\t\t\t#gallery-1 .gallery-item {\n\t\t\t\t\tfloat: left;\n\t\t\t\t\tmargin-top: 10px;\n\t\t\t\t\ttext-align: center;\n\t\t\t\t\twidth: 33%;\n\t\t\t\t}\n\t\t\t\t#gallery-1 img {\n\t\t\t\t\tborder: 2px solid #cfcfcf;\n\t\t\t\t}\n\t\t\t\t#gallery-1 .gallery-caption {\n\t\t\t\t\tmargin-left: 0;\n\t\t\t\t}\n\t\t\t\t\/* see gallery_shortcode() in wp-includes\/media.php *\/\n\t\t\t<\/style>\n\t\t<div id='gallery-1' class='dt-gallery-container gallery galleryid-108933 gallery-columns-3 gallery-size-thumbnail'><dl class='gallery-item'>\n\t\t\t\t<dt class='gallery-icon landscape'>\n\t\t\t\t\t<a class=\"rollover\" href='https:\/\/www.radiopiu.net\/wordpress\/giornale-radiopiu-07-dicembre-2019-direttore-mirko-mezzacasa\/51-la-festa-dellimmacolata-1\/'><img loading=\"lazy\" decoding=\"async\" width=\"150\" height=\"150\" src=\"https:\/\/www.radiopiu.net\/wordpress\/wp-content\/uploads\/2019\/12\/51-La-festa-dellImmacolata-1-150x150.jpg\" class=\"attachment-thumbnail size-thumbnail\" alt=\"\" \/><\/a>\n\t\t\t\t<\/dt><\/dl><dl class='gallery-item'>\n\t\t\t\t<dt class='gallery-icon landscape'>\n\t\t\t\t\t<a class=\"rollover\" href='https:\/\/www.radiopiu.net\/wordpress\/giornale-radiopiu-07-dicembre-2019-direttore-mirko-mezzacasa\/51-la-festa-dellimmacolata-5\/'><img loading=\"lazy\" decoding=\"async\" width=\"150\" height=\"150\" src=\"https:\/\/www.radiopiu.net\/wordpress\/wp-content\/uploads\/2019\/12\/51-La-festa-dellImmacolata-5-150x150.jpg\" class=\"attachment-thumbnail size-thumbnail\" alt=\"\" \/><\/a>\n\t\t\t\t<\/dt><\/dl><dl class='gallery-item'>\n\t\t\t\t<dt class='gallery-icon landscape'>\n\t\t\t\t\t<a class=\"rollover\" href='https:\/\/www.radiopiu.net\/wordpress\/giornale-radiopiu-07-dicembre-2019-direttore-mirko-mezzacasa\/51-la-festa-dellimmacolata-4\/'><img loading=\"lazy\" decoding=\"async\" width=\"150\" height=\"150\" src=\"https:\/\/www.radiopiu.net\/wordpress\/wp-content\/uploads\/2019\/12\/51-La-festa-dellImmacolata-4-150x150.jpg\" class=\"attachment-thumbnail size-thumbnail\" alt=\"\" \/><\/a>\n\t\t\t\t<\/dt><\/dl><br style=\"clear: both\" \/><dl class='gallery-item'>\n\t\t\t\t<dt class='gallery-icon landscape'>\n\t\t\t\t\t<a class=\"rollover\" href='https:\/\/www.radiopiu.net\/wordpress\/giornale-radiopiu-07-dicembre-2019-direttore-mirko-mezzacasa\/51-la-festa-dellimmacolata-3\/'><img loading=\"lazy\" decoding=\"async\" width=\"150\" height=\"150\" src=\"https:\/\/www.radiopiu.net\/wordpress\/wp-content\/uploads\/2019\/12\/51-La-festa-dellImmacolata-3-150x150.jpg\" class=\"attachment-thumbnail size-thumbnail\" alt=\"\" \/><\/a>\n\t\t\t\t<\/dt><\/dl><dl class='gallery-item'>\n\t\t\t\t<dt class='gallery-icon landscape'>\n\t\t\t\t\t<a class=\"rollover\" href='https:\/\/www.radiopiu.net\/wordpress\/giornale-radiopiu-07-dicembre-2019-direttore-mirko-mezzacasa\/51-la-festa-dellimmacolata-2\/'><img loading=\"lazy\" decoding=\"async\" width=\"150\" height=\"150\" src=\"https:\/\/www.radiopiu.net\/wordpress\/wp-content\/uploads\/2019\/12\/51-La-festa-dellImmacolata-2-150x150.jpg\" class=\"attachment-thumbnail size-thumbnail\" alt=\"\" \/><\/a>\n\t\t\t\t<\/dt><\/dl>\n\t\t\t\t<br style='clear: both' \/>\n\t\t\t<\/div>\n\n<p>&nbsp;<\/p>\n<p>&nbsp;<\/p>\n<p>&nbsp;<\/p>\n<p>&nbsp;<\/p>\n<p><a class=\"dt-pswp-item\" href=\"http:\/\/www.radiopiu.net\/wordpress\/wp-content\/uploads\/2018\/09\/sport.jpg\" data-dt-img-description=\"\" data-large_image_width=\"800\" data-large_image_height=\"100\"><img loading=\"lazy\" decoding=\"async\" class=\"wp-image-60761 size-full aligncenter\" src=\"http:\/\/www.radiopiu.net\/wordpress\/wp-content\/uploads\/2018\/09\/sport.jpg\" alt=\"\" width=\"800\" height=\"100\" srcset=\"https:\/\/www.radiopiu.net\/wordpress\/wp-content\/uploads\/2018\/09\/sport.jpg 800w, https:\/\/www.radiopiu.net\/wordpress\/wp-content\/uploads\/2018\/09\/sport-300x38.jpg 300w, https:\/\/www.radiopiu.net\/wordpress\/wp-content\/uploads\/2018\/09\/sport-768x96.jpg 768w\" sizes=\"auto, (max-width: 800px) 100vw, 800px\" \/><\/a><\/p>\n<h3><\/h3>\n<blockquote><p>&nbsp;<\/p>\n<h3>DOMANI VOLLEY E CALCIO, OGGI HOCKEY<\/h3>\n<\/blockquote>\n<p style=\"text-align: left;\"><strong>DOMANI ALLE 14:30 SU RADIO PIU&#8217; \u201cDOMENICA PIU&#8217; SPORT\u201d PER SEGUIRE IN DIRETTA LE PARTITE DI AGORDINA E FIORI BARP MAS<\/strong><\/p>\n<blockquote><p><strong>VOLLEY<\/strong><\/p><\/blockquote>\n<p>Si giocher\u00e0 domani alla palestra di Carbonera la finalissima della Coppa di terza Divisione di volley dove sar\u00e0 impegnato il Volley Club Agordino. \u00c8 in programma alle ore 16 la sfida che decreter\u00e0 la vincitrice del titolo e le agordine si troveranno di fronte le trevigiane della Pro Olympo. La compagine di Agordo ha programmato un ritrovo al parcheggio di Tamonich per le 13:45 per tutti coloro che vorranno scendere a tifare le ragazze di De Nardin. Oggi alle 18 in campo anche le under 16 che al Palarova di Agordo affronteranno le bellunesi della Fabbrica di Pedavena.<\/p>\n<blockquote><p><strong>HOCKEY<\/strong><\/p><\/blockquote>\n<p>Stasera \u00e8 in programma la diciottesima giornata della IHL e l&#8217;Alleghe Hockey sar\u00e0 al De Toni di Alleghe per affrontare il Varese. Una partita sulla carta molto difficile in cui le civette dovranno dare tutto per mettere il bastone tra le ruote ai mastini. Ingaggio alle 20:30 e diretta su Radio pi\u00f9 all&#8217;intreno di \u201cHockey Al Punto Giusto\u201d. Settore giovanile dell&#8217;Alleghe impegnato con il Fassa\/Alleghe under 17 che oggi alle 18 giocher\u00e0 in trasferta contro il Valli Del Noce. Fine settimana di riposo per under 19, 15 e 13.<\/p>\n<blockquote><p><strong>CALCIO<\/strong><\/p><\/blockquote>\n<p>Si fermano i campionati CSI e riprenderanno nel mese di febbraio con i recuperi delle partite rinviate nelle ultime settimane. Per quanto riguarda le giovanili dell&#8217;Agordina, \u00e8 terminata la prima fase della Juniores che torner\u00e0 in campo a marzo. Turno di riposo per gli Allievi che torneranno a calcare i campi di gioco in primavera. In campo solo i Giovanissimi che oggi all&#8217;Ivano Dorigo di Agordo ospiteranno la Dynamo alle ore 15.<\/p>\n<p>Allievi del San Giorgio Sedico impegnati a livello regionale e provinciale. Per il torneo della provincia di Belluno, domani alle 10 i sedicensi saranno in trasferta contro la Juventina. Per il campionato regionale sempre domani, ma alle 10:30, l&#8217;Union sar\u00e0 in trasferta per giocare contro il Cimapiave.<\/p>\n<p>Domani si gioca in Terza e Prima Categoria. Impegno casalingo per l&#8217;Agordina di Marco Lorenzi che alle 14:30 ospiter\u00e0 il Tambre. Trasferta per il Fiori Barp Mas che sar\u00e0 impegnato contro il Refrontolo.<\/p>\n<h3><\/h3>\n<h3><\/h3>\n<h3><\/h3>\n<p>&nbsp;<\/p>\n<blockquote>\n<h3><span style=\"color: #ff0000;\">SWIMTEEN: IN 50 PER LA PRIMA GARA STAGIONALE DEL CIRCUITO<\/span><\/h3>\n<\/blockquote>\n<p><strong>BELLUNO<\/strong>\u00a0 Ottima trasferta per la Sportivamente Belluno: a Montebelluna, nella prima gara di nuoto del circuito Swimteen 2019-2020, si sono confrontati quasi 300 atleti legati a 10 societ\u00e0, provenienti dalle province di Treviso e Belluno. Accompagnato da Marco Sommacal, Luciano Tulimiero e Matteo Sogne, il gruppo \u00e8 sceso in acqua con 50 atleti: dagli 11 anni di Eleonora Meneghel e Maddalena Mazzoli, tra le pi\u00f9 giovani della manifestazione, ai 19 anni dell\u2019ormai veterano Marco Dal Mas. Il quale, con la sua esperienza, ha aiutato i compagni con meno esperienza ad affrontare al meglio le loro prime gare. Ricco anche il bottino di medaglie: ben 20. A cominciare dal triplo oro di Marco Dal Mas (50 e 100 stile libro e nei 50 ostacoli), per proseguire con Leila Bridda, tris di medaglie d\u2019argento nei 50 e 100 stile libero e 50 ostacoli. Argento pure per Federico Arseni nei 50 stile e 50 ostacoli, e bronzo nei 100 dorso; argento anche a Sara Battiston nei 50 stile e bronzo nei 100 stile: Alice Manera, invece, \u00e8 due volte argento nei 50 ostacoli e 100 dorso, mentre la giovanissima Linda Simon, con una tecnica eccelsa, \u00e8 seconda nei 100 dorso e terza nei 50 stile. Doppio bronzo per Davide Savi nei 50 rana e 100 stile, e bronzo nei 50 stile per il neo arrivato Mattia Moretti.\u00a0 Per concludere, al cardiopalma la staffetta 4&#215;50 stile libero femminile con Leila Bridda, Nicole Luisetto, Caterina Pauletti e Alice D\u2019Inc\u00e0. Le quali, fino all\u2019ultimo hanno resistito agli assalti delle altre squadre, centrando uno splendido secondo posto.\u00a0 Anche i ragazzi, nella stessa staffetta, sono riusciti a portare a casa un pregiato terzo posto, grazie a Giovanni Bona, Davide Savi, Leonardo De Luca e Mattia Moretti. Il prossimo appuntamento con il circuito Swimteen sar\u00e0 in casa, nella splendida cornice della piscina di Belluno, il 18 gennaio 2020, alle ore 18.<\/p>\n<p>&nbsp;<\/p>\n<p>&nbsp;<\/p>\n<h3><a class=\"dt-pswp-item\" href=\"http:\/\/www.radiopiu.net\/wordpress\/wp-content\/uploads\/2018\/09\/WhatsApp-Image-2018-09-20-at-16.04.06.jpeg\" data-dt-img-description=\"\" data-large_image_width=\"800\" data-large_image_height=\"100\"><img loading=\"lazy\" decoding=\"async\" class=\"wp-image-61378 size-full aligncenter\" src=\"http:\/\/www.radiopiu.net\/wordpress\/wp-content\/uploads\/2018\/09\/WhatsApp-Image-2018-09-20-at-16.04.06.jpeg\" alt=\"\" width=\"800\" height=\"100\" srcset=\"https:\/\/www.radiopiu.net\/wordpress\/wp-content\/uploads\/2018\/09\/WhatsApp-Image-2018-09-20-at-16.04.06.jpeg 800w, https:\/\/www.radiopiu.net\/wordpress\/wp-content\/uploads\/2018\/09\/WhatsApp-Image-2018-09-20-at-16.04.06-300x38.jpeg 300w, https:\/\/www.radiopiu.net\/wordpress\/wp-content\/uploads\/2018\/09\/WhatsApp-Image-2018-09-20-at-16.04.06-768x96.jpeg 768w\" sizes=\"auto, (max-width: 800px) 100vw, 800px\" \/><\/a><\/h3>\n<p><center><b>Sabato 7<\/b><\/center><b>Tempo atteso: <\/b>Al primo mattino nubi alte in rapido allontanamento verso est. In giornata tempo ben soleggiato con cielo sereno fino al primo pomeriggio, poi il soleggiamento sar\u00e0 parziale per transito di nubi alte e medio-alte stratiformi, pi\u00f9 fitte a fine giornata. Clima notturno meno freddo a bassa quota e pi\u00f9 fresco in quota. Nelle valli, il minore raffreddamento notturno e il soleggiamento diurno mitigheranno le massime.<br \/>\n<b>Precipitazioni: <\/b>Assenti (0%)<br \/>\n<b>Temperature: <\/b>Minime in calo in quota, dove saranno osservate al pomeriggio, e in rialzo nelle valli; massime in lieve diminuzione in quota e in leggera ripresa nelle valli, circa 1\/2\u00b0C in pi\u00f9 rispetto a venerd\u00ec. Sulle Prealpi a 1500 m min 1\u00b0C max 3\u00b0C, a 2000 m min -2\u00b0C max 1\u00b0C, sulle Dolomiti a 2000 m min -2\u00b0C max 1\u00b0C, a 3000 m min -6\u00b0C max -4\u00b0C.<br \/>\n<b>Venti: <\/b>Nelle valli deboli di direzione variabile, a tratti e localmente moderati per brezze di monte nei posti solitamente pi\u00f9 ventilati; in quota perlopi\u00f9 moderati da ovest nord-ovest, a tratti tesi sule cime dolomitiche pi\u00f9 alte, a 5-15 km\/h a 2000 m, a 20-30 km\/h a 3000 m.<\/p>\n<hr \/>\n<p><center><b>Domenica 8<\/b><\/center><b>Tempo atteso: <\/b>Al mattino sole e velature del cielo per nubi alte, via via pi\u00f9 estese. Al pomeriggio ingresso di nubi stratiformi medie e medio-alte, responsabili di una maggiore copertura nuvolosa. Clima particolare mite in quota per temporanea e repentina avvezione calda, mentre il cuscinetto d&#8217;aria fredda nelle valli tender\u00e0 a persistere.<br \/>\n<b>Precipitazioni: <\/b>Assenti (0%).<br \/>\n<b>Temperature: <\/b>Minime e massime in calo nelle valli, con nuova inversione termica; in generale aumento in quota per avvezione d&#8217;aria molto mite, con quasi isotermia verticale tra 1500 e 3000 m. Sulle Prealpi a 1500 m min 0\u00b0C max 3\u00b0C, a 2000 m min -1\u00b0C max 3\u00b0C, sulle Dolomiti a 2000 m min -1\u00b0C max 3\u00b0C, a 3000 m min -2\u00b0C max 1\u00b0C.<br \/>\n<b>Venti: <\/b>Nelle valli deboli di direzione variabile, a tratti e localmente moderati nei posti solitamente pi\u00f9 ventilati; in quota perlopi\u00f9 moderati dai quadranti occidentali, a tratti tesi sule cime dolomitiche pi\u00f9 alte, a 10-15 km\/h a 2000 m, a 20-35 km\/h a 3000 m.<\/p>\n<hr \/>\n<p><center><b>Lunedi 9<\/b><\/center>Al mattino cielo assai nuvoloso, a tratti coperto sulle Dolomiti, dove potranno verificarsi sporadiche burrasche di neve sulle cime settentrionali e in qualche alta valle. Al pomeriggio diradamento della nuvolosit\u00e0 e rasserenamenti ampi a partire da ovest, in estensione a tutta la montagna veneta. Temperature in generale calo in quota, con minime osservate alla sera; nelle valli probabile rialzo delle massime per episodi di Foehn. Venti in quota moderati da ovest al mattino e da nord-ovest rinforzandosi al pomeriggio; deboli di direzione variabile nelle valli, anche moderati per raffiche di Foehn al pomeriggio\/sera.<\/p>\n<hr \/>\n<p><center><b>Martedi 10<\/b><\/center>In prevalenza soleggiato con netto calo termico in alta quota, mentre il Foehn determiner\u00e0 numerosi aumenti nelle valli, specie al mattino. Giornata di gelo in alta montagna con effetto wind chill per forti o molto forti venti da nord. Previsore: R.L.Th.<\/p>\n<p>&nbsp;<\/p>\n","protected":false},"excerpt":{"rendered":"<p>&nbsp; &nbsp; OGGI RIAPRE LA PROVINCIALE 20 DELLA VAL FIORENTINA TRA CAPRILE DI ALLEGHE E SELVA DI CADORE\u00a0 &nbsp; &nbsp; REGIONALE 563 SALESEI LOCALITA&#8217; PIAN, DAL 9 AL 20 DICEMBRE INTERDIZIONE TOTALE AL TRAFFICO DALLE 8 ALLE 17 PER TAGLIO ALBERI (esclusi giorni festivi e prefestivi) &nbsp; a SAN TOMASO AGORDINO nelle LOCALITA&#8217; PECOL E&hellip;<\/p>\n","protected":false},"author":1,"featured_media":108990,"comment_status":"closed","ping_status":"closed","sticky":false,"template":"","format":"standard","meta":{"_monsterinsights_skip_tracking":false,"_monsterinsights_sitenote_active":false,"_monsterinsights_sitenote_note":"","_monsterinsights_sitenote_category":0,"footnotes":""},"categories":[86],"tags":[],"class_list":["post-108933","post","type-post","status-publish","format-standard","has-post-thumbnail","hentry","category-gr","category-86","description-off"],"img_url":"https:\/\/www.radiopiu.net\/wordpress\/wp-content\/uploads\/2019\/12\/WhatsApp-Image-2019-12-06-at-18.45.31.jpeg","_links":{"self":[{"href":"https:\/\/www.radiopiu.net\/wordpress\/wp-json\/wp\/v2\/posts\/108933","targetHints":{"allow":["GET"]}}],"collection":[{"href":"https:\/\/www.radiopiu.net\/wordpress\/wp-json\/wp\/v2\/posts"}],"about":[{"href":"https:\/\/www.radiopiu.net\/wordpress\/wp-json\/wp\/v2\/types\/post"}],"author":[{"embeddable":true,"href":"https:\/\/www.radiopiu.net\/wordpress\/wp-json\/wp\/v2\/users\/1"}],"replies":[{"embeddable":true,"href":"https:\/\/www.radiopiu.net\/wordpress\/wp-json\/wp\/v2\/comments?post=108933"}],"version-history":[{"count":0,"href":"https:\/\/www.radiopiu.net\/wordpress\/wp-json\/wp\/v2\/posts\/108933\/revisions"}],"wp:featuredmedia":[{"embeddable":true,"href":"https:\/\/www.radiopiu.net\/wordpress\/wp-json\/wp\/v2\/media\/108990"}],"wp:attachment":[{"href":"https:\/\/www.radiopiu.net\/wordpress\/wp-json\/wp\/v2\/media?parent=108933"}],"wp:term":[{"taxonomy":"category","embeddable":true,"href":"https:\/\/www.radiopiu.net\/wordpress\/wp-json\/wp\/v2\/categories?post=108933"},{"taxonomy":"post_tag","embeddable":true,"href":"https:\/\/www.radiopiu.net\/wordpress\/wp-json\/wp\/v2\/tags?post=108933"}],"curies":[{"name":"wp","href":"https:\/\/api.w.org\/{rel}","templated":true}]}}