{"id":108936,"date":"2019-12-06T13:33:33","date_gmt":"2019-12-06T12:33:33","guid":{"rendered":"https:\/\/www.radiopiu.net\/wordpress\/?p=108936"},"modified":"2019-12-06T13:37:30","modified_gmt":"2019-12-06T12:37:30","slug":"precipita-nella-tromba-dellascensore-in-disuso","status":"publish","type":"post","link":"https:\/\/www.radiopiu.net\/wordpress\/precipita-nella-tromba-dellascensore-in-disuso\/","title":{"rendered":"PRECIPITA NELLA TROMBA DELL&#8217;ASCENSORE IN DISUSO"},"content":{"rendered":"<p><strong>ALPAGO<\/strong> Incidente sul lavoro alla Fedon in zona Industriali Paludi. Il dirigente d&#8217;azienda F.R. 53 anni di Nebbi\u00f9, per cause da accertare, \u00e8 precipitato dentro la tromba dell&#8217;ascensore in disuso. Un saltro di tre metri. L&#8217;umo subito soccorso \u00e8 stato trasportato all&#8217;ospedale di Belluno, prognosi di 30 giorni. Sul posto per i rilievi i Carabinieri della stazione dell&#8217;Alpago e i funzionari dello Spisal.<\/p>\n<p>&nbsp;<\/p>\n","protected":false},"excerpt":{"rendered":"<p>ALPAGO Incidente sul lavoro alla Fedon in zona Industriali Paludi. Il dirigente d&#8217;azienda F.R. 53 anni di Nebbi\u00f9, per cause da accertare, \u00e8 precipitato dentro la tromba dell&#8217;ascensore in disuso. Un saltro di tre metri. L&#8217;umo subito soccorso \u00e8 stato trasportato all&#8217;ospedale di Belluno, prognosi di 30 giorni. Sul posto per i rilievi i Carabinieri&hellip;<\/p>\n","protected":false},"author":1,"featured_media":0,"comment_status":"closed","ping_status":"closed","sticky":false,"template":"","format":"standard","meta":{"_monsterinsights_skip_tracking":false,"_monsterinsights_sitenote_active":false,"_monsterinsights_sitenote_note":"","_monsterinsights_sitenote_category":0,"footnotes":""},"categories":[51,49],"tags":[],"class_list":["post-108936","post","type-post","status-publish","format-standard","hentry","category-evidenza-top","category-news-18","category-51","category-49","description-off"],"img_url":false,"_links":{"self":[{"href":"https:\/\/www.radiopiu.net\/wordpress\/wp-json\/wp\/v2\/posts\/108936","targetHints":{"allow":["GET"]}}],"collection":[{"href":"https:\/\/www.radiopiu.net\/wordpress\/wp-json\/wp\/v2\/posts"}],"about":[{"href":"https:\/\/www.radiopiu.net\/wordpress\/wp-json\/wp\/v2\/types\/post"}],"author":[{"embeddable":true,"href":"https:\/\/www.radiopiu.net\/wordpress\/wp-json\/wp\/v2\/users\/1"}],"replies":[{"embeddable":true,"href":"https:\/\/www.radiopiu.net\/wordpress\/wp-json\/wp\/v2\/comments?post=108936"}],"version-history":[{"count":0,"href":"https:\/\/www.radiopiu.net\/wordpress\/wp-json\/wp\/v2\/posts\/108936\/revisions"}],"wp:attachment":[{"href":"https:\/\/www.radiopiu.net\/wordpress\/wp-json\/wp\/v2\/media?parent=108936"}],"wp:term":[{"taxonomy":"category","embeddable":true,"href":"https:\/\/www.radiopiu.net\/wordpress\/wp-json\/wp\/v2\/categories?post=108936"},{"taxonomy":"post_tag","embeddable":true,"href":"https:\/\/www.radiopiu.net\/wordpress\/wp-json\/wp\/v2\/tags?post=108936"}],"curies":[{"name":"wp","href":"https:\/\/api.w.org\/{rel}","templated":true}]}}