{"id":108965,"date":"2019-12-06T16:16:54","date_gmt":"2019-12-06T15:16:54","guid":{"rendered":"https:\/\/www.radiopiu.net\/wordpress\/?p=108965"},"modified":"2019-12-06T16:16:54","modified_gmt":"2019-12-06T15:16:54","slug":"sabato-7-dicembre-comprensorio-del-civetta-interamente-aperto","status":"publish","type":"post","link":"https:\/\/www.radiopiu.net\/wordpress\/sabato-7-dicembre-comprensorio-del-civetta-interamente-aperto\/","title":{"rendered":"SABATO 7 DICEMBRE: COMPRENSORIO DEL CIVETTA INTERAMENTE APERTO"},"content":{"rendered":"<p align=\"JUSTIFY\"><span style=\"font-family: Lucida Sans Unicode, sans-serif;\"><span style=\"font-size: small;\"><a class=\"dt-pswp-item\" href=\"https:\/\/www.radiopiu.net\/wordpress\/wp-content\/uploads\/2019\/12\/SKICIVETTA2-1.jpg\" data-dt-img-description=\"\" data-large_image_width=\"1723\" data-large_image_height=\"983\"><img loading=\"lazy\" decoding=\"async\" class=\" wp-image-108968 alignleft\" src=\"https:\/\/www.radiopiu.net\/wordpress\/wp-content\/uploads\/2019\/12\/SKICIVETTA2-1-300x171.jpg\" alt=\"\" width=\"198\" height=\"113\" srcset=\"https:\/\/www.radiopiu.net\/wordpress\/wp-content\/uploads\/2019\/12\/SKICIVETTA2-1-300x171.jpg 300w, https:\/\/www.radiopiu.net\/wordpress\/wp-content\/uploads\/2019\/12\/SKICIVETTA2-1-1024x584.jpg 1024w, https:\/\/www.radiopiu.net\/wordpress\/wp-content\/uploads\/2019\/12\/SKICIVETTA2-1-768x438.jpg 768w, https:\/\/www.radiopiu.net\/wordpress\/wp-content\/uploads\/2019\/12\/SKICIVETTA2-1-1536x876.jpg 1536w, https:\/\/www.radiopiu.net\/wordpress\/wp-content\/uploads\/2019\/12\/SKICIVETTA2-1.jpg 1723w\" sizes=\"auto, (max-width: 198px) 100vw, 198px\" \/><\/a><strong>ALLEGHE<\/strong> Grazie alle copiose nevicate di novembre e le temperature rigide degli ultimi giorni, che hanno anche permesso di far funzionare giorno e notte i sistemi di innevamento programmato, a partire <\/span><\/span><strong><span style=\"font-family: Lucida Sans Unicode, sans-serif;\"><span style=\"font-size: small;\">da questo weekend sar\u00e0 possibile sciare su tutto il comprensorio Ski Civetta, Alleghe, Selva di Cadore, Palafavera e Val di Zoldo<\/span><\/span><\/strong><span style=\"font-family: Lucida Sans Unicode, sans-serif;\"><span style=\"font-size: small;\"><b>. <\/b><\/span><\/span><span style=\"font-family: Lucida Sans Unicode, sans-serif;\"><span style=\"font-size: small;\">La <\/span><\/span><strong><span style=\"font-family: Lucida Sans Unicode, sans-serif;\"><span style=\"font-size: small;\">stagione invernale<\/span><\/span><\/strong><span style=\"font-family: Lucida Sans Unicode, sans-serif;\"><span style=\"font-size: small;\">, ricca di eventi, <\/span><\/span><strong><span style=\"font-family: Lucida Sans Unicode, sans-serif;\"><span style=\"font-size: small;\">era gi\u00e0 stata inaugurata con grande successo sabato 30 novembre<\/span><\/span><\/strong><b> <\/b><span style=\"font-family: Lucida Sans Unicode, sans-serif;\"><span style=\"font-size: small;\">con l\u2019apertura di gran parte degli impianti e piste. <\/span><\/span><span style=\"font-family: Lucida Sans Unicode, sans-serif;\"><span style=\"font-size: small;\">Da sabato 7 dicembre apriranno anche tutti i collegamenti e 20 impianti su 22. Ecco il dettaglio delle piste, perfettamente innevate: ad Alleghe Coldai, Azzurra, Pian dei Sec, Roa Bianca, Baby, Baby Cabinovia, Baldi, Pelmo, Lavadoi, Civetta, Fernazza, Belamont 1 e Campo Scuola Mariaz; a Selav Di Cadore Bait, Salere, Fertazza, Le Ciaune, Cima Fertazza sx, Col Fioret, Forcella Pecol, Forcella Pecol 2 e Fonatanafredda; a Palafavera Duell, 2000 e Cornia; in Val di Zoldo Lendina, Cristelin 1 e 2, Campo Scuola Campetto, Valgranda, Laghetto, Grava 1 e 2, Casot e Raccordo Casot. <\/span><\/span><\/p>\n<blockquote>\n<p align=\"JUSTIFY\"><em>\u201c<span style=\"font-family: Lucida Sans Unicode, sans-serif;\"><span style=\"font-size: small;\">Le<\/span><\/span><\/em><b> <\/b><strong><span style=\"font-family: Lucida Sans Unicode, sans-serif;\"><span style=\"font-size: small;\"><i>aperture parziali di fine novembre<\/i><\/span><\/span><\/strong><em><span style=\"font-family: Lucida Sans Unicode, sans-serif;\"><span style=\"font-size: small;\"><b>,<\/b><\/span><\/span><\/em><em><span style=\"font-family: Lucida Sans Unicode, sans-serif;\"><span style=\"font-size: small;\"> ed ancora di pi\u00f9 l\u2019apertura totale dei collegamenti di questo fine settimana, che coincide con la festa dell\u2019Immacolata, sono molto importanti per far capire al popolo della neve che \u00e8 tempo di rimettersi gli sci ai piedi e che la nostra ski area, la pi\u00f9 grande del Veneto, \u00e8 pronta ad accogliere gli amanti dello sci di ogni livello<\/span><\/span><\/em><em><span style=\"font-family: Lucida Sans Unicode, sans-serif;\"><span style=\"font-size: small;\"><b>\u201d <\/b><\/span><\/span><\/em><span style=\"font-family: Lucida Sans Unicode, sans-serif;\"><span style=\"font-size: small;\"><i>afferma <\/i><\/span><\/span><strong><span style=\"font-family: Lucida Sans Unicode, sans-serif;\"><span style=\"font-size: small;\"><i>Cesare Sorar\u00f9, Presidente del Consorzio Impianti<\/i><\/span><\/span><\/strong><\/p>\n<\/blockquote>\n","protected":false},"excerpt":{"rendered":"<p>ALLEGHE Grazie alle copiose nevicate di novembre e le temperature rigide degli ultimi giorni, che hanno anche permesso di far funzionare giorno e notte i sistemi di innevamento programmato, a partire da questo weekend sar\u00e0 possibile sciare su tutto il comprensorio Ski Civetta, Alleghe, Selva di Cadore, Palafavera e Val di Zoldo. La stagione invernale,&hellip;<\/p>\n","protected":false},"author":1,"featured_media":108967,"comment_status":"closed","ping_status":"closed","sticky":false,"template":"","format":"standard","meta":{"_monsterinsights_skip_tracking":false,"_monsterinsights_sitenote_active":false,"_monsterinsights_sitenote_note":"","_monsterinsights_sitenote_category":0,"footnotes":""},"categories":[104],"tags":[],"class_list":["post-108965","post","type-post","status-publish","format-standard","has-post-thumbnail","hentry","category-evidenza_3","category-104","description-off"],"img_url":"https:\/\/www.radiopiu.net\/wordpress\/wp-content\/uploads\/2019\/12\/SKICIVETTA-1.jpg","_links":{"self":[{"href":"https:\/\/www.radiopiu.net\/wordpress\/wp-json\/wp\/v2\/posts\/108965","targetHints":{"allow":["GET"]}}],"collection":[{"href":"https:\/\/www.radiopiu.net\/wordpress\/wp-json\/wp\/v2\/posts"}],"about":[{"href":"https:\/\/www.radiopiu.net\/wordpress\/wp-json\/wp\/v2\/types\/post"}],"author":[{"embeddable":true,"href":"https:\/\/www.radiopiu.net\/wordpress\/wp-json\/wp\/v2\/users\/1"}],"replies":[{"embeddable":true,"href":"https:\/\/www.radiopiu.net\/wordpress\/wp-json\/wp\/v2\/comments?post=108965"}],"version-history":[{"count":0,"href":"https:\/\/www.radiopiu.net\/wordpress\/wp-json\/wp\/v2\/posts\/108965\/revisions"}],"wp:featuredmedia":[{"embeddable":true,"href":"https:\/\/www.radiopiu.net\/wordpress\/wp-json\/wp\/v2\/media\/108967"}],"wp:attachment":[{"href":"https:\/\/www.radiopiu.net\/wordpress\/wp-json\/wp\/v2\/media?parent=108965"}],"wp:term":[{"taxonomy":"category","embeddable":true,"href":"https:\/\/www.radiopiu.net\/wordpress\/wp-json\/wp\/v2\/categories?post=108965"},{"taxonomy":"post_tag","embeddable":true,"href":"https:\/\/www.radiopiu.net\/wordpress\/wp-json\/wp\/v2\/tags?post=108965"}],"curies":[{"name":"wp","href":"https:\/\/api.w.org\/{rel}","templated":true}]}}