{"id":109056,"date":"2019-12-08T12:12:45","date_gmt":"2019-12-08T11:12:45","guid":{"rendered":"https:\/\/www.radiopiu.net\/wordpress\/?p=109056"},"modified":"2019-12-08T17:09:03","modified_gmt":"2019-12-08T16:09:03","slug":"le-ultime-notizie-dallalleghe-hockey","status":"publish","type":"post","link":"https:\/\/www.radiopiu.net\/wordpress\/le-ultime-notizie-dallalleghe-hockey\/","title":{"rendered":"LE ULTIME NOTIZIE DALL&#8217;ALLEGHE HOCKEY"},"content":{"rendered":"<p><a class=\"dt-pswp-item\" href=\"https:\/\/www.radiopiu.net\/wordpress\/wp-content\/uploads\/2019\/10\/ARRIVO-NUOVO-CANADESE-ALLEGHE.jpeg\" data-dt-img-description=\"\" data-large_image_width=\"1599\" data-large_image_height=\"899\"><img loading=\"lazy\" decoding=\"async\" class=\"size-medium wp-image-103110 alignright\" src=\"https:\/\/www.radiopiu.net\/wordpress\/wp-content\/uploads\/2019\/10\/ARRIVO-NUOVO-CANADESE-ALLEGHE-300x169.jpeg\" alt=\"\" width=\"300\" height=\"169\" srcset=\"https:\/\/www.radiopiu.net\/wordpress\/wp-content\/uploads\/2019\/10\/ARRIVO-NUOVO-CANADESE-ALLEGHE-300x169.jpeg 300w, https:\/\/www.radiopiu.net\/wordpress\/wp-content\/uploads\/2019\/10\/ARRIVO-NUOVO-CANADESE-ALLEGHE-768x432.jpeg 768w, https:\/\/www.radiopiu.net\/wordpress\/wp-content\/uploads\/2019\/10\/ARRIVO-NUOVO-CANADESE-ALLEGHE-1024x576.jpeg 1024w, https:\/\/www.radiopiu.net\/wordpress\/wp-content\/uploads\/2019\/10\/ARRIVO-NUOVO-CANADESE-ALLEGHE.jpeg 1599w\" sizes=\"auto, (max-width: 300px) 100vw, 300px\" \/><\/a>Nelle ultime ore la notizia che Luke Burghardt, il canadese dell&#8217;Alleghe Hockey, non fa pi\u00f9 parte della societ\u00e0 del presidente Renato Rossi. Il giocatore ha stentato ad ambientarsi e di comune accordo con la societ\u00e0 si \u00e8 deciso di farlo ritornare a casa.<\/p>\n<p>&nbsp;<\/p>\n<p>&nbsp;<\/p>\n<p>&nbsp;<\/p>\n<p>&nbsp;<\/p>\n<p><strong>ADRIANO LEVIS, AMMINISTRATORE DELEGATO DELL&#8217;ALLEGHE HOCKEY<\/strong><\/p>\n<audio class=\"wp-audio-shortcode\" id=\"audio-109056-1\" preload=\"none\" style=\"width: 100%;\" controls=\"controls\"><source type=\"audio\/mpeg\" src=\"https:\/\/www.radiopiu.net\/wordpress\/wp-content\/uploads\/2019\/12\/ADRIANO-LEVIS-BURGHARDT.mp3?_=1\" \/><a href=\"https:\/\/www.radiopiu.net\/wordpress\/wp-content\/uploads\/2019\/12\/ADRIANO-LEVIS-BURGHARDT.mp3\">https:\/\/www.radiopiu.net\/wordpress\/wp-content\/uploads\/2019\/12\/ADRIANO-LEVIS-BURGHARDT.mp3<\/a><\/audio>\n","protected":false},"excerpt":{"rendered":"<p>Nelle ultime ore la notizia che Luke Burghardt, il canadese dell&#8217;Alleghe Hockey, non fa pi\u00f9 parte della societ\u00e0 del presidente Renato Rossi. Il giocatore ha stentato ad ambientarsi e di comune accordo con la societ\u00e0 si \u00e8 deciso di farlo ritornare a casa. &nbsp; &nbsp; &nbsp; &nbsp; ADRIANO LEVIS, AMMINISTRATORE DELEGATO DELL&#8217;ALLEGHE HOCKEY<\/p>\n","protected":false},"author":4,"featured_media":95699,"comment_status":"closed","ping_status":"closed","sticky":false,"template":"","format":"standard","meta":{"_monsterinsights_skip_tracking":false,"_monsterinsights_sitenote_active":false,"_monsterinsights_sitenote_note":"","_monsterinsights_sitenote_category":0,"footnotes":""},"categories":[51,49,72],"tags":[],"class_list":["post-109056","post","type-post","status-publish","format-standard","has-post-thumbnail","hentry","category-evidenza-top","category-news-18","category-sport","category-51","category-49","category-72","description-off"],"img_url":"https:\/\/www.radiopiu.net\/wordpress\/wp-content\/uploads\/2019\/08\/logo-alleghe-hockey.png","_links":{"self":[{"href":"https:\/\/www.radiopiu.net\/wordpress\/wp-json\/wp\/v2\/posts\/109056","targetHints":{"allow":["GET"]}}],"collection":[{"href":"https:\/\/www.radiopiu.net\/wordpress\/wp-json\/wp\/v2\/posts"}],"about":[{"href":"https:\/\/www.radiopiu.net\/wordpress\/wp-json\/wp\/v2\/types\/post"}],"author":[{"embeddable":true,"href":"https:\/\/www.radiopiu.net\/wordpress\/wp-json\/wp\/v2\/users\/4"}],"replies":[{"embeddable":true,"href":"https:\/\/www.radiopiu.net\/wordpress\/wp-json\/wp\/v2\/comments?post=109056"}],"version-history":[{"count":0,"href":"https:\/\/www.radiopiu.net\/wordpress\/wp-json\/wp\/v2\/posts\/109056\/revisions"}],"wp:featuredmedia":[{"embeddable":true,"href":"https:\/\/www.radiopiu.net\/wordpress\/wp-json\/wp\/v2\/media\/95699"}],"wp:attachment":[{"href":"https:\/\/www.radiopiu.net\/wordpress\/wp-json\/wp\/v2\/media?parent=109056"}],"wp:term":[{"taxonomy":"category","embeddable":true,"href":"https:\/\/www.radiopiu.net\/wordpress\/wp-json\/wp\/v2\/categories?post=109056"},{"taxonomy":"post_tag","embeddable":true,"href":"https:\/\/www.radiopiu.net\/wordpress\/wp-json\/wp\/v2\/tags?post=109056"}],"curies":[{"name":"wp","href":"https:\/\/api.w.org\/{rel}","templated":true}]}}