{"id":109181,"date":"2019-12-10T05:37:29","date_gmt":"2019-12-10T04:37:29","guid":{"rendered":"https:\/\/www.radiopiu.net\/wordpress\/?p=109181"},"modified":"2019-12-10T10:23:00","modified_gmt":"2019-12-10T09:23:00","slug":"giornale-radiopiu-10-dicembre-2019-direttore-mirko-mezzacasa","status":"publish","type":"post","link":"https:\/\/www.radiopiu.net\/wordpress\/giornale-radiopiu-10-dicembre-2019-direttore-mirko-mezzacasa\/","title":{"rendered":"GIORNALE RADIOPIU 10 DICEMBRE 2019 DIRETTORE MIRKO MEZZACASA"},"content":{"rendered":"<p>&nbsp;<\/p>\n<p>&nbsp;<\/p>\n<h2><span style=\"color: #ff0000;\"><strong>REGIONALE 563 SALESEI LOCALITA&#8217; PIAN, FINO\u00a0 AL 20 DICEMBRE INTERDIZIONE TOTALE AL TRAFFICO DALLE 8 ALLE 17 PER TAGLIO ALBERI (esclusi giorni festivi e prefestivi)<\/strong><\/span><\/h2>\n<p>&nbsp;<\/p>\n<h3><span style=\"color: #0000ff;\">A SAN TOMASO AGORDINO nelle LOCALITA&#8217; PECOL E PIAIA, l&#8217;acqua erogata dall&#8217;acquedotto \u00e8 di nuovo potabile<\/span><\/h3>\n<p>&nbsp;<\/p>\n<p>&nbsp;<\/p>\n<p>&nbsp;<\/p>\n<p>&nbsp;<\/p>\n<p>&nbsp;<\/p>\n<p>&nbsp;<\/p>\n<p>&nbsp;<\/p>\n<h3><a class=\"dt-pswp-item\" href=\"http:\/\/www.radiopiu.net\/wordpress\/wp-content\/uploads\/2019\/12\/b288ddd4-15c7-450d-92f6-0a428816844c.jpg\" data-dt-img-description=\"\" data-large_image_width=\"1131\" data-large_image_height=\"1600\"><img loading=\"lazy\" decoding=\"async\" class=\" wp-image-108740 alignleft\" src=\"http:\/\/www.radiopiu.net\/wordpress\/wp-content\/uploads\/2019\/12\/b288ddd4-15c7-450d-92f6-0a428816844c-212x300.jpg\" alt=\"\" width=\"187\" height=\"265\" srcset=\"https:\/\/www.radiopiu.net\/wordpress\/wp-content\/uploads\/2019\/12\/b288ddd4-15c7-450d-92f6-0a428816844c-212x300.jpg 212w, https:\/\/www.radiopiu.net\/wordpress\/wp-content\/uploads\/2019\/12\/b288ddd4-15c7-450d-92f6-0a428816844c-724x1024.jpg 724w, https:\/\/www.radiopiu.net\/wordpress\/wp-content\/uploads\/2019\/12\/b288ddd4-15c7-450d-92f6-0a428816844c-768x1086.jpg 768w, https:\/\/www.radiopiu.net\/wordpress\/wp-content\/uploads\/2019\/12\/b288ddd4-15c7-450d-92f6-0a428816844c-1086x1536.jpg 1086w, https:\/\/www.radiopiu.net\/wordpress\/wp-content\/uploads\/2019\/12\/b288ddd4-15c7-450d-92f6-0a428816844c.jpg 1131w\" sizes=\"auto, (max-width: 187px) 100vw, 187px\" \/><\/a><\/h3>\n<blockquote>\n<h3>TUTTI INSIEME PER TOMMASO in collaborazione con Ki da Fargona<\/h3>\n<p><strong>FALCADE<\/strong> Venerdi 13 dicembre alle 19 all&#8217;Hotel Stella Alpina serata di beneficenza per aiutare la famiglia del Piccolo Tommaso. Pasta all&#8217;amatriciana o minestra d&#8217;orzo, musica con i Tirataie. Offerta libera. Il ricavato andr\u00e0 a Tommaso, affetto da paralisi celebrale infantile, per aiutare la sua famiglia a sostenere le spese del costoso percorso di cura. Saranno presenti il pap\u00e0 Rudy Quaggiotto e la mamma Alexia<\/p>\n<p>Ha 21 anni Alexia, parla di Tommaso e gli si accendono gli occhi, ma non sono i lampi della tristezza, sono bagliori di entusiasmo espressione di una forza che attinge da quella creatura piena di ricci che ha gi\u00e0 intrapreso una battaglia della vita, impegnativa, difficile, ma non senza speranza. Se Alexia vede il futuro con Tommaso, nonno Giacomo nato e cresciuto a Fregona di Canale d&#8217;Agordo guarda verso lo stesso orizzonte. <em>&#8220;E poi vedrai &#8211; confida in questo documento &#8211; vedrai che tra un anno, quando sar\u00e0, verr\u00e0 Tommaso a ringraziare&#8221;. <\/em>E&#8217; una gara di solidariet\u00e0 importante, l&#8217;iniziativa della cena allo Stella Alpina ha dato inizio a raccolte spontanee, eventi che tifano Tommaso. Alexia, Rudy, i nonni, raccontano la storia di Tommaso e l&#8217;importanza di poter dare il meglio per il loro ometto, serviranno pareri importanti, visite specialistiche e cure costose.<\/p><\/blockquote>\n<p><strong>IBAN: IT21Q0814066070000005054361, intestato a Ki da Fargona, casuale: contributo volontario per Tommaso<\/strong><\/p>\n<p><span style=\"color: #ff0000;\"><strong>Dallo Stella Alpina con Antonella, Tatiana, Giacomo, Alexia, Ondina<\/strong><\/span><\/p>\n<p><iframe loading=\"lazy\" title=\"VID 20191209 191844\" width=\"1200\" height=\"675\" src=\"https:\/\/www.youtube.com\/embed\/-EX_U2v6BQE?start=3&#038;feature=oembed\" frameborder=\"0\" allow=\"accelerometer; autoplay; encrypted-media; gyroscope; picture-in-picture\" allowfullscreen><\/iframe><\/p>\n<p>&nbsp;<\/p>\n<p>&nbsp;<\/p>\n<p>&nbsp;<\/p>\n<h3><a class=\"dt-pswp-item\" href=\"https:\/\/www.radiopiu.net\/wordpress\/wp-content\/uploads\/2019\/12\/PELIKAN-112.jpg\" data-dt-img-description=\"\" data-large_image_width=\"960\" data-large_image_height=\"720\"><img loading=\"lazy\" decoding=\"async\" class=\" wp-image-109282 alignleft\" src=\"https:\/\/www.radiopiu.net\/wordpress\/wp-content\/uploads\/2019\/12\/PELIKAN-112-300x225.jpg\" alt=\"\" width=\"245\" height=\"184\" srcset=\"https:\/\/www.radiopiu.net\/wordpress\/wp-content\/uploads\/2019\/12\/PELIKAN-112-300x225.jpg 300w, https:\/\/www.radiopiu.net\/wordpress\/wp-content\/uploads\/2019\/12\/PELIKAN-112-768x576.jpg 768w, https:\/\/www.radiopiu.net\/wordpress\/wp-content\/uploads\/2019\/12\/PELIKAN-112.jpg 960w\" sizes=\"auto, (max-width: 245px) 100vw, 245px\" \/><\/a>TRAVOLTO DAL GATTO DELLE NEVI: GRAVISSIMO INCIDENTE<\/h3>\n<p><strong>CORVARA\u00a0<\/strong> Alessandro Pasa, 27 anni di Borgovalbelluna versa in gravissime condizioni in rianimazione all&#8217;ospedale di Bolzano dopo l&#8217;incidente di ieri. L&#8217;uomo \u00e8 stato schiacciato da un gatto delle nevi in retromarcia. La pista, la Gran Risa che il 22 dicembre ospita la Coppa del mondo era chiusa. Pasa stava sciando in gruppo assieme ad altri amici, tra questi anche altri bellunesi tutti illesi. \u00a0Sul posto sono intervenuti i carabinieri, il soccorso alpino e l\u2019elicottero Pelikan 1 (foto Nbc Rete Regione_Bolzano).<\/p>\n<p>&nbsp;<\/p>\n<p>&nbsp;<\/p>\n<p>&nbsp;<\/p>\n<p>&nbsp;<\/p>\n<p>&nbsp;<\/p>\n<h3>CACCIA AL VANDALO DELLE AUTOMOBILI<\/h3>\n<p><strong>FELTRE<\/strong> Scatenato e ormai definito &#8220;seriale&#8221;. E&#8217; l&#8217;anonimo rigatore d&#8217;auto che gira per la citt\u00e0 di Feltre. Negli ultimi raid ha danneggiato almeno 20 auto in via Mezzaterra, cofani, portiere, fiancate, profonde rigature e dai Carabinieri la fila per le denunce.<\/p>\n<p>&nbsp;<\/p>\n<p>&nbsp;<\/p>\n<h3><\/h3>\n<h3>ARRESTATO IN GERMANIA, E&#8217; UNO DEGLI AUTORI DEI FURTI IN HOTEL<\/h3>\n<div class=\"articlePlainText\"><strong>LIVINALLONGO\u00a0<\/strong> L&#8217;albanese Ibrahim Kola \u00e8 stato arrestato e sar\u00e0 detenuto in un carcere tedesco fino al 2023. I complici sono Artan Sokola e Mark Kucaj e risultano residenti in Alto Adige. I furti erano cominciati nel giugno 2016, a Livinallongo, Arabba e passo Campolongo e sono continuati da fine luglio a met\u00e0 agosto, a Cortina, Misurina, San Vito, Alleghe e Rocca, per un bottino di oltre 40 mila euro<\/div>\n<div><\/div>\n<div><\/div>\n<div><\/div>\n<h3><\/h3>\n<blockquote><p>&nbsp;<\/p>\n<h3>LO SFOGO SULLA PAGINA FACEBOOK SEI DI AGORDO. ELOGIO A POSTE ITALIANE<\/h3>\n<p><strong>di Maurizio Rossi<\/strong><\/p><\/blockquote>\n<p><strong>AGORDO<\/strong> Stai settimane senza ricevere niente e poi tutto di un colpo ti arriva la posta con gli arretrati screening ULSS.\u00a0 DATA DI STAMPA 21 \/10\/19 appuntamento 26\/11\/2019 ricevuta oggi 9\/12 2019, chiss\u00e0 quale tragitto avra&#8217; percorso fortuna che ci sono gli SMS. E non \u00e8 finita: richiamo vaccinazione per mio figlio data: Agordo\u00a0 24\/10\/2019 appuntamento per il giorno 26\/11\/2019 . passata per Belluno il 15\/11\/2019\u00a0 DATA DI ARRIVO\u00a0 oggi\u00a0 09 \/12\/2019. Elogio per\u00a0 poste italiane<\/p>\n<p><a class=\"dt-pswp-item\" href=\"https:\/\/www.radiopiu.net\/wordpress\/wp-content\/uploads\/2019\/12\/79226528_2592298417544706_1128965942261317632_n.jpg\" data-dt-img-description=\"\" data-large_image_width=\"487\" data-large_image_height=\"960\"><img loading=\"lazy\" decoding=\"async\" class=\"alignnone size-medium wp-image-109294\" src=\"https:\/\/www.radiopiu.net\/wordpress\/wp-content\/uploads\/2019\/12\/79226528_2592298417544706_1128965942261317632_n-152x300.jpg\" alt=\"\" width=\"152\" height=\"300\" srcset=\"https:\/\/www.radiopiu.net\/wordpress\/wp-content\/uploads\/2019\/12\/79226528_2592298417544706_1128965942261317632_n-152x300.jpg 152w, https:\/\/www.radiopiu.net\/wordpress\/wp-content\/uploads\/2019\/12\/79226528_2592298417544706_1128965942261317632_n.jpg 487w\" sizes=\"auto, (max-width: 152px) 100vw, 152px\" \/><\/a><a class=\"dt-pswp-item\" href=\"https:\/\/www.radiopiu.net\/wordpress\/wp-content\/uploads\/2019\/12\/76702397_2592298310878050_5356779457493336064_n.jpg\" data-dt-img-description=\"\" data-large_image_width=\"487\" data-large_image_height=\"960\"><img loading=\"lazy\" decoding=\"async\" class=\"alignnone size-medium wp-image-109295\" src=\"https:\/\/www.radiopiu.net\/wordpress\/wp-content\/uploads\/2019\/12\/76702397_2592298310878050_5356779457493336064_n-152x300.jpg\" alt=\"\" width=\"152\" height=\"300\" srcset=\"https:\/\/www.radiopiu.net\/wordpress\/wp-content\/uploads\/2019\/12\/76702397_2592298310878050_5356779457493336064_n-152x300.jpg 152w, https:\/\/www.radiopiu.net\/wordpress\/wp-content\/uploads\/2019\/12\/76702397_2592298310878050_5356779457493336064_n.jpg 487w\" sizes=\"auto, (max-width: 152px) 100vw, 152px\" \/><\/a><\/p>\n<p>&nbsp;<\/p>\n<p>&nbsp;<\/p>\n<p>&nbsp;<\/p>\n<p>&nbsp;<\/p>\n<h2>CON EMILY E IL SUO BUON CUORE LA NOSTRA STORIA NATALIZIA<\/h2>\n<p><strong>AGORDO<\/strong> Emily \u00e8 una bambina sorridente, umile e un po&#8217; timida ma con due occhioni furbi e pieni di emozione quando gli ricordiamo che \u00e8 diventata &#8220;famosa&#8221; perch\u00e9 esempio di grande altruismo in un mondo sempre pi\u00f9 opportunista. Dopo le immagini viste in televisione del terremoto in Albania ha preso carta e matite e ha messo gi\u00f9 la sua letterina, i disegni di sua fantasia con accanto 5 euro.<em> &#8220;Mamma inviamola ai terremotati dell&#8217;Albania&#8221;<\/em>, e mamma Veronica con pap\u00e0 Nicola hanno pensato di mandarla in Provincia. La notizia ha subito fatto il giro dei media nazionali e internazionali. Ieri siamo stati a casa di Emily che ci ha accolto con un sorriso da aprire il cuore, con lei, Ginevra e mamma Veronica abbiamo ripercorso quel pomeriggio ed \u00e8 diventata la nostra storia di Natale<\/p>\n<p><strong>di Mirko Mezzacasa<\/strong><\/p>\n<p><iframe loading=\"lazy\" title=\"EMILY\" width=\"1200\" height=\"675\" src=\"https:\/\/www.youtube.com\/embed\/LwIrT8ptatw?start=20&#038;feature=oembed\" frameborder=\"0\" allow=\"accelerometer; autoplay; encrypted-media; gyroscope; picture-in-picture\" allowfullscreen><\/iframe><\/p>\n<blockquote><p>&nbsp;<\/p>\n<p><em>&#8220;Non ci posso credere che il gesto cosi piccolo della mua bambina poteva suscitare tutta questa emozione&#8221;\u00a0<\/em><\/p>\n<p>dalla stampa internazionale www.dailyxing.com\u00a0 <a href=\"https:\/\/www.dailyxing.com\/news\/31433\/the-letter-of-the-italian-little-girl-tears-them-all-sending-5-euros-to-the-children-affected-by-the\/eng\">CLICCA QUI\u00a0<\/a><\/p><\/blockquote>\n<h2><\/h2>\n<p>&nbsp;<\/p>\n<h2><span style=\"color: #ff0000;\">DAL GIORNALE RADIO PIU DEL 5 DICEMBRE 2019<\/span><\/h2>\n<h3>LA BAMBINA DI AGORDO IN AIUTO AI TERREMOTATI DELL&#8217;ALBANIA<\/h3>\n<blockquote><p><em>simpatica lettera recapita alla Provincia da una bambina di Agordo, che vuole aiutare i terremotati di Albania.\u00a0<\/em><\/p><\/blockquote>\n<p><a class=\"dt-pswp-item\" href=\"https:\/\/www.radiopiu.net\/wordpress\/wp-content\/uploads\/2019\/12\/images-1.jpg\" data-dt-img-description=\"\" data-large_image_width=\"303\" data-large_image_height=\"166\"><img loading=\"lazy\" decoding=\"async\" class=\" wp-image-108803 alignleft\" src=\"https:\/\/www.radiopiu.net\/wordpress\/wp-content\/uploads\/2019\/12\/images-1-300x164.jpg\" alt=\"\" width=\"238\" height=\"130\" srcset=\"https:\/\/www.radiopiu.net\/wordpress\/wp-content\/uploads\/2019\/12\/images-1-300x164.jpg 300w, https:\/\/www.radiopiu.net\/wordpress\/wp-content\/uploads\/2019\/12\/images-1.jpg 303w\" sizes=\"auto, (max-width: 238px) 100vw, 238px\" \/><\/a>Letterina con regalo, nel segno della solidariet\u00e0. L\u2019ha spedita una bambina di Agordo alla Provincia di Belluno, per farla recapitare ai volontari di Protezione Civile. Il messaggio \u00e8 fortissimo: \u00abDate una mano ai bambini dell\u2019Albania, colpiti dal terremoto\u00bb. Ed \u00e8 accompagnato da una banconota da 5 euro.<br \/>\n\u00abCara Protezione Civile di Belluno &#8211; si legge nella lettera, vergata a mano e datata Agordo 26 novembre -. Sono Emily e vi scrivo perch\u00e9 stamattina, appena mi sono svegliata, ho sentito al telegiornale la brutta notizia. Mia mamma, che stava bevendo il caff\u00e8, mi ha spiegato che nella notte, in Albania, c\u2019\u00e8 stato un fortissimo terremoto. Io ho pensato a tutti i bambini che dormivano nei loro lettini caldi, vicino alla loro mamma e al loro pap\u00e0, o con i fratellini: si saranno spaventati tantissimo. Mi dispiace tanto: non \u00e8 giusto che succedano queste cose bruttissime; spero di non sentire pi\u00f9 queste notizie al telegiornale. Dalla paura quei bambini non avranno neanche fatto colazione. Io non so l\u2019albanese, ma vorrei dire a quei bambini che voglio essere la loro amica del cuore. Non so come fare, ma vorrei che voi, della Protezione Civile, mi aiutaste a consegnare ai bambini dell\u2019Albania il mio disegno, cos\u00ec possono vedere che io ho pensato a loro e che mi dispiace tanto per quello che \u00e8 successo. Spero che possano essere di nuovo tranquilli e felici con le loro famiglie. Ciao bambini albanesi. Vi mando anche 5 euro, cos\u00ec potete fare colazione domani mattina\u00bb. La lettera \u00e8 finita sulla scrivania del presidente della Provincia. \u00abLa solidariet\u00e0 dei bellunesi \u00e8 sempre enorme e commovente &#8211; commenta Roberto Padrin -. Questa letterina \u00e8 l\u2019esempio della parte migliore del nostro territorio, la forza inesauribile della generosit\u00e0, che si muove sempre quando ce n&#8217;\u00e8 bisogno\u00bb.<br \/>\n\u00abStiamo cercando di organizzare una giornata speciale per la bambina di Agordo &#8211; aggiunge il consigliere provinciale delegato alla Protezione Civile, Massimo Bortoluzzi -. Vorremmo farle incontrare i volontari che sono sempre pronti a intervenire nelle emergenze, dimostrando la stessa solidariet\u00e0 dimostrata da Emily\u00bb.<\/p>\n<div class=\"su-document su-u-responsive-media-no\"><iframe loading=\"lazy\" src=\"\/\/docs.google.com\/viewer?embedded=true&url=https:\/\/www.radiopiu.net\/wordpress\/wp-content\/uploads\/2019\/12\/Documenti-scansionati-1.pdf\" width=\"600\" height=\"800\" class=\"su-document\" title=\"cc\"><\/iframe><\/div>\n<p>&nbsp;<\/p>\n<p>&nbsp;<\/p>\n<p>&nbsp;<\/p>\n<h3>A COLAZIONE IL MACABRO SPETTACOLO DALLA FINESTRA.<\/h3>\n<p><strong><a class=\"dt-pswp-item\" href=\"https:\/\/www.radiopiu.net\/wordpress\/wp-content\/uploads\/2019\/12\/WhatsApp-Image-2019-12-09-at-15.57.31.jpeg\" data-dt-img-description=\"\" data-large_image_width=\"768\" data-large_image_height=\"1024\"><img loading=\"lazy\" decoding=\"async\" class=\"size-medium wp-image-109261 alignleft\" src=\"https:\/\/www.radiopiu.net\/wordpress\/wp-content\/uploads\/2019\/12\/WhatsApp-Image-2019-12-09-at-15.57.31-225x300.jpeg\" alt=\"\" width=\"225\" height=\"300\" srcset=\"https:\/\/www.radiopiu.net\/wordpress\/wp-content\/uploads\/2019\/12\/WhatsApp-Image-2019-12-09-at-15.57.31-225x300.jpeg 225w, https:\/\/www.radiopiu.net\/wordpress\/wp-content\/uploads\/2019\/12\/WhatsApp-Image-2019-12-09-at-15.57.31.jpeg 768w\" sizes=\"auto, (max-width: 225px) 100vw, 225px\" \/><\/a><\/strong><\/p>\n<p>&nbsp;<\/p>\n<p>&nbsp;<\/p>\n<p>&nbsp;<\/p>\n<p>&nbsp;<\/p>\n<p><strong>LIVINALLONGO<\/strong> Il lupo banchetta in prossimit\u00e0 della case, per nulla impaurito della presenza dell&#8217;uomo. Dalla cucina dell&#8217;abitazione, durante l&#8217;ora di colazione lo scatto. Il sindaco Fodom alza i toni dopo l&#8217;ennesimo avvistamento <em>&#8220;Un preavviso di cosa accadr\u00e0 quest&#8217;inverno con gli animali in stalla e il predatore alla ricerca di cibo tra la fauna alpina&#8221;. <\/em>La definizione del lupo per il sindaco \u00e8 &#8220;predatore affamato&#8221; e gli esperti &#8220;hanno raccontato balle&#8221;.<\/p>\n<p><strong>AI MICROFONI DI RADIO PIU&#8217; IL SINDACO LEANDRO GRONES<\/strong><\/p>\n<audio class=\"wp-audio-shortcode\" id=\"audio-109181-1\" preload=\"none\" style=\"width: 100%;\" controls=\"controls\"><source type=\"audio\/mpeg\" src=\"https:\/\/www.radiopiu.net\/wordpress\/wp-content\/uploads\/2019\/12\/leandro.mp3?_=1\" \/><a href=\"https:\/\/www.radiopiu.net\/wordpress\/wp-content\/uploads\/2019\/12\/leandro.mp3\">https:\/\/www.radiopiu.net\/wordpress\/wp-content\/uploads\/2019\/12\/leandro.mp3<\/a><\/audio>\n<h3><\/h3>\n<p>&nbsp;<\/p>\n<p>&nbsp;<\/p>\n<p>&nbsp;<\/p>\n<h3>UN MILIONE E MEZZO PER SENTIERI E RIFUGI DAI FONDI DI CONFINE<\/h3>\n<blockquote><p><em>De Menech: \u00abMettere in sicurezza le infrastrutture per il turismo\u00bb<\/em><\/p><\/blockquote>\n<p>dalla rassegna stampa delle 8.00<\/p>\n<p>&nbsp;<\/p>\n<audio class=\"wp-audio-shortcode\" id=\"audio-109181-2\" preload=\"none\" style=\"width: 100%;\" controls=\"controls\"><source type=\"audio\/mpeg\" src=\"https:\/\/www.radiopiu.net\/wordpress\/wp-content\/uploads\/2019\/12\/roger-2.mp3?_=2\" \/><a href=\"https:\/\/www.radiopiu.net\/wordpress\/wp-content\/uploads\/2019\/12\/roger-2.mp3\">https:\/\/www.radiopiu.net\/wordpress\/wp-content\/uploads\/2019\/12\/roger-2.mp3<\/a><\/audio>\n<p>&nbsp;<\/p>\n<p><strong><a class=\"dt-pswp-item\" href=\"https:\/\/www.radiopiu.net\/wordpress\/wp-content\/uploads\/2019\/12\/cai-auronzo-2019-tabellazione.jpg\" data-dt-img-description=\"\" data-large_image_width=\"1500\" data-large_image_height=\"1125\"><img loading=\"lazy\" decoding=\"async\" class=\" wp-image-108669 alignleft\" src=\"https:\/\/www.radiopiu.net\/wordpress\/wp-content\/uploads\/2019\/12\/cai-auronzo-2019-tabellazione-300x225.jpg\" alt=\"\" width=\"247\" height=\"185\" srcset=\"https:\/\/www.radiopiu.net\/wordpress\/wp-content\/uploads\/2019\/12\/cai-auronzo-2019-tabellazione-300x225.jpg 300w, https:\/\/www.radiopiu.net\/wordpress\/wp-content\/uploads\/2019\/12\/cai-auronzo-2019-tabellazione-768x576.jpg 768w, https:\/\/www.radiopiu.net\/wordpress\/wp-content\/uploads\/2019\/12\/cai-auronzo-2019-tabellazione-1024x768.jpg 1024w, https:\/\/www.radiopiu.net\/wordpress\/wp-content\/uploads\/2019\/12\/cai-auronzo-2019-tabellazione.jpg 1500w\" sizes=\"auto, (max-width: 247px) 100vw, 247px\" \/><\/a>BELLUNO<\/strong> Prosegue il progetto di riqualificazione dei sentieri e delle infrastrutture gestite dal Club Alpino Italiano finanziato dal Fondo Comuni Confinanti. Sabato scorso il presidente del Fondo, Roger De Menech, ha fatto il punto sull\u2019avanzamento dei lavori con il presidente regionale del Cai, Renato Frigo. Il progetto \u00e8 finanziato con 1,5 milioni di euro stanziati prima che la tempesta Vaia si abbattesse sul Bellunese. Prevede la pulizia, la sistemazione e messa in sicurezza e la tabellazione della fitta rete di sentieri del Cai, oltre ad avviare l\u2019implementazione tecnologica di bivacchi e rifugi, in particolare garantendo la connessione a Internet di queste strutture. \u00abLa tempesta Vaia\u00bb, sottolinea De Menech, \u00abha reso ancora pi\u00f9 urgenti questi lavori. I sentieri cos\u00ec come i rifugi e i bivacchi costituiscono un\u2019infrastruttura fondamentale per il turismo in montagna. Bisogna prevedere, oltre alla manutenzione ordinaria, investimenti continui per l\u2019ammodernamento e la sicurezza. Il progetto previsto dal Fondo vede la Regione Veneto come soggetto pianificatore e attuatore ma da solo non \u00e8 sufficiente. Se, come auspicato, il turismo deve diventare uno dei settori trainanti dell\u2019economia provinciale sono necessari investimenti pluriennali e costanti\u00bb. Le escursioni in montagna attraggono ogni anno decine di migliaia di visitatori dall\u2019Italia e da molti Paesi europei e contribuiscono a diversificare l\u2019offerta turistica e ad allungare la stagionalit\u00e0 delle localit\u00e0 alpine. La sicurezza delle infrastrutture \u00e8 la pre condizione per la crescita di questo settore. \u00abNon solo i Comuni\u00bb, conclude il presidente, \u00abanche la Regione pu\u00f2 aiutare concretamente il turismo montano prevedendo stanziamenti mirati\u00bb.<\/p>\n<p>&nbsp;<\/p>\n<p>&nbsp;<\/p>\n<h3>ACC UNO STABILIMENTO SEMPRE TRA VENTI DI TEMPESTA, A RIMETTERCI SONO SEMPRE E SOLO I LAVORATORI GLI STESSI CHE OGGI GRIDERANNO LA LORO AMAREZZA, SE I CINESI NON CAPISCONO L&#8217;ITALIANO IMPARINO DAI GESTI E DAGLI SGUARDI DEGLI OPERAI.<\/h3>\n<p><span style=\"color: #ff0000;\">di DAMIANO TORMEN\u00a0<\/span><\/p>\n<audio class=\"wp-audio-shortcode\" id=\"audio-109181-3\" preload=\"none\" style=\"width: 100%;\" controls=\"controls\"><source type=\"audio\/mpeg\" src=\"https:\/\/www.radiopiu.net\/wordpress\/wp-content\/uploads\/2019\/12\/damiano-acc.mp3?_=3\" \/><a href=\"https:\/\/www.radiopiu.net\/wordpress\/wp-content\/uploads\/2019\/12\/damiano-acc.mp3\">https:\/\/www.radiopiu.net\/wordpress\/wp-content\/uploads\/2019\/12\/damiano-acc.mp3<\/a><\/audio>\n<h3><\/h3>\n<h3>PER LA MANIFESTAZIONE PREVISTE MIGLIAIA DI PERSONE<\/h3>\n<blockquote><p><em>Oggi avr\u00e0 luogo una manifestazione dei lavoratori di Wanbao-Acc contro la chiusura dello stabilimento e con la forte richiesta di misure a sostegno di occupazione e investimenti. Il raduno, fissato per le ore 9.00 in Piazza Papa Luciani a Mel di Borgo Valbelluna, si svilupper\u00e0 in corteo dalle ore 9,30 che snoder\u00e0 lungo la Strada Provinciale SP1, dalla localit\u00e0 Puner (nei pressi del Centro Storico di Mel) alla rotatoria di Villa di Villa, fino a raggiungere il sito dello Stabilimento. Il Servizio di Polizia Locale del Comune di Borgo Valbelluna informa che la manifestazione comporter\u00e0 l&#8217;interruzione della circolazione nel suddetto tratto di strada, indicativamente dalle ore 9.30 alle 11. Lungo tutto il tratto di strada interessato dalla manifestazione, saranno presenti pattuglie della Polizia di Stato, dei Carabinieri, della Guardia di Finanza e della Polizia Locale per garantire lo svolgimento in sicurezza della manifestazione. Lo stesso Servizio di Polizia Locale informa tutta la cittadinanza, le aziende e tutti coloro che transiteranno domani mattina lungo la Strada Provinciale SP1, che ci potranno essere interruzioni e code durante tutta la mattinata. Si consiglia vivamente, per quanto possibile, di transitare lungo la SS50 della Destra Piave.<\/em><\/p><\/blockquote>\n<p>&nbsp;<\/p>\n<p>&nbsp;<\/p>\n<p>&nbsp;<\/p>\n<h3>PD PROVINCIALE ACCANTO AI LAVORATORI DELLA ACC DI MEL<\/h3>\n<blockquote><p><em><strong>Oggi si terr\u00e0\u00a0 il corteo di manifestanti che partir\u00e0 alle 9.30 dalla piazza del municipio di Mel per arrivare davanti allo stabilimento ACC. A seguire, davanti alla fabbrica gli interventi del Sindaco di Borgo Valbelluna Stefano Cesa e dei rappresentanti delle sigle sindacali che hanno promosso la mobilitazione nella giornata di sciopero <a class=\"dt-pswp-item\" href=\"https:\/\/www.radiopiu.net\/wordpress\/wp-content\/uploads\/2018\/11\/PD.png\" data-dt-img-description=\"\" data-large_image_width=\"226\" data-large_image_height=\"182\"><img loading=\"lazy\" decoding=\"async\" class=\" wp-image-67744 alignleft\" src=\"https:\/\/www.radiopiu.net\/wordpress\/wp-content\/uploads\/2018\/11\/PD.png\" alt=\"\" width=\"160\" height=\"129\" \/><\/a>generale dell\u2019intero settore metalmeccanico bellunese.<\/strong><\/em><\/p><\/blockquote>\n<p><strong>BELLUNO<\/strong> \u201cSiamo al fianco dei lavoratori bellunesi nella lotta contro la chiusura dello stabilimento di Mel e il conseguente licenziamento dei suoi 285 lavoratori. Per questo parteciperemo alla mobilitazione promossa dai sindacati del comparto metalmeccanico\u201d afferma la Segretaria provinciale PD Monica Lotto. \u00a0\u201cAbbiamo cercato di tenere sempre alta l\u2019attenzione su questa e sulle altre crisi preoccupanti in Provincia, anche grazie all\u2019attivit\u00e0 parlamentare di Roger De Menech a Roma, facendo del nostro meglio per mobilitare i contatti diretti all\u2019interno del Governo rispetto a queste vicende \u2013 prosegue Lotto \u2013 Si tratta di una situazione complicata, ma serve trovare una soluzione nel pi\u00f9 breve tempo possibile per garantire un futuro a queste famiglie\u201d. \u201cSiamo e saremo al fianco dei lavoratori e per questo parteciperemo al corteo di marted\u00ec 10 \u2013 afferma la Segretaria PD di Borgo Valbelluna, Alessia Telese \u2013 Crediamo che tutti i bellunesi debbano unirsi in solidariet\u00e0 con i dipendenti di ACC, indipendentemente dalle appartenenze politiche, ed \u00e8 bello vedere le numerose adesioni da molte parti della societ\u00e0 civile. Ci saremo anche noi, perch\u00e9 riteniamo fondamentale il rispetto della dignit\u00e0 dei lavoratori, che trova le sue radici nella nostra Costituzione.\u201d<\/p>\n<p>&nbsp;<\/p>\n<p>&nbsp;<\/p>\n<p>&nbsp;<\/p>\n<h3>LA PROVINCIA ALLA MANIFESTAZIONE WANBAO ACC E DAL MINISTRO BOCCIA<\/h3>\n<p><strong><a class=\"dt-pswp-item\" href=\"https:\/\/www.radiopiu.net\/wordpress\/wp-content\/uploads\/2015\/10\/roberto-padrin-2.jpg\" data-dt-img-description=\"\" data-large_image_width=\"201\" data-large_image_height=\"237\"><img loading=\"lazy\" decoding=\"async\" class=\" wp-image-11554 alignleft\" src=\"https:\/\/www.radiopiu.net\/wordpress\/wp-content\/uploads\/2015\/10\/roberto-padrin-2.jpg\" alt=\"\" width=\"138\" height=\"163\" \/><\/a>BELLUNO<\/strong> La Provincia di Belluno parteciper\u00e0 con il consigliere delegato Ivan Minella alla manifestazion, a sostegno dei lavoratori di Acc Wanbao. Il presidente Padrin, infatti, contestualmente sar\u00e0 a Roma, per incontrare il ministro degli Affari Regionali e delle Autonomie Francesco Boccia e presentargli i dati dello spopolamento bellunese.<\/p>\n<blockquote><p><em>\u00abSi tratta di un momento importante per la nostra Provincia &#8211; afferma il presidente, Roberto Padrin -. Abbiamo preparato un piccolo report che tratteggia in maniera eloquente la situazione del nostro territorio; lo consegneremo al ministro, assieme alla richiesta di strumenti adeguati che ci permettano di governare la situazione. Il tracollo demografico rappresenta una difficolt\u00e0 sociale crescente, che rischia di essere accelerata dalla crisi di aziende importanti come Acc Wanbao. Non possiamo permettere che il nostro territorio paghi un prezzo cos\u00ec elevato. Ecco perch\u00e9 la Provincia sar\u00e0 vicina ai lavoratori dello stabilimento zumellese nella manifestazione di domani. Lo sar\u00e0 anche nell\u2019incontro con il ministro Boccia, dove mi far\u00f2 carico di ricordare la situazione e di chiedere azioni concrete per la tutela dei posti di lavoro. Come Provincia siamo sempre stati vicini ai lavoratori e alle loro famiglie, e ai sindacati, partecipando a tutti i tavoli: ora siamo pronti di nuovo a fare la nostra parte\u00bb.<\/em> L\u2019incontro con il ministro Boccia \u00e8 fissato per le 11.<\/p><\/blockquote>\n<p>&nbsp;<\/p>\n<p>&nbsp;<\/p>\n<p>&nbsp;<\/p>\n<h3>PER CONFINDUSTRIA IL SISTEMA INDUSTRIALE BELLUNESE E&#8217; SANO. L&#8217;ALLARMISMO NON AIUTA<\/h3>\n<blockquote><p><em>\u00abSono centinaia le imprese bellunesi che restano sul territorio e lo fanno crescere. \u00c8 giusto ricordarlo per senso di verit\u00e0 e di rispetto nei confronti del lavoro e dell&#8217;abnegazione di tanti\u00bb, dice la presidente Lorraine Berton.<\/em><\/p><\/blockquote>\n<p><strong>BELLUNO <\/strong>\u00abDire che il caso Acc metta in luce la fragilit\u00e0 del sistema industriale bellunese \u00e8 profondamente sbagliato. Da presidente degli industriali di Belluno, non posso accettarlo. \u00c8 fuori dalla realt\u00e0. Cgil e Cisl, nella loro nota congiunta, rendono un pessimo servizio al cuore produttivo di questa provincia, scattando una fotografia che semplicemente non c&#8217;\u00e8\u00bb. Cos\u00ec la presidente di Confindustria Belluno Dolomiti Lorraine Berton commenta le dichiarazioni rese dai sindacati alla vigilia del corteo per Acc. \u00abI problemi del Bellunese sono noti, dallo spopolamento all&#8217;assenza cronica di infrastrutture, ma il sistema industriale \u00e8 sano e vivace nonostante la politica &#8211; a tutti i livelli &#8211; spesso sia latitante\u00bb, rimarca la presidente degli industriali. \u00abRicordo ai sindacati che Belluno resta tra le 15 realt\u00e0 pi\u00f9 industrializzate d&#8217;Italia e che la partita delle competenze la stiamo giocando ogni giorno sul campo, come dimostra l&#8217;attivazione dei percorsi di Business School della Luiss. La stragrande maggioranza delle nostre imprese innova, sta sul mercato e fa internazionalizzazione. Molti stanno cogliendo anche le opportunit\u00e0 dell&#8217;industria 4.0.<\/p>\n<p>&nbsp;<\/p>\n<p>&nbsp;<\/p>\n<p>&nbsp;<\/p>\n<h3>LA SANTA BARBARA DEL &#8220;BOMBAROLO&#8221;.<\/h3>\n<p><strong><a class=\"dt-pswp-item\" href=\"https:\/\/www.radiopiu.net\/wordpress\/wp-content\/uploads\/2019\/12\/dc86ba33-2eca-4c44-a2d6-73ccb51e7b9f-1.jpg\" data-dt-img-description=\"\" data-large_image_width=\"1600\" data-large_image_height=\"872\"><img loading=\"lazy\" decoding=\"async\" class=\" wp-image-109184 alignleft\" src=\"https:\/\/www.radiopiu.net\/wordpress\/wp-content\/uploads\/2019\/12\/dc86ba33-2eca-4c44-a2d6-73ccb51e7b9f-1-300x164.jpg\" alt=\"\" width=\"236\" height=\"129\" srcset=\"https:\/\/www.radiopiu.net\/wordpress\/wp-content\/uploads\/2019\/12\/dc86ba33-2eca-4c44-a2d6-73ccb51e7b9f-1-300x164.jpg 300w, https:\/\/www.radiopiu.net\/wordpress\/wp-content\/uploads\/2019\/12\/dc86ba33-2eca-4c44-a2d6-73ccb51e7b9f-1-1024x558.jpg 1024w, https:\/\/www.radiopiu.net\/wordpress\/wp-content\/uploads\/2019\/12\/dc86ba33-2eca-4c44-a2d6-73ccb51e7b9f-1-768x419.jpg 768w, https:\/\/www.radiopiu.net\/wordpress\/wp-content\/uploads\/2019\/12\/dc86ba33-2eca-4c44-a2d6-73ccb51e7b9f-1-1536x837.jpg 1536w, https:\/\/www.radiopiu.net\/wordpress\/wp-content\/uploads\/2019\/12\/dc86ba33-2eca-4c44-a2d6-73ccb51e7b9f-1.jpg 1600w\" sizes=\"auto, (max-width: 236px) 100vw, 236px\" \/><\/a>AGORDO<\/strong> Non manca mai Danilo Coppe il perito minerario degli anni Ottanta ad Agordo da Parma per frequentare il Follador di via 5 maggio. Da allora non ha mai perso l&#8217;appuntamento con la ricorrenza annuale e anche quest&#8217;anno \u00e8 stato notato tra i periti minerari agordini. Danilo \u00e8 spesso balzato alle cronache per la sua professione di esplosivista, tanto per ricordare: il ponte Morandi a Genova, la frana di Schiucaz in Alpago e le demolizioni delle ceppaie tra Asiago e Livinallongo del Col di Lana. A questo proposito Coppe riferisce:<\/p>\n<audio class=\"wp-audio-shortcode\" id=\"audio-109181-4\" preload=\"none\" style=\"width: 100%;\" controls=\"controls\"><source type=\"audio\/mpeg\" src=\"https:\/\/www.radiopiu.net\/wordpress\/wp-content\/uploads\/2019\/12\/coppe.mp3?_=4\" \/><a href=\"https:\/\/www.radiopiu.net\/wordpress\/wp-content\/uploads\/2019\/12\/coppe.mp3\">https:\/\/www.radiopiu.net\/wordpress\/wp-content\/uploads\/2019\/12\/coppe.mp3<\/a><\/audio>\n<blockquote><p><strong>foto, Danilo Coppe con Loris Santomaso e il presidente dell&#8217;Unione Montana Michele Costa.<\/strong><\/p><\/blockquote>\n<p>&nbsp;<\/p>\n<h2><\/h2>\n<p>&nbsp;<\/p>\n<h2><a class=\"dt-pswp-item\" href=\"https:\/\/www.radiopiu.net\/wordpress\/wp-content\/uploads\/2019\/12\/WhatsApp-Image-2019-12-05-at-05.48.59.jpeg\" data-dt-img-description=\"\" data-large_image_width=\"768\" data-large_image_height=\"1024\"><img loading=\"lazy\" decoding=\"async\" class=\"size-medium wp-image-109267 alignleft\" src=\"https:\/\/www.radiopiu.net\/wordpress\/wp-content\/uploads\/2019\/12\/WhatsApp-Image-2019-12-05-at-05.48.59-225x300.jpeg\" alt=\"\" width=\"225\" height=\"300\" srcset=\"https:\/\/www.radiopiu.net\/wordpress\/wp-content\/uploads\/2019\/12\/WhatsApp-Image-2019-12-05-at-05.48.59-225x300.jpeg 225w, https:\/\/www.radiopiu.net\/wordpress\/wp-content\/uploads\/2019\/12\/WhatsApp-Image-2019-12-05-at-05.48.59.jpeg 768w\" sizes=\"auto, (max-width: 225px) 100vw, 225px\" \/><\/a><\/h2>\n<h2><\/h2>\n<h2><\/h2>\n<h2><\/h2>\n<h3>GLI APPUNTAMENTI DEL NATALE, NEL BORGO DI SOTTOGUDA CON IL NATALE NEI FIENILI DA PALUE PER LE VIE DEL BORGO TRA CASE E VIE DEL SEICENTO, PER PIAN TRA NEGOZI ADDOBBATI A FESTA AL MERCATINO DI SOTTOGUDA. INCANTEVOLE PROGRAMMA MUSICALE.<\/h3>\n<h3>A RIVAMONTE PER IL DECIMO ANNO\u00a0 SARA&#8217; RIVANADAL.<\/h3>\n<p><strong>DI GIANNI SANTOMASO\u00a0<\/strong><\/p>\n<audio class=\"wp-audio-shortcode\" id=\"audio-109181-5\" preload=\"none\" style=\"width: 100%;\" controls=\"controls\"><source type=\"audio\/mpeg\" src=\"https:\/\/www.radiopiu.net\/wordpress\/wp-content\/uploads\/2019\/12\/gianni-trivamonte-1.mp3?_=5\" \/><a href=\"https:\/\/www.radiopiu.net\/wordpress\/wp-content\/uploads\/2019\/12\/gianni-trivamonte-1.mp3\">https:\/\/www.radiopiu.net\/wordpress\/wp-content\/uploads\/2019\/12\/gianni-trivamonte-1.mp3<\/a><\/audio>\n<p>&nbsp;<\/p>\n<p>&nbsp;<\/p>\n<p>&nbsp;<\/p>\n<blockquote class=\"wp-embedded-content\" data-secret=\"nnuDW8fUMD\"><p><a href=\"https:\/\/www.radiopiu.net\/wordpress\/per-i-giovani-di-belluno-feltre-ecco-gli-eventi-davvento-di-renato-bona\/\">PER I GIOVANI DI BELLUNO-FELTRE ECCO GLI \u201cEVENTI D\u2019AVVENTO di RENATO BONA<\/a><\/p><\/blockquote>\n<p><iframe loading=\"lazy\" title=\"&#8220;PER I GIOVANI DI BELLUNO-FELTRE ECCO GLI \u201cEVENTI D\u2019AVVENTO di RENATO BONA&#8221; &#8212; Radio Pi\u00f9\" class=\"wp-embedded-content\" sandbox=\"allow-scripts\" security=\"restricted\" style=\"position: absolute; clip: rect(1px, 1px, 1px, 1px);\" src=\"https:\/\/www.radiopiu.net\/wordpress\/per-i-giovani-di-belluno-feltre-ecco-gli-eventi-davvento-di-renato-bona\/embed\/#?secret=nnuDW8fUMD\" data-secret=\"nnuDW8fUMD\" width=\"600\" height=\"338\" frameborder=\"0\" marginwidth=\"0\" marginheight=\"0\" scrolling=\"no\"><\/iframe><\/p>\n<p>&nbsp;<\/p>\n<p>&nbsp;<\/p>\n<p>&nbsp;<\/p>\n<h1><span style=\"color: #ff0000;\">DA VISITARE\u00a0<\/span><\/h1>\n<h2>IL PRESEPE DI VOLTAGO, LAMPI, VENTO, TUONO, NEVE EFFETTI E PARTICOLARI IN UNA CREAZIONE FATTA DI PARTICOLARI<\/h2>\n<p><strong>VOLTAGO<\/strong> Gli amici del presepe di Voltago presentano il loro capolavoro, soprattutto invitano a visitare il presepe in chiesa per scoprirne i dettagli ricamati in finissimi particolari. Paolo De Biasio con le sue mani ci ha messo del suo, fantasia e ore di impegno.<\/p>\n<div style=\"width: 640px;\" class=\"wp-video\"><video class=\"wp-video-shortcode\" id=\"video-109181-1\" width=\"640\" height=\"352\" preload=\"metadata\" controls=\"controls\"><source type=\"video\/mp4\" src=\"https:\/\/www.radiopiu.net\/wordpress\/wp-content\/uploads\/2019\/12\/WhatsApp-Video-2019-12-09-at-20.50.31.mp4?_=1\" \/><a href=\"https:\/\/www.radiopiu.net\/wordpress\/wp-content\/uploads\/2019\/12\/WhatsApp-Video-2019-12-09-at-20.50.31.mp4\">https:\/\/www.radiopiu.net\/wordpress\/wp-content\/uploads\/2019\/12\/WhatsApp-Video-2019-12-09-at-20.50.31.mp4<\/a><\/video><\/div>\n<p>&nbsp;<\/p>\n<p>&nbsp;<\/p>\n<p>&nbsp;<\/p>\n<p>&nbsp;<\/p>\n<h3>AGORDO NATALE, IL PRESEPE DEGLI AMICI DE LA VECIA POPA, ACCANTO ALLA CHIESA ARCIDIACONALE<\/h3>\n<div id=\"fb-root\"><\/div>\n<p><script async=\"1\" defer=\"1\" crossorigin=\"anonymous\" src=\"https:\/\/connect.facebook.net\/it_IT\/sdk.js#xfbml=1&amp;version=v6.0\"><\/script><\/p>\n<div class=\"fb-video\" data-href=\"https:\/\/www.facebook.com\/Mirkomezziano\/videos\/2530856677197103\/\" data-width=\"1200\">\n<blockquote cite=\"https:\/\/www.facebook.com\/Mirkomezziano\/videos\/2530856677197103\/\" class=\"fb-xfbml-parse-ignore\"><p><a href=\"https:\/\/www.facebook.com\/Mirkomezziano\/videos\/2530856677197103\/\"><\/a><\/p>\n<p>Pubblicato da <a href=\"https:\/\/www.facebook.com\/Mirkomezziano\">Mezzacasa Mirkobis Mirko<\/a> su Luned\u00ec 9 dicembre 2019<\/p><\/blockquote>\n<\/div>\n<p><span style=\"color: #ff0000;\">foto Brunella Moro<\/span><\/p>\n\n\t\t\t<style type='text\/css'>\n\t\t\t\t#gallery-1 {\n\t\t\t\t\tmargin: auto;\n\t\t\t\t}\n\t\t\t\t#gallery-1 .gallery-item {\n\t\t\t\t\tfloat: left;\n\t\t\t\t\tmargin-top: 10px;\n\t\t\t\t\ttext-align: center;\n\t\t\t\t\twidth: 33%;\n\t\t\t\t}\n\t\t\t\t#gallery-1 img {\n\t\t\t\t\tborder: 2px solid #cfcfcf;\n\t\t\t\t}\n\t\t\t\t#gallery-1 .gallery-caption {\n\t\t\t\t\tmargin-left: 0;\n\t\t\t\t}\n\t\t\t\t\/* see gallery_shortcode() in wp-includes\/media.php *\/\n\t\t\t<\/style>\n\t\t<div id='gallery-1' class='dt-gallery-container gallery galleryid-109181 gallery-columns-3 gallery-size-thumbnail'><dl class='gallery-item'>\n\t\t\t\t<dt class='gallery-icon portrait'>\n\t\t\t\t\t<a class=\"rollover\" href='https:\/\/www.radiopiu.net\/wordpress\/giornale-radiopiu-10-dicembre-2019-direttore-mirko-mezzacasa\/4b74ff39-d0d5-42a3-8e1d-a513af771124\/'><img loading=\"lazy\" decoding=\"async\" width=\"150\" height=\"150\" src=\"https:\/\/www.radiopiu.net\/wordpress\/wp-content\/uploads\/2019\/12\/4b74ff39-d0d5-42a3-8e1d-a513af771124-150x150.jpg\" class=\"attachment-thumbnail size-thumbnail\" alt=\"\" \/><\/a>\n\t\t\t\t<\/dt><\/dl><dl class='gallery-item'>\n\t\t\t\t<dt class='gallery-icon portrait'>\n\t\t\t\t\t<a class=\"rollover\" href='https:\/\/www.radiopiu.net\/wordpress\/giornale-radiopiu-10-dicembre-2019-direttore-mirko-mezzacasa\/2daad445-5163-4e5c-81d3-6e2d1111f71c\/'><img loading=\"lazy\" decoding=\"async\" width=\"150\" height=\"150\" src=\"https:\/\/www.radiopiu.net\/wordpress\/wp-content\/uploads\/2019\/12\/2daad445-5163-4e5c-81d3-6e2d1111f71c-150x150.jpg\" class=\"attachment-thumbnail size-thumbnail\" alt=\"\" \/><\/a>\n\t\t\t\t<\/dt><\/dl><dl class='gallery-item'>\n\t\t\t\t<dt class='gallery-icon portrait'>\n\t\t\t\t\t<a class=\"rollover\" href='https:\/\/www.radiopiu.net\/wordpress\/giornale-radiopiu-10-dicembre-2019-direttore-mirko-mezzacasa\/8ee8c1ec-95ae-4323-b40c-6a3c6b476f61\/'><img loading=\"lazy\" decoding=\"async\" width=\"150\" height=\"150\" src=\"https:\/\/www.radiopiu.net\/wordpress\/wp-content\/uploads\/2019\/12\/8ee8c1ec-95ae-4323-b40c-6a3c6b476f61-150x150.jpg\" class=\"attachment-thumbnail size-thumbnail\" alt=\"\" \/><\/a>\n\t\t\t\t<\/dt><\/dl><br style=\"clear: both\" \/><dl class='gallery-item'>\n\t\t\t\t<dt class='gallery-icon portrait'>\n\t\t\t\t\t<a class=\"rollover\" href='https:\/\/www.radiopiu.net\/wordpress\/giornale-radiopiu-10-dicembre-2019-direttore-mirko-mezzacasa\/1cdf03dd-62e8-4185-9ebc-aabf375013fd\/'><img loading=\"lazy\" decoding=\"async\" width=\"150\" height=\"150\" src=\"https:\/\/www.radiopiu.net\/wordpress\/wp-content\/uploads\/2019\/12\/1cdf03dd-62e8-4185-9ebc-aabf375013fd-150x150.jpg\" class=\"attachment-thumbnail size-thumbnail\" alt=\"\" \/><\/a>\n\t\t\t\t<\/dt><\/dl><dl class='gallery-item'>\n\t\t\t\t<dt class='gallery-icon portrait'>\n\t\t\t\t\t<a class=\"rollover\" href='https:\/\/www.radiopiu.net\/wordpress\/giornale-radiopiu-10-dicembre-2019-direttore-mirko-mezzacasa\/5f88a429-a8d5-4552-9199-4bc62ec5c031\/'><img loading=\"lazy\" decoding=\"async\" width=\"150\" height=\"150\" src=\"https:\/\/www.radiopiu.net\/wordpress\/wp-content\/uploads\/2019\/12\/5f88a429-a8d5-4552-9199-4bc62ec5c031-150x150.jpg\" class=\"attachment-thumbnail size-thumbnail\" alt=\"\" \/><\/a>\n\t\t\t\t<\/dt><\/dl><dl class='gallery-item'>\n\t\t\t\t<dt class='gallery-icon portrait'>\n\t\t\t\t\t<a class=\"rollover\" href='https:\/\/www.radiopiu.net\/wordpress\/giornale-radiopiu-10-dicembre-2019-direttore-mirko-mezzacasa\/c3f30f06-ed88-49c4-829d-13ceab6a61cb\/'><img loading=\"lazy\" decoding=\"async\" width=\"150\" height=\"150\" src=\"https:\/\/www.radiopiu.net\/wordpress\/wp-content\/uploads\/2019\/12\/c3f30f06-ed88-49c4-829d-13ceab6a61cb-150x150.jpg\" class=\"attachment-thumbnail size-thumbnail\" alt=\"\" \/><\/a>\n\t\t\t\t<\/dt><\/dl><br style=\"clear: both\" \/><dl class='gallery-item'>\n\t\t\t\t<dt class='gallery-icon portrait'>\n\t\t\t\t\t<a class=\"rollover\" href='https:\/\/www.radiopiu.net\/wordpress\/giornale-radiopiu-10-dicembre-2019-direttore-mirko-mezzacasa\/29cb645c-ecf3-4a11-afc4-4993a9cbcff0\/'><img loading=\"lazy\" decoding=\"async\" width=\"150\" height=\"150\" src=\"https:\/\/www.radiopiu.net\/wordpress\/wp-content\/uploads\/2019\/12\/29cb645c-ecf3-4a11-afc4-4993a9cbcff0-150x150.jpg\" class=\"attachment-thumbnail size-thumbnail\" alt=\"\" \/><\/a>\n\t\t\t\t<\/dt><\/dl><dl class='gallery-item'>\n\t\t\t\t<dt class='gallery-icon portrait'>\n\t\t\t\t\t<a class=\"rollover\" href='https:\/\/www.radiopiu.net\/wordpress\/giornale-radiopiu-10-dicembre-2019-direttore-mirko-mezzacasa\/6263c7fb-a1d4-456b-830a-fb2002301a46\/'><img loading=\"lazy\" decoding=\"async\" width=\"150\" height=\"150\" src=\"https:\/\/www.radiopiu.net\/wordpress\/wp-content\/uploads\/2019\/12\/6263c7fb-a1d4-456b-830a-fb2002301a46-150x150.jpg\" class=\"attachment-thumbnail size-thumbnail\" alt=\"\" \/><\/a>\n\t\t\t\t<\/dt><\/dl><dl class='gallery-item'>\n\t\t\t\t<dt class='gallery-icon landscape'>\n\t\t\t\t\t<a class=\"rollover\" href='https:\/\/www.radiopiu.net\/wordpress\/giornale-radiopiu-10-dicembre-2019-direttore-mirko-mezzacasa\/78609572_2549173768528240_6319960503942643712_o\/'><img loading=\"lazy\" decoding=\"async\" width=\"150\" height=\"150\" src=\"https:\/\/www.radiopiu.net\/wordpress\/wp-content\/uploads\/2019\/12\/78609572_2549173768528240_6319960503942643712_o-150x150.jpg\" class=\"attachment-thumbnail size-thumbnail\" alt=\"\" \/><\/a>\n\t\t\t\t<\/dt><\/dl><br style=\"clear: both\" \/>\n\t\t\t<\/div>\n\n<p>&nbsp;<\/p>\n<p>&nbsp;<\/p>\n<h3>NELLA TERRA DEL GRAFFITO IL PRESEPE AL LAVATOIO DI TOCCOL. NE PARLIAMO CON EROS, GIOVANNA, RENZO<\/h3>\n<div id=\"fb-root\"><\/div>\n<p><script async=\"1\" defer=\"1\" crossorigin=\"anonymous\" src=\"https:\/\/connect.facebook.net\/it_IT\/sdk.js#xfbml=1&amp;version=v6.0\"><\/script><\/p>\n<div class=\"fb-video\" data-href=\"https:\/\/www.facebook.com\/Mirkomezziano\/videos\/2530591517223619\/\" data-width=\"1200\">\n<blockquote cite=\"https:\/\/www.facebook.com\/Mirkomezziano\/videos\/2530591517223619\/\" class=\"fb-xfbml-parse-ignore\"><p><a href=\"https:\/\/www.facebook.com\/Mirkomezziano\/videos\/2530591517223619\/\"><\/a><\/p>\n<p>Presepe lavatoio Toccol ad Agordo<\/p>\n<p>Pubblicato da <a href=\"https:\/\/www.facebook.com\/Mirkomezziano\">Mezzacasa Mirkobis Mirko<\/a> su Luned\u00ec 9 dicembre 2019<\/p><\/blockquote>\n<\/div>\n<p>&nbsp;<\/p>\n<p>&nbsp;<\/p>\n<p>&nbsp;<\/p>\n<p>&nbsp;<\/p>\n<h3>IL POOH RED CANZIAN DI NUOVO AL DERSUT DI TAIBON\u00a0 TRA GIORNALE, CAFFE&#8217; E SELFI CON I FANS<\/h3>\n<p><a class=\"dt-pswp-item\" href=\"https:\/\/www.radiopiu.net\/wordpress\/wp-content\/uploads\/2019\/12\/WhatsApp-Image-2019-12-09-at-12.49.38.jpeg\" data-dt-img-description=\"\" data-large_image_width=\"1027\" data-large_image_height=\"1454\"><img loading=\"lazy\" decoding=\"async\" class=\"alignnone size-medium wp-image-109290\" src=\"https:\/\/www.radiopiu.net\/wordpress\/wp-content\/uploads\/2019\/12\/WhatsApp-Image-2019-12-09-at-12.49.38-212x300.jpeg\" alt=\"\" width=\"212\" height=\"300\" srcset=\"https:\/\/www.radiopiu.net\/wordpress\/wp-content\/uploads\/2019\/12\/WhatsApp-Image-2019-12-09-at-12.49.38-212x300.jpeg 212w, https:\/\/www.radiopiu.net\/wordpress\/wp-content\/uploads\/2019\/12\/WhatsApp-Image-2019-12-09-at-12.49.38-723x1024.jpeg 723w, https:\/\/www.radiopiu.net\/wordpress\/wp-content\/uploads\/2019\/12\/WhatsApp-Image-2019-12-09-at-12.49.38-768x1087.jpeg 768w, https:\/\/www.radiopiu.net\/wordpress\/wp-content\/uploads\/2019\/12\/WhatsApp-Image-2019-12-09-at-12.49.38.jpeg 1027w\" sizes=\"auto, (max-width: 212px) 100vw, 212px\" \/><\/a><a class=\"dt-pswp-item\" href=\"https:\/\/www.radiopiu.net\/wordpress\/wp-content\/uploads\/2019\/12\/WhatsApp-Image-2019-12-09-at-12.34.09.jpeg\" data-dt-img-description=\"\" data-large_image_width=\"1200\" data-large_image_height=\"1600\"><img loading=\"lazy\" decoding=\"async\" class=\"alignnone size-medium wp-image-109291\" src=\"https:\/\/www.radiopiu.net\/wordpress\/wp-content\/uploads\/2019\/12\/WhatsApp-Image-2019-12-09-at-12.34.09-225x300.jpeg\" alt=\"\" width=\"225\" height=\"300\" srcset=\"https:\/\/www.radiopiu.net\/wordpress\/wp-content\/uploads\/2019\/12\/WhatsApp-Image-2019-12-09-at-12.34.09-225x300.jpeg 225w, https:\/\/www.radiopiu.net\/wordpress\/wp-content\/uploads\/2019\/12\/WhatsApp-Image-2019-12-09-at-12.34.09-768x1024.jpeg 768w, https:\/\/www.radiopiu.net\/wordpress\/wp-content\/uploads\/2019\/12\/WhatsApp-Image-2019-12-09-at-12.34.09-1152x1536.jpeg 1152w, https:\/\/www.radiopiu.net\/wordpress\/wp-content\/uploads\/2019\/12\/WhatsApp-Image-2019-12-09-at-12.34.09.jpeg 1200w\" sizes=\"auto, (max-width: 225px) 100vw, 225px\" \/><\/a><a class=\"dt-pswp-item\" href=\"https:\/\/www.radiopiu.net\/wordpress\/wp-content\/uploads\/2019\/12\/78860511_2530674220548682_239706638800388096_o.jpg\" data-dt-img-description=\"\" data-large_image_width=\"720\" data-large_image_height=\"960\"><img loading=\"lazy\" decoding=\"async\" class=\"alignnone size-medium wp-image-109292\" src=\"https:\/\/www.radiopiu.net\/wordpress\/wp-content\/uploads\/2019\/12\/78860511_2530674220548682_239706638800388096_o-225x300.jpg\" alt=\"\" width=\"225\" height=\"300\" srcset=\"https:\/\/www.radiopiu.net\/wordpress\/wp-content\/uploads\/2019\/12\/78860511_2530674220548682_239706638800388096_o-225x300.jpg 225w, https:\/\/www.radiopiu.net\/wordpress\/wp-content\/uploads\/2019\/12\/78860511_2530674220548682_239706638800388096_o.jpg 720w\" sizes=\"auto, (max-width: 225px) 100vw, 225px\" \/><\/a><\/p>\n<p>&nbsp;<\/p>\n<p>&nbsp;<\/p>\n<p>&nbsp;<\/p>\n<h3>BILANCI DELL&#8217;ASCA E DELLA MUNICIPALIZZATA<\/h3>\n<p><strong>AGORDO<\/strong> Consiglio comunale di quelli importanti venerdi alle 18.45, all&#8217;ordine del giorno il bilancio dell&#8217;Asca, le variazioni al bilancio di previsione, il nuovo regolamento per l&#8217;applicazione dell&#8217;imposta comunale sulla pubblicit\u00e0 e pubbliche affissioni, Bilancio dell&#8217;Azienda Speciale Agordo Servizi (asilo nido e farmacia comunale) e approvazione modifiche regolamenti.<\/p>\n<p>&nbsp;<\/p>\n<p>&nbsp;<\/p>\n<h3>PER LE MANIFESTAZIONI DEL PROSSIMO ANNO IL COMUNE CHIAMA A RACCOLTA ASSOCIAZIONI, ENTI E PRIVATI.<\/h3>\n<p><strong>FELTRE<\/strong> L&#8217;Amministrazione comunale invita\u00a0 tutte le associazioni, i privati e gli altri soggetti interessati ad organizzazione eventi o manifestazioni pubblici di qualsivoglia natura per il 2020 a comunicarlo ENTRO IL PROSSIMO 15 GENNAIO alla mail: ufficio.manifestazioni@comune.feltre.bl.it;<br \/>\n<a class=\"dt-pswp-item\" href=\"https:\/\/www.radiopiu.net\/wordpress\/wp-content\/uploads\/2019\/12\/manifestazioni-feltre-1-1.jpg\" data-dt-img-description=\"\" data-large_image_width=\"2048\" data-large_image_height=\"1163\"><img loading=\"lazy\" decoding=\"async\" class=\"size-medium wp-image-109205 alignleft\" src=\"https:\/\/www.radiopiu.net\/wordpress\/wp-content\/uploads\/2019\/12\/manifestazioni-feltre-1-1-300x170.jpg\" alt=\"\" width=\"300\" height=\"170\" srcset=\"https:\/\/www.radiopiu.net\/wordpress\/wp-content\/uploads\/2019\/12\/manifestazioni-feltre-1-1-300x170.jpg 300w, https:\/\/www.radiopiu.net\/wordpress\/wp-content\/uploads\/2019\/12\/manifestazioni-feltre-1-1-1024x582.jpg 1024w, https:\/\/www.radiopiu.net\/wordpress\/wp-content\/uploads\/2019\/12\/manifestazioni-feltre-1-1-768x436.jpg 768w, https:\/\/www.radiopiu.net\/wordpress\/wp-content\/uploads\/2019\/12\/manifestazioni-feltre-1-1-1536x872.jpg 1536w, https:\/\/www.radiopiu.net\/wordpress\/wp-content\/uploads\/2019\/12\/manifestazioni-feltre-1-1.jpg 2048w\" sizes=\"auto, (max-width: 300px) 100vw, 300px\" \/><\/a>Recapito tel. 0439 885385. Nella comunicazione dovranno essere indicati gli elementi principali di ciascuna proposta, ovvero il nome del soggetto proponente, i dati di un referente, un recapito telefonico e di posta elettronica per future comunicazioni. Dell\u2019evento proposto dovranno essere indicati la data, il titolo, il luogo di svolgimento e una breve descrizione generale.<\/p>\n<blockquote><p><em>\u201cL\u2019obiettivo\u201d, sottolinea il presidente del consiglio comunale di Feltre con la delega alle manifestazioni Manuel Sacchet, \u201c\u00e8 quello conoscere, per quanto possibile, la data individuata per lo svolgimento di ciascun evento affinch\u00e8 la collocazione temporale sia la pi\u00f9 opportuna ed adeguata, proprio nell\u2019intento dare a ogni manifestazione adeguato risalto e soddisfazione. Sappiamo bene quanto lavorino le nostre associazioni, nella gran parte dei casi sostenute quasi esclusivamente dal volontariato, per promuovere le proprie attivit\u00e0, spesso destinate a finalit\u00e0 benefiche. Per questo chiediamo la collaborazione di tutti nel fornirci gli elementi utili a creare una sorta di palinsesto condiviso degli eventi e delle manifestazioni pubbliche per il 2020\u201d.<\/em><\/p><\/blockquote>\n<p>&nbsp;<\/p>\n<p>&nbsp;<\/p>\n<h3>IL COMUNE DI PONTE NELLE ALPI SOSTIENE I GIOVANI NELLO SPORT<\/h3>\n<p><strong><a class=\"dt-pswp-item\" href=\"https:\/\/www.radiopiu.net\/wordpress\/wp-content\/uploads\/2019\/08\/ponte-nelle-alpi-1.jpg\" data-dt-img-description=\"\" data-large_image_width=\"290\" data-large_image_height=\"218\"><img loading=\"lazy\" decoding=\"async\" class=\"size-full wp-image-95604 alignleft\" src=\"https:\/\/www.radiopiu.net\/wordpress\/wp-content\/uploads\/2019\/08\/ponte-nelle-alpi-1.jpg\" alt=\"\" width=\"290\" height=\"218\" \/><\/a><\/strong><\/p>\n<p>&nbsp;<\/p>\n<p>&nbsp;<\/p>\n<p>&nbsp;<\/p>\n<p>&nbsp;<\/p>\n<p>&nbsp;<\/p>\n<p><strong>PONTE NELLE ALPI<\/strong> Le condizioni per accedere ai contributi.<\/p>\n<p><strong>DI DAMIANO TORMEN\u00a0<\/strong><\/p>\n<audio class=\"wp-audio-shortcode\" id=\"audio-109181-6\" preload=\"none\" style=\"width: 100%;\" controls=\"controls\"><source type=\"audio\/mpeg\" src=\"https:\/\/www.radiopiu.net\/wordpress\/wp-content\/uploads\/2019\/12\/ponte-nele-alpi.mp3?_=6\" \/><a href=\"https:\/\/www.radiopiu.net\/wordpress\/wp-content\/uploads\/2019\/12\/ponte-nele-alpi.mp3\">https:\/\/www.radiopiu.net\/wordpress\/wp-content\/uploads\/2019\/12\/ponte-nele-alpi.mp3<\/a><\/audio>\n<p>&nbsp;<\/p>\n<p>&nbsp;<\/p>\n<p>&nbsp;<\/p>\n<h3>I COSCRITTI DAI SINDACI CON LA COSTITUZIONE<\/h3>\n<p><strong>CANALE D&#8217;AGORDO<\/strong>\u00a0 I primi cittadini di Canale d&#8217;Agordo Flavio Colcergnan e Vallada, Fabio Luchetta sabato alle 16 in sala conferenze &#8220;ex Cavallino&#8221; di Canale d&#8217;Agordo incontreranno i neo diciottenni dei due Comuni della Valle del Biois. All&#8217;incontro anche la dottoressa Francesca De Biasi, presidente delegata al fondo Welfare provinciale e identit\u00e0 territoriale che presenter\u00e0 i progetti finalizzati al contrasto dello spopolamento aiutando i giovani a rimanere ed operare sul territorio. All&#8217;incontro anche l&#8217;associazione Donatori del sangue di Canale e Vallada.<\/p>\n<p>&nbsp;<\/p>\n<p>&nbsp;<\/p>\n<p>&nbsp;<\/p>\n<h3><span style=\"color: #ff0000;\">DAL NOTIZIARIO DI GIOVEDI 5 DICEMBRE<\/span><\/h3>\n<div class=\"page-title-head hgroup\">\n<h3 class=\"entry-title\">L\u2019APP MUNICIPIUM ANCHE PER IL COMUNE DI TAIBON<\/h3>\n<\/div>\n<div class=\"page-title-breadcrumbs\"><strong><a class=\"dt-pswp-item\" href=\"https:\/\/www.radiopiu.net\/wordpress\/wp-content\/uploads\/2019\/12\/8cf3555d-3d0e-4ef9-ab70-e173a6677ff8.jpg\" data-dt-img-description=\"\" data-large_image_width=\"720\" data-large_image_height=\"1440\"><img loading=\"lazy\" decoding=\"async\" class=\"size-medium wp-image-108806 alignleft\" src=\"https:\/\/www.radiopiu.net\/wordpress\/wp-content\/uploads\/2019\/12\/8cf3555d-3d0e-4ef9-ab70-e173a6677ff8-150x300.jpg\" alt=\"\" width=\"150\" height=\"300\" srcset=\"https:\/\/www.radiopiu.net\/wordpress\/wp-content\/uploads\/2019\/12\/8cf3555d-3d0e-4ef9-ab70-e173a6677ff8-150x300.jpg 150w, https:\/\/www.radiopiu.net\/wordpress\/wp-content\/uploads\/2019\/12\/8cf3555d-3d0e-4ef9-ab70-e173a6677ff8-512x1024.jpg 512w, https:\/\/www.radiopiu.net\/wordpress\/wp-content\/uploads\/2019\/12\/8cf3555d-3d0e-4ef9-ab70-e173a6677ff8.jpg 720w\" sizes=\"auto, (max-width: 150px) 100vw, 150px\" \/><\/a>TAIBON<\/strong> La nuova app per tutti gli apparecchi cellulari che fa riferimento alla vita dei Municipi il Comune di Taibon ed in particolare l&#8217;agente di Polizia Locale Gilberto Fossen, ha avuto modo di provarla nei giorni dell&#8217;emergenza dell&#8217;allarme arancione con la chiusura della strade per Col di Pra, Val Corpassa e comunale in localit\u00e0 Campagna. Grazie a questa soluzione scelta dall\u2019Amministrazione Comunale, ora sar\u00e0 possibile per i cittadini di Taibon Agordino ricevere news tramite notifica push dal Comune, conoscere gli eventi sul proprio territorio, avere accesso a informazioni utili e di servizio per la raccolta differenziata dei rifiuti, consultare le mappe che il Comune andr\u00e0 a costruire localizzando i punti di interesse del territorio. Toccando le barrette presenti in alto a sinistra della schermata, potrai accedere alle varie voci di men\u00f9 e selezionare la sezione di tuo interesse. Municipium \u00e8 un servizio esteso su pi\u00f9 Comuni italiani e, come tale, migliora e si sviluppa molto velocemente. Inoltre se nel tuo territorio altri Comuni vicini hanno adottato il servizio, dalla schermata iniziale sar\u00e0 sufficiente toccare i tre pallini in alto a destra e consultare la lista degli enti presenti: il cittadino potr\u00e0 passare quindi da un Comune all\u2019altro stando sempre all\u2019interno di Municipium. La nuova appa si presenta con un primo piano del Muncipio,\u00a0 nel menu&#8217;: Info utili, Protezione civile, Notizie, Eventi, Rifiuti e Mappe. Ed ecco le notizie di protezione civile piuttosto che il calendario della raccolta dei rifiuti in collaborazione con Valpe. Tra le ultime notizie pubblicate l&#8217;avviso per il 730 e la raccolta firme per il riconocimento della lingua veneta. Il resto? Tutto da scoprire con dei clic molto intuitivi perch\u00e9 l&#8217;app \u00e8 alla portata di tutti.<\/div>\n<div><\/div>\n<p>&nbsp;<\/p>\n<p>&nbsp;<\/p>\n<p>&nbsp;<\/p>\n<p>&nbsp;<\/p>\n<h3>IL LOLLINO SI PRESENTA: APPUNTAMENTO SABATO 14 DICEMBRE<\/h3>\n<p><strong>BELLUNO<\/strong>\u00a0 Studenti e insegnanti del liceo Lollino classico e scientifico sono pronti ad accogliere i ragazzi delle secondarie di primo grado e i loro genitori, per accompagnarli alla scoperta dell\u2019offerta formativa che caratterizza la scuola.\u00a0 Sabato 14 dicembre 2019, dalle 15 alle 18, nei locali di via San Pietro a Belluno, verranno presentati gli indirizzi classico e scientifico e ci sar\u00e0 la possibilit\u00e0 di frequentare i laboratori di fisica, matematica, scienze, inglese, latino e greco.\u00a0 La scuola sar\u00e0 aperta anche durante lo studio assistito pomeridiano di dicembre e gennaio, il marted\u00ec, mercoled\u00ec e gioved\u00ec dalle 14 alle 16.<\/p>\n<p>&nbsp;<\/p>\n<p>&nbsp;<\/p>\n<h2>Appuntamento al Mercoled\u00ec della Salute. Intossicazioni da monossido di carbonio: cosa \u00e8 bene sapere?<\/h2>\n<p><strong>FELTRE<\/strong>\u00a0 \u00a0Visti i recenti fatti di cronaca su intossicazioni di monossido di carbonio, l\u2019Ulss dolomiti ha organizzato un Mercoled\u00ec della Salute sul tema in collaborazione con il Comandi dei Vigili del Fuoco di Belluno.\u00a0 Domani alle 18.00 nella sala convegni dell\u2019ospedale di Feltre si parler\u00e0 dei rischi del monossido di carbonio con Stefania Peterle, dirigente chimico dello SPISAL dell\u2019Ulss Dolomiti , Fabio Jerman, architetto dei Vigili del Fuoco del Comando di Belluno e i medici del Pronto Soccorso di Feltre Alian Fiorot e Michela Faleschini. Modera il responsabile delle professioni sanitarie del territorio Marco dal pont.<\/p>\n<p>&nbsp;<\/p>\n<p>&nbsp;<\/p>\n<h3>GLI ALBERI DEI NOSTRI BOSCHI<\/h3>\n<blockquote><p><strong><em>storie, leggende e tradizioni<\/em><\/strong><\/p><\/blockquote>\n<p><strong><a class=\"dt-pswp-item\" href=\"https:\/\/www.radiopiu.net\/wordpress\/wp-content\/uploads\/2019\/12\/Balech-Cilladon-di-Quero4.jpg\" data-dt-img-description=\"\" data-large_image_width=\"658\" data-large_image_height=\"991\"><img loading=\"lazy\" decoding=\"async\" class=\"wp-image-109279 alignleft\" src=\"https:\/\/www.radiopiu.net\/wordpress\/wp-content\/uploads\/2019\/12\/Balech-Cilladon-di-Quero4-199x300.jpg\" alt=\"\" width=\"147\" height=\"223\" \/><\/a>LONGARONE<\/strong> Gli alberi da un altro punto di vista, cos\u00ec potrebbe intitolarsi la presentazione di Anacleto Boranga, divulgatore naturalistico, nell\u2019incontro di gioved\u00ec 12 dicembre, alle ore 18,15, presso la Sala Popoli d\u2019Europa di Longarone. Gli alberi sono come noi, ciascuno con un proprio carattere, forma e portamento, Attorno a loro si sono formate tradizioni e si sono costruite storie, leggende, credenze popolari e modi di dire. Spaziando anche nell\u2019immaginario si andr\u00e0 alla scoperta dei temperamenti degli alberi in cui ci si potr\u00e0 anche identificare. L\u2019incontro fa parte della Rassegna Culturale VIVERE SECONDO NATURA, promossa dal Comune e Biblioteca Civica di Longarone.<\/p>\n<p>&nbsp;<\/p>\n<p>&nbsp;<\/p>\n<p>&nbsp;<\/p>\n<p>&nbsp;<\/p>\n<p>&nbsp;<\/p>\n<p>&nbsp;<\/p>\n<h3><a class=\"dt-pswp-item\" href=\"https:\/\/www.radiopiu.net\/wordpress\/wp-content\/uploads\/2019\/12\/2.jpg\" data-dt-img-description=\"\" data-large_image_width=\"1900\" data-large_image_height=\"1267\"><img loading=\"lazy\" decoding=\"async\" class=\" wp-image-109214 alignleft\" src=\"https:\/\/www.radiopiu.net\/wordpress\/wp-content\/uploads\/2019\/12\/2-300x200.jpg\" alt=\"\" width=\"197\" height=\"131\" srcset=\"https:\/\/www.radiopiu.net\/wordpress\/wp-content\/uploads\/2019\/12\/2-300x200.jpg 300w, https:\/\/www.radiopiu.net\/wordpress\/wp-content\/uploads\/2019\/12\/2-1024x683.jpg 1024w, https:\/\/www.radiopiu.net\/wordpress\/wp-content\/uploads\/2019\/12\/2-768x512.jpg 768w, https:\/\/www.radiopiu.net\/wordpress\/wp-content\/uploads\/2019\/12\/2-1536x1024.jpg 1536w, https:\/\/www.radiopiu.net\/wordpress\/wp-content\/uploads\/2019\/12\/2.jpg 1900w\" sizes=\"auto, (max-width: 197px) 100vw, 197px\" \/><\/a>CONCERTO DELLA RSA LE MARMAROLE DI PIEVE DI CADORE<\/h3>\n<p><strong>BELLUNO<\/strong>\u00a0 L\u2019ULSS 1 Dolomiti partecipa all\u2019iniziativa \u201cViaggio nella musica, la medicina dello spirito\u201d una rassegna di spettacoli coordinato dal circuito Arteven, sostenuto dalla Regione del Veneto con lo scopo di portare conforto nei luoghi di cura e che coinvolge 7 ULSS del Veneto le quali, fino alla fine del mese di dicembre, ospiteranno nelle proprie strutture concerti e cori.\u00a0 Oggi alle 17 presso la sala riunioni della RSA Le Marmarole si esibir\u00e0 in concerto il Grupo Violopera con il Piccolo Ensemble Trevigiano.<\/p>\n<p>&nbsp;<\/p>\n<p>&nbsp;<\/p>\n<p>&nbsp;<\/p>\n<h3>GLI EVENTI DEL FINE SETTIMANA A SOSPIROLO CON LA PRO LOCO<\/h3>\n<p><strong><a class=\"dt-pswp-item\" href=\"https:\/\/www.radiopiu.net\/wordpress\/wp-content\/uploads\/2019\/12\/Dottor-Clown-Belluno.jpg\" data-dt-img-description=\"\" data-large_image_width=\"1600\" data-large_image_height=\"1200\"><img loading=\"lazy\" decoding=\"async\" class=\"wp-image-109215 alignleft\" src=\"https:\/\/www.radiopiu.net\/wordpress\/wp-content\/uploads\/2019\/12\/Dottor-Clown-Belluno-300x225.jpg\" alt=\"\" width=\"211\" height=\"158\" srcset=\"https:\/\/www.radiopiu.net\/wordpress\/wp-content\/uploads\/2019\/12\/Dottor-Clown-Belluno-300x225.jpg 300w, https:\/\/www.radiopiu.net\/wordpress\/wp-content\/uploads\/2019\/12\/Dottor-Clown-Belluno-1024x768.jpg 1024w, https:\/\/www.radiopiu.net\/wordpress\/wp-content\/uploads\/2019\/12\/Dottor-Clown-Belluno-768x576.jpg 768w, https:\/\/www.radiopiu.net\/wordpress\/wp-content\/uploads\/2019\/12\/Dottor-Clown-Belluno-1536x1152.jpg 1536w, https:\/\/www.radiopiu.net\/wordpress\/wp-content\/uploads\/2019\/12\/Dottor-Clown-Belluno.jpg 1600w\" sizes=\"auto, (max-width: 211px) 100vw, 211px\" \/><\/a>SOSPIROLO<\/strong> Sabato, alle 20.45 al Centro civico, sar\u00e0 proiettato il docufilm \u201cGabelli, la scuola pi\u00f9 bella d\u2019Italia\u201d su invito della Biblioteca civica di Sospirolo con la Pro loco. \u00c8 prodotto dall\u2019associazione culturale Belluno Ciak.\u00a0 Domenica 15, sempre al Centro civico ma alle 17.30, ci sar\u00e0 lo spettacolo \u201cDiamoci una mano\u2026 Cos\u00ec Si Vola!\u201d, scritto e realizzato dai Dottor Clown Belluno,omaggio ai volontari e ai Centri di servizio per il volontariato di tutta Italia. Al di l\u00e0 dello spettacolo teatrale, nel loro agire quotidiano, i Dottor Clown praticano la \u201cterapia del sorriso\u201d principalmente dentro i reparti pediatrici delle strutture ospedaliere e in tutti i luoghi dove il sorriso aiuta a stare bene. Ingresso libero a entrambi gli eventi.<\/p>\n<p>&nbsp;<\/p>\n<p>&nbsp;<\/p>\n<p>&nbsp;<\/p>\n<p>&nbsp;<\/p>\n<h2><span style=\"color: #ff0000;\">IERI ALLA RADIO&#8230; PIAVE<\/span><\/h2>\n<blockquote><p><em>Nel ricordo di quel primo articolo per l&#8217;Amico del Popolo nello studio che fu di Maurizio Dorigo, voce di Radio Pi\u00f9 nei primi anni Ottanta.<\/em><\/p><\/blockquote>\n<h3>Da intervistatore a intervistato, una bella emozione, sempre. Grazie all&#8217;amico Luigi Guglielmi.<\/h3>\n<div id=\"fb-root\"><\/div>\n<p><script async=\"1\" defer=\"1\" crossorigin=\"anonymous\" src=\"https:\/\/connect.facebook.net\/it_IT\/sdk.js#xfbml=1&amp;version=v6.0\"><\/script><\/p>\n<div class=\"fb-video\" data-href=\"https:\/\/www.facebook.com\/lamicodelpopolo1909\/videos\/708142362927444\/\" data-width=\"1200\">\n<blockquote cite=\"https:\/\/www.facebook.com\/lamicodelpopolo1909\/videos\/708142362927444\/\" class=\"fb-xfbml-parse-ignore\"><p><a href=\"https:\/\/www.facebook.com\/lamicodelpopolo1909\/videos\/708142362927444\/\">Mirko Mezzacasa, una vita per Radio Pi\u00f9<\/a><\/p>\n<p>Mirko Mezzacasa, una vita per Radio Pi\u00f9. Conduce in studio Luigi Guglielmi.<\/p>\n<p>Pubblicato da <a href=\"https:\/\/www.facebook.com\/lamicodelpopolo1909\/\">L&#039;Amico del Popolo<\/a> su Luned\u00ec 9 dicembre 2019<\/p><\/blockquote>\n<\/div>\n<p>&nbsp;<\/p>\n<p>&nbsp;<\/p>\n<p>&nbsp;<\/p>\n<p>&nbsp;<\/p>\n<h3><a class=\"dt-pswp-item\" href=\"http:\/\/www.radiopiu.net\/wordpress\/wp-content\/uploads\/2018\/09\/appuntamenti.jpeg\" data-dt-img-description=\"\" data-large_image_width=\"800\" data-large_image_height=\"100\"><img loading=\"lazy\" decoding=\"async\" class=\"aligncenter wp-image-61958 size-full\" src=\"http:\/\/www.radiopiu.net\/wordpress\/wp-content\/uploads\/2018\/09\/appuntamenti.jpeg\" alt=\"\" width=\"800\" height=\"100\" srcset=\"https:\/\/www.radiopiu.net\/wordpress\/wp-content\/uploads\/2018\/09\/appuntamenti.jpeg 800w, https:\/\/www.radiopiu.net\/wordpress\/wp-content\/uploads\/2018\/09\/appuntamenti-300x38.jpeg 300w, https:\/\/www.radiopiu.net\/wordpress\/wp-content\/uploads\/2018\/09\/appuntamenti-768x96.jpeg 768w\" sizes=\"auto, (max-width: 800px) 100vw, 800px\" \/><\/a><\/h3>\n<h3><\/h3>\n<h3>LA MUSICA PER VEDERE, CONCERTO DI SOLIDARIETA&#8217; A FAVORE DEL CENTRO CANI GUIDA DI LIMBIATE, MILANO<\/h3>\n<p><strong>BELLUNO<\/strong> Oggi all\u2019interno dell\u2019evento musicale La Musica per vedere in programma al Teatro Comunale di Belluno, verr\u00e0 consegnato un cane guida a una persona non vedente. L\u2019inziativa \u00e8 organizzata dall\u2019Istituto Comprensivo Belluno 1 e dal Lions Club Feltre Castello di Alboino, in collaborazione con l\u2019Associazione Danza Oltre, l\u2019Istituto Comprensivo 3 e i licei bellunesi classico Tiziano e scientifico Galilei.<\/p>\n<p>&nbsp;<\/p>\n<h3>DINO BUZZATI : UN PROFETA DELLE DOLOMITI<\/h3>\n<p><strong>BELLUNO<\/strong> Viaggio negli scritti senza tempo dello scrittore bellunese, domani alle\u00a0 20.30 nella Sala Parrocchiale di Cavarzano PARTECIPANTI\u00a0 \u00a0Organizzazione: TAM \u2013 Sezione CAI di Belluno,\u00a0 Musica: Coro CAI di Belluno, Commenti a cura di: Federico Bressan,\u00a0 Letture a cura di: Bretelle Lasche<\/p>\n<p>&nbsp;<\/p>\n<h3>DOPO IL SUCCESSO DELLA PRIMA AL TEATRO COMUNALE DI BELLUNO &#8220;LA VOCE DEL BOSCO&#8221;\u00a0 A FALCADE CINEMA DOLOMITI GIOVEDI 12 DICEMBRE<\/h3>\n<blockquote><p><em>Primo spettacolo alle 20, Secondo spettacolo alle 21.30, il ricavato andr\u00e0 a favore del progetto sentieriestica nei Comuni di Canale d&#8217;Agordo Vallada e Falcade. &#8220;La voce del Bosco&#8221; \u00e8 un docu film di Dimitri Feltrin con Francesca Gallo. L&#8217;inziativa \u00e8 dell&#8217;Union Ladina Val\u00a0 Biois<\/em><\/p><\/blockquote>\n<p>&nbsp;<\/p>\n<p>&nbsp;<\/p>\n<blockquote>\n<h2><a class=\"dt-pswp-item\" href=\"http:\/\/www.radiopiu.net\/wordpress\/wp-content\/uploads\/2019\/08\/La-Val-che-Urla-Fiammetta-Mirko.jpg\" data-dt-img-description=\"\" data-large_image_width=\"1920\" data-large_image_height=\"1080\"><img loading=\"lazy\" decoding=\"async\" class=\" wp-image-95546 alignleft\" src=\"http:\/\/www.radiopiu.net\/wordpress\/wp-content\/uploads\/2019\/08\/La-Val-che-Urla-Fiammetta-Mirko-300x169.jpg\" alt=\"\" width=\"213\" height=\"120\" srcset=\"https:\/\/www.radiopiu.net\/wordpress\/wp-content\/uploads\/2019\/08\/La-Val-che-Urla-Fiammetta-Mirko-300x169.jpg 300w, https:\/\/www.radiopiu.net\/wordpress\/wp-content\/uploads\/2019\/08\/La-Val-che-Urla-Fiammetta-Mirko-768x432.jpg 768w, https:\/\/www.radiopiu.net\/wordpress\/wp-content\/uploads\/2019\/08\/La-Val-che-Urla-Fiammetta-Mirko-1024x576.jpg 1024w, https:\/\/www.radiopiu.net\/wordpress\/wp-content\/uploads\/2019\/08\/La-Val-che-Urla-Fiammetta-Mirko.jpg 1920w\" sizes=\"auto, (max-width: 213px) 100vw, 213px\" \/><\/a>13 DICEMBRE A FIERA DI PRIMIERO, 4 GENNAIO 2020 AD AGORDO IN SALA DON TAMIS. IL &#8220;NOSTRO&#8221; FILM. DI LUCIA ZANETTIN LA VAL CHE URLA.<\/h2>\n<\/blockquote>\n<p><span style=\"color: #ff0000;\"><strong>AUDIO TRAILER<\/strong><\/span><\/p>\n<audio class=\"wp-audio-shortcode\" id=\"audio-109181-7\" preload=\"none\" style=\"width: 100%;\" controls=\"controls\"><source type=\"audio\/mpeg\" src=\"http:\/\/www.radiopiu.net\/wordpress\/wp-content\/uploads\/2019\/12\/TRAILER.mp3?_=7\" \/><a href=\"http:\/\/www.radiopiu.net\/wordpress\/wp-content\/uploads\/2019\/12\/TRAILER.mp3\">http:\/\/www.radiopiu.net\/wordpress\/wp-content\/uploads\/2019\/12\/TRAILER.mp3<\/a><\/audio>\n<p>&nbsp;<\/p>\n<p>&nbsp;<\/p>\n<p>&nbsp;<\/p>\n<p>&nbsp;<\/p>\n<h3><a class=\"dt-pswp-item\" href=\"http:\/\/www.radiopiu.net\/wordpress\/wp-content\/uploads\/2019\/11\/76695063_2395894000740298_6989106160867475456_o.jpg\" data-dt-img-description=\"\" data-large_image_width=\"687\" data-large_image_height=\"960\"><img loading=\"lazy\" decoding=\"async\" class=\" wp-image-107894 alignleft\" src=\"http:\/\/www.radiopiu.net\/wordpress\/wp-content\/uploads\/2019\/11\/76695063_2395894000740298_6989106160867475456_o-215x300.jpg\" alt=\"\" width=\"153\" height=\"213\" srcset=\"https:\/\/www.radiopiu.net\/wordpress\/wp-content\/uploads\/2019\/11\/76695063_2395894000740298_6989106160867475456_o-215x300.jpg 215w, https:\/\/www.radiopiu.net\/wordpress\/wp-content\/uploads\/2019\/11\/76695063_2395894000740298_6989106160867475456_o.jpg 687w\" sizes=\"auto, (max-width: 153px) 100vw, 153px\" \/><\/a><\/h3>\n<h3><\/h3>\n<h3>KRAMPUS, IL RITORNO PER IL TERZO ANNO NEL RICORDO DI DON STEFANO PONTIL<\/h3>\n<p><strong>VOLTAGO<\/strong> Per il terzo anno ritornano i Krampus in piazza a Frassen\u00e8. Domenica 15 DICEMBRE alle 19 e per la prima volta sar\u00e0 disponibile anche l&#8217;abbigliamento dei Krampus. Presentazione dell&#8217;evento alla radio con Valther Da Campo del gruppo giovani del paese.<\/p>\n<audio class=\"wp-audio-shortcode\" id=\"audio-109181-8\" preload=\"none\" style=\"width: 100%;\" controls=\"controls\"><source type=\"audio\/mpeg\" src=\"http:\/\/www.radiopiu.net\/wordpress\/wp-content\/uploads\/2019\/12\/WALTHER-DA-CAMPO.mp3?_=8\" \/><a href=\"http:\/\/www.radiopiu.net\/wordpress\/wp-content\/uploads\/2019\/12\/WALTHER-DA-CAMPO.mp3\">http:\/\/www.radiopiu.net\/wordpress\/wp-content\/uploads\/2019\/12\/WALTHER-DA-CAMPO.mp3<\/a><\/audio>\n<p>&nbsp;<\/p>\n<p>&nbsp;<\/p>\n<p>&nbsp;<\/p>\n<p>&nbsp;<\/p>\n<h2><span style=\"color: #ff0000;\"><a class=\"dt-pswp-item\" href=\"http:\/\/www.radiopiu.net\/wordpress\/wp-content\/uploads\/2019\/11\/image003.jpg\" data-dt-img-description=\"\" data-large_image_width=\"664\" data-large_image_height=\"332\"><img loading=\"lazy\" decoding=\"async\" class=\"size-medium wp-image-107663 alignleft\" src=\"http:\/\/www.radiopiu.net\/wordpress\/wp-content\/uploads\/2019\/11\/image003-300x150.jpg\" alt=\"\" width=\"300\" height=\"150\" srcset=\"https:\/\/www.radiopiu.net\/wordpress\/wp-content\/uploads\/2019\/11\/image003-300x150.jpg 300w, https:\/\/www.radiopiu.net\/wordpress\/wp-content\/uploads\/2019\/11\/image003.jpg 664w\" sizes=\"auto, (max-width: 300px) 100vw, 300px\" \/><\/a>L&#8217;EVENTO&#8230; UN LIBRO PER 40 ANNI<\/span><\/h2>\n<p><strong>ALLEGH<\/strong>E Sabato 21 dicembre alle 16 in sala Antonio Franceschini ad Alleghe sar\u00e0 presentato il nuovo libro &#8220;Sci Club Alleghe, 40 anni di sport&#8221;. Sar\u00e0 il giorno della festa per i 40 anni di attivit\u00e0 del sodalizio.<\/p>\n<p>&nbsp;<\/p>\n<p>&nbsp;<\/p>\n<p>&nbsp;<\/p>\n<p><strong>LONGARONE<\/strong> Domenica 22 dicembre festa degli anziani ed emigranti del longaronese, 11 messa a Igne, 12.30 pranzo a Villanova di Longarone. Prenotazioni allo 0437 575811<\/p>\n<p>&nbsp;<\/p>\n<p>&nbsp;<\/p>\n<h2><span style=\"color: #ff0000;\">LA LETTERA<\/span><\/h2>\n<p><strong>di Franco Piacentini, Feltre.<\/strong><\/p>\n<blockquote><p>Da un po&#8217; di tempo (effettivamente\u00a0 troppo) il nostro Paese, sul versante politico, anche a livello internazionale, non \u00e8 molto credibile. Quotidianamente sul palcoscenico mediatico si alternano alcuni personaggi della politica che solo (unicamente) per interessi elettorali, attaccando polemicamente e duramente gli avversari (a volte considerati pericolosi nemici) promettono &#8220;mari e monti&#8221; a tutti. Ovviamente solo gli ingenui (in buona fede) creduloni cadono nel tranello di questi personaggi. Per fortuna che in Italia (soprattutto la parte pi\u00f9 giovane del nostro Paese) non tutti passivamente danno ascolto alle sirene della pseudo-politica. La dimostrazione pi\u00f9\u00a0 lampante (cristallina) di questi giorni\u00a0 la si riscontra nella grandissima, straordinaria, pacifica, allegra, colorata, spontanea mobilitazione delle &#8220;sardine&#8221;. Piazze strapiene di &#8220;sardine&#8221; per chiedere (rivendicare) una politica seria, onesta, credibile, rispettosa, e soprattutto una politica (intesa come governo nazionale e\u00a0 come amministrazioni di regioni, comuni, province e aree metropolitane) che doverosamente applichi i principi, i diretti e doveri della Carta Costituzionale. Purtroppo, da parti non secondarie della politica italiana, le proposte che si alzano dalle piazze delle &#8220;sardine&#8221;, non vengono minimamente prese in considerazione. Anzi, le considerano fastidiose interferenze. Per questi infastiditi politici le piazze, invece di &#8220;innocue sardine&#8221; dovrebbero riempirsi\u00a0 (metaforicamente scrivendo) di &#8220;pescecani&#8221;.<\/p>\n<p>&nbsp;<\/p><\/blockquote>\n<p>&nbsp;<\/p>\n<p>&nbsp;<\/p>\n<p><a class=\"dt-pswp-item\" href=\"http:\/\/www.radiopiu.net\/wordpress\/wp-content\/uploads\/2018\/09\/sport.jpg\" data-dt-img-description=\"\" data-large_image_width=\"800\" data-large_image_height=\"100\"><img loading=\"lazy\" decoding=\"async\" class=\"wp-image-60761 size-full aligncenter\" src=\"http:\/\/www.radiopiu.net\/wordpress\/wp-content\/uploads\/2018\/09\/sport.jpg\" alt=\"\" width=\"800\" height=\"100\" srcset=\"https:\/\/www.radiopiu.net\/wordpress\/wp-content\/uploads\/2018\/09\/sport.jpg 800w, https:\/\/www.radiopiu.net\/wordpress\/wp-content\/uploads\/2018\/09\/sport-300x38.jpg 300w, https:\/\/www.radiopiu.net\/wordpress\/wp-content\/uploads\/2018\/09\/sport-768x96.jpg 768w\" sizes=\"auto, (max-width: 800px) 100vw, 800px\" \/><\/a><\/p>\n<h3><\/h3>\n<p>&nbsp;<\/p>\n<h2>L&#8217;ALLEGHE HOCKEY PREMIATO A BELLUNO<\/h2>\n<p><a class=\"dt-pswp-item\" href=\"https:\/\/www.radiopiu.net\/wordpress\/wp-content\/uploads\/2019\/12\/PREMIO-ALLEGHE-LEVIS.jpeg\" data-dt-img-description=\"\" data-large_image_width=\"1600\" data-large_image_height=\"1200\"><img loading=\"lazy\" decoding=\"async\" class=\"size-medium wp-image-109224 alignleft\" src=\"https:\/\/www.radiopiu.net\/wordpress\/wp-content\/uploads\/2019\/12\/PREMIO-ALLEGHE-LEVIS-300x225.jpeg\" alt=\"\" width=\"300\" height=\"225\" srcset=\"https:\/\/www.radiopiu.net\/wordpress\/wp-content\/uploads\/2019\/12\/PREMIO-ALLEGHE-LEVIS-300x225.jpeg 300w, https:\/\/www.radiopiu.net\/wordpress\/wp-content\/uploads\/2019\/12\/PREMIO-ALLEGHE-LEVIS-1024x768.jpeg 1024w, https:\/\/www.radiopiu.net\/wordpress\/wp-content\/uploads\/2019\/12\/PREMIO-ALLEGHE-LEVIS-768x576.jpeg 768w, https:\/\/www.radiopiu.net\/wordpress\/wp-content\/uploads\/2019\/12\/PREMIO-ALLEGHE-LEVIS-1536x1152.jpeg 1536w, https:\/\/www.radiopiu.net\/wordpress\/wp-content\/uploads\/2019\/12\/PREMIO-ALLEGHE-LEVIS.jpeg 1600w\" sizes=\"auto, (max-width: 300px) 100vw, 300px\" \/><\/a><strong>BELLUNO<\/strong> Il 29 novembre scorso, nella sala Zanardelli della prefettura di Belluno, si \u00e8 svolta la festa dello sport dove sono state premiate alcune societ\u00e0 sportive bellunesi. Tra queste anche l&#8217;Alleghe Hockey a cui \u00e8 stato consegnato il Premio Gruppo Giovani Imprenditori Confindustria Belluno Dolomiti. Le motivazioni: Per l&#8217;attivit\u00e0 svolta negli anni a favore dei giovani e per la promozione di questo sport a livello provinciale e nazionale. A ritirare il premio Adriano Levis e Patrick De Silvestro, dirigenti dell&#8217;Alleghe Hockey.<\/p>\n<p>&nbsp;<\/p>\n<p>&nbsp;<\/p>\n<h2>VOLLEY CLUB AGORDINO: IL GIORNO DOPO LA VITTORIA IN COPPA<\/h2>\n<p>Di sicuro Livio De Nardin se la ricorder\u00e0 a lungo la serata di domenica scorsa. Il coach del Volley Club Agordino ha accompagnato le sue ragazze alla conquista del titolo in Coppa di Terza Divisione. Una grande soddisfazione per tutto lo staff della squadra di Agordo che per l&#8217;occasione \u00e8 riuscita a portare nella palestra di Carbonera un nutrito gruppo di agordini che non hanno mollato un secondo nel incitare il Volley Club Agordino. Questo grazie anche a coloro che lavorano dietro le quinte come Gianprimo Forcellini, uno che al volley Agordino ha dato tantissimo in questi anni. Un pomeriggio indimenticabile anche per le ragazze che hanno capito cosa vuol dire fare gruppo ed essere amiche dentro e fuori dal campo. Un mix che ha premiato la compagine del presidente Luigi Della Lucia battendo la Pro Olympo per 3 a 1. Finalmente arriva una coppa ad Agordo, un trofeo che mancava da anni nel capoluogo di vallata.<\/p>\n<p><strong>ALESSIA FILAFERRO, GIOCATRICE DEL VOLLEY CLUB AGORDINO<\/strong><\/p>\n<audio class=\"wp-audio-shortcode\" id=\"audio-109181-9\" preload=\"none\" style=\"width: 100%;\" controls=\"controls\"><source type=\"audio\/mpeg\" src=\"https:\/\/www.radiopiu.net\/wordpress\/wp-content\/uploads\/2019\/12\/ALESSIA-POST-VITTORIA.mp3?_=9\" \/><a href=\"https:\/\/www.radiopiu.net\/wordpress\/wp-content\/uploads\/2019\/12\/ALESSIA-POST-VITTORIA.mp3\">https:\/\/www.radiopiu.net\/wordpress\/wp-content\/uploads\/2019\/12\/ALESSIA-POST-VITTORIA.mp3<\/a><\/audio>\n<p><strong>LA FOTOGALLERY<\/strong><\/p>\n\n\t\t\t<style type='text\/css'>\n\t\t\t\t#gallery-2 {\n\t\t\t\t\tmargin: auto;\n\t\t\t\t}\n\t\t\t\t#gallery-2 .gallery-item {\n\t\t\t\t\tfloat: left;\n\t\t\t\t\tmargin-top: 10px;\n\t\t\t\t\ttext-align: center;\n\t\t\t\t\twidth: 33%;\n\t\t\t\t}\n\t\t\t\t#gallery-2 img {\n\t\t\t\t\tborder: 2px solid #cfcfcf;\n\t\t\t\t}\n\t\t\t\t#gallery-2 .gallery-caption {\n\t\t\t\t\tmargin-left: 0;\n\t\t\t\t}\n\t\t\t\t\/* see gallery_shortcode() in wp-includes\/media.php *\/\n\t\t\t<\/style>\n\t\t<div id='gallery-2' class='dt-gallery-container gallery galleryid-109181 gallery-columns-3 gallery-size-medium'><dl class='gallery-item'>\n\t\t\t\t<dt class='gallery-icon portrait'>\n\t\t\t\t\t<a class=\"rollover\" href='https:\/\/www.radiopiu.net\/wordpress\/volley-club-agordino-il-girono-dopo-la-vittoria-in-coppa\/volley-festeggiamenti-4\/'><img loading=\"lazy\" decoding=\"async\" width=\"225\" height=\"300\" src=\"https:\/\/www.radiopiu.net\/wordpress\/wp-content\/uploads\/2019\/12\/VOLLEY-FESTEGGIAMENTI-4-225x300.jpeg\" class=\"attachment-medium size-medium\" alt=\"\" srcset=\"https:\/\/www.radiopiu.net\/wordpress\/wp-content\/uploads\/2019\/12\/VOLLEY-FESTEGGIAMENTI-4-225x300.jpeg 225w, https:\/\/www.radiopiu.net\/wordpress\/wp-content\/uploads\/2019\/12\/VOLLEY-FESTEGGIAMENTI-4-768x1024.jpeg 768w, https:\/\/www.radiopiu.net\/wordpress\/wp-content\/uploads\/2019\/12\/VOLLEY-FESTEGGIAMENTI-4-1152x1536.jpeg 1152w, https:\/\/www.radiopiu.net\/wordpress\/wp-content\/uploads\/2019\/12\/VOLLEY-FESTEGGIAMENTI-4.jpeg 1200w\" sizes=\"auto, (max-width: 225px) 100vw, 225px\" \/><\/a>\n\t\t\t\t<\/dt><\/dl><dl class='gallery-item'>\n\t\t\t\t<dt class='gallery-icon portrait'>\n\t\t\t\t\t<a class=\"rollover\" href='https:\/\/www.radiopiu.net\/wordpress\/volley-club-agordino-il-girono-dopo-la-vittoria-in-coppa\/volley-festeggiamenti-2\/'><img loading=\"lazy\" decoding=\"async\" width=\"131\" height=\"300\" src=\"https:\/\/www.radiopiu.net\/wordpress\/wp-content\/uploads\/2019\/12\/VOLLEY-FESTEGGIAMENTI-2-131x300.jpeg\" class=\"attachment-medium size-medium\" alt=\"\" srcset=\"https:\/\/www.radiopiu.net\/wordpress\/wp-content\/uploads\/2019\/12\/VOLLEY-FESTEGGIAMENTI-2-131x300.jpeg 131w, https:\/\/www.radiopiu.net\/wordpress\/wp-content\/uploads\/2019\/12\/VOLLEY-FESTEGGIAMENTI-2-446x1024.jpeg 446w, https:\/\/www.radiopiu.net\/wordpress\/wp-content\/uploads\/2019\/12\/VOLLEY-FESTEGGIAMENTI-2-669x1536.jpeg 669w, https:\/\/www.radiopiu.net\/wordpress\/wp-content\/uploads\/2019\/12\/VOLLEY-FESTEGGIAMENTI-2.jpeg 697w\" sizes=\"auto, (max-width: 131px) 100vw, 131px\" \/><\/a>\n\t\t\t\t<\/dt><\/dl><dl class='gallery-item'>\n\t\t\t\t<dt class='gallery-icon portrait'>\n\t\t\t\t\t<a class=\"rollover\" href='https:\/\/www.radiopiu.net\/wordpress\/volley-club-agordino-il-girono-dopo-la-vittoria-in-coppa\/volley-festeggiamenti-6\/'><img loading=\"lazy\" decoding=\"async\" width=\"225\" height=\"300\" src=\"https:\/\/www.radiopiu.net\/wordpress\/wp-content\/uploads\/2019\/12\/VOLLEY-FESTEGGIAMENTI-6-225x300.jpeg\" class=\"attachment-medium size-medium\" alt=\"\" srcset=\"https:\/\/www.radiopiu.net\/wordpress\/wp-content\/uploads\/2019\/12\/VOLLEY-FESTEGGIAMENTI-6-225x300.jpeg 225w, https:\/\/www.radiopiu.net\/wordpress\/wp-content\/uploads\/2019\/12\/VOLLEY-FESTEGGIAMENTI-6-768x1024.jpeg 768w, https:\/\/www.radiopiu.net\/wordpress\/wp-content\/uploads\/2019\/12\/VOLLEY-FESTEGGIAMENTI-6-1152x1536.jpeg 1152w, https:\/\/www.radiopiu.net\/wordpress\/wp-content\/uploads\/2019\/12\/VOLLEY-FESTEGGIAMENTI-6.jpeg 1200w\" sizes=\"auto, (max-width: 225px) 100vw, 225px\" \/><\/a>\n\t\t\t\t<\/dt><\/dl><br style=\"clear: both\" \/><dl class='gallery-item'>\n\t\t\t\t<dt class='gallery-icon landscape'>\n\t\t\t\t\t<a class=\"rollover\" href='https:\/\/www.radiopiu.net\/wordpress\/volley-club-agordino-il-girono-dopo-la-vittoria-in-coppa\/volley-festeggiamenti-1\/'><img loading=\"lazy\" decoding=\"async\" width=\"300\" height=\"225\" src=\"https:\/\/www.radiopiu.net\/wordpress\/wp-content\/uploads\/2019\/12\/VOLLEY-FESTEGGIAMENTI-1-300x225.jpeg\" class=\"attachment-medium size-medium\" alt=\"\" srcset=\"https:\/\/www.radiopiu.net\/wordpress\/wp-content\/uploads\/2019\/12\/VOLLEY-FESTEGGIAMENTI-1-300x225.jpeg 300w, https:\/\/www.radiopiu.net\/wordpress\/wp-content\/uploads\/2019\/12\/VOLLEY-FESTEGGIAMENTI-1-1024x768.jpeg 1024w, https:\/\/www.radiopiu.net\/wordpress\/wp-content\/uploads\/2019\/12\/VOLLEY-FESTEGGIAMENTI-1-768x576.jpeg 768w, https:\/\/www.radiopiu.net\/wordpress\/wp-content\/uploads\/2019\/12\/VOLLEY-FESTEGGIAMENTI-1-1536x1152.jpeg 1536w, https:\/\/www.radiopiu.net\/wordpress\/wp-content\/uploads\/2019\/12\/VOLLEY-FESTEGGIAMENTI-1.jpeg 1600w\" sizes=\"auto, (max-width: 300px) 100vw, 300px\" \/><\/a>\n\t\t\t\t<\/dt><\/dl><dl class='gallery-item'>\n\t\t\t\t<dt class='gallery-icon landscape'>\n\t\t\t\t\t<a class=\"rollover\" href='https:\/\/www.radiopiu.net\/wordpress\/volley-club-agordino-il-girono-dopo-la-vittoria-in-coppa\/volley-festeggiamenti-5\/'><img loading=\"lazy\" decoding=\"async\" width=\"300\" height=\"225\" src=\"https:\/\/www.radiopiu.net\/wordpress\/wp-content\/uploads\/2019\/12\/VOLLEY-FESTEGGIAMENTI-5-300x225.jpeg\" class=\"attachment-medium size-medium\" alt=\"\" srcset=\"https:\/\/www.radiopiu.net\/wordpress\/wp-content\/uploads\/2019\/12\/VOLLEY-FESTEGGIAMENTI-5-300x225.jpeg 300w, https:\/\/www.radiopiu.net\/wordpress\/wp-content\/uploads\/2019\/12\/VOLLEY-FESTEGGIAMENTI-5-1024x768.jpeg 1024w, https:\/\/www.radiopiu.net\/wordpress\/wp-content\/uploads\/2019\/12\/VOLLEY-FESTEGGIAMENTI-5-768x576.jpeg 768w, https:\/\/www.radiopiu.net\/wordpress\/wp-content\/uploads\/2019\/12\/VOLLEY-FESTEGGIAMENTI-5-1536x1152.jpeg 1536w, https:\/\/www.radiopiu.net\/wordpress\/wp-content\/uploads\/2019\/12\/VOLLEY-FESTEGGIAMENTI-5.jpeg 1600w\" sizes=\"auto, (max-width: 300px) 100vw, 300px\" \/><\/a>\n\t\t\t\t<\/dt><\/dl>\n\t\t\t\t<br style='clear: both' \/>\n\t\t\t<\/div>\n\n<p>&nbsp;<\/p>\n<p>&nbsp;<\/p>\n<p>&nbsp;<\/p>\n<h2>TERMINATA LA PRIMA FASE DEL TORNEO DEGLI ANGELI<\/h2>\n<p><a class=\"dt-pswp-item\" href=\"https:\/\/www.radiopiu.net\/wordpress\/wp-content\/uploads\/2019\/12\/TORNEO-ANGELI-2019.jpeg\" data-dt-img-description=\"\" data-large_image_width=\"696\" data-large_image_height=\"416\"><img loading=\"lazy\" decoding=\"async\" class=\"size-medium wp-image-108343 alignleft\" src=\"https:\/\/www.radiopiu.net\/wordpress\/wp-content\/uploads\/2019\/12\/TORNEO-ANGELI-2019-300x179.jpeg\" alt=\"\" width=\"300\" height=\"179\" srcset=\"https:\/\/www.radiopiu.net\/wordpress\/wp-content\/uploads\/2019\/12\/TORNEO-ANGELI-2019-300x179.jpeg 300w, https:\/\/www.radiopiu.net\/wordpress\/wp-content\/uploads\/2019\/12\/TORNEO-ANGELI-2019.jpeg 696w\" sizes=\"auto, (max-width: 300px) 100vw, 300px\" \/><\/a>Nella giornata di domenica si sono giocate le partite della seconda giornata del \u201cTorneo Degli Angeli, il torneo di calcio a 5 organizzato da l&#8217;U.S. Le Ville arrivato alla 14\u00b0 edizione. Conclusa la fase eliminatoria, a partire da domenica prossima si inizia a fare sul serio con le partite dei quarti di finale. Dai 3 gironi di qualificazione sono uscite le 8 squadre che si contenderanno il titolo 2019.<\/p>\n<p><strong>I RISULTATI DELLA SECONDA GIORNATA<\/strong><\/p>\n<p>Zum Brillenbar \u2013 Break Time 2-5, Voltago \u2013 Le Ville 3-6, Kosova \u2013 The Good Fellas 7-4, Repubblica Cioka \u2013 Scarsenal 9-3, Voltago \u2013 Vem Alimentari 8-6, Extra \u2013 The Good Fellas 16-4, Repubblica Cioka \u2013 Le Ville 9-8 dcr, Nuove Leve \u2013 Roe 5-7 dcr, Extra \u2013 Bar Ristorante Da Carla 6-2, Vem Alimentari \u2013 Scarsenal 3-4, Zum Brillenbar \u2013 Roe 5-0 (a tavolino)<\/p>\n<p><strong>LE CLASSIFICHE DOPO LA FASE ELIMINATORIE <\/strong>GIRONE 1 Repubblica Cioka 11, Le Ville 10, Voltago 6, Scarsenal 3, Vem Alimentari 0 GIRONE 2 Kosova 9, Extra 6, The Good Fellas 3, Bar Ristorante Da Carla 0 GIRONE 3 Nuove Leve 7, Break Time 6, Zum Brillenbar 3, Roe 2 <strong>GLI ACCOPPIAMENTI DEI QUARTI DI FINALE <\/strong>Kosova \u2013 Zum Brillenbar, Repubblica Cioka \u2013 Voltago, Nuove Leve \u2013 Break Time, Le Ville \u2013 Extra<\/p>\n<p>&nbsp;<\/p>\n<p>&nbsp;<\/p>\n<p>&nbsp;<\/p>\n<h3>ESORDIENTI ONDABLU A PREGANZIOL<\/h3>\n<p><strong>BELLUNO<\/strong> Tre medaglie conquistate. Nella staffetta 4&#215;50 stile della categoria esordienti B, con Leonardo Colla, Davide Boccuzzi, Giuseppe Sampieri e Matthias De Boni il bronzo. Sempre nella categoria dei pi\u00f9 giovani a sfiorare il podio \u00e8 Sara Vettorel\u00a0 quarta nei 50 dorso. Ad agguantare le medaglie Filippo Monastier\u00a0 secondo nei 100 dorso e Alexandra Manai\u00a0 terza nei 200 rana. Sempre Monastier sfiora il fodio con un bel quarto posto nei 50 stile. Soddisfatta l&#8217;allenatrice che accompagnava la squadra, Fiorella Da Canal, che ha visto migliorare tutti, comportandosi bene sia tecnicamente che sul piano vasca. Ecco il resto della squadra: Dawit Castellucci, Pietro Cecchet, Margherita Marin, Mabel Argenta, Alessio Barbaresi, Davide Dal Pan, Jacopo Marin, Davide Tormen, Mathias D&#8217;inca, Agnese Paludetto, Elena Vettorel, Giulia Stach e Oledsandra kolodchak.<\/p>\n<p><a class=\"dt-pswp-item\" href=\"https:\/\/www.radiopiu.net\/wordpress\/wp-content\/uploads\/2019\/12\/filippo-monastier-1.jpg\" data-dt-img-description=\"\" data-large_image_width=\"1200\" data-large_image_height=\"1600\"><img loading=\"lazy\" decoding=\"async\" class=\"alignnone wp-image-109206\" src=\"https:\/\/www.radiopiu.net\/wordpress\/wp-content\/uploads\/2019\/12\/filippo-monastier-1-225x300.jpg\" alt=\"\" width=\"162\" height=\"215\" srcset=\"https:\/\/www.radiopiu.net\/wordpress\/wp-content\/uploads\/2019\/12\/filippo-monastier-1-225x300.jpg 225w, https:\/\/www.radiopiu.net\/wordpress\/wp-content\/uploads\/2019\/12\/filippo-monastier-1-768x1024.jpg 768w, https:\/\/www.radiopiu.net\/wordpress\/wp-content\/uploads\/2019\/12\/filippo-monastier-1-1152x1536.jpg 1152w, https:\/\/www.radiopiu.net\/wordpress\/wp-content\/uploads\/2019\/12\/filippo-monastier-1.jpg 1200w\" sizes=\"auto, (max-width: 162px) 100vw, 162px\" \/><\/a><a class=\"dt-pswp-item\" href=\"https:\/\/www.radiopiu.net\/wordpress\/wp-content\/uploads\/2019\/12\/alexandra-manai.jpg\" data-dt-img-description=\"\" data-large_image_width=\"1600\" data-large_image_height=\"1200\"><img loading=\"lazy\" decoding=\"async\" class=\"alignnone wp-image-109207\" src=\"https:\/\/www.radiopiu.net\/wordpress\/wp-content\/uploads\/2019\/12\/alexandra-manai-300x225.jpg\" alt=\"\" width=\"289\" height=\"217\" srcset=\"https:\/\/www.radiopiu.net\/wordpress\/wp-content\/uploads\/2019\/12\/alexandra-manai-300x225.jpg 300w, https:\/\/www.radiopiu.net\/wordpress\/wp-content\/uploads\/2019\/12\/alexandra-manai-1024x768.jpg 1024w, https:\/\/www.radiopiu.net\/wordpress\/wp-content\/uploads\/2019\/12\/alexandra-manai-768x576.jpg 768w, https:\/\/www.radiopiu.net\/wordpress\/wp-content\/uploads\/2019\/12\/alexandra-manai-1536x1152.jpg 1536w, https:\/\/www.radiopiu.net\/wordpress\/wp-content\/uploads\/2019\/12\/alexandra-manai.jpg 1600w\" sizes=\"auto, (max-width: 289px) 100vw, 289px\" \/><\/a><\/p>\n<p>&nbsp;<\/p>\n<p>&nbsp;<\/p>\n<h3><a class=\"dt-pswp-item\" href=\"http:\/\/www.radiopiu.net\/wordpress\/wp-content\/uploads\/2018\/09\/WhatsApp-Image-2018-09-20-at-16.04.06.jpeg\" data-dt-img-description=\"\" data-large_image_width=\"800\" data-large_image_height=\"100\"><img loading=\"lazy\" decoding=\"async\" class=\"wp-image-61378 size-full aligncenter\" src=\"http:\/\/www.radiopiu.net\/wordpress\/wp-content\/uploads\/2018\/09\/WhatsApp-Image-2018-09-20-at-16.04.06.jpeg\" alt=\"\" width=\"800\" height=\"100\" srcset=\"https:\/\/www.radiopiu.net\/wordpress\/wp-content\/uploads\/2018\/09\/WhatsApp-Image-2018-09-20-at-16.04.06.jpeg 800w, https:\/\/www.radiopiu.net\/wordpress\/wp-content\/uploads\/2018\/09\/WhatsApp-Image-2018-09-20-at-16.04.06-300x38.jpeg 300w, https:\/\/www.radiopiu.net\/wordpress\/wp-content\/uploads\/2018\/09\/WhatsApp-Image-2018-09-20-at-16.04.06-768x96.jpeg 768w\" sizes=\"auto, (max-width: 800px) 100vw, 800px\" \/><\/a><\/h3>\n<p>&nbsp;<\/p>\n<p><center><b>Martedi 10<\/b><\/center><b>Tempo atteso: <\/b>Tempo soleggiato con cielo sereno, aria tersa ed ottima visibilit\u00e0. Favonio nelle valli, specie quelle esposte ai venti da Nord, e clima di stampo invernale in quota con effetto wind chill per venti forti o molto forti da nord tra la notte e il primo mattino.<br \/>\n<b>Precipitazioni: <\/b>Assenti (0%).<br \/>\n<b>Temperature: <\/b>Nelle valli in aumento le minime nei settori interessati dal Foehn, in calo le massime, con punte di 6\/8\u00b0C nei fondovalle prealpini e di 2\/3\u00b0C a 1000\/1200 m, anche pi\u00f9 basse nelle valli in ombra; in quota minime in generale calo, pi\u00f9 sensibile per le minime. Su Prealpi a 1500 m min -3\u00b0C max -1\u00b0C, a 2000 m min -7\u00b0C max -2\u00b0C. Su Dolomiti a 2000 m min -8\u00b0C max -3\u00b0C, a 3000 m min -14\u00b0C max -8\u00b0C.<br \/>\n<b>Venti: <\/b>Nelle valli deboli\/moderati, con rinforzi per raffiche di Foehn, in attenuazione al pomeriggio; in quota e sulle dorsali prealpine forti o molto forti settentrionali di notte, in netta attenuazione al pomeriggio\/sera disponendosi da nord-est, a 15-50 km\/h a 2000 m, 25-80 km\/h a 3000 m.<\/p>\n<hr \/>\n<p><center><b>Mercoledi 11<\/b><\/center><b>Tempo atteso: <\/b>Tempo inizialmente ben soleggiato, con cielo sereno al mattino e graduale aumento della nuvolosit\u00e0 stratiforme al pomeriggio e soprattutto alla sera, quando potr\u00e0 verificarsi qualche debolissima precipitazione a partire da ovest. Clima meno freddo in quota ed inversione termica nelle valli Clima diurno mite in quota, con inversione termica nelle valli, dove si avranno diffuse gelate mattutine. Venti moderati in rotazione a sud-ovest in quota.<br \/>\n<b>Precipitazioni: <\/b>In giornata assenti (0%), alla sera prime debolissime precipitazioni a partire da ovest (20\/30%), nevose oltre gli 800\/1000 m, localmente anche fino in alcuni fondovalle per isotermia verticale.<br \/>\n<b>Temperature: <\/b>Repentino rialzo termico in quota, specie in giornata, e marcata inversione termica nelle valli, con minime in calo e massime pressoch\u00e9 stazionarie, specie nelle valli in ombra. Su Prealpi a 1500 m min -1\u00b0C max 4\u00b0C, a 2000 m min -2\u00b0C max 4\u00b0C. Su Dolomiti a 2000 m min -3\u00b0C max 3\u00b0C, a 3000 m min -7\u00b0C max -1\u00b0C.<br \/>\n<b>Venti: <\/b>Nelle valli deboli di direzione variabile, a tratti e localmente moderati nei settori prealpini interessati da rinforzi notturni per brezze di monte; in quota deboli\/moderati da nord-est al primo mattino, disponendosi da sud-ovest al pomeriggio, in rinforzo fino a moderati\/tesi, a 5-15 km\/h a 2000 m, 10-30 km\/h a 3000 m.<\/p>\n<hr \/>\n<p><center><b>Giovedi 12<\/b><\/center>Breve episodio notturno di leggero maltempo di stampo invernale sulla montagna veneta, con cielo coperto e deboli fenomeni sulle Dolomiti, debolissimi e sparsi sulle Prealpi, nevosi fino nei fondovalle. Schiarite pomeridiane, prima di un nuovo aumento della copertura nuvolosa alla sera. Generale calo termico. In quota venti tesi da Nord in attenuazione al mattino, in rotazione da sud-ovest con graduale rinforzo fino a forti alla sera, deboli di direzione variabile nelle valli. Previsore: R.L.Th.<\/p>\n<hr \/>\n<p><center><b>Venerdi 13<\/b><\/center>Ripetizione della situazione di gioved\u00ec con breve episodio nevoso durante la notte e parte del mattino, seguito da parziale miglioramento del tempo in giornata, con rasserenamenti a partire da nord. Ulteriore calo termico nei bassi strati. Venti forti da sud-ovest, disponendosi da nord-ovest al pomeriggio, attenuandosi. Previsore: R.L.Th<\/p>\n","protected":false},"excerpt":{"rendered":"<p>&nbsp; &nbsp; REGIONALE 563 SALESEI LOCALITA&#8217; PIAN, FINO\u00a0 AL 20 DICEMBRE INTERDIZIONE TOTALE AL TRAFFICO DALLE 8 ALLE 17 PER TAGLIO ALBERI (esclusi giorni festivi e prefestivi) &nbsp; A SAN TOMASO AGORDINO nelle LOCALITA&#8217; PECOL E PIAIA, l&#8217;acqua erogata dall&#8217;acquedotto \u00e8 di nuovo potabile &nbsp; &nbsp; &nbsp; &nbsp; &nbsp; &nbsp; &nbsp; TUTTI INSIEME PER TOMMASO&hellip;<\/p>\n","protected":false},"author":1,"featured_media":109240,"comment_status":"closed","ping_status":"closed","sticky":false,"template":"","format":"standard","meta":{"_monsterinsights_skip_tracking":false,"_monsterinsights_sitenote_active":false,"_monsterinsights_sitenote_note":"","_monsterinsights_sitenote_category":0,"footnotes":""},"categories":[86],"tags":[],"class_list":["post-109181","post","type-post","status-publish","format-standard","has-post-thumbnail","hentry","category-gr","category-86","description-off"],"img_url":"https:\/\/www.radiopiu.net\/wordpress\/wp-content\/uploads\/2019\/12\/VOLLEY-FESTEGGIAMENTI-5.jpeg","_links":{"self":[{"href":"https:\/\/www.radiopiu.net\/wordpress\/wp-json\/wp\/v2\/posts\/109181","targetHints":{"allow":["GET"]}}],"collection":[{"href":"https:\/\/www.radiopiu.net\/wordpress\/wp-json\/wp\/v2\/posts"}],"about":[{"href":"https:\/\/www.radiopiu.net\/wordpress\/wp-json\/wp\/v2\/types\/post"}],"author":[{"embeddable":true,"href":"https:\/\/www.radiopiu.net\/wordpress\/wp-json\/wp\/v2\/users\/1"}],"replies":[{"embeddable":true,"href":"https:\/\/www.radiopiu.net\/wordpress\/wp-json\/wp\/v2\/comments?post=109181"}],"version-history":[{"count":0,"href":"https:\/\/www.radiopiu.net\/wordpress\/wp-json\/wp\/v2\/posts\/109181\/revisions"}],"wp:featuredmedia":[{"embeddable":true,"href":"https:\/\/www.radiopiu.net\/wordpress\/wp-json\/wp\/v2\/media\/109240"}],"wp:attachment":[{"href":"https:\/\/www.radiopiu.net\/wordpress\/wp-json\/wp\/v2\/media?parent=109181"}],"wp:term":[{"taxonomy":"category","embeddable":true,"href":"https:\/\/www.radiopiu.net\/wordpress\/wp-json\/wp\/v2\/categories?post=109181"},{"taxonomy":"post_tag","embeddable":true,"href":"https:\/\/www.radiopiu.net\/wordpress\/wp-json\/wp\/v2\/tags?post=109181"}],"curies":[{"name":"wp","href":"https:\/\/api.w.org\/{rel}","templated":true}]}}