{"id":109222,"date":"2019-12-10T05:24:06","date_gmt":"2019-12-10T04:24:06","guid":{"rendered":"https:\/\/www.radiopiu.net\/wordpress\/?p=109222"},"modified":"2019-12-10T05:50:38","modified_gmt":"2019-12-10T04:50:38","slug":"lalleghe-hockey-premiato-a-belluno","status":"publish","type":"post","link":"https:\/\/www.radiopiu.net\/wordpress\/lalleghe-hockey-premiato-a-belluno\/","title":{"rendered":"L&#8217;ALLEGHE HOCKEY PREMIATO A BELLUNO"},"content":{"rendered":"<p><a class=\"dt-pswp-item\" href=\"https:\/\/www.radiopiu.net\/wordpress\/wp-content\/uploads\/2019\/12\/PREMIO-ALLEGHE.jpeg\" data-dt-img-description=\"\" data-large_image_width=\"1024\" data-large_image_height=\"575\"><img loading=\"lazy\" decoding=\"async\" class=\"size-medium wp-image-109223 alignright\" src=\"https:\/\/www.radiopiu.net\/wordpress\/wp-content\/uploads\/2019\/12\/PREMIO-ALLEGHE-300x168.jpeg\" alt=\"\" width=\"300\" height=\"168\" srcset=\"https:\/\/www.radiopiu.net\/wordpress\/wp-content\/uploads\/2019\/12\/PREMIO-ALLEGHE-300x168.jpeg 300w, https:\/\/www.radiopiu.net\/wordpress\/wp-content\/uploads\/2019\/12\/PREMIO-ALLEGHE-768x431.jpeg 768w, https:\/\/www.radiopiu.net\/wordpress\/wp-content\/uploads\/2019\/12\/PREMIO-ALLEGHE.jpeg 1024w\" sizes=\"auto, (max-width: 300px) 100vw, 300px\" \/><\/a>Il 29 novembre scorso, nella sala Zanardelli della prefettura di Belluno, si \u00e8 svolta la festa dello sport dove sono state premiate alcune societ\u00e0 sportive bellunesi. Tra queste anche l&#8217;Alleghe Hockey a cui \u00e8 stato consegnato il Premio Gruppo Giovani Imprenditori Confindustria Belluno Dolomiti. Le motivazioni: Per l&#8217;attivit\u00e0 svolta negli anni a favore dei giovani e per la promozione di questo sport a livello provinciale e nazionale. A ritirare il premio Adriano Levis e Patrick De Silvestro, dirigenti dell&#8217;Alleghe Hockey.<\/p>\n<p><a class=\"dt-pswp-item\" href=\"https:\/\/www.radiopiu.net\/wordpress\/wp-content\/uploads\/2019\/12\/PREMIO-ALLEGHE-LEVIS.jpeg\" data-dt-img-description=\"\" data-large_image_width=\"1600\" data-large_image_height=\"1200\"><img loading=\"lazy\" decoding=\"async\" class=\"alignnone size-medium wp-image-109224\" src=\"https:\/\/www.radiopiu.net\/wordpress\/wp-content\/uploads\/2019\/12\/PREMIO-ALLEGHE-LEVIS-300x225.jpeg\" alt=\"\" width=\"300\" height=\"225\" srcset=\"https:\/\/www.radiopiu.net\/wordpress\/wp-content\/uploads\/2019\/12\/PREMIO-ALLEGHE-LEVIS-300x225.jpeg 300w, https:\/\/www.radiopiu.net\/wordpress\/wp-content\/uploads\/2019\/12\/PREMIO-ALLEGHE-LEVIS-1024x768.jpeg 1024w, https:\/\/www.radiopiu.net\/wordpress\/wp-content\/uploads\/2019\/12\/PREMIO-ALLEGHE-LEVIS-768x576.jpeg 768w, https:\/\/www.radiopiu.net\/wordpress\/wp-content\/uploads\/2019\/12\/PREMIO-ALLEGHE-LEVIS-1536x1152.jpeg 1536w, https:\/\/www.radiopiu.net\/wordpress\/wp-content\/uploads\/2019\/12\/PREMIO-ALLEGHE-LEVIS.jpeg 1600w\" sizes=\"auto, (max-width: 300px) 100vw, 300px\" \/><\/a><\/p>\n","protected":false},"excerpt":{"rendered":"<p>Il 29 novembre scorso, nella sala Zanardelli della prefettura di Belluno, si \u00e8 svolta la festa dello sport dove sono state premiate alcune societ\u00e0 sportive bellunesi. Tra queste anche l&#8217;Alleghe Hockey a cui \u00e8 stato consegnato il Premio Gruppo Giovani Imprenditori Confindustria Belluno Dolomiti. Le motivazioni: Per l&#8217;attivit\u00e0 svolta negli anni a favore dei giovani&hellip;<\/p>\n","protected":false},"author":4,"featured_media":109223,"comment_status":"closed","ping_status":"closed","sticky":false,"template":"","format":"standard","meta":{"_monsterinsights_skip_tracking":false,"_monsterinsights_sitenote_active":false,"_monsterinsights_sitenote_note":"","_monsterinsights_sitenote_category":0,"footnotes":""},"categories":[49,72],"tags":[],"class_list":["post-109222","post","type-post","status-publish","format-standard","has-post-thumbnail","hentry","category-news-18","category-sport","category-49","category-72","description-off"],"img_url":"https:\/\/www.radiopiu.net\/wordpress\/wp-content\/uploads\/2019\/12\/PREMIO-ALLEGHE.jpeg","_links":{"self":[{"href":"https:\/\/www.radiopiu.net\/wordpress\/wp-json\/wp\/v2\/posts\/109222","targetHints":{"allow":["GET"]}}],"collection":[{"href":"https:\/\/www.radiopiu.net\/wordpress\/wp-json\/wp\/v2\/posts"}],"about":[{"href":"https:\/\/www.radiopiu.net\/wordpress\/wp-json\/wp\/v2\/types\/post"}],"author":[{"embeddable":true,"href":"https:\/\/www.radiopiu.net\/wordpress\/wp-json\/wp\/v2\/users\/4"}],"replies":[{"embeddable":true,"href":"https:\/\/www.radiopiu.net\/wordpress\/wp-json\/wp\/v2\/comments?post=109222"}],"version-history":[{"count":0,"href":"https:\/\/www.radiopiu.net\/wordpress\/wp-json\/wp\/v2\/posts\/109222\/revisions"}],"wp:featuredmedia":[{"embeddable":true,"href":"https:\/\/www.radiopiu.net\/wordpress\/wp-json\/wp\/v2\/media\/109223"}],"wp:attachment":[{"href":"https:\/\/www.radiopiu.net\/wordpress\/wp-json\/wp\/v2\/media?parent=109222"}],"wp:term":[{"taxonomy":"category","embeddable":true,"href":"https:\/\/www.radiopiu.net\/wordpress\/wp-json\/wp\/v2\/categories?post=109222"},{"taxonomy":"post_tag","embeddable":true,"href":"https:\/\/www.radiopiu.net\/wordpress\/wp-json\/wp\/v2\/tags?post=109222"}],"curies":[{"name":"wp","href":"https:\/\/api.w.org\/{rel}","templated":true}]}}