{"id":109229,"date":"2019-12-10T05:30:34","date_gmt":"2019-12-10T04:30:34","guid":{"rendered":"https:\/\/www.radiopiu.net\/wordpress\/?p=109229"},"modified":"2019-12-10T05:44:49","modified_gmt":"2019-12-10T04:44:49","slug":"con-emily-la-nostra-storia-natalizia","status":"publish","type":"post","link":"https:\/\/www.radiopiu.net\/wordpress\/con-emily-la-nostra-storia-natalizia\/","title":{"rendered":"CON EMILY LA NOSTRA STORIA NATALIZIA."},"content":{"rendered":"<p><strong>AGORDO<\/strong> Emily \u00e8 una bambina sorridente, umile e un po&#8217; timida ma con due occhioni furbi e pieni di emozione quando gli ricordiamo che \u00e8 diventata &#8220;famosa&#8221; perch\u00e9 esempio di grande altruismo in un mondo sempre pi\u00f9 opportunista. Dopo le immagini viste in televisione del terremoto in Albania ha preso carta e matite e ha messo gi\u00f9 la sua letterina, i disegni di sua fantasia con accanto 5 euro. &#8220;Mamma inviamola ai terremotati dell&#8217;Albania&#8221;, e mamma Veronica con pap\u00e0 Nicola hanno pensato di mandarla in Provincia. La notizia ha subito fatto il giro dei media nazionali e internazionali. Ieri siamo stati a casa di Emily che ci ha accolto con un sorriso da aprire il cuore, con lei, Ginevra e mamma Veronica abbiamo ripercorso quel pomeriggio ed \u00e8 diventata la nostra storia di Natale<\/p>\n<p><strong>di Mirko Mezzacasa<\/strong><\/p>\n<p><iframe loading=\"lazy\" title=\"EMILY\" width=\"1200\" height=\"675\" src=\"https:\/\/www.youtube.com\/embed\/LwIrT8ptatw?start=20&#038;feature=oembed\" frameborder=\"0\" allow=\"accelerometer; autoplay; encrypted-media; gyroscope; picture-in-picture\" allowfullscreen><\/iframe><\/p>\n<blockquote><p>&nbsp;<\/p>\n<p>&nbsp;<\/p>\n<p><em>&#8220;Non ci posso credere che il gesto cosi piccolo della mua bambina poteva suscitare tutta questa emozione&#8221;\u00a0<\/em><\/p>\n<p>dalla stampa internazionale www.dailyxing.com\u00a0 <a href=\"https:\/\/www.dailyxing.com\/news\/31433\/the-letter-of-the-italian-little-girl-tears-them-all-sending-5-euros-to-the-children-affected-by-the\/eng\">CLICCA QUI\u00a0<\/a><\/p><\/blockquote>\n<p>&nbsp;<\/p>\n<p>&nbsp;<\/p>\n<h2><span style=\"color: #ff0000;\">DAL GIORNALE RADIO PIU DEL 5 DICEMBRE 2019<\/span><\/h2>\n<h3>LA BAMBINA DI AGORDO IN AIUTO AI TERREMOTATI DELL&#8217;ALBANIA<\/h3>\n<blockquote><p><em>simpatica lettera recapita alla Provincia da una bambina di Agordo, che vuole aiutare i terremotati di Albania.\u00a0<\/em><\/p><\/blockquote>\n<p><a class=\"dt-pswp-item\" href=\"https:\/\/www.radiopiu.net\/wordpress\/wp-content\/uploads\/2019\/12\/images-1.jpg\" data-dt-img-description=\"\" data-large_image_width=\"303\" data-large_image_height=\"166\"><img loading=\"lazy\" decoding=\"async\" class=\" wp-image-108803 alignleft\" src=\"https:\/\/www.radiopiu.net\/wordpress\/wp-content\/uploads\/2019\/12\/images-1-300x164.jpg\" alt=\"\" width=\"238\" height=\"130\" srcset=\"https:\/\/www.radiopiu.net\/wordpress\/wp-content\/uploads\/2019\/12\/images-1-300x164.jpg 300w, https:\/\/www.radiopiu.net\/wordpress\/wp-content\/uploads\/2019\/12\/images-1.jpg 303w\" sizes=\"auto, (max-width: 238px) 100vw, 238px\" \/><\/a>Letterina con regalo, nel segno della solidariet\u00e0. L\u2019ha spedita una bambina di Agordo alla Provincia di Belluno, per farla recapitare ai volontari di Protezione Civile. Il messaggio \u00e8 fortissimo: \u00abDate una mano ai bambini dell\u2019Albania, colpiti dal terremoto\u00bb. Ed \u00e8 accompagnato da una banconota da 5 euro.<br \/>\n\u00abCara Protezione Civile di Belluno &#8211; si legge nella lettera, vergata a mano e datata Agordo 26 novembre -. Sono Emily e vi scrivo perch\u00e9 stamattina, appena mi sono svegliata, ho sentito al telegiornale la brutta notizia. Mia mamma, che stava bevendo il caff\u00e8, mi ha spiegato che nella notte, in Albania, c\u2019\u00e8 stato un fortissimo terremoto. Io ho pensato a tutti i bambini che dormivano nei loro lettini caldi, vicino alla loro mamma e al loro pap\u00e0, o con i fratellini: si saranno spaventati tantissimo. Mi dispiace tanto: non \u00e8 giusto che succedano queste cose bruttissime; spero di non sentire pi\u00f9 queste notizie al telegiornale. Dalla paura quei bambini non avranno neanche fatto colazione. Io non so l\u2019albanese, ma vorrei dire a quei bambini che voglio essere la loro amica del cuore. Non so come fare, ma vorrei che voi, della Protezione Civile, mi aiutaste a consegnare ai bambini dell\u2019Albania il mio disegno, cos\u00ec possono vedere che io ho pensato a loro e che mi dispiace tanto per quello che \u00e8 successo. Spero che possano essere di nuovo tranquilli e felici con le loro famiglie. Ciao bambini albanesi. Vi mando anche 5 euro, cos\u00ec potete fare colazione domani mattina\u00bb. La lettera \u00e8 finita sulla scrivania del presidente della Provincia. \u00abLa solidariet\u00e0 dei bellunesi \u00e8 sempre enorme e commovente &#8211; commenta Roberto Padrin -. Questa letterina \u00e8 l\u2019esempio della parte migliore del nostro territorio, la forza inesauribile della generosit\u00e0, che si muove sempre quando ce n&#8217;\u00e8 bisogno\u00bb.<br \/>\n\u00abStiamo cercando di organizzare una giornata speciale per la bambina di Agordo &#8211; aggiunge il consigliere provinciale delegato alla Protezione Civile, Massimo Bortoluzzi -. Vorremmo farle incontrare i volontari che sono sempre pronti a intervenire nelle emergenze, dimostrando la stessa solidariet\u00e0 dimostrata da Emily\u00bb.<\/p>\n<div class=\"su-document su-u-responsive-media-no\"><iframe loading=\"lazy\" src=\"\/\/docs.google.com\/viewer?embedded=true&url=https:\/\/www.radiopiu.net\/wordpress\/wp-content\/uploads\/2019\/12\/Documenti-scansionati-1.pdf\" width=\"600\" height=\"800\" class=\"su-document\" title=\"cc\"><\/iframe><\/div>\n<p>&nbsp;<\/p>\n","protected":false},"excerpt":{"rendered":"<p>AGORDO Emily \u00e8 una bambina sorridente, umile e un po&#8217; timida ma con due occhioni furbi e pieni di emozione quando gli ricordiamo che \u00e8 diventata &#8220;famosa&#8221; perch\u00e9 esempio di grande altruismo in un mondo sempre pi\u00f9 opportunista. Dopo le immagini viste in televisione del terremoto in Albania ha preso carta e matite e ha&hellip;<\/p>\n","protected":false},"author":1,"featured_media":109230,"comment_status":"closed","ping_status":"closed","sticky":false,"template":"","format":"standard","meta":{"_monsterinsights_skip_tracking":false,"_monsterinsights_sitenote_active":false,"_monsterinsights_sitenote_note":"","_monsterinsights_sitenote_category":0,"footnotes":""},"categories":[51,49],"tags":[],"class_list":["post-109229","post","type-post","status-publish","format-standard","has-post-thumbnail","hentry","category-evidenza-top","category-news-18","category-51","category-49","description-off"],"img_url":"https:\/\/www.radiopiu.net\/wordpress\/wp-content\/uploads\/2019\/12\/WhatsApp-Image-2019-12-09-at-17.10.09.jpeg","_links":{"self":[{"href":"https:\/\/www.radiopiu.net\/wordpress\/wp-json\/wp\/v2\/posts\/109229","targetHints":{"allow":["GET"]}}],"collection":[{"href":"https:\/\/www.radiopiu.net\/wordpress\/wp-json\/wp\/v2\/posts"}],"about":[{"href":"https:\/\/www.radiopiu.net\/wordpress\/wp-json\/wp\/v2\/types\/post"}],"author":[{"embeddable":true,"href":"https:\/\/www.radiopiu.net\/wordpress\/wp-json\/wp\/v2\/users\/1"}],"replies":[{"embeddable":true,"href":"https:\/\/www.radiopiu.net\/wordpress\/wp-json\/wp\/v2\/comments?post=109229"}],"version-history":[{"count":0,"href":"https:\/\/www.radiopiu.net\/wordpress\/wp-json\/wp\/v2\/posts\/109229\/revisions"}],"wp:featuredmedia":[{"embeddable":true,"href":"https:\/\/www.radiopiu.net\/wordpress\/wp-json\/wp\/v2\/media\/109230"}],"wp:attachment":[{"href":"https:\/\/www.radiopiu.net\/wordpress\/wp-json\/wp\/v2\/media?parent=109229"}],"wp:term":[{"taxonomy":"category","embeddable":true,"href":"https:\/\/www.radiopiu.net\/wordpress\/wp-json\/wp\/v2\/categories?post=109229"},{"taxonomy":"post_tag","embeddable":true,"href":"https:\/\/www.radiopiu.net\/wordpress\/wp-json\/wp\/v2\/tags?post=109229"}],"curies":[{"name":"wp","href":"https:\/\/api.w.org\/{rel}","templated":true}]}}