{"id":109311,"date":"2019-12-10T11:13:29","date_gmt":"2019-12-10T10:13:29","guid":{"rendered":"https:\/\/www.radiopiu.net\/wordpress\/?p=109311"},"modified":"2019-12-10T11:13:29","modified_gmt":"2019-12-10T10:13:29","slug":"signore-signori-lo-sci-club-val-biois-2019-2020","status":"publish","type":"post","link":"https:\/\/www.radiopiu.net\/wordpress\/signore-signori-lo-sci-club-val-biois-2019-2020\/","title":{"rendered":"SIGNORE, SIGNORI: LO SCI CLUB VAL BIOIS 2019-2020"},"content":{"rendered":"<div dir=\"ltr\"><span style=\"color: #0000ff;\"><span lang=\"zxx\"><span style=\"color: #000000;\"><span style=\"font-family: verdana, sans-serif;\"><strong><a class=\"dt-pswp-item\" href=\"https:\/\/www.radiopiu.net\/wordpress\/wp-content\/uploads\/2019\/12\/sc-val-biois-07.12.2019-presentazione-1.jpg\" data-dt-img-description=\"\" data-large_image_width=\"1500\" data-large_image_height=\"1000\"><img loading=\"lazy\" decoding=\"async\" class=\"size-medium wp-image-109313 alignleft\" src=\"https:\/\/www.radiopiu.net\/wordpress\/wp-content\/uploads\/2019\/12\/sc-val-biois-07.12.2019-presentazione-1-300x200.jpg\" alt=\"\" width=\"300\" height=\"200\" srcset=\"https:\/\/www.radiopiu.net\/wordpress\/wp-content\/uploads\/2019\/12\/sc-val-biois-07.12.2019-presentazione-1-300x200.jpg 300w, https:\/\/www.radiopiu.net\/wordpress\/wp-content\/uploads\/2019\/12\/sc-val-biois-07.12.2019-presentazione-1-1024x683.jpg 1024w, https:\/\/www.radiopiu.net\/wordpress\/wp-content\/uploads\/2019\/12\/sc-val-biois-07.12.2019-presentazione-1-768x512.jpg 768w, https:\/\/www.radiopiu.net\/wordpress\/wp-content\/uploads\/2019\/12\/sc-val-biois-07.12.2019-presentazione-1.jpg 1500w\" sizes=\"auto, (max-width: 300px) 100vw, 300px\" \/><\/a>FALCADE<\/strong> \u00c8 partita ufficialmente sabato 7 dicembre la stagione 2019-2020 dello Sci club Val Biois. Il sodalizio di Falcade (Belluno), che \u00e8 punto di riferimento da oltre 70 anni negli sport invernali dell&#8217;Agordino, si presenta al via dell&#8217;imminente inverno forte di oltre cento ragazzi, pi\u00f9 un nutrito gruppo di adulti. Il 7 dicembre, sulla piazza antistante il municipio di Falcade, nell&#8217;ambito della serata &#8220;Emozioni sotto l&#8217;albero&#8221; che ha dato il via all&#8217;inverno della Valle del Biois, alla presenza del sindaco di Falcade, Michele Costa, sono state presentate le squadre, gli allenatori, le manifestazioni che la societ\u00e0 organizzer\u00e0 nel corso dell&#8217;inverno.\u00a0 Sono quattro le discipline che lo Sci club Val Biois propone: lo sci alpino, lo sci di fondo, il biathlon e lo snowboard. Nel corso dei prossimi mesi due saranno gli appuntamenti che il sodalizio presieduto da Matteo Cagnati organizzer\u00e0, uno relativo allo sci alpino uno allo sci di fondo. Per lo sci alpino il 25 e 26 gennaio lo Sci club Val Biois organizzer\u00e0 al Passo San Pellegrino il supergigante, per tutte le circoscrizioni venete, del Grand prix Emaprice, il circuito di Fisi Veneto per le categorie Ragazzi e Allievi.<br \/>\nIl 22 e 23 febbraio, invece, appuntamento sulla pista Pietro Scola sulla piana di Falcade per il Trofeo Val Biois, evento valido per il Campionato italiano Giovani e per la Coppa Italia Seniores.\u00a0 <\/span><\/span><\/span><\/span><\/div>\n<blockquote>\n<div dir=\"ltr\"><span style=\"color: #0000ff;\"><span lang=\"zxx\"><span style=\"color: #000000;\"><span style=\"font-family: verdana, sans-serif;\"><em>\u00abTra le novit\u00e0 dell&#8217;inverno imminente abbiamo ci sono anche l&#8217;allestimento di una squadra di atleti paralimpici e l&#8217;iniziativa \u201csnow for all\u201d\u00bb spiega Cagnati. \u00abSi tratta di far provare ai bambini e ragazzi che lo vorranno tutte le discipline: fondo, snowboard, alpino, biathlon e anche pattinaggio, perch\u00e9 conoscano il mondo degli sport invernali nella sua globalit\u00e0 e sviluppino abilit\u00e0 diverse\u00bb.<\/em> <\/span><\/span><\/span><\/span><\/div>\n<\/blockquote>\n<div id=\"DAB4FAD8-2DD7-40BB-A1B8-4E2AA1F9FDF2\"><\/div>\n","protected":false},"excerpt":{"rendered":"<p>FALCADE \u00c8 partita ufficialmente sabato 7 dicembre la stagione 2019-2020 dello Sci club Val Biois. Il sodalizio di Falcade (Belluno), che \u00e8 punto di riferimento da oltre 70 anni negli sport invernali dell&#8217;Agordino, si presenta al via dell&#8217;imminente inverno forte di oltre cento ragazzi, pi\u00f9 un nutrito gruppo di adulti. Il 7 dicembre, sulla piazza&hellip;<\/p>\n","protected":false},"author":1,"featured_media":109312,"comment_status":"closed","ping_status":"closed","sticky":false,"template":"","format":"standard","meta":{"_monsterinsights_skip_tracking":false,"_monsterinsights_sitenote_active":false,"_monsterinsights_sitenote_note":"","_monsterinsights_sitenote_category":0,"footnotes":""},"categories":[49],"tags":[],"class_list":["post-109311","post","type-post","status-publish","format-standard","has-post-thumbnail","hentry","category-news-18","category-49","description-off"],"img_url":"https:\/\/www.radiopiu.net\/wordpress\/wp-content\/uploads\/2019\/12\/sc-val-biois-07.12.2019-presentazione-2.jpg","_links":{"self":[{"href":"https:\/\/www.radiopiu.net\/wordpress\/wp-json\/wp\/v2\/posts\/109311","targetHints":{"allow":["GET"]}}],"collection":[{"href":"https:\/\/www.radiopiu.net\/wordpress\/wp-json\/wp\/v2\/posts"}],"about":[{"href":"https:\/\/www.radiopiu.net\/wordpress\/wp-json\/wp\/v2\/types\/post"}],"author":[{"embeddable":true,"href":"https:\/\/www.radiopiu.net\/wordpress\/wp-json\/wp\/v2\/users\/1"}],"replies":[{"embeddable":true,"href":"https:\/\/www.radiopiu.net\/wordpress\/wp-json\/wp\/v2\/comments?post=109311"}],"version-history":[{"count":0,"href":"https:\/\/www.radiopiu.net\/wordpress\/wp-json\/wp\/v2\/posts\/109311\/revisions"}],"wp:featuredmedia":[{"embeddable":true,"href":"https:\/\/www.radiopiu.net\/wordpress\/wp-json\/wp\/v2\/media\/109312"}],"wp:attachment":[{"href":"https:\/\/www.radiopiu.net\/wordpress\/wp-json\/wp\/v2\/media?parent=109311"}],"wp:term":[{"taxonomy":"category","embeddable":true,"href":"https:\/\/www.radiopiu.net\/wordpress\/wp-json\/wp\/v2\/categories?post=109311"},{"taxonomy":"post_tag","embeddable":true,"href":"https:\/\/www.radiopiu.net\/wordpress\/wp-json\/wp\/v2\/tags?post=109311"}],"curies":[{"name":"wp","href":"https:\/\/api.w.org\/{rel}","templated":true}]}}