{"id":109442,"date":"2019-12-11T10:20:49","date_gmt":"2019-12-11T09:20:49","guid":{"rendered":"https:\/\/www.radiopiu.net\/wordpress\/?p=109442"},"modified":"2019-12-11T10:20:49","modified_gmt":"2019-12-11T09:20:49","slug":"situazione-valanghe-di-claudio-pra","status":"publish","type":"post","link":"https:\/\/www.radiopiu.net\/wordpress\/situazione-valanghe-di-claudio-pra\/","title":{"rendered":"SITUAZIONE  VALANGHE, di CLAUDIO PRA"},"content":{"rendered":"<p><a class=\"dt-pswp-item\" href=\"https:\/\/www.radiopiu.net\/wordpress\/wp-content\/uploads\/2019\/12\/248a1af9-7ba9-4c02-ba58-79dc5ba445c1.jpg\" data-dt-img-description=\"\" data-large_image_width=\"1368\" data-large_image_height=\"770\"><img loading=\"lazy\" decoding=\"async\" class=\"size-medium wp-image-109443 alignleft\" src=\"https:\/\/www.radiopiu.net\/wordpress\/wp-content\/uploads\/2019\/12\/248a1af9-7ba9-4c02-ba58-79dc5ba445c1-300x169.jpg\" alt=\"\" width=\"300\" height=\"169\" srcset=\"https:\/\/www.radiopiu.net\/wordpress\/wp-content\/uploads\/2019\/12\/248a1af9-7ba9-4c02-ba58-79dc5ba445c1-300x169.jpg 300w, https:\/\/www.radiopiu.net\/wordpress\/wp-content\/uploads\/2019\/12\/248a1af9-7ba9-4c02-ba58-79dc5ba445c1-1024x576.jpg 1024w, https:\/\/www.radiopiu.net\/wordpress\/wp-content\/uploads\/2019\/12\/248a1af9-7ba9-4c02-ba58-79dc5ba445c1-768x432.jpg 768w, https:\/\/www.radiopiu.net\/wordpress\/wp-content\/uploads\/2019\/12\/248a1af9-7ba9-4c02-ba58-79dc5ba445c1.jpg 1368w\" sizes=\"auto, (max-width: 300px) 100vw, 300px\" \/><\/a>Tanta la neve caduta in quota a novembre, che abbinata al fondo non ancora preparato e alle temperature anormalmente miti hanno innescato molte valanghe, anche di grosse dimensioni. Ora la situazione sembra di minor pericolo ma l&#8217;attenzione per scialpinisti ed escursionisti deve rimanere alta. Anni fa il momento ritenuto sicuro per spingersi sulle montagne imbiancate era tra la fine dell&#8217; inverno e la prima parte della primavera, quando il manto nevoso si assestava, rispettando determinati orari. Ai nostri giorni non si aspetta pi\u00f9, anticipando i tempi a volte con una buona dose di incoscienza. Nella foto scattata dal Corvo Alto, zona Mondev\u00e0l, una valanga di discrete dimensioni e pi\u00f9 a sx una &#8220;Bocca di balena&#8221;, ovvero una rottura per trazione del manto nevoso dovuta allo slittamento della neve pi\u00f9 accelerato a valle rispetto che a monte. Dopo essersi allargata per giorni o settimane la rottura pu\u00f2 avvenire improvvisamente, cosa avvenuta per la valanga a destra. In questo periodo il fenomeno \u00e8 molto esteso, attenzione!<\/p>\n","protected":false},"excerpt":{"rendered":"<p>Tanta la neve caduta in quota a novembre, che abbinata al fondo non ancora preparato e alle temperature anormalmente miti hanno innescato molte valanghe, anche di grosse dimensioni. Ora la situazione sembra di minor pericolo ma l&#8217;attenzione per scialpinisti ed escursionisti deve rimanere alta. Anni fa il momento ritenuto sicuro per spingersi sulle montagne imbiancate&hellip;<\/p>\n","protected":false},"author":1,"featured_media":109443,"comment_status":"closed","ping_status":"closed","sticky":false,"template":"","format":"standard","meta":{"_monsterinsights_skip_tracking":false,"_monsterinsights_sitenote_active":false,"_monsterinsights_sitenote_note":"","_monsterinsights_sitenote_category":0,"footnotes":""},"categories":[49],"tags":[],"class_list":["post-109442","post","type-post","status-publish","format-standard","has-post-thumbnail","hentry","category-news-18","category-49","description-off"],"img_url":"https:\/\/www.radiopiu.net\/wordpress\/wp-content\/uploads\/2019\/12\/248a1af9-7ba9-4c02-ba58-79dc5ba445c1.jpg","_links":{"self":[{"href":"https:\/\/www.radiopiu.net\/wordpress\/wp-json\/wp\/v2\/posts\/109442","targetHints":{"allow":["GET"]}}],"collection":[{"href":"https:\/\/www.radiopiu.net\/wordpress\/wp-json\/wp\/v2\/posts"}],"about":[{"href":"https:\/\/www.radiopiu.net\/wordpress\/wp-json\/wp\/v2\/types\/post"}],"author":[{"embeddable":true,"href":"https:\/\/www.radiopiu.net\/wordpress\/wp-json\/wp\/v2\/users\/1"}],"replies":[{"embeddable":true,"href":"https:\/\/www.radiopiu.net\/wordpress\/wp-json\/wp\/v2\/comments?post=109442"}],"version-history":[{"count":0,"href":"https:\/\/www.radiopiu.net\/wordpress\/wp-json\/wp\/v2\/posts\/109442\/revisions"}],"wp:featuredmedia":[{"embeddable":true,"href":"https:\/\/www.radiopiu.net\/wordpress\/wp-json\/wp\/v2\/media\/109443"}],"wp:attachment":[{"href":"https:\/\/www.radiopiu.net\/wordpress\/wp-json\/wp\/v2\/media?parent=109442"}],"wp:term":[{"taxonomy":"category","embeddable":true,"href":"https:\/\/www.radiopiu.net\/wordpress\/wp-json\/wp\/v2\/categories?post=109442"},{"taxonomy":"post_tag","embeddable":true,"href":"https:\/\/www.radiopiu.net\/wordpress\/wp-json\/wp\/v2\/tags?post=109442"}],"curies":[{"name":"wp","href":"https:\/\/api.w.org\/{rel}","templated":true}]}}